{"id":46958,"date":"2025-03-24T13:03:55","date_gmt":"2025-03-24T17:03:55","guid":{"rendered":"https:\/\/richeskarayib.com\/martinica-festival-internacional-de-cine-documental-de-martinica-2025-una-9a-edicion-comprometida-y-unica\/"},"modified":"2025-03-24T13:03:56","modified_gmt":"2025-03-24T17:03:56","slug":"martinica-festival-internacional-de-cine-documental-de-martinica-2025-una-9a-edicion-comprometida-y-unica","status":"publish","type":"post","link":"https:\/\/richeskarayib.com\/es\/martinica-festival-internacional-de-cine-documental-de-martinica-2025-una-9a-edicion-comprometida-y-unica\/","title":{"rendered":"Martinica &#8211; Festival Internacional de Cine Documental de Martinica 2025: Una 9\u00aa edici\u00f3n comprometida y \u00fanica"},"content":{"rendered":"\t\t<div data-elementor-type=\"wp-post\" data-elementor-id=\"46958\" class=\"elementor elementor-46958 elementor-46924\" data-elementor-post-type=\"post\">\n\t\t\t\t\t\t<section class=\"elementor-section elementor-top-section elementor-element elementor-element-9be5ad7 elementor-section-boxed elementor-section-height-default elementor-section-height-default\" data-id=\"9be5ad7\" data-element_type=\"section\">\n\t\t\t\t\t\t<div class=\"elementor-container elementor-column-gap-default\">\n\t\t\t\t\t<div class=\"elementor-column elementor-col-100 elementor-top-column elementor-element elementor-element-76aecaa\" data-id=\"76aecaa\" data-element_type=\"column\">\n\t\t\t<div class=\"elementor-widget-wrap elementor-element-populated\">\n\t\t\t\t\t\t<div class=\"elementor-element elementor-element-fc48138 elementor-widget elementor-widget-text-editor\" data-id=\"fc48138\" data-element_type=\"widget\" data-widget_type=\"text-editor.default\">\n\t\t\t\t<div class=\"elementor-widget-container\">\n\t\t\t\t\t\t\t\t\t<p>\n            <span style=\"font-weight: 400;\">El <a href=\"https:\/\/www.revoltesdelhistoire.fr\/\" target=\"_blank\" rel=\"noopener nofollow\">Festival Internacional de Cine Documental de Martinica<\/a>, tambi\u00e9n conocido como &#8220;Les R\u00e9volt\u00e9s du Monde&#8221;, vuelve en su 9\u00aa edici\u00f3n del 3 al 12 de abril de 2025. El Festival Internacional de Cine Documental, de renombre internacional, ofrece una selecci\u00f3n exclusiva de 14 pel\u00edculas in\u00e9ditas que exploran temas poderosos como las luchas sociales, la libertad, la igualdad y la justicia en todo el mundo. Es un lugar para reflexionar y concienciar sobre cuestiones sociales cruciales, al tiempo que proporciona una plataforma para cineastas y artistas comprometidos.  <\/span>\n          <\/p>\n\t\t\t\t\t\t\t\t<\/div>\n\t\t\t\t<\/div>\n\t\t\t\t\t<\/div>\n\t\t<\/div>\n\t\t\t\t\t<\/div>\n\t\t<\/section>\n\t\t\t\t<section class=\"elementor-section elementor-top-section elementor-element elementor-element-889dceb elementor-section-boxed elementor-section-height-default elementor-section-height-default\" data-id=\"889dceb\" data-element_type=\"section\">\n\t\t\t\t\t\t<div class=\"elementor-container elementor-column-gap-default\">\n\t\t\t\t\t<div class=\"elementor-column elementor-col-100 elementor-top-column elementor-element elementor-element-cb266eb\" data-id=\"cb266eb\" data-element_type=\"column\">\n\t\t\t<div class=\"elementor-widget-wrap elementor-element-populated\">\n\t\t\t\t\t\t<div class=\"elementor-element elementor-element-8edf822 elementor-widget elementor-widget-heading\" data-id=\"8edf822\" data-element_type=\"widget\" data-widget_type=\"heading.default\">\n\t\t\t\t<div class=\"elementor-widget-container\">\n\t\t\t\t\t<h2 class=\"elementor-heading-title elementor-size-default\">\nUn programa de cine comprometido<\/h2>\t\t\t\t<\/div>\n\t\t\t\t<\/div>\n\t\t\t\t<div class=\"elementor-element elementor-element-c1659b1 elementor-widget elementor-widget-text-editor\" data-id=\"c1659b1\" data-element_type=\"widget\" data-widget_type=\"text-editor.default\">\n\t\t\t\t<div class=\"elementor-widget-container\">\n\t\t\t\t\t\t\t\t\t<p><span style=\"font-weight: 400;\">14 pel\u00edculas in\u00e9ditas en el Festival de Cine Documental de <\/span><a href=\"https:\/\/antilla-martinique.com\/les-revoltes-du-monde-2025-un-festival-de-conscience-de-memoire-et-de-resistance\/\" target=\"_blank\" rel=\"noopener nofollow\"><b>Festival Internacional de Cine Documental de Martinica <\/b><\/a><span style=\"font-weight: 400;\">:<\/span><\/p>\n\t\t\t\t\t\t\t\t<\/div>\n\t\t\t\t<\/div>\n\t\t\t\t<div class=\"elementor-element elementor-element-6d1f975 elementor-widget elementor-widget-text-editor\" data-id=\"6d1f975\" data-element_type=\"widget\" data-widget_type=\"text-editor.default\">\n\t\t\t\t<div class=\"elementor-widget-container\">\n\t\t\t\t\t\t\t\t\t\n          <ul>\n            \n\n            <li style=\"font-weight: 400;\" aria-level=\"1\"><b>Los or\u00edgenes de la esclavitud<\/b><span style=\"font-weight: 400;\"> (Sonia Dauger &amp; Xavier Lefebvre) &#8211; Un an\u00e1lisis en profundidad de la historia de la esclavitud francesa.<\/span><\/li>\n            \n\n            <li style=\"font-weight: 400;\" aria-level=\"1\"><b>\u00c1frica &#8211; Punto caliente de la Guerra Fr\u00eda<\/b><span style=\"font-weight: 400;\"> (Barbara Necek) &#8211; La influencia de las potencias occidentales en \u00c1frica durante la Guerra Fr\u00eda.<\/span><\/li>\n            \n\n            <li style=\"font-weight: 400;\" aria-level=\"1\"><b>MK, el ej\u00e9rcito secreto de Mandela<\/b><span style=\"font-weight: 400;\"> (Osvalde Lewat) &#8211; El papel de los luchadores contra el apartheid en Sud\u00e1frica.<\/span><\/li>\n            \n\n            <li style=\"font-weight: 400;\" aria-level=\"1\"><b>Los internados cat\u00f3licos en la Guayana Francesa: la herida<\/b><span style=\"font-weight: 400;\"> (Fran\u00e7ois Reinhardt) &#8211; Una reflexi\u00f3n sobre la asimilaci\u00f3n forzada de los j\u00f3venes amerindios.<\/span><\/li>\n            \n\n            <li style=\"font-weight: 400;\" aria-level=\"1\"><b>Carlos: la odisea de Santana<\/b><span style=\"font-weight: 400;\"> (Rudy Valdez) &#8211; Un retrato \u00edntimo del guitarrista mexicano.<\/span><\/li>\n            \n\n            <li style=\"font-weight: 400;\" aria-level=\"1\"><b>Nueva Caledonia, el veredicto improbable<\/b><span style=\"font-weight: 400;\"> (Olivier Pighetti) &#8211; Una mirada retrospectiva a un juicio hist\u00f3rico en el movimiento independentista canaco.<\/span><\/li>\n            \n\n            <li style=\"font-weight: 400;\" aria-level=\"1\"><b style=\"font-family: -apple-system, BlinkMacSystemFont, 'Segoe UI', Roboto, 'Helvetica Neue', Arial, 'Noto Sans', sans-serif, 'Apple Color Emoji', 'Segoe UI Emoji', 'Segoe UI Symbol', 'Noto Color Emoji';\">La lucha por Laikipia<\/b><span style=\"font-weight: 400;\"> (Daphne Matziaraki &amp; Peter Murimi) &#8211; Una disputa por la tierra en Kenia con el cambio clim\u00e1tico como tel\u00f3n de fondo.<\/span><\/li>\n            \n\n          <\/ul>\n        \t\t\t\t\t\t\t\t<\/div>\n\t\t\t\t<\/div>\n\t\t\t\t<div class=\"elementor-element elementor-element-95f8504 elementor-widget elementor-widget-text-editor\" data-id=\"95f8504\" data-element_type=\"widget\" data-widget_type=\"text-editor.default\">\n\t\t\t\t<div class=\"elementor-widget-container\">\n\t\t\t\t\t\t\t\t\t\n          <ul>\n            \n\n            <li style=\"font-weight: 400;\" aria-level=\"1\"><b>Vive y deja vivir: la voz de Jackie Shane<\/b><span style=\"font-weight: 400;\"> (Michael Mabbott &amp; Lucah Rosenberg-Lee) &#8211; Un homenaje a la cantante transg\u00e9nero de soul.<\/span><\/li>\n            \n\n            <li style=\"font-weight: 400;\" aria-level=\"1\"><b>El mito de la mujer negra<\/b><span style=\"font-weight: 400;\"> (Ayana O&#8217;Shun) &#8211; Un an\u00e1lisis de los estereotipos asociados a la mujer negra.<\/span><\/li>\n            \n\n            <li style=\"font-weight: 400;\" aria-level=\"1\"><b>Malcolm X, justicia a cualquier precio<\/b><span style=\"font-weight: 400;\"> (Amine Mestari) &#8211; Una investigaci\u00f3n sobre el asesinato del l\u00edder afroamericano.<\/span><\/li>\n            \n\n            <li style=\"font-weight: 400;\" aria-level=\"1\"><b>La adopci\u00f3n internacional, un esc\u00e1ndalo mundial<\/b><span style=\"font-weight: 400;\"> (Sonia Gonz\u00e1lez y Christine Tournadre) &#8211; Un an\u00e1lisis de los excesos de la adopci\u00f3n internacional.<\/span><\/li>\n            \n\n            <li style=\"font-weight: 400;\" aria-level=\"1\">\n              <b>\u00bfEst\u00e1 dormida Maryse? Tras las huellas de tinta de Maryse Cond\u00e9 <\/b>\n              <span style=\"font-weight: 400;\">  (G\u00e9rard Maximin) &#8211; Un homenaje al autor guadalupe\u00f1o.<\/span>\n            <\/li>\n            \n\n            <li style=\"font-weight: 400;\" aria-level=\"1\"><b>Hermanas de la tierra &#8211; Guadalupe, las curanderas de la tierra<\/b><span style=\"font-weight: 400;\"> (Pascale d&#8217;Erm) &#8211; Una reflexi\u00f3n sobre las consecuencias de la clordecona.<\/span><\/li>\n            \n\n            <li style=\"font-weight: 400;\" aria-level=\"1\"><b>Ser negro en la \u00d3pera<\/b><span style=\"font-weight: 400;\"> (Virginie Plaut &amp; Youcef Khemane) &#8211; Una mirada a la diversidad en la \u00d3pera de Par\u00eds.<\/span><\/li>\n            \n\n            <li style=\"font-weight: 400;\" aria-level=\"1\"> <\/li>\n            \n\n          <\/ul>\n        \t\t\t\t\t\t\t\t<\/div>\n\t\t\t\t<\/div>\n\t\t\t\t<section class=\"elementor-section elementor-inner-section elementor-element elementor-element-c8effd8 elementor-section-boxed elementor-section-height-default elementor-section-height-default\" data-id=\"c8effd8\" data-element_type=\"section\">\n\t\t\t\t\t\t<div class=\"elementor-container elementor-column-gap-default\">\n\t\t\t\t\t<div class=\"elementor-column elementor-col-33 elementor-inner-column elementor-element elementor-element-9e2847c\" data-id=\"9e2847c\" data-element_type=\"column\">\n\t\t\t<div class=\"elementor-widget-wrap elementor-element-populated\">\n\t\t\t\t\t\t<div class=\"elementor-element elementor-element-54866b7 elementor-widget elementor-widget-image\" data-id=\"54866b7\" data-element_type=\"widget\" data-widget_type=\"image.default\">\n\t\t\t\t<div class=\"elementor-widget-container\">\n\t\t\t\t\t\t\t\t\t\t\t\t\t\t\t<img fetchpriority=\"high\" decoding=\"async\" width=\"800\" height=\"600\" src=\"https:\/\/richeskarayib.com\/wp-content\/uploads\/2025\/03\/Depliant-110x165-LRDM-972-2025_v5_page-0004-1024x768.jpg\" class=\"attachment-large size-large wp-image-46932\" alt=\"Festival International du Film Documentaire\" srcset=\"https:\/\/richeskarayib.com\/wp-content\/uploads\/2025\/03\/Depliant-110x165-LRDM-972-2025_v5_page-0004-1024x768.jpg 1024w, https:\/\/richeskarayib.com\/wp-content\/uploads\/2025\/03\/Depliant-110x165-LRDM-972-2025_v5_page-0004-300x225.jpg 300w, https:\/\/richeskarayib.com\/wp-content\/uploads\/2025\/03\/Depliant-110x165-LRDM-972-2025_v5_page-0004-768x576.jpg 768w, https:\/\/richeskarayib.com\/wp-content\/uploads\/2025\/03\/Depliant-110x165-LRDM-972-2025_v5_page-0004.jpg 1300w\" sizes=\"(max-width: 800px) 100vw, 800px\" \/>\t\t\t\t\t\t\t\t\t\t\t\t\t\t\t<\/div>\n\t\t\t\t<\/div>\n\t\t\t\t\t<\/div>\n\t\t<\/div>\n\t\t\t\t<div class=\"elementor-column elementor-col-33 elementor-inner-column elementor-element elementor-element-8c2d4d9\" data-id=\"8c2d4d9\" data-element_type=\"column\">\n\t\t\t<div class=\"elementor-widget-wrap elementor-element-populated\">\n\t\t\t\t\t\t<div class=\"elementor-element elementor-element-e11907a elementor-widget elementor-widget-image\" data-id=\"e11907a\" data-element_type=\"widget\" data-widget_type=\"image.default\">\n\t\t\t\t<div class=\"elementor-widget-container\">\n\t\t\t\t\t\t\t\t\t\t\t\t\t\t\t<img decoding=\"async\" width=\"800\" height=\"600\" src=\"https:\/\/richeskarayib.com\/wp-content\/uploads\/2025\/03\/Depliant-110x165-LRDM-972-2025_v5_page-0005-1024x768.jpg\" class=\"attachment-large size-large wp-image-46936\" alt=\"Festival International du Film Documentaire\" srcset=\"https:\/\/richeskarayib.com\/wp-content\/uploads\/2025\/03\/Depliant-110x165-LRDM-972-2025_v5_page-0005-1024x768.jpg 1024w, https:\/\/richeskarayib.com\/wp-content\/uploads\/2025\/03\/Depliant-110x165-LRDM-972-2025_v5_page-0005-300x225.jpg 300w, https:\/\/richeskarayib.com\/wp-content\/uploads\/2025\/03\/Depliant-110x165-LRDM-972-2025_v5_page-0005-768x576.jpg 768w, https:\/\/richeskarayib.com\/wp-content\/uploads\/2025\/03\/Depliant-110x165-LRDM-972-2025_v5_page-0005.jpg 1300w\" sizes=\"(max-width: 800px) 100vw, 800px\" \/>\t\t\t\t\t\t\t\t\t\t\t\t\t\t\t<\/div>\n\t\t\t\t<\/div>\n\t\t\t\t\t<\/div>\n\t\t<\/div>\n\t\t\t\t<div class=\"elementor-column elementor-col-33 elementor-inner-column elementor-element elementor-element-5b1f2fa\" data-id=\"5b1f2fa\" data-element_type=\"column\">\n\t\t\t<div class=\"elementor-widget-wrap elementor-element-populated\">\n\t\t\t\t\t\t<div class=\"elementor-element elementor-element-e21d4d8 elementor-widget elementor-widget-image\" data-id=\"e21d4d8\" data-element_type=\"widget\" data-widget_type=\"image.default\">\n\t\t\t\t<div class=\"elementor-widget-container\">\n\t\t\t\t\t\t\t\t\t\t\t\t\t\t\t<img decoding=\"async\" width=\"800\" height=\"600\" src=\"https:\/\/richeskarayib.com\/wp-content\/uploads\/2025\/03\/Depliant-110x165-LRDM-972-2025_v5_page-0006-1024x768.jpg\" class=\"attachment-large size-large wp-image-46940\" alt=\"Festival International du Film Documentaire\" srcset=\"https:\/\/richeskarayib.com\/wp-content\/uploads\/2025\/03\/Depliant-110x165-LRDM-972-2025_v5_page-0006-1024x768.jpg 1024w, https:\/\/richeskarayib.com\/wp-content\/uploads\/2025\/03\/Depliant-110x165-LRDM-972-2025_v5_page-0006-300x225.jpg 300w, https:\/\/richeskarayib.com\/wp-content\/uploads\/2025\/03\/Depliant-110x165-LRDM-972-2025_v5_page-0006-768x576.jpg 768w, https:\/\/richeskarayib.com\/wp-content\/uploads\/2025\/03\/Depliant-110x165-LRDM-972-2025_v5_page-0006.jpg 1300w\" sizes=\"(max-width: 800px) 100vw, 800px\" \/>\t\t\t\t\t\t\t\t\t\t\t\t\t\t\t<\/div>\n\t\t\t\t<\/div>\n\t\t\t\t\t<\/div>\n\t\t<\/div>\n\t\t\t\t\t<\/div>\n\t\t<\/section>\n\t\t\t\t\t<\/div>\n\t\t<\/div>\n\t\t\t\t\t<\/div>\n\t\t<\/section>\n\t\t\t\t<section class=\"elementor-section elementor-top-section elementor-element elementor-element-a1f25d1 elementor-section-boxed elementor-section-height-default elementor-section-height-default\" data-id=\"a1f25d1\" data-element_type=\"section\">\n\t\t\t\t\t\t<div class=\"elementor-container elementor-column-gap-default\">\n\t\t\t\t\t<div class=\"elementor-column elementor-col-100 elementor-top-column elementor-element elementor-element-9e15345\" data-id=\"9e15345\" data-element_type=\"column\">\n\t\t\t<div class=\"elementor-widget-wrap elementor-element-populated\">\n\t\t\t\t\t\t<div class=\"elementor-element elementor-element-96b9015 elementor-widget elementor-widget-heading\" data-id=\"96b9015\" data-element_type=\"widget\" data-widget_type=\"heading.default\">\n\t\t\t\t<div class=\"elementor-widget-container\">\n\t\t\t\t\t<h2 class=\"elementor-heading-title elementor-size-default\">Un jurado excepcional\n<\/h2>\t\t\t\t<\/div>\n\t\t\t\t<\/div>\n\t\t\t\t<div class=\"elementor-element elementor-element-8aab9f0 elementor-widget elementor-widget-text-editor\" data-id=\"8aab9f0\" data-element_type=\"widget\" data-widget_type=\"text-editor.default\">\n\t\t\t\t<div class=\"elementor-widget-container\">\n\t\t\t\t\t\t\t\t\t\n          <p>\n            <span style=\"font-weight: 400;\">El Festival Internacional de Cine Documental estar\u00e1 marcado por una serie de premios:<\/span>\n          <\/p>\n          \n\n          <ul>\n            \n\n            <li style=\"font-weight: 400;\" aria-level=\"1\">\n              <b>Premio Especial del Jurado &#8220;Prix G\u00e9rard Guillaume<\/b>\n            <\/li>\n            \n\n            <li style=\"font-weight: 400;\" aria-level=\"1\">\n              <b>Premio Jean-Paul Jouanelle a la Mejor Pel\u00edcula Francesa de Ultramar<\/b>\n            <\/li>\n            \n\n            <li style=\"font-weight: 400;\" aria-level=\"1\">\n              <b>Mejor Documental Musical<\/b>\n            <\/li>\n            \n\n            <li style=\"font-weight: 400;\" aria-level=\"1\"><b>Premio de los J\u00f3venes<\/b><span style=\"font-weight: 400;\">otorgado por 7 estudiantes de bachillerato en la opci\u00f3n de cine.<\/span><\/li>\n            \n\n            <li style=\"font-weight: 400;\" aria-level=\"1\"><b>Premio del P\u00fablico<\/b><span style=\"font-weight: 400;\">concedido al documental favorito.<\/span><\/li>\n            \n\n          <\/ul>\n        \t\t\t\t\t\t\t\t<\/div>\n\t\t\t\t<\/div>\n\t\t\t\t<div class=\"elementor-element elementor-element-897c03d elementor-widget elementor-widget-text-editor\" data-id=\"897c03d\" data-element_type=\"widget\" data-widget_type=\"text-editor.default\">\n\t\t\t\t<div class=\"elementor-widget-container\">\n\t\t\t\t\t\t\t\t\t\n          <p>\n            <span style=\"font-weight: 400;\">El jurado del Festival Internacional de Cine Documental est\u00e1 compuesto por siete profesionales de la cultura, entre ellos :<\/span>\n          <\/p>\n          \n\n          <ul>\n            \n\n            <li style=\"font-weight: 400;\" aria-level=\"1\">\n              <span style=\"font-weight: 400;\">Murielle Bedot (consultora de conexi\u00f3n corporal, citada por Forbes 2024)<\/span>\n            <\/li>\n            \n\n            <li style=\"font-weight: 400;\" aria-level=\"1\">\n              <span style=\"font-weight: 400;\">Camille Mauduech (presidenta del jurado, directora y guionista)<\/span>\n            <\/li>\n            \n\n            <li style=\"font-weight: 400;\" aria-level=\"1\">\n              <span style=\"font-weight: 400;\">Sa\u00efdou Bernabe (experto en animaci\u00f3n 3D y efectos especiales)<\/span>\n            <\/li>\n            \n\n            <li style=\"font-weight: 400;\" aria-level=\"1\">\n              <span style=\"font-weight: 400;\">Cheikh Nguirane (profesor de civilizaci\u00f3n inglesa)<\/span>\n            <\/li>\n            \n\n            <li style=\"font-weight: 400;\" aria-level=\"1\">\n              <span style=\"font-weight: 400;\">Fabrice Th\u00e9odose (director editorial adjunto de Martinique la 1\u00e8re)<\/span>\n            <\/li>\n            \n\n            <li style=\"font-weight: 400;\" aria-level=\"1\">\n              <span style=\"font-weight: 400;\">Johan-Hilel Hamel (Director de Asuntos Culturales, Martinica)<\/span>\n            <\/li>\n            \n\n            <li style=\"font-weight: 400;\" aria-level=\"1\">\n              <span style=\"font-weight: 400;\">Danielle Ren\u00e9-Corail (artista y administradora cultural)<\/span>\n            <\/li>\n            \n\n          <\/ul>\n        \t\t\t\t\t\t\t\t<\/div>\n\t\t\t\t<\/div>\n\t\t\t\t<section class=\"elementor-section elementor-inner-section elementor-element elementor-element-cc4d74a elementor-section-boxed elementor-section-height-default elementor-section-height-default\" data-id=\"cc4d74a\" data-element_type=\"section\">\n\t\t\t\t\t\t<div class=\"elementor-container elementor-column-gap-default\">\n\t\t\t\t\t<div class=\"elementor-column elementor-col-100 elementor-inner-column elementor-element elementor-element-3abb292\" data-id=\"3abb292\" data-element_type=\"column\">\n\t\t\t<div class=\"elementor-widget-wrap elementor-element-populated\">\n\t\t\t\t\t\t<div class=\"elementor-element elementor-element-6da026e elementor-widget elementor-widget-image\" data-id=\"6da026e\" data-element_type=\"widget\" data-widget_type=\"image.default\">\n\t\t\t\t<div class=\"elementor-widget-container\">\n\t\t\t\t\t\t\t\t\t\t\t\t\t\t\t<img loading=\"lazy\" decoding=\"async\" width=\"800\" height=\"600\" src=\"https:\/\/richeskarayib.com\/wp-content\/uploads\/2025\/03\/Depliant-110x165-LRDM-972-2025_v5_page-0003-1024x768.jpg\" class=\"attachment-large size-large wp-image-46944\" alt=\"Festival International du Film Documentaire\" srcset=\"https:\/\/richeskarayib.com\/wp-content\/uploads\/2025\/03\/Depliant-110x165-LRDM-972-2025_v5_page-0003-1024x768.jpg 1024w, https:\/\/richeskarayib.com\/wp-content\/uploads\/2025\/03\/Depliant-110x165-LRDM-972-2025_v5_page-0003-300x225.jpg 300w, https:\/\/richeskarayib.com\/wp-content\/uploads\/2025\/03\/Depliant-110x165-LRDM-972-2025_v5_page-0003-768x576.jpg 768w, https:\/\/richeskarayib.com\/wp-content\/uploads\/2025\/03\/Depliant-110x165-LRDM-972-2025_v5_page-0003.jpg 1300w\" sizes=\"(max-width: 800px) 100vw, 800px\" \/>\t\t\t\t\t\t\t\t\t\t\t\t\t\t\t<\/div>\n\t\t\t\t<\/div>\n\t\t\t\t\t<\/div>\n\t\t<\/div>\n\t\t\t\t\t<\/div>\n\t\t<\/section>\n\t\t\t\t\t<\/div>\n\t\t<\/div>\n\t\t\t\t\t<\/div>\n\t\t<\/section>\n\t\t\t\t<section class=\"elementor-section elementor-top-section elementor-element elementor-element-53262f1 elementor-section-boxed elementor-section-height-default elementor-section-height-default\" data-id=\"53262f1\" data-element_type=\"section\">\n\t\t\t\t\t\t<div class=\"elementor-container elementor-column-gap-default\">\n\t\t\t\t\t<div class=\"elementor-column elementor-col-100 elementor-top-column elementor-element elementor-element-eac4faf\" data-id=\"eac4faf\" data-element_type=\"column\">\n\t\t\t<div class=\"elementor-widget-wrap elementor-element-populated\">\n\t\t\t\t\t\t<div class=\"elementor-element elementor-element-05782f7 elementor-widget elementor-widget-heading\" data-id=\"05782f7\" data-element_type=\"widget\" data-widget_type=\"heading.default\">\n\t\t\t\t<div class=\"elementor-widget-container\">\n\t\t\t\t\t<h2 class=\"elementor-heading-title elementor-size-default\">Jornadas profesionales<\/h2>\t\t\t\t<\/div>\n\t\t\t\t<\/div>\n\t\t\t\t<div class=\"elementor-element elementor-element-9c39683 elementor-widget elementor-widget-text-editor\" data-id=\"9c39683\" data-element_type=\"widget\" data-widget_type=\"text-editor.default\">\n\t\t\t\t<div class=\"elementor-widget-container\">\n\t\t\t\t\t\t\t\t\t\n          <p>\n            <span style=\"font-weight: 400;\">Los d\u00edas 3 y 4 de abril de 2025, los profesionales del cine y los estudiantes de audiovisuales podr\u00e1n asistir a conferencias sobre temas clave:<\/span>\n          <\/p>\n          \n\n          <ul>\n            \n\n            <li style=\"font-weight: 400;\" aria-level=\"1\"><b>Estrategias de difusi\u00f3n<\/b><span style=\"font-weight: 400;\"> (ARTE, France TV Slash)<\/span><\/li>\n            \n\n            <li style=\"font-weight: 400;\" aria-level=\"1\"><b>Derechos de los creadores audiovisuales<\/b><span style=\"font-weight: 400;\"> (SCAM, SACEM Martinica)<\/span><\/li>\n            \n\n            <li style=\"font-weight: 400;\" aria-level=\"1\"><b>Financiaci\u00f3n para proyectos cinematogr\u00e1ficos<\/b><span style=\"font-weight: 400;\"> (CNC)<\/span><\/li>\n            \n\n            <li style=\"font-weight: 400;\" aria-level=\"1\"><b>Escritura y direcci\u00f3n de documentales<\/b><span style=\"font-weight: 400;\"> (Sonia Dauger)<\/span><\/li>\n            \n\n            <li style=\"font-weight: 400;\" aria-level=\"1\"><b>Producci\u00f3n de docu-dramas<\/b><span style=\"font-weight: 400;\"> (Fanny Glissant)<\/span><\/li>\n            \n\n          <\/ul>\n        \t\t\t\t\t\t\t\t<\/div>\n\t\t\t\t<\/div>\n\t\t\t\t\t<\/div>\n\t\t<\/div>\n\t\t\t\t\t<\/div>\n\t\t<\/section>\n\t\t\t\t<section class=\"elementor-section elementor-top-section elementor-element elementor-element-9c6f672 elementor-section-boxed elementor-section-height-default elementor-section-height-default\" data-id=\"9c6f672\" data-element_type=\"section\">\n\t\t\t\t\t\t<div class=\"elementor-container elementor-column-gap-default\">\n\t\t\t\t\t<div class=\"elementor-column elementor-col-100 elementor-top-column elementor-element elementor-element-8d054d1\" data-id=\"8d054d1\" data-element_type=\"column\">\n\t\t\t<div class=\"elementor-widget-wrap elementor-element-populated\">\n\t\t\t\t\t\t<div class=\"elementor-element elementor-element-aea2bb7 elementor-widget elementor-widget-heading\" data-id=\"aea2bb7\" data-element_type=\"widget\" data-widget_type=\"heading.default\">\n\t\t\t\t<div class=\"elementor-widget-container\">\n\t\t\t\t\t<h2 class=\"elementor-heading-title elementor-size-default\">Invitados de honor\n<\/h2>\t\t\t\t<\/div>\n\t\t\t\t<\/div>\n\t\t\t\t<div class=\"elementor-element elementor-element-5850d8f elementor-widget elementor-widget-text-editor\" data-id=\"5850d8f\" data-element_type=\"widget\" data-widget_type=\"text-editor.default\">\n\t\t\t\t<div class=\"elementor-widget-container\">\n\t\t\t\t\t\t\t\t\t\n          <p>\n            <span style=\"font-weight: 400;\">Estar\u00e1n presentes personalidades comprometidas del mundo del cine y la cultura:<\/span>\n          <\/p>\n          \n\n          <ul>\n            \n\n            <li style=\"font-weight: 400;\" aria-level=\"1\"><b>Sonia Dauger<\/b><span style=\"font-weight: 400;\"> (directora de<\/span><i><span style=\"font-weight: 400;\"> Bleus, otra historia de Francia<\/span><\/i><span style=\"font-weight: 400;\">)<\/span><\/li>\n            \n\n            <li style=\"font-weight: 400;\" aria-level=\"1\"><b>Fanny Glissant<\/b><span style=\"font-weight: 400;\"> (productora de<\/span><i><span style=\"font-weight: 400;\">Rutas de la esclavitud<\/span><\/i><span style=\"font-weight: 400;\">)<\/span><\/li>\n            \n\n            <li style=\"font-weight: 400;\" aria-level=\"1\"><b>Amzat Boukari-Yabara<\/b><span style=\"font-weight: 400;\"> (historiadora, especialista en panafricanismo)<\/span><\/li>\n            \n\n            <li style=\"font-weight: 400;\" aria-level=\"1\"><b>Lionel Trani<\/b><span style=\"font-weight: 400;\"> (investigador sobre la esclavitud colonial, fundador de los <\/span><i><span style=\"font-weight: 400;\">Mi\u00e9rcoles de Historia<\/span><\/i><span style=\"font-weight: 400;\">)<\/span><\/li>\n            \n\n          <\/ul>\n        \t\t\t\t\t\t\t\t<\/div>\n\t\t\t\t<\/div>\n\t\t\t\t<section class=\"elementor-section elementor-inner-section elementor-element elementor-element-f3d711a elementor-section-boxed elementor-section-height-default elementor-section-height-default\" data-id=\"f3d711a\" data-element_type=\"section\">\n\t\t\t\t\t\t<div class=\"elementor-container elementor-column-gap-default\">\n\t\t\t\t\t<div class=\"elementor-column elementor-col-100 elementor-inner-column elementor-element elementor-element-4bfaa84\" data-id=\"4bfaa84\" data-element_type=\"column\">\n\t\t\t<div class=\"elementor-widget-wrap elementor-element-populated\">\n\t\t\t\t\t\t<div class=\"elementor-element elementor-element-de9cf64 elementor-widget elementor-widget-image\" data-id=\"de9cf64\" data-element_type=\"widget\" data-widget_type=\"image.default\">\n\t\t\t\t<div class=\"elementor-widget-container\">\n\t\t\t\t\t\t\t\t\t\t\t\t\t\t\t<img loading=\"lazy\" decoding=\"async\" width=\"800\" height=\"600\" src=\"https:\/\/richeskarayib.com\/wp-content\/uploads\/2025\/03\/Depliant-110x165-LRDM-972-2025_v5_page-0008-1024x768.jpg\" class=\"attachment-large size-large wp-image-46956\" alt=\"Festival International du Film Documentaire\" srcset=\"https:\/\/richeskarayib.com\/wp-content\/uploads\/2025\/03\/Depliant-110x165-LRDM-972-2025_v5_page-0008-1024x768.jpg 1024w, https:\/\/richeskarayib.com\/wp-content\/uploads\/2025\/03\/Depliant-110x165-LRDM-972-2025_v5_page-0008-300x225.jpg 300w, https:\/\/richeskarayib.com\/wp-content\/uploads\/2025\/03\/Depliant-110x165-LRDM-972-2025_v5_page-0008-768x576.jpg 768w, https:\/\/richeskarayib.com\/wp-content\/uploads\/2025\/03\/Depliant-110x165-LRDM-972-2025_v5_page-0008.jpg 1300w\" sizes=\"(max-width: 800px) 100vw, 800px\" \/>\t\t\t\t\t\t\t\t\t\t\t\t\t\t\t<\/div>\n\t\t\t\t<\/div>\n\t\t\t\t\t<\/div>\n\t\t<\/div>\n\t\t\t\t\t<\/div>\n\t\t<\/section>\n\t\t\t\t\t<\/div>\n\t\t<\/div>\n\t\t\t\t\t<\/div>\n\t\t<\/section>\n\t\t\t\t<section class=\"elementor-section elementor-top-section elementor-element elementor-element-059bc9c elementor-section-boxed elementor-section-height-default elementor-section-height-default\" data-id=\"059bc9c\" data-element_type=\"section\">\n\t\t\t\t\t\t<div class=\"elementor-container elementor-column-gap-default\">\n\t\t\t\t\t<div class=\"elementor-column elementor-col-100 elementor-top-column elementor-element elementor-element-68fe53a\" data-id=\"68fe53a\" data-element_type=\"column\">\n\t\t\t<div class=\"elementor-widget-wrap elementor-element-populated\">\n\t\t\t\t\t\t<div class=\"elementor-element elementor-element-cb99714 elementor-widget elementor-widget-heading\" data-id=\"cb99714\" data-element_type=\"widget\" data-widget_type=\"heading.default\">\n\t\t\t\t<div class=\"elementor-widget-container\">\n\t\t\t\t\t<h2 class=\"elementor-heading-title elementor-size-default\">Una edici\u00f3n decididamente comprometida<\/h2>\t\t\t\t<\/div>\n\t\t\t\t<\/div>\n\t\t\t\t<div class=\"elementor-element elementor-element-1319816 elementor-widget elementor-widget-text-editor\" data-id=\"1319816\" data-element_type=\"widget\" data-widget_type=\"text-editor.default\">\n\t\t\t\t<div class=\"elementor-widget-container\">\n\t\t\t\t\t\t\t\t\t<p><span style=\"font-weight: 400;\">En <\/span><b>Festival Internacional de Cine Documental <a href=\"https:\/\/richeskarayib.com\/es\/martinica-perspectivas-cruzadas-sobre-la-migracion-caribena-comprension-para-la-accion\/\" target=\"_blank\" rel=\"noopener\">de Martinica<\/a><\/b><span style=\"font-weight: 400;\">  ofrece una oportunidad \u00fanica para descubrir historias impactantes, hablar con expertos y debatir sobre cuestiones clave. Ven a Madiana y a sus ciudades asociadas del 3 al 12 de abril de 2025 para sumergirte en documentales y debates sociales. <\/span><\/p>\n\t\t\t\t\t\t\t\t<\/div>\n\t\t\t\t<\/div>\n\t\t\t\t<section class=\"elementor-section elementor-inner-section elementor-element elementor-element-6be6ae8 elementor-section-boxed elementor-section-height-default elementor-section-height-default\" data-id=\"6be6ae8\" data-element_type=\"section\">\n\t\t\t\t\t\t<div class=\"elementor-container elementor-column-gap-default\">\n\t\t\t\t\t<div class=\"elementor-column elementor-col-50 elementor-inner-column elementor-element elementor-element-b5899f3\" data-id=\"b5899f3\" data-element_type=\"column\">\n\t\t\t<div class=\"elementor-widget-wrap elementor-element-populated\">\n\t\t\t\t\t\t<div class=\"elementor-element elementor-element-7290cd3 elementor-widget elementor-widget-image\" data-id=\"7290cd3\" data-element_type=\"widget\" data-widget_type=\"image.default\">\n\t\t\t\t<div class=\"elementor-widget-container\">\n\t\t\t\t\t\t\t\t\t\t\t\t\t\t\t<img loading=\"lazy\" decoding=\"async\" width=\"650\" height=\"975\" src=\"https:\/\/richeskarayib.com\/wp-content\/uploads\/2025\/03\/Depliant-110x165-LRDM-972-2025_v5_page-0001-1.jpg\" class=\"attachment-large size-large wp-image-46948\" alt=\"Festival International du Film Documentaire\" srcset=\"https:\/\/richeskarayib.com\/wp-content\/uploads\/2025\/03\/Depliant-110x165-LRDM-972-2025_v5_page-0001-1.jpg 650w, https:\/\/richeskarayib.com\/wp-content\/uploads\/2025\/03\/Depliant-110x165-LRDM-972-2025_v5_page-0001-1-200x300.jpg 200w\" sizes=\"(max-width: 650px) 100vw, 650px\" \/>\t\t\t\t\t\t\t\t\t\t\t\t\t\t\t<\/div>\n\t\t\t\t<\/div>\n\t\t\t\t\t<\/div>\n\t\t<\/div>\n\t\t\t\t<div class=\"elementor-column elementor-col-50 elementor-inner-column elementor-element elementor-element-f1deb2f\" data-id=\"f1deb2f\" data-element_type=\"column\">\n\t\t\t<div class=\"elementor-widget-wrap elementor-element-populated\">\n\t\t\t\t\t\t<div class=\"elementor-element elementor-element-de86192 elementor-widget elementor-widget-image\" data-id=\"de86192\" data-element_type=\"widget\" data-widget_type=\"image.default\">\n\t\t\t\t<div class=\"elementor-widget-container\">\n\t\t\t\t\t\t\t\t\t\t\t\t\t\t\t<img loading=\"lazy\" decoding=\"async\" width=\"650\" height=\"975\" src=\"https:\/\/richeskarayib.com\/wp-content\/uploads\/2025\/03\/Depliant-110x165-LRDM-972-2025_v5_page-0009.jpg\" class=\"attachment-large size-large wp-image-46952\" alt=\"Festival International du Film Documentaire\" srcset=\"https:\/\/richeskarayib.com\/wp-content\/uploads\/2025\/03\/Depliant-110x165-LRDM-972-2025_v5_page-0009.jpg 650w, https:\/\/richeskarayib.com\/wp-content\/uploads\/2025\/03\/Depliant-110x165-LRDM-972-2025_v5_page-0009-200x300.jpg 200w\" sizes=\"(max-width: 650px) 100vw, 650px\" \/>\t\t\t\t\t\t\t\t\t\t\t\t\t\t\t<\/div>\n\t\t\t\t<\/div>\n\t\t\t\t\t<\/div>\n\t\t<\/div>\n\t\t\t\t\t<\/div>\n\t\t<\/section>\n\t\t\t\t\t<\/div>\n\t\t<\/div>\n\t\t\t\t\t<\/div>\n\t\t<\/section>\n\t\t\t\t<\/div>\n\t\t","protected":false},"excerpt":{"rendered":"<p>El Festival Internacional de Cine Documental de Martinica, tambi\u00e9n conocido como &#8220;Les R\u00e9volt\u00e9s du Monde&#8221;, vuelve en su 9\u00aa edici\u00f3n del 3 al 12 de abril de 2025. El Festival Internacional de Cine Documental, de renombre internacional, ofrece una selecci\u00f3n exclusiva de 14 pel\u00edculas in\u00e9ditas que exploran temas poderosos como las luchas sociales, la libertad, [&hellip;]<\/p>\n","protected":false},"author":662,"featured_media":46928,"comment_status":"open","ping_status":"open","sticky":false,"template":"","format":"standard","meta":{"_acf_changed":false,"footnotes":""},"categories":[1504,839],"tags":[816],"class_list":["post-46958","post","type-post","status-publish","format-standard","has-post-thumbnail","hentry","category-film-et-video","category-noticias","tag-martinique-es"],"acf":[],"_links":{"self":[{"href":"https:\/\/richeskarayib.com\/es\/wp-json\/wp\/v2\/posts\/46958","targetHints":{"allow":["GET"]}}],"collection":[{"href":"https:\/\/richeskarayib.com\/es\/wp-json\/wp\/v2\/posts"}],"about":[{"href":"https:\/\/richeskarayib.com\/es\/wp-json\/wp\/v2\/types\/post"}],"author":[{"embeddable":true,"href":"https:\/\/richeskarayib.com\/es\/wp-json\/wp\/v2\/users\/662"}],"replies":[{"embeddable":true,"href":"https:\/\/richeskarayib.com\/es\/wp-json\/wp\/v2\/comments?post=46958"}],"version-history":[{"count":0,"href":"https:\/\/richeskarayib.com\/es\/wp-json\/wp\/v2\/posts\/46958\/revisions"}],"wp:featuredmedia":[{"embeddable":true,"href":"https:\/\/richeskarayib.com\/es\/wp-json\/wp\/v2\/media\/46928"}],"wp:attachment":[{"href":"https:\/\/richeskarayib.com\/es\/wp-json\/wp\/v2\/media?parent=46958"}],"wp:term":[{"taxonomy":"category","embeddable":true,"href":"https:\/\/richeskarayib.com\/es\/wp-json\/wp\/v2\/categories?post=46958"},{"taxonomy":"post_tag","embeddable":true,"href":"https:\/\/richeskarayib.com\/es\/wp-json\/wp\/v2\/tags?post=46958"}],"curies":[{"name":"wp","href":"https:\/\/api.w.org\/{rel}","templated":true}]}}