{"id":46998,"date":"2025-03-25T08:54:29","date_gmt":"2025-03-25T12:54:29","guid":{"rendered":"https:\/\/richeskarayib.com\/comision-de-festivales-de-antigua-barbuda-linitiative-junior-calypso-soca-stars\/"},"modified":"2025-03-25T08:54:29","modified_gmt":"2025-03-25T12:54:29","slug":"comision-de-festivales-de-antigua-barbuda-linitiative-junior-calypso-soca-stars","status":"publish","type":"post","link":"https:\/\/richeskarayib.com\/es\/comision-de-festivales-de-antigua-barbuda-linitiative-junior-calypso-soca-stars\/","title":{"rendered":"Comisi\u00f3n de Festivales de Antigua Barbuda: L&#8217;Initiative Junior Calypso + Soca Stars"},"content":{"rendered":"\t\t<div data-elementor-type=\"wp-post\" data-elementor-id=\"46998\" class=\"elementor elementor-46998 elementor-46984\" data-elementor-post-type=\"post\">\n\t\t\t\t\t\t<section class=\"elementor-section elementor-top-section elementor-element elementor-element-9be5ad7 elementor-section-boxed elementor-section-height-default elementor-section-height-default\" data-id=\"9be5ad7\" data-element_type=\"section\">\n\t\t\t\t\t\t<div class=\"elementor-container elementor-column-gap-default\">\n\t\t\t\t\t<div class=\"elementor-column elementor-col-100 elementor-top-column elementor-element elementor-element-76aecaa\" data-id=\"76aecaa\" data-element_type=\"column\">\n\t\t\t<div class=\"elementor-widget-wrap elementor-element-populated\">\n\t\t\t\t\t\t<div class=\"elementor-element elementor-element-fc48138 elementor-widget elementor-widget-text-editor\" data-id=\"fc48138\" data-element_type=\"widget\" data-widget_type=\"text-editor.default\">\n\t\t\t\t<div class=\"elementor-widget-container\">\n\t\t\t\t\t\t\t\t\t<p>\n            <span style=\"font-weight: 400;\">La<a href=\"https:\/\/antiguacarnival.com\/component\/content\/\" target=\"_blank\" rel=\"noopener nofollow\">Comisi\u00f3n de Festivales de Antigua Barbuda<\/a> ha creado recientemente un programa para animar a la pr\u00f3xima generaci\u00f3n de artistas locales: la iniciativa Junior Calypso + Soca Stars. El objetivo del proyecto es nutrir a los j\u00f3venes talentos en los emblem\u00e1ticos g\u00e9neros del Calypso y la Soca, proporcion\u00e1ndoles una orientaci\u00f3n art\u00edstica integral. Dirigido por Peetron Thomas y Tyreke &#8220;Vicious&#8221; Lewis, est\u00e1 contribuyendo a garantizar que este patrimonio musical se transmita a las generaciones futuras.  <\/span>\n          <\/p>\n\t\t\t\t\t\t\t\t<\/div>\n\t\t\t\t<\/div>\n\t\t\t\t\t<\/div>\n\t\t<\/div>\n\t\t\t\t\t<\/div>\n\t\t<\/section>\n\t\t\t\t<section class=\"elementor-section elementor-top-section elementor-element elementor-element-889dceb elementor-section-boxed elementor-section-height-default elementor-section-height-default\" data-id=\"889dceb\" data-element_type=\"section\">\n\t\t\t\t\t\t<div class=\"elementor-container elementor-column-gap-default\">\n\t\t\t\t\t<div class=\"elementor-column elementor-col-100 elementor-top-column elementor-element elementor-element-cb266eb\" data-id=\"cb266eb\" data-element_type=\"column\">\n\t\t\t<div class=\"elementor-widget-wrap elementor-element-populated\">\n\t\t\t\t\t\t<div class=\"elementor-element elementor-element-8edf822 elementor-widget elementor-widget-heading\" data-id=\"8edf822\" data-element_type=\"widget\" data-widget_type=\"heading.default\">\n\t\t\t\t<div class=\"elementor-widget-container\">\n\t\t\t\t\t<h2 class=\"elementor-heading-title elementor-size-default\">Un programa estructurado para j\u00f3venes talentos<\/h2>\t\t\t\t<\/div>\n\t\t\t\t<\/div>\n\t\t\t\t<div class=\"elementor-element elementor-element-c1659b1 elementor-widget elementor-widget-text-editor\" data-id=\"c1659b1\" data-element_type=\"widget\" data-widget_type=\"text-editor.default\">\n\t\t\t\t<div class=\"elementor-widget-container\">\n\t\t\t\t\t\t\t\t\t<p>\n            <span style=\"font-weight: 400;\">La<a href=\"https:\/\/www.instagram.com\/antiguafestivalsofficial\/\" target=\"_blank\" rel=\"noopener nofollow\">Comisi\u00f3n de Festivales de Antigua<\/a> Barbuda ha dise\u00f1ado esta iniciativa para identificar y orientar a j\u00f3venes cantantes de escuelas primarias y secundarias de Antigua y Barbuda. Mediante visitas a las escuelas, sesiones privadas de entrenamiento, tutor\u00eda y actuaciones en p\u00fablico, los participantes aprenden las habilidades esenciales para actuar en el escenario. Peetron Thomas subraya la importancia de esta formaci\u00f3n: &#8220;M\u00e1s all\u00e1 del escenario del Carnaval, estamos ayudando a estos j\u00f3venes a ganar confianza y a conectar con su patrimonio cultural.&#8221;  <\/span>\n          <\/p>\n\t\t\t\t\t\t\t\t<\/div>\n\t\t\t\t<\/div>\n\t\t\t\t<div class=\"elementor-element elementor-element-6d1f975 elementor-widget elementor-widget-text-editor\" data-id=\"6d1f975\" data-element_type=\"widget\" data-widget_type=\"text-editor.default\">\n\t\t\t\t<div class=\"elementor-widget-container\">\n\t\t\t\t\t\t\t\t\t<p>\n            <span style=\"font-weight: 400;\">El compromiso de la<a href=\"https:\/\/antiguanewsroom.com\/antigua-barbuda-festivals-commission-endorses-junior-calypso-soca-stars-initiative\/\" target=\"_blank\" rel=\"noopener nofollow\">Comisi\u00f3n de Festivales de Antigua Barbuda<\/a> con este proyecto refleja su deseo de perpetuar estas formas musicales. Esta iniciativa es una valiosa oportunidad para que los j\u00f3venes artistas desarrollen y mejoren el patrimonio cultural del pa\u00eds. Al participar en este programa, los j\u00f3venes con talento no s\u00f3lo aprenden a cantar, sino que tambi\u00e9n exploran la historia y las profundas ra\u00edces del Calypso y la Soca, que han desempe\u00f1ado un papel clave en la expresi\u00f3n cultural y social de las islas caribe\u00f1as.  <\/span>\n          <\/p>\n\t\t\t\t\t\t\t\t<\/div>\n\t\t\t\t<\/div>\n\t\t\t\t\t<\/div>\n\t\t<\/div>\n\t\t\t\t\t<\/div>\n\t\t<\/section>\n\t\t\t\t<section class=\"elementor-section elementor-top-section elementor-element elementor-element-a1f25d1 elementor-section-boxed elementor-section-height-default elementor-section-height-default\" data-id=\"a1f25d1\" data-element_type=\"section\">\n\t\t\t\t\t\t<div class=\"elementor-container elementor-column-gap-default\">\n\t\t\t\t\t<div class=\"elementor-column elementor-col-100 elementor-top-column elementor-element elementor-element-9e15345\" data-id=\"9e15345\" data-element_type=\"column\">\n\t\t\t<div class=\"elementor-widget-wrap elementor-element-populated\">\n\t\t\t\t\t\t<div class=\"elementor-element elementor-element-96b9015 elementor-widget elementor-widget-heading\" data-id=\"96b9015\" data-element_type=\"widget\" data-widget_type=\"heading.default\">\n\t\t\t\t<div class=\"elementor-widget-container\">\n\t\t\t\t\t<h2 class=\"elementor-heading-title elementor-size-default\">Supervisi\u00f3n por profesionales experimentados<\/h2>\t\t\t\t<\/div>\n\t\t\t\t<\/div>\n\t\t\t\t<div class=\"elementor-element elementor-element-8aab9f0 elementor-widget elementor-widget-text-editor\" data-id=\"8aab9f0\" data-element_type=\"widget\" data-widget_type=\"text-editor.default\">\n\t\t\t\t<div class=\"elementor-widget-container\">\n\t\t\t\t\t\t\t\t\t<h3>\n            <b><a href=\"https:\/\/www.instagram.com\/peetron\/\" target=\"_blank\" rel=\"noopener nofollow\">Peetron Thomas<\/a>: un mentor comprometido<\/b><br \/>\n          <\/h3>\n<p>\n            <span style=\"font-weight: 400;\">Artista y pedagogo musical, Peetron Thomas destaca por su compromiso con la formaci\u00f3n de j\u00f3venes cantantes. Les acompa\u00f1a en todo el camino, desde su iniciaci\u00f3n hasta sus primeras actuaciones. Como m\u00fasico experimentado, insiste en la importancia de la disciplina, el trabajo vocal y la escritura creativa.  <\/span>\n          <\/p>\n\t\t\t\t\t\t\t\t<\/div>\n\t\t\t\t<\/div>\n\t\t\t\t<section class=\"elementor-section elementor-inner-section elementor-element elementor-element-3fb95cc elementor-section-boxed elementor-section-height-default elementor-section-height-default\" data-id=\"3fb95cc\" data-element_type=\"section\">\n\t\t\t\t\t\t<div class=\"elementor-container elementor-column-gap-default\">\n\t\t\t\t\t<div class=\"elementor-column elementor-col-100 elementor-inner-column elementor-element elementor-element-3004b28\" data-id=\"3004b28\" data-element_type=\"column\">\n\t\t\t<div class=\"elementor-widget-wrap elementor-element-populated\">\n\t\t\t\t\t\t<div class=\"elementor-element elementor-element-300408c elementor-widget elementor-widget-image\" data-id=\"300408c\" data-element_type=\"widget\" data-widget_type=\"image.default\">\n\t\t\t\t<div class=\"elementor-widget-container\">\n\t\t\t\t\t\t\t\t\t\t\t\t<figure class=\"wp-caption\">\n\t\t\t\t\t\t\t\t\t\t<img fetchpriority=\"high\" decoding=\"async\" width=\"800\" height=\"800\" src=\"https:\/\/richeskarayib.com\/wp-content\/uploads\/2025\/03\/368122477_1052685799446741_4564333755539408386_n-1024x1024.jpg\" class=\"attachment-large size-large wp-image-46992\" alt=\"Antigua Barbuda Festivals Commission\" srcset=\"https:\/\/richeskarayib.com\/wp-content\/uploads\/2025\/03\/368122477_1052685799446741_4564333755539408386_n-1024x1024.jpg 1024w, https:\/\/richeskarayib.com\/wp-content\/uploads\/2025\/03\/368122477_1052685799446741_4564333755539408386_n-300x300.jpg 300w, https:\/\/richeskarayib.com\/wp-content\/uploads\/2025\/03\/368122477_1052685799446741_4564333755539408386_n-150x150.jpg 150w, https:\/\/richeskarayib.com\/wp-content\/uploads\/2025\/03\/368122477_1052685799446741_4564333755539408386_n-768x768.jpg 768w, https:\/\/richeskarayib.com\/wp-content\/uploads\/2025\/03\/368122477_1052685799446741_4564333755539408386_n.jpg 1080w\" sizes=\"(max-width: 800px) 100vw, 800px\" \/>\t\t\t\t\t\t\t\t\t\t\t<figcaption class=\"widget-image-caption wp-caption-text\">Peetron Thomas.\n\nSource : <\/figcaption>\n\t\t\t\t\t\t\t\t\t\t<\/figure>\n\t\t\t\t\t\t\t\t\t<\/div>\n\t\t\t\t<\/div>\n\t\t\t\t\t<\/div>\n\t\t<\/div>\n\t\t\t\t\t<\/div>\n\t\t<\/section>\n\t\t\t\t<div class=\"elementor-element elementor-element-897c03d elementor-widget elementor-widget-text-editor\" data-id=\"897c03d\" data-element_type=\"widget\" data-widget_type=\"text-editor.default\">\n\t\t\t\t<div class=\"elementor-widget-container\">\n\t\t\t\t\t\t\t\t\t<h3>\n            <b><a href=\"https:\/\/www.instagram.com\/theviciousone268\/\" target=\"_blank\" rel=\"noopener nofollow\">Tyreke &#8216;Vicious&#8217; Lewis<\/a>: experiencia internacional<\/b><br \/>\n          <\/h3>\n<p>\n            <span style=\"font-weight: 400;\">Figura bien conocida en la escena de la Soca, Tyreke &#8220;Vicious&#8221; Lewis utiliza su experiencia para inspirar y guiar a los j\u00f3venes talentos. &#8220;La m\u00fasica forja el car\u00e1cter y refuerza nuestra conexi\u00f3n con nuestras ra\u00edces&#8221;, explica. Su implicaci\u00f3n permite a los participantes aprender de artistas consagrados. Al compartir sus propias experiencias sobre el escenario y los retos a los que se ha enfrentado, ayuda a los j\u00f3venes a comprender mejor las exigencias del mundo profesional de la m\u00fasica.   <\/span>\n          <\/p>\n\t\t\t\t\t\t\t\t<\/div>\n\t\t\t\t<\/div>\n\t\t\t\t<section class=\"elementor-section elementor-inner-section elementor-element elementor-element-f74df33 elementor-section-boxed elementor-section-height-default elementor-section-height-default\" data-id=\"f74df33\" data-element_type=\"section\">\n\t\t\t\t\t\t<div class=\"elementor-container elementor-column-gap-default\">\n\t\t\t\t\t<div class=\"elementor-column elementor-col-100 elementor-inner-column elementor-element elementor-element-7610803\" data-id=\"7610803\" data-element_type=\"column\">\n\t\t\t<div class=\"elementor-widget-wrap elementor-element-populated\">\n\t\t\t\t\t\t<div class=\"elementor-element elementor-element-ce26f68 elementor-widget elementor-widget-image\" data-id=\"ce26f68\" data-element_type=\"widget\" data-widget_type=\"image.default\">\n\t\t\t\t<div class=\"elementor-widget-container\">\n\t\t\t\t\t\t\t\t\t\t\t\t<figure class=\"wp-caption\">\n\t\t\t\t\t\t\t\t\t\t<img decoding=\"async\" width=\"800\" height=\"1000\" src=\"https:\/\/richeskarayib.com\/wp-content\/uploads\/2025\/03\/481200830_2192766261126638_3928944221673908397_n-819x1024.jpg\" class=\"attachment-large size-large wp-image-46996\" alt=\"Tyreke &quot;Vicious&quot; Lewis\" srcset=\"https:\/\/richeskarayib.com\/wp-content\/uploads\/2025\/03\/481200830_2192766261126638_3928944221673908397_n-819x1024.jpg 819w, https:\/\/richeskarayib.com\/wp-content\/uploads\/2025\/03\/481200830_2192766261126638_3928944221673908397_n-240x300.jpg 240w, https:\/\/richeskarayib.com\/wp-content\/uploads\/2025\/03\/481200830_2192766261126638_3928944221673908397_n-768x960.jpg 768w, https:\/\/richeskarayib.com\/wp-content\/uploads\/2025\/03\/481200830_2192766261126638_3928944221673908397_n.jpg 1080w\" sizes=\"(max-width: 800px) 100vw, 800px\" \/>\t\t\t\t\t\t\t\t\t\t\t<figcaption class=\"widget-image-caption wp-caption-text\">Tyreke \"Vicious\" Lewis.\n\nSource : <\/figcaption>\n\t\t\t\t\t\t\t\t\t\t<\/figure>\n\t\t\t\t\t\t\t\t\t<\/div>\n\t\t\t\t<\/div>\n\t\t\t\t\t<\/div>\n\t\t<\/div>\n\t\t\t\t\t<\/div>\n\t\t<\/section>\n\t\t\t\t\t<\/div>\n\t\t<\/div>\n\t\t\t\t\t<\/div>\n\t\t<\/section>\n\t\t\t\t<section class=\"elementor-section elementor-top-section elementor-element elementor-element-53262f1 elementor-section-boxed elementor-section-height-default elementor-section-height-default\" data-id=\"53262f1\" data-element_type=\"section\">\n\t\t\t\t\t\t<div class=\"elementor-container elementor-column-gap-default\">\n\t\t\t\t\t<div class=\"elementor-column elementor-col-100 elementor-top-column elementor-element elementor-element-eac4faf\" data-id=\"eac4faf\" data-element_type=\"column\">\n\t\t\t<div class=\"elementor-widget-wrap elementor-element-populated\">\n\t\t\t\t\t\t<div class=\"elementor-element elementor-element-05782f7 elementor-widget elementor-widget-heading\" data-id=\"05782f7\" data-element_type=\"widget\" data-widget_type=\"heading.default\">\n\t\t\t\t<div class=\"elementor-widget-container\">\n\t\t\t\t\t<h2 class=\"elementor-heading-title elementor-size-default\">C\u00f3mo funciona el programa\n<\/h2>\t\t\t\t<\/div>\n\t\t\t\t<\/div>\n\t\t\t\t<div class=\"elementor-element elementor-element-9c39683 elementor-widget elementor-widget-text-editor\" data-id=\"9c39683\" data-element_type=\"widget\" data-widget_type=\"text-editor.default\">\n\t\t\t\t<div class=\"elementor-widget-container\">\n\t\t\t\t\t\t\t\t\t<h3>\n            <b>Identificar y apoyar a los j\u00f3venes talentos<\/b><br \/>\n          <\/h3>\n<p>\n            <span style=\"font-weight: 400;\">El programa comienza con visitas a las escuelas para identificar a los alumnos apasionados por el Calypso y la Soca. Con el acuerdo de sus padres, se invita a estos j\u00f3venes a unirse al proyecto. Este proceso de selecci\u00f3n garantiza que los participantes est\u00e9n realmente motivados y dispuestos a aprender y a invertir en su desarrollo art\u00edstico.  <\/span>\n          <\/p>\n\t\t\t\t\t\t\t\t<\/div>\n\t\t\t\t<\/div>\n\t\t\t\t<div class=\"elementor-element elementor-element-eaeadad elementor-widget elementor-widget-text-editor\" data-id=\"eaeadad\" data-element_type=\"widget\" data-widget_type=\"text-editor.default\">\n\t\t\t\t<div class=\"elementor-widget-container\">\n\t\t\t\t\t\t\t\t\t<h3>\n            <b>Entrenamiento personalizado<\/b><br \/>\n          <\/h3>\n<p>\n            <span style=\"font-weight: 400;\">Los participantes se benefician de sesiones individuales de coaching vocal, escritura de guiones y t\u00e9cnicas esc\u00e9nicas. Estos cursos est\u00e1n dise\u00f1ados para desarrollar sus capacidades art\u00edsticas y su soltura en p\u00fablico. Se presta especial atenci\u00f3n a la composici\u00f3n de letras que reflejen temas relevantes para la sociedad antillana, lo que permite a los j\u00f3venes artistas expresar su visi\u00f3n del mundo a trav\u00e9s de su m\u00fasica.  <\/span>\n          <\/p>\n\t\t\t\t\t\t\t\t<\/div>\n\t\t\t\t<\/div>\n\t\t\t\t<div class=\"elementor-element elementor-element-f14030e elementor-widget elementor-widget-text-editor\" data-id=\"f14030e\" data-element_type=\"widget\" data-widget_type=\"text-editor.default\">\n\t\t\t\t<div class=\"elementor-widget-container\">\n\t\t\t\t\t\t\t\t\t<h3>\n            <b>Rendimiento y participaci\u00f3n en la comunidad<\/b><br \/>\n          <\/h3>\n<p>\n            <span style=\"font-weight: 400;\">Los j\u00f3venes artistas act\u00faan en eventos locales, lo que les permite adquirir experiencia antes de participar en las competiciones Junior Calypso Monarch y Junior Soca Monarch. Este enfoque fomenta tanto su progresi\u00f3n art\u00edstica como su desarrollo personal. Actuar en el escenario es una parte esencial de su formaci\u00f3n, que les permite familiarizarse con el p\u00fablico y aprender a enfrentarse al miedo esc\u00e9nico.  <\/span>\n          <\/p>\n\t\t\t\t\t\t\t\t<\/div>\n\t\t\t\t<\/div>\n\t\t\t\t<div class=\"elementor-element elementor-element-5b653d1 elementor-widget elementor-widget-text-editor\" data-id=\"5b653d1\" data-element_type=\"widget\" data-widget_type=\"text-editor.default\">\n\t\t\t\t<div class=\"elementor-widget-container\">\n\t\t\t\t\t\t\t\t\t<p>\n            <span style=\"font-weight: 400;\">Adem\u00e1s, la iniciativa Junior Calypso + Soca Stars va m\u00e1s all\u00e1 de la formaci\u00f3n musical. Anima a los j\u00f3venes a implicarse en la comunidad participando en actos culturales e interactuando con m\u00fasicos de generaciones anteriores, creando una transmisi\u00f3n intergeneracional de conocimientos. <\/span>\n          <\/p>\n\t\t\t\t\t\t\t\t<\/div>\n\t\t\t\t<\/div>\n\t\t\t\t<section class=\"elementor-section elementor-inner-section elementor-element elementor-element-b5e8c34 elementor-section-boxed elementor-section-height-default elementor-section-height-default\" data-id=\"b5e8c34\" data-element_type=\"section\">\n\t\t\t\t\t\t<div class=\"elementor-container elementor-column-gap-default\">\n\t\t\t\t\t<div class=\"elementor-column elementor-col-100 elementor-inner-column elementor-element elementor-element-fd66852\" data-id=\"fd66852\" data-element_type=\"column\">\n\t\t\t<div class=\"elementor-widget-wrap elementor-element-populated\">\n\t\t\t\t\t\t<div class=\"elementor-element elementor-element-5e0a7e5 elementor-widget elementor-widget-image\" data-id=\"5e0a7e5\" data-element_type=\"widget\" data-widget_type=\"image.default\">\n\t\t\t\t<div class=\"elementor-widget-container\">\n\t\t\t\t\t\t\t\t\t\t\t\t<figure class=\"wp-caption\">\n\t\t\t\t\t\t\t\t\t\t<img decoding=\"async\" width=\"800\" height=\"800\" src=\"https:\/\/richeskarayib.com\/wp-content\/uploads\/2025\/03\/Jr.-Calypso-Soca-Stars-scaled-e1742778096953.webp\" class=\"attachment-large size-large wp-image-46988\" alt=\"Antigua Barbuda Festivals Commission\" srcset=\"https:\/\/richeskarayib.com\/wp-content\/uploads\/2025\/03\/Jr.-Calypso-Soca-Stars-scaled-e1742778096953.webp 960w, https:\/\/richeskarayib.com\/wp-content\/uploads\/2025\/03\/Jr.-Calypso-Soca-Stars-scaled-e1742778096953-300x300.webp 300w, https:\/\/richeskarayib.com\/wp-content\/uploads\/2025\/03\/Jr.-Calypso-Soca-Stars-scaled-e1742778096953-150x150.webp 150w, https:\/\/richeskarayib.com\/wp-content\/uploads\/2025\/03\/Jr.-Calypso-Soca-Stars-scaled-e1742778096953-768x768.webp 768w\" sizes=\"(max-width: 800px) 100vw, 800px\" \/>\t\t\t\t\t\t\t\t\t\t\t<figcaption class=\"widget-image-caption wp-caption-text\">Antigua Barbuda Festivals Commission<\/figcaption>\n\t\t\t\t\t\t\t\t\t\t<\/figure>\n\t\t\t\t\t\t\t\t\t<\/div>\n\t\t\t\t<\/div>\n\t\t\t\t\t<\/div>\n\t\t<\/div>\n\t\t\t\t\t<\/div>\n\t\t<\/section>\n\t\t\t\t\t<\/div>\n\t\t<\/div>\n\t\t\t\t\t<\/div>\n\t\t<\/section>\n\t\t\t\t<section class=\"elementor-section elementor-top-section elementor-element elementor-element-9c6f672 elementor-section-boxed elementor-section-height-default elementor-section-height-default\" data-id=\"9c6f672\" data-element_type=\"section\">\n\t\t\t\t\t\t<div class=\"elementor-container elementor-column-gap-default\">\n\t\t\t\t\t<div class=\"elementor-column elementor-col-100 elementor-top-column elementor-element elementor-element-8d054d1\" data-id=\"8d054d1\" data-element_type=\"column\">\n\t\t\t<div class=\"elementor-widget-wrap elementor-element-populated\">\n\t\t\t\t\t\t<div class=\"elementor-element elementor-element-aea2bb7 elementor-widget elementor-widget-heading\" data-id=\"aea2bb7\" data-element_type=\"widget\" data-widget_type=\"heading.default\">\n\t\t\t\t<div class=\"elementor-widget-container\">\n\t\t\t\t\t<h2 class=\"elementor-heading-title elementor-size-default\">Un impacto duradero en la cultura local<\/h2>\t\t\t\t<\/div>\n\t\t\t\t<\/div>\n\t\t\t\t<div class=\"elementor-element elementor-element-5850d8f elementor-widget elementor-widget-text-editor\" data-id=\"5850d8f\" data-element_type=\"widget\" data-widget_type=\"text-editor.default\">\n\t\t\t\t<div class=\"elementor-widget-container\">\n\t\t\t\t\t\t\t\t\t<p>\n            <span style=\"font-weight: 400;\">El impacto de esta iniciativa no se limita a los propios j\u00f3venes artistas. Al nutrir a los nuevos talentos y darles una plataforma para expresarse, el programa contribuye a la preservaci\u00f3n y evoluci\u00f3n del Calypso y la Soca. Estos g\u00e9neros musicales siempre han sido poderosos medios de expresi\u00f3n para los pueblos del Caribe, y a menudo tratan temas sociales, pol\u00edticos e hist\u00f3ricos.  <\/span>\n          <\/p>\n\t\t\t\t\t\t\t\t<\/div>\n\t\t\t\t<\/div>\n\t\t\t\t<div class=\"elementor-element elementor-element-322b75f elementor-widget elementor-widget-text-editor\" data-id=\"322b75f\" data-element_type=\"widget\" data-widget_type=\"text-editor.default\">\n\t\t\t\t<div class=\"elementor-widget-container\">\n\t\t\t\t\t\t\t\t\t<p>\n            <span style=\"font-weight: 400;\">El programa tambi\u00e9n sensibiliza al p\u00fablico sobre la importancia de estas tradiciones musicales, animando a las familias y comunidades a apoyar activamente a sus j\u00f3venes artistas. La iniciativa refuerza as\u00ed el v\u00ednculo entre generaciones y estimula un renovado inter\u00e9s por la m\u00fasica local. <\/span>\n          <\/p>\n\t\t\t\t\t\t\t\t<\/div>\n\t\t\t\t<\/div>\n\t\t\t\t\t<\/div>\n\t\t<\/div>\n\t\t\t\t\t<\/div>\n\t\t<\/section>\n\t\t\t\t<section class=\"elementor-section elementor-top-section elementor-element elementor-element-059bc9c elementor-section-boxed elementor-section-height-default elementor-section-height-default\" data-id=\"059bc9c\" data-element_type=\"section\">\n\t\t\t\t\t\t<div class=\"elementor-container elementor-column-gap-default\">\n\t\t\t\t\t<div class=\"elementor-column elementor-col-100 elementor-top-column elementor-element elementor-element-68fe53a\" data-id=\"68fe53a\" data-element_type=\"column\">\n\t\t\t<div class=\"elementor-widget-wrap elementor-element-populated\">\n\t\t\t\t\t\t<div class=\"elementor-element elementor-element-cb99714 elementor-widget elementor-widget-heading\" data-id=\"cb99714\" data-element_type=\"widget\" data-widget_type=\"heading.default\">\n\t\t\t\t<div class=\"elementor-widget-container\">\n\t\t\t\t\t<h2 class=\"elementor-heading-title elementor-size-default\">\u00bfC\u00f3mo puedes participar?<\/h2>\t\t\t\t<\/div>\n\t\t\t\t<\/div>\n\t\t\t\t<div class=\"elementor-element elementor-element-1319816 elementor-widget elementor-widget-text-editor\" data-id=\"1319816\" data-element_type=\"widget\" data-widget_type=\"text-editor.default\">\n\t\t\t\t<div class=\"elementor-widget-container\">\n\t\t\t\t\t\t\t\t\t<p>\n            <span style=\"font-weight: 400;\">La Comisi\u00f3n de Festivales de Antigua Barbuda pretende acoger este a\u00f1o al menos a diez nuevos participantes de centros de ense\u00f1anza primaria y secundaria. Para inscribir a un ni\u00f1o, ponte en contacto con el equipo organizador por tel\u00e9fono o WhatsApp llamando al (268) 775-1595. Las inscripciones est\u00e1n abiertas a todos los j\u00f3venes interesados en dedicarse a la m\u00fasica, sea cual sea su nivel de experiencia.  <\/span>\n          <\/p>\n\t\t\t\t\t\t\t\t<\/div>\n\t\t\t\t<\/div>\n\t\t\t\t\t<\/div>\n\t\t<\/div>\n\t\t\t\t\t<\/div>\n\t\t<\/section>\n\t\t\t\t<section class=\"elementor-section elementor-top-section elementor-element elementor-element-e12589f elementor-section-boxed elementor-section-height-default elementor-section-height-default\" data-id=\"e12589f\" data-element_type=\"section\">\n\t\t\t\t\t\t<div class=\"elementor-container elementor-column-gap-default\">\n\t\t\t\t\t<div class=\"elementor-column elementor-col-100 elementor-top-column elementor-element elementor-element-9575326\" data-id=\"9575326\" data-element_type=\"column\">\n\t\t\t<div class=\"elementor-widget-wrap elementor-element-populated\">\n\t\t\t\t\t\t<div class=\"elementor-element elementor-element-845151e elementor-widget elementor-widget-heading\" data-id=\"845151e\" data-element_type=\"widget\" data-widget_type=\"heading.default\">\n\t\t\t\t<div class=\"elementor-widget-container\">\n\t\t\t\t\t<h2 class=\"elementor-heading-title elementor-size-default\">Una iniciativa prometedora para el futuro<\/h2>\t\t\t\t<\/div>\n\t\t\t\t<\/div>\n\t\t\t\t<div class=\"elementor-element elementor-element-6e2ef6f elementor-widget elementor-widget-text-editor\" data-id=\"6e2ef6f\" data-element_type=\"widget\" data-widget_type=\"text-editor.default\">\n\t\t\t\t<div class=\"elementor-widget-container\">\n\t\t\t\t\t\t\t\t\t<p>\n            <span style=\"font-weight: 400;\">El programa Junior Calypso + Soca Stars ilustra el compromiso de la Comisi\u00f3n de Festivales de Antigua Barbuda de transmitir el patrimonio musical del pa\u00eds. Al apoyar a estos j\u00f3venes talentos, esta iniciativa contribuye a la vitalidad de la escena art\u00edstica local y a la mejora de las tradiciones culturales del pa\u00eds. <\/span>\n          <\/p>\n\t\t\t\t\t\t\t\t<\/div>\n\t\t\t\t<\/div>\n\t\t\t\t<div class=\"elementor-element elementor-element-a270f78 elementor-widget elementor-widget-text-editor\" data-id=\"a270f78\" data-element_type=\"widget\" data-widget_type=\"text-editor.default\">\n\t\t\t\t<div class=\"elementor-widget-container\">\n\t\t\t\t\t\t\t\t\t<p>\n            <span style=\"font-weight: 400;\">El proyecto tambi\u00e9n ofrece perspectivas de desarrollo a los j\u00f3venes que deseen seguir una carrera en la industria musical. Gracias a la experiencia adquirida y a los contactos establecidos con profesionales del sector, algunos de los participantes bien podr\u00edan convertirse en las futuras figuras <a href=\"https:\/\/richeskarayib.com\/es\/trinidad-y-tobago-helon-francis-nuevo-monarca-del-calypso-2025\/\" target=\"_blank\" rel=\"noopener\">del Calypso<\/a> y la <a href=\"https:\/\/richeskarayib.com\/es\/machel-montano-un-regreso-sensacional-en-el-chutney-soca-monarch-2025\/\" target=\"_blank\" rel=\"noopener\">Soca<\/a> en Antigua y Barbuda y m\u00e1s all\u00e1. <\/span>\n          <\/p>\n\t\t\t\t\t\t\t\t<\/div>\n\t\t\t\t<\/div>\n\t\t\t\t\t<\/div>\n\t\t<\/div>\n\t\t\t\t\t<\/div>\n\t\t<\/section>\n\t\t\t\t<\/div>\n\t\t","protected":false},"excerpt":{"rendered":"<p>LaComisi\u00f3n de Festivales de Antigua Barbuda ha creado recientemente un programa para animar a la pr\u00f3xima generaci\u00f3n de artistas locales: la iniciativa Junior Calypso + Soca Stars. El objetivo del proyecto es nutrir a los j\u00f3venes talentos en los emblem\u00e1ticos g\u00e9neros del Calypso y la Soca, proporcion\u00e1ndoles una orientaci\u00f3n art\u00edstica integral. Dirigido por Peetron Thomas [&hellip;]<\/p>\n","protected":false},"author":662,"featured_media":46988,"comment_status":"open","ping_status":"open","sticky":false,"template":"","format":"standard","meta":{"_acf_changed":false,"footnotes":""},"categories":[839],"tags":[1691],"class_list":["post-46998","post","type-post","status-publish","format-standard","has-post-thumbnail","hentry","category-noticias","tag-antigua-y-barbuda"],"acf":[],"_links":{"self":[{"href":"https:\/\/richeskarayib.com\/es\/wp-json\/wp\/v2\/posts\/46998","targetHints":{"allow":["GET"]}}],"collection":[{"href":"https:\/\/richeskarayib.com\/es\/wp-json\/wp\/v2\/posts"}],"about":[{"href":"https:\/\/richeskarayib.com\/es\/wp-json\/wp\/v2\/types\/post"}],"author":[{"embeddable":true,"href":"https:\/\/richeskarayib.com\/es\/wp-json\/wp\/v2\/users\/662"}],"replies":[{"embeddable":true,"href":"https:\/\/richeskarayib.com\/es\/wp-json\/wp\/v2\/comments?post=46998"}],"version-history":[{"count":0,"href":"https:\/\/richeskarayib.com\/es\/wp-json\/wp\/v2\/posts\/46998\/revisions"}],"wp:featuredmedia":[{"embeddable":true,"href":"https:\/\/richeskarayib.com\/es\/wp-json\/wp\/v2\/media\/46988"}],"wp:attachment":[{"href":"https:\/\/richeskarayib.com\/es\/wp-json\/wp\/v2\/media?parent=46998"}],"wp:term":[{"taxonomy":"category","embeddable":true,"href":"https:\/\/richeskarayib.com\/es\/wp-json\/wp\/v2\/categories?post=46998"},{"taxonomy":"post_tag","embeddable":true,"href":"https:\/\/richeskarayib.com\/es\/wp-json\/wp\/v2\/tags?post=46998"}],"curies":[{"name":"wp","href":"https:\/\/api.w.org\/{rel}","templated":true}]}}