{"id":47105,"date":"2025-03-26T11:11:50","date_gmt":"2025-03-26T15:11:50","guid":{"rendered":"https:\/\/richeskarayib.com\/martinica-premio-local-de-transformacion-agricola-2024-promover-la-innovacion-en-las-vse-de-martinica\/"},"modified":"2025-03-26T11:13:06","modified_gmt":"2025-03-26T15:13:06","slug":"martinica-premio-local-de-transformacion-agricola-2024-promover-la-innovacion-en-las-vse-de-martinica","status":"publish","type":"post","link":"https:\/\/richeskarayib.com\/es\/martinica-premio-local-de-transformacion-agricola-2024-promover-la-innovacion-en-las-vse-de-martinica\/","title":{"rendered":"Martinica &#8211; Premio Local de Transformaci\u00f3n Agr\u00edcola 2024: promover la innovaci\u00f3n en las VSE de Martinica"},"content":{"rendered":"\t\t<div data-elementor-type=\"wp-post\" data-elementor-id=\"47105\" class=\"elementor elementor-47105 elementor-47083\" data-elementor-post-type=\"post\">\n\t\t\t\t\t\t<section class=\"elementor-section elementor-top-section elementor-element elementor-element-889dceb elementor-section-boxed elementor-section-height-default elementor-section-height-default\" data-id=\"889dceb\" data-element_type=\"section\">\n\t\t\t\t\t\t<div class=\"elementor-container elementor-column-gap-default\">\n\t\t\t\t\t<div class=\"elementor-column elementor-col-100 elementor-top-column elementor-element elementor-element-cb266eb\" data-id=\"cb266eb\" data-element_type=\"column\">\n\t\t\t<div class=\"elementor-widget-wrap elementor-element-populated\">\n\t\t\t\t\t\t<div class=\"elementor-element elementor-element-6d1f975 elementor-widget elementor-widget-text-editor\" data-id=\"6d1f975\" data-element_type=\"widget\" data-widget_type=\"text-editor.default\">\n\t\t\t\t<div class=\"elementor-widget-container\">\n\t\t\t\t\t\t\t\t\t<p><span style=\"font-weight: 400;\">El sitio <\/span><a href=\"https:\/\/www.facebook.com\/parm.crt.martinique\/posts\/-retour-sur-la-c%C3%A9r%C3%A9monie-du-prix-de-lagro-transformation-locale-2024-le-prix-de-\/1236788555122358\/\" target=\"_blank\" rel=\"noopener nofollow\"><b>Premio Local de Agroindustria 2024<\/b><\/a><span style=\"font-weight: 400;\">organizado por el P\u00f4le Agroressources et de Recherche de la Martinique (PARM) en colaboraci\u00f3n con Carrefour Martinique, ha premiado a cuatro empresas martiniquesas por su innovaci\u00f3n en los sectores agroalimentario y cosm\u00e9tico. El premio pretende promover la autonom\u00eda alimentaria y la creatividad local, destacando los productos que combinan tradici\u00f3n y modernidad. <\/span><\/p>\n\t\t\t\t\t\t\t\t<\/div>\n\t\t\t\t<\/div>\n\t\t\t\t\t<\/div>\n\t\t<\/div>\n\t\t\t\t\t<\/div>\n\t\t<\/section>\n\t\t\t\t<section class=\"elementor-section elementor-top-section elementor-element elementor-element-a1f25d1 elementor-section-boxed elementor-section-height-default elementor-section-height-default\" data-id=\"a1f25d1\" data-element_type=\"section\">\n\t\t\t\t\t\t<div class=\"elementor-container elementor-column-gap-default\">\n\t\t\t\t\t<div class=\"elementor-column elementor-col-100 elementor-top-column elementor-element elementor-element-9e15345\" data-id=\"9e15345\" data-element_type=\"column\">\n\t\t\t<div class=\"elementor-widget-wrap elementor-element-populated\">\n\t\t\t\t\t\t<div class=\"elementor-element elementor-element-96b9015 elementor-widget elementor-widget-heading\" data-id=\"96b9015\" data-element_type=\"widget\" data-widget_type=\"heading.default\">\n\t\t\t\t<div class=\"elementor-widget-container\">\n\t\t\t\t\t<h2 class=\"elementor-heading-title elementor-size-default\">Ganadores del Premio de Agroindustria Local 2024\n<\/h2>\t\t\t\t<\/div>\n\t\t\t\t<\/div>\n\t\t\t\t<div class=\"elementor-element elementor-element-8aab9f0 elementor-widget elementor-widget-text-editor\" data-id=\"8aab9f0\" data-element_type=\"widget\" data-widget_type=\"text-editor.default\">\n\t\t\t\t<div class=\"elementor-widget-container\">\n\t\t\t\t\t\t\t\t\t<p><span style=\"font-weight: 400;\">Las empresas ganadoras, <\/span><b><a href=\"https:\/\/www.instagram.com\/lepotagerdesmornes\/\" target=\"_blank\" rel=\"noopener nofollow\">Potager des Mornes<\/a>, <a href=\"https:\/\/www.instagram.com\/alohe.mq\/\" target=\"_blank\" rel=\"noopener nofollow\">Aloh\u00e9<\/a>, <a href=\"https:\/\/www.instagram.com\/excellenceglaces\/\" target=\"_blank\" rel=\"noopener nofollow\">Excellence Glaces<\/a> y <a href=\"https:\/\/www.instagram.com\/cerisepeyi\/\" target=\"_blank\" rel=\"noopener nofollow\">Cerise Peyi<\/a><\/b><span style=\"font-weight: 400;\">Los premios se concedieron en cuatro categor\u00edas distintas: Bebidas, Cosm\u00e9ticos, Dulces y Salados. Cada una de estas empresas present\u00f3 un producto innovador que responde a las necesidades de la regi\u00f3n de Martinica, respetando al mismo tiempo los criterios de sostenibilidad y \u00e9xito comercial. <\/span><\/p>\n\t\t\t\t\t\t\t\t<\/div>\n\t\t\t\t<\/div>\n\t\t\t\t\t<\/div>\n\t\t<\/div>\n\t\t\t\t\t<\/div>\n\t\t<\/section>\n\t\t\t\t<section class=\"elementor-section elementor-top-section elementor-element elementor-element-53262f1 elementor-section-boxed elementor-section-height-default elementor-section-height-default\" data-id=\"53262f1\" data-element_type=\"section\">\n\t\t\t\t\t\t<div class=\"elementor-container elementor-column-gap-default\">\n\t\t\t\t\t<div class=\"elementor-column elementor-col-100 elementor-top-column elementor-element elementor-element-eac4faf\" data-id=\"eac4faf\" data-element_type=\"column\">\n\t\t\t<div class=\"elementor-widget-wrap elementor-element-populated\">\n\t\t\t\t\t\t<div class=\"elementor-element elementor-element-05782f7 elementor-widget elementor-widget-heading\" data-id=\"05782f7\" data-element_type=\"widget\" data-widget_type=\"heading.default\">\n\t\t\t\t<div class=\"elementor-widget-container\">\n\t\t\t\t\t<h2 class=\"elementor-heading-title elementor-size-default\">Categor\u00edas y productos ganadores<\/h2>\t\t\t\t<\/div>\n\t\t\t\t<\/div>\n\t\t\t\t<div class=\"elementor-element elementor-element-9c39683 elementor-widget elementor-widget-text-editor\" data-id=\"9c39683\" data-element_type=\"widget\" data-widget_type=\"text-editor.default\">\n\t\t\t\t<div class=\"elementor-widget-container\">\n\t\t\t\t\t\t\t\t\t<p><b>Bebidas :<\/b><span style=\"font-weight: 400;\"> Le <\/span><b>Potager des Mornes<\/b><span style=\"font-weight: 400;\"> gan\u00f3 este premio con su <\/span><b>k\u00e9fir de albahaca y canela<\/b><span style=\"font-weight: 400;\">una bebida fermentada naturalmente espumosa y sin alcohol que combina los sabores locales con la innovaci\u00f3n.<\/span><\/p>\n<p><b>Cosm\u00e9ticos :<\/b> <b>Aloh\u00e9<\/b><span style=\"font-weight: 400;\"> gan\u00f3 un premio por su <\/span><b>leche capilar con okra<\/b><span style=\"font-weight: 400;\">un producto cosm\u00e9tico que aprovecha al m\u00e1ximo los recursos naturales de Martinica.<\/span><\/p>\n<p><b>Dulces comestibles :<\/b> <b>Excellence Glaces<\/b><span style=\"font-weight: 400;\"> gan\u00f3 con <\/span><b>La Flamme<\/b><span style=\"font-weight: 400;\">un helado que pone de relieve la creatividad y la calidad de los productos locales.<\/span><\/p>\n<p><b>Salado :<\/b> <b>Cerise Peyi<\/b><span style=\"font-weight: 400;\"> fue destacada por su <\/span><b>pastel de verduras con guindilla y mandioca<\/b><span style=\"font-weight: 400;\">un producto que combina tradici\u00f3n e innovaci\u00f3n culinaria.<\/span><\/p>\n\t\t\t\t\t\t\t\t<\/div>\n\t\t\t\t<\/div>\n\t\t\t\t<section class=\"elementor-section elementor-inner-section elementor-element elementor-element-cd4f045 elementor-section-boxed elementor-section-height-default elementor-section-height-default\" data-id=\"cd4f045\" data-element_type=\"section\">\n\t\t\t\t\t\t<div class=\"elementor-container elementor-column-gap-default\">\n\t\t\t\t\t<div class=\"elementor-column elementor-col-25 elementor-inner-column elementor-element elementor-element-0ce95c7\" data-id=\"0ce95c7\" data-element_type=\"column\">\n\t\t\t<div class=\"elementor-widget-wrap elementor-element-populated\">\n\t\t\t\t\t\t<div class=\"elementor-element elementor-element-da7735e elementor-widget elementor-widget-image\" data-id=\"da7735e\" data-element_type=\"widget\" data-widget_type=\"image.default\">\n\t\t\t\t<div class=\"elementor-widget-container\">\n\t\t\t\t\t\t\t\t\t\t\t\t<figure class=\"wp-caption\">\n\t\t\t\t\t\t\t\t\t\t<img fetchpriority=\"high\" decoding=\"async\" width=\"800\" height=\"1000\" src=\"https:\/\/richeskarayib.com\/wp-content\/uploads\/2025\/03\/485437865_1236788091789071_2999209578153661648_n-819x1024.jpg\" class=\"attachment-large size-large wp-image-47091\" alt=\"Prix de l&#039;Agro-Transformation Locale 2024\" srcset=\"https:\/\/richeskarayib.com\/wp-content\/uploads\/2025\/03\/485437865_1236788091789071_2999209578153661648_n-819x1024.jpg 819w, https:\/\/richeskarayib.com\/wp-content\/uploads\/2025\/03\/485437865_1236788091789071_2999209578153661648_n-240x300.jpg 240w, https:\/\/richeskarayib.com\/wp-content\/uploads\/2025\/03\/485437865_1236788091789071_2999209578153661648_n-768x960.jpg 768w, https:\/\/richeskarayib.com\/wp-content\/uploads\/2025\/03\/485437865_1236788091789071_2999209578153661648_n.jpg 1080w\" sizes=\"(max-width: 800px) 100vw, 800px\" \/>\t\t\t\t\t\t\t\t\t\t\t<figcaption class=\"widget-image-caption wp-caption-text\">Potager des Mornes<\/figcaption>\n\t\t\t\t\t\t\t\t\t\t<\/figure>\n\t\t\t\t\t\t\t\t\t<\/div>\n\t\t\t\t<\/div>\n\t\t\t\t\t<\/div>\n\t\t<\/div>\n\t\t\t\t<div class=\"elementor-column elementor-col-25 elementor-inner-column elementor-element elementor-element-208f2bf\" data-id=\"208f2bf\" data-element_type=\"column\">\n\t\t\t<div class=\"elementor-widget-wrap elementor-element-populated\">\n\t\t\t\t\t\t<div class=\"elementor-element elementor-element-9353a73 elementor-widget elementor-widget-image\" data-id=\"9353a73\" data-element_type=\"widget\" data-widget_type=\"image.default\">\n\t\t\t\t<div class=\"elementor-widget-container\">\n\t\t\t\t\t\t\t\t\t\t\t\t<figure class=\"wp-caption\">\n\t\t\t\t\t\t\t\t\t\t<img decoding=\"async\" width=\"800\" height=\"1000\" src=\"https:\/\/richeskarayib.com\/wp-content\/uploads\/2025\/03\/486617137_1236788161789064_5480375626819115570_n-819x1024.jpg\" class=\"attachment-large size-large wp-image-47103\" alt=\"Prix de l&#039;Agro-Transformation Locale 2024\" srcset=\"https:\/\/richeskarayib.com\/wp-content\/uploads\/2025\/03\/486617137_1236788161789064_5480375626819115570_n-819x1024.jpg 819w, https:\/\/richeskarayib.com\/wp-content\/uploads\/2025\/03\/486617137_1236788161789064_5480375626819115570_n-240x300.jpg 240w, https:\/\/richeskarayib.com\/wp-content\/uploads\/2025\/03\/486617137_1236788161789064_5480375626819115570_n-768x960.jpg 768w, https:\/\/richeskarayib.com\/wp-content\/uploads\/2025\/03\/486617137_1236788161789064_5480375626819115570_n.jpg 1080w\" sizes=\"(max-width: 800px) 100vw, 800px\" \/>\t\t\t\t\t\t\t\t\t\t\t<figcaption class=\"widget-image-caption wp-caption-text\">Aloh\u00e9<\/figcaption>\n\t\t\t\t\t\t\t\t\t\t<\/figure>\n\t\t\t\t\t\t\t\t\t<\/div>\n\t\t\t\t<\/div>\n\t\t\t\t\t<\/div>\n\t\t<\/div>\n\t\t\t\t<div class=\"elementor-column elementor-col-25 elementor-inner-column elementor-element elementor-element-29a5922\" data-id=\"29a5922\" data-element_type=\"column\">\n\t\t\t<div class=\"elementor-widget-wrap elementor-element-populated\">\n\t\t\t\t\t\t<div class=\"elementor-element elementor-element-64edb8f elementor-widget elementor-widget-image\" data-id=\"64edb8f\" data-element_type=\"widget\" data-widget_type=\"image.default\">\n\t\t\t\t<div class=\"elementor-widget-container\">\n\t\t\t\t\t\t\t\t\t\t\t\t<figure class=\"wp-caption\">\n\t\t\t\t\t\t\t\t\t\t<img decoding=\"async\" width=\"800\" height=\"1000\" src=\"https:\/\/richeskarayib.com\/wp-content\/uploads\/2025\/03\/486253775_1236788051789075_6265329112537687737_n-819x1024.jpg\" class=\"attachment-large size-large wp-image-47099\" alt=\"Prix de l&#039;Agro-Transformation Locale 2024\" srcset=\"https:\/\/richeskarayib.com\/wp-content\/uploads\/2025\/03\/486253775_1236788051789075_6265329112537687737_n-819x1024.jpg 819w, https:\/\/richeskarayib.com\/wp-content\/uploads\/2025\/03\/486253775_1236788051789075_6265329112537687737_n-240x300.jpg 240w, https:\/\/richeskarayib.com\/wp-content\/uploads\/2025\/03\/486253775_1236788051789075_6265329112537687737_n-768x960.jpg 768w, https:\/\/richeskarayib.com\/wp-content\/uploads\/2025\/03\/486253775_1236788051789075_6265329112537687737_n.jpg 1080w\" sizes=\"(max-width: 800px) 100vw, 800px\" \/>\t\t\t\t\t\t\t\t\t\t\t<figcaption class=\"widget-image-caption wp-caption-text\">Excellence Glaces<\/figcaption>\n\t\t\t\t\t\t\t\t\t\t<\/figure>\n\t\t\t\t\t\t\t\t\t<\/div>\n\t\t\t\t<\/div>\n\t\t\t\t\t<\/div>\n\t\t<\/div>\n\t\t\t\t<div class=\"elementor-column elementor-col-25 elementor-inner-column elementor-element elementor-element-e269e2c\" data-id=\"e269e2c\" data-element_type=\"column\">\n\t\t\t<div class=\"elementor-widget-wrap elementor-element-populated\">\n\t\t\t\t\t\t<div class=\"elementor-element elementor-element-84d4b59 elementor-widget elementor-widget-image\" data-id=\"84d4b59\" data-element_type=\"widget\" data-widget_type=\"image.default\">\n\t\t\t\t<div class=\"elementor-widget-container\">\n\t\t\t\t\t\t\t\t\t\t\t\t<figure class=\"wp-caption\">\n\t\t\t\t\t\t\t\t\t\t<img loading=\"lazy\" decoding=\"async\" width=\"800\" height=\"1000\" src=\"https:\/\/richeskarayib.com\/wp-content\/uploads\/2025\/03\/486064278_1236788088455738_3620300188414916486_n-819x1024.jpg\" class=\"attachment-large size-large wp-image-47095\" alt=\"Prix de l&#039;Agro-Transformation Locale 2024\" srcset=\"https:\/\/richeskarayib.com\/wp-content\/uploads\/2025\/03\/486064278_1236788088455738_3620300188414916486_n-819x1024.jpg 819w, https:\/\/richeskarayib.com\/wp-content\/uploads\/2025\/03\/486064278_1236788088455738_3620300188414916486_n-240x300.jpg 240w, https:\/\/richeskarayib.com\/wp-content\/uploads\/2025\/03\/486064278_1236788088455738_3620300188414916486_n-768x960.jpg 768w, https:\/\/richeskarayib.com\/wp-content\/uploads\/2025\/03\/486064278_1236788088455738_3620300188414916486_n.jpg 1080w\" sizes=\"(max-width: 800px) 100vw, 800px\" \/>\t\t\t\t\t\t\t\t\t\t\t<figcaption class=\"widget-image-caption wp-caption-text\">Cerise Peyi<\/figcaption>\n\t\t\t\t\t\t\t\t\t\t<\/figure>\n\t\t\t\t\t\t\t\t\t<\/div>\n\t\t\t\t<\/div>\n\t\t\t\t\t<\/div>\n\t\t<\/div>\n\t\t\t\t\t<\/div>\n\t\t<\/section>\n\t\t\t\t\t<\/div>\n\t\t<\/div>\n\t\t\t\t\t<\/div>\n\t\t<\/section>\n\t\t\t\t<section class=\"elementor-section elementor-top-section elementor-element elementor-element-357b22c elementor-section-boxed elementor-section-height-default elementor-section-height-default\" data-id=\"357b22c\" data-element_type=\"section\">\n\t\t\t\t\t\t<div class=\"elementor-container elementor-column-gap-default\">\n\t\t\t\t\t<div class=\"elementor-column elementor-col-100 elementor-top-column elementor-element elementor-element-ebbbb15\" data-id=\"ebbbb15\" data-element_type=\"column\">\n\t\t\t<div class=\"elementor-widget-wrap elementor-element-populated\">\n\t\t\t\t\t\t<div class=\"elementor-element elementor-element-a6b5a43 elementor-widget elementor-widget-heading\" data-id=\"a6b5a43\" data-element_type=\"widget\" data-widget_type=\"heading.default\">\n\t\t\t\t<div class=\"elementor-widget-container\">\n\t\t\t\t\t<h2 class=\"elementor-heading-title elementor-size-default\">La importancia del Premio Agroindustrial Local 2024<\/h2>\t\t\t\t<\/div>\n\t\t\t\t<\/div>\n\t\t\t\t<div class=\"elementor-element elementor-element-2c89f3a elementor-widget elementor-widget-text-editor\" data-id=\"2c89f3a\" data-element_type=\"widget\" data-widget_type=\"text-editor.default\">\n\t\t\t\t<div class=\"elementor-widget-container\">\n\t\t\t\t\t\t\t\t\t<p><span style=\"font-weight: 400;\">Este premio es algo m\u00e1s que un galard\u00f3n: proporciona visibilidad y oportunidades econ\u00f3micas cruciales para las peque\u00f1as y medianas empresas (PYME) de Martinica. El sitio   <\/span><b>El Premio Local de Agroindustria 2024<\/b><span style=\"font-weight: 400;\"> permite a los ganadores recibir un cheque de 12.000 euros, pero sobre todo les abre las puertas a nuevas colaboraciones y mercados. <\/span><b>Jessy Lessort<\/b><span style=\"font-weight: 400;\">codirectora de Potager des Mornes, afirma que el premio ha sido un trampol\u00edn para su empresa, que les ha permitido cuestionarse y afinar su estrategia.<\/span><\/p>\n\t\t\t\t\t\t\t\t<\/div>\n\t\t\t\t<\/div>\n\t\t\t\t\t<\/div>\n\t\t<\/div>\n\t\t\t\t\t<\/div>\n\t\t<\/section>\n\t\t\t\t<section class=\"elementor-section elementor-top-section elementor-element elementor-element-3b80e8a elementor-section-boxed elementor-section-height-default elementor-section-height-default\" data-id=\"3b80e8a\" data-element_type=\"section\">\n\t\t\t\t\t\t<div class=\"elementor-container elementor-column-gap-default\">\n\t\t\t\t\t<div class=\"elementor-column elementor-col-100 elementor-top-column elementor-element elementor-element-2f85253\" data-id=\"2f85253\" data-element_type=\"column\">\n\t\t\t<div class=\"elementor-widget-wrap elementor-element-populated\">\n\t\t\t\t\t\t<div class=\"elementor-element elementor-element-92dbeee elementor-widget elementor-widget-heading\" data-id=\"92dbeee\" data-element_type=\"widget\" data-widget_type=\"heading.default\">\n\t\t\t\t<div class=\"elementor-widget-container\">\n\t\t\t\t\t<h2 class=\"elementor-heading-title elementor-size-default\">Criterios de selecci\u00f3n e innovaci\u00f3n<\/h2>\t\t\t\t<\/div>\n\t\t\t\t<\/div>\n\t\t\t\t<div class=\"elementor-element elementor-element-8f630ef elementor-widget elementor-widget-text-editor\" data-id=\"8f630ef\" data-element_type=\"widget\" data-widget_type=\"text-editor.default\">\n\t\t\t\t<div class=\"elementor-widget-container\">\n\t\t\t\t\t\t\t\t\t<p><span style=\"font-weight: 400;\">Los criterios de selecci\u00f3n para el <\/span><b>Premio Local de Agroindustria 2024<\/b><span style=\"font-weight: 400;\">  Los criterios eran estrictos, e inclu\u00edan la innovaci\u00f3n del producto, su contribuci\u00f3n a la agricultura de Martinica, su potencial comercial y su sostenibilidad. El jurado, presidido por   <\/span><b>Pierre Gitany<\/b><span style=\"font-weight: 400;\">Pierre Gitany, evalu\u00f3 a los candidatos seg\u00fan estos criterios, dejando espacio para los favoritos personales, subrayando la importancia del elemento humano en el proceso de selecci\u00f3n.<\/span><\/p>\n\t\t\t\t\t\t\t\t<\/div>\n\t\t\t\t<\/div>\n\t\t\t\t\t<\/div>\n\t\t<\/div>\n\t\t\t\t\t<\/div>\n\t\t<\/section>\n\t\t\t\t<section class=\"elementor-section elementor-top-section elementor-element elementor-element-da16b95 elementor-section-boxed elementor-section-height-default elementor-section-height-default\" data-id=\"da16b95\" data-element_type=\"section\">\n\t\t\t\t\t\t<div class=\"elementor-container elementor-column-gap-default\">\n\t\t\t\t\t<div class=\"elementor-column elementor-col-100 elementor-top-column elementor-element elementor-element-829d2ea\" data-id=\"829d2ea\" data-element_type=\"column\">\n\t\t\t<div class=\"elementor-widget-wrap elementor-element-populated\">\n\t\t\t\t\t\t<div class=\"elementor-element elementor-element-fea6743 elementor-widget elementor-widget-heading\" data-id=\"fea6743\" data-element_type=\"widget\" data-widget_type=\"heading.default\">\n\t\t\t\t<div class=\"elementor-widget-container\">\n\t\t\t\t\t<h2 class=\"elementor-heading-title elementor-size-default\">Impacto en la econom\u00eda local y en la autosuficiencia alimentaria\n<\/h2>\t\t\t\t<\/div>\n\t\t\t\t<\/div>\n\t\t\t\t<div class=\"elementor-element elementor-element-28cd08b elementor-widget elementor-widget-text-editor\" data-id=\"28cd08b\" data-element_type=\"widget\" data-widget_type=\"text-editor.default\">\n\t\t\t\t<div class=\"elementor-widget-container\">\n\t\t\t\t\t\t\t\t\t<p><span style=\"font-weight: 400;\">El sitio <\/span><b>Premio Local de Agroindustria 2024<\/b><span style=\"font-weight: 400;\">  desempe\u00f1a un papel clave en la promoci\u00f3n de<a href=\"https:\/\/richeskarayib.com\/es\/alimentacion-sana-y-dieta-equilibrada-que-significa-realmente\/\" target=\"_blank\" rel=\"noopener\">la autosuficiencia alimentaria<\/a> en Martinica. Al apoyar a las empresas locales innovadoras, contribuye a reforzar la econom\u00eda local y a promover los productos locales.   <\/span><b>Katia Rochefort<\/b><span style=\"font-weight: 400;\">Directora del PARM, explica que este premio es una oportunidad para apoyar y recompensar proyectos que combinen innovaci\u00f3n y sostenibilidad.<\/span><\/p>\n\t\t\t\t\t\t\t\t<\/div>\n\t\t\t\t<\/div>\n\t\t\t\t\t<\/div>\n\t\t<\/div>\n\t\t\t\t\t<\/div>\n\t\t<\/section>\n\t\t\t\t<section class=\"elementor-section elementor-top-section elementor-element elementor-element-7e0c9f4 elementor-section-boxed elementor-section-height-default elementor-section-height-default\" data-id=\"7e0c9f4\" data-element_type=\"section\">\n\t\t\t\t\t\t<div class=\"elementor-container elementor-column-gap-default\">\n\t\t\t\t\t<div class=\"elementor-column elementor-col-100 elementor-top-column elementor-element elementor-element-a3defb6\" data-id=\"a3defb6\" data-element_type=\"column\">\n\t\t\t<div class=\"elementor-widget-wrap elementor-element-populated\">\n\t\t\t\t\t\t<div class=\"elementor-element elementor-element-aa9df8a elementor-widget elementor-widget-heading\" data-id=\"aa9df8a\" data-element_type=\"widget\" data-widget_type=\"heading.default\">\n\t\t\t\t<div class=\"elementor-widget-container\">\n\t\t\t\t\t<h2 class=\"elementor-heading-title elementor-size-default\">Los socios y el proceso de selecci\u00f3n<\/h2>\t\t\t\t<\/div>\n\t\t\t\t<\/div>\n\t\t\t\t<div class=\"elementor-element elementor-element-78c2066 elementor-widget elementor-widget-text-editor\" data-id=\"78c2066\" data-element_type=\"widget\" data-widget_type=\"text-editor.default\">\n\t\t\t\t<div class=\"elementor-widget-container\">\n\t\t\t\t\t\t\t\t\t<p><span style=\"font-weight: 400;\">La asociaci\u00f3n entre <\/span><b>Carrefour Martinica y PARM<\/b><span style=\"font-weight: 400;\"> ha permitido crear un fondo de apoyo gracias a una colecta organizada en las tiendas Carrefour del <\/span><b>5 al 17 de marzo de 2024<\/b><span style=\"font-weight: 400;\">. Las solicitudes estaban abiertas hasta el   <\/span><b>30 de septiembre de 2024<\/b><span style=\"font-weight: 400;\">Las empresas deb\u00edan presentar un producto innovador que contribuyera a la autosuficiencia alimentaria de Martinica.<\/span><\/p>\n\t\t\t\t\t\t\t\t<\/div>\n\t\t\t\t<\/div>\n\t\t\t\t\t<\/div>\n\t\t<\/div>\n\t\t\t\t\t<\/div>\n\t\t<\/section>\n\t\t\t\t<section class=\"elementor-section elementor-top-section elementor-element elementor-element-20fccda elementor-section-boxed elementor-section-height-default elementor-section-height-default\" data-id=\"20fccda\" data-element_type=\"section\">\n\t\t\t\t\t\t<div class=\"elementor-container elementor-column-gap-default\">\n\t\t\t\t\t<div class=\"elementor-column elementor-col-100 elementor-top-column elementor-element elementor-element-483b6a7\" data-id=\"483b6a7\" data-element_type=\"column\">\n\t\t\t<div class=\"elementor-widget-wrap elementor-element-populated\">\n\t\t\t\t\t\t<div class=\"elementor-element elementor-element-ecbf0d5 elementor-widget elementor-widget-heading\" data-id=\"ecbf0d5\" data-element_type=\"widget\" data-widget_type=\"heading.default\">\n\t\t\t\t<div class=\"elementor-widget-container\">\n\t\t\t\t\t<h2 class=\"elementor-heading-title elementor-size-default\">El papel de las empresas ganadoras en la econom\u00eda local<\/h2>\t\t\t\t<\/div>\n\t\t\t\t<\/div>\n\t\t\t\t<div class=\"elementor-element elementor-element-fbe5709 elementor-widget elementor-widget-text-editor\" data-id=\"fbe5709\" data-element_type=\"widget\" data-widget_type=\"text-editor.default\">\n\t\t\t\t<div class=\"elementor-widget-container\">\n\t\t\t\t\t\t\t\t\t<p><span style=\"font-weight: 400;\">Empresas ganadoras como <\/span><b>Le Potager des Mornes<\/b><span style=\"font-weight: 400;\"> y <\/span><b>Aloh\u00e9<\/b><span style=\"font-weight: 400;\">Desempe\u00f1an un papel crucial en la promoci\u00f3n de los productos y la agricultura locales. Al diversificar su oferta, satisfacen las necesidades de los consumidores de Martinica al tiempo que contribuyen al crecimiento econ\u00f3mico de la regi\u00f3n. Visita    <\/span><b>k\u00e9fir de albahaca y canela<\/b><span style=\"font-weight: 400;\"> de <\/span><b>Le Potager des Mornes<\/b><span style=\"font-weight: 400;\">por ejemplo, ofrece un sabor \u00fanico que combina sabores tradicionales con una bebida innovadora.<\/span><\/p>\n\t\t\t\t\t\t\t\t<\/div>\n\t\t\t\t<\/div>\n\t\t\t\t\t<\/div>\n\t\t<\/div>\n\t\t\t\t\t<\/div>\n\t\t<\/section>\n\t\t\t\t<section class=\"elementor-section elementor-top-section elementor-element elementor-element-69a6697 elementor-section-boxed elementor-section-height-default elementor-section-height-default\" data-id=\"69a6697\" data-element_type=\"section\">\n\t\t\t\t\t\t<div class=\"elementor-container elementor-column-gap-default\">\n\t\t\t\t\t<div class=\"elementor-column elementor-col-100 elementor-top-column elementor-element elementor-element-68f7d48\" data-id=\"68f7d48\" data-element_type=\"column\">\n\t\t\t<div class=\"elementor-widget-wrap elementor-element-populated\">\n\t\t\t\t\t\t<div class=\"elementor-element elementor-element-119d91d elementor-widget elementor-widget-text-editor\" data-id=\"119d91d\" data-element_type=\"widget\" data-widget_type=\"text-editor.default\">\n\t\t\t\t<div class=\"elementor-widget-container\">\n\t\t\t\t\t\t\t\t\t<p><span style=\"font-weight: 400;\">El sitio <\/span><b>Premio Local de Transformaci\u00f3n Agroalimentaria 2024<\/b><span style=\"font-weight: 400;\"> es un acontecimiento importante para Martinica, que pone de relieve la innovaci\u00f3n y la creatividad de las <\/span><b>VSE agroalimentarias y cosm\u00e9ticas locales<\/b><span style=\"font-weight: 400;\">. Al promover estas empresas, contribuye a la autonom\u00eda alimentaria y econ\u00f3mica de la regi\u00f3n, ofreciendo un futuro prometedor a los productores locales. <\/span><\/p>\n\t\t\t\t\t\t\t\t<\/div>\n\t\t\t\t<\/div>\n\t\t\t\t\t<\/div>\n\t\t<\/div>\n\t\t\t\t\t<\/div>\n\t\t<\/section>\n\t\t\t\t<\/div>\n\t\t","protected":false},"excerpt":{"rendered":"<p>El sitio Premio Local de Agroindustria 2024organizado por el P\u00f4le Agroressources et de Recherche de la Martinique (PARM) en colaboraci\u00f3n con Carrefour Martinique, ha premiado a cuatro empresas martiniquesas por su innovaci\u00f3n en los sectores agroalimentario y cosm\u00e9tico. El premio pretende promover la autonom\u00eda alimentaria y la creatividad local, destacando los productos que combinan tradici\u00f3n [&hellip;]<\/p>\n","protected":false},"author":662,"featured_media":47087,"comment_status":"open","ping_status":"open","sticky":false,"template":"","format":"standard","meta":{"_acf_changed":false,"footnotes":""},"categories":[839],"tags":[816],"class_list":["post-47105","post","type-post","status-publish","format-standard","has-post-thumbnail","hentry","category-noticias","tag-martinique-es"],"acf":[],"_links":{"self":[{"href":"https:\/\/richeskarayib.com\/es\/wp-json\/wp\/v2\/posts\/47105","targetHints":{"allow":["GET"]}}],"collection":[{"href":"https:\/\/richeskarayib.com\/es\/wp-json\/wp\/v2\/posts"}],"about":[{"href":"https:\/\/richeskarayib.com\/es\/wp-json\/wp\/v2\/types\/post"}],"author":[{"embeddable":true,"href":"https:\/\/richeskarayib.com\/es\/wp-json\/wp\/v2\/users\/662"}],"replies":[{"embeddable":true,"href":"https:\/\/richeskarayib.com\/es\/wp-json\/wp\/v2\/comments?post=47105"}],"version-history":[{"count":0,"href":"https:\/\/richeskarayib.com\/es\/wp-json\/wp\/v2\/posts\/47105\/revisions"}],"wp:featuredmedia":[{"embeddable":true,"href":"https:\/\/richeskarayib.com\/es\/wp-json\/wp\/v2\/media\/47087"}],"wp:attachment":[{"href":"https:\/\/richeskarayib.com\/es\/wp-json\/wp\/v2\/media?parent=47105"}],"wp:term":[{"taxonomy":"category","embeddable":true,"href":"https:\/\/richeskarayib.com\/es\/wp-json\/wp\/v2\/categories?post=47105"},{"taxonomy":"post_tag","embeddable":true,"href":"https:\/\/richeskarayib.com\/es\/wp-json\/wp\/v2\/tags?post=47105"}],"curies":[{"name":"wp","href":"https:\/\/api.w.org\/{rel}","templated":true}]}}