{"id":47599,"date":"2025-03-27T08:16:58","date_gmt":"2025-03-27T12:16:58","guid":{"rendered":"https:\/\/richeskarayib.com\/caribe-fondo-cultural-del-caribe-apoyo-esencial-a-los-creadores-de-la-region\/"},"modified":"2025-03-27T08:16:59","modified_gmt":"2025-03-27T12:16:59","slug":"caribe-fondo-cultural-del-caribe-apoyo-esencial-a-los-creadores-de-la-region","status":"publish","type":"post","link":"https:\/\/richeskarayib.com\/es\/caribe-fondo-cultural-del-caribe-apoyo-esencial-a-los-creadores-de-la-region\/","title":{"rendered":"Caribe &#8211; Fondo Cultural del Caribe: apoyo esencial a los creadores de la regi\u00f3n"},"content":{"rendered":"\t\t<div data-elementor-type=\"wp-post\" data-elementor-id=\"47599\" class=\"elementor elementor-47599 elementor-47585\" data-elementor-post-type=\"post\">\n\t\t\t\t\t\t<section class=\"elementor-section elementor-top-section elementor-element elementor-element-5a1d5cc elementor-section-boxed elementor-section-height-default elementor-section-height-default\" data-id=\"5a1d5cc\" data-element_type=\"section\">\n\t\t\t\t\t\t<div class=\"elementor-container elementor-column-gap-default\">\n\t\t\t\t\t<div class=\"elementor-column elementor-col-100 elementor-top-column elementor-element elementor-element-eeeda23\" data-id=\"eeeda23\" data-element_type=\"column\">\n\t\t\t<div class=\"elementor-widget-wrap elementor-element-populated\">\n\t\t\t\t\t\t<div class=\"elementor-element elementor-element-296ac10 elementor-widget elementor-widget-text-editor\" data-id=\"296ac10\" data-element_type=\"widget\" data-widget_type=\"text-editor.default\">\n\t\t\t\t<div class=\"elementor-widget-container\">\n\t\t\t\t\t\t\t\t\t<p>\n            <span style=\"font-weight: 400;\">El <a href=\"https:\/\/www.instagram.com\/caribbeanculturefund\/\" target=\"_blank\" rel=\"noopener nofollow\">Fondo Cultural del Caribe (CCF<\/a> ) ha anunciado su segunda cohorte de beneficiarios, concediendo veinticinco subvenciones a artistas creativos y organizaciones culturales de <a href=\"https:\/\/richeskarayib.com\/es\/puerto-rico-rotary-business-stopover-san-juan-en-martinica\/\" target=\"_blank\" rel=\"noopener\">Puerto Rico<\/a>, <a href=\"https:\/\/richeskarayib.com\/es\/guaeloupe-el-festival-du-conte-et-des-imaginaires-de-guadalupe-un-puente-entre-tradicion-y-transmision\/\" target=\"_blank\" rel=\"noopener\">Guadalupe<\/a>, <a href=\"https:\/\/richeskarayib.com\/es\/santa-lucia-heartfall-una-pelicula-de-elijah-anatole\/\" target=\"_blank\" rel=\"noopener\">Santa Luc\u00eda<\/a>, San Vicente y las Granadinas, Cura\u00e7ao y las Islas Caim\u00e1n. Estos proyectos reciben una financiaci\u00f3n total de 400.000 USD. Estas subvenciones, concedidas en tres categor\u00edas -Migraci\u00f3n, Archivo y Memoria, y Colaboraci\u00f3n Caribe\u00f1a- apoyan iniciativas que preservan y mejoran el patrimonio caribe\u00f1o, analizan el impacto cultural de la migraci\u00f3n y fomentan la cooperaci\u00f3n art\u00edstica regional. El Fondo Cultural del Caribe confirma as\u00ed su compromiso con la diversidad cultural y la creatividad regional.   <\/span>\n          <\/p>\n\t\t\t\t\t\t\t\t<\/div>\n\t\t\t\t<\/div>\n\t\t\t\t\t<\/div>\n\t\t<\/div>\n\t\t\t\t\t<\/div>\n\t\t<\/section>\n\t\t\t\t<section class=\"elementor-section elementor-top-section elementor-element elementor-element-8eb5b98 elementor-section-boxed elementor-section-height-default elementor-section-height-default\" data-id=\"8eb5b98\" data-element_type=\"section\">\n\t\t\t\t\t\t<div class=\"elementor-container elementor-column-gap-default\">\n\t\t\t\t\t<div class=\"elementor-column elementor-col-100 elementor-top-column elementor-element elementor-element-38ccf51\" data-id=\"38ccf51\" data-element_type=\"column\">\n\t\t\t<div class=\"elementor-widget-wrap elementor-element-populated\">\n\t\t\t\t\t\t<div class=\"elementor-element elementor-element-f78c302 elementor-widget elementor-widget-heading\" data-id=\"f78c302\" data-element_type=\"widget\" data-widget_type=\"heading.default\">\n\t\t\t\t<div class=\"elementor-widget-container\">\n\t\t\t\t\t<h2 class=\"elementor-heading-title elementor-size-default\">Categor\u00edas de subvenciones<\/h2>\t\t\t\t<\/div>\n\t\t\t\t<\/div>\n\t\t\t\t<div class=\"elementor-element elementor-element-3fc37ff elementor-widget elementor-widget-text-editor\" data-id=\"3fc37ff\" data-element_type=\"widget\" data-widget_type=\"text-editor.default\">\n\t\t\t\t<div class=\"elementor-widget-container\">\n\t\t\t\t\t\t\t\t\t<p class=\"\" data-start=\"868\" data-end=\"1196\">\n            <span style=\"font-weight: 400;\">El proceso de selecci\u00f3n corri\u00f3 a cargo de un jurado de expertos de los pa\u00edses elegibles. Raymona Henry-Wynne, Directora Ejecutiva de la Fundaci\u00f3n para el Desarrollo Cultural de Santa Luc\u00eda, particip\u00f3 en la evaluaci\u00f3n de esta segunda cohorte. Describe la experiencia como &#8220;una visi\u00f3n reveladora del inmenso potencial creativo de la regi\u00f3n&#8221;.  <\/span>\n          <\/p>\n\t\t\t\t\t\t\t\t<\/div>\n\t\t\t\t<\/div>\n\t\t\t\t<div class=\"elementor-element elementor-element-7ccfcd7 elementor-widget elementor-widget-text-editor\" data-id=\"7ccfcd7\" data-element_type=\"widget\" data-widget_type=\"text-editor.default\">\n\t\t\t\t<div class=\"elementor-widget-container\">\n\t\t\t\t\t\t\t\t\t\n          <h4>\n            <b>Migraci\u00f3n<\/b>\n          <\/h4>\n          \n\n          <p>\n            <span style=\"font-weight: 400;\">Cinco proyectos han recibido subvenciones de 10.000 USD cada uno para explorar el impacto cultural de la migraci\u00f3n y reforzar los v\u00ednculos entre territorios. Entre ellos figuran <\/span>\n          <\/p>\n          \n\n          <ul>\n            \n\n            <li style=\"font-weight: 400;\" aria-level=\"1\"><b>Narrativas del cambio<\/b><span style=\"font-weight: 400;\"> (Islas Caim\u00e1n)<\/span><\/li>\n            \n\n            <li style=\"font-weight: 400;\" aria-level=\"1\"><b>Mam\u00e1 Baranka<\/b><span style=\"font-weight: 400;\"> (Cura\u00e7ao)<\/span><\/li>\n            \n\n            <li style=\"font-weight: 400;\" aria-level=\"1\"><b>Bigidi<\/b><span style=\"font-weight: 400;\"> (Guadalupe)<\/span><\/li>\n            \n\n            <li style=\"font-weight: 400;\" aria-level=\"1\">\n              <b>Para Impresionar \u00bfA Qui\u00e9n?<\/b>\n              <span style=\"font-weight: 400;\">  (Puerto Rico)<\/span>\n            <\/li>\n            \n\n            <li style=\"font-weight: 400;\" aria-level=\"1\"><b>Lakay (and\u00e9pandans)<\/b><span style=\"font-weight: 400;\"> (Santa Luc\u00eda)<\/span><\/li>\n            \n\n          <\/ul>\n        \t\t\t\t\t\t\t\t<\/div>\n\t\t\t\t<\/div>\n\t\t\t\t<div class=\"elementor-element elementor-element-51fd92d elementor-widget elementor-widget-text-editor\" data-id=\"51fd92d\" data-element_type=\"widget\" data-widget_type=\"text-editor.default\">\n\t\t\t\t<div class=\"elementor-widget-container\">\n\t\t\t\t\t\t\t\t\t\n          <h4>\n            <b>Archivo y Memoria<\/b>\n          <\/h4>\n          \n\n          <p>\n            <span style=\"font-weight: 400;\">Tambi\u00e9n se han concedido subvenciones de 10.000 USD a diez proyectos para documentar y conservar el patrimonio caribe\u00f1o:<\/span>\n          <\/p>\n          \n\n          <ul>\n            \n\n            <li style=\"font-weight: 400;\" aria-level=\"1\"><b>Bon Kabei (Buen Pelo)<\/b><span style=\"font-weight: 400;\"> (Cura\u00e7ao)<\/span><\/li>\n            \n\n            <li style=\"font-weight: 400;\" aria-level=\"1\"><b>Cinuca<\/b><span style=\"font-weight: 400;\"> (Guadalupe)<\/span><\/li>\n            \n\n            <li style=\"font-weight: 400;\" aria-level=\"1\"><b>Soy Lolita Lebr\u00f3n<\/b><span style=\"font-weight: 400;\"> (Puerto Rico)<\/span><\/li>\n            \n\n            <li style=\"font-weight: 400;\" aria-level=\"1\"><b>Matronas de las Luchas<\/b><span style=\"font-weight: 400;\"> (Puerto Rico)<\/span><\/li>\n            \n\n            <li style=\"font-weight: 400;\" aria-level=\"1\"><b>Archivo Digital MAC en el Barrio<\/b><span style=\"font-weight: 400;\"> (Puerto Rico)<\/span><\/li>\n            \n\n            <li style=\"font-weight: 400;\" aria-level=\"1\"><b>Mujeres del Cine Boricua<\/b><span style=\"font-weight: 400;\"> (Puerto Rico)<\/span><\/li>\n            \n\n            <li style=\"font-weight: 400;\" aria-level=\"1\"><b>Paradoja en el Para\u00edso<\/b><span style=\"font-weight: 400;\"> (Puerto Rico)<\/span><\/li>\n            \n\n            <li style=\"font-weight: 400;\" aria-level=\"1\"><b>Nacimiento de Bolom<\/b><span style=\"font-weight: 400;\"> (Santa Luc\u00eda)<\/span><\/li>\n            \n\n            <li style=\"font-weight: 400;\" aria-level=\"1\"><b>Machete, Mascarada y Memoria<\/b><span style=\"font-weight: 400;\"> (Santa Luc\u00eda)<\/span><\/li>\n            \n\n            <li style=\"font-weight: 400;\" aria-level=\"1\"><b>O.N.G. (Operaci\u00f3n Generaci\u00f3n Nex&#8217;)<\/b><span style=\"font-weight: 400;\"> (San Vicente y las Granadinas)<\/span><\/li>\n            \n\n          <\/ul>\n        \t\t\t\t\t\t\t\t<\/div>\n\t\t\t\t<\/div>\n\t\t\t\t<div class=\"elementor-element elementor-element-b002325 elementor-widget elementor-widget-text-editor\" data-id=\"b002325\" data-element_type=\"widget\" data-widget_type=\"text-editor.default\">\n\t\t\t\t<div class=\"elementor-widget-container\">\n\t\t\t\t\t\t\t\t\t\n          <h4>\n            <b>Colaboraci\u00f3n en el Caribe<\/b>\n          <\/h4>\n          \n\n          <p>\n            <span style=\"font-weight: 400;\">Diez proyectos que promueven la cooperaci\u00f3n art\u00edstica en toda la regi\u00f3n han recibido subvenciones de 25.000 USD cada uno:<\/span>\n          <\/p>\n          \n\n          <ul>\n            \n\n            <li style=\"font-weight: 400;\" aria-level=\"1\"><b>Noticias de MAF<\/b><span style=\"font-weight: 400;\"> (Guadalupe\/Guayana Francesa)<\/span><\/li>\n            \n\n            <li style=\"font-weight: 400;\" aria-level=\"1\"><b>Paw\u00f2l a Mas<\/b><span style=\"font-weight: 400;\"> (Guadalupe\/Santa Luc\u00eda\/Trinidad y Tobago)<\/span><\/li>\n            \n\n            <li style=\"font-weight: 400;\" aria-level=\"1\"><b>Temporal: Sanando el Cuerpo y la Tierra<\/b><span style=\"font-weight: 400;\"> (Puerto Rico\/Barbados)<\/span><\/li>\n            \n\n            <li style=\"font-weight: 400;\" aria-level=\"1\"><b>Conjunto Antillano<\/b><span style=\"font-weight: 400;\"> (Puerto Rico\/Rep\u00fablica Dominicana\/Cuba)<\/span><\/li>\n            \n\n            <li style=\"font-weight: 400;\" aria-level=\"1\"><b>Uniendo el Archipi\u00e9lago<\/b><span style=\"font-weight: 400;\"> (Puerto Rico\/Rep\u00fablica Dominicana)<\/span><\/li>\n            \n\n            <li style=\"font-weight: 400;\" aria-level=\"1\"><b>La Memoria de la Arcilla<\/b><span style=\"font-weight: 400;\"> (Puerto Rico\/Cuba\/Rep\u00fablica Dominicana)<\/span><\/li>\n            \n\n            <li style=\"font-weight: 400;\" aria-level=\"1\"><b>Se necesita una aldea: homenaje a las matriarcas caribe\u00f1as<\/b><span style=\"font-weight: 400;\"> (Puerto Rico\/Islas V\u00edrgenes de EEUU)<\/span><\/li>\n            \n\n            <li style=\"font-weight: 400;\" aria-level=\"1\"><b>Entre Cosmovisiones y Resistencia<\/b><span style=\"font-weight: 400;\"> (Puerto Rico\/Guadalupe\/Aruba)<\/span><\/li>\n            \n\n            <li style=\"font-weight: 400;\" aria-level=\"1\"><b>Festival de Cine de Hairouna<\/b><span style=\"font-weight: 400;\"> (San Vicente y las Granadinas\/Hait\u00ed)<\/span><\/li>\n            \n\n            <li style=\"font-weight: 400;\" aria-level=\"1\"><b>M\u00fasica, Cine y Cuentacuentos<\/b><span style=\"font-weight: 400;\"> (San Vicente y las Granadinas\/Trinidad y Tobago)<\/span><\/li>\n            \n\n          <\/ul>\n        \t\t\t\t\t\t\t\t<\/div>\n\t\t\t\t<\/div>\n\t\t\t\t<section class=\"elementor-section elementor-inner-section elementor-element elementor-element-121c0b1 elementor-section-boxed elementor-section-height-default elementor-section-height-default\" data-id=\"121c0b1\" data-element_type=\"section\">\n\t\t\t\t\t\t<div class=\"elementor-container elementor-column-gap-default\">\n\t\t\t\t\t<div class=\"elementor-column elementor-col-100 elementor-inner-column elementor-element elementor-element-437be9d\" data-id=\"437be9d\" data-element_type=\"column\">\n\t\t\t<div class=\"elementor-widget-wrap elementor-element-populated\">\n\t\t\t\t\t\t<div class=\"elementor-element elementor-element-b0aa056 elementor-widget elementor-widget-image\" data-id=\"b0aa056\" data-element_type=\"widget\" data-widget_type=\"image.default\">\n\t\t\t\t<div class=\"elementor-widget-container\">\n\t\t\t\t\t\t\t\t\t\t\t\t\t\t\t<img fetchpriority=\"high\" decoding=\"async\" width=\"800\" height=\"452\" src=\"https:\/\/richeskarayib.com\/wp-content\/uploads\/2025\/03\/484288835_18042991859582640_3767785316469854767_n-1024x579.jpg\" class=\"attachment-large size-large wp-image-47593\" alt=\"Fonds Culturel de la Cara\u00efbe\" srcset=\"https:\/\/richeskarayib.com\/wp-content\/uploads\/2025\/03\/484288835_18042991859582640_3767785316469854767_n-1024x579.jpg 1024w, https:\/\/richeskarayib.com\/wp-content\/uploads\/2025\/03\/484288835_18042991859582640_3767785316469854767_n-300x170.jpg 300w, https:\/\/richeskarayib.com\/wp-content\/uploads\/2025\/03\/484288835_18042991859582640_3767785316469854767_n-768x434.jpg 768w, https:\/\/richeskarayib.com\/wp-content\/uploads\/2025\/03\/484288835_18042991859582640_3767785316469854767_n-1320x746.jpg 1320w, https:\/\/richeskarayib.com\/wp-content\/uploads\/2025\/03\/484288835_18042991859582640_3767785316469854767_n.jpg 1440w\" sizes=\"(max-width: 800px) 100vw, 800px\" \/>\t\t\t\t\t\t\t\t\t\t\t\t\t\t\t<\/div>\n\t\t\t\t<\/div>\n\t\t\t\t\t<\/div>\n\t\t<\/div>\n\t\t\t\t\t<\/div>\n\t\t<\/section>\n\t\t\t\t\t<\/div>\n\t\t<\/div>\n\t\t\t\t\t<\/div>\n\t\t<\/section>\n\t\t\t\t<section class=\"elementor-section elementor-top-section elementor-element elementor-element-b8a40ef elementor-section-boxed elementor-section-height-default elementor-section-height-default\" data-id=\"b8a40ef\" data-element_type=\"section\">\n\t\t\t\t\t\t<div class=\"elementor-container elementor-column-gap-default\">\n\t\t\t\t\t<div class=\"elementor-column elementor-col-100 elementor-top-column elementor-element elementor-element-cd7190f\" data-id=\"cd7190f\" data-element_type=\"column\">\n\t\t\t<div class=\"elementor-widget-wrap elementor-element-populated\">\n\t\t\t\t\t\t<div class=\"elementor-element elementor-element-0f0214f elementor-widget elementor-widget-heading\" data-id=\"0f0214f\" data-element_type=\"widget\" data-widget_type=\"heading.default\">\n\t\t\t\t<div class=\"elementor-widget-container\">\n\t\t\t\t\t<h2 class=\"elementor-heading-title elementor-size-default\">Impacto del Fondo Cultural del Caribe\n<\/h2>\t\t\t\t<\/div>\n\t\t\t\t<\/div>\n\t\t\t\t<div class=\"elementor-element elementor-element-804fa68 elementor-widget elementor-widget-text-editor\" data-id=\"804fa68\" data-element_type=\"widget\" data-widget_type=\"text-editor.default\">\n\t\t\t\t<div class=\"elementor-widget-container\">\n\t\t\t\t\t\t\t\t\t<p>\n            <span style=\"font-weight: 400;\">Seg\u00fan Kellie Magnus, Directora Ejecutiva de la FCC, &#8220;el \u00e9xito de nuestra primera cohorte nos ha permitido recaudar fondos adicionales, lo que hace que nuestra segunda cohorte sea a\u00fan m\u00e1s significativa. Creemos en la cooperaci\u00f3n regional y nos entusiasma la perspectiva de abrir nuevas oportunidades a los creativos del Caribe&#8221;. El <a href=\"https:\/\/www.facebook.com\/CaribbeanCultureFund\/\" target=\"_blank\" rel=\"noopener nofollow\">Fondo Cultural del<\/a> Caribe se est\u00e1 convirtiendo as\u00ed en un actor clave en la estructuraci\u00f3n del sector cultural regional. <\/span>\n          <\/p>\n\t\t\t\t\t\t\t\t<\/div>\n\t\t\t\t<\/div>\n\t\t\t\t<div class=\"elementor-element elementor-element-d048523 elementor-widget elementor-widget-text-editor\" data-id=\"d048523\" data-element_type=\"widget\" data-widget_type=\"text-editor.default\">\n\t\t\t\t<div class=\"elementor-widget-container\">\n\t\t\t\t\t\t\t\t\t<p>\n            <span style=\"font-weight: 400;\">Victoria Apolinario, cineasta dominicana y beneficiaria de la primera cohorte, ilustra este impacto: &#8220;Gracias a la FCC, puedo decir que soy la coordinadora de Muestra Karibe, un espacio cinematogr\u00e1fico dedicado al Caribe y sus di\u00e1sporas. Es m\u00e1s que una promoci\u00f3n profesional, es tambi\u00e9n una forma de tomar partido, una forma de dar a conocer nuestras identidades art\u00edsticas&#8221;.<\/span>\n          <\/p>\n\t\t\t\t\t\t\t\t<\/div>\n\t\t\t\t<\/div>\n\t\t\t\t<div class=\"elementor-element elementor-element-536fcb1 elementor-widget elementor-widget-text-editor\" data-id=\"536fcb1\" data-element_type=\"widget\" data-widget_type=\"text-editor.default\">\n\t\t\t\t<div class=\"elementor-widget-container\">\n\t\t\t\t\t\t\t\t\t<p>\n            <span style=\"font-weight: 400;\">Wizeman Seide, artista culinario haitiano, confirma que el FCC es &#8220;mucho m\u00e1s que un apoyo financiero: es un verdadero trampol\u00edn. Da legitimidad a las iniciativas culturales y abre nuevos horizontes&#8221;. Este apoyo del <a href=\"https:\/\/www.loopnews.com\/content\/caribbean-culture-fund-awards-grants-us400k-to-caribbean-creatives\/\" target=\"_blank\" rel=\"noopener nofollow\">Fondo Cultural del<\/a> Caribe representa un gran paso adelante para el desarrollo de las industrias culturales y creativas. <\/span>\n          <\/p>\n\t\t\t\t\t\t\t\t<\/div>\n\t\t\t\t<\/div>\n\t\t\t\t<section class=\"elementor-section elementor-inner-section elementor-element elementor-element-fc7789d elementor-section-boxed elementor-section-height-default elementor-section-height-default\" data-id=\"fc7789d\" data-element_type=\"section\">\n\t\t\t\t\t\t<div class=\"elementor-container elementor-column-gap-default\">\n\t\t\t\t\t<div class=\"elementor-column elementor-col-100 elementor-inner-column elementor-element elementor-element-8f17d21\" data-id=\"8f17d21\" data-element_type=\"column\">\n\t\t\t<div class=\"elementor-widget-wrap elementor-element-populated\">\n\t\t\t\t\t\t<div class=\"elementor-element elementor-element-c405ee2 elementor-widget elementor-widget-image\" data-id=\"c405ee2\" data-element_type=\"widget\" data-widget_type=\"image.default\">\n\t\t\t\t<div class=\"elementor-widget-container\">\n\t\t\t\t\t\t\t\t\t\t\t\t\t\t\t<img decoding=\"async\" width=\"696\" height=\"375\" src=\"https:\/\/richeskarayib.com\/wp-content\/uploads\/2025\/03\/Caribbean-Culture-Fund-logo-696x375-1.jpg\" class=\"attachment-large size-large wp-image-47597\" alt=\"Fonds Culturel de la Cara\u00efbe\" srcset=\"https:\/\/richeskarayib.com\/wp-content\/uploads\/2025\/03\/Caribbean-Culture-Fund-logo-696x375-1.jpg 696w, https:\/\/richeskarayib.com\/wp-content\/uploads\/2025\/03\/Caribbean-Culture-Fund-logo-696x375-1-300x162.jpg 300w\" sizes=\"(max-width: 696px) 100vw, 696px\" \/>\t\t\t\t\t\t\t\t\t\t\t\t\t\t\t<\/div>\n\t\t\t\t<\/div>\n\t\t\t\t\t<\/div>\n\t\t<\/div>\n\t\t\t\t\t<\/div>\n\t\t<\/section>\n\t\t\t\t\t<\/div>\n\t\t<\/div>\n\t\t\t\t\t<\/div>\n\t\t<\/section>\n\t\t\t\t<section class=\"elementor-section elementor-top-section elementor-element elementor-element-c6a2f6e elementor-section-boxed elementor-section-height-default elementor-section-height-default\" data-id=\"c6a2f6e\" data-element_type=\"section\">\n\t\t\t\t\t\t<div class=\"elementor-container elementor-column-gap-default\">\n\t\t\t\t\t<div class=\"elementor-column elementor-col-100 elementor-top-column elementor-element elementor-element-92126ec\" data-id=\"92126ec\" data-element_type=\"column\">\n\t\t\t<div class=\"elementor-widget-wrap elementor-element-populated\">\n\t\t\t\t\t\t<div class=\"elementor-element elementor-element-1a40429 elementor-widget elementor-widget-heading\" data-id=\"1a40429\" data-element_type=\"widget\" data-widget_type=\"heading.default\">\n\t\t\t\t<div class=\"elementor-widget-container\">\n\t\t\t\t\t<h2 class=\"elementor-heading-title elementor-size-default\">Perspectivas de futuro<\/h2>\t\t\t\t<\/div>\n\t\t\t\t<\/div>\n\t\t\t\t<div class=\"elementor-element elementor-element-432541c elementor-widget elementor-widget-text-editor\" data-id=\"432541c\" data-element_type=\"widget\" data-widget_type=\"text-editor.default\">\n\t\t\t\t<div class=\"elementor-widget-container\">\n\t\t\t\t\t\t\t\t\t<p class=\"\" data-start=\"1198\" data-end=\"1705\">\n            <span style=\"font-weight: 400;\">La misi\u00f3n del <a href=\"https:\/\/www.caymancompass.com\/2025\/03\/25\/caribbean-culture-fund-awards-25-grants-to-creative-projects-across-six-nations\/\" target=\"_blank\" rel=\"noopener nofollow\">Fondo Cultural del<\/a> Caribe es apoyar a los artistas creativos del Caribe reduciendo las barreras financieras y fomentando el desarrollo art\u00edstico. La financiaci\u00f3n de esta segunda cohorte ha corrido a cargo de la Andrew W. Mellon Foundation y la Open Society Foundations. Para mantener este impulso, el Fondo Cultural del Caribe est\u00e1 preparando el lanzamiento de nuevas iniciativas, incluido un programa de subvenciones de contrapartida para atraer a otros financiadores culturales.    <\/span>\n          <\/p>\n\t\t\t\t\t\t\t\t<\/div>\n\t\t\t\t<\/div>\n\t\t\t\t<div class=\"elementor-element elementor-element-8a390d5 elementor-widget elementor-widget-text-editor\" data-id=\"8a390d5\" data-element_type=\"widget\" data-widget_type=\"text-editor.default\">\n\t\t\t\t<div class=\"elementor-widget-container\">\n\t\t\t\t\t\t\t\t\t<p>\n            <span style=\"font-weight: 400;\">Adem\u00e1s, se pondr\u00e1 a disposici\u00f3n de los artistas una base de datos en l\u00ednea de oportunidades de financiaci\u00f3n para simplificar el acceso a los recursos.  <\/span><br \/>\n            <span style=\"font-weight: 400;\">El Fondo Cultural del Caribe desempe\u00f1a un papel fundamental en la promoci\u00f3n y el desarrollo de la creaci\u00f3n art\u00edstica en la regi\u00f3n. Al apoyar las iniciativas locales y fomentar la colaboraci\u00f3n, el Fondo Cultural del Caribe contribuye a enriquecer la expresi\u00f3n cultural caribe\u00f1a, al tiempo que le ofrece nuevas perspectivas de expansi\u00f3n. <\/span>\n          <\/p>\n\t\t\t\t\t\t\t\t<\/div>\n\t\t\t\t<\/div>\n\t\t\t\t\t<\/div>\n\t\t<\/div>\n\t\t\t\t\t<\/div>\n\t\t<\/section>\n\t\t\t\t<\/div>\n\t\t","protected":false},"excerpt":{"rendered":"<p>El Fondo Cultural del Caribe (CCF ) ha anunciado su segunda cohorte de beneficiarios, concediendo veinticinco subvenciones a artistas creativos y organizaciones culturales de Puerto Rico, Guadalupe, Santa Luc\u00eda, San Vicente y las Granadinas, Cura\u00e7ao y las Islas Caim\u00e1n. Estos proyectos reciben una financiaci\u00f3n total de 400.000 USD. Estas subvenciones, concedidas en tres categor\u00edas -Migraci\u00f3n, [&hellip;]<\/p>\n","protected":false},"author":662,"featured_media":47589,"comment_status":"open","ping_status":"open","sticky":false,"template":"","format":"standard","meta":{"_acf_changed":false,"footnotes":""},"categories":[839],"tags":[1652,1673,1547,1731,1730,1649,1594],"class_list":["post-47599","post","type-post","status-publish","format-standard","has-post-thumbnail","hentry","category-noticias","tag-curacao-es","tag-granadinas","tag-guadalupe","tag-islas-caiman","tag-puerto-rico-es","tag-saint-vincent-es","tag-sainte-lucie-es"],"acf":[],"_links":{"self":[{"href":"https:\/\/richeskarayib.com\/es\/wp-json\/wp\/v2\/posts\/47599","targetHints":{"allow":["GET"]}}],"collection":[{"href":"https:\/\/richeskarayib.com\/es\/wp-json\/wp\/v2\/posts"}],"about":[{"href":"https:\/\/richeskarayib.com\/es\/wp-json\/wp\/v2\/types\/post"}],"author":[{"embeddable":true,"href":"https:\/\/richeskarayib.com\/es\/wp-json\/wp\/v2\/users\/662"}],"replies":[{"embeddable":true,"href":"https:\/\/richeskarayib.com\/es\/wp-json\/wp\/v2\/comments?post=47599"}],"version-history":[{"count":0,"href":"https:\/\/richeskarayib.com\/es\/wp-json\/wp\/v2\/posts\/47599\/revisions"}],"wp:featuredmedia":[{"embeddable":true,"href":"https:\/\/richeskarayib.com\/es\/wp-json\/wp\/v2\/media\/47589"}],"wp:attachment":[{"href":"https:\/\/richeskarayib.com\/es\/wp-json\/wp\/v2\/media?parent=47599"}],"wp:term":[{"taxonomy":"category","embeddable":true,"href":"https:\/\/richeskarayib.com\/es\/wp-json\/wp\/v2\/categories?post=47599"},{"taxonomy":"post_tag","embeddable":true,"href":"https:\/\/richeskarayib.com\/es\/wp-json\/wp\/v2\/tags?post=47599"}],"curies":[{"name":"wp","href":"https:\/\/api.w.org\/{rel}","templated":true}]}}