{"id":47645,"date":"2025-03-27T12:34:45","date_gmt":"2025-03-27T16:34:45","guid":{"rendered":"https:\/\/richeskarayib.com\/guadalupe-festival-cinematografico-nouveaux-regards-2025-una-8a-edicion-inmersiva-y-comprometida\/"},"modified":"2025-04-06T23:44:08","modified_gmt":"2025-04-07T03:44:08","slug":"guadalupe-festival-cinematografico-nouveaux-regards-2025-una-8a-edicion-inmersiva-y-comprometida","status":"publish","type":"post","link":"https:\/\/richeskarayib.com\/es\/guadalupe-festival-cinematografico-nouveaux-regards-2025-una-8a-edicion-inmersiva-y-comprometida\/","title":{"rendered":"Guadalupe &#8211; Festival de Cine Nouveaux Regards 2025: Una 8\u00aa edici\u00f3n inmersiva y comprometida"},"content":{"rendered":"\t\t<div data-elementor-type=\"wp-post\" data-elementor-id=\"47645\" class=\"elementor elementor-47645 elementor-47602\" data-elementor-post-type=\"post\">\n\t\t\t\t\t\t<section class=\"elementor-section elementor-top-section elementor-element elementor-element-5a1d5cc elementor-section-boxed elementor-section-height-default elementor-section-height-default\" data-id=\"5a1d5cc\" data-element_type=\"section\">\n\t\t\t\t\t\t<div class=\"elementor-container elementor-column-gap-default\">\n\t\t\t\t\t<div class=\"elementor-column elementor-col-100 elementor-top-column elementor-element elementor-element-eeeda23\" data-id=\"eeeda23\" data-element_type=\"column\">\n\t\t\t<div class=\"elementor-widget-wrap elementor-element-populated\">\n\t\t\t\t\t\t<div class=\"elementor-element elementor-element-296ac10 elementor-widget elementor-widget-text-editor\" data-id=\"296ac10\" data-element_type=\"widget\" data-widget_type=\"text-editor.default\">\n\t\t\t\t<div class=\"elementor-widget-container\">\n\t\t\t\t\t\t\t\t\t<p><span style=\"font-weight: 400;\">El <a href=\"https:\/\/filmfreeway.com\/NOUVEAUXREGARDSFILMFESTIVAL\" target=\"_blank\" rel=\"noopener nofollow\">Nouveaux Regards Film Festival<\/a> (NRFF) vuelve a <a href=\"https:\/\/richeskarayib.com\/es\/guadalupe-femi-2025-la-29%e1%b5%89-edicion-del-festival-regional-e-internacional-de-cine-de-guadalupe\/\" target=\"_blank\" rel=\"noopener\">Guadalupe<\/a> del 2 al 6 de abril de 2025 para lo que promete ser una 8\u00aa edici\u00f3n excepcional. El festival se ha consolidado como un punto de referencia esencial para el cine caribe\u00f1o e internacional, ofreciendo una plataforma \u00fanica para descubrir, compartir e innovar. <\/span><\/p>\t\t\t\t\t\t\t\t<\/div>\n\t\t\t\t<\/div>\n\t\t\t\t\t<\/div>\n\t\t<\/div>\n\t\t\t\t\t<\/div>\n\t\t<\/section>\n\t\t\t\t<section class=\"elementor-section elementor-top-section elementor-element elementor-element-8eb5b98 elementor-section-boxed elementor-section-height-default elementor-section-height-default\" data-id=\"8eb5b98\" data-element_type=\"section\">\n\t\t\t\t\t\t<div class=\"elementor-container elementor-column-gap-default\">\n\t\t\t\t\t<div class=\"elementor-column elementor-col-100 elementor-top-column elementor-element elementor-element-38ccf51\" data-id=\"38ccf51\" data-element_type=\"column\">\n\t\t\t<div class=\"elementor-widget-wrap elementor-element-populated\">\n\t\t\t\t\t\t<div class=\"elementor-element elementor-element-f78c302 elementor-widget elementor-widget-heading\" data-id=\"f78c302\" data-element_type=\"widget\" data-widget_type=\"heading.default\">\n\t\t\t\t<div class=\"elementor-widget-container\">\n\t\t\t\t\t<h2 class=\"elementor-heading-title elementor-size-default\">Un festival comprometido con el cine caribe\u00f1o<\/h2>\t\t\t\t<\/div>\n\t\t\t\t<\/div>\n\t\t\t\t<div class=\"elementor-element elementor-element-3fc37ff elementor-widget elementor-widget-text-editor\" data-id=\"3fc37ff\" data-element_type=\"widget\" data-widget_type=\"text-editor.default\">\n\t\t\t\t<div class=\"elementor-widget-container\">\n\t\t\t\t\t\t\t\t\t<p><span style=\"font-weight: 400;\">Desde su creaci\u00f3n, el <\/span><a href=\"https:\/\/www.guadeloupe.franceantilles.fr\/actualite\/culture\/nouveaux-regards-film-festival-2025-une-8-edition-ambitieuse-pour-celebrer-le-cinema-caribeen-1028840.php\" target=\"_blank\" rel=\"noopener nofollow\"><b>Festival de Cine Nouveaux Regards<\/b><\/a><span style=\"font-weight: 400;\">  muestra el talento caribe\u00f1o, d\u00e1ndole exposici\u00f3n internacional y facilitando los intercambios profesionales. Para esta edici\u00f3n de 2025, el   <\/span><b>El Festival de Cine Nouveaux Regards <\/b><span style=\"font-weight: 400;\">adquiere una nueva dimensi\u00f3n con el desarrollo de la Academia NR, un programa dedicado a formar y apoyar a los talentos emergentes.<\/span><\/p><p>Este a\u00f1o, \u00a1se han seleccionado dos cortometrajes de Martinica!<\/p><p>&#8220;SIRENES&#8221; de Sarah Mall\u00e9on y &#8220;AU-DEL\u00c0&#8221; de Nicolas Polix\u00e8ne y Sylvain Loubet-dit-Gajol<\/p>\t\t\t\t\t\t\t\t<\/div>\n\t\t\t\t<\/div>\n\t\t\t\t<section class=\"elementor-section elementor-inner-section elementor-element elementor-element-627c661 elementor-section-boxed elementor-section-height-default elementor-section-height-default\" data-id=\"627c661\" data-element_type=\"section\">\n\t\t\t\t\t\t<div class=\"elementor-container elementor-column-gap-default\">\n\t\t\t\t\t<div class=\"elementor-column elementor-col-50 elementor-inner-column elementor-element elementor-element-7656735\" data-id=\"7656735\" data-element_type=\"column\">\n\t\t\t<div class=\"elementor-widget-wrap elementor-element-populated\">\n\t\t\t\t\t\t<div class=\"elementor-element elementor-element-8eb83ac elementor-widget elementor-widget-video\" data-id=\"8eb83ac\" data-element_type=\"widget\" data-settings=\"{&quot;youtube_url&quot;:&quot;https:\\\/\\\/www.youtube.com\\\/watch?v=7sPHgMleajc&amp;ab_channel=NouveauxRegardsFilmFestival&quot;,&quot;video_type&quot;:&quot;youtube&quot;,&quot;controls&quot;:&quot;yes&quot;}\" data-widget_type=\"video.default\">\n\t\t\t\t<div class=\"elementor-widget-container\">\n\t\t\t\t\t\t\t<div class=\"elementor-wrapper elementor-open-inline\">\n\t\t\t<div class=\"elementor-video\"><\/div>\t\t<\/div>\n\t\t\t\t\t\t<\/div>\n\t\t\t\t<\/div>\n\t\t\t\t\t<\/div>\n\t\t<\/div>\n\t\t\t\t<div class=\"elementor-column elementor-col-50 elementor-inner-column elementor-element elementor-element-749d02d\" data-id=\"749d02d\" data-element_type=\"column\">\n\t\t\t<div class=\"elementor-widget-wrap elementor-element-populated\">\n\t\t\t\t\t\t<div class=\"elementor-element elementor-element-6a46fd3 elementor-widget elementor-widget-video\" data-id=\"6a46fd3\" data-element_type=\"widget\" data-settings=\"{&quot;youtube_url&quot;:&quot;https:\\\/\\\/www.youtube.com\\\/watch?v=_CCb7MqqDeo&amp;ab_channel=NouveauxRegardsFilmFestival&quot;,&quot;video_type&quot;:&quot;youtube&quot;,&quot;controls&quot;:&quot;yes&quot;}\" data-widget_type=\"video.default\">\n\t\t\t\t<div class=\"elementor-widget-container\">\n\t\t\t\t\t\t\t<div class=\"elementor-wrapper elementor-open-inline\">\n\t\t\t<div class=\"elementor-video\"><\/div>\t\t<\/div>\n\t\t\t\t\t\t<\/div>\n\t\t\t\t<\/div>\n\t\t\t\t\t<\/div>\n\t\t<\/div>\n\t\t\t\t\t<\/div>\n\t\t<\/section>\n\t\t\t\t\t<\/div>\n\t\t<\/div>\n\t\t\t\t\t<\/div>\n\t\t<\/section>\n\t\t\t\t<section class=\"elementor-section elementor-top-section elementor-element elementor-element-b8a40ef elementor-section-boxed elementor-section-height-default elementor-section-height-default\" data-id=\"b8a40ef\" data-element_type=\"section\">\n\t\t\t\t\t\t<div class=\"elementor-container elementor-column-gap-default\">\n\t\t\t\t\t<div class=\"elementor-column elementor-col-100 elementor-top-column elementor-element elementor-element-cd7190f\" data-id=\"cd7190f\" data-element_type=\"column\">\n\t\t\t<div class=\"elementor-widget-wrap elementor-element-populated\">\n\t\t\t\t\t\t<div class=\"elementor-element elementor-element-0f0214f elementor-widget elementor-widget-heading\" data-id=\"0f0214f\" data-element_type=\"widget\" data-widget_type=\"heading.default\">\n\t\t\t\t<div class=\"elementor-widget-container\">\n\t\t\t\t\t<h2 class=\"elementor-heading-title elementor-size-default\">La gran novedad del Festival 2025\n<\/h2>\t\t\t\t<\/div>\n\t\t\t\t<\/div>\n\t\t\t\t<div class=\"elementor-element elementor-element-804fa68 elementor-widget elementor-widget-text-editor\" data-id=\"804fa68\" data-element_type=\"widget\" data-widget_type=\"text-editor.default\">\n\t\t\t\t<div class=\"elementor-widget-container\">\n\t\t\t\t\t\t\t\t\t<h3><strong><i>El Memorial ACTe: Capital del Festival<\/i><\/strong><\/h3><p><span style=\"font-weight: 400;\">En 2025, el M\u00e9morial ACTe volver\u00e1 a convertirse en el coraz\u00f3n palpitante del festival. Este lugar emblem\u00e1tico, cargado de historia, acoger\u00e1 proyecciones, encuentros y clases magistrales, reforzando el v\u00ednculo entre cultura, memoria y creaci\u00f3n cinematogr\u00e1fica. <\/span><\/p>\t\t\t\t\t\t\t\t<\/div>\n\t\t\t\t<\/div>\n\t\t\t\t<div class=\"elementor-element elementor-element-00bab46 elementor-widget elementor-widget-text-editor\" data-id=\"00bab46\" data-element_type=\"widget\" data-widget_type=\"text-editor.default\">\n\t\t\t\t<div class=\"elementor-widget-container\">\n\t\t\t\t\t\t\t\t\t<h3><strong><i>La proyecci\u00f3n ins\u00f3lita: Un recorrido cinematogr\u00e1fico por Pointe-\u00e0-Pitre<\/i><\/strong><\/h3><p><span style=\"font-weight: 400;\">Con un enfoque innovador, esta proyecci\u00f3n lleva a los espectadores a una aventura urbana inmersiva, en la que la exploraci\u00f3n de la ciudad y los descubrimientos cinematogr\u00e1ficos se combinan para ofrecer una experiencia \u00fanica.<\/span><\/p>\t\t\t\t\t\t\t\t<\/div>\n\t\t\t\t<\/div>\n\t\t\t\t<div class=\"elementor-element elementor-element-cd2e4c5 elementor-widget elementor-widget-text-editor\" data-id=\"cd2e4c5\" data-element_type=\"widget\" data-widget_type=\"text-editor.default\">\n\t\t\t\t<div class=\"elementor-widget-container\">\n\t\t\t\t\t\t\t\t\t<h3><strong><i>Regards Crois\u00e9s: Proyecci\u00f3n de pel\u00edculas intergeneracionales<\/i><\/strong><\/h3><p><span style=\"font-weight: 400;\">Un lugar para que los estudiantes de \u00faltimo curso y de secundaria compartan sus visiones del pasado y del presente mediante un debate posterior a la proyecci\u00f3n.<\/span><\/p>\t\t\t\t\t\t\t\t<\/div>\n\t\t\t\t<\/div>\n\t\t\t\t<div class=\"elementor-element elementor-element-d879f3c elementor-widget elementor-widget-text-editor\" data-id=\"d879f3c\" data-element_type=\"widget\" data-widget_type=\"text-editor.default\">\n\t\t\t\t<div class=\"elementor-widget-container\">\n\t\t\t\t\t\t\t\t\t<h3><strong><i>Proyecci\u00f3n de Comme \u00e0 la Maison &#8211; Edici\u00f3n Especial del NRFF<\/i><\/strong><\/h3><p><span style=\"font-weight: 400;\">Presentaci\u00f3n de cortometrajes Made in Guadeloupe, en un marco c\u00e1lido y envolvente, organizada por el productor Baddy Dega.<\/span><\/p>\t\t\t\t\t\t\t\t<\/div>\n\t\t\t\t<\/div>\n\t\t\t\t<div class=\"elementor-element elementor-element-4fc77fd elementor-widget elementor-widget-text-editor\" data-id=\"4fc77fd\" data-element_type=\"widget\" data-widget_type=\"text-editor.default\">\n\t\t\t\t<div class=\"elementor-widget-container\">\n\t\t\t\t\t\t\t\t\t<h3><strong><i>La S\u00e9ance Coup de C\u0153ur &#8211; Proyecci\u00f3n patrocinada por Krys<\/i><\/strong><\/h3><p><span style=\"font-weight: 400;\">Un artista popular comparte con el p\u00fablico su pel\u00edcula favorita, combinando m\u00fasica y cine.<\/span><\/p>\t\t\t\t\t\t\t\t<\/div>\n\t\t\t\t<\/div>\n\t\t\t\t<div class=\"elementor-element elementor-element-5807d6a elementor-widget elementor-widget-text-editor\" data-id=\"5807d6a\" data-element_type=\"widget\" data-widget_type=\"text-editor.default\">\n\t\t\t\t<div class=\"elementor-widget-container\">\n\t\t\t\t\t\t\t\t\t<h3><strong><i>Un Autre Regard: Una Sesi\u00f3n para Cambiar de Perspectiva<\/i><\/strong><\/h3><p><span style=\"font-weight: 400;\">Esta selecci\u00f3n destaca pel\u00edculas que desaf\u00edan la norma y cuestionan nuestras certezas, ofreciendo nuevas perspectivas.<\/span><\/p>\t\t\t\t\t\t\t\t<\/div>\n\t\t\t\t<\/div>\n\t\t\t\t<div class=\"elementor-element elementor-element-9433091 elementor-widget elementor-widget-text-editor\" data-id=\"9433091\" data-element_type=\"widget\" data-widget_type=\"text-editor.default\">\n\t\t\t\t<div class=\"elementor-widget-container\">\n\t\t\t\t\t\t\t\t\t<h3><strong><i>Libres Miradas: Proyecciones en la prisi\u00f3n de Baie-Mahault<\/i><\/strong><\/h3><p><span style=\"font-weight: 400;\">Primera edici\u00f3n de proyecciones de cortometrajes en centros penitenciarios, con la mediaci\u00f3n de Cin\u00e9Mawon para fomentar la reflexi\u00f3n y el di\u00e1logo.<\/span><\/p>\t\t\t\t\t\t\t\t<\/div>\n\t\t\t\t<\/div>\n\t\t\t\t\t<\/div>\n\t\t<\/div>\n\t\t\t\t\t<\/div>\n\t\t<\/section>\n\t\t\t\t<section class=\"elementor-section elementor-top-section elementor-element elementor-element-c6a2f6e elementor-section-boxed elementor-section-height-default elementor-section-height-default\" data-id=\"c6a2f6e\" data-element_type=\"section\">\n\t\t\t\t\t\t<div class=\"elementor-container elementor-column-gap-default\">\n\t\t\t\t\t<div class=\"elementor-column elementor-col-100 elementor-top-column elementor-element elementor-element-92126ec\" data-id=\"92126ec\" data-element_type=\"column\">\n\t\t\t<div class=\"elementor-widget-wrap elementor-element-populated\">\n\t\t\t\t\t\t<div class=\"elementor-element elementor-element-1a40429 elementor-widget elementor-widget-heading\" data-id=\"1a40429\" data-element_type=\"widget\" data-widget_type=\"heading.default\">\n\t\t\t\t<div class=\"elementor-widget-container\">\n\t\t\t\t\t<h2 class=\"elementor-heading-title elementor-size-default\">Un Festival al servicio del cine y la cultura<\/h2>\t\t\t\t<\/div>\n\t\t\t\t<\/div>\n\t\t\t\t<div class=\"elementor-element elementor-element-432541c elementor-widget elementor-widget-text-editor\" data-id=\"432541c\" data-element_type=\"widget\" data-widget_type=\"text-editor.default\">\n\t\t\t\t<div class=\"elementor-widget-container\">\n\t\t\t\t\t\t\t\t\t<p><span style=\"font-weight: 400;\">En <\/span><b>Festival de Cine Nouveaux Regards<\/b><span style=\"font-weight: 400;\">  Un a\u00f1o m\u00e1s, el festival celebra la riqueza de la industria cinematogr\u00e1fica mostrando talentos consagrados y emergentes mediante proyecciones, debates y encuentros exclusivos. El jurado, compuesto por influyentes profesionales de la industria, tendr\u00e1 la dif\u00edcil tarea de premiar las obras m\u00e1s destacadas. <\/span><\/p>\t\t\t\t\t\t\t\t<\/div>\n\t\t\t\t<\/div>\n\t\t\t\t<div class=\"elementor-element elementor-element-8a390d5 elementor-widget elementor-widget-text-editor\" data-id=\"8a390d5\" data-element_type=\"widget\" data-widget_type=\"text-editor.default\">\n\t\t\t\t<div class=\"elementor-widget-container\">\n\t\t\t\t\t\t\t\t\t<p><b>El Jurado de Cortometrajes<\/b><\/p><ul><li style=\"font-weight: 400;\" aria-level=\"1\"><b>Leela Issa<\/b><span style=\"font-weight: 400;\">  Agente de directores y guionistas, especializada en los mercados africano y de ultramar. Representa a nuevos talentos cinematogr\u00e1ficos en Film Talents. <\/span><\/li><li style=\"font-weight: 400;\" aria-level=\"1\"><b>Damien J\u00e9laine<\/b><span style=\"font-weight: 400;\">  Director, guionista y fot\u00f3grafo guadalupe\u00f1o. Su obra ha ganado premios internacionales, entre ellos en el Festival de Cine de Sundance. <\/span><span style=\"font-weight: 400;\"><br><b style=\"font-family: -apple-system, BlinkMacSystemFont, 'Segoe UI', Roboto, 'Helvetica Neue', Arial, 'Noto Sans', sans-serif, 'Apple Color Emoji', 'Segoe UI Emoji', 'Segoe UI Symbol', 'Noto Color Emoji';\"><\/b><\/span><\/li><li style=\"font-weight: 400;\" aria-level=\"1\"><span style=\"font-weight: 400;\"><b style=\"font-family: -apple-system, BlinkMacSystemFont, 'Segoe UI', Roboto, 'Helvetica Neue', Arial, 'Noto Sans', sans-serif, 'Apple Color Emoji', 'Segoe UI Emoji', 'Segoe UI Symbol', 'Noto Color Emoji';\">Samantha Mazzocco-Reynaud<\/b><span style=\"font-weight: 400;\">  Responsable del canal Canal+ Outremer. Comprometida con la visibilidad de los talentos de ultramar, contribuy\u00f3 a la creaci\u00f3n del canal PAC\u00cdFICO+. <\/span><\/span><\/li><\/ul>\t\t\t\t\t\t\t\t<\/div>\n\t\t\t\t<\/div>\n\t\t\t\t<div class=\"elementor-element elementor-element-17ca184 elementor-widget elementor-widget-text-editor\" data-id=\"17ca184\" data-element_type=\"widget\" data-widget_type=\"text-editor.default\">\n\t\t\t\t<div class=\"elementor-widget-container\">\n\t\t\t\t\t\t\t\t\t<p><b>El Jurado de los J\u00f3venes Observadores<\/b><span style=\"font-weight: 400;\"> <\/span><\/p><p><span style=\"font-weight: 400;\">El jurado est\u00e1 compuesto por 31 alumnos de la Seconde 8 del Lyc\u00e9e Gerville R\u00e9ache de Basse-Terre, 19 de los cuales pertenecen a la Secci\u00f3n Internacional de Ingl\u00e9s. Se trata de una oportunidad \u00fanica para que estos j\u00f3venes examinen las obras expuestas. <\/span><\/p>\t\t\t\t\t\t\t\t<\/div>\n\t\t\t\t<\/div>\n\t\t\t\t<section class=\"elementor-section elementor-inner-section elementor-element elementor-element-6dbef42 elementor-section-boxed elementor-section-height-default elementor-section-height-default\" data-id=\"6dbef42\" data-element_type=\"section\">\n\t\t\t\t\t\t<div class=\"elementor-container elementor-column-gap-default\">\n\t\t\t\t\t<div class=\"elementor-column elementor-col-50 elementor-inner-column elementor-element elementor-element-644ee45\" data-id=\"644ee45\" data-element_type=\"column\">\n\t\t\t<div class=\"elementor-widget-wrap elementor-element-populated\">\n\t\t\t\t\t\t<div class=\"elementor-element elementor-element-8b95383 elementor-widget elementor-widget-image\" data-id=\"8b95383\" data-element_type=\"widget\" data-widget_type=\"image.default\">\n\t\t\t\t<div class=\"elementor-widget-container\">\n\t\t\t\t\t\t\t\t\t\t\t\t\t\t\t<img fetchpriority=\"high\" decoding=\"async\" width=\"724\" height=\"1024\" src=\"https:\/\/richeskarayib.com\/wp-content\/uploads\/2025\/03\/DOSSIER-DE-PRESSE-NRFF-2025_web_page-0009-724x1024.jpg\" class=\"attachment-large size-large wp-image-47610\" alt=\"Nouveaux Regards Film Festival\" srcset=\"https:\/\/richeskarayib.com\/wp-content\/uploads\/2025\/03\/DOSSIER-DE-PRESSE-NRFF-2025_web_page-0009-724x1024.jpg 724w, https:\/\/richeskarayib.com\/wp-content\/uploads\/2025\/03\/DOSSIER-DE-PRESSE-NRFF-2025_web_page-0009-212x300.jpg 212w, https:\/\/richeskarayib.com\/wp-content\/uploads\/2025\/03\/DOSSIER-DE-PRESSE-NRFF-2025_web_page-0009-768x1086.jpg 768w, https:\/\/richeskarayib.com\/wp-content\/uploads\/2025\/03\/DOSSIER-DE-PRESSE-NRFF-2025_web_page-0009-1086x1536.jpg 1086w, https:\/\/richeskarayib.com\/wp-content\/uploads\/2025\/03\/DOSSIER-DE-PRESSE-NRFF-2025_web_page-0009.jpg 1241w\" sizes=\"(max-width: 724px) 100vw, 724px\" \/>\t\t\t\t\t\t\t\t\t\t\t\t\t\t\t<\/div>\n\t\t\t\t<\/div>\n\t\t\t\t\t<\/div>\n\t\t<\/div>\n\t\t\t\t<div class=\"elementor-column elementor-col-50 elementor-inner-column elementor-element elementor-element-ef80bae\" data-id=\"ef80bae\" data-element_type=\"column\">\n\t\t\t<div class=\"elementor-widget-wrap elementor-element-populated\">\n\t\t\t\t\t\t<div class=\"elementor-element elementor-element-6c2bbba elementor-widget elementor-widget-image\" data-id=\"6c2bbba\" data-element_type=\"widget\" data-widget_type=\"image.default\">\n\t\t\t\t<div class=\"elementor-widget-container\">\n\t\t\t\t\t\t\t\t\t\t\t\t\t\t\t<img decoding=\"async\" width=\"724\" height=\"1024\" src=\"https:\/\/richeskarayib.com\/wp-content\/uploads\/2025\/03\/DOSSIER-DE-PRESSE-NRFF-2025_web_page-0010-724x1024.jpg\" class=\"attachment-large size-large wp-image-47614\" alt=\"Nouveaux Regards Film Festival\" srcset=\"https:\/\/richeskarayib.com\/wp-content\/uploads\/2025\/03\/DOSSIER-DE-PRESSE-NRFF-2025_web_page-0010-724x1024.jpg 724w, https:\/\/richeskarayib.com\/wp-content\/uploads\/2025\/03\/DOSSIER-DE-PRESSE-NRFF-2025_web_page-0010-212x300.jpg 212w, https:\/\/richeskarayib.com\/wp-content\/uploads\/2025\/03\/DOSSIER-DE-PRESSE-NRFF-2025_web_page-0010-768x1086.jpg 768w, https:\/\/richeskarayib.com\/wp-content\/uploads\/2025\/03\/DOSSIER-DE-PRESSE-NRFF-2025_web_page-0010-1086x1536.jpg 1086w, https:\/\/richeskarayib.com\/wp-content\/uploads\/2025\/03\/DOSSIER-DE-PRESSE-NRFF-2025_web_page-0010.jpg 1241w\" sizes=\"(max-width: 724px) 100vw, 724px\" \/>\t\t\t\t\t\t\t\t\t\t\t\t\t\t\t<\/div>\n\t\t\t\t<\/div>\n\t\t\t\t\t<\/div>\n\t\t<\/div>\n\t\t\t\t\t<\/div>\n\t\t<\/section>\n\t\t\t\t<div class=\"elementor-element elementor-element-fb6f075 elementor-widget elementor-widget-text-editor\" data-id=\"fb6f075\" data-element_type=\"widget\" data-widget_type=\"text-editor.default\">\n\t\t\t\t<div class=\"elementor-widget-container\">\n\t\t\t\t\t\t\t\t\t<p><b>El Jurado del Documental<\/b><\/p><ul><li style=\"font-weight: 400;\" aria-level=\"1\"><b>Valentine Roulet<\/b><span style=\"font-weight: 400;\"> Presidente de la plataforma T\u00ebnk, comprometida con el apoyo a los documentalistas y la innovaci\u00f3n cinematogr\u00e1fica.<\/span><\/li><li style=\"font-weight: 400;\" aria-level=\"1\"><b>Cyril Bron<\/b><span style=\"font-weight: 400;\"> Reconocido director de fotograf\u00eda que ha trabajado en grandes pel\u00edculas y series.<\/span><\/li><li style=\"font-weight: 400;\" aria-level=\"1\"><span style=\"font-weight: 400;\"><b style=\"font-family: -apple-system, BlinkMacSystemFont, 'Segoe UI', Roboto, 'Helvetica Neue', Arial, 'Noto Sans', sans-serif, 'Apple Color Emoji', 'Segoe UI Emoji', 'Segoe UI Symbol', 'Noto Color Emoji';\">Malaury Eloi Paisley<\/b><span style=\"font-weight: 400;\"> Director y artista visual de Guadalupe, formado en la Sorbona y en la EICTV de Cuba, con especial atenci\u00f3n a la identidad y la historia de ultramar.<\/span><\/span><\/li><\/ul>\t\t\t\t\t\t\t\t<\/div>\n\t\t\t\t<\/div>\n\t\t\t\t<section class=\"elementor-section elementor-inner-section elementor-element elementor-element-4f15cab elementor-section-boxed elementor-section-height-default elementor-section-height-default\" data-id=\"4f15cab\" data-element_type=\"section\">\n\t\t\t\t\t\t<div class=\"elementor-container elementor-column-gap-default\">\n\t\t\t\t\t<div class=\"elementor-column elementor-col-50 elementor-inner-column elementor-element elementor-element-cb82239\" data-id=\"cb82239\" data-element_type=\"column\">\n\t\t\t<div class=\"elementor-widget-wrap elementor-element-populated\">\n\t\t\t\t\t\t<div class=\"elementor-element elementor-element-16ae7fa elementor-widget elementor-widget-image\" data-id=\"16ae7fa\" data-element_type=\"widget\" data-widget_type=\"image.default\">\n\t\t\t\t<div class=\"elementor-widget-container\">\n\t\t\t\t\t\t\t\t\t\t\t\t\t\t\t<img decoding=\"async\" width=\"724\" height=\"1024\" src=\"https:\/\/richeskarayib.com\/wp-content\/uploads\/2025\/03\/DOSSIER-DE-PRESSE-NRFF-2025_web_page-0011-724x1024.jpg\" class=\"attachment-large size-large wp-image-47618\" alt=\"Nouveaux Regards Film Festival\" srcset=\"https:\/\/richeskarayib.com\/wp-content\/uploads\/2025\/03\/DOSSIER-DE-PRESSE-NRFF-2025_web_page-0011-724x1024.jpg 724w, https:\/\/richeskarayib.com\/wp-content\/uploads\/2025\/03\/DOSSIER-DE-PRESSE-NRFF-2025_web_page-0011-212x300.jpg 212w, https:\/\/richeskarayib.com\/wp-content\/uploads\/2025\/03\/DOSSIER-DE-PRESSE-NRFF-2025_web_page-0011-768x1086.jpg 768w, https:\/\/richeskarayib.com\/wp-content\/uploads\/2025\/03\/DOSSIER-DE-PRESSE-NRFF-2025_web_page-0011-1086x1536.jpg 1086w, https:\/\/richeskarayib.com\/wp-content\/uploads\/2025\/03\/DOSSIER-DE-PRESSE-NRFF-2025_web_page-0011.jpg 1241w\" sizes=\"(max-width: 724px) 100vw, 724px\" \/>\t\t\t\t\t\t\t\t\t\t\t\t\t\t\t<\/div>\n\t\t\t\t<\/div>\n\t\t\t\t\t<\/div>\n\t\t<\/div>\n\t\t\t\t<div class=\"elementor-column elementor-col-50 elementor-inner-column elementor-element elementor-element-e518985\" data-id=\"e518985\" data-element_type=\"column\">\n\t\t\t<div class=\"elementor-widget-wrap elementor-element-populated\">\n\t\t\t\t\t\t<div class=\"elementor-element elementor-element-6d02c28 elementor-widget elementor-widget-image\" data-id=\"6d02c28\" data-element_type=\"widget\" data-widget_type=\"image.default\">\n\t\t\t\t<div class=\"elementor-widget-container\">\n\t\t\t\t\t\t\t\t\t\t\t\t\t\t\t<img loading=\"lazy\" decoding=\"async\" width=\"724\" height=\"1024\" src=\"https:\/\/richeskarayib.com\/wp-content\/uploads\/2025\/03\/DOSSIER-DE-PRESSE-NRFF-2025_web_page-0012-724x1024.jpg\" class=\"attachment-large size-large wp-image-47622\" alt=\"Nouveaux Regards Film Festival\" srcset=\"https:\/\/richeskarayib.com\/wp-content\/uploads\/2025\/03\/DOSSIER-DE-PRESSE-NRFF-2025_web_page-0012-724x1024.jpg 724w, https:\/\/richeskarayib.com\/wp-content\/uploads\/2025\/03\/DOSSIER-DE-PRESSE-NRFF-2025_web_page-0012-212x300.jpg 212w, https:\/\/richeskarayib.com\/wp-content\/uploads\/2025\/03\/DOSSIER-DE-PRESSE-NRFF-2025_web_page-0012-768x1086.jpg 768w, https:\/\/richeskarayib.com\/wp-content\/uploads\/2025\/03\/DOSSIER-DE-PRESSE-NRFF-2025_web_page-0012-1086x1536.jpg 1086w, https:\/\/richeskarayib.com\/wp-content\/uploads\/2025\/03\/DOSSIER-DE-PRESSE-NRFF-2025_web_page-0012.jpg 1241w\" sizes=\"(max-width: 724px) 100vw, 724px\" \/>\t\t\t\t\t\t\t\t\t\t\t\t\t\t\t<\/div>\n\t\t\t\t<\/div>\n\t\t\t\t\t<\/div>\n\t\t<\/div>\n\t\t\t\t\t<\/div>\n\t\t<\/section>\n\t\t\t\t<div class=\"elementor-element elementor-element-f371875 elementor-widget elementor-widget-text-editor\" data-id=\"f371875\" data-element_type=\"widget\" data-widget_type=\"text-editor.default\">\n\t\t\t\t<div class=\"elementor-widget-container\">\n\t\t\t\t\t\t\t\t\t<p><b>Invitados especiales<\/b><\/p><ul><li style=\"font-weight: 400;\" aria-level=\"1\"><b>Paciencia Priso<\/b><span style=\"font-weight: 400;\"> Productora y Pitch Coach, ex Directora Creativa de Crecimiento en Netflix.<\/span><\/li><li style=\"font-weight: 400;\" aria-level=\"1\"><b>Gala Fr\u00e9con<\/b><span style=\"font-weight: 400;\"> Experta en distribuci\u00f3n de obras de RV, profesora de la \u00c9cole des Gobelins.<\/span><\/li><li style=\"font-weight: 400;\" aria-level=\"1\"><b>Fabien Magry<\/b><span style=\"font-weight: 400;\"> Coach y entrenador mental especializado en el apoyo a artistas.<\/span><\/li><\/ul>\t\t\t\t\t\t\t\t<\/div>\n\t\t\t\t<\/div>\n\t\t\t\t<section class=\"elementor-section elementor-inner-section elementor-element elementor-element-7886875 elementor-section-boxed elementor-section-height-default elementor-section-height-default\" data-id=\"7886875\" data-element_type=\"section\">\n\t\t\t\t\t\t<div class=\"elementor-container elementor-column-gap-default\">\n\t\t\t\t\t<div class=\"elementor-column elementor-col-50 elementor-inner-column elementor-element elementor-element-0f9f32e\" data-id=\"0f9f32e\" data-element_type=\"column\">\n\t\t\t<div class=\"elementor-widget-wrap elementor-element-populated\">\n\t\t\t\t\t\t<div class=\"elementor-element elementor-element-c037d89 elementor-widget elementor-widget-image\" data-id=\"c037d89\" data-element_type=\"widget\" data-widget_type=\"image.default\">\n\t\t\t\t<div class=\"elementor-widget-container\">\n\t\t\t\t\t\t\t\t\t\t\t\t\t\t\t<img loading=\"lazy\" decoding=\"async\" width=\"724\" height=\"1024\" src=\"https:\/\/richeskarayib.com\/wp-content\/uploads\/2025\/03\/DOSSIER-DE-PRESSE-NRFF-2025_web_page-0013-724x1024.jpg\" class=\"attachment-large size-large wp-image-47626\" alt=\"Nouveaux Regards Film Festival\" srcset=\"https:\/\/richeskarayib.com\/wp-content\/uploads\/2025\/03\/DOSSIER-DE-PRESSE-NRFF-2025_web_page-0013-724x1024.jpg 724w, https:\/\/richeskarayib.com\/wp-content\/uploads\/2025\/03\/DOSSIER-DE-PRESSE-NRFF-2025_web_page-0013-212x300.jpg 212w, https:\/\/richeskarayib.com\/wp-content\/uploads\/2025\/03\/DOSSIER-DE-PRESSE-NRFF-2025_web_page-0013-768x1086.jpg 768w, https:\/\/richeskarayib.com\/wp-content\/uploads\/2025\/03\/DOSSIER-DE-PRESSE-NRFF-2025_web_page-0013-1086x1536.jpg 1086w, https:\/\/richeskarayib.com\/wp-content\/uploads\/2025\/03\/DOSSIER-DE-PRESSE-NRFF-2025_web_page-0013.jpg 1241w\" sizes=\"(max-width: 724px) 100vw, 724px\" \/>\t\t\t\t\t\t\t\t\t\t\t\t\t\t\t<\/div>\n\t\t\t\t<\/div>\n\t\t\t\t\t<\/div>\n\t\t<\/div>\n\t\t\t\t<div class=\"elementor-column elementor-col-50 elementor-inner-column elementor-element elementor-element-92a04b7\" data-id=\"92a04b7\" data-element_type=\"column\">\n\t\t\t<div class=\"elementor-widget-wrap elementor-element-populated\">\n\t\t\t\t\t\t<div class=\"elementor-element elementor-element-827c6d2 elementor-widget elementor-widget-image\" data-id=\"827c6d2\" data-element_type=\"widget\" data-widget_type=\"image.default\">\n\t\t\t\t<div class=\"elementor-widget-container\">\n\t\t\t\t\t\t\t\t\t\t\t\t\t\t\t<img loading=\"lazy\" decoding=\"async\" width=\"724\" height=\"1024\" src=\"https:\/\/richeskarayib.com\/wp-content\/uploads\/2025\/03\/DOSSIER-DE-PRESSE-NRFF-2025_web_page-0014-724x1024.jpg\" class=\"attachment-large size-large wp-image-47630\" alt=\"Nouveaux Regards Film Festival\" srcset=\"https:\/\/richeskarayib.com\/wp-content\/uploads\/2025\/03\/DOSSIER-DE-PRESSE-NRFF-2025_web_page-0014-724x1024.jpg 724w, https:\/\/richeskarayib.com\/wp-content\/uploads\/2025\/03\/DOSSIER-DE-PRESSE-NRFF-2025_web_page-0014-212x300.jpg 212w, https:\/\/richeskarayib.com\/wp-content\/uploads\/2025\/03\/DOSSIER-DE-PRESSE-NRFF-2025_web_page-0014-768x1086.jpg 768w, https:\/\/richeskarayib.com\/wp-content\/uploads\/2025\/03\/DOSSIER-DE-PRESSE-NRFF-2025_web_page-0014-1086x1536.jpg 1086w, https:\/\/richeskarayib.com\/wp-content\/uploads\/2025\/03\/DOSSIER-DE-PRESSE-NRFF-2025_web_page-0014.jpg 1241w\" sizes=\"(max-width: 724px) 100vw, 724px\" \/>\t\t\t\t\t\t\t\t\t\t\t\t\t\t\t<\/div>\n\t\t\t\t<\/div>\n\t\t\t\t\t<\/div>\n\t\t<\/div>\n\t\t\t\t\t<\/div>\n\t\t<\/section>\n\t\t\t\t\t<\/div>\n\t\t<\/div>\n\t\t\t\t\t<\/div>\n\t\t<\/section>\n\t\t\t\t<section class=\"elementor-section elementor-top-section elementor-element elementor-element-a779729 elementor-section-boxed elementor-section-height-default elementor-section-height-default\" data-id=\"a779729\" data-element_type=\"section\">\n\t\t\t\t\t\t<div class=\"elementor-container elementor-column-gap-default\">\n\t\t\t\t\t<div class=\"elementor-column elementor-col-100 elementor-top-column elementor-element elementor-element-e77ae4b\" data-id=\"e77ae4b\" data-element_type=\"column\">\n\t\t\t<div class=\"elementor-widget-wrap elementor-element-populated\">\n\t\t\t\t\t\t<div class=\"elementor-element elementor-element-e389e74 elementor-widget elementor-widget-heading\" data-id=\"e389e74\" data-element_type=\"widget\" data-widget_type=\"heading.default\">\n\t\t\t\t<div class=\"elementor-widget-container\">\n\t\t\t\t\t<h2 class=\"elementor-heading-title elementor-size-default\">Pel\u00edculas en preestreno  \n<\/h2>\t\t\t\t<\/div>\n\t\t\t\t<\/div>\n\t\t\t\t<div class=\"elementor-element elementor-element-f5bb55e elementor-widget elementor-widget-text-editor\" data-id=\"f5bb55e\" data-element_type=\"widget\" data-widget_type=\"text-editor.default\">\n\t\t\t\t<div class=\"elementor-widget-container\">\n\t\t\t\t\t\t\t\t\t<p><span style=\"font-weight: 400;\">\u2b50 <\/span><b>Pel\u00edcula inaugural &#8211; &#8220;Transamazonia<\/b><b><br><\/b><span style=\"font-weight: 400;\"> Un fresco dram\u00e1tico que explora la lucha entre tradici\u00f3n y modernidad en la Amazonia, dirigido por Pia Marais y producido por Cin\u00e9ma Defacto y sus socios internacionales.<\/span><\/p><p><span style=\"font-weight: 400;\">\u2b50 <\/span><b>Pel\u00edcula de clausura &#8211; &#8220;Fanon<\/b><b><br><\/b><span style=\"font-weight: 400;\">  Conmovedor biopic sobre Frantz Fanon, psiquiatra y activista anticolonial, dirigido por Jean-Claude Barny. Una obra poderosa, con una producci\u00f3n franco-caribe\u00f1a. <\/span><\/p>\t\t\t\t\t\t\t\t<\/div>\n\t\t\t\t<\/div>\n\t\t\t\t<section class=\"elementor-section elementor-inner-section elementor-element elementor-element-6ea101b elementor-section-boxed elementor-section-height-default elementor-section-height-default\" data-id=\"6ea101b\" data-element_type=\"section\">\n\t\t\t\t\t\t<div class=\"elementor-container elementor-column-gap-default\">\n\t\t\t\t\t<div class=\"elementor-column elementor-col-100 elementor-inner-column elementor-element elementor-element-7205d89\" data-id=\"7205d89\" data-element_type=\"column\">\n\t\t\t<div class=\"elementor-widget-wrap elementor-element-populated\">\n\t\t\t\t\t\t<div class=\"elementor-element elementor-element-4fafe75 elementor-widget elementor-widget-image\" data-id=\"4fafe75\" data-element_type=\"widget\" data-widget_type=\"image.default\">\n\t\t\t\t<div class=\"elementor-widget-container\">\n\t\t\t\t\t\t\t\t\t\t\t\t\t\t\t<img loading=\"lazy\" decoding=\"async\" width=\"724\" height=\"1024\" src=\"https:\/\/richeskarayib.com\/wp-content\/uploads\/2025\/03\/DOSSIER-DE-PRESSE-NRFF-2025_web_page-0017-724x1024.jpg\" class=\"attachment-large size-large wp-image-47634\" alt=\"Nouveaux Regards Film Festival\" srcset=\"https:\/\/richeskarayib.com\/wp-content\/uploads\/2025\/03\/DOSSIER-DE-PRESSE-NRFF-2025_web_page-0017-724x1024.jpg 724w, https:\/\/richeskarayib.com\/wp-content\/uploads\/2025\/03\/DOSSIER-DE-PRESSE-NRFF-2025_web_page-0017-212x300.jpg 212w, https:\/\/richeskarayib.com\/wp-content\/uploads\/2025\/03\/DOSSIER-DE-PRESSE-NRFF-2025_web_page-0017-768x1086.jpg 768w, https:\/\/richeskarayib.com\/wp-content\/uploads\/2025\/03\/DOSSIER-DE-PRESSE-NRFF-2025_web_page-0017-1086x1536.jpg 1086w, https:\/\/richeskarayib.com\/wp-content\/uploads\/2025\/03\/DOSSIER-DE-PRESSE-NRFF-2025_web_page-0017.jpg 1241w\" sizes=\"(max-width: 724px) 100vw, 724px\" \/>\t\t\t\t\t\t\t\t\t\t\t\t\t\t\t<\/div>\n\t\t\t\t<\/div>\n\t\t\t\t\t<\/div>\n\t\t<\/div>\n\t\t\t\t\t<\/div>\n\t\t<\/section>\n\t\t\t\t\t<\/div>\n\t\t<\/div>\n\t\t\t\t\t<\/div>\n\t\t<\/section>\n\t\t\t\t<section class=\"elementor-section elementor-top-section elementor-element elementor-element-5c0d28b elementor-section-boxed elementor-section-height-default elementor-section-height-default\" data-id=\"5c0d28b\" data-element_type=\"section\">\n\t\t\t\t\t\t<div class=\"elementor-container elementor-column-gap-default\">\n\t\t\t\t\t<div class=\"elementor-column elementor-col-100 elementor-top-column elementor-element elementor-element-e39376b\" data-id=\"e39376b\" data-element_type=\"column\">\n\t\t\t<div class=\"elementor-widget-wrap elementor-element-populated\">\n\t\t\t\t\t\t<div class=\"elementor-element elementor-element-f9134c8 elementor-widget elementor-widget-heading\" data-id=\"f9134c8\" data-element_type=\"widget\" data-widget_type=\"heading.default\">\n\t\t\t\t<div class=\"elementor-widget-container\">\n\t\t\t\t\t<h2 class=\"elementor-heading-title elementor-size-default\">Cifras clave de la 8\u00aa edici\u00f3n\n<\/h2>\t\t\t\t<\/div>\n\t\t\t\t<\/div>\n\t\t\t\t<div class=\"elementor-element elementor-element-ab03f36 elementor-widget elementor-widget-text-editor\" data-id=\"ab03f36\" data-element_type=\"widget\" data-widget_type=\"text-editor.default\">\n\t\t\t\t<div class=\"elementor-widget-container\">\n\t\t\t\t\t\t\t\t\t<ul><li style=\"font-weight: 400;\" aria-level=\"1\"><span style=\"font-weight: 400;\">4 d\u00edas de proyecciones<\/span><\/li><li style=\"font-weight: 400;\" aria-level=\"1\"><span style=\"font-weight: 400;\">40 pel\u00edculas de 20 pa\u00edses<\/span><\/li><li style=\"font-weight: 400;\" aria-level=\"1\"><span style=\"font-weight: 400;\">22 pel\u00edculas a concurso del Caribe y la Guayana Francesa<\/span><\/li><li style=\"font-weight: 400;\" aria-level=\"1\"><span style=\"font-weight: 400;\">15 de 22 pel\u00edculas caribe\u00f1as dirigidas por mujeres (68%)<\/span><\/li><li style=\"font-weight: 400;\" aria-level=\"1\"><span style=\"font-weight: 400;\">8 premios concedidos<\/span><\/li><li style=\"font-weight: 400;\" aria-level=\"1\"><span style=\"font-weight: 400;\">1480 alumnos inscritos en las sesiones escolares<\/span><\/li><li style=\"font-weight: 400;\" aria-level=\"1\"><span style=\"font-weight: 400;\">29 voluntarios implicados<\/span><\/li><\/ul>\t\t\t\t\t\t\t\t<\/div>\n\t\t\t\t<\/div>\n\t\t\t\t\t<\/div>\n\t\t<\/div>\n\t\t\t\t\t<\/div>\n\t\t<\/section>\n\t\t\t\t<section class=\"elementor-section elementor-top-section elementor-element elementor-element-048f892 elementor-section-boxed elementor-section-height-default elementor-section-height-default\" data-id=\"048f892\" data-element_type=\"section\">\n\t\t\t\t\t\t<div class=\"elementor-container elementor-column-gap-default\">\n\t\t\t\t\t<div class=\"elementor-column elementor-col-100 elementor-top-column elementor-element elementor-element-c41d83f\" data-id=\"c41d83f\" data-element_type=\"column\">\n\t\t\t<div class=\"elementor-widget-wrap elementor-element-populated\">\n\t\t\t\t\t\t<div class=\"elementor-element elementor-element-c52b540 elementor-widget elementor-widget-heading\" data-id=\"c52b540\" data-element_type=\"widget\" data-widget_type=\"heading.default\">\n\t\t\t\t<div class=\"elementor-widget-container\">\n\t\t\t\t\t<h2 class=\"elementor-heading-title elementor-size-default\">Concurso del Caribe: Regards d'Ici\n<\/h2>\t\t\t\t<\/div>\n\t\t\t\t<\/div>\n\t\t\t\t<div class=\"elementor-element elementor-element-979b512 elementor-widget elementor-widget-text-editor\" data-id=\"979b512\" data-element_type=\"widget\" data-widget_type=\"text-editor.default\">\n\t\t\t\t<div class=\"elementor-widget-container\">\n\t\t\t\t\t\t\t\t\t<p><span style=\"font-weight: 400;\">De las 452 pel\u00edculas caribe\u00f1as inscritas, 22 cortometrajes y documentales han sido seleccionados para competir en 9 regiones caribe\u00f1as: Guadalupe, Martinica, Hait\u00ed, Rep\u00fablica Dominicana, Costa Rica, Puerto Rico, Islas Caim\u00e1n, Bahamas y Trinidad y Tobago.<\/span><\/p>\t\t\t\t\t\t\t\t<\/div>\n\t\t\t\t<\/div>\n\t\t\t\t<div class=\"elementor-element elementor-element-d3bdfb4 elementor-widget elementor-widget-text-editor\" data-id=\"d3bdfb4\" data-element_type=\"widget\" data-widget_type=\"text-editor.default\">\n\t\t\t\t<div class=\"elementor-widget-container\">\n\t\t\t\t\t\t\t\t\t<p><b>Premios concedidos :<\/b><\/p><ul><li style=\"font-weight: 400;\" aria-level=\"1\"><span style=\"font-weight: 400;\">Premio del Jurado al Mejor Documental de la Regi\u00f3n de Guadalupe (2.500 euros)<\/span><span style=\"font-weight: 400;\"><br><\/span><\/li><li style=\"font-weight: 400;\" aria-level=\"1\"><span style=\"font-weight: 400;\">Prix R\u00e9v\u00e9lations Canal+ al mejor cortometraje antillano-guayan\u00e9s (10.000 euros para derechos y difusi\u00f3n)<\/span><span style=\"font-weight: 400;\"><br><\/span><\/li><li style=\"font-weight: 400;\" aria-level=\"1\"><span style=\"font-weight: 400;\">Premio Talent \u00e0 Suivre del Conseil D\u00e9partemental (10.000 euros para un joven director menor de 30 a\u00f1os)<\/span><span style=\"font-weight: 400;\"><br><\/span><\/li><li style=\"font-weight: 400;\" aria-level=\"1\"><span style=\"font-weight: 400;\">Premio Karibbean al Mejor Gui\u00f3n ofrecido por Karibbean Hive.<\/span><\/li><\/ul>\t\t\t\t\t\t\t\t<\/div>\n\t\t\t\t<\/div>\n\t\t\t\t<div class=\"elementor-element elementor-element-cdfb0d9 elementor-widget elementor-widget-text-editor\" data-id=\"cdfb0d9\" data-element_type=\"widget\" data-widget_type=\"text-editor.default\">\n\t\t\t\t<div class=\"elementor-widget-container\">\n\t\t\t\t\t\t\t\t\t<p><b>El Programa para J\u00f3venes &#8211; NRFF Kids<\/b><\/p><p><span style=\"font-weight: 400;\">Como parte de su compromiso con la educaci\u00f3n sobre la imagen, el festival ofrece proyecciones adaptadas a los j\u00f3venes:<\/span><\/p><ul><li style=\"font-weight: 400;\" aria-level=\"1\"><b>Proyecciones escolares<\/b><span style=\"font-weight: 400;\"> Proyecciones adaptadas a los distintos niveles escolares.<\/span><span style=\"font-weight: 400;\"><br><\/span><\/li><li style=\"font-weight: 400;\" aria-level=\"1\"><b>Taller infantil del NRFF<\/b><span style=\"font-weight: 400;\"> Introducci\u00f3n a la escritura de guiones (8-15 a\u00f1os).<\/span><\/li><li style=\"font-weight: 400;\" aria-level=\"1\"><span style=\"font-weight: 400;\"><b style=\"font-family: -apple-system, BlinkMacSystemFont, 'Segoe UI', Roboto, 'Helvetica Neue', Arial, 'Noto Sans', sans-serif, 'Apple Color Emoji', 'Segoe UI Emoji', 'Segoe UI Symbol', 'Noto Color Emoji';\">Proyecciones familiares<\/b><span style=\"font-weight: 400;\"> Precio de la entrada \u00fanica de 5<\/span><\/span><\/li><\/ul>\t\t\t\t\t\t\t\t<\/div>\n\t\t\t\t<\/div>\n\t\t\t\t<div class=\"elementor-element elementor-element-4d60b69 elementor-widget elementor-widget-text-editor\" data-id=\"4d60b69\" data-element_type=\"widget\" data-widget_type=\"text-editor.default\">\n\t\t\t\t<div class=\"elementor-widget-container\">\n\t\t\t\t\t\t\t\t\t<p><b>NR Academy: Sesiones de formaci\u00f3n y lanzamiento<\/b><\/p><ul><li style=\"font-weight: 400;\" aria-level=\"1\"><span style=\"font-weight: 400;\">Taller de formaci\u00f3n de pitch (1 y 2 de abril)<\/span><span style=\"font-weight: 400;\"><br><\/span><\/li><li style=\"font-weight: 400;\" aria-level=\"1\"><span style=\"font-weight: 400;\">Taller de control de la iluminaci\u00f3n (1 de abril)<\/span><span style=\"font-weight: 400;\"><br><\/span><\/li><li style=\"font-weight: 400;\" aria-level=\"1\"><span style=\"font-weight: 400;\">Sesi\u00f3n de pitch en directo ante financiadores y productores, con el Premio al Mejor Pitch otorgado por Canal+ (10.000 euros)<\/span><span style=\"font-weight: 400;\"><br><\/span><\/li><li style=\"font-weight: 400;\" aria-level=\"1\"><span style=\"font-weight: 400;\">Conferencias y seminarios web<\/span><span style=\"font-weight: 400;\"><br><\/span><ul><li style=\"font-weight: 400;\" aria-level=\"2\"><span style=\"font-weight: 400;\">Rodaje ecorresponsable: instrucciones de uso<\/span><span style=\"font-weight: 400;\"><br><\/span><\/li><li style=\"font-weight: 400;\" aria-level=\"2\"><span style=\"font-weight: 400;\">Financiaci\u00f3n y coproducci\u00f3n cinematogr\u00e1fica en las Antillas francesas y Guayana<\/span><span style=\"font-weight: 400;\"><br><\/span><\/li><li style=\"font-weight: 400;\" aria-level=\"2\"><span style=\"font-weight: 400;\">Webinar sobre la condicionalidad en la producci\u00f3n<\/span><\/li><\/ul><\/li><\/ul>\t\t\t\t\t\t\t\t<\/div>\n\t\t\t\t<\/div>\n\t\t\t\t<section class=\"elementor-section elementor-inner-section elementor-element elementor-element-6de435e elementor-section-boxed elementor-section-height-default elementor-section-height-default\" data-id=\"6de435e\" data-element_type=\"section\">\n\t\t\t\t\t\t<div class=\"elementor-container elementor-column-gap-default\">\n\t\t\t\t\t<div class=\"elementor-column elementor-col-50 elementor-inner-column elementor-element elementor-element-35af58e\" data-id=\"35af58e\" data-element_type=\"column\">\n\t\t\t<div class=\"elementor-widget-wrap elementor-element-populated\">\n\t\t\t\t\t\t<div class=\"elementor-element elementor-element-32c7571 elementor-widget elementor-widget-image\" data-id=\"32c7571\" data-element_type=\"widget\" data-widget_type=\"image.default\">\n\t\t\t\t<div class=\"elementor-widget-container\">\n\t\t\t\t\t\t\t\t\t\t\t\t\t\t\t<img loading=\"lazy\" decoding=\"async\" width=\"724\" height=\"1024\" src=\"https:\/\/richeskarayib.com\/wp-content\/uploads\/2025\/03\/DOSSIER-DE-PRESSE-NRFF-2025_web_page-0015-724x1024.jpg\" class=\"attachment-large size-large wp-image-47638\" alt=\"Nouveaux Regards Film Festival\" srcset=\"https:\/\/richeskarayib.com\/wp-content\/uploads\/2025\/03\/DOSSIER-DE-PRESSE-NRFF-2025_web_page-0015-724x1024.jpg 724w, https:\/\/richeskarayib.com\/wp-content\/uploads\/2025\/03\/DOSSIER-DE-PRESSE-NRFF-2025_web_page-0015-212x300.jpg 212w, https:\/\/richeskarayib.com\/wp-content\/uploads\/2025\/03\/DOSSIER-DE-PRESSE-NRFF-2025_web_page-0015-768x1086.jpg 768w, https:\/\/richeskarayib.com\/wp-content\/uploads\/2025\/03\/DOSSIER-DE-PRESSE-NRFF-2025_web_page-0015-1086x1536.jpg 1086w, https:\/\/richeskarayib.com\/wp-content\/uploads\/2025\/03\/DOSSIER-DE-PRESSE-NRFF-2025_web_page-0015.jpg 1241w\" sizes=\"(max-width: 724px) 100vw, 724px\" \/>\t\t\t\t\t\t\t\t\t\t\t\t\t\t\t<\/div>\n\t\t\t\t<\/div>\n\t\t\t\t\t<\/div>\n\t\t<\/div>\n\t\t\t\t<div class=\"elementor-column elementor-col-50 elementor-inner-column elementor-element elementor-element-acc4c70\" data-id=\"acc4c70\" data-element_type=\"column\">\n\t\t\t<div class=\"elementor-widget-wrap elementor-element-populated\">\n\t\t\t\t\t\t<div class=\"elementor-element elementor-element-0afa517 elementor-widget elementor-widget-image\" data-id=\"0afa517\" data-element_type=\"widget\" data-widget_type=\"image.default\">\n\t\t\t\t<div class=\"elementor-widget-container\">\n\t\t\t\t\t\t\t\t\t\t\t\t\t\t\t<img loading=\"lazy\" decoding=\"async\" width=\"724\" height=\"1024\" src=\"https:\/\/richeskarayib.com\/wp-content\/uploads\/2025\/03\/DOSSIER-DE-PRESSE-NRFF-2025_web_page-0016-724x1024.jpg\" class=\"attachment-large size-large wp-image-47642\" alt=\"Nouveaux Regards Film Festival\" srcset=\"https:\/\/richeskarayib.com\/wp-content\/uploads\/2025\/03\/DOSSIER-DE-PRESSE-NRFF-2025_web_page-0016-724x1024.jpg 724w, https:\/\/richeskarayib.com\/wp-content\/uploads\/2025\/03\/DOSSIER-DE-PRESSE-NRFF-2025_web_page-0016-212x300.jpg 212w, https:\/\/richeskarayib.com\/wp-content\/uploads\/2025\/03\/DOSSIER-DE-PRESSE-NRFF-2025_web_page-0016-768x1086.jpg 768w, https:\/\/richeskarayib.com\/wp-content\/uploads\/2025\/03\/DOSSIER-DE-PRESSE-NRFF-2025_web_page-0016-1086x1536.jpg 1086w, https:\/\/richeskarayib.com\/wp-content\/uploads\/2025\/03\/DOSSIER-DE-PRESSE-NRFF-2025_web_page-0016.jpg 1241w\" sizes=\"(max-width: 724px) 100vw, 724px\" \/>\t\t\t\t\t\t\t\t\t\t\t\t\t\t\t<\/div>\n\t\t\t\t<\/div>\n\t\t\t\t\t<\/div>\n\t\t<\/div>\n\t\t\t\t\t<\/div>\n\t\t<\/section>\n\t\t\t\t\t<\/div>\n\t\t<\/div>\n\t\t\t\t\t<\/div>\n\t\t<\/section>\n\t\t\t\t<section class=\"elementor-section elementor-top-section elementor-element elementor-element-5cec613 elementor-section-boxed elementor-section-height-default elementor-section-height-default\" data-id=\"5cec613\" data-element_type=\"section\">\n\t\t\t\t\t\t<div class=\"elementor-container elementor-column-gap-default\">\n\t\t\t\t\t<div class=\"elementor-column elementor-col-100 elementor-top-column elementor-element elementor-element-833746a\" data-id=\"833746a\" data-element_type=\"column\">\n\t\t\t<div class=\"elementor-widget-wrap elementor-element-populated\">\n\t\t\t\t\t\t<div class=\"elementor-element elementor-element-3e5c66f elementor-widget elementor-widget-text-editor\" data-id=\"3e5c66f\" data-element_type=\"widget\" data-widget_type=\"text-editor.default\">\n\t\t\t\t<div class=\"elementor-widget-container\">\n\t\t\t\t\t\t\t\t\t<p><span style=\"font-weight: 400;\">Con su ambicioso programa, sus experiencias de inmersi\u00f3n y su compromiso con el talento caribe\u00f1o, el Festival de Cine de Nouveaux Regards 2025 promete ser una edici\u00f3n memorable.<\/span><span style=\"font-weight: 400;\"><br><\/span> <span style=\"font-weight: 400;\"> \ud83d\udccd <\/span><b>\u00bfd\u00f3nde?<\/b><span style=\"font-weight: 400;\"> Guadalupe<\/span><span style=\"font-weight: 400;\"><br><\/span> <span style=\"font-weight: 400;\"> \ud83d\udcc5 <\/span><b>\u00bfCu\u00e1ndo?<\/b><span style=\"font-weight: 400;\"> Del 2 al 6 de abril de 2025<\/span><span style=\"font-weight: 400;\"><br><\/span> <span style=\"font-weight: 400;\"> \ud83c\udfa5 <\/span><b>\u00bfPor qu\u00e9 debemos hacerlo?<\/b><span style=\"font-weight: 400;\"> Porque el Caribe rebosa talento y tiene historias fascinantes que compartir.<\/span><\/p>\t\t\t\t\t\t\t\t<\/div>\n\t\t\t\t<\/div>\n\t\t\t\t\t<\/div>\n\t\t<\/div>\n\t\t\t\t\t<\/div>\n\t\t<\/section>\n\t\t\t\t<\/div>\n\t\t","protected":false},"excerpt":{"rendered":"<p>El Nouveaux Regards Film Festival (NRFF) vuelve a Guadalupe del 2 al 6 de abril de 2025 para lo que promete ser una 8\u00aa edici\u00f3n excepcional. El festival se ha consolidado como un punto de referencia esencial para el cine caribe\u00f1o e internacional, ofreciendo una plataforma \u00fanica para descubrir, compartir e innovar. Un festival comprometido [&hellip;]<\/p>\n","protected":false},"author":662,"featured_media":47606,"comment_status":"open","ping_status":"open","sticky":false,"template":"","format":"standard","meta":{"_acf_changed":false,"footnotes":""},"categories":[1505,839],"tags":[1547],"class_list":["post-47645","post","type-post","status-publish","format-standard","has-post-thumbnail","hentry","category-cine-y-video","category-noticias","tag-guadalupe"],"acf":[],"_links":{"self":[{"href":"https:\/\/richeskarayib.com\/es\/wp-json\/wp\/v2\/posts\/47645","targetHints":{"allow":["GET"]}}],"collection":[{"href":"https:\/\/richeskarayib.com\/es\/wp-json\/wp\/v2\/posts"}],"about":[{"href":"https:\/\/richeskarayib.com\/es\/wp-json\/wp\/v2\/types\/post"}],"author":[{"embeddable":true,"href":"https:\/\/richeskarayib.com\/es\/wp-json\/wp\/v2\/users\/662"}],"replies":[{"embeddable":true,"href":"https:\/\/richeskarayib.com\/es\/wp-json\/wp\/v2\/comments?post=47645"}],"version-history":[{"count":0,"href":"https:\/\/richeskarayib.com\/es\/wp-json\/wp\/v2\/posts\/47645\/revisions"}],"wp:featuredmedia":[{"embeddable":true,"href":"https:\/\/richeskarayib.com\/es\/wp-json\/wp\/v2\/media\/47606"}],"wp:attachment":[{"href":"https:\/\/richeskarayib.com\/es\/wp-json\/wp\/v2\/media?parent=47645"}],"wp:term":[{"taxonomy":"category","embeddable":true,"href":"https:\/\/richeskarayib.com\/es\/wp-json\/wp\/v2\/categories?post=47645"},{"taxonomy":"post_tag","embeddable":true,"href":"https:\/\/richeskarayib.com\/es\/wp-json\/wp\/v2\/tags?post=47645"}],"curies":[{"name":"wp","href":"https:\/\/api.w.org\/{rel}","templated":true}]}}