{"id":47696,"date":"2025-03-28T09:24:28","date_gmt":"2025-03-28T13:24:28","guid":{"rendered":"https:\/\/richeskarayib.com\/dominica-caribbean-women-in-leadership-ciwil-reforzar-el-lugar-de-la-mujer-en-la-toma-de-decisiones-politicas-y-economicas-en-el-caribe\/"},"modified":"2025-03-31T07:05:28","modified_gmt":"2025-03-31T11:05:28","slug":"dominica-caribbean-women-in-leadership-ciwil-reforzar-el-lugar-de-la-mujer-en-la-toma-de-decisiones-politicas-y-economicas-en-el-caribe","status":"publish","type":"post","link":"https:\/\/richeskarayib.com\/es\/dominica-caribbean-women-in-leadership-ciwil-reforzar-el-lugar-de-la-mujer-en-la-toma-de-decisiones-politicas-y-economicas-en-el-caribe\/","title":{"rendered":"Dominica &#8211; Caribbean Women in Leadership (CIWiL): Reforzar el lugar de la mujer en la toma de decisiones pol\u00edticas y econ\u00f3micas en el Caribe"},"content":{"rendered":"\t\t<div data-elementor-type=\"wp-post\" data-elementor-id=\"47696\" class=\"elementor elementor-47696 elementor-47670\" data-elementor-post-type=\"post\">\n\t\t\t\t\t\t<section class=\"elementor-section elementor-top-section elementor-element elementor-element-5a1d5cc elementor-section-boxed elementor-section-height-default elementor-section-height-default\" data-id=\"5a1d5cc\" data-element_type=\"section\">\n\t\t\t\t\t\t<div class=\"elementor-container elementor-column-gap-default\">\n\t\t\t\t\t<div class=\"elementor-column elementor-col-100 elementor-top-column elementor-element elementor-element-eeeda23\" data-id=\"eeeda23\" data-element_type=\"column\">\n\t\t\t<div class=\"elementor-widget-wrap elementor-element-populated\">\n\t\t\t\t\t\t<div class=\"elementor-element elementor-element-296ac10 elementor-widget elementor-widget-text-editor\" data-id=\"296ac10\" data-element_type=\"widget\" data-widget_type=\"text-editor.default\">\n\t\t\t\t<div class=\"elementor-widget-container\">\n\t\t\t\t\t\t\t\t\t<p><span style=\"font-weight: 400;\"><a href=\"https:\/\/ciwil.org\/our-activities\/\" target=\"_blank\" rel=\"noopener nofollow\">Caribbean Women in Leadership<\/a> (CIWiL) es una organizaci\u00f3n que promueve la integraci\u00f3n de <a href=\"https:\/\/richeskarayib.com\/es\/mujeres-caribenas-guardianas-del-tiempo-arquitectas-del-manana\/\" target=\"_blank\" rel=\"noopener\">las mujeres en la toma de decisiones en el Caribe<\/a>. Visita   <\/span><b>20 de marzo<\/b><span style=\"font-weight: 400;\">Se ha lanzado oficialmente un nuevo cap\u00edtulo en Dominica, que marca una nueva etapa en esta misi\u00f3n. Esta incorporaci\u00f3n eleva a   <\/span><b>diez<\/b><span style=\"font-weight: 400;\"> el n\u00famero de secciones nacionales activas, uni\u00e9ndose a las de Antigua y Barbuda, Bahamas, Belice, Granada, Jamaica, San Crist\u00f3bal y Nieves, Santa Luc\u00eda, San Vicente y las Granadinas y Trinidad y Tobago.<\/span><\/p>\n\t\t\t\t\t\t\t\t<\/div>\n\t\t\t\t<\/div>\n\t\t\t\t\t<\/div>\n\t\t<\/div>\n\t\t\t\t\t<\/div>\n\t\t<\/section>\n\t\t\t\t<section class=\"elementor-section elementor-top-section elementor-element elementor-element-8eb5b98 elementor-section-boxed elementor-section-height-default elementor-section-height-default\" data-id=\"8eb5b98\" data-element_type=\"section\">\n\t\t\t\t\t\t<div class=\"elementor-container elementor-column-gap-default\">\n\t\t\t\t\t<div class=\"elementor-column elementor-col-100 elementor-top-column elementor-element elementor-element-38ccf51\" data-id=\"38ccf51\" data-element_type=\"column\">\n\t\t\t<div class=\"elementor-widget-wrap elementor-element-populated\">\n\t\t\t\t\t\t<div class=\"elementor-element elementor-element-f78c302 elementor-widget elementor-widget-heading\" data-id=\"f78c302\" data-element_type=\"widget\" data-widget_type=\"heading.default\">\n\t\t\t\t<div class=\"elementor-widget-container\">\n\t\t\t\t\t<h2 class=\"elementor-heading-title elementor-size-default\">Un compromiso necesario con la igualdad de oportunidades<\/h2>\t\t\t\t<\/div>\n\t\t\t\t<\/div>\n\t\t\t\t<div class=\"elementor-element elementor-element-3fc37ff elementor-widget elementor-widget-text-editor\" data-id=\"3fc37ff\" data-element_type=\"widget\" data-widget_type=\"text-editor.default\">\n\t\t\t\t<div class=\"elementor-widget-container\">\n\t\t\t\t\t\t\t\t\t<p>\n            <i><br \/>\n              <span style=\"font-weight: 400;\"><a href=\"https:\/\/www.instagram.com\/_ciwil\/\" target=\"_blank\" rel=\"noopener nofollow\">Mujeres Caribe\u00f1as en Liderazgo<\/a> (CIWiL)<\/span><br \/>\n            <\/i><br \/>\n            <span style=\"font-weight: 400;\">  se basa en un principio fundamental: fomentar una mayor participaci\u00f3n de las mujeres en puestos de gobierno. La organizaci\u00f3n pone en marcha programas de tutor\u00eda, formaci\u00f3n y apoyo para que las mujeres accedan a puestos de poder. <\/span>\n          <\/p>\n\t\t\t\t\t\t\t\t<\/div>\n\t\t\t\t<\/div>\n\t\t\t\t<div class=\"elementor-element elementor-element-17b0700 elementor-widget elementor-widget-text-editor\" data-id=\"17b0700\" data-element_type=\"widget\" data-widget_type=\"text-editor.default\">\n\t\t\t\t<div class=\"elementor-widget-container\">\n\t\t\t\t\t\t\t\t\t<p>\n            <span style=\"font-weight: 400;\">Desde su creaci\u00f3n en 1998, CIWiL trabaja junto a los actores pol\u00edticos, la sociedad civil y las instituciones p\u00fablicas para que las mujeres est\u00e9n mejor representadas en los \u00f3rganos de decisi\u00f3n. El cap\u00edtulo de Dominica se inscribe en esta din\u00e1mica, con el objetivo de abrir nuevas perspectivas a las mujeres que participan en la vida p\u00fablica y econ\u00f3mica del pa\u00eds. <\/span>\n          <\/p>\n\t\t\t\t\t\t\t\t<\/div>\n\t\t\t\t<\/div>\n\t\t\t\t\t<\/div>\n\t\t<\/div>\n\t\t\t\t\t<\/div>\n\t\t<\/section>\n\t\t\t\t<section class=\"elementor-section elementor-top-section elementor-element elementor-element-b8a40ef elementor-section-boxed elementor-section-height-default elementor-section-height-default\" data-id=\"b8a40ef\" data-element_type=\"section\">\n\t\t\t\t\t\t<div class=\"elementor-container elementor-column-gap-default\">\n\t\t\t\t\t<div class=\"elementor-column elementor-col-100 elementor-top-column elementor-element elementor-element-cd7190f\" data-id=\"cd7190f\" data-element_type=\"column\">\n\t\t\t<div class=\"elementor-widget-wrap elementor-element-populated\">\n\t\t\t\t\t\t<div class=\"elementor-element elementor-element-0f0214f elementor-widget elementor-widget-heading\" data-id=\"0f0214f\" data-element_type=\"widget\" data-widget_type=\"heading.default\">\n\t\t\t\t<div class=\"elementor-widget-container\">\n\t\t\t\t\t<h2 class=\"elementor-heading-title elementor-size-default\">Un equipo directivo con un amplio abanico de perfiles<\/h2>\t\t\t\t<\/div>\n\t\t\t\t<\/div>\n\t\t\t\t<div class=\"elementor-element elementor-element-804fa68 elementor-widget elementor-widget-text-editor\" data-id=\"804fa68\" data-element_type=\"widget\" data-widget_type=\"text-editor.default\">\n\t\t\t\t<div class=\"elementor-widget-container\">\n\t\t\t\t\t\t\t\t\t<p><span style=\"font-weight: 400;\">El nuevo cap\u00edtulo de <\/span><i><span style=\"font-weight: 400;\"><a href=\"https:\/\/www.loopnews.com\/content\/caribbean-women-in-leadership-launches-10th-chapter-in-dominica\/\" target=\"_blank\" rel=\"noopener nofollow\">Mujeres Caribe\u00f1as en Liderazgo<\/a> (CIWiL)<\/span><\/i><span style=\"font-weight: 400;\"> en Dominica est\u00e1 dirigido por un equipo experimentado. <\/span><b>Mandisa Ducreay-Oseni<\/b><span style=\"font-weight: 400;\">Mandisa Ducreay-Oseni, conocida por su compromiso con los derechos de las mujeres y los j\u00f3venes, ha sido nombrada Presidenta. <\/span><b>Joanne John-Baptiste Guiste<\/b><span style=\"font-weight: 400;\">especialista en el sector mar\u00edtimo, es Vicepresidenta. <\/span><b>Vernesta Newton<\/b><span style=\"font-weight: 400;\">empresaria, es secretaria y coordinadora. <\/span><b>Nichola James-Charles<\/b><span style=\"font-weight: 400;\">controladora a\u00e9rea, se encarga de la tesorer\u00eda, mientras que <\/span><b>Julie Roberts<\/b><span style=\"font-weight: 400;\">se encarga de las relaciones p\u00fablicas.<\/span><\/p>\n\t\t\t\t\t\t\t\t<\/div>\n\t\t\t\t<\/div>\n\t\t\t\t<div class=\"elementor-element elementor-element-7e38cec elementor-widget elementor-widget-text-editor\" data-id=\"7e38cec\" data-element_type=\"widget\" data-widget_type=\"text-editor.default\">\n\t\t\t\t<div class=\"elementor-widget-container\">\n\t\t\t\t\t\t\t\t\t<p><span style=\"font-weight: 400;\">Estos variados perfiles son testimonio del enfoque integrador de <\/span><i><span style=\"font-weight: 400;\">Mujeres del Caribe en Liderazgo (CIWiL)<\/span><\/i><span style=\"font-weight: 400;\"> y su deseo de aprovechar al m\u00e1ximo las competencias de diferentes \u00e1reas de especializaci\u00f3n.<\/span><\/p>\n\t\t\t\t\t\t\t\t<\/div>\n\t\t\t\t<\/div>\n\t\t\t\t<section class=\"elementor-section elementor-inner-section elementor-element elementor-element-ad9f3b9 elementor-section-boxed elementor-section-height-default elementor-section-height-default\" data-id=\"ad9f3b9\" data-element_type=\"section\">\n\t\t\t\t\t\t<div class=\"elementor-container elementor-column-gap-default\">\n\t\t\t\t\t<div class=\"elementor-column elementor-col-20 elementor-inner-column elementor-element elementor-element-2690b04\" data-id=\"2690b04\" data-element_type=\"column\">\n\t\t\t<div class=\"elementor-widget-wrap elementor-element-populated\">\n\t\t\t\t\t\t<div class=\"elementor-element elementor-element-11bb5fb elementor-widget elementor-widget-image\" data-id=\"11bb5fb\" data-element_type=\"widget\" data-widget_type=\"image.default\">\n\t\t\t\t<div class=\"elementor-widget-container\">\n\t\t\t\t\t\t\t\t\t\t\t\t<figure class=\"wp-caption\">\n\t\t\t\t\t\t\t\t\t\t<img fetchpriority=\"high\" decoding=\"async\" width=\"800\" height=\"796\" src=\"https:\/\/richeskarayib.com\/wp-content\/uploads\/2025\/03\/486730156_10171045222065607_7285889347911660079_n-1024x1019.jpg\" class=\"attachment-large size-large wp-image-47678\" alt=\"Caribbean Women in Leadership\" srcset=\"https:\/\/richeskarayib.com\/wp-content\/uploads\/2025\/03\/486730156_10171045222065607_7285889347911660079_n-1024x1019.jpg 1024w, https:\/\/richeskarayib.com\/wp-content\/uploads\/2025\/03\/486730156_10171045222065607_7285889347911660079_n-300x300.jpg 300w, https:\/\/richeskarayib.com\/wp-content\/uploads\/2025\/03\/486730156_10171045222065607_7285889347911660079_n-150x150.jpg 150w, https:\/\/richeskarayib.com\/wp-content\/uploads\/2025\/03\/486730156_10171045222065607_7285889347911660079_n-768x765.jpg 768w, https:\/\/richeskarayib.com\/wp-content\/uploads\/2025\/03\/486730156_10171045222065607_7285889347911660079_n.jpg 1119w\" sizes=\"(max-width: 800px) 100vw, 800px\" \/>\t\t\t\t\t\t\t\t\t\t\t<figcaption class=\"widget-image-caption wp-caption-text\">Caribbean Women in Leadership<\/figcaption>\n\t\t\t\t\t\t\t\t\t\t<\/figure>\n\t\t\t\t\t\t\t\t\t<\/div>\n\t\t\t\t<\/div>\n\t\t\t\t\t<\/div>\n\t\t<\/div>\n\t\t\t\t<div class=\"elementor-column elementor-col-20 elementor-inner-column elementor-element elementor-element-ea393df\" data-id=\"ea393df\" data-element_type=\"column\">\n\t\t\t<div class=\"elementor-widget-wrap elementor-element-populated\">\n\t\t\t\t\t\t<div class=\"elementor-element elementor-element-aa42074 elementor-widget elementor-widget-image\" data-id=\"aa42074\" data-element_type=\"widget\" data-widget_type=\"image.default\">\n\t\t\t\t<div class=\"elementor-widget-container\">\n\t\t\t\t\t\t\t\t\t\t\t\t<figure class=\"wp-caption\">\n\t\t\t\t\t\t\t\t\t\t<img decoding=\"async\" width=\"800\" height=\"798\" src=\"https:\/\/richeskarayib.com\/wp-content\/uploads\/2025\/03\/486861204_10171045222340607_4015293104491105029_n-1024x1021.jpg\" class=\"attachment-large size-large wp-image-47682\" alt=\"Caribbean Women in Leadership\" srcset=\"https:\/\/richeskarayib.com\/wp-content\/uploads\/2025\/03\/486861204_10171045222340607_4015293104491105029_n-1024x1021.jpg 1024w, https:\/\/richeskarayib.com\/wp-content\/uploads\/2025\/03\/486861204_10171045222340607_4015293104491105029_n-300x300.jpg 300w, https:\/\/richeskarayib.com\/wp-content\/uploads\/2025\/03\/486861204_10171045222340607_4015293104491105029_n-150x150.jpg 150w, https:\/\/richeskarayib.com\/wp-content\/uploads\/2025\/03\/486861204_10171045222340607_4015293104491105029_n-768x766.jpg 768w, https:\/\/richeskarayib.com\/wp-content\/uploads\/2025\/03\/486861204_10171045222340607_4015293104491105029_n.jpg 1117w\" sizes=\"(max-width: 800px) 100vw, 800px\" \/>\t\t\t\t\t\t\t\t\t\t\t<figcaption class=\"widget-image-caption wp-caption-text\">Caribbean Women in Leadership<\/figcaption>\n\t\t\t\t\t\t\t\t\t\t<\/figure>\n\t\t\t\t\t\t\t\t\t<\/div>\n\t\t\t\t<\/div>\n\t\t\t\t\t<\/div>\n\t\t<\/div>\n\t\t\t\t<div class=\"elementor-column elementor-col-20 elementor-inner-column elementor-element elementor-element-ba69910\" data-id=\"ba69910\" data-element_type=\"column\">\n\t\t\t<div class=\"elementor-widget-wrap elementor-element-populated\">\n\t\t\t\t\t\t<div class=\"elementor-element elementor-element-d14aefc elementor-widget elementor-widget-image\" data-id=\"d14aefc\" data-element_type=\"widget\" data-widget_type=\"image.default\">\n\t\t\t\t<div class=\"elementor-widget-container\">\n\t\t\t\t\t\t\t\t\t\t\t\t<figure class=\"wp-caption\">\n\t\t\t\t\t\t\t\t\t\t<img decoding=\"async\" width=\"800\" height=\"805\" src=\"https:\/\/richeskarayib.com\/wp-content\/uploads\/2025\/03\/486150007_10171045222595607_2608907653687397099_n-1018x1024.jpg\" class=\"attachment-large size-large wp-image-47686\" alt=\"Caribbean Women in Leadership\" srcset=\"https:\/\/richeskarayib.com\/wp-content\/uploads\/2025\/03\/486150007_10171045222595607_2608907653687397099_n-1018x1024.jpg 1018w, https:\/\/richeskarayib.com\/wp-content\/uploads\/2025\/03\/486150007_10171045222595607_2608907653687397099_n-298x300.jpg 298w, https:\/\/richeskarayib.com\/wp-content\/uploads\/2025\/03\/486150007_10171045222595607_2608907653687397099_n-150x150.jpg 150w, https:\/\/richeskarayib.com\/wp-content\/uploads\/2025\/03\/486150007_10171045222595607_2608907653687397099_n-768x773.jpg 768w, https:\/\/richeskarayib.com\/wp-content\/uploads\/2025\/03\/486150007_10171045222595607_2608907653687397099_n.jpg 1115w\" sizes=\"(max-width: 800px) 100vw, 800px\" \/>\t\t\t\t\t\t\t\t\t\t\t<figcaption class=\"widget-image-caption wp-caption-text\">Caribbean Women in Leadership<\/figcaption>\n\t\t\t\t\t\t\t\t\t\t<\/figure>\n\t\t\t\t\t\t\t\t\t<\/div>\n\t\t\t\t<\/div>\n\t\t\t\t\t<\/div>\n\t\t<\/div>\n\t\t\t\t<div class=\"elementor-column elementor-col-20 elementor-inner-column elementor-element elementor-element-9768156\" data-id=\"9768156\" data-element_type=\"column\">\n\t\t\t<div class=\"elementor-widget-wrap elementor-element-populated\">\n\t\t\t\t\t\t<div class=\"elementor-element elementor-element-39f67de elementor-widget elementor-widget-image\" data-id=\"39f67de\" data-element_type=\"widget\" data-widget_type=\"image.default\">\n\t\t\t\t<div class=\"elementor-widget-container\">\n\t\t\t\t\t\t\t\t\t\t\t\t<figure class=\"wp-caption\">\n\t\t\t\t\t\t\t\t\t\t<img loading=\"lazy\" decoding=\"async\" width=\"800\" height=\"822\" src=\"https:\/\/richeskarayib.com\/wp-content\/uploads\/2025\/03\/486016536_10171045223100607_5531364837969956185_n-997x1024.jpg\" class=\"attachment-large size-large wp-image-47694\" alt=\"Caribbean Women in Leadership\" srcset=\"https:\/\/richeskarayib.com\/wp-content\/uploads\/2025\/03\/486016536_10171045223100607_5531364837969956185_n-997x1024.jpg 997w, https:\/\/richeskarayib.com\/wp-content\/uploads\/2025\/03\/486016536_10171045223100607_5531364837969956185_n-292x300.jpg 292w, https:\/\/richeskarayib.com\/wp-content\/uploads\/2025\/03\/486016536_10171045223100607_5531364837969956185_n-768x788.jpg 768w, https:\/\/richeskarayib.com\/wp-content\/uploads\/2025\/03\/486016536_10171045223100607_5531364837969956185_n.jpg 1089w\" sizes=\"(max-width: 800px) 100vw, 800px\" \/>\t\t\t\t\t\t\t\t\t\t\t<figcaption class=\"widget-image-caption wp-caption-text\">Caribbean Women in Leadership<\/figcaption>\n\t\t\t\t\t\t\t\t\t\t<\/figure>\n\t\t\t\t\t\t\t\t\t<\/div>\n\t\t\t\t<\/div>\n\t\t\t\t\t<\/div>\n\t\t<\/div>\n\t\t\t\t<div class=\"elementor-column elementor-col-20 elementor-inner-column elementor-element elementor-element-21c5de1\" data-id=\"21c5de1\" data-element_type=\"column\">\n\t\t\t<div class=\"elementor-widget-wrap elementor-element-populated\">\n\t\t\t\t\t\t<div class=\"elementor-element elementor-element-347acd9 elementor-widget elementor-widget-image\" data-id=\"347acd9\" data-element_type=\"widget\" data-widget_type=\"image.default\">\n\t\t\t\t<div class=\"elementor-widget-container\">\n\t\t\t\t\t\t\t\t\t\t\t\t<figure class=\"wp-caption\">\n\t\t\t\t\t\t\t\t\t\t<img loading=\"lazy\" decoding=\"async\" width=\"800\" height=\"798\" src=\"https:\/\/richeskarayib.com\/wp-content\/uploads\/2025\/03\/486095856_10171045222855607_3054773850058385382_n-1024x1021.jpg\" class=\"attachment-large size-large wp-image-47690\" alt=\"Caribbean Women in Leadership\" srcset=\"https:\/\/richeskarayib.com\/wp-content\/uploads\/2025\/03\/486095856_10171045222855607_3054773850058385382_n-1024x1021.jpg 1024w, https:\/\/richeskarayib.com\/wp-content\/uploads\/2025\/03\/486095856_10171045222855607_3054773850058385382_n-300x300.jpg 300w, https:\/\/richeskarayib.com\/wp-content\/uploads\/2025\/03\/486095856_10171045222855607_3054773850058385382_n-150x150.jpg 150w, https:\/\/richeskarayib.com\/wp-content\/uploads\/2025\/03\/486095856_10171045222855607_3054773850058385382_n-768x766.jpg 768w, https:\/\/richeskarayib.com\/wp-content\/uploads\/2025\/03\/486095856_10171045222855607_3054773850058385382_n.jpg 1120w\" sizes=\"(max-width: 800px) 100vw, 800px\" \/>\t\t\t\t\t\t\t\t\t\t\t<figcaption class=\"widget-image-caption wp-caption-text\">Caribbean Women in Leadership<\/figcaption>\n\t\t\t\t\t\t\t\t\t\t<\/figure>\n\t\t\t\t\t\t\t\t\t<\/div>\n\t\t\t\t<\/div>\n\t\t\t\t\t<\/div>\n\t\t<\/div>\n\t\t\t\t\t<\/div>\n\t\t<\/section>\n\t\t\t\t\t<\/div>\n\t\t<\/div>\n\t\t\t\t\t<\/div>\n\t\t<\/section>\n\t\t\t\t<section class=\"elementor-section elementor-top-section elementor-element elementor-element-c6a2f6e elementor-section-boxed elementor-section-height-default elementor-section-height-default\" data-id=\"c6a2f6e\" data-element_type=\"section\">\n\t\t\t\t\t\t<div class=\"elementor-container elementor-column-gap-default\">\n\t\t\t\t\t<div class=\"elementor-column elementor-col-100 elementor-top-column elementor-element elementor-element-92126ec\" data-id=\"92126ec\" data-element_type=\"column\">\n\t\t\t<div class=\"elementor-widget-wrap elementor-element-populated\">\n\t\t\t\t\t\t<div class=\"elementor-element elementor-element-1a40429 elementor-widget elementor-widget-heading\" data-id=\"1a40429\" data-element_type=\"widget\" data-widget_type=\"heading.default\">\n\t\t\t\t<div class=\"elementor-widget-container\">\n\t\t\t\t\t<h2 class=\"elementor-heading-title elementor-size-default\">Acciones concretas para promover el liderazgo femenino<\/h2>\t\t\t\t<\/div>\n\t\t\t\t<\/div>\n\t\t\t\t<div class=\"elementor-element elementor-element-432541c elementor-widget elementor-widget-text-editor\" data-id=\"432541c\" data-element_type=\"widget\" data-widget_type=\"text-editor.default\">\n\t\t\t\t<div class=\"elementor-widget-container\">\n\t\t\t\t\t\t\t\t\t\n          <p>\n            <span style=\"font-weight: 400;\">Nada m\u00e1s ponerse en marcha, la Secci\u00f3n de Dominica puso en marcha una serie de iniciativas destinadas a formar y apoyar a las mujeres en sus compromisos profesionales y pol\u00edticos. Las primeras iniciativas incluyeron <\/span>\n          <\/p>\n          \n\n          <ul>\n            \n\n            <li style=\"font-weight: 400;\" aria-level=\"1\"><b>Talleres de formaci\u00f3n<\/b><span style=\"font-weight: 400;\"> sobre oratoria, gesti\u00f3n de la carrera profesional y comprensi\u00f3n de la pol\u00edtica p\u00fablica.<\/span><\/li>\n            \n\n            <li style=\"font-weight: 400;\" aria-level=\"1\"><b>Un programa de tutor\u00eda<\/b><span style=\"font-weight: 400;\"> que re\u00fane a mujeres con experiencia con aquellas que desean implicarse m\u00e1s en puestos directivos.<\/span><\/li>\n            \n\n            <li style=\"font-weight: 400;\" aria-level=\"1\"><b style=\"font-family: -apple-system, BlinkMacSystemFont, 'Segoe UI', Roboto, 'Helvetica Neue', Arial, 'Noto Sans', sans-serif, 'Apple Color Emoji', 'Segoe UI Emoji', 'Segoe UI Symbol', 'Noto Color Emoji';\">Intercambios con instituciones locales<\/b><span style=\"font-weight: 400;\"> para sensibilizar sobre la importancia de una representaci\u00f3n equitativa de las mujeres en la gobernanza.<\/span><\/li>\n            \n\n          <\/ul>\n        \t\t\t\t\t\t\t\t<\/div>\n\t\t\t\t<\/div>\n\t\t\t\t<div class=\"elementor-element elementor-element-a103612 elementor-widget elementor-widget-text-editor\" data-id=\"a103612\" data-element_type=\"widget\" data-widget_type=\"text-editor.default\">\n\t\t\t\t<div class=\"elementor-widget-container\">\n\t\t\t\t\t\t\t\t\t<p><span style=\"font-weight: 400;\">Gracias a estas acciones, <\/span><i><span style=\"font-weight: 400;\">Mujeres Caribe\u00f1as en Liderazgo (CIWiL)<\/span><\/i><span style=\"font-weight: 400;\"> est\u00e1 ayudando a desarrollar las capacidades de las mujeres y a promover su acceso a puestos estrat\u00e9gicos.<\/span><\/p>\n\t\t\t\t\t\t\t\t<\/div>\n\t\t\t\t<\/div>\n\t\t\t\t\t<\/div>\n\t\t<\/div>\n\t\t\t\t\t<\/div>\n\t\t<\/section>\n\t\t\t\t<section class=\"elementor-section elementor-top-section elementor-element elementor-element-a779729 elementor-section-boxed elementor-section-height-default elementor-section-height-default\" data-id=\"a779729\" data-element_type=\"section\">\n\t\t\t\t\t\t<div class=\"elementor-container elementor-column-gap-default\">\n\t\t\t\t\t<div class=\"elementor-column elementor-col-100 elementor-top-column elementor-element elementor-element-e77ae4b\" data-id=\"e77ae4b\" data-element_type=\"column\">\n\t\t\t<div class=\"elementor-widget-wrap elementor-element-populated\">\n\t\t\t\t\t\t<div class=\"elementor-element elementor-element-e389e74 elementor-widget elementor-widget-heading\" data-id=\"e389e74\" data-element_type=\"widget\" data-widget_type=\"heading.default\">\n\t\t\t\t<div class=\"elementor-widget-container\">\n\t\t\t\t\t<h2 class=\"elementor-heading-title elementor-size-default\">Un impacto regional creciente<\/h2>\t\t\t\t<\/div>\n\t\t\t\t<\/div>\n\t\t\t\t<div class=\"elementor-element elementor-element-f5bb55e elementor-widget elementor-widget-text-editor\" data-id=\"f5bb55e\" data-element_type=\"widget\" data-widget_type=\"text-editor.default\">\n\t\t\t\t<div class=\"elementor-widget-container\">\n\t\t\t\t\t\t\t\t\t\n          <p><span style=\"font-weight: 400;\">El lanzamiento de nuevos cap\u00edtulos en el Caribe permitir\u00e1 a <\/span><i><span style=\"font-weight: 400;\">Mujeres L\u00edderes del Caribe (CIWiL)<\/span><\/i><span style=\"font-weight: 400;\">  ampliar su red e intensificar sus acciones. Cada pa\u00eds miembro se beneficia de un apoyo adaptado a sus circunstancias pol\u00edticas y sociales espec\u00edficas, al tiempo que se inscribe en una din\u00e1mica regional de transformaci\u00f3n. <\/span><\/p>\n          \n\n          <p>\n            <span style=\"font-weight: 400;\">La organizaci\u00f3n tambi\u00e9n colabora con instituciones internacionales y agentes de la sociedad civil para promover la igualdad de g\u00e9nero y fomentar la adopci\u00f3n de pol\u00edticas p\u00fablicas inclusivas.<\/span>\n          <\/p>\n        \t\t\t\t\t\t\t\t<\/div>\n\t\t\t\t<\/div>\n\t\t\t\t\t<\/div>\n\t\t<\/div>\n\t\t\t\t\t<\/div>\n\t\t<\/section>\n\t\t\t\t<section class=\"elementor-section elementor-top-section elementor-element elementor-element-5c0d28b elementor-section-boxed elementor-section-height-default elementor-section-height-default\" data-id=\"5c0d28b\" data-element_type=\"section\">\n\t\t\t\t\t\t<div class=\"elementor-container elementor-column-gap-default\">\n\t\t\t\t\t<div class=\"elementor-column elementor-col-100 elementor-top-column elementor-element elementor-element-e39376b\" data-id=\"e39376b\" data-element_type=\"column\">\n\t\t\t<div class=\"elementor-widget-wrap elementor-element-populated\">\n\t\t\t\t\t\t<div class=\"elementor-element elementor-element-f9134c8 elementor-widget elementor-widget-heading\" data-id=\"f9134c8\" data-element_type=\"widget\" data-widget_type=\"heading.default\">\n\t\t\t\t<div class=\"elementor-widget-container\">\n\t\t\t\t\t<h2 class=\"elementor-heading-title elementor-size-default\">\u00bfPor qu\u00e9 unirse a Mujeres Caribe\u00f1as en Liderazgo (CIWiL)?<\/h2>\t\t\t\t<\/div>\n\t\t\t\t<\/div>\n\t\t\t\t<div class=\"elementor-element elementor-element-ab03f36 elementor-widget elementor-widget-text-editor\" data-id=\"ab03f36\" data-element_type=\"widget\" data-widget_type=\"text-editor.default\">\n\t\t\t\t<div class=\"elementor-widget-container\">\n\t\t\t\t\t\t\t\t\t\n          <p><span style=\"font-weight: 400;\">La Secci\u00f3n de Dominica invita a mujeres de todas las profesiones y condiciones sociales a participar en sus actividades. Al unirte a   <\/span><i><span style=\"font-weight: 400;\">Mujeres Caribe\u00f1as en Liderazgo (CIWiL)<\/span><\/i><span style=\"font-weight: 400;\">A trav\u00e9s de CIWiL, las mujeres acceden a una red influyente, recursos de formaci\u00f3n y oportunidades de desarrollo personal y profesional.<\/span><\/p>\n          \n\n          <p>\n            <span style=\"font-weight: 400;\">En las pr\u00f3ximas semanas se organizar\u00e1n actos para estructurar el nuevo cap\u00edtulo y movilizar a m\u00e1s mujeres en torno a esta iniciativa.<\/span>\n          <\/p>\n        \t\t\t\t\t\t\t\t<\/div>\n\t\t\t\t<\/div>\n\t\t\t\t\t<\/div>\n\t\t<\/div>\n\t\t\t\t\t<\/div>\n\t\t<\/section>\n\t\t\t\t<section class=\"elementor-section elementor-top-section elementor-element elementor-element-048f892 elementor-section-boxed elementor-section-height-default elementor-section-height-default\" data-id=\"048f892\" data-element_type=\"section\">\n\t\t\t\t\t\t<div class=\"elementor-container elementor-column-gap-default\">\n\t\t\t\t\t<div class=\"elementor-column elementor-col-100 elementor-top-column elementor-element elementor-element-c41d83f\" data-id=\"c41d83f\" data-element_type=\"column\">\n\t\t\t<div class=\"elementor-widget-wrap elementor-element-populated\">\n\t\t\t\t\t\t<div class=\"elementor-element elementor-element-c52b540 elementor-widget elementor-widget-heading\" data-id=\"c52b540\" data-element_type=\"widget\" data-widget_type=\"heading.default\">\n\t\t\t\t<div class=\"elementor-widget-container\">\n\t\t\t\t\t<h2 class=\"elementor-heading-title elementor-size-default\">Una misi\u00f3n arraigada en valores s\u00f3lidos<\/h2>\t\t\t\t<\/div>\n\t\t\t\t<\/div>\n\t\t\t\t<div class=\"elementor-element elementor-element-979b512 elementor-widget elementor-widget-text-editor\" data-id=\"979b512\" data-element_type=\"widget\" data-widget_type=\"text-editor.default\">\n\t\t\t\t<div class=\"elementor-widget-container\">\n\t\t\t\t\t\t\t\t\t\n          <p><span style=\"font-weight: 400;\">El trabajo de <\/span><i><span style=\"font-weight: 400;\">Mujeres Caribe\u00f1as en Liderazgo (CIWiL)<\/span><\/i><span style=\"font-weight: 400;\"> se basa en principios claros:<\/span><\/p>\n          \n\n          <ul>\n            \n\n            <li style=\"font-weight: 400;\" aria-level=\"1\"><b>Justicia e igualdad de g\u00e9nero<\/b><span style=\"font-weight: 400;\"> Promover una distribuci\u00f3n justa de las responsabilidades pol\u00edticas y econ\u00f3micas.<\/span><\/li>\n            \n\n            <li style=\"font-weight: 400;\" aria-level=\"1\"><b>Transparencia e integridad<\/b><span style=\"font-weight: 400;\"> Gobernanza abierta y accesible.<\/span><\/li>\n            \n\n            <li style=\"font-weight: 400;\" aria-level=\"1\"><b style=\"font-family: -apple-system, BlinkMacSystemFont, 'Segoe UI', Roboto, 'Helvetica Neue', Arial, 'Noto Sans', sans-serif, 'Apple Color Emoji', 'Segoe UI Emoji', 'Segoe UI Symbol', 'Noto Color Emoji';\">Solidaridad y compromiso<\/b><span style=\"font-weight: 400;\"> Reforzar la cooperaci\u00f3n entre las mujeres de toda la regi\u00f3n.<\/span><\/li>\n            \n\n          <\/ul>\n        \t\t\t\t\t\t\t\t<\/div>\n\t\t\t\t<\/div>\n\t\t\t\t<div class=\"elementor-element elementor-element-ac64c38 elementor-widget elementor-widget-text-editor\" data-id=\"ac64c38\" data-element_type=\"widget\" data-widget_type=\"text-editor.default\">\n\t\t\t\t<div class=\"elementor-widget-container\">\n\t\t\t\t\t\t\t\t\t<p><span style=\"font-weight: 400;\">Con el lanzamiento de su cap\u00edtulo 10\u1d49, <\/span><i><span style=\"font-weight: 400;\">Mujeres del Caribe en Liderazgo (CIWiL)<\/span><\/i><span style=\"font-weight: 400;\">  mantiene su compromiso de aumentar la participaci\u00f3n de las mujeres en la gobernanza en el Caribe. Esta nueva base en Dominica reforzar\u00e1 una red ya influyente y allanar\u00e1 el camino para nuevos avances en la igualdad de oportunidades. <\/span><\/p>\n\t\t\t\t\t\t\t\t<\/div>\n\t\t\t\t<\/div>\n\t\t\t\t\t<\/div>\n\t\t<\/div>\n\t\t\t\t\t<\/div>\n\t\t<\/section>\n\t\t\t\t<section class=\"elementor-section elementor-top-section elementor-element elementor-element-5cec613 elementor-section-boxed elementor-section-height-default elementor-section-height-default\" data-id=\"5cec613\" data-element_type=\"section\">\n\t\t\t\t\t\t<div class=\"elementor-container elementor-column-gap-default\">\n\t\t\t\t\t<div class=\"elementor-column elementor-col-100 elementor-top-column elementor-element elementor-element-833746a\" data-id=\"833746a\" data-element_type=\"column\">\n\t\t\t<div class=\"elementor-widget-wrap elementor-element-populated\">\n\t\t\t\t\t\t<div class=\"elementor-element elementor-element-3e5c66f elementor-widget elementor-widget-text-editor\" data-id=\"3e5c66f\" data-element_type=\"widget\" data-widget_type=\"text-editor.default\">\n\t\t\t\t<div class=\"elementor-widget-container\">\n\t\t\t\t\t\t\t\t\t<p><span style=\"font-weight: 400;\">La participaci\u00f3n de las mujeres en los \u00f3rganos de decisi\u00f3n es una palanca esencial para el desarrollo de la regi\u00f3n, y un factor clave de su \u00e9xito. <\/span><i><span style=\"font-weight: 400;\">Mujeres del Caribe en el Liderazgo (CIWiL)<\/span><\/i><span style=\"font-weight: 400;\"> trabaja cada d\u00eda para hacer realidad este objetivo.<\/span><\/p>\n\t\t\t\t\t\t\t\t<\/div>\n\t\t\t\t<\/div>\n\t\t\t\t\t<\/div>\n\t\t<\/div>\n\t\t\t\t\t<\/div>\n\t\t<\/section>\n\t\t\t\t<\/div>\n\t\t","protected":false},"excerpt":{"rendered":"<p>Caribbean Women in Leadership (CIWiL) es una organizaci\u00f3n que promueve la integraci\u00f3n de las mujeres en la toma de decisiones en el Caribe. Visita 20 de marzoSe ha lanzado oficialmente un nuevo cap\u00edtulo en Dominica, que marca una nueva etapa en esta misi\u00f3n. Esta incorporaci\u00f3n eleva a diez el n\u00famero de secciones nacionales activas, uni\u00e9ndose [&hellip;]<\/p>\n","protected":false},"author":662,"featured_media":47674,"comment_status":"open","ping_status":"open","sticky":false,"template":"","format":"standard","meta":{"_acf_changed":false,"footnotes":""},"categories":[1737,839],"tags":[1451],"class_list":["post-47696","post","type-post","status-publish","format-standard","has-post-thumbnail","hentry","category-liderazgo","category-noticias","tag-dominica"],"acf":[],"_links":{"self":[{"href":"https:\/\/richeskarayib.com\/es\/wp-json\/wp\/v2\/posts\/47696","targetHints":{"allow":["GET"]}}],"collection":[{"href":"https:\/\/richeskarayib.com\/es\/wp-json\/wp\/v2\/posts"}],"about":[{"href":"https:\/\/richeskarayib.com\/es\/wp-json\/wp\/v2\/types\/post"}],"author":[{"embeddable":true,"href":"https:\/\/richeskarayib.com\/es\/wp-json\/wp\/v2\/users\/662"}],"replies":[{"embeddable":true,"href":"https:\/\/richeskarayib.com\/es\/wp-json\/wp\/v2\/comments?post=47696"}],"version-history":[{"count":0,"href":"https:\/\/richeskarayib.com\/es\/wp-json\/wp\/v2\/posts\/47696\/revisions"}],"wp:featuredmedia":[{"embeddable":true,"href":"https:\/\/richeskarayib.com\/es\/wp-json\/wp\/v2\/media\/47674"}],"wp:attachment":[{"href":"https:\/\/richeskarayib.com\/es\/wp-json\/wp\/v2\/media?parent=47696"}],"wp:term":[{"taxonomy":"category","embeddable":true,"href":"https:\/\/richeskarayib.com\/es\/wp-json\/wp\/v2\/categories?post=47696"},{"taxonomy":"post_tag","embeddable":true,"href":"https:\/\/richeskarayib.com\/es\/wp-json\/wp\/v2\/tags?post=47696"}],"curies":[{"name":"wp","href":"https:\/\/api.w.org\/{rel}","templated":true}]}}