{"id":47830,"date":"2025-03-31T01:55:52","date_gmt":"2025-03-31T05:55:52","guid":{"rendered":"https:\/\/richeskarayib.com\/martinica-turismo-apostar-por-el-talento-para-construir-el-futuro\/"},"modified":"2025-03-31T08:46:09","modified_gmt":"2025-03-31T12:46:09","slug":"martinica-turismo-apostar-por-el-talento-para-construir-el-futuro","status":"publish","type":"post","link":"https:\/\/richeskarayib.com\/es\/martinica-turismo-apostar-por-el-talento-para-construir-el-futuro\/","title":{"rendered":"Martinica &#8211; Turismo: apostar por el talento para construir el futuro"},"content":{"rendered":"\t\t<div data-elementor-type=\"wp-post\" data-elementor-id=\"47830\" class=\"elementor elementor-47830 elementor-47749\" data-elementor-post-type=\"post\">\n\t\t\t\t\t\t<section class=\"elementor-section elementor-top-section elementor-element elementor-element-37d6603 elementor-section-boxed elementor-section-height-default elementor-section-height-default\" data-id=\"37d6603\" data-element_type=\"section\">\n\t\t\t\t\t\t<div class=\"elementor-container elementor-column-gap-default\">\n\t\t\t\t\t<div class=\"elementor-column elementor-col-100 elementor-top-column elementor-element elementor-element-3a95cf2\" data-id=\"3a95cf2\" data-element_type=\"column\">\n\t\t\t<div class=\"elementor-widget-wrap elementor-element-populated\">\n\t\t\t\t\t\t<div class=\"elementor-element elementor-element-8bb628f elementor-widget elementor-widget-text-editor\" data-id=\"8bb628f\" data-element_type=\"widget\" data-widget_type=\"text-editor.default\">\n\t\t\t\t<div class=\"elementor-widget-container\">\n\t\t\t\t\t\t\t\t\t<p><strong data-start=\"201\" data-end=\"277\">Apoyarse en el talento para construir el futuro del turismo en Martinica<\/strong>: esta es la convicci\u00f3n que reuni\u00f3 a todos los actores del sector el 28 de marzo de 2025 en la Habitation Fonds Rousseau de<a href=\"https:\/\/richeskarayib.com\/es\/?p=46474\"> Sch\u0153lcher<\/a> para el <a href=\"https:\/\/www.entreprises.gouv.fr\/semaine-des-metiers-du-tourisme#:~:text=La%203e%20%C3%A9dition%20de,rencontrer%20les%20professionnels%20du%20secteur.\" target=\"_blank\" rel=\"noopener nofollow\"><strong data-start=\"429\" data-end=\"467\">3\u1d49 Semana de los Oficios del Turismo<\/strong><\/a>.<br data-start=\"468\" data-end=\"471\">En presencia de <strong data-start=\"486\" data-end=\"507\">Nathalie Delattre<\/strong>, Ministra Delegada de Turismo, esta ma\u00f1ana fue la ocasi\u00f3n de destacar la importancia de la formaci\u00f3n, el apoyo a las trayectorias profesionales y el reconocimiento de las competencias locales. A trav\u00e9s de los debates, los discursos y los premios entregados, surgi\u00f3 una visi\u00f3n com\u00fan: la de un turismo exigente y sostenible en Martinica, basado en el desarrollo de los talentos locales. <\/p>\n\t\t\t\t\t\t\t\t<\/div>\n\t\t\t\t<\/div>\n\t\t\t\t\t<\/div>\n\t\t<\/div>\n\t\t\t\t\t<\/div>\n\t\t<\/section>\n\t\t\t\t<section class=\"elementor-section elementor-top-section elementor-element elementor-element-5be2b1f elementor-section-boxed elementor-section-height-default elementor-section-height-default\" data-id=\"5be2b1f\" data-element_type=\"section\">\n\t\t\t\t\t\t<div class=\"elementor-container elementor-column-gap-default\">\n\t\t\t\t\t<div class=\"elementor-column elementor-col-100 elementor-top-column elementor-element elementor-element-1b81e37\" data-id=\"1b81e37\" data-element_type=\"column\">\n\t\t\t<div class=\"elementor-widget-wrap elementor-element-populated\">\n\t\t\t\t\t\t<div class=\"elementor-element elementor-element-1705abd elementor-widget elementor-widget-heading\" data-id=\"1705abd\" data-element_type=\"widget\" data-widget_type=\"heading.default\">\n\t\t\t\t<div class=\"elementor-widget-container\">\n\t\t\t\t\t<h2 class=\"elementor-heading-title elementor-size-default\">Un lugar impregnado de memoria para acoger esta reuni\u00f3n<\/h2>\t\t\t\t<\/div>\n\t\t\t\t<\/div>\n\t\t\t\t<div class=\"elementor-element elementor-element-d53c064 elementor-widget elementor-widget-text-editor\" data-id=\"d53c064\" data-element_type=\"widget\" data-widget_type=\"text-editor.default\">\n\t\t\t\t<div class=\"elementor-widget-container\">\n\t\t\t\t\t\t\t\t\t<p><strong data-start=\"502\" data-end=\"524\">Pierre Sainte-Luce<\/strong>, <strong data-start=\"526\" data-end=\"573\">propietario de la Habitation Fonds Rousseau<\/strong>, abri\u00f3 las puertas de este lugar patrimonial para acoger el acto. Su discurso, sobrio y marcado por la emoci\u00f3n, record\u00f3 el profundo apego de este lugar a la historia de Martinica. En un marco impregnado de memoria, los debates sobre el futuro de la industria tur\u00edstica adquirieron una dimensi\u00f3n especial, en la que resonaba la vocaci\u00f3n de transmitir y promover las ra\u00edces de la regi\u00f3n.  <\/p>\n\t\t\t\t\t\t\t\t<\/div>\n\t\t\t\t<\/div>\n\t\t\t\t<div class=\"elementor-element elementor-element-5082928 elementor-widget elementor-widget-image\" data-id=\"5082928\" data-element_type=\"widget\" data-widget_type=\"image.default\">\n\t\t\t\t<div class=\"elementor-widget-container\">\n\t\t\t\t\t\t\t\t\t\t\t\t<figure class=\"wp-caption\">\n\t\t\t\t\t\t\t\t\t\t<img fetchpriority=\"high\" decoding=\"async\" width=\"576\" height=\"1024\" src=\"https:\/\/richeskarayib.com\/wp-content\/uploads\/2025\/03\/WhatsApp-Image-2025-03-28-a-22.54.06_e37f8572-576x1024.jpg\" class=\"attachment-large size-large wp-image-47785\" alt=\"Tourisme\" srcset=\"https:\/\/richeskarayib.com\/wp-content\/uploads\/2025\/03\/WhatsApp-Image-2025-03-28-a-22.54.06_e37f8572-576x1024.jpg 576w, https:\/\/richeskarayib.com\/wp-content\/uploads\/2025\/03\/WhatsApp-Image-2025-03-28-a-22.54.06_e37f8572-169x300.jpg 169w, https:\/\/richeskarayib.com\/wp-content\/uploads\/2025\/03\/WhatsApp-Image-2025-03-28-a-22.54.06_e37f8572-768x1365.jpg 768w, https:\/\/richeskarayib.com\/wp-content\/uploads\/2025\/03\/WhatsApp-Image-2025-03-28-a-22.54.06_e37f8572-864x1536.jpg 864w, https:\/\/richeskarayib.com\/wp-content\/uploads\/2025\/03\/WhatsApp-Image-2025-03-28-a-22.54.06_e37f8572.jpg 900w\" sizes=\"(max-width: 576px) 100vw, 576px\" \/>\t\t\t\t\t\t\t\t\t\t\t<figcaption class=\"widget-image-caption wp-caption-text\">Pierre Sainte-Luce con el Prefecto Etienne Desplanques<\/figcaption>\n\t\t\t\t\t\t\t\t\t\t<\/figure>\n\t\t\t\t\t\t\t\t\t<\/div>\n\t\t\t\t<\/div>\n\t\t\t\t\t<\/div>\n\t\t<\/div>\n\t\t\t\t\t<\/div>\n\t\t<\/section>\n\t\t\t\t<section class=\"elementor-section elementor-top-section elementor-element elementor-element-49b3f3d elementor-section-boxed elementor-section-height-default elementor-section-height-default\" data-id=\"49b3f3d\" data-element_type=\"section\">\n\t\t\t\t\t\t<div class=\"elementor-container elementor-column-gap-default\">\n\t\t\t\t\t<div class=\"elementor-column elementor-col-100 elementor-top-column elementor-element elementor-element-795a723\" data-id=\"795a723\" data-element_type=\"column\">\n\t\t\t<div class=\"elementor-widget-wrap elementor-element-populated\">\n\t\t\t\t\t\t<div class=\"elementor-element elementor-element-e4a4a7a elementor-widget elementor-widget-heading\" data-id=\"e4a4a7a\" data-element_type=\"widget\" data-widget_type=\"heading.default\">\n\t\t\t\t<div class=\"elementor-widget-container\">\n\t\t\t\t\t<h2 class=\"elementor-heading-title elementor-size-default\">Formar, movilizar y promover: una estrategia regional compartida<\/h2>\t\t\t\t<\/div>\n\t\t\t\t<\/div>\n\t\t\t\t<div class=\"elementor-element elementor-element-187b6b0 elementor-widget elementor-widget-text-editor\" data-id=\"187b6b0\" data-element_type=\"widget\" data-widget_type=\"text-editor.default\">\n\t\t\t\t<div class=\"elementor-widget-container\">\n\t\t\t\t\t\t\t\t\t<p><strong data-start=\"1714\" data-end=\"1734\">Marie-Luce Lebon<\/strong>, <strong data-start=\"1736\" data-end=\"1752\">subprefecta<\/strong> del distrito Centro, expuso los retos a los que se enfrenta Martinica para ser m\u00e1s competitiva: la transici\u00f3n medioambiental y digital, la accesibilidad, la diversificaci\u00f3n de la oferta, el desarrollo de competencias y, sobre todo, la adaptaci\u00f3n a las nuevas expectativas de los clientes. Destac\u00f3 el papel esencial de los recursos humanos en este proceso. <\/p>\n<p class=\"\" data-start=\"1403\" data-end=\"1727\">Tambi\u00e9n hizo hincapi\u00e9 en la importancia del <strong data-start=\"1447\" data-end=\"1477\">posicionamiento estrat\u00e9gico<\/strong>, frente a una competencia caribe\u00f1a que a veces se basa en una guerra de precios a la que Martinica no puede -ni debe- responder. La soluci\u00f3n es <strong data-start=\"1624\" data-end=\"1666\">subir de categor\u00eda mediante la cualificaci\u00f3n<\/strong>, la innovaci\u00f3n en hosteler\u00eda y la promoci\u00f3n de nuestras profesiones. <\/p>\n<p class=\"\" data-start=\"1729\" data-end=\"2057\">Esto implica reforzar los programas de formaci\u00f3n, pero tambi\u00e9n <strong data-start=\"1799\" data-end=\"1848\">cambiar la imagen que se tiene de las profesiones tur\u00edsticas<\/strong>, que a menudo tienen una mala imagen. En este contexto, la Semana de las Profesiones es una herramienta inestimable para sensibilizar, mostrar la diversidad de trayectorias profesionales posibles y estimular las vocaciones. <\/p>\n\t\t\t\t\t\t\t\t<\/div>\n\t\t\t\t<\/div>\n\t\t\t\t<div class=\"elementor-element elementor-element-5cece34 elementor-widget elementor-widget-image\" data-id=\"5cece34\" data-element_type=\"widget\" data-widget_type=\"image.default\">\n\t\t\t\t<div class=\"elementor-widget-container\">\n\t\t\t\t\t\t\t\t\t\t\t\t\t\t\t<img decoding=\"async\" width=\"576\" height=\"1024\" src=\"https:\/\/richeskarayib.com\/wp-content\/uploads\/2025\/03\/WhatsApp-Image-2025-03-28-a-22.49.01_3edef872-576x1024.jpg\" class=\"attachment-large size-large wp-image-47757\" alt=\"Tourisme\" srcset=\"https:\/\/richeskarayib.com\/wp-content\/uploads\/2025\/03\/WhatsApp-Image-2025-03-28-a-22.49.01_3edef872-576x1024.jpg 576w, https:\/\/richeskarayib.com\/wp-content\/uploads\/2025\/03\/WhatsApp-Image-2025-03-28-a-22.49.01_3edef872-169x300.jpg 169w, https:\/\/richeskarayib.com\/wp-content\/uploads\/2025\/03\/WhatsApp-Image-2025-03-28-a-22.49.01_3edef872-768x1365.jpg 768w, https:\/\/richeskarayib.com\/wp-content\/uploads\/2025\/03\/WhatsApp-Image-2025-03-28-a-22.49.01_3edef872-864x1536.jpg 864w, https:\/\/richeskarayib.com\/wp-content\/uploads\/2025\/03\/WhatsApp-Image-2025-03-28-a-22.49.01_3edef872.jpg 900w\" sizes=\"(max-width: 576px) 100vw, 576px\" \/>\t\t\t\t\t\t\t\t\t\t\t\t\t\t\t<\/div>\n\t\t\t\t<\/div>\n\t\t\t\t\t<\/div>\n\t\t<\/div>\n\t\t\t\t\t<\/div>\n\t\t<\/section>\n\t\t\t\t<section class=\"elementor-section elementor-top-section elementor-element elementor-element-b9cb9a0 elementor-section-boxed elementor-section-height-default elementor-section-height-default\" data-id=\"b9cb9a0\" data-element_type=\"section\">\n\t\t\t\t\t\t<div class=\"elementor-container elementor-column-gap-default\">\n\t\t\t\t\t<div class=\"elementor-column elementor-col-100 elementor-top-column elementor-element elementor-element-77dd258\" data-id=\"77dd258\" data-element_type=\"column\">\n\t\t\t<div class=\"elementor-widget-wrap elementor-element-populated\">\n\t\t\t\t\t\t<div class=\"elementor-element elementor-element-db19382 elementor-widget elementor-widget-heading\" data-id=\"db19382\" data-element_type=\"widget\" data-widget_type=\"heading.default\">\n\t\t\t\t<div class=\"elementor-widget-container\">\n\t\t\t\t\t<h2 class=\"elementor-heading-title elementor-size-default\">El turismo: un pilar econ\u00f3mico debilitado por la escasez de mano de obra<\/h2>\t\t\t\t<\/div>\n\t\t\t\t<\/div>\n\t\t\t\t<div class=\"elementor-element elementor-element-8c7a044 elementor-widget elementor-widget-text-editor\" data-id=\"8c7a044\" data-element_type=\"widget\" data-widget_type=\"text-editor.default\">\n\t\t\t\t<div class=\"elementor-widget-container\">\n\t\t\t\t\t\t\t\t\t<p class=\"\" data-start=\"2145\" data-end=\"2532\">En su discurso, <strong data-start=\"2168\" data-end=\"2189\">Nathalie Delattre<\/strong> situ\u00f3 el turismo en el contexto nacional. El sector representa <strong data-start=\"2258\" data-end=\"2272\">el 8% del PIB<\/strong>, <strong data-start=\"2274\" data-end=\"2299\">200.000 millones de euros<\/strong> en ventas y <strong data-start=\"2326\" data-end=\"2371\">2 millones de empleos directos e indirectos<\/strong>. En Martinica se recibe cada a\u00f1o a casi <strong data-start=\"2393\" data-end=\"2422\">un mill\u00f3n de visitantes<\/strong>, que crean unos <strong data-start=\"2466\" data-end=\"2484\">10.000 puestos de trabajo<\/strong>, lo que lo convierte en un motor de la econom\u00eda local.  <\/p>\n<p class=\"\" data-start=\"2534\" data-end=\"2769\">Pero este motor se est\u00e1 agotando por falta de mano de obra.  <strong data-start=\"2581\" data-end=\"2702\">En 2022, el 60% de las empresas del sector de la hosteler\u00eda y la restauraci\u00f3n declararon que se hab\u00edan ralentizado debido a la falta de personal.<\/strong>  Se trata de una observaci\u00f3n alarmante que se comparte tanto en Francia como en Martinica.<\/p>\n<p class=\"\" data-start=\"2771\" data-end=\"3155\">La Ministra hizo hincapi\u00e9 en la <strong data-start=\"2800\" data-end=\"2825\">diversidad de empleos<\/strong> en el turismo -m\u00e1s de &#8220;mil y un&#8221;, seg\u00fan sus palabras- y en la dificultad de hacerlos visibles. \u00c9se es el sentido de la Semana de las Profesiones: dar a los j\u00f3venes, y tambi\u00e9n a las personas que desean reciclarse, la oportunidad de <strong data-start=\"3048\" data-end=\"3093\">encontrarse cara a cara con los profesionales<\/strong>, plantear sus preguntas y, en algunos casos, sentir que algo ha cambiado. <\/p>\n<p class=\"\" data-start=\"3157\" data-end=\"3482\">Tambi\u00e9n elogi\u00f3 el <strong data-start=\"3179\" data-end=\"3221\">aumento del n\u00famero de iniciativas galardonadas con el sello<\/strong>, de 2.500 a m\u00e1s de <strong data-start=\"3248\" data-end=\"3257\">3.200<\/strong> este a\u00f1o, prueba de la creciente movilizaci\u00f3n. Destac\u00f3 la importancia de los testimonios inspiradores, como el de <strong data-start=\"3380\" data-end=\"3396\">Nina M\u00e9tayer<\/strong>, mejor pastelera del mundo en 2023-2024, patrona nacional de este a\u00f1o. <\/p>\n\t\t\t\t\t\t\t\t<\/div>\n\t\t\t\t<\/div>\n\t\t\t\t<div class=\"elementor-element elementor-element-f8de89d elementor-widget elementor-widget-image\" data-id=\"f8de89d\" data-element_type=\"widget\" data-widget_type=\"image.default\">\n\t\t\t\t<div class=\"elementor-widget-container\">\n\t\t\t\t\t\t\t\t\t\t\t\t\t\t\t<img decoding=\"async\" width=\"576\" height=\"1024\" src=\"https:\/\/richeskarayib.com\/wp-content\/uploads\/2025\/03\/WhatsApp-Image-2025-03-28-a-22.49.55_bef165ad-576x1024.jpg\" class=\"attachment-large size-large wp-image-47761\" alt=\"Tourisme\" srcset=\"https:\/\/richeskarayib.com\/wp-content\/uploads\/2025\/03\/WhatsApp-Image-2025-03-28-a-22.49.55_bef165ad-576x1024.jpg 576w, https:\/\/richeskarayib.com\/wp-content\/uploads\/2025\/03\/WhatsApp-Image-2025-03-28-a-22.49.55_bef165ad-169x300.jpg 169w, https:\/\/richeskarayib.com\/wp-content\/uploads\/2025\/03\/WhatsApp-Image-2025-03-28-a-22.49.55_bef165ad-768x1365.jpg 768w, https:\/\/richeskarayib.com\/wp-content\/uploads\/2025\/03\/WhatsApp-Image-2025-03-28-a-22.49.55_bef165ad-864x1536.jpg 864w, https:\/\/richeskarayib.com\/wp-content\/uploads\/2025\/03\/WhatsApp-Image-2025-03-28-a-22.49.55_bef165ad.jpg 900w\" sizes=\"(max-width: 576px) 100vw, 576px\" \/>\t\t\t\t\t\t\t\t\t\t\t\t\t\t\t<\/div>\n\t\t\t\t<\/div>\n\t\t\t\t\t<\/div>\n\t\t<\/div>\n\t\t\t\t\t<\/div>\n\t\t<\/section>\n\t\t\t\t<section class=\"elementor-section elementor-top-section elementor-element elementor-element-4adc45b elementor-section-boxed elementor-section-height-default elementor-section-height-default\" data-id=\"4adc45b\" data-element_type=\"section\">\n\t\t\t\t\t\t<div class=\"elementor-container elementor-column-gap-default\">\n\t\t\t\t\t<div class=\"elementor-column elementor-col-100 elementor-top-column elementor-element elementor-element-612dbdd\" data-id=\"612dbdd\" data-element_type=\"column\">\n\t\t\t<div class=\"elementor-widget-wrap elementor-element-populated\">\n\t\t\t\t\t\t<div class=\"elementor-element elementor-element-5df0f6e elementor-widget elementor-widget-heading\" data-id=\"5df0f6e\" data-element_type=\"widget\" data-widget_type=\"heading.default\">\n\t\t\t\t<div class=\"elementor-widget-container\">\n\t\t\t\t\t<h2 class=\"elementor-heading-title elementor-size-default\">Una din\u00e1mica local viva y colaborativa<\/h2>\t\t\t\t<\/div>\n\t\t\t\t<\/div>\n\t\t\t\t<div class=\"elementor-element elementor-element-d44c7bd elementor-widget elementor-widget-text-editor\" data-id=\"d44c7bd\" data-element_type=\"widget\" data-widget_type=\"text-editor.default\">\n\t\t\t\t<div class=\"elementor-widget-container\">\n\t\t\t\t\t\t\t\t\t<p class=\"\" data-start=\"3540\" data-end=\"3838\">Otro momento destacado de la ma\u00f1ana fue el discurso de <strong data-start=\"3592\" data-end=\"3612\">Catherine Vatbl\u00e9<\/strong>, responsable de la DEETS y coordinadora nacional de la Semana de los Oficios Tur\u00edsticos. Visiblemente emocionada, alab\u00f3 el compromiso de los numerosos socios de Martinica, a pesar de sus recursos financieros, a veces limitados. <\/p>\n<p class=\"\" data-start=\"3840\" data-end=\"4213\">Destac\u00f3 <strong data-start=\"3862\" data-end=\"3894\">los 48 eventos<\/strong> de la regi\u00f3n que <strong data-start=\"3862\" data-end=\"3894\">han obtenido la etiqueta<\/strong>, con especial atenci\u00f3n este a\u00f1o al <strong data-start=\"3970\" data-end=\"3994\">tema del mar<\/strong>, gracias a la colaboraci\u00f3n del <strong data-start=\"4024\" data-end=\"4056\">Campus des M\u00e9tiers de la Mer<\/strong>, el <strong data-start=\"4061\" data-end=\"4081\">Cluster Mar\u00edtimo<\/strong>, la <strong data-start=\"4089\" data-end=\"4112\">Direction de la Mer<\/strong> y varias asociaciones culturales, entre ellas <strong data-start=\"4162\" data-end=\"4177\">Cariculture<\/strong>, <strong data-start=\"4179\" data-end=\"4191\">Watouabi<\/strong> y <strong data-start=\"4195\" data-end=\"4212\">Tambou Gornal<\/strong>.<\/p>\n<p class=\"\" data-start=\"4215\" data-end=\"4527\">Un &#8220;causer&#8221;, organizado por la tarde en Fort-de-France, pretend\u00eda <strong data-start=\"4277\" data-end=\"4356\">reunir a los mundos cultural, educativo, econ\u00f3mico y pol\u00edtico<\/strong> en torno a una idea fuerza: transformar las manifestaciones culturales tradicionales (carnaval, <a href=\"https:\/\/richeskarayib.com\/es\/?p=40606\">Tour des Yoles<\/a>&#8230;) en aut\u00e9nticas <strong data-start=\"4477\" data-end=\"4524\">palancas de desarrollo econ\u00f3mico sostenible<\/strong>.<\/p>\n<p class=\"\" data-start=\"4529\" data-end=\"4717\">El \u00faltimo pabell\u00f3n de la semana deb\u00eda situarse en la <strong data-start=\"4593\" data-end=\"4628\">aldea del cacao y el chocolate<\/strong>, encarnando el deseo de vincular el patrimonio, la transmisi\u00f3n, la econom\u00eda local y la divulgaci\u00f3n.<\/p>\n\t\t\t\t\t\t\t\t<\/div>\n\t\t\t\t<\/div>\n\t\t\t\t<div class=\"elementor-element elementor-element-dd19e8d elementor-widget elementor-widget-image\" data-id=\"dd19e8d\" data-element_type=\"widget\" data-widget_type=\"image.default\">\n\t\t\t\t<div class=\"elementor-widget-container\">\n\t\t\t\t\t\t\t\t\t\t\t\t\t\t\t<img loading=\"lazy\" decoding=\"async\" width=\"576\" height=\"1024\" src=\"https:\/\/richeskarayib.com\/wp-content\/uploads\/2025\/03\/WhatsApp-Image-2025-03-28-a-22.51.05_87b590d5-576x1024.jpg\" class=\"attachment-large size-large wp-image-47765\" alt=\"Tourisme\" srcset=\"https:\/\/richeskarayib.com\/wp-content\/uploads\/2025\/03\/WhatsApp-Image-2025-03-28-a-22.51.05_87b590d5-576x1024.jpg 576w, https:\/\/richeskarayib.com\/wp-content\/uploads\/2025\/03\/WhatsApp-Image-2025-03-28-a-22.51.05_87b590d5-169x300.jpg 169w, https:\/\/richeskarayib.com\/wp-content\/uploads\/2025\/03\/WhatsApp-Image-2025-03-28-a-22.51.05_87b590d5-768x1365.jpg 768w, https:\/\/richeskarayib.com\/wp-content\/uploads\/2025\/03\/WhatsApp-Image-2025-03-28-a-22.51.05_87b590d5-864x1536.jpg 864w, https:\/\/richeskarayib.com\/wp-content\/uploads\/2025\/03\/WhatsApp-Image-2025-03-28-a-22.51.05_87b590d5.jpg 900w\" sizes=\"(max-width: 576px) 100vw, 576px\" \/>\t\t\t\t\t\t\t\t\t\t\t\t\t\t\t<\/div>\n\t\t\t\t<\/div>\n\t\t\t\t<div class=\"elementor-element elementor-element-0d837eb elementor-widget elementor-widget-text-editor\" data-id=\"0d837eb\" data-element_type=\"widget\" data-widget_type=\"text-editor.default\">\n\t\t\t\t<div class=\"elementor-widget-container\">\n\t\t\t\t\t\t\t\t\t<p class=\"\" data-start=\"3540\" data-end=\"3838\">La ciudad de <a href=\"https:\/\/www.martinique.cci.fr\/detail_article_actualites.aspx?card=61025\" target=\"_blank\" rel=\"noopener nofollow\"><strong data-start=\"1105\" data-end=\"1127\">ciudad de Sch\u0153lcher<\/strong><\/a> desempe\u00f1\u00f3 un papel clave en la organizaci\u00f3n de la parte martiniquesa de la Semana de Oficios Tur\u00edsticos. Presente en nombre del ayuntamiento, <strong data-start=\"1278\" data-end=\"1297\">el Sr. Gonier<\/strong>, miembro del equipo t\u00e9cnico, fue calurosamente elogiado por su compromiso. Este apoyo log\u00edstico y humano atestigua la voluntad del municipio de implicarse en el desarrollo de un turismo de proximidad, capaz de tender puentes entre la educaci\u00f3n, la cultura y la econom\u00eda.  <\/p>\n\t\t\t\t\t\t\t\t<\/div>\n\t\t\t\t<\/div>\n\t\t\t\t<div class=\"elementor-element elementor-element-3734f5b elementor-widget elementor-widget-image\" data-id=\"3734f5b\" data-element_type=\"widget\" data-widget_type=\"image.default\">\n\t\t\t\t<div class=\"elementor-widget-container\">\n\t\t\t\t\t\t\t\t\t\t\t\t<figure class=\"wp-caption\">\n\t\t\t\t\t\t\t\t\t\t<img loading=\"lazy\" decoding=\"async\" width=\"800\" height=\"450\" src=\"https:\/\/richeskarayib.com\/wp-content\/uploads\/2025\/03\/WhatsApp-Image-2025-03-28-a-22.54.19_30ad4153-1024x576.jpg\" class=\"attachment-large size-large wp-image-47781\" alt=\"Tourisme\" srcset=\"https:\/\/richeskarayib.com\/wp-content\/uploads\/2025\/03\/WhatsApp-Image-2025-03-28-a-22.54.19_30ad4153-1024x576.jpg 1024w, https:\/\/richeskarayib.com\/wp-content\/uploads\/2025\/03\/WhatsApp-Image-2025-03-28-a-22.54.19_30ad4153-300x169.jpg 300w, https:\/\/richeskarayib.com\/wp-content\/uploads\/2025\/03\/WhatsApp-Image-2025-03-28-a-22.54.19_30ad4153-768x432.jpg 768w, https:\/\/richeskarayib.com\/wp-content\/uploads\/2025\/03\/WhatsApp-Image-2025-03-28-a-22.54.19_30ad4153-1536x864.jpg 1536w, https:\/\/richeskarayib.com\/wp-content\/uploads\/2025\/03\/WhatsApp-Image-2025-03-28-a-22.54.19_30ad4153-1320x743.jpg 1320w, https:\/\/richeskarayib.com\/wp-content\/uploads\/2025\/03\/WhatsApp-Image-2025-03-28-a-22.54.19_30ad4153.jpg 1600w\" sizes=\"(max-width: 800px) 100vw, 800px\" \/>\t\t\t\t\t\t\t\t\t\t\t<figcaption class=\"widget-image-caption wp-caption-text\">Josette Cinna (Martinica Terroir d'Excellence) - Nathalie Delattre - Emile Gonier - Catherine Rodap<\/figcaption>\n\t\t\t\t\t\t\t\t\t\t<\/figure>\n\t\t\t\t\t\t\t\t\t<\/div>\n\t\t\t\t<\/div>\n\t\t\t\t\t<\/div>\n\t\t<\/div>\n\t\t\t\t\t<\/div>\n\t\t<\/section>\n\t\t\t\t<section class=\"elementor-section elementor-top-section elementor-element elementor-element-16e8ac1 elementor-section-boxed elementor-section-height-default elementor-section-height-default\" data-id=\"16e8ac1\" data-element_type=\"section\">\n\t\t\t\t\t\t<div class=\"elementor-container elementor-column-gap-default\">\n\t\t\t\t\t<div class=\"elementor-column elementor-col-100 elementor-top-column elementor-element elementor-element-21ac8a8\" data-id=\"21ac8a8\" data-element_type=\"column\">\n\t\t\t<div class=\"elementor-widget-wrap elementor-element-populated\">\n\t\t\t\t\t\t<div class=\"elementor-element elementor-element-a740472 elementor-widget elementor-widget-heading\" data-id=\"a740472\" data-element_type=\"widget\" data-widget_type=\"heading.default\">\n\t\t\t\t<div class=\"elementor-widget-container\">\n\t\t\t\t\t<h2 class=\"elementor-heading-title elementor-size-default\">Crear carreras profesionales sostenibles y gratificantes<\/h2>\t\t\t\t<\/div>\n\t\t\t\t<\/div>\n\t\t\t\t<div class=\"elementor-element elementor-element-69d789d elementor-widget elementor-widget-text-editor\" data-id=\"69d789d\" data-element_type=\"widget\" data-widget_type=\"text-editor.default\">\n\t\t\t\t<div class=\"elementor-widget-container\">\n\t\t\t\t\t\t\t\t\t<p class=\"\" data-start=\"4777\" data-end=\"5095\"><strong data-start=\"4777\" data-end=\"4796\">Catherine Rodap<\/strong>, Presidenta de <strong data-start=\"4812\" data-end=\"4832\">MEDEF Martinica<\/strong>, alab\u00f3 la atenci\u00f3n prestada por el ministro a las realidades de Martinica, que iba mucho m\u00e1s all\u00e1 de una simple visita protocolaria. Subray\u00f3 hasta qu\u00e9 punto toda empresa y toda actividad tur\u00edstica depende sobre todo de hombres y mujeres apasionados y cualificados. <\/p>\n<p class=\"\" data-start=\"5097\" data-end=\"5399\">Insisti\u00f3 en el <strong data-start=\"5119\" data-end=\"5147\">papel clave de la formaci\u00f3n<\/strong>, que debe ser experta y adecuada, pero tambi\u00e9n conocida por el gran p\u00fablico. En su opini\u00f3n, es esencial <strong data-start=\"5247\" data-end=\"5281\">combatir las ideas preconcebidas<\/strong> y demostrar que una carrera en el turismo no s\u00f3lo es posible, sino tambi\u00e9n gratificante. <\/p>\n<p class=\"\" data-start=\"5401\" data-end=\"5664\">&#8220;La excelencia no puede decretarse, debe construirse d\u00eda a d\u00eda&#8221;, afirm\u00f3, haciendo un llamamiento a tender puentes m\u00e1s s\u00f3lidos entre el mundo de la educaci\u00f3n y el de la empresa. El MEDEF, asegur\u00f3, seguir\u00e1 plenamente implicado en esta din\u00e1mica colectiva. <\/p>\n\t\t\t\t\t\t\t\t<\/div>\n\t\t\t\t<\/div>\n\t\t\t\t<div class=\"elementor-element elementor-element-27d92b5 elementor-widget elementor-widget-image\" data-id=\"27d92b5\" data-element_type=\"widget\" data-widget_type=\"image.default\">\n\t\t\t\t<div class=\"elementor-widget-container\">\n\t\t\t\t\t\t\t\t\t\t\t\t\t\t\t<img loading=\"lazy\" decoding=\"async\" width=\"576\" height=\"1024\" src=\"https:\/\/richeskarayib.com\/wp-content\/uploads\/2025\/03\/WhatsApp-Image-2025-03-28-a-22.51.37_f25b4ee8-576x1024.jpg\" class=\"attachment-large size-large wp-image-47769\" alt=\"Tourisme\" srcset=\"https:\/\/richeskarayib.com\/wp-content\/uploads\/2025\/03\/WhatsApp-Image-2025-03-28-a-22.51.37_f25b4ee8-576x1024.jpg 576w, https:\/\/richeskarayib.com\/wp-content\/uploads\/2025\/03\/WhatsApp-Image-2025-03-28-a-22.51.37_f25b4ee8-169x300.jpg 169w, https:\/\/richeskarayib.com\/wp-content\/uploads\/2025\/03\/WhatsApp-Image-2025-03-28-a-22.51.37_f25b4ee8-768x1365.jpg 768w, https:\/\/richeskarayib.com\/wp-content\/uploads\/2025\/03\/WhatsApp-Image-2025-03-28-a-22.51.37_f25b4ee8-864x1536.jpg 864w, https:\/\/richeskarayib.com\/wp-content\/uploads\/2025\/03\/WhatsApp-Image-2025-03-28-a-22.51.37_f25b4ee8.jpg 900w\" sizes=\"(max-width: 576px) 100vw, 576px\" \/>\t\t\t\t\t\t\t\t\t\t\t\t\t\t\t<\/div>\n\t\t\t\t<\/div>\n\t\t\t\t<div class=\"elementor-element elementor-element-0f109b0 elementor-widget elementor-widget-text-editor\" data-id=\"0f109b0\" data-element_type=\"widget\" data-widget_type=\"text-editor.default\">\n\t\t\t\t<div class=\"elementor-widget-container\">\n\t\t\t\t\t\t\t\t\t<p><strong data-start=\"866\" data-end=\"889\">Fabrice Di Geronimo<\/strong>, representante de <strong data-start=\"907\" data-end=\"936\">France Travail Martinique<\/strong>, subray\u00f3 la importancia de hacer m\u00e1s visibles y accesibles los empleos del turismo. En particular, subray\u00f3 la necesidad de <strong data-start=\"1068\" data-end=\"1110\">sensibilizar a los j\u00f3venes desde la ense\u00f1anza secundaria<\/strong>, para que conozcan mejor las oportunidades de este sector, a menudo poco conocido. En un contexto de escasez en el mercado laboral, se\u00f1al\u00f3 que muchas empresas tur\u00edsticas tienen dificultades para contratar debido a la falta de perfiles formados o informados. Por ello, France Travail se compromete a ofrecer <strong data-start=\"1410\" data-end=\"1454\">dispositivos de acompa\u00f1amiento adecuados<\/strong>, destinados a acercar a las personas alejadas del empleo a las necesidades reales expresadas por los profesionales del sector.   <\/p>\n\t\t\t\t\t\t\t\t<\/div>\n\t\t\t\t<\/div>\n\t\t\t\t<div class=\"elementor-element elementor-element-f4de81a elementor-widget elementor-widget-image\" data-id=\"f4de81a\" data-element_type=\"widget\" data-widget_type=\"image.default\">\n\t\t\t\t<div class=\"elementor-widget-container\">\n\t\t\t\t\t\t\t\t\t\t\t\t\t\t\t<img loading=\"lazy\" decoding=\"async\" width=\"576\" height=\"1024\" src=\"https:\/\/richeskarayib.com\/wp-content\/uploads\/2025\/03\/WhatsApp-Image-2025-03-28-a-22.51.54_31b45a1a-576x1024.jpg\" class=\"attachment-large size-large wp-image-47789\" alt=\"Tourisme\" srcset=\"https:\/\/richeskarayib.com\/wp-content\/uploads\/2025\/03\/WhatsApp-Image-2025-03-28-a-22.51.54_31b45a1a-576x1024.jpg 576w, https:\/\/richeskarayib.com\/wp-content\/uploads\/2025\/03\/WhatsApp-Image-2025-03-28-a-22.51.54_31b45a1a-169x300.jpg 169w, https:\/\/richeskarayib.com\/wp-content\/uploads\/2025\/03\/WhatsApp-Image-2025-03-28-a-22.51.54_31b45a1a-768x1365.jpg 768w, https:\/\/richeskarayib.com\/wp-content\/uploads\/2025\/03\/WhatsApp-Image-2025-03-28-a-22.51.54_31b45a1a-864x1536.jpg 864w, https:\/\/richeskarayib.com\/wp-content\/uploads\/2025\/03\/WhatsApp-Image-2025-03-28-a-22.51.54_31b45a1a.jpg 900w\" sizes=\"(max-width: 576px) 100vw, 576px\" \/>\t\t\t\t\t\t\t\t\t\t\t\t\t\t\t<\/div>\n\t\t\t\t<\/div>\n\t\t\t\t\t<\/div>\n\t\t<\/div>\n\t\t\t\t\t<\/div>\n\t\t<\/section>\n\t\t\t\t<section class=\"elementor-section elementor-top-section elementor-element elementor-element-744739e elementor-section-boxed elementor-section-height-default elementor-section-height-default\" data-id=\"744739e\" data-element_type=\"section\">\n\t\t\t\t\t\t<div class=\"elementor-container elementor-column-gap-default\">\n\t\t\t\t\t<div class=\"elementor-column elementor-col-100 elementor-top-column elementor-element elementor-element-2ce74c0\" data-id=\"2ce74c0\" data-element_type=\"column\">\n\t\t\t<div class=\"elementor-widget-wrap elementor-element-populated\">\n\t\t\t\t\t\t<div class=\"elementor-element elementor-element-fff1794 elementor-widget elementor-widget-heading\" data-id=\"fff1794\" data-element_type=\"widget\" data-widget_type=\"heading.default\">\n\t\t\t\t<div class=\"elementor-widget-container\">\n\t\t\t\t\t<h2 class=\"elementor-heading-title elementor-size-default\">Dos rutas excepcionales galardonadas con medallas de turismo<\/h2>\t\t\t\t<\/div>\n\t\t\t\t<\/div>\n\t\t\t\t<div class=\"elementor-element elementor-element-6b0ed57 elementor-widget elementor-widget-text-editor\" data-id=\"6b0ed57\" data-element_type=\"widget\" data-widget_type=\"text-editor.default\">\n\t\t\t\t<div class=\"elementor-widget-container\">\n\t\t\t\t\t\t\t\t\t<p class=\"\" data-start=\"428\" data-end=\"644\">Uno de los momentos m\u00e1s destacados de la ma\u00f1ana fue la <strong data-start=\"458\" data-end=\"494\">entrega de medallas de turismo<\/strong> en reconocimiento al compromiso de dos personas cuyas trayectorias encarnan dos visiones complementarias del desarrollo del turismo en Martinica.<\/p>\n<p class=\"\" data-start=\"646\" data-end=\"1171\"><strong data-start=\"646\" data-end=\"666\">Fran\u00e7oise Riveti, <\/strong>directora general del H\u00f4tel Bambou, recibi\u00f3 la <strong>medalla de bronce<\/strong> por transformar un hotel familiar en un complejo hotelero de referencia, manteniendo una visi\u00f3n clara: combinar confort, calidad medioambiental, accesibilidad y cultura antillana. Impulsado por una visi\u00f3n humana y exigente de la hosteler\u00eda, encarna la renovaci\u00f3n del sector hotelero de Martinica frente a la competencia regional. <\/p>\n<p class=\"\" data-start=\"646\" data-end=\"1171\"><strong data-start=\"646\" data-end=\"666\">Hector Elisabeth<\/strong>, soci\u00f3logo y antiguo director de la Agencia Regional de Desarrollo Tur\u00edstico de Martinica (ARDTM), recibi\u00f3 la <strong data-start=\"786\" data-end=\"803\">medalla de oro<\/strong>. Visionario y estratega, durante d\u00e9cadas trabaj\u00f3 para situar el sector tur\u00edstico de Martinica en una base de desarrollo integrado, estrechamente vinculado a la identidad local, la formaci\u00f3n, la estructuraci\u00f3n del sector y la aparici\u00f3n de un turismo interior accesible a todos. Su compromiso sent\u00f3 las bases de lo que se convertir\u00eda en el Comit\u00e9 Martiniquais du Tourisme.  <\/p>\n<p class=\"\" data-start=\"1621\" data-end=\"1999\">Estos dos premios celebran a la vez <strong data-start=\"1670\" data-end=\"1700\">el patrimonio y la innovaci\u00f3n<\/strong>, la <strong data-start=\"1702\" data-end=\"1743\">estrategia y la gesti\u00f3n sobre el terreno<\/strong>, la <strong data-start=\"1745\" data-end=\"1775\">memoria y la adaptaci\u00f3n<\/strong>. Es un homenaje a los hombres y mujeres que, con su compromiso, contribuyen a construir en Martinica un turismo m\u00e1s resistente, m\u00e1s responsable y m\u00e1s arraigado en la regi\u00f3n. <\/p>\n\t\t\t\t\t\t\t\t<\/div>\n\t\t\t\t<\/div>\n\t\t\t\t<div class=\"elementor-element elementor-element-d05596e elementor-widget elementor-widget-image\" data-id=\"d05596e\" data-element_type=\"widget\" data-widget_type=\"image.default\">\n\t\t\t\t<div class=\"elementor-widget-container\">\n\t\t\t\t\t\t\t\t\t\t\t\t<figure class=\"wp-caption\">\n\t\t\t\t\t\t\t\t\t\t<img loading=\"lazy\" decoding=\"async\" width=\"800\" height=\"450\" src=\"https:\/\/richeskarayib.com\/wp-content\/uploads\/2025\/03\/WhatsApp-Image-2025-03-28-a-22.52.41_ef17d6df-1024x576.jpg\" class=\"attachment-large size-large wp-image-47777\" alt=\"Tourisme\" srcset=\"https:\/\/richeskarayib.com\/wp-content\/uploads\/2025\/03\/WhatsApp-Image-2025-03-28-a-22.52.41_ef17d6df-1024x576.jpg 1024w, https:\/\/richeskarayib.com\/wp-content\/uploads\/2025\/03\/WhatsApp-Image-2025-03-28-a-22.52.41_ef17d6df-300x169.jpg 300w, https:\/\/richeskarayib.com\/wp-content\/uploads\/2025\/03\/WhatsApp-Image-2025-03-28-a-22.52.41_ef17d6df-768x432.jpg 768w, https:\/\/richeskarayib.com\/wp-content\/uploads\/2025\/03\/WhatsApp-Image-2025-03-28-a-22.52.41_ef17d6df-1536x864.jpg 1536w, https:\/\/richeskarayib.com\/wp-content\/uploads\/2025\/03\/WhatsApp-Image-2025-03-28-a-22.52.41_ef17d6df-1320x743.jpg 1320w, https:\/\/richeskarayib.com\/wp-content\/uploads\/2025\/03\/WhatsApp-Image-2025-03-28-a-22.52.41_ef17d6df.jpg 1600w\" sizes=\"(max-width: 800px) 100vw, 800px\" \/>\t\t\t\t\t\t\t\t\t\t\t<figcaption class=\"widget-image-caption wp-caption-text\">Fran\u00e7oise Riveti - Nathalie Delattre - Hector Elizabeth<\/figcaption>\n\t\t\t\t\t\t\t\t\t\t<\/figure>\n\t\t\t\t\t\t\t\t\t<\/div>\n\t\t\t\t<\/div>\n\t\t\t\t<div class=\"elementor-element elementor-element-aeff353 elementor-widget elementor-widget-image\" data-id=\"aeff353\" data-element_type=\"widget\" data-widget_type=\"image.default\">\n\t\t\t\t<div class=\"elementor-widget-container\">\n\t\t\t\t\t\t\t\t\t\t\t\t\t\t\t<img loading=\"lazy\" decoding=\"async\" width=\"800\" height=\"871\" src=\"https:\/\/richeskarayib.com\/wp-content\/uploads\/2025\/03\/WhatsApp-Image-2025-03-31-a-00.25.22_d3acb3fe-941x1024.jpg\" class=\"attachment-large size-large wp-image-47797\" alt=\"Tourisme\" srcset=\"https:\/\/richeskarayib.com\/wp-content\/uploads\/2025\/03\/WhatsApp-Image-2025-03-31-a-00.25.22_d3acb3fe-941x1024.jpg 941w, https:\/\/richeskarayib.com\/wp-content\/uploads\/2025\/03\/WhatsApp-Image-2025-03-31-a-00.25.22_d3acb3fe-276x300.jpg 276w, https:\/\/richeskarayib.com\/wp-content\/uploads\/2025\/03\/WhatsApp-Image-2025-03-31-a-00.25.22_d3acb3fe-768x835.jpg 768w, https:\/\/richeskarayib.com\/wp-content\/uploads\/2025\/03\/WhatsApp-Image-2025-03-31-a-00.25.22_d3acb3fe-1412x1536.jpg 1412w, https:\/\/richeskarayib.com\/wp-content\/uploads\/2025\/03\/WhatsApp-Image-2025-03-31-a-00.25.22_d3acb3fe-1320x1436.jpg 1320w, https:\/\/richeskarayib.com\/wp-content\/uploads\/2025\/03\/WhatsApp-Image-2025-03-31-a-00.25.22_d3acb3fe.jpg 1471w\" sizes=\"(max-width: 800px) 100vw, 800px\" \/>\t\t\t\t\t\t\t\t\t\t\t\t\t\t\t<\/div>\n\t\t\t\t<\/div>\n\t\t\t\t<div class=\"elementor-element elementor-element-10cf48c elementor-widget elementor-widget-image\" data-id=\"10cf48c\" data-element_type=\"widget\" data-widget_type=\"image.default\">\n\t\t\t\t<div class=\"elementor-widget-container\">\n\t\t\t\t\t\t\t\t\t\t\t\t\t\t\t<img loading=\"lazy\" decoding=\"async\" width=\"800\" height=\"450\" src=\"https:\/\/richeskarayib.com\/wp-content\/uploads\/2025\/03\/WhatsApp-Image-2025-03-31-a-00.26.31_b289f2f6-1024x576.jpg\" class=\"attachment-large size-large wp-image-47805\" alt=\"Tourisme\" srcset=\"https:\/\/richeskarayib.com\/wp-content\/uploads\/2025\/03\/WhatsApp-Image-2025-03-31-a-00.26.31_b289f2f6-1024x576.jpg 1024w, https:\/\/richeskarayib.com\/wp-content\/uploads\/2025\/03\/WhatsApp-Image-2025-03-31-a-00.26.31_b289f2f6-300x169.jpg 300w, https:\/\/richeskarayib.com\/wp-content\/uploads\/2025\/03\/WhatsApp-Image-2025-03-31-a-00.26.31_b289f2f6-768x432.jpg 768w, https:\/\/richeskarayib.com\/wp-content\/uploads\/2025\/03\/WhatsApp-Image-2025-03-31-a-00.26.31_b289f2f6-1536x864.jpg 1536w, https:\/\/richeskarayib.com\/wp-content\/uploads\/2025\/03\/WhatsApp-Image-2025-03-31-a-00.26.31_b289f2f6-1320x743.jpg 1320w, https:\/\/richeskarayib.com\/wp-content\/uploads\/2025\/03\/WhatsApp-Image-2025-03-31-a-00.26.31_b289f2f6.jpg 1600w\" sizes=\"(max-width: 800px) 100vw, 800px\" \/>\t\t\t\t\t\t\t\t\t\t\t\t\t\t\t<\/div>\n\t\t\t\t<\/div>\n\t\t\t\t<section class=\"elementor-section elementor-inner-section elementor-element elementor-element-a4db016 elementor-section-boxed elementor-section-height-default elementor-section-height-default\" data-id=\"a4db016\" data-element_type=\"section\">\n\t\t\t\t\t\t<div class=\"elementor-container elementor-column-gap-default\">\n\t\t\t\t\t<div class=\"elementor-column elementor-col-50 elementor-inner-column elementor-element elementor-element-8ea076a\" data-id=\"8ea076a\" data-element_type=\"column\">\n\t\t\t<div class=\"elementor-widget-wrap elementor-element-populated\">\n\t\t\t\t\t\t<div class=\"elementor-element elementor-element-d8c1bdc elementor-widget elementor-widget-image\" data-id=\"d8c1bdc\" data-element_type=\"widget\" data-widget_type=\"image.default\">\n\t\t\t\t<div class=\"elementor-widget-container\">\n\t\t\t\t\t\t\t\t\t\t\t\t\t\t\t<img loading=\"lazy\" decoding=\"async\" width=\"800\" height=\"919\" src=\"https:\/\/richeskarayib.com\/wp-content\/uploads\/2025\/03\/WhatsApp-Image-2025-03-31-a-00.24.36_1ceef4ac-891x1024.jpg\" class=\"attachment-large size-large wp-image-47793\" alt=\"Tourisme\" srcset=\"https:\/\/richeskarayib.com\/wp-content\/uploads\/2025\/03\/WhatsApp-Image-2025-03-31-a-00.24.36_1ceef4ac-891x1024.jpg 891w, https:\/\/richeskarayib.com\/wp-content\/uploads\/2025\/03\/WhatsApp-Image-2025-03-31-a-00.24.36_1ceef4ac-261x300.jpg 261w, https:\/\/richeskarayib.com\/wp-content\/uploads\/2025\/03\/WhatsApp-Image-2025-03-31-a-00.24.36_1ceef4ac-768x883.jpg 768w, https:\/\/richeskarayib.com\/wp-content\/uploads\/2025\/03\/WhatsApp-Image-2025-03-31-a-00.24.36_1ceef4ac.jpg 1126w\" sizes=\"(max-width: 800px) 100vw, 800px\" \/>\t\t\t\t\t\t\t\t\t\t\t\t\t\t\t<\/div>\n\t\t\t\t<\/div>\n\t\t\t\t<div class=\"elementor-element elementor-element-54915e0 elementor-widget elementor-widget-image\" data-id=\"54915e0\" data-element_type=\"widget\" data-widget_type=\"image.default\">\n\t\t\t\t<div class=\"elementor-widget-container\">\n\t\t\t\t\t\t\t\t\t\t\t\t\t\t\t<img loading=\"lazy\" decoding=\"async\" width=\"800\" height=\"1016\" src=\"https:\/\/richeskarayib.com\/wp-content\/uploads\/2025\/03\/WhatsApp-Image-2025-03-31-a-00.27.40_a6f7681f-806x1024.jpg\" class=\"attachment-large size-large wp-image-47809\" alt=\"Tourisme\" srcset=\"https:\/\/richeskarayib.com\/wp-content\/uploads\/2025\/03\/WhatsApp-Image-2025-03-31-a-00.27.40_a6f7681f-806x1024.jpg 806w, https:\/\/richeskarayib.com\/wp-content\/uploads\/2025\/03\/WhatsApp-Image-2025-03-31-a-00.27.40_a6f7681f-236x300.jpg 236w, https:\/\/richeskarayib.com\/wp-content\/uploads\/2025\/03\/WhatsApp-Image-2025-03-31-a-00.27.40_a6f7681f-768x976.jpg 768w, https:\/\/richeskarayib.com\/wp-content\/uploads\/2025\/03\/WhatsApp-Image-2025-03-31-a-00.27.40_a6f7681f.jpg 1126w\" sizes=\"(max-width: 800px) 100vw, 800px\" \/>\t\t\t\t\t\t\t\t\t\t\t\t\t\t\t<\/div>\n\t\t\t\t<\/div>\n\t\t\t\t\t<\/div>\n\t\t<\/div>\n\t\t\t\t<div class=\"elementor-column elementor-col-50 elementor-inner-column elementor-element elementor-element-5109edc\" data-id=\"5109edc\" data-element_type=\"column\">\n\t\t\t<div class=\"elementor-widget-wrap elementor-element-populated\">\n\t\t\t\t\t\t<div class=\"elementor-element elementor-element-a423bea elementor-widget elementor-widget-image\" data-id=\"a423bea\" data-element_type=\"widget\" data-widget_type=\"image.default\">\n\t\t\t\t<div class=\"elementor-widget-container\">\n\t\t\t\t\t\t\t\t\t\t\t\t\t\t\t<img loading=\"lazy\" decoding=\"async\" width=\"799\" height=\"1024\" src=\"https:\/\/richeskarayib.com\/wp-content\/uploads\/2025\/03\/WhatsApp-Image-2025-03-31-a-00.26.12_31b7673d-799x1024.jpg\" class=\"attachment-large size-large wp-image-47801\" alt=\"Tourisme\" srcset=\"https:\/\/richeskarayib.com\/wp-content\/uploads\/2025\/03\/WhatsApp-Image-2025-03-31-a-00.26.12_31b7673d-799x1024.jpg 799w, https:\/\/richeskarayib.com\/wp-content\/uploads\/2025\/03\/WhatsApp-Image-2025-03-31-a-00.26.12_31b7673d-234x300.jpg 234w, https:\/\/richeskarayib.com\/wp-content\/uploads\/2025\/03\/WhatsApp-Image-2025-03-31-a-00.26.12_31b7673d-768x984.jpg 768w, https:\/\/richeskarayib.com\/wp-content\/uploads\/2025\/03\/WhatsApp-Image-2025-03-31-a-00.26.12_31b7673d.jpg 1126w\" sizes=\"(max-width: 799px) 100vw, 799px\" \/>\t\t\t\t\t\t\t\t\t\t\t\t\t\t\t<\/div>\n\t\t\t\t<\/div>\n\t\t\t\t<div class=\"elementor-element elementor-element-9a7953e elementor-widget elementor-widget-image\" data-id=\"9a7953e\" data-element_type=\"widget\" data-widget_type=\"image.default\">\n\t\t\t\t<div class=\"elementor-widget-container\">\n\t\t\t\t\t\t\t\t\t\t\t\t\t\t\t<img loading=\"lazy\" decoding=\"async\" width=\"576\" height=\"1024\" src=\"https:\/\/richeskarayib.com\/wp-content\/uploads\/2025\/03\/WhatsApp-Image-2025-03-28-a-22.52.11_17d87ed2-576x1024.jpg\" class=\"attachment-large size-large wp-image-47773\" alt=\"Tourisme\" srcset=\"https:\/\/richeskarayib.com\/wp-content\/uploads\/2025\/03\/WhatsApp-Image-2025-03-28-a-22.52.11_17d87ed2-576x1024.jpg 576w, https:\/\/richeskarayib.com\/wp-content\/uploads\/2025\/03\/WhatsApp-Image-2025-03-28-a-22.52.11_17d87ed2-169x300.jpg 169w, https:\/\/richeskarayib.com\/wp-content\/uploads\/2025\/03\/WhatsApp-Image-2025-03-28-a-22.52.11_17d87ed2-768x1365.jpg 768w, https:\/\/richeskarayib.com\/wp-content\/uploads\/2025\/03\/WhatsApp-Image-2025-03-28-a-22.52.11_17d87ed2-864x1536.jpg 864w, https:\/\/richeskarayib.com\/wp-content\/uploads\/2025\/03\/WhatsApp-Image-2025-03-28-a-22.52.11_17d87ed2.jpg 900w\" sizes=\"(max-width: 576px) 100vw, 576px\" \/>\t\t\t\t\t\t\t\t\t\t\t\t\t\t\t<\/div>\n\t\t\t\t<\/div>\n\t\t\t\t\t<\/div>\n\t\t<\/div>\n\t\t\t\t\t<\/div>\n\t\t<\/section>\n\t\t\t\t\t<\/div>\n\t\t<\/div>\n\t\t\t\t\t<\/div>\n\t\t<\/section>\n\t\t\t\t<\/div>\n\t\t","protected":false},"excerpt":{"rendered":"<p>Apoyarse en el talento para construir el futuro del turismo en Martinica: esta es la convicci\u00f3n que reuni\u00f3 a todos los actores del sector el 28 de marzo de 2025 en la Habitation Fonds Rousseau de Sch\u0153lcher para el 3\u1d49 Semana de los Oficios del Turismo.En presencia de Nathalie Delattre, Ministra Delegada de Turismo, esta [&hellip;]<\/p>\n","protected":false},"author":47,"featured_media":47753,"comment_status":"open","ping_status":"open","sticky":false,"template":"","format":"standard","meta":{"_acf_changed":false,"footnotes":""},"categories":[839,1734],"tags":[816],"class_list":["post-47830","post","type-post","status-publish","format-standard","has-post-thumbnail","hentry","category-noticias","category-turismo","tag-martinique-es"],"acf":[],"_links":{"self":[{"href":"https:\/\/richeskarayib.com\/es\/wp-json\/wp\/v2\/posts\/47830","targetHints":{"allow":["GET"]}}],"collection":[{"href":"https:\/\/richeskarayib.com\/es\/wp-json\/wp\/v2\/posts"}],"about":[{"href":"https:\/\/richeskarayib.com\/es\/wp-json\/wp\/v2\/types\/post"}],"author":[{"embeddable":true,"href":"https:\/\/richeskarayib.com\/es\/wp-json\/wp\/v2\/users\/47"}],"replies":[{"embeddable":true,"href":"https:\/\/richeskarayib.com\/es\/wp-json\/wp\/v2\/comments?post=47830"}],"version-history":[{"count":0,"href":"https:\/\/richeskarayib.com\/es\/wp-json\/wp\/v2\/posts\/47830\/revisions"}],"wp:featuredmedia":[{"embeddable":true,"href":"https:\/\/richeskarayib.com\/es\/wp-json\/wp\/v2\/media\/47753"}],"wp:attachment":[{"href":"https:\/\/richeskarayib.com\/es\/wp-json\/wp\/v2\/media?parent=47830"}],"wp:term":[{"taxonomy":"category","embeddable":true,"href":"https:\/\/richeskarayib.com\/es\/wp-json\/wp\/v2\/categories?post=47830"},{"taxonomy":"post_tag","embeddable":true,"href":"https:\/\/richeskarayib.com\/es\/wp-json\/wp\/v2\/tags?post=47830"}],"curies":[{"name":"wp","href":"https:\/\/api.w.org\/{rel}","templated":true}]}}