{"id":47831,"date":"2025-03-31T01:58:11","date_gmt":"2025-03-31T05:58:11","guid":{"rendered":"https:\/\/richeskarayib.com\/caribe-economia-naranja-una-nueva-via-para-el-desarrollo-cultural-economico-y-creativo\/"},"modified":"2025-03-31T11:33:51","modified_gmt":"2025-03-31T15:33:51","slug":"caribe-economia-naranja-una-nueva-via-para-el-desarrollo-cultural-economico-y-creativo","status":"publish","type":"post","link":"https:\/\/richeskarayib.com\/es\/caribe-economia-naranja-una-nueva-via-para-el-desarrollo-cultural-economico-y-creativo\/","title":{"rendered":"Caribe &#8211; Econom\u00eda naranja: una nueva v\u00eda para el desarrollo cultural, econ\u00f3mico y creativo"},"content":{"rendered":"\t\t<div data-elementor-type=\"wp-post\" data-elementor-id=\"47831\" class=\"elementor elementor-47831 elementor-47812\" data-elementor-post-type=\"post\">\n\t\t\t\t\t\t<section class=\"elementor-section elementor-top-section elementor-element elementor-element-0776f58 elementor-section-boxed elementor-section-height-default elementor-section-height-default\" data-id=\"0776f58\" data-element_type=\"section\">\n\t\t\t\t\t\t<div class=\"elementor-container elementor-column-gap-default\">\n\t\t\t\t\t<div class=\"elementor-column elementor-col-100 elementor-top-column elementor-element elementor-element-1b3db7e\" data-id=\"1b3db7e\" data-element_type=\"column\">\n\t\t\t<div class=\"elementor-widget-wrap elementor-element-populated\">\n\t\t\t\t\t\t<div class=\"elementor-element elementor-element-c3960f6 elementor-widget elementor-widget-text-editor\" data-id=\"c3960f6\" data-element_type=\"widget\" data-widget_type=\"text-editor.default\">\n\t\t\t\t<div class=\"elementor-widget-container\">\n\t\t\t\t\t\t\t\t\t<p>La econom\u00eda naranja, basada en la creatividad, la innovaci\u00f3n y el conocimiento cultural, se perfila como una palanca estrat\u00e9gica para el desarrollo en el Caribe.<\/p>\n<p>Pero, \u00bfqu\u00e9 significa esto en t\u00e9rminos pr\u00e1cticos para nuestras regiones?<\/p>\n\t\t\t\t\t\t\t\t<\/div>\n\t\t\t\t<\/div>\n\t\t\t\t<div class=\"elementor-element elementor-element-5a6082c elementor-widget elementor-widget-text-editor\" data-id=\"5a6082c\" data-element_type=\"widget\" data-widget_type=\"text-editor.default\">\n\t\t\t\t<div class=\"elementor-widget-container\">\n\t\t\t\t\t\t\t\t\t<p class=\"\" data-start=\"240\" data-end=\"609\">En una <strong>regi\u00f3n rica en patrimonio vivo, expresi\u00f3n art\u00edstica y din\u00e1mica comunitaria,<\/strong> allana el camino a nuevos modelos econ\u00f3micos sostenibles impulsados por el talento local.<\/p>\n<p class=\"\" data-start=\"611\" data-end=\"1014\">Una de las nuevas formas de turismo m\u00e1s prometedoras es el turismo creativo -o turismo naranja-, que combina <strong>la inmersi\u00f3n cultural, la promoci\u00f3n del saber hacer y la participaci\u00f3n activa de los visitantes<\/strong>. En un momento en que las expectativas de los viajeros est\u00e1n cambiando, este tipo de turismo ofrece una alternativa m\u00e1s aut\u00e9ntica e integradora, en consonancia con las transiciones ecol\u00f3gica, social y digital en curso. <\/p>\n\t\t\t\t\t\t\t\t<\/div>\n\t\t\t\t<\/div>\n\t\t\t\t\t<\/div>\n\t\t<\/div>\n\t\t\t\t\t<\/div>\n\t\t<\/section>\n\t\t\t\t<section class=\"elementor-section elementor-top-section elementor-element elementor-element-1e52063 elementor-section-boxed elementor-section-height-default elementor-section-height-default\" data-id=\"1e52063\" data-element_type=\"section\">\n\t\t\t\t\t\t<div class=\"elementor-container elementor-column-gap-default\">\n\t\t\t\t\t<div class=\"elementor-column elementor-col-100 elementor-top-column elementor-element elementor-element-2465457\" data-id=\"2465457\" data-element_type=\"column\">\n\t\t\t<div class=\"elementor-widget-wrap elementor-element-populated\">\n\t\t\t\t\t\t<div class=\"elementor-element elementor-element-2745f7f elementor-widget elementor-widget-heading\" data-id=\"2745f7f\" data-element_type=\"widget\" data-widget_type=\"heading.default\">\n\t\t\t\t<div class=\"elementor-widget-container\">\n\t\t\t\t\t<h2 class=\"elementor-heading-title elementor-size-default\">Del turismo de masas a los viajes sostenibles y creativos<\/h2>\t\t\t\t<\/div>\n\t\t\t\t<\/div>\n\t\t\t\t<div class=\"elementor-element elementor-element-61ff885 elementor-widget elementor-widget-text-editor\" data-id=\"61ff885\" data-element_type=\"widget\" data-widget_type=\"text-editor.default\">\n\t\t\t\t<div class=\"elementor-widget-container\">\n\t\t\t\t\t\t\t\t\t<p class=\"\" data-start=\"1027\" data-end=\"1593\">La evoluci\u00f3n del turismo est\u00e1 estrechamente ligada a las transformaciones econ\u00f3micas mundiales y a los avances tecnol\u00f3gicos. A partir de los a\u00f1os 50, la expansi\u00f3n de la clase media y el aumento de la renta disponible provocaron una explosi\u00f3n de los viajes internacionales: de 25 millones de turistas en los a\u00f1os 50 a 1.500 millones en 2019. Pero este crecimiento ha revelado una fragilidad: el turismo es extremadamente sensible a las crisis econ\u00f3micas. En 2008, por ejemplo, los primeros recortes presupuestarios de los hogares afectaron a las vacaciones.   <\/p>\n\t\t\t\t\t\t\t\t<\/div>\n\t\t\t\t<\/div>\n\t\t\t\t<div class=\"elementor-element elementor-element-5c59911 elementor-widget elementor-widget-text-editor\" data-id=\"5c59911\" data-element_type=\"widget\" data-widget_type=\"text-editor.default\">\n\t\t\t\t<div class=\"elementor-widget-container\">\n\t\t\t\t\t\t\t\t\t<p class=\"\" data-start=\"1595\" data-end=\"2091\">Este modelo de turismo de masas ha ido dejando paso a formas alternativas de turismo m\u00e1s responsables y sostenibles, impulsadas por un nuevo tipo de viajero: el turista consciente. Estos viajeros buscan mucho m\u00e1s que entretenimiento: aspiran a experiencias aut\u00e9nticas, inmersi\u00f3n cultural y respeto por el medio ambiente. En este contexto han surgido el<a href=\"https:\/\/journals.openedition.org\/etudescaribeennes\/3383?lang=es#:~:text=L&#039;%C3%A9cotourisme%20permet%20de%20prendre,des%20for%C3%AAts%2C%20des%20cultures%20carib%C3%A9ennes.\" target=\"_blank\" rel=\"noopener nofollow\">ecoturismo<\/a>, el <a href=\"https:\/\/journals.openedition.org\/teoros\/2829?lang=fr\" target=\"_blank\" rel=\"noopener nofollow\">turismo rural<\/a>, el turismo comunitario y los viajes educativos y religiosos.  <\/p>\n\t\t\t\t\t\t\t\t<\/div>\n\t\t\t\t<\/div>\n\t\t\t\t<div class=\"elementor-element elementor-element-2072136 elementor-widget elementor-widget-image\" data-id=\"2072136\" data-element_type=\"widget\" data-widget_type=\"image.default\">\n\t\t\t\t<div class=\"elementor-widget-container\">\n\t\t\t\t\t\t\t\t\t\t\t\t\t\t\t<img fetchpriority=\"high\" decoding=\"async\" width=\"800\" height=\"800\" src=\"https:\/\/richeskarayib.com\/wp-content\/uploads\/2025\/03\/ChatGPT-Image-31-mars-2025-01_32_36.png\" class=\"attachment-large size-large wp-image-47820\" alt=\"\u00e9conomie orange\" srcset=\"https:\/\/richeskarayib.com\/wp-content\/uploads\/2025\/03\/ChatGPT-Image-31-mars-2025-01_32_36.png 1024w, https:\/\/richeskarayib.com\/wp-content\/uploads\/2025\/03\/ChatGPT-Image-31-mars-2025-01_32_36-300x300.png 300w, https:\/\/richeskarayib.com\/wp-content\/uploads\/2025\/03\/ChatGPT-Image-31-mars-2025-01_32_36-150x150.png 150w, https:\/\/richeskarayib.com\/wp-content\/uploads\/2025\/03\/ChatGPT-Image-31-mars-2025-01_32_36-768x768.png 768w\" sizes=\"(max-width: 800px) 100vw, 800px\" \/>\t\t\t\t\t\t\t\t\t\t\t\t\t\t\t<\/div>\n\t\t\t\t<\/div>\n\t\t\t\t<div class=\"elementor-element elementor-element-fe8eb14 elementor-widget elementor-widget-text-editor\" data-id=\"fe8eb14\" data-element_type=\"widget\" data-widget_type=\"text-editor.default\">\n\t\t\t\t<div class=\"elementor-widget-container\">\n\t\t\t\t\t\t\t\t\t<p class=\"\" data-start=\"2093\" data-end=\"2489\">El <a href=\"https:\/\/richeskarayib.com\/es\/chukka-aventuras-en-el-caribe-liderando-experiencias-de-turismo-sostenible\/\" target=\"_blank\" rel=\"noopener\">turismo sostenible<\/a> se basa en un enfoque h\u00edbrido, que combina iniciativas gubernamentales (de arriba abajo) y la participaci\u00f3n de las comunidades locales (de abajo arriba). Reconoce que, para ser viable, el turismo debe respetar el medio ambiente, valorar las culturas, ser econ\u00f3micamente rentable y socialmente justo, incluida la igualdad de g\u00e9nero y la conservaci\u00f3n de los conocimientos tradicionales. <\/p>\n\t\t\t\t\t\t\t\t<\/div>\n\t\t\t\t<\/div>\n\t\t\t\t\t<\/div>\n\t\t<\/div>\n\t\t\t\t\t<\/div>\n\t\t<\/section>\n\t\t\t\t<section class=\"elementor-section elementor-top-section elementor-element elementor-element-a8efc3e elementor-section-boxed elementor-section-height-default elementor-section-height-default\" data-id=\"a8efc3e\" data-element_type=\"section\">\n\t\t\t\t\t\t<div class=\"elementor-container elementor-column-gap-default\">\n\t\t\t\t\t<div class=\"elementor-column elementor-col-100 elementor-top-column elementor-element elementor-element-b4ed07d\" data-id=\"b4ed07d\" data-element_type=\"column\">\n\t\t\t<div class=\"elementor-widget-wrap elementor-element-populated\">\n\t\t\t\t\t\t<div class=\"elementor-element elementor-element-cc7abba elementor-widget elementor-widget-heading\" data-id=\"cc7abba\" data-element_type=\"widget\" data-widget_type=\"heading.default\">\n\t\t\t\t<div class=\"elementor-widget-container\">\n\t\t\t\t\t<h2 class=\"elementor-heading-title elementor-size-default\">La aparici\u00f3n de la econom\u00eda naranja y el turismo creativo<\/h2>\t\t\t\t<\/div>\n\t\t\t\t<\/div>\n\t\t\t\t<div class=\"elementor-element elementor-element-13c2b0d elementor-widget elementor-widget-text-editor\" data-id=\"13c2b0d\" data-element_type=\"widget\" data-widget_type=\"text-editor.default\">\n\t\t\t\t<div class=\"elementor-widget-container\">\n\t\t\t\t\t\t\t\t\t<p>El t\u00e9rmino &#8220;econom\u00eda naranja&#8221; fue popularizado en 2011 por el escritor brit\u00e1nico John Hawkins. Tambi\u00e9n conocida como econom\u00eda creativa o cultural, engloba las actividades econ\u00f3micas basadas en la creatividad y la propiedad intelectual: las artes, la m\u00fasica, el cine, el dise\u00f1o, la tecnolog\u00eda, la publicidad, etc. Seg\u00fan<a href=\"https:\/\/richeskarayib.com\/es\/informe-especial-parte-4-2020-2023-los-tesoros-culturales-del-caribe-patrimonio-inmaterial-reconocido-por-la-unesco\/\" target=\"_blank\" rel=\"noopener\">la UNESCO<\/a>, esta econom\u00eda representa el 3% del PIB mundial y m\u00e1s de 30 millones de puestos de trabajo en todo el mundo.  <\/p>\n\t\t\t\t\t\t\t\t<\/div>\n\t\t\t\t<\/div>\n\t\t\t\t<div class=\"elementor-element elementor-element-7adc008 elementor-widget elementor-widget-text-editor\" data-id=\"7adc008\" data-element_type=\"widget\" data-widget_type=\"text-editor.default\">\n\t\t\t\t<div class=\"elementor-widget-container\">\n\t\t\t\t\t\t\t\t\t<p>El turismo naranja se encuentra en la encrucijada de esta econom\u00eda creativa y el sector tur\u00edstico. A diferencia del turismo tradicional, no se limita a consumir cultura: te invita a sumergirte en ella. Esto implica alojarse en comunidades locales, participar en talleres de artesan\u00eda, clases de m\u00fasica tradicional, clases de cocina y cursos de vela. No se trata s\u00f3lo de ver, sino de hacer cosas con los lugare\u00f1os, interactuar y compartir. Este tipo de turismo fomenta el compromiso, los retornos frecuentes y, a veces, incluso formas de inversi\u00f3n personal en las comunidades visitadas.    <\/p>\n\t\t\t\t\t\t\t\t<\/div>\n\t\t\t\t<\/div>\n\t\t\t\t<div class=\"elementor-element elementor-element-74835ff elementor-widget elementor-widget-image\" data-id=\"74835ff\" data-element_type=\"widget\" data-widget_type=\"image.default\">\n\t\t\t\t<div class=\"elementor-widget-container\">\n\t\t\t\t\t\t\t\t\t\t\t\t\t\t\t<img decoding=\"async\" width=\"800\" height=\"534\" src=\"https:\/\/richeskarayib.com\/wp-content\/uploads\/2025\/03\/ChatGPT-Image-31-mars-2025-01_36_36-1024x683.png\" class=\"attachment-large size-large wp-image-47824\" alt=\"\u00e9conomie orange\" srcset=\"https:\/\/richeskarayib.com\/wp-content\/uploads\/2025\/03\/ChatGPT-Image-31-mars-2025-01_36_36-1024x683.png 1024w, https:\/\/richeskarayib.com\/wp-content\/uploads\/2025\/03\/ChatGPT-Image-31-mars-2025-01_36_36-300x200.png 300w, https:\/\/richeskarayib.com\/wp-content\/uploads\/2025\/03\/ChatGPT-Image-31-mars-2025-01_36_36-768x512.png 768w, https:\/\/richeskarayib.com\/wp-content\/uploads\/2025\/03\/ChatGPT-Image-31-mars-2025-01_36_36-1320x880.png 1320w, https:\/\/richeskarayib.com\/wp-content\/uploads\/2025\/03\/ChatGPT-Image-31-mars-2025-01_36_36.png 1536w\" sizes=\"(max-width: 800px) 100vw, 800px\" \/>\t\t\t\t\t\t\t\t\t\t\t\t\t\t\t<\/div>\n\t\t\t\t<\/div>\n\t\t\t\t<div class=\"elementor-element elementor-element-6567c29 elementor-widget elementor-widget-text-editor\" data-id=\"6567c29\" data-element_type=\"widget\" data-widget_type=\"text-editor.default\">\n\t\t\t\t<div class=\"elementor-widget-container\">\n\t\t\t\t\t\t\t\t\t<p>El turismo naranja tambi\u00e9n est\u00e1 allanando el camino para la creaci\u00f3n de empleos indirectos a trav\u00e9s de las tecnolog\u00edas digitales: el desarrollo de aplicaciones, plataformas de reserva de actividades o herramientas para facilitar los tr\u00e1mites administrativos, la log\u00edstica y la hosteler\u00eda. El objetivo es convertir las ideas creativas en oportunidades econ\u00f3micas a trav\u00e9s de la innovaci\u00f3n cultural y digital. <\/p>\n\t\t\t\t\t\t\t\t<\/div>\n\t\t\t\t<\/div>\n\t\t\t\t\t<\/div>\n\t\t<\/div>\n\t\t\t\t\t<\/div>\n\t\t<\/section>\n\t\t\t\t<section class=\"elementor-section elementor-top-section elementor-element elementor-element-08d8b7f elementor-section-boxed elementor-section-height-default elementor-section-height-default\" data-id=\"08d8b7f\" data-element_type=\"section\">\n\t\t\t\t\t\t<div class=\"elementor-container elementor-column-gap-default\">\n\t\t\t\t\t<div class=\"elementor-column elementor-col-100 elementor-top-column elementor-element elementor-element-5859f36\" data-id=\"5859f36\" data-element_type=\"column\">\n\t\t\t<div class=\"elementor-widget-wrap elementor-element-populated\">\n\t\t\t\t\t\t<div class=\"elementor-element elementor-element-3028ecc elementor-widget elementor-widget-heading\" data-id=\"3028ecc\" data-element_type=\"widget\" data-widget_type=\"heading.default\">\n\t\t\t\t<div class=\"elementor-widget-container\">\n\t\t\t\t\t<h2 class=\"elementor-heading-title elementor-size-default\">\u00bfC\u00f3mo podr\u00eda ser el turismo naranja en el Caribe?<\/h2>\t\t\t\t<\/div>\n\t\t\t\t<\/div>\n\t\t\t\t<div class=\"elementor-element elementor-element-b4bbfbb elementor-widget elementor-widget-text-editor\" data-id=\"b4bbfbb\" data-element_type=\"widget\" data-widget_type=\"text-editor.default\">\n\t\t\t\t<div class=\"elementor-widget-container\">\n\t\t\t\t\t\t\t\t\t<p class=\"\" data-start=\"332\" data-end=\"594\">El turismo naranja en el Caribe podr\u00eda adoptar diversas formas, arraigadas en las realidades culturales, el saber hacer local y las aspiraciones creativas de los territorios. Se pueden explorar varias v\u00edas concretas para estructurar esta oferta: <\/p>\n\t\t\t\t\t\t\t\t<\/div>\n\t\t\t\t<\/div>\n\t\t\t\t<div class=\"elementor-element elementor-element-9ec25de elementor-widget elementor-widget-text-editor\" data-id=\"9ec25de\" data-element_type=\"widget\" data-widget_type=\"text-editor.default\">\n\t\t\t\t<div class=\"elementor-widget-container\">\n\t\t\t\t\t\t\t\t\t<p class=\"\" data-start=\"596\" data-end=\"1800\">&#8211; <strong data-start=\"598\" data-end=\"622\">El turismo agr\u00edcola<\/strong>, por ejemplo, permitir\u00eda a los visitantes participar en experiencias de inmersi\u00f3n en granjas locales, como las de permacultura e hidropon\u00eda, aprendiendo t\u00e9cnicas de cultivo caribe\u00f1as y participando en la cosecha.<br data-start=\"865\" data-end=\"868\">&#8211; <strong data-start=\"870\" data-end=\"913\">Las actividades n\u00e1uticas tradicionales<\/strong>, como las clases de vela o navegaci\u00f3n tradicional, podr\u00edan combinar la transmisi\u00f3n de conocimientos, la aventura y la promoci\u00f3n del patrimonio mar\u00edtimo.<br data-start=\"1068\" data-end=\"1071\">&#8211; <strong data-start=\"1073\" data-end=\"1100\">Los talleres de m\u00fasica<\/strong> dar\u00e1n a los visitantes la oportunidad de aprender a fabricar y tocar instrumentos tradicionales (tambores, cord\u00f3fonos, percusi\u00f3n), al tiempo que descubren las ra\u00edces culturales de la m\u00fasica local.<br data-start=\"1306\" data-end=\"1309\">&#8211; La <strong data-start=\"1311\" data-end=\"1326\" data-is-only-node=\"\">artesan\u00eda<\/strong>, con sesiones para crear mu\u00f1ecas, joyas, cer\u00e1mica o tejidos inspirados en las tradiciones locales, reforzar\u00eda el v\u00ednculo entre creatividad, memoria colectiva y econom\u00eda solidaria.<br data-start=\"1512\" data-end=\"1515\">&#8211; La <strong data-start=\"1517\" data-end=\"1535\">gastronom\u00eda<\/strong>, por su parte, es una poderosa puerta de entrada a la exploraci\u00f3n de la identidad caribe\u00f1a: los talleres de cocina centrados en los productos locales y las recetas ancestrales podr\u00edan potenciar el atractivo del destino, al tiempo que promover\u00edan los canales cortos de distribuci\u00f3n.<\/p>\n\t\t\t\t\t\t\t\t<\/div>\n\t\t\t\t<\/div>\n\t\t\t\t<div class=\"elementor-element elementor-element-a5e7b8e elementor-widget elementor-widget-text-editor\" data-id=\"a5e7b8e\" data-element_type=\"widget\" data-widget_type=\"text-editor.default\">\n\t\t\t\t<div class=\"elementor-widget-container\">\n\t\t\t\t\t\t\t\t\t<p class=\"\" data-start=\"1802\" data-end=\"2104\">A estas experiencias se a\u00f1aden las oportunidades que ofrece la tecnolog\u00eda digital. Ya sea facilitando el acceso a la informaci\u00f3n, aumentando el valor de la oferta cultural o agilizando la experiencia del viajero, las herramientas digitales desempe\u00f1an un papel cada vez m\u00e1s importante en la transformaci\u00f3n del turismo caribe\u00f1o. El desarrollo de iniciativas locales en este \u00e1mbito podr\u00eda aumentar el atractivo de la regi\u00f3n y apoyar al mismo tiempo los ecosistemas creativos.  <\/p>\n\t\t\t\t\t\t\t\t<\/div>\n\t\t\t\t<\/div>\n\t\t\t\t<div class=\"elementor-element elementor-element-60b73b0 elementor-widget elementor-widget-text-editor\" data-id=\"60b73b0\" data-element_type=\"widget\" data-widget_type=\"text-editor.default\">\n\t\t\t\t<div class=\"elementor-widget-container\">\n\t\t\t\t\t\t\t\t\t<p class=\"\" data-start=\"2106\" data-end=\"2442\">Por \u00faltimo, iniciativas estructurantes como la creaci\u00f3n de <strong data-start=\"2164\" data-end=\"2182\">museos vivientes<\/strong> o <strong data-start=\"2189\" data-end=\"2224\">recorridos patrimoniales inmersivos<\/strong> podr\u00edan permitir revivir momentos clave de la cultura caribe\u00f1a -carnavales, festivales, competiciones emblem\u00e1ticas- a trav\u00e9s de instalaciones f\u00edsicas o virtuales, combinando memoria, transmisi\u00f3n e innovaci\u00f3n.<\/p>\n\t\t\t\t\t\t\t\t<\/div>\n\t\t\t\t<\/div>\n\t\t\t\t<div class=\"elementor-element elementor-element-3a120e8 elementor-widget elementor-widget-image\" data-id=\"3a120e8\" data-element_type=\"widget\" data-widget_type=\"image.default\">\n\t\t\t\t<div class=\"elementor-widget-container\">\n\t\t\t\t\t\t\t\t\t\t\t\t\t\t\t<img decoding=\"async\" width=\"800\" height=\"534\" src=\"https:\/\/richeskarayib.com\/wp-content\/uploads\/2025\/03\/ChatGPT-Image-31-mars-2025-01_41_39-1024x683.png\" class=\"attachment-large size-large wp-image-47828\" alt=\"\u00e9conomie orange\" srcset=\"https:\/\/richeskarayib.com\/wp-content\/uploads\/2025\/03\/ChatGPT-Image-31-mars-2025-01_41_39-1024x683.png 1024w, https:\/\/richeskarayib.com\/wp-content\/uploads\/2025\/03\/ChatGPT-Image-31-mars-2025-01_41_39-300x200.png 300w, https:\/\/richeskarayib.com\/wp-content\/uploads\/2025\/03\/ChatGPT-Image-31-mars-2025-01_41_39-768x512.png 768w, https:\/\/richeskarayib.com\/wp-content\/uploads\/2025\/03\/ChatGPT-Image-31-mars-2025-01_41_39-1320x880.png 1320w, https:\/\/richeskarayib.com\/wp-content\/uploads\/2025\/03\/ChatGPT-Image-31-mars-2025-01_41_39.png 1536w\" sizes=\"(max-width: 800px) 100vw, 800px\" \/>\t\t\t\t\t\t\t\t\t\t\t\t\t\t\t<\/div>\n\t\t\t\t<\/div>\n\t\t\t\t\t<\/div>\n\t\t<\/div>\n\t\t\t\t\t<\/div>\n\t\t<\/section>\n\t\t\t\t<section class=\"elementor-section elementor-top-section elementor-element elementor-element-8d568e7 elementor-section-boxed elementor-section-height-default elementor-section-height-default\" data-id=\"8d568e7\" data-element_type=\"section\">\n\t\t\t\t\t\t<div class=\"elementor-container elementor-column-gap-default\">\n\t\t\t\t\t<div class=\"elementor-column elementor-col-100 elementor-top-column elementor-element elementor-element-816b9df\" data-id=\"816b9df\" data-element_type=\"column\">\n\t\t\t<div class=\"elementor-widget-wrap elementor-element-populated\">\n\t\t\t\t\t\t<div class=\"elementor-element elementor-element-0fc3d20 elementor-widget elementor-widget-heading\" data-id=\"0fc3d20\" data-element_type=\"widget\" data-widget_type=\"heading.default\">\n\t\t\t\t<div class=\"elementor-widget-container\">\n\t\t\t\t\t<h2 class=\"elementor-heading-title elementor-size-default\">Una oportunidad para los territorios del Caribe<\/h2>\t\t\t\t<\/div>\n\t\t\t\t<\/div>\n\t\t\t\t<div class=\"elementor-element elementor-element-6e1eebc elementor-widget elementor-widget-text-editor\" data-id=\"6e1eebc\" data-element_type=\"widget\" data-widget_type=\"text-editor.default\">\n\t\t\t\t<div class=\"elementor-widget-container\">\n\t\t\t\t\t\t\t\t\t<p class=\"\" data-start=\"417\" data-end=\"778\"><strong>El turismo naranja es el camino a seguir para el Caribe<\/strong>. En la encrucijada de la cultura, la creatividad y la innovaci\u00f3n, transforma los recursos intangibles -conocimientos, historias y pr\u00e1cticas locales- en experiencias significativas para los visitantes y en oportunidades econ\u00f3micas sostenibles para las comunidades. <\/p>\n\t\t\t\t\t\t\t\t<\/div>\n\t\t\t\t<\/div>\n\t\t\t\t<div class=\"elementor-element elementor-element-ead366e elementor-widget elementor-widget-text-editor\" data-id=\"ead366e\" data-element_type=\"widget\" data-widget_type=\"text-editor.default\">\n\t\t\t\t<div class=\"elementor-widget-container\">\n\t\t\t\t\t\t\t\t\t<p class=\"\" data-start=\"780\" data-end=\"1202\">Anclado en la econom\u00eda naranja, este <strong>modelo tur\u00edstico abre nuevos horizontes<\/strong>: realza las identidades culturales, estimula la creaci\u00f3n de empleo en sectores que no pueden deslocalizarse y refuerza la resiliencia de las regiones frente a las crisis mundiales. Pero sigue necesitando el respaldo de pol\u00edticas p\u00fablicas adecuadas, infraestructuras apropiadas y un apoyo activo a quienes est\u00e1n detr\u00e1s de los proyectos culturales y creativos. <\/p>\n<p class=\"\" data-start=\"1204\" data-end=\"1380\">\n            <strong>Al apostar por el turismo naranja, el Caribe no s\u00f3lo acoge al mundo: lo invita a dialogar con sus territorios, sus pueblos y sus mundos imaginarios.<\/strong>\n          <\/p>\n\t\t\t\t\t\t\t\t<\/div>\n\t\t\t\t<\/div>\n\t\t\t\t\t<\/div>\n\t\t<\/div>\n\t\t\t\t\t<\/div>\n\t\t<\/section>\n\t\t\t\t<\/div>\n\t\t","protected":false},"excerpt":{"rendered":"<p>La econom\u00eda naranja, basada en la creatividad, la innovaci\u00f3n y el conocimiento cultural, se perfila como una palanca estrat\u00e9gica para el desarrollo en el Caribe. Pero, \u00bfqu\u00e9 significa esto en t\u00e9rminos pr\u00e1cticos para nuestras regiones? En una regi\u00f3n rica en patrimonio vivo, expresi\u00f3n art\u00edstica y din\u00e1mica comunitaria, allana el camino a nuevos modelos econ\u00f3micos sostenibles [&hellip;]<\/p>\n","protected":false},"author":47,"featured_media":47816,"comment_status":"open","ping_status":"open","sticky":false,"template":"","format":"standard","meta":{"_acf_changed":false,"footnotes":""},"categories":[1734],"tags":[1442,1451,1547,816,1594,1519],"class_list":["post-47831","post","type-post","status-publish","format-standard","has-post-thumbnail","hentry","category-turismo","tag-anguilla-es","tag-dominica","tag-guadalupe","tag-martinique-es","tag-sainte-lucie-es","tag-trinidad-y-tobago"],"acf":[],"_links":{"self":[{"href":"https:\/\/richeskarayib.com\/es\/wp-json\/wp\/v2\/posts\/47831","targetHints":{"allow":["GET"]}}],"collection":[{"href":"https:\/\/richeskarayib.com\/es\/wp-json\/wp\/v2\/posts"}],"about":[{"href":"https:\/\/richeskarayib.com\/es\/wp-json\/wp\/v2\/types\/post"}],"author":[{"embeddable":true,"href":"https:\/\/richeskarayib.com\/es\/wp-json\/wp\/v2\/users\/47"}],"replies":[{"embeddable":true,"href":"https:\/\/richeskarayib.com\/es\/wp-json\/wp\/v2\/comments?post=47831"}],"version-history":[{"count":0,"href":"https:\/\/richeskarayib.com\/es\/wp-json\/wp\/v2\/posts\/47831\/revisions"}],"wp:featuredmedia":[{"embeddable":true,"href":"https:\/\/richeskarayib.com\/es\/wp-json\/wp\/v2\/media\/47816"}],"wp:attachment":[{"href":"https:\/\/richeskarayib.com\/es\/wp-json\/wp\/v2\/media?parent=47831"}],"wp:term":[{"taxonomy":"category","embeddable":true,"href":"https:\/\/richeskarayib.com\/es\/wp-json\/wp\/v2\/categories?post=47831"},{"taxonomy":"post_tag","embeddable":true,"href":"https:\/\/richeskarayib.com\/es\/wp-json\/wp\/v2\/tags?post=47831"}],"curies":[{"name":"wp","href":"https:\/\/api.w.org\/{rel}","templated":true}]}}