{"id":47918,"date":"2025-03-31T02:54:24","date_gmt":"2025-03-31T06:54:24","guid":{"rendered":"https:\/\/richeskarayib.com\/san-vicente-y-las-granadinas-transmitir-la-herencia-garifuna-una-hoja-de-ruta-hacia-la-emancipacion-indigena-para-2030\/"},"modified":"2025-03-31T08:07:03","modified_gmt":"2025-03-31T12:07:03","slug":"san-vicente-y-las-granadinas-transmitir-la-herencia-garifuna-una-hoja-de-ruta-hacia-la-emancipacion-indigena-para-2030","status":"publish","type":"post","link":"https:\/\/richeskarayib.com\/es\/san-vicente-y-las-granadinas-transmitir-la-herencia-garifuna-una-hoja-de-ruta-hacia-la-emancipacion-indigena-para-2030\/","title":{"rendered":"San Vicente y las Granadinas &#8211; Transmitir la herencia garifuna: una hoja de ruta hacia la emancipaci\u00f3n ind\u00edgena para 2030"},"content":{"rendered":"\t\t<div data-elementor-type=\"wp-post\" data-elementor-id=\"47918\" class=\"elementor elementor-47918 elementor-47832\" data-elementor-post-type=\"post\">\n\t\t\t\t\t\t<section class=\"elementor-section elementor-top-section elementor-element elementor-element-5cfd157 elementor-section-boxed elementor-section-height-default elementor-section-height-default\" data-id=\"5cfd157\" data-element_type=\"section\">\n\t\t\t\t\t\t<div class=\"elementor-container elementor-column-gap-default\">\n\t\t\t\t\t<div class=\"elementor-column elementor-col-100 elementor-top-column elementor-element elementor-element-01fcfc2\" data-id=\"01fcfc2\" data-element_type=\"column\">\n\t\t\t<div class=\"elementor-widget-wrap elementor-element-populated\">\n\t\t\t\t\t\t<div class=\"elementor-element elementor-element-fd39473 elementor-widget elementor-widget-text-editor\" data-id=\"fd39473\" data-element_type=\"widget\" data-widget_type=\"text-editor.default\">\n\t\t\t\t<div class=\"elementor-widget-container\">\n\t\t\t\t\t\t\t\t\t<p>La transmisi\u00f3n del patrimonio gar\u00edfuna fue el tema central de la <a href=\"https:\/\/www.youtube.com\/watch?v=3268A-Y3ejQ&amp;ab_channel=VC3TV\" target=\"_blank\" rel=\"noopener nofollow\">12\u00aa Conferencia Internacional Gar\u00edfuna<\/a>, celebrada en el Campus Global de la Universidad de las Indias Occidentales, en San Vicente y las Granadinas. Organizada por la Fundaci\u00f3n del Patrimonio Garifuna en colaboraci\u00f3n con la universidad, la conferencia de 2025 reuni\u00f3 a l\u00edderes culturales, investigadores, artistas y activistas en torno a un tema unificador: <em data-start=\"652\" data-end=\"798\">&#8220;Abrazar nuestro patrimonio &#8211; Estrategias para construir el pilar garifuna de un plan de desarrollo de los pueblos ind\u00edgenas hasta 2030&#8221;.<\/em> La conferencia fue a la vez un momento para recordar y transmitir, y una clara llamada a la acci\u00f3n para garantizar que la identidad garifuna perdure m\u00e1s all\u00e1 de las fronteras y las generaciones.  <\/p>\n\t\t\t\t\t\t\t\t<\/div>\n\t\t\t\t<\/div>\n\t\t\t\t\t<\/div>\n\t\t<\/div>\n\t\t\t\t\t<\/div>\n\t\t<\/section>\n\t\t\t\t<section class=\"elementor-section elementor-top-section elementor-element elementor-element-c31afbb elementor-section-boxed elementor-section-height-default elementor-section-height-default\" data-id=\"c31afbb\" data-element_type=\"section\">\n\t\t\t\t\t\t<div class=\"elementor-container elementor-column-gap-default\">\n\t\t\t\t\t<div class=\"elementor-column elementor-col-100 elementor-top-column elementor-element elementor-element-fa4b8ad\" data-id=\"fa4b8ad\" data-element_type=\"column\">\n\t\t\t<div class=\"elementor-widget-wrap elementor-element-populated\">\n\t\t\t\t\t\t<div class=\"elementor-element elementor-element-b4bed36 elementor-widget elementor-widget-heading\" data-id=\"b4bed36\" data-element_type=\"widget\" data-widget_type=\"heading.default\">\n\t\t\t\t<div class=\"elementor-widget-container\">\n\t\t\t\t\t<h2 class=\"elementor-heading-title elementor-size-default\">Memoria viva: lengua, canciones y rituales como actos de resistencia<\/h2>\t\t\t\t<\/div>\n\t\t\t\t<\/div>\n\t\t\t\t<div class=\"elementor-element elementor-element-54b3d3c elementor-widget elementor-widget-text-editor\" data-id=\"54b3d3c\" data-element_type=\"widget\" data-widget_type=\"text-editor.default\">\n\t\t\t\t<div class=\"elementor-widget-container\">\n\t\t\t\t\t\t\t\t\t\n          <p class=\"\" data-start=\"1072\" data-end=\"1376\"><a href=\"https:\/\/www.facebook.com\/watch\/live\/?ref=watch_permalink&amp;v=615707551432605\" target=\"_blank\" rel=\"noopener nofollow\">La conferencia<\/a> se inaugur\u00f3 con una nota muy simb\u00f3lica: la recitaci\u00f3n del Padre Nuestro en <a href=\"https:\/\/ich.unesco.org\/fr\/RL\/la-langue-la-danse-et-la-musique-des-garifuna-00001#:~:text=Les%20Garifuna%20sont%20issus%20de,oblig%C3%A9s%20de%20fuir%20Saint%2DVincent.\" target=\"_blank\" rel=\"noopener nofollow\">gar\u00edfuna<\/a> por una delegaci\u00f3n que hab\u00eda venido especialmente para la ocasi\u00f3n. Fue un momento tanto espiritual como ling\u00fc\u00edstico, y marc\u00f3 el tono de un acto centrado en las ra\u00edces culturales y la reivindicaci\u00f3n de la identidad. <\/p>\n          \n\n          <p class=\"\" data-start=\"1378\" data-end=\"1849\">A continuaci\u00f3n, uno de los ponentes present\u00f3 una canci\u00f3n tradicional que evoca el exilio, el del pueblo garifuna desarraigado de Saint-Vincent, pero tambi\u00e9n el exilio en su dimensi\u00f3n universal. &#8220;El exilio es el exilio&#8221;, dijo, estableciendo paralelismos con la di\u00e1spora jud\u00eda y otros pueblos desplazados. Cantada en una tonalidad menor asociada generalmente a la melancol\u00eda, esta canci\u00f3n ha sido descrita como una poderosa herramienta de transmisi\u00f3n oral, que transmite emoci\u00f3n y memoria.  <\/p>\n          \n\n          <p class=\"\" data-start=\"1851\" data-end=\"2104\">Aqu\u00ed, la m\u00fasica es m\u00e1s que arte: es testimonio. Encarna una memoria viva, una resistencia cultural, un v\u00ednculo entre generaciones. A trav\u00e9s de sus ritmos, palabras y armon\u00edas, transmite una historia de supervivencia y dignidad.  <\/p>\n        \t\t\t\t\t\t\t\t<\/div>\n\t\t\t\t<\/div>\n\t\t\t\t\t<\/div>\n\t\t<\/div>\n\t\t\t\t\t<\/div>\n\t\t<\/section>\n\t\t\t\t<section class=\"elementor-section elementor-top-section elementor-element elementor-element-1fba3ae elementor-section-boxed elementor-section-height-default elementor-section-height-default\" data-id=\"1fba3ae\" data-element_type=\"section\">\n\t\t\t\t\t\t<div class=\"elementor-container elementor-column-gap-default\">\n\t\t\t\t\t<div class=\"elementor-column elementor-col-100 elementor-top-column elementor-element elementor-element-e9e3135\" data-id=\"e9e3135\" data-element_type=\"column\">\n\t\t\t<div class=\"elementor-widget-wrap elementor-element-populated\">\n\t\t\t\t\t\t<div class=\"elementor-element elementor-element-847bd2e elementor-widget elementor-widget-heading\" data-id=\"847bd2e\" data-element_type=\"widget\" data-widget_type=\"heading.default\">\n\t\t\t\t<div class=\"elementor-widget-container\">\n\t\t\t\t\t<h2 class=\"elementor-heading-title elementor-size-default\">Los ponentes<\/h2>\t\t\t\t<\/div>\n\t\t\t\t<\/div>\n\t\t\t\t<div class=\"elementor-element elementor-element-540b445 elementor-widget elementor-widget-gallery\" data-id=\"540b445\" data-element_type=\"widget\" data-settings=\"{&quot;lazyload&quot;:&quot;yes&quot;,&quot;gallery_layout&quot;:&quot;grid&quot;,&quot;columns&quot;:4,&quot;columns_tablet&quot;:2,&quot;columns_mobile&quot;:1,&quot;gap&quot;:{&quot;unit&quot;:&quot;px&quot;,&quot;size&quot;:10,&quot;sizes&quot;:[]},&quot;gap_tablet&quot;:{&quot;unit&quot;:&quot;px&quot;,&quot;size&quot;:10,&quot;sizes&quot;:[]},&quot;gap_mobile&quot;:{&quot;unit&quot;:&quot;px&quot;,&quot;size&quot;:10,&quot;sizes&quot;:[]},&quot;link_to&quot;:&quot;file&quot;,&quot;aspect_ratio&quot;:&quot;3:2&quot;,&quot;overlay_background&quot;:&quot;yes&quot;,&quot;content_hover_animation&quot;:&quot;fade-in&quot;}\" data-widget_type=\"gallery.default\">\n\t\t\t\t<div class=\"elementor-widget-container\">\n\t\t\t\t\t\t\t<div class=\"elementor-gallery__container\">\n\t\t\t\t\t\t\t<a class=\"e-gallery-item elementor-gallery-item elementor-animated-content\" href=\"https:\/\/richeskarayib.com\/wp-content\/uploads\/2025\/03\/Capture-decran-2025-03-31-022214-1.png\" data-elementor-open-lightbox=\"yes\" data-elementor-lightbox-slideshow=\"540b445\" data-elementor-lightbox-title=\"Capture d\u2019\u00e9cran 2025-03-31 022214\" data-e-action-hash=\"#elementor-action%3Aaction%3Dlightbox%26settings%3DeyJpZCI6NDc4ODQsInVybCI6Imh0dHBzOlwvXC9yaWNoZXNrYXJheWliLmNvbVwvd3AtY29udGVudFwvdXBsb2Fkc1wvMjAyNVwvMDNcL0NhcHR1cmUtZGVjcmFuLTIwMjUtMDMtMzEtMDIyMjE0LTEucG5nIiwic2xpZGVzaG93IjoiNTQwYjQ0NSJ9\">\n\t\t\t\t\t<div class=\"e-gallery-image elementor-gallery-item__image\" data-thumbnail=\"https:\/\/richeskarayib.com\/wp-content\/uploads\/2025\/03\/Capture-decran-2025-03-31-022214-1-300x281.png\" data-width=\"300\" data-height=\"281\" aria-label=\"\" role=\"img\" ><\/div>\n\t\t\t\t\t\t\t\t\t\t\t<div class=\"elementor-gallery-item__overlay\"><\/div>\n\t\t\t\t\t\t\t\t\t\t\t\t\t\t<\/a>\n\t\t\t\t\t\t\t<a class=\"e-gallery-item elementor-gallery-item elementor-animated-content\" href=\"https:\/\/richeskarayib.com\/wp-content\/uploads\/2025\/03\/Capture-decran-2025-03-31-022923-1.png\" data-elementor-open-lightbox=\"yes\" data-elementor-lightbox-slideshow=\"540b445\" data-elementor-lightbox-title=\"Capture d\u2019\u00e9cran 2025-03-31 022923\" data-e-action-hash=\"#elementor-action%3Aaction%3Dlightbox%26settings%3DeyJpZCI6NDc4ODgsInVybCI6Imh0dHBzOlwvXC9yaWNoZXNrYXJheWliLmNvbVwvd3AtY29udGVudFwvdXBsb2Fkc1wvMjAyNVwvMDNcL0NhcHR1cmUtZGVjcmFuLTIwMjUtMDMtMzEtMDIyOTIzLTEucG5nIiwic2xpZGVzaG93IjoiNTQwYjQ0NSJ9\">\n\t\t\t\t\t<div class=\"e-gallery-image elementor-gallery-item__image\" data-thumbnail=\"https:\/\/richeskarayib.com\/wp-content\/uploads\/2025\/03\/Capture-decran-2025-03-31-022923-1-300x262.png\" data-width=\"300\" data-height=\"262\" aria-label=\"\" role=\"img\" ><\/div>\n\t\t\t\t\t\t\t\t\t\t\t<div class=\"elementor-gallery-item__overlay\"><\/div>\n\t\t\t\t\t\t\t\t\t\t\t\t\t\t<\/a>\n\t\t\t\t\t\t\t<a class=\"e-gallery-item elementor-gallery-item elementor-animated-content\" href=\"https:\/\/richeskarayib.com\/wp-content\/uploads\/2025\/03\/Dr.-Resa-Noel-McBarbnet-UWI-Global-Campus-Head-of-Site-1.png\" data-elementor-open-lightbox=\"yes\" data-elementor-lightbox-slideshow=\"540b445\" data-elementor-lightbox-title=\"Dr. Resa Noel-McBarbnet (UWI Global Campus Head of Site)\" data-e-action-hash=\"#elementor-action%3Aaction%3Dlightbox%26settings%3DeyJpZCI6NDc4OTYsInVybCI6Imh0dHBzOlwvXC9yaWNoZXNrYXJheWliLmNvbVwvd3AtY29udGVudFwvdXBsb2Fkc1wvMjAyNVwvMDNcL0RyLi1SZXNhLU5vZWwtTWNCYXJibmV0LVVXSS1HbG9iYWwtQ2FtcHVzLUhlYWQtb2YtU2l0ZS0xLnBuZyIsInNsaWRlc2hvdyI6IjU0MGI0NDUifQ%3D%3D\">\n\t\t\t\t\t<div class=\"e-gallery-image elementor-gallery-item__image\" data-thumbnail=\"https:\/\/richeskarayib.com\/wp-content\/uploads\/2025\/03\/Dr.-Resa-Noel-McBarbnet-UWI-Global-Campus-Head-of-Site-1-273x300.png\" data-width=\"273\" data-height=\"300\" aria-label=\"\" role=\"img\" ><\/div>\n\t\t\t\t\t\t\t\t\t\t\t<div class=\"elementor-gallery-item__overlay\"><\/div>\n\t\t\t\t\t\t\t\t\t\t\t\t\t\t<\/a>\n\t\t\t\t\t\t\t<a class=\"e-gallery-item elementor-gallery-item elementor-animated-content\" href=\"https:\/\/richeskarayib.com\/wp-content\/uploads\/2025\/03\/Federico-Lenzerini-Professor-International-law-expert-university-of-Siena-in-Italy-1.png\" data-elementor-open-lightbox=\"yes\" data-elementor-lightbox-slideshow=\"540b445\" data-elementor-lightbox-title=\"Federico Lenzerini (Professor, International law expert, university of Siena in Italy)\" data-e-action-hash=\"#elementor-action%3Aaction%3Dlightbox%26settings%3DeyJpZCI6NDc5MDAsInVybCI6Imh0dHBzOlwvXC9yaWNoZXNrYXJheWliLmNvbVwvd3AtY29udGVudFwvdXBsb2Fkc1wvMjAyNVwvMDNcL0ZlZGVyaWNvLUxlbnplcmluaS1Qcm9mZXNzb3ItSW50ZXJuYXRpb25hbC1sYXctZXhwZXJ0LXVuaXZlcnNpdHktb2YtU2llbmEtaW4tSXRhbHktMS5wbmciLCJzbGlkZXNob3ciOiI1NDBiNDQ1In0%3D\">\n\t\t\t\t\t<div class=\"e-gallery-image elementor-gallery-item__image\" data-thumbnail=\"https:\/\/richeskarayib.com\/wp-content\/uploads\/2025\/03\/Federico-Lenzerini-Professor-International-law-expert-university-of-Siena-in-Italy-1-300x297.png\" data-width=\"300\" data-height=\"297\" aria-label=\"\" role=\"img\" ><\/div>\n\t\t\t\t\t\t\t\t\t\t\t<div class=\"elementor-gallery-item__overlay\"><\/div>\n\t\t\t\t\t\t\t\t\t\t\t\t\t\t<\/a>\n\t\t\t\t\t\t\t<a class=\"e-gallery-item elementor-gallery-item elementor-animated-content\" href=\"https:\/\/richeskarayib.com\/wp-content\/uploads\/2025\/03\/Hon.-Curtis-King-Minister-of-Educationi-National-Reconciliation-1.png\" data-elementor-open-lightbox=\"yes\" data-elementor-lightbox-slideshow=\"540b445\" data-elementor-lightbox-title=\"Hon. Curtis King (Minister of Educationi &amp; National Reconciliation)\" data-e-action-hash=\"#elementor-action%3Aaction%3Dlightbox%26settings%3DeyJpZCI6NDc5MDQsInVybCI6Imh0dHBzOlwvXC9yaWNoZXNrYXJheWliLmNvbVwvd3AtY29udGVudFwvdXBsb2Fkc1wvMjAyNVwvMDNcL0hvbi4tQ3VydGlzLUtpbmctTWluaXN0ZXItb2YtRWR1Y2F0aW9uaS1OYXRpb25hbC1SZWNvbmNpbGlhdGlvbi0xLnBuZyIsInNsaWRlc2hvdyI6IjU0MGI0NDUifQ%3D%3D\">\n\t\t\t\t\t<div class=\"e-gallery-image elementor-gallery-item__image\" data-thumbnail=\"https:\/\/richeskarayib.com\/wp-content\/uploads\/2025\/03\/Hon.-Curtis-King-Minister-of-Educationi-National-Reconciliation-1-300x236.png\" data-width=\"300\" data-height=\"236\" aria-label=\"\" role=\"img\" ><\/div>\n\t\t\t\t\t\t\t\t\t\t\t<div class=\"elementor-gallery-item__overlay\"><\/div>\n\t\t\t\t\t\t\t\t\t\t\t\t\t\t<\/a>\n\t\t\t\t\t\t\t<a class=\"e-gallery-item elementor-gallery-item elementor-animated-content\" href=\"https:\/\/richeskarayib.com\/wp-content\/uploads\/2025\/03\/Mr.-Asinia-Matthews-Vote-of-Thanks-1.png\" data-elementor-open-lightbox=\"yes\" data-elementor-lightbox-slideshow=\"540b445\" data-elementor-lightbox-title=\"Mr. Asinia Matthews (Vote of Thanks)\" data-e-action-hash=\"#elementor-action%3Aaction%3Dlightbox%26settings%3DeyJpZCI6NDc5MDgsInVybCI6Imh0dHBzOlwvXC9yaWNoZXNrYXJheWliLmNvbVwvd3AtY29udGVudFwvdXBsb2Fkc1wvMjAyNVwvMDNcL01yLi1Bc2luaWEtTWF0dGhld3MtVm90ZS1vZi1UaGFua3MtMS5wbmciLCJzbGlkZXNob3ciOiI1NDBiNDQ1In0%3D\">\n\t\t\t\t\t<div class=\"e-gallery-image elementor-gallery-item__image\" data-thumbnail=\"https:\/\/richeskarayib.com\/wp-content\/uploads\/2025\/03\/Mr.-Asinia-Matthews-Vote-of-Thanks-1-300x270.png\" data-width=\"300\" data-height=\"270\" aria-label=\"\" role=\"img\" ><\/div>\n\t\t\t\t\t\t\t\t\t\t\t<div class=\"elementor-gallery-item__overlay\"><\/div>\n\t\t\t\t\t\t\t\t\t\t\t\t\t\t<\/a>\n\t\t\t\t\t\t\t<a class=\"e-gallery-item elementor-gallery-item elementor-animated-content\" href=\"https:\/\/richeskarayib.com\/wp-content\/uploads\/2025\/03\/Mr.-David-Darkie-Williams-TGHF-President-1.png\" data-elementor-open-lightbox=\"yes\" data-elementor-lightbox-slideshow=\"540b445\" data-elementor-lightbox-title=\"Mr. David Darkie Williams (TGHF President)\" data-e-action-hash=\"#elementor-action%3Aaction%3Dlightbox%26settings%3DeyJpZCI6NDc5MTIsInVybCI6Imh0dHBzOlwvXC9yaWNoZXNrYXJheWliLmNvbVwvd3AtY29udGVudFwvdXBsb2Fkc1wvMjAyNVwvMDNcL01yLi1EYXZpZC1EYXJraWUtV2lsbGlhbXMtVEdIRi1QcmVzaWRlbnQtMS5wbmciLCJzbGlkZXNob3ciOiI1NDBiNDQ1In0%3D\">\n\t\t\t\t\t<div class=\"e-gallery-image elementor-gallery-item__image\" data-thumbnail=\"https:\/\/richeskarayib.com\/wp-content\/uploads\/2025\/03\/Mr.-David-Darkie-Williams-TGHF-President-1-300x288.png\" data-width=\"300\" data-height=\"288\" aria-label=\"\" role=\"img\" ><\/div>\n\t\t\t\t\t\t\t\t\t\t\t<div class=\"elementor-gallery-item__overlay\"><\/div>\n\t\t\t\t\t\t\t\t\t\t\t\t\t\t<\/a>\n\t\t\t\t\t\t\t<a class=\"e-gallery-item elementor-gallery-item elementor-animated-content\" href=\"https:\/\/richeskarayib.com\/wp-content\/uploads\/2025\/03\/Ms.-Sheron-Garraway-Marketing-Officer-UWI-Global-Campus-1.png\" data-elementor-open-lightbox=\"yes\" data-elementor-lightbox-slideshow=\"540b445\" data-elementor-lightbox-title=\"Ms. Sheron Garraway (Marketing Officer UWI Global Campus)\" data-e-action-hash=\"#elementor-action%3Aaction%3Dlightbox%26settings%3DeyJpZCI6NDc5MTYsInVybCI6Imh0dHBzOlwvXC9yaWNoZXNrYXJheWliLmNvbVwvd3AtY29udGVudFwvdXBsb2Fkc1wvMjAyNVwvMDNcL01zLi1TaGVyb24tR2FycmF3YXktTWFya2V0aW5nLU9mZmljZXItVVdJLUdsb2JhbC1DYW1wdXMtMS5wbmciLCJzbGlkZXNob3ciOiI1NDBiNDQ1In0%3D\">\n\t\t\t\t\t<div class=\"e-gallery-image elementor-gallery-item__image\" data-thumbnail=\"https:\/\/richeskarayib.com\/wp-content\/uploads\/2025\/03\/Ms.-Sheron-Garraway-Marketing-Officer-UWI-Global-Campus-1-300x247.png\" data-width=\"300\" data-height=\"247\" aria-label=\"\" role=\"img\" ><\/div>\n\t\t\t\t\t\t\t\t\t\t\t<div class=\"elementor-gallery-item__overlay\"><\/div>\n\t\t\t\t\t\t\t\t\t\t\t\t\t\t<\/a>\n\t\t\t\t\t<\/div>\n\t\t\t\t\t<\/div>\n\t\t\t\t<\/div>\n\t\t\t\t<div class=\"elementor-element elementor-element-b84f4fd elementor-widget elementor-widget-image\" data-id=\"b84f4fd\" data-element_type=\"widget\" data-widget_type=\"image.default\">\n\t\t\t\t<div class=\"elementor-widget-container\">\n\t\t\t\t\t\t\t\t\t\t\t\t\t\t\t<img fetchpriority=\"high\" decoding=\"async\" width=\"800\" height=\"305\" src=\"https:\/\/richeskarayib.com\/wp-content\/uploads\/2025\/03\/Capture-decran-2025-03-31-022009-1024x390.png\" class=\"attachment-large size-large wp-image-47844\" alt=\"Garifuna\" srcset=\"https:\/\/richeskarayib.com\/wp-content\/uploads\/2025\/03\/Capture-decran-2025-03-31-022009-1024x390.png 1024w, https:\/\/richeskarayib.com\/wp-content\/uploads\/2025\/03\/Capture-decran-2025-03-31-022009-300x114.png 300w, https:\/\/richeskarayib.com\/wp-content\/uploads\/2025\/03\/Capture-decran-2025-03-31-022009-768x292.png 768w, https:\/\/richeskarayib.com\/wp-content\/uploads\/2025\/03\/Capture-decran-2025-03-31-022009.png 1177w\" sizes=\"(max-width: 800px) 100vw, 800px\" \/>\t\t\t\t\t\t\t\t\t\t\t\t\t\t\t<\/div>\n\t\t\t\t<\/div>\n\t\t\t\t<section class=\"elementor-section elementor-inner-section elementor-element elementor-element-326ee90 elementor-section-boxed elementor-section-height-default elementor-section-height-default\" data-id=\"326ee90\" data-element_type=\"section\">\n\t\t\t\t\t\t<div class=\"elementor-container elementor-column-gap-default\">\n\t\t\t\t\t<div class=\"elementor-column elementor-col-50 elementor-inner-column elementor-element elementor-element-10558b8\" data-id=\"10558b8\" data-element_type=\"column\">\n\t\t\t<div class=\"elementor-widget-wrap elementor-element-populated\">\n\t\t\t\t\t\t<div class=\"elementor-element elementor-element-07bbb00 elementor-widget elementor-widget-image\" data-id=\"07bbb00\" data-element_type=\"widget\" data-widget_type=\"image.default\">\n\t\t\t\t<div class=\"elementor-widget-container\">\n\t\t\t\t\t\t\t\t\t\t\t\t\t\t\t<img decoding=\"async\" width=\"800\" height=\"491\" src=\"https:\/\/richeskarayib.com\/wp-content\/uploads\/2025\/03\/Capture-decran-2025-03-31-023343.png\" class=\"attachment-large size-large wp-image-47856\" alt=\"Garifuna\" srcset=\"https:\/\/richeskarayib.com\/wp-content\/uploads\/2025\/03\/Capture-decran-2025-03-31-023343.png 871w, https:\/\/richeskarayib.com\/wp-content\/uploads\/2025\/03\/Capture-decran-2025-03-31-023343-300x184.png 300w, https:\/\/richeskarayib.com\/wp-content\/uploads\/2025\/03\/Capture-decran-2025-03-31-023343-768x472.png 768w\" sizes=\"(max-width: 800px) 100vw, 800px\" \/>\t\t\t\t\t\t\t\t\t\t\t\t\t\t\t<\/div>\n\t\t\t\t<\/div>\n\t\t\t\t\t<\/div>\n\t\t<\/div>\n\t\t\t\t<div class=\"elementor-column elementor-col-50 elementor-inner-column elementor-element elementor-element-87d174f\" data-id=\"87d174f\" data-element_type=\"column\">\n\t\t\t<div class=\"elementor-widget-wrap elementor-element-populated\">\n\t\t\t\t\t\t<div class=\"elementor-element elementor-element-a138a63 elementor-widget elementor-widget-image\" data-id=\"a138a63\" data-element_type=\"widget\" data-widget_type=\"image.default\">\n\t\t\t\t<div class=\"elementor-widget-container\">\n\t\t\t\t\t\t\t\t\t\t\t\t\t\t\t<img decoding=\"async\" width=\"778\" height=\"484\" src=\"https:\/\/richeskarayib.com\/wp-content\/uploads\/2025\/03\/Capture-decran-2025-03-31-021805.png\" class=\"attachment-large size-large wp-image-47836\" alt=\"Garifuna\" srcset=\"https:\/\/richeskarayib.com\/wp-content\/uploads\/2025\/03\/Capture-decran-2025-03-31-021805.png 778w, https:\/\/richeskarayib.com\/wp-content\/uploads\/2025\/03\/Capture-decran-2025-03-31-021805-300x187.png 300w, https:\/\/richeskarayib.com\/wp-content\/uploads\/2025\/03\/Capture-decran-2025-03-31-021805-768x478.png 768w\" sizes=\"(max-width: 778px) 100vw, 778px\" \/>\t\t\t\t\t\t\t\t\t\t\t\t\t\t\t<\/div>\n\t\t\t\t<\/div>\n\t\t\t\t\t<\/div>\n\t\t<\/div>\n\t\t\t\t\t<\/div>\n\t\t<\/section>\n\t\t\t\t\t<\/div>\n\t\t<\/div>\n\t\t\t\t\t<\/div>\n\t\t<\/section>\n\t\t\t\t<section class=\"elementor-section elementor-top-section elementor-element elementor-element-90ceb05 elementor-section-boxed elementor-section-height-default elementor-section-height-default\" data-id=\"90ceb05\" data-element_type=\"section\">\n\t\t\t\t\t\t<div class=\"elementor-container elementor-column-gap-default\">\n\t\t\t\t\t<div class=\"elementor-column elementor-col-100 elementor-top-column elementor-element elementor-element-ddec635\" data-id=\"ddec635\" data-element_type=\"column\">\n\t\t\t<div class=\"elementor-widget-wrap elementor-element-populated\">\n\t\t\t\t\t\t<div class=\"elementor-element elementor-element-b32fd3f elementor-widget elementor-widget-heading\" data-id=\"b32fd3f\" data-element_type=\"widget\" data-widget_type=\"heading.default\">\n\t\t\t\t<div class=\"elementor-widget-container\">\n\t\t\t\t\t<h2 class=\"elementor-heading-title elementor-size-default\">Construir una estrategia de desarrollo basada en el conocimiento ind\u00edgena<\/h2>\t\t\t\t<\/div>\n\t\t\t\t<\/div>\n\t\t\t\t<div class=\"elementor-element elementor-element-07eb5ed elementor-widget elementor-widget-text-editor\" data-id=\"07eb5ed\" data-element_type=\"widget\" data-widget_type=\"text-editor.default\">\n\t\t\t\t<div class=\"elementor-widget-container\">\n\t\t\t\t\t\t\t\t\t\n          <p class=\"\" data-start=\"2198\" data-end=\"2495\">El n\u00facleo de esta reuni\u00f3n de tres d\u00edas fue la construcci\u00f3n de un marco de desarrollo para 2030, centrado en las realidades <a href=\"https:\/\/richeskarayib.com\/es\/informe-especial-parte-1-2008-2011-los-tesoros-culturales-del-caribe-patrimonio-inmaterial-reconocido-por-la-unesco\/\" target=\"_blank\" rel=\"noopener\">gar\u00edfunas<\/a>. Los debates se centraron en estrategias concretas: educaci\u00f3n, conservaci\u00f3n del patrimonio, participaci\u00f3n pol\u00edtica y desarrollo comunitario. <\/p>\n          \n\n          <p class=\"\" data-start=\"2497\" data-end=\"2945\">Ha surgido un fuerte consenso en torno a la importancia de los conocimientos ind\u00edgenas en las pol\u00edticas nacionales de desarrollo. Ante todo, la lengua se ha situado en el centro de las preocupaciones: m\u00e1s all\u00e1 de ser una herramienta de comunicaci\u00f3n, se percibe como un vector de identidad, una visi\u00f3n del mundo y un patrimonio ancestral. Por tanto, cualquier pol\u00edtica de desarrollo verdaderamente sostenible debe reconocer y reforzar las instituciones culturales <a href=\"https:\/\/richeskarayib.com\/es\/informe-especial-parte-4-2020-2023-los-tesoros-culturales-del-caribe-patrimonio-inmaterial-reconocido-por-la-unesco\/\" target=\"_blank\" rel=\"noopener\">gar\u00edfunas<\/a>.  <\/p>\n          \n\n          <p class=\"\" data-start=\"2947\" data-end=\"3291\">Otro punto clave fue la transmisi\u00f3n intergeneracional. Los ancianos son los guardianes de la memoria, pero los j\u00f3venes est\u00e1n llamados a convertirse en sus relevos, apropi\u00e1ndose de estos conocimientos mediante herramientas contempor\u00e1neas. No se trata s\u00f3lo de conservar un patrimonio, sino de construir un futuro vivo, alimentado por la sabidur\u00eda del pasado.  <\/p>\n        \t\t\t\t\t\t\t\t<\/div>\n\t\t\t\t<\/div>\n\t\t\t\t\t<\/div>\n\t\t<\/div>\n\t\t\t\t\t<\/div>\n\t\t<\/section>\n\t\t\t\t<section class=\"elementor-section elementor-top-section elementor-element elementor-element-012ca3e elementor-section-boxed elementor-section-height-default elementor-section-height-default\" data-id=\"012ca3e\" data-element_type=\"section\">\n\t\t\t\t\t\t<div class=\"elementor-container elementor-column-gap-default\">\n\t\t\t\t\t<div class=\"elementor-column elementor-col-100 elementor-top-column elementor-element elementor-element-a22c84a\" data-id=\"a22c84a\" data-element_type=\"column\">\n\t\t\t<div class=\"elementor-widget-wrap elementor-element-populated\">\n\t\t\t\t\t\t<div class=\"elementor-element elementor-element-6b41879 elementor-widget elementor-widget-heading\" data-id=\"6b41879\" data-element_type=\"widget\" data-widget_type=\"heading.default\">\n\t\t\t\t<div class=\"elementor-widget-container\">\n\t\t\t\t\t<h2 class=\"elementor-heading-title elementor-size-default\">Un rumbo claro hacia 2030<\/h2>\t\t\t\t<\/div>\n\t\t\t\t<\/div>\n\t\t\t\t<div class=\"elementor-element elementor-element-32c54ff elementor-widget elementor-widget-text-editor\" data-id=\"32c54ff\" data-element_type=\"widget\" data-widget_type=\"text-editor.default\">\n\t\t\t\t<div class=\"elementor-widget-container\">\n\t\t\t\t\t\t\t\t\t\n          <p class=\"\" data-start=\"3343\" data-end=\"3774\">Al t\u00e9rmino de esta XII Conferencia Internacional <a href=\"https:\/\/richeskarayib.com\/es\/informe-especial-parte-2-2012-2015-los-tesoros-culturales-del-caribe-patrimonio-inmaterial-reconocido-por-la-unesco\/\" target=\"_blank\" rel=\"noopener\">Garifuna<\/a>, el mensaje es inequ\u00edvoco: transmitir la herencia <a href=\"https:\/\/richeskarayib.com\/es\/unesco-informe-especial-parte-3-2016-2019-los-tesoros-culturales-del-caribe-patrimonio-inmaterial-reconocido\/\" target=\"_blank\" rel=\"noopener\">garifuna<\/a> no es una cuesti\u00f3n del pasado, sino una opci\u00f3n estrat\u00e9gica para el futuro. A trav\u00e9s de la lengua, la m\u00fasica, la narraci\u00f3n de historias y la acci\u00f3n colectiva, los participantes esbozaron una ambiciosa hoja de ruta, en la que la identidad garifuna no se limita a sobrevivir, sino que se afirma como una fuerza viva en el Caribe y m\u00e1s all\u00e1. <\/p>\n          \n\n          <p class=\"\" data-start=\"3776\" data-end=\"4014\">De cara a 2030, la Fundaci\u00f3n del Patrimonio Garifuna y sus socios pretenden traducir estas reflexiones en proyectos concretos. La llamada est\u00e1 hecha, y la marcha contin\u00faa: enraizada en la memoria, pero decididamente orientada hacia el futuro. <\/p>\n        \t\t\t\t\t\t\t\t<\/div>\n\t\t\t\t<\/div>\n\t\t\t\t\t<\/div>\n\t\t<\/div>\n\t\t\t\t\t<\/div>\n\t\t<\/section>\n\t\t\t\t<\/div>\n\t\t","protected":false},"excerpt":{"rendered":"<p>La transmisi\u00f3n del patrimonio gar\u00edfuna fue el tema central de la 12\u00aa Conferencia Internacional Gar\u00edfuna, celebrada en el Campus Global de la Universidad de las Indias Occidentales, en San Vicente y las Granadinas. Organizada por la Fundaci\u00f3n del Patrimonio Garifuna en colaboraci\u00f3n con la universidad, la conferencia de 2025 reuni\u00f3 a l\u00edderes culturales, investigadores, artistas [&hellip;]<\/p>\n","protected":false},"author":47,"featured_media":47840,"comment_status":"open","ping_status":"open","sticky":false,"template":"","format":"standard","meta":{"_acf_changed":false,"footnotes":""},"categories":[1469,839],"tags":[1740],"class_list":["post-47918","post","type-post","status-publish","format-standard","has-post-thumbnail","hentry","category-historia-patrimonio","category-noticias","tag-san-vicente-y-las-granadinas"],"acf":[],"_links":{"self":[{"href":"https:\/\/richeskarayib.com\/es\/wp-json\/wp\/v2\/posts\/47918","targetHints":{"allow":["GET"]}}],"collection":[{"href":"https:\/\/richeskarayib.com\/es\/wp-json\/wp\/v2\/posts"}],"about":[{"href":"https:\/\/richeskarayib.com\/es\/wp-json\/wp\/v2\/types\/post"}],"author":[{"embeddable":true,"href":"https:\/\/richeskarayib.com\/es\/wp-json\/wp\/v2\/users\/47"}],"replies":[{"embeddable":true,"href":"https:\/\/richeskarayib.com\/es\/wp-json\/wp\/v2\/comments?post=47918"}],"version-history":[{"count":0,"href":"https:\/\/richeskarayib.com\/es\/wp-json\/wp\/v2\/posts\/47918\/revisions"}],"wp:featuredmedia":[{"embeddable":true,"href":"https:\/\/richeskarayib.com\/es\/wp-json\/wp\/v2\/media\/47840"}],"wp:attachment":[{"href":"https:\/\/richeskarayib.com\/es\/wp-json\/wp\/v2\/media?parent=47918"}],"wp:term":[{"taxonomy":"category","embeddable":true,"href":"https:\/\/richeskarayib.com\/es\/wp-json\/wp\/v2\/categories?post=47918"},{"taxonomy":"post_tag","embeddable":true,"href":"https:\/\/richeskarayib.com\/es\/wp-json\/wp\/v2\/tags?post=47918"}],"curies":[{"name":"wp","href":"https:\/\/api.w.org\/{rel}","templated":true}]}}