{"id":47982,"date":"2025-04-01T08:58:04","date_gmt":"2025-04-01T12:58:04","guid":{"rendered":"https:\/\/richeskarayib.com\/guayana-francesa-roseman-robinot-y-el-gran-libro-de-la-paciencia-una-obra-emblematica-en-la-historia-del-arte-contemporaneo\/"},"modified":"2025-04-02T07:44:09","modified_gmt":"2025-04-02T11:44:09","slug":"guayana-francesa-roseman-robinot-y-el-gran-libro-de-la-paciencia-una-obra-emblematica-en-la-historia-del-arte-contemporaneo","status":"publish","type":"post","link":"https:\/\/richeskarayib.com\/es\/guayana-francesa-roseman-robinot-y-el-gran-libro-de-la-paciencia-una-obra-emblematica-en-la-historia-del-arte-contemporaneo\/","title":{"rendered":"Guayana Francesa &#8211; Roseman Robinot y &#8220;El Gran Libro de la Paciencia&#8221;: Una obra emblem\u00e1tica en la historia del arte contempor\u00e1neo"},"content":{"rendered":"\t\t<div data-elementor-type=\"wp-post\" data-elementor-id=\"47982\" class=\"elementor elementor-47982 elementor-47968\" data-elementor-post-type=\"post\">\n\t\t\t\t\t\t<section class=\"elementor-section elementor-top-section elementor-element elementor-element-0776f58 elementor-section-boxed elementor-section-height-default elementor-section-height-default\" data-id=\"0776f58\" data-element_type=\"section\">\n\t\t\t\t\t\t<div class=\"elementor-container elementor-column-gap-default\">\n\t\t\t\t\t<div class=\"elementor-column elementor-col-100 elementor-top-column elementor-element elementor-element-1b3db7e\" data-id=\"1b3db7e\" data-element_type=\"column\">\n\t\t\t<div class=\"elementor-widget-wrap elementor-element-populated\">\n\t\t\t\t\t\t<div class=\"elementor-element elementor-element-c3960f6 elementor-widget elementor-widget-text-editor\" data-id=\"c3960f6\" data-element_type=\"widget\" data-widget_type=\"text-editor.default\">\n\t\t\t\t<div class=\"elementor-widget-container\">\n\t\t\t\t\t\t\t\t\t<p>\n            <span style=\"font-weight: 400;\">La artista visual guyanesa <a href=\"https:\/\/www.instagram.com\/rosemanrobinot\/\" target=\"_blank\" rel=\"noopener nofollow\">Roseman Robinot<\/a> es una figura clave de la escena art\u00edstica contempor\u00e1nea. Con &#8220;Le Grand Livre&#8221;, obra emblem\u00e1tica expuesta en el Centro Pompidou en el marco de<a href=\"https:\/\/www.centrepompidou.fr\/fr\/programme\/agenda\/evenement\/VRo249Y\" target=\"_blank\" rel=\"noopener nofollow\">&#8220;Paris Noir<\/a>&#8220;, explora la historia, la identidad y la espiritualidad. Esta obra, creada en 1990, entra por fin a formar parte de una prestigiosa colecci\u00f3n. Pero, \u00bfqui\u00e9n es esta artista autodidacta y qu\u00e9 mensaje transmite su obra?   <\/span>\n          <\/p>\n\t\t\t\t\t\t\t\t<\/div>\n\t\t\t\t<\/div>\n\t\t\t\t\t<\/div>\n\t\t<\/div>\n\t\t\t\t\t<\/div>\n\t\t<\/section>\n\t\t\t\t<section class=\"elementor-section elementor-top-section elementor-element elementor-element-1e52063 elementor-section-boxed elementor-section-height-default elementor-section-height-default\" data-id=\"1e52063\" data-element_type=\"section\">\n\t\t\t\t\t\t<div class=\"elementor-container elementor-column-gap-default\">\n\t\t\t\t\t<div class=\"elementor-column elementor-col-100 elementor-top-column elementor-element elementor-element-2465457\" data-id=\"2465457\" data-element_type=\"column\">\n\t\t\t<div class=\"elementor-widget-wrap elementor-element-populated\">\n\t\t\t\t\t\t<div class=\"elementor-element elementor-element-2745f7f elementor-widget elementor-widget-heading\" data-id=\"2745f7f\" data-element_type=\"widget\" data-widget_type=\"heading.default\">\n\t\t\t\t<div class=\"elementor-widget-container\">\n\t\t\t\t\t<h2 class=\"elementor-heading-title elementor-size-default\">Roseman Robinot, artista autodidacta y visionario<\/h2>\t\t\t\t<\/div>\n\t\t\t\t<\/div>\n\t\t\t\t<div class=\"elementor-element elementor-element-61ff885 elementor-widget elementor-widget-text-editor\" data-id=\"61ff885\" data-element_type=\"widget\" data-widget_type=\"text-editor.default\">\n\t\t\t\t<div class=\"elementor-widget-container\">\n\t\t\t\t\t\t\t\t\t\n          <h4>\n            <b>Un despertar art\u00edstico en Nueva York<\/b>\n          <\/h4>\n          \n\n          <p><span style=\"font-weight: 400;\">En 1985, en una exposici\u00f3n en Nueva York, Roseman Robinot descubri\u00f3 <\/span><i><span style=\"font-weight: 400;\">La planchadora<\/span><\/i><span style=\"font-weight: 400;\">  por Picasso. Este impactante encuentro actu\u00f3 como detonante. Nac\u00ed pintora cuando vi esta obra desde el primer piso&#8221;, afirma. El cuadro evoca la imagen de su propia madre inclinada sobre una plancha, un recuerdo v\u00edvido de su infancia. Este momento fundacional marc\u00f3 el inicio de una carrera en la que el simbolismo desempe\u00f1\u00f3 un papel central.   <\/span><\/p>\n        \t\t\t\t\t\t\t\t<\/div>\n\t\t\t\t<\/div>\n\t\t\t\t<div class=\"elementor-element elementor-element-5c59911 elementor-widget elementor-widget-text-editor\" data-id=\"5c59911\" data-element_type=\"widget\" data-widget_type=\"text-editor.default\">\n\t\t\t\t<div class=\"elementor-widget-container\">\n\t\t\t\t\t\t\t\t\t\n          <h4>\n            <b>Profundas ra\u00edces en la Guayana Francesa<\/b>\n          <\/h4>\n          \n\n          <p>\n            <span style=\"font-weight: 400;\">Originaria de <a href=\"https:\/\/richeskarayib.com\/es\/martinica-turismo-apostar-por-el-talento-para-construir-el-futuro\/\" target=\"_blank\" rel=\"noopener\">Martinica<\/a>, pero residente y trabajadora en <a href=\"https:\/\/richeskarayib.com\/es\/guayana-francesa-societe-guyanaise-de-recyclage-preservar-nuestro-territorio-requiere-una-mejor-gestion-de-los-residuos\/\" target=\"_blank\" rel=\"noopener\">la Guayana Francesa<\/a>, Roseman Robinot se inspira en la historia y la diversidad cultural de su tierra natal. Sus obras reflejan una b\u00fasqueda de identidad que combina la realidad tangible y las dimensiones espirituales. Para ella, crear no es s\u00f3lo producir una obra de arte, sino una exploraci\u00f3n interior que conduce a una comprensi\u00f3n m\u00e1s amplia del mundo.  <\/span>\n          <\/p>\n        \t\t\t\t\t\t\t\t<\/div>\n\t\t\t\t<\/div>\n\t\t\t\t<section class=\"elementor-section elementor-inner-section elementor-element elementor-element-ad778a9 elementor-section-boxed elementor-section-height-default elementor-section-height-default\" data-id=\"ad778a9\" data-element_type=\"section\">\n\t\t\t\t\t\t<div class=\"elementor-container elementor-column-gap-default\">\n\t\t\t\t\t<div class=\"elementor-column elementor-col-100 elementor-inner-column elementor-element elementor-element-6825f56\" data-id=\"6825f56\" data-element_type=\"column\">\n\t\t\t<div class=\"elementor-widget-wrap elementor-element-populated\">\n\t\t\t\t\t\t<div class=\"elementor-element elementor-element-2e13e07 elementor-widget elementor-widget-image\" data-id=\"2e13e07\" data-element_type=\"widget\" data-widget_type=\"image.default\">\n\t\t\t\t<div class=\"elementor-widget-container\">\n\t\t\t\t\t\t\t\t\t\t\t\t<figure class=\"wp-caption\">\n\t\t\t\t\t\t\t\t\t\t<img fetchpriority=\"high\" decoding=\"async\" width=\"800\" height=\"533\" src=\"https:\/\/richeskarayib.com\/wp-content\/uploads\/2025\/04\/2-1024x682.jpeg\" class=\"attachment-large size-large wp-image-47980\" alt=\"Roseman Robinot\" srcset=\"https:\/\/richeskarayib.com\/wp-content\/uploads\/2025\/04\/2-1024x682.jpeg 1024w, https:\/\/richeskarayib.com\/wp-content\/uploads\/2025\/04\/2-300x200.jpeg 300w, https:\/\/richeskarayib.com\/wp-content\/uploads\/2025\/04\/2-768x512.jpeg 768w, https:\/\/richeskarayib.com\/wp-content\/uploads\/2025\/04\/2.jpeg 1280w\" sizes=\"(max-width: 800px) 100vw, 800px\" \/>\t\t\t\t\t\t\t\t\t\t\t<figcaption class=\"widget-image-caption wp-caption-text\">Roseman Robinot<\/figcaption>\n\t\t\t\t\t\t\t\t\t\t<\/figure>\n\t\t\t\t\t\t\t\t\t<\/div>\n\t\t\t\t<\/div>\n\t\t\t\t\t<\/div>\n\t\t<\/div>\n\t\t\t\t\t<\/div>\n\t\t<\/section>\n\t\t\t\t\t<\/div>\n\t\t<\/div>\n\t\t\t\t\t<\/div>\n\t\t<\/section>\n\t\t\t\t<section class=\"elementor-section elementor-top-section elementor-element elementor-element-a8efc3e elementor-section-boxed elementor-section-height-default elementor-section-height-default\" data-id=\"a8efc3e\" data-element_type=\"section\">\n\t\t\t\t\t\t<div class=\"elementor-container elementor-column-gap-default\">\n\t\t\t\t\t<div class=\"elementor-column elementor-col-100 elementor-top-column elementor-element elementor-element-b4ed07d\" data-id=\"b4ed07d\" data-element_type=\"column\">\n\t\t\t<div class=\"elementor-widget-wrap elementor-element-populated\">\n\t\t\t\t\t\t<div class=\"elementor-element elementor-element-cc7abba elementor-widget elementor-widget-heading\" data-id=\"cc7abba\" data-element_type=\"widget\" data-widget_type=\"heading.default\">\n\t\t\t\t<div class=\"elementor-widget-container\">\n\t\t\t\t\t<h2 class=\"elementor-heading-title elementor-size-default\">\"Le Grand Livre\": Un di\u00e1logo entre la memoria y la esperanza<\/h2>\t\t\t\t<\/div>\n\t\t\t\t<\/div>\n\t\t\t\t<div class=\"elementor-element elementor-element-13c2b0d elementor-widget elementor-widget-text-editor\" data-id=\"13c2b0d\" data-element_type=\"widget\" data-widget_type=\"text-editor.default\">\n\t\t\t\t<div class=\"elementor-widget-container\">\n\t\t\t\t\t\t\t\t\t\n          <h4>\n            <b>Una composici\u00f3n d\u00edptica<\/b>\n          <\/h4>\n          \n\n          <p>\n            <span style=\"font-weight: 400;\">Producido en 1990, &#8220;Le Grand Livre&#8221; se distingue por sus imponentes dimensiones (1,60 m x 2,20 m) y su construcci\u00f3n en dos partes. La parte superior, dominada por el cuerpo humano, tiene una fuerte presencia simb\u00f3lica. En cambio, la parte inferior, con sus tonos ocres, evoca la naturaleza y las profundas ra\u00edces del continente americano. Esta dualidad pone de relieve la interacci\u00f3n entre el hombre y su entorno.   <\/span>\n          <\/p>\n        \t\t\t\t\t\t\t\t<\/div>\n\t\t\t\t<\/div>\n\t\t\t\t<div class=\"elementor-element elementor-element-7adc008 elementor-widget elementor-widget-text-editor\" data-id=\"7adc008\" data-element_type=\"widget\" data-widget_type=\"text-editor.default\">\n\t\t\t\t<div class=\"elementor-widget-container\">\n\t\t\t\t\t\t\t\t\t\n          <h4>\n            <b>Un testimonio de historia y resistencia<\/b>\n          <\/h4>\n          \n\n          <p>\n            <span style=\"font-weight: 400;\">La obra evoca recuerdos enterrados, al tiempo que da paso a una luz que es un faro de esperanza. Rinde homenaje a los cuerpos marcados por la violencia del pasado, en particular la asociada a la esclavitud. Por su abstracci\u00f3n y su paleta crom\u00e1tica, &#8220;Le Grand Livre&#8221; se convierte en un espacio de reflexi\u00f3n colectiva sobre nuestra herencia com\u00fan.  <\/span>\n          <\/p>\n        \t\t\t\t\t\t\t\t<\/div>\n\t\t\t\t<\/div>\n\t\t\t\t<section class=\"elementor-section elementor-inner-section elementor-element elementor-element-79ce03d elementor-section-boxed elementor-section-height-default elementor-section-height-default\" data-id=\"79ce03d\" data-element_type=\"section\">\n\t\t\t\t\t\t<div class=\"elementor-container elementor-column-gap-default\">\n\t\t\t\t\t<div class=\"elementor-column elementor-col-100 elementor-inner-column elementor-element elementor-element-ab1e6ee\" data-id=\"ab1e6ee\" data-element_type=\"column\">\n\t\t\t<div class=\"elementor-widget-wrap elementor-element-populated\">\n\t\t\t\t\t\t<div class=\"elementor-element elementor-element-f8f3cf8 elementor-widget elementor-widget-image\" data-id=\"f8f3cf8\" data-element_type=\"widget\" data-widget_type=\"image.default\">\n\t\t\t\t<div class=\"elementor-widget-container\">\n\t\t\t\t\t\t\t\t\t\t\t\t<figure class=\"wp-caption\">\n\t\t\t\t\t\t\t\t\t\t<img decoding=\"async\" width=\"800\" height=\"600\" src=\"https:\/\/richeskarayib.com\/wp-content\/uploads\/2025\/04\/3-1024x768.jpeg\" class=\"attachment-large size-large wp-image-47976\" alt=\"Roseman Robinot\" srcset=\"https:\/\/richeskarayib.com\/wp-content\/uploads\/2025\/04\/3-1024x768.jpeg 1024w, https:\/\/richeskarayib.com\/wp-content\/uploads\/2025\/04\/3-300x225.jpeg 300w, https:\/\/richeskarayib.com\/wp-content\/uploads\/2025\/04\/3-768x576.jpeg 768w, https:\/\/richeskarayib.com\/wp-content\/uploads\/2025\/04\/3-1536x1152.jpeg 1536w, https:\/\/richeskarayib.com\/wp-content\/uploads\/2025\/04\/3-1320x990.jpeg 1320w, https:\/\/richeskarayib.com\/wp-content\/uploads\/2025\/04\/3.jpeg 1600w\" sizes=\"(max-width: 800px) 100vw, 800px\" \/>\t\t\t\t\t\t\t\t\t\t\t<figcaption class=\"widget-image-caption wp-caption-text\">Le Grand Livre de la Patience<\/figcaption>\n\t\t\t\t\t\t\t\t\t\t<\/figure>\n\t\t\t\t\t\t\t\t\t<\/div>\n\t\t\t\t<\/div>\n\t\t\t\t\t<\/div>\n\t\t<\/div>\n\t\t\t\t\t<\/div>\n\t\t<\/section>\n\t\t\t\t\t<\/div>\n\t\t<\/div>\n\t\t\t\t\t<\/div>\n\t\t<\/section>\n\t\t\t\t<section class=\"elementor-section elementor-top-section elementor-element elementor-element-08d8b7f elementor-section-boxed elementor-section-height-default elementor-section-height-default\" data-id=\"08d8b7f\" data-element_type=\"section\">\n\t\t\t\t\t\t<div class=\"elementor-container elementor-column-gap-default\">\n\t\t\t\t\t<div class=\"elementor-column elementor-col-100 elementor-top-column elementor-element elementor-element-5859f36\" data-id=\"5859f36\" data-element_type=\"column\">\n\t\t\t<div class=\"elementor-widget-wrap elementor-element-populated\">\n\t\t\t\t\t\t<div class=\"elementor-element elementor-element-3028ecc elementor-widget elementor-widget-heading\" data-id=\"3028ecc\" data-element_type=\"widget\" data-widget_type=\"heading.default\">\n\t\t\t\t<div class=\"elementor-widget-container\">\n\t\t\t\t\t<h2 class=\"elementor-heading-title elementor-size-default\">Un compromiso art\u00edstico con la memoria colectiva<\/h2>\t\t\t\t<\/div>\n\t\t\t\t<\/div>\n\t\t\t\t<div class=\"elementor-element elementor-element-b4bbfbb elementor-widget elementor-widget-text-editor\" data-id=\"b4bbfbb\" data-element_type=\"widget\" data-widget_type=\"text-editor.default\">\n\t\t\t\t<div class=\"elementor-widget-container\">\n\t\t\t\t\t\t\t\t\t\n          <h4>\n            <b>Temas recurrentes en su obra<\/b>\n          <\/h4>\n          \n\n          <p>\n            <span style=\"font-weight: 400;\">Roseman Robinot se inspira en el &#8220;bricolaje cultural&#8221; observado en Brasil, donde la reutilizaci\u00f3n de objetos da\u00f1ados revela narrativas olvidadas. A trav\u00e9s de sus tejidos, grabados y performances, explora las huellas dejadas por los cuerpos en movimiento y los traumas del pasado, al tiempo que celebra la resiliencia. <\/span>\n          <\/p>\n        \t\t\t\t\t\t\t\t<\/div>\n\t\t\t\t<\/div>\n\t\t\t\t<div class=\"elementor-element elementor-element-9ec25de elementor-widget elementor-widget-text-editor\" data-id=\"9ec25de\" data-element_type=\"widget\" data-widget_type=\"text-editor.default\">\n\t\t\t\t<div class=\"elementor-widget-container\">\n\t\t\t\t\t\t\t\t\t\n          <h4>\n            <b>Crear como acto de liberaci\u00f3n<\/b>\n          <\/h4>\n          \n\n          <p>\n            <span style=\"font-weight: 400;\">Para ella, el acto de crear es una v\u00e1lvula de escape. Su trabajo le permite superar sus propios miedos y liberarse de cierta reserva natural. Cada obra se convierte en una voz alternativa a la palabra hablada.  <\/span>\n          <\/p>\n        \t\t\t\t\t\t\t\t<\/div>\n\t\t\t\t<\/div>\n\t\t\t\t\t<\/div>\n\t\t<\/div>\n\t\t\t\t\t<\/div>\n\t\t<\/section>\n\t\t\t\t<section class=\"elementor-section elementor-top-section elementor-element elementor-element-8d568e7 elementor-section-boxed elementor-section-height-default elementor-section-height-default\" data-id=\"8d568e7\" data-element_type=\"section\">\n\t\t\t\t\t\t<div class=\"elementor-container elementor-column-gap-default\">\n\t\t\t\t\t<div class=\"elementor-column elementor-col-100 elementor-top-column elementor-element elementor-element-816b9df\" data-id=\"816b9df\" data-element_type=\"column\">\n\t\t\t<div class=\"elementor-widget-wrap elementor-element-populated\">\n\t\t\t\t\t\t<div class=\"elementor-element elementor-element-0fc3d20 elementor-widget elementor-widget-heading\" data-id=\"0fc3d20\" data-element_type=\"widget\" data-widget_type=\"heading.default\">\n\t\t\t\t<div class=\"elementor-widget-container\">\n\t\t\t\t\t<h2 class=\"elementor-heading-title elementor-size-default\">Reconocimiento tard\u00edo pero merecido<\/h2>\t\t\t\t<\/div>\n\t\t\t\t<\/div>\n\t\t\t\t<div class=\"elementor-element elementor-element-6e1eebc elementor-widget elementor-widget-text-editor\" data-id=\"6e1eebc\" data-element_type=\"widget\" data-widget_type=\"text-editor.default\">\n\t\t\t\t<div class=\"elementor-widget-container\">\n\t\t\t\t\t\t\t\t\t\n          <h4>\n            <b>&#8220;Le Grand Livre&#8221; en el Centro Pompidou<\/b>\n          <\/h4>\n          \n\n          <p>\n            <span style=\"font-weight: 400;\">Tras un largo viaje, &#8220;Le Grand Livre&#8221; se traslad\u00f3 al Centro Pompidou bajo el impulso de la comisaria Alice Knak. Esta exposici\u00f3n, que pone de relieve las circulaciones art\u00edsticas y las luchas anticoloniales, representa una consagraci\u00f3n para el artista. <\/span>\n          <\/p>\n        \t\t\t\t\t\t\t\t<\/div>\n\t\t\t\t<\/div>\n\t\t\t\t<div class=\"elementor-element elementor-element-6c429d1 elementor-widget elementor-widget-text-editor\" data-id=\"6c429d1\" data-element_type=\"widget\" data-widget_type=\"text-editor.default\">\n\t\t\t\t<div class=\"elementor-widget-container\">\n\t\t\t\t\t\t\t\t\t\n          <h4>\n            <b>Un artista aclamado internacionalmente<\/b>\n          <\/h4>\n          \n\n          <p>\n            <span style=\"font-weight: 400;\">En 2023, Roseman Robinot recibi\u00f3 el Premio Honor\u00edfico AWARE por su contribuci\u00f3n al arte contempor\u00e1neo. Ha sido invitada a varios eventos prestigiosos, como las Olimpiadas Culturales de Par\u00eds 2024, y sigue persiguiendo su compromiso con determinaci\u00f3n. <\/span>\n          <\/p>\n        \t\t\t\t\t\t\t\t<\/div>\n\t\t\t\t<\/div>\n\t\t\t\t\t<\/div>\n\t\t<\/div>\n\t\t\t\t\t<\/div>\n\t\t<\/section>\n\t\t\t\t<section class=\"elementor-section elementor-top-section elementor-element elementor-element-71c01f9 elementor-section-boxed elementor-section-height-default elementor-section-height-default\" data-id=\"71c01f9\" data-element_type=\"section\">\n\t\t\t\t\t\t<div class=\"elementor-container elementor-column-gap-default\">\n\t\t\t\t\t<div class=\"elementor-column elementor-col-100 elementor-top-column elementor-element elementor-element-1b310ac\" data-id=\"1b310ac\" data-element_type=\"column\">\n\t\t\t<div class=\"elementor-widget-wrap elementor-element-populated\">\n\t\t\t\t\t\t<div class=\"elementor-element elementor-element-8bdc154 elementor-widget elementor-widget-heading\" data-id=\"8bdc154\" data-element_type=\"widget\" data-widget_type=\"heading.default\">\n\t\t\t\t<div class=\"elementor-widget-container\">\n\t\t\t\t\t<h2 class=\"elementor-heading-title elementor-size-default\">Un legado art\u00edstico significativo<\/h2>\t\t\t\t<\/div>\n\t\t\t\t<\/div>\n\t\t\t\t<div class=\"elementor-element elementor-element-b67dd45 elementor-widget elementor-widget-text-editor\" data-id=\"b67dd45\" data-element_type=\"widget\" data-widget_type=\"text-editor.default\">\n\t\t\t\t<div class=\"elementor-widget-container\">\n\t\t\t\t\t\t\t\t\t\n          <h4>\n            <b>Un mensaje universal<\/b>\n          <\/h4>\n          \n\n          <p>\n            <span style=\"font-weight: 400;\">A trav\u00e9s de su obra, Roseman Robinot fomenta la reflexi\u00f3n sobre la relaci\u00f3n entre el hombre, la naturaleza y la memoria. Su obra pone de relieve a los pueblos ind\u00edgenas y crea un di\u00e1logo entre el pasado y el presente. <\/span>\n          <\/p>\n        \t\t\t\t\t\t\t\t<\/div>\n\t\t\t\t<\/div>\n\t\t\t\t<div class=\"elementor-element elementor-element-9135f5c elementor-widget elementor-widget-text-editor\" data-id=\"9135f5c\" data-element_type=\"widget\" data-widget_type=\"text-editor.default\">\n\t\t\t\t<div class=\"elementor-widget-container\">\n\t\t\t\t\t\t\t\t\t\n          <h4>\n            <b>Una fuente de inspiraci\u00f3n para las generaciones futuras<\/b>\n          <\/h4>\n          \n\n          <p>\n            <span style=\"font-weight: 400;\">Su viaje es un testimonio de la importancia de la autenticidad y la perseverancia en la b\u00fasqueda del reconocimiento. Nos recuerda que todos tenemos un papel que desempe\u00f1ar en la transmisi\u00f3n y preservaci\u00f3n de la memoria colectiva. <\/span>\n          <\/p>\n        \t\t\t\t\t\t\t\t<\/div>\n\t\t\t\t<\/div>\n\t\t\t\t\t<\/div>\n\t\t<\/div>\n\t\t\t\t\t<\/div>\n\t\t<\/section>\n\t\t\t\t<section class=\"elementor-section elementor-top-section elementor-element elementor-element-603d7ee elementor-section-boxed elementor-section-height-default elementor-section-height-default\" data-id=\"603d7ee\" data-element_type=\"section\">\n\t\t\t\t\t\t<div class=\"elementor-container elementor-column-gap-default\">\n\t\t\t\t\t<div class=\"elementor-column elementor-col-100 elementor-top-column elementor-element elementor-element-5055406\" data-id=\"5055406\" data-element_type=\"column\">\n\t\t\t<div class=\"elementor-widget-wrap elementor-element-populated\">\n\t\t\t\t\t\t<div class=\"elementor-element elementor-element-504732d elementor-widget elementor-widget-text-editor\" data-id=\"504732d\" data-element_type=\"widget\" data-widget_type=\"text-editor.default\">\n\t\t\t\t<div class=\"elementor-widget-container\">\n\t\t\t\t\t\t\t\t\t<p>\n            <span style=\"font-weight: 400;\">Roseman Robinot es una artista comprometida cuya obra trasciende las fronteras culturales y temporales. Con &#8220;Le Grand Livre&#8221;, ofrece una profunda reflexi\u00f3n sobre la historia y la identidad, al tiempo que celebra la riqueza de la Guayana Francesa. Para admirar esta gran obra, ac\u00e9rcate al Centro Pompidou hasta el 30 de junio de 2025.  <\/span>\n          <\/p>\n\t\t\t\t\t\t\t\t<\/div>\n\t\t\t\t<\/div>\n\t\t\t\t\t<\/div>\n\t\t<\/div>\n\t\t\t\t\t<\/div>\n\t\t<\/section>\n\t\t\t\t<\/div>\n\t\t","protected":false},"excerpt":{"rendered":"<p>La artista visual guyanesa Roseman Robinot es una figura clave de la escena art\u00edstica contempor\u00e1nea. Con &#8220;Le Grand Livre&#8221;, obra emblem\u00e1tica expuesta en el Centro Pompidou en el marco de&#8220;Paris Noir&#8220;, explora la historia, la identidad y la espiritualidad. Esta obra, creada en 1990, entra por fin a formar parte de una prestigiosa colecci\u00f3n. Pero, [&hellip;]<\/p>\n","protected":false},"author":662,"featured_media":48005,"comment_status":"open","ping_status":"open","sticky":false,"template":"","format":"standard","meta":{"_acf_changed":false,"footnotes":""},"categories":[809],"tags":[1549],"class_list":["post-47982","post","type-post","status-publish","format-standard","has-post-thumbnail","hentry","category-artes-visuales","tag-guayana-francesa"],"acf":[],"_links":{"self":[{"href":"https:\/\/richeskarayib.com\/es\/wp-json\/wp\/v2\/posts\/47982","targetHints":{"allow":["GET"]}}],"collection":[{"href":"https:\/\/richeskarayib.com\/es\/wp-json\/wp\/v2\/posts"}],"about":[{"href":"https:\/\/richeskarayib.com\/es\/wp-json\/wp\/v2\/types\/post"}],"author":[{"embeddable":true,"href":"https:\/\/richeskarayib.com\/es\/wp-json\/wp\/v2\/users\/662"}],"replies":[{"embeddable":true,"href":"https:\/\/richeskarayib.com\/es\/wp-json\/wp\/v2\/comments?post=47982"}],"version-history":[{"count":0,"href":"https:\/\/richeskarayib.com\/es\/wp-json\/wp\/v2\/posts\/47982\/revisions"}],"wp:featuredmedia":[{"embeddable":true,"href":"https:\/\/richeskarayib.com\/es\/wp-json\/wp\/v2\/media\/48005"}],"wp:attachment":[{"href":"https:\/\/richeskarayib.com\/es\/wp-json\/wp\/v2\/media?parent=47982"}],"wp:term":[{"taxonomy":"category","embeddable":true,"href":"https:\/\/richeskarayib.com\/es\/wp-json\/wp\/v2\/categories?post=47982"},{"taxonomy":"post_tag","embeddable":true,"href":"https:\/\/richeskarayib.com\/es\/wp-json\/wp\/v2\/tags?post=47982"}],"curies":[{"name":"wp","href":"https:\/\/api.w.org\/{rel}","templated":true}]}}