{"id":47999,"date":"2025-04-01T13:22:17","date_gmt":"2025-04-01T17:22:17","guid":{"rendered":"https:\/\/richeskarayib.com\/paris-negro-una-inmersion-artistica-en-el-centro-pompidou\/"},"modified":"2025-04-01T13:22:18","modified_gmt":"2025-04-01T17:22:18","slug":"paris-negro-una-inmersion-artistica-en-el-centro-pompidou","status":"publish","type":"post","link":"https:\/\/richeskarayib.com\/es\/paris-negro-una-inmersion-artistica-en-el-centro-pompidou\/","title":{"rendered":"Par\u00eds Negro : Una inmersi\u00f3n art\u00edstica en el Centro Pompidou"},"content":{"rendered":"\t\t<div data-elementor-type=\"wp-post\" data-elementor-id=\"47999\" class=\"elementor elementor-47999 elementor-47985\" data-elementor-post-type=\"post\">\n\t\t\t\t\t\t<section class=\"elementor-section elementor-top-section elementor-element elementor-element-0776f58 elementor-section-boxed elementor-section-height-default elementor-section-height-default\" data-id=\"0776f58\" data-element_type=\"section\">\n\t\t\t\t\t\t<div class=\"elementor-container elementor-column-gap-default\">\n\t\t\t\t\t<div class=\"elementor-column elementor-col-100 elementor-top-column elementor-element elementor-element-1b3db7e\" data-id=\"1b3db7e\" data-element_type=\"column\">\n\t\t\t<div class=\"elementor-widget-wrap elementor-element-populated\">\n\t\t\t\t\t\t<div class=\"elementor-element elementor-element-c3960f6 elementor-widget elementor-widget-text-editor\" data-id=\"c3960f6\" data-element_type=\"widget\" data-widget_type=\"text-editor.default\">\n\t\t\t\t<div class=\"elementor-widget-container\">\n\t\t\t\t\t\t\t\t\t<p><span style=\"font-weight: 400;\">La exposici\u00f3n <\/span><a href=\"https:\/\/www.centrepompidou.fr\/fr\/programme\/agenda\/evenement\/VRo249Y\" target=\"_blank\" rel=\"noopener nofollow\"><i><span style=\"font-weight: 400;\">Par\u00eds Negro<\/span><\/i><\/a><span style=\"font-weight: 400;\">  est\u00e1 llamado a ser un acontecimiento cultural de primer orden en 2025. Del 19 de marzo al 30 de junio, el Centro Pompidou pone de relieve un aspecto de la historia art\u00edstica que a menudo se pasa por alto: la influencia de los artistas afrodescendientes en Par\u00eds entre 1950 y 2000. Cerca de 400 obras y documentos muestran el trabajo de 150 artistas de \u00c1frica, Am\u00e9rica y <a href=\"https:\/\/richeskarayib.com\/es\/caribe-fondo-cultural-del-caribe-apoyo-esencial-a-los-creadores-de-la-region\/\" target=\"_blank\" rel=\"noopener\">el<\/a> Caribe, algunos de los cuales nunca antes hab\u00edan sido expuestos en Francia. Esta retrospectiva pone de relieve el papel de la capital francesa como lugar de resistencia y transformaci\u00f3n de los movimientos art\u00edsticos contempor\u00e1neos.   <\/span><\/p>\n\t\t\t\t\t\t\t\t<\/div>\n\t\t\t\t<\/div>\n\t\t\t\t\t<\/div>\n\t\t<\/div>\n\t\t\t\t\t<\/div>\n\t\t<\/section>\n\t\t\t\t<section class=\"elementor-section elementor-top-section elementor-element elementor-element-1e52063 elementor-section-boxed elementor-section-height-default elementor-section-height-default\" data-id=\"1e52063\" data-element_type=\"section\">\n\t\t\t\t\t\t<div class=\"elementor-container elementor-column-gap-default\">\n\t\t\t\t\t<div class=\"elementor-column elementor-col-100 elementor-top-column elementor-element elementor-element-2465457\" data-id=\"2465457\" data-element_type=\"column\">\n\t\t\t<div class=\"elementor-widget-wrap elementor-element-populated\">\n\t\t\t\t\t\t<div class=\"elementor-element elementor-element-2745f7f elementor-widget elementor-widget-heading\" data-id=\"2745f7f\" data-element_type=\"widget\" data-widget_type=\"heading.default\">\n\t\t\t\t<div class=\"elementor-widget-container\">\n\t\t\t\t\t<h2 class=\"elementor-heading-title elementor-size-default\">Afrontar el reto historiogr\u00e1fico\n<\/h2>\t\t\t\t<\/div>\n\t\t\t\t<\/div>\n\t\t\t\t<div class=\"elementor-element elementor-element-61ff885 elementor-widget elementor-widget-text-editor\" data-id=\"61ff885\" data-element_type=\"widget\" data-widget_type=\"text-editor.default\">\n\t\t\t\t<div class=\"elementor-widget-container\">\n\t\t\t\t\t\t\t\t\t<p><span style=\"font-weight: 400;\">La exposici\u00f3n <\/span><a href=\"https:\/\/www.radiofrance.fr\/franceculture\/evenements\/l-exposition-paris-noir-ouvre-ses-portes-au-centre-pompidou-a-paris-6678537\" target=\"_blank\" rel=\"noopener nofollow\"><i><span style=\"font-weight: 400;\">Par\u00eds Negro<\/span><\/i><\/a><span style=\"font-weight: 400;\">  emprende la tarea de documentar y presentar una historia art\u00edstica a menudo marginada. Desde la creaci\u00f3n de la revista   <\/span><i><span style=\"font-weight: 400;\">Pr\u00e9sence Africaine<\/span><\/i><span style=\"font-weight: 400;\"> en 1947 hasta la publicaci\u00f3n de <\/span><i><span style=\"font-weight: 400;\">Revue Noire<\/span><\/i><span style=\"font-weight: 400;\">  en los a\u00f1os 90, recorre medio siglo de expresi\u00f3n y afirmaci\u00f3n en Par\u00eds. Dada la dispersi\u00f3n de las obras y las lagunas en la investigaci\u00f3n, esta iniciativa es una contribuci\u00f3n esencial a la memoria. <\/span><\/p>\n\t\t\t\t\t\t\t\t<\/div>\n\t\t\t\t<\/div>\n\t\t\t\t<div class=\"elementor-element elementor-element-5c59911 elementor-widget elementor-widget-text-editor\" data-id=\"5c59911\" data-element_type=\"widget\" data-widget_type=\"text-editor.default\">\n\t\t\t\t<div class=\"elementor-widget-container\">\n\t\t\t\t\t\t\t\t\t<p>\n            <span style=\"font-weight: 400;\">Este recorrido cronol\u00f3gico coincide con grandes acontecimientos hist\u00f3ricos: la independencia de \u00c1frica, la ca\u00edda del apartheid en Sud\u00e1frica y la lucha por los derechos civiles. La exposici\u00f3n Paris Noir vincula estos contextos pol\u00edticos con la creaci\u00f3n art\u00edstica, y destaca el papel del arte como instrumento de resistencia y afirmaci\u00f3n de la identidad. <\/span>\n          <\/p>\n\t\t\t\t\t\t\t\t<\/div>\n\t\t\t\t<\/div>\n\t\t\t\t\t<\/div>\n\t\t<\/div>\n\t\t\t\t\t<\/div>\n\t\t<\/section>\n\t\t\t\t<section class=\"elementor-section elementor-top-section elementor-element elementor-element-a8efc3e elementor-section-boxed elementor-section-height-default elementor-section-height-default\" data-id=\"a8efc3e\" data-element_type=\"section\">\n\t\t\t\t\t\t<div class=\"elementor-container elementor-column-gap-default\">\n\t\t\t\t\t<div class=\"elementor-column elementor-col-100 elementor-top-column elementor-element elementor-element-b4ed07d\" data-id=\"b4ed07d\" data-element_type=\"column\">\n\t\t\t<div class=\"elementor-widget-wrap elementor-element-populated\">\n\t\t\t\t\t\t<div class=\"elementor-element elementor-element-cc7abba elementor-widget elementor-widget-heading\" data-id=\"cc7abba\" data-element_type=\"widget\" data-widget_type=\"heading.default\">\n\t\t\t\t<div class=\"elementor-widget-container\">\n\t\t\t\t\t<h2 class=\"elementor-heading-title elementor-size-default\">Par\u00eds, refugio y encrucijada creativa<\/h2>\t\t\t\t<\/div>\n\t\t\t\t<\/div>\n\t\t\t\t<div class=\"elementor-element elementor-element-13c2b0d elementor-widget elementor-widget-text-editor\" data-id=\"13c2b0d\" data-element_type=\"widget\" data-widget_type=\"text-editor.default\">\n\t\t\t\t<div class=\"elementor-widget-container\">\n\t\t\t\t\t\t\t\t\t<p>\n            <span style=\"font-weight: 400;\">Para artistas como Gerard Sekoto, cuyo autorretrato marca la entrada a la exposici\u00f3n, o Beauford Delaney y sus composiciones abstractas, Par\u00eds fue un refugio contra la segregaci\u00f3n, el apartheid y la censura pol\u00edtica. La ciudad se convirti\u00f3 en un espacio \u00fanico para la interacci\u00f3n art\u00edstica e intelectual, propiciando encuentros entre creadores de distintos horizontes. <\/span>\n          <\/p>\n\t\t\t\t\t\t\t\t<\/div>\n\t\t\t\t<\/div>\n\t\t\t\t<div class=\"elementor-element elementor-element-7adc008 elementor-widget elementor-widget-text-editor\" data-id=\"7adc008\" data-element_type=\"widget\" data-widget_type=\"text-editor.default\">\n\t\t\t\t<div class=\"elementor-widget-container\">\n\t\t\t\t\t\t\t\t\t<p><span style=\"font-weight: 400;\">La diversidad de pr\u00e1cticas, que van desde la toma de conciencia de la identidad hasta la b\u00fasqueda de nuevas formas de expresi\u00f3n art\u00edstica, da testimonio de esta din\u00e1mica. <\/span><i><span style=\"font-weight: 400;\">Par\u00eds Negro<\/span><\/i><span style=\"font-weight: 400;\"> pone de relieve el modo en que estos artistas han enriquecido los movimientos art\u00edsticos y abierto nuevas perspectivas est\u00e9ticas.<\/span><\/p>\n\t\t\t\t\t\t\t\t<\/div>\n\t\t\t\t<\/div>\n\t\t\t\t<section class=\"elementor-section elementor-inner-section elementor-element elementor-element-5a9e791 elementor-section-boxed elementor-section-height-default elementor-section-height-default\" data-id=\"5a9e791\" data-element_type=\"section\">\n\t\t\t\t\t\t<div class=\"elementor-container elementor-column-gap-default\">\n\t\t\t\t\t<div class=\"elementor-column elementor-col-50 elementor-inner-column elementor-element elementor-element-beacdfd\" data-id=\"beacdfd\" data-element_type=\"column\">\n\t\t\t<div class=\"elementor-widget-wrap elementor-element-populated\">\n\t\t\t\t\t\t<div class=\"elementor-element elementor-element-0cc1620 elementor-widget elementor-widget-image\" data-id=\"0cc1620\" data-element_type=\"widget\" data-widget_type=\"image.default\">\n\t\t\t\t<div class=\"elementor-widget-container\">\n\t\t\t\t\t\t\t\t\t\t\t\t<figure class=\"wp-caption\">\n\t\t\t\t\t\t\t\t\t\t<img fetchpriority=\"high\" decoding=\"async\" width=\"721\" height=\"1024\" src=\"https:\/\/richeskarayib.com\/wp-content\/uploads\/2025\/04\/WhatsApp-Image-2025-03-28-at-02.47.46-721x1024.jpeg\" class=\"attachment-large size-large wp-image-47989\" alt=\"Paris Noir\" srcset=\"https:\/\/richeskarayib.com\/wp-content\/uploads\/2025\/04\/WhatsApp-Image-2025-03-28-at-02.47.46-721x1024.jpeg 721w, https:\/\/richeskarayib.com\/wp-content\/uploads\/2025\/04\/WhatsApp-Image-2025-03-28-at-02.47.46-211x300.jpeg 211w, https:\/\/richeskarayib.com\/wp-content\/uploads\/2025\/04\/WhatsApp-Image-2025-03-28-at-02.47.46-768x1091.jpeg 768w, https:\/\/richeskarayib.com\/wp-content\/uploads\/2025\/04\/WhatsApp-Image-2025-03-28-at-02.47.46-1081x1536.jpeg 1081w, https:\/\/richeskarayib.com\/wp-content\/uploads\/2025\/04\/WhatsApp-Image-2025-03-28-at-02.47.46.jpeg 1122w\" sizes=\"(max-width: 721px) 100vw, 721px\" \/>\t\t\t\t\t\t\t\t\t\t\t<figcaption class=\"widget-image-caption wp-caption-text\">Gerard Sekoto, \u00ab Self-portrait \u00bb, 1947 - The Kilbourn Collection - \u00a9 Estate of Gerard Sekoto\/Adagp, Paris, 2025 - Photo \u00a9 Jacopo Salvi<\/figcaption>\n\t\t\t\t\t\t\t\t\t\t<\/figure>\n\t\t\t\t\t\t\t\t\t<\/div>\n\t\t\t\t<\/div>\n\t\t\t\t\t<\/div>\n\t\t<\/div>\n\t\t\t\t<div class=\"elementor-column elementor-col-50 elementor-inner-column elementor-element elementor-element-fe9dbb3\" data-id=\"fe9dbb3\" data-element_type=\"column\">\n\t\t\t<div class=\"elementor-widget-wrap elementor-element-populated\">\n\t\t\t\t\t\t<div class=\"elementor-element elementor-element-dfdef54 elementor-widget elementor-widget-image\" data-id=\"dfdef54\" data-element_type=\"widget\" data-widget_type=\"image.default\">\n\t\t\t\t<div class=\"elementor-widget-container\">\n\t\t\t\t\t\t\t\t\t\t\t\t<figure class=\"wp-caption\">\n\t\t\t\t\t\t\t\t\t\t<img decoding=\"async\" width=\"782\" height=\"1024\" src=\"https:\/\/richeskarayib.com\/wp-content\/uploads\/2025\/04\/486710306_1067088235460498_2136539767722122627_n-782x1024.jpg\" class=\"attachment-large size-large wp-image-47993\" alt=\"Paris Noir\" srcset=\"https:\/\/richeskarayib.com\/wp-content\/uploads\/2025\/04\/486710306_1067088235460498_2136539767722122627_n-782x1024.jpg 782w, https:\/\/richeskarayib.com\/wp-content\/uploads\/2025\/04\/486710306_1067088235460498_2136539767722122627_n-229x300.jpg 229w, https:\/\/richeskarayib.com\/wp-content\/uploads\/2025\/04\/486710306_1067088235460498_2136539767722122627_n-768x1006.jpg 768w, https:\/\/richeskarayib.com\/wp-content\/uploads\/2025\/04\/486710306_1067088235460498_2136539767722122627_n.jpg 1080w\" sizes=\"(max-width: 782px) 100vw, 782px\" \/>\t\t\t\t\t\t\t\t\t\t\t<figcaption class=\"widget-image-caption wp-caption-text\">Estate of Beauford Delaney, by permission of Derek L. Spratley, Esquire, Court Appointed Administrator, Courtesy of Michael Rosenfeld Gallery LLC, New York<\/figcaption>\n\t\t\t\t\t\t\t\t\t\t<\/figure>\n\t\t\t\t\t\t\t\t\t<\/div>\n\t\t\t\t<\/div>\n\t\t\t\t\t<\/div>\n\t\t<\/div>\n\t\t\t\t\t<\/div>\n\t\t<\/section>\n\t\t\t\t\t<\/div>\n\t\t<\/div>\n\t\t\t\t\t<\/div>\n\t\t<\/section>\n\t\t\t\t<section class=\"elementor-section elementor-top-section elementor-element elementor-element-08d8b7f elementor-section-boxed elementor-section-height-default elementor-section-height-default\" data-id=\"08d8b7f\" data-element_type=\"section\">\n\t\t\t\t\t\t<div class=\"elementor-container elementor-column-gap-default\">\n\t\t\t\t\t<div class=\"elementor-column elementor-col-100 elementor-top-column elementor-element elementor-element-5859f36\" data-id=\"5859f36\" data-element_type=\"column\">\n\t\t\t<div class=\"elementor-widget-wrap elementor-element-populated\">\n\t\t\t\t\t\t<div class=\"elementor-element elementor-element-3028ecc elementor-widget elementor-widget-heading\" data-id=\"3028ecc\" data-element_type=\"widget\" data-widget_type=\"heading.default\">\n\t\t\t\t<div class=\"elementor-widget-container\">\n\t\t\t\t\t<h2 class=\"elementor-heading-title elementor-size-default\">Del anticolonialismo a la afirmaci\u00f3n art\u00edstica\n<\/h2>\t\t\t\t<\/div>\n\t\t\t\t<\/div>\n\t\t\t\t<div class=\"elementor-element elementor-element-b4bbfbb elementor-widget elementor-widget-text-editor\" data-id=\"b4bbfbb\" data-element_type=\"widget\" data-widget_type=\"text-editor.default\">\n\t\t\t\t<div class=\"elementor-widget-container\">\n\t\t\t\t\t\t\t\t\t<p><span style=\"font-weight: 400;\">El t\u00edtulo <\/span><i><span style=\"font-weight: 400;\">Par\u00eds Negro<\/span><\/i><span style=\"font-weight: 400;\">  revela una dimensi\u00f3n pol\u00edtica central. La exposici\u00f3n sit\u00faa las obras en el contexto de las luchas anticoloniales y poscoloniales. De la revista    <\/span><i><span style=\"font-weight: 400;\">presencia africana<\/span><\/i><span style=\"font-weight: 400;\"> a la <\/span><i><span style=\"font-weight: 400;\">Revue Noire<\/span><\/i><span style=\"font-weight: 400;\">muestra c\u00f3mo estas publicaciones han contribuido al reconocimiento de los artistas afrodescendientes.<\/span><\/p>\n<p>\n            <span style=\"font-weight: 400;\">Los archivos, fotograf\u00edas y pel\u00edculas expuestos ilustran c\u00f3mo se ha utilizado el arte como medio de expresi\u00f3n en sociedades marcadas por legados coloniales.<\/span>\n          <\/p>\n\t\t\t\t\t\t\t\t<\/div>\n\t\t\t\t<\/div>\n\t\t\t\t\t<\/div>\n\t\t<\/div>\n\t\t\t\t\t<\/div>\n\t\t<\/section>\n\t\t\t\t<section class=\"elementor-section elementor-top-section elementor-element elementor-element-8d568e7 elementor-section-boxed elementor-section-height-default elementor-section-height-default\" data-id=\"8d568e7\" data-element_type=\"section\">\n\t\t\t\t\t\t<div class=\"elementor-container elementor-column-gap-default\">\n\t\t\t\t\t<div class=\"elementor-column elementor-col-100 elementor-top-column elementor-element elementor-element-816b9df\" data-id=\"816b9df\" data-element_type=\"column\">\n\t\t\t<div class=\"elementor-widget-wrap elementor-element-populated\">\n\t\t\t\t\t\t<div class=\"elementor-element elementor-element-0fc3d20 elementor-widget elementor-widget-heading\" data-id=\"0fc3d20\" data-element_type=\"widget\" data-widget_type=\"heading.default\">\n\t\t\t\t<div class=\"elementor-widget-container\">\n\t\t\t\t\t<h2 class=\"elementor-heading-title elementor-size-default\">Diversidad creativa excepcional<\/h2>\t\t\t\t<\/div>\n\t\t\t\t<\/div>\n\t\t\t\t<div class=\"elementor-element elementor-element-6e1eebc elementor-widget elementor-widget-text-editor\" data-id=\"6e1eebc\" data-element_type=\"widget\" data-widget_type=\"text-editor.default\">\n\t\t\t\t<div class=\"elementor-widget-container\">\n\t\t\t\t\t\t\t\t\t<p>\n            <span style=\"font-weight: 400;\">La exposici\u00f3n destaca figuras emblem\u00e1ticas como Wifredo Lam y <a href=\"https:\/\/richeskarayib.com\/es\/guayana-francesa-roseman-robinot-y-el-gran-libro-de-la-paciencia-una-obra-emblematica-en-la-historia-del-arte-contemporaneo\/\" target=\"_blank\" rel=\"noopener\">Roseman Robinot<\/a>, as\u00ed como artistas menos conocidos como Christian Lattier y Guido Llinas. Revela caminos e influencias a\u00fan poco explorados en Francia. <\/span>\n          <\/p>\n\t\t\t\t\t\t\t\t<\/div>\n\t\t\t\t<\/div>\n\t\t\t\t<div class=\"elementor-element elementor-element-6c429d1 elementor-widget elementor-widget-text-editor\" data-id=\"6c429d1\" data-element_type=\"widget\" data-widget_type=\"text-editor.default\">\n\t\t\t\t<div class=\"elementor-widget-container\">\n\t\t\t\t\t\t\t\t\t<p><span style=\"font-weight: 400;\">La mayor\u00eda de las obras expuestas nunca antes se hab\u00edan exhibido en el pa\u00eds. Procedentes de colecciones p\u00fablicas y privadas, se han reunido gracias a una profunda investigaci\u00f3n.   <\/span><i><span style=\"font-weight: 400;\">Par\u00eds Noir<\/span><\/i><span style=\"font-weight: 400;\"> ofrece una nueva mirada a las aportaciones de los artistas afrodescendientes al arte moderno.<\/span><\/p>\n\t\t\t\t\t\t\t\t<\/div>\n\t\t\t\t<\/div>\n\t\t\t\t<section class=\"elementor-section elementor-inner-section elementor-element elementor-element-e91dd9f elementor-section-boxed elementor-section-height-default elementor-section-height-default\" data-id=\"e91dd9f\" data-element_type=\"section\">\n\t\t\t\t\t\t<div class=\"elementor-container elementor-column-gap-default\">\n\t\t\t\t\t<div class=\"elementor-column elementor-col-50 elementor-inner-column elementor-element elementor-element-f123fb1\" data-id=\"f123fb1\" data-element_type=\"column\">\n\t\t\t<div class=\"elementor-widget-wrap elementor-element-populated\">\n\t\t\t\t\t\t<div class=\"elementor-element elementor-element-f49ead3 elementor-widget elementor-widget-image\" data-id=\"f49ead3\" data-element_type=\"widget\" data-widget_type=\"image.default\">\n\t\t\t\t<div class=\"elementor-widget-container\">\n\t\t\t\t\t\t\t\t\t\t\t\t<figure class=\"wp-caption\">\n\t\t\t\t\t\t\t\t\t\t<img decoding=\"async\" width=\"456\" height=\"490\" src=\"https:\/\/richeskarayib.com\/wp-content\/uploads\/2025\/04\/LAm.jpg\" class=\"attachment-large size-large wp-image-47997\" alt=\"Paris Noir\" srcset=\"https:\/\/richeskarayib.com\/wp-content\/uploads\/2025\/04\/LAm.jpg 456w, https:\/\/richeskarayib.com\/wp-content\/uploads\/2025\/04\/LAm-279x300.jpg 279w\" sizes=\"(max-width: 456px) 100vw, 456px\" \/>\t\t\t\t\t\t\t\t\t\t\t<figcaption class=\"widget-image-caption wp-caption-text\">\u00a9 SDO Wifredo LAM-DR, Adagp<\/figcaption>\n\t\t\t\t\t\t\t\t\t\t<\/figure>\n\t\t\t\t\t\t\t\t\t<\/div>\n\t\t\t\t<\/div>\n\t\t\t\t\t<\/div>\n\t\t<\/div>\n\t\t\t\t<div class=\"elementor-column elementor-col-50 elementor-inner-column elementor-element elementor-element-4cf251e\" data-id=\"4cf251e\" data-element_type=\"column\">\n\t\t\t<div class=\"elementor-widget-wrap elementor-element-populated\">\n\t\t\t\t\t\t<div class=\"elementor-element elementor-element-dbb1f7a elementor-widget elementor-widget-image\" data-id=\"dbb1f7a\" data-element_type=\"widget\" data-widget_type=\"image.default\">\n\t\t\t\t<div class=\"elementor-widget-container\">\n\t\t\t\t\t\t\t\t\t\t\t\t<figure class=\"wp-caption\">\n\t\t\t\t\t\t\t\t\t\t<img loading=\"lazy\" decoding=\"async\" width=\"800\" height=\"600\" src=\"https:\/\/richeskarayib.com\/wp-content\/uploads\/2025\/04\/3-1024x768.jpeg\" class=\"attachment-large size-large wp-image-47976\" alt=\"Roseman Robinot\" srcset=\"https:\/\/richeskarayib.com\/wp-content\/uploads\/2025\/04\/3-1024x768.jpeg 1024w, https:\/\/richeskarayib.com\/wp-content\/uploads\/2025\/04\/3-300x225.jpeg 300w, https:\/\/richeskarayib.com\/wp-content\/uploads\/2025\/04\/3-768x576.jpeg 768w, https:\/\/richeskarayib.com\/wp-content\/uploads\/2025\/04\/3-1536x1152.jpeg 1536w, https:\/\/richeskarayib.com\/wp-content\/uploads\/2025\/04\/3-1320x990.jpeg 1320w, https:\/\/richeskarayib.com\/wp-content\/uploads\/2025\/04\/3.jpeg 1600w\" sizes=\"(max-width: 800px) 100vw, 800px\" \/>\t\t\t\t\t\t\t\t\t\t\t<figcaption class=\"widget-image-caption wp-caption-text\">Le Grand Livre de la Patience<\/figcaption>\n\t\t\t\t\t\t\t\t\t\t<\/figure>\n\t\t\t\t\t\t\t\t\t<\/div>\n\t\t\t\t<\/div>\n\t\t\t\t\t<\/div>\n\t\t<\/div>\n\t\t\t\t\t<\/div>\n\t\t<\/section>\n\t\t\t\t\t<\/div>\n\t\t<\/div>\n\t\t\t\t\t<\/div>\n\t\t<\/section>\n\t\t\t\t<section class=\"elementor-section elementor-top-section elementor-element elementor-element-71c01f9 elementor-section-boxed elementor-section-height-default elementor-section-height-default\" data-id=\"71c01f9\" data-element_type=\"section\">\n\t\t\t\t\t\t<div class=\"elementor-container elementor-column-gap-default\">\n\t\t\t\t\t<div class=\"elementor-column elementor-col-100 elementor-top-column elementor-element elementor-element-1b310ac\" data-id=\"1b310ac\" data-element_type=\"column\">\n\t\t\t<div class=\"elementor-widget-wrap elementor-element-populated\">\n\t\t\t\t\t\t<div class=\"elementor-element elementor-element-8bdc154 elementor-widget elementor-widget-heading\" data-id=\"8bdc154\" data-element_type=\"widget\" data-widget_type=\"heading.default\">\n\t\t\t\t<div class=\"elementor-widget-container\">\n\t\t\t\t\t<h2 class=\"elementor-heading-title elementor-size-default\">Una escenograf\u00eda al servicio de la memoria<\/h2>\t\t\t\t<\/div>\n\t\t\t\t<\/div>\n\t\t\t\t<div class=\"elementor-element elementor-element-b67dd45 elementor-widget elementor-widget-text-editor\" data-id=\"b67dd45\" data-element_type=\"widget\" data-widget_type=\"text-editor.default\">\n\t\t\t\t<div class=\"elementor-widget-container\">\n\t\t\t\t\t\t\t\t\t<p>\n            <span style=\"font-weight: 400;\">La exposici\u00f3n gira en torno a una instalaci\u00f3n central que representa el Atl\u00e1ntico Negro y evoca los movimientos e interacciones culturales transatl\u00e1nticos. Este espacio pone en perspectiva el modo en que Par\u00eds se ha convertido en un lugar de convergencia para estos artistas. <\/span>\n          <\/p>\n<p>\n            <span style=\"font-weight: 400;\">Instalaciones contempor\u00e1neas de Val\u00e9rie John, Nathalie Leroy Fi\u00e9vee, Jay Ramier y Shuck One realzan el recorrido, reflejando los temas tratados.<\/span>\n          <\/p>\n\t\t\t\t\t\t\t\t<\/div>\n\t\t\t\t<\/div>\n\t\t\t\t\t<\/div>\n\t\t<\/div>\n\t\t\t\t\t<\/div>\n\t\t<\/section>\n\t\t\t\t<section class=\"elementor-section elementor-top-section elementor-element elementor-element-7b57b8f elementor-section-boxed elementor-section-height-default elementor-section-height-default\" data-id=\"7b57b8f\" data-element_type=\"section\">\n\t\t\t\t\t\t<div class=\"elementor-container elementor-column-gap-default\">\n\t\t\t\t\t<div class=\"elementor-column elementor-col-100 elementor-top-column elementor-element elementor-element-39782f2\" data-id=\"39782f2\" data-element_type=\"column\">\n\t\t\t<div class=\"elementor-widget-wrap elementor-element-populated\">\n\t\t\t\t\t\t<div class=\"elementor-element elementor-element-3c4ebc8 elementor-widget elementor-widget-heading\" data-id=\"3c4ebc8\" data-element_type=\"widget\" data-widget_type=\"heading.default\">\n\t\t\t\t<div class=\"elementor-widget-container\">\n\t\t\t\t\t<h2 class=\"elementor-heading-title elementor-size-default\">Una base parisina<\/h2>\t\t\t\t<\/div>\n\t\t\t\t<\/div>\n\t\t\t\t<div class=\"elementor-element elementor-element-9506492 elementor-widget elementor-widget-text-editor\" data-id=\"9506492\" data-element_type=\"widget\" data-widget_type=\"text-editor.default\">\n\t\t\t\t<div class=\"elementor-widget-container\">\n\t\t\t\t\t\t\t\t\t<p>\n            <span style=\"font-weight: 400;\">La exposici\u00f3n presenta un nuevo mapa de Par\u00eds, destacando los lugares donde naci\u00f3 esta efervescencia art\u00edstica. Montparnasse, Saint-Germain-des-Pr\u00e9s y la Goutte d&#8217;Or son zonas de creaci\u00f3n e interacci\u00f3n. <\/span>\n          <\/p>\n\t\t\t\t\t\t\t\t<\/div>\n\t\t\t\t<\/div>\n\t\t\t\t\t<\/div>\n\t\t<\/div>\n\t\t\t\t\t<\/div>\n\t\t<\/section>\n\t\t\t\t<section class=\"elementor-section elementor-top-section elementor-element elementor-element-074c7cc elementor-section-boxed elementor-section-height-default elementor-section-height-default\" data-id=\"074c7cc\" data-element_type=\"section\">\n\t\t\t\t\t\t<div class=\"elementor-container elementor-column-gap-default\">\n\t\t\t\t\t<div class=\"elementor-column elementor-col-100 elementor-top-column elementor-element elementor-element-11ca52f\" data-id=\"11ca52f\" data-element_type=\"column\">\n\t\t\t<div class=\"elementor-widget-wrap elementor-element-populated\">\n\t\t\t\t\t\t<div class=\"elementor-element elementor-element-268c752 elementor-widget elementor-widget-heading\" data-id=\"268c752\" data-element_type=\"widget\" data-widget_type=\"heading.default\">\n\t\t\t\t<div class=\"elementor-widget-container\">\n\t\t\t\t\t<h2 class=\"elementor-heading-title elementor-size-default\">Un impacto hist\u00f3rico y cultural<\/h2>\t\t\t\t<\/div>\n\t\t\t\t<\/div>\n\t\t\t\t<div class=\"elementor-element elementor-element-a0e814e elementor-widget elementor-widget-text-editor\" data-id=\"a0e814e\" data-element_type=\"widget\" data-widget_type=\"text-editor.default\">\n\t\t\t\t<div class=\"elementor-widget-container\">\n\t\t\t\t\t\t\t\t\t<p>\n            <i><br \/>\n              <span style=\"font-weight: 400;\">Par\u00eds Negro<\/span><br \/>\n            <\/i><br \/>\n            <span style=\"font-weight: 400;\">  destaca el papel de la capital francesa como laboratorio panafricano de expresi\u00f3n art\u00edstica. Instituciones como la Escuela de Bellas Artes contribuyeron al reconocimiento de artistas africanos, americanos y caribe\u00f1os, que participaron en la redefinici\u00f3n del modernismo y el posmodernismo. <\/span>\n          <\/p>\n<p>\n            <span style=\"font-weight: 400;\">La exposici\u00f3n se centra en el arte como forma de resistencia a las realidades poscoloniales. Presenta obras comprometidas que dan testimonio de las luchas por la independencia y contra la discriminaci\u00f3n racial. <\/span>\n          <\/p>\n\t\t\t\t\t\t\t\t<\/div>\n\t\t\t\t<\/div>\n\t\t\t\t\t<\/div>\n\t\t<\/div>\n\t\t\t\t\t<\/div>\n\t\t<\/section>\n\t\t\t\t<section class=\"elementor-section elementor-top-section elementor-element elementor-element-bc133b7 elementor-section-boxed elementor-section-height-default elementor-section-height-default\" data-id=\"bc133b7\" data-element_type=\"section\">\n\t\t\t\t\t\t<div class=\"elementor-container elementor-column-gap-default\">\n\t\t\t\t\t<div class=\"elementor-column elementor-col-100 elementor-top-column elementor-element elementor-element-147f0b9\" data-id=\"147f0b9\" data-element_type=\"column\">\n\t\t\t<div class=\"elementor-widget-wrap elementor-element-populated\">\n\t\t\t\t\t\t<div class=\"elementor-element elementor-element-b9f9ea1 elementor-widget elementor-widget-heading\" data-id=\"b9f9ea1\" data-element_type=\"widget\" data-widget_type=\"heading.default\">\n\t\t\t\t<div class=\"elementor-widget-container\">\n\t\t\t\t\t<h2 class=\"elementor-heading-title elementor-size-default\">Un acontecimiento en todo Par\u00eds\n<\/h2>\t\t\t\t<\/div>\n\t\t\t\t<\/div>\n\t\t\t\t<div class=\"elementor-element elementor-element-e8356ba elementor-widget elementor-widget-text-editor\" data-id=\"e8356ba\" data-element_type=\"widget\" data-widget_type=\"text-editor.default\">\n\t\t\t\t<div class=\"elementor-widget-container\">\n\t\t\t\t\t\t\t\t\t<p><span style=\"font-weight: 400;\">Varias galer\u00edas parisinas ofrecer\u00e1n exposiciones en relaci\u00f3n con <\/span><i><span style=\"font-weight: 400;\">Par\u00eds Negro<\/span><\/i><span style=\"font-weight: 400;\">. Entre ellas, la Galerie Cl\u00e9mentine de la F\u00e9ronni\u00e8re presentar\u00e1 obras de George Hallett, William Melvin Kelley y James Barnor del 19 de marzo al 17 de mayo de 2025. La Galerie Hauser &amp; Wirth expondr\u00e1 collages de Frank Bowling hasta el 25 de mayo.  <\/span><\/p>\n<p>\n            <span style=\"font-weight: 400;\">El cine L&#8217;Archipel, la Maison Europ\u00e9enne de la Photographie y otras instituciones organizar\u00e1n proyecciones de pel\u00edculas y encuentros con historiadores y cr\u00edticos de arte.<\/span>\n          <\/p>\n\t\t\t\t\t\t\t\t<\/div>\n\t\t\t\t<\/div>\n\t\t\t\t\t<\/div>\n\t\t<\/div>\n\t\t\t\t\t<\/div>\n\t\t<\/section>\n\t\t\t\t<section class=\"elementor-section elementor-top-section elementor-element elementor-element-981bba2 elementor-section-boxed elementor-section-height-default elementor-section-height-default\" data-id=\"981bba2\" data-element_type=\"section\">\n\t\t\t\t\t\t<div class=\"elementor-container elementor-column-gap-default\">\n\t\t\t\t\t<div class=\"elementor-column elementor-col-100 elementor-top-column elementor-element elementor-element-15334a4\" data-id=\"15334a4\" data-element_type=\"column\">\n\t\t\t<div class=\"elementor-widget-wrap elementor-element-populated\">\n\t\t\t\t\t\t<div class=\"elementor-element elementor-element-a9f38e4 elementor-widget elementor-widget-heading\" data-id=\"a9f38e4\" data-element_type=\"widget\" data-widget_type=\"heading.default\">\n\t\t\t\t<div class=\"elementor-widget-container\">\n\t\t\t\t\t<h2 class=\"elementor-heading-title elementor-size-default\">Informaci\u00f3n pr\u00e1ctica<\/h2>\t\t\t\t<\/div>\n\t\t\t\t<\/div>\n\t\t\t\t<div class=\"elementor-element elementor-element-7a13f0f elementor-widget elementor-widget-text-editor\" data-id=\"7a13f0f\" data-element_type=\"widget\" data-widget_type=\"text-editor.default\">\n\t\t\t\t<div class=\"elementor-widget-container\">\n\t\t\t\t\t\t\t\t\t<p><span style=\"font-weight: 400;\">La exposici\u00f3n <\/span><i><span style=\"font-weight: 400;\">Par\u00eds Negro<\/span><\/i><span style=\"font-weight: 400;\">  tendr\u00e1 lugar en el Centro Pompidou del 19 de marzo al 30 de junio de 2025, de 11.00 a 21.00 horas, excepto los martes y el 1 de mayo. Las entradas est\u00e1n disponibles en l\u00ednea o in situ, con tarifas reducidas para determinados sectores del p\u00fablico. Tambi\u00e9n hay disponibles visitas guiadas y audiogu\u00edas.  <\/span><\/p>\n\t\t\t\t\t\t\t\t<\/div>\n\t\t\t\t<\/div>\n\t\t\t\t\t<\/div>\n\t\t<\/div>\n\t\t\t\t\t<\/div>\n\t\t<\/section>\n\t\t\t\t<\/div>\n\t\t","protected":false},"excerpt":{"rendered":"<p>La exposici\u00f3n Par\u00eds Negro est\u00e1 llamado a ser un acontecimiento cultural de primer orden en 2025. Del 19 de marzo al 30 de junio, el Centro Pompidou pone de relieve un aspecto de la historia art\u00edstica que a menudo se pasa por alto: la influencia de los artistas afrodescendientes en Par\u00eds entre 1950 y 2000. [&hellip;]<\/p>\n","protected":false},"author":662,"featured_media":47989,"comment_status":"open","ping_status":"open","sticky":false,"template":"","format":"standard","meta":{"_acf_changed":false,"footnotes":""},"categories":[809],"tags":[1442,1691,1674,1593,1451,1547,816,1678,1519],"class_list":["post-47999","post","type-post","status-publish","format-standard","has-post-thumbnail","hentry","category-artes-visuales","tag-anguilla-es","tag-antigua-y-barbuda","tag-bahamas-es","tag-barbade-es","tag-dominica","tag-guadalupe","tag-martinique-es","tag-santa-lucia-es-3","tag-trinidad-y-tobago"],"acf":[],"_links":{"self":[{"href":"https:\/\/richeskarayib.com\/es\/wp-json\/wp\/v2\/posts\/47999","targetHints":{"allow":["GET"]}}],"collection":[{"href":"https:\/\/richeskarayib.com\/es\/wp-json\/wp\/v2\/posts"}],"about":[{"href":"https:\/\/richeskarayib.com\/es\/wp-json\/wp\/v2\/types\/post"}],"author":[{"embeddable":true,"href":"https:\/\/richeskarayib.com\/es\/wp-json\/wp\/v2\/users\/662"}],"replies":[{"embeddable":true,"href":"https:\/\/richeskarayib.com\/es\/wp-json\/wp\/v2\/comments?post=47999"}],"version-history":[{"count":0,"href":"https:\/\/richeskarayib.com\/es\/wp-json\/wp\/v2\/posts\/47999\/revisions"}],"wp:featuredmedia":[{"embeddable":true,"href":"https:\/\/richeskarayib.com\/es\/wp-json\/wp\/v2\/media\/47989"}],"wp:attachment":[{"href":"https:\/\/richeskarayib.com\/es\/wp-json\/wp\/v2\/media?parent=47999"}],"wp:term":[{"taxonomy":"category","embeddable":true,"href":"https:\/\/richeskarayib.com\/es\/wp-json\/wp\/v2\/categories?post=47999"},{"taxonomy":"post_tag","embeddable":true,"href":"https:\/\/richeskarayib.com\/es\/wp-json\/wp\/v2\/tags?post=47999"}],"curies":[{"name":"wp","href":"https:\/\/api.w.org\/{rel}","templated":true}]}}