{"id":48029,"date":"2025-04-02T10:45:15","date_gmt":"2025-04-02T14:45:15","guid":{"rendered":"https:\/\/richeskarayib.com\/mycompiledthoughts-el-soul-haitiano-se-une-al-rb-cinematografico-en-el-proximo-ep-de-kouri\/"},"modified":"2025-04-02T10:45:15","modified_gmt":"2025-04-02T14:45:15","slug":"mycompiledthoughts-el-soul-haitiano-se-une-al-rb-cinematografico-en-el-proximo-ep-de-kouri","status":"publish","type":"post","link":"https:\/\/richeskarayib.com\/es\/mycompiledthoughts-el-soul-haitiano-se-une-al-rb-cinematografico-en-el-proximo-ep-de-kouri\/","title":{"rendered":"MyCompiledThoughts: El soul haitiano se une al R&amp;B cinematogr\u00e1fico en el pr\u00f3ximo EP de Kouri"},"content":{"rendered":"\t\t<div data-elementor-type=\"wp-post\" data-elementor-id=\"48029\" class=\"elementor elementor-48029 elementor-48011\" data-elementor-post-type=\"post\">\n\t\t\t\t\t\t<section class=\"elementor-section elementor-top-section elementor-element elementor-element-0776f58 elementor-section-boxed elementor-section-height-default elementor-section-height-default\" data-id=\"0776f58\" data-element_type=\"section\">\n\t\t\t\t\t\t<div class=\"elementor-container elementor-column-gap-default\">\n\t\t\t\t\t<div class=\"elementor-column elementor-col-100 elementor-top-column elementor-element elementor-element-1b3db7e\" data-id=\"1b3db7e\" data-element_type=\"column\">\n\t\t\t<div class=\"elementor-widget-wrap elementor-element-populated\">\n\t\t\t\t\t\t<div class=\"elementor-element elementor-element-c3960f6 elementor-widget elementor-widget-text-editor\" data-id=\"c3960f6\" data-element_type=\"widget\" data-widget_type=\"text-editor.default\">\n\t\t\t\t<div class=\"elementor-widget-container\">\n\t\t\t\t\t\t\t\t\t<p><span style=\"font-weight: 400;\">El soul <a href=\"https:\/\/richeskarayib.com\/es\/sherlyne-volel-sleen\/\" target=\"_blank\" rel=\"noopener\">haitiano<\/a> se encuentra con el R&amp;B cinematogr\u00e1fico en el pr\u00f3ximo EP Kouri del artista <a href=\"https:\/\/www.instagram.com\/mycompiledthoughts\/\" target=\"_blank\" rel=\"noopener nofollow\">MyCompiledThoughts<\/a>, que saldr\u00e1 a la venta el 10 de abril de 2025. Este proyecto musical plantea una pregunta fundamental a sus oyentes: &#8220;\u00bfDe qu\u00e9 huyes?&#8221;. Derivada de la palabra criolla que significa &#8220;huir&#8221;, Kouri capta la esencia del estilo distintivo de MyCompiledThoughts, que combina la narraci\u00f3n po\u00e9tica con una producci\u00f3n inquietante.  <\/span><\/p>\t\t\t\t\t\t\t\t<\/div>\n\t\t\t\t<\/div>\n\t\t\t\t<div class=\"elementor-element elementor-element-458c05d elementor-widget elementor-widget-text-editor\" data-id=\"458c05d\" data-element_type=\"widget\" data-widget_type=\"text-editor.default\">\n\t\t\t\t<div class=\"elementor-widget-container\">\n\t\t\t\t\t\t\t\t\t<p><span style=\"font-weight: 400;\">El EP afirma con confianza que el vud\u00fa, a menudo mal entendido, es una parte poderosa e integral de la cultura haitiana. Con su primer single, &#8220;Chasing&#8221;, que ya ha conseguido m\u00e1s de 100.000 visitas en una semana, y comparaciones con artistas rompedores como Frank Ocean y The Weeknd, Kouri promete ser una experiencia musical \u00fanica en la que la intimidad y la cinematograf\u00eda se unen para consolidar a MyCompiledThoughts como una estrella emergente en la escena musical. <\/span><\/p>\t\t\t\t\t\t\t\t<\/div>\n\t\t\t\t<\/div>\n\t\t\t\t\t<\/div>\n\t\t<\/div>\n\t\t\t\t\t<\/div>\n\t\t<\/section>\n\t\t\t\t<section class=\"elementor-section elementor-top-section elementor-element elementor-element-1e52063 elementor-section-boxed elementor-section-height-default elementor-section-height-default\" data-id=\"1e52063\" data-element_type=\"section\">\n\t\t\t\t\t\t<div class=\"elementor-container elementor-column-gap-default\">\n\t\t\t\t\t<div class=\"elementor-column elementor-col-100 elementor-top-column elementor-element elementor-element-2465457\" data-id=\"2465457\" data-element_type=\"column\">\n\t\t\t<div class=\"elementor-widget-wrap elementor-element-populated\">\n\t\t\t\t\t\t<div class=\"elementor-element elementor-element-2745f7f elementor-widget elementor-widget-heading\" data-id=\"2745f7f\" data-element_type=\"widget\" data-widget_type=\"heading.default\">\n\t\t\t\t<div class=\"elementor-widget-container\">\n\t\t\t\t\t<h2 class=\"elementor-heading-title elementor-size-default\">MyCompiledThoughts: retrato de un artista con ra\u00edces haitianas<\/h2>\t\t\t\t<\/div>\n\t\t\t\t<\/div>\n\t\t\t\t<div class=\"elementor-element elementor-element-61ff885 elementor-widget elementor-widget-text-editor\" data-id=\"61ff885\" data-element_type=\"widget\" data-widget_type=\"text-editor.default\">\n\t\t\t\t<div class=\"elementor-widget-container\">\n\t\t\t\t\t\t\t\t\t<h4><b>De Boston a la escena internacional del R&amp;B<\/b><\/h4>\n<p><span style=\"font-weight: 400;\">Nacido Carlheb Cemesca en Boston, <a href=\"https:\/\/sflcn.com\/haitian-soul-meets-cinematic-rb-on-upcoming-ep-kouri\/\" target=\"_blank\" rel=\"noopener nofollow\">MyCompiledThoughts<\/a> se ha consolidado como un creador vers\u00e1til que domina tanto la composici\u00f3n como la producci\u00f3n musical. Su trayectoria art\u00edstica est\u00e1 profundamente arraigada en su herencia haitiana, al tiempo que abraza los sonidos contempor\u00e1neos que definen el R&amp;B moderno. El artista ha tejido v\u00ednculos armoniosos entre sus or\u00edgenes caribe\u00f1os y su formaci\u00f3n musical estadounidense, dando a su m\u00fasica una identidad fuerte y distintiva.  <\/span><\/p>\t\t\t\t\t\t\t\t<\/div>\n\t\t\t\t<\/div>\n\t\t\t\t<div class=\"elementor-element elementor-element-5c59911 elementor-widget elementor-widget-text-editor\" data-id=\"5c59911\" data-element_type=\"widget\" data-widget_type=\"text-editor.default\">\n\t\t\t\t<div class=\"elementor-widget-container\">\n\t\t\t\t\t\t\t\t\t<p><span style=\"font-weight: 400;\">En una ciudad como Boston, conocida por su vibrante escena musical, MyCompiledThoughts ha desarrollado una identidad sonora que la distingue inmediatamente. Su capacidad para fusionar ritmos tradicionales con una producci\u00f3n moderna y letras evocadoras les ha forjado un lugar \u00fanico en el panorama musical. Esta fusi\u00f3n no es simplemente est\u00e9tica, sino que representa la aut\u00e9ntica expresi\u00f3n de una doble identidad cultural vivida con orgullo.  <\/span><\/p>\t\t\t\t\t\t\t\t<\/div>\n\t\t\t\t<\/div>\n\t\t\t\t<div class=\"elementor-element elementor-element-4ac1d29 elementor-widget elementor-widget-text-editor\" data-id=\"4ac1d29\" data-element_type=\"widget\" data-widget_type=\"text-editor.default\">\n\t\t\t\t<div class=\"elementor-widget-container\">\n\t\t\t\t\t\t\t\t\t<h2><b>Una visi\u00f3n art\u00edstica \u00fanica y aut\u00e9ntica<\/b><\/h2>\n<p><span style=\"font-weight: 400;\">Lo que diferencia a MyCompiledThoughts es su capacidad para transformar las narrativas personales en experiencias universales. El soul haitiano se encuentra con el R&amp;B cinematogr\u00e1fico en el pr\u00f3ximo EP Kouri, a trav\u00e9s de una narrativa visual y sonora que trasciende las clasificaciones musicales tradicionales. Cada pista es como una escena de una pel\u00edcula mayor, con su tensi\u00f3n dram\u00e1tica, sus momentos de pura emoci\u00f3n y su profundidad tem\u00e1tica.  <\/span><\/p>\t\t\t\t\t\t\t\t<\/div>\n\t\t\t\t<\/div>\n\t\t\t\t<div class=\"elementor-element elementor-element-4ac7eda elementor-widget elementor-widget-text-editor\" data-id=\"4ac7eda\" data-element_type=\"widget\" data-widget_type=\"text-editor.default\">\n\t\t\t\t<div class=\"elementor-widget-container\">\n\t\t\t\t\t\t\t\t\t<p><span style=\"font-weight: 400;\">La visi\u00f3n de MyCompiledThoughts se basa en una autenticidad sin concesiones. Al incorporar elementos del Vod\u00fa haitiano a su m\u00fasica, no busca el exotismo f\u00e1cil, sino la rehabilitaci\u00f3n de una tradici\u00f3n espiritual a menudo estigmatizada. Este enfoque forma parte de un movimiento m\u00e1s amplio de reconexi\u00f3n cultural y afirmaci\u00f3n de la identidad que resuena especialmente bien entre su p\u00fablico, est\u00e9 o no familiarizado con la cultura haitiana.  <\/span><\/p>\t\t\t\t\t\t\t\t<\/div>\n\t\t\t\t<\/div>\n\t\t\t\t\t<\/div>\n\t\t<\/div>\n\t\t\t\t\t<\/div>\n\t\t<\/section>\n\t\t\t\t<section class=\"elementor-section elementor-top-section elementor-element elementor-element-a8efc3e elementor-section-boxed elementor-section-height-default elementor-section-height-default\" data-id=\"a8efc3e\" data-element_type=\"section\">\n\t\t\t\t\t\t<div class=\"elementor-container elementor-column-gap-default\">\n\t\t\t\t\t<div class=\"elementor-column elementor-col-100 elementor-top-column elementor-element elementor-element-b4ed07d\" data-id=\"b4ed07d\" data-element_type=\"column\">\n\t\t\t<div class=\"elementor-widget-wrap elementor-element-populated\">\n\t\t\t\t\t\t<div class=\"elementor-element elementor-element-cc7abba elementor-widget elementor-widget-heading\" data-id=\"cc7abba\" data-element_type=\"widget\" data-widget_type=\"heading.default\">\n\t\t\t\t<div class=\"elementor-widget-container\">\n\t\t\t\t\t<h2 class=\"elementor-heading-title elementor-size-default\">Kouri: Un viaje musical entre herencia y modernidad<\/h2>\t\t\t\t<\/div>\n\t\t\t\t<\/div>\n\t\t\t\t<div class=\"elementor-element elementor-element-13c2b0d elementor-widget elementor-widget-text-editor\" data-id=\"13c2b0d\" data-element_type=\"widget\" data-widget_type=\"text-editor.default\">\n\t\t\t\t<div class=\"elementor-widget-container\">\n\t\t\t\t\t\t\t\t\t<h2><b>El significado m\u00e1s profundo del t\u00edtulo &#8220;Kouri<\/b><\/h2>\n<p><span style=\"font-weight: 400;\">La elecci\u00f3n del t\u00edtulo &#8220;Kouri&#8221;, palabra criolla que significa &#8220;huir&#8221;, cristaliza el tema central que recorre el EP: \u00bfqu\u00e9 nos impulsa a huir, literal o metaf\u00f3ricamente? &#8220;Kouri yo di. Huye, dicen. Me dicen que &#8216;persigo&#8217;, yo les digo que corro. Se kouri map kouri&#8221;. Estas palabras del proyecto suenan como un manifiesto personal y art\u00edstico. La exploraci\u00f3n de lo que significa correr -huir de tus miedos, de tu pasado, de los juicios de los dem\u00e1s, o quiz\u00e1 de ti mismo- estructura las siete pistas, creando una notable coherencia narrativa. De &#8220;Chasing&#8221; a &#8220;Want Me&#8221;, cada pista aborda una faceta distinta de esta b\u00fasqueda o huida, seg\u00fan la perspectiva adoptada.    <\/span><\/p>\t\t\t\t\t\t\t\t<\/div>\n\t\t\t\t<\/div>\n\t\t\t\t<div class=\"elementor-element elementor-element-7adc008 elementor-widget elementor-widget-text-editor\" data-id=\"7adc008\" data-element_type=\"widget\" data-widget_type=\"text-editor.default\">\n\t\t\t\t<div class=\"elementor-widget-container\">\n\t\t\t\t\t\t\t\t\t<p><span style=\"font-weight: 400;\">MyCompiledThoughts transforma esta ansiedad existencial en una obra de arte cat\u00e1rtica y profundamente humana, en la que cada oyente puede redescubrir una parte de su propia experiencia. Esta pregunta, planteada desde las primeras notas del EP, act\u00faa como hilo conductor de todo el proyecto. Invita a la introspecci\u00f3n personal a la vez que sumerge al oyente en el universo psicol\u00f3gico del artista.  <\/span><\/p>\t\t\t\t\t\t\t\t<\/div>\n\t\t\t\t<\/div>\n\t\t\t\t<section class=\"elementor-section elementor-inner-section elementor-element elementor-element-bed7cfd elementor-section-boxed elementor-section-height-default elementor-section-height-default\" data-id=\"bed7cfd\" data-element_type=\"section\">\n\t\t\t\t\t\t<div class=\"elementor-container elementor-column-gap-default\">\n\t\t\t\t\t<div class=\"elementor-column elementor-col-50 elementor-inner-column elementor-element elementor-element-dad7a2c\" data-id=\"dad7a2c\" data-element_type=\"column\">\n\t\t\t<div class=\"elementor-widget-wrap elementor-element-populated\">\n\t\t\t\t\t\t<div class=\"elementor-element elementor-element-d2f1d5f elementor-widget elementor-widget-image\" data-id=\"d2f1d5f\" data-element_type=\"widget\" data-widget_type=\"image.default\">\n\t\t\t\t<div class=\"elementor-widget-container\">\n\t\t\t\t\t\t\t\t\t\t\t\t<figure class=\"wp-caption\">\n\t\t\t\t\t\t\t\t\t\t<img fetchpriority=\"high\" decoding=\"async\" width=\"800\" height=\"806\" src=\"https:\/\/richeskarayib.com\/wp-content\/uploads\/2025\/04\/467597752_18470126794024192_6326495450744359637_n-1017x1024.jpg\" class=\"attachment-large size-large wp-image-48019\" alt=\"MyCompiledThoughts\" srcset=\"https:\/\/richeskarayib.com\/wp-content\/uploads\/2025\/04\/467597752_18470126794024192_6326495450744359637_n-1017x1024.jpg 1017w, https:\/\/richeskarayib.com\/wp-content\/uploads\/2025\/04\/467597752_18470126794024192_6326495450744359637_n-298x300.jpg 298w, https:\/\/richeskarayib.com\/wp-content\/uploads\/2025\/04\/467597752_18470126794024192_6326495450744359637_n-150x150.jpg 150w, https:\/\/richeskarayib.com\/wp-content\/uploads\/2025\/04\/467597752_18470126794024192_6326495450744359637_n-768x774.jpg 768w, https:\/\/richeskarayib.com\/wp-content\/uploads\/2025\/04\/467597752_18470126794024192_6326495450744359637_n.jpg 1088w\" sizes=\"(max-width: 800px) 100vw, 800px\" \/>\t\t\t\t\t\t\t\t\t\t\t<figcaption class=\"widget-image-caption wp-caption-text\">MyCompiledThoughts<\/figcaption>\n\t\t\t\t\t\t\t\t\t\t<\/figure>\n\t\t\t\t\t\t\t\t\t<\/div>\n\t\t\t\t<\/div>\n\t\t\t\t\t<\/div>\n\t\t<\/div>\n\t\t\t\t<div class=\"elementor-column elementor-col-50 elementor-inner-column elementor-element elementor-element-d8dfb3c\" data-id=\"d8dfb3c\" data-element_type=\"column\">\n\t\t\t<div class=\"elementor-widget-wrap elementor-element-populated\">\n\t\t\t\t\t\t<div class=\"elementor-element elementor-element-e4ccd95 elementor-widget elementor-widget-image\" data-id=\"e4ccd95\" data-element_type=\"widget\" data-widget_type=\"image.default\">\n\t\t\t\t<div class=\"elementor-widget-container\">\n\t\t\t\t\t\t\t\t\t\t\t\t\t\t\t<img decoding=\"async\" width=\"800\" height=\"1000\" src=\"https:\/\/richeskarayib.com\/wp-content\/uploads\/2025\/04\/479187630_18486337750024192_2762185203726338853_n-819x1024.jpg\" class=\"attachment-large size-large wp-image-48023\" alt=\"MyCompiledThoughts\" srcset=\"https:\/\/richeskarayib.com\/wp-content\/uploads\/2025\/04\/479187630_18486337750024192_2762185203726338853_n-819x1024.jpg 819w, https:\/\/richeskarayib.com\/wp-content\/uploads\/2025\/04\/479187630_18486337750024192_2762185203726338853_n-240x300.jpg 240w, https:\/\/richeskarayib.com\/wp-content\/uploads\/2025\/04\/479187630_18486337750024192_2762185203726338853_n-768x960.jpg 768w, https:\/\/richeskarayib.com\/wp-content\/uploads\/2025\/04\/479187630_18486337750024192_2762185203726338853_n.jpg 1080w\" sizes=\"(max-width: 800px) 100vw, 800px\" \/>\t\t\t\t\t\t\t\t\t\t\t\t\t\t\t<\/div>\n\t\t\t\t<\/div>\n\t\t\t\t\t<\/div>\n\t\t<\/div>\n\t\t\t\t\t<\/div>\n\t\t<\/section>\n\t\t\t\t\t<\/div>\n\t\t<\/div>\n\t\t\t\t\t<\/div>\n\t\t<\/section>\n\t\t\t\t<section class=\"elementor-section elementor-top-section elementor-element elementor-element-08d8b7f elementor-section-boxed elementor-section-height-default elementor-section-height-default\" data-id=\"08d8b7f\" data-element_type=\"section\">\n\t\t\t\t\t\t<div class=\"elementor-container elementor-column-gap-default\">\n\t\t\t\t\t<div class=\"elementor-column elementor-col-100 elementor-top-column elementor-element elementor-element-5859f36\" data-id=\"5859f36\" data-element_type=\"column\">\n\t\t\t<div class=\"elementor-widget-wrap elementor-element-populated\">\n\t\t\t\t\t\t<div class=\"elementor-element elementor-element-3028ecc elementor-widget elementor-widget-heading\" data-id=\"3028ecc\" data-element_type=\"widget\" data-widget_type=\"heading.default\">\n\t\t\t\t<div class=\"elementor-widget-container\">\n\t\t\t\t\t<h2 class=\"elementor-heading-title elementor-size-default\">La huella del vud\u00fa haitiano en la obra de MyCompiledThoughts<\/h2>\t\t\t\t<\/div>\n\t\t\t\t<\/div>\n\t\t\t\t<div class=\"elementor-element elementor-element-b4bbfbb elementor-widget elementor-widget-text-editor\" data-id=\"b4bbfbb\" data-element_type=\"widget\" data-widget_type=\"text-editor.default\">\n\t\t\t\t<div class=\"elementor-widget-container\">\n\t\t\t\t\t\t\t\t\t<p><span style=\"font-weight: 400;\">Uno de los aspectos m\u00e1s llamativos del EP es, sin duda, el protagonismo concedido a la espiritualidad vud\u00fa, como demuestra el tema &#8220;Erzulie Freda&#8221;. Al reintroducir esta figura espiritual en un contexto musical contempor\u00e1neo, MyCompiledThoughts forma parte de un proceso de rehabilitaci\u00f3n cultural. Erzulie Freda Dahomey es una loa (esp\u00edritu) del vud\u00fa haitiano, asociada al amor, la pasi\u00f3n y la inspiraci\u00f3n art\u00edstica. A menudo se la considera una deidad ben\u00e9vola, pero tambi\u00e9n compleja, portadora de profundas contradicciones humanas.   <\/span><\/p>\t\t\t\t\t\t\t\t<\/div>\n\t\t\t\t<\/div>\n\t\t\t\t<div class=\"elementor-element elementor-element-7937c61 elementor-widget elementor-widget-text-editor\" data-id=\"7937c61\" data-element_type=\"widget\" data-widget_type=\"text-editor.default\">\n\t\t\t\t<div class=\"elementor-widget-container\">\n\t\t\t\t\t\t\t\t\t<p><span style=\"font-weight: 400;\">Otro tema destacado, &#8220;Anba Satan&#8221;, explora la reivindicaci\u00f3n del poder personal frente a la traici\u00f3n y el juicio social. Este tema ilustra c\u00f3mo MyCompiledThoughts utiliza el marco conceptual del vud\u00fa haitiano para abordar temas universales como la lucha contra la adversidad, la resistencia a las fuerzas opresoras y la reivindicaci\u00f3n de la propia voz. <\/span><\/p>\t\t\t\t\t\t\t\t<\/div>\n\t\t\t\t<\/div>\n\t\t\t\t\t<\/div>\n\t\t<\/div>\n\t\t\t\t\t<\/div>\n\t\t<\/section>\n\t\t\t\t<section class=\"elementor-section elementor-top-section elementor-element elementor-element-8d568e7 elementor-section-boxed elementor-section-height-default elementor-section-height-default\" data-id=\"8d568e7\" data-element_type=\"section\">\n\t\t\t\t\t\t<div class=\"elementor-container elementor-column-gap-default\">\n\t\t\t\t\t<div class=\"elementor-column elementor-col-100 elementor-top-column elementor-element elementor-element-816b9df\" data-id=\"816b9df\" data-element_type=\"column\">\n\t\t\t<div class=\"elementor-widget-wrap elementor-element-populated\">\n\t\t\t\t\t\t<div class=\"elementor-element elementor-element-0fc3d20 elementor-widget elementor-widget-heading\" data-id=\"0fc3d20\" data-element_type=\"widget\" data-widget_type=\"heading.default\">\n\t\t\t\t<div class=\"elementor-widget-container\">\n\t\t\t\t\t<h2 class=\"elementor-heading-title elementor-size-default\">Colaboraciones y temas clave del EP<\/h2>\t\t\t\t<\/div>\n\t\t\t\t<\/div>\n\t\t\t\t<div class=\"elementor-element elementor-element-6e1eebc elementor-widget elementor-widget-text-editor\" data-id=\"6e1eebc\" data-element_type=\"widget\" data-widget_type=\"text-editor.default\">\n\t\t\t\t<div class=\"elementor-widget-container\">\n\t\t\t\t\t\t\t\t\t<h4><b>&#8220;Chasing&#8221; &#8211; El single que ya atrae a los fans<\/b><\/h4>\n<p><span style=\"font-weight: 400;\">El primer single del EP, &#8220;Chasing&#8221;, ya se ha ganado al p\u00fablico, y su videoclip ha recibido m\u00e1s de 100.000 visitas en s\u00f3lo una semana. Descrita como &#8220;una atm\u00f3sfera amenazadora digna de la pr\u00f3xima pel\u00edcula de terror de A24&#8221;, la canci\u00f3n encarna a la perfecci\u00f3n la dimensi\u00f3n cinematogr\u00e1fica del universo de MyCompiledThoughts. Es un sprint desesperado a trav\u00e9s de lo desconocido, una confesi\u00f3n sin aliento envuelta en melod\u00edas espeluznantes y una producci\u00f3n envolvente.  <\/span><\/p>\t\t\t\t\t\t\t\t<\/div>\n\t\t\t\t<\/div>\n\t\t\t\t<div class=\"elementor-element elementor-element-6c429d1 elementor-widget elementor-widget-text-editor\" data-id=\"6c429d1\" data-element_type=\"widget\" data-widget_type=\"text-editor.default\">\n\t\t\t\t<div class=\"elementor-widget-container\">\n\t\t\t\t\t\t\t\t\t<p><span style=\"font-weight: 400;\">La canci\u00f3n entrelaza elementos de R&amp;B oscuro y soul alternativo, mezclando sintetizadores sombr\u00edos, bajos pesados y paisajes sonoros envolventes para crear un mundo en el que chocan el miedo y el destino. Con una letra evocadora y una voz profundamente conmovedora, &#8220;Chasing&#8221; captura el peso de huir de algo de lo que no puedes escapar. <\/span><\/p>\t\t\t\t\t\t\t\t<\/div>\n\t\t\t\t<\/div>\n\t\t\t\t<section class=\"elementor-section elementor-inner-section elementor-element elementor-element-d73e0f3 elementor-section-boxed elementor-section-height-default elementor-section-height-default\" data-id=\"d73e0f3\" data-element_type=\"section\">\n\t\t\t\t\t\t<div class=\"elementor-container elementor-column-gap-default\">\n\t\t\t\t\t<div class=\"elementor-column elementor-col-100 elementor-inner-column elementor-element elementor-element-3d3f8c9\" data-id=\"3d3f8c9\" data-element_type=\"column\">\n\t\t\t<div class=\"elementor-widget-wrap elementor-element-populated\">\n\t\t\t\t\t\t<div class=\"elementor-element elementor-element-59171ff elementor-widget elementor-widget-video\" data-id=\"59171ff\" data-element_type=\"widget\" data-settings=\"{&quot;youtube_url&quot;:&quot;https:\\\/\\\/www.youtube.com\\\/watch?v=P3vySfM3F28&amp;ab_channel=MyCompiledThoughts&quot;,&quot;video_type&quot;:&quot;youtube&quot;,&quot;controls&quot;:&quot;yes&quot;}\" data-widget_type=\"video.default\">\n\t\t\t\t<div class=\"elementor-widget-container\">\n\t\t\t\t\t\t\t<div class=\"elementor-wrapper elementor-open-inline\">\n\t\t\t<div class=\"elementor-video\"><\/div>\t\t<\/div>\n\t\t\t\t\t\t<\/div>\n\t\t\t\t<\/div>\n\t\t\t\t\t<\/div>\n\t\t<\/div>\n\t\t\t\t\t<\/div>\n\t\t<\/section>\n\t\t\t\t<div class=\"elementor-element elementor-element-268ab8a elementor-widget elementor-widget-text-editor\" data-id=\"268ab8a\" data-element_type=\"widget\" data-widget_type=\"text-editor.default\">\n\t\t\t\t<div class=\"elementor-widget-container\">\n\t\t\t\t\t\t\t\t\t<h4><b>&#8220;Locos por la mudanza&#8221; pt. 2 &#8211; Conocer a Tyler Loyal<\/b><\/h4>\n<p><span style=\"font-weight: 400;\">La colaboraci\u00f3n con Tyler Loyal en &#8220;Moving Crazy Pt. 2&#8221; es otro punto destacado del EP. Este encuentro entre dos artistas nacidos en Boston da fe de la riqueza de la escena musical de la ciudad y de la importancia de las conexiones art\u00edsticas locales. Tyler Loyal, conocido por su enfoque innovador del hip-hop, aporta una energ\u00eda complementaria a MyCompiledThoughts. Esta colaboraci\u00f3n forma parte de una secuencia narrativa que comienza con &#8220;Moving Crazy&#8221; y contin\u00faa con &#8220;Moving Crazy Pt. 2&#8221;, reforzando la coherencia del EP.   <\/span><\/p>\t\t\t\t\t\t\t\t<\/div>\n\t\t\t\t<\/div>\n\t\t\t\t<section class=\"elementor-section elementor-inner-section elementor-element elementor-element-e6fccdb elementor-section-boxed elementor-section-height-default elementor-section-height-default\" data-id=\"e6fccdb\" data-element_type=\"section\">\n\t\t\t\t\t\t<div class=\"elementor-container elementor-column-gap-default\">\n\t\t\t\t\t<div class=\"elementor-column elementor-col-100 elementor-inner-column elementor-element elementor-element-5fd9642\" data-id=\"5fd9642\" data-element_type=\"column\">\n\t\t\t<div class=\"elementor-widget-wrap elementor-element-populated\">\n\t\t\t\t\t\t<div class=\"elementor-element elementor-element-24ae188 elementor-widget elementor-widget-video\" data-id=\"24ae188\" data-element_type=\"widget\" data-settings=\"{&quot;youtube_url&quot;:&quot;https:\\\/\\\/www.youtube.com\\\/watch?v=apHkI6JbCqU&amp;ab_channel=MyCompiledThoughts&quot;,&quot;video_type&quot;:&quot;youtube&quot;,&quot;controls&quot;:&quot;yes&quot;}\" data-widget_type=\"video.default\">\n\t\t\t\t<div class=\"elementor-widget-container\">\n\t\t\t\t\t\t\t<div class=\"elementor-wrapper elementor-open-inline\">\n\t\t\t<div class=\"elementor-video\"><\/div>\t\t<\/div>\n\t\t\t\t\t\t<\/div>\n\t\t\t\t<\/div>\n\t\t\t\t\t<\/div>\n\t\t<\/div>\n\t\t\t\t\t<\/div>\n\t\t<\/section>\n\t\t\t\t\t<\/div>\n\t\t<\/div>\n\t\t\t\t\t<\/div>\n\t\t<\/section>\n\t\t\t\t<section class=\"elementor-section elementor-top-section elementor-element elementor-element-71c01f9 elementor-section-boxed elementor-section-height-default elementor-section-height-default\" data-id=\"71c01f9\" data-element_type=\"section\">\n\t\t\t\t\t\t<div class=\"elementor-container elementor-column-gap-default\">\n\t\t\t\t\t<div class=\"elementor-column elementor-col-100 elementor-top-column elementor-element elementor-element-1b310ac\" data-id=\"1b310ac\" data-element_type=\"column\">\n\t\t\t<div class=\"elementor-widget-wrap elementor-element-populated\">\n\t\t\t\t\t\t<div class=\"elementor-element elementor-element-8bdc154 elementor-widget elementor-widget-heading\" data-id=\"8bdc154\" data-element_type=\"widget\" data-widget_type=\"heading.default\">\n\t\t\t\t<div class=\"elementor-widget-container\">\n\t\t\t\t\t<h2 class=\"elementor-heading-title elementor-size-default\">Una voz aut\u00e9ntica en la escena musical contempor\u00e1nea<\/h2>\t\t\t\t<\/div>\n\t\t\t\t<\/div>\n\t\t\t\t<div class=\"elementor-element elementor-element-b67dd45 elementor-widget elementor-widget-text-editor\" data-id=\"b67dd45\" data-element_type=\"widget\" data-widget_type=\"text-editor.default\">\n\t\t\t\t<div class=\"elementor-widget-container\">\n\t\t\t\t\t\t\t\t\t<p><span style=\"font-weight: 400;\">El soul haitiano se une al R&amp;B cinematogr\u00e1fico en el pr\u00f3ximo EP Kouri para crear una experiencia musical \u00fanica, en la que tradici\u00f3n y modernidad se entrelazan armoniosamente. Con sus siete temas cuidadosamente compuestos y producidos, MyCompiledThoughts es mucho m\u00e1s que un proyecto musical: es una verdadera declaraci\u00f3n art\u00edstica y cultural que celebra sus ra\u00edces haitianas al tiempo que abraza plenamente las tendencias musicales contempor\u00e1neas. <\/span><\/p>\t\t\t\t\t\t\t\t<\/div>\n\t\t\t\t<\/div>\n\t\t\t\t<div class=\"elementor-element elementor-element-c295ac3 elementor-widget elementor-widget-text-editor\" data-id=\"c295ac3\" data-element_type=\"widget\" data-widget_type=\"text-editor.default\">\n\t\t\t\t<div class=\"elementor-widget-container\">\n\t\t\t\t\t\t\t\t\t<p><span style=\"font-weight: 400;\">Al analizar la pregunta &#8220;\u00bfDe qu\u00e9 huyes?&#8221;, MyCompiledThoughts aborda una cuesti\u00f3n existencial que resuena en todos y cada uno de nosotros. El lanzamiento de Kouri, previsto para el 10 de abril de 2025 en las principales plataformas de streaming, promete ser uno de los grandes acontecimientos del a\u00f1o para los aficionados a la m\u00fasica alternativa y comprometida. <\/span><\/p>\t\t\t\t\t\t\t\t<\/div>\n\t\t\t\t<\/div>\n\t\t\t\t\t<\/div>\n\t\t<\/div>\n\t\t\t\t\t<\/div>\n\t\t<\/section>\n\t\t\t\t<\/div>\n\t\t","protected":false},"excerpt":{"rendered":"<p>El soul haitiano se encuentra con el R&amp;B cinematogr\u00e1fico en el pr\u00f3ximo EP Kouri del artista MyCompiledThoughts, que saldr\u00e1 a la venta el 10 de abril de 2025. Este proyecto musical plantea una pregunta fundamental a sus oyentes: &#8220;\u00bfDe qu\u00e9 huyes?&#8221;. Derivada de la palabra criolla que significa &#8220;huir&#8221;, Kouri capta la esencia del estilo [&hellip;]<\/p>\n","protected":false},"author":662,"featured_media":48015,"comment_status":"open","ping_status":"open","sticky":false,"template":"","format":"standard","meta":{"_acf_changed":false,"footnotes":""},"categories":[834],"tags":[810],"class_list":["post-48029","post","type-post","status-publish","format-standard","has-post-thumbnail","hentry","category-musica","tag-haiti-es-2"],"acf":[],"_links":{"self":[{"href":"https:\/\/richeskarayib.com\/es\/wp-json\/wp\/v2\/posts\/48029","targetHints":{"allow":["GET"]}}],"collection":[{"href":"https:\/\/richeskarayib.com\/es\/wp-json\/wp\/v2\/posts"}],"about":[{"href":"https:\/\/richeskarayib.com\/es\/wp-json\/wp\/v2\/types\/post"}],"author":[{"embeddable":true,"href":"https:\/\/richeskarayib.com\/es\/wp-json\/wp\/v2\/users\/662"}],"replies":[{"embeddable":true,"href":"https:\/\/richeskarayib.com\/es\/wp-json\/wp\/v2\/comments?post=48029"}],"version-history":[{"count":0,"href":"https:\/\/richeskarayib.com\/es\/wp-json\/wp\/v2\/posts\/48029\/revisions"}],"wp:featuredmedia":[{"embeddable":true,"href":"https:\/\/richeskarayib.com\/es\/wp-json\/wp\/v2\/media\/48015"}],"wp:attachment":[{"href":"https:\/\/richeskarayib.com\/es\/wp-json\/wp\/v2\/media?parent=48029"}],"wp:term":[{"taxonomy":"category","embeddable":true,"href":"https:\/\/richeskarayib.com\/es\/wp-json\/wp\/v2\/categories?post=48029"},{"taxonomy":"post_tag","embeddable":true,"href":"https:\/\/richeskarayib.com\/es\/wp-json\/wp\/v2\/tags?post=48029"}],"curies":[{"name":"wp","href":"https:\/\/api.w.org\/{rel}","templated":true}]}}