{"id":48062,"date":"2025-04-02T13:00:29","date_gmt":"2025-04-02T17:00:29","guid":{"rendered":"https:\/\/richeskarayib.com\/dominique-jazz-n-creole-2025-una-cita-musical-y-cultural\/"},"modified":"2025-04-02T13:00:29","modified_gmt":"2025-04-02T17:00:29","slug":"dominique-jazz-n-creole-2025-una-cita-musical-y-cultural","status":"publish","type":"post","link":"https:\/\/richeskarayib.com\/es\/dominique-jazz-n-creole-2025-una-cita-musical-y-cultural\/","title":{"rendered":"Dominique &#8211; Jazz n Creole 2025: Una cita musical y cultural"},"content":{"rendered":"\t\t<div data-elementor-type=\"wp-post\" data-elementor-id=\"48062\" class=\"elementor elementor-48062 elementor-48032\" data-elementor-post-type=\"post\">\n\t\t\t\t\t\t<section class=\"elementor-section elementor-top-section elementor-element elementor-element-0776f58 elementor-section-boxed elementor-section-height-default elementor-section-height-default\" data-id=\"0776f58\" data-element_type=\"section\">\n\t\t\t\t\t\t<div class=\"elementor-container elementor-column-gap-default\">\n\t\t\t\t\t<div class=\"elementor-column elementor-col-100 elementor-top-column elementor-element elementor-element-1b3db7e\" data-id=\"1b3db7e\" data-element_type=\"column\">\n\t\t\t<div class=\"elementor-widget-wrap elementor-element-populated\">\n\t\t\t\t\t\t<div class=\"elementor-element elementor-element-c3960f6 elementor-widget elementor-widget-text-editor\" data-id=\"c3960f6\" data-element_type=\"widget\" data-widget_type=\"text-editor.default\">\n\t\t\t\t<div class=\"elementor-widget-container\">\n\t\t\t\t\t\t\t\t\t<p><span style=\"font-weight: 400;\">Le <\/span><a href=\"https:\/\/dominicafestivals.com\/jazz-home\/\" target=\"_blank\" rel=\"noopener nofollow\"><i><span style=\"font-weight: 400;\">Jazz n Creole 2025<\/span><\/i><\/a><span style=\"font-weight: 400;\">  promete ser una experiencia inolvidable para todos los amantes de la m\u00fasica y la cultura. Este emblem\u00e1tico acontecimiento <a href=\"https:\/\/richeskarayib.com\/es\/dominica-caribbean-women-in-leadership-ciwil-reforzar-el-lugar-de-la-mujer-en-la-toma-de-decisiones-politicas-y-economicas-en-el-caribe\/\" target=\"_blank\" rel=\"noopener\">dominicano<\/a>, que tendr\u00e1 lugar el domingo 4 de mayo en el magn\u00edfico Fuerte Shirley del Parque Nacional Cabrits de Portsmouth, promete una cautivadora fusi\u00f3n de jazz, ritmos caribe\u00f1os e inmersi\u00f3n cultural. Con un programa que combina artistas internacionales y talento local, este festival es mucho m\u00e1s que un concierto: es una aut\u00e9ntica celebraci\u00f3n de la identidad art\u00edstica y cultural dominicana.  <\/span><\/p>\t\t\t\t\t\t\t\t<\/div>\n\t\t\t\t<\/div>\n\t\t\t\t\t<\/div>\n\t\t<\/div>\n\t\t\t\t\t<\/div>\n\t\t<\/section>\n\t\t\t\t<section class=\"elementor-section elementor-top-section elementor-element elementor-element-1e52063 elementor-section-boxed elementor-section-height-default elementor-section-height-default\" data-id=\"1e52063\" data-element_type=\"section\">\n\t\t\t\t\t\t<div class=\"elementor-container elementor-column-gap-default\">\n\t\t\t\t\t<div class=\"elementor-column elementor-col-100 elementor-top-column elementor-element elementor-element-2465457\" data-id=\"2465457\" data-element_type=\"column\">\n\t\t\t<div class=\"elementor-widget-wrap elementor-element-populated\">\n\t\t\t\t\t\t<div class=\"elementor-element elementor-element-2745f7f elementor-widget elementor-widget-heading\" data-id=\"2745f7f\" data-element_type=\"widget\" data-widget_type=\"heading.default\">\n\t\t\t\t<div class=\"elementor-widget-container\">\n\t\t\t\t\t<h2 class=\"elementor-heading-title elementor-size-default\">El marco de Jazz n Creole 2025<\/h2>\t\t\t\t<\/div>\n\t\t\t\t<\/div>\n\t\t\t\t<div class=\"elementor-element elementor-element-61ff885 elementor-widget elementor-widget-text-editor\" data-id=\"61ff885\" data-element_type=\"widget\" data-widget_type=\"text-editor.default\">\n\t\t\t\t<div class=\"elementor-widget-container\">\n\t\t\t\t\t\t\t\t\t<p><span style=\"font-weight: 400;\">Imag\u00ednate rodeado de la belleza natural de Dominica, con Fort Shirley como tel\u00f3n de fondo. Enclavado en el Parque Nacional de Cabrits, este lugar hist\u00f3rico ofrece una mezcla \u00fanica de historia colonial y paisaje tropical. Este entorno id\u00edlico amplifica la atm\u00f3sfera m\u00e1gica del festival, permitiendo a los espectadores sumergirse por completo en una aut\u00e9ntica experiencia cultural. Las impresionantes vistas sobre el mar Caribe a\u00f1aden un toque extra a la m\u00e1gica atm\u00f3sfera.   <\/span><\/p>\t\t\t\t\t\t\t\t<\/div>\n\t\t\t\t<\/div>\n\t\t\t\t\t<\/div>\n\t\t<\/div>\n\t\t\t\t\t<\/div>\n\t\t<\/section>\n\t\t\t\t<section class=\"elementor-section elementor-top-section elementor-element elementor-element-a8efc3e elementor-section-boxed elementor-section-height-default elementor-section-height-default\" data-id=\"a8efc3e\" data-element_type=\"section\">\n\t\t\t\t\t\t<div class=\"elementor-container elementor-column-gap-default\">\n\t\t\t\t\t<div class=\"elementor-column elementor-col-100 elementor-top-column elementor-element elementor-element-b4ed07d\" data-id=\"b4ed07d\" data-element_type=\"column\">\n\t\t\t<div class=\"elementor-widget-wrap elementor-element-populated\">\n\t\t\t\t\t\t<div class=\"elementor-element elementor-element-cc7abba elementor-widget elementor-widget-heading\" data-id=\"cc7abba\" data-element_type=\"widget\" data-widget_type=\"heading.default\">\n\t\t\t\t<div class=\"elementor-widget-container\">\n\t\t\t\t\t<h2 class=\"elementor-heading-title elementor-size-default\">Cabezas de cartel internacionales y locales<\/h2>\t\t\t\t<\/div>\n\t\t\t\t<\/div>\n\t\t\t\t<div class=\"elementor-element elementor-element-13c2b0d elementor-widget elementor-widget-text-editor\" data-id=\"13c2b0d\" data-element_type=\"widget\" data-widget_type=\"text-editor.default\">\n\t\t\t\t<div class=\"elementor-widget-container\">\n\t\t\t\t\t\t\t\t\t<p><span style=\"font-weight: 400;\">El programa musical de <\/span><a href=\"https:\/\/www.facebook.com\/DominicaFests\" target=\"_blank\" rel=\"noopener nofollow\"><i><span style=\"font-weight: 400;\">Jazz n Creole 2025<\/span><\/i><\/a><span style=\"font-weight: 400;\">  es nada menos que excepcional. Entre los cabezas de cartel internacionales se encuentra Etienne Charles, reputado trompetista de Trinidad y Tobago. Conocido por su estilo innovador que mezcla el jazz tradicional con influencias caribe\u00f1as, Etienne promete una actuaci\u00f3n memorable.  <\/span><\/p>\t\t\t\t\t\t\t\t<\/div>\n\t\t\t\t<\/div>\n\t\t\t\t<section class=\"elementor-section elementor-inner-section elementor-element elementor-element-a358bbf elementor-section-boxed elementor-section-height-default elementor-section-height-default\" data-id=\"a358bbf\" data-element_type=\"section\">\n\t\t\t\t\t\t<div class=\"elementor-container elementor-column-gap-default\">\n\t\t\t\t\t<div class=\"elementor-column elementor-col-100 elementor-inner-column elementor-element elementor-element-58e8e9c\" data-id=\"58e8e9c\" data-element_type=\"column\">\n\t\t\t<div class=\"elementor-widget-wrap elementor-element-populated\">\n\t\t\t\t\t\t<div class=\"elementor-element elementor-element-ebbd831 elementor-widget elementor-widget-image\" data-id=\"ebbd831\" data-element_type=\"widget\" data-widget_type=\"image.default\">\n\t\t\t\t<div class=\"elementor-widget-container\">\n\t\t\t\t\t\t\t\t\t\t\t\t<figure class=\"wp-caption\">\n\t\t\t\t\t\t\t\t\t\t<img fetchpriority=\"high\" decoding=\"async\" width=\"800\" height=\"999\" src=\"https:\/\/richeskarayib.com\/wp-content\/uploads\/2025\/04\/485786166_1223971242453324_4958075084931785392_n-1-820x1024.jpg\" class=\"attachment-large size-large wp-image-48040\" alt=\"Jazz n Creole 2025\" srcset=\"https:\/\/richeskarayib.com\/wp-content\/uploads\/2025\/04\/485786166_1223971242453324_4958075084931785392_n-1-820x1024.jpg 820w, https:\/\/richeskarayib.com\/wp-content\/uploads\/2025\/04\/485786166_1223971242453324_4958075084931785392_n-1-240x300.jpg 240w, https:\/\/richeskarayib.com\/wp-content\/uploads\/2025\/04\/485786166_1223971242453324_4958075084931785392_n-1-768x959.jpg 768w, https:\/\/richeskarayib.com\/wp-content\/uploads\/2025\/04\/485786166_1223971242453324_4958075084931785392_n-1-1229x1536.jpg 1229w, https:\/\/richeskarayib.com\/wp-content\/uploads\/2025\/04\/485786166_1223971242453324_4958075084931785392_n-1-1320x1649.jpg 1320w, https:\/\/richeskarayib.com\/wp-content\/uploads\/2025\/04\/485786166_1223971242453324_4958075084931785392_n-1.jpg 1440w\" sizes=\"(max-width: 800px) 100vw, 800px\" \/>\t\t\t\t\t\t\t\t\t\t\t<figcaption class=\"widget-image-caption wp-caption-text\">Etienne Charles<\/figcaption>\n\t\t\t\t\t\t\t\t\t\t<\/figure>\n\t\t\t\t\t\t\t\t\t<\/div>\n\t\t\t\t<\/div>\n\t\t\t\t\t<\/div>\n\t\t<\/div>\n\t\t\t\t\t<\/div>\n\t\t<\/section>\n\t\t\t\t<div class=\"elementor-element elementor-element-7adc008 elementor-widget elementor-widget-text-editor\" data-id=\"7adc008\" data-element_type=\"widget\" data-widget_type=\"text-editor.default\">\n\t\t\t\t<div class=\"elementor-widget-container\">\n\t\t\t\t\t\t\t\t\t<p><span style=\"font-weight: 400;\">Otra estrella internacional es Etana, la cantante jamaicana de reggae aclamada por su potente voz y sus letras inspiradoras. Su presencia a\u00f1ade una dimensi\u00f3n reggae al festival, enriqueciendo a\u00fan m\u00e1s su diversidad musical. <\/span><\/p>\t\t\t\t\t\t\t\t<\/div>\n\t\t\t\t<\/div>\n\t\t\t\t<section class=\"elementor-section elementor-inner-section elementor-element elementor-element-e420e41 elementor-section-boxed elementor-section-height-default elementor-section-height-default\" data-id=\"e420e41\" data-element_type=\"section\">\n\t\t\t\t\t\t<div class=\"elementor-container elementor-column-gap-default\">\n\t\t\t\t\t<div class=\"elementor-column elementor-col-100 elementor-inner-column elementor-element elementor-element-ac94ef4\" data-id=\"ac94ef4\" data-element_type=\"column\">\n\t\t\t<div class=\"elementor-widget-wrap elementor-element-populated\">\n\t\t\t\t\t\t<div class=\"elementor-element elementor-element-1be6cd8 elementor-widget elementor-widget-image\" data-id=\"1be6cd8\" data-element_type=\"widget\" data-widget_type=\"image.default\">\n\t\t\t\t<div class=\"elementor-widget-container\">\n\t\t\t\t\t\t\t\t\t\t\t\t<figure class=\"wp-caption\">\n\t\t\t\t\t\t\t\t\t\t<img decoding=\"async\" width=\"800\" height=\"999\" src=\"https:\/\/richeskarayib.com\/wp-content\/uploads\/2025\/04\/486863721_1223971129120002_6227707083834177657_n-820x1024.jpg\" class=\"attachment-large size-large wp-image-48044\" alt=\"Jazz n Creole 2025\" srcset=\"https:\/\/richeskarayib.com\/wp-content\/uploads\/2025\/04\/486863721_1223971129120002_6227707083834177657_n-820x1024.jpg 820w, https:\/\/richeskarayib.com\/wp-content\/uploads\/2025\/04\/486863721_1223971129120002_6227707083834177657_n-240x300.jpg 240w, https:\/\/richeskarayib.com\/wp-content\/uploads\/2025\/04\/486863721_1223971129120002_6227707083834177657_n-768x959.jpg 768w, https:\/\/richeskarayib.com\/wp-content\/uploads\/2025\/04\/486863721_1223971129120002_6227707083834177657_n-1229x1536.jpg 1229w, https:\/\/richeskarayib.com\/wp-content\/uploads\/2025\/04\/486863721_1223971129120002_6227707083834177657_n-1320x1649.jpg 1320w, https:\/\/richeskarayib.com\/wp-content\/uploads\/2025\/04\/486863721_1223971129120002_6227707083834177657_n.jpg 1440w\" sizes=\"(max-width: 800px) 100vw, 800px\" \/>\t\t\t\t\t\t\t\t\t\t\t<figcaption class=\"widget-image-caption wp-caption-text\">Etana<\/figcaption>\n\t\t\t\t\t\t\t\t\t\t<\/figure>\n\t\t\t\t\t\t\t\t\t<\/div>\n\t\t\t\t<\/div>\n\t\t\t\t\t<\/div>\n\t\t<\/div>\n\t\t\t\t\t<\/div>\n\t\t<\/section>\n\t\t\t\t<div class=\"elementor-element elementor-element-c2c61cd elementor-widget elementor-widget-text-editor\" data-id=\"c2c61cd\" data-element_type=\"widget\" data-widget_type=\"text-editor.default\">\n\t\t\t\t<div class=\"elementor-widget-container\">\n\t\t\t\t\t\t\t\t\t<p><span style=\"font-weight: 400;\">En el frente local, Dominica est\u00e1 orgullosamente representada por Marie-Claire Giraud, cantante de \u00f3pera y jazz cuyo talento ha conquistado escenarios internacionales. Junto a ella, grupos como Swingin&#8217; Stars, The Signal Band, ColtonT y Abiyah Israel aportar\u00e1n su gran energ\u00eda y sus variados estilos, del calypso al bouyon. <\/span><\/p>\t\t\t\t\t\t\t\t<\/div>\n\t\t\t\t<\/div>\n\t\t\t\t<section class=\"elementor-section elementor-inner-section elementor-element elementor-element-69713eb elementor-section-boxed elementor-section-height-default elementor-section-height-default\" data-id=\"69713eb\" data-element_type=\"section\">\n\t\t\t\t\t\t<div class=\"elementor-container elementor-column-gap-default\">\n\t\t\t\t\t<div class=\"elementor-column elementor-col-25 elementor-inner-column elementor-element elementor-element-44e8c26\" data-id=\"44e8c26\" data-element_type=\"column\">\n\t\t\t<div class=\"elementor-widget-wrap elementor-element-populated\">\n\t\t\t\t\t\t<div class=\"elementor-element elementor-element-0e37cdb elementor-widget elementor-widget-image\" data-id=\"0e37cdb\" data-element_type=\"widget\" data-widget_type=\"image.default\">\n\t\t\t\t<div class=\"elementor-widget-container\">\n\t\t\t\t\t\t\t\t\t\t\t\t<figure class=\"wp-caption\">\n\t\t\t\t\t\t\t\t\t\t<img decoding=\"async\" width=\"800\" height=\"999\" src=\"https:\/\/richeskarayib.com\/wp-content\/uploads\/2025\/04\/Marie-Claire-Giraud-820x1024.jpg\" class=\"attachment-large size-large wp-image-48048\" alt=\"Jazz n Creole 2025\" srcset=\"https:\/\/richeskarayib.com\/wp-content\/uploads\/2025\/04\/Marie-Claire-Giraud-820x1024.jpg 820w, https:\/\/richeskarayib.com\/wp-content\/uploads\/2025\/04\/Marie-Claire-Giraud-240x300.jpg 240w, https:\/\/richeskarayib.com\/wp-content\/uploads\/2025\/04\/Marie-Claire-Giraud-768x959.jpg 768w, https:\/\/richeskarayib.com\/wp-content\/uploads\/2025\/04\/Marie-Claire-Giraud-1229x1536.jpg 1229w, https:\/\/richeskarayib.com\/wp-content\/uploads\/2025\/04\/Marie-Claire-Giraud-1320x1649.jpg 1320w, https:\/\/richeskarayib.com\/wp-content\/uploads\/2025\/04\/Marie-Claire-Giraud.jpg 1440w\" sizes=\"(max-width: 800px) 100vw, 800px\" \/>\t\t\t\t\t\t\t\t\t\t\t<figcaption class=\"widget-image-caption wp-caption-text\">Marie-Claire Giraud<\/figcaption>\n\t\t\t\t\t\t\t\t\t\t<\/figure>\n\t\t\t\t\t\t\t\t\t<\/div>\n\t\t\t\t<\/div>\n\t\t\t\t\t<\/div>\n\t\t<\/div>\n\t\t\t\t<div class=\"elementor-column elementor-col-25 elementor-inner-column elementor-element elementor-element-b2335a2\" data-id=\"b2335a2\" data-element_type=\"column\">\n\t\t\t<div class=\"elementor-widget-wrap elementor-element-populated\">\n\t\t\t\t\t\t<div class=\"elementor-element elementor-element-5957900 elementor-widget elementor-widget-image\" data-id=\"5957900\" data-element_type=\"widget\" data-widget_type=\"image.default\">\n\t\t\t\t<div class=\"elementor-widget-container\">\n\t\t\t\t\t\t\t\t\t\t\t\t<figure class=\"wp-caption\">\n\t\t\t\t\t\t\t\t\t\t<img loading=\"lazy\" decoding=\"async\" width=\"800\" height=\"999\" src=\"https:\/\/richeskarayib.com\/wp-content\/uploads\/2025\/04\/Swingin-Stars-820x1024.jpg\" class=\"attachment-large size-large wp-image-48052\" alt=\"Jazz n Creole 2025\" srcset=\"https:\/\/richeskarayib.com\/wp-content\/uploads\/2025\/04\/Swingin-Stars-820x1024.jpg 820w, https:\/\/richeskarayib.com\/wp-content\/uploads\/2025\/04\/Swingin-Stars-240x300.jpg 240w, https:\/\/richeskarayib.com\/wp-content\/uploads\/2025\/04\/Swingin-Stars-768x959.jpg 768w, https:\/\/richeskarayib.com\/wp-content\/uploads\/2025\/04\/Swingin-Stars-1229x1536.jpg 1229w, https:\/\/richeskarayib.com\/wp-content\/uploads\/2025\/04\/Swingin-Stars-1320x1649.jpg 1320w, https:\/\/richeskarayib.com\/wp-content\/uploads\/2025\/04\/Swingin-Stars.jpg 1440w\" sizes=\"(max-width: 800px) 100vw, 800px\" \/>\t\t\t\t\t\t\t\t\t\t\t<figcaption class=\"widget-image-caption wp-caption-text\">Swingin\u2019 Stars<\/figcaption>\n\t\t\t\t\t\t\t\t\t\t<\/figure>\n\t\t\t\t\t\t\t\t\t<\/div>\n\t\t\t\t<\/div>\n\t\t\t\t\t<\/div>\n\t\t<\/div>\n\t\t\t\t<div class=\"elementor-column elementor-col-25 elementor-inner-column elementor-element elementor-element-11ae20b\" data-id=\"11ae20b\" data-element_type=\"column\">\n\t\t\t<div class=\"elementor-widget-wrap elementor-element-populated\">\n\t\t\t\t\t\t<div class=\"elementor-element elementor-element-0bf5586 elementor-widget elementor-widget-image\" data-id=\"0bf5586\" data-element_type=\"widget\" data-widget_type=\"image.default\">\n\t\t\t\t<div class=\"elementor-widget-container\">\n\t\t\t\t\t\t\t\t\t\t\t\t<figure class=\"wp-caption\">\n\t\t\t\t\t\t\t\t\t\t<img loading=\"lazy\" decoding=\"async\" width=\"800\" height=\"999\" src=\"https:\/\/richeskarayib.com\/wp-content\/uploads\/2025\/04\/Signal-Band-820x1024.jpg\" class=\"attachment-large size-large wp-image-48056\" alt=\"Jazz n Creole 2025\" srcset=\"https:\/\/richeskarayib.com\/wp-content\/uploads\/2025\/04\/Signal-Band-820x1024.jpg 820w, https:\/\/richeskarayib.com\/wp-content\/uploads\/2025\/04\/Signal-Band-240x300.jpg 240w, https:\/\/richeskarayib.com\/wp-content\/uploads\/2025\/04\/Signal-Band-768x959.jpg 768w, https:\/\/richeskarayib.com\/wp-content\/uploads\/2025\/04\/Signal-Band-1229x1536.jpg 1229w, https:\/\/richeskarayib.com\/wp-content\/uploads\/2025\/04\/Signal-Band-1320x1649.jpg 1320w, https:\/\/richeskarayib.com\/wp-content\/uploads\/2025\/04\/Signal-Band.jpg 1440w\" sizes=\"(max-width: 800px) 100vw, 800px\" \/>\t\t\t\t\t\t\t\t\t\t\t<figcaption class=\"widget-image-caption wp-caption-text\">Signal Band<\/figcaption>\n\t\t\t\t\t\t\t\t\t\t<\/figure>\n\t\t\t\t\t\t\t\t\t<\/div>\n\t\t\t\t<\/div>\n\t\t\t\t\t<\/div>\n\t\t<\/div>\n\t\t\t\t<div class=\"elementor-column elementor-col-25 elementor-inner-column elementor-element elementor-element-02462f0\" data-id=\"02462f0\" data-element_type=\"column\">\n\t\t\t<div class=\"elementor-widget-wrap elementor-element-populated\">\n\t\t\t\t\t\t<div class=\"elementor-element elementor-element-dbc22a7 elementor-widget elementor-widget-image\" data-id=\"dbc22a7\" data-element_type=\"widget\" data-widget_type=\"image.default\">\n\t\t\t\t<div class=\"elementor-widget-container\">\n\t\t\t\t\t\t\t\t\t\t\t\t<figure class=\"wp-caption\">\n\t\t\t\t\t\t\t\t\t\t<img loading=\"lazy\" decoding=\"async\" width=\"800\" height=\"999\" src=\"https:\/\/richeskarayib.com\/wp-content\/uploads\/2025\/04\/ColtonT-820x1024.jpg\" class=\"attachment-large size-large wp-image-48060\" alt=\"Jazz n Creole 2025\" srcset=\"https:\/\/richeskarayib.com\/wp-content\/uploads\/2025\/04\/ColtonT-820x1024.jpg 820w, https:\/\/richeskarayib.com\/wp-content\/uploads\/2025\/04\/ColtonT-240x300.jpg 240w, https:\/\/richeskarayib.com\/wp-content\/uploads\/2025\/04\/ColtonT-768x959.jpg 768w, https:\/\/richeskarayib.com\/wp-content\/uploads\/2025\/04\/ColtonT-1229x1536.jpg 1229w, https:\/\/richeskarayib.com\/wp-content\/uploads\/2025\/04\/ColtonT-1320x1649.jpg 1320w, https:\/\/richeskarayib.com\/wp-content\/uploads\/2025\/04\/ColtonT.jpg 1440w\" sizes=\"(max-width: 800px) 100vw, 800px\" \/>\t\t\t\t\t\t\t\t\t\t\t<figcaption class=\"widget-image-caption wp-caption-text\">ColtonT<\/figcaption>\n\t\t\t\t\t\t\t\t\t\t<\/figure>\n\t\t\t\t\t\t\t\t\t<\/div>\n\t\t\t\t<\/div>\n\t\t\t\t\t<\/div>\n\t\t<\/div>\n\t\t\t\t\t<\/div>\n\t\t<\/section>\n\t\t\t\t\t<\/div>\n\t\t<\/div>\n\t\t\t\t\t<\/div>\n\t\t<\/section>\n\t\t\t\t<section class=\"elementor-section elementor-top-section elementor-element elementor-element-08d8b7f elementor-section-boxed elementor-section-height-default elementor-section-height-default\" data-id=\"08d8b7f\" data-element_type=\"section\">\n\t\t\t\t\t\t<div class=\"elementor-container elementor-column-gap-default\">\n\t\t\t\t\t<div class=\"elementor-column elementor-col-100 elementor-top-column elementor-element elementor-element-5859f36\" data-id=\"5859f36\" data-element_type=\"column\">\n\t\t\t<div class=\"elementor-widget-wrap elementor-element-populated\">\n\t\t\t\t\t\t<div class=\"elementor-element elementor-element-3028ecc elementor-widget elementor-widget-heading\" data-id=\"3028ecc\" data-element_type=\"widget\" data-widget_type=\"heading.default\">\n\t\t\t\t<div class=\"elementor-widget-container\">\n\t\t\t\t\t<h2 class=\"elementor-heading-title elementor-size-default\">Actos paralelos a la fiesta<\/h2>\t\t\t\t<\/div>\n\t\t\t\t<\/div>\n\t\t\t\t<div class=\"elementor-element elementor-element-b4bbfbb elementor-widget elementor-widget-text-editor\" data-id=\"b4bbfbb\" data-element_type=\"widget\" data-widget_type=\"text-editor.default\">\n\t\t\t\t<div class=\"elementor-widget-container\">\n\t\t\t\t\t\t\t\t\t<p><span style=\"font-weight: 400;\">Le <\/span><i><span style=\"font-weight: 400;\">Jazz n Creole 2025<\/span><\/i><span style=\"font-weight: 400;\">  no se limita a su evento principal. Una serie de actividades paralelas enriquecer\u00e1n la experiencia del festival. Estas actividades incluyen:  <\/span><\/p>\n<ul>\n<li style=\"font-weight: 400;\" aria-level=\"1\"><span style=\"font-weight: 400;\">Actuaciones \u00edntimas de jazz en lugares pintorescos de toda la isla.<\/span><\/li>\n<li style=\"font-weight: 400;\" aria-level=\"1\"><span style=\"font-weight: 400;\">Muestras culturales que ponen de relieve la artesan\u00eda local, la gastronom\u00eda criolla y las tradiciones dominicanas.<\/span><\/li>\n<li style=\"font-weight: 400;\" aria-level=\"1\"><span style=\"font-weight: 400;\">Celebraciones previas al festival que permiten a los visitantes sumergirse poco a poco en el ambiente festivo.<\/span><\/li>\n<\/ul>\t\t\t\t\t\t\t\t<\/div>\n\t\t\t\t<\/div>\n\t\t\t\t<div class=\"elementor-element elementor-element-7937c61 elementor-widget elementor-widget-text-editor\" data-id=\"7937c61\" data-element_type=\"widget\" data-widget_type=\"text-editor.default\">\n\t\t\t\t<div class=\"elementor-widget-container\">\n\t\t\t\t\t\t\t\t\t<p><span style=\"font-weight: 400;\">Estos actos sat\u00e9lite desempe\u00f1an un papel clave en la creaci\u00f3n de una sensaci\u00f3n de expectaci\u00f3n, al tiempo que ofrecen a los participantes un anticipo \u00fanico del festival principal.<\/span><\/p>\t\t\t\t\t\t\t\t<\/div>\n\t\t\t\t<\/div>\n\t\t\t\t\t<\/div>\n\t\t<\/div>\n\t\t\t\t\t<\/div>\n\t\t<\/section>\n\t\t\t\t<section class=\"elementor-section elementor-top-section elementor-element elementor-element-8d568e7 elementor-section-boxed elementor-section-height-default elementor-section-height-default\" data-id=\"8d568e7\" data-element_type=\"section\">\n\t\t\t\t\t\t<div class=\"elementor-container elementor-column-gap-default\">\n\t\t\t\t\t<div class=\"elementor-column elementor-col-100 elementor-top-column elementor-element elementor-element-816b9df\" data-id=\"816b9df\" data-element_type=\"column\">\n\t\t\t<div class=\"elementor-widget-wrap elementor-element-populated\">\n\t\t\t\t\t\t<div class=\"elementor-element elementor-element-0fc3d20 elementor-widget elementor-widget-heading\" data-id=\"0fc3d20\" data-element_type=\"widget\" data-widget_type=\"heading.default\">\n\t\t\t\t<div class=\"elementor-widget-container\">\n\t\t\t\t\t<h2 class=\"elementor-heading-title elementor-size-default\">Moda y tema : Sunset Creole Chic<\/h2>\t\t\t\t<\/div>\n\t\t\t\t<\/div>\n\t\t\t\t<div class=\"elementor-element elementor-element-6e1eebc elementor-widget elementor-widget-text-editor\" data-id=\"6e1eebc\" data-element_type=\"widget\" data-widget_type=\"text-editor.default\">\n\t\t\t\t<div class=\"elementor-widget-container\">\n\t\t\t\t\t\t\t\t\t<p><span style=\"font-weight: 400;\">El tema del vestido para <\/span><span style=\"font-weight: 400;\">Jazz n Creole 2025<\/span> <span style=\"font-weight: 400;\">de este a\u00f1o, <\/span><i><span style=\"font-weight: 400;\">Sunset Creole Chic<\/span><\/i><span style=\"font-weight: 400;\">Este a\u00f1o, invitamos a los participantes a inspirarse en los colores de las puestas de sol dominicanas: coral profundo, dorado intenso, naranja c\u00e1lido, rojo brillante y amarillo luminoso. Estas tonalidades tropicales se complementan con tonos melocot\u00f3n y magenta. <\/span><\/p>\t\t\t\t\t\t\t\t<\/div>\n\t\t\t\t<\/div>\n\t\t\t\t<div class=\"elementor-element elementor-element-6c429d1 elementor-widget elementor-widget-text-editor\" data-id=\"6c429d1\" data-element_type=\"widget\" data-widget_type=\"text-editor.default\">\n\t\t\t\t<div class=\"elementor-widget-container\">\n\t\t\t\t\t\t\t\t\t<p><span style=\"font-weight: 400;\">Estar perfectamente afinado:<\/span><\/p>\n<ul>\n<li style=\"font-weight: 400;\" aria-level=\"1\"><span style=\"font-weight: 400;\">Elige vestidos vaporosos con estampados.<\/span><\/li>\n<li style=\"font-weight: 400;\" aria-level=\"1\"><span style=\"font-weight: 400;\">Elige tejidos ligeros, como el lino o el algod\u00f3n.<\/span><\/li>\n<li style=\"font-weight: 400;\" aria-level=\"1\"><span style=\"font-weight: 400;\">Ad\u00f3rnalo con joyas artesanales para darle un aut\u00e9ntico toque local.<\/span><\/li>\n<\/ul>\n<p><span style=\"font-weight: 400;\">Este c\u00f3digo de vestimenta a\u00f1ade una dimensi\u00f3n visual \u00fanica al festival, al tiempo que refleja la est\u00e9tica tropical de Dominica.<\/span><\/p>\t\t\t\t\t\t\t\t<\/div>\n\t\t\t\t<\/div>\n\t\t\t\t\t<\/div>\n\t\t<\/div>\n\t\t\t\t\t<\/div>\n\t\t<\/section>\n\t\t\t\t<section class=\"elementor-section elementor-top-section elementor-element elementor-element-71c01f9 elementor-section-boxed elementor-section-height-default elementor-section-height-default\" data-id=\"71c01f9\" data-element_type=\"section\">\n\t\t\t\t\t\t<div class=\"elementor-container elementor-column-gap-default\">\n\t\t\t\t\t<div class=\"elementor-column elementor-col-100 elementor-top-column elementor-element elementor-element-1b310ac\" data-id=\"1b310ac\" data-element_type=\"column\">\n\t\t\t<div class=\"elementor-widget-wrap elementor-element-populated\">\n\t\t\t\t\t\t<div class=\"elementor-element elementor-element-8bdc154 elementor-widget elementor-widget-heading\" data-id=\"8bdc154\" data-element_type=\"widget\" data-widget_type=\"heading.default\">\n\t\t\t\t<div class=\"elementor-widget-container\">\n\t\t\t\t\t<h2 class=\"elementor-heading-title elementor-size-default\">\u00bfPor qu\u00e9 Jazz 'n Creole es una experiencia \u00fanica?<\/h2>\t\t\t\t<\/div>\n\t\t\t\t<\/div>\n\t\t\t\t<div class=\"elementor-element elementor-element-b67dd45 elementor-widget elementor-widget-text-editor\" data-id=\"b67dd45\" data-element_type=\"widget\" data-widget_type=\"text-editor.default\">\n\t\t\t\t<div class=\"elementor-widget-container\">\n\t\t\t\t\t\t\t\t\t<p><span style=\"font-weight: 400;\">Le <\/span><i><span style=\"font-weight: 400;\">Jazz n Creole 2025<\/span><\/i><span style=\"font-weight: 400;\">  es algo m\u00e1s que un festival de m\u00fasica: es una verdadera inmersi\u00f3n en la cultura dominicana. La fusi\u00f3n de m\u00fasica jazz, ritmos caribe\u00f1os y arte local crea una atm\u00f3sfera din\u00e1mica que atrae tanto a principiantes como a entusiastas. <\/span><\/p>\t\t\t\t\t\t\t\t<\/div>\n\t\t\t\t<\/div>\n\t\t\t\t<div class=\"elementor-element elementor-element-c295ac3 elementor-widget elementor-widget-text-editor\" data-id=\"c295ac3\" data-element_type=\"widget\" data-widget_type=\"text-editor.default\">\n\t\t\t\t<div class=\"elementor-widget-container\">\n\t\t\t\t\t\t\t\t\t<p><span style=\"font-weight: 400;\">Adem\u00e1s, el <\/span><span style=\"font-weight: 400;\">Jazz n Creole 2025<\/span> <span style=\"font-weight: 400;\">desempe\u00f1a un papel crucial en la promoci\u00f3n de Dominica como destino tur\u00edstico. Atrae a visitantes de todo el mundo y pone de relieve la riqueza cultural y natural de la isla. Tanto si eres un amante de la m\u00fasica como un simple curioso, este festival ofrece una experiencia sin igual que quedar\u00e1 grabada en tu memoria.  <\/span><\/p>\t\t\t\t\t\t\t\t<\/div>\n\t\t\t\t<\/div>\n\t\t\t\t\t<\/div>\n\t\t<\/div>\n\t\t\t\t\t<\/div>\n\t\t<\/section>\n\t\t\t\t<section class=\"elementor-section elementor-top-section elementor-element elementor-element-f9b9add elementor-section-boxed elementor-section-height-default elementor-section-height-default\" data-id=\"f9b9add\" data-element_type=\"section\">\n\t\t\t\t\t\t<div class=\"elementor-container elementor-column-gap-default\">\n\t\t\t\t\t<div class=\"elementor-column elementor-col-100 elementor-top-column elementor-element elementor-element-17f8844\" data-id=\"17f8844\" data-element_type=\"column\">\n\t\t\t<div class=\"elementor-widget-wrap elementor-element-populated\">\n\t\t\t\t\t\t<div class=\"elementor-element elementor-element-2e44a1e elementor-widget elementor-widget-text-editor\" data-id=\"2e44a1e\" data-element_type=\"widget\" data-widget_type=\"text-editor.default\">\n\t\t\t\t<div class=\"elementor-widget-container\">\n\t\t\t\t\t\t\t\t\t<p><span style=\"font-weight: 400;\">Le <\/span><i><span style=\"font-weight: 400;\">Jazz n Creole 2025<\/span><\/i><span style=\"font-weight: 400;\">  es mucho m\u00e1s que un evento musical: es una celebraci\u00f3n viva de todo lo que Dominica puede ofrecer. Con su encantador escenario, su excepcional cartel y su c\u00e1lido ambiente, este festival promete ser un acontecimiento para todos los asistentes. As\u00ed que prepara tu atuendo    <\/span><i><span style=\"font-weight: 400;\">Atardecer Creole Chic<\/span><\/i><span style=\"font-weight: 400;\"> \u00a1esta aventura musical!<\/span><\/p>\t\t\t\t\t\t\t\t<\/div>\n\t\t\t\t<\/div>\n\t\t\t\t\t<\/div>\n\t\t<\/div>\n\t\t\t\t\t<\/div>\n\t\t<\/section>\n\t\t\t\t<\/div>\n\t\t","protected":false},"excerpt":{"rendered":"<p>Le Jazz n Creole 2025 promete ser una experiencia inolvidable para todos los amantes de la m\u00fasica y la cultura. Este emblem\u00e1tico acontecimiento dominicano, que tendr\u00e1 lugar el domingo 4 de mayo en el magn\u00edfico Fuerte Shirley del Parque Nacional Cabrits de Portsmouth, promete una cautivadora fusi\u00f3n de jazz, ritmos caribe\u00f1os e inmersi\u00f3n cultural. Con [&hellip;]<\/p>\n","protected":false},"author":662,"featured_media":48036,"comment_status":"open","ping_status":"open","sticky":false,"template":"","format":"standard","meta":{"_acf_changed":false,"footnotes":""},"categories":[1499],"tags":[1451],"class_list":["post-48062","post","type-post","status-publish","format-standard","has-post-thumbnail","hentry","category-gestion-de-eventos","tag-dominica"],"acf":[],"_links":{"self":[{"href":"https:\/\/richeskarayib.com\/es\/wp-json\/wp\/v2\/posts\/48062","targetHints":{"allow":["GET"]}}],"collection":[{"href":"https:\/\/richeskarayib.com\/es\/wp-json\/wp\/v2\/posts"}],"about":[{"href":"https:\/\/richeskarayib.com\/es\/wp-json\/wp\/v2\/types\/post"}],"author":[{"embeddable":true,"href":"https:\/\/richeskarayib.com\/es\/wp-json\/wp\/v2\/users\/662"}],"replies":[{"embeddable":true,"href":"https:\/\/richeskarayib.com\/es\/wp-json\/wp\/v2\/comments?post=48062"}],"version-history":[{"count":0,"href":"https:\/\/richeskarayib.com\/es\/wp-json\/wp\/v2\/posts\/48062\/revisions"}],"wp:featuredmedia":[{"embeddable":true,"href":"https:\/\/richeskarayib.com\/es\/wp-json\/wp\/v2\/media\/48036"}],"wp:attachment":[{"href":"https:\/\/richeskarayib.com\/es\/wp-json\/wp\/v2\/media?parent=48062"}],"wp:term":[{"taxonomy":"category","embeddable":true,"href":"https:\/\/richeskarayib.com\/es\/wp-json\/wp\/v2\/categories?post=48062"},{"taxonomy":"post_tag","embeddable":true,"href":"https:\/\/richeskarayib.com\/es\/wp-json\/wp\/v2\/tags?post=48062"}],"curies":[{"name":"wp","href":"https:\/\/api.w.org\/{rel}","templated":true}]}}