{"id":48122,"date":"2025-04-03T11:46:47","date_gmt":"2025-04-03T15:46:47","guid":{"rendered":"https:\/\/richeskarayib.com\/san-cristobal-y-nieves-una-pequena-isla-con-reputacion-internacional\/"},"modified":"2025-04-03T12:21:20","modified_gmt":"2025-04-03T16:21:20","slug":"san-cristobal-y-nieves-una-pequena-isla-con-reputacion-internacional","status":"publish","type":"post","link":"https:\/\/richeskarayib.com\/es\/san-cristobal-y-nieves-una-pequena-isla-con-reputacion-internacional\/","title":{"rendered":"San Crist\u00f3bal y Nieves: una peque\u00f1a isla con reputaci\u00f3n internacional"},"content":{"rendered":"\t\t<div data-elementor-type=\"wp-post\" data-elementor-id=\"48122\" class=\"elementor elementor-48122 elementor-48081\" data-elementor-post-type=\"post\">\n\t\t\t\t\t\t<section class=\"elementor-section elementor-top-section elementor-element elementor-element-0776f58 elementor-section-boxed elementor-section-height-default elementor-section-height-default\" data-id=\"0776f58\" data-element_type=\"section\">\n\t\t\t\t\t\t<div class=\"elementor-container elementor-column-gap-default\">\n\t\t\t\t\t<div class=\"elementor-column elementor-col-100 elementor-top-column elementor-element elementor-element-1b3db7e\" data-id=\"1b3db7e\" data-element_type=\"column\">\n\t\t\t<div class=\"elementor-widget-wrap elementor-element-populated\">\n\t\t\t\t\t\t<div class=\"elementor-element elementor-element-c3960f6 elementor-widget elementor-widget-text-editor\" data-id=\"c3960f6\" data-element_type=\"widget\" data-widget_type=\"text-editor.default\">\n\t\t\t\t<div class=\"elementor-widget-container\">\n\t\t\t\t\t\t\t\t\t<p><span style=\"font-weight: 400;\">Nieves, una peque\u00f1a isla enclavada en el <a href=\"https:\/\/richeskarayib.com\/es\/revolucion-escolar-digital-2024-inauguracion-de-la-primera-escuela-digital-del-caribe-en-guyana\/\" target=\"_blank\" rel=\"noopener\">Caribe<\/a>, est\u00e1 ahora en el punto de mira internacional gracias a recientes art\u00edculos en prestigiosas publicaciones. Esta joya tropical atrae no s\u00f3lo a turistas, sino tambi\u00e9n a inversores y amantes de la gastronom\u00eda, lo que confirma su condici\u00f3n de isla din\u00e1mica llena de oportunidades. <\/span><\/p>\t\t\t\t\t\t\t\t<\/div>\n\t\t\t\t<\/div>\n\t\t\t\t\t<\/div>\n\t\t<\/div>\n\t\t\t\t\t<\/div>\n\t\t<\/section>\n\t\t\t\t<section class=\"elementor-section elementor-top-section elementor-element elementor-element-1e52063 elementor-section-boxed elementor-section-height-default elementor-section-height-default\" data-id=\"1e52063\" data-element_type=\"section\">\n\t\t\t\t\t\t<div class=\"elementor-container elementor-column-gap-default\">\n\t\t\t\t\t<div class=\"elementor-column elementor-col-100 elementor-top-column elementor-element elementor-element-2465457\" data-id=\"2465457\" data-element_type=\"column\">\n\t\t\t<div class=\"elementor-widget-wrap elementor-element-populated\">\n\t\t\t\t\t\t<div class=\"elementor-element elementor-element-2745f7f elementor-widget elementor-widget-heading\" data-id=\"2745f7f\" data-element_type=\"widget\" data-widget_type=\"heading.default\">\n\t\t\t\t<div class=\"elementor-widget-container\">\n\t\t\t\t\t<h2 class=\"elementor-heading-title elementor-size-default\">Nieves: Una isla con una econom\u00eda en auge<\/h2>\t\t\t\t<\/div>\n\t\t\t\t<\/div>\n\t\t\t\t<div class=\"elementor-element elementor-element-61ff885 elementor-widget elementor-widget-text-editor\" data-id=\"61ff885\" data-element_type=\"widget\" data-widget_type=\"text-editor.default\">\n\t\t\t\t<div class=\"elementor-widget-container\">\n\t\t\t\t\t\t\t\t\t<p><span style=\"font-weight: 400;\">El 17 de marzo de 2025, la revista brit\u00e1nica <\/span><i><span style=\"font-weight: 400;\">Business Matters<\/span><\/i><span style=\"font-weight: 400;\">  public\u00f3 un art\u00edculo titulado <a href=\"https:\/\/www.sknvibes.com\/news\/newsdetails.cfm\/125605\" target=\"_blank\" rel=\"noopener nofollow\">&#8220;Nieves est\u00e1 abierta a los negocios<\/a> &#8220;, destacando la pr\u00f3spera econom\u00eda de la isla caribe\u00f1a. Seg\u00fan la publicaci\u00f3n, Nieves ofrece un entorno favorable a los negocios gracias a sus procesos simplificados y a sus pol\u00edticas favorables a los empresarios. <\/span><\/p>\t\t\t\t\t\t\t\t<\/div>\n\t\t\t\t<\/div>\n\t\t\t\t<div class=\"elementor-element elementor-element-cc6f33a elementor-widget elementor-widget-text-editor\" data-id=\"cc6f33a\" data-element_type=\"widget\" data-widget_type=\"text-editor.default\">\n\t\t\t\t<div class=\"elementor-widget-container\">\n\t\t\t\t\t\t\t\t\t<p><span style=\"font-weight: 400;\">Los inversores encontrar\u00e1n multitud de oportunidades en diversos sectores de la isla:<\/span><\/p><ul><li style=\"font-weight: 400;\" aria-level=\"1\"><span style=\"font-weight: 400;\">El turismo, con sus playas v\u00edrgenes y su rico patrimonio cultural.<\/span><\/li><li style=\"font-weight: 400;\" aria-level=\"1\"><span style=\"font-weight: 400;\">La agricultura, centrada en la sostenibilidad y la producci\u00f3n local.<\/span><\/li><li style=\"font-weight: 400;\" aria-level=\"1\"><span style=\"font-weight: 400;\">Servicios financieros, que se benefician de un marco regulador atractivo.<\/span><\/li><li style=\"font-weight: 400;\" aria-level=\"1\"><span style=\"font-weight: 400;\">Inmobiliaria, con proyectos innovadores y respetuosos con el medio ambiente.<\/span><\/li><li style=\"font-weight: 400;\" aria-level=\"1\"><span style=\"font-weight: 400;\">Las energ\u00edas renovables, un sector clave para el futuro de la isla.<\/span><\/li><\/ul>\t\t\t\t\t\t\t\t<\/div>\n\t\t\t\t<\/div>\n\t\t\t\t<div class=\"elementor-element elementor-element-dd22db6 elementor-widget elementor-widget-text-editor\" data-id=\"dd22db6\" data-element_type=\"widget\" data-widget_type=\"text-editor.default\">\n\t\t\t\t<div class=\"elementor-widget-container\">\n\t\t\t\t\t\t\t\t\t<p><span style=\"font-weight: 400;\">Estos activos hacen de Nieves un destino ideal para quienes deseen combinar negocios con una calidad de vida excepcional. Con un sistema fiscal ventajoso y una administraci\u00f3n eficaz, Nieves se posiciona como modelo econ\u00f3mico en el Caribe. <\/span><\/p>\t\t\t\t\t\t\t\t<\/div>\n\t\t\t\t<\/div>\n\t\t\t\t\t<\/div>\n\t\t<\/div>\n\t\t\t\t\t<\/div>\n\t\t<\/section>\n\t\t\t\t<section class=\"elementor-section elementor-top-section elementor-element elementor-element-a8efc3e elementor-section-boxed elementor-section-height-default elementor-section-height-default\" data-id=\"a8efc3e\" data-element_type=\"section\">\n\t\t\t\t\t\t<div class=\"elementor-container elementor-column-gap-default\">\n\t\t\t\t\t<div class=\"elementor-column elementor-col-100 elementor-top-column elementor-element elementor-element-b4ed07d\" data-id=\"b4ed07d\" data-element_type=\"column\">\n\t\t\t<div class=\"elementor-widget-wrap elementor-element-populated\">\n\t\t\t\t\t\t<div class=\"elementor-element elementor-element-cc7abba elementor-widget elementor-widget-heading\" data-id=\"cc7abba\" data-element_type=\"widget\" data-widget_type=\"heading.default\">\n\t\t\t\t<div class=\"elementor-widget-container\">\n\t\t\t\t\t<h2 class=\"elementor-heading-title elementor-size-default\">Una escena culinaria \u00fanica<\/h2>\t\t\t\t<\/div>\n\t\t\t\t<\/div>\n\t\t\t\t<div class=\"elementor-element elementor-element-13c2b0d elementor-widget elementor-widget-text-editor\" data-id=\"13c2b0d\" data-element_type=\"widget\" data-widget_type=\"text-editor.default\">\n\t\t\t\t<div class=\"elementor-widget-container\">\n\t\t\t\t\t\t\t\t\t<p><span style=\"font-weight: 400;\">Dos d\u00edas despu\u00e9s de este art\u00edculo econ\u00f3mico, el 19 de marzo de 2025, <\/span><i><span style=\"font-weight: 400;\">LA Weekly<\/span><\/i><span style=\"font-weight: 400;\">la revista estadounidense le\u00edda por m\u00e1s de cuatro millones de visitantes mensuales, ha destacado otro aspecto fascinante de Nieves: su gastronom\u00eda. Titulado <a href=\"https:\/\/www.laweekly.com\/nevis-culinary-scene-sets-it-apart-from-other-caribbean-islands\/\" target=\"_blank\" rel=\"noopener nofollow\">&#8220;Nevis&#8217; culinary scene sets it apart from other Caribbean islands<\/a> &#8220;, el art\u00edculo destaca la creatividad y autenticidad de los sabores locales. <\/span><\/p>\t\t\t\t\t\t\t\t<\/div>\n\t\t\t\t<\/div>\n\t\t\t\t<div class=\"elementor-element elementor-element-584b6e8 elementor-widget elementor-widget-text-editor\" data-id=\"584b6e8\" data-element_type=\"widget\" data-widget_type=\"text-editor.default\">\n\t\t\t\t<div class=\"elementor-widget-container\">\n\t\t\t\t\t\t\t\t\t<p><span style=\"font-weight: 400;\">La cocina de la isla se distingue por :<\/span><\/p><ul><li style=\"font-weight: 400;\" aria-level=\"1\"><span style=\"font-weight: 400;\">El uso de ingredientes locales frescos, como frutas tropicales y especias.<\/span><\/li><li style=\"font-weight: 400;\" aria-level=\"1\"><span style=\"font-weight: 400;\">Una fusi\u00f3n \u00fanica de tradiciones caribe\u00f1as e influencias internacionales.<\/span><\/li><li style=\"font-weight: 400;\" aria-level=\"1\"><span style=\"font-weight: 400;\">Establecimientos locales que innovan respetando su patrimonio culinario.<\/span><\/li><\/ul><p><span style=\"font-weight: 400;\">Para los amantes de la buena comida, visitar la isla es una experiencia sensorial inolvidable que refleja a la perfecci\u00f3n la identidad cultural de la isla. Tanto si eres un sibarita como un simple curioso, la escena culinaria de la isla te conquistar\u00e1 por su diversidad y autenticidad. <\/span><\/p>\t\t\t\t\t\t\t\t<\/div>\n\t\t\t\t<\/div>\n\t\t\t\t\t<\/div>\n\t\t<\/div>\n\t\t\t\t\t<\/div>\n\t\t<\/section>\n\t\t\t\t<section class=\"elementor-section elementor-top-section elementor-element elementor-element-08d8b7f elementor-section-boxed elementor-section-height-default elementor-section-height-default\" data-id=\"08d8b7f\" data-element_type=\"section\">\n\t\t\t\t\t\t<div class=\"elementor-container elementor-column-gap-default\">\n\t\t\t\t\t<div class=\"elementor-column elementor-col-100 elementor-top-column elementor-element elementor-element-5859f36\" data-id=\"5859f36\" data-element_type=\"column\">\n\t\t\t<div class=\"elementor-widget-wrap elementor-element-populated\">\n\t\t\t\t\t\t<div class=\"elementor-element elementor-element-3028ecc elementor-widget elementor-widget-heading\" data-id=\"3028ecc\" data-element_type=\"widget\" data-widget_type=\"heading.default\">\n\t\t\t\t<div class=\"elementor-widget-container\">\n\t\t\t\t\t<h2 class=\"elementor-heading-title elementor-size-default\">El potencial de las energ\u00edas renovables de Nieves<\/h2>\t\t\t\t<\/div>\n\t\t\t\t<\/div>\n\t\t\t\t<div class=\"elementor-element elementor-element-b4bbfbb elementor-widget elementor-widget-text-editor\" data-id=\"b4bbfbb\" data-element_type=\"widget\" data-widget_type=\"text-editor.default\">\n\t\t\t\t<div class=\"elementor-widget-container\">\n\t\t\t\t\t\t\t\t\t<p><span style=\"font-weight: 400;\">25 de marzo de 2025, <\/span><i><span style=\"font-weight: 400;\">International Business Times (Reino Unido)<\/span><\/i><span style=\"font-weight: 400;\">  public\u00f3 un art\u00edculo titulado <a href=\"https:\/\/www.ibtimes.co.uk\/nevis-renewable-energy-potential-attracts-major-foreign-interest-1732111\" target=\"_blank\" rel=\"noopener nofollow\">&#8220;Nieves: el potencial de las energ\u00edas renovables atrae un gran inter\u00e9s extranjero<\/a> &#8220;. Esta publicaci\u00f3n destaca el enorme potencial de la isla en materia de energ\u00edas renovables. Gracias a su gobierno proactivo, la isla ya est\u00e1 atrayendo la atenci\u00f3n de los inversores extranjeros interesados en este prometedor sector.  <\/span><\/p>\t\t\t\t\t\t\t\t<\/div>\n\t\t\t\t<\/div>\n\t\t\t\t<div class=\"elementor-element elementor-element-7937c61 elementor-widget elementor-widget-text-editor\" data-id=\"7937c61\" data-element_type=\"widget\" data-widget_type=\"text-editor.default\">\n\t\t\t\t<div class=\"elementor-widget-container\">\n\t\t\t\t\t\t\t\t\t<p><span style=\"font-weight: 400;\">Entre las iniciativas m\u00e1s destacadas figuran:<\/span><\/p><ul><li style=\"font-weight: 400;\" aria-level=\"1\"><span style=\"font-weight: 400;\">Desarrollo geot\u00e9rmico para producir energ\u00eda limpia y sostenible.<\/span><\/li><li style=\"font-weight: 400;\" aria-level=\"1\"><span style=\"font-weight: 400;\">Proyectos solares para reducir la dependencia de los combustibles f\u00f3siles.<\/span><\/li><li style=\"font-weight: 400;\" aria-level=\"1\"><span style=\"font-weight: 400;\">Un marco normativo favorable para fomentar la inversi\u00f3n extranjera.<\/span><\/li><\/ul><p><span style=\"font-weight: 400;\">Sin embargo, a pesar de estos avances, siguen existiendo retos. La necesidad de infraestructuras modernas y de mano de obra cualificada sigue siendo crucial para maximizar este potencial energ\u00e9tico. Estos esfuerzos demuestran que la isla no se contenta con ser una isla paradis\u00edaca, sino que aspira a convertirse en l\u00edder regional de la energ\u00eda verde.  <\/span><\/p>\t\t\t\t\t\t\t\t<\/div>\n\t\t\t\t<\/div>\n\t\t\t\t\t<\/div>\n\t\t<\/div>\n\t\t\t\t\t<\/div>\n\t\t<\/section>\n\t\t\t\t<section class=\"elementor-section elementor-top-section elementor-element elementor-element-8d568e7 elementor-section-boxed elementor-section-height-default elementor-section-height-default\" data-id=\"8d568e7\" data-element_type=\"section\">\n\t\t\t\t\t\t<div class=\"elementor-container elementor-column-gap-default\">\n\t\t\t\t\t<div class=\"elementor-column elementor-col-100 elementor-top-column elementor-element elementor-element-816b9df\" data-id=\"816b9df\" data-element_type=\"column\">\n\t\t\t<div class=\"elementor-widget-wrap elementor-element-populated\">\n\t\t\t\t\t\t<div class=\"elementor-element elementor-element-0fc3d20 elementor-widget elementor-widget-heading\" data-id=\"0fc3d20\" data-element_type=\"widget\" data-widget_type=\"heading.default\">\n\t\t\t\t<div class=\"elementor-widget-container\">\n\t\t\t\t\t<h2 class=\"elementor-heading-title elementor-size-default\">La visi\u00f3n del Primer Ministro Mark Brantley<\/h2>\t\t\t\t<\/div>\n\t\t\t\t<\/div>\n\t\t\t\t<div class=\"elementor-element elementor-element-6e1eebc elementor-widget elementor-widget-text-editor\" data-id=\"6e1eebc\" data-element_type=\"widget\" data-widget_type=\"text-editor.default\">\n\t\t\t\t<div class=\"elementor-widget-container\">\n\t\t\t\t\t\t\t\t\t<p><span style=\"font-weight: 400;\">En una conferencia de prensa celebrada el 31 de marzo de 2025, el primer ministro Mark Brantley expres\u00f3 su orgullo por el creciente reconocimiento internacional de su isla. Seg\u00fan \u00e9l, estas prestigiosas publicaciones son s\u00f3lo el principio del posicionamiento de Nieves como l\u00edder regional en innovaci\u00f3n e inversi\u00f3n. <\/span><\/p>\t\t\t\t\t\t\t\t<\/div>\n\t\t\t\t<\/div>\n\t\t\t\t<div class=\"elementor-element elementor-element-6c429d1 elementor-widget elementor-widget-text-editor\" data-id=\"6c429d1\" data-element_type=\"widget\" data-widget_type=\"text-editor.default\">\n\t\t\t\t<div class=\"elementor-widget-container\">\n\t\t\t\t\t\t\t\t\t<p><span style=\"font-weight: 400;\">Tambi\u00e9n subray\u00f3:<\/span><\/p><ul><li style=\"font-weight: 400;\" aria-level=\"1\"><span style=\"font-weight: 400;\">La importancia de que los residentes apoyen esta din\u00e1mica positiva.<\/span><\/li><li style=\"font-weight: 400;\" aria-level=\"1\"><span style=\"font-weight: 400;\">Los posibles beneficios econ\u00f3micos derivados de esta visibilidad mundial.<\/span><\/li><li style=\"font-weight: 400;\" aria-level=\"1\"><span style=\"font-weight: 400;\">La necesidad de proteger los recursos naturales al tiempo que se explotan las oportunidades econ\u00f3micas.<\/span><\/li><\/ul><p><span style=\"font-weight: 400;\">Para Brantley, la isla es mucho m\u00e1s que un destino tur\u00edstico; es una isla capaz de inspirar al mundo con su ambici\u00f3n y resistencia.<\/span><\/p>\t\t\t\t\t\t\t\t<\/div>\n\t\t\t\t<\/div>\n\t\t\t\t<section class=\"elementor-section elementor-inner-section elementor-element elementor-element-535b64b elementor-section-boxed elementor-section-height-default elementor-section-height-default\" data-id=\"535b64b\" data-element_type=\"section\">\n\t\t\t\t\t\t<div class=\"elementor-container elementor-column-gap-default\">\n\t\t\t\t\t<div class=\"elementor-column elementor-col-100 elementor-inner-column elementor-element elementor-element-35f764c\" data-id=\"35f764c\" data-element_type=\"column\">\n\t\t\t<div class=\"elementor-widget-wrap elementor-element-populated\">\n\t\t\t\t\t\t<div class=\"elementor-element elementor-element-e2f198f elementor-widget elementor-widget-image\" data-id=\"e2f198f\" data-element_type=\"widget\" data-widget_type=\"image.default\">\n\t\t\t\t<div class=\"elementor-widget-container\">\n\t\t\t\t\t\t\t\t\t\t\t\t<figure class=\"wp-caption\">\n\t\t\t\t\t\t\t\t\t\t<img fetchpriority=\"high\" decoding=\"async\" width=\"800\" height=\"585\" src=\"https:\/\/richeskarayib.com\/wp-content\/uploads\/2025\/04\/The-Honourable-Premier-Mark-Brantley-Minister-of-Foreign-Investment-in-the-Nevis-Island-Administration-1024x749.webp\" class=\"attachment-large size-large wp-image-48089\" alt=\"Nevis\" srcset=\"https:\/\/richeskarayib.com\/wp-content\/uploads\/2025\/04\/The-Honourable-Premier-Mark-Brantley-Minister-of-Foreign-Investment-in-the-Nevis-Island-Administration-1024x749.webp 1024w, https:\/\/richeskarayib.com\/wp-content\/uploads\/2025\/04\/The-Honourable-Premier-Mark-Brantley-Minister-of-Foreign-Investment-in-the-Nevis-Island-Administration-300x219.webp 300w, https:\/\/richeskarayib.com\/wp-content\/uploads\/2025\/04\/The-Honourable-Premier-Mark-Brantley-Minister-of-Foreign-Investment-in-the-Nevis-Island-Administration-768x562.webp 768w, https:\/\/richeskarayib.com\/wp-content\/uploads\/2025\/04\/The-Honourable-Premier-Mark-Brantley-Minister-of-Foreign-Investment-in-the-Nevis-Island-Administration-1320x966.webp 1320w, https:\/\/richeskarayib.com\/wp-content\/uploads\/2025\/04\/The-Honourable-Premier-Mark-Brantley-Minister-of-Foreign-Investment-in-the-Nevis-Island-Administration.webp 1416w\" sizes=\"(max-width: 800px) 100vw, 800px\" \/>\t\t\t\t\t\t\t\t\t\t\t<figcaption class=\"widget-image-caption wp-caption-text\">The Honourable Premier Mark Brantley, Minister of Foreign Investment in the Nevis Island Administration.<\/figcaption>\n\t\t\t\t\t\t\t\t\t\t<\/figure>\n\t\t\t\t\t\t\t\t\t<\/div>\n\t\t\t\t<\/div>\n\t\t\t\t\t<\/div>\n\t\t<\/div>\n\t\t\t\t\t<\/div>\n\t\t<\/section>\n\t\t\t\t\t<\/div>\n\t\t<\/div>\n\t\t\t\t\t<\/div>\n\t\t<\/section>\n\t\t\t\t<section class=\"elementor-section elementor-top-section elementor-element elementor-element-71c01f9 elementor-section-boxed elementor-section-height-default elementor-section-height-default\" data-id=\"71c01f9\" data-element_type=\"section\">\n\t\t\t\t\t\t<div class=\"elementor-container elementor-column-gap-default\">\n\t\t\t\t\t<div class=\"elementor-column elementor-col-100 elementor-top-column elementor-element elementor-element-1b310ac\" data-id=\"1b310ac\" data-element_type=\"column\">\n\t\t\t<div class=\"elementor-widget-wrap elementor-element-populated\">\n\t\t\t\t\t\t<div class=\"elementor-element elementor-element-8bdc154 elementor-widget elementor-widget-heading\" data-id=\"8bdc154\" data-element_type=\"widget\" data-widget_type=\"heading.default\">\n\t\t\t\t<div class=\"elementor-widget-container\">\n\t\t\t\t\t<h2 class=\"elementor-heading-title elementor-size-default\">Nieves: Un destino tur\u00edstico por derecho propio<\/h2>\t\t\t\t<\/div>\n\t\t\t\t<\/div>\n\t\t\t\t<div class=\"elementor-element elementor-element-b67dd45 elementor-widget elementor-widget-text-editor\" data-id=\"b67dd45\" data-element_type=\"widget\" data-widget_type=\"text-editor.default\">\n\t\t\t\t<div class=\"elementor-widget-container\">\n\t\t\t\t\t\t\t\t\t<p><span style=\"font-weight: 400;\">Adem\u00e1s de por sus negocios e inversiones, la isla tambi\u00e9n es atractiva por sus singulares atractivos tur\u00edsticos. Sus playas v\u00edrgenes ofrecen un entorno id\u00edlico para relajarse, mientras que sus exuberantes monta\u00f1as invitan a la exploraci\u00f3n. El turismo sostenible est\u00e1 en el centro del desarrollo tur\u00edstico local, garantizando que la belleza natural de la isla se conserve para las generaciones futuras.  <\/span><\/p>\t\t\t\t\t\t\t\t<\/div>\n\t\t\t\t<\/div>\n\t\t\t\t\t<\/div>\n\t\t<\/div>\n\t\t\t\t\t<\/div>\n\t\t<\/section>\n\t\t\t\t<section class=\"elementor-section elementor-top-section elementor-element elementor-element-f9b9add elementor-section-boxed elementor-section-height-default elementor-section-height-default\" data-id=\"f9b9add\" data-element_type=\"section\">\n\t\t\t\t\t\t<div class=\"elementor-container elementor-column-gap-default\">\n\t\t\t\t\t<div class=\"elementor-column elementor-col-100 elementor-top-column elementor-element elementor-element-17f8844\" data-id=\"17f8844\" data-element_type=\"column\">\n\t\t\t<div class=\"elementor-widget-wrap elementor-element-populated\">\n\t\t\t\t\t\t<div class=\"elementor-element elementor-element-2e44a1e elementor-widget elementor-widget-text-editor\" data-id=\"2e44a1e\" data-element_type=\"widget\" data-widget_type=\"text-editor.default\">\n\t\t\t\t<div class=\"elementor-widget-container\">\n\t\t\t\t\t\t\t\t\t<p><span style=\"font-weight: 400;\">Nieves se est\u00e1 convirtiendo en un destino importante gracias a su combinaci\u00f3n \u00fanica de activos econ\u00f3micos, culturales y medioambientales. Desde lucrativas inversiones hasta memorables experiencias culinarias, esta peque\u00f1a isla est\u00e1 demostrando que puede competir con los principales destinos del mundo. Con una visi\u00f3n clara de sus dirigentes y un creciente reconocimiento internacional, el futuro parece brillante para esta joya del Caribe.  <\/span><\/p>\t\t\t\t\t\t\t\t<\/div>\n\t\t\t\t<\/div>\n\t\t\t\t\t<\/div>\n\t\t<\/div>\n\t\t\t\t\t<\/div>\n\t\t<\/section>\n\t\t\t\t<\/div>\n\t\t","protected":false},"excerpt":{"rendered":"<p>Nieves, una peque\u00f1a isla enclavada en el Caribe, est\u00e1 ahora en el punto de mira internacional gracias a recientes art\u00edculos en prestigiosas publicaciones. Esta joya tropical atrae no s\u00f3lo a turistas, sino tambi\u00e9n a inversores y amantes de la gastronom\u00eda, lo que confirma su condici\u00f3n de isla din\u00e1mica llena de oportunidades. Nieves: Una isla con [&hellip;]<\/p>\n","protected":false},"author":662,"featured_media":48085,"comment_status":"open","ping_status":"open","sticky":false,"template":"","format":"standard","meta":{"_acf_changed":false,"footnotes":""},"categories":[839,1734],"tags":[1712],"class_list":["post-48122","post","type-post","status-publish","format-standard","has-post-thumbnail","hentry","category-noticias","category-turismo","tag-saint-christophe-y-nieves"],"acf":[],"_links":{"self":[{"href":"https:\/\/richeskarayib.com\/es\/wp-json\/wp\/v2\/posts\/48122","targetHints":{"allow":["GET"]}}],"collection":[{"href":"https:\/\/richeskarayib.com\/es\/wp-json\/wp\/v2\/posts"}],"about":[{"href":"https:\/\/richeskarayib.com\/es\/wp-json\/wp\/v2\/types\/post"}],"author":[{"embeddable":true,"href":"https:\/\/richeskarayib.com\/es\/wp-json\/wp\/v2\/users\/662"}],"replies":[{"embeddable":true,"href":"https:\/\/richeskarayib.com\/es\/wp-json\/wp\/v2\/comments?post=48122"}],"version-history":[{"count":0,"href":"https:\/\/richeskarayib.com\/es\/wp-json\/wp\/v2\/posts\/48122\/revisions"}],"wp:featuredmedia":[{"embeddable":true,"href":"https:\/\/richeskarayib.com\/es\/wp-json\/wp\/v2\/media\/48085"}],"wp:attachment":[{"href":"https:\/\/richeskarayib.com\/es\/wp-json\/wp\/v2\/media?parent=48122"}],"wp:term":[{"taxonomy":"category","embeddable":true,"href":"https:\/\/richeskarayib.com\/es\/wp-json\/wp\/v2\/categories?post=48122"},{"taxonomy":"post_tag","embeddable":true,"href":"https:\/\/richeskarayib.com\/es\/wp-json\/wp\/v2\/tags?post=48122"}],"curies":[{"name":"wp","href":"https:\/\/api.w.org\/{rel}","templated":true}]}}