{"id":48354,"date":"2025-04-07T01:43:57","date_gmt":"2025-04-07T05:43:57","guid":{"rendered":"https:\/\/richeskarayib.com\/martinica-de-vuelta-a-casa-ale-vire-cuando-el-exilio-se-invierte-y-se-organiza\/"},"modified":"2025-04-07T08:05:17","modified_gmt":"2025-04-07T12:05:17","slug":"martinica-de-vuelta-a-casa-ale-vire-cuando-el-exilio-se-invierte-y-se-organiza","status":"publish","type":"post","link":"https:\/\/richeskarayib.com\/es\/martinica-de-vuelta-a-casa-ale-vire-cuando-el-exilio-se-invierte-y-se-organiza\/","title":{"rendered":"Martinica &#8211; De vuelta a casa: Al\u00e9 Vir\u00e9, cuando el exilio se invierte y se organiza"},"content":{"rendered":"\t\t<div data-elementor-type=\"wp-post\" data-elementor-id=\"48354\" class=\"elementor elementor-48354 elementor-48343\" data-elementor-post-type=\"post\">\n\t\t\t\t\t\t<section class=\"elementor-section elementor-top-section elementor-element elementor-element-f922384 elementor-section-boxed elementor-section-height-default elementor-section-height-default\" data-id=\"f922384\" data-element_type=\"section\">\n\t\t\t\t\t\t<div class=\"elementor-container elementor-column-gap-default\">\n\t\t\t\t\t<div class=\"elementor-column elementor-col-100 elementor-top-column elementor-element elementor-element-cfc4ed8\" data-id=\"cfc4ed8\" data-element_type=\"column\">\n\t\t\t<div class=\"elementor-widget-wrap elementor-element-populated\">\n\t\t\t\t\t\t<div class=\"elementor-element elementor-element-179fae4 elementor-widget elementor-widget-text-editor\" data-id=\"179fae4\" data-element_type=\"widget\" data-widget_type=\"text-editor.default\">\n\t\t\t\t<div class=\"elementor-widget-container\">\n\t\t\t\t\t\t\t\t\t<p class=\"\" data-start=\"246\" data-end=\"659\"><strong>De vuelta a casa: <a href=\"https:\/\/www.alevire.com\/\" target=\"_blank\" rel=\"noopener nofollow\">Al\u00e9 Vir\u00e9<\/a>, cuando el exilio se invierte y se organiza.<\/strong> Ante el \u00e9xodo masivo de sus j\u00f3venes, <a href=\"https:\/\/richeskarayib.com\/es\/martinica-club-med-les-boucaniers-un-icono-local-reinventado-para-combinar-autenticidad-modernidad-y-compromiso-sostenible\/\" target=\"_blank\" rel=\"noopener\">Martinica<\/a> se enfrenta a un reto existencial: \u00bfc\u00f3mo animar a los ni\u00f1os del pa\u00eds a volver, establecerse y quedarse a largo plazo? Desde hace m\u00e1s de seis a\u00f1os, la asociaci\u00f3n Al\u00e9 Vir\u00e9 trabaja sobre el terreno para hacer posible este retorno. <\/p>\n<p data-start=\"246\" data-end=\"659\">En criollo martiniqu\u00e9s,<strong>&#8220;Al\u00e9 Vir\u00e9<\/strong>&#8221; significa literalmente &#8220;irse y volver&#8221;, una expresi\u00f3n que, en s\u00ed misma, encarna el viaje de muchos martiniqu\u00e9s en la di\u00e1spora.<\/p>\t\t\t\t\t\t\t\t<\/div>\n\t\t\t\t<\/div>\n\t\t\t\t<div class=\"elementor-element elementor-element-9efd5dd elementor-widget elementor-widget-text-editor\" data-id=\"9efd5dd\" data-element_type=\"widget\" data-widget_type=\"text-editor.default\">\n\t\t\t\t<div class=\"elementor-widget-container\">\n\t\t\t\t\t\t\t\t\t<p class=\"\" data-start=\"246\" data-end=\"659\">Recientemente, la asociaci\u00f3n organiz\u00f3 un aperitivo de networking en los locales de BRED en Fort-de-France, su socio desde hace muchos a\u00f1os. Fue un momento para compartir y comprometerse sobre un tema clave: la educaci\u00f3n financiera, palanca fundamental para transformar el sue\u00f1o de volver a casa en un proyecto de vida real. <\/p>\n<p data-start=\"246\" data-end=\"659\">Al\u00e9 Vir\u00e9 reuni\u00f3 para la ocasi\u00f3n a expertos financieros, actores institucionales y martiniqueses en transici\u00f3n.<\/p>\t\t\t\t\t\t\t\t<\/div>\n\t\t\t\t<\/div>\n\t\t\t\t<div class=\"elementor-element elementor-element-0f49652 elementor-widget elementor-widget-image\" data-id=\"0f49652\" data-element_type=\"widget\" data-widget_type=\"image.default\">\n\t\t\t\t<div class=\"elementor-widget-container\">\n\t\t\t\t\t\t\t\t\t\t\t\t<figure class=\"wp-caption\">\n\t\t\t\t\t\t\t\t\t\t<img fetchpriority=\"high\" decoding=\"async\" width=\"800\" height=\"451\" src=\"https:\/\/richeskarayib.com\/wp-content\/uploads\/2025\/04\/20250403_190018-1024x577.jpg\" class=\"attachment-large size-large wp-image-48347\" alt=\"Al\u00e9 Vir\u00e9\" srcset=\"https:\/\/richeskarayib.com\/wp-content\/uploads\/2025\/04\/20250403_190018-1024x577.jpg 1024w, https:\/\/richeskarayib.com\/wp-content\/uploads\/2025\/04\/20250403_190018-300x169.jpg 300w, https:\/\/richeskarayib.com\/wp-content\/uploads\/2025\/04\/20250403_190018-768x432.jpg 768w, https:\/\/richeskarayib.com\/wp-content\/uploads\/2025\/04\/20250403_190018-1536x865.jpg 1536w, https:\/\/richeskarayib.com\/wp-content\/uploads\/2025\/04\/20250403_190018-1320x743.jpg 1320w, https:\/\/richeskarayib.com\/wp-content\/uploads\/2025\/04\/20250403_190018.jpg 1920w\" sizes=\"(max-width: 800px) 100vw, 800px\" \/>\t\t\t\t\t\t\t\t\t\t\t<figcaption class=\"widget-image-caption wp-caption-text\">Al\u00e9 Vir\u00e9<\/figcaption>\n\t\t\t\t\t\t\t\t\t\t<\/figure>\n\t\t\t\t\t\t\t\t\t<\/div>\n\t\t\t\t<\/div>\n\t\t\t\t\t<\/div>\n\t\t<\/div>\n\t\t\t\t\t<\/div>\n\t\t<\/section>\n\t\t\t\t<section class=\"elementor-section elementor-top-section elementor-element elementor-element-5e01675 elementor-section-boxed elementor-section-height-default elementor-section-height-default\" data-id=\"5e01675\" data-element_type=\"section\">\n\t\t\t\t\t\t<div class=\"elementor-container elementor-column-gap-default\">\n\t\t\t\t\t<div class=\"elementor-column elementor-col-100 elementor-top-column elementor-element elementor-element-d8b23c1\" data-id=\"d8b23c1\" data-element_type=\"column\">\n\t\t\t<div class=\"elementor-widget-wrap elementor-element-populated\">\n\t\t\t\t\t\t<div class=\"elementor-element elementor-element-f20b64e elementor-widget elementor-widget-heading\" data-id=\"f20b64e\" data-element_type=\"widget\" data-widget_type=\"heading.default\">\n\t\t\t\t<div class=\"elementor-widget-container\">\n\t\t\t\t\t<h2 class=\"elementor-heading-title elementor-size-default\">Al\u00e9 Vir\u00e9, una respuesta concreta al exilio y al deseo de volver a casa<\/h2>\t\t\t\t<\/div>\n\t\t\t\t<\/div>\n\t\t\t\t<div class=\"elementor-element elementor-element-9bcbfcc elementor-widget elementor-widget-text-editor\" data-id=\"9bcbfcc\" data-element_type=\"widget\" data-widget_type=\"text-editor.default\">\n\t\t\t\t<div class=\"elementor-widget-container\">\n\t\t\t\t\t\t\t\t\t<p class=\"\" data-start=\"1070\" data-end=\"1616\">Fundada en 2018, la asociaci\u00f3n <a href=\"https:\/\/www.facebook.com\/aleviremartinique\" target=\"_blank\" rel=\"noopener nofollow\">Al\u00e9 Vir\u00e9<\/a> naci\u00f3 de una observaci\u00f3n alarmante: Martinica se est\u00e1 vaciando lenta pero inexorablemente. En quince a\u00f1os, la poblaci\u00f3n ha disminuido en casi 60.000 habitantes. Y muchos de los que se marchan son j\u00f3venes diplomados, la savia de la isla, las competencias del futuro. Ante esta erosi\u00f3n silenciosa, <strong>Catherine Conconne<\/strong>, senadora por Martinica y fundadora de la iniciativa, quiso iniciar una din\u00e1mica inversa. La ambici\u00f3n de Al\u00e9 Vir\u00e9 es hacer del regreso a casa una realidad tangible, accesible y supervisada.    <\/p>\t\t\t\t\t\t\t\t<\/div>\n\t\t\t\t<\/div>\n\t\t\t\t<div class=\"elementor-element elementor-element-ec7d339 elementor-widget elementor-widget-text-editor\" data-id=\"ec7d339\" data-element_type=\"widget\" data-widget_type=\"text-editor.default\">\n\t\t\t\t<div class=\"elementor-widget-container\">\n\t\t\t\t\t\t\t\t\t<p class=\"\" data-start=\"1618\" data-end=\"2324\">Ahora presidida por <strong>Anne-Emmanuelle Pique<\/strong>, la asociaci\u00f3n cuenta con una red s\u00f3lida y un equipo comprometido, entre ellos <strong>St\u00e9phie Salp\u00e9trier<\/strong>, directora de proyectos y anfitriona de la velada. Dirigi\u00f3 los debates con fluidez, dando a todos el espacio para plantear sus preguntas, compartir sus dudas y obtener respuestas concretas. Desde su creaci\u00f3n, Al\u00e9 Vir\u00e9 ya ha <strong>ayudado a m\u00e1s de 2.000 familias a volver a casa<\/strong>. Gracias a un enfoque humano, unas asociaciones s\u00f3lidas y una estrategia bien pensada, Al\u00e9 Vir\u00e9 proporciona apoyo pr\u00e1ctico a los retornados, y tambi\u00e9n gracias a una firme convicci\u00f3n: <strong>la red es una fuerza motriz para hacer cosas, crear oportunidades y romper el aislamiento.<\/strong>   <\/p>\t\t\t\t\t\t\t\t<\/div>\n\t\t\t\t<\/div>\n\t\t\t\t\t<\/div>\n\t\t<\/div>\n\t\t\t\t\t<\/div>\n\t\t<\/section>\n\t\t\t\t<section class=\"elementor-section elementor-top-section elementor-element elementor-element-386149b elementor-section-boxed elementor-section-height-default elementor-section-height-default\" data-id=\"386149b\" data-element_type=\"section\">\n\t\t\t\t\t\t<div class=\"elementor-container elementor-column-gap-default\">\n\t\t\t\t\t<div class=\"elementor-column elementor-col-100 elementor-top-column elementor-element elementor-element-2c93141\" data-id=\"2c93141\" data-element_type=\"column\">\n\t\t\t<div class=\"elementor-widget-wrap elementor-element-populated\">\n\t\t\t\t\t\t<div class=\"elementor-element elementor-element-d414cb8 elementor-widget elementor-widget-heading\" data-id=\"d414cb8\" data-element_type=\"widget\" data-widget_type=\"heading.default\">\n\t\t\t\t<div class=\"elementor-widget-container\">\n\t\t\t\t\t<h2 class=\"elementor-heading-title elementor-size-default\">Una asociaci\u00f3n s\u00f3lida con un objetivo com\u00fan<\/h2>\t\t\t\t<\/div>\n\t\t\t\t<\/div>\n\t\t\t\t<div class=\"elementor-element elementor-element-70e86ab elementor-widget elementor-widget-text-editor\" data-id=\"70e86ab\" data-element_type=\"widget\" data-widget_type=\"text-editor.default\">\n\t\t\t\t<div class=\"elementor-widget-container\">\n\t\t\t\t\t\t\t\t\t<p class=\"\" data-start=\"2397\" data-end=\"2774\">La velada tambi\u00e9n estuvo marcada por la presencia del Prefecto de Martinica, <strong>\u00c9tienne Desplanques<\/strong>, cuya visita subray\u00f3 la importancia institucional concedida al proceso de retorno.<\/p>\n<p class=\"\" data-start=\"2397\" data-end=\"2774\">No es casualidad que el acto se centrara en las finanzas personales. Uno de los mayores temores de los aspirantes a retornar es el econ\u00f3mico. \u00bfC\u00f3mo vas a establecerte definitivamente si no controlas tu presupuesto, si no conoces las herramientas adecuadas para ahorrar o invertir? Aqu\u00ed es donde entran en juego los especialistas para compartir su experiencia y sus consejos.   <\/p>\t\t\t\t\t\t\t\t<\/div>\n\t\t\t\t<\/div>\n\t\t\t\t<div class=\"elementor-element elementor-element-bbec74a elementor-widget elementor-widget-text-editor\" data-id=\"bbec74a\" data-element_type=\"widget\" data-widget_type=\"text-editor.default\">\n\t\t\t\t<div class=\"elementor-widget-container\">\n\t\t\t\t\t\t\t\t\t<p class=\"\" data-start=\"2776\" data-end=\"3157\"><strong>Cindy Sunkiss,<\/strong> fundadora de Sodaf\u00e9 y creadora del m\u00e9todo <strong>FODAF<\/strong>, insisti\u00f3 en la importancia de una organizaci\u00f3n financiera rigurosa, incluso con recursos modestos. Con su m\u00e9todo, ayuda a todo el mundo a gestionar su presupuesto del mismo modo que gestionar\u00eda un proyecto empresarial, fijando objetivos claros y recuperando una forma de libertad en sus elecciones vitales. <\/p>\n<p class=\"\" data-start=\"3159\" data-end=\"3599\"><strong>S\u00e9verine Marcussy,<\/strong> asesora en gesti\u00f3n patrimonial y fundadora de UNESSY, desmitific\u00f3 la creaci\u00f3n de riqueza. Para ella, no es una cuesti\u00f3n de riqueza, sino de disciplina. Con s\u00f3lo 50 euros al mes y una visi\u00f3n a largo plazo, puedes sentar las bases de un futuro mejor. Insisti\u00f3 en la necesidad de superar las creencias limitantes, a menudo heredadas o mantenidas por quienes te rodean.   <\/p>\t\t\t\t\t\t\t\t<\/div>\n\t\t\t\t<\/div>\n\t\t\t\t<div class=\"elementor-element elementor-element-5e21fb7 elementor-widget elementor-widget-text-editor\" data-id=\"5e21fb7\" data-element_type=\"widget\" data-widget_type=\"text-editor.default\">\n\t\t\t\t<div class=\"elementor-widget-container\">\n\t\t\t\t\t\t\t\t\t<p class=\"\" data-start=\"3601\" data-end=\"4079\">Desde el punto de vista institucional, <strong>Herv\u00e9 Louis-Jean<\/strong>, de<strong>EDUCFI<\/strong> (Educaci\u00f3n econ\u00f3mica, presupuestaria y financiera de los ciudadanos) del IEDOM, hizo un balance preocupante de la situaci\u00f3n: Martinica registr\u00f3 un aumento del 13% de los casos de sobreendeudamiento en 2023. Insisti\u00f3 en la importancia de desarrollar los reflejos presupuestarios desde la m\u00e1s tierna infancia, utilizando medios pedag\u00f3gicos, juegos y talleres organizados en las escuelas.   <strong>Para \u00e9l, la educaci\u00f3n financiera es una forma de capacitar a los ciudadanos, y es m\u00e1s necesaria que nunca.<\/strong><\/p>\n<p class=\"\" data-start=\"4081\" data-end=\"4812\"><strong>BRED, socio fiel de Al\u00e9 Vir\u00e9,<\/strong> reafirm\u00f3 su papel de apoyo a este din\u00e1mico regreso. Junto a su director, St\u00e9phane Timbert, Olivia Audenay y los equipos de BRED contribuyeron activamente al \u00e9xito del evento. Su acogida c\u00e1lida y profesional cre\u00f3 un espacio para debates francos y constructivos.  <\/p>\t\t\t\t\t\t\t\t<\/div>\n\t\t\t\t<\/div>\n\t\t\t\t<div class=\"elementor-element elementor-element-e534cad elementor-widget elementor-widget-text-editor\" data-id=\"e534cad\" data-element_type=\"widget\" data-widget_type=\"text-editor.default\">\n\t\t\t\t<div class=\"elementor-widget-container\">\n\t\t\t\t\t\t\t\t\t<p class=\"\" data-start=\"4081\" data-end=\"4812\"><strong>St\u00e9phane Timbert<\/strong> se\u00f1al\u00f3 que BRED, como banco cooperativo propiedad de sus miembros, da prioridad al apoyo humano y se compromete a largo plazo con el desarrollo local. En un momento en que muchas sucursales est\u00e1n cerrando, BRED tiene previsto abrir una nueva sucursal en el Caribe Norte, lo que demuestra su estrategia de invertir a contracorriente. <\/p>\t\t\t\t\t\t\t\t<\/div>\n\t\t\t\t<\/div>\n\t\t\t\t\t<\/div>\n\t\t<\/div>\n\t\t\t\t\t<\/div>\n\t\t<\/section>\n\t\t\t\t<section class=\"elementor-section elementor-top-section elementor-element elementor-element-c1e3378 elementor-section-boxed elementor-section-height-default elementor-section-height-default\" data-id=\"c1e3378\" data-element_type=\"section\">\n\t\t\t\t\t\t<div class=\"elementor-container elementor-column-gap-default\">\n\t\t\t\t\t<div class=\"elementor-column elementor-col-100 elementor-top-column elementor-element elementor-element-fbecb64\" data-id=\"fbecb64\" data-element_type=\"column\">\n\t\t\t<div class=\"elementor-widget-wrap elementor-element-populated\">\n\t\t\t\t\t\t<div class=\"elementor-element elementor-element-27e2663 elementor-widget elementor-widget-heading\" data-id=\"27e2663\" data-element_type=\"widget\" data-widget_type=\"heading.default\">\n\t\t\t\t<div class=\"elementor-widget-container\">\n\t\t\t\t\t<h2 class=\"elementor-heading-title elementor-size-default\">Fondear es posible, siempre que est\u00e9s preparado<\/h2>\t\t\t\t<\/div>\n\t\t\t\t<\/div>\n\t\t\t\t<div class=\"elementor-element elementor-element-85cc1cb elementor-widget elementor-widget-text-editor\" data-id=\"85cc1cb\" data-element_type=\"widget\" data-widget_type=\"text-editor.default\">\n\t\t\t\t<div class=\"elementor-widget-container\">\n\t\t\t\t\t\t\t\t\t<p class=\"\" data-start=\"4876\" data-end=\"5350\">La velada termin\u00f3 con una nota inspiradora, con el testimonio de <strong>Shirley Thorel<\/strong>, una empresaria que ha participado en el programa Stand Up de HEC. Gracias a esta formaci\u00f3n dedicada a las mujeres empresarias, pudo estructurar su proyecto y ganar en confianza. Su historia resuena con la de muchas mujeres de Martinica que buscan autonom\u00eda y reconocimiento profesional, y sirve de recordatorio de la importancia de los sistemas de apoyo para volver a casa con \u00e9xito.  <\/p>\n<p class=\"\" data-start=\"5352\" data-end=\"5702\">M\u00e1s all\u00e1 de las cifras y las herramientas, esta velada dio sobre todo a cada uno la oportunidad de proyectarse. Volver a casa no es s\u00f3lo conseguir un billete de avi\u00f3n. Se trata de reconstruirse en un ecosistema a menudo familiar&#8230; pero profundamente transformado. Para que este regreso sea un \u00e9xito, necesitas apoyo, puntos de referencia y una gesti\u00f3n l\u00facida de tus recursos.   <\/p>\t\t\t\t\t\t\t\t<\/div>\n\t\t\t\t<\/div>\n\t\t\t\t\t<\/div>\n\t\t<\/div>\n\t\t\t\t\t<\/div>\n\t\t<\/section>\n\t\t\t\t<section class=\"elementor-section elementor-top-section elementor-element elementor-element-2d90375 elementor-section-boxed elementor-section-height-default elementor-section-height-default\" data-id=\"2d90375\" data-element_type=\"section\">\n\t\t\t\t\t\t<div class=\"elementor-container elementor-column-gap-default\">\n\t\t\t\t\t<div class=\"elementor-column elementor-col-100 elementor-top-column elementor-element elementor-element-6b919c4\" data-id=\"6b919c4\" data-element_type=\"column\">\n\t\t\t<div class=\"elementor-widget-wrap elementor-element-populated\">\n\t\t\t\t\t\t<div class=\"elementor-element elementor-element-59c8ea3 elementor-widget elementor-widget-heading\" data-id=\"59c8ea3\" data-element_type=\"widget\" data-widget_type=\"heading.default\">\n\t\t\t\t<div class=\"elementor-widget-container\">\n\t\t\t\t\t<h2 class=\"elementor-heading-title elementor-size-default\">Volver, quedarse, reconstruir<\/h2>\t\t\t\t<\/div>\n\t\t\t\t<\/div>\n\t\t\t\t<div class=\"elementor-element elementor-element-6baa50b elementor-widget elementor-widget-text-editor\" data-id=\"6baa50b\" data-element_type=\"widget\" data-widget_type=\"text-editor.default\">\n\t\t\t\t<div class=\"elementor-widget-container\">\n\t\t\t\t\t\t\t\t\t<p class=\"\" data-start=\"5788\" data-end=\"6090\"><a href=\"https:\/\/www.instagram.com\/ale.vire\/\" target=\"_blank\" rel=\"noopener nofollow\">Al reunir a instituciones, profesionales de las finanzas, antiguos y futuros &#8220;vir\u00e9s&#8221;, Al\u00e9 Vir\u00e9<\/a> demostr\u00f3 que otro camino es posible. Uno en el que se valoren las trayectorias profesionales h\u00edbridas, en el que se fomente la vuelta al trabajo en lugar de dejarla a la improvisaci\u00f3n, y en el que se tome en serio el deseo de volver. <\/p>\n<p class=\"\" data-start=\"6092\" data-end=\"6477\">Porque el atractivo de una regi\u00f3n no se puede decretar: hay que construirlo. Paciencia, acci\u00f3n, transmisi\u00f3n. Y eso es precisamente lo que hace Al\u00e9 Vir\u00e9 desde hace seis a\u00f1os. En un momento en que Martinica busca un nuevo impulso, este tipo de iniciativa no s\u00f3lo es \u00fatil, sino vital. Volver a casa ya no debe ser un sue\u00f1o incierto, sino un proyecto apoyado, estructurado y compartido.    <\/p>\t\t\t\t\t\t\t\t<\/div>\n\t\t\t\t<\/div>\n\t\t\t\t\t<\/div>\n\t\t<\/div>\n\t\t\t\t\t<\/div>\n\t\t<\/section>\n\t\t\t\t<\/div>\n\t\t","protected":false},"excerpt":{"rendered":"<p>De vuelta a casa: Al\u00e9 Vir\u00e9, cuando el exilio se invierte y se organiza. Ante el \u00e9xodo masivo de sus j\u00f3venes, Martinica se enfrenta a un reto existencial: \u00bfc\u00f3mo animar a los ni\u00f1os del pa\u00eds a volver, establecerse y quedarse a largo plazo? Desde hace m\u00e1s de seis a\u00f1os, la asociaci\u00f3n Al\u00e9 Vir\u00e9 trabaja sobre [&hellip;]<\/p>\n","protected":false},"author":47,"featured_media":48351,"comment_status":"open","ping_status":"open","sticky":false,"template":"","format":"standard","meta":{"_acf_changed":false,"footnotes":""},"categories":[839],"tags":[816],"class_list":["post-48354","post","type-post","status-publish","format-standard","has-post-thumbnail","hentry","category-noticias","tag-martinique-es"],"acf":[],"_links":{"self":[{"href":"https:\/\/richeskarayib.com\/es\/wp-json\/wp\/v2\/posts\/48354","targetHints":{"allow":["GET"]}}],"collection":[{"href":"https:\/\/richeskarayib.com\/es\/wp-json\/wp\/v2\/posts"}],"about":[{"href":"https:\/\/richeskarayib.com\/es\/wp-json\/wp\/v2\/types\/post"}],"author":[{"embeddable":true,"href":"https:\/\/richeskarayib.com\/es\/wp-json\/wp\/v2\/users\/47"}],"replies":[{"embeddable":true,"href":"https:\/\/richeskarayib.com\/es\/wp-json\/wp\/v2\/comments?post=48354"}],"version-history":[{"count":0,"href":"https:\/\/richeskarayib.com\/es\/wp-json\/wp\/v2\/posts\/48354\/revisions"}],"wp:featuredmedia":[{"embeddable":true,"href":"https:\/\/richeskarayib.com\/es\/wp-json\/wp\/v2\/media\/48351"}],"wp:attachment":[{"href":"https:\/\/richeskarayib.com\/es\/wp-json\/wp\/v2\/media?parent=48354"}],"wp:term":[{"taxonomy":"category","embeddable":true,"href":"https:\/\/richeskarayib.com\/es\/wp-json\/wp\/v2\/categories?post=48354"},{"taxonomy":"post_tag","embeddable":true,"href":"https:\/\/richeskarayib.com\/es\/wp-json\/wp\/v2\/tags?post=48354"}],"curies":[{"name":"wp","href":"https:\/\/api.w.org\/{rel}","templated":true}]}}