{"id":48543,"date":"2025-04-08T12:47:55","date_gmt":"2025-04-08T16:47:55","guid":{"rendered":"https:\/\/richeskarayib.com\/san-cristobal-y-nieves-foro-de-comercio-y-negocios-el-sector-privado-motor-de-la-transicion-verde-en-el-caribe\/"},"modified":"2025-04-08T12:47:56","modified_gmt":"2025-04-08T16:47:56","slug":"san-cristobal-y-nieves-foro-de-comercio-y-negocios-el-sector-privado-motor-de-la-transicion-verde-en-el-caribe","status":"publish","type":"post","link":"https:\/\/richeskarayib.com\/es\/san-cristobal-y-nieves-foro-de-comercio-y-negocios-el-sector-privado-motor-de-la-transicion-verde-en-el-caribe\/","title":{"rendered":"San Crist\u00f3bal y Nieves &#8211; Foro de Comercio y Negocios: el sector privado, motor de la transici\u00f3n verde en el Caribe"},"content":{"rendered":"\t\t<div data-elementor-type=\"wp-post\" data-elementor-id=\"48543\" class=\"elementor elementor-48543 elementor-48497\" data-elementor-post-type=\"post\">\n\t\t\t\t\t\t<section class=\"elementor-section elementor-top-section elementor-element elementor-element-f922384 elementor-section-boxed elementor-section-height-default elementor-section-height-default\" data-id=\"f922384\" data-element_type=\"section\">\n\t\t\t\t\t\t<div class=\"elementor-container elementor-column-gap-default\">\n\t\t\t\t\t<div class=\"elementor-column elementor-col-100 elementor-top-column elementor-element elementor-element-cfc4ed8\" data-id=\"cfc4ed8\" data-element_type=\"column\">\n\t\t\t<div class=\"elementor-widget-wrap elementor-element-populated\">\n\t\t\t\t\t\t<div class=\"elementor-element elementor-element-179fae4 elementor-widget elementor-widget-text-editor\" data-id=\"179fae4\" data-element_type=\"widget\" data-widget_type=\"text-editor.default\">\n\t\t\t\t<div class=\"elementor-widget-container\">\n\t\t\t\t\t\t\t\t\t<p><b>El Foro de Comercio y Negocios<\/b><span style=\"font-weight: 400;\">organizado en <\/span><span style=\"font-weight: 400;\">Saint-Christophe-et-Ni\u00e9v\u00e8s<\/span> <span style=\"font-weight: 400;\">del 17 al 20 de marzo, puso de relieve una cuesti\u00f3n crucial: el papel indispensable del sector privado en la transici\u00f3n ecol\u00f3gica del Caribe. Este di\u00e1logo regional, dirigido por Caribbean Export en colaboraci\u00f3n con el <a href=\"https:\/\/www.greenclimate.fund\/event\/gcf-regional-dialogue-caribbean\" target=\"_blank\" rel=\"noopener nofollow\">Fondo Verde para el Clima (GCF<\/a> ), reuni\u00f3 a actores clave para explorar c\u00f3mo el comercio puede convertirse en motor de la resiliencia clim\u00e1tica y la transformaci\u00f3n econ\u00f3mica. Mientras la regi\u00f3n se enfrenta a los retos del cambio clim\u00e1tico,    <\/span><b>el Foro de Comercio y Negocios<\/b><span style=\"font-weight: 400;\"> ha allanado el camino hacia una econom\u00eda m\u00e1s sostenible y competitiva.<\/span><\/p>\t\t\t\t\t\t\t\t<\/div>\n\t\t\t\t<\/div>\n\t\t\t\t\t<\/div>\n\t\t<\/div>\n\t\t\t\t\t<\/div>\n\t\t<\/section>\n\t\t\t\t<section class=\"elementor-section elementor-top-section elementor-element elementor-element-5e01675 elementor-section-boxed elementor-section-height-default elementor-section-height-default\" data-id=\"5e01675\" data-element_type=\"section\">\n\t\t\t\t\t\t<div class=\"elementor-container elementor-column-gap-default\">\n\t\t\t\t\t<div class=\"elementor-column elementor-col-100 elementor-top-column elementor-element elementor-element-d8b23c1\" data-id=\"d8b23c1\" data-element_type=\"column\">\n\t\t\t<div class=\"elementor-widget-wrap elementor-element-populated\">\n\t\t\t\t\t\t<div class=\"elementor-element elementor-element-f20b64e elementor-widget elementor-widget-heading\" data-id=\"f20b64e\" data-element_type=\"widget\" data-widget_type=\"heading.default\">\n\t\t\t\t<div class=\"elementor-widget-container\">\n\t\t\t\t\t<h2 class=\"elementor-heading-title elementor-size-default\">Comercio caribe\u00f1o: oportunidades y retos<\/h2>\t\t\t\t<\/div>\n\t\t\t\t<\/div>\n\t\t\t\t<div class=\"elementor-element elementor-element-9bcbfcc elementor-widget elementor-widget-text-editor\" data-id=\"9bcbfcc\" data-element_type=\"widget\" data-widget_type=\"text-editor.default\">\n\t\t\t\t<div class=\"elementor-widget-container\">\n\t\t\t\t\t\t\t\t\t<p><span style=\"font-weight: 400;\">En 2023, <a href=\"https:\/\/richeskarayib.com\/es\/?p=46351\" target=\"_blank\" rel=\"noopener\">CARICOM<\/a> registr\u00f3 40.200 millones de d\u00f3lares de exportaciones frente a 49.600 millones de importaciones, lo que revela un preocupante d\u00e9ficit comercial. Estas cifras subrayan la necesidad de una mayor resistencia econ\u00f3mica. Las micro, peque\u00f1as y medianas empresas (MIPYME), que representan entre el 70% y el 85% de las econom\u00edas caribe\u00f1as, est\u00e1n en el centro de esta transformaci\u00f3n. Estas empresas desempe\u00f1an un papel clave en la sostenibilidad econ\u00f3mica aprovechando las oportunidades que ofrece el comercio verde.   <\/span><\/p>\t\t\t\t\t\t\t\t<\/div>\n\t\t\t\t<\/div>\n\t\t\t\t<div class=\"elementor-element elementor-element-43b55c1 elementor-widget elementor-widget-text-editor\" data-id=\"43b55c1\" data-element_type=\"widget\" data-widget_type=\"text-editor.default\">\n\t\t\t\t<div class=\"elementor-widget-container\">\n\t\t\t\t\t\t\t\t\t<p><b>El Foro de Comercio y Negocios<\/b><span style=\"font-weight: 400;\"> destac\u00f3 los sectores clave para el crecimiento, entre ellos :<\/span><\/p><ul><li style=\"font-weight: 400;\" aria-level=\"1\"><span style=\"font-weight: 400;\">Agricultura sostenible, con el ambicioso objetivo de reducir las importaciones de alimentos en un 25% para 2030.<\/span><span style=\"font-weight: 400;\"><br><\/span><\/li><li style=\"font-weight: 400;\" aria-level=\"1\"><span style=\"font-weight: 400;\">Energ\u00eda limpia, donde el Caribe tiene un inmenso potencial gracias a sus recursos naturales.<\/span><\/li><li style=\"font-weight: 400;\" aria-level=\"1\">La transformaci\u00f3n digital, que est\u00e1 revolucionando las cadenas de suministro y mejorando la eficacia empresarial.<\/li><\/ul>\t\t\t\t\t\t\t\t<\/div>\n\t\t\t\t<\/div>\n\t\t\t\t<section class=\"elementor-section elementor-inner-section elementor-element elementor-element-6d87e09 elementor-section-boxed elementor-section-height-default elementor-section-height-default\" data-id=\"6d87e09\" data-element_type=\"section\">\n\t\t\t\t\t\t<div class=\"elementor-container elementor-column-gap-default\">\n\t\t\t\t\t<div class=\"elementor-column elementor-col-25 elementor-inner-column elementor-element elementor-element-aa25cb8\" data-id=\"aa25cb8\" data-element_type=\"column\">\n\t\t\t<div class=\"elementor-widget-wrap elementor-element-populated\">\n\t\t\t\t\t\t<div class=\"elementor-element elementor-element-4e8ee24 elementor-widget elementor-widget-image\" data-id=\"4e8ee24\" data-element_type=\"widget\" data-widget_type=\"image.default\">\n\t\t\t\t<div class=\"elementor-widget-container\">\n\t\t\t\t\t\t\t\t\t\t\t\t\t\t\t<img fetchpriority=\"high\" decoding=\"async\" width=\"800\" height=\"534\" src=\"https:\/\/richeskarayib.com\/wp-content\/uploads\/2025\/04\/099a5907_54408136097_o-1024x683.jpg\" class=\"attachment-large size-large wp-image-48505\" alt=\"Forum sur le commerce et les affaires\" srcset=\"https:\/\/richeskarayib.com\/wp-content\/uploads\/2025\/04\/099a5907_54408136097_o-1024x683.jpg 1024w, https:\/\/richeskarayib.com\/wp-content\/uploads\/2025\/04\/099a5907_54408136097_o-300x200.jpg 300w, https:\/\/richeskarayib.com\/wp-content\/uploads\/2025\/04\/099a5907_54408136097_o-768x512.jpg 768w, https:\/\/richeskarayib.com\/wp-content\/uploads\/2025\/04\/099a5907_54408136097_o-1536x1024.jpg 1536w, https:\/\/richeskarayib.com\/wp-content\/uploads\/2025\/04\/099a5907_54408136097_o-1320x880.jpg 1320w, https:\/\/richeskarayib.com\/wp-content\/uploads\/2025\/04\/099a5907_54408136097_o.jpg 1920w\" sizes=\"(max-width: 800px) 100vw, 800px\" \/>\t\t\t\t\t\t\t\t\t\t\t\t\t\t\t<\/div>\n\t\t\t\t<\/div>\n\t\t\t\t\t<\/div>\n\t\t<\/div>\n\t\t\t\t<div class=\"elementor-column elementor-col-25 elementor-inner-column elementor-element elementor-element-264e342\" data-id=\"264e342\" data-element_type=\"column\">\n\t\t\t<div class=\"elementor-widget-wrap elementor-element-populated\">\n\t\t\t\t\t\t<div class=\"elementor-element elementor-element-2cd89c1 elementor-widget elementor-widget-image\" data-id=\"2cd89c1\" data-element_type=\"widget\" data-widget_type=\"image.default\">\n\t\t\t\t<div class=\"elementor-widget-container\">\n\t\t\t\t\t\t\t\t\t\t\t\t\t\t\t<img decoding=\"async\" width=\"800\" height=\"534\" src=\"https:\/\/richeskarayib.com\/wp-content\/uploads\/2025\/04\/099a5953_54409004821_o-1024x683.jpg\" class=\"attachment-large size-large wp-image-48509\" alt=\"Forum sur le commerce et les affaires\" srcset=\"https:\/\/richeskarayib.com\/wp-content\/uploads\/2025\/04\/099a5953_54409004821_o-1024x683.jpg 1024w, https:\/\/richeskarayib.com\/wp-content\/uploads\/2025\/04\/099a5953_54409004821_o-300x200.jpg 300w, https:\/\/richeskarayib.com\/wp-content\/uploads\/2025\/04\/099a5953_54409004821_o-768x512.jpg 768w, https:\/\/richeskarayib.com\/wp-content\/uploads\/2025\/04\/099a5953_54409004821_o-1536x1024.jpg 1536w, https:\/\/richeskarayib.com\/wp-content\/uploads\/2025\/04\/099a5953_54409004821_o-1320x880.jpg 1320w, https:\/\/richeskarayib.com\/wp-content\/uploads\/2025\/04\/099a5953_54409004821_o.jpg 1920w\" sizes=\"(max-width: 800px) 100vw, 800px\" \/>\t\t\t\t\t\t\t\t\t\t\t\t\t\t\t<\/div>\n\t\t\t\t<\/div>\n\t\t\t\t\t<\/div>\n\t\t<\/div>\n\t\t\t\t<div class=\"elementor-column elementor-col-25 elementor-inner-column elementor-element elementor-element-27ff9a4\" data-id=\"27ff9a4\" data-element_type=\"column\">\n\t\t\t<div class=\"elementor-widget-wrap elementor-element-populated\">\n\t\t\t\t\t\t<div class=\"elementor-element elementor-element-f679e00 elementor-widget elementor-widget-image\" data-id=\"f679e00\" data-element_type=\"widget\" data-widget_type=\"image.default\">\n\t\t\t\t<div class=\"elementor-widget-container\">\n\t\t\t\t\t\t\t\t\t\t\t\t\t\t\t<img decoding=\"async\" width=\"800\" height=\"534\" src=\"https:\/\/richeskarayib.com\/wp-content\/uploads\/2025\/04\/099a5975_54409186964_o-1024x683.jpg\" class=\"attachment-large size-large wp-image-48513\" alt=\"Forum sur le commerce et les affaires\" srcset=\"https:\/\/richeskarayib.com\/wp-content\/uploads\/2025\/04\/099a5975_54409186964_o-1024x683.jpg 1024w, https:\/\/richeskarayib.com\/wp-content\/uploads\/2025\/04\/099a5975_54409186964_o-300x200.jpg 300w, https:\/\/richeskarayib.com\/wp-content\/uploads\/2025\/04\/099a5975_54409186964_o-768x512.jpg 768w, https:\/\/richeskarayib.com\/wp-content\/uploads\/2025\/04\/099a5975_54409186964_o-1536x1024.jpg 1536w, https:\/\/richeskarayib.com\/wp-content\/uploads\/2025\/04\/099a5975_54409186964_o-1320x880.jpg 1320w, https:\/\/richeskarayib.com\/wp-content\/uploads\/2025\/04\/099a5975_54409186964_o.jpg 1920w\" sizes=\"(max-width: 800px) 100vw, 800px\" \/>\t\t\t\t\t\t\t\t\t\t\t\t\t\t\t<\/div>\n\t\t\t\t<\/div>\n\t\t\t\t\t<\/div>\n\t\t<\/div>\n\t\t\t\t<div class=\"elementor-column elementor-col-25 elementor-inner-column elementor-element elementor-element-75138ff\" data-id=\"75138ff\" data-element_type=\"column\">\n\t\t\t<div class=\"elementor-widget-wrap elementor-element-populated\">\n\t\t\t\t\t\t<div class=\"elementor-element elementor-element-acd2e8c elementor-widget elementor-widget-image\" data-id=\"acd2e8c\" data-element_type=\"widget\" data-widget_type=\"image.default\">\n\t\t\t\t<div class=\"elementor-widget-container\">\n\t\t\t\t\t\t\t\t\t\t\t\t\t\t\t<img loading=\"lazy\" decoding=\"async\" width=\"800\" height=\"534\" src=\"https:\/\/richeskarayib.com\/wp-content\/uploads\/2025\/04\/099a6098_54408136052_o-1024x683.jpg\" class=\"attachment-large size-large wp-image-48517\" alt=\"Forum sur le commerce et les affaires\" srcset=\"https:\/\/richeskarayib.com\/wp-content\/uploads\/2025\/04\/099a6098_54408136052_o-1024x683.jpg 1024w, https:\/\/richeskarayib.com\/wp-content\/uploads\/2025\/04\/099a6098_54408136052_o-300x200.jpg 300w, https:\/\/richeskarayib.com\/wp-content\/uploads\/2025\/04\/099a6098_54408136052_o-768x512.jpg 768w, https:\/\/richeskarayib.com\/wp-content\/uploads\/2025\/04\/099a6098_54408136052_o-1536x1024.jpg 1536w, https:\/\/richeskarayib.com\/wp-content\/uploads\/2025\/04\/099a6098_54408136052_o-1320x880.jpg 1320w, https:\/\/richeskarayib.com\/wp-content\/uploads\/2025\/04\/099a6098_54408136052_o.jpg 1920w\" sizes=\"(max-width: 800px) 100vw, 800px\" \/>\t\t\t\t\t\t\t\t\t\t\t\t\t\t\t<\/div>\n\t\t\t\t<\/div>\n\t\t\t\t\t<\/div>\n\t\t<\/div>\n\t\t\t\t\t<\/div>\n\t\t<\/section>\n\t\t\t\t\t<\/div>\n\t\t<\/div>\n\t\t\t\t\t<\/div>\n\t\t<\/section>\n\t\t\t\t<section class=\"elementor-section elementor-top-section elementor-element elementor-element-386149b elementor-section-boxed elementor-section-height-default elementor-section-height-default\" data-id=\"386149b\" data-element_type=\"section\">\n\t\t\t\t\t\t<div class=\"elementor-container elementor-column-gap-default\">\n\t\t\t\t\t<div class=\"elementor-column elementor-col-100 elementor-top-column elementor-element elementor-element-2c93141\" data-id=\"2c93141\" data-element_type=\"column\">\n\t\t\t<div class=\"elementor-widget-wrap elementor-element-populated\">\n\t\t\t\t\t\t<div class=\"elementor-element elementor-element-d414cb8 elementor-widget elementor-widget-heading\" data-id=\"d414cb8\" data-element_type=\"widget\" data-widget_type=\"heading.default\">\n\t\t\t\t<div class=\"elementor-widget-container\">\n\t\t\t\t\t<h2 class=\"elementor-heading-title elementor-size-default\">Industrias sostenibles: potencial y obst\u00e1culos<\/h2>\t\t\t\t<\/div>\n\t\t\t\t<\/div>\n\t\t\t\t<div class=\"elementor-element elementor-element-70e86ab elementor-widget elementor-widget-text-editor\" data-id=\"70e86ab\" data-element_type=\"widget\" data-widget_type=\"text-editor.default\">\n\t\t\t\t<div class=\"elementor-widget-container\">\n\t\t\t\t\t\t\t\t\t<p><span style=\"font-weight: 400;\">El Caribe lo tiene todo para convertirse en l\u00edder de industrias sostenibles como :<\/span><\/p><ol><li style=\"font-weight: 400;\" aria-level=\"1\"><span style=\"font-weight: 400;\">Energ\u00eda limpia, con una creciente adopci\u00f3n de energ\u00edas renovables.<\/span><span style=\"font-weight: 400;\"><br><\/span><\/li><li style=\"font-weight: 400;\" aria-level=\"1\"><span style=\"font-weight: 400;\">La econom\u00eda azul, que promueve el uso sostenible de los oc\u00e9anos.<\/span><span style=\"font-weight: 400;\"><br><\/span><\/li><\/ol><p><span style=\"font-weight: 400;\">Industrias oce\u00e1nicas, esenciales para un crecimiento respetuoso con el medio ambiente.<\/span><\/p>\t\t\t\t\t\t\t\t<\/div>\n\t\t\t\t<\/div>\n\t\t\t\t<div class=\"elementor-element elementor-element-3a99365 elementor-widget elementor-widget-text-editor\" data-id=\"3a99365\" data-element_type=\"widget\" data-widget_type=\"text-editor.default\">\n\t\t\t\t<div class=\"elementor-widget-container\">\n\t\t\t\t\t\t\t\t\t<p><span style=\"font-weight: 400;\">Sin embargo, el <\/span><b>Foro de Comercio y Negocios<\/b><span style=\"font-weight: 400;\"> puso de relieve una serie de obst\u00e1culos:<\/span><\/p><ul><li style=\"font-weight: 400;\" aria-level=\"1\"><span style=\"font-weight: 400;\">Retos log\u00edsticos relacionados con la insularidad.<\/span><span style=\"font-weight: 400;\"><br><\/span><\/li><li style=\"font-weight: 400;\" aria-level=\"1\"><span style=\"font-weight: 400;\">Las lagunas normativas frenan la inversi\u00f3n.<\/span><\/li><li style=\"font-weight: 400;\" aria-level=\"1\">Restricciones financieras que limitan el acceso a las tecnolog\u00edas modernas.<\/li><\/ul>\t\t\t\t\t\t\t\t<\/div>\n\t\t\t\t<\/div>\n\t\t\t\t<div class=\"elementor-element elementor-element-c2a6197 elementor-widget elementor-widget-text-editor\" data-id=\"c2a6197\" data-element_type=\"widget\" data-widget_type=\"text-editor.default\">\n\t\t\t\t<div class=\"elementor-widget-container\">\n\t\t\t\t\t\t\t\t\t<p><span style=\"font-weight: 400;\">Para alcanzar sus objetivos clim\u00e1ticos, especialmente en agricultura sostenible, la CARICOM necesita invertir masivamente en pr\u00e1cticas como la agricultura org\u00e1nica y la agricultura clim\u00e1ticamente inteligente. Estos esfuerzos requieren una modernizaci\u00f3n urgente de las cadenas de suministro. <\/span><\/p>\t\t\t\t\t\t\t\t<\/div>\n\t\t\t\t<\/div>\n\t\t\t\t\t<\/div>\n\t\t<\/div>\n\t\t\t\t\t<\/div>\n\t\t<\/section>\n\t\t\t\t<section class=\"elementor-section elementor-top-section elementor-element elementor-element-c1e3378 elementor-section-boxed elementor-section-height-default elementor-section-height-default\" data-id=\"c1e3378\" data-element_type=\"section\">\n\t\t\t\t\t\t<div class=\"elementor-container elementor-column-gap-default\">\n\t\t\t\t\t<div class=\"elementor-column elementor-col-100 elementor-top-column elementor-element elementor-element-fbecb64\" data-id=\"fbecb64\" data-element_type=\"column\">\n\t\t\t<div class=\"elementor-widget-wrap elementor-element-populated\">\n\t\t\t\t\t\t<div class=\"elementor-element elementor-element-27e2663 elementor-widget elementor-widget-heading\" data-id=\"27e2663\" data-element_type=\"widget\" data-widget_type=\"heading.default\">\n\t\t\t\t<div class=\"elementor-widget-container\">\n\t\t\t\t\t<h2 class=\"elementor-heading-title elementor-size-default\">La transformaci\u00f3n digital como catalizador de la econom\u00eda verde<\/h2>\t\t\t\t<\/div>\n\t\t\t\t<\/div>\n\t\t\t\t<div class=\"elementor-element elementor-element-85cc1cb elementor-widget elementor-widget-text-editor\" data-id=\"85cc1cb\" data-element_type=\"widget\" data-widget_type=\"text-editor.default\">\n\t\t\t\t<div class=\"elementor-widget-container\">\n\t\t\t\t\t\t\t\t\t<p><span style=\"font-weight: 400;\">La transformaci\u00f3n digital es una piedra angular de esta transici\u00f3n ecol\u00f3gica. Tecnolog\u00edas como : <\/span><\/p><ul><li style=\"font-weight: 400;\" aria-level=\"1\"><span style=\"font-weight: 400;\">Inteligencia artificial (IA),<\/span><span style=\"font-weight: 400;\"><br><\/span><\/li><li style=\"font-weight: 400;\" aria-level=\"1\"><span style=\"font-weight: 400;\">Blockchain,<\/span><\/li><li style=\"font-weight: 400;\" aria-level=\"1\"><span style=\"font-weight: 400;\">El Internet de las Cosas (IoT <\/span>) puede mejorar significativamente la eficiencia empresarial al tiempo que aumenta la transparencia.<\/li><\/ul><p><b>El Foro de Comercio y Empresa<\/b> ilustr\u00f3 c\u00f3mo estas herramientas pueden optimizar la gesti\u00f3n de los recursos agr\u00edcolas o facilitar el seguimiento de las cadenas de suministro sostenibles.<\/p>\t\t\t\t\t\t\t\t<\/div>\n\t\t\t\t<\/div>\n\t\t\t\t<section class=\"elementor-section elementor-inner-section elementor-element elementor-element-9b255a1 elementor-section-boxed elementor-section-height-default elementor-section-height-default\" data-id=\"9b255a1\" data-element_type=\"section\">\n\t\t\t\t\t\t<div class=\"elementor-container elementor-column-gap-default\">\n\t\t\t\t\t<div class=\"elementor-column elementor-col-50 elementor-inner-column elementor-element elementor-element-e100951\" data-id=\"e100951\" data-element_type=\"column\">\n\t\t\t<div class=\"elementor-widget-wrap elementor-element-populated\">\n\t\t\t\t\t\t<div class=\"elementor-element elementor-element-69c3dab elementor-widget elementor-widget-image\" data-id=\"69c3dab\" data-element_type=\"widget\" data-widget_type=\"image.default\">\n\t\t\t\t<div class=\"elementor-widget-container\">\n\t\t\t\t\t\t\t\t\t\t\t\t\t\t\t<img loading=\"lazy\" decoding=\"async\" width=\"683\" height=\"1024\" src=\"https:\/\/richeskarayib.com\/wp-content\/uploads\/2025\/04\/099a5613_54408136157_o-683x1024.jpg\" class=\"attachment-large size-large wp-image-48521\" alt=\"Forum sur le commerce et les affaires\" srcset=\"https:\/\/richeskarayib.com\/wp-content\/uploads\/2025\/04\/099a5613_54408136157_o-683x1024.jpg 683w, https:\/\/richeskarayib.com\/wp-content\/uploads\/2025\/04\/099a5613_54408136157_o-200x300.jpg 200w, https:\/\/richeskarayib.com\/wp-content\/uploads\/2025\/04\/099a5613_54408136157_o-768x1152.jpg 768w, https:\/\/richeskarayib.com\/wp-content\/uploads\/2025\/04\/099a5613_54408136157_o-1024x1536.jpg 1024w, https:\/\/richeskarayib.com\/wp-content\/uploads\/2025\/04\/099a5613_54408136157_o.jpg 1280w\" sizes=\"(max-width: 683px) 100vw, 683px\" \/>\t\t\t\t\t\t\t\t\t\t\t\t\t\t\t<\/div>\n\t\t\t\t<\/div>\n\t\t\t\t\t<\/div>\n\t\t<\/div>\n\t\t\t\t<div class=\"elementor-column elementor-col-50 elementor-inner-column elementor-element elementor-element-1d474dc\" data-id=\"1d474dc\" data-element_type=\"column\">\n\t\t\t<div class=\"elementor-widget-wrap elementor-element-populated\">\n\t\t\t\t\t\t<div class=\"elementor-element elementor-element-5dce370 elementor-widget elementor-widget-image\" data-id=\"5dce370\" data-element_type=\"widget\" data-widget_type=\"image.default\">\n\t\t\t\t<div class=\"elementor-widget-container\">\n\t\t\t\t\t\t\t\t\t\t\t\t\t\t\t<img loading=\"lazy\" decoding=\"async\" width=\"683\" height=\"1024\" src=\"https:\/\/richeskarayib.com\/wp-content\/uploads\/2025\/04\/099a5626_54409004846_o-683x1024.jpg\" class=\"attachment-large size-large wp-image-48525\" alt=\"Forum sur le commerce et les affaires\" srcset=\"https:\/\/richeskarayib.com\/wp-content\/uploads\/2025\/04\/099a5626_54409004846_o-683x1024.jpg 683w, https:\/\/richeskarayib.com\/wp-content\/uploads\/2025\/04\/099a5626_54409004846_o-200x300.jpg 200w, https:\/\/richeskarayib.com\/wp-content\/uploads\/2025\/04\/099a5626_54409004846_o-768x1152.jpg 768w, https:\/\/richeskarayib.com\/wp-content\/uploads\/2025\/04\/099a5626_54409004846_o-1024x1536.jpg 1024w, https:\/\/richeskarayib.com\/wp-content\/uploads\/2025\/04\/099a5626_54409004846_o.jpg 1280w\" sizes=\"(max-width: 683px) 100vw, 683px\" \/>\t\t\t\t\t\t\t\t\t\t\t\t\t\t\t<\/div>\n\t\t\t\t<\/div>\n\t\t\t\t\t<\/div>\n\t\t<\/div>\n\t\t\t\t\t<\/div>\n\t\t<\/section>\n\t\t\t\t\t<\/div>\n\t\t<\/div>\n\t\t\t\t\t<\/div>\n\t\t<\/section>\n\t\t\t\t<section class=\"elementor-section elementor-top-section elementor-element elementor-element-2d90375 elementor-section-boxed elementor-section-height-default elementor-section-height-default\" data-id=\"2d90375\" data-element_type=\"section\">\n\t\t\t\t\t\t<div class=\"elementor-container elementor-column-gap-default\">\n\t\t\t\t\t<div class=\"elementor-column elementor-col-100 elementor-top-column elementor-element elementor-element-6b919c4\" data-id=\"6b919c4\" data-element_type=\"column\">\n\t\t\t<div class=\"elementor-widget-wrap elementor-element-populated\">\n\t\t\t\t\t\t<div class=\"elementor-element elementor-element-59c8ea3 elementor-widget elementor-widget-heading\" data-id=\"59c8ea3\" data-element_type=\"widget\" data-widget_type=\"heading.default\">\n\t\t\t\t<div class=\"elementor-widget-container\">\n\t\t\t\t\t<h2 class=\"elementor-heading-title elementor-size-default\">Financiaci\u00f3n verde: una palanca esencial para el sector privado<\/h2>\t\t\t\t<\/div>\n\t\t\t\t<\/div>\n\t\t\t\t<div class=\"elementor-element elementor-element-6baa50b elementor-widget elementor-widget-text-editor\" data-id=\"6baa50b\" data-element_type=\"widget\" data-widget_type=\"text-editor.default\">\n\t\t\t\t<div class=\"elementor-widget-container\">\n\t\t\t\t\t\t\t\t\t<p><span style=\"font-weight: 400;\">Un reto importante para las empresas caribe\u00f1as es el acceso a una financiaci\u00f3n asequible para sus iniciativas ecol\u00f3gicas. En el   <\/span><b>En este Foro de Comercio y Negocios<\/b><span style=\"font-weight: 400;\">varias instituciones financieras presentaron sus soluciones innovadoras:<\/span><\/p><ol><li style=\"font-weight: 400;\" aria-level=\"1\"><span style=\"font-weight: 400;\">Republic Bank ofrece instrumentos adaptados a los proyectos ecol\u00f3gicos.<\/span><span style=\"font-weight: 400;\"><br><\/span><\/li><li style=\"font-weight: 400;\" aria-level=\"1\"><span style=\"font-weight: 400;\">El Fondo de Desarrollo de la CARICOM (FDC) proporciona apoyo financiero a las MIPYME comprometidas con la sostenibilidad.<\/span><\/li><\/ol>\t\t\t\t\t\t\t\t<\/div>\n\t\t\t\t<\/div>\n\t\t\t\t<div class=\"elementor-element elementor-element-42235e7 elementor-widget elementor-widget-text-editor\" data-id=\"42235e7\" data-element_type=\"widget\" data-widget_type=\"text-editor.default\">\n\t\t\t\t<div class=\"elementor-widget-container\">\n\t\t\t\t\t\t\t\t\t<p><span style=\"font-weight: 400;\">El Fondo Verde para el Clima tambi\u00e9n comparti\u00f3 estudios de casos inspiradores, como el programa &#8220;Aceleraci\u00f3n de la Acci\u00f3n Solar&#8221; en Ghana. Estos ejemplos muestran c\u00f3mo la financiaci\u00f3n en condiciones favorables puede fomentar la inversi\u00f3n privada en resiliencia clim\u00e1tica. <\/span><\/p>\t\t\t\t\t\t\t\t<\/div>\n\t\t\t\t<\/div>\n\t\t\t\t<section class=\"elementor-section elementor-inner-section elementor-element elementor-element-330956f elementor-section-boxed elementor-section-height-default elementor-section-height-default\" data-id=\"330956f\" data-element_type=\"section\">\n\t\t\t\t\t\t<div class=\"elementor-container elementor-column-gap-default\">\n\t\t\t\t\t<div class=\"elementor-column elementor-col-25 elementor-inner-column elementor-element elementor-element-10353a3\" data-id=\"10353a3\" data-element_type=\"column\">\n\t\t\t<div class=\"elementor-widget-wrap elementor-element-populated\">\n\t\t\t\t\t\t<div class=\"elementor-element elementor-element-68c730b elementor-widget elementor-widget-image\" data-id=\"68c730b\" data-element_type=\"widget\" data-widget_type=\"image.default\">\n\t\t\t\t<div class=\"elementor-widget-container\">\n\t\t\t\t\t\t\t\t\t\t\t\t\t\t\t<img loading=\"lazy\" decoding=\"async\" width=\"800\" height=\"534\" src=\"https:\/\/richeskarayib.com\/wp-content\/uploads\/2025\/04\/099a6225_54409248503_o-1024x683.jpg\" class=\"attachment-large size-large wp-image-48529\" alt=\"Forum sur le commerce et les affaires\" srcset=\"https:\/\/richeskarayib.com\/wp-content\/uploads\/2025\/04\/099a6225_54409248503_o-1024x683.jpg 1024w, https:\/\/richeskarayib.com\/wp-content\/uploads\/2025\/04\/099a6225_54409248503_o-300x200.jpg 300w, https:\/\/richeskarayib.com\/wp-content\/uploads\/2025\/04\/099a6225_54409248503_o-768x512.jpg 768w, https:\/\/richeskarayib.com\/wp-content\/uploads\/2025\/04\/099a6225_54409248503_o-1536x1024.jpg 1536w, https:\/\/richeskarayib.com\/wp-content\/uploads\/2025\/04\/099a6225_54409248503_o-1320x880.jpg 1320w, https:\/\/richeskarayib.com\/wp-content\/uploads\/2025\/04\/099a6225_54409248503_o.jpg 1920w\" sizes=\"(max-width: 800px) 100vw, 800px\" \/>\t\t\t\t\t\t\t\t\t\t\t\t\t\t\t<\/div>\n\t\t\t\t<\/div>\n\t\t\t\t\t<\/div>\n\t\t<\/div>\n\t\t\t\t<div class=\"elementor-column elementor-col-25 elementor-inner-column elementor-element elementor-element-26e5cfe\" data-id=\"26e5cfe\" data-element_type=\"column\">\n\t\t\t<div class=\"elementor-widget-wrap elementor-element-populated\">\n\t\t\t\t\t\t<div class=\"elementor-element elementor-element-fbc945c elementor-widget elementor-widget-image\" data-id=\"fbc945c\" data-element_type=\"widget\" data-widget_type=\"image.default\">\n\t\t\t\t<div class=\"elementor-widget-container\">\n\t\t\t\t\t\t\t\t\t\t\t\t\t\t\t<img loading=\"lazy\" decoding=\"async\" width=\"800\" height=\"534\" src=\"https:\/\/richeskarayib.com\/wp-content\/uploads\/2025\/04\/099a6272_54409005356_o-1024x683.jpg\" class=\"attachment-large size-large wp-image-48533\" alt=\"Forum sur le commerce et les affaires\" srcset=\"https:\/\/richeskarayib.com\/wp-content\/uploads\/2025\/04\/099a6272_54409005356_o-1024x683.jpg 1024w, https:\/\/richeskarayib.com\/wp-content\/uploads\/2025\/04\/099a6272_54409005356_o-300x200.jpg 300w, https:\/\/richeskarayib.com\/wp-content\/uploads\/2025\/04\/099a6272_54409005356_o-768x512.jpg 768w, https:\/\/richeskarayib.com\/wp-content\/uploads\/2025\/04\/099a6272_54409005356_o-1536x1024.jpg 1536w, https:\/\/richeskarayib.com\/wp-content\/uploads\/2025\/04\/099a6272_54409005356_o-1320x880.jpg 1320w, https:\/\/richeskarayib.com\/wp-content\/uploads\/2025\/04\/099a6272_54409005356_o.jpg 1920w\" sizes=\"(max-width: 800px) 100vw, 800px\" \/>\t\t\t\t\t\t\t\t\t\t\t\t\t\t\t<\/div>\n\t\t\t\t<\/div>\n\t\t\t\t\t<\/div>\n\t\t<\/div>\n\t\t\t\t<div class=\"elementor-column elementor-col-25 elementor-inner-column elementor-element elementor-element-06f95a5\" data-id=\"06f95a5\" data-element_type=\"column\">\n\t\t\t<div class=\"elementor-widget-wrap elementor-element-populated\">\n\t\t\t\t\t\t<div class=\"elementor-element elementor-element-cf46adb elementor-widget elementor-widget-image\" data-id=\"cf46adb\" data-element_type=\"widget\" data-widget_type=\"image.default\">\n\t\t\t\t<div class=\"elementor-widget-container\">\n\t\t\t\t\t\t\t\t\t\t\t\t\t\t\t<img loading=\"lazy\" decoding=\"async\" width=\"800\" height=\"534\" src=\"https:\/\/richeskarayib.com\/wp-content\/uploads\/2025\/04\/099a6359_54409248433_o-1024x683.jpg\" class=\"attachment-large size-large wp-image-48537\" alt=\"Forum sur le commerce et les affaires\" srcset=\"https:\/\/richeskarayib.com\/wp-content\/uploads\/2025\/04\/099a6359_54409248433_o-1024x683.jpg 1024w, https:\/\/richeskarayib.com\/wp-content\/uploads\/2025\/04\/099a6359_54409248433_o-300x200.jpg 300w, https:\/\/richeskarayib.com\/wp-content\/uploads\/2025\/04\/099a6359_54409248433_o-768x512.jpg 768w, https:\/\/richeskarayib.com\/wp-content\/uploads\/2025\/04\/099a6359_54409248433_o-1536x1024.jpg 1536w, https:\/\/richeskarayib.com\/wp-content\/uploads\/2025\/04\/099a6359_54409248433_o-1320x880.jpg 1320w, https:\/\/richeskarayib.com\/wp-content\/uploads\/2025\/04\/099a6359_54409248433_o.jpg 1920w\" sizes=\"(max-width: 800px) 100vw, 800px\" \/>\t\t\t\t\t\t\t\t\t\t\t\t\t\t\t<\/div>\n\t\t\t\t<\/div>\n\t\t\t\t\t<\/div>\n\t\t<\/div>\n\t\t\t\t<div class=\"elementor-column elementor-col-25 elementor-inner-column elementor-element elementor-element-5cacc1a\" data-id=\"5cacc1a\" data-element_type=\"column\">\n\t\t\t<div class=\"elementor-widget-wrap elementor-element-populated\">\n\t\t\t\t\t\t<div class=\"elementor-element elementor-element-7054944 elementor-widget elementor-widget-image\" data-id=\"7054944\" data-element_type=\"widget\" data-widget_type=\"image.default\">\n\t\t\t\t<div class=\"elementor-widget-container\">\n\t\t\t\t\t\t\t\t\t\t\t\t\t\t\t<img loading=\"lazy\" decoding=\"async\" width=\"800\" height=\"534\" src=\"https:\/\/richeskarayib.com\/wp-content\/uploads\/2025\/04\/099a6400_54409381625_o-1024x683.jpg\" class=\"attachment-large size-large wp-image-48541\" alt=\"Forum sur le commerce et les affaires\" srcset=\"https:\/\/richeskarayib.com\/wp-content\/uploads\/2025\/04\/099a6400_54409381625_o-1024x683.jpg 1024w, https:\/\/richeskarayib.com\/wp-content\/uploads\/2025\/04\/099a6400_54409381625_o-300x200.jpg 300w, https:\/\/richeskarayib.com\/wp-content\/uploads\/2025\/04\/099a6400_54409381625_o-768x512.jpg 768w, https:\/\/richeskarayib.com\/wp-content\/uploads\/2025\/04\/099a6400_54409381625_o-1536x1024.jpg 1536w, https:\/\/richeskarayib.com\/wp-content\/uploads\/2025\/04\/099a6400_54409381625_o-1320x880.jpg 1320w, https:\/\/richeskarayib.com\/wp-content\/uploads\/2025\/04\/099a6400_54409381625_o.jpg 1920w\" sizes=\"(max-width: 800px) 100vw, 800px\" \/>\t\t\t\t\t\t\t\t\t\t\t\t\t\t\t<\/div>\n\t\t\t\t<\/div>\n\t\t\t\t\t<\/div>\n\t\t<\/div>\n\t\t\t\t\t<\/div>\n\t\t<\/section>\n\t\t\t\t\t<\/div>\n\t\t<\/div>\n\t\t\t\t\t<\/div>\n\t\t<\/section>\n\t\t\t\t<section class=\"elementor-section elementor-top-section elementor-element elementor-element-20ae11b elementor-section-boxed elementor-section-height-default elementor-section-height-default\" data-id=\"20ae11b\" data-element_type=\"section\">\n\t\t\t\t\t\t<div class=\"elementor-container elementor-column-gap-default\">\n\t\t\t\t\t<div class=\"elementor-column elementor-col-100 elementor-top-column elementor-element elementor-element-c1dddc9\" data-id=\"c1dddc9\" data-element_type=\"column\">\n\t\t\t<div class=\"elementor-widget-wrap elementor-element-populated\">\n\t\t\t\t\t\t<div class=\"elementor-element elementor-element-cd0d55e elementor-widget elementor-widget-heading\" data-id=\"cd0d55e\" data-element_type=\"widget\" data-widget_type=\"heading.default\">\n\t\t\t\t<div class=\"elementor-widget-container\">\n\t\t\t\t\t<h2 class=\"elementor-heading-title elementor-size-default\">Colaboraci\u00f3n p\u00fablico-privada para acelerar la transici\u00f3n verde<\/h2>\t\t\t\t<\/div>\n\t\t\t\t<\/div>\n\t\t\t\t<div class=\"elementor-element elementor-element-4efa29e elementor-widget elementor-widget-text-editor\" data-id=\"4efa29e\" data-element_type=\"widget\" data-widget_type=\"text-editor.default\">\n\t\t\t\t<div class=\"elementor-widget-container\">\n\t\t\t\t\t\t\t\t\t<p><span style=\"font-weight: 400;\">La colaboraci\u00f3n entre gobiernos y empresas privadas es esencial para acelerar esta transici\u00f3n ecol\u00f3gica:<\/span><\/p><ol><li style=\"font-weight: 400;\" aria-level=\"1\"><span style=\"font-weight: 400;\">Los gobiernos tienen que reformar sus pol\u00edticas para fomentar la inversi\u00f3n en industrias sostenibles.<\/span><span style=\"font-weight: 400;\"><br><\/span><\/li><li style=\"font-weight: 400;\" aria-level=\"1\"><span style=\"font-weight: 400;\">Las instituciones financieras deben desarrollar m\u00e1s soluciones adaptadas a las necesidades espec\u00edficas del sector privado.<\/span><span style=\"font-weight: 400;\"><br><\/span><\/li><\/ol><p><span style=\"font-weight: 400;\">Las empresas deben participar activamente en estas iniciativas si quieren seguir siendo competitivas a escala mundial.<\/span><\/p>\t\t\t\t\t\t\t\t<\/div>\n\t\t\t\t<\/div>\n\t\t\t\t<div class=\"elementor-element elementor-element-2c6c152 elementor-widget elementor-widget-text-editor\" data-id=\"2c6c152\" data-element_type=\"widget\" data-widget_type=\"text-editor.default\">\n\t\t\t\t<div class=\"elementor-widget-container\">\n\t\t\t\t\t\t\t\t\t<p><b>El Foro de Comercio y Negocios<\/b><span style=\"font-weight: 400;\"> destac\u00f3 esta asociaci\u00f3n p\u00fablico-privada como una palanca clave para crear un entorno favorable al comercio sostenible, reforzando al mismo tiempo la resistencia econ\u00f3mica regional.<\/span><\/p>\t\t\t\t\t\t\t\t<\/div>\n\t\t\t\t<\/div>\n\t\t\t\t\t<\/div>\n\t\t<\/div>\n\t\t\t\t\t<\/div>\n\t\t<\/section>\n\t\t\t\t<section class=\"elementor-section elementor-top-section elementor-element elementor-element-460019f elementor-section-boxed elementor-section-height-default elementor-section-height-default\" data-id=\"460019f\" data-element_type=\"section\">\n\t\t\t\t\t\t<div class=\"elementor-container elementor-column-gap-default\">\n\t\t\t\t\t<div class=\"elementor-column elementor-col-100 elementor-top-column elementor-element elementor-element-5b27cb1\" data-id=\"5b27cb1\" data-element_type=\"column\">\n\t\t\t<div class=\"elementor-widget-wrap elementor-element-populated\">\n\t\t\t\t\t\t<div class=\"elementor-element elementor-element-03a7588 elementor-widget elementor-widget-text-editor\" data-id=\"03a7588\" data-element_type=\"widget\" data-widget_type=\"text-editor.default\">\n\t\t\t\t<div class=\"elementor-widget-container\">\n\t\t\t\t\t\t\t\t\t<p><a href=\"https:\/\/carib-export.com\/fr\/fr\/blog\/the-trade-and-business-forum\/?utm_source=Caribbean+Export+List&amp;utm_campaign=62071c95b6-EMAIL_CAMPAIGN_CEDigest_March&amp;utm_medium=email&amp;utm_term=0_-2843ba46ae-91278085\" target=\"_blank\" rel=\"noopener nofollow\"><b>Foro de Comercio y Negocios<\/b><\/a><span style=\"font-weight: 400;\">  ha enviado un mensaje claro: es hora de actuar. El Caribe tiene un inmenso potencial para prosperar en una econom\u00eda verde, pero esto requiere una movilizaci\u00f3n colectiva. Las empresas deben adoptar pr\u00e1cticas sostenibles; los gobiernos deben proporcionar un marco regulador adecuado; y las instituciones financieras deben facilitar el acceso a la financiaci\u00f3n verde. Juntos, estos actores pueden transformar la regi\u00f3n en un l\u00edder mundial del comercio sostenible.   <\/span><\/p>\t\t\t\t\t\t\t\t<\/div>\n\t\t\t\t<\/div>\n\t\t\t\t\t<\/div>\n\t\t<\/div>\n\t\t\t\t\t<\/div>\n\t\t<\/section>\n\t\t\t\t<\/div>\n\t\t","protected":false},"excerpt":{"rendered":"<p>El Foro de Comercio y Negociosorganizado en Saint-Christophe-et-Ni\u00e9v\u00e8s del 17 al 20 de marzo, puso de relieve una cuesti\u00f3n crucial: el papel indispensable del sector privado en la transici\u00f3n ecol\u00f3gica del Caribe. Este di\u00e1logo regional, dirigido por Caribbean Export en colaboraci\u00f3n con el Fondo Verde para el Clima (GCF ), reuni\u00f3 a actores clave para [&hellip;]<\/p>\n","protected":false},"author":662,"featured_media":48501,"comment_status":"open","ping_status":"open","sticky":false,"template":"","format":"standard","meta":{"_acf_changed":false,"footnotes":""},"categories":[839],"tags":[1712],"class_list":["post-48543","post","type-post","status-publish","format-standard","has-post-thumbnail","hentry","category-noticias","tag-saint-christophe-y-nieves"],"acf":[],"_links":{"self":[{"href":"https:\/\/richeskarayib.com\/es\/wp-json\/wp\/v2\/posts\/48543","targetHints":{"allow":["GET"]}}],"collection":[{"href":"https:\/\/richeskarayib.com\/es\/wp-json\/wp\/v2\/posts"}],"about":[{"href":"https:\/\/richeskarayib.com\/es\/wp-json\/wp\/v2\/types\/post"}],"author":[{"embeddable":true,"href":"https:\/\/richeskarayib.com\/es\/wp-json\/wp\/v2\/users\/662"}],"replies":[{"embeddable":true,"href":"https:\/\/richeskarayib.com\/es\/wp-json\/wp\/v2\/comments?post=48543"}],"version-history":[{"count":0,"href":"https:\/\/richeskarayib.com\/es\/wp-json\/wp\/v2\/posts\/48543\/revisions"}],"wp:featuredmedia":[{"embeddable":true,"href":"https:\/\/richeskarayib.com\/es\/wp-json\/wp\/v2\/media\/48501"}],"wp:attachment":[{"href":"https:\/\/richeskarayib.com\/es\/wp-json\/wp\/v2\/media?parent=48543"}],"wp:term":[{"taxonomy":"category","embeddable":true,"href":"https:\/\/richeskarayib.com\/es\/wp-json\/wp\/v2\/categories?post=48543"},{"taxonomy":"post_tag","embeddable":true,"href":"https:\/\/richeskarayib.com\/es\/wp-json\/wp\/v2\/tags?post=48543"}],"curies":[{"name":"wp","href":"https:\/\/api.w.org\/{rel}","templated":true}]}}