{"id":48680,"date":"2025-04-10T13:43:11","date_gmt":"2025-04-10T17:43:11","guid":{"rendered":"https:\/\/richeskarayib.com\/florin-caribeno-nueva-moneda-oficial-para-san-martin-y-curacao\/"},"modified":"2025-04-10T13:43:12","modified_gmt":"2025-04-10T17:43:12","slug":"florin-caribeno-nueva-moneda-oficial-para-san-martin-y-curacao","status":"publish","type":"post","link":"https:\/\/richeskarayib.com\/es\/florin-caribeno-nueva-moneda-oficial-para-san-martin-y-curacao\/","title":{"rendered":"Flor\u00edn caribe\u00f1o: nueva moneda oficial para San Mart\u00edn y Cura\u00e7ao"},"content":{"rendered":"\t\t<div data-elementor-type=\"wp-post\" data-elementor-id=\"48680\" class=\"elementor elementor-48680 elementor-48674\" data-elementor-post-type=\"post\">\n\t\t\t\t\t\t<section class=\"elementor-section elementor-top-section elementor-element elementor-element-889dceb elementor-section-boxed elementor-section-height-default elementor-section-height-default\" data-id=\"889dceb\" data-element_type=\"section\">\n\t\t\t\t\t\t<div class=\"elementor-container elementor-column-gap-default\">\n\t\t\t\t\t<div class=\"elementor-column elementor-col-100 elementor-top-column elementor-element elementor-element-cb266eb\" data-id=\"cb266eb\" data-element_type=\"column\">\n\t\t\t<div class=\"elementor-widget-wrap elementor-element-populated\">\n\t\t\t\t\t\t<div class=\"elementor-element elementor-element-fc48138 elementor-widget elementor-widget-text-editor\" data-id=\"fc48138\" data-element_type=\"widget\" data-widget_type=\"text-editor.default\">\n\t\t\t\t<div class=\"elementor-widget-container\">\n\t\t\t\t\t\t\t\t\t<p><span style=\"font-weight: 400;\">El <a href=\"https:\/\/la1ere.francetvinfo.fr\/guadeloupe\/saint-martin\/le-florin-caribeen-nouvelle-monnaie-officielle-a-sint-maarten-et-curacao-1577110.html\" target=\"_blank\" rel=\"noopener nofollow\">flor\u00edn caribe\u00f1o<\/a> se convirti\u00f3 oficialmente en la moneda de San Mart\u00edn, la parte neerlandesa de la isla de San Mart\u00edn, y Cura\u00e7ao el 1 de abril de 2025. Sustituye al flor\u00edn antillano neerland\u00e9s, en circulaci\u00f3n desde 1952, 73 a\u00f1os de historia monetaria. Este cambio marca un importante punto de inflexi\u00f3n en el camino hacia la independencia econ\u00f3mica y pol\u00edtica de estos dos territorios, que se convirtieron en pa\u00edses constituyentes del Reino de los Pa\u00edses Bajos en 2010.  <\/span><\/p>\t\t\t\t\t\t\t\t<\/div>\n\t\t\t\t<\/div>\n\t\t\t\t\t<\/div>\n\t\t<\/div>\n\t\t\t\t\t<\/div>\n\t\t<\/section>\n\t\t\t\t<section class=\"elementor-section elementor-top-section elementor-element elementor-element-a1f25d1 elementor-section-boxed elementor-section-height-default elementor-section-height-default\" data-id=\"a1f25d1\" data-element_type=\"section\">\n\t\t\t\t\t\t<div class=\"elementor-container elementor-column-gap-default\">\n\t\t\t\t\t<div class=\"elementor-column elementor-col-100 elementor-top-column elementor-element elementor-element-9e15345\" data-id=\"9e15345\" data-element_type=\"column\">\n\t\t\t<div class=\"elementor-widget-wrap elementor-element-populated\">\n\t\t\t\t\t\t<div class=\"elementor-element elementor-element-96b9015 elementor-widget elementor-widget-heading\" data-id=\"96b9015\" data-element_type=\"widget\" data-widget_type=\"heading.default\">\n\t\t\t\t<div class=\"elementor-widget-container\">\n\t\t\t\t\t<h2 class=\"elementor-heading-title elementor-size-default\">Un punto de inflexi\u00f3n hist\u00f3rico: del flor\u00edn antillano neerland\u00e9s al flor\u00edn caribe\u00f1o<\/h2>\t\t\t\t<\/div>\n\t\t\t\t<\/div>\n\t\t\t\t<div class=\"elementor-element elementor-element-8aab9f0 elementor-widget elementor-widget-text-editor\" data-id=\"8aab9f0\" data-element_type=\"widget\" data-widget_type=\"text-editor.default\">\n\t\t\t\t<div class=\"elementor-widget-container\">\n\t\t\t\t\t\t\t\t\t<p><span style=\"font-weight: 400;\">El <a href=\"https:\/\/www.reddit.com\/r\/Guadeloupe\/comments\/1jvry5p\/le_florin_carib%C3%A9en_nouvelle_monnaie_officielle_%C3%A0\/?rdt=44591\" target=\"_blank\" rel=\"noopener nofollow\">flor\u00edn caribe\u00f1o<\/a> es el sucesor de una moneda heredada de la \u00e9poca colonial. Introducido en 1952 para unificar los intercambios econ\u00f3micos en las antiguas colonias holandesas del Caribe, el flor\u00edn de las Antillas Holandesas simbolizaba hasta ahora el anclaje econ\u00f3mico del pa\u00eds en La Haya. El abandono de esta moneda en favor de la propia refleja una clara voluntad de emanciparse de la influencia monetaria holandesa.  <\/span><\/p>\t\t\t\t\t\t\t\t<\/div>\n\t\t\t\t<\/div>\n\t\t\t\t<div class=\"elementor-element elementor-element-6599367 elementor-widget elementor-widget-text-editor\" data-id=\"6599367\" data-element_type=\"widget\" data-widget_type=\"text-editor.default\">\n\t\t\t\t<div class=\"elementor-widget-container\">\n\t\t\t\t\t\t\t\t\t<p><span style=\"font-weight: 400;\">Este proyecto es una continuaci\u00f3n de las reformas emprendidas desde el 10 de octubre de 2010, cuando San Mart\u00edn y Cura\u00e7ao adquirieron el estatus de estados aut\u00f3nomos dentro del Reino de los Pa\u00edses Bajos. El flor\u00edn caribe\u00f1o se perfila as\u00ed como una herramienta de soberan\u00eda econ\u00f3mica, concebida para reflejar una identidad \u00fanica. <\/span><\/p>\t\t\t\t\t\t\t\t<\/div>\n\t\t\t\t<\/div>\n\t\t\t\t\t<\/div>\n\t\t<\/div>\n\t\t\t\t\t<\/div>\n\t\t<\/section>\n\t\t\t\t<section class=\"elementor-section elementor-top-section elementor-element elementor-element-53262f1 elementor-section-boxed elementor-section-height-default elementor-section-height-default\" data-id=\"53262f1\" data-element_type=\"section\">\n\t\t\t\t\t\t<div class=\"elementor-container elementor-column-gap-default\">\n\t\t\t\t\t<div class=\"elementor-column elementor-col-100 elementor-top-column elementor-element elementor-element-eac4faf\" data-id=\"eac4faf\" data-element_type=\"column\">\n\t\t\t<div class=\"elementor-widget-wrap elementor-element-populated\">\n\t\t\t\t\t\t<div class=\"elementor-element elementor-element-05782f7 elementor-widget elementor-widget-heading\" data-id=\"05782f7\" data-element_type=\"widget\" data-widget_type=\"heading.default\">\n\t\t\t\t<div class=\"elementor-widget-container\">\n\t\t\t\t\t<h2 class=\"elementor-heading-title elementor-size-default\">Una ceremonia de lanzamiento hist\u00f3rica\n<\/h2>\t\t\t\t<\/div>\n\t\t\t\t<\/div>\n\t\t\t\t<section class=\"elementor-section elementor-inner-section elementor-element elementor-element-d0180d0 elementor-section-boxed elementor-section-height-default elementor-section-height-default\" data-id=\"d0180d0\" data-element_type=\"section\">\n\t\t\t\t\t\t<div class=\"elementor-container elementor-column-gap-default\">\n\t\t\t\t\t<div class=\"elementor-column elementor-col-100 elementor-inner-column elementor-element elementor-element-745a371\" data-id=\"745a371\" data-element_type=\"column\">\n\t\t\t<div class=\"elementor-widget-wrap elementor-element-populated\">\n\t\t\t\t\t\t<div class=\"elementor-element elementor-element-fd973de elementor-widget elementor-widget-text-editor\" data-id=\"fd973de\" data-element_type=\"widget\" data-widget_type=\"text-editor.default\">\n\t\t\t\t<div class=\"elementor-widget-container\">\n\t\t\t\t\t\t\t\t\t<p><span style=\"font-weight: 400;\">El Banco Central de Cura\u00e7ao y San Mart\u00edn organizaron una ceremonia para celebrar la llegada del flor\u00edn caribe\u00f1o. En el acto, la ministra de Finanzas de Sint Maarten, Marika Gumbs, intercambi\u00f3 simb\u00f3licamente las primeras denominaciones. <\/span><\/p>\t\t\t\t\t\t\t\t<\/div>\n\t\t\t\t<\/div>\n\t\t\t\t<div class=\"elementor-element elementor-element-2f6b229 elementor-widget elementor-widget-text-editor\" data-id=\"2f6b229\" data-element_type=\"widget\" data-widget_type=\"text-editor.default\">\n\t\t\t\t<div class=\"elementor-widget-container\">\n\t\t\t\t\t\t\t\t\t<p><span style=\"font-weight: 400;\">Richard Den Bosch, Presidente del Banco Central Europeo, se congratul\u00f3 de esta transici\u00f3n, subrayando que el flor\u00edn caribe\u00f1o encarna &#8220;un s\u00edmbolo de confianza que allanar\u00e1 el camino hacia un futuro estable, integrador y sostenible&#8221;, al tiempo que saludaba la &#8220;l\u00facida&#8221; elecci\u00f3n realizada por los territorios en un contexto econ\u00f3mico mundial incierto.<\/span><\/p>\t\t\t\t\t\t\t\t<\/div>\n\t\t\t\t<\/div>\n\t\t\t\t\t<\/div>\n\t\t<\/div>\n\t\t\t\t\t<\/div>\n\t\t<\/section>\n\t\t\t\t\t<\/div>\n\t\t<\/div>\n\t\t\t\t\t<\/div>\n\t\t<\/section>\n\t\t\t\t<section class=\"elementor-section elementor-top-section elementor-element elementor-element-df60a43 elementor-section-boxed elementor-section-height-default elementor-section-height-default\" data-id=\"df60a43\" data-element_type=\"section\">\n\t\t\t\t\t\t<div class=\"elementor-container elementor-column-gap-default\">\n\t\t\t\t\t<div class=\"elementor-column elementor-col-100 elementor-top-column elementor-element elementor-element-2442162\" data-id=\"2442162\" data-element_type=\"column\">\n\t\t\t<div class=\"elementor-widget-wrap elementor-element-populated\">\n\t\t\t\t\t\t<div class=\"elementor-element elementor-element-079efdf elementor-widget elementor-widget-heading\" data-id=\"079efdf\" data-element_type=\"widget\" data-widget_type=\"heading.default\">\n\t\t\t\t<div class=\"elementor-widget-container\">\n\t\t\t\t\t<h2 class=\"elementor-heading-title elementor-size-default\">Una moneda con un dise\u00f1o local y mayor seguridad<\/h2>\t\t\t\t<\/div>\n\t\t\t\t<\/div>\n\t\t\t\t<div class=\"elementor-element elementor-element-b3b08b2 elementor-widget elementor-widget-text-editor\" data-id=\"b3b08b2\" data-element_type=\"widget\" data-widget_type=\"text-editor.default\">\n\t\t\t\t<div class=\"elementor-widget-container\">\n\t\t\t\t\t\t\t\t\t<p><span style=\"font-weight: 400;\">El <a href=\"https:\/\/travel2curacao.com\/fr\/our-new-currency-xcg\/\" target=\"_blank\" rel=\"noopener nofollow\">Flor\u00edn del Caribe<\/a> se distingue por un dise\u00f1o que representa la riqueza de los dos territorios. La gama incluye cinco billetes (de 10, 20, 50, 100 y 200 florines) que representan los fondos marinos y los paisajes emblem\u00e1ticos de San Mart\u00edn y Cura\u00e7ao. Las siete monedas (de 1 c\u00e9ntimo a 5 florines) recuerdan las olas del mar, s\u00edmbolo de fuerza y movimiento.  <\/span><\/p>\t\t\t\t\t\t\t\t<\/div>\n\t\t\t\t<\/div>\n\t\t\t\t<div class=\"elementor-element elementor-element-8d83867 elementor-widget elementor-widget-text-editor\" data-id=\"8d83867\" data-element_type=\"widget\" data-widget_type=\"text-editor.default\">\n\t\t\t\t<div class=\"elementor-widget-container\">\n\t\t\t\t\t\t\t\t\t<p><span style=\"font-weight: 400;\">Dise\u00f1ada seg\u00fan altos est\u00e1ndares internacionales, la nueva moneda incorpora tecnolog\u00eda avanzada contra la falsificaci\u00f3n. Para la producci\u00f3n, las autoridades han recurrido a proveedores de servicios de Canad\u00e1, Suecia y Malta, rompiendo con 230 a\u00f1os de producci\u00f3n confiada a la Real Casa de la Moneda de Holanda. <\/span><\/p>\t\t\t\t\t\t\t\t<\/div>\n\t\t\t\t<\/div>\n\t\t\t\t<section class=\"elementor-section elementor-inner-section elementor-element elementor-element-12426c4 elementor-section-boxed elementor-section-height-default elementor-section-height-default\" data-id=\"12426c4\" data-element_type=\"section\">\n\t\t\t\t\t\t<div class=\"elementor-container elementor-column-gap-default\">\n\t\t\t\t\t<div class=\"elementor-column elementor-col-100 elementor-inner-column elementor-element elementor-element-8f1940a\" data-id=\"8f1940a\" data-element_type=\"column\">\n\t\t\t<div class=\"elementor-widget-wrap elementor-element-populated\">\n\t\t\t\t\t\t<div class=\"elementor-element elementor-element-50b71cd elementor-widget elementor-widget-image\" data-id=\"50b71cd\" data-element_type=\"widget\" data-widget_type=\"image.default\">\n\t\t\t\t<div class=\"elementor-widget-container\">\n\t\t\t\t\t\t\t\t\t\t\t\t<figure class=\"wp-caption\">\n\t\t\t\t\t\t\t\t\t\t<img fetchpriority=\"high\" decoding=\"async\" width=\"800\" height=\"533\" src=\"https:\/\/richeskarayib.com\/wp-content\/uploads\/2025\/04\/Florin-caribeen.webp\" class=\"attachment-large size-large wp-image-48678\" alt=\"Florin carib\u00e9en\" srcset=\"https:\/\/richeskarayib.com\/wp-content\/uploads\/2025\/04\/Florin-caribeen.webp 930w, https:\/\/richeskarayib.com\/wp-content\/uploads\/2025\/04\/Florin-caribeen-300x200.webp 300w, https:\/\/richeskarayib.com\/wp-content\/uploads\/2025\/04\/Florin-caribeen-768x512.webp 768w\" sizes=\"(max-width: 800px) 100vw, 800px\" \/>\t\t\t\t\t\t\t\t\t\t\t<figcaption class=\"widget-image-caption wp-caption-text\">Florin carib\u00e9en<\/figcaption>\n\t\t\t\t\t\t\t\t\t\t<\/figure>\n\t\t\t\t\t\t\t\t\t<\/div>\n\t\t\t\t<\/div>\n\t\t\t\t\t<\/div>\n\t\t<\/div>\n\t\t\t\t\t<\/div>\n\t\t<\/section>\n\t\t\t\t\t<\/div>\n\t\t<\/div>\n\t\t\t\t\t<\/div>\n\t\t<\/section>\n\t\t\t\t<section class=\"elementor-section elementor-top-section elementor-element elementor-element-47fe859 elementor-section-boxed elementor-section-height-default elementor-section-height-default\" data-id=\"47fe859\" data-element_type=\"section\">\n\t\t\t\t\t\t<div class=\"elementor-container elementor-column-gap-default\">\n\t\t\t\t\t<div class=\"elementor-column elementor-col-100 elementor-top-column elementor-element elementor-element-9b5aad9\" data-id=\"9b5aad9\" data-element_type=\"column\">\n\t\t\t<div class=\"elementor-widget-wrap elementor-element-populated\">\n\t\t\t\t\t\t<div class=\"elementor-element elementor-element-a6cb4b5 elementor-widget elementor-widget-heading\" data-id=\"a6cb4b5\" data-element_type=\"widget\" data-widget_type=\"heading.default\">\n\t\t\t\t<div class=\"elementor-widget-container\">\n\t\t\t\t\t<h2 class=\"elementor-heading-title elementor-size-default\">Una fase de transici\u00f3n de tres meses<\/h2>\t\t\t\t<\/div>\n\t\t\t\t<\/div>\n\t\t\t\t<div class=\"elementor-element elementor-element-2195703 elementor-widget elementor-widget-text-editor\" data-id=\"2195703\" data-element_type=\"widget\" data-widget_type=\"text-editor.default\">\n\t\t\t\t<div class=\"elementor-widget-container\">\n\t\t\t\t\t\t\t\t\t<p><span style=\"font-weight: 400;\">Para garantizar una adopci\u00f3n gradual, est\u00e1 previsto un periodo transitorio hasta el 30 de junio de 2025. Durante esta fase, el antiguo flor\u00edn podr\u00e1 cambiarse por el nuevo flor\u00edn caribe\u00f1o al tipo de 1 flor\u00edn caribe\u00f1o = 1,79 d\u00f3lares estadounidenses, igual que antes. <\/span><\/p>\t\t\t\t\t\t\t\t<\/div>\n\t\t\t\t<\/div>\n\t\t\t\t<div class=\"elementor-element elementor-element-980f071 elementor-widget elementor-widget-text-editor\" data-id=\"980f071\" data-element_type=\"widget\" data-widget_type=\"text-editor.default\">\n\t\t\t\t<div class=\"elementor-widget-container\">\n\t\t\t\t\t\t\t\t\t<p><span style=\"font-weight: 400;\">Se est\u00e1n llevando a cabo campa\u00f1as informativas para familiarizar al p\u00fablico con los nuevos billetes y monedas. El objetivo es garantizar una transici\u00f3n fluida, sin perturbaciones en las transacciones cotidianas. <\/span><\/p>\t\t\t\t\t\t\t\t<\/div>\n\t\t\t\t<\/div>\n\t\t\t\t\t<\/div>\n\t\t<\/div>\n\t\t\t\t\t<\/div>\n\t\t<\/section>\n\t\t\t\t<section class=\"elementor-section elementor-top-section elementor-element elementor-element-27923a9 elementor-section-boxed elementor-section-height-default elementor-section-height-default\" data-id=\"27923a9\" data-element_type=\"section\">\n\t\t\t\t\t\t<div class=\"elementor-container elementor-column-gap-default\">\n\t\t\t\t\t<div class=\"elementor-column elementor-col-100 elementor-top-column elementor-element elementor-element-a2349ae\" data-id=\"a2349ae\" data-element_type=\"column\">\n\t\t\t<div class=\"elementor-widget-wrap elementor-element-populated\">\n\t\t\t\t\t\t<div class=\"elementor-element elementor-element-31cd008 elementor-widget elementor-widget-heading\" data-id=\"31cd008\" data-element_type=\"widget\" data-widget_type=\"heading.default\">\n\t\t\t\t<div class=\"elementor-widget-container\">\n\t\t\t\t\t<h2 class=\"elementor-heading-title elementor-size-default\">Consecuencias econ\u00f3micas y posicionamiento estrat\u00e9gico<\/h2>\t\t\t\t<\/div>\n\t\t\t\t<\/div>\n\t\t\t\t<div class=\"elementor-element elementor-element-8c15ddd elementor-widget elementor-widget-text-editor\" data-id=\"8c15ddd\" data-element_type=\"widget\" data-widget_type=\"text-editor.default\">\n\t\t\t\t<div class=\"elementor-widget-container\">\n\t\t\t\t\t\t\t\t\t<p><span style=\"font-weight: 400;\">La introducci\u00f3n del flor\u00edn caribe\u00f1o dar\u00e1 a <a href=\"https:\/\/richeskarayib.com\/es\/curacao-aumento-del-15-de-las-llegadas-de-turistas-para-2024\/\" target=\"_blank\" rel=\"noopener\">Cura\u00e7ao<\/a> y <a href=\"https:\/\/richeskarayib.com\/es\/san-martin-oeco-organizacion-de-estados-del-caribe-oriental-un-nuevo-capitulo-para-san-martin\/\" target=\"_blank\" rel=\"noopener\">San<\/a> Mart\u00edn un mayor control sobre su pol\u00edtica monetaria, les permitir\u00e1 ajustar su estrategia a las realidades regionales y reforzar\u00e1 su credibilidad econ\u00f3mica ante socios e inversores.<\/span><\/p>\t\t\t\t\t\t\t\t<\/div>\n\t\t\t\t<\/div>\n\t\t\t\t<div class=\"elementor-element elementor-element-489c9ae elementor-widget elementor-widget-text-editor\" data-id=\"489c9ae\" data-element_type=\"widget\" data-widget_type=\"text-editor.default\">\n\t\t\t\t<div class=\"elementor-widget-container\">\n\t\t\t\t\t\t\t\t\t<p><span style=\"font-weight: 400;\">Pol\u00edticamente, env\u00eda una fuerte se\u00f1al a la comunidad caribe\u00f1a e internacional: la de una clara voluntad de construir un camino aut\u00f3nomo, sin negar los v\u00ednculos hist\u00f3ricos con Holanda.<\/span><\/p>\t\t\t\t\t\t\t\t<\/div>\n\t\t\t\t<\/div>\n\t\t\t\t\t<\/div>\n\t\t<\/div>\n\t\t\t\t\t<\/div>\n\t\t<\/section>\n\t\t\t\t<section class=\"elementor-section elementor-top-section elementor-element elementor-element-fc7cf90 elementor-section-boxed elementor-section-height-default elementor-section-height-default\" data-id=\"fc7cf90\" data-element_type=\"section\">\n\t\t\t\t\t\t<div class=\"elementor-container elementor-column-gap-default\">\n\t\t\t\t\t<div class=\"elementor-column elementor-col-100 elementor-top-column elementor-element elementor-element-774f2cf\" data-id=\"774f2cf\" data-element_type=\"column\">\n\t\t\t<div class=\"elementor-widget-wrap elementor-element-populated\">\n\t\t\t\t\t\t<div class=\"elementor-element elementor-element-7fa467e elementor-widget elementor-widget-heading\" data-id=\"7fa467e\" data-element_type=\"widget\" data-widget_type=\"heading.default\">\n\t\t\t\t<div class=\"elementor-widget-container\">\n\t\t\t\t\t<h2 class=\"elementor-heading-title elementor-size-default\">Una elecci\u00f3n diferente a la de otros territorios del Caribe neerland\u00e9s<\/h2>\t\t\t\t<\/div>\n\t\t\t\t<\/div>\n\t\t\t\t<div class=\"elementor-element elementor-element-ab845f4 elementor-widget elementor-widget-text-editor\" data-id=\"ab845f4\" data-element_type=\"widget\" data-widget_type=\"text-editor.default\">\n\t\t\t\t<div class=\"elementor-widget-container\">\n\t\t\t\t\t\t\t\t\t<p><span style=\"font-weight: 400;\">Mientras San Mart\u00edn y Cura\u00e7ao introducen el flor\u00edn caribe\u00f1o, otros territorios holandeses de la regi\u00f3n -como Bonaire, Saba y San Eustaquio- han optado por el d\u00f3lar estadounidense. Estas elecciones reflejan diferentes orientaciones econ\u00f3micas: estabilidad garantizada para unos, autonom\u00eda monetaria para otros. <\/span><\/p><p><span style=\"font-weight: 400;\">El posicionamiento de Cura\u00e7ao y San Mart\u00edn abre el camino a una reflexi\u00f3n regional sobre los retos de la soberan\u00eda financiera en el Caribe.<\/span><\/p>\t\t\t\t\t\t\t\t<\/div>\n\t\t\t\t<\/div>\n\t\t\t\t\t<\/div>\n\t\t<\/div>\n\t\t\t\t\t<\/div>\n\t\t<\/section>\n\t\t\t\t<section class=\"elementor-section elementor-top-section elementor-element elementor-element-433b71e elementor-section-boxed elementor-section-height-default elementor-section-height-default\" data-id=\"433b71e\" data-element_type=\"section\">\n\t\t\t\t\t\t<div class=\"elementor-container elementor-column-gap-default\">\n\t\t\t\t\t<div class=\"elementor-column elementor-col-100 elementor-top-column elementor-element elementor-element-a82d954\" data-id=\"a82d954\" data-element_type=\"column\">\n\t\t\t<div class=\"elementor-widget-wrap elementor-element-populated\">\n\t\t\t\t\t\t<div class=\"elementor-element elementor-element-597c89f elementor-widget elementor-widget-text-editor\" data-id=\"597c89f\" data-element_type=\"widget\" data-widget_type=\"text-editor.default\">\n\t\t\t\t<div class=\"elementor-widget-container\">\n\t\t\t\t\t\t\t\t\t<p><span style=\"font-weight: 400;\">El flor\u00edn caribe\u00f1o es mucho m\u00e1s que un instrumento de pago. Es el reflejo de una ambici\u00f3n: la de dos territorios que afirman su singularidad en el \u00e1rea del Caribe y su capacidad para elegir su futuro monetario. <\/span><\/p><p><span style=\"font-weight: 400;\">La introducci\u00f3n de la nueva moneda es un paso importante en el proceso de autonom\u00eda que comenz\u00f3 en 2010. Los pr\u00f3ximos meses ser\u00e1n cruciales para medir el impacto real de esta reforma en las econom\u00edas locales, pero una cosa es cierta: esta nueva moneda marca un punto de inflexi\u00f3n duradero en la historia contempor\u00e1nea de Cura\u00e7ao y San Mart\u00edn. <\/span><\/p>\t\t\t\t\t\t\t\t<\/div>\n\t\t\t\t<\/div>\n\t\t\t\t\t<\/div>\n\t\t<\/div>\n\t\t\t\t\t<\/div>\n\t\t<\/section>\n\t\t\t\t<\/div>\n\t\t","protected":false},"excerpt":{"rendered":"<p>El flor\u00edn caribe\u00f1o se convirti\u00f3 oficialmente en la moneda de San Mart\u00edn, la parte neerlandesa de la isla de San Mart\u00edn, y Cura\u00e7ao el 1 de abril de 2025. Sustituye al flor\u00edn antillano neerland\u00e9s, en circulaci\u00f3n desde 1952, 73 a\u00f1os de historia monetaria. Este cambio marca un importante punto de inflexi\u00f3n en el camino hacia [&hellip;]<\/p>\n","protected":false},"author":662,"featured_media":48678,"comment_status":"open","ping_status":"open","sticky":false,"template":"","format":"standard","meta":{"_acf_changed":false,"footnotes":""},"categories":[839],"tags":[1652,1444],"class_list":["post-48680","post","type-post","status-publish","format-standard","has-post-thumbnail","hentry","category-noticias","tag-curacao-es","tag-sint-maarten-es-2"],"acf":[],"_links":{"self":[{"href":"https:\/\/richeskarayib.com\/es\/wp-json\/wp\/v2\/posts\/48680","targetHints":{"allow":["GET"]}}],"collection":[{"href":"https:\/\/richeskarayib.com\/es\/wp-json\/wp\/v2\/posts"}],"about":[{"href":"https:\/\/richeskarayib.com\/es\/wp-json\/wp\/v2\/types\/post"}],"author":[{"embeddable":true,"href":"https:\/\/richeskarayib.com\/es\/wp-json\/wp\/v2\/users\/662"}],"replies":[{"embeddable":true,"href":"https:\/\/richeskarayib.com\/es\/wp-json\/wp\/v2\/comments?post=48680"}],"version-history":[{"count":0,"href":"https:\/\/richeskarayib.com\/es\/wp-json\/wp\/v2\/posts\/48680\/revisions"}],"wp:featuredmedia":[{"embeddable":true,"href":"https:\/\/richeskarayib.com\/es\/wp-json\/wp\/v2\/media\/48678"}],"wp:attachment":[{"href":"https:\/\/richeskarayib.com\/es\/wp-json\/wp\/v2\/media?parent=48680"}],"wp:term":[{"taxonomy":"category","embeddable":true,"href":"https:\/\/richeskarayib.com\/es\/wp-json\/wp\/v2\/categories?post=48680"},{"taxonomy":"post_tag","embeddable":true,"href":"https:\/\/richeskarayib.com\/es\/wp-json\/wp\/v2\/tags?post=48680"}],"curies":[{"name":"wp","href":"https:\/\/api.w.org\/{rel}","templated":true}]}}