{"id":48753,"date":"2025-04-12T14:39:16","date_gmt":"2025-04-12T18:39:16","guid":{"rendered":"https:\/\/richeskarayib.com\/caribe-maghic-2-impulsa-la-transicion-energetica-maritima-con-farwind-energy\/"},"modified":"2025-04-14T08:07:01","modified_gmt":"2025-04-14T12:07:01","slug":"caribe-maghic-2-impulsa-la-transicion-energetica-maritima-con-farwind-energy","status":"publish","type":"post","link":"https:\/\/richeskarayib.com\/es\/caribe-maghic-2-impulsa-la-transicion-energetica-maritima-con-farwind-energy\/","title":{"rendered":"Caribe &#8211; MAGHIC 2 impulsa la transici\u00f3n energ\u00e9tica mar\u00edtima con FARWIND Energy"},"content":{"rendered":"\t\t<div data-elementor-type=\"wp-post\" data-elementor-id=\"48753\" class=\"elementor elementor-48753 elementor-48734\" data-elementor-post-type=\"post\">\n\t\t\t\t\t\t<section class=\"elementor-section elementor-top-section elementor-element elementor-element-934a1ee elementor-section-boxed elementor-section-height-default elementor-section-height-default\" data-id=\"934a1ee\" data-element_type=\"section\">\n\t\t\t\t\t\t<div class=\"elementor-container elementor-column-gap-default\">\n\t\t\t\t\t<div class=\"elementor-column elementor-col-100 elementor-top-column elementor-element elementor-element-2e5f7ef\" data-id=\"2e5f7ef\" data-element_type=\"column\">\n\t\t\t<div class=\"elementor-widget-wrap elementor-element-populated\">\n\t\t\t\t\t\t<div class=\"elementor-element elementor-element-94db56f elementor-widget elementor-widget-text-editor\" data-id=\"94db56f\" data-element_type=\"widget\" data-widget_type=\"text-editor.default\">\n\t\t\t\t<div class=\"elementor-widget-container\">\n\t\t\t\t\t\t\t\t\t<p class=\"\" data-start=\"279\" data-end=\"497\"><strong data-start=\"279\" data-end=\"497\">El proyecto <a href=\"https:\/\/guadeloupe-portcaraibes.com\/projet-maghic-2\/\" target=\"_blank\" rel=\"noopener nofollow\">MAGHIC 2<\/a>, lanzado en marzo en Pointe-\u00e0-Pitre con el apoyo del programa <a href=\"https:\/\/interreg-caraibes.eu\/\" target=\"_blank\" rel=\"noopener nofollow\">INTERREG Caribe<\/a>, marca un paso decisivo en el desarrollo de un sector mar\u00edtimo bajo en carbono y adaptado a las realidades del Caribe.<\/strong><\/p><p class=\"\" data-start=\"499\" data-end=\"965\">En un momento en que las cuestiones clim\u00e1ticas exigen cambios profundos, el Caribe afirma su determinaci\u00f3n de convertirse en una regi\u00f3n piloto del transporte mar\u00edtimo sostenible. En este contexto, <strong data-start=\"696\" data-end=\"714\">FARWIND Energy<\/strong>, una start-up comprometida con la descarbonizaci\u00f3n del transporte mar\u00edtimo, coordina el proyecto <strong data-start=\"802\" data-end=\"814\">MAGHIC 2<\/strong>, con el objetivo de estructurar en la regi\u00f3n un aut\u00e9ntico sector industrial y cient\u00edfico en torno a la propulsi\u00f3n v\u00e9lica y el hidr\u00f3geno. <\/p><p class=\"\" data-start=\"967\" data-end=\"1157\">Financiado <strong data-start=\"988\" data-end=\"1027\">con 2,2 millones de euros de fondos FEDER<\/strong> a trav\u00e9s de INTERREG Caribe, MAGHIC 2 encarna una alianza entre innovaci\u00f3n tecnol\u00f3gica, investigaci\u00f3n acad\u00e9mica y ambici\u00f3n regional.<\/p>\t\t\t\t\t\t\t\t<\/div>\n\t\t\t\t<\/div>\n\t\t\t\t<div class=\"elementor-element elementor-element-f4245e0 elementor-widget elementor-widget-image\" data-id=\"f4245e0\" data-element_type=\"widget\" data-widget_type=\"image.default\">\n\t\t\t\t<div class=\"elementor-widget-container\">\n\t\t\t\t\t\t\t\t\t\t\t\t\t\t\t<img fetchpriority=\"high\" decoding=\"async\" width=\"442\" height=\"442\" src=\"https:\/\/richeskarayib.com\/wp-content\/uploads\/2025\/04\/th.jpeg\" class=\"attachment-large size-large wp-image-48746\" alt=\"\" srcset=\"https:\/\/richeskarayib.com\/wp-content\/uploads\/2025\/04\/th.jpeg 442w, https:\/\/richeskarayib.com\/wp-content\/uploads\/2025\/04\/th-300x300.jpeg 300w, https:\/\/richeskarayib.com\/wp-content\/uploads\/2025\/04\/th-150x150.jpeg 150w\" sizes=\"(max-width: 442px) 100vw, 442px\" \/>\t\t\t\t\t\t\t\t\t\t\t\t\t\t\t<\/div>\n\t\t\t\t<\/div>\n\t\t\t\t\t<\/div>\n\t\t<\/div>\n\t\t\t\t\t<\/div>\n\t\t<\/section>\n\t\t\t\t<section class=\"elementor-section elementor-top-section elementor-element elementor-element-9d33050 elementor-section-boxed elementor-section-height-default elementor-section-height-default\" data-id=\"9d33050\" data-element_type=\"section\">\n\t\t\t\t\t\t<div class=\"elementor-container elementor-column-gap-default\">\n\t\t\t\t\t<div class=\"elementor-column elementor-col-100 elementor-top-column elementor-element elementor-element-c0167d2\" data-id=\"c0167d2\" data-element_type=\"column\">\n\t\t\t<div class=\"elementor-widget-wrap elementor-element-populated\">\n\t\t\t\t\t\t<div class=\"elementor-element elementor-element-4c9ce43 elementor-widget elementor-widget-heading\" data-id=\"4c9ce43\" data-element_type=\"widget\" data-widget_type=\"heading.default\">\n\t\t\t\t<div class=\"elementor-widget-container\">\n\t\t\t\t\t<h2 class=\"elementor-heading-title elementor-size-default\">Propulsi\u00f3n marina innovadora probada en condiciones reales<\/h2>\t\t\t\t<\/div>\n\t\t\t\t<\/div>\n\t\t\t\t<div class=\"elementor-element elementor-element-056d260 elementor-widget elementor-widget-text-editor\" data-id=\"056d260\" data-element_type=\"widget\" data-widget_type=\"text-editor.default\">\n\t\t\t\t<div class=\"elementor-widget-container\">\n\t\t\t\t\t\t\t\t\t<p class=\"\" data-start=\"1232\" data-end=\"1640\">En el coraz\u00f3n del proyecto MAGHIC 2, la vela de rotor desarrollada por <a href=\"https:\/\/farwind-energy.com\/fr\/\" target=\"_blank\" rel=\"noopener nofollow\">FARWIND<\/a> Energy promete una reducci\u00f3n significativa de las emisiones de CO\u2082, hasta un <strong data-start=\"1375\" data-end=\"1405\">40% menos de combustible<\/strong> para los barcos. Esta tecnolog\u00eda, probada en entornos mar\u00edtimos severos, abre perspectivas concretas para un transporte mar\u00edtimo m\u00e1s responsable, en l\u00ednea con los objetivos clim\u00e1ticos europeos y los de la OMI. <\/p><p class=\"\" data-start=\"1642\" data-end=\"1939\">Pero MAGHIC 2 va m\u00e1s all\u00e1: el proyecto tambi\u00e9n explora <strong data-start=\"1699\" data-end=\"1751\">soluciones innovadoras de almacenamiento de hidr\u00f3geno<\/strong>, tanto en tierra como en el mar, capaces de almacenar entre 10 y 100 toneladas, con un impacto terrestre reducido. Una respuesta a los retos log\u00edsticos y energ\u00e9ticos propios de la geograf\u00eda insular. <\/p>\t\t\t\t\t\t\t\t<\/div>\n\t\t\t\t<\/div>\n\t\t\t\t\t<\/div>\n\t\t<\/div>\n\t\t\t\t\t<\/div>\n\t\t<\/section>\n\t\t\t\t<section class=\"elementor-section elementor-top-section elementor-element elementor-element-580d6d8 elementor-section-boxed elementor-section-height-default elementor-section-height-default\" data-id=\"580d6d8\" data-element_type=\"section\">\n\t\t\t\t\t\t<div class=\"elementor-container elementor-column-gap-default\">\n\t\t\t\t\t<div class=\"elementor-column elementor-col-100 elementor-top-column elementor-element elementor-element-3a04187\" data-id=\"3a04187\" data-element_type=\"column\">\n\t\t\t<div class=\"elementor-widget-wrap elementor-element-populated\">\n\t\t\t\t\t\t<div class=\"elementor-element elementor-element-9345ebe elementor-widget elementor-widget-heading\" data-id=\"9345ebe\" data-element_type=\"widget\" data-widget_type=\"heading.default\">\n\t\t\t\t<div class=\"elementor-widget-container\">\n\t\t\t\t\t<h2 class=\"elementor-heading-title elementor-size-default\">Una red caribe\u00f1a de investigaci\u00f3n e industria para apoyar la transici\u00f3n<\/h2>\t\t\t\t<\/div>\n\t\t\t\t<\/div>\n\t\t\t\t<div class=\"elementor-element elementor-element-1d32776 elementor-widget elementor-widget-text-editor\" data-id=\"1d32776\" data-element_type=\"widget\" data-widget_type=\"text-editor.default\">\n\t\t\t\t<div class=\"elementor-widget-container\">\n\t\t\t\t\t\t\t\t\t<p class=\"\" data-start=\"2029\" data-end=\"2237\">Uno de los puntos fuertes del proyecto reside en su capacidad para crear una din\u00e1mica regional en torno a las competencias y el conocimiento. FARWIND Energy re\u00fane a una <strong data-start=\"2182\" data-end=\"2219\">red de instituciones acad\u00e9micas<\/strong> punteras: <\/p><ul data-start=\"2239\" data-end=\"2432\"><li class=\"\" data-start=\"2239\" data-end=\"2285\"><p class=\"\" data-start=\"2241\" data-end=\"2285\"><strong data-start=\"2241\" data-end=\"2285\">Universidad Mar\u00edtima del Caribe (Jamaica)<\/strong><\/p><\/li><li class=\"\" data-start=\"2286\" data-end=\"2323\"><p class=\"\" data-start=\"2288\" data-end=\"2323\"><strong data-start=\"2288\" data-end=\"2323\">Universidad de Trinidad y Tobago<\/strong><\/p><\/li><li class=\"\" data-start=\"2324\" data-end=\"2383\"><p class=\"\" data-start=\"2326\" data-end=\"2383\"><strong data-start=\"2326\" data-end=\"2383\">Centro Nacional de Investigaciones Cientificas (Cuba)<\/strong><\/p><\/li><li class=\"\" data-start=\"2384\" data-end=\"2432\"><p class=\"\" data-start=\"2386\" data-end=\"2432\"><strong data-start=\"2386\" data-end=\"2432\">Universidad Aut\u00f3noma de Campeche (M\u00e9xico)<\/strong><\/p><\/li><\/ul>\t\t\t\t\t\t\t\t<\/div>\n\t\t\t\t<\/div>\n\t\t\t\t<div class=\"elementor-element elementor-element-8f1dd80 elementor-widget elementor-widget-text-editor\" data-id=\"8f1dd80\" data-element_type=\"widget\" data-widget_type=\"text-editor.default\">\n\t\t\t\t<div class=\"elementor-widget-container\">\n\t\t\t\t\t\t\t\t\t<p class=\"\" data-start=\"2434\" data-end=\"2615\">Estos establecimientos centrar\u00e1n su trabajo en la vida \u00fatil de los materiales y la adaptaci\u00f3n de las soluciones a las condiciones clim\u00e1ticas y mar\u00edtimas espec\u00edficas del Caribe.<\/p><p class=\"\" data-start=\"2617\" data-end=\"2935\">Por el lado industrial, <strong data-start=\"2637\" data-end=\"2693\">SARA (Soci\u00e9t\u00e9 Anonyme de la Raffinerie des Antilles)<\/strong> se une al proyecto para promover la transferencia de tecnolog\u00eda y reforzar las competencias locales. La ambici\u00f3n es clara: <strong data-start=\"2818\" data-end=\"2855\">construir un ecosistema regional<\/strong> sostenible en torno a la propulsi\u00f3n marina baja en carbono y la industria del hidr\u00f3geno. <\/p>\t\t\t\t\t\t\t\t<\/div>\n\t\t\t\t<\/div>\n\t\t\t\t<section class=\"elementor-section elementor-inner-section elementor-element elementor-element-c45f632 elementor-section-boxed elementor-section-height-default elementor-section-height-default\" data-id=\"c45f632\" data-element_type=\"section\">\n\t\t\t\t\t\t<div class=\"elementor-container elementor-column-gap-default\">\n\t\t\t\t\t<div class=\"elementor-column elementor-col-50 elementor-inner-column elementor-element elementor-element-bf51d6d\" data-id=\"bf51d6d\" data-element_type=\"column\">\n\t\t\t<div class=\"elementor-widget-wrap elementor-element-populated\">\n\t\t\t\t\t\t<div class=\"elementor-element elementor-element-094d689 elementor-widget elementor-widget-image\" data-id=\"094d689\" data-element_type=\"widget\" data-widget_type=\"image.default\">\n\t\t\t\t<div class=\"elementor-widget-container\">\n\t\t\t\t\t\t\t\t\t\t\t\t\t\t\t<img decoding=\"async\" width=\"262\" height=\"262\" src=\"https:\/\/richeskarayib.com\/wp-content\/uploads\/2025\/04\/OIP.jpeg\" class=\"attachment-large size-large wp-image-48750\" alt=\"MAGHIC 2\" srcset=\"https:\/\/richeskarayib.com\/wp-content\/uploads\/2025\/04\/OIP.jpeg 262w, https:\/\/richeskarayib.com\/wp-content\/uploads\/2025\/04\/OIP-150x150.jpeg 150w\" sizes=\"(max-width: 262px) 100vw, 262px\" \/>\t\t\t\t\t\t\t\t\t\t\t\t\t\t\t<\/div>\n\t\t\t\t<\/div>\n\t\t\t\t\t<\/div>\n\t\t<\/div>\n\t\t\t\t<div class=\"elementor-column elementor-col-50 elementor-inner-column elementor-element elementor-element-5420b50\" data-id=\"5420b50\" data-element_type=\"column\">\n\t\t\t<div class=\"elementor-widget-wrap elementor-element-populated\">\n\t\t\t\t\t\t<div class=\"elementor-element elementor-element-9bb0eb1 elementor-widget elementor-widget-image\" data-id=\"9bb0eb1\" data-element_type=\"widget\" data-widget_type=\"image.default\">\n\t\t\t\t<div class=\"elementor-widget-container\">\n\t\t\t\t\t\t\t\t\t\t\t\t\t\t\t<img decoding=\"async\" width=\"266\" height=\"266\" src=\"https:\/\/richeskarayib.com\/wp-content\/uploads\/2025\/04\/th-1.jpeg\" class=\"attachment-large size-large wp-image-48738\" alt=\"MAGHIC 2\" srcset=\"https:\/\/richeskarayib.com\/wp-content\/uploads\/2025\/04\/th-1.jpeg 266w, https:\/\/richeskarayib.com\/wp-content\/uploads\/2025\/04\/th-1-150x150.jpeg 150w\" sizes=\"(max-width: 266px) 100vw, 266px\" \/>\t\t\t\t\t\t\t\t\t\t\t\t\t\t\t<\/div>\n\t\t\t\t<\/div>\n\t\t\t\t\t<\/div>\n\t\t<\/div>\n\t\t\t\t\t<\/div>\n\t\t<\/section>\n\t\t\t\t\t<\/div>\n\t\t<\/div>\n\t\t\t\t\t<\/div>\n\t\t<\/section>\n\t\t\t\t<section class=\"elementor-section elementor-top-section elementor-element elementor-element-ebc6db7 elementor-section-boxed elementor-section-height-default elementor-section-height-default\" data-id=\"ebc6db7\" data-element_type=\"section\">\n\t\t\t\t\t\t<div class=\"elementor-container elementor-column-gap-default\">\n\t\t\t\t\t<div class=\"elementor-column elementor-col-100 elementor-top-column elementor-element elementor-element-1e26ef7\" data-id=\"1e26ef7\" data-element_type=\"column\">\n\t\t\t<div class=\"elementor-widget-wrap elementor-element-populated\">\n\t\t\t\t\t\t<div class=\"elementor-element elementor-element-efd00c3 elementor-widget elementor-widget-heading\" data-id=\"efd00c3\" data-element_type=\"widget\" data-widget_type=\"heading.default\">\n\t\t\t\t<div class=\"elementor-widget-container\">\n\t\t\t\t\t<h2 class=\"elementor-heading-title elementor-size-default\">Una visi\u00f3n estrat\u00e9gica para la soberan\u00eda energ\u00e9tica en el Caribe<\/h2>\t\t\t\t<\/div>\n\t\t\t\t<\/div>\n\t\t\t\t<div class=\"elementor-element elementor-element-5d47195 elementor-widget elementor-widget-text-editor\" data-id=\"5d47195\" data-element_type=\"widget\" data-widget_type=\"text-editor.default\">\n\t\t\t\t<div class=\"elementor-widget-container\">\n\t\t\t\t\t\t\t\t\t<p class=\"\" data-start=\"3014\" data-end=\"3363\">Al consolidar una base de competencias regionales y apoyarse en tecnolog\u00edas adecuadas, <strong data-start=\"3108\" data-end=\"3198\">MAGHIC 2 sit\u00faa al <a href=\"https:\/\/richeskarayib.com\/es\/reinventar-la-cultura-caribena-retos-y-oportunidades-para-un-futuro-sostenible\/\" target=\"_blank\" rel=\"noopener\">Caribe<\/a> en la senda de una transici\u00f3n energ\u00e9tica mar\u00edtima ambiciosa<\/strong> y coherente. El proyecto est\u00e1 ayudando a construir <strong data-start=\"3257\" data-end=\"3285\">la soberan\u00eda energ\u00e9tica<\/strong> para mejorar la competitividad y la resiliencia de los territorios caribe\u00f1os. <\/p><p class=\"\" data-start=\"3365\" data-end=\"3610\">&#8220;Este proyecto ilustra un enfoque integrado que combina innovaci\u00f3n, industrializaci\u00f3n y cooperaci\u00f3n cient\u00edfica, y representa un gran paso adelante para un transporte mar\u00edtimo m\u00e1s sostenible&#8221;, subraya <strong data-start=\"3563\" data-end=\"3580\">Arnaud Poitou<\/strong>, Presidente de FARWIND Energy.<\/p><p class=\"\" data-start=\"3612\" data-end=\"3871\">Lanzado en Guadalupe, <strong data-start=\"3633\" data-end=\"3707\">MAGHIC 2 est\u00e1 ayudando a crear un <a href=\"https:\/\/richeskarayib.com\/es\/gobernanza-de-los-oceanos-en-el-gran-caribe-un-punto-de-inflexion-para-el-sector-maritimo\/\" target=\"_blank\" rel=\"noopener\">Caribe<\/a> m\u00e1s inteligente y audaz<\/strong>, capaz de inventar sus propias respuestas a los retos energ\u00e9ticos del mundo, aprovechando al m\u00e1ximo sus recursos naturales, su saber hacer y su posici\u00f3n estrat\u00e9gica.<\/p>\t\t\t\t\t\t\t\t<\/div>\n\t\t\t\t<\/div>\n\t\t\t\t\t<\/div>\n\t\t<\/div>\n\t\t\t\t\t<\/div>\n\t\t<\/section>\n\t\t\t\t<\/div>\n\t\t","protected":false},"excerpt":{"rendered":"<p>El proyecto MAGHIC 2, lanzado en marzo en Pointe-\u00e0-Pitre con el apoyo del programa INTERREG Caribe, marca un paso decisivo en el desarrollo de un sector mar\u00edtimo bajo en carbono y adaptado a las realidades del Caribe. En un momento en que las cuestiones clim\u00e1ticas exigen cambios profundos, el Caribe afirma su determinaci\u00f3n de convertirse [&hellip;]<\/p>\n","protected":false},"author":47,"featured_media":48827,"comment_status":"open","ping_status":"open","sticky":false,"template":"","format":"standard","meta":{"_acf_changed":false,"footnotes":""},"categories":[1724,839],"tags":[1595,1547,1558,1519],"class_list":["post-48753","post","type-post","status-publish","format-standard","has-post-thumbnail","hentry","category-maritimo","category-noticias","tag-cuba-es","tag-guadalupe","tag-mexico-es","tag-trinidad-y-tobago"],"acf":[],"_links":{"self":[{"href":"https:\/\/richeskarayib.com\/es\/wp-json\/wp\/v2\/posts\/48753","targetHints":{"allow":["GET"]}}],"collection":[{"href":"https:\/\/richeskarayib.com\/es\/wp-json\/wp\/v2\/posts"}],"about":[{"href":"https:\/\/richeskarayib.com\/es\/wp-json\/wp\/v2\/types\/post"}],"author":[{"embeddable":true,"href":"https:\/\/richeskarayib.com\/es\/wp-json\/wp\/v2\/users\/47"}],"replies":[{"embeddable":true,"href":"https:\/\/richeskarayib.com\/es\/wp-json\/wp\/v2\/comments?post=48753"}],"version-history":[{"count":0,"href":"https:\/\/richeskarayib.com\/es\/wp-json\/wp\/v2\/posts\/48753\/revisions"}],"wp:featuredmedia":[{"embeddable":true,"href":"https:\/\/richeskarayib.com\/es\/wp-json\/wp\/v2\/media\/48827"}],"wp:attachment":[{"href":"https:\/\/richeskarayib.com\/es\/wp-json\/wp\/v2\/media?parent=48753"}],"wp:term":[{"taxonomy":"category","embeddable":true,"href":"https:\/\/richeskarayib.com\/es\/wp-json\/wp\/v2\/categories?post=48753"},{"taxonomy":"post_tag","embeddable":true,"href":"https:\/\/richeskarayib.com\/es\/wp-json\/wp\/v2\/tags?post=48753"}],"curies":[{"name":"wp","href":"https:\/\/api.w.org\/{rel}","templated":true}]}}