{"id":48771,"date":"2025-04-12T15:06:30","date_gmt":"2025-04-12T19:06:30","guid":{"rendered":"https:\/\/richeskarayib.com\/surinam-reforzar-la-proteccion-de-las-tortugas-marinas-mediante-la-gobernanza-regional-de-los-oceanos\/"},"modified":"2025-04-14T08:41:38","modified_gmt":"2025-04-14T12:41:38","slug":"surinam-reforzar-la-proteccion-de-las-tortugas-marinas-mediante-la-gobernanza-regional-de-los-oceanos","status":"publish","type":"post","link":"https:\/\/richeskarayib.com\/es\/surinam-reforzar-la-proteccion-de-las-tortugas-marinas-mediante-la-gobernanza-regional-de-los-oceanos\/","title":{"rendered":"Surinam &#8211; Reforzar la protecci\u00f3n de las tortugas marinas mediante la gobernanza regional de los oc\u00e9anos"},"content":{"rendered":"\t\t<div data-elementor-type=\"wp-post\" data-elementor-id=\"48771\" class=\"elementor elementor-48771 elementor-48752\" data-elementor-post-type=\"post\">\n\t\t\t\t\t\t<section class=\"elementor-section elementor-top-section elementor-element elementor-element-934a1ee elementor-section-boxed elementor-section-height-default elementor-section-height-default\" data-id=\"934a1ee\" data-element_type=\"section\">\n\t\t\t\t\t\t<div class=\"elementor-container elementor-column-gap-default\">\n\t\t\t\t\t<div class=\"elementor-column elementor-col-100 elementor-top-column elementor-element elementor-element-2e5f7ef\" data-id=\"2e5f7ef\" data-element_type=\"column\">\n\t\t\t<div class=\"elementor-widget-wrap elementor-element-populated\">\n\t\t\t\t\t\t<div class=\"elementor-element elementor-element-94db56f elementor-widget elementor-widget-text-editor\" data-id=\"94db56f\" data-element_type=\"widget\" data-widget_type=\"text-editor.default\">\n\t\t\t\t<div class=\"elementor-widget-container\">\n\t\t\t\t\t\t\t\t\t<p class=\"\" data-start=\"279\" data-end=\"497\"><strong data-start=\"3236\" data-end=\"3339\">Reforzar la protecci\u00f3n de las tortugas marinas mediante la gobernanza regional de los oc\u00e9anos<\/strong> fue uno de los temas clave de la 2025 reuni\u00f3n anual de la red <a href=\"https:\/\/www.widecast.org\/\" target=\"_blank\" rel=\"noopener nofollow\">WIDECAST<\/a>, celebrada en <a href=\"https:\/\/richeskarayib.com\/es\/san-cristobal-y-nieves-foro-de-comercio-y-negocios-el-sector-privado-motor-de-la-transicion-verde-en-el-caribe\/\" target=\"_blank\" rel=\"noopener\">San Crist\u00f3bal y Nieves<\/a>. En esta ocasi\u00f3n, expertos marinos y conservacionistas del Gran Caribe, Australia y los Pa\u00edses Bajos unieron sus fuerzas para profundizar en la cooperaci\u00f3n regional sobre la protecci\u00f3n de las tortugas marinas, en la que Surinam y las Guayanas desempe\u00f1aron un papel central. <\/p>\t\t\t\t\t\t\t\t<\/div>\n\t\t\t\t<\/div>\n\t\t\t\t<div class=\"elementor-element elementor-element-f4245e0 elementor-widget elementor-widget-image\" data-id=\"f4245e0\" data-element_type=\"widget\" data-widget_type=\"image.default\">\n\t\t\t\t<div class=\"elementor-widget-container\">\n\t\t\t\t\t\t\t\t\t\t\t\t\t\t\t<img fetchpriority=\"high\" decoding=\"async\" width=\"800\" height=\"370\" src=\"https:\/\/richeskarayib.com\/wp-content\/uploads\/2025\/04\/1743105385295.jpeg\" class=\"attachment-large size-large wp-image-48761\" alt=\"tortues marines\" srcset=\"https:\/\/richeskarayib.com\/wp-content\/uploads\/2025\/04\/1743105385295.jpeg 800w, https:\/\/richeskarayib.com\/wp-content\/uploads\/2025\/04\/1743105385295-300x139.jpeg 300w, https:\/\/richeskarayib.com\/wp-content\/uploads\/2025\/04\/1743105385295-768x355.jpeg 768w\" sizes=\"(max-width: 800px) 100vw, 800px\" \/>\t\t\t\t\t\t\t\t\t\t\t\t\t\t\t<\/div>\n\t\t\t\t<\/div>\n\t\t\t\t\t<\/div>\n\t\t<\/div>\n\t\t\t\t\t<\/div>\n\t\t<\/section>\n\t\t\t\t<section class=\"elementor-section elementor-top-section elementor-element elementor-element-9d33050 elementor-section-boxed elementor-section-height-default elementor-section-height-default\" data-id=\"9d33050\" data-element_type=\"section\">\n\t\t\t\t\t\t<div class=\"elementor-container elementor-column-gap-default\">\n\t\t\t\t\t<div class=\"elementor-column elementor-col-100 elementor-top-column elementor-element elementor-element-c0167d2\" data-id=\"c0167d2\" data-element_type=\"column\">\n\t\t\t<div class=\"elementor-widget-wrap elementor-element-populated\">\n\t\t\t\t\t\t<div class=\"elementor-element elementor-element-4c9ce43 elementor-widget elementor-widget-heading\" data-id=\"4c9ce43\" data-element_type=\"widget\" data-widget_type=\"heading.default\">\n\t\t\t\t<div class=\"elementor-widget-container\">\n\t\t\t\t\t<h2 class=\"elementor-heading-title elementor-size-default\">Un compromiso compartido con las tortugas marinas del Caribe<\/h2>\t\t\t\t<\/div>\n\t\t\t\t<\/div>\n\t\t\t\t<div class=\"elementor-element elementor-element-056d260 elementor-widget elementor-widget-text-editor\" data-id=\"056d260\" data-element_type=\"widget\" data-widget_type=\"text-editor.default\">\n\t\t\t\t<div class=\"elementor-widget-container\">\n\t\t\t\t\t\t\t\t\t<p class=\"\" data-start=\"3821\" data-end=\"4239\">Celebrada en marzo en el St. Kitts Marriott Resort, la AGM 2025 de WIDECAST reuni\u00f3 a m\u00e1s de 80 participantes comprometidos con la conservaci\u00f3n marina. El acto brind\u00f3 la oportunidad de hacer balance de las acciones nacionales, compartir datos cient\u00edficos y avanzar colectivamente en proyectos emblem\u00e1ticos como <em data-start=\"4135\" data-end=\"4167\">Corredores Azules para las Tortugas Marinas<\/em>, que se centra en preservar las rutas migratorias de las tortugas marinas.  <\/p><p class=\"\" data-start=\"4241\" data-end=\"4539\">Los talleres trataron temas clave como la lucha contra el comercio ilegal, las autopsias de tortugas marinas, la salud marina y el uso de la plataforma EarthRanger para el seguimiento de especies. Estos debates ilustraron el papel clave de WIDECAST como red que vincula las acciones locales y las estrategias regionales. <\/p>\t\t\t\t\t\t\t\t<\/div>\n\t\t\t\t<\/div>\n\t\t\t\t\t<\/div>\n\t\t<\/div>\n\t\t\t\t\t<\/div>\n\t\t<\/section>\n\t\t\t\t<section class=\"elementor-section elementor-top-section elementor-element elementor-element-580d6d8 elementor-section-boxed elementor-section-height-default elementor-section-height-default\" data-id=\"580d6d8\" data-element_type=\"section\">\n\t\t\t\t\t\t<div class=\"elementor-container elementor-column-gap-default\">\n\t\t\t\t\t<div class=\"elementor-column elementor-col-100 elementor-top-column elementor-element elementor-element-3a04187\" data-id=\"3a04187\" data-element_type=\"column\">\n\t\t\t<div class=\"elementor-widget-wrap elementor-element-populated\">\n\t\t\t\t\t\t<div class=\"elementor-element elementor-element-9345ebe elementor-widget elementor-widget-heading\" data-id=\"9345ebe\" data-element_type=\"widget\" data-widget_type=\"heading.default\">\n\t\t\t\t<div class=\"elementor-widget-container\">\n\t\t\t\t\t<h2 class=\"elementor-heading-title elementor-size-default\">Surinam y las Guayanas en acci\u00f3n<\/h2>\t\t\t\t<\/div>\n\t\t\t\t<\/div>\n\t\t\t\t<div class=\"elementor-element elementor-element-fc708ab elementor-widget elementor-widget-image\" data-id=\"fc708ab\" data-element_type=\"widget\" data-widget_type=\"image.default\">\n\t\t\t\t<div class=\"elementor-widget-container\">\n\t\t\t\t\t\t\t\t\t\t\t\t\t\t\t<img decoding=\"async\" width=\"410\" height=\"410\" src=\"https:\/\/richeskarayib.com\/wp-content\/uploads\/2025\/04\/OIP-2.jpeg\" class=\"attachment-large size-large wp-image-48765\" alt=\"tortues marines\" srcset=\"https:\/\/richeskarayib.com\/wp-content\/uploads\/2025\/04\/OIP-2.jpeg 410w, https:\/\/richeskarayib.com\/wp-content\/uploads\/2025\/04\/OIP-2-300x300.jpeg 300w, https:\/\/richeskarayib.com\/wp-content\/uploads\/2025\/04\/OIP-2-150x150.jpeg 150w\" sizes=\"(max-width: 410px) 100vw, 410px\" \/>\t\t\t\t\t\t\t\t\t\t\t\t\t\t\t<\/div>\n\t\t\t\t<\/div>\n\t\t\t\t<div class=\"elementor-element elementor-element-1d32776 elementor-widget elementor-widget-text-editor\" data-id=\"1d32776\" data-element_type=\"widget\" data-widget_type=\"text-editor.default\">\n\t\t\t\t<div class=\"elementor-widget-container\">\n\t\t\t\t\t\t\t\t\t<p class=\"\" data-start=\"4588\" data-end=\"4874\">Como Coordinador de Oc\u00e9anos de WWF-Guayanas y referente de WIDECAST en Surinam, present\u00f3 un discurso de apertura titulado <em data-start=\"4736\" data-end=\"4874\">&#8220;Transformar la gobernanza regional de los oc\u00e9anos combatiendo la pesca INDNR y protegiendo a las tortugas marinas en las Guayanas&#8221;.<\/em><\/p><p class=\"\" data-start=\"4876\" data-end=\"5041\">Su presentaci\u00f3n puso de relieve los problemas que rodean a la pesca ilegal, no declarada y no reglamentada (INDNR), y los esfuerzos que se est\u00e1n realizando para abordarlos, incluyendo :<\/p><ul data-start=\"5043\" data-end=\"5385\"><li class=\"\" data-start=\"5043\" data-end=\"5102\"><p class=\"\" data-start=\"5045\" data-end=\"5102\">Reforzar los marcos de gobernanza de la pesca ;<\/p><\/li><li class=\"\" data-start=\"5103\" data-end=\"5178\"><p class=\"\" data-start=\"5105\" data-end=\"5178\">Mayor vigilancia e intercambio de informaci\u00f3n sobre el terreno ;<\/p><\/li><li class=\"\" data-start=\"5179\" data-end=\"5246\"><p class=\"\" data-start=\"5181\" data-end=\"5246\">Proteger las playas de desove y los corredores migratorios;<\/p><\/li><li class=\"\" data-start=\"5247\" data-end=\"5302\"><p class=\"\" data-start=\"5249\" data-end=\"5302\">Adaptaci\u00f3n a los impactos del cambio clim\u00e1tico ;<\/p><\/li><li class=\"\" data-start=\"5303\" data-end=\"5385\"><p class=\"\" data-start=\"5305\" data-end=\"5385\">Actualizaci\u00f3n del Plan de Recuperaci\u00f3n de las Tortugas Marinas de Surinam (STRAP).<\/p><\/li><\/ul><p class=\"\" data-start=\"5387\" data-end=\"5527\">De este modo, las Guayanas se est\u00e1n posicionando como fuerzas motrices de una gobernanza sostenible y concertada de los oc\u00e9anos a escala caribe\u00f1a.<\/p>\t\t\t\t\t\t\t\t<\/div>\n\t\t\t\t<\/div>\n\t\t\t\t<div class=\"elementor-element elementor-element-6b7f26f elementor-widget elementor-widget-image\" data-id=\"6b7f26f\" data-element_type=\"widget\" data-widget_type=\"image.default\">\n\t\t\t\t<div class=\"elementor-widget-container\">\n\t\t\t\t\t\t\t\t\t\t\t\t\t\t\t<img decoding=\"async\" width=\"800\" height=\"600\" src=\"https:\/\/richeskarayib.com\/wp-content\/uploads\/2025\/04\/1743105432005.jpeg\" class=\"attachment-large size-large wp-image-48757\" alt=\"tortues marines\" srcset=\"https:\/\/richeskarayib.com\/wp-content\/uploads\/2025\/04\/1743105432005.jpeg 800w, https:\/\/richeskarayib.com\/wp-content\/uploads\/2025\/04\/1743105432005-300x225.jpeg 300w, https:\/\/richeskarayib.com\/wp-content\/uploads\/2025\/04\/1743105432005-768x576.jpeg 768w\" sizes=\"(max-width: 800px) 100vw, 800px\" \/>\t\t\t\t\t\t\t\t\t\t\t\t\t\t\t<\/div>\n\t\t\t\t<\/div>\n\t\t\t\t\t<\/div>\n\t\t<\/div>\n\t\t\t\t\t<\/div>\n\t\t<\/section>\n\t\t\t\t<section class=\"elementor-section elementor-top-section elementor-element elementor-element-ebc6db7 elementor-section-boxed elementor-section-height-default elementor-section-height-default\" data-id=\"ebc6db7\" data-element_type=\"section\">\n\t\t\t\t\t\t<div class=\"elementor-container elementor-column-gap-default\">\n\t\t\t\t\t<div class=\"elementor-column elementor-col-100 elementor-top-column elementor-element elementor-element-1e26ef7\" data-id=\"1e26ef7\" data-element_type=\"column\">\n\t\t\t<div class=\"elementor-widget-wrap elementor-element-populated\">\n\t\t\t\t\t\t<div class=\"elementor-element elementor-element-efd00c3 elementor-widget elementor-widget-heading\" data-id=\"efd00c3\" data-element_type=\"widget\" data-widget_type=\"heading.default\">\n\t\t\t\t<div class=\"elementor-widget-container\">\n\t\t\t\t\t<h2 class=\"elementor-heading-title elementor-size-default\">Acci\u00f3n local para un impacto regional<\/h2>\t\t\t\t<\/div>\n\t\t\t\t<\/div>\n\t\t\t\t<div class=\"elementor-element elementor-element-5d47195 elementor-widget elementor-widget-text-editor\" data-id=\"5d47195\" data-element_type=\"widget\" data-widget_type=\"text-editor.default\">\n\t\t\t\t<div class=\"elementor-widget-container\">\n\t\t\t\t\t\t\t\t\t<p class=\"\" data-start=\"5581\" data-end=\"5820\">La contribuci\u00f3n de Surinam puso de manifiesto hasta qu\u00e9 punto las amenazas a la biodiversidad marina trascienden las fronteras nacionales. La conservaci\u00f3n de las tortugas marinas, especie migratoria por excelencia, exige respuestas coordinadas e intersectoriales. <\/p><p class=\"\" data-start=\"5822\" data-end=\"6139\">El proyecto <em data-start=\"5874\" data-end=\"5890\">Corredores Azules<\/em> y los compromisos adquiridos colectivamente ilustran esta din\u00e1mica. En un contexto de creciente presi\u00f3n sobre los ecosistemas marinos, el futuro de la conservaci\u00f3n requerir\u00e1 una mayor cooperaci\u00f3n, decisiones basadas en la ciencia y un aut\u00e9ntico sentido del bien com\u00fan. <\/p>\t\t\t\t\t\t\t\t<\/div>\n\t\t\t\t<\/div>\n\t\t\t\t\t<\/div>\n\t\t<\/div>\n\t\t\t\t\t<\/div>\n\t\t<\/section>\n\t\t\t\t<\/div>\n\t\t","protected":false},"excerpt":{"rendered":"<p>Reforzar la protecci\u00f3n de las tortugas marinas mediante la gobernanza regional de los oc\u00e9anos fue uno de los temas clave de la 2025 reuni\u00f3n anual de la red WIDECAST, celebrada en San Crist\u00f3bal y Nieves. En esta ocasi\u00f3n, expertos marinos y conservacionistas del Gran Caribe, Australia y los Pa\u00edses Bajos unieron sus fuerzas para profundizar [&hellip;]<\/p>\n","protected":false},"author":47,"featured_media":48769,"comment_status":"open","ping_status":"open","sticky":false,"template":"","format":"standard","meta":{"_acf_changed":false,"footnotes":""},"categories":[1724],"tags":[1549,1668,1669],"class_list":["post-48771","post","type-post","status-publish","format-standard","has-post-thumbnail","hentry","category-maritimo","tag-guayana-francesa","tag-guyana-es-2","tag-surinam"],"acf":[],"_links":{"self":[{"href":"https:\/\/richeskarayib.com\/es\/wp-json\/wp\/v2\/posts\/48771","targetHints":{"allow":["GET"]}}],"collection":[{"href":"https:\/\/richeskarayib.com\/es\/wp-json\/wp\/v2\/posts"}],"about":[{"href":"https:\/\/richeskarayib.com\/es\/wp-json\/wp\/v2\/types\/post"}],"author":[{"embeddable":true,"href":"https:\/\/richeskarayib.com\/es\/wp-json\/wp\/v2\/users\/47"}],"replies":[{"embeddable":true,"href":"https:\/\/richeskarayib.com\/es\/wp-json\/wp\/v2\/comments?post=48771"}],"version-history":[{"count":0,"href":"https:\/\/richeskarayib.com\/es\/wp-json\/wp\/v2\/posts\/48771\/revisions"}],"wp:featuredmedia":[{"embeddable":true,"href":"https:\/\/richeskarayib.com\/es\/wp-json\/wp\/v2\/media\/48769"}],"wp:attachment":[{"href":"https:\/\/richeskarayib.com\/es\/wp-json\/wp\/v2\/media?parent=48771"}],"wp:term":[{"taxonomy":"category","embeddable":true,"href":"https:\/\/richeskarayib.com\/es\/wp-json\/wp\/v2\/categories?post=48771"},{"taxonomy":"post_tag","embeddable":true,"href":"https:\/\/richeskarayib.com\/es\/wp-json\/wp\/v2\/tags?post=48771"}],"curies":[{"name":"wp","href":"https:\/\/api.w.org\/{rel}","templated":true}]}}