{"id":48896,"date":"2025-04-15T08:19:15","date_gmt":"2025-04-15T12:19:15","guid":{"rendered":"https:\/\/richeskarayib.com\/acuerdo-bilateral-de-servicios-aereos-entre-trinidad-y-tobago-y-nigeria-un-nuevo-puente-entre-africa-y-el-caribe\/"},"modified":"2025-04-15T08:19:15","modified_gmt":"2025-04-15T12:19:15","slug":"acuerdo-bilateral-de-servicios-aereos-entre-trinidad-y-tobago-y-nigeria-un-nuevo-puente-entre-africa-y-el-caribe","status":"publish","type":"post","link":"https:\/\/richeskarayib.com\/es\/acuerdo-bilateral-de-servicios-aereos-entre-trinidad-y-tobago-y-nigeria-un-nuevo-puente-entre-africa-y-el-caribe\/","title":{"rendered":"Acuerdo bilateral de servicios a\u00e9reos entre Trinidad y Tobago y Nigeria: un nuevo puente entre \u00c1frica y el Caribe"},"content":{"rendered":"\t\t<div data-elementor-type=\"wp-post\" data-elementor-id=\"48896\" class=\"elementor elementor-48896 elementor-48886\" data-elementor-post-type=\"post\">\n\t\t\t\t\t\t<section class=\"elementor-section elementor-top-section elementor-element elementor-element-9be5ad7 elementor-section-boxed elementor-section-height-default elementor-section-height-default\" data-id=\"9be5ad7\" data-element_type=\"section\">\n\t\t\t\t\t\t<div class=\"elementor-container elementor-column-gap-default\">\n\t\t\t\t\t<div class=\"elementor-column elementor-col-100 elementor-top-column elementor-element elementor-element-76aecaa\" data-id=\"76aecaa\" data-element_type=\"column\">\n\t\t\t<div class=\"elementor-widget-wrap elementor-element-populated\">\n\t\t\t\t\t\t<div class=\"elementor-element elementor-element-fc48138 elementor-widget elementor-widget-text-editor\" data-id=\"fc48138\" data-element_type=\"widget\" data-widget_type=\"text-editor.default\">\n\t\t\t\t<div class=\"elementor-widget-container\">\n\t\t\t\t\t\t\t\t\t<p><span style=\"font-weight: 400;\">El<a href=\"https:\/\/www.loopnews.com\/content\/tt-nigeria-sign-bilateral-air-services-agreement\/\" target=\"_blank\" rel=\"noopener nofollow\">Acuerdo Bilateral de Servicios A\u00e9reos entre Trinidad y Tobago y Nigeria<\/a> marca un hito hist\u00f3rico en las relaciones entre ambas naciones, allanando el camino para vuelos directos y una mayor cooperaci\u00f3n entre \u00c1frica Occidental y el Caribe. La asociaci\u00f3n, resultado de m\u00e1s de veinte a\u00f1os de discusiones, promete transformar la conectividad, el comercio, el turismo y los intercambios culturales entre ambas regiones. <\/span><\/p>\t\t\t\t\t\t\t\t<\/div>\n\t\t\t\t<\/div>\n\t\t\t\t\t<\/div>\n\t\t<\/div>\n\t\t\t\t\t<\/div>\n\t\t<\/section>\n\t\t\t\t<section class=\"elementor-section elementor-top-section elementor-element elementor-element-889dceb elementor-section-boxed elementor-section-height-default elementor-section-height-default\" data-id=\"889dceb\" data-element_type=\"section\">\n\t\t\t\t\t\t<div class=\"elementor-container elementor-column-gap-default\">\n\t\t\t\t\t<div class=\"elementor-column elementor-col-100 elementor-top-column elementor-element elementor-element-cb266eb\" data-id=\"cb266eb\" data-element_type=\"column\">\n\t\t\t<div class=\"elementor-widget-wrap elementor-element-populated\">\n\t\t\t\t\t\t<div class=\"elementor-element elementor-element-8edf822 elementor-widget elementor-widget-heading\" data-id=\"8edf822\" data-element_type=\"widget\" data-widget_type=\"heading.default\">\n\t\t\t\t<div class=\"elementor-widget-container\">\n\t\t\t\t\t<h2 class=\"elementor-heading-title elementor-size-default\">G\u00e9nesis del Acuerdo: dos d\u00e9cadas de negociaciones<\/h2>\t\t\t\t<\/div>\n\t\t\t\t<\/div>\n\t\t\t\t<div class=\"elementor-element elementor-element-6d1f975 elementor-widget elementor-widget-text-editor\" data-id=\"6d1f975\" data-element_type=\"widget\" data-widget_type=\"text-editor.default\">\n\t\t\t\t<div class=\"elementor-widget-container\">\n\t\t\t\t\t\t\t\t\t<h3><b>Los primeros pasos diplom\u00e1ticos<\/b><\/h3><p><b><br><\/b><span style=\"font-weight: 400;\">El<a href=\"https:\/\/www.thecable.ng\/nigeria-trinidad-and-tobago-sign-direct-flight-agreement\/\" target=\"_blank\" rel=\"noopener nofollow\">Acuerdo Bilateral de Servicios A\u00e9reos entre Trinidad y Tobago<\/a> y Nigeria no es nuevo. Ya a finales de la d\u00e9cada de 1990, bajo la presidencia de Olusegun Obasanjo, ambos pa\u00edses iniciaron conversaciones para establecer un v\u00ednculo directo entre sus pueblos y sus econom\u00edas. Durante m\u00e1s de veinte a\u00f1os, diplom\u00e1ticos, t\u00e9cnicos y pol\u00edticos han trabajado entre bastidores para sentar las bases de una cooperaci\u00f3n aeron\u00e1utica duradera.  <\/span><\/p>\t\t\t\t\t\t\t\t<\/div>\n\t\t\t\t<\/div>\n\t\t\t\t<div class=\"elementor-element elementor-element-761bcdb elementor-widget elementor-widget-text-editor\" data-id=\"761bcdb\" data-element_type=\"widget\" data-widget_type=\"text-editor.default\">\n\t\t\t\t<div class=\"elementor-widget-container\">\n\t\t\t\t\t\t\t\t\t<h3><b>Un acuerdo de 22 a\u00f1os de duraci\u00f3n<\/b><\/h3><p><b><br><\/b><span style=\"font-weight: 400;\">No fue hasta el 14 de abril de 2025, en una ceremonia oficial en la sala VIP del Aeropuerto Internacional de Piarco, cuando el ministro de Obras y Transportes de Trinidad y Tobago, Rohan Sinanan, y su hom\u00f3logo nigeriano de Desarrollo Aeron\u00e1utico y Aeroespacial, Festus Keyamo, firmaron el tan esperado acuerdo. Este acontecimiento pone fin a una espera de 22 a\u00f1os y concreta una visi\u00f3n compartida de estrechar lazos. <\/span><\/p>\t\t\t\t\t\t\t\t<\/div>\n\t\t\t\t<\/div>\n\t\t\t\t<section class=\"elementor-section elementor-inner-section elementor-element elementor-element-af6e50d elementor-section-boxed elementor-section-height-default elementor-section-height-default\" data-id=\"af6e50d\" data-element_type=\"section\">\n\t\t\t\t\t\t<div class=\"elementor-container elementor-column-gap-default\">\n\t\t\t\t\t<div class=\"elementor-column elementor-col-100 elementor-inner-column elementor-element elementor-element-26c50b5\" data-id=\"26c50b5\" data-element_type=\"column\">\n\t\t\t<div class=\"elementor-widget-wrap elementor-element-populated\">\n\t\t\t\t\t\t<div class=\"elementor-element elementor-element-fd47632 elementor-widget elementor-widget-image\" data-id=\"fd47632\" data-element_type=\"widget\" data-widget_type=\"image.default\">\n\t\t\t\t<div class=\"elementor-widget-container\">\n\t\t\t\t\t\t\t\t\t\t\t\t\t\t\t<img fetchpriority=\"high\" decoding=\"async\" width=\"715\" height=\"399\" src=\"https:\/\/richeskarayib.com\/wp-content\/uploads\/2025\/04\/Nigeria-Trinidad-and-Tobago-Sign-Historic-Bilateral-Air-Services-Agreement.jpg\" class=\"attachment-large size-large wp-image-48894\" alt=\"Accord Bilat\u00e9ral de Services A\u00e9riens\" srcset=\"https:\/\/richeskarayib.com\/wp-content\/uploads\/2025\/04\/Nigeria-Trinidad-and-Tobago-Sign-Historic-Bilateral-Air-Services-Agreement.jpg 715w, https:\/\/richeskarayib.com\/wp-content\/uploads\/2025\/04\/Nigeria-Trinidad-and-Tobago-Sign-Historic-Bilateral-Air-Services-Agreement-300x167.jpg 300w\" sizes=\"(max-width: 715px) 100vw, 715px\" \/>\t\t\t\t\t\t\t\t\t\t\t\t\t\t\t<\/div>\n\t\t\t\t<\/div>\n\t\t\t\t\t<\/div>\n\t\t<\/div>\n\t\t\t\t\t<\/div>\n\t\t<\/section>\n\t\t\t\t\t<\/div>\n\t\t<\/div>\n\t\t\t\t\t<\/div>\n\t\t<\/section>\n\t\t\t\t<section class=\"elementor-section elementor-top-section elementor-element elementor-element-a1f25d1 elementor-section-boxed elementor-section-height-default elementor-section-height-default\" data-id=\"a1f25d1\" data-element_type=\"section\">\n\t\t\t\t\t\t<div class=\"elementor-container elementor-column-gap-default\">\n\t\t\t\t\t<div class=\"elementor-column elementor-col-100 elementor-top-column elementor-element elementor-element-9e15345\" data-id=\"9e15345\" data-element_type=\"column\">\n\t\t\t<div class=\"elementor-widget-wrap elementor-element-populated\">\n\t\t\t\t\t\t<div class=\"elementor-element elementor-element-96b9015 elementor-widget elementor-widget-heading\" data-id=\"96b9015\" data-element_type=\"widget\" data-widget_type=\"heading.default\">\n\t\t\t\t<div class=\"elementor-widget-container\">\n\t\t\t\t\t<h2 class=\"elementor-heading-title elementor-size-default\">Detalles del acuerdo bilateral de servicios a\u00e9reos<\/h2>\t\t\t\t<\/div>\n\t\t\t\t<\/div>\n\t\t\t\t<div class=\"elementor-element elementor-element-8aab9f0 elementor-widget elementor-widget-text-editor\" data-id=\"8aab9f0\" data-element_type=\"widget\" data-widget_type=\"text-editor.default\">\n\t\t\t\t<div class=\"elementor-widget-container\">\n\t\t\t\t\t\t\t\t\t<h3><b>Derechos y ventajas de las compa\u00f1\u00edas a\u00e9reas<\/b><\/h3><p><b><br><\/b><b>L&#8217;<\/b><span style=\"font-weight: 400;\"><a href=\"https:\/\/www.arise.tv\/nigeria-trinidad-and-tobago-sign-historic-bilateral-air-services-agreement\/\" target=\"_blank\" rel=\"noopener nofollow\">El Acuerdo Bilateral de Servicios A\u00e9reos entre Trinidad y Tobago y Nigeria<\/a> otorga a las compa\u00f1\u00edas a\u00e9reas designadas de cada pa\u00eds el derecho a operar vuelos de pasajeros y carga entre ambos territorios. Podr\u00e1n establecer asociaciones comerciales, acceder a la infraestructura aeroportuaria de la otra parte y ofrecer servicios regulares o estacionales en funci\u00f3n de la demanda. <\/span><\/p>\t\t\t\t\t\t\t\t<\/div>\n\t\t\t\t<\/div>\n\t\t\t\t<div class=\"elementor-element elementor-element-f44b1dd elementor-widget elementor-widget-text-editor\" data-id=\"f44b1dd\" data-element_type=\"widget\" data-widget_type=\"text-editor.default\">\n\t\t\t\t<div class=\"elementor-widget-container\">\n\t\t\t\t\t\t\t\t\t<h3><b>Facilitar los vuelos directos y el transporte de mercanc\u00edas<\/b><\/h3><p><b><br><\/b><span style=\"font-weight: 400;\">Gracias a este nuevo acuerdo, ahora ser\u00e1 posible viajar directamente entre Puerto Espa\u00f1a y Lagos, sin hacer escala en centros europeos o norteamericanos. Esta simplificaci\u00f3n log\u00edstica reduce considerablemente el tiempo y la complejidad de los viajes, al tiempo que favorece el transporte de mercanc\u00edas entre ambas regiones. <\/span><\/p>\t\t\t\t\t\t\t\t<\/div>\n\t\t\t\t<\/div>\n\t\t\t\t<section class=\"elementor-section elementor-inner-section elementor-element elementor-element-dfc4873 elementor-section-boxed elementor-section-height-default elementor-section-height-default\" data-id=\"dfc4873\" data-element_type=\"section\">\n\t\t\t\t\t\t<div class=\"elementor-container elementor-column-gap-default\">\n\t\t\t\t\t<div class=\"elementor-column elementor-col-50 elementor-inner-column elementor-element elementor-element-85dd919\" data-id=\"85dd919\" data-element_type=\"column\">\n\t\t\t<div class=\"elementor-widget-wrap elementor-element-populated\">\n\t\t\t\t\t\t<div class=\"elementor-element elementor-element-e3fbaf8 elementor-widget elementor-widget-video\" data-id=\"e3fbaf8\" data-element_type=\"widget\" data-settings=\"{&quot;youtube_url&quot;:&quot;https:\\\/\\\/www.youtube.com\\\/watch?v=VxFy75WW5ik&amp;ab_channel=TTNewsday&quot;,&quot;video_type&quot;:&quot;youtube&quot;,&quot;controls&quot;:&quot;yes&quot;}\" data-widget_type=\"video.default\">\n\t\t\t\t<div class=\"elementor-widget-container\">\n\t\t\t\t\t\t\t<div class=\"elementor-wrapper elementor-open-inline\">\n\t\t\t<div class=\"elementor-video\"><\/div>\t\t<\/div>\n\t\t\t\t\t\t<\/div>\n\t\t\t\t<\/div>\n\t\t\t\t\t<\/div>\n\t\t<\/div>\n\t\t\t\t<div class=\"elementor-column elementor-col-50 elementor-inner-column elementor-element elementor-element-4311595\" data-id=\"4311595\" data-element_type=\"column\">\n\t\t\t<div class=\"elementor-widget-wrap elementor-element-populated\">\n\t\t\t\t\t\t<div class=\"elementor-element elementor-element-c6b0b09 elementor-widget elementor-widget-video\" data-id=\"c6b0b09\" data-element_type=\"widget\" data-settings=\"{&quot;youtube_url&quot;:&quot;https:\\\/\\\/www.youtube.com\\\/watch?v=RFmFTG_R5Ws&amp;ab_channel=TTTLiveOnline&quot;,&quot;video_type&quot;:&quot;youtube&quot;,&quot;controls&quot;:&quot;yes&quot;}\" data-widget_type=\"video.default\">\n\t\t\t\t<div class=\"elementor-widget-container\">\n\t\t\t\t\t\t\t<div class=\"elementor-wrapper elementor-open-inline\">\n\t\t\t<div class=\"elementor-video\"><\/div>\t\t<\/div>\n\t\t\t\t\t\t<\/div>\n\t\t\t\t<\/div>\n\t\t\t\t\t<\/div>\n\t\t<\/div>\n\t\t\t\t\t<\/div>\n\t\t<\/section>\n\t\t\t\t\t<\/div>\n\t\t<\/div>\n\t\t\t\t\t<\/div>\n\t\t<\/section>\n\t\t\t\t<section class=\"elementor-section elementor-top-section elementor-element elementor-element-53262f1 elementor-section-boxed elementor-section-height-default elementor-section-height-default\" data-id=\"53262f1\" data-element_type=\"section\">\n\t\t\t\t\t\t<div class=\"elementor-container elementor-column-gap-default\">\n\t\t\t\t\t<div class=\"elementor-column elementor-col-100 elementor-top-column elementor-element elementor-element-eac4faf\" data-id=\"eac4faf\" data-element_type=\"column\">\n\t\t\t<div class=\"elementor-widget-wrap elementor-element-populated\">\n\t\t\t\t\t\t<div class=\"elementor-element elementor-element-05782f7 elementor-widget elementor-widget-heading\" data-id=\"05782f7\" data-element_type=\"widget\" data-widget_type=\"heading.default\">\n\t\t\t\t<div class=\"elementor-widget-container\">\n\t\t\t\t\t<h2 class=\"elementor-heading-title elementor-size-default\">Impacto econ\u00f3mico y tur\u00edstico\n<\/h2>\t\t\t\t<\/div>\n\t\t\t\t<\/div>\n\t\t\t\t<div class=\"elementor-element elementor-element-1ca55a8 elementor-widget elementor-widget-text-editor\" data-id=\"1ca55a8\" data-element_type=\"widget\" data-widget_type=\"text-editor.default\">\n\t\t\t\t<div class=\"elementor-widget-container\">\n\t\t\t\t\t\t\t\t\t<h3><b>Estimular el comercio y la inversi\u00f3n<\/b><\/h3><p><b><br><\/b><span style=\"font-weight: 400;\">L<\/span><b>&#8216;<\/b><span style=\"font-weight: 400;\"><a href=\"https:\/\/www.vanguardngr.com\/2025\/04\/nigeria-trinidad-and-tobago-finalise-air-deal-to-enhance-connectivity\/\" target=\"_blank\" rel=\"noopener nofollow\">El Acuerdo Bilateral de Servicios A\u00e9reos entre Trinidad y Tobago y Nigeria<\/a> abre nuevas oportunidades a empresarios, inversores y exportadores. El comercio, sobre todo en energ\u00eda, agroalimentaci\u00f3n y servicios, aumentar\u00e1 gracias a la reducci\u00f3n de los costes y tiempos de transporte. Las empresas podr\u00e1n explorar nuevos mercados y crear sinergias estrat\u00e9gicas.  <\/span><\/p>\t\t\t\t\t\t\t\t<\/div>\n\t\t\t\t<\/div>\n\t\t\t\t<div class=\"elementor-element elementor-element-86aad54 elementor-widget elementor-widget-text-editor\" data-id=\"86aad54\" data-element_type=\"widget\" data-widget_type=\"text-editor.default\">\n\t\t\t\t<div class=\"elementor-widget-container\">\n\t\t\t\t\t\t\t\t\t<h3><b>Impulsar el turismo entre ambas regiones<\/b><\/h3><p><b><br><\/b><span style=\"font-weight: 400;\">Los beneficios tur\u00edsticos tambi\u00e9n ser\u00e1n importantes. Los viajeros nigerianos tendr\u00e1n acceso directo a los tesoros naturales y culturales del <a href=\"https:\/\/richeskarayib.com\/es\/caribe-rum-fest-2025-las-destilerias-caribenas-protagonistas-en-paris\/\" target=\"_blank\" rel=\"noopener\">Caribe<\/a>, mientras que a los ciudadanos de <a href=\"https:\/\/richeskarayib.com\/es\/musica-calipso-celebrando-las-ricas-tradiciones-de-trinidad-y-tobago-dupliquer-41851\/\" target=\"_blank\" rel=\"noopener\">Trinidad y Tobago<\/a> les resultar\u00e1 m\u00e1s f\u00e1cil descubrir \u00c1frica Occidental. Los festivales, acontecimientos deportivos y colaboraciones art\u00edsticas tendr\u00e1n un mayor alcance.  <\/span><\/p>\t\t\t\t\t\t\t\t<\/div>\n\t\t\t\t<\/div>\n\t\t\t\t\t<\/div>\n\t\t<\/div>\n\t\t\t\t\t<\/div>\n\t\t<\/section>\n\t\t\t\t<section class=\"elementor-section elementor-top-section elementor-element elementor-element-2768b41 elementor-section-boxed elementor-section-height-default elementor-section-height-default\" data-id=\"2768b41\" data-element_type=\"section\">\n\t\t\t\t\t\t<div class=\"elementor-container elementor-column-gap-default\">\n\t\t\t\t\t<div class=\"elementor-column elementor-col-100 elementor-top-column elementor-element elementor-element-9e68023\" data-id=\"9e68023\" data-element_type=\"column\">\n\t\t\t<div class=\"elementor-widget-wrap elementor-element-populated\">\n\t\t\t\t\t\t<div class=\"elementor-element elementor-element-4609abf elementor-widget elementor-widget-heading\" data-id=\"4609abf\" data-element_type=\"widget\" data-widget_type=\"heading.default\">\n\t\t\t\t<div class=\"elementor-widget-container\">\n\t\t\t\t\t<h2 class=\"elementor-heading-title elementor-size-default\">Reforzar los lazos culturales y diplom\u00e1ticos<\/h2>\t\t\t\t<\/div>\n\t\t\t\t<\/div>\n\t\t\t\t<div class=\"elementor-element elementor-element-23f4c1f elementor-widget elementor-widget-text-editor\" data-id=\"23f4c1f\" data-element_type=\"widget\" data-widget_type=\"text-editor.default\">\n\t\t\t\t<div class=\"elementor-widget-container\">\n\t\t\t\t\t\t\t\t\t<h3><b>Intercambios culturales y educativos<\/b><\/h3><p><b><br><\/b><span style=\"font-weight: 400;\">  Adem\u00e1s de los aspectos econ\u00f3micos, el Acuerdo Bilateral de Servicios A\u00e9reos entre Trinidad y Tobago y Nigeria promueve los intercambios culturales y educativos. Podr\u00edan surgir programas de intercambio universitario e iniciativas art\u00edsticas y cient\u00edficas, creando puentes entre las generaciones m\u00e1s j\u00f3venes. <\/span><\/p>\t\t\t\t\t\t\t\t<\/div>\n\t\t\t\t<\/div>\n\t\t\t\t<div class=\"elementor-element elementor-element-1d2fe3a elementor-widget elementor-widget-text-editor\" data-id=\"1d2fe3a\" data-element_type=\"widget\" data-widget_type=\"text-editor.default\">\n\t\t\t\t<div class=\"elementor-widget-container\">\n\t\t\t\t\t\t\t\t\t<h3><b>Un modelo de cooperaci\u00f3n Sur-Sur<\/b><\/h3><p><b><br><\/b><span style=\"font-weight: 400;\">Esta asociaci\u00f3n est\u00e1 en consonancia con la cooperaci\u00f3n Sur-Sur, en la que los pa\u00edses del Sur global unen sus fuerzas para hacer frente a los retos del siglo XXI. La iniciativa podr\u00eda inspirar a otras naciones africanas y caribe\u00f1as a seguir este camino de mayor integraci\u00f3n. <\/span><\/p>\t\t\t\t\t\t\t\t<\/div>\n\t\t\t\t<\/div>\n\t\t\t\t\t<\/div>\n\t\t<\/div>\n\t\t\t\t\t<\/div>\n\t\t<\/section>\n\t\t\t\t<section class=\"elementor-section elementor-top-section elementor-element elementor-element-51060b5 elementor-section-boxed elementor-section-height-default elementor-section-height-default\" data-id=\"51060b5\" data-element_type=\"section\">\n\t\t\t\t\t\t<div class=\"elementor-container elementor-column-gap-default\">\n\t\t\t\t\t<div class=\"elementor-column elementor-col-100 elementor-top-column elementor-element elementor-element-429a89e\" data-id=\"429a89e\" data-element_type=\"column\">\n\t\t\t<div class=\"elementor-widget-wrap elementor-element-populated\">\n\t\t\t\t\t\t<div class=\"elementor-element elementor-element-318f8e4 elementor-widget elementor-widget-heading\" data-id=\"318f8e4\" data-element_type=\"widget\" data-widget_type=\"heading.default\">\n\t\t\t\t<div class=\"elementor-widget-container\">\n\t\t\t\t\t<h2 class=\"elementor-heading-title elementor-size-default\">Perspectivas de futuro y retos<\/h2>\t\t\t\t<\/div>\n\t\t\t\t<\/div>\n\t\t\t\t<div class=\"elementor-element elementor-element-d5d2d14 elementor-widget elementor-widget-text-editor\" data-id=\"d5d2d14\" data-element_type=\"widget\" data-widget_type=\"text-editor.default\">\n\t\t\t\t<div class=\"elementor-widget-container\">\n\t\t\t\t\t\t\t\t\t<h3><b>Oportunidades para las compa\u00f1\u00edas a\u00e9reas<\/b><\/h3><p><b><br><\/b><span style=\"font-weight: 400;\">El tratado ofrece oportunidades \u00fanicas a los transportistas de ambos pa\u00edses. Podr\u00e1n desarrollar nuevas rutas, ofrecer servicios adaptados a una clientela variada &#8211; hombres de negocios, turistas o miembros de la di\u00e1spora &#8211; y reforzar su presencia regional. <\/span><\/p>\t\t\t\t\t\t\t\t<\/div>\n\t\t\t\t<\/div>\n\t\t\t\t<div class=\"elementor-element elementor-element-68a7963 elementor-widget elementor-widget-text-editor\" data-id=\"68a7963\" data-element_type=\"widget\" data-widget_type=\"text-editor.default\">\n\t\t\t\t<div class=\"elementor-widget-container\">\n\t\t\t\t\t\t\t\t\t<h3><b>Cuestiones log\u00edsticas y normativas<\/b><\/h3><p><b><br><\/b><span style=\"font-weight: 400;\">Sin embargo, el \u00e9xito del Acuerdo Bilateral de Servicios A\u00e9reos entre Trinidad y Tobago y Nigeria depender\u00e1 de la capacidad de las autoridades para superar una serie de retos, como la modernizaci\u00f3n de las infraestructuras, la armonizaci\u00f3n de las normas de seguridad, la formaci\u00f3n del personal y la coordinaci\u00f3n entre los organismos reguladores. La cooperaci\u00f3n institucional ser\u00e1 crucial para garantizar la viabilidad del proyecto. <\/span><\/p>\t\t\t\t\t\t\t\t<\/div>\n\t\t\t\t<\/div>\n\t\t\t\t\t<\/div>\n\t\t<\/div>\n\t\t\t\t\t<\/div>\n\t\t<\/section>\n\t\t\t\t<section class=\"elementor-section elementor-top-section elementor-element elementor-element-03f19ae elementor-section-boxed elementor-section-height-default elementor-section-height-default\" data-id=\"03f19ae\" data-element_type=\"section\">\n\t\t\t\t\t\t<div class=\"elementor-container elementor-column-gap-default\">\n\t\t\t\t\t<div class=\"elementor-column elementor-col-100 elementor-top-column elementor-element elementor-element-0373550\" data-id=\"0373550\" data-element_type=\"column\">\n\t\t\t<div class=\"elementor-widget-wrap elementor-element-populated\">\n\t\t\t\t\t\t<div class=\"elementor-element elementor-element-cf51552 elementor-widget elementor-widget-text-editor\" data-id=\"cf51552\" data-element_type=\"widget\" data-widget_type=\"text-editor.default\">\n\t\t\t\t<div class=\"elementor-widget-container\">\n\t\t\t\t\t\t\t\t\t<p><span style=\"font-weight: 400;\">El Acuerdo Bilateral de Servicios A\u00e9reos entre Trinidad y Tobago y Nigeria simboliza algo m\u00e1s que un documento administrativo: encarna el deseo compartido de tender puentes duraderos entre \u00c1frica y el Caribe. Esta nueva ruta a\u00e9rea promete una era de prosperidad compartida, intensos intercambios culturales y una movilidad m\u00e1s f\u00e1cil. Ya seas empresario, estudiante, turista o simplemente curioso, esta puerta \u00fanica te invita a forjar v\u00ednculos duraderos entre dos mundos ricos en diversidad.  <\/span><\/p>\t\t\t\t\t\t\t\t<\/div>\n\t\t\t\t<\/div>\n\t\t\t\t\t<\/div>\n\t\t<\/div>\n\t\t\t\t\t<\/div>\n\t\t<\/section>\n\t\t\t\t<\/div>\n\t\t","protected":false},"excerpt":{"rendered":"<p>ElAcuerdo Bilateral de Servicios A\u00e9reos entre Trinidad y Tobago y Nigeria marca un hito hist\u00f3rico en las relaciones entre ambas naciones, allanando el camino para vuelos directos y una mayor cooperaci\u00f3n entre \u00c1frica Occidental y el Caribe. La asociaci\u00f3n, resultado de m\u00e1s de veinte a\u00f1os de discusiones, promete transformar la conectividad, el comercio, el turismo [&hellip;]<\/p>\n","protected":false},"author":662,"featured_media":48890,"comment_status":"open","ping_status":"open","sticky":false,"template":"","format":"standard","meta":{"_acf_changed":false,"footnotes":""},"categories":[839],"tags":[1656],"class_list":["post-48896","post","type-post","status-publish","format-standard","has-post-thumbnail","hentry","category-noticias","tag-trinite-et-tobago-2"],"acf":[],"_links":{"self":[{"href":"https:\/\/richeskarayib.com\/es\/wp-json\/wp\/v2\/posts\/48896","targetHints":{"allow":["GET"]}}],"collection":[{"href":"https:\/\/richeskarayib.com\/es\/wp-json\/wp\/v2\/posts"}],"about":[{"href":"https:\/\/richeskarayib.com\/es\/wp-json\/wp\/v2\/types\/post"}],"author":[{"embeddable":true,"href":"https:\/\/richeskarayib.com\/es\/wp-json\/wp\/v2\/users\/662"}],"replies":[{"embeddable":true,"href":"https:\/\/richeskarayib.com\/es\/wp-json\/wp\/v2\/comments?post=48896"}],"version-history":[{"count":0,"href":"https:\/\/richeskarayib.com\/es\/wp-json\/wp\/v2\/posts\/48896\/revisions"}],"wp:featuredmedia":[{"embeddable":true,"href":"https:\/\/richeskarayib.com\/es\/wp-json\/wp\/v2\/media\/48890"}],"wp:attachment":[{"href":"https:\/\/richeskarayib.com\/es\/wp-json\/wp\/v2\/media?parent=48896"}],"wp:term":[{"taxonomy":"category","embeddable":true,"href":"https:\/\/richeskarayib.com\/es\/wp-json\/wp\/v2\/categories?post=48896"},{"taxonomy":"post_tag","embeddable":true,"href":"https:\/\/richeskarayib.com\/es\/wp-json\/wp\/v2\/tags?post=48896"}],"curies":[{"name":"wp","href":"https:\/\/api.w.org\/{rel}","templated":true}]}}