{"id":49317,"date":"2025-04-23T08:52:52","date_gmt":"2025-04-23T12:52:52","guid":{"rendered":"https:\/\/richeskarayib.com\/haiti-joseph-laroche-el-unico-pasajero-negro-del-titanic-una-historia-de-esperanza-valor-y-olvido\/"},"modified":"2025-04-23T08:52:52","modified_gmt":"2025-04-23T12:52:52","slug":"haiti-joseph-laroche-el-unico-pasajero-negro-del-titanic-una-historia-de-esperanza-valor-y-olvido","status":"publish","type":"post","link":"https:\/\/richeskarayib.com\/es\/haiti-joseph-laroche-el-unico-pasajero-negro-del-titanic-una-historia-de-esperanza-valor-y-olvido\/","title":{"rendered":"Hait\u00ed &#8211; Joseph Laroche: El \u00fanico pasajero negro del Titanic, una historia de esperanza, valor y olvido"},"content":{"rendered":"\t\t<div data-elementor-type=\"wp-post\" data-elementor-id=\"49317\" class=\"elementor elementor-49317 elementor-49299\" data-elementor-post-type=\"post\">\n\t\t\t\t\t\t<section class=\"elementor-section elementor-top-section elementor-element elementor-element-7d71f82 elementor-section-boxed elementor-section-height-default elementor-section-height-default\" data-id=\"7d71f82\" data-element_type=\"section\">\n\t\t\t\t\t\t<div class=\"elementor-container elementor-column-gap-default\">\n\t\t\t\t\t<div class=\"elementor-column elementor-col-100 elementor-top-column elementor-element elementor-element-c153284\" data-id=\"c153284\" data-element_type=\"column\">\n\t\t\t<div class=\"elementor-widget-wrap elementor-element-populated\">\n\t\t\t\t\t\t<div class=\"elementor-element elementor-element-4f6c6de elementor-widget elementor-widget-text-editor\" data-id=\"4f6c6de\" data-element_type=\"widget\" data-widget_type=\"text-editor.default\">\n\t\t\t\t<div class=\"elementor-widget-container\">\n\t\t\t\t\t\t\t\t\t<p><span style=\"font-weight: 400;\">El nombre de <a href=\"https:\/\/la1ere.francetvinfo.fr\/guadeloupe\/112-ans-apres-le-naufrage-l-histoire-de-joseph-laroche-seul-passager-noir-du-titanic-1579856.html\" target=\"_blank\" rel=\"noopener nofollow\">Joseph Laroche<\/a> resuena hoy como un poderoso s\u00edmbolo, el de un hombre <a href=\"https:\/\/richeskarayib.com\/es\/mycompiledthoughts-el-soul-haitiano-se-une-al-rb-cinematografico-en-el-proximo-ep-de-kouri\/\" target=\"_blank\" rel=\"noopener\">haitiano<\/a>, un ingeniero de talento, un padre y, sobre todo, el \u00fanico pasajero negro conocido a bordo del Titanic. Sin embargo, durante d\u00e9cadas, su historia qued\u00f3 eclipsada, olvidada o ignorada en los relatos oficiales del legendario hundimiento. Una mirada retrospectiva a un destino extraordinario que arroja luz no s\u00f3lo sobre la historia del Titanic, sino tambi\u00e9n sobre Hait\u00ed, la poco conocida joya del Caribe y la silenciosa lucha contra el racismo a principios del siglo XX.  <\/span><\/p>\t\t\t\t\t\t\t\t<\/div>\n\t\t\t\t<\/div>\n\t\t\t\t\t<\/div>\n\t\t<\/div>\n\t\t\t\t\t<\/div>\n\t\t<\/section>\n\t\t\t\t<section class=\"elementor-section elementor-top-section elementor-element elementor-element-7d4f952 elementor-section-boxed elementor-section-height-default elementor-section-height-default\" data-id=\"7d4f952\" data-element_type=\"section\">\n\t\t\t\t\t\t<div class=\"elementor-container elementor-column-gap-default\">\n\t\t\t\t\t<div class=\"elementor-column elementor-col-100 elementor-top-column elementor-element elementor-element-f3833fa\" data-id=\"f3833fa\" data-element_type=\"column\">\n\t\t\t<div class=\"elementor-widget-wrap elementor-element-populated\">\n\t\t\t\t\t\t<div class=\"elementor-element elementor-element-7072b3d elementor-widget elementor-widget-heading\" data-id=\"7072b3d\" data-element_type=\"widget\" data-widget_type=\"heading.default\">\n\t\t\t\t<div class=\"elementor-widget-container\">\n\t\t\t\t\t<h2 class=\"elementor-heading-title elementor-size-default\">Una infancia haitiana entre la herencia y la ambici\u00f3n<\/h2>\t\t\t\t<\/div>\n\t\t\t\t<\/div>\n\t\t\t\t<div class=\"elementor-element elementor-element-6cd393f elementor-widget elementor-widget-text-editor\" data-id=\"6cd393f\" data-element_type=\"widget\" data-widget_type=\"text-editor.default\">\n\t\t\t\t<div class=\"elementor-widget-container\">\n\t\t\t\t\t\t\t\t\t<p><span style=\"font-weight: 400;\">Joseph Philippe Lemercier Laroche naci\u00f3 en 1886 en Cabo Haitiano, ciudad hist\u00f3rica del norte de Hait\u00ed, cuna de la revoluci\u00f3n haitiana y poderoso s\u00edmbolo del Caribe. Su abuelo fue zapatero del rey Henri Christophe, figura emblem\u00e1tica de la independencia haitiana. Su madre, astuta mujer de negocios, prosper\u00f3 en el comercio del caf\u00e9, el cacao, la ca\u00f1a de az\u00facar y el algod\u00f3n. Lo invirti\u00f3 todo en la educaci\u00f3n de su \u00fanico hijo, convencida de que el conocimiento era la clave del \u00e9xito.   <\/span><\/p>\t\t\t\t\t\t\t\t<\/div>\n\t\t\t\t<\/div>\n\t\t\t\t<div class=\"elementor-element elementor-element-f7e30f8 elementor-widget elementor-widget-text-editor\" data-id=\"f7e30f8\" data-element_type=\"widget\" data-widget_type=\"text-editor.default\">\n\t\t\t\t<div class=\"elementor-widget-container\">\n\t\t\t\t\t\t\t\t\t<p><span style=\"font-weight: 400;\">A los 15 a\u00f1os, Joseph abandon\u00f3 Hait\u00ed para dirigirse a Francia, su destino elegido para cursar estudios superiores. Su partida marc\u00f3 el inicio de un viaje que combina esperanza, determinaci\u00f3n y confrontaci\u00f3n con las realidades de un mundo racializado. <\/span><\/p>\t\t\t\t\t\t\t\t<\/div>\n\t\t\t\t<\/div>\n\t\t\t\t\t<\/div>\n\t\t<\/div>\n\t\t\t\t\t<\/div>\n\t\t<\/section>\n\t\t\t\t<section class=\"elementor-section elementor-top-section elementor-element elementor-element-16ba7e0 elementor-section-boxed elementor-section-height-default elementor-section-height-default\" data-id=\"16ba7e0\" data-element_type=\"section\">\n\t\t\t\t\t\t<div class=\"elementor-container elementor-column-gap-default\">\n\t\t\t\t\t<div class=\"elementor-column elementor-col-100 elementor-top-column elementor-element elementor-element-f6fb52b\" data-id=\"f6fb52b\" data-element_type=\"column\">\n\t\t\t<div class=\"elementor-widget-wrap elementor-element-populated\">\n\t\t\t\t\t\t<div class=\"elementor-element elementor-element-0ce05bd elementor-widget elementor-widget-heading\" data-id=\"0ce05bd\" data-element_type=\"widget\" data-widget_type=\"heading.default\">\n\t\t\t\t<div class=\"elementor-widget-container\">\n\t\t\t\t\t<h2 class=\"elementor-heading-title elementor-size-default\">Estudiar en Francia: una ingeniera se enfrenta a barreras invisibles<\/h2>\t\t\t\t<\/div>\n\t\t\t\t<\/div>\n\t\t\t\t<div class=\"elementor-element elementor-element-f5427b4 elementor-widget elementor-widget-text-editor\" data-id=\"f5427b4\" data-element_type=\"widget\" data-widget_type=\"text-editor.default\">\n\t\t\t\t<div class=\"elementor-widget-container\">\n\t\t\t\t\t\t\t\t\t<p><span style=\"font-weight: 400;\">En Beauvais, <a href=\"https:\/\/france3-regions.francetvinfo.fr\/hauts-de-france\/oise\/beauvais\/son-histoire-meritait-d-etre-racontee-seul-passager-noir-du-titanic-le-destin-tragique-de-joseph-laroche-3132979.html\" target=\"_blank\" rel=\"noopener nofollow\">Joseph Laroche<\/a> obtuvo el bachillerato y luego el diploma de ingeniero agr\u00f3nomo. Se cas\u00f3 con Juliette Lafargue, una joven francesa, una uni\u00f3n rara y valiente para la \u00e9poca, que desafiaba los prejuicios raciales y sociales. Juntos formaron una familia con dos hijas, Simone y Louise, y esperaban un tercer hijo.    <\/span><span style=\"font-weight: 400;\">A pesar de sus habilidades, Joseph se encontr\u00f3 con un racismo insidioso en Francia.  <\/span><\/p>\t\t\t\t\t\t\t\t<\/div>\n\t\t\t\t<\/div>\n\t\t\t\t<div class=\"elementor-element elementor-element-016486b elementor-widget elementor-widget-text-editor\" data-id=\"016486b\" data-element_type=\"widget\" data-widget_type=\"text-editor.default\">\n\t\t\t\t<div class=\"elementor-widget-container\">\n\t\t\t\t\t\t\t\t\t<p><span style=\"font-weight: 400;\">Su diploma no bastaba para abrirle todas las puertas. Trabaj\u00f3 en la construcci\u00f3n de la l\u00ednea 12 del metro de Par\u00eds, que un\u00eda Porte de la Chapelle con Porte de Versailles, un gran proyecto del que se sent\u00eda orgulloso. Pero las oportunidades son escasas y no hay empleos estables. La Francia republicana, a pesar de sus ideales de igualdad, suele cerrarse a los talentos de las antiguas colonias.   <\/span><\/p>\t\t\t\t\t\t\t\t<\/div>\n\t\t\t\t<\/div>\n\t\t\t\t<section class=\"elementor-section elementor-inner-section elementor-element elementor-element-267e7cb elementor-section-boxed elementor-section-height-default elementor-section-height-default\" data-id=\"267e7cb\" data-element_type=\"section\">\n\t\t\t\t\t\t<div class=\"elementor-container elementor-column-gap-default\">\n\t\t\t\t\t<div class=\"elementor-column elementor-col-100 elementor-inner-column elementor-element elementor-element-4c39098\" data-id=\"4c39098\" data-element_type=\"column\">\n\t\t\t<div class=\"elementor-widget-wrap elementor-element-populated\">\n\t\t\t\t\t\t<div class=\"elementor-element elementor-element-2d2873e elementor-widget elementor-widget-image\" data-id=\"2d2873e\" data-element_type=\"widget\" data-widget_type=\"image.default\">\n\t\t\t\t<div class=\"elementor-widget-container\">\n\t\t\t\t\t\t\t\t\t\t\t\t<figure class=\"wp-caption\">\n\t\t\t\t\t\t\t\t\t\t<img fetchpriority=\"high\" decoding=\"async\" width=\"800\" height=\"533\" src=\"https:\/\/richeskarayib.com\/wp-content\/uploads\/2025\/04\/La-famille-Laroche-Joseph-en-compagnie-de-sa-femme-Juliette-et-de-leurs-filles-Simone-et-Louise-\u2022-\u00a9Domaine-public.webp\" class=\"attachment-large size-large wp-image-49303\" alt=\"Joseph Laroche\" srcset=\"https:\/\/richeskarayib.com\/wp-content\/uploads\/2025\/04\/La-famille-Laroche-Joseph-en-compagnie-de-sa-femme-Juliette-et-de-leurs-filles-Simone-et-Louise-\u2022-\u00a9Domaine-public.webp 930w, https:\/\/richeskarayib.com\/wp-content\/uploads\/2025\/04\/La-famille-Laroche-Joseph-en-compagnie-de-sa-femme-Juliette-et-de-leurs-filles-Simone-et-Louise-\u2022-\u00a9Domaine-public-300x200.webp 300w, https:\/\/richeskarayib.com\/wp-content\/uploads\/2025\/04\/La-famille-Laroche-Joseph-en-compagnie-de-sa-femme-Juliette-et-de-leurs-filles-Simone-et-Louise-\u2022-\u00a9Domaine-public-768x512.webp 768w\" sizes=\"(max-width: 800px) 100vw, 800px\" \/>\t\t\t\t\t\t\t\t\t\t\t<figcaption class=\"widget-image-caption wp-caption-text\">La famille Laroche, Joseph en compagnie de sa femme Juliette et de leurs filles Simone et Louise.\n\nSource : Domaine public<\/figcaption>\n\t\t\t\t\t\t\t\t\t\t<\/figure>\n\t\t\t\t\t\t\t\t\t<\/div>\n\t\t\t\t<\/div>\n\t\t\t\t\t<\/div>\n\t\t<\/div>\n\t\t\t\t\t<\/div>\n\t\t<\/section>\n\t\t\t\t\t<\/div>\n\t\t<\/div>\n\t\t\t\t\t<\/div>\n\t\t<\/section>\n\t\t\t\t<section class=\"elementor-section elementor-top-section elementor-element elementor-element-7c727fe elementor-section-boxed elementor-section-height-default elementor-section-height-default\" data-id=\"7c727fe\" data-element_type=\"section\">\n\t\t\t\t\t\t<div class=\"elementor-container elementor-column-gap-default\">\n\t\t\t\t\t<div class=\"elementor-column elementor-col-100 elementor-top-column elementor-element elementor-element-2675508\" data-id=\"2675508\" data-element_type=\"column\">\n\t\t\t<div class=\"elementor-widget-wrap elementor-element-populated\">\n\t\t\t\t\t\t<div class=\"elementor-element elementor-element-86f7f71 elementor-widget elementor-widget-heading\" data-id=\"86f7f71\" data-element_type=\"widget\" data-widget_type=\"heading.default\">\n\t\t\t\t<div class=\"elementor-widget-container\">\n\t\t\t\t\t<h2 class=\"elementor-heading-title elementor-size-default\">El regreso a Hait\u00ed: una esperanza apoyada por la familia<\/h2>\t\t\t\t<\/div>\n\t\t\t\t<\/div>\n\t\t\t\t<div class=\"elementor-element elementor-element-1931a91 elementor-widget elementor-widget-text-editor\" data-id=\"1931a91\" data-element_type=\"widget\" data-widget_type=\"text-editor.default\">\n\t\t\t\t<div class=\"elementor-widget-container\">\n\t\t\t\t\t\t\t\t\t<p><span style=\"font-weight: 400;\">Ante estas dificultades, <a href=\"https:\/\/ici.radio-canada.ca\/ohdio\/premiere\/emissions\/enfin-samedi\/segments\/entrevue\/155062\/joseph-laroche-titanic-passager-noir-oubli-histoire-livre-serge-bile\" target=\"_blank\" rel=\"noopener nofollow\">Joseph Laroche<\/a> y Juliette deciden regresar a Hait\u00ed, donde el t\u00edo matrimonial de Joseph, Cincinnatus Leconte, acaba de ser elegido Presidente de la Rep\u00fablica. Este v\u00ednculo familiar abre nuevas perspectivas: a Joseph se le promete un puesto de profesor de matem\u00e1ticas, un bienvenido reconocimiento profesional y social. <\/span><\/p><p><span style=\"font-weight: 400;\">Volver a su tierra natal se convirti\u00f3 en un proyecto familiar, el sue\u00f1o de un futuro mejor para sus hijos, lejos de la discriminaci\u00f3n europea.<\/span><\/p>\t\t\t\t\t\t\t\t<\/div>\n\t\t\t\t<\/div>\n\t\t\t\t\t<\/div>\n\t\t<\/div>\n\t\t\t\t\t<\/div>\n\t\t<\/section>\n\t\t\t\t<section class=\"elementor-section elementor-top-section elementor-element elementor-element-1a0b771 elementor-section-boxed elementor-section-height-default elementor-section-height-default\" data-id=\"1a0b771\" data-element_type=\"section\">\n\t\t\t\t\t\t<div class=\"elementor-container elementor-column-gap-default\">\n\t\t\t\t\t<div class=\"elementor-column elementor-col-100 elementor-top-column elementor-element elementor-element-345f4b7\" data-id=\"345f4b7\" data-element_type=\"column\">\n\t\t\t<div class=\"elementor-widget-wrap elementor-element-populated\">\n\t\t\t\t\t\t<div class=\"elementor-element elementor-element-d6a712a elementor-widget elementor-widget-heading\" data-id=\"d6a712a\" data-element_type=\"widget\" data-widget_type=\"heading.default\">\n\t\t\t\t<div class=\"elementor-widget-container\">\n\t\t\t\t\t<h2 class=\"elementor-heading-title elementor-size-default\">Elegir el Titanic: un viaje de esperanza y limitaciones<\/h2>\t\t\t\t<\/div>\n\t\t\t\t<\/div>\n\t\t\t\t<div class=\"elementor-element elementor-element-f9582c3 elementor-widget elementor-widget-text-editor\" data-id=\"f9582c3\" data-element_type=\"widget\" data-widget_type=\"text-editor.default\">\n\t\t\t\t<div class=\"elementor-widget-container\">\n\t\t\t\t\t\t\t\t\t<p><span style=\"font-weight: 400;\">La familia de Joseph Laroche reserva por primera vez billetes de primera clase en el transatl\u00e1ntico <\/span><i><span style=\"font-weight: 400;\">Francia<\/span><\/i><span style=\"font-weight: 400;\">un s\u00edmbolo de elegancia y estatus social. Pero la pol\u00edtica del barco prohib\u00eda a los ni\u00f1os cenar con sus padres, una afrenta insoportable para Joseph y Juliette. Cancelaron su reserva y optaron por viajar en segunda clase en el Titanic, un flamante barco con fama de insumergible, que permite a los ni\u00f1os cenar con ellos.  <\/span><\/p>\t\t\t\t\t\t\t\t<\/div>\n\t\t\t\t<\/div>\n\t\t\t\t<div class=\"elementor-element elementor-element-4a88dc4 elementor-widget elementor-widget-text-editor\" data-id=\"4a88dc4\" data-element_type=\"widget\" data-widget_type=\"text-editor.default\">\n\t\t\t\t<div class=\"elementor-widget-container\">\n\t\t\t\t\t\t\t\t\t<p><span style=\"font-weight: 400;\">El 10 de abril de 1912 zarparon de Cherburgo, con la esperanza de llegar a Nueva York y despu\u00e9s a Hait\u00ed. El viaje comenz\u00f3 bajo los mejores auspicios: lujo, comodidad y el asombro de los ni\u00f1os. Juliette escribi\u00f3 una carta en la que describ\u00eda su felicidad, ignorante a\u00fan del drama que estaba a punto de desencadenarse.  <\/span><\/p>\t\t\t\t\t\t\t\t<\/div>\n\t\t\t\t<\/div>\n\t\t\t\t<section class=\"elementor-section elementor-inner-section elementor-element elementor-element-3c3fdba elementor-section-boxed elementor-section-height-default elementor-section-height-default\" data-id=\"3c3fdba\" data-element_type=\"section\">\n\t\t\t\t\t\t<div class=\"elementor-container elementor-column-gap-default\">\n\t\t\t\t\t<div class=\"elementor-column elementor-col-100 elementor-inner-column elementor-element elementor-element-c03738c\" data-id=\"c03738c\" data-element_type=\"column\">\n\t\t\t<div class=\"elementor-widget-wrap elementor-element-populated\">\n\t\t\t\t\t\t<div class=\"elementor-element elementor-element-c42526f elementor-widget elementor-widget-image\" data-id=\"c42526f\" data-element_type=\"widget\" data-widget_type=\"image.default\">\n\t\t\t\t<div class=\"elementor-widget-container\">\n\t\t\t\t\t\t\t\t\t\t\t\t<figure class=\"wp-caption\">\n\t\t\t\t\t\t\t\t\t\t<img decoding=\"async\" width=\"800\" height=\"450\" src=\"https:\/\/richeskarayib.com\/wp-content\/uploads\/2025\/04\/Le-RMS-Titanic-a-Southampton-ville-du-Sud-de-lAngleterre-le-10-avril-1912.-\u2022-\u00a9Francis-Godolphin-Osbourne-Stuart.webp\" class=\"attachment-large size-large wp-image-49307\" alt=\"Joseph Laroche\" srcset=\"https:\/\/richeskarayib.com\/wp-content\/uploads\/2025\/04\/Le-RMS-Titanic-a-Southampton-ville-du-Sud-de-lAngleterre-le-10-avril-1912.-\u2022-\u00a9Francis-Godolphin-Osbourne-Stuart.webp 800w, https:\/\/richeskarayib.com\/wp-content\/uploads\/2025\/04\/Le-RMS-Titanic-a-Southampton-ville-du-Sud-de-lAngleterre-le-10-avril-1912.-\u2022-\u00a9Francis-Godolphin-Osbourne-Stuart-300x169.webp 300w, https:\/\/richeskarayib.com\/wp-content\/uploads\/2025\/04\/Le-RMS-Titanic-a-Southampton-ville-du-Sud-de-lAngleterre-le-10-avril-1912.-\u2022-\u00a9Francis-Godolphin-Osbourne-Stuart-768x432.webp 768w\" sizes=\"(max-width: 800px) 100vw, 800px\" \/>\t\t\t\t\t\t\t\t\t\t\t<figcaption class=\"widget-image-caption wp-caption-text\">Le RMS Titanic, \u00e0 Southampton, ville du Sud de l'Angleterre, le 10 avril 1912.\n\nSource : Francis Godolphin Osbourne Stuart<\/figcaption>\n\t\t\t\t\t\t\t\t\t\t<\/figure>\n\t\t\t\t\t\t\t\t\t<\/div>\n\t\t\t\t<\/div>\n\t\t\t\t\t<\/div>\n\t\t<\/div>\n\t\t\t\t\t<\/div>\n\t\t<\/section>\n\t\t\t\t\t<\/div>\n\t\t<\/div>\n\t\t\t\t\t<\/div>\n\t\t<\/section>\n\t\t\t\t<section class=\"elementor-section elementor-top-section elementor-element elementor-element-75226b9 elementor-section-boxed elementor-section-height-default elementor-section-height-default\" data-id=\"75226b9\" data-element_type=\"section\">\n\t\t\t\t\t\t<div class=\"elementor-container elementor-column-gap-default\">\n\t\t\t\t\t<div class=\"elementor-column elementor-col-100 elementor-top-column elementor-element elementor-element-992e41e\" data-id=\"992e41e\" data-element_type=\"column\">\n\t\t\t<div class=\"elementor-widget-wrap elementor-element-populated\">\n\t\t\t\t\t\t<div class=\"elementor-element elementor-element-b7fae28 elementor-widget elementor-widget-heading\" data-id=\"b7fae28\" data-element_type=\"widget\" data-widget_type=\"heading.default\">\n\t\t\t\t<div class=\"elementor-widget-container\">\n\t\t\t\t\t<h2 class=\"elementor-heading-title elementor-size-default\">El naufragio: un sacrificio y una dolorosa separaci\u00f3n<\/h2>\t\t\t\t<\/div>\n\t\t\t\t<\/div>\n\t\t\t\t<div class=\"elementor-element elementor-element-0431e8e elementor-widget elementor-widget-text-editor\" data-id=\"0431e8e\" data-element_type=\"widget\" data-widget_type=\"text-editor.default\">\n\t\t\t\t<div class=\"elementor-widget-container\">\n\t\t\t\t\t\t\t\t\t<p><span style=\"font-weight: 400;\">En la noche del 14 al 15 de abril de 1912, el Titanic choc\u00f3 contra un iceberg. El p\u00e1nico se apoder\u00f3 del barco. Las mujeres y los ni\u00f1os tuvieron prioridad para subir a los botes salvavidas. Joseph Laroche se asegur\u00f3 de que Juliette y sus hijas embarcaran sanas y salvas. Conf\u00eda a la peque\u00f1a Louise a su mujer y a su hija Simone, prometiendo reunirse pronto con ellas. \u00c9ste ser\u00e1 su \u00faltimo adi\u00f3s.     <\/span><\/p>\t\t\t\t\t\t\t\t<\/div>\n\t\t\t\t<\/div>\n\t\t\t\t<div class=\"elementor-element elementor-element-4da4594 elementor-widget elementor-widget-text-editor\" data-id=\"4da4594\" data-element_type=\"widget\" data-widget_type=\"text-editor.default\">\n\t\t\t\t<div class=\"elementor-widget-container\">\n\t\t\t\t\t\t\t\t\t<p><span style=\"font-weight: 400;\">Joseph desaparece en las g\u00e9lidas aguas del Atl\u00e1ntico Norte, y su cuerpo nunca se encuentra. Juliette y sus hijas fueron rescatadas por el Carpathia, pero el trauma fue inmenso. Juliette dio a luz a su tercer hijo, un var\u00f3n llamado Joseph, en honor de su padre perdido.  <\/span><\/p>\t\t\t\t\t\t\t\t<\/div>\n\t\t\t\t<\/div>\n\t\t\t\t\t<\/div>\n\t\t<\/div>\n\t\t\t\t\t<\/div>\n\t\t<\/section>\n\t\t\t\t<section class=\"elementor-section elementor-top-section elementor-element elementor-element-7338a27 elementor-section-boxed elementor-section-height-default elementor-section-height-default\" data-id=\"7338a27\" data-element_type=\"section\">\n\t\t\t\t\t\t<div class=\"elementor-container elementor-column-gap-default\">\n\t\t\t\t\t<div class=\"elementor-column elementor-col-100 elementor-top-column elementor-element elementor-element-59fee13\" data-id=\"59fee13\" data-element_type=\"column\">\n\t\t\t<div class=\"elementor-widget-wrap elementor-element-populated\">\n\t\t\t\t\t\t<div class=\"elementor-element elementor-element-2b1769c elementor-widget elementor-widget-heading\" data-id=\"2b1769c\" data-element_type=\"widget\" data-widget_type=\"heading.default\">\n\t\t\t\t<div class=\"elementor-widget-container\">\n\t\t\t\t\t<h2 class=\"elementor-heading-title elementor-size-default\">Hait\u00ed, el Caribe y la memoria reencontrada<\/h2>\t\t\t\t<\/div>\n\t\t\t\t<\/div>\n\t\t\t\t<div class=\"elementor-element elementor-element-64a11ea elementor-widget elementor-widget-text-editor\" data-id=\"64a11ea\" data-element_type=\"widget\" data-widget_type=\"text-editor.default\">\n\t\t\t\t<div class=\"elementor-widget-container\">\n\t\t\t\t\t\t\t\t\t<p><span style=\"font-weight: 400;\">La historia de Joseph Laroche es tambi\u00e9n la historia de Hait\u00ed, pa\u00eds fundador de la primera rep\u00fablica negra independiente, a menudo marginada en los relatos hist\u00f3ricos mundiales. Su historia ilustra los retos a los que se enfrenta un hombre negro del Caribe, enfrentado a la discriminaci\u00f3n en Europa, pero con una fuerte herencia cultural y pol\u00edtica. <\/span><\/p>\t\t\t\t\t\t\t\t<\/div>\n\t\t\t\t<\/div>\n\t\t\t\t<div class=\"elementor-element elementor-element-5a0c939 elementor-widget elementor-widget-text-editor\" data-id=\"5a0c939\" data-element_type=\"widget\" data-widget_type=\"text-editor.default\">\n\t\t\t\t<div class=\"elementor-widget-container\">\n\t\t\t\t\t\t\t\t\t<p><span style=\"font-weight: 400;\">Durante mucho tiempo, su nombre fue borrado, olvidado en los archivos del Titanic. Este silencio atestigua el sesgo racial y la negligencia deliberada de la historia. S\u00f3lo gracias a la investigaci\u00f3n del periodista y escritor Serge Bil\u00e9 en su libro: &#8221;  <\/span>El \u00fanico pasajero negro del TITANIC&#8221; <span style=\"font-weight: 400;\">que se ha revivido la memoria de Joseph Laroche, ofreciendo una perspectiva nueva, m\u00e1s inclusiva y humana de la tragedia del Titanic.<\/span><\/p>\t\t\t\t\t\t\t\t<\/div>\n\t\t\t\t<\/div>\n\t\t\t\t<section class=\"elementor-section elementor-inner-section elementor-element elementor-element-77b4dbb elementor-section-boxed elementor-section-height-default elementor-section-height-default\" data-id=\"77b4dbb\" data-element_type=\"section\">\n\t\t\t\t\t\t<div class=\"elementor-container elementor-column-gap-default\">\n\t\t\t\t\t<div class=\"elementor-column elementor-col-50 elementor-inner-column elementor-element elementor-element-edeb164\" data-id=\"edeb164\" data-element_type=\"column\">\n\t\t\t<div class=\"elementor-widget-wrap elementor-element-populated\">\n\t\t\t\t\t\t<div class=\"elementor-element elementor-element-95cc612 elementor-widget elementor-widget-image\" data-id=\"95cc612\" data-element_type=\"widget\" data-widget_type=\"image.default\">\n\t\t\t\t<div class=\"elementor-widget-container\">\n\t\t\t\t\t\t\t\t\t\t\t\t<figure class=\"wp-caption\">\n\t\t\t\t\t\t\t\t\t\t<img decoding=\"async\" width=\"720\" height=\"405\" src=\"https:\/\/richeskarayib.com\/wp-content\/uploads\/2025\/04\/Le-journaliste-et-auteur-Serge-Bile-PHOTO-Conrad-Vitasse.avif\" class=\"attachment-large size-large wp-image-49311\" alt=\"Joseph Laroche\" srcset=\"https:\/\/richeskarayib.com\/wp-content\/uploads\/2025\/04\/Le-journaliste-et-auteur-Serge-Bile-PHOTO-Conrad-Vitasse.avif 720w, https:\/\/richeskarayib.com\/wp-content\/uploads\/2025\/04\/Le-journaliste-et-auteur-Serge-Bile-PHOTO-Conrad-Vitasse-300x169.avif 300w\" sizes=\"(max-width: 720px) 100vw, 720px\" \/>\t\t\t\t\t\t\t\t\t\t\t<figcaption class=\"widget-image-caption wp-caption-text\">Le journaliste et auteur Serge Bil\u00e9.\n\nSource: Conrad Vitasse<\/figcaption>\n\t\t\t\t\t\t\t\t\t\t<\/figure>\n\t\t\t\t\t\t\t\t\t<\/div>\n\t\t\t\t<\/div>\n\t\t\t\t\t<\/div>\n\t\t<\/div>\n\t\t\t\t<div class=\"elementor-column elementor-col-50 elementor-inner-column elementor-element elementor-element-cf0ba77\" data-id=\"cf0ba77\" data-element_type=\"column\">\n\t\t\t<div class=\"elementor-widget-wrap elementor-element-populated\">\n\t\t\t\t\t\t<div class=\"elementor-element elementor-element-625cb14 elementor-widget elementor-widget-image\" data-id=\"625cb14\" data-element_type=\"widget\" data-widget_type=\"image.default\">\n\t\t\t\t<div class=\"elementor-widget-container\">\n\t\t\t\t\t\t\t\t\t\t\t\t<figure class=\"wp-caption\">\n\t\t\t\t\t\t\t\t\t\t<img loading=\"lazy\" decoding=\"async\" width=\"800\" height=\"450\" src=\"https:\/\/richeskarayib.com\/wp-content\/uploads\/2025\/04\/5edf8bb8d4fad_ts_2_rencontre_auteur_livre_passager_noir_titanic_tudiant_en_picardie-00_00_10_19-4437579.webp\" class=\"attachment-large size-large wp-image-49315\" alt=\"Joseph Laroche\" srcset=\"https:\/\/richeskarayib.com\/wp-content\/uploads\/2025\/04\/5edf8bb8d4fad_ts_2_rencontre_auteur_livre_passager_noir_titanic_tudiant_en_picardie-00_00_10_19-4437579.webp 800w, https:\/\/richeskarayib.com\/wp-content\/uploads\/2025\/04\/5edf8bb8d4fad_ts_2_rencontre_auteur_livre_passager_noir_titanic_tudiant_en_picardie-00_00_10_19-4437579-300x169.webp 300w, https:\/\/richeskarayib.com\/wp-content\/uploads\/2025\/04\/5edf8bb8d4fad_ts_2_rencontre_auteur_livre_passager_noir_titanic_tudiant_en_picardie-00_00_10_19-4437579-768x432.webp 768w\" sizes=\"(max-width: 800px) 100vw, 800px\" \/>\t\t\t\t\t\t\t\t\t\t\t<figcaption class=\"widget-image-caption wp-caption-text\">Couverture du livre : \"Le seul passager noir du TITANIC\"<\/figcaption>\n\t\t\t\t\t\t\t\t\t\t<\/figure>\n\t\t\t\t\t\t\t\t\t<\/div>\n\t\t\t\t<\/div>\n\t\t\t\t\t<\/div>\n\t\t<\/div>\n\t\t\t\t\t<\/div>\n\t\t<\/section>\n\t\t\t\t\t<\/div>\n\t\t<\/div>\n\t\t\t\t\t<\/div>\n\t\t<\/section>\n\t\t\t\t<section class=\"elementor-section elementor-top-section elementor-element elementor-element-ffe6f05 elementor-section-boxed elementor-section-height-default elementor-section-height-default\" data-id=\"ffe6f05\" data-element_type=\"section\">\n\t\t\t\t\t\t<div class=\"elementor-container elementor-column-gap-default\">\n\t\t\t\t\t<div class=\"elementor-column elementor-col-100 elementor-top-column elementor-element elementor-element-50cfaf8\" data-id=\"50cfaf8\" data-element_type=\"column\">\n\t\t\t<div class=\"elementor-widget-wrap elementor-element-populated\">\n\t\t\t\t\t\t<div class=\"elementor-element elementor-element-fe79ec9 elementor-widget elementor-widget-text-editor\" data-id=\"fe79ec9\" data-element_type=\"widget\" data-widget_type=\"text-editor.default\">\n\t\t\t\t<div class=\"elementor-widget-container\">\n\t\t\t\t\t\t\t\t\t<p><span style=\"font-weight: 400;\">Joseph Laroche encarna la fuerza de un hombre que, a pesar de los obst\u00e1culos, persigui\u00f3 sus sue\u00f1os y protegi\u00f3 a su familia hasta el sacrificio final. Su historia es una invitaci\u00f3n a repensar los relatos hist\u00f3ricos, a reconocer las voces olvidadas y a celebrar la riqueza de la herencia caribe\u00f1a en la historia m\u00e1s amplia del mundo. <\/span><\/p>\t\t\t\t\t\t\t\t<\/div>\n\t\t\t\t<\/div>\n\t\t\t\t<section class=\"elementor-section elementor-inner-section elementor-element elementor-element-ad7028f elementor-section-boxed elementor-section-height-default elementor-section-height-default\" data-id=\"ad7028f\" data-element_type=\"section\">\n\t\t\t\t\t\t<div class=\"elementor-container elementor-column-gap-default\">\n\t\t\t\t\t<div class=\"elementor-column elementor-col-100 elementor-inner-column elementor-element elementor-element-80b63cf\" data-id=\"80b63cf\" data-element_type=\"column\">\n\t\t\t<div class=\"elementor-widget-wrap elementor-element-populated\">\n\t\t\t\t\t\t<div class=\"elementor-element elementor-element-63de9c2 elementor-widget elementor-widget-video\" data-id=\"63de9c2\" data-element_type=\"widget\" data-settings=\"{&quot;youtube_url&quot;:&quot;https:\\\/\\\/www.youtube.com\\\/watch?v=pBfppRJM5q0&amp;ab_channel=sekuame&quot;,&quot;video_type&quot;:&quot;youtube&quot;,&quot;controls&quot;:&quot;yes&quot;}\" data-widget_type=\"video.default\">\n\t\t\t\t<div class=\"elementor-widget-container\">\n\t\t\t\t\t\t\t<div class=\"elementor-wrapper elementor-open-inline\">\n\t\t\t<div class=\"elementor-video\"><\/div>\t\t<\/div>\n\t\t\t\t\t\t<\/div>\n\t\t\t\t<\/div>\n\t\t\t\t\t<\/div>\n\t\t<\/div>\n\t\t\t\t\t<\/div>\n\t\t<\/section>\n\t\t\t\t\t<\/div>\n\t\t<\/div>\n\t\t\t\t\t<\/div>\n\t\t<\/section>\n\t\t\t\t<\/div>\n\t\t","protected":false},"excerpt":{"rendered":"<p>El nombre de Joseph Laroche resuena hoy como un poderoso s\u00edmbolo, el de un hombre haitiano, un ingeniero de talento, un padre y, sobre todo, el \u00fanico pasajero negro conocido a bordo del Titanic. Sin embargo, durante d\u00e9cadas, su historia qued\u00f3 eclipsada, olvidada o ignorada en los relatos oficiales del legendario hundimiento. Una mirada retrospectiva [&hellip;]<\/p>\n","protected":false},"author":662,"featured_media":49303,"comment_status":"open","ping_status":"open","sticky":false,"template":"","format":"standard","meta":{"_acf_changed":false,"footnotes":""},"categories":[1469,1724],"tags":[810],"class_list":["post-49317","post","type-post","status-publish","format-standard","has-post-thumbnail","hentry","category-historia-patrimonio","category-maritimo","tag-haiti-es-2"],"acf":[],"_links":{"self":[{"href":"https:\/\/richeskarayib.com\/es\/wp-json\/wp\/v2\/posts\/49317","targetHints":{"allow":["GET"]}}],"collection":[{"href":"https:\/\/richeskarayib.com\/es\/wp-json\/wp\/v2\/posts"}],"about":[{"href":"https:\/\/richeskarayib.com\/es\/wp-json\/wp\/v2\/types\/post"}],"author":[{"embeddable":true,"href":"https:\/\/richeskarayib.com\/es\/wp-json\/wp\/v2\/users\/662"}],"replies":[{"embeddable":true,"href":"https:\/\/richeskarayib.com\/es\/wp-json\/wp\/v2\/comments?post=49317"}],"version-history":[{"count":0,"href":"https:\/\/richeskarayib.com\/es\/wp-json\/wp\/v2\/posts\/49317\/revisions"}],"wp:featuredmedia":[{"embeddable":true,"href":"https:\/\/richeskarayib.com\/es\/wp-json\/wp\/v2\/media\/49303"}],"wp:attachment":[{"href":"https:\/\/richeskarayib.com\/es\/wp-json\/wp\/v2\/media?parent=49317"}],"wp:term":[{"taxonomy":"category","embeddable":true,"href":"https:\/\/richeskarayib.com\/es\/wp-json\/wp\/v2\/categories?post=49317"},{"taxonomy":"post_tag","embeddable":true,"href":"https:\/\/richeskarayib.com\/es\/wp-json\/wp\/v2\/tags?post=49317"}],"curies":[{"name":"wp","href":"https:\/\/api.w.org\/{rel}","templated":true}]}}