{"id":49379,"date":"2025-04-24T08:08:20","date_gmt":"2025-04-24T12:08:20","guid":{"rendered":"https:\/\/richeskarayib.com\/antigua-y-barbuda-cumbre-de-inversion-del-caribe-2025-integridad-estabilidad-y-sostenibilidad-en-el-centro-de-la-inversion-caribena\/"},"modified":"2025-04-24T08:58:15","modified_gmt":"2025-04-24T12:58:15","slug":"antigua-y-barbuda-cumbre-de-inversion-del-caribe-2025-integridad-estabilidad-y-sostenibilidad-en-el-centro-de-la-inversion-caribena","status":"publish","type":"post","link":"https:\/\/richeskarayib.com\/es\/antigua-y-barbuda-cumbre-de-inversion-del-caribe-2025-integridad-estabilidad-y-sostenibilidad-en-el-centro-de-la-inversion-caribena\/","title":{"rendered":"Antigua y Barbuda &#8211; Cumbre de Inversi\u00f3n del Caribe 2025: Integridad, estabilidad y sostenibilidad en el centro de la inversi\u00f3n caribe\u00f1a"},"content":{"rendered":"\t\t<div data-elementor-type=\"wp-post\" data-elementor-id=\"49379\" class=\"elementor elementor-49379 elementor-49365\" data-elementor-post-type=\"post\">\n\t\t\t\t\t\t<section class=\"elementor-section elementor-top-section elementor-element elementor-element-7d71f82 elementor-section-boxed elementor-section-height-default elementor-section-height-default\" data-id=\"7d71f82\" data-element_type=\"section\">\n\t\t\t\t\t\t<div class=\"elementor-container elementor-column-gap-default\">\n\t\t\t\t\t<div class=\"elementor-column elementor-col-100 elementor-top-column elementor-element elementor-element-c153284\" data-id=\"c153284\" data-element_type=\"column\">\n\t\t\t<div class=\"elementor-widget-wrap elementor-element-populated\">\n\t\t\t\t\t\t<div class=\"elementor-element elementor-element-4f6c6de elementor-widget elementor-widget-text-editor\" data-id=\"4f6c6de\" data-element_type=\"widget\" data-widget_type=\"text-editor.default\">\n\t\t\t\t<div class=\"elementor-widget-container\">\n\t\t\t\t\t\t\t\t\t<p><span style=\"font-weight: 400;\"><a href=\"https:\/\/cis25.com\/\" target=\"_blank\" rel=\"noopener nofollow\">La Cumbre de Inversi\u00f3n del Caribe 2025<\/a> es el acontecimiento para todos aquellos que quieren comprender, anticipar y dar forma al futuro de la inversi\u00f3n en el Caribe. Celebrada del 22 al 26 de abril de 2025 en <a href=\"https:\/\/richeskarayib.com\/es\/comision-de-festivales-de-antigua-barbuda-linitiative-junior-calypso-soca-stars\/\" target=\"_blank\" rel=\"noopener\">Antigua y Barbuda<\/a>, la cumbre reunir\u00e1 a jefes de gobierno, expertos internacionales, inversores y actores clave de la migraci\u00f3n de inversiones en torno a una ambici\u00f3n com\u00fan: construir una regi\u00f3n de mayor integridad, estabilidad y sostenibilidad.   <\/span><\/p>\t\t\t\t\t\t\t\t<\/div>\n\t\t\t\t<\/div>\n\t\t\t\t<div class=\"elementor-element elementor-element-19115bd elementor-widget elementor-widget-text-editor\" data-id=\"19115bd\" data-element_type=\"widget\" data-widget_type=\"text-editor.default\">\n\t\t\t\t<div class=\"elementor-widget-container\">\n\t\t\t\t\t\t\t\t\t<p><span style=\"font-weight: 400;\">Con este tel\u00f3n de fondo, la Cumbre de Inversi\u00f3n del Caribe 2025 se convierte en mucho m\u00e1s que una simple conferencia: encarna una visi\u00f3n compartida de la prosperidad regional. <\/span><span style=\"font-weight: 400;\">La cumbre se celebra en el campus de la Universidad Americana de <a href=\"https:\/\/richeskarayib.com\/es\/puerto-de-cruceros-de-antigua-un-ano-record-para-los-cruceros\/\" target=\"_blank\" rel=\"noopener\">Antigua<\/a>, un lugar simb\u00f3lico para este di\u00e1logo de alto nivel.<\/span><\/p>\t\t\t\t\t\t\t\t<\/div>\n\t\t\t\t<\/div>\n\t\t\t\t\t<\/div>\n\t\t<\/div>\n\t\t\t\t\t<\/div>\n\t\t<\/section>\n\t\t\t\t<section class=\"elementor-section elementor-top-section elementor-element elementor-element-7d4f952 elementor-section-boxed elementor-section-height-default elementor-section-height-default\" data-id=\"7d4f952\" data-element_type=\"section\">\n\t\t\t\t\t\t<div class=\"elementor-container elementor-column-gap-default\">\n\t\t\t\t\t<div class=\"elementor-column elementor-col-100 elementor-top-column elementor-element elementor-element-f3833fa\" data-id=\"f3833fa\" data-element_type=\"column\">\n\t\t\t<div class=\"elementor-widget-wrap elementor-element-populated\">\n\t\t\t\t\t\t<div class=\"elementor-element elementor-element-7072b3d elementor-widget elementor-widget-heading\" data-id=\"7072b3d\" data-element_type=\"widget\" data-widget_type=\"heading.default\">\n\t\t\t\t<div class=\"elementor-widget-container\">\n\t\t\t\t\t<h2 class=\"elementor-heading-title elementor-size-default\">Los pilares fundacionales de la Cumbre de Inversi\u00f3n del Caribe 2025<\/h2>\t\t\t\t<\/div>\n\t\t\t\t<\/div>\n\t\t\t\t<div class=\"elementor-element elementor-element-6cd393f elementor-widget elementor-widget-text-editor\" data-id=\"6cd393f\" data-element_type=\"widget\" data-widget_type=\"text-editor.default\">\n\t\t\t\t<div class=\"elementor-widget-container\">\n\t\t\t\t\t\t\t\t\t<h3><b>Integridad: La confianza como fuerza motriz<\/b><\/h3><p><span style=\"font-weight: 400;\">La integridad es la piedra angular de la <a href=\"https:\/\/www.facebook.com\/people\/CIS25-Caribbean-Investment-Summit-25\/61568922137579\/\" target=\"_blank\" rel=\"noopener nofollow\">Cumbre de Inversi\u00f3n del Caribe 2025<\/a>. Significa una mayor diligencia debida, procesos transparentes y elevadas normas \u00e9ticas. El objetivo es claro: reforzar la confianza de los inversores, los gobiernos y los ciudadanos en los programas de inversi\u00f3n <a href=\"https:\/\/richeskarayib.com\/es\/caribe-fondation-de-la-mer-un-compromiso-total-para-proteger-los-oceanos\/\" target=\"_blank\" rel=\"noopener\">del Caribe<\/a>. Esta exigencia de integridad adopta la forma de controles m\u00e1s estrictos y mayor transparencia, elementos esenciales para proteger y mejorar la reputaci\u00f3n de los programas regionales.   <\/span><\/p>\t\t\t\t\t\t\t\t<\/div>\n\t\t\t\t<\/div>\n\t\t\t\t<div class=\"elementor-element elementor-element-beb6a9e elementor-widget elementor-widget-text-editor\" data-id=\"beb6a9e\" data-element_type=\"widget\" data-widget_type=\"text-editor.default\">\n\t\t\t\t<div class=\"elementor-widget-container\">\n\t\t\t\t\t\t\t\t\t<h3><b>Estabilidad: Marcos normativos resistentes<\/b><\/h3><p><span style=\"font-weight: 400;\">La estabilidad es el segundo pilar de la Cumbre de Inversi\u00f3n del Caribe 2025. Se basa en la creaci\u00f3n de marcos reguladores s\u00f3lidos y en una coordinaci\u00f3n transfronteriza eficaz. Este enfoque pretende ofrecer previsibilidad a los inversores, tranquilidad a los gobiernos y seguridad duradera a los ciudadanos, incluso en un entorno econ\u00f3mico mundial fluctuante. As\u00ed pues, la estabilidad se considera una condici\u00f3n sine qua non para atraer capitales y fomentar la innovaci\u00f3n en la regi\u00f3n.   <\/span><\/p>\t\t\t\t\t\t\t\t<\/div>\n\t\t\t\t<\/div>\n\t\t\t\t<div class=\"elementor-element elementor-element-809e9d2 elementor-widget elementor-widget-text-editor\" data-id=\"809e9d2\" data-element_type=\"widget\" data-widget_type=\"text-editor.default\">\n\t\t\t\t<div class=\"elementor-widget-container\">\n\t\t\t\t\t\t\t\t\t<h3><b>Sostenibilidad: Invertir para un desarrollo sostenible<\/b><\/h3><p><span style=\"font-weight: 400;\">El tercer pilar, la sostenibilidad, sit\u00faa la inversi\u00f3n como palanca transformadora del desarrollo sostenible, la resiliencia clim\u00e1tica y la prosperidad econ\u00f3mica a largo plazo de las naciones caribe\u00f1as. La Cumbre de Inversi\u00f3n del Caribe 2025 destaca los proyectos que promueven la transici\u00f3n a una econom\u00eda verde, la seguridad alimentaria y la innovaci\u00f3n digital, garantizando al mismo tiempo el impacto social y medioambiental de las inversiones realizadas. <\/span><\/p>\t\t\t\t\t\t\t\t<\/div>\n\t\t\t\t<\/div>\n\t\t\t\t<section class=\"elementor-section elementor-inner-section elementor-element elementor-element-1076bdc elementor-section-boxed elementor-section-height-default elementor-section-height-default\" data-id=\"1076bdc\" data-element_type=\"section\">\n\t\t\t\t\t\t<div class=\"elementor-container elementor-column-gap-default\">\n\t\t\t\t\t<div class=\"elementor-column elementor-col-100 elementor-inner-column elementor-element elementor-element-84ddb42\" data-id=\"84ddb42\" data-element_type=\"column\">\n\t\t\t<div class=\"elementor-widget-wrap elementor-element-populated\">\n\t\t\t\t\t\t<div class=\"elementor-element elementor-element-f4ad741 elementor-widget elementor-widget-image\" data-id=\"f4ad741\" data-element_type=\"widget\" data-widget_type=\"image.default\">\n\t\t\t\t<div class=\"elementor-widget-container\">\n\t\t\t\t\t\t\t\t\t\t\t\t\t\t\t<img fetchpriority=\"high\" decoding=\"async\" width=\"800\" height=\"352\" src=\"https:\/\/richeskarayib.com\/wp-content\/uploads\/2025\/04\/490505171_2052712415206365_1387250500223934762_n-1024x450.jpg\" class=\"attachment-large size-large wp-image-49373\" alt=\"Caribbean Investment Summit 2025\" srcset=\"https:\/\/richeskarayib.com\/wp-content\/uploads\/2025\/04\/490505171_2052712415206365_1387250500223934762_n-1024x450.jpg 1024w, https:\/\/richeskarayib.com\/wp-content\/uploads\/2025\/04\/490505171_2052712415206365_1387250500223934762_n-300x132.jpg 300w, https:\/\/richeskarayib.com\/wp-content\/uploads\/2025\/04\/490505171_2052712415206365_1387250500223934762_n-768x337.jpg 768w, https:\/\/richeskarayib.com\/wp-content\/uploads\/2025\/04\/490505171_2052712415206365_1387250500223934762_n-1536x674.jpg 1536w, https:\/\/richeskarayib.com\/wp-content\/uploads\/2025\/04\/490505171_2052712415206365_1387250500223934762_n-1320x580.jpg 1320w, https:\/\/richeskarayib.com\/wp-content\/uploads\/2025\/04\/490505171_2052712415206365_1387250500223934762_n.jpg 1920w\" sizes=\"(max-width: 800px) 100vw, 800px\" \/>\t\t\t\t\t\t\t\t\t\t\t\t\t\t\t<\/div>\n\t\t\t\t<\/div>\n\t\t\t\t\t<\/div>\n\t\t<\/div>\n\t\t\t\t\t<\/div>\n\t\t<\/section>\n\t\t\t\t\t<\/div>\n\t\t<\/div>\n\t\t\t\t\t<\/div>\n\t\t<\/section>\n\t\t\t\t<section class=\"elementor-section elementor-top-section elementor-element elementor-element-16ba7e0 elementor-section-boxed elementor-section-height-default elementor-section-height-default\" data-id=\"16ba7e0\" data-element_type=\"section\">\n\t\t\t\t\t\t<div class=\"elementor-container elementor-column-gap-default\">\n\t\t\t\t\t<div class=\"elementor-column elementor-col-100 elementor-top-column elementor-element elementor-element-f6fb52b\" data-id=\"f6fb52b\" data-element_type=\"column\">\n\t\t\t<div class=\"elementor-widget-wrap elementor-element-populated\">\n\t\t\t\t\t\t<div class=\"elementor-element elementor-element-0ce05bd elementor-widget elementor-widget-heading\" data-id=\"0ce05bd\" data-element_type=\"widget\" data-widget_type=\"heading.default\">\n\t\t\t\t<div class=\"elementor-widget-container\">\n\t\t\t\t\t<h2 class=\"elementor-heading-title elementor-size-default\">Una cumbre para todas las partes interesadas<\/h2>\t\t\t\t<\/div>\n\t\t\t\t<\/div>\n\t\t\t\t<div class=\"elementor-element elementor-element-f5427b4 elementor-widget elementor-widget-text-editor\" data-id=\"f5427b4\" data-element_type=\"widget\" data-widget_type=\"text-editor.default\">\n\t\t\t\t<div class=\"elementor-widget-container\">\n\t\t\t\t\t\t\t\t\t<p><span style=\"font-weight: 400;\">La Cumbre de Inversi\u00f3n del Caribe 2025 no es s\u00f3lo para la \u00e9lite. Est\u00e1 dirigida a una diversidad de actores, cada uno de los cuales debe encontrar su lugar y sus oportunidades de crecimiento. <\/span><\/p>\t\t\t\t\t\t\t\t<\/div>\n\t\t\t\t<\/div>\n\t\t\t\t<div class=\"elementor-element elementor-element-016486b elementor-widget elementor-widget-text-editor\" data-id=\"016486b\" data-element_type=\"widget\" data-widget_type=\"text-editor.default\">\n\t\t\t\t<div class=\"elementor-widget-container\">\n\t\t\t\t\t\t\t\t\t<h3><b>Profesionales de la migraci\u00f3n de inversiones<\/b><\/h3><p><span style=\"font-weight: 400;\">Para los profesionales de la migraci\u00f3n inversora, la Cumbre de Inversi\u00f3n del Caribe 2025 es una oportunidad \u00fanica para acceder a productos de inversi\u00f3n basados en ESG, conocer a los responsables de la toma de decisiones gubernamentales y reforzar su posici\u00f3n en el mercado de soluciones de movilidad sostenible.<\/span><\/p>\t\t\t\t\t\t\t\t<\/div>\n\t\t\t\t<\/div>\n\t\t\t\t<div class=\"elementor-element elementor-element-c4233aa elementor-widget elementor-widget-text-editor\" data-id=\"c4233aa\" data-element_type=\"widget\" data-widget_type=\"text-editor.default\">\n\t\t\t\t<div class=\"elementor-widget-container\">\n\t\t\t\t\t\t\t\t\t<h3><b>Responsables p\u00fablicos y representantes gubernamentales<\/b><\/h3><p><span style=\"font-weight: 400;\">Los responsables p\u00fablicos y los representantes gubernamentales pueden descubrir marcos innovadores para transformar los programas tradicionales en aut\u00e9nticos catalizadores del desarrollo sostenible. Tambi\u00e9n pueden explorar oportunidades de financiaci\u00f3n con bancos de desarrollo y forjar asociaciones internacionales estrat\u00e9gicas. <\/span><\/p>\t\t\t\t\t\t\t\t<\/div>\n\t\t\t\t<\/div>\n\t\t\t\t<div class=\"elementor-element elementor-element-9b0d9df elementor-widget elementor-widget-text-editor\" data-id=\"9b0d9df\" data-element_type=\"widget\" data-widget_type=\"text-editor.default\">\n\t\t\t\t<div class=\"elementor-widget-container\">\n\t\t\t\t\t\t\t\t\t<p><span style=\"font-weight: 400;\">Entre los participantes destacados se encontraba el Primer Ministro de <a href=\"https:\/\/richeskarayib.com\/es\/santa-lucia-heartfall-una-pelicula-de-elijah-anatole\/\" target=\"_blank\" rel=\"noopener\">Santa Luc\u00eda<\/a>, el Hon. Philip J. Pierre, cuya presencia ilustra el compromiso activo de los l\u00edderes de la regi\u00f3n con una gobernanza basada en la integridad y la sostenibilidad. <\/span><\/p>\t\t\t\t\t\t\t\t<\/div>\n\t\t\t\t<\/div>\n\t\t\t\t<div class=\"elementor-element elementor-element-b13c42f elementor-widget elementor-widget-text-editor\" data-id=\"b13c42f\" data-element_type=\"widget\" data-widget_type=\"text-editor.default\">\n\t\t\t\t<div class=\"elementor-widget-container\">\n\t\t\t\t\t\t\t\t\t<h3><b>Unidades CBI y autoridades de inversi\u00f3n<\/b><\/h3><p><span style=\"font-weight: 400;\">Los representantes de las unidades de CBI (Ciudadan\u00eda por Inversi\u00f3n) y las autoridades de inversi\u00f3n reciben formaci\u00f3n sobre el acceso a la financiaci\u00f3n clim\u00e1tica, la estructuraci\u00f3n de productos de inversi\u00f3n de nueva generaci\u00f3n y el refuerzo de las normas de diligencia debida.<\/span><\/p>\t\t\t\t\t\t\t\t<\/div>\n\t\t\t\t<\/div>\n\t\t\t\t<div class=\"elementor-element elementor-element-dc9db3c elementor-widget elementor-widget-text-editor\" data-id=\"dc9db3c\" data-element_type=\"widget\" data-widget_type=\"text-editor.default\">\n\t\t\t\t<div class=\"elementor-widget-container\">\n\t\t\t\t\t\t\t\t\t<h3><b>Especialistas en ESG, proveedores inmobiliarios e inversores de impacto<\/b><\/h3><p><span style=\"font-weight: 400;\">Los especialistas en ESG encontrar\u00e1n en la Cumbre de Inversi\u00f3n del Caribe 2025 una plataforma coordinada para desplegar iniciativas de desarrollo sostenible a gran escala. Los proveedores inmobiliarios descubrir\u00e1n c\u00f3mo transformar los productos tradicionales de CBI en inversiones sostenibles de primera calidad, mientras que los inversores de impacto podr\u00e1n conectar con proyectos soberanos de gran impacto medible. <\/span><\/p>\t\t\t\t\t\t\t\t<\/div>\n\t\t\t\t<\/div>\n\t\t\t\t\t<\/div>\n\t\t<\/div>\n\t\t\t\t\t<\/div>\n\t\t<\/section>\n\t\t\t\t<section class=\"elementor-section elementor-top-section elementor-element elementor-element-7c727fe elementor-section-boxed elementor-section-height-default elementor-section-height-default\" data-id=\"7c727fe\" data-element_type=\"section\">\n\t\t\t\t\t\t<div class=\"elementor-container elementor-column-gap-default\">\n\t\t\t\t\t<div class=\"elementor-column elementor-col-100 elementor-top-column elementor-element elementor-element-2675508\" data-id=\"2675508\" data-element_type=\"column\">\n\t\t\t<div class=\"elementor-widget-wrap elementor-element-populated\">\n\t\t\t\t\t\t<div class=\"elementor-element elementor-element-86f7f71 elementor-widget elementor-widget-heading\" data-id=\"86f7f71\" data-element_type=\"widget\" data-widget_type=\"heading.default\">\n\t\t\t\t<div class=\"elementor-widget-container\">\n\t\t\t\t\t<h2 class=\"elementor-heading-title elementor-size-default\">Aspectos destacados e innovaciones en la Cumbre de Inversi\u00f3n del Caribe 2025<\/h2>\t\t\t\t<\/div>\n\t\t\t\t<\/div>\n\t\t\t\t<div class=\"elementor-element elementor-element-1931a91 elementor-widget elementor-widget-text-editor\" data-id=\"1931a91\" data-element_type=\"widget\" data-widget_type=\"text-editor.default\">\n\t\t\t\t<div class=\"elementor-widget-container\">\n\t\t\t\t\t\t\t\t\t<h3><b>Foros de liderazgo y di\u00e1logos de alto nivel<\/b><\/h3><p><span style=\"font-weight: 400;\">Uno de los aspectos m\u00e1s destacados de la Cumbre de Inversi\u00f3n del Caribe 2025 es el Foro de Liderazgo Regional, moderado por Nuri Katz, Presidente de Apex Capital Partners. Este foro re\u00fane a jefes de gobierno de pa\u00edses como Antigua y Barbuda, San Crist\u00f3bal y Nieves, Granada, Santa Luc\u00eda y Dominica para debatir los retos del desarrollo sostenible, la estabilidad y la innovaci\u00f3n en la migraci\u00f3n impulsada por la inversi\u00f3n. <\/span><\/p>\t\t\t\t\t\t\t\t<\/div>\n\t\t\t\t<\/div>\n\t\t\t\t<div class=\"elementor-element elementor-element-68fcf44 elementor-widget elementor-widget-text-editor\" data-id=\"68fcf44\" data-element_type=\"widget\" data-widget_type=\"text-editor.default\">\n\t\t\t\t<div class=\"elementor-widget-container\">\n\t\t\t\t\t\t\t\t\t<p><span style=\"font-weight: 400;\">La cumbre re\u00fane a cinco primeros ministros de la regi\u00f3n y a numerosos delegados internacionales para mantener importantes debates estrat\u00e9gicos.<\/span><\/p>\t\t\t\t\t\t\t\t<\/div>\n\t\t\t\t<\/div>\n\t\t\t\t<div class=\"elementor-element elementor-element-53345c1 elementor-widget elementor-widget-text-editor\" data-id=\"53345c1\" data-element_type=\"widget\" data-widget_type=\"text-editor.default\">\n\t\t\t\t<div class=\"elementor-widget-container\">\n\t\t\t\t\t\t\t\t\t<h3><b>Talleres interactivos y redes estrat\u00e9gicas<\/b><\/h3><p><span style=\"font-weight: 400;\">La cumbre tambi\u00e9n incluye talleres pr\u00e1cticos sobre gesti\u00f3n del cumplimiento, an\u00e1lisis de las tendencias del mercado y los entresijos de los programas de ciudadan\u00eda por inversi\u00f3n. Los participantes se benefician de sesiones de networking, recepciones y una zona VIP para establecer asociaciones estrat\u00e9gicas y explorar nuevas oportunidades de negocio. <\/span><\/p>\t\t\t\t\t\t\t\t<\/div>\n\t\t\t\t<\/div>\n\t\t\t\t<section class=\"elementor-section elementor-inner-section elementor-element elementor-element-8b18444 elementor-section-boxed elementor-section-height-default elementor-section-height-default\" data-id=\"8b18444\" data-element_type=\"section\">\n\t\t\t\t\t\t<div class=\"elementor-container elementor-column-gap-default\">\n\t\t\t\t\t<div class=\"elementor-column elementor-col-100 elementor-inner-column elementor-element elementor-element-31ce4af\" data-id=\"31ce4af\" data-element_type=\"column\">\n\t\t\t<div class=\"elementor-widget-wrap elementor-element-populated\">\n\t\t\t\t\t\t<div class=\"elementor-element elementor-element-69d3ba9 elementor-widget elementor-widget-image\" data-id=\"69d3ba9\" data-element_type=\"widget\" data-widget_type=\"image.default\">\n\t\t\t\t<div class=\"elementor-widget-container\">\n\t\t\t\t\t\t\t\t\t\t\t\t\t\t\t<img decoding=\"async\" width=\"800\" height=\"999\" src=\"https:\/\/richeskarayib.com\/wp-content\/uploads\/2025\/04\/491849011_122128391780630737_7552269406923643451_n-820x1024.jpg\" class=\"attachment-large size-large wp-image-49377\" alt=\"Caribbean Investment Summit 2025\" srcset=\"https:\/\/richeskarayib.com\/wp-content\/uploads\/2025\/04\/491849011_122128391780630737_7552269406923643451_n-820x1024.jpg 820w, https:\/\/richeskarayib.com\/wp-content\/uploads\/2025\/04\/491849011_122128391780630737_7552269406923643451_n-240x300.jpg 240w, https:\/\/richeskarayib.com\/wp-content\/uploads\/2025\/04\/491849011_122128391780630737_7552269406923643451_n-768x959.jpg 768w, https:\/\/richeskarayib.com\/wp-content\/uploads\/2025\/04\/491849011_122128391780630737_7552269406923643451_n.jpg 961w\" sizes=\"(max-width: 800px) 100vw, 800px\" \/>\t\t\t\t\t\t\t\t\t\t\t\t\t\t\t<\/div>\n\t\t\t\t<\/div>\n\t\t\t\t\t<\/div>\n\t\t<\/div>\n\t\t\t\t\t<\/div>\n\t\t<\/section>\n\t\t\t\t\t<\/div>\n\t\t<\/div>\n\t\t\t\t\t<\/div>\n\t\t<\/section>\n\t\t\t\t<section class=\"elementor-section elementor-top-section elementor-element elementor-element-1a0b771 elementor-section-boxed elementor-section-height-default elementor-section-height-default\" data-id=\"1a0b771\" data-element_type=\"section\">\n\t\t\t\t\t\t<div class=\"elementor-container elementor-column-gap-default\">\n\t\t\t\t\t<div class=\"elementor-column elementor-col-100 elementor-top-column elementor-element elementor-element-345f4b7\" data-id=\"345f4b7\" data-element_type=\"column\">\n\t\t\t<div class=\"elementor-widget-wrap elementor-element-populated\">\n\t\t\t\t\t\t<div class=\"elementor-element elementor-element-d6a712a elementor-widget elementor-widget-heading\" data-id=\"d6a712a\" data-element_type=\"widget\" data-widget_type=\"heading.default\">\n\t\t\t\t<div class=\"elementor-widget-container\">\n\t\t\t\t\t<h2 class=\"elementor-heading-title elementor-size-default\">Antigua y Barbuda, anfitri\u00f3n estrat\u00e9gico y s\u00edmbolo de \u00e9xito<\/h2>\t\t\t\t<\/div>\n\t\t\t\t<\/div>\n\t\t\t\t<div class=\"elementor-element elementor-element-f9582c3 elementor-widget elementor-widget-text-editor\" data-id=\"f9582c3\" data-element_type=\"widget\" data-widget_type=\"text-editor.default\">\n\t\t\t\t<div class=\"elementor-widget-container\">\n\t\t\t\t\t\t\t\t\t<p><span style=\"font-weight: 400;\">La elecci\u00f3n de Antigua y Barbuda como sede de la Cumbre de Inversi\u00f3n del Caribe 2025 no es balad\u00ed. Este pa\u00eds, reconocido por la solidez de su programa de ciudadan\u00eda por inversi\u00f3n, encarna el \u00e9xito de una pol\u00edtica proactiva y visionaria. Su excepcional entorno natural y su econom\u00eda din\u00e1mica lo convierten en un modelo para otras naciones caribe\u00f1as que deseen utilizar la inversi\u00f3n como motor del crecimiento sostenible.  <\/span><\/p>\t\t\t\t\t\t\t\t<\/div>\n\t\t\t\t<\/div>\n\t\t\t\t\t<\/div>\n\t\t<\/div>\n\t\t\t\t\t<\/div>\n\t\t<\/section>\n\t\t\t\t<section class=\"elementor-section elementor-top-section elementor-element elementor-element-75226b9 elementor-section-boxed elementor-section-height-default elementor-section-height-default\" data-id=\"75226b9\" data-element_type=\"section\">\n\t\t\t\t\t\t<div class=\"elementor-container elementor-column-gap-default\">\n\t\t\t\t\t<div class=\"elementor-column elementor-col-100 elementor-top-column elementor-element elementor-element-992e41e\" data-id=\"992e41e\" data-element_type=\"column\">\n\t\t\t<div class=\"elementor-widget-wrap elementor-element-populated\">\n\t\t\t\t\t\t<div class=\"elementor-element elementor-element-b7fae28 elementor-widget elementor-widget-heading\" data-id=\"b7fae28\" data-element_type=\"widget\" data-widget_type=\"heading.default\">\n\t\t\t\t<div class=\"elementor-widget-container\">\n\t\t\t\t\t<h2 class=\"elementor-heading-title elementor-size-default\">Mirando al futuro : Hacia un Caribe pr\u00f3spero y resistente<\/h2>\t\t\t\t<\/div>\n\t\t\t\t<\/div>\n\t\t\t\t<div class=\"elementor-element elementor-element-0431e8e elementor-widget elementor-widget-text-editor\" data-id=\"0431e8e\" data-element_type=\"widget\" data-widget_type=\"text-editor.default\">\n\t\t\t\t<div class=\"elementor-widget-container\">\n\t\t\t\t\t\t\t\t\t<p><span style=\"font-weight: 400;\">La Cumbre de Inversi\u00f3n del Caribe 2025 se inscribe en una din\u00e1mica de profunda transformaci\u00f3n. Frente a los retos mundiales, el Caribe se est\u00e1 posicionando como una regi\u00f3n innovadora, resiliente y abierta a la inversi\u00f3n responsable. Los debates e iniciativas lanzados en la cumbre contribuir\u00e1n a reforzar las pol\u00edticas p\u00fablicas, promover las mejores pr\u00e1cticas y construir una comunidad de partes interesadas comprometidas con un futuro compartido.  <\/span><\/p>\t\t\t\t\t\t\t\t<\/div>\n\t\t\t\t<\/div>\n\t\t\t\t\t<\/div>\n\t\t<\/div>\n\t\t\t\t\t<\/div>\n\t\t<\/section>\n\t\t\t\t<section class=\"elementor-section elementor-top-section elementor-element elementor-element-a968fb2 elementor-section-boxed elementor-section-height-default elementor-section-height-default\" data-id=\"a968fb2\" data-element_type=\"section\">\n\t\t\t\t\t\t<div class=\"elementor-container elementor-column-gap-default\">\n\t\t\t\t\t<div class=\"elementor-column elementor-col-100 elementor-top-column elementor-element elementor-element-701a308\" data-id=\"701a308\" data-element_type=\"column\">\n\t\t\t<div class=\"elementor-widget-wrap elementor-element-populated\">\n\t\t\t\t\t\t<div class=\"elementor-element elementor-element-3a31432 elementor-widget elementor-widget-heading\" data-id=\"3a31432\" data-element_type=\"widget\" data-widget_type=\"heading.default\">\n\t\t\t\t<div class=\"elementor-widget-container\">\n\t\t\t\t\t<h2 class=\"elementor-heading-title elementor-size-default\">\u00bfPor qu\u00e9 participar en la Cumbre de Inversi\u00f3n del Caribe 2025?<\/h2>\t\t\t\t<\/div>\n\t\t\t\t<\/div>\n\t\t\t\t<div class=\"elementor-element elementor-element-89466e3 elementor-widget elementor-widget-text-editor\" data-id=\"89466e3\" data-element_type=\"widget\" data-widget_type=\"text-editor.default\">\n\t\t\t\t<div class=\"elementor-widget-container\">\n\t\t\t\t\t\t\t\t\t<p><span style=\"font-weight: 400;\">Participar en la Cumbre de Inversi\u00f3n del Caribe 2025 significa unirse a un movimiento que est\u00e1 dando forma al futuro del Caribe. Tanto si eres inversor, responsable de pol\u00edticas p\u00fablicas, profesional de la migraci\u00f3n o empresario, esta cumbre ofrece una plataforma \u00fanica para aprender, establecer contactos y pasar a la acci\u00f3n. Con sus pilares de integridad, estabilidad y sostenibilidad, allana el camino hacia el crecimiento integrador, la resiliencia clim\u00e1tica y la prosperidad compartida. No te pierdas esta oportunidad de contribuir a la transformaci\u00f3n de la regi\u00f3n y beneficiarte de las oportunidades que ofrece la Cumbre de Inversi\u00f3n del Caribe 2025.   <\/span><\/p>\t\t\t\t\t\t\t\t<\/div>\n\t\t\t\t<\/div>\n\t\t\t\t\t<\/div>\n\t\t<\/div>\n\t\t\t\t\t<\/div>\n\t\t<\/section>\n\t\t\t\t<\/div>\n\t\t","protected":false},"excerpt":{"rendered":"<p>La Cumbre de Inversi\u00f3n del Caribe 2025 es el acontecimiento para todos aquellos que quieren comprender, anticipar y dar forma al futuro de la inversi\u00f3n en el Caribe. Celebrada del 22 al 26 de abril de 2025 en Antigua y Barbuda, la cumbre reunir\u00e1 a jefes de gobierno, expertos internacionales, inversores y actores clave de [&hellip;]<\/p>\n","protected":false},"author":662,"featured_media":49389,"comment_status":"open","ping_status":"open","sticky":false,"template":"","format":"standard","meta":{"_acf_changed":false,"footnotes":""},"categories":[839],"tags":[1691],"class_list":["post-49379","post","type-post","status-publish","format-standard","has-post-thumbnail","hentry","category-noticias","tag-antigua-y-barbuda"],"acf":[],"_links":{"self":[{"href":"https:\/\/richeskarayib.com\/es\/wp-json\/wp\/v2\/posts\/49379","targetHints":{"allow":["GET"]}}],"collection":[{"href":"https:\/\/richeskarayib.com\/es\/wp-json\/wp\/v2\/posts"}],"about":[{"href":"https:\/\/richeskarayib.com\/es\/wp-json\/wp\/v2\/types\/post"}],"author":[{"embeddable":true,"href":"https:\/\/richeskarayib.com\/es\/wp-json\/wp\/v2\/users\/662"}],"replies":[{"embeddable":true,"href":"https:\/\/richeskarayib.com\/es\/wp-json\/wp\/v2\/comments?post=49379"}],"version-history":[{"count":0,"href":"https:\/\/richeskarayib.com\/es\/wp-json\/wp\/v2\/posts\/49379\/revisions"}],"wp:featuredmedia":[{"embeddable":true,"href":"https:\/\/richeskarayib.com\/es\/wp-json\/wp\/v2\/media\/49389"}],"wp:attachment":[{"href":"https:\/\/richeskarayib.com\/es\/wp-json\/wp\/v2\/media?parent=49379"}],"wp:term":[{"taxonomy":"category","embeddable":true,"href":"https:\/\/richeskarayib.com\/es\/wp-json\/wp\/v2\/categories?post=49379"},{"taxonomy":"post_tag","embeddable":true,"href":"https:\/\/richeskarayib.com\/es\/wp-json\/wp\/v2\/tags?post=49379"}],"curies":[{"name":"wp","href":"https:\/\/api.w.org\/{rel}","templated":true}]}}