{"id":49459,"date":"2025-04-25T05:10:02","date_gmt":"2025-04-25T09:10:02","guid":{"rendered":"https:\/\/richeskarayib.com\/granada-vghn-primera-joven-embajadora-del-caribe-para-la-propiedad-intelectual-un-punto-de-inflexion-para-la-creatividad-granadina\/"},"modified":"2025-04-28T05:15:21","modified_gmt":"2025-04-28T09:15:21","slug":"granada-vghn-primera-joven-embajadora-del-caribe-para-la-propiedad-intelectual-un-punto-de-inflexion-para-la-creatividad-granadina","status":"publish","type":"post","link":"https:\/\/richeskarayib.com\/es\/granada-vghn-primera-joven-embajadora-del-caribe-para-la-propiedad-intelectual-un-punto-de-inflexion-para-la-creatividad-granadina\/","title":{"rendered":"Granada &#8211; V&#8217;ghn: Primera Joven Embajadora del Caribe para la Propiedad Intelectual &#8211; Un punto de inflexi\u00f3n para la creatividad granadina"},"content":{"rendered":"\t\t<div data-elementor-type=\"wp-post\" data-elementor-id=\"49459\" class=\"elementor elementor-49459 elementor-49441\" data-elementor-post-type=\"post\">\n\t\t\t\t\t\t<section class=\"elementor-section elementor-top-section elementor-element elementor-element-7d71f82 elementor-section-boxed elementor-section-height-default elementor-section-height-default\" data-id=\"7d71f82\" data-element_type=\"section\">\n\t\t\t\t\t\t<div class=\"elementor-container elementor-column-gap-default\">\n\t\t\t\t\t<div class=\"elementor-column elementor-col-100 elementor-top-column elementor-element elementor-element-c153284\" data-id=\"c153284\" data-element_type=\"column\">\n\t\t\t<div class=\"elementor-widget-wrap elementor-element-populated\">\n\t\t\t\t\t\t<div class=\"elementor-element elementor-element-4f6c6de elementor-widget elementor-widget-text-editor\" data-id=\"4f6c6de\" data-element_type=\"widget\" data-widget_type=\"text-editor.default\">\n\t\t\t\t<div class=\"elementor-widget-container\">\n\t\t\t\t\t\t\t\t\t<p><span style=\"font-weight: 400;\">El artista granadino <a href=\"https:\/\/www.loopnews.com\/content\/grenadian-artist-vghn-named-caribbeans-first-wipo-ip-youth-ambassador\/\" target=\"_blank\" rel=\"noopener nofollow\">V&#8217;ghn<\/a> acaba de hacer historia al convertirse en el primer Joven Embajador <a href=\"https:\/\/richeskarayib.com\/es\/caribe-fondation-de-la-mer-un-compromiso-total-para-proteger-los-oceanos\/\" target=\"_blank\" rel=\"noopener\">del Caribe<\/a> para la Propiedad Intelectual (PI) nombrado por la Organizaci\u00f3n Mundial de la Propiedad Intelectual (OMPI). Este nombramiento, anunciado en abril de 2025, marca un punto de inflexi\u00f3n en el reconocimiento de la creatividad caribe\u00f1a en la escena mundial, y sit\u00faa a Granada en el centro de los debates sobre la protecci\u00f3n de las obras culturales y la promoci\u00f3n del talento local. <\/span><\/p>\t\t\t\t\t\t\t\t<\/div>\n\t\t\t\t<\/div>\n\t\t\t\t\t<\/div>\n\t\t<\/div>\n\t\t\t\t\t<\/div>\n\t\t<\/section>\n\t\t\t\t<section class=\"elementor-section elementor-top-section elementor-element elementor-element-7d4f952 elementor-section-boxed elementor-section-height-default elementor-section-height-default\" data-id=\"7d4f952\" data-element_type=\"section\">\n\t\t\t\t\t\t<div class=\"elementor-container elementor-column-gap-default\">\n\t\t\t\t\t<div class=\"elementor-column elementor-col-100 elementor-top-column elementor-element elementor-element-f3833fa\" data-id=\"f3833fa\" data-element_type=\"column\">\n\t\t\t<div class=\"elementor-widget-wrap elementor-element-populated\">\n\t\t\t\t\t\t<div class=\"elementor-element elementor-element-7072b3d elementor-widget elementor-widget-heading\" data-id=\"7072b3d\" data-element_type=\"widget\" data-widget_type=\"heading.default\">\n\t\t\t\t<div class=\"elementor-widget-container\">\n\t\t\t\t\t<h2 class=\"elementor-heading-title elementor-size-default\">\u00bfQui\u00e9n es V'ghn?<\/h2>\t\t\t\t<\/div>\n\t\t\t\t<\/div>\n\t\t\t\t<div class=\"elementor-element elementor-element-6cd393f elementor-widget elementor-widget-text-editor\" data-id=\"6cd393f\" data-element_type=\"widget\" data-widget_type=\"text-editor.default\">\n\t\t\t\t<div class=\"elementor-widget-container\">\n\t\t\t\t\t\t\t\t\t<h3><b>Una carrera forjada por la pasi\u00f3n y la excelencia<\/b><\/h3><p><span style=\"font-weight: 400;\">Jevaughn John, alias <a href=\"https:\/\/www.wipo.int\/web\/wipo-magazine\/articles\/vghn-grenadas-prince-of-soca-music-and-wipos-newest-ip-youth-ambassador-73031\" target=\"_blank\" rel=\"noopener nofollow\">V&#8217;ghn<\/a>, es mucho m\u00e1s que un cantante <a href=\"https:\/\/richeskarayib.com\/es\/comision-de-festivales-de-antigua-barbuda-linitiative-junior-calypso-soca-stars\/\" target=\"_blank\" rel=\"noopener\">de Soca<\/a>. Nacido en Granada, creci\u00f3 al ritmo de las guitarras de su padre y de los ensayos de la Spices Dance Company de Gouyave. Desde los 11 a\u00f1os, compon\u00eda y actuaba, primero como d\u00fao y luego en solitario.  <\/span><\/p>\t\t\t\t\t\t\t\t<\/div>\n\t\t\t\t<\/div>\n\t\t\t\t<div class=\"elementor-element elementor-element-b5084a5 elementor-widget elementor-widget-text-editor\" data-id=\"b5084a5\" data-element_type=\"widget\" data-widget_type=\"text-editor.default\">\n\t\t\t\t<div class=\"elementor-widget-container\">\n\t\t\t\t\t\t\t\t\t<p><span style=\"font-weight: 400;\">A los 16 a\u00f1os, se distingui\u00f3 en el National Soca Monarch de 2013. Pero fue en 2019 cuando irrumpi\u00f3 en la escena internacional, consiguiendo el tercer puesto en el Monarca Internacional de Soca en Trinidad y Tobago, el primero para un granadino. Su t\u00edtulo    <\/span><b>&#8220;Trouble in the Morning<\/b><span style=\"font-weight: 400;\"> se convirti\u00f3 en un himno Groovy Soca.<\/span><\/p>\t\t\t\t\t\t\t\t<\/div>\n\t\t\t\t<\/div>\n\t\t\t\t<div class=\"elementor-element elementor-element-beb6a9e elementor-widget elementor-widget-text-editor\" data-id=\"beb6a9e\" data-element_type=\"widget\" data-widget_type=\"text-editor.default\">\n\t\t\t\t<div class=\"elementor-widget-container\">\n\t\t\t\t\t\t\t\t\t<h3><b>Un embajador cultural y una voz para los j\u00f3venes<\/b><\/h3><p><span style=\"font-weight: 400;\">Adem\u00e1s de ser un artista consumado, V&#8217;ghn es reconocido como embajador cultural de Granada, Carriacou y Petite Martinique. Tiene casi 100.000 oyentes en Spotify y recientemente ha firmado un contrato con Virgin Records, al tiempo que conserva el control de su obra. Su trayectoria inspira a toda una generaci\u00f3n de creadores caribe\u00f1os, combinando autenticidad, innovaci\u00f3n y una sabia gesti\u00f3n de sus derechos.  <\/span><\/p>\t\t\t\t\t\t\t\t<\/div>\n\t\t\t\t<\/div>\n\t\t\t\t<section class=\"elementor-section elementor-inner-section elementor-element elementor-element-a329c0d elementor-section-boxed elementor-section-height-default elementor-section-height-default\" data-id=\"a329c0d\" data-element_type=\"section\">\n\t\t\t\t\t\t<div class=\"elementor-container elementor-column-gap-default\">\n\t\t\t\t\t<div class=\"elementor-column elementor-col-50 elementor-inner-column elementor-element elementor-element-ddc1798\" data-id=\"ddc1798\" data-element_type=\"column\">\n\t\t\t<div class=\"elementor-widget-wrap elementor-element-populated\">\n\t\t\t\t\t\t<div class=\"elementor-element elementor-element-29b5274 elementor-widget elementor-widget-video\" data-id=\"29b5274\" data-element_type=\"widget\" data-settings=\"{&quot;youtube_url&quot;:&quot;https:\\\/\\\/www.youtube.com\\\/watch?v=K15FeehKSKM&amp;ab_channel=V%27ghn&quot;,&quot;video_type&quot;:&quot;youtube&quot;,&quot;controls&quot;:&quot;yes&quot;}\" data-widget_type=\"video.default\">\n\t\t\t\t<div class=\"elementor-widget-container\">\n\t\t\t\t\t\t\t<div class=\"elementor-wrapper elementor-open-inline\">\n\t\t\t<div class=\"elementor-video\"><\/div>\t\t<\/div>\n\t\t\t\t\t\t<\/div>\n\t\t\t\t<\/div>\n\t\t\t\t\t<\/div>\n\t\t<\/div>\n\t\t\t\t<div class=\"elementor-column elementor-col-50 elementor-inner-column elementor-element elementor-element-55950d5\" data-id=\"55950d5\" data-element_type=\"column\">\n\t\t\t<div class=\"elementor-widget-wrap elementor-element-populated\">\n\t\t\t\t\t\t<div class=\"elementor-element elementor-element-68f80da elementor-widget elementor-widget-video\" data-id=\"68f80da\" data-element_type=\"widget\" data-settings=\"{&quot;youtube_url&quot;:&quot;https:\\\/\\\/www.youtube.com\\\/watch?v=oiXM4D86xbc&amp;ab_channel=VoiceTheArtiste&quot;,&quot;video_type&quot;:&quot;youtube&quot;,&quot;controls&quot;:&quot;yes&quot;}\" data-widget_type=\"video.default\">\n\t\t\t\t<div class=\"elementor-widget-container\">\n\t\t\t\t\t\t\t<div class=\"elementor-wrapper elementor-open-inline\">\n\t\t\t<div class=\"elementor-video\"><\/div>\t\t<\/div>\n\t\t\t\t\t\t<\/div>\n\t\t\t\t<\/div>\n\t\t\t\t\t<\/div>\n\t\t<\/div>\n\t\t\t\t\t<\/div>\n\t\t<\/section>\n\t\t\t\t\t<\/div>\n\t\t<\/div>\n\t\t\t\t\t<\/div>\n\t\t<\/section>\n\t\t\t\t<section class=\"elementor-section elementor-top-section elementor-element elementor-element-16ba7e0 elementor-section-boxed elementor-section-height-default elementor-section-height-default\" data-id=\"16ba7e0\" data-element_type=\"section\">\n\t\t\t\t\t\t<div class=\"elementor-container elementor-column-gap-default\">\n\t\t\t\t\t<div class=\"elementor-column elementor-col-100 elementor-top-column elementor-element elementor-element-f6fb52b\" data-id=\"f6fb52b\" data-element_type=\"column\">\n\t\t\t<div class=\"elementor-widget-wrap elementor-element-populated\">\n\t\t\t\t\t\t<div class=\"elementor-element elementor-element-0ce05bd elementor-widget elementor-widget-heading\" data-id=\"0ce05bd\" data-element_type=\"widget\" data-widget_type=\"heading.default\">\n\t\t\t\t<div class=\"elementor-widget-container\">\n\t\t\t\t\t<h2 class=\"elementor-heading-title elementor-size-default\">Una designaci\u00f3n hist\u00f3rica de la OMPI<\/h2>\t\t\t\t<\/div>\n\t\t\t\t<\/div>\n\t\t\t\t<div class=\"elementor-element elementor-element-f5427b4 elementor-widget elementor-widget-text-editor\" data-id=\"f5427b4\" data-element_type=\"widget\" data-widget_type=\"text-editor.default\">\n\t\t\t\t<div class=\"elementor-widget-container\">\n\t\t\t\t\t\t\t\t\t<h4><b>Entre bastidores de un nombramiento sin precedentes<\/b><\/h4><p><span style=\"font-weight: 400;\">El nombramiento de <a href=\"https:\/\/www.instagram.com\/vghnofficial\/\" target=\"_blank\" rel=\"noopener nofollow\">V&#8217;ghn<\/a> como Joven Embajador de la OMPI para la Propiedad Intelectual es el resultado de un proceso que comenz\u00f3 en 2024, cuando Granada fue homenajeada en las Asambleas de la OMPI en Ginebra. A pesar de la cancelaci\u00f3n de su actuaci\u00f3n debido al hurac\u00e1n Beryl, el apoyo de la CAIPO (Oficina de Asuntos Corporativos y Propiedad Intelectual) y de la GOCA (Oficina de Asuntos Creativos de Granada) nunca decay\u00f3. En abril de 2025, la OMPI hizo oficial su nombramiento, convirti\u00e9ndolo en el 16\u00ba Joven Embajador de la PI del mundo, y el primero del Caribe.  <\/span><\/p>\t\t\t\t\t\t\t\t<\/div>\n\t\t\t\t<\/div>\n\t\t\t\t<div class=\"elementor-element elementor-element-016486b elementor-widget elementor-widget-text-editor\" data-id=\"016486b\" data-element_type=\"widget\" data-widget_type=\"text-editor.default\">\n\t\t\t\t<div class=\"elementor-widget-container\">\n\t\t\t\t\t\t\t\t\t<h4><b>Un papel internacional<\/b><\/h4><p><span style=\"font-weight: 400;\">Como Joven Embajador de la PI, la misi\u00f3n de V&#8217;ghn es promover el conocimiento de la propiedad intelectual entre los j\u00f3venes, fomentar el esp\u00edritu empresarial creativo y defender la protecci\u00f3n del patrimonio cultural. En particular, participar\u00e1 en actos internacionales, como su actuaci\u00f3n prevista en la sede de la OMPI en Ginebra en julio de 2025, con motivo del 50 aniversario de la independencia de Granada. <\/span><\/p>\t\t\t\t\t\t\t\t<\/div>\n\t\t\t\t<\/div>\n\t\t\t\t\t<\/div>\n\t\t<\/div>\n\t\t\t\t\t<\/div>\n\t\t<\/section>\n\t\t\t\t<section class=\"elementor-section elementor-top-section elementor-element elementor-element-7c727fe elementor-section-boxed elementor-section-height-default elementor-section-height-default\" data-id=\"7c727fe\" data-element_type=\"section\">\n\t\t\t\t\t\t<div class=\"elementor-container elementor-column-gap-default\">\n\t\t\t\t\t<div class=\"elementor-column elementor-col-100 elementor-top-column elementor-element elementor-element-2675508\" data-id=\"2675508\" data-element_type=\"column\">\n\t\t\t<div class=\"elementor-widget-wrap elementor-element-populated\">\n\t\t\t\t\t\t<div class=\"elementor-element elementor-element-86f7f71 elementor-widget elementor-widget-heading\" data-id=\"86f7f71\" data-element_type=\"widget\" data-widget_type=\"heading.default\">\n\t\t\t\t<div class=\"elementor-widget-container\">\n\t\t\t\t\t<h2 class=\"elementor-heading-title elementor-size-default\">La propiedad intelectual: un pilar para la industria creativa<\/h2>\t\t\t\t<\/div>\n\t\t\t\t<\/div>\n\t\t\t\t<div class=\"elementor-element elementor-element-1931a91 elementor-widget elementor-widget-text-editor\" data-id=\"1931a91\" data-element_type=\"widget\" data-widget_type=\"text-editor.default\">\n\t\t\t\t<div class=\"elementor-widget-container\">\n\t\t\t\t\t\t\t\t\t<h3><b>Un reto fundamental para los artistas caribe\u00f1os<\/b><\/h3><p><span style=\"font-weight: 400;\">La propiedad intelectual abarca todos los derechos necesarios para proteger las creaciones de la mente: obras musicales, textos, marcas, inventos, etc. Para los artistas caribe\u00f1os, la propiedad intelectual es la clave para transformar la creatividad en valor econ\u00f3mico y social. Garantiza el reconocimiento de los autores, la remuneraci\u00f3n de su trabajo y la transmisi\u00f3n de un patrimonio cultural a las generaciones futuras.  <\/span><\/p>\t\t\t\t\t\t\t\t<\/div>\n\t\t\t\t<\/div>\n\t\t\t\t<div class=\"elementor-element elementor-element-68fcf44 elementor-widget elementor-widget-text-editor\" data-id=\"68fcf44\" data-element_type=\"widget\" data-widget_type=\"text-editor.default\">\n\t\t\t\t<div class=\"elementor-widget-container\">\n\t\t\t\t\t\t\t\t\t<h3><b>Derechos de autor, marcas y dise\u00f1os: herramientas esenciales<\/b><\/h3><p><span style=\"font-weight: 400;\">La legislaci\u00f3n de <a href=\"https:\/\/richeskarayib.com\/es\/granada-fuerte-crecimiento-del-turismo-en-los-ultimos-26-meses\/\" target=\"_blank\" rel=\"noopener\">Granada<\/a> sobre propiedad intelectual se ha modernizado en los \u00faltimos a\u00f1os. La Ley de Marcas de 2012 ha simplificado los procedimientos y fomentado el registro, mientras que la Ley de Patentes de 2011 pretende proteger la originalidad y la innovaci\u00f3n, aunque algunos procedimientos a\u00fan deben mejorarse. Granada tambi\u00e9n participa en convenios internacionales como el Tratado de Cooperaci\u00f3n en materia de Patentes (PCT), que facilita el reconocimiento de derechos en el extranjero.  <\/span><\/p>\t\t\t\t\t\t\t\t<\/div>\n\t\t\t\t<\/div>\n\t\t\t\t\t<\/div>\n\t\t<\/div>\n\t\t\t\t\t<\/div>\n\t\t<\/section>\n\t\t\t\t<section class=\"elementor-section elementor-top-section elementor-element elementor-element-1a0b771 elementor-section-boxed elementor-section-height-default elementor-section-height-default\" data-id=\"1a0b771\" data-element_type=\"section\">\n\t\t\t\t\t\t<div class=\"elementor-container elementor-column-gap-default\">\n\t\t\t\t\t<div class=\"elementor-column elementor-col-100 elementor-top-column elementor-element elementor-element-345f4b7\" data-id=\"345f4b7\" data-element_type=\"column\">\n\t\t\t<div class=\"elementor-widget-wrap elementor-element-populated\">\n\t\t\t\t\t\t<div class=\"elementor-element elementor-element-d6a712a elementor-widget elementor-widget-heading\" data-id=\"d6a712a\" data-element_type=\"widget\" data-widget_type=\"heading.default\">\n\t\t\t\t<div class=\"elementor-widget-container\">\n\t\t\t\t\t<h2 class=\"elementor-heading-title elementor-size-default\">V'ghn: un embajador proactivo de la PI<\/h2>\t\t\t\t<\/div>\n\t\t\t\t<\/div>\n\t\t\t\t<div class=\"elementor-element elementor-element-f9582c3 elementor-widget elementor-widget-text-editor\" data-id=\"f9582c3\" data-element_type=\"widget\" data-widget_type=\"text-editor.default\">\n\t\t\t\t<div class=\"elementor-widget-container\">\n\t\t\t\t\t\t\t\t\t<h3><b>Un compromiso concreto con los j\u00f3venes<\/b><\/h3><p><span style=\"font-weight: 400;\">Para V&#8217;ghn, la propiedad intelectual no es s\u00f3lo una formalidad administrativa: es una palanca de emancipaci\u00f3n y durabilidad. &#8220;No puedes permanecer en el escenario para siempre, pero la m\u00fasica vivir\u00e1 para siempre&#8221;, afirma. Insiste en la importancia de proteger sus obras para asegurarse unos ingresos sostenibles y garantizar un futuro a sus descendientes.  <\/span><\/p>\t\t\t\t\t\t\t\t<\/div>\n\t\t\t\t<\/div>\n\t\t\t\t<div class=\"elementor-element elementor-element-f6734df elementor-widget elementor-widget-text-editor\" data-id=\"f6734df\" data-element_type=\"widget\" data-widget_type=\"text-editor.default\">\n\t\t\t\t<div class=\"elementor-widget-container\">\n\t\t\t\t\t\t\t\t\t<h3><b>Gesti\u00f3n estrat\u00e9gica de derechos<\/b><\/h3><p><span style=\"font-weight: 400;\">Antes de firmar con Virgin Records, V&#8217;ghn realiz\u00f3 una investigaci\u00f3n exhaustiva sobre la propiedad intelectual. Opt\u00f3 por un contrato de diez canciones para conservar el control de sus grabaciones y seguir siendo independiente. Para \u00e9l, la propiedad intelectual no se limita a los derechos de autor: las marcas, la imagen y la gesti\u00f3n de su carrera son igual de esenciales. Tambi\u00e9n trabaja con empresas para diversificar sus fuentes de ingresos y se asegura de que siempre se le acredite por sus composiciones, incluso cuando escribe para otros artistas como Nadia Batson o Konshens.   <\/span><\/p>\t\t\t\t\t\t\t\t<\/div>\n\t\t\t\t<\/div>\n\t\t\t\t<div class=\"elementor-element elementor-element-932f9fe elementor-widget elementor-widget-text-editor\" data-id=\"932f9fe\" data-element_type=\"widget\" data-widget_type=\"text-editor.default\">\n\t\t\t\t<div class=\"elementor-widget-container\">\n\t\t\t\t\t\t\t\t\t<h3><b>Un modelo regional inspirador<\/b><\/h3><p><span style=\"font-weight: 400;\">Como miembro de la Organizaci\u00f3n Colectiva de Derechos Musicales del Caribe Oriental (ECCO), V&#8217;ghn se beneficia de apoyo en la gesti\u00f3n de sus derechos en la regi\u00f3n. Su historia demuestra que un buen conocimiento de la PI puede protegerte en un sector a veces despiadado, donde el reconocimiento y la remuneraci\u00f3n nunca est\u00e1n garantizados de antemano. <\/span><\/p>\t\t\t\t\t\t\t\t<\/div>\n\t\t\t\t<\/div>\n\t\t\t\t<section class=\"elementor-section elementor-inner-section elementor-element elementor-element-aff7763 elementor-section-boxed elementor-section-height-default elementor-section-height-default\" data-id=\"aff7763\" data-element_type=\"section\">\n\t\t\t\t\t\t<div class=\"elementor-container elementor-column-gap-default\">\n\t\t\t\t\t<div class=\"elementor-column elementor-col-50 elementor-inner-column elementor-element elementor-element-f21f3f6\" data-id=\"f21f3f6\" data-element_type=\"column\">\n\t\t\t<div class=\"elementor-widget-wrap elementor-element-populated\">\n\t\t\t\t\t\t<div class=\"elementor-element elementor-element-2d6a262 elementor-widget elementor-widget-image\" data-id=\"2d6a262\" data-element_type=\"widget\" data-widget_type=\"image.default\">\n\t\t\t\t<div class=\"elementor-widget-container\">\n\t\t\t\t\t\t\t\t\t\t\t\t\t\t\t<img fetchpriority=\"high\" decoding=\"async\" width=\"800\" height=\"450\" src=\"https:\/\/richeskarayib.com\/wp-content\/uploads\/2025\/04\/492126234_1015999877388425_3209680726107963683_n-1-1024x576.jpg\" class=\"attachment-large size-large wp-image-49453\" alt=\"V\u2019ghn\" srcset=\"https:\/\/richeskarayib.com\/wp-content\/uploads\/2025\/04\/492126234_1015999877388425_3209680726107963683_n-1-1024x576.jpg 1024w, https:\/\/richeskarayib.com\/wp-content\/uploads\/2025\/04\/492126234_1015999877388425_3209680726107963683_n-1-300x169.jpg 300w, https:\/\/richeskarayib.com\/wp-content\/uploads\/2025\/04\/492126234_1015999877388425_3209680726107963683_n-1-768x432.jpg 768w, https:\/\/richeskarayib.com\/wp-content\/uploads\/2025\/04\/492126234_1015999877388425_3209680726107963683_n-1-1536x864.jpg 1536w, https:\/\/richeskarayib.com\/wp-content\/uploads\/2025\/04\/492126234_1015999877388425_3209680726107963683_n-1-1320x743.jpg 1320w, https:\/\/richeskarayib.com\/wp-content\/uploads\/2025\/04\/492126234_1015999877388425_3209680726107963683_n-1.jpg 1600w\" sizes=\"(max-width: 800px) 100vw, 800px\" \/>\t\t\t\t\t\t\t\t\t\t\t\t\t\t\t<\/div>\n\t\t\t\t<\/div>\n\t\t\t\t\t<\/div>\n\t\t<\/div>\n\t\t\t\t<div class=\"elementor-column elementor-col-50 elementor-inner-column elementor-element elementor-element-3993abe\" data-id=\"3993abe\" data-element_type=\"column\">\n\t\t\t<div class=\"elementor-widget-wrap elementor-element-populated\">\n\t\t\t\t\t\t<div class=\"elementor-element elementor-element-6e06b86 elementor-widget elementor-widget-image\" data-id=\"6e06b86\" data-element_type=\"widget\" data-widget_type=\"image.default\">\n\t\t\t\t<div class=\"elementor-widget-container\">\n\t\t\t\t\t\t\t\t\t\t\t\t\t\t\t<img decoding=\"async\" width=\"800\" height=\"450\" src=\"https:\/\/richeskarayib.com\/wp-content\/uploads\/2025\/04\/VGhn_concert-73031.webp\" class=\"attachment-large size-large wp-image-49457\" alt=\"V\u2019ghn\" srcset=\"https:\/\/richeskarayib.com\/wp-content\/uploads\/2025\/04\/VGhn_concert-73031.webp 960w, https:\/\/richeskarayib.com\/wp-content\/uploads\/2025\/04\/VGhn_concert-73031-300x169.webp 300w, https:\/\/richeskarayib.com\/wp-content\/uploads\/2025\/04\/VGhn_concert-73031-768x432.webp 768w\" sizes=\"(max-width: 800px) 100vw, 800px\" \/>\t\t\t\t\t\t\t\t\t\t\t\t\t\t\t<\/div>\n\t\t\t\t<\/div>\n\t\t\t\t\t<\/div>\n\t\t<\/div>\n\t\t\t\t\t<\/div>\n\t\t<\/section>\n\t\t\t\t\t<\/div>\n\t\t<\/div>\n\t\t\t\t\t<\/div>\n\t\t<\/section>\n\t\t\t\t<section class=\"elementor-section elementor-top-section elementor-element elementor-element-75226b9 elementor-section-boxed elementor-section-height-default elementor-section-height-default\" data-id=\"75226b9\" data-element_type=\"section\">\n\t\t\t\t\t\t<div class=\"elementor-container elementor-column-gap-default\">\n\t\t\t\t\t<div class=\"elementor-column elementor-col-100 elementor-top-column elementor-element elementor-element-992e41e\" data-id=\"992e41e\" data-element_type=\"column\">\n\t\t\t<div class=\"elementor-widget-wrap elementor-element-populated\">\n\t\t\t\t\t\t<div class=\"elementor-element elementor-element-b7fae28 elementor-widget elementor-widget-heading\" data-id=\"b7fae28\" data-element_type=\"widget\" data-widget_type=\"heading.default\">\n\t\t\t\t<div class=\"elementor-widget-container\">\n\t\t\t\t\t<h2 class=\"elementor-heading-title elementor-size-default\">Granada refuerza su marco jur\u00eddico<\/h2>\t\t\t\t<\/div>\n\t\t\t\t<\/div>\n\t\t\t\t<div class=\"elementor-element elementor-element-0431e8e elementor-widget elementor-widget-text-editor\" data-id=\"0431e8e\" data-element_type=\"widget\" data-widget_type=\"text-editor.default\">\n\t\t\t\t<div class=\"elementor-widget-container\">\n\t\t\t\t\t\t\t\t\t<h3><b>Fomentar las reformas<\/b><\/h3><p><span style=\"font-weight: 400;\">Granada ha reforzado recientemente su arsenal jur\u00eddico en materia de propiedad intelectual. La adopci\u00f3n del IPAS (Sistema de Administraci\u00f3n de la Propiedad Industrial) promete simplificar los procedimientos, mejorar la colaboraci\u00f3n y estimular la innovaci\u00f3n local. El objetivo de estas reformas es proteger no s\u00f3lo las obras musicales, sino tambi\u00e9n los conocimientos tradicionales y las innovaciones artesanales, verdaderos tesoros del patrimonio granadino.  <\/span><\/p>\t\t\t\t\t\t\t\t<\/div>\n\t\t\t\t<\/div>\n\t\t\t\t<div class=\"elementor-element elementor-element-c7e87f3 elementor-widget elementor-widget-text-editor\" data-id=\"c7e87f3\" data-element_type=\"widget\" data-widget_type=\"text-editor.default\">\n\t\t\t\t<div class=\"elementor-widget-container\">\n\t\t\t\t\t\t\t\t\t<h3><b>Valor a\u00f1adido para la econom\u00eda local<\/b><\/h3><p><span style=\"font-weight: 400;\">Actualmente se reconoce que la propiedad intelectual es un motor del crecimiento econ\u00f3mico. Fomenta la diversificaci\u00f3n, atrae a los inversores y promueve el talento local. Para los artistas, ofrece la oportunidad de conquistar nuevos mercados al tiempo que preservan su identidad y su patrimonio. Como se\u00f1ala Robert Branch, de la CAIPO: &#8220;La propiedad intelectual es la moneda del futuro, y este nombramiento amplifica el poder de poseer y proteger nuestras expresiones culturales&#8221;.   <\/span><\/p>\t\t\t\t\t\t\t\t<\/div>\n\t\t\t\t<\/div>\n\t\t\t\t\t<\/div>\n\t\t<\/div>\n\t\t\t\t\t<\/div>\n\t\t<\/section>\n\t\t\t\t<section class=\"elementor-section elementor-top-section elementor-element elementor-element-a968fb2 elementor-section-boxed elementor-section-height-default elementor-section-height-default\" data-id=\"a968fb2\" data-element_type=\"section\">\n\t\t\t\t\t\t<div class=\"elementor-container elementor-column-gap-default\">\n\t\t\t\t\t<div class=\"elementor-column elementor-col-100 elementor-top-column elementor-element elementor-element-701a308\" data-id=\"701a308\" data-element_type=\"column\">\n\t\t\t<div class=\"elementor-widget-wrap elementor-element-populated\">\n\t\t\t\t\t\t<div class=\"elementor-element elementor-element-89466e3 elementor-widget elementor-widget-text-editor\" data-id=\"89466e3\" data-element_type=\"widget\" data-widget_type=\"text-editor.default\">\n\t\t\t\t<div class=\"elementor-widget-container\">\n\t\t\t\t\t\t\t\t\t<p><span style=\"font-weight: 400;\">El ascenso de V&#8217;ghn al rango de Joven Embajador de la OMPI para la Propiedad Intelectual simboliza la aparici\u00f3n de una nueva generaci\u00f3n de creadores caribe\u00f1os, conscientes del valor de su patrimonio y decididos a defenderlo. Su trayectoria inspira a novatos y expertos por igual, demostrando que la propiedad intelectual es una herramienta de autonom\u00eda, reconocimiento y transmisi\u00f3n. Granada, con la fuerza de sus reformas y talentos, se est\u00e1 afirmando como centro de innovaci\u00f3n cultural, dispuesta a extender su influencia mucho m\u00e1s all\u00e1 del Caribe.  <\/span><\/p>\t\t\t\t\t\t\t\t<\/div>\n\t\t\t\t<\/div>\n\t\t\t\t\t<\/div>\n\t\t<\/div>\n\t\t\t\t\t<\/div>\n\t\t<\/section>\n\t\t\t\t<\/div>\n\t\t","protected":false},"excerpt":{"rendered":"<p>El artista granadino V&#8217;ghn acaba de hacer historia al convertirse en el primer Joven Embajador del Caribe para la Propiedad Intelectual (PI) nombrado por la Organizaci\u00f3n Mundial de la Propiedad Intelectual (OMPI). Este nombramiento, anunciado en abril de 2025, marca un punto de inflexi\u00f3n en el reconocimiento de la creatividad caribe\u00f1a en la escena mundial, [&hellip;]<\/p>\n","protected":false},"author":662,"featured_media":49923,"comment_status":"open","ping_status":"open","sticky":false,"template":"","format":"standard","meta":{"_acf_changed":false,"footnotes":""},"categories":[834,839],"tags":[1645],"class_list":["post-49459","post","type-post","status-publish","format-standard","has-post-thumbnail","hentry","category-musica","category-noticias","tag-granada-es"],"acf":[],"_links":{"self":[{"href":"https:\/\/richeskarayib.com\/es\/wp-json\/wp\/v2\/posts\/49459","targetHints":{"allow":["GET"]}}],"collection":[{"href":"https:\/\/richeskarayib.com\/es\/wp-json\/wp\/v2\/posts"}],"about":[{"href":"https:\/\/richeskarayib.com\/es\/wp-json\/wp\/v2\/types\/post"}],"author":[{"embeddable":true,"href":"https:\/\/richeskarayib.com\/es\/wp-json\/wp\/v2\/users\/662"}],"replies":[{"embeddable":true,"href":"https:\/\/richeskarayib.com\/es\/wp-json\/wp\/v2\/comments?post=49459"}],"version-history":[{"count":0,"href":"https:\/\/richeskarayib.com\/es\/wp-json\/wp\/v2\/posts\/49459\/revisions"}],"wp:featuredmedia":[{"embeddable":true,"href":"https:\/\/richeskarayib.com\/es\/wp-json\/wp\/v2\/media\/49923"}],"wp:attachment":[{"href":"https:\/\/richeskarayib.com\/es\/wp-json\/wp\/v2\/media?parent=49459"}],"wp:term":[{"taxonomy":"category","embeddable":true,"href":"https:\/\/richeskarayib.com\/es\/wp-json\/wp\/v2\/categories?post=49459"},{"taxonomy":"post_tag","embeddable":true,"href":"https:\/\/richeskarayib.com\/es\/wp-json\/wp\/v2\/tags?post=49459"}],"curies":[{"name":"wp","href":"https:\/\/api.w.org\/{rel}","templated":true}]}}