{"id":49481,"date":"2025-04-25T09:52:54","date_gmt":"2025-04-25T13:52:54","guid":{"rendered":"https:\/\/richeskarayib.com\/cifras-clave-para-el-caribe-resiliencia-climatica-ecologia-y-sostenibilidad-con-riches-karayib\/"},"modified":"2025-04-25T09:52:54","modified_gmt":"2025-04-25T13:52:54","slug":"cifras-clave-para-el-caribe-resiliencia-climatica-ecologia-y-sostenibilidad-con-riches-karayib","status":"publish","type":"post","link":"https:\/\/richeskarayib.com\/es\/cifras-clave-para-el-caribe-resiliencia-climatica-ecologia-y-sostenibilidad-con-riches-karayib\/","title":{"rendered":"Cifras clave para el Caribe: resiliencia clim\u00e1tica, ecolog\u00eda y sostenibilidad con Rich\u00e8s Karayib"},"content":{"rendered":"\t\t<div data-elementor-type=\"wp-post\" data-elementor-id=\"49481\" class=\"elementor elementor-49481 elementor-49462\" data-elementor-post-type=\"post\">\n\t\t\t\t\t\t<section class=\"elementor-section elementor-top-section elementor-element elementor-element-7d4f952 elementor-section-boxed elementor-section-height-default elementor-section-height-default\" data-id=\"7d4f952\" data-element_type=\"section\">\n\t\t\t\t\t\t<div class=\"elementor-container elementor-column-gap-default\">\n\t\t\t\t\t<div class=\"elementor-column elementor-col-100 elementor-top-column elementor-element elementor-element-f3833fa\" data-id=\"f3833fa\" data-element_type=\"column\">\n\t\t\t<div class=\"elementor-widget-wrap elementor-element-populated\">\n\t\t\t\t\t\t<div class=\"elementor-element elementor-element-7072b3d elementor-widget elementor-widget-heading\" data-id=\"7072b3d\" data-element_type=\"widget\" data-widget_type=\"heading.default\">\n\t\t\t\t<div class=\"elementor-widget-container\">\n\t\t\t\t\t<h2 class=\"elementor-heading-title elementor-size-default\">Resiliencia clim\u00e1tica: un reto insular<\/h2>\t\t\t\t<\/div>\n\t\t\t\t<\/div>\n\t\t\t\t<div class=\"elementor-element elementor-element-6cd393f elementor-widget elementor-widget-text-editor\" data-id=\"6cd393f\" data-element_type=\"widget\" data-widget_type=\"text-editor.default\">\n\t\t\t\t<div class=\"elementor-widget-container\">\n\t\t\t\t\t\t\t\t\t<p><span style=\"font-weight: 400;\">El sitio <\/span><a href=\"https:\/\/oecs.int\/fr\/programme-de-resilience-des-communautes-de-la-caraibe-orientale#:~:text=Le%20programme%20de%20r%C3%A9silience%20de,aux%20effets%20du%20changement%20climatique.\" target=\"_blank\" rel=\"noopener nofollow\"><b>resiliencia clim\u00e1tica<\/b><\/a><span style=\"font-weight: 400;\">  del <a href=\"https:\/\/richeskarayib.com\/es\/caribe-fondation-de-la-mer-un-compromiso-total-para-proteger-los-oceanos\/\" target=\"_blank\" rel=\"noopener\">Caribe<\/a> es un concepto que va mucho m\u00e1s all\u00e1 de las simples discusiones sobre el medio ambiente. Para esta regi\u00f3n del mundo, a menudo percibida como un para\u00edso tur\u00edstico, la realidad es mucho m\u00e1s compleja. A pesar de realizar una contribuci\u00f3n marginal a las emisiones globales de gases de efecto invernadero, los pa\u00edses caribe\u00f1os se enfrentan a impactos clim\u00e1ticos devastadores.    <\/span><\/p>\t\t\t\t\t\t\t\t<\/div>\n\t\t\t\t<\/div>\n\t\t\t\t<div class=\"elementor-element elementor-element-b5084a5 elementor-widget elementor-widget-text-editor\" data-id=\"b5084a5\" data-element_type=\"widget\" data-widget_type=\"text-editor.default\">\n\t\t\t\t<div class=\"elementor-widget-container\">\n\t\t\t\t\t\t\t\t\t<p><span style=\"font-weight: 400;\">Aunque el Caribe s\u00f3lo representa una peque\u00f1a fracci\u00f3n de las emisiones mundiales de CO\u2082, est\u00e1 en primera l\u00ednea en lo que se refiere a las consecuencias del calentamiento global. Estas realidades geogr\u00e1ficas y econ\u00f3micas hacen que la lucha por la sostenibilidad en esta regi\u00f3n sea urgente y decisiva. <\/span><\/p>\t\t\t\t\t\t\t\t<\/div>\n\t\t\t\t<\/div>\n\t\t\t\t\t<\/div>\n\t\t<\/div>\n\t\t\t\t\t<\/div>\n\t\t<\/section>\n\t\t\t\t<section class=\"elementor-section elementor-top-section elementor-element elementor-element-16ba7e0 elementor-section-boxed elementor-section-height-default elementor-section-height-default\" data-id=\"16ba7e0\" data-element_type=\"section\">\n\t\t\t\t\t\t<div class=\"elementor-container elementor-column-gap-default\">\n\t\t\t\t\t<div class=\"elementor-column elementor-col-100 elementor-top-column elementor-element elementor-element-f6fb52b\" data-id=\"f6fb52b\" data-element_type=\"column\">\n\t\t\t<div class=\"elementor-widget-wrap elementor-element-populated\">\n\t\t\t\t\t\t<div class=\"elementor-element elementor-element-0ce05bd elementor-widget elementor-widget-heading\" data-id=\"0ce05bd\" data-element_type=\"widget\" data-widget_type=\"heading.default\">\n\t\t\t\t<div class=\"elementor-widget-container\">\n\t\t\t\t\t<h2 class=\"elementor-heading-title elementor-size-default\">Menos del 1% de las emisiones mundiales, pero un impacto desproporcionado<\/h2>\t\t\t\t<\/div>\n\t\t\t\t<\/div>\n\t\t\t\t<div class=\"elementor-element elementor-element-f5427b4 elementor-widget elementor-widget-text-editor\" data-id=\"f5427b4\" data-element_type=\"widget\" data-widget_type=\"text-editor.default\">\n\t\t\t\t<div class=\"elementor-widget-container\">\n\t\t\t\t\t\t\t\t\t<p><span style=\"font-weight: 400;\">Menos del 1%: \u00e9se es el porcentaje de las emisiones mundiales de CO\u2082 atribuible a todo el Caribe, seg\u00fan las estimaciones del FMI (0,3%), la OCDE (0,23%) y BNP Paribas (economic-research.bnpparibas.com). Otras fuentes, como la CEPAL, indican que Am\u00e9rica Latina y el Caribe en su conjunto representan menos del 10%, y seg\u00fan la Academia Richmond Vale, el Caribe produce incluso menos del 0,1% del total mundial. Es una paradoja insular: la regi\u00f3n produce muy poca contaminaci\u00f3n y, sin embargo, est\u00e1 soportando todo el peso del cambio clim\u00e1tico.  <\/span><\/p>\t\t\t\t\t\t\t\t<\/div>\n\t\t\t\t<\/div>\n\t\t\t\t<div class=\"elementor-element elementor-element-016486b elementor-widget elementor-widget-text-editor\" data-id=\"016486b\" data-element_type=\"widget\" data-widget_type=\"text-editor.default\">\n\t\t\t\t<div class=\"elementor-widget-container\">\n\t\t\t\t\t\t\t\t\t<p><span style=\"font-weight: 400;\">Las islas del Caribe son especialmente vulnerables a los fen\u00f3menos meteorol\u00f3gicos extremos: huracanes cada vez m\u00e1s potentes, olas de calor, sequ\u00edas prolongadas y subida del nivel del mar que afectan a muchas islas. Estos choques medioambientales ponen a prueba los l\u00edmites de la   <\/span><a href=\"https:\/\/secondsoufflecaraibes.com\/index.php\/changement-et-resilience-climatique\/\" target=\"_blank\" rel=\"noopener nofollow\"><b>resiliencia clim\u00e1tica<\/b><\/a><span style=\"font-weight: 400;\"> de las naciones insulares.<\/span><\/p>\t\t\t\t\t\t\t\t<\/div>\n\t\t\t\t<\/div>\n\t\t\t\t<div class=\"elementor-element elementor-element-0b6e95b elementor-widget elementor-widget-text-editor\" data-id=\"0b6e95b\" data-element_type=\"widget\" data-widget_type=\"text-editor.default\">\n\t\t\t\t<div class=\"elementor-widget-container\">\n\t\t\t\t\t\t\t\t\t<p><span style=\"font-weight: 400;\">Seg\u00fan el Programa de las Naciones Unidas para el Desarrollo (PNUD), las peque\u00f1as islas en desarrollo, como las del Caribe, corren el riesgo de perder hasta el 10% de su PIB anual debido a las cat\u00e1strofes naturales relacionadas con el clima.<\/span><\/p>\t\t\t\t\t\t\t\t<\/div>\n\t\t\t\t<\/div>\n\t\t\t\t<section class=\"elementor-section elementor-inner-section elementor-element elementor-element-d1f827d elementor-section-boxed elementor-section-height-default elementor-section-height-default\" data-id=\"d1f827d\" data-element_type=\"section\">\n\t\t\t\t\t\t<div class=\"elementor-container elementor-column-gap-default\">\n\t\t\t\t\t<div class=\"elementor-column elementor-col-100 elementor-inner-column elementor-element elementor-element-6760e1e\" data-id=\"6760e1e\" data-element_type=\"column\">\n\t\t\t<div class=\"elementor-widget-wrap elementor-element-populated\">\n\t\t\t\t\t\t<div class=\"elementor-element elementor-element-7c8f37a elementor-widget elementor-widget-image\" data-id=\"7c8f37a\" data-element_type=\"widget\" data-widget_type=\"image.default\">\n\t\t\t\t<div class=\"elementor-widget-container\">\n\t\t\t\t\t\t\t\t\t\t\t\t\t\t\t<img fetchpriority=\"high\" decoding=\"async\" width=\"800\" height=\"534\" src=\"https:\/\/richeskarayib.com\/wp-content\/uploads\/2025\/04\/ChatGPT-Image-25-avr.-2025-16_26_46-1024x683.png\" class=\"attachment-large size-large wp-image-49471\" alt=\"R\u00e9silience climatique\" srcset=\"https:\/\/richeskarayib.com\/wp-content\/uploads\/2025\/04\/ChatGPT-Image-25-avr.-2025-16_26_46-1024x683.png 1024w, https:\/\/richeskarayib.com\/wp-content\/uploads\/2025\/04\/ChatGPT-Image-25-avr.-2025-16_26_46-300x200.png 300w, https:\/\/richeskarayib.com\/wp-content\/uploads\/2025\/04\/ChatGPT-Image-25-avr.-2025-16_26_46-768x512.png 768w, https:\/\/richeskarayib.com\/wp-content\/uploads\/2025\/04\/ChatGPT-Image-25-avr.-2025-16_26_46-1320x880.png 1320w, https:\/\/richeskarayib.com\/wp-content\/uploads\/2025\/04\/ChatGPT-Image-25-avr.-2025-16_26_46.png 1536w\" sizes=\"(max-width: 800px) 100vw, 800px\" \/>\t\t\t\t\t\t\t\t\t\t\t\t\t\t\t<\/div>\n\t\t\t\t<\/div>\n\t\t\t\t\t<\/div>\n\t\t<\/div>\n\t\t\t\t\t<\/div>\n\t\t<\/section>\n\t\t\t\t\t<\/div>\n\t\t<\/div>\n\t\t\t\t\t<\/div>\n\t\t<\/section>\n\t\t\t\t<section class=\"elementor-section elementor-top-section elementor-element elementor-element-7c727fe elementor-section-boxed elementor-section-height-default elementor-section-height-default\" data-id=\"7c727fe\" data-element_type=\"section\">\n\t\t\t\t\t\t<div class=\"elementor-container elementor-column-gap-default\">\n\t\t\t\t\t<div class=\"elementor-column elementor-col-100 elementor-top-column elementor-element elementor-element-2675508\" data-id=\"2675508\" data-element_type=\"column\">\n\t\t\t<div class=\"elementor-widget-wrap elementor-element-populated\">\n\t\t\t\t\t\t<div class=\"elementor-element elementor-element-86f7f71 elementor-widget elementor-widget-heading\" data-id=\"86f7f71\" data-element_type=\"widget\" data-widget_type=\"heading.default\">\n\t\t\t\t<div class=\"elementor-widget-container\">\n\t\t\t\t\t<h2 class=\"elementor-heading-title elementor-size-default\">Una crisis econ\u00f3mica agravada por el cambio clim\u00e1tico<\/h2>\t\t\t\t<\/div>\n\t\t\t\t<\/div>\n\t\t\t\t<div class=\"elementor-element elementor-element-1931a91 elementor-widget elementor-widget-text-editor\" data-id=\"1931a91\" data-element_type=\"widget\" data-widget_type=\"text-editor.default\">\n\t\t\t\t<div class=\"elementor-widget-container\">\n\t\t\t\t\t\t\t\t\t<p><span style=\"font-weight: 400;\">6 veces: se calcula que el impacto econ\u00f3mico del <a href=\"https:\/\/richeskarayib.com\/es\/caribe-fondation-de-la-mer-un-compromiso-total-para-proteger-los-oceanos\/\" target=\"_blank\" rel=\"noopener\">cambio clim\u00e1tico<\/a> en las econom\u00edas caribe\u00f1as es hasta seis veces superior a la media mundial (BNP Paribas, FMI, Banco Mundial). Cada d\u00f3lar perdido o gastado a causa del clima pesa seis veces m\u00e1s que en otros lugares, una carga colosal para pa\u00edses que a menudo est\u00e1n endeudados y dependen de la agricultura o el turismo. Es una prueba permanente de su    <\/span><b>resiliencia clim\u00e1tica<\/b><span style=\"font-weight: 400;\">.<\/span><\/p>\t\t\t\t\t\t\t\t<\/div>\n\t\t\t\t<\/div>\n\t\t\t\t<div class=\"elementor-element elementor-element-68fcf44 elementor-widget elementor-widget-text-editor\" data-id=\"68fcf44\" data-element_type=\"widget\" data-widget_type=\"text-editor.default\">\n\t\t\t\t<div class=\"elementor-widget-container\">\n\t\t\t\t\t\t\t\t\t<p><span style=\"font-weight: 400;\">Un ejemplo sorprendente: el hurac\u00e1n Mar\u00eda en 2017 caus\u00f3 da\u00f1os equivalentes al <\/span><b>226% del PIB<\/b><span style=\"font-weight: 400;\">  Seg\u00fan el Banco Mundial, el PDNA y el Programa NDRR ACP-UE (esg.wharton.upenn.edu). En s\u00f3lo unas horas, se esfum\u00f3 la riqueza nacional de m\u00e1s de dos a\u00f1os. Esta espeluznante cifra ilustra hasta qu\u00e9 punto un solo cicl\u00f3n puede derribar la econom\u00eda de un peque\u00f1o Estado insular, echando por tierra a\u00f1os de esfuerzos para fortalecer la    <\/span><b>resiliencia clim\u00e1tica<\/b><span style=\"font-weight: 400;\">.<\/span><\/p>\t\t\t\t\t\t\t\t<\/div>\n\t\t\t\t<\/div>\n\t\t\t\t\t<\/div>\n\t\t<\/div>\n\t\t\t\t\t<\/div>\n\t\t<\/section>\n\t\t\t\t<section class=\"elementor-section elementor-top-section elementor-element elementor-element-1a0b771 elementor-section-boxed elementor-section-height-default elementor-section-height-default\" data-id=\"1a0b771\" data-element_type=\"section\">\n\t\t\t\t\t\t<div class=\"elementor-container elementor-column-gap-default\">\n\t\t\t\t\t<div class=\"elementor-column elementor-col-100 elementor-top-column elementor-element elementor-element-345f4b7\" data-id=\"345f4b7\" data-element_type=\"column\">\n\t\t\t<div class=\"elementor-widget-wrap elementor-element-populated\">\n\t\t\t\t\t\t<div class=\"elementor-element elementor-element-d6a712a elementor-widget elementor-widget-heading\" data-id=\"d6a712a\" data-element_type=\"widget\" data-widget_type=\"heading.default\">\n\t\t\t\t<div class=\"elementor-widget-container\">\n\t\t\t\t\t<h2 class=\"elementor-heading-title elementor-size-default\">Transici\u00f3n energ\u00e9tica: esfuerzos, pero retos que superar<\/h2>\t\t\t\t<\/div>\n\t\t\t\t<\/div>\n\t\t\t\t<div class=\"elementor-element elementor-element-f9582c3 elementor-widget elementor-widget-text-editor\" data-id=\"f9582c3\" data-element_type=\"widget\" data-widget_type=\"text-editor.default\">\n\t\t\t\t<div class=\"elementor-widget-container\">\n\t\t\t\t\t\t\t\t\t<p><span style=\"font-weight: 400;\">Frente a las amenazas medioambientales y econ\u00f3micas <\/span><b>resiliencia clim\u00e1tica<\/b><span style=\"font-weight: 400;\">  tambi\u00e9n requiere una transici\u00f3n energ\u00e9tica ambiciosa. Belice est\u00e1 a la cabeza:   <\/span><b>48 %<\/b><span style=\"font-weight: 400;\">  de su electricidad procede ya de fuentes renovables, seg\u00fan el Consejo Atl\u00e1ntico. Se trata de un r\u00e9cord regional. Sin embargo, la mayor\u00eda de los pa\u00edses caribe\u00f1os tienen dificultades para seguir el ritmo.  <\/span><\/p>\t\t\t\t\t\t\t\t<\/div>\n\t\t\t\t<\/div>\n\t\t\t\t<div class=\"elementor-element elementor-element-f6734df elementor-widget elementor-widget-text-editor\" data-id=\"f6734df\" data-element_type=\"widget\" data-widget_type=\"text-editor.default\">\n\t\t\t\t<div class=\"elementor-widget-container\">\n\t\t\t\t\t\t\t\t\t<p><span style=\"font-weight: 400;\">La Alianza de Estados del Caribe se ha fijado el objetivo colectivo de alcanzar el 48% de la electricidad generada a partir de energ\u00edas renovables para 2027. Aunque la regi\u00f3n tiene un potencial considerable de energ\u00eda solar y e\u00f3lica, los avances son lentos y desiguales. Acelerar esta transici\u00f3n es esencial para reforzar la competitividad de la regi\u00f3n.    <\/span><b>resistencia clim\u00e1tica<\/b><span style=\"font-weight: 400;\"> frente a la dependencia energ\u00e9tica y la volatilidad de los mercados de combustibles f\u00f3siles.<\/span><\/p>\t\t\t\t\t\t\t\t<\/div>\n\t\t\t\t<\/div>\n\t\t\t\t<section class=\"elementor-section elementor-inner-section elementor-element elementor-element-178a399 elementor-section-boxed elementor-section-height-default elementor-section-height-default\" data-id=\"178a399\" data-element_type=\"section\">\n\t\t\t\t\t\t<div class=\"elementor-container elementor-column-gap-default\">\n\t\t\t\t\t<div class=\"elementor-column elementor-col-100 elementor-inner-column elementor-element elementor-element-03fff06\" data-id=\"03fff06\" data-element_type=\"column\">\n\t\t\t<div class=\"elementor-widget-wrap elementor-element-populated\">\n\t\t\t\t\t\t<div class=\"elementor-element elementor-element-5c31432 elementor-widget elementor-widget-image\" data-id=\"5c31432\" data-element_type=\"widget\" data-widget_type=\"image.default\">\n\t\t\t\t<div class=\"elementor-widget-container\">\n\t\t\t\t\t\t\t\t\t\t\t\t\t\t\t<img decoding=\"async\" width=\"800\" height=\"534\" src=\"https:\/\/richeskarayib.com\/wp-content\/uploads\/2025\/04\/febbd36f-36ae-473a-83bf-a6ffe256ce58-1024x683.png\" class=\"attachment-large size-large wp-image-49475\" alt=\"r\u00e9silience climatique\" srcset=\"https:\/\/richeskarayib.com\/wp-content\/uploads\/2025\/04\/febbd36f-36ae-473a-83bf-a6ffe256ce58-1024x683.png 1024w, https:\/\/richeskarayib.com\/wp-content\/uploads\/2025\/04\/febbd36f-36ae-473a-83bf-a6ffe256ce58-300x200.png 300w, https:\/\/richeskarayib.com\/wp-content\/uploads\/2025\/04\/febbd36f-36ae-473a-83bf-a6ffe256ce58-768x512.png 768w, https:\/\/richeskarayib.com\/wp-content\/uploads\/2025\/04\/febbd36f-36ae-473a-83bf-a6ffe256ce58-1320x880.png 1320w, https:\/\/richeskarayib.com\/wp-content\/uploads\/2025\/04\/febbd36f-36ae-473a-83bf-a6ffe256ce58.png 1536w\" sizes=\"(max-width: 800px) 100vw, 800px\" \/>\t\t\t\t\t\t\t\t\t\t\t\t\t\t\t<\/div>\n\t\t\t\t<\/div>\n\t\t\t\t\t<\/div>\n\t\t<\/div>\n\t\t\t\t\t<\/div>\n\t\t<\/section>\n\t\t\t\t\t<\/div>\n\t\t<\/div>\n\t\t\t\t\t<\/div>\n\t\t<\/section>\n\t\t\t\t<section class=\"elementor-section elementor-top-section elementor-element elementor-element-75226b9 elementor-section-boxed elementor-section-height-default elementor-section-height-default\" data-id=\"75226b9\" data-element_type=\"section\">\n\t\t\t\t\t\t<div class=\"elementor-container elementor-column-gap-default\">\n\t\t\t\t\t<div class=\"elementor-column elementor-col-100 elementor-top-column elementor-element elementor-element-992e41e\" data-id=\"992e41e\" data-element_type=\"column\">\n\t\t\t<div class=\"elementor-widget-wrap elementor-element-populated\">\n\t\t\t\t\t\t<div class=\"elementor-element elementor-element-b7fae28 elementor-widget elementor-widget-heading\" data-id=\"b7fae28\" data-element_type=\"widget\" data-widget_type=\"heading.default\">\n\t\t\t\t<div class=\"elementor-widget-container\">\n\t\t\t\t\t<h2 class=\"elementor-heading-title elementor-size-default\">Un paso decisivo contra los pl\u00e1sticos de un solo uso<\/h2>\t\t\t\t<\/div>\n\t\t\t\t<\/div>\n\t\t\t\t<div class=\"elementor-element elementor-element-0431e8e elementor-widget elementor-widget-text-editor\" data-id=\"0431e8e\" data-element_type=\"widget\" data-widget_type=\"text-editor.default\">\n\t\t\t\t<div class=\"elementor-widget-container\">\n\t\t\t\t\t\t\t\t\t<p><span style=\"font-weight: 400;\">En materia de gesti\u00f3n de residuos, m\u00e1s de <\/span><b>14 pa\u00edses<\/b><span style=\"font-weight: 400;\">  del Caribe (m\u00e1s de un tercio de la regi\u00f3n) han prohibido las bolsas de pl\u00e1stico de un solo uso y los envases de poliestireno desde 2019, seg\u00fan un estudio publicado en ResearchGate. Entre ellos se encuentran San Crist\u00f3bal y Nieves, Barbados y Antigua y Barbuda. <\/span><\/p>\t\t\t\t\t\t\t\t<\/div>\n\t\t\t\t<\/div>\n\t\t\t\t<div class=\"elementor-element elementor-element-c7e87f3 elementor-widget elementor-widget-text-editor\" data-id=\"c7e87f3\" data-element_type=\"widget\" data-widget_type=\"text-editor.default\">\n\t\t\t\t<div class=\"elementor-widget-container\">\n\t\t\t\t\t\t\t\t\t<p><span style=\"font-weight: 400;\">Estas acciones reguladoras, que son cruciales para los ecosistemas marinos de los que dependen el turismo, la pesca y la protecci\u00f3n de las costas, tambi\u00e9n est\u00e1n contribuyendo a reforzar <\/span><b>la resistencia clim\u00e1tica<\/b><span style=\"font-weight: 400;\">. Sin embargo, la regi\u00f3n sigue enfrent\u00e1ndose a vol\u00famenes cada vez mayores de residuos pl\u00e1sticos, muchos de los cuales proceden de fuera de la regi\u00f3n.<\/span><\/p>\t\t\t\t\t\t\t\t<\/div>\n\t\t\t\t<\/div>\n\t\t\t\t\t<\/div>\n\t\t<\/div>\n\t\t\t\t\t<\/div>\n\t\t<\/section>\n\t\t\t\t<section class=\"elementor-section elementor-top-section elementor-element elementor-element-68af3bb elementor-section-boxed elementor-section-height-default elementor-section-height-default\" data-id=\"68af3bb\" data-element_type=\"section\">\n\t\t\t\t\t\t<div class=\"elementor-container elementor-column-gap-default\">\n\t\t\t\t\t<div class=\"elementor-column elementor-col-100 elementor-top-column elementor-element elementor-element-5dd556b\" data-id=\"5dd556b\" data-element_type=\"column\">\n\t\t\t<div class=\"elementor-widget-wrap elementor-element-populated\">\n\t\t\t\t\t\t<div class=\"elementor-element elementor-element-b557600 elementor-widget elementor-widget-heading\" data-id=\"b557600\" data-element_type=\"widget\" data-widget_type=\"heading.default\">\n\t\t\t\t<div class=\"elementor-widget-container\">\n\t\t\t\t\t<h2 class=\"elementor-heading-title elementor-size-default\">El papel de los j\u00f3venes y las iniciativas locales<\/h2>\t\t\t\t<\/div>\n\t\t\t\t<\/div>\n\t\t\t\t<div class=\"elementor-element elementor-element-a4b55e0 elementor-widget elementor-widget-text-editor\" data-id=\"a4b55e0\" data-element_type=\"widget\" data-widget_type=\"text-editor.default\">\n\t\t\t\t<div class=\"elementor-widget-container\">\n\t\t\t\t\t\t\t\t\t<p><span style=\"font-weight: 400;\">El sitio <\/span><b>resiliencia clim\u00e1tica<\/b><span style=\"font-weight: 400;\">  en el Caribe tambi\u00e9n est\u00e1 arraigada en la acci\u00f3n c\u00edvica. Las generaciones m\u00e1s j\u00f3venes est\u00e1n liderando iniciativas locales para promover el consumo responsable, la conservaci\u00f3n de la biodiversidad y la reforestaci\u00f3n. En varias islas est\u00e1n surgiendo start-ups ecol\u00f3gicas para apoyar la transici\u00f3n verde.  <\/span><\/p>\t\t\t\t\t\t\t\t<\/div>\n\t\t\t\t<\/div>\n\t\t\t\t<div class=\"elementor-element elementor-element-43080b8 elementor-widget elementor-widget-text-editor\" data-id=\"43080b8\" data-element_type=\"widget\" data-widget_type=\"text-editor.default\">\n\t\t\t\t<div class=\"elementor-widget-container\">\n\t\t\t\t\t\t\t\t\t<p><span style=\"font-weight: 400;\">Estos movimientos comunitarios demuestran que <\/span><b>resiliencia clim\u00e1tica<\/b><span style=\"font-weight: 400;\"> no depende \u00fanicamente de los gobiernos o de los donantes internacionales, sino tambi\u00e9n de la creatividad y la determinaci\u00f3n locales.<\/span><\/p>\t\t\t\t\t\t\t\t<\/div>\n\t\t\t\t<\/div>\n\t\t\t\t<section class=\"elementor-section elementor-inner-section elementor-element elementor-element-7492399 elementor-section-boxed elementor-section-height-default elementor-section-height-default\" data-id=\"7492399\" data-element_type=\"section\">\n\t\t\t\t\t\t<div class=\"elementor-container elementor-column-gap-default\">\n\t\t\t\t\t<div class=\"elementor-column elementor-col-100 elementor-inner-column elementor-element elementor-element-b32c738\" data-id=\"b32c738\" data-element_type=\"column\">\n\t\t\t<div class=\"elementor-widget-wrap elementor-element-populated\">\n\t\t\t\t\t\t<div class=\"elementor-element elementor-element-51bf9c0 elementor-widget elementor-widget-image\" data-id=\"51bf9c0\" data-element_type=\"widget\" data-widget_type=\"image.default\">\n\t\t\t\t<div class=\"elementor-widget-container\">\n\t\t\t\t\t\t\t\t\t\t\t\t\t\t\t<img decoding=\"async\" width=\"683\" height=\"1024\" src=\"https:\/\/richeskarayib.com\/wp-content\/uploads\/2025\/04\/pexels-shvetsa-5029853-683x1024.jpg\" class=\"attachment-large size-large wp-image-49479\" alt=\"r\u00e9silience climatique\" srcset=\"https:\/\/richeskarayib.com\/wp-content\/uploads\/2025\/04\/pexels-shvetsa-5029853-683x1024.jpg 683w, https:\/\/richeskarayib.com\/wp-content\/uploads\/2025\/04\/pexels-shvetsa-5029853-200x300.jpg 200w, https:\/\/richeskarayib.com\/wp-content\/uploads\/2025\/04\/pexels-shvetsa-5029853-768x1152.jpg 768w, https:\/\/richeskarayib.com\/wp-content\/uploads\/2025\/04\/pexels-shvetsa-5029853-1024x1536.jpg 1024w, https:\/\/richeskarayib.com\/wp-content\/uploads\/2025\/04\/pexels-shvetsa-5029853.jpg 1280w\" sizes=\"(max-width: 683px) 100vw, 683px\" \/>\t\t\t\t\t\t\t\t\t\t\t\t\t\t\t<\/div>\n\t\t\t\t<\/div>\n\t\t\t\t\t<\/div>\n\t\t<\/div>\n\t\t\t\t\t<\/div>\n\t\t<\/section>\n\t\t\t\t\t<\/div>\n\t\t<\/div>\n\t\t\t\t\t<\/div>\n\t\t<\/section>\n\t\t\t\t<section class=\"elementor-section elementor-top-section elementor-element elementor-element-a968fb2 elementor-section-boxed elementor-section-height-default elementor-section-height-default\" data-id=\"a968fb2\" data-element_type=\"section\">\n\t\t\t\t\t\t<div class=\"elementor-container elementor-column-gap-default\">\n\t\t\t\t\t<div class=\"elementor-column elementor-col-100 elementor-top-column elementor-element elementor-element-701a308\" data-id=\"701a308\" data-element_type=\"column\">\n\t\t\t<div class=\"elementor-widget-wrap elementor-element-populated\">\n\t\t\t\t\t\t<div class=\"elementor-element elementor-element-89466e3 elementor-widget elementor-widget-text-editor\" data-id=\"89466e3\" data-element_type=\"widget\" data-widget_type=\"text-editor.default\">\n\t\t\t\t<div class=\"elementor-widget-container\">\n\t\t\t\t\t\t\t\t\t<p><span style=\"font-weight: 400;\">Frente a retos colosales, el clima <\/span><b>resiliencia clim\u00e1tica<\/b><span style=\"font-weight: 400;\">  en el Caribe se refleja en la voluntad de actuar, incluso cuando los recursos parecen limitados. Aunque la regi\u00f3n s\u00f3lo tiene una peque\u00f1a parte de responsabilidad en las emisiones mundiales de CO\u2082, soporta unos costes econ\u00f3micos y humanos desproporcionados. <\/span><\/p>\t\t\t\t\t\t\t\t<\/div>\n\t\t\t\t<\/div>\n\t\t\t\t<div class=\"elementor-element elementor-element-f93181b elementor-widget elementor-widget-text-editor\" data-id=\"f93181b\" data-element_type=\"widget\" data-widget_type=\"text-editor.default\">\n\t\t\t\t<div class=\"elementor-widget-container\">\n\t\t\t\t\t\t\t\t\t<p><span style=\"font-weight: 400;\">Las iniciativas locales, los esfuerzos de transici\u00f3n energ\u00e9tica y la lucha contra la contaminaci\u00f3n son signos alentadores. Sin embargo, el camino hacia   <\/span><b>resiliencia clim\u00e1tica<\/b><span style=\"font-weight: 400;\">  todav\u00eda est\u00e1 muy lejos. Es crucial que la comunidad internacional apoye los esfuerzos del Caribe, reconociendo la singularidad de los retos a los que se enfrenta. <\/span><\/p>\t\t\t\t\t\t\t\t<\/div>\n\t\t\t\t<\/div>\n\t\t\t\t\t<\/div>\n\t\t<\/div>\n\t\t\t\t\t<\/div>\n\t\t<\/section>\n\t\t\t\t<\/div>\n\t\t","protected":false},"excerpt":{"rendered":"<p>Resiliencia clim\u00e1tica: un reto insular El sitio resiliencia clim\u00e1tica del Caribe es un concepto que va mucho m\u00e1s all\u00e1 de las simples discusiones sobre el medio ambiente. Para esta regi\u00f3n del mundo, a menudo percibida como un para\u00edso tur\u00edstico, la realidad es mucho m\u00e1s compleja. A pesar de realizar una contribuci\u00f3n marginal a las emisiones [&hellip;]<\/p>\n","protected":false},"author":662,"featured_media":49466,"comment_status":"open","ping_status":"open","sticky":false,"template":"","format":"standard","meta":{"_acf_changed":false,"footnotes":""},"categories":[839,1734],"tags":[1442,1593,1547,816,1678,1701],"class_list":["post-49481","post","type-post","status-publish","format-standard","has-post-thumbnail","hentry","category-noticias","category-turismo","tag-anguilla-es","tag-barbade-es","tag-guadalupe","tag-martinique-es","tag-santa-lucia-es-3","tag-trinidad-y-tobago-es"],"acf":[],"_links":{"self":[{"href":"https:\/\/richeskarayib.com\/es\/wp-json\/wp\/v2\/posts\/49481","targetHints":{"allow":["GET"]}}],"collection":[{"href":"https:\/\/richeskarayib.com\/es\/wp-json\/wp\/v2\/posts"}],"about":[{"href":"https:\/\/richeskarayib.com\/es\/wp-json\/wp\/v2\/types\/post"}],"author":[{"embeddable":true,"href":"https:\/\/richeskarayib.com\/es\/wp-json\/wp\/v2\/users\/662"}],"replies":[{"embeddable":true,"href":"https:\/\/richeskarayib.com\/es\/wp-json\/wp\/v2\/comments?post=49481"}],"version-history":[{"count":0,"href":"https:\/\/richeskarayib.com\/es\/wp-json\/wp\/v2\/posts\/49481\/revisions"}],"wp:featuredmedia":[{"embeddable":true,"href":"https:\/\/richeskarayib.com\/es\/wp-json\/wp\/v2\/media\/49466"}],"wp:attachment":[{"href":"https:\/\/richeskarayib.com\/es\/wp-json\/wp\/v2\/media?parent=49481"}],"wp:term":[{"taxonomy":"category","embeddable":true,"href":"https:\/\/richeskarayib.com\/es\/wp-json\/wp\/v2\/categories?post=49481"},{"taxonomy":"post_tag","embeddable":true,"href":"https:\/\/richeskarayib.com\/es\/wp-json\/wp\/v2\/tags?post=49481"}],"curies":[{"name":"wp","href":"https:\/\/api.w.org\/{rel}","templated":true}]}}