{"id":49947,"date":"2025-04-28T11:42:47","date_gmt":"2025-04-28T15:42:47","guid":{"rendered":"https:\/\/richeskarayib.com\/haiti-melky-jean-de-la-escena-internacional-a-la-industria-de-las-bebidas-espirituosas-un-viaje-excepcional\/"},"modified":"2025-04-28T12:12:38","modified_gmt":"2025-04-28T16:12:38","slug":"haiti-melky-jean-de-la-escena-internacional-a-la-industria-de-las-bebidas-espirituosas-un-viaje-excepcional","status":"publish","type":"post","link":"https:\/\/richeskarayib.com\/es\/haiti-melky-jean-de-la-escena-internacional-a-la-industria-de-las-bebidas-espirituosas-un-viaje-excepcional\/","title":{"rendered":"Hait\u00ed &#8211; Melky Jean : De la escena internacional a la industria de las bebidas espirituosas, un viaje excepcional"},"content":{"rendered":"\t\t<div data-elementor-type=\"wp-post\" data-elementor-id=\"49947\" class=\"elementor elementor-49947 elementor-49929\" data-elementor-post-type=\"post\">\n\t\t\t\t\t\t<section class=\"elementor-section elementor-top-section elementor-element elementor-element-7d4f952 elementor-section-boxed elementor-section-height-default elementor-section-height-default\" data-id=\"7d4f952\" data-element_type=\"section\">\n\t\t\t\t\t\t<div class=\"elementor-container elementor-column-gap-default\">\n\t\t\t\t\t<div class=\"elementor-column elementor-col-100 elementor-top-column elementor-element elementor-element-f3833fa\" data-id=\"f3833fa\" data-element_type=\"column\">\n\t\t\t<div class=\"elementor-widget-wrap elementor-element-populated\">\n\t\t\t\t\t\t<div class=\"elementor-element elementor-element-6cd393f elementor-widget elementor-widget-text-editor\" data-id=\"6cd393f\" data-element_type=\"widget\" data-widget_type=\"text-editor.default\">\n\t\t\t\t<div class=\"elementor-widget-container\">\n\t\t\t\t\t\t\t\t\t<p><a href=\"https:\/\/www.instagram.com\/therealmelkyjean\/\" target=\"_blank\" rel=\"noopener nofollow\"><b>Melky Jean<\/b><\/a><span style=\"font-weight: 400;\">figura clave de la <a href=\"https:\/\/richeskarayib.com\/es\/haiti-joseph-laroche-el-unico-pasajero-negro-del-titanic-una-historia-de-esperanza-valor-y-olvido\/\" target=\"_blank\" rel=\"noopener\">cultura haitiana<\/a> e internacional, se ha convertido en pionera en el mundo de las bebidas espirituosas. Desde las primeras l\u00edneas de su historia,   <\/span><b>Melky Jean<\/b><span style=\"font-weight: 400;\">  encarna la determinaci\u00f3n, la creatividad y el deseo de dar voz a quienes carecen de ella. De la m\u00fasica a la iniciativa empresarial, transforma cada etapa de su vida en un profundo compromiso con la identidad, la transmisi\u00f3n y la innovaci\u00f3n. <\/span><\/p>\t\t\t\t\t\t\t\t<\/div>\n\t\t\t\t<\/div>\n\t\t\t\t\t<\/div>\n\t\t<\/div>\n\t\t\t\t\t<\/div>\n\t\t<\/section>\n\t\t\t\t<section class=\"elementor-section elementor-top-section elementor-element elementor-element-16ba7e0 elementor-section-boxed elementor-section-height-default elementor-section-height-default\" data-id=\"16ba7e0\" data-element_type=\"section\">\n\t\t\t\t\t\t<div class=\"elementor-container elementor-column-gap-default\">\n\t\t\t\t\t<div class=\"elementor-column elementor-col-100 elementor-top-column elementor-element elementor-element-f6fb52b\" data-id=\"f6fb52b\" data-element_type=\"column\">\n\t\t\t<div class=\"elementor-widget-wrap elementor-element-populated\">\n\t\t\t\t\t\t<div class=\"elementor-element elementor-element-0ce05bd elementor-widget elementor-widget-heading\" data-id=\"0ce05bd\" data-element_type=\"widget\" data-widget_type=\"heading.default\">\n\t\t\t\t<div class=\"elementor-widget-container\">\n\t\t\t\t\t<h2 class=\"elementor-heading-title elementor-size-default\">Un artista al servicio de la memoria y la transmisi\u00f3n<\/h2>\t\t\t\t<\/div>\n\t\t\t\t<\/div>\n\t\t\t\t<div class=\"elementor-element elementor-element-f5427b4 elementor-widget elementor-widget-text-editor\" data-id=\"f5427b4\" data-element_type=\"widget\" data-widget_type=\"text-editor.default\">\n\t\t\t\t<div class=\"elementor-widget-container\">\n\t\t\t\t\t\t\t\t\t<h3><b>Las ra\u00edces haitianas de Melky Jean<\/b><\/h3><p><span style=\"font-weight: 400;\">Nacida en el seno de una familia profundamente apegada a Hait\u00ed, ella<\/span> <span style=\"font-weight: 400;\">creci\u00f3 entre la tradici\u00f3n y la modernidad. Su madre y su abuela le transmitieron el gusto por recetas ancestrales como el Kleran y el Kremas, mientras que su hermano Wyclef Jean la introdujo en la escena internacional. Ella  <\/span> <span style=\"font-weight: 400;\">nunca ha olvidado sus or\u00edgenes, y cada proyecto que inicia lleva la marca de esta doble cultura, entre Hait\u00ed y Estados Unidos.<\/span><\/p>\t\t\t\t\t\t\t\t<\/div>\n\t\t\t\t<\/div>\n\t\t\t\t<section class=\"elementor-section elementor-inner-section elementor-element elementor-element-f32a8dc elementor-section-boxed elementor-section-height-default elementor-section-height-default\" data-id=\"f32a8dc\" data-element_type=\"section\">\n\t\t\t\t\t\t<div class=\"elementor-container elementor-column-gap-default\">\n\t\t\t\t\t<div class=\"elementor-column elementor-col-100 elementor-inner-column elementor-element elementor-element-da9b420\" data-id=\"da9b420\" data-element_type=\"column\">\n\t\t\t<div class=\"elementor-widget-wrap elementor-element-populated\">\n\t\t\t\t\t\t<div class=\"elementor-element elementor-element-c0c02a6 elementor-widget elementor-widget-image\" data-id=\"c0c02a6\" data-element_type=\"widget\" data-widget_type=\"image.default\">\n\t\t\t\t<div class=\"elementor-widget-container\">\n\t\t\t\t\t\t\t\t\t\t\t\t<figure class=\"wp-caption\">\n\t\t\t\t\t\t\t\t\t\t<img fetchpriority=\"high\" decoding=\"async\" width=\"487\" height=\"448\" src=\"https:\/\/richeskarayib.com\/wp-content\/uploads\/2025\/04\/Melky-Jean-1.jpg.webp\" class=\"attachment-large size-large wp-image-49937\" alt=\"Melky Jean\" srcset=\"https:\/\/richeskarayib.com\/wp-content\/uploads\/2025\/04\/Melky-Jean-1.jpg.webp 487w, https:\/\/richeskarayib.com\/wp-content\/uploads\/2025\/04\/Melky-Jean-1.jpg-300x276.webp 300w\" sizes=\"(max-width: 487px) 100vw, 487px\" \/>\t\t\t\t\t\t\t\t\t\t\t<figcaption class=\"widget-image-caption wp-caption-text\">Melky Jean<\/figcaption>\n\t\t\t\t\t\t\t\t\t\t<\/figure>\n\t\t\t\t\t\t\t\t\t<\/div>\n\t\t\t\t<\/div>\n\t\t\t\t\t<\/div>\n\t\t<\/div>\n\t\t\t\t\t<\/div>\n\t\t<\/section>\n\t\t\t\t<div class=\"elementor-element elementor-element-5283c56 elementor-widget elementor-widget-text-editor\" data-id=\"5283c56\" data-element_type=\"widget\" data-widget_type=\"text-editor.default\">\n\t\t\t\t<div class=\"elementor-widget-container\">\n\t\t\t\t\t\t\t\t\t<h3><b>Una carrera musical aclamada por la cr\u00edtica<\/b><\/h3><p class=\"\" data-start=\"1485\" data-end=\"1743\"><a href=\"https:\/\/www.caribbeannationalweekly.com\/women-in-focus\/melky-jean-launches-haitian-heritage-rum-brand-saint-sauveur-1972\/\" target=\"_blank\" rel=\"noopener nofollow\"><b>Melky Jean<\/b><\/a><span style=\"font-weight: 400;\">  salt\u00f3 a la fama como cantante y compositora. Su d\u00fao Melky Sedeck, formado con su hermano Farel Sedeck Guerschom Jean, ha dejado huella en la escena del R&amp;B y el hip-hop, con notables colaboraciones en bandas sonoras de pel\u00edculas y festivales internacionales. <\/span><\/p>\t\t\t\t\t\t\t\t<\/div>\n\t\t\t\t<\/div>\n\t\t\t\t<div class=\"elementor-element elementor-element-6716548 elementor-widget elementor-widget-text-editor\" data-id=\"6716548\" data-element_type=\"widget\" data-widget_type=\"text-editor.default\">\n\t\t\t\t<div class=\"elementor-widget-container\">\n\t\t\t\t\t\t\t\t\t<p><span style=\"font-weight: 400;\">Tambi\u00e9n ha compartido escenario con artistas de la talla de Beyonc\u00e9, Carlos Santana, Shakira y Patti LaBelle, y ha sido reconocida por publicaciones como Cosmopolitan, Rolling Stone y VIBE por la potencia de su voz y la profundidad de sus letras. Su canci\u00f3n &#8220;Care for Haiti&#8221; es un recordatorio de su compromiso con la historia de su pa\u00eds y la lucha contra los estereotipos. <\/span><\/p>\t\t\t\t\t\t\t\t<\/div>\n\t\t\t\t<\/div>\n\t\t\t\t<section class=\"elementor-section elementor-inner-section elementor-element elementor-element-d54fd1e elementor-section-boxed elementor-section-height-default elementor-section-height-default\" data-id=\"d54fd1e\" data-element_type=\"section\">\n\t\t\t\t\t\t<div class=\"elementor-container elementor-column-gap-default\">\n\t\t\t\t\t<div class=\"elementor-column elementor-col-100 elementor-inner-column elementor-element elementor-element-7b41173\" data-id=\"7b41173\" data-element_type=\"column\">\n\t\t\t<div class=\"elementor-widget-wrap elementor-element-populated\">\n\t\t\t\t\t\t<div class=\"elementor-element elementor-element-2839f02 elementor-widget elementor-widget-video\" data-id=\"2839f02\" data-element_type=\"widget\" data-settings=\"{&quot;youtube_url&quot;:&quot;https:\\\/\\\/www.youtube.com\\\/watch?v=WJ2CTRdAqpo&amp;ab_channel=Vevo&quot;,&quot;video_type&quot;:&quot;youtube&quot;,&quot;controls&quot;:&quot;yes&quot;}\" data-widget_type=\"video.default\">\n\t\t\t\t<div class=\"elementor-widget-container\">\n\t\t\t\t\t\t\t<div class=\"elementor-wrapper elementor-open-inline\">\n\t\t\t<div class=\"elementor-video\"><\/div>\t\t<\/div>\n\t\t\t\t\t\t<\/div>\n\t\t\t\t<\/div>\n\t\t\t\t\t<\/div>\n\t\t<\/div>\n\t\t\t\t\t<\/div>\n\t\t<\/section>\n\t\t\t\t\t<\/div>\n\t\t<\/div>\n\t\t\t\t\t<\/div>\n\t\t<\/section>\n\t\t\t\t<section class=\"elementor-section elementor-top-section elementor-element elementor-element-7c727fe elementor-section-boxed elementor-section-height-default elementor-section-height-default\" data-id=\"7c727fe\" data-element_type=\"section\">\n\t\t\t\t\t\t<div class=\"elementor-container elementor-column-gap-default\">\n\t\t\t\t\t<div class=\"elementor-column elementor-col-100 elementor-top-column elementor-element elementor-element-2675508\" data-id=\"2675508\" data-element_type=\"column\">\n\t\t\t<div class=\"elementor-widget-wrap elementor-element-populated\">\n\t\t\t\t\t\t<div class=\"elementor-element elementor-element-86f7f71 elementor-widget elementor-widget-heading\" data-id=\"86f7f71\" data-element_type=\"widget\" data-widget_type=\"heading.default\">\n\t\t\t\t<div class=\"elementor-widget-container\">\n\t\t\t\t\t<h2 class=\"elementor-heading-title elementor-size-default\">Saint Sauveur 1972: Un proyecto empresarial con sentido<\/h2>\t\t\t\t<\/div>\n\t\t\t\t<\/div>\n\t\t\t\t<div class=\"elementor-element elementor-element-1931a91 elementor-widget elementor-widget-text-editor\" data-id=\"1931a91\" data-element_type=\"widget\" data-widget_type=\"text-editor.default\">\n\t\t\t\t<div class=\"elementor-widget-container\">\n\t\t\t\t\t\t\t\t\t<h3><b>Origen del nombre y simbolismo de Saint Sauveur 1972<\/b><\/h3><p><span style=\"font-weight: 400;\">El lanzamiento de la marca de ron <\/span><a href=\"https:\/\/www.facebook.com\/saintsauveur1972\" target=\"_blank\" rel=\"noopener nofollow\"><b>Saint Sauveur 1972<\/b><\/a><span style=\"font-weight: 400;\"> por <\/span><b>Melky Jean<\/b><span style=\"font-weight: 400;\">  marca un paso decisivo en su carrera. Este proyecto no consiste s\u00f3lo en crear una bebida: es un homenaje a la historia de Hait\u00ed. El nombre hace referencia al barco que transport\u00f3 a los primeros refugiados haitianos a Estados Unidos en 1972, encarnando la resistencia y la fuerza de una comunidad que se enfrenta al exilio. Para ella, cada botella de     <\/span><b>Saint Sauveur 1972<\/b><span style=\"font-weight: 400;\"> es &#8220;una herencia en una botella&#8221;, un puente entre el pasado y el presente.<\/span><\/p>\t\t\t\t\t\t\t\t<\/div>\n\t\t\t\t<\/div>\n\t\t\t\t<div class=\"elementor-element elementor-element-65c03b9 elementor-widget elementor-widget-text-editor\" data-id=\"65c03b9\" data-element_type=\"widget\" data-widget_type=\"text-editor.default\">\n\t\t\t\t<div class=\"elementor-widget-container\">\n\t\t\t\t\t\t\t\t\t<h3><b>Un ron excepcional, fruto del saber hacer familiar<\/b><\/h3><p><span style=\"font-weight: 400;\">Destilado en Fort Myers, Florida, cerca de donde lleg\u00f3 el barco original, <\/span><b>Saint Sauveur 1972<\/b><span style=\"font-weight: 400;\">  es un ron envejecido durante cuatro a\u00f1os, con notas de roble tostado, vainilla, caramelo y un toque de humo. Refleja   <\/span><b>Melky Jean<\/b><span style=\"font-weight: 400;\">  de calidad y autenticidad, al tiempo que atrae a un p\u00fablico exigente y curioso por las nuevas experiencias gustativas. Esta creaci\u00f3n forma parte de una tradici\u00f3n familiar continuada, en la que cada generaci\u00f3n ha a\u00f1adido su propio toque a la cultura del ron. <\/span><\/p>\t\t\t\t\t\t\t\t<\/div>\n\t\t\t\t<\/div>\n\t\t\t\t<section class=\"elementor-section elementor-inner-section elementor-element elementor-element-9ef5bc2 elementor-section-boxed elementor-section-height-default elementor-section-height-default\" data-id=\"9ef5bc2\" data-element_type=\"section\">\n\t\t\t\t\t\t<div class=\"elementor-container elementor-column-gap-default\">\n\t\t\t\t\t<div class=\"elementor-column elementor-col-100 elementor-inner-column elementor-element elementor-element-c60c069\" data-id=\"c60c069\" data-element_type=\"column\">\n\t\t\t<div class=\"elementor-widget-wrap elementor-element-populated\">\n\t\t\t\t\t\t<div class=\"elementor-element elementor-element-9c400b3 elementor-widget elementor-widget-image\" data-id=\"9c400b3\" data-element_type=\"widget\" data-widget_type=\"image.default\">\n\t\t\t\t<div class=\"elementor-widget-container\">\n\t\t\t\t\t\t\t\t\t\t\t\t<figure class=\"wp-caption\">\n\t\t\t\t\t\t\t\t\t\t<img decoding=\"async\" width=\"480\" height=\"480\" src=\"https:\/\/richeskarayib.com\/wp-content\/uploads\/2025\/04\/493287974_122149462802560703_958436748678677335_n.jpg\" class=\"attachment-large size-large wp-image-49941\" alt=\"Melky Jean\" srcset=\"https:\/\/richeskarayib.com\/wp-content\/uploads\/2025\/04\/493287974_122149462802560703_958436748678677335_n.jpg 480w, https:\/\/richeskarayib.com\/wp-content\/uploads\/2025\/04\/493287974_122149462802560703_958436748678677335_n-300x300.jpg 300w, https:\/\/richeskarayib.com\/wp-content\/uploads\/2025\/04\/493287974_122149462802560703_958436748678677335_n-150x150.jpg 150w\" sizes=\"(max-width: 480px) 100vw, 480px\" \/>\t\t\t\t\t\t\t\t\t\t\t<figcaption class=\"widget-image-caption wp-caption-text\">Melky Jean<\/figcaption>\n\t\t\t\t\t\t\t\t\t\t<\/figure>\n\t\t\t\t\t\t\t\t\t<\/div>\n\t\t\t\t<\/div>\n\t\t\t\t\t<\/div>\n\t\t<\/div>\n\t\t\t\t\t<\/div>\n\t\t<\/section>\n\t\t\t\t\t<\/div>\n\t\t<\/div>\n\t\t\t\t\t<\/div>\n\t\t<\/section>\n\t\t\t\t<section class=\"elementor-section elementor-top-section elementor-element elementor-element-1a0b771 elementor-section-boxed elementor-section-height-default elementor-section-height-default\" data-id=\"1a0b771\" data-element_type=\"section\">\n\t\t\t\t\t\t<div class=\"elementor-container elementor-column-gap-default\">\n\t\t\t\t\t<div class=\"elementor-column elementor-col-100 elementor-top-column elementor-element elementor-element-345f4b7\" data-id=\"345f4b7\" data-element_type=\"column\">\n\t\t\t<div class=\"elementor-widget-wrap elementor-element-populated\">\n\t\t\t\t\t\t<div class=\"elementor-element elementor-element-d6a712a elementor-widget elementor-widget-heading\" data-id=\"d6a712a\" data-element_type=\"widget\" data-widget_type=\"heading.default\">\n\t\t\t\t<div class=\"elementor-widget-container\">\n\t\t\t\t\t<h2 class=\"elementor-heading-title elementor-size-default\">Un compromiso con la inclusi\u00f3n y la diversidad en la industria de las bebidas espirituosas<\/h2>\t\t\t\t<\/div>\n\t\t\t\t<\/div>\n\t\t\t\t<div class=\"elementor-element elementor-element-f9582c3 elementor-widget elementor-widget-text-editor\" data-id=\"f9582c3\" data-element_type=\"widget\" data-widget_type=\"text-editor.default\">\n\t\t\t\t<div class=\"elementor-widget-container\">\n\t\t\t\t\t\t\t\t\t<h3><b>Una visi\u00f3n empresarial audaz<\/b><\/h3><p><a href=\"https:\/\/sflcn.com\/melky-jean-from-music-icon-to-beverage-ceo\/\" target=\"_blank\" rel=\"noopener nofollow\"><b>Melky Jean<\/b><\/a><span style=\"font-weight: 400;\">  no se limita a ofrecer un producto: quiere transformar la industria de las bebidas espirituosas haci\u00e9ndola m\u00e1s diversa e inclusiva. A trav\u00e9s de   <\/span><b>Saint Sauveur 1972<\/b><span style=\"font-weight: 400;\">Su objetivo es ofrecer una plataforma a las mujeres, a las personas de or\u00edgenes diversos y a los dise\u00f1adores infrarrepresentados. Su ambici\u00f3n es hacer de esta marca un movimiento, no s\u00f3lo un negocio, promoviendo la riqueza de culturas y or\u00edgenes. <\/span><\/p>\t\t\t\t\t\t\t\t<\/div>\n\t\t\t\t<\/div>\n\t\t\t\t<div class=\"elementor-element elementor-element-cff88f1 elementor-widget elementor-widget-text-editor\" data-id=\"cff88f1\" data-element_type=\"widget\" data-widget_type=\"text-editor.default\">\n\t\t\t\t<div class=\"elementor-widget-container\">\n\t\t\t\t\t\t\t\t\t<h3><b>Un modelo para las generaciones m\u00e1s j\u00f3venes<\/b><\/h3><p><span style=\"font-weight: 400;\">Como mujer empresaria y artista de renombre, <\/span><b>Melky Jean<\/b><span style=\"font-weight: 400;\">  inspira a muchos j\u00f3venes, sobre todo a los de la di\u00e1spora haitiana. Ella demuestra que es posible triunfar sin renegar de los propios or\u00edgenes, y que innovar tambi\u00e9n significa transmitir los valores familiares y el saber hacer. Su historia es una invitaci\u00f3n a creer en los propios sue\u00f1os y a comprometerse con una sociedad m\u00e1s justa.  <\/span><\/p>\t\t\t\t\t\t\t\t<\/div>\n\t\t\t\t<\/div>\n\t\t\t\t\t<\/div>\n\t\t<\/div>\n\t\t\t\t\t<\/div>\n\t\t<\/section>\n\t\t\t\t<section class=\"elementor-section elementor-top-section elementor-element elementor-element-edf9227 elementor-section-boxed elementor-section-height-default elementor-section-height-default\" data-id=\"edf9227\" data-element_type=\"section\">\n\t\t\t\t\t\t<div class=\"elementor-container elementor-column-gap-default\">\n\t\t\t\t\t<div class=\"elementor-column elementor-col-100 elementor-top-column elementor-element elementor-element-e40dc52\" data-id=\"e40dc52\" data-element_type=\"column\">\n\t\t\t<div class=\"elementor-widget-wrap elementor-element-populated\">\n\t\t\t\t\t\t<div class=\"elementor-element elementor-element-9f558d2 elementor-widget elementor-widget-heading\" data-id=\"9f558d2\" data-element_type=\"widget\" data-widget_type=\"heading.default\">\n\t\t\t\t<div class=\"elementor-widget-container\">\n\t\t\t\t\t<h2 class=\"elementor-heading-title elementor-size-default\">El papel de la filantrop\u00eda: la Fundaci\u00f3n Carma<\/h2>\t\t\t\t<\/div>\n\t\t\t\t<\/div>\n\t\t\t\t<div class=\"elementor-element elementor-element-aef34d2 elementor-widget elementor-widget-text-editor\" data-id=\"aef34d2\" data-element_type=\"widget\" data-widget_type=\"text-editor.default\">\n\t\t\t\t<div class=\"elementor-widget-container\">\n\t\t\t\t\t\t\t\t\t<h3><b>Un compromiso concreto con Hait\u00ed<\/b><\/h3><p><span style=\"font-weight: 400;\">Adem\u00e1s de sus actividades art\u00edsticas y empresariales, <\/span><b>Melky Jean<\/b><span style=\"font-weight: 400;\">  es tambi\u00e9n una fil\u00e1ntropa comprometida. Fund\u00f3 la Fundaci\u00f3n Carma, una organizaci\u00f3n que trabaja para mejorar las condiciones de vida de las mujeres y los ni\u00f1os de Hait\u00ed, sobre todo en los \u00e1mbitos de la salud, la vivienda y la educaci\u00f3n. Esta iniciativa ilustra la coherencia de su compromiso, que va mucho m\u00e1s all\u00e1 de la mera ret\u00f3rica.  <\/span><\/p>\t\t\t\t\t\t\t\t<\/div>\n\t\t\t\t<\/div>\n\t\t\t\t<div class=\"elementor-element elementor-element-ae25ebc elementor-widget elementor-widget-text-editor\" data-id=\"ae25ebc\" data-element_type=\"widget\" data-widget_type=\"text-editor.default\">\n\t\t\t\t<div class=\"elementor-widget-container\">\n\t\t\t\t\t\t\t\t\t<h3><b>Liderazgo reconocido y aclamado<\/b><\/h3><p><span style=\"font-weight: 400;\">La habilidad de <\/span><b>Melky Jean<\/b><span style=\"font-weight: 400;\">  Su capacidad para unir a la gente en torno a sus proyectos es elogiada regularmente por los medios de comunicaci\u00f3n y las instituciones. Encarna a una nueva generaci\u00f3n de l\u00edderes que sit\u00faan a las personas, la memoria y la solidaridad en el centro de su enfoque. Su reputaci\u00f3n le ha permitido sensibilizar a un amplio p\u00fablico sobre los retos sociales y culturales a los que se enfrentan Hait\u00ed y su di\u00e1spora.  <\/span><\/p>\t\t\t\t\t\t\t\t<\/div>\n\t\t\t\t<\/div>\n\t\t\t\t\t<\/div>\n\t\t<\/div>\n\t\t\t\t\t<\/div>\n\t\t<\/section>\n\t\t\t\t<section class=\"elementor-section elementor-top-section elementor-element elementor-element-63e99c1 elementor-section-boxed elementor-section-height-default elementor-section-height-default\" data-id=\"63e99c1\" data-element_type=\"section\">\n\t\t\t\t\t\t<div class=\"elementor-container elementor-column-gap-default\">\n\t\t\t\t\t<div class=\"elementor-column elementor-col-100 elementor-top-column elementor-element elementor-element-6a4dcbe\" data-id=\"6a4dcbe\" data-element_type=\"column\">\n\t\t\t<div class=\"elementor-widget-wrap elementor-element-populated\">\n\t\t\t\t\t\t<div class=\"elementor-element elementor-element-0a9ffe0 elementor-widget elementor-widget-heading\" data-id=\"0a9ffe0\" data-element_type=\"widget\" data-widget_type=\"heading.default\">\n\t\t\t\t<div class=\"elementor-widget-container\">\n\t\t\t\t\t<h2 class=\"elementor-heading-title elementor-size-default\">Saint Sauveur 1972: Un s\u00edmbolo de resistencia y orgullo<\/h2>\t\t\t\t<\/div>\n\t\t\t\t<\/div>\n\t\t\t\t<div class=\"elementor-element elementor-element-2e86881 elementor-widget elementor-widget-text-editor\" data-id=\"2e86881\" data-element_type=\"widget\" data-widget_type=\"text-editor.default\">\n\t\t\t\t<div class=\"elementor-widget-container\">\n\t\t\t\t\t\t\t\t\t<h3><b>Un producto que cuenta una historia<\/b><\/h3><p><b>Saint Sauveur 1972<\/b><span style=\"font-weight: 400;\">  no es un ron como los dem\u00e1s. Lleva la historia de un pueblo, el recuerdo de un exilio y el orgullo de una cultura que ha convertido la adversidad en fortaleza. Cada botella refleja el viaje de    <\/span><b>Melky Jean<\/b><span style=\"font-weight: 400;\">desde sus ra\u00edces haitianas hasta su \u00e9xito internacional. Lejos de los t\u00f3picos, este ron invita a una degustaci\u00f3n consciente, donde cada aroma recuerda un episodio de la historia haitiana. <\/span><\/p>\t\t\t\t\t\t\t\t<\/div>\n\t\t\t\t<\/div>\n\t\t\t\t<div class=\"elementor-element elementor-element-069763a elementor-widget elementor-widget-text-editor\" data-id=\"069763a\" data-element_type=\"widget\" data-widget_type=\"text-editor.default\">\n\t\t\t\t<div class=\"elementor-widget-container\">\n\t\t\t\t\t\t\t\t\t<h3><b>Un puente entre Hait\u00ed, Estados Unidos y el mundo<\/b><\/h3><p><span style=\"font-weight: 400;\">Al elegir producir su ron en Florida, <\/span><b>Melky Jean<\/b><span style=\"font-weight: 400;\">  refuerza el v\u00ednculo entre <a href=\"https:\/\/richeskarayib.com\/es\/mycompiledthoughts-el-soul-haitiano-se-une-al-rb-cinematografico-en-el-proximo-ep-de-kouri\/\" target=\"_blank\" rel=\"noopener\">Hait\u00ed<\/a> y su di\u00e1spora. Demuestra que el \u00e9xito tambi\u00e9n puede ser colectivo, y que la identidad haitiana tiene su lugar en la escena internacional.   <\/span><b>Saint Sauveur 1972<\/b><span style=\"font-weight: 400;\"> se convierte en un s\u00edmbolo de transmisi\u00f3n, de compartir y de reconocimiento.<\/span><\/p>\t\t\t\t\t\t\t\t<\/div>\n\t\t\t\t<\/div>\n\t\t\t\t<section class=\"elementor-section elementor-inner-section elementor-element elementor-element-70f3795 elementor-section-boxed elementor-section-height-default elementor-section-height-default\" data-id=\"70f3795\" data-element_type=\"section\">\n\t\t\t\t\t\t<div class=\"elementor-container elementor-column-gap-default\">\n\t\t\t\t\t<div class=\"elementor-column elementor-col-100 elementor-inner-column elementor-element elementor-element-0585527\" data-id=\"0585527\" data-element_type=\"column\">\n\t\t\t<div class=\"elementor-widget-wrap elementor-element-populated\">\n\t\t\t\t\t\t<div class=\"elementor-element elementor-element-a6f3570 elementor-widget elementor-widget-image\" data-id=\"a6f3570\" data-element_type=\"widget\" data-widget_type=\"image.default\">\n\t\t\t\t<div class=\"elementor-widget-container\">\n\t\t\t\t\t\t\t\t\t\t\t\t\t\t\t<img decoding=\"async\" width=\"800\" height=\"600\" src=\"https:\/\/richeskarayib.com\/wp-content\/uploads\/2025\/04\/493311656_122149463126560703_4089479958954985614_n-1024x768.jpeg\" class=\"attachment-large size-large wp-image-49945\" alt=\"Melky Jean\" srcset=\"https:\/\/richeskarayib.com\/wp-content\/uploads\/2025\/04\/493311656_122149463126560703_4089479958954985614_n-1024x768.jpeg 1024w, https:\/\/richeskarayib.com\/wp-content\/uploads\/2025\/04\/493311656_122149463126560703_4089479958954985614_n-300x225.jpeg 300w, https:\/\/richeskarayib.com\/wp-content\/uploads\/2025\/04\/493311656_122149463126560703_4089479958954985614_n-768x576.jpeg 768w, https:\/\/richeskarayib.com\/wp-content\/uploads\/2025\/04\/493311656_122149463126560703_4089479958954985614_n.jpeg 1200w\" sizes=\"(max-width: 800px) 100vw, 800px\" \/>\t\t\t\t\t\t\t\t\t\t\t\t\t\t\t<\/div>\n\t\t\t\t<\/div>\n\t\t\t\t\t<\/div>\n\t\t<\/div>\n\t\t\t\t\t<\/div>\n\t\t<\/section>\n\t\t\t\t\t<\/div>\n\t\t<\/div>\n\t\t\t\t\t<\/div>\n\t\t<\/section>\n\t\t\t\t<section class=\"elementor-section elementor-top-section elementor-element elementor-element-b1f7491 elementor-section-boxed elementor-section-height-default elementor-section-height-default\" data-id=\"b1f7491\" data-element_type=\"section\">\n\t\t\t\t\t\t<div class=\"elementor-container elementor-column-gap-default\">\n\t\t\t\t\t<div class=\"elementor-column elementor-col-100 elementor-top-column elementor-element elementor-element-ba617ff\" data-id=\"ba617ff\" data-element_type=\"column\">\n\t\t\t<div class=\"elementor-widget-wrap elementor-element-populated\">\n\t\t\t\t\t\t<div class=\"elementor-element elementor-element-9be9a80 elementor-widget elementor-widget-text-editor\" data-id=\"9be9a80\" data-element_type=\"widget\" data-widget_type=\"text-editor.default\">\n\t\t\t\t<div class=\"elementor-widget-container\">\n\t\t\t\t\t\t\t\t\t<p><b>Melky Jean<\/b><span style=\"font-weight: 400;\">  se ha establecido como una de las figuras m\u00e1s influyentes de su generaci\u00f3n, en la encrucijada de la m\u00fasica, el esp\u00edritu empresarial y la filantrop\u00eda. Su carrera, marcada por la exigencia, la creatividad y el compromiso, inspira tanto a expertos como a principiantes. Con    <\/span><b>Saint Sauveur 1972<\/b><span style=\"font-weight: 400;\">, <\/span><b>Melky Jean<\/b><span style=\"font-weight: 400;\">  ofrece al mundo mucho m\u00e1s que un <a href=\"https:\/\/richeskarayib.com\/es\/caribe-rum-fest-2025-las-destilerias-caribenas-protagonistas-en-paris\/\" target=\"_blank\" rel=\"noopener\">ron<\/a>: transmite una historia, una cultura y una visi\u00f3n de futuro. Su nombre resuena ahora como palabra clave de excelencia, resistencia y transmisi\u00f3n. <\/span><\/p>\t\t\t\t\t\t\t\t<\/div>\n\t\t\t\t<\/div>\n\t\t\t\t\t<\/div>\n\t\t<\/div>\n\t\t\t\t\t<\/div>\n\t\t<\/section>\n\t\t\t\t<\/div>\n\t\t","protected":false},"excerpt":{"rendered":"<p>Melky Jeanfigura clave de la cultura haitiana e internacional, se ha convertido en pionera en el mundo de las bebidas espirituosas. Desde las primeras l\u00edneas de su historia, Melky Jean encarna la determinaci\u00f3n, la creatividad y el deseo de dar voz a quienes carecen de ella. De la m\u00fasica a la iniciativa empresarial, transforma cada [&hellip;]<\/p>\n","protected":false},"author":662,"featured_media":49954,"comment_status":"open","ping_status":"open","sticky":false,"template":"","format":"standard","meta":{"_acf_changed":false,"footnotes":""},"categories":[1469,839],"tags":[810],"class_list":["post-49947","post","type-post","status-publish","format-standard","has-post-thumbnail","hentry","category-historia-patrimonio","category-noticias","tag-haiti-es-2"],"acf":[],"_links":{"self":[{"href":"https:\/\/richeskarayib.com\/es\/wp-json\/wp\/v2\/posts\/49947","targetHints":{"allow":["GET"]}}],"collection":[{"href":"https:\/\/richeskarayib.com\/es\/wp-json\/wp\/v2\/posts"}],"about":[{"href":"https:\/\/richeskarayib.com\/es\/wp-json\/wp\/v2\/types\/post"}],"author":[{"embeddable":true,"href":"https:\/\/richeskarayib.com\/es\/wp-json\/wp\/v2\/users\/662"}],"replies":[{"embeddable":true,"href":"https:\/\/richeskarayib.com\/es\/wp-json\/wp\/v2\/comments?post=49947"}],"version-history":[{"count":0,"href":"https:\/\/richeskarayib.com\/es\/wp-json\/wp\/v2\/posts\/49947\/revisions"}],"wp:featuredmedia":[{"embeddable":true,"href":"https:\/\/richeskarayib.com\/es\/wp-json\/wp\/v2\/media\/49954"}],"wp:attachment":[{"href":"https:\/\/richeskarayib.com\/es\/wp-json\/wp\/v2\/media?parent=49947"}],"wp:term":[{"taxonomy":"category","embeddable":true,"href":"https:\/\/richeskarayib.com\/es\/wp-json\/wp\/v2\/categories?post=49947"},{"taxonomy":"post_tag","embeddable":true,"href":"https:\/\/richeskarayib.com\/es\/wp-json\/wp\/v2\/tags?post=49947"}],"curies":[{"name":"wp","href":"https:\/\/api.w.org\/{rel}","templated":true}]}}