{"id":50181,"date":"2025-04-30T11:13:35","date_gmt":"2025-04-30T15:13:35","guid":{"rendered":"https:\/\/richeskarayib.com\/granada-refuerzo-de-los-servicios-de-verano-air-canada-aumenta-la-frecuencia-de-vuelos-entre-toronto-y-granada\/"},"modified":"2025-04-30T11:13:35","modified_gmt":"2025-04-30T15:13:35","slug":"granada-refuerzo-de-los-servicios-de-verano-air-canada-aumenta-la-frecuencia-de-vuelos-entre-toronto-y-granada","status":"publish","type":"post","link":"https:\/\/richeskarayib.com\/es\/granada-refuerzo-de-los-servicios-de-verano-air-canada-aumenta-la-frecuencia-de-vuelos-entre-toronto-y-granada\/","title":{"rendered":"Granada &#8211; Refuerzo de los servicios de verano: Air Canada aumenta la frecuencia de vuelos entre Toronto y Granada"},"content":{"rendered":"\t\t<div data-elementor-type=\"wp-post\" data-elementor-id=\"50181\" class=\"elementor elementor-50181 elementor-50147\" data-elementor-post-type=\"post\">\n\t\t\t\t\t\t<section class=\"elementor-section elementor-top-section elementor-element elementor-element-7d4f952 elementor-section-boxed elementor-section-height-default elementor-section-height-default\" data-id=\"7d4f952\" data-element_type=\"section\">\n\t\t\t\t\t\t<div class=\"elementor-container elementor-column-gap-default\">\n\t\t\t\t\t<div class=\"elementor-column elementor-col-100 elementor-top-column elementor-element elementor-element-f3833fa\" data-id=\"f3833fa\" data-element_type=\"column\">\n\t\t\t<div class=\"elementor-widget-wrap elementor-element-populated\">\n\t\t\t\t\t\t<div class=\"elementor-element elementor-element-6cd393f elementor-widget elementor-widget-text-editor\" data-id=\"6cd393f\" data-element_type=\"widget\" data-widget_type=\"text-editor.default\">\n\t\t\t\t<div class=\"elementor-widget-container\">\n\t\t\t\t\t\t\t\t\t<p><span style=\"font-weight: 400;\"><a href=\"https:\/\/www.aircanada.com\/home\/ca\/fr\/aco\/flights\" target=\"_blank\" rel=\"noopener nofollow\">Air Canada<\/a> da un paso m\u00e1s en su estrategia de desarrollo internacional al a\u00f1adir un segundo vuelo semanal entre Toronto y Granada. A partir del 2 de junio de 2025, la aerol\u00ednea ofrecer\u00e1 un servicio adicional todos los lunes, adem\u00e1s del vuelo que ya opera los domingos. Esta iniciativa, que se prolongar\u00e1 hasta el 31 de agosto, est\u00e1 destinada a satisfacer la creciente demanda de viajeros canadienses, al tiempo que apoya la econom\u00eda tur\u00edstica de Granada durante el periodo clave de Spicemas.  <\/span><\/p>\t\t\t\t\t\t\t\t<\/div>\n\t\t\t\t<\/div>\n\t\t\t\t\t<\/div>\n\t\t<\/div>\n\t\t\t\t\t<\/div>\n\t\t<\/section>\n\t\t\t\t<section class=\"elementor-section elementor-top-section elementor-element elementor-element-16ba7e0 elementor-section-boxed elementor-section-height-default elementor-section-height-default\" data-id=\"16ba7e0\" data-element_type=\"section\">\n\t\t\t\t\t\t<div class=\"elementor-container elementor-column-gap-default\">\n\t\t\t\t\t<div class=\"elementor-column elementor-col-100 elementor-top-column elementor-element elementor-element-f6fb52b\" data-id=\"f6fb52b\" data-element_type=\"column\">\n\t\t\t<div class=\"elementor-widget-wrap elementor-element-populated\">\n\t\t\t\t\t\t<div class=\"elementor-element elementor-element-0ce05bd elementor-widget elementor-widget-heading\" data-id=\"0ce05bd\" data-element_type=\"widget\" data-widget_type=\"heading.default\">\n\t\t\t\t<div class=\"elementor-widget-container\">\n\t\t\t\t\t<h2 class=\"elementor-heading-title elementor-size-default\">Nueva organizaci\u00f3n de los vuelos de Air Canada a Granada<\/h2>\t\t\t\t<\/div>\n\t\t\t\t<\/div>\n\t\t\t\t<div class=\"elementor-element elementor-element-f5427b4 elementor-widget elementor-widget-text-editor\" data-id=\"f5427b4\" data-element_type=\"widget\" data-widget_type=\"text-editor.default\">\n\t\t\t\t<div class=\"elementor-widget-container\">\n\t\t\t\t\t\t\t\t\t<p><span style=\"font-weight: 400;\">La ampliaci\u00f3n del servicio de <a href=\"https:\/\/www.loopnews.com\/content\/air-canada-adds-second-weekly-flight-between-toronto-and-grenada\/\" target=\"_blank\" rel=\"noopener nofollow\">Air Canada entre Toronto y Granada<\/a> supone una mayor flexibilidad para los viajeros. El vuelo del lunes saldr\u00e1 de Toronto a las 9.15 h y llegar\u00e1 a Granada a las 14.35 h, mientras que el vuelo de vuelta saldr\u00e1 de Granada a las 15.35 h y llegar\u00e1 a Toronto a las 21.25 h.   <\/span><\/p>\t\t\t\t\t\t\t\t<\/div>\n\t\t\t\t<\/div>\n\t\t\t\t<div class=\"elementor-element elementor-element-8623485 elementor-widget elementor-widget-text-editor\" data-id=\"8623485\" data-element_type=\"widget\" data-widget_type=\"text-editor.default\">\n\t\t\t\t<div class=\"elementor-widget-container\">\n\t\t\t\t\t\t\t\t\t<p><span style=\"font-weight: 400;\">Esta organizaci\u00f3n, dise\u00f1ada para optimizar la comodidad de los pasajeros, maximiza el tiempo de estancia en la isla sin perder tiempo innecesario en tr\u00e1nsito. Air Canada se establece as\u00ed como un actor clave en el fortalecimiento de la conectividad entre Canad\u00e1 y Granada. <\/span><\/p>\t\t\t\t\t\t\t\t<\/div>\n\t\t\t\t<\/div>\n\t\t\t\t<section class=\"elementor-section elementor-inner-section elementor-element elementor-element-979781f elementor-section-boxed elementor-section-height-default elementor-section-height-default\" data-id=\"979781f\" data-element_type=\"section\">\n\t\t\t\t\t\t<div class=\"elementor-container elementor-column-gap-default\">\n\t\t\t\t\t<div class=\"elementor-column elementor-col-100 elementor-inner-column elementor-element elementor-element-24a1c47\" data-id=\"24a1c47\" data-element_type=\"column\">\n\t\t\t<div class=\"elementor-widget-wrap elementor-element-populated\">\n\t\t\t\t\t\t<div class=\"elementor-element elementor-element-657d8bd elementor-widget elementor-widget-image\" data-id=\"657d8bd\" data-element_type=\"widget\" data-widget_type=\"image.default\">\n\t\t\t\t<div class=\"elementor-widget-container\">\n\t\t\t\t\t\t\t\t\t\t\t\t\t\t\t<img fetchpriority=\"high\" decoding=\"async\" width=\"612\" height=\"407\" src=\"https:\/\/richeskarayib.com\/wp-content\/uploads\/2025\/04\/istockphoto-air_canada_23b90284bb01ff1c3de91d1904aeb9ed.webp\" class=\"attachment-large size-large wp-image-50155\" alt=\"Air Canada\" srcset=\"https:\/\/richeskarayib.com\/wp-content\/uploads\/2025\/04\/istockphoto-air_canada_23b90284bb01ff1c3de91d1904aeb9ed.webp 612w, https:\/\/richeskarayib.com\/wp-content\/uploads\/2025\/04\/istockphoto-air_canada_23b90284bb01ff1c3de91d1904aeb9ed-300x200.webp 300w\" sizes=\"(max-width: 612px) 100vw, 612px\" \/>\t\t\t\t\t\t\t\t\t\t\t\t\t\t\t<\/div>\n\t\t\t\t<\/div>\n\t\t\t\t\t<\/div>\n\t\t<\/div>\n\t\t\t\t\t<\/div>\n\t\t<\/section>\n\t\t\t\t\t<\/div>\n\t\t<\/div>\n\t\t\t\t\t<\/div>\n\t\t<\/section>\n\t\t\t\t<section class=\"elementor-section elementor-top-section elementor-element elementor-element-7c727fe elementor-section-boxed elementor-section-height-default elementor-section-height-default\" data-id=\"7c727fe\" data-element_type=\"section\">\n\t\t\t\t\t\t<div class=\"elementor-container elementor-column-gap-default\">\n\t\t\t\t\t<div class=\"elementor-column elementor-col-100 elementor-top-column elementor-element elementor-element-2675508\" data-id=\"2675508\" data-element_type=\"column\">\n\t\t\t<div class=\"elementor-widget-wrap elementor-element-populated\">\n\t\t\t\t\t\t<div class=\"elementor-element elementor-element-86f7f71 elementor-widget elementor-widget-heading\" data-id=\"86f7f71\" data-element_type=\"widget\" data-widget_type=\"heading.default\">\n\t\t\t\t<div class=\"elementor-widget-container\">\n\t\t\t\t\t<h2 class=\"elementor-heading-title elementor-size-default\">\u00bfPor qu\u00e9 Air Canada se dirige al mercado canadiense?<\/h2>\t\t\t\t<\/div>\n\t\t\t\t<\/div>\n\t\t\t\t<div class=\"elementor-element elementor-element-1931a91 elementor-widget elementor-widget-text-editor\" data-id=\"1931a91\" data-element_type=\"widget\" data-widget_type=\"text-editor.default\">\n\t\t\t\t<div class=\"elementor-widget-container\">\n\t\t\t\t\t\t\t\t\t<p><span style=\"font-weight: 400;\">La decisi\u00f3n de<a href=\"https:\/\/nowgrenada.com\/2025\/04\/air-canada-introduces-2nd-weekly-service-for-summer-travel\/#:~:text=The%20Grenada%20Tourism%20Authority%20(GTA,weekly%20flight%20starting%202%20June.\" target=\"_blank\" rel=\"noopener nofollow\">Air Canada<\/a> de aumentar la frecuencia de sus vuelos a Granada no es balad\u00ed. Canad\u00e1 sigue siendo uno de los mercados emisores m\u00e1s importantes para el destino, seg\u00fan Petra Roach, Directora Gerente de la Autoridad de Turismo de Granada. Ante un posible descenso de la demanda procedente de Estados Unidos y la incertidumbre econ\u00f3mica internacional, resulta estrat\u00e9gico consolidar los v\u00ednculos con mercados considerados estables y din\u00e1micos.  <\/span><\/p>\t\t\t\t\t\t\t\t<\/div>\n\t\t\t\t<\/div>\n\t\t\t\t<div class=\"elementor-element elementor-element-e13b6f6 elementor-widget elementor-widget-text-editor\" data-id=\"e13b6f6\" data-element_type=\"widget\" data-widget_type=\"text-editor.default\">\n\t\t\t\t<div class=\"elementor-widget-container\">\n\t\t\t\t\t\t\t\t\t<p><span style=\"font-weight: 400;\">Los viajeros canadienses, animados por un tipo de cambio favorable y un gran inter\u00e9s por los destinos aut\u00e9nticos, muestran un gran entusiasmo por la temporada de verano. Su tendencia a prolongar su estancia e implicarse en la vida local est\u00e1 teniendo un impacto econ\u00f3mico positivo en toda la cadena tur\u00edstica de Granada. Al a\u00f1adir un segundo vuelo semanal entre Toronto y Granada, Air Canada responde a una din\u00e1mica boyante del mercado y a su deseo de apoyar el crecimiento sostenible del sector.  <\/span><\/p>\t\t\t\t\t\t\t\t<\/div>\n\t\t\t\t<\/div>\n\t\t\t\t\t<\/div>\n\t\t<\/div>\n\t\t\t\t\t<\/div>\n\t\t<\/section>\n\t\t\t\t<section class=\"elementor-section elementor-top-section elementor-element elementor-element-1a0b771 elementor-section-boxed elementor-section-height-default elementor-section-height-default\" data-id=\"1a0b771\" data-element_type=\"section\">\n\t\t\t\t\t\t<div class=\"elementor-container elementor-column-gap-default\">\n\t\t\t\t\t<div class=\"elementor-column elementor-col-100 elementor-top-column elementor-element elementor-element-345f4b7\" data-id=\"345f4b7\" data-element_type=\"column\">\n\t\t\t<div class=\"elementor-widget-wrap elementor-element-populated\">\n\t\t\t\t\t\t<div class=\"elementor-element elementor-element-d6a712a elementor-widget elementor-widget-heading\" data-id=\"d6a712a\" data-element_type=\"widget\" data-widget_type=\"heading.default\">\n\t\t\t\t<div class=\"elementor-widget-container\">\n\t\t\t\t\t<h2 class=\"elementor-heading-title elementor-size-default\">Spicemas 2025: una temporada emblem\u00e1tica para el turismo en Granada<\/h2>\t\t\t\t<\/div>\n\t\t\t\t<\/div>\n\t\t\t\t<div class=\"elementor-element elementor-element-f9582c3 elementor-widget elementor-widget-text-editor\" data-id=\"f9582c3\" data-element_type=\"widget\" data-widget_type=\"text-editor.default\">\n\t\t\t\t<div class=\"elementor-widget-container\">\n\t\t\t\t\t\t\t\t\t<p><span style=\"font-weight: 400;\">El horario de los vuelos <a href=\"https:\/\/www.travelandtourworld.com\/news\/article\/grenada-and-toronto-poised-for-summer-tourism-surge-with-air-canadas-expanded-flight-offerings\/\" target=\"_blank\" rel=\"noopener nofollow\">de Air Canada<\/a> se ha programado cuidadosamente para que coincida con <a href=\"https:\/\/spicemasgrenada.com\/\" target=\"_blank\" rel=\"noopener nofollow\">Spicemas<\/a>, un importante acontecimiento cultural de <a href=\"https:\/\/richeskarayib.com\/es\/granada-vghn-primera-joven-embajadora-del-caribe-para-la-propiedad-intelectual-un-punto-de-inflexion-para-la-creatividad-granadina\/\" target=\"_blank\" rel=\"noopener\">Granada<\/a>. En 2025, Spicemas tendr\u00e1 lugar del 1 al 12 de agosto, destacando los d\u00edas 11 y 12 de agosto, fechas del Lunes y Martes de Carnaval. Cada a\u00f1o, este periodo atrae a un gran n\u00famero de visitantes que vienen a disfrutar de las tradiciones locales, los desfiles de disfraces y la rica m\u00fasica de la isla.  <\/span><\/p>\t\t\t\t\t\t\t\t<\/div>\n\t\t\t\t<\/div>\n\t\t\t\t<section class=\"elementor-section elementor-inner-section elementor-element elementor-element-5670eaf elementor-section-boxed elementor-section-height-default elementor-section-height-default\" data-id=\"5670eaf\" data-element_type=\"section\">\n\t\t\t\t\t\t<div class=\"elementor-container elementor-column-gap-default\">\n\t\t\t\t\t<div class=\"elementor-column elementor-col-100 elementor-inner-column elementor-element elementor-element-452ad93\" data-id=\"452ad93\" data-element_type=\"column\">\n\t\t\t<div class=\"elementor-widget-wrap elementor-element-populated\">\n\t\t\t\t\t\t<div class=\"elementor-element elementor-element-9b913ef elementor-widget elementor-widget-image\" data-id=\"9b913ef\" data-element_type=\"widget\" data-widget_type=\"image.default\">\n\t\t\t\t<div class=\"elementor-widget-container\">\n\t\t\t\t\t\t\t\t\t\t\t\t<figure class=\"wp-caption\">\n\t\t\t\t\t\t\t\t\t\t<img decoding=\"async\" width=\"800\" height=\"352\" src=\"https:\/\/richeskarayib.com\/wp-content\/uploads\/2025\/04\/Spicemas-Corporation-1024x450.jpg\" class=\"attachment-large size-large wp-image-50159\" alt=\"Air Canada\" srcset=\"https:\/\/richeskarayib.com\/wp-content\/uploads\/2025\/04\/Spicemas-Corporation-1024x450.jpg 1024w, https:\/\/richeskarayib.com\/wp-content\/uploads\/2025\/04\/Spicemas-Corporation-300x132.jpg 300w, https:\/\/richeskarayib.com\/wp-content\/uploads\/2025\/04\/Spicemas-Corporation-768x338.jpg 768w, https:\/\/richeskarayib.com\/wp-content\/uploads\/2025\/04\/Spicemas-Corporation.jpg 1280w\" sizes=\"(max-width: 800px) 100vw, 800px\" \/>\t\t\t\t\t\t\t\t\t\t\t<figcaption class=\"widget-image-caption wp-caption-text\">\u00a9\ufe0f<\/figcaption>\n\t\t\t\t\t\t\t\t\t\t<\/figure>\n\t\t\t\t\t\t\t\t\t<\/div>\n\t\t\t\t<\/div>\n\t\t\t\t\t<\/div>\n\t\t<\/div>\n\t\t\t\t\t<\/div>\n\t\t<\/section>\n\t\t\t\t<div class=\"elementor-element elementor-element-a51d8a7 elementor-widget elementor-widget-text-editor\" data-id=\"a51d8a7\" data-element_type=\"widget\" data-widget_type=\"text-editor.default\">\n\t\t\t\t<div class=\"elementor-widget-container\">\n\t\t\t\t\t\t\t\t\t<p><span style=\"font-weight: 400;\">Con la incorporaci\u00f3n de un vuelo el lunes, Air Canada permite a los viajeros canadienses organizar su estancia en torno a estas fechas clave, sin limitaciones de calendario. Esta elecci\u00f3n estrat\u00e9gica fomenta la participaci\u00f3n en todas las festividades y optimiza la experiencia tur\u00edstica, al tiempo que apoya la econom\u00eda local en una \u00e9poca crucial del a\u00f1o. <\/span><\/p>\t\t\t\t\t\t\t\t<\/div>\n\t\t\t\t<\/div>\n\t\t\t\t<div class=\"elementor-element elementor-element-5c2f2f5 elementor-widget elementor-widget-image\" data-id=\"5c2f2f5\" data-element_type=\"widget\" data-widget_type=\"image.default\">\n\t\t\t\t<div class=\"elementor-widget-container\">\n\t\t\t\t\t\t\t\t\t\t\t\t<figure class=\"wp-caption\">\n\t\t\t\t\t\t\t\t\t\t<img decoding=\"async\" width=\"720\" height=\"720\" src=\"https:\/\/richeskarayib.com\/wp-content\/uploads\/2025\/04\/305928192_472137961625497_8687410838358569179_n.jpg\" class=\"attachment-large size-large wp-image-50163\" alt=\"Air Canada\" srcset=\"https:\/\/richeskarayib.com\/wp-content\/uploads\/2025\/04\/305928192_472137961625497_8687410838358569179_n.jpg 720w, https:\/\/richeskarayib.com\/wp-content\/uploads\/2025\/04\/305928192_472137961625497_8687410838358569179_n-300x300.jpg 300w, https:\/\/richeskarayib.com\/wp-content\/uploads\/2025\/04\/305928192_472137961625497_8687410838358569179_n-150x150.jpg 150w\" sizes=\"(max-width: 720px) 100vw, 720px\" \/>\t\t\t\t\t\t\t\t\t\t\t<figcaption class=\"widget-image-caption wp-caption-text\">\u00a9\ufe0fSpicemas Corporation<\/figcaption>\n\t\t\t\t\t\t\t\t\t\t<\/figure>\n\t\t\t\t\t\t\t\t\t<\/div>\n\t\t\t\t<\/div>\n\t\t\t\t\t<\/div>\n\t\t<\/div>\n\t\t\t\t\t<\/div>\n\t\t<\/section>\n\t\t\t\t<section class=\"elementor-section elementor-top-section elementor-element elementor-element-72e5ee0 elementor-section-boxed elementor-section-height-default elementor-section-height-default\" data-id=\"72e5ee0\" data-element_type=\"section\">\n\t\t\t\t\t\t<div class=\"elementor-container elementor-column-gap-default\">\n\t\t\t\t\t<div class=\"elementor-column elementor-col-100 elementor-top-column elementor-element elementor-element-637bc9e\" data-id=\"637bc9e\" data-element_type=\"column\">\n\t\t\t<div class=\"elementor-widget-wrap elementor-element-populated\">\n\t\t\t\t\t\t<div class=\"elementor-element elementor-element-296fce9 elementor-widget elementor-widget-heading\" data-id=\"296fce9\" data-element_type=\"widget\" data-widget_type=\"heading.default\">\n\t\t\t\t<div class=\"elementor-widget-container\">\n\t\t\t\t\t<h2 class=\"elementor-heading-title elementor-size-default\">Ventajas para los viajeros canadienses<\/h2>\t\t\t\t<\/div>\n\t\t\t\t<\/div>\n\t\t\t\t<div class=\"elementor-element elementor-element-d6f74e2 elementor-widget elementor-widget-text-editor\" data-id=\"d6f74e2\" data-element_type=\"widget\" data-widget_type=\"text-editor.default\">\n\t\t\t\t<div class=\"elementor-widget-container\">\n\t\t\t\t\t\t\t\t\t<p><span style=\"font-weight: 400;\">El aumento de la frecuencia de vuelos de Air Canada ofrece a los viajeros numerosas ventajas. Por un lado, la mayor flexibilidad facilita la planificaci\u00f3n de las vacaciones, ya se trate de unas vacaciones en familia, una estancia prolongada o una breve escapada en torno a Spicemas. Por otro, las ofertas especiales de los hoteles granadinos, como Sandals Grenada, que ofrece descuentos de hasta 1.300 CAD en determinados paquetes, hacen que el destino sea a\u00fan m\u00e1s atractivo.  <\/span><\/p>\t\t\t\t\t\t\t\t<\/div>\n\t\t\t\t<\/div>\n\t\t\t\t<div class=\"elementor-element elementor-element-d7293eb elementor-widget elementor-widget-text-editor\" data-id=\"d7293eb\" data-element_type=\"widget\" data-widget_type=\"text-editor.default\">\n\t\t\t\t<div class=\"elementor-widget-container\">\n\t\t\t\t\t\t\t\t\t<p><span style=\"font-weight: 400;\">Al adaptar su oferta, Air Canada responde a las expectativas de los clientes que buscan autenticidad, comodidad y descubrimientos culturales. Los canadienses se benefician de un acceso simplificado a Granada, con horarios c\u00f3modos y tarifas competitivas, al tiempo que disfrutan de una inmersi\u00f3n total en la cultura local. <\/span><\/p>\t\t\t\t\t\t\t\t<\/div>\n\t\t\t\t<\/div>\n\t\t\t\t<section class=\"elementor-section elementor-inner-section elementor-element elementor-element-430f379 elementor-section-boxed elementor-section-height-default elementor-section-height-default\" data-id=\"430f379\" data-element_type=\"section\">\n\t\t\t\t\t\t<div class=\"elementor-container elementor-column-gap-default\">\n\t\t\t\t\t<div class=\"elementor-column elementor-col-25 elementor-inner-column elementor-element elementor-element-69d4a61\" data-id=\"69d4a61\" data-element_type=\"column\">\n\t\t\t<div class=\"elementor-widget-wrap elementor-element-populated\">\n\t\t\t\t\t\t<div class=\"elementor-element elementor-element-4475ce9 elementor-widget elementor-widget-image\" data-id=\"4475ce9\" data-element_type=\"widget\" data-widget_type=\"image.default\">\n\t\t\t\t<div class=\"elementor-widget-container\">\n\t\t\t\t\t\t\t\t\t\t\t\t<figure class=\"wp-caption\">\n\t\t\t\t\t\t\t\t\t\t<img loading=\"lazy\" decoding=\"async\" width=\"800\" height=\"534\" src=\"https:\/\/richeskarayib.com\/wp-content\/uploads\/2025\/04\/pexels-g-isle-px-210751289-11846401-1024x683.jpg\" class=\"attachment-large size-large wp-image-50167\" alt=\"Air Canada\" srcset=\"https:\/\/richeskarayib.com\/wp-content\/uploads\/2025\/04\/pexels-g-isle-px-210751289-11846401-1024x683.jpg 1024w, https:\/\/richeskarayib.com\/wp-content\/uploads\/2025\/04\/pexels-g-isle-px-210751289-11846401-300x200.jpg 300w, https:\/\/richeskarayib.com\/wp-content\/uploads\/2025\/04\/pexels-g-isle-px-210751289-11846401-768x512.jpg 768w, https:\/\/richeskarayib.com\/wp-content\/uploads\/2025\/04\/pexels-g-isle-px-210751289-11846401-1536x1024.jpg 1536w, https:\/\/richeskarayib.com\/wp-content\/uploads\/2025\/04\/pexels-g-isle-px-210751289-11846401-1320x880.jpg 1320w, https:\/\/richeskarayib.com\/wp-content\/uploads\/2025\/04\/pexels-g-isle-px-210751289-11846401.jpg 1920w\" sizes=\"(max-width: 800px) 100vw, 800px\" \/>\t\t\t\t\t\t\t\t\t\t\t<figcaption class=\"widget-image-caption wp-caption-text\">Grenade<\/figcaption>\n\t\t\t\t\t\t\t\t\t\t<\/figure>\n\t\t\t\t\t\t\t\t\t<\/div>\n\t\t\t\t<\/div>\n\t\t\t\t\t<\/div>\n\t\t<\/div>\n\t\t\t\t<div class=\"elementor-column elementor-col-25 elementor-inner-column elementor-element elementor-element-40cff45\" data-id=\"40cff45\" data-element_type=\"column\">\n\t\t\t<div class=\"elementor-widget-wrap elementor-element-populated\">\n\t\t\t\t\t\t<div class=\"elementor-element elementor-element-d2d0406 elementor-widget elementor-widget-image\" data-id=\"d2d0406\" data-element_type=\"widget\" data-widget_type=\"image.default\">\n\t\t\t\t<div class=\"elementor-widget-container\">\n\t\t\t\t\t\t\t\t\t\t\t\t<figure class=\"wp-caption\">\n\t\t\t\t\t\t\t\t\t\t<img loading=\"lazy\" decoding=\"async\" width=\"800\" height=\"534\" src=\"https:\/\/richeskarayib.com\/wp-content\/uploads\/2025\/04\/pexels-g-isle-px-210751289-11820065-1024x683.jpg\" class=\"attachment-large size-large wp-image-50171\" alt=\"Air Canada\" srcset=\"https:\/\/richeskarayib.com\/wp-content\/uploads\/2025\/04\/pexels-g-isle-px-210751289-11820065-1024x683.jpg 1024w, https:\/\/richeskarayib.com\/wp-content\/uploads\/2025\/04\/pexels-g-isle-px-210751289-11820065-300x200.jpg 300w, https:\/\/richeskarayib.com\/wp-content\/uploads\/2025\/04\/pexels-g-isle-px-210751289-11820065-768x512.jpg 768w, https:\/\/richeskarayib.com\/wp-content\/uploads\/2025\/04\/pexels-g-isle-px-210751289-11820065-1536x1024.jpg 1536w, https:\/\/richeskarayib.com\/wp-content\/uploads\/2025\/04\/pexels-g-isle-px-210751289-11820065-1320x880.jpg 1320w, https:\/\/richeskarayib.com\/wp-content\/uploads\/2025\/04\/pexels-g-isle-px-210751289-11820065.jpg 1920w\" sizes=\"(max-width: 800px) 100vw, 800px\" \/>\t\t\t\t\t\t\t\t\t\t\t<figcaption class=\"widget-image-caption wp-caption-text\">Grenade<\/figcaption>\n\t\t\t\t\t\t\t\t\t\t<\/figure>\n\t\t\t\t\t\t\t\t\t<\/div>\n\t\t\t\t<\/div>\n\t\t\t\t\t<\/div>\n\t\t<\/div>\n\t\t\t\t<div class=\"elementor-column elementor-col-25 elementor-inner-column elementor-element elementor-element-27e5235\" data-id=\"27e5235\" data-element_type=\"column\">\n\t\t\t<div class=\"elementor-widget-wrap elementor-element-populated\">\n\t\t\t\t\t\t<div class=\"elementor-element elementor-element-4763dfe elementor-widget elementor-widget-image\" data-id=\"4763dfe\" data-element_type=\"widget\" data-widget_type=\"image.default\">\n\t\t\t\t<div class=\"elementor-widget-container\">\n\t\t\t\t\t\t\t\t\t\t\t\t<figure class=\"wp-caption\">\n\t\t\t\t\t\t\t\t\t\t<img loading=\"lazy\" decoding=\"async\" width=\"800\" height=\"534\" src=\"https:\/\/richeskarayib.com\/wp-content\/uploads\/2025\/04\/pexels-g-isle-px-210751289-11846400-1024x683.jpg\" class=\"attachment-large size-large wp-image-50175\" alt=\"Air Canada\" srcset=\"https:\/\/richeskarayib.com\/wp-content\/uploads\/2025\/04\/pexels-g-isle-px-210751289-11846400-1024x683.jpg 1024w, https:\/\/richeskarayib.com\/wp-content\/uploads\/2025\/04\/pexels-g-isle-px-210751289-11846400-300x200.jpg 300w, https:\/\/richeskarayib.com\/wp-content\/uploads\/2025\/04\/pexels-g-isle-px-210751289-11846400-768x512.jpg 768w, https:\/\/richeskarayib.com\/wp-content\/uploads\/2025\/04\/pexels-g-isle-px-210751289-11846400-1536x1024.jpg 1536w, https:\/\/richeskarayib.com\/wp-content\/uploads\/2025\/04\/pexels-g-isle-px-210751289-11846400-1320x880.jpg 1320w, https:\/\/richeskarayib.com\/wp-content\/uploads\/2025\/04\/pexels-g-isle-px-210751289-11846400.jpg 1920w\" sizes=\"(max-width: 800px) 100vw, 800px\" \/>\t\t\t\t\t\t\t\t\t\t\t<figcaption class=\"widget-image-caption wp-caption-text\">Grenade<\/figcaption>\n\t\t\t\t\t\t\t\t\t\t<\/figure>\n\t\t\t\t\t\t\t\t\t<\/div>\n\t\t\t\t<\/div>\n\t\t\t\t\t<\/div>\n\t\t<\/div>\n\t\t\t\t<div class=\"elementor-column elementor-col-25 elementor-inner-column elementor-element elementor-element-5757cb3\" data-id=\"5757cb3\" data-element_type=\"column\">\n\t\t\t<div class=\"elementor-widget-wrap elementor-element-populated\">\n\t\t\t\t\t\t<div class=\"elementor-element elementor-element-d441704 elementor-widget elementor-widget-image\" data-id=\"d441704\" data-element_type=\"widget\" data-widget_type=\"image.default\">\n\t\t\t\t<div class=\"elementor-widget-container\">\n\t\t\t\t\t\t\t\t\t\t\t\t<figure class=\"wp-caption\">\n\t\t\t\t\t\t\t\t\t\t<img loading=\"lazy\" decoding=\"async\" width=\"800\" height=\"500\" src=\"https:\/\/richeskarayib.com\/wp-content\/uploads\/2025\/04\/pexels-kenrick-baksh-1757630-4156554-1024x640.jpg\" class=\"attachment-large size-large wp-image-50179\" alt=\"Air Canada\" srcset=\"https:\/\/richeskarayib.com\/wp-content\/uploads\/2025\/04\/pexels-kenrick-baksh-1757630-4156554-1024x640.jpg 1024w, https:\/\/richeskarayib.com\/wp-content\/uploads\/2025\/04\/pexels-kenrick-baksh-1757630-4156554-300x188.jpg 300w, https:\/\/richeskarayib.com\/wp-content\/uploads\/2025\/04\/pexels-kenrick-baksh-1757630-4156554-768x480.jpg 768w, https:\/\/richeskarayib.com\/wp-content\/uploads\/2025\/04\/pexels-kenrick-baksh-1757630-4156554-1536x960.jpg 1536w, https:\/\/richeskarayib.com\/wp-content\/uploads\/2025\/04\/pexels-kenrick-baksh-1757630-4156554-1320x825.jpg 1320w, https:\/\/richeskarayib.com\/wp-content\/uploads\/2025\/04\/pexels-kenrick-baksh-1757630-4156554.jpg 1920w\" sizes=\"(max-width: 800px) 100vw, 800px\" \/>\t\t\t\t\t\t\t\t\t\t\t<figcaption class=\"widget-image-caption wp-caption-text\">Grenade<\/figcaption>\n\t\t\t\t\t\t\t\t\t\t<\/figure>\n\t\t\t\t\t\t\t\t\t<\/div>\n\t\t\t\t<\/div>\n\t\t\t\t\t<\/div>\n\t\t<\/div>\n\t\t\t\t\t<\/div>\n\t\t<\/section>\n\t\t\t\t\t<\/div>\n\t\t<\/div>\n\t\t\t\t\t<\/div>\n\t\t<\/section>\n\t\t\t\t<section class=\"elementor-section elementor-top-section elementor-element elementor-element-9169ffe elementor-section-boxed elementor-section-height-default elementor-section-height-default\" data-id=\"9169ffe\" data-element_type=\"section\">\n\t\t\t\t\t\t<div class=\"elementor-container elementor-column-gap-default\">\n\t\t\t\t\t<div class=\"elementor-column elementor-col-100 elementor-top-column elementor-element elementor-element-60a5081\" data-id=\"60a5081\" data-element_type=\"column\">\n\t\t\t<div class=\"elementor-widget-wrap elementor-element-populated\">\n\t\t\t\t\t\t<div class=\"elementor-element elementor-element-f431355 elementor-widget elementor-widget-heading\" data-id=\"f431355\" data-element_type=\"widget\" data-widget_type=\"heading.default\">\n\t\t\t\t<div class=\"elementor-widget-container\">\n\t\t\t\t\t<h2 class=\"elementor-heading-title elementor-size-default\">Beneficios econ\u00f3micos y perspectivas para Granada\n<\/h2>\t\t\t\t<\/div>\n\t\t\t\t<\/div>\n\t\t\t\t<div class=\"elementor-element elementor-element-2340e8e elementor-widget elementor-widget-text-editor\" data-id=\"2340e8e\" data-element_type=\"widget\" data-widget_type=\"text-editor.default\">\n\t\t\t\t<div class=\"elementor-widget-container\">\n\t\t\t\t\t\t\t\t\t<p><span style=\"font-weight: 400;\">La incorporaci\u00f3n de un segundo vuelo semanal de Air Canada forma parte de una iniciativa de diversificaci\u00f3n y resistencia econ\u00f3mica de <a href=\"https:\/\/richeskarayib.com\/es\/granada-fuerte-crecimiento-del-turismo-en-los-ultimos-26-meses\/\" target=\"_blank\" rel=\"noopener\">Granada<\/a>. Al atraer a m\u00e1s visitantes canadienses, la isla reduce su dependencia de otros mercados y refuerza la estabilidad de su sector tur\u00edstico. Seg\u00fan la Autoridad de Turismo de Granada, esta estrategia pretende garantizar la sostenibilidad del turismo local y crear oportunidades econ\u00f3micas para la poblaci\u00f3n local.  <\/span><\/p>\t\t\t\t\t\t\t\t<\/div>\n\t\t\t\t<\/div>\n\t\t\t\t<div class=\"elementor-element elementor-element-0ecdd14 elementor-widget elementor-widget-text-editor\" data-id=\"0ecdd14\" data-element_type=\"widget\" data-widget_type=\"text-editor.default\">\n\t\t\t\t<div class=\"elementor-widget-container\">\n\t\t\t\t\t\t\t\t\t<p><span style=\"font-weight: 400;\">Al aumentar el n\u00famero de vuelos, Air Canada contribuye tambi\u00e9n a reforzar los v\u00ednculos entre Canad\u00e1 y Granada, fomentando los intercambios culturales y econ\u00f3micos. Este planteamiento forma parte de una visi\u00f3n a largo plazo, en la que la sostenibilidad y la calidad de la oferta tur\u00edstica priman sobre el simple aumento del n\u00famero de visitantes. <\/span><\/p>\t\t\t\t\t\t\t\t<\/div>\n\t\t\t\t<\/div>\n\t\t\t\t\t<\/div>\n\t\t<\/div>\n\t\t\t\t\t<\/div>\n\t\t<\/section>\n\t\t\t\t<section class=\"elementor-section elementor-top-section elementor-element elementor-element-4485f87 elementor-section-boxed elementor-section-height-default elementor-section-height-default\" data-id=\"4485f87\" data-element_type=\"section\">\n\t\t\t\t\t\t<div class=\"elementor-container elementor-column-gap-default\">\n\t\t\t\t\t<div class=\"elementor-column elementor-col-100 elementor-top-column elementor-element elementor-element-04512ac\" data-id=\"04512ac\" data-element_type=\"column\">\n\t\t\t<div class=\"elementor-widget-wrap elementor-element-populated\">\n\t\t\t\t\t\t<div class=\"elementor-element elementor-element-71d6f2e elementor-widget elementor-widget-text-editor\" data-id=\"71d6f2e\" data-element_type=\"widget\" data-widget_type=\"text-editor.default\">\n\t\t\t\t<div class=\"elementor-widget-container\">\n\t\t\t\t\t\t\t\t\t<p><span style=\"font-weight: 400;\">Al a\u00f1adir un segundo vuelo semanal entre Toronto y Granada, Air Canada demuestra su compromiso de apoyar el desarrollo tur\u00edstico de la isla, satisfaciendo al mismo tiempo las expectativas de los viajeros canadienses. Esta iniciativa, pensada para la temporada de verano y Spicemas 2025, ofrece una flexibilidad sin precedentes, ventajas econ\u00f3micas y una experiencia enriquecedora para todos. Gracias al compromiso de Air Canada, Granada se ha convertido en un destino de elecci\u00f3n para los canadienses que buscan autenticidad y un cambio de aires.  <\/span><\/p>\t\t\t\t\t\t\t\t<\/div>\n\t\t\t\t<\/div>\n\t\t\t\t\t<\/div>\n\t\t<\/div>\n\t\t\t\t\t<\/div>\n\t\t<\/section>\n\t\t\t\t<\/div>\n\t\t","protected":false},"excerpt":{"rendered":"<p>Air Canada da un paso m\u00e1s en su estrategia de desarrollo internacional al a\u00f1adir un segundo vuelo semanal entre Toronto y Granada. A partir del 2 de junio de 2025, la aerol\u00ednea ofrecer\u00e1 un servicio adicional todos los lunes, adem\u00e1s del vuelo que ya opera los domingos. Esta iniciativa, que se prolongar\u00e1 hasta el 31 [&hellip;]<\/p>\n","protected":false},"author":662,"featured_media":50151,"comment_status":"open","ping_status":"open","sticky":false,"template":"","format":"standard","meta":{"_acf_changed":false,"footnotes":""},"categories":[839,1734],"tags":[1645],"class_list":["post-50181","post","type-post","status-publish","format-standard","has-post-thumbnail","hentry","category-noticias","category-turismo","tag-granada-es"],"acf":[],"_links":{"self":[{"href":"https:\/\/richeskarayib.com\/es\/wp-json\/wp\/v2\/posts\/50181","targetHints":{"allow":["GET"]}}],"collection":[{"href":"https:\/\/richeskarayib.com\/es\/wp-json\/wp\/v2\/posts"}],"about":[{"href":"https:\/\/richeskarayib.com\/es\/wp-json\/wp\/v2\/types\/post"}],"author":[{"embeddable":true,"href":"https:\/\/richeskarayib.com\/es\/wp-json\/wp\/v2\/users\/662"}],"replies":[{"embeddable":true,"href":"https:\/\/richeskarayib.com\/es\/wp-json\/wp\/v2\/comments?post=50181"}],"version-history":[{"count":0,"href":"https:\/\/richeskarayib.com\/es\/wp-json\/wp\/v2\/posts\/50181\/revisions"}],"wp:featuredmedia":[{"embeddable":true,"href":"https:\/\/richeskarayib.com\/es\/wp-json\/wp\/v2\/media\/50151"}],"wp:attachment":[{"href":"https:\/\/richeskarayib.com\/es\/wp-json\/wp\/v2\/media?parent=50181"}],"wp:term":[{"taxonomy":"category","embeddable":true,"href":"https:\/\/richeskarayib.com\/es\/wp-json\/wp\/v2\/categories?post=50181"},{"taxonomy":"post_tag","embeddable":true,"href":"https:\/\/richeskarayib.com\/es\/wp-json\/wp\/v2\/tags?post=50181"}],"curies":[{"name":"wp","href":"https:\/\/api.w.org\/{rel}","templated":true}]}}