{"id":50497,"date":"2025-05-02T11:15:08","date_gmt":"2025-05-02T15:15:08","guid":{"rendered":"https:\/\/richeskarayib.com\/cifras-clave-de-la-cultura-y-el-patrimonio-del-caribe-historia-musica-diaspora-y-alcance-global\/"},"modified":"2025-05-04T19:41:10","modified_gmt":"2025-05-04T23:41:10","slug":"cifras-clave-de-la-cultura-y-el-patrimonio-del-caribe-historia-musica-diaspora-y-alcance-global","status":"publish","type":"post","link":"https:\/\/richeskarayib.com\/es\/cifras-clave-de-la-cultura-y-el-patrimonio-del-caribe-historia-musica-diaspora-y-alcance-global\/","title":{"rendered":"Cifras clave de la Cultura y el Patrimonio del Caribe: Historia, M\u00fasica, Di\u00e1spora y Alcance Global"},"content":{"rendered":"\t\t<div data-elementor-type=\"wp-post\" data-elementor-id=\"50497\" class=\"elementor elementor-50497 elementor-50435\" data-elementor-post-type=\"post\">\n\t\t\t\t\t\t<section class=\"elementor-section elementor-top-section elementor-element elementor-element-7d4f952 elementor-section-boxed elementor-section-height-default elementor-section-height-default\" data-id=\"7d4f952\" data-element_type=\"section\">\n\t\t\t\t\t\t<div class=\"elementor-container elementor-column-gap-default\">\n\t\t\t\t\t<div class=\"elementor-column elementor-col-100 elementor-top-column elementor-element elementor-element-f3833fa\" data-id=\"f3833fa\" data-element_type=\"column\">\n\t\t\t<div class=\"elementor-widget-wrap elementor-element-populated\">\n\t\t\t\t\t\t<div class=\"elementor-element elementor-element-6cd393f elementor-widget elementor-widget-text-editor\" data-id=\"6cd393f\" data-element_type=\"widget\" data-widget_type=\"text-editor.default\">\n\t\t\t\t<div class=\"elementor-widget-container\">\n\t\t\t\t\t\t\t\t\t<p><span style=\"font-weight: 400;\">Cultura<\/span> y patrimonio caribe\u00f1os<span style=\"font-weight: 400;\">  no se limita a los t\u00f3picos demasiado familiares del sol y las playas, o a im\u00e1genes folcl\u00f3ricas congeladas. Se materializa en lugares<a href=\"https:\/\/richeskarayib.com\/es\/informe-especial-parte-4-2020-2023-los-tesoros-culturales-del-caribe-patrimonio-inmaterial-reconocido-por-la-unesco\/\" target=\"_blank\" rel=\"noopener\">incluidos en la lista de la UNESCO<\/a>, una poderosa di\u00e1spora, expresiones art\u00edsticas de renombre mundial y figuras intelectuales de primer orden. He aqu\u00ed un resumen estad\u00edstico, basado en fuentes oficiales, para ayudarte a comprender mejor la riqueza y el alcance de este patrimonio regional.  <\/span><\/p>\t\t\t\t\t\t\t\t<\/div>\n\t\t\t\t<\/div>\n\t\t\t\t\t<\/div>\n\t\t<\/div>\n\t\t\t\t\t<\/div>\n\t\t<\/section>\n\t\t\t\t<section class=\"elementor-section elementor-top-section elementor-element elementor-element-16ba7e0 elementor-section-boxed elementor-section-height-default elementor-section-height-default\" data-id=\"16ba7e0\" data-element_type=\"section\">\n\t\t\t\t\t\t<div class=\"elementor-container elementor-column-gap-default\">\n\t\t\t\t\t<div class=\"elementor-column elementor-col-100 elementor-top-column elementor-element elementor-element-f6fb52b\" data-id=\"f6fb52b\" data-element_type=\"column\">\n\t\t\t<div class=\"elementor-widget-wrap elementor-element-populated\">\n\t\t\t\t\t\t<div class=\"elementor-element elementor-element-0ce05bd elementor-widget elementor-widget-heading\" data-id=\"0ce05bd\" data-element_type=\"widget\" data-widget_type=\"heading.default\">\n\t\t\t\t<div class=\"elementor-widget-container\">\n\t\t\t\t\t<h2 class=\"elementor-heading-title elementor-size-default\">9 sitios de la UNESCO: Cuba, campeona regional del patrimonio mundial<\/h2>\t\t\t\t<\/div>\n\t\t\t\t<\/div>\n\t\t\t\t<div class=\"elementor-element elementor-element-f5427b4 elementor-widget elementor-widget-text-editor\" data-id=\"f5427b4\" data-element_type=\"widget\" data-widget_type=\"text-editor.default\">\n\t\t\t\t<div class=\"elementor-widget-container\">\n\t\t\t\t\t\t\t\t\t<p><span style=\"font-weight: 400;\">En <\/span><b>nueve lugares<a href=\"https:\/\/richeskarayib.com\/es\/unesco-informe-especial-parte-3-2016-2019-los-tesoros-culturales-del-caribe-patrimonio-inmaterial-reconocido\/\" target=\"_blank\" rel=\"noopener\">declarados Patrimonio de la Humanidadpor la UNESCO<\/a><\/b><span style=\"font-weight: 400;\">Cuba es el pa\u00eds del Caribe con mayor n\u00famero de ellas. Esta excepcional concentraci\u00f3n ilustra la diversidad del patrimonio cultural y natural de la isla.   <\/span><\/p>\t\t\t\t\t\t\t\t<\/div>\n\t\t\t\t<\/div>\n\t\t\t\t<section class=\"elementor-section elementor-inner-section elementor-element elementor-element-0657f33 elementor-section-boxed elementor-section-height-default elementor-section-height-default\" data-id=\"0657f33\" data-element_type=\"section\">\n\t\t\t\t\t\t<div class=\"elementor-container elementor-column-gap-default\">\n\t\t\t\t\t<div class=\"elementor-column elementor-col-33 elementor-inner-column elementor-element elementor-element-6b6cce4\" data-id=\"6b6cce4\" data-element_type=\"column\">\n\t\t\t<div class=\"elementor-widget-wrap elementor-element-populated\">\n\t\t\t\t\t\t<div class=\"elementor-element elementor-element-7f9e612 elementor-widget elementor-widget-image\" data-id=\"7f9e612\" data-element_type=\"widget\" data-widget_type=\"image.default\">\n\t\t\t\t<div class=\"elementor-widget-container\">\n\t\t\t\t\t\t\t\t\t\t\t\t<figure class=\"wp-caption\">\n\t\t\t\t\t\t\t\t\t\t<img fetchpriority=\"high\" decoding=\"async\" width=\"750\" height=\"750\" src=\"https:\/\/richeskarayib.com\/wp-content\/uploads\/2025\/05\/Vieille-ville-de-La-Havane-et-son-systeme-de-fortifications.jpg\" class=\"attachment-large size-large wp-image-50443\" alt=\"Culture et Patrimoine Carib\u00e9en\" srcset=\"https:\/\/richeskarayib.com\/wp-content\/uploads\/2025\/05\/Vieille-ville-de-La-Havane-et-son-systeme-de-fortifications.jpg 750w, https:\/\/richeskarayib.com\/wp-content\/uploads\/2025\/05\/Vieille-ville-de-La-Havane-et-son-systeme-de-fortifications-300x300.jpg 300w, https:\/\/richeskarayib.com\/wp-content\/uploads\/2025\/05\/Vieille-ville-de-La-Havane-et-son-systeme-de-fortifications-150x150.jpg 150w\" sizes=\"(max-width: 750px) 100vw, 750px\" \/>\t\t\t\t\t\t\t\t\t\t\t<figcaption class=\"widget-image-caption wp-caption-text\">Vieille ville de La Havane et son syst\u00e8me de fortifications.<\/figcaption>\n\t\t\t\t\t\t\t\t\t\t<\/figure>\n\t\t\t\t\t\t\t\t\t<\/div>\n\t\t\t\t<\/div>\n\t\t\t\t\t<\/div>\n\t\t<\/div>\n\t\t\t\t<div class=\"elementor-column elementor-col-33 elementor-inner-column elementor-element elementor-element-3b2d087\" data-id=\"3b2d087\" data-element_type=\"column\">\n\t\t\t<div class=\"elementor-widget-wrap elementor-element-populated\">\n\t\t\t\t\t\t<div class=\"elementor-element elementor-element-b8845fe elementor-widget elementor-widget-image\" data-id=\"b8845fe\" data-element_type=\"widget\" data-widget_type=\"image.default\">\n\t\t\t\t<div class=\"elementor-widget-container\">\n\t\t\t\t\t\t\t\t\t\t\t\t<figure class=\"wp-caption\">\n\t\t\t\t\t\t\t\t\t\t<img decoding=\"async\" width=\"750\" height=\"750\" src=\"https:\/\/richeskarayib.com\/wp-content\/uploads\/2025\/05\/Trinidad-et-la-vallee-de-Los-Ingenios.jpg\" class=\"attachment-large size-large wp-image-50447\" alt=\"Culture et Patrimoine Carib\u00e9en\" srcset=\"https:\/\/richeskarayib.com\/wp-content\/uploads\/2025\/05\/Trinidad-et-la-vallee-de-Los-Ingenios.jpg 750w, https:\/\/richeskarayib.com\/wp-content\/uploads\/2025\/05\/Trinidad-et-la-vallee-de-Los-Ingenios-300x300.jpg 300w, https:\/\/richeskarayib.com\/wp-content\/uploads\/2025\/05\/Trinidad-et-la-vallee-de-Los-Ingenios-150x150.jpg 150w\" sizes=\"(max-width: 750px) 100vw, 750px\" \/>\t\t\t\t\t\t\t\t\t\t\t<figcaption class=\"widget-image-caption wp-caption-text\">Trinidad et la vall\u00e9e de Los Ingenios<\/figcaption>\n\t\t\t\t\t\t\t\t\t\t<\/figure>\n\t\t\t\t\t\t\t\t\t<\/div>\n\t\t\t\t<\/div>\n\t\t\t\t\t<\/div>\n\t\t<\/div>\n\t\t\t\t<div class=\"elementor-column elementor-col-33 elementor-inner-column elementor-element elementor-element-98fa475\" data-id=\"98fa475\" data-element_type=\"column\">\n\t\t\t<div class=\"elementor-widget-wrap elementor-element-populated\">\n\t\t\t\t\t\t<div class=\"elementor-element elementor-element-1b60461 elementor-widget elementor-widget-image\" data-id=\"1b60461\" data-element_type=\"widget\" data-widget_type=\"image.default\">\n\t\t\t\t<div class=\"elementor-widget-container\">\n\t\t\t\t\t\t\t\t\t\t\t\t<figure class=\"wp-caption\">\n\t\t\t\t\t\t\t\t\t\t<img decoding=\"async\" width=\"750\" height=\"750\" src=\"https:\/\/richeskarayib.com\/wp-content\/uploads\/2025\/05\/Chateau-de-San-Pedro-de-la-Roca-Santiago-de-Cuba.jpg\" class=\"attachment-large size-large wp-image-50451\" alt=\"Culture et Patrimoine Carib\u00e9en\" srcset=\"https:\/\/richeskarayib.com\/wp-content\/uploads\/2025\/05\/Chateau-de-San-Pedro-de-la-Roca-Santiago-de-Cuba.jpg 750w, https:\/\/richeskarayib.com\/wp-content\/uploads\/2025\/05\/Chateau-de-San-Pedro-de-la-Roca-Santiago-de-Cuba-300x300.jpg 300w, https:\/\/richeskarayib.com\/wp-content\/uploads\/2025\/05\/Chateau-de-San-Pedro-de-la-Roca-Santiago-de-Cuba-150x150.jpg 150w\" sizes=\"(max-width: 750px) 100vw, 750px\" \/>\t\t\t\t\t\t\t\t\t\t\t<figcaption class=\"widget-image-caption wp-caption-text\">Ch\u00e2teau de San Pedro de la Roca, Santiago de Cuba<\/figcaption>\n\t\t\t\t\t\t\t\t\t\t<\/figure>\n\t\t\t\t\t\t\t\t\t<\/div>\n\t\t\t\t<\/div>\n\t\t\t\t\t<\/div>\n\t\t<\/div>\n\t\t\t\t\t<\/div>\n\t\t<\/section>\n\t\t\t\t<div class=\"elementor-element elementor-element-016486b elementor-widget elementor-widget-text-editor\" data-id=\"016486b\" data-element_type=\"widget\" data-widget_type=\"text-editor.default\">\n\t\t\t\t<div class=\"elementor-widget-container\">\n\t\t\t\t\t\t\t\t\t<p><span style=\"font-weight: 400;\">Siete sitios han sido clasificados como patrimonio cultural: La Habana Vieja y sus fortificaciones (1982), Trinidad y el Valle de Los Ingenios (1988), el Castillo de San Pedro de la Roca en Santiago de Cuba (1997), el Valle de Vi\u00f1ales (1999), el paisaje arqueol\u00f3gico de los primeros cafetales del sureste (2000), el centro hist\u00f3rico de Cienfuegos (2005) y el centro hist\u00f3rico de Camag\u00fcey (2008).<\/span><\/p>\t\t\t\t\t\t\t\t<\/div>\n\t\t\t\t<\/div>\n\t\t\t\t<section class=\"elementor-section elementor-inner-section elementor-element elementor-element-6ffc2bf elementor-section-boxed elementor-section-height-default elementor-section-height-default\" data-id=\"6ffc2bf\" data-element_type=\"section\">\n\t\t\t\t\t\t<div class=\"elementor-container elementor-column-gap-default\">\n\t\t\t\t\t<div class=\"elementor-column elementor-col-25 elementor-inner-column elementor-element elementor-element-a9272a8\" data-id=\"a9272a8\" data-element_type=\"column\">\n\t\t\t<div class=\"elementor-widget-wrap elementor-element-populated\">\n\t\t\t\t\t\t<div class=\"elementor-element elementor-element-5513691 elementor-widget elementor-widget-image\" data-id=\"5513691\" data-element_type=\"widget\" data-widget_type=\"image.default\">\n\t\t\t\t<div class=\"elementor-widget-container\">\n\t\t\t\t\t\t\t\t\t\t\t\t<figure class=\"wp-caption\">\n\t\t\t\t\t\t\t\t\t\t<img loading=\"lazy\" decoding=\"async\" width=\"750\" height=\"750\" src=\"https:\/\/richeskarayib.com\/wp-content\/uploads\/2025\/05\/Vallee-de-Vinales.jpg\" class=\"attachment-large size-large wp-image-50455\" alt=\"Culture et Patrimoine Carib\u00e9en\" srcset=\"https:\/\/richeskarayib.com\/wp-content\/uploads\/2025\/05\/Vallee-de-Vinales.jpg 750w, https:\/\/richeskarayib.com\/wp-content\/uploads\/2025\/05\/Vallee-de-Vinales-300x300.jpg 300w, https:\/\/richeskarayib.com\/wp-content\/uploads\/2025\/05\/Vallee-de-Vinales-150x150.jpg 150w\" sizes=\"(max-width: 750px) 100vw, 750px\" \/>\t\t\t\t\t\t\t\t\t\t\t<figcaption class=\"widget-image-caption wp-caption-text\">Vall\u00e9e de Vi\u00f1ales<\/figcaption>\n\t\t\t\t\t\t\t\t\t\t<\/figure>\n\t\t\t\t\t\t\t\t\t<\/div>\n\t\t\t\t<\/div>\n\t\t\t\t\t<\/div>\n\t\t<\/div>\n\t\t\t\t<div class=\"elementor-column elementor-col-25 elementor-inner-column elementor-element elementor-element-629ac51\" data-id=\"629ac51\" data-element_type=\"column\">\n\t\t\t<div class=\"elementor-widget-wrap elementor-element-populated\">\n\t\t\t\t\t\t<div class=\"elementor-element elementor-element-3d6334a elementor-widget elementor-widget-image\" data-id=\"3d6334a\" data-element_type=\"widget\" data-widget_type=\"image.default\">\n\t\t\t\t<div class=\"elementor-widget-container\">\n\t\t\t\t\t\t\t\t\t\t\t\t<figure class=\"wp-caption\">\n\t\t\t\t\t\t\t\t\t\t<img loading=\"lazy\" decoding=\"async\" width=\"750\" height=\"750\" src=\"https:\/\/richeskarayib.com\/wp-content\/uploads\/2025\/05\/Centre-historique-de-Camaguey.jpg\" class=\"attachment-large size-large wp-image-50459\" alt=\"Culture et Patrimoine Carib\u00e9en\" srcset=\"https:\/\/richeskarayib.com\/wp-content\/uploads\/2025\/05\/Centre-historique-de-Camaguey.jpg 750w, https:\/\/richeskarayib.com\/wp-content\/uploads\/2025\/05\/Centre-historique-de-Camaguey-300x300.jpg 300w, https:\/\/richeskarayib.com\/wp-content\/uploads\/2025\/05\/Centre-historique-de-Camaguey-150x150.jpg 150w\" sizes=\"(max-width: 750px) 100vw, 750px\" \/>\t\t\t\t\t\t\t\t\t\t\t<figcaption class=\"widget-image-caption wp-caption-text\">Centre historique de Camag\u00fcey<\/figcaption>\n\t\t\t\t\t\t\t\t\t\t<\/figure>\n\t\t\t\t\t\t\t\t\t<\/div>\n\t\t\t\t<\/div>\n\t\t\t\t\t<\/div>\n\t\t<\/div>\n\t\t\t\t<div class=\"elementor-column elementor-col-25 elementor-inner-column elementor-element elementor-element-2cd5c7d\" data-id=\"2cd5c7d\" data-element_type=\"column\">\n\t\t\t<div class=\"elementor-widget-wrap elementor-element-populated\">\n\t\t\t\t\t\t<div class=\"elementor-element elementor-element-848df65 elementor-widget elementor-widget-image\" data-id=\"848df65\" data-element_type=\"widget\" data-widget_type=\"image.default\">\n\t\t\t\t<div class=\"elementor-widget-container\">\n\t\t\t\t\t\t\t\t\t\t\t\t<figure class=\"wp-caption\">\n\t\t\t\t\t\t\t\t\t\t<img loading=\"lazy\" decoding=\"async\" width=\"750\" height=\"750\" src=\"https:\/\/richeskarayib.com\/wp-content\/uploads\/2025\/05\/Paysage-archeologique-des-premieres-plantations-de-cafe-du-sud-est-de-Cuba.jpg\" class=\"attachment-large size-large wp-image-50463\" alt=\"Culture et Patrimoine Carib\u00e9en\" srcset=\"https:\/\/richeskarayib.com\/wp-content\/uploads\/2025\/05\/Paysage-archeologique-des-premieres-plantations-de-cafe-du-sud-est-de-Cuba.jpg 750w, https:\/\/richeskarayib.com\/wp-content\/uploads\/2025\/05\/Paysage-archeologique-des-premieres-plantations-de-cafe-du-sud-est-de-Cuba-300x300.jpg 300w, https:\/\/richeskarayib.com\/wp-content\/uploads\/2025\/05\/Paysage-archeologique-des-premieres-plantations-de-cafe-du-sud-est-de-Cuba-150x150.jpg 150w\" sizes=\"(max-width: 750px) 100vw, 750px\" \/>\t\t\t\t\t\t\t\t\t\t\t<figcaption class=\"widget-image-caption wp-caption-text\">Paysage arch\u00e9ologique des premi\u00e8res plantations de caf\u00e9 du sud-est de Cuba<\/figcaption>\n\t\t\t\t\t\t\t\t\t\t<\/figure>\n\t\t\t\t\t\t\t\t\t<\/div>\n\t\t\t\t<\/div>\n\t\t\t\t\t<\/div>\n\t\t<\/div>\n\t\t\t\t<div class=\"elementor-column elementor-col-25 elementor-inner-column elementor-element elementor-element-3d87d6c\" data-id=\"3d87d6c\" data-element_type=\"column\">\n\t\t\t<div class=\"elementor-widget-wrap elementor-element-populated\">\n\t\t\t\t\t\t<div class=\"elementor-element elementor-element-6559e58 elementor-widget elementor-widget-image\" data-id=\"6559e58\" data-element_type=\"widget\" data-widget_type=\"image.default\">\n\t\t\t\t<div class=\"elementor-widget-container\">\n\t\t\t\t\t\t\t\t\t\t\t\t\t\t\t<img loading=\"lazy\" decoding=\"async\" width=\"332\" height=\"500\" src=\"https:\/\/richeskarayib.com\/wp-content\/uploads\/2025\/05\/Centre-historique-urbain-de-Cienfuegos.jpg\" class=\"attachment-large size-large wp-image-50467\" alt=\"Culture et Patrimoine Carib\u00e9en\" srcset=\"https:\/\/richeskarayib.com\/wp-content\/uploads\/2025\/05\/Centre-historique-urbain-de-Cienfuegos.jpg 332w, https:\/\/richeskarayib.com\/wp-content\/uploads\/2025\/05\/Centre-historique-urbain-de-Cienfuegos-199x300.jpg 199w\" sizes=\"(max-width: 332px) 100vw, 332px\" \/>\t\t\t\t\t\t\t\t\t\t\t\t\t\t\t<\/div>\n\t\t\t\t<\/div>\n\t\t\t\t\t<\/div>\n\t\t<\/div>\n\t\t\t\t\t<\/div>\n\t\t<\/section>\n\t\t\t\t<div class=\"elementor-element elementor-element-0b6e95b elementor-widget elementor-widget-text-editor\" data-id=\"0b6e95b\" data-element_type=\"widget\" data-widget_type=\"text-editor.default\">\n\t\t\t\t<div class=\"elementor-widget-container\">\n\t\t\t\t\t\t\t\t\t<p><span style=\"font-weight: 400;\">Tambi\u00e9n hay dos sitios naturales: el Parque Nacional Desembarco del Granma (1999) y el Parque Nacional Alejandro de Humboldt (2001), ambos reconocidos por su excepcional biodiversidad. (Fuente: Centro del Patrimonio Mundial de la UNESCO). <\/span><\/p>\t\t\t\t\t\t\t\t<\/div>\n\t\t\t\t<\/div>\n\t\t\t\t<section class=\"elementor-section elementor-inner-section elementor-element elementor-element-8f3a031 elementor-section-boxed elementor-section-height-default elementor-section-height-default\" data-id=\"8f3a031\" data-element_type=\"section\">\n\t\t\t\t\t\t<div class=\"elementor-container elementor-column-gap-default\">\n\t\t\t\t\t<div class=\"elementor-column elementor-col-50 elementor-inner-column elementor-element elementor-element-91eaf8b\" data-id=\"91eaf8b\" data-element_type=\"column\">\n\t\t\t<div class=\"elementor-widget-wrap elementor-element-populated\">\n\t\t\t\t\t\t<div class=\"elementor-element elementor-element-75fda56 elementor-widget elementor-widget-image\" data-id=\"75fda56\" data-element_type=\"widget\" data-widget_type=\"image.default\">\n\t\t\t\t<div class=\"elementor-widget-container\">\n\t\t\t\t\t\t\t\t\t\t\t\t<figure class=\"wp-caption\">\n\t\t\t\t\t\t\t\t\t\t<img loading=\"lazy\" decoding=\"async\" width=\"750\" height=\"750\" src=\"https:\/\/richeskarayib.com\/wp-content\/uploads\/2025\/05\/Parc-national-Desembarco-del-Granma.jpg\" class=\"attachment-large size-large wp-image-50471\" alt=\"Culture et Patrimoine Carib\u00e9en\" srcset=\"https:\/\/richeskarayib.com\/wp-content\/uploads\/2025\/05\/Parc-national-Desembarco-del-Granma.jpg 750w, https:\/\/richeskarayib.com\/wp-content\/uploads\/2025\/05\/Parc-national-Desembarco-del-Granma-300x300.jpg 300w, https:\/\/richeskarayib.com\/wp-content\/uploads\/2025\/05\/Parc-national-Desembarco-del-Granma-150x150.jpg 150w\" sizes=\"(max-width: 750px) 100vw, 750px\" \/>\t\t\t\t\t\t\t\t\t\t\t<figcaption class=\"widget-image-caption wp-caption-text\">Parc national Desembarco del Granma<\/figcaption>\n\t\t\t\t\t\t\t\t\t\t<\/figure>\n\t\t\t\t\t\t\t\t\t<\/div>\n\t\t\t\t<\/div>\n\t\t\t\t\t<\/div>\n\t\t<\/div>\n\t\t\t\t<div class=\"elementor-column elementor-col-50 elementor-inner-column elementor-element elementor-element-9f2b228\" data-id=\"9f2b228\" data-element_type=\"column\">\n\t\t\t<div class=\"elementor-widget-wrap elementor-element-populated\">\n\t\t\t\t\t\t<div class=\"elementor-element elementor-element-24137d7 elementor-widget elementor-widget-image\" data-id=\"24137d7\" data-element_type=\"widget\" data-widget_type=\"image.default\">\n\t\t\t\t<div class=\"elementor-widget-container\">\n\t\t\t\t\t\t\t\t\t\t\t\t<figure class=\"wp-caption\">\n\t\t\t\t\t\t\t\t\t\t<img loading=\"lazy\" decoding=\"async\" width=\"800\" height=\"600\" src=\"https:\/\/richeskarayib.com\/wp-content\/uploads\/2025\/05\/Parc-national-Alejandro-de-Humboldt.jpg\" class=\"attachment-large size-large wp-image-50475\" alt=\"Culture et Patrimoine Carib\u00e9en\" srcset=\"https:\/\/richeskarayib.com\/wp-content\/uploads\/2025\/05\/Parc-national-Alejandro-de-Humboldt.jpg 1000w, https:\/\/richeskarayib.com\/wp-content\/uploads\/2025\/05\/Parc-national-Alejandro-de-Humboldt-300x225.jpg 300w, https:\/\/richeskarayib.com\/wp-content\/uploads\/2025\/05\/Parc-national-Alejandro-de-Humboldt-768x576.jpg 768w\" sizes=\"(max-width: 800px) 100vw, 800px\" \/>\t\t\t\t\t\t\t\t\t\t\t<figcaption class=\"widget-image-caption wp-caption-text\">Parc national Alejandro de Humboldt<\/figcaption>\n\t\t\t\t\t\t\t\t\t\t<\/figure>\n\t\t\t\t\t\t\t\t\t<\/div>\n\t\t\t\t<\/div>\n\t\t\t\t\t<\/div>\n\t\t<\/div>\n\t\t\t\t\t<\/div>\n\t\t<\/section>\n\t\t\t\t\t<\/div>\n\t\t<\/div>\n\t\t\t\t\t<\/div>\n\t\t<\/section>\n\t\t\t\t<section class=\"elementor-section elementor-top-section elementor-element elementor-element-7c727fe elementor-section-boxed elementor-section-height-default elementor-section-height-default\" data-id=\"7c727fe\" data-element_type=\"section\">\n\t\t\t\t\t\t<div class=\"elementor-container elementor-column-gap-default\">\n\t\t\t\t\t<div class=\"elementor-column elementor-col-100 elementor-top-column elementor-element elementor-element-2675508\" data-id=\"2675508\" data-element_type=\"column\">\n\t\t\t<div class=\"elementor-widget-wrap elementor-element-populated\">\n\t\t\t\t\t\t<div class=\"elementor-element elementor-element-86f7f71 elementor-widget elementor-widget-heading\" data-id=\"86f7f71\" data-element_type=\"widget\" data-widget_type=\"heading.default\">\n\t\t\t\t<div class=\"elementor-widget-container\">\n\t\t\t\t\t<h2 class=\"elementor-heading-title elementor-size-default\">En 2018, el reggae jamaicano pasa a formar parte del patrimonio inmaterial de la humanidad<\/h2>\t\t\t\t<\/div>\n\t\t\t\t<\/div>\n\t\t\t\t<div class=\"elementor-element elementor-element-1931a91 elementor-widget elementor-widget-text-editor\" data-id=\"1931a91\" data-element_type=\"widget\" data-widget_type=\"text-editor.default\">\n\t\t\t\t<div class=\"elementor-widget-container\">\n\t\t\t\t\t\t\t\t\t<p><span style=\"font-weight: 400;\">Desde 2018, el reggae figura en la Lista Representativa del Patrimonio Cultural Inmaterial de la Humanidad de<a href=\"https:\/\/whc.unesco.org\/fr\/list\/?search=Cuba&amp;components=1&amp;order=country\" target=\"_blank\" rel=\"noopener nofollow\">la UNESCO<\/a>. Esta inclusi\u00f3n reconoce no s\u00f3lo la importancia art\u00edstica de este g\u00e9nero musical, sino sobre todo su importancia social, pol\u00edtica e hist\u00f3rica.   <\/span><\/p>\t\t\t\t\t\t\t\t<\/div>\n\t\t\t\t<\/div>\n\t\t\t\t<div class=\"elementor-element elementor-element-68fcf44 elementor-widget elementor-widget-text-editor\" data-id=\"68fcf44\" data-element_type=\"widget\" data-widget_type=\"text-editor.default\">\n\t\t\t\t<div class=\"elementor-widget-container\">\n\t\t\t\t\t\t\t\t\t<p><span style=\"font-weight: 400;\">Nacido en la d\u00e9cada de 1960 en los barrios marginales de Kingston, Jamaica, el reggae se extendi\u00f3 r\u00e1pidamente m\u00e1s all\u00e1 de las fronteras de la isla para convertirse en un lenguaje universal de resistencia, afirmaci\u00f3n de la identidad y espiritualidad. Liderado por artistas como Bob Marley, Peter Tosh y Burning Spear, el reggae ha estado a la vanguardia de la lucha contra la injusticia, la exclusi\u00f3n y el racismo.   <\/span><\/p>\t\t\t\t\t\t\t\t<\/div>\n\t\t\t\t<\/div>\n\t\t\t\t<div class=\"elementor-element elementor-element-f374523 elementor-widget elementor-widget-text-editor\" data-id=\"f374523\" data-element_type=\"widget\" data-widget_type=\"text-editor.default\">\n\t\t\t\t<div class=\"elementor-widget-container\">\n\t\t\t\t\t\t\t\t\t<p><span style=\"font-weight: 400;\"><a href=\"https:\/\/richeskarayib.com\/es\/informe-especial-parte-2-2012-2015-los-tesoros-culturales-del-caribe-patrimonio-inmaterial-reconocido-por-la-unesco\/\" target=\"_blank\" rel=\"noopener\">La UNESCO<\/a> subraya que el reggae sigue siendo un poderoso medio de di\u00e1logo social y expresi\u00f3n colectiva para las generaciones m\u00e1s j\u00f3venes. Su reconocimiento internacional refuerza el alcance mundial de la cultura reggae. <\/span>  y la herencia caribe\u00f1a<span style=\"font-weight: 400;\">Mostrando c\u00f3mo una expresi\u00f3n nacida en un contexto local ha sido capaz de moldear la conciencia a escala mundial. (Fuente: UNESCO &#8211; Patrimonio Inmaterial) <\/span><\/p>\t\t\t\t\t\t\t\t<\/div>\n\t\t\t\t<\/div>\n\t\t\t\t<section class=\"elementor-section elementor-inner-section elementor-element elementor-element-512475b elementor-section-boxed elementor-section-height-default elementor-section-height-default\" data-id=\"512475b\" data-element_type=\"section\">\n\t\t\t\t\t\t<div class=\"elementor-container elementor-column-gap-default\">\n\t\t\t\t\t<div class=\"elementor-column elementor-col-100 elementor-inner-column elementor-element elementor-element-b6d875f\" data-id=\"b6d875f\" data-element_type=\"column\">\n\t\t\t<div class=\"elementor-widget-wrap elementor-element-populated\">\n\t\t\t\t\t\t<div class=\"elementor-element elementor-element-6a23bb2 elementor-widget elementor-widget-image\" data-id=\"6a23bb2\" data-element_type=\"widget\" data-widget_type=\"image.default\">\n\t\t\t\t<div class=\"elementor-widget-container\">\n\t\t\t\t\t\t\t\t\t\t\t\t<figure class=\"wp-caption\">\n\t\t\t\t\t\t\t\t\t\t<img loading=\"lazy\" decoding=\"async\" width=\"528\" height=\"789\" src=\"https:\/\/richeskarayib.com\/wp-content\/uploads\/2025\/05\/Bob-Marley.jpg\" class=\"attachment-large size-large wp-image-50479\" alt=\"Culture et Patrimoine Carib\u00e9en\" srcset=\"https:\/\/richeskarayib.com\/wp-content\/uploads\/2025\/05\/Bob-Marley.jpg 528w, https:\/\/richeskarayib.com\/wp-content\/uploads\/2025\/05\/Bob-Marley-201x300.jpg 201w\" sizes=\"(max-width: 528px) 100vw, 528px\" \/>\t\t\t\t\t\t\t\t\t\t\t<figcaption class=\"widget-image-caption wp-caption-text\">Culture et Patrimoine Carib\u00e9en<\/figcaption>\n\t\t\t\t\t\t\t\t\t\t<\/figure>\n\t\t\t\t\t\t\t\t\t<\/div>\n\t\t\t\t<\/div>\n\t\t\t\t\t<\/div>\n\t\t<\/div>\n\t\t\t\t\t<\/div>\n\t\t<\/section>\n\t\t\t\t\t<\/div>\n\t\t<\/div>\n\t\t\t\t\t<\/div>\n\t\t<\/section>\n\t\t\t\t<section class=\"elementor-section elementor-top-section elementor-element elementor-element-1a0b771 elementor-section-boxed elementor-section-height-default elementor-section-height-default\" data-id=\"1a0b771\" data-element_type=\"section\">\n\t\t\t\t\t\t<div class=\"elementor-container elementor-column-gap-default\">\n\t\t\t\t\t<div class=\"elementor-column elementor-col-100 elementor-top-column elementor-element elementor-element-345f4b7\" data-id=\"345f4b7\" data-element_type=\"column\">\n\t\t\t<div class=\"elementor-widget-wrap elementor-element-populated\">\n\t\t\t\t\t\t<div class=\"elementor-element elementor-element-d6a712a elementor-widget elementor-widget-heading\" data-id=\"d6a712a\" data-element_type=\"widget\" data-widget_type=\"heading.default\">\n\t\t\t\t<div class=\"elementor-widget-container\">\n\t\t\t\t\t<h2 class=\"elementor-heading-title elementor-size-default\">27.000: n\u00famero de visitantes extranjeros al Carnaval de Trinidad y Tobago en 2023<\/h2>\t\t\t\t<\/div>\n\t\t\t\t<\/div>\n\t\t\t\t<div class=\"elementor-element elementor-element-f9582c3 elementor-widget elementor-widget-text-editor\" data-id=\"f9582c3\" data-element_type=\"widget\" data-widget_type=\"text-editor.default\">\n\t\t\t\t<div class=\"elementor-widget-container\">\n\t\t\t\t\t\t\t\t\t<p><span style=\"font-weight: 400;\">El <a href=\"https:\/\/richeskarayib.com\/es\/trinidad-y-tobago-helon-francis-nuevo-monarca-del-calypso-2025\/\" target=\"_blank\" rel=\"noopener\">Carnaval de Trinidad y Tobago<\/a> es uno de los acontecimientos m\u00e1s significativos de la cultura y el patrimonio del Caribe.<\/span><b> y patrimonio<\/b><span style=\"font-weight: 400;\">Esto se debe a su antig\u00fcedad, su funci\u00f3n social y sus ra\u00edces en la historia colonial. En 2023, atrajo a m\u00e1s de 27.000 visitantes internacionales, un aumento del 215% respecto al a\u00f1o anterior, seg\u00fan   <\/span><i><span style=\"font-weight: 400;\">Trinidad y Tobago Newsday<\/span><\/i><span style=\"font-weight: 400;\"> y <\/span><i><span style=\"font-weight: 400;\">Noticias WIC<\/span><\/i><span style=\"font-weight: 400;\">. <\/span> <\/p>\t\t\t\t\t\t\t\t<\/div>\n\t\t\t\t<\/div>\n\t\t\t\t<div class=\"elementor-element elementor-element-f6734df elementor-widget elementor-widget-text-editor\" data-id=\"f6734df\" data-element_type=\"widget\" data-widget_type=\"text-editor.default\">\n\t\t\t\t<div class=\"elementor-widget-container\">\n\t\t\t\t\t\t\t\t\t<p><span style=\"font-weight: 400;\">Este renovado inter\u00e9s refleja un marcado retorno del turismo cultural en la regi\u00f3n tras a\u00f1os de restricciones relacionadas con la pandemia. Pero cifras aparte, el Carnaval sigue siendo un foro popular de expresi\u00f3n art\u00edstica y pol\u00edtica, donde confluyen la herencia africana, europea y criolla. Los disfraces, la m\u00fasica soca, el steelpan, los bailes callejeros y las representaciones sat\u00edricas forman un conjunto codificado que permite a las comunidades locales reivindicar su historia.    <\/span><\/p>\t\t\t\t\t\t\t\t<\/div>\n\t\t\t\t<\/div>\n\t\t\t\t<div class=\"elementor-element elementor-element-8436301 elementor-widget elementor-widget-text-editor\" data-id=\"8436301\" data-element_type=\"widget\" data-widget_type=\"text-editor.default\">\n\t\t\t\t<div class=\"elementor-widget-container\">\n\t\t\t\t\t\t\t\t\t<p><span style=\"font-weight: 400;\">El Carnaval no s\u00f3lo atrae: afirma una memoria colectiva caribe\u00f1a. Es un marcador fundamental de la cultura caribe\u00f1a. <\/span>  y el patrimonio caribe\u00f1o<span style=\"font-weight: 400;\"> vivo.<\/span><\/p>\t\t\t\t\t\t\t\t<\/div>\n\t\t\t\t<\/div>\n\t\t\t\t<section class=\"elementor-section elementor-inner-section elementor-element elementor-element-ce6bfd1 elementor-section-boxed elementor-section-height-default elementor-section-height-default\" data-id=\"ce6bfd1\" data-element_type=\"section\">\n\t\t\t\t\t\t<div class=\"elementor-container elementor-column-gap-default\">\n\t\t\t\t\t<div class=\"elementor-column elementor-col-100 elementor-inner-column elementor-element elementor-element-51f8d29\" data-id=\"51f8d29\" data-element_type=\"column\">\n\t\t\t<div class=\"elementor-widget-wrap elementor-element-populated\">\n\t\t\t\t\t\t<div class=\"elementor-element elementor-element-6c7c9f6 elementor-widget elementor-widget-image\" data-id=\"6c7c9f6\" data-element_type=\"widget\" data-widget_type=\"image.default\">\n\t\t\t\t<div class=\"elementor-widget-container\">\n\t\t\t\t\t\t\t\t\t\t\t\t<figure class=\"wp-caption\">\n\t\t\t\t\t\t\t\t\t\t<img loading=\"lazy\" decoding=\"async\" width=\"800\" height=\"533\" src=\"https:\/\/richeskarayib.com\/wp-content\/uploads\/2025\/05\/Carnaval-de-Trinidad-et-Tobago.webp\" class=\"attachment-large size-large wp-image-50483\" alt=\"Culture et Patrimoine Carib\u00e9en\" srcset=\"https:\/\/richeskarayib.com\/wp-content\/uploads\/2025\/05\/Carnaval-de-Trinidad-et-Tobago.webp 930w, https:\/\/richeskarayib.com\/wp-content\/uploads\/2025\/05\/Carnaval-de-Trinidad-et-Tobago-300x200.webp 300w, https:\/\/richeskarayib.com\/wp-content\/uploads\/2025\/05\/Carnaval-de-Trinidad-et-Tobago-768x512.webp 768w\" sizes=\"(max-width: 800px) 100vw, 800px\" \/>\t\t\t\t\t\t\t\t\t\t\t<figcaption class=\"widget-image-caption wp-caption-text\">Culture et Patrimoine Carib\u00e9en<\/figcaption>\n\t\t\t\t\t\t\t\t\t\t<\/figure>\n\t\t\t\t\t\t\t\t\t<\/div>\n\t\t\t\t<\/div>\n\t\t\t\t\t<\/div>\n\t\t<\/div>\n\t\t\t\t\t<\/div>\n\t\t<\/section>\n\t\t\t\t\t<\/div>\n\t\t<\/div>\n\t\t\t\t\t<\/div>\n\t\t<\/section>\n\t\t\t\t<section class=\"elementor-section elementor-top-section elementor-element elementor-element-75226b9 elementor-section-boxed elementor-section-height-default elementor-section-height-default\" data-id=\"75226b9\" data-element_type=\"section\">\n\t\t\t\t\t\t<div class=\"elementor-container elementor-column-gap-default\">\n\t\t\t\t\t<div class=\"elementor-column elementor-col-100 elementor-top-column elementor-element elementor-element-992e41e\" data-id=\"992e41e\" data-element_type=\"column\">\n\t\t\t<div class=\"elementor-widget-wrap elementor-element-populated\">\n\t\t\t\t\t\t<div class=\"elementor-element elementor-element-b7fae28 elementor-widget elementor-widget-heading\" data-id=\"b7fae28\" data-element_type=\"widget\" data-widget_type=\"heading.default\">\n\t\t\t\t<div class=\"elementor-widget-container\">\n\t\t\t\t\t<h2 class=\"elementor-heading-title elementor-size-default\">3 Premios Nobel del Caribe<\/h2>\t\t\t\t<\/div>\n\t\t\t\t<\/div>\n\t\t\t\t<div class=\"elementor-element elementor-element-0431e8e elementor-widget elementor-widget-text-editor\" data-id=\"0431e8e\" data-element_type=\"widget\" data-widget_type=\"text-editor.default\">\n\t\t\t\t<div class=\"elementor-widget-container\">\n\t\t\t\t\t\t\t\t\t<p><span style=\"font-weight: 400;\">En <\/span><b>cultura y el patrimonio caribe\u00f1os<\/b><span style=\"font-weight: 400;\"> tambi\u00e9n se manifiesta en el \u00e1mbito intelectual, como demuestra la concesi\u00f3n del Premio Nobel a tres personalidades de la regi\u00f3n. <\/span> <\/p>\t\t\t\t\t\t\t\t<\/div>\n\t\t\t\t<\/div>\n\t\t\t\t<div class=\"elementor-element elementor-element-c7e87f3 elementor-widget elementor-widget-text-editor\" data-id=\"c7e87f3\" data-element_type=\"widget\" data-widget_type=\"text-editor.default\">\n\t\t\t\t<div class=\"elementor-widget-container\">\n\t\t\t\t\t\t\t\t\t<p><span style=\"font-weight: 400;\">En 1979, Sir Arthur Lewis, natural de <a href=\"https:\/\/richeskarayib.com\/es\/santa-lucia-la-ressource-wellness-center-un-nuevo-impulso-para-la-salud-en-santa-lucia\/\" target=\"_blank\" rel=\"noopener\">Santa<\/a> Luc\u00eda, recibi\u00f3 el Premio Nobel de Econom\u00eda por su trabajo pionero sobre el desarrollo econ\u00f3mico de los pa\u00edses pobres. En 1992, el poeta y dramaturgo Derek Walcott, tambi\u00e9n de Santa Luc\u00eda, recibi\u00f3 el premio por su obra literaria que combina mitos caribe\u00f1os, lenguas criollas y tradiciones cl\u00e1sicas. Por \u00faltimo, en 2001, el escritor V.S. Naipaul, nacido en Trinidad y Tobago, fue premiado por su obra, en particular por sus novelas sobre la herencia colonial, el exilio y la identidad.    <\/span><\/p>\t\t\t\t\t\t\t\t<\/div>\n\t\t\t\t<\/div>\n\t\t\t\t<div class=\"elementor-element elementor-element-d5d3c7a elementor-widget elementor-widget-text-editor\" data-id=\"d5d3c7a\" data-element_type=\"widget\" data-widget_type=\"text-editor.default\">\n\t\t\t\t<div class=\"elementor-widget-container\">\n\t\t\t\t\t\t\t\t\t<p><span style=\"font-weight: 400;\">Estos premios, retransmitidos por <\/span><i><span style=\"font-weight: 400;\">Caricom<\/span><\/i><span style=\"font-weight: 400;\"> y <\/span><i><span style=\"font-weight: 400;\">The Guardian<\/span><\/i><span style=\"font-weight: 400;\">Confirman la influencia intelectual del Caribe en disciplinas en las que con demasiada frecuencia est\u00e1 infrarrepresentado. Demuestran que el pensamiento cr\u00edtico y la producci\u00f3n literaria son parte integrante de la cultura caribe\u00f1a. <\/span>  y el patrimonio caribe\u00f1o<span style=\"font-weight: 400;\">, y contribuir al debate global.<\/span><\/p>\t\t\t\t\t\t\t\t<\/div>\n\t\t\t\t<\/div>\n\t\t\t\t<section class=\"elementor-section elementor-inner-section elementor-element elementor-element-c89c7c3 elementor-section-boxed elementor-section-height-default elementor-section-height-default\" data-id=\"c89c7c3\" data-element_type=\"section\">\n\t\t\t\t\t\t<div class=\"elementor-container elementor-column-gap-default\">\n\t\t\t\t\t<div class=\"elementor-column elementor-col-33 elementor-inner-column elementor-element elementor-element-d7d2c20\" data-id=\"d7d2c20\" data-element_type=\"column\">\n\t\t\t<div class=\"elementor-widget-wrap elementor-element-populated\">\n\t\t\t\t\t\t<div class=\"elementor-element elementor-element-7f4822b elementor-widget elementor-widget-image\" data-id=\"7f4822b\" data-element_type=\"widget\" data-widget_type=\"image.default\">\n\t\t\t\t<div class=\"elementor-widget-container\">\n\t\t\t\t\t\t\t\t\t\t\t\t<figure class=\"wp-caption\">\n\t\t\t\t\t\t\t\t\t\t<img loading=\"lazy\" decoding=\"async\" width=\"330\" height=\"495\" src=\"https:\/\/richeskarayib.com\/wp-content\/uploads\/2025\/05\/Derek-Walcott.jpg\" class=\"attachment-large size-large wp-image-50491\" alt=\"Culture et Patrimoine Carib\u00e9en\" srcset=\"https:\/\/richeskarayib.com\/wp-content\/uploads\/2025\/05\/Derek-Walcott.jpg 330w, https:\/\/richeskarayib.com\/wp-content\/uploads\/2025\/05\/Derek-Walcott-200x300.jpg 200w\" sizes=\"(max-width: 330px) 100vw, 330px\" \/>\t\t\t\t\t\t\t\t\t\t\t<figcaption class=\"widget-image-caption wp-caption-text\">Derek Walcott<\/figcaption>\n\t\t\t\t\t\t\t\t\t\t<\/figure>\n\t\t\t\t\t\t\t\t\t<\/div>\n\t\t\t\t<\/div>\n\t\t\t\t\t<\/div>\n\t\t<\/div>\n\t\t\t\t<div class=\"elementor-column elementor-col-33 elementor-inner-column elementor-element elementor-element-9649f4a\" data-id=\"9649f4a\" data-element_type=\"column\">\n\t\t\t<div class=\"elementor-widget-wrap elementor-element-populated\">\n\t\t\t\t\t\t<div class=\"elementor-element elementor-element-dfcddf6 elementor-widget elementor-widget-image\" data-id=\"dfcddf6\" data-element_type=\"widget\" data-widget_type=\"image.default\">\n\t\t\t\t<div class=\"elementor-widget-container\">\n\t\t\t\t\t\t\t\t\t\t\t\t<figure class=\"wp-caption\">\n\t\t\t\t\t\t\t\t\t\t<img loading=\"lazy\" decoding=\"async\" width=\"307\" height=\"472\" src=\"https:\/\/richeskarayib.com\/wp-content\/uploads\/2025\/05\/V.S.-Naipaul.jpg\" class=\"attachment-large size-large wp-image-50495\" alt=\"Culture et Patrimoine Carib\u00e9en\" srcset=\"https:\/\/richeskarayib.com\/wp-content\/uploads\/2025\/05\/V.S.-Naipaul.jpg 307w, https:\/\/richeskarayib.com\/wp-content\/uploads\/2025\/05\/V.S.-Naipaul-195x300.jpg 195w\" sizes=\"(max-width: 307px) 100vw, 307px\" \/>\t\t\t\t\t\t\t\t\t\t\t<figcaption class=\"widget-image-caption wp-caption-text\">V.S. Naipaul<\/figcaption>\n\t\t\t\t\t\t\t\t\t\t<\/figure>\n\t\t\t\t\t\t\t\t\t<\/div>\n\t\t\t\t<\/div>\n\t\t\t\t\t<\/div>\n\t\t<\/div>\n\t\t\t\t<div class=\"elementor-column elementor-col-33 elementor-inner-column elementor-element elementor-element-1cf7e54\" data-id=\"1cf7e54\" data-element_type=\"column\">\n\t\t\t<div class=\"elementor-widget-wrap elementor-element-populated\">\n\t\t\t\t\t\t<div class=\"elementor-element elementor-element-da66eef elementor-widget elementor-widget-image\" data-id=\"da66eef\" data-element_type=\"widget\" data-widget_type=\"image.default\">\n\t\t\t\t<div class=\"elementor-widget-container\">\n\t\t\t\t\t\t\t\t\t\t\t\t<figure class=\"wp-caption\">\n\t\t\t\t\t\t\t\t\t\t<img loading=\"lazy\" decoding=\"async\" width=\"250\" height=\"352\" src=\"https:\/\/richeskarayib.com\/wp-content\/uploads\/2025\/05\/Sir-Arthur-Lewis.jpg\" class=\"attachment-large size-large wp-image-50487\" alt=\"Culture et Patrimoine Carib\u00e9en\" srcset=\"https:\/\/richeskarayib.com\/wp-content\/uploads\/2025\/05\/Sir-Arthur-Lewis.jpg 250w, https:\/\/richeskarayib.com\/wp-content\/uploads\/2025\/05\/Sir-Arthur-Lewis-213x300.jpg 213w\" sizes=\"(max-width: 250px) 100vw, 250px\" \/>\t\t\t\t\t\t\t\t\t\t\t<figcaption class=\"widget-image-caption wp-caption-text\">Sir Arthur Lewis<\/figcaption>\n\t\t\t\t\t\t\t\t\t\t<\/figure>\n\t\t\t\t\t\t\t\t\t<\/div>\n\t\t\t\t<\/div>\n\t\t\t\t\t<\/div>\n\t\t<\/div>\n\t\t\t\t\t<\/div>\n\t\t<\/section>\n\t\t\t\t\t<\/div>\n\t\t<\/div>\n\t\t\t\t\t<\/div>\n\t\t<\/section>\n\t\t\t\t<section class=\"elementor-section elementor-top-section elementor-element elementor-element-68af3bb elementor-section-boxed elementor-section-height-default elementor-section-height-default\" data-id=\"68af3bb\" data-element_type=\"section\">\n\t\t\t\t\t\t<div class=\"elementor-container elementor-column-gap-default\">\n\t\t\t\t\t<div class=\"elementor-column elementor-col-100 elementor-top-column elementor-element elementor-element-5dd556b\" data-id=\"5dd556b\" data-element_type=\"column\">\n\t\t\t<div class=\"elementor-widget-wrap elementor-element-populated\">\n\t\t\t\t\t\t<div class=\"elementor-element elementor-element-b557600 elementor-widget elementor-widget-heading\" data-id=\"b557600\" data-element_type=\"widget\" data-widget_type=\"heading.default\">\n\t\t\t\t<div class=\"elementor-widget-container\">\n\t\t\t\t\t<h2 class=\"elementor-heading-title elementor-size-default\">9,84 millones de caribe\u00f1os viv\u00edan en el extranjero: una poderosa di\u00e1spora<\/h2>\t\t\t\t<\/div>\n\t\t\t\t<\/div>\n\t\t\t\t<div class=\"elementor-element elementor-element-a4b55e0 elementor-widget elementor-widget-text-editor\" data-id=\"a4b55e0\" data-element_type=\"widget\" data-widget_type=\"text-editor.default\">\n\t\t\t\t<div class=\"elementor-widget-container\">\n\t\t\t\t\t\t\t\t\t<p><span style=\"font-weight: 400;\">Seg\u00fan la Organizaci\u00f3n Internacional para las Migraciones (OIM), aproximadamente <\/span><b>9,84 millones de personas del Caribe viv\u00edan en el extranjero en 2020<\/b><span style=\"font-weight: 400;\">casi una cuarta parte de la poblaci\u00f3n total de la regi\u00f3n (<\/span><i><span style=\"font-weight: 400;\">lac.iom.int<\/span><\/i><span style=\"font-weight: 400;\">). Esta cifra da una idea de la magnitud de la di\u00e1spora caribe\u00f1a y de su papel en el mantenimiento y la difusi\u00f3n de las identidades culturales m\u00e1s all\u00e1 de las fronteras de la isla.  <\/span><\/p>\t\t\t\t\t\t\t\t<\/div>\n\t\t\t\t<\/div>\n\t\t\t\t<div class=\"elementor-element elementor-element-43080b8 elementor-widget elementor-widget-text-editor\" data-id=\"43080b8\" data-element_type=\"widget\" data-widget_type=\"text-editor.default\">\n\t\t\t\t<div class=\"elementor-widget-container\">\n\t\t\t\t\t\t\t\t\t<p><span style=\"font-weight: 400;\">Presente en Am\u00e9rica del Norte, Europa y Am\u00e9rica Latina, esta di\u00e1spora act\u00faa como relevo econ\u00f3mico, cultural y pol\u00edtico, manteniendo fuertes v\u00ednculos transnacionales con sus territorios de origen. Tambi\u00e9n contribuye a mantener la cultura de <\/span>  y la herencia caribe\u00f1a<span style=\"font-weight: 400;\">  a escala mundial, a trav\u00e9s de la m\u00fasica, la literatura, las tradiciones culinarias y las redes activistas. Es una extensi\u00f3n viva, evolutiva y transfronteriza de todo ello. <\/span><\/p><p><strong>\u00bfLa pandemia ha frenado o reforzado esta tendencia?<\/strong><\/p>\t\t\t\t\t\t\t\t<\/div>\n\t\t\t\t<\/div>\n\t\t\t\t\t<\/div>\n\t\t<\/div>\n\t\t\t\t\t<\/div>\n\t\t<\/section>\n\t\t\t\t<section class=\"elementor-section elementor-top-section elementor-element elementor-element-1f96475 elementor-section-boxed elementor-section-height-default elementor-section-height-default\" data-id=\"1f96475\" data-element_type=\"section\">\n\t\t\t\t\t\t<div class=\"elementor-container elementor-column-gap-default\">\n\t\t\t\t\t<div class=\"elementor-column elementor-col-100 elementor-top-column elementor-element elementor-element-3b5f97e\" data-id=\"3b5f97e\" data-element_type=\"column\">\n\t\t\t<div class=\"elementor-widget-wrap elementor-element-populated\">\n\t\t\t\t\t\t<div class=\"elementor-element elementor-element-cc29336 elementor-widget elementor-widget-heading\" data-id=\"cc29336\" data-element_type=\"widget\" data-widget_type=\"heading.default\">\n\t\t\t\t<div class=\"elementor-widget-container\">\n\t\t\t\t\t<h2 class=\"elementor-heading-title elementor-size-default\">Un patrimonio vivo, un reto regional y mundial<\/h2>\t\t\t\t<\/div>\n\t\t\t\t<\/div>\n\t\t\t\t<div class=\"elementor-element elementor-element-8b0510a elementor-widget elementor-widget-text-editor\" data-id=\"8b0510a\" data-element_type=\"widget\" data-widget_type=\"text-editor.default\">\n\t\t\t\t<div class=\"elementor-widget-container\">\n\t\t\t\t\t\t\t\t\t<p><a href=\"https:\/\/whc.unesco.org\/\" target=\"_blank\" rel=\"noopener nofollow\"><span style=\"font-weight: 400;\">Cultura<\/span> y patrimonio caribe\u00f1os<\/a><span style=\"font-weight: 400;\">  se encarna en lugares, pr\u00e1cticas, personas e ideas. Est\u00e1 vivo, en movimiento y profundamente conectado con las realidades sociales e hist\u00f3ricas de la regi\u00f3n. Ya sea mediante el reconocimiento de lugares inscritos en la Lista, el patrimonio musical del reggae, la influencia intelectual de los Premios Nobel o la fuerza de su di\u00e1spora, el Caribe est\u00e1 afirmando una fuerte presencia cultural en la escena mundial.    <\/span><\/p>\t\t\t\t\t\t\t\t<\/div>\n\t\t\t\t<\/div>\n\t\t\t\t<div class=\"elementor-element elementor-element-31b3f85 elementor-widget elementor-widget-text-editor\" data-id=\"31b3f85\" data-element_type=\"widget\" data-widget_type=\"text-editor.default\">\n\t\t\t\t<div class=\"elementor-widget-container\">\n\t\t\t\t\t\t\t\t\t<p><span style=\"font-weight: 400;\">Estas figuras clave son un recordatorio de que este patrimonio no s\u00f3lo debe conservarse: tambi\u00e9n debe apoyarse, transmitirse y respetarse en el lugar que le corresponde. Promover la cultura <\/span>  y caribe\u00f1o<span style=\"font-weight: 400;\"> tambi\u00e9n significa apoyar a las personas que le dan vida.<\/span><\/p>\t\t\t\t\t\t\t\t<\/div>\n\t\t\t\t<\/div>\n\t\t\t\t\t<\/div>\n\t\t<\/div>\n\t\t\t\t\t<\/div>\n\t\t<\/section>\n\t\t\t\t<\/div>\n\t\t","protected":false},"excerpt":{"rendered":"<p>Cultura y patrimonio caribe\u00f1os no se limita a los t\u00f3picos demasiado familiares del sol y las playas, o a im\u00e1genes folcl\u00f3ricas congeladas. Se materializa en lugaresincluidos en la lista de la UNESCO, una poderosa di\u00e1spora, expresiones art\u00edsticas de renombre mundial y figuras intelectuales de primer orden. He aqu\u00ed un resumen estad\u00edstico, basado en fuentes oficiales, [&hellip;]<\/p>\n","protected":false},"author":662,"featured_media":50585,"comment_status":"open","ping_status":"open","sticky":false,"template":"","format":"standard","meta":{"_acf_changed":false,"footnotes":""},"categories":[1469,839],"tags":[1442,1593,1547,816,1594,1678,1701],"class_list":["post-50497","post","type-post","status-publish","format-standard","has-post-thumbnail","hentry","category-historia-patrimonio","category-noticias","tag-anguilla-es","tag-barbade-es","tag-guadalupe","tag-martinique-es","tag-sainte-lucie-es","tag-santa-lucia-es-3","tag-trinidad-y-tobago-es"],"acf":[],"_links":{"self":[{"href":"https:\/\/richeskarayib.com\/es\/wp-json\/wp\/v2\/posts\/50497","targetHints":{"allow":["GET"]}}],"collection":[{"href":"https:\/\/richeskarayib.com\/es\/wp-json\/wp\/v2\/posts"}],"about":[{"href":"https:\/\/richeskarayib.com\/es\/wp-json\/wp\/v2\/types\/post"}],"author":[{"embeddable":true,"href":"https:\/\/richeskarayib.com\/es\/wp-json\/wp\/v2\/users\/662"}],"replies":[{"embeddable":true,"href":"https:\/\/richeskarayib.com\/es\/wp-json\/wp\/v2\/comments?post=50497"}],"version-history":[{"count":0,"href":"https:\/\/richeskarayib.com\/es\/wp-json\/wp\/v2\/posts\/50497\/revisions"}],"wp:featuredmedia":[{"embeddable":true,"href":"https:\/\/richeskarayib.com\/es\/wp-json\/wp\/v2\/media\/50585"}],"wp:attachment":[{"href":"https:\/\/richeskarayib.com\/es\/wp-json\/wp\/v2\/media?parent=50497"}],"wp:term":[{"taxonomy":"category","embeddable":true,"href":"https:\/\/richeskarayib.com\/es\/wp-json\/wp\/v2\/categories?post=50497"},{"taxonomy":"post_tag","embeddable":true,"href":"https:\/\/richeskarayib.com\/es\/wp-json\/wp\/v2\/tags?post=50497"}],"curies":[{"name":"wp","href":"https:\/\/api.w.org\/{rel}","templated":true}]}}