{"id":50621,"date":"2025-05-05T10:19:52","date_gmt":"2025-05-05T14:19:52","guid":{"rendered":"https:\/\/richeskarayib.com\/guadalupe-libre-al-fin-desirada-la-memoria-en-escena-un-homenaje-en-vida-a-maryse-conde\/"},"modified":"2025-05-07T07:08:53","modified_gmt":"2025-05-07T11:08:53","slug":"guadalupe-libre-al-fin-desirada-la-memoria-en-escena-un-homenaje-en-vida-a-maryse-conde","status":"publish","type":"post","link":"https:\/\/richeskarayib.com\/es\/guadalupe-libre-al-fin-desirada-la-memoria-en-escena-un-homenaje-en-vida-a-maryse-conde\/","title":{"rendered":"Guadalupe &#8211; &#8220;Libre al fin, D\u00e9sirada&#8221;: la memoria en escena, un homenaje en vida a Maryse Cond\u00e9"},"content":{"rendered":"\t\t<div data-elementor-type=\"wp-post\" data-elementor-id=\"50621\" class=\"elementor elementor-50621 elementor-50595\" data-elementor-post-type=\"post\">\n\t\t\t\t\t\t<section class=\"elementor-section elementor-top-section elementor-element elementor-element-7d4f952 elementor-section-boxed elementor-section-height-default elementor-section-height-default\" data-id=\"7d4f952\" data-element_type=\"section\">\n\t\t\t\t\t\t<div class=\"elementor-container elementor-column-gap-default\">\n\t\t\t\t\t<div class=\"elementor-column elementor-col-100 elementor-top-column elementor-element elementor-element-f3833fa\" data-id=\"f3833fa\" data-element_type=\"column\">\n\t\t\t<div class=\"elementor-widget-wrap elementor-element-populated\">\n\t\t\t\t\t\t<div class=\"elementor-element elementor-element-6cd393f elementor-widget elementor-widget-text-editor\" data-id=\"6cd393f\" data-element_type=\"widget\" data-widget_type=\"text-editor.default\">\n\t\t\t\t<div class=\"elementor-widget-container\">\n\t\t\t\t\t\t\t\t\t<p><a href=\"https:\/\/outremers360.com\/bassin-atlantique-appli\/la-comedienne-guadeloupeenne-nathalie-coualy-en-representation-unique-avec-enfin-libre-desirada-la-piece-theatrale-adaptee-par-maryse-conde-a-champigny-sur-marne-le-10-mai-2025\" target=\"_blank\" rel=\"noopener nofollow\"><b>&#8220;Libre al fin, D\u00e9sirada<\/b><\/a><span style=\"font-weight: 400;\"> es la \u00fanica adaptaci\u00f3n teatral autorizada por Maryse Cond\u00e9 de una de sus novelas, <\/span><i><span style=\"font-weight: 400;\">D\u00e9sirada<\/span><\/i><span style=\"font-weight: 400;\">publicado por Robert Laffont. Apoyada por la asociaci\u00f3n guadalupe\u00f1a <a href=\"https:\/\/www.wahecreation.com\/\" target=\"_blank\" rel=\"noopener nofollow\">Wah\u00e9 Cr\u00e9ation<\/a>, esta obra profundamente conmovedora es un viaje a trav\u00e9s de los silencios y las transmisiones familiares, en la encrucijada de la literatura, el teatro y la m\u00fasica. <\/span><\/p>\t\t\t\t\t\t\t\t<\/div>\n\t\t\t\t<\/div>\n\t\t\t\t\t<\/div>\n\t\t<\/div>\n\t\t\t\t\t<\/div>\n\t\t<\/section>\n\t\t\t\t<section class=\"elementor-section elementor-top-section elementor-element elementor-element-16ba7e0 elementor-section-boxed elementor-section-height-default elementor-section-height-default\" data-id=\"16ba7e0\" data-element_type=\"section\">\n\t\t\t\t\t\t<div class=\"elementor-container elementor-column-gap-default\">\n\t\t\t\t\t<div class=\"elementor-column elementor-col-100 elementor-top-column elementor-element elementor-element-f6fb52b\" data-id=\"f6fb52b\" data-element_type=\"column\">\n\t\t\t<div class=\"elementor-widget-wrap elementor-element-populated\">\n\t\t\t\t\t\t<div class=\"elementor-element elementor-element-0ce05bd elementor-widget elementor-widget-heading\" data-id=\"0ce05bd\" data-element_type=\"widget\" data-widget_type=\"heading.default\">\n\t\t\t\t<div class=\"elementor-widget-container\">\n\t\t\t\t\t<h2 class=\"elementor-heading-title elementor-size-default\">Las mujeres hablan para contar la historia<\/h2>\t\t\t\t<\/div>\n\t\t\t\t<\/div>\n\t\t\t\t<div class=\"elementor-element elementor-element-f5427b4 elementor-widget elementor-widget-text-editor\" data-id=\"f5427b4\" data-element_type=\"widget\" data-widget_type=\"text-editor.default\">\n\t\t\t\t<div class=\"elementor-widget-container\">\n\t\t\t\t\t\t\t\t\t<p><span style=\"font-weight: 400;\"><b>&#8220;Libre al fin, D\u00e9sirada&#8221; <\/b>est\u00e1 dirigida por <\/span><a href=\"https:\/\/www.nathalycoualy.com\/\" target=\"_blank\" rel=\"noopener nofollow\"><b>Nathaly Coualy<\/b><\/a><span style=\"font-weight: 400;\"> y <\/span><a href=\"https:\/\/www.facebook.com\/FernandoDeAzevedoDirector\/?locale=fr_FR\" target=\"_blank\" rel=\"noopener nofollow\"><b>Fernando de Azevedo<\/b><\/a><span style=\"font-weight: 400;\">Marie-No\u00eblle, exiliada en Boston, intenta comprender su pasado interrogando a su madre Reynalda y a su abuela Nina. \u00bfPor qu\u00e9 tanto silencio sobre su nacimiento? \u00bfQu\u00e9 verdad se esconde tras el abandono, la indiferencia y la violencia?    <\/span><i><span style=\"font-weight: 400;\">Libre al fin<\/span><\/i><span style=\"font-weight: 400;\"> es la historia de una b\u00fasqueda de identidad que abarca tres generaciones de mujeres heridas pero ferozmente vivas.<\/span><\/p>\t\t\t\t\t\t\t\t<\/div>\n\t\t\t\t<\/div>\n\t\t\t\t<div class=\"elementor-element elementor-element-016486b elementor-widget elementor-widget-text-editor\" data-id=\"016486b\" data-element_type=\"widget\" data-widget_type=\"text-editor.default\">\n\t\t\t\t<div class=\"elementor-widget-container\">\n\t\t\t\t\t\t\t\t\t<p><span style=\"font-weight: 400;\"><b>&#8220;Por fin libre, D\u00e9sirada&#8221;<\/b> se representar\u00e1 en particular <\/span><b>el 10 de mayo de 2025 en Champigny-sur-Marne<\/b><span style=\"font-weight: 400;\">con motivo del D\u00eda Nacional del Recuerdo de la Esclavitud, con el apoyo de la Fondation pour la M\u00e9moire de l&#8217;Esclavage y la Agence Fran\u00e7aise D\u00e9veloppement. <\/span><b>con el apoyo de la Fondation pour la M\u00e9moire de l&#8217;Esclavage y la Agence Fran\u00e7aise de D\u00e9veloppement.<\/b><span style=\"font-weight: 400;\">.<\/span><\/p>\t\t\t\t\t\t\t\t<\/div>\n\t\t\t\t<\/div>\n\t\t\t\t\t<\/div>\n\t\t<\/div>\n\t\t\t\t\t<\/div>\n\t\t<\/section>\n\t\t\t\t<section class=\"elementor-section elementor-top-section elementor-element elementor-element-7c727fe elementor-section-boxed elementor-section-height-default elementor-section-height-default\" data-id=\"7c727fe\" data-element_type=\"section\">\n\t\t\t\t\t\t<div class=\"elementor-container elementor-column-gap-default\">\n\t\t\t\t\t<div class=\"elementor-column elementor-col-100 elementor-top-column elementor-element elementor-element-2675508\" data-id=\"2675508\" data-element_type=\"column\">\n\t\t\t<div class=\"elementor-widget-wrap elementor-element-populated\">\n\t\t\t\t\t\t<div class=\"elementor-element elementor-element-86f7f71 elementor-widget elementor-widget-heading\" data-id=\"86f7f71\" data-element_type=\"widget\" data-widget_type=\"heading.default\">\n\t\t\t\t<div class=\"elementor-widget-container\">\n\t\t\t\t\t<h2 class=\"elementor-heading-title elementor-size-default\">Una producci\u00f3n de coraz\u00f3n abierto<\/h2>\t\t\t\t<\/div>\n\t\t\t\t<\/div>\n\t\t\t\t<div class=\"elementor-element elementor-element-1931a91 elementor-widget elementor-widget-text-editor\" data-id=\"1931a91\" data-element_type=\"widget\" data-widget_type=\"text-editor.default\">\n\t\t\t\t<div class=\"elementor-widget-container\">\n\t\t\t\t\t\t\t\t\t<p><span style=\"font-weight: 400;\">Con una escenograf\u00eda deliberadamente minimalista -una silla, un sill\u00f3n, el Chapman Stick de <\/span><b>David Blam\u00e8ble<\/b><span style=\"font-weight: 400;\">La obra se centra en la intensidad de la representaci\u00f3n, la cercan\u00eda del p\u00fablico y la fuerza del texto. M\u00fasica, slam, silencios, confidencias y ritmos se suceden en un ambiente \u00edntimo y sin pretensiones. <\/span><\/p>\t\t\t\t\t\t\t\t<\/div>\n\t\t\t\t<\/div>\n\t\t\t\t<div class=\"elementor-element elementor-element-f91d134 elementor-widget elementor-widget-text-editor\" data-id=\"f91d134\" data-element_type=\"widget\" data-widget_type=\"text-editor.default\">\n\t\t\t\t<div class=\"elementor-widget-container\">\n\t\t\t\t\t\t\t\t\t<p><span style=\"font-weight: 400;\"><b>&#8220;Libre al fin, D\u00e9sirada&#8221;<\/b> combina teatro y m\u00fasica para encarnar <\/span><b>para encarnar las voces de las mujeres<\/b><span style=\"font-weight: 400;\"> en toda su complejidad, entre heridas y esperanzas. <\/span><i><span style=\"font-weight: 400;\">Libre al fin<\/span><\/i><span style=\"font-weight: 400;\"> no es s\u00f3lo una adaptaci\u00f3n, es una reinvenci\u00f3n esc\u00e9nica inspirada en la fuerte relaci\u00f3n entre Nathaly Coualy y el mundo de Maryse Cond\u00e9.<\/span><\/p>\t\t\t\t\t\t\t\t<\/div>\n\t\t\t\t<\/div>\n\t\t\t\t\t<\/div>\n\t\t<\/div>\n\t\t\t\t\t<\/div>\n\t\t<\/section>\n\t\t\t\t<section class=\"elementor-section elementor-top-section elementor-element elementor-element-1a0b771 elementor-section-boxed elementor-section-height-default elementor-section-height-default\" data-id=\"1a0b771\" data-element_type=\"section\">\n\t\t\t\t\t\t<div class=\"elementor-container elementor-column-gap-default\">\n\t\t\t\t\t<div class=\"elementor-column elementor-col-100 elementor-top-column elementor-element elementor-element-345f4b7\" data-id=\"345f4b7\" data-element_type=\"column\">\n\t\t\t<div class=\"elementor-widget-wrap elementor-element-populated\">\n\t\t\t\t\t\t<div class=\"elementor-element elementor-element-d6a712a elementor-widget elementor-widget-heading\" data-id=\"d6a712a\" data-element_type=\"widget\" data-widget_type=\"heading.default\">\n\t\t\t\t<div class=\"elementor-widget-container\">\n\t\t\t\t\t<h2 class=\"elementor-heading-title elementor-size-default\">Maryse Cond\u00e9 (1934-2024): la huella de una mujer guadalupe\u00f1a independiente<\/h2>\t\t\t\t<\/div>\n\t\t\t\t<\/div>\n\t\t\t\t<div class=\"elementor-element elementor-element-f9582c3 elementor-widget elementor-widget-text-editor\" data-id=\"f9582c3\" data-element_type=\"widget\" data-widget_type=\"text-editor.default\">\n\t\t\t\t<div class=\"elementor-widget-container\">\n\t\t\t\t\t\t\t\t\t<p><span style=\"font-weight: 400;\"><a href=\"https:\/\/memoire-esclavage.org\/biographies\/maryse-conde\" target=\"_blank\" rel=\"noopener nofollow\">Maryse Cond\u00e9<\/a>, de soltera <\/span>Maryse Liliane Appoline Boucolon<span style=\"font-weight: 400;\">  nacida en Pointe-\u00e0-Pitre en 1934, es una de las principales figuras de la literatura caribe\u00f1a y mundial. Periodista, profesora y novelista, ha ense\u00f1ado en la Universidad de Columbia y es cofundadora del Centro de Estudios Franc\u00f3fonos. Sus obras (  <\/span><i><span style=\"font-weight: 400;\">S\u00e9gou<\/span><\/i><span style=\"font-weight: 400;\">, <\/span><i><span style=\"font-weight: 400;\">Yo, Tituba bruja&#8230;<\/span><\/i><span style=\"font-weight: 400;\">, <\/span><i><span style=\"font-weight: 400;\">La Vie sc\u00e9l\u00e9rate<\/span><\/i><span style=\"font-weight: 400;\">etc.) exploran la historia colonial, la condici\u00f3n negra y las memorias diasp\u00f3ricas.<\/span><\/p>\t\t\t\t\t\t\t\t<\/div>\n\t\t\t\t<\/div>\n\t\t\t\t<div class=\"elementor-element elementor-element-1fc737a elementor-widget elementor-widget-text-editor\" data-id=\"1fc737a\" data-element_type=\"widget\" data-widget_type=\"text-editor.default\">\n\t\t\t\t<div class=\"elementor-widget-container\">\n\t\t\t\t\t\t\t\t\t<p><span style=\"font-weight: 400;\">Ganador de numerosos premios, entre ellos el <\/span><b>Premio Nobel Alternativo de Literatura<\/b><span style=\"font-weight: 400;\"> en 2018, ha dejado su huella en la memoria de la esclavitud, especialmente como primera presidenta del <\/span><b>Comit\u00e9 para el Recuerdo de la Esclavitud<\/b><span style=\"font-weight: 400;\">. Muri\u00f3 el  <\/span><b>2 de abril de 2024 en Gordes<\/b><span style=\"font-weight: 400;\">. A  <\/span><b>homenaje nacional<\/b><span style=\"font-weight: 400;\"> se le rindi\u00f3 el 15 de abril de 2024 en la BnF.<\/span><\/p>\t\t\t\t\t\t\t\t<\/div>\n\t\t\t\t<\/div>\n\t\t\t\t<div class=\"elementor-element elementor-element-fa7617c elementor-widget elementor-widget-text-editor\" data-id=\"fa7617c\" data-element_type=\"widget\" data-widget_type=\"text-editor.default\">\n\t\t\t\t<div class=\"elementor-widget-container\">\n\t\t\t\t\t\t\t\t\t<p><span style=\"font-weight: 400;\">&#8220;Morir\u00e9 como guadalupe\u00f1o. Un independentista guadalupe\u00f1o&#8221;. &#8211; <\/span><i><span style=\"font-weight: 400;\">Maryse Cond\u00e9<\/span><\/i><\/p>\t\t\t\t\t\t\t\t<\/div>\n\t\t\t\t<\/div>\n\t\t\t\t<section class=\"elementor-section elementor-inner-section elementor-element elementor-element-ec96131 elementor-section-boxed elementor-section-height-default elementor-section-height-default\" data-id=\"ec96131\" data-element_type=\"section\">\n\t\t\t\t\t\t<div class=\"elementor-container elementor-column-gap-default\">\n\t\t\t\t\t<div class=\"elementor-column elementor-col-100 elementor-inner-column elementor-element elementor-element-b583a1b\" data-id=\"b583a1b\" data-element_type=\"column\">\n\t\t\t<div class=\"elementor-widget-wrap elementor-element-populated\">\n\t\t\t\t\t\t<div class=\"elementor-element elementor-element-511a6ee elementor-widget elementor-widget-image\" data-id=\"511a6ee\" data-element_type=\"widget\" data-widget_type=\"image.default\">\n\t\t\t\t<div class=\"elementor-widget-container\">\n\t\t\t\t\t\t\t\t\t\t\t\t<figure class=\"wp-caption\">\n\t\t\t\t\t\t\t\t\t\t<img fetchpriority=\"high\" decoding=\"async\" width=\"640\" height=\"427\" src=\"https:\/\/richeskarayib.com\/wp-content\/uploads\/2025\/05\/Maryse-Conde-1.jpg\" class=\"attachment-large size-large wp-image-50603\" alt=\"Enfin libre\" srcset=\"https:\/\/richeskarayib.com\/wp-content\/uploads\/2025\/05\/Maryse-Conde-1.jpg 640w, https:\/\/richeskarayib.com\/wp-content\/uploads\/2025\/05\/Maryse-Conde-1-300x200.jpg 300w\" sizes=\"(max-width: 640px) 100vw, 640px\" \/>\t\t\t\t\t\t\t\t\t\t\t<figcaption class=\"widget-image-caption wp-caption-text\">Maryse Cond\u00e9<\/figcaption>\n\t\t\t\t\t\t\t\t\t\t<\/figure>\n\t\t\t\t\t\t\t\t\t<\/div>\n\t\t\t\t<\/div>\n\t\t\t\t\t<\/div>\n\t\t<\/div>\n\t\t\t\t\t<\/div>\n\t\t<\/section>\n\t\t\t\t\t<\/div>\n\t\t<\/div>\n\t\t\t\t\t<\/div>\n\t\t<\/section>\n\t\t\t\t<section class=\"elementor-section elementor-top-section elementor-element elementor-element-8d316ed elementor-section-boxed elementor-section-height-default elementor-section-height-default\" data-id=\"8d316ed\" data-element_type=\"section\">\n\t\t\t\t\t\t<div class=\"elementor-container elementor-column-gap-default\">\n\t\t\t\t\t<div class=\"elementor-column elementor-col-100 elementor-top-column elementor-element elementor-element-24699a4\" data-id=\"24699a4\" data-element_type=\"column\">\n\t\t\t<div class=\"elementor-widget-wrap elementor-element-populated\">\n\t\t\t\t\t\t<div class=\"elementor-element elementor-element-efda88a elementor-widget elementor-widget-heading\" data-id=\"efda88a\" data-element_type=\"widget\" data-widget_type=\"heading.default\">\n\t\t\t\t<div class=\"elementor-widget-container\">\n\t\t\t\t\t<h2 class=\"elementor-heading-title elementor-size-default\">Wah\u00e9 Cr\u00e9ation: una voz art\u00edstica para ultramar<\/h2>\t\t\t\t<\/div>\n\t\t\t\t<\/div>\n\t\t\t\t<div class=\"elementor-element elementor-element-eed17cf elementor-widget elementor-widget-text-editor\" data-id=\"eed17cf\" data-element_type=\"widget\" data-widget_type=\"text-editor.default\">\n\t\t\t\t<div class=\"elementor-widget-container\">\n\t\t\t\t\t\t\t\t\t<p><span style=\"font-weight: 400;\">Con sede en <\/span><b>Saint-Fran\u00e7ois en <a href=\"https:\/\/richeskarayib.com\/es\/guadalupe-festival-cinematografico-nouveaux-regards-2025-una-8a-edicion-inmersiva-y-comprometida\/\" target=\"_blank\" rel=\"noopener\">Guadalupe<\/a><\/b><span style=\"font-weight: 400;\">la asociaci\u00f3n <\/span><b>Wah\u00e9 Cr\u00e9ation<\/b><span style=\"font-weight: 400;\">fundada y dirigida por <\/span><b>Nathaly Coualy<\/b><span style=\"font-weight: 400;\">trabaja para <\/span><b>democratizar el acceso a la cultura<\/b><span style=\"font-weight: 400;\">El objetivo es promover la diversidad art\u00edstica y transmitir el patrimonio cultural de los territorios franceses de ultramar. &#8220;Wah\u00e9&#8221; significa   <\/span><i><span style=\"font-weight: 400;\">\u00e9xtasis<\/span><\/i><span style=\"font-weight: 400;\"> en s\u00e1nscrito, el s\u00edmbolo de la vida elevada por la creaci\u00f3n.<\/span><\/p>\t\t\t\t\t\t\t\t<\/div>\n\t\t\t\t<\/div>\n\t\t\t\t<div class=\"elementor-element elementor-element-382c62d elementor-widget elementor-widget-text-editor\" data-id=\"382c62d\" data-element_type=\"widget\" data-widget_type=\"text-editor.default\">\n\t\t\t\t<div class=\"elementor-widget-container\">\n\t\t\t\t\t\t\t\t\t<p><span style=\"font-weight: 400;\">La asociaci\u00f3n apoya proyectos que combinan teatro, m\u00fasica, bienestar y autoexpresi\u00f3n. Organiza   <\/span><b>talleres, clases magistrales y cursos de formaci\u00f3n<\/b><span style=\"font-weight: 400;\"> dirigidos por profesionales de las artes esc\u00e9nicas y disciplinas de transformaci\u00f3n personal (yoga, meditaci\u00f3n, musicoterapia&#8230;).<\/span><\/p>\t\t\t\t\t\t\t\t<\/div>\n\t\t\t\t<\/div>\n\t\t\t\t<div class=\"elementor-element elementor-element-4d797ae elementor-widget elementor-widget-text-editor\" data-id=\"4d797ae\" data-element_type=\"widget\" data-widget_type=\"text-editor.default\">\n\t\t\t\t<div class=\"elementor-widget-container\">\n\t\t\t\t\t\t\t\t\t<p><span style=\"font-weight: 400;\">Con <\/span><i><span style=\"font-weight: 400;\">Por fin libre, D\u00e9sirada<\/span><\/i><span style=\"font-weight: 400;\">Wah\u00e9 Cr\u00e9ation cumple su misi\u00f3n <\/span><b>dar voz a las voces de los m\u00e1rgenes, de lo \u00edntimo y de lo colectivo<\/b><span style=\"font-weight: 400;\">en un lenguaje art\u00edstico arraigado en las realidades de las Antillas y abierto al mundo.<\/span><\/p>\t\t\t\t\t\t\t\t<\/div>\n\t\t\t\t<\/div>\n\t\t\t\t<section class=\"elementor-section elementor-inner-section elementor-element elementor-element-c489c25 elementor-section-boxed elementor-section-height-default elementor-section-height-default\" data-id=\"c489c25\" data-element_type=\"section\">\n\t\t\t\t\t\t<div class=\"elementor-container elementor-column-gap-default\">\n\t\t\t\t\t<div class=\"elementor-column elementor-col-100 elementor-inner-column elementor-element elementor-element-798c938\" data-id=\"798c938\" data-element_type=\"column\">\n\t\t\t<div class=\"elementor-widget-wrap elementor-element-populated\">\n\t\t\t\t\t\t<div class=\"elementor-element elementor-element-dcee1d9 elementor-widget elementor-widget-image\" data-id=\"dcee1d9\" data-element_type=\"widget\" data-widget_type=\"image.default\">\n\t\t\t\t<div class=\"elementor-widget-container\">\n\t\t\t\t\t\t\t\t\t\t\t\t<figure class=\"wp-caption\">\n\t\t\t\t\t\t\t\t\t\t<img decoding=\"async\" width=\"800\" height=\"800\" src=\"https:\/\/richeskarayib.com\/wp-content\/uploads\/2025\/05\/Nathaly-Coualy-et-Maryse-Counde-1024x1024.jpg\" class=\"attachment-large size-large wp-image-50607\" alt=\"Enfin libre\" srcset=\"https:\/\/richeskarayib.com\/wp-content\/uploads\/2025\/05\/Nathaly-Coualy-et-Maryse-Counde-1024x1024.jpg 1024w, https:\/\/richeskarayib.com\/wp-content\/uploads\/2025\/05\/Nathaly-Coualy-et-Maryse-Counde-300x300.jpg 300w, https:\/\/richeskarayib.com\/wp-content\/uploads\/2025\/05\/Nathaly-Coualy-et-Maryse-Counde-150x150.jpg 150w, https:\/\/richeskarayib.com\/wp-content\/uploads\/2025\/05\/Nathaly-Coualy-et-Maryse-Counde-768x768.jpg 768w, https:\/\/richeskarayib.com\/wp-content\/uploads\/2025\/05\/Nathaly-Coualy-et-Maryse-Counde-1320x1319.jpg 1320w, https:\/\/richeskarayib.com\/wp-content\/uploads\/2025\/05\/Nathaly-Coualy-et-Maryse-Counde.jpg 1537w\" sizes=\"(max-width: 800px) 100vw, 800px\" \/>\t\t\t\t\t\t\t\t\t\t\t<figcaption class=\"widget-image-caption wp-caption-text\">Nathaly Coualy et Maryse Cound\u00e9<\/figcaption>\n\t\t\t\t\t\t\t\t\t\t<\/figure>\n\t\t\t\t\t\t\t\t\t<\/div>\n\t\t\t\t<\/div>\n\t\t\t\t\t<\/div>\n\t\t<\/div>\n\t\t\t\t\t<\/div>\n\t\t<\/section>\n\t\t\t\t\t<\/div>\n\t\t<\/div>\n\t\t\t\t\t<\/div>\n\t\t<\/section>\n\t\t\t\t<section class=\"elementor-section elementor-top-section elementor-element elementor-element-6904e1e elementor-section-boxed elementor-section-height-default elementor-section-height-default\" data-id=\"6904e1e\" data-element_type=\"section\">\n\t\t\t\t\t\t<div class=\"elementor-container elementor-column-gap-default\">\n\t\t\t\t\t<div class=\"elementor-column elementor-col-100 elementor-top-column elementor-element elementor-element-7bf759f\" data-id=\"7bf759f\" data-element_type=\"column\">\n\t\t\t<div class=\"elementor-widget-wrap elementor-element-populated\">\n\t\t\t\t\t\t<div class=\"elementor-element elementor-element-5f8f11f elementor-widget elementor-widget-heading\" data-id=\"5f8f11f\" data-element_type=\"widget\" data-widget_type=\"heading.default\">\n\t\t\t\t<div class=\"elementor-widget-container\">\n\t\t\t\t\t<h2 class=\"elementor-heading-title elementor-size-default\">Un equipo art\u00edstico multidisciplinar<\/h2>\t\t\t\t<\/div>\n\t\t\t\t<\/div>\n\t\t\t\t<div class=\"elementor-element elementor-element-e44f6f1 elementor-widget elementor-widget-text-editor\" data-id=\"e44f6f1\" data-element_type=\"widget\" data-widget_type=\"text-editor.default\">\n\t\t\t\t<div class=\"elementor-widget-container\">\n\t\t\t\t\t\t\t\t\t<h3><b>Nathaly Coualy<\/b><\/h3><p><span style=\"font-weight: 400;\">Actriz, autora, directora y fundadora de Wah\u00e9 Cr\u00e9ation, inici\u00f3 la adaptaci\u00f3n teatral de <\/span><i><span style=\"font-weight: 400;\">D\u00e9sirada<\/span><\/i><span style=\"font-weight: 400;\">  tras una primera versi\u00f3n representada en el Festival Off d&#8217;Avignon 2022. Aqu\u00ed interpreta a las tres generaciones de mujeres con fuerza, humor e intensidad. Formada tanto en teatro cl\u00e1sico como en el Actors Studio, mezcla arte dram\u00e1tico y conciencia corporal.  <\/span><\/p>\t\t\t\t\t\t\t\t<\/div>\n\t\t\t\t<\/div>\n\t\t\t\t<section class=\"elementor-section elementor-inner-section elementor-element elementor-element-25496a0 elementor-section-boxed elementor-section-height-default elementor-section-height-default\" data-id=\"25496a0\" data-element_type=\"section\">\n\t\t\t\t\t\t<div class=\"elementor-container elementor-column-gap-default\">\n\t\t\t\t\t<div class=\"elementor-column elementor-col-100 elementor-inner-column elementor-element elementor-element-353bcfe\" data-id=\"353bcfe\" data-element_type=\"column\">\n\t\t\t<div class=\"elementor-widget-wrap elementor-element-populated\">\n\t\t\t\t\t\t<div class=\"elementor-element elementor-element-30fef7c elementor-widget elementor-widget-image\" data-id=\"30fef7c\" data-element_type=\"widget\" data-widget_type=\"image.default\">\n\t\t\t\t<div class=\"elementor-widget-container\">\n\t\t\t\t\t\t\t\t\t\t\t\t<figure class=\"wp-caption\">\n\t\t\t\t\t\t\t\t\t\t<img decoding=\"async\" width=\"800\" height=\"798\" src=\"https:\/\/richeskarayib.com\/wp-content\/uploads\/2025\/05\/Nathaly-Coualy-2.jpg\" class=\"attachment-large size-large wp-image-50611\" alt=\"Enfin libre\" srcset=\"https:\/\/richeskarayib.com\/wp-content\/uploads\/2025\/05\/Nathaly-Coualy-2.jpg 960w, https:\/\/richeskarayib.com\/wp-content\/uploads\/2025\/05\/Nathaly-Coualy-2-300x300.jpg 300w, https:\/\/richeskarayib.com\/wp-content\/uploads\/2025\/05\/Nathaly-Coualy-2-150x150.jpg 150w, https:\/\/richeskarayib.com\/wp-content\/uploads\/2025\/05\/Nathaly-Coualy-2-768x766.jpg 768w\" sizes=\"(max-width: 800px) 100vw, 800px\" \/>\t\t\t\t\t\t\t\t\t\t\t<figcaption class=\"widget-image-caption wp-caption-text\">Nathaly Coualy<\/figcaption>\n\t\t\t\t\t\t\t\t\t\t<\/figure>\n\t\t\t\t\t\t\t\t\t<\/div>\n\t\t\t\t<\/div>\n\t\t\t\t\t<\/div>\n\t\t<\/div>\n\t\t\t\t\t<\/div>\n\t\t<\/section>\n\t\t\t\t<div class=\"elementor-element elementor-element-eb89b44 elementor-widget elementor-widget-text-editor\" data-id=\"eb89b44\" data-element_type=\"widget\" data-widget_type=\"text-editor.default\">\n\t\t\t\t<div class=\"elementor-widget-container\">\n\t\t\t\t\t\t\t\t\t<h3><b>David Blam\u00e8ble<\/b><\/h3><p><span style=\"font-weight: 400;\">M\u00fasico autodidacta de Martinica, toca el <\/span><b>Chapman Stick<\/b><span style=\"font-weight: 400;\">Blam\u00e8ble es un instrumento poco com\u00fan que fusiona bajo, guitarra y percusi\u00f3n. Blam\u00e8ble ha acompa\u00f1ado a grandes nombres como Jacob Desvarieux y D\u00e9d\u00e9 Saint-Prix, y est\u00e1 desarrollando un original enfoque caribe\u00f1o de su instrumento. Su trabajo musical confiere a la pieza una firma sonora \u00fanica.  <\/span><\/p>\t\t\t\t\t\t\t\t<\/div>\n\t\t\t\t<\/div>\n\t\t\t\t<div class=\"elementor-element elementor-element-18adc33 elementor-widget elementor-widget-image\" data-id=\"18adc33\" data-element_type=\"widget\" data-widget_type=\"image.default\">\n\t\t\t\t<div class=\"elementor-widget-container\">\n\t\t\t\t\t\t\t\t\t\t\t\t<figure class=\"wp-caption\">\n\t\t\t\t\t\t\t\t\t\t<img loading=\"lazy\" decoding=\"async\" width=\"800\" height=\"929\" src=\"https:\/\/richeskarayib.com\/wp-content\/uploads\/2025\/05\/David-Blameble-882x1024.jpg\" class=\"attachment-large size-large wp-image-50615\" alt=\"Enfin libre\" srcset=\"https:\/\/richeskarayib.com\/wp-content\/uploads\/2025\/05\/David-Blameble-882x1024.jpg 882w, https:\/\/richeskarayib.com\/wp-content\/uploads\/2025\/05\/David-Blameble-258x300.jpg 258w, https:\/\/richeskarayib.com\/wp-content\/uploads\/2025\/05\/David-Blameble-768x892.jpg 768w, https:\/\/richeskarayib.com\/wp-content\/uploads\/2025\/05\/David-Blameble-1322x1536.jpg 1322w, https:\/\/richeskarayib.com\/wp-content\/uploads\/2025\/05\/David-Blameble-1320x1533.jpg 1320w, https:\/\/richeskarayib.com\/wp-content\/uploads\/2025\/05\/David-Blameble.jpg 1653w\" sizes=\"(max-width: 800px) 100vw, 800px\" \/>\t\t\t\t\t\t\t\t\t\t\t<figcaption class=\"widget-image-caption wp-caption-text\">David Blam\u00e8ble<\/figcaption>\n\t\t\t\t\t\t\t\t\t\t<\/figure>\n\t\t\t\t\t\t\t\t\t<\/div>\n\t\t\t\t<\/div>\n\t\t\t\t\t<\/div>\n\t\t<\/div>\n\t\t\t\t\t<\/div>\n\t\t<\/section>\n\t\t\t\t<section class=\"elementor-section elementor-top-section elementor-element elementor-element-ce5f380 elementor-section-boxed elementor-section-height-default elementor-section-height-default\" data-id=\"ce5f380\" data-element_type=\"section\">\n\t\t\t\t\t\t<div class=\"elementor-container elementor-column-gap-default\">\n\t\t\t\t\t<div class=\"elementor-column elementor-col-100 elementor-top-column elementor-element elementor-element-32ada0d\" data-id=\"32ada0d\" data-element_type=\"column\">\n\t\t\t<div class=\"elementor-widget-wrap elementor-element-populated\">\n\t\t\t\t\t\t<div class=\"elementor-element elementor-element-6683586 elementor-widget elementor-widget-heading\" data-id=\"6683586\" data-element_type=\"widget\" data-widget_type=\"heading.default\">\n\t\t\t\t<div class=\"elementor-widget-container\">\n\t\t\t\t\t<h2 class=\"elementor-heading-title elementor-size-default\">Gira 2025-2026<\/h2>\t\t\t\t<\/div>\n\t\t\t\t<\/div>\n\t\t\t\t<div class=\"elementor-element elementor-element-9bb2b4a elementor-widget elementor-widget-text-editor\" data-id=\"9bb2b4a\" data-element_type=\"widget\" data-widget_type=\"text-editor.default\">\n\t\t\t\t<div class=\"elementor-widget-container\">\n\t\t\t\t\t\t\t\t\t<ul>\n<li style=\"font-weight: 400;\" aria-level=\"1\"><b>10 de mayo de 2025<\/b><span style=\"font-weight: 400;\"> &#8211; Champigny-sur-Marne, sala G\u00e9rard-Philipe<\/span><span style=\"font-weight: 400;\"><br><\/span><\/li>\n<li style=\"font-weight: 400;\" aria-level=\"1\"><b>6 de noviembre de 2025<\/b><span style=\"font-weight: 400;\"> &#8211; Maubeuge, Le Man\u00e8ge<\/span><\/li>\n<li style=\"font-weight: 400;\" aria-level=\"1\"><span style=\"font-weight: 400;\"><b>6 de diciembre de 2025<\/b> &#8211; Chaville, L&#8217;Atrium<br><\/span><\/li>\n<\/ul>\t\t\t\t\t\t\t\t<\/div>\n\t\t\t\t<\/div>\n\t\t\t\t<div class=\"elementor-element elementor-element-35ba6da elementor-widget elementor-widget-text-editor\" data-id=\"35ba6da\" data-element_type=\"widget\" data-widget_type=\"text-editor.default\">\n\t\t\t\t<div class=\"elementor-widget-container\">\n\t\t\t\t\t\t\t\t\t<h3><strong>Informaci\u00f3n y reservas<\/strong><\/h3>\n<ul>\n<li><strong>Tel\u00e9fono<\/strong>: 01 45 16 40 00.<\/li>\n<li><strong>Precios:<\/strong> de 6 a 14<\/li>\n<li><strong>Enlace de reserva :<\/strong> <a href=\"https:\/\/champigny94.notre-billetterie.fr\/billets?kld=2425&amp;fbclid=IwY2xjawJPzpJleHRuA2FlbQIxMAABHQRX0YMuriMWLr5GI5A2MIkfiu4QvzjrRPSKlUoysXaoVRnVeo4EyasWxw_aem_XxO_qlyti62rh3jNJMze9Q\" target=\"_blank\" rel=\"noopener nofollow\">Venta de entradas en l\u00ednea<\/a><\/li>\n<\/ul>\t\t\t\t\t\t\t\t<\/div>\n\t\t\t\t<\/div>\n\t\t\t\t<section class=\"elementor-section elementor-inner-section elementor-element elementor-element-f4d8a3f elementor-section-boxed elementor-section-height-default elementor-section-height-default\" data-id=\"f4d8a3f\" data-element_type=\"section\">\n\t\t\t\t\t\t<div class=\"elementor-container elementor-column-gap-default\">\n\t\t\t\t\t<div class=\"elementor-column elementor-col-100 elementor-inner-column elementor-element elementor-element-dd480ab\" data-id=\"dd480ab\" data-element_type=\"column\">\n\t\t\t<div class=\"elementor-widget-wrap elementor-element-populated\">\n\t\t\t\t\t\t<div class=\"elementor-element elementor-element-bf633db elementor-widget elementor-widget-image\" data-id=\"bf633db\" data-element_type=\"widget\" data-widget_type=\"image.default\">\n\t\t\t\t<div class=\"elementor-widget-container\">\n\t\t\t\t\t\t\t\t\t\t\t\t\t\t\t<img loading=\"lazy\" decoding=\"async\" width=\"452\" height=\"640\" src=\"https:\/\/richeskarayib.com\/wp-content\/uploads\/2025\/05\/Enfin-libre-Desirada-Champigny-sur-Marne-visuel.jpeg\" class=\"attachment-large size-large wp-image-50619\" alt=\"Enfin libre\" srcset=\"https:\/\/richeskarayib.com\/wp-content\/uploads\/2025\/05\/Enfin-libre-Desirada-Champigny-sur-Marne-visuel.jpeg 452w, https:\/\/richeskarayib.com\/wp-content\/uploads\/2025\/05\/Enfin-libre-Desirada-Champigny-sur-Marne-visuel-212x300.jpeg 212w\" sizes=\"(max-width: 452px) 100vw, 452px\" \/>\t\t\t\t\t\t\t\t\t\t\t\t\t\t\t<\/div>\n\t\t\t\t<\/div>\n\t\t\t\t\t<\/div>\n\t\t<\/div>\n\t\t\t\t\t<\/div>\n\t\t<\/section>\n\t\t\t\t\t<\/div>\n\t\t<\/div>\n\t\t\t\t\t<\/div>\n\t\t<\/section>\n\t\t\t\t<section class=\"elementor-section elementor-top-section elementor-element elementor-element-0e85e56 elementor-section-boxed elementor-section-height-default elementor-section-height-default\" data-id=\"0e85e56\" data-element_type=\"section\">\n\t\t\t\t\t\t<div class=\"elementor-container elementor-column-gap-default\">\n\t\t\t\t\t<div class=\"elementor-column elementor-col-100 elementor-top-column elementor-element elementor-element-ba6878d\" data-id=\"ba6878d\" data-element_type=\"column\">\n\t\t\t<div class=\"elementor-widget-wrap elementor-element-populated\">\n\t\t\t\t\t\t<div class=\"elementor-element elementor-element-5e57fab elementor-widget elementor-widget-heading\" data-id=\"5e57fab\" data-element_type=\"widget\" data-widget_type=\"heading.default\">\n\t\t\t\t<div class=\"elementor-widget-container\">\n\t\t\t\t\t<h2 class=\"elementor-heading-title elementor-size-default\">Una obra poderosa para transmitir<\/h2>\t\t\t\t<\/div>\n\t\t\t\t<\/div>\n\t\t\t\t<div class=\"elementor-element elementor-element-1469ed6 elementor-widget elementor-widget-text-editor\" data-id=\"1469ed6\" data-element_type=\"widget\" data-widget_type=\"text-editor.default\">\n\t\t\t\t<div class=\"elementor-widget-container\">\n\t\t\t\t\t\t\t\t\t<p><i><span style=\"font-weight: 400;\">Libre por fin, D\u00e9sirada<\/span><\/i><span style=\"font-weight: 400;\"> es m\u00e1s que un homenaje: es <\/span><b>una obra necesaria<\/b><span style=\"font-weight: 400;\">  que extiende la voz de Maryse Cond\u00e9 al escenario. Cuestiona los silencios familiares, las heridas coloniales y la construcci\u00f3n del yo. Habla a las mujeres, a los hombres, a los j\u00f3venes, a los ancianos, a todos los que llevan dentro una libertad a\u00fan por conquistar.  <\/span><\/p>\t\t\t\t\t\t\t\t<\/div>\n\t\t\t\t<\/div>\n\t\t\t\t\t<\/div>\n\t\t<\/div>\n\t\t\t\t\t<\/div>\n\t\t<\/section>\n\t\t\t\t<\/div>\n\t\t","protected":false},"excerpt":{"rendered":"<p>&#8220;Libre al fin, D\u00e9sirada es la \u00fanica adaptaci\u00f3n teatral autorizada por Maryse Cond\u00e9 de una de sus novelas, D\u00e9siradapublicado por Robert Laffont. Apoyada por la asociaci\u00f3n guadalupe\u00f1a Wah\u00e9 Cr\u00e9ation, esta obra profundamente conmovedora es un viaje a trav\u00e9s de los silencios y las transmisiones familiares, en la encrucijada de la literatura, el teatro y la [&hellip;]<\/p>\n","protected":false},"author":662,"featured_media":50631,"comment_status":"open","ping_status":"open","sticky":false,"template":"","format":"standard","meta":{"_acf_changed":false,"footnotes":""},"categories":[1499,1469,839],"tags":[1547],"class_list":["post-50621","post","type-post","status-publish","format-standard","has-post-thumbnail","hentry","category-gestion-de-eventos","category-historia-patrimonio","category-noticias","tag-guadalupe"],"acf":[],"_links":{"self":[{"href":"https:\/\/richeskarayib.com\/es\/wp-json\/wp\/v2\/posts\/50621","targetHints":{"allow":["GET"]}}],"collection":[{"href":"https:\/\/richeskarayib.com\/es\/wp-json\/wp\/v2\/posts"}],"about":[{"href":"https:\/\/richeskarayib.com\/es\/wp-json\/wp\/v2\/types\/post"}],"author":[{"embeddable":true,"href":"https:\/\/richeskarayib.com\/es\/wp-json\/wp\/v2\/users\/662"}],"replies":[{"embeddable":true,"href":"https:\/\/richeskarayib.com\/es\/wp-json\/wp\/v2\/comments?post=50621"}],"version-history":[{"count":0,"href":"https:\/\/richeskarayib.com\/es\/wp-json\/wp\/v2\/posts\/50621\/revisions"}],"wp:featuredmedia":[{"embeddable":true,"href":"https:\/\/richeskarayib.com\/es\/wp-json\/wp\/v2\/media\/50631"}],"wp:attachment":[{"href":"https:\/\/richeskarayib.com\/es\/wp-json\/wp\/v2\/media?parent=50621"}],"wp:term":[{"taxonomy":"category","embeddable":true,"href":"https:\/\/richeskarayib.com\/es\/wp-json\/wp\/v2\/categories?post=50621"},{"taxonomy":"post_tag","embeddable":true,"href":"https:\/\/richeskarayib.com\/es\/wp-json\/wp\/v2\/tags?post=50621"}],"curies":[{"name":"wp","href":"https:\/\/api.w.org\/{rel}","templated":true}]}}