{"id":50681,"date":"2025-05-06T07:38:29","date_gmt":"2025-05-06T11:38:29","guid":{"rendered":"https:\/\/richeskarayib.com\/santa-lucia-philip-j-pierre-dirige-las-conversaciones-diplomaticas-decisivas-entre-la-oeco-y-estados-unidos\/"},"modified":"2025-05-06T07:38:30","modified_gmt":"2025-05-06T11:38:30","slug":"santa-lucia-philip-j-pierre-dirige-las-conversaciones-diplomaticas-decisivas-entre-la-oeco-y-estados-unidos","status":"publish","type":"post","link":"https:\/\/richeskarayib.com\/es\/santa-lucia-philip-j-pierre-dirige-las-conversaciones-diplomaticas-decisivas-entre-la-oeco-y-estados-unidos\/","title":{"rendered":"Santa Luc\u00eda &#8211; Philip J Pierre dirige las conversaciones diplom\u00e1ticas decisivas entre la OECO y Estados Unidos"},"content":{"rendered":"\t\t<div data-elementor-type=\"wp-post\" data-elementor-id=\"50681\" class=\"elementor elementor-50681 elementor-50655\" data-elementor-post-type=\"post\">\n\t\t\t\t\t\t<section class=\"elementor-section elementor-top-section elementor-element elementor-element-7d4f952 elementor-section-boxed elementor-section-height-default elementor-section-height-default\" data-id=\"7d4f952\" data-element_type=\"section\">\n\t\t\t\t\t\t<div class=\"elementor-container elementor-column-gap-default\">\n\t\t\t\t\t<div class=\"elementor-column elementor-col-100 elementor-top-column elementor-element elementor-element-f3833fa\" data-id=\"f3833fa\" data-element_type=\"column\">\n\t\t\t<div class=\"elementor-widget-wrap elementor-element-populated\">\n\t\t\t\t\t\t<div class=\"elementor-element elementor-element-6cd393f elementor-widget elementor-widget-text-editor\" data-id=\"6cd393f\" data-element_type=\"widget\" data-widget_type=\"text-editor.default\">\n\t\t\t\t<div class=\"elementor-widget-container\">\n\t\t\t\t\t\t\t\t\t<p><span style=\"font-weight: 400;\"><a href=\"https:\/\/dominicanewsonline.com\/news\/homepage\/homepage-carousel\/oecs-leaders-engage-u-s-officials-in-washington-for-key-discussions\/?utm_source=chatgpt.com\" target=\"_blank\" rel=\"noopener nofollow\">Philip J Pierre<\/a>, Primer Ministro de <a href=\"https:\/\/richeskarayib.com\/es\/santa-lucia-la-ressource-wellness-center-un-nuevo-impulso-para-la-salud-en-santa-lucia\/\" target=\"_blank\" rel=\"noopener\">Santa Luc\u00eda<\/a>, encabeza la delegaci\u00f3n de la Organizaci\u00f3n de Estados del Caribe Oriental (OECO) que viaja a Washington D.C. para mantener una serie de conversaciones estrat\u00e9gicas con el Departamento de Estado estadounidense. La reuni\u00f3n marca un hito importante en la relaci\u00f3n entre la<a href=\"https:\/\/richeskarayib.com\/es\/?p=48134\" target=\"_blank\" rel=\"noopener\">OECO<\/a>, <a href=\"https:\/\/richeskarayib.com\/es\/las-bahamas-en-2025-una-escapada-inolvidable-al-caribe\/\" target=\"_blank\" rel=\"noopener\">Bahamas<\/a> y Estados Unidos. El objetivo es reforzar la cooperaci\u00f3n en cuestiones importantes como la econom\u00eda, la migraci\u00f3n, la seguridad, la di\u00e1spora y la salud p\u00fablica, garantizando al mismo tiempo que las peque\u00f1as econom\u00edas insulares est\u00e9n representadas equitativamente en la toma de decisiones internacional.  <\/span><\/p>\t\t\t\t\t\t\t\t<\/div>\n\t\t\t\t<\/div>\n\t\t\t\t\t<\/div>\n\t\t<\/div>\n\t\t\t\t\t<\/div>\n\t\t<\/section>\n\t\t\t\t<section class=\"elementor-section elementor-top-section elementor-element elementor-element-16ba7e0 elementor-section-boxed elementor-section-height-default elementor-section-height-default\" data-id=\"16ba7e0\" data-element_type=\"section\">\n\t\t\t\t\t\t<div class=\"elementor-container elementor-column-gap-default\">\n\t\t\t\t\t<div class=\"elementor-column elementor-col-100 elementor-top-column elementor-element elementor-element-f6fb52b\" data-id=\"f6fb52b\" data-element_type=\"column\">\n\t\t\t<div class=\"elementor-widget-wrap elementor-element-populated\">\n\t\t\t\t\t\t<div class=\"elementor-element elementor-element-0ce05bd elementor-widget elementor-widget-heading\" data-id=\"0ce05bd\" data-element_type=\"widget\" data-widget_type=\"heading.default\">\n\t\t\t\t<div class=\"elementor-widget-container\">\n\t\t\t\t\t<h2 class=\"elementor-heading-title elementor-size-default\">Una delegaci\u00f3n caribe\u00f1a en Washington para mostrar su solidaridad<\/h2>\t\t\t\t<\/div>\n\t\t\t\t<\/div>\n\t\t\t\t<div class=\"elementor-element elementor-element-f5427b4 elementor-widget elementor-widget-text-editor\" data-id=\"f5427b4\" data-element_type=\"widget\" data-widget_type=\"text-editor.default\">\n\t\t\t\t<div class=\"elementor-widget-container\">\n\t\t\t\t\t\t\t\t\t<h3><strong>Una representaci\u00f3n pol\u00edtica m\u00e1s amplia<\/strong><\/h3><p><span style=\"font-weight: 400;\">La delegaci\u00f3n, encabezada por <a href=\"https:\/\/www.caribbeannationalweekly.com\/news\/oecs-and-bahamas-leaders-to-meet-us-secretary-of-state-marco-rubio-in-washington\/?utm_source=chatgpt.com\" target=\"_blank\" rel=\"noopener nofollow\">Philip J Pierre<\/a>, incluye a varios jefes de gobierno de Estados miembros de la OECO. Bahamas, aunque no es miembro de la organizaci\u00f3n, tambi\u00e9n participa, lo que demuestra el alcance regional de la iniciativa. Entre los presentes: Dr. Ralph Gonsalves (San Vicente y las Granadinas), Dr. Ellis Webster (Anguila) y Phillip Davis (Bahamas). Montserrat, Martinica y Guadalupe fueron excusados.   <\/span><\/p>\t\t\t\t\t\t\t\t<\/div>\n\t\t\t\t<\/div>\n\t\t\t\t<div class=\"elementor-element elementor-element-016486b elementor-widget elementor-widget-text-editor\" data-id=\"016486b\" data-element_type=\"widget\" data-widget_type=\"text-editor.default\">\n\t\t\t\t<div class=\"elementor-widget-container\">\n\t\t\t\t\t\t\t\t\t<h3><strong>Objetivos diplom\u00e1ticos claramente definidos<\/strong><\/h3><p><span style=\"font-weight: 400;\">Con esta misi\u00f3n, Philip J Pierre pretende consolidar los v\u00ednculos con Washington al tiempo que defiende las prioridades regionales. Como Presidente de la Autoridad de la OECO, est\u00e1 poniendo de relieve los intereses comunes de estos Estados, a menudo marginados en las grandes negociaciones internacionales. <\/span><\/p>\t\t\t\t\t\t\t\t<\/div>\n\t\t\t\t<\/div>\n\t\t\t\t<section class=\"elementor-section elementor-inner-section elementor-element elementor-element-862c274 elementor-section-boxed elementor-section-height-default elementor-section-height-default\" data-id=\"862c274\" data-element_type=\"section\">\n\t\t\t\t\t\t<div class=\"elementor-container elementor-column-gap-default\">\n\t\t\t\t\t<div class=\"elementor-column elementor-col-25 elementor-inner-column elementor-element elementor-element-752d197\" data-id=\"752d197\" data-element_type=\"column\">\n\t\t\t<div class=\"elementor-widget-wrap elementor-element-populated\">\n\t\t\t\t\t\t<div class=\"elementor-element elementor-element-daedbff elementor-widget elementor-widget-image\" data-id=\"daedbff\" data-element_type=\"widget\" data-widget_type=\"image.default\">\n\t\t\t\t<div class=\"elementor-widget-container\">\n\t\t\t\t\t\t\t\t\t\t\t\t<figure class=\"wp-caption\">\n\t\t\t\t\t\t\t\t\t\t<img fetchpriority=\"high\" decoding=\"async\" width=\"800\" height=\"805\" src=\"https:\/\/richeskarayib.com\/wp-content\/uploads\/2025\/05\/Philip-J-Pierre.jpg\" class=\"attachment-large size-large wp-image-50663\" alt=\"Philip J Pierre\" srcset=\"https:\/\/richeskarayib.com\/wp-content\/uploads\/2025\/05\/Philip-J-Pierre.jpg 954w, https:\/\/richeskarayib.com\/wp-content\/uploads\/2025\/05\/Philip-J-Pierre-298x300.jpg 298w, https:\/\/richeskarayib.com\/wp-content\/uploads\/2025\/05\/Philip-J-Pierre-150x150.jpg 150w, https:\/\/richeskarayib.com\/wp-content\/uploads\/2025\/05\/Philip-J-Pierre-768x773.jpg 768w\" sizes=\"(max-width: 800px) 100vw, 800px\" \/>\t\t\t\t\t\t\t\t\t\t\t<figcaption class=\"widget-image-caption wp-caption-text\">\u00a9Philip J Pierre<\/figcaption>\n\t\t\t\t\t\t\t\t\t\t<\/figure>\n\t\t\t\t\t\t\t\t\t<\/div>\n\t\t\t\t<\/div>\n\t\t\t\t\t<\/div>\n\t\t<\/div>\n\t\t\t\t<div class=\"elementor-column elementor-col-25 elementor-inner-column elementor-element elementor-element-1aca945\" data-id=\"1aca945\" data-element_type=\"column\">\n\t\t\t<div class=\"elementor-widget-wrap elementor-element-populated\">\n\t\t\t\t\t\t<div class=\"elementor-element elementor-element-10c02e9 elementor-widget elementor-widget-image\" data-id=\"10c02e9\" data-element_type=\"widget\" data-widget_type=\"image.default\">\n\t\t\t\t<div class=\"elementor-widget-container\">\n\t\t\t\t\t\t\t\t\t\t\t\t<figure class=\"wp-caption\">\n\t\t\t\t\t\t\t\t\t\t<img decoding=\"async\" width=\"754\" height=\"754\" src=\"https:\/\/richeskarayib.com\/wp-content\/uploads\/2025\/05\/Dr.-Ellis-Lorenzo-Webster.jpg\" class=\"attachment-large size-large wp-image-50671\" alt=\"Philip J Pierre\" srcset=\"https:\/\/richeskarayib.com\/wp-content\/uploads\/2025\/05\/Dr.-Ellis-Lorenzo-Webster.jpg 754w, https:\/\/richeskarayib.com\/wp-content\/uploads\/2025\/05\/Dr.-Ellis-Lorenzo-Webster-300x300.jpg 300w, https:\/\/richeskarayib.com\/wp-content\/uploads\/2025\/05\/Dr.-Ellis-Lorenzo-Webster-150x150.jpg 150w\" sizes=\"(max-width: 754px) 100vw, 754px\" \/>\t\t\t\t\t\t\t\t\t\t\t<figcaption class=\"widget-image-caption wp-caption-text\">\u00a9<\/figcaption>\n\t\t\t\t\t\t\t\t\t\t<\/figure>\n\t\t\t\t\t\t\t\t\t<\/div>\n\t\t\t\t<\/div>\n\t\t\t\t\t<\/div>\n\t\t<\/div>\n\t\t\t\t<div class=\"elementor-column elementor-col-25 elementor-inner-column elementor-element elementor-element-1b9203a\" data-id=\"1b9203a\" data-element_type=\"column\">\n\t\t\t<div class=\"elementor-widget-wrap elementor-element-populated\">\n\t\t\t\t\t\t<div class=\"elementor-element elementor-element-aa5350f elementor-widget elementor-widget-image\" data-id=\"aa5350f\" data-element_type=\"widget\" data-widget_type=\"image.default\">\n\t\t\t\t<div class=\"elementor-widget-container\">\n\t\t\t\t\t\t\t\t\t\t\t\t<figure class=\"wp-caption\">\n\t\t\t\t\t\t\t\t\t\t<img decoding=\"async\" width=\"800\" height=\"932\" src=\"https:\/\/richeskarayib.com\/wp-content\/uploads\/2025\/05\/Philip-Brave-Davis-2-879x1024.jpg\" class=\"attachment-large size-large wp-image-50675\" alt=\"Philip J Pierre\" srcset=\"https:\/\/richeskarayib.com\/wp-content\/uploads\/2025\/05\/Philip-Brave-Davis-2-879x1024.jpg 879w, https:\/\/richeskarayib.com\/wp-content\/uploads\/2025\/05\/Philip-Brave-Davis-2-258x300.jpg 258w, https:\/\/richeskarayib.com\/wp-content\/uploads\/2025\/05\/Philip-Brave-Davis-2-768x895.jpg 768w, https:\/\/richeskarayib.com\/wp-content\/uploads\/2025\/05\/Philip-Brave-Davis-2.jpg 940w\" sizes=\"(max-width: 800px) 100vw, 800px\" \/>\t\t\t\t\t\t\t\t\t\t\t<figcaption class=\"widget-image-caption wp-caption-text\">\u00a9<\/figcaption>\n\t\t\t\t\t\t\t\t\t\t<\/figure>\n\t\t\t\t\t\t\t\t\t<\/div>\n\t\t\t\t<\/div>\n\t\t\t\t\t<\/div>\n\t\t<\/div>\n\t\t\t\t<div class=\"elementor-column elementor-col-25 elementor-inner-column elementor-element elementor-element-db9d887\" data-id=\"db9d887\" data-element_type=\"column\">\n\t\t\t<div class=\"elementor-widget-wrap elementor-element-populated\">\n\t\t\t\t\t\t<div class=\"elementor-element elementor-element-3d9ce20 elementor-widget elementor-widget-image\" data-id=\"3d9ce20\" data-element_type=\"widget\" data-widget_type=\"image.default\">\n\t\t\t\t<div class=\"elementor-widget-container\">\n\t\t\t\t\t\t\t\t\t\t\t\t<figure class=\"wp-caption\">\n\t\t\t\t\t\t\t\t\t\t<img loading=\"lazy\" decoding=\"async\" width=\"709\" height=\"861\" src=\"https:\/\/richeskarayib.com\/wp-content\/uploads\/2025\/05\/Ralph-Gonsalves.jpg\" class=\"attachment-large size-large wp-image-50667\" alt=\"Philip J Pierre\" srcset=\"https:\/\/richeskarayib.com\/wp-content\/uploads\/2025\/05\/Ralph-Gonsalves.jpg 709w, https:\/\/richeskarayib.com\/wp-content\/uploads\/2025\/05\/Ralph-Gonsalves-247x300.jpg 247w\" sizes=\"(max-width: 709px) 100vw, 709px\" \/>\t\t\t\t\t\t\t\t\t\t\t<figcaption class=\"widget-image-caption wp-caption-text\">\u00a9<\/figcaption>\n\t\t\t\t\t\t\t\t\t\t<\/figure>\n\t\t\t\t\t\t\t\t\t<\/div>\n\t\t\t\t<\/div>\n\t\t\t\t\t<\/div>\n\t\t<\/div>\n\t\t\t\t\t<\/div>\n\t\t<\/section>\n\t\t\t\t\t<\/div>\n\t\t<\/div>\n\t\t\t\t\t<\/div>\n\t\t<\/section>\n\t\t\t\t<section class=\"elementor-section elementor-top-section elementor-element elementor-element-7c727fe elementor-section-boxed elementor-section-height-default elementor-section-height-default\" data-id=\"7c727fe\" data-element_type=\"section\">\n\t\t\t\t\t\t<div class=\"elementor-container elementor-column-gap-default\">\n\t\t\t\t\t<div class=\"elementor-column elementor-col-100 elementor-top-column elementor-element elementor-element-2675508\" data-id=\"2675508\" data-element_type=\"column\">\n\t\t\t<div class=\"elementor-widget-wrap elementor-element-populated\">\n\t\t\t\t\t\t<div class=\"elementor-element elementor-element-86f7f71 elementor-widget elementor-widget-heading\" data-id=\"86f7f71\" data-element_type=\"widget\" data-widget_type=\"heading.default\">\n\t\t\t\t<div class=\"elementor-widget-container\">\n\t\t\t\t\t<h2 class=\"elementor-heading-title elementor-size-default\">\u00c1mbitos clave de cooperaci\u00f3n<\/h2>\t\t\t\t<\/div>\n\t\t\t\t<\/div>\n\t\t\t\t<div class=\"elementor-element elementor-element-1931a91 elementor-widget elementor-widget-text-editor\" data-id=\"1931a91\" data-element_type=\"widget\" data-widget_type=\"text-editor.default\">\n\t\t\t\t<div class=\"elementor-widget-container\">\n\t\t\t\t\t\t\t\t\t<h3><strong>Impulsar las asociaciones econ\u00f3micas<\/strong><\/h3><p><span style=\"font-weight: 400;\">La cooperaci\u00f3n econ\u00f3mica ocupa un lugar prioritario en la agenda. Los Estados del Caribe Oriental quieren acceder a nuevos mercados, fomentar la inversi\u00f3n y diversificar sus econom\u00edas. Para Estados Unidos, la estabilidad de la regi\u00f3n es tambi\u00e9n una cuesti\u00f3n estrat\u00e9gica.  <\/span><\/p>\t\t\t\t\t\t\t\t<\/div>\n\t\t\t\t<\/div>\n\t\t\t\t<div class=\"elementor-element elementor-element-f91d134 elementor-widget elementor-widget-text-editor\" data-id=\"f91d134\" data-element_type=\"widget\" data-widget_type=\"text-editor.default\">\n\t\t\t\t<div class=\"elementor-widget-container\">\n\t\t\t\t\t\t\t\t\t<h3><strong>Migraci\u00f3n y derechos humanos<\/strong><\/h3><p><span style=\"font-weight: 400;\">En los debates tambi\u00e9n se abordaron cuestiones de migraci\u00f3n, en particular la regularizaci\u00f3n, la lucha contra el tr\u00e1fico de seres humanos y la protecci\u00f3n de los migrantes. La di\u00e1spora caribe\u00f1a en Estados Unidos es un vector esencial para el desarrollo, tema en el que Philip J Pierre insiste mucho. <\/span><\/p>\t\t\t\t\t\t\t\t<\/div>\n\t\t\t\t<\/div>\n\t\t\t\t<div class=\"elementor-element elementor-element-137e358 elementor-widget elementor-widget-text-editor\" data-id=\"137e358\" data-element_type=\"widget\" data-widget_type=\"text-editor.default\">\n\t\t\t\t<div class=\"elementor-widget-container\">\n\t\t\t\t\t\t\t\t\t<h3><strong>Reforzar la seguridad regional<\/strong><\/h3><p><span style=\"font-weight: 400;\">Ante el tr\u00e1fico transfronterizo y las amenazas criminales, la OECO reclama un mayor apoyo en materia de vigilancia y prevenci\u00f3n. Sin embargo, Philip J Pierre subraya la importancia de preservar la soberan\u00eda de los Estados de la regi\u00f3n, colaborando al mismo tiempo eficazmente. <\/span><\/p>\t\t\t\t\t\t\t\t<\/div>\n\t\t\t\t<\/div>\n\t\t\t\t\t<\/div>\n\t\t<\/div>\n\t\t\t\t\t<\/div>\n\t\t<\/section>\n\t\t\t\t<section class=\"elementor-section elementor-top-section elementor-element elementor-element-1a0b771 elementor-section-boxed elementor-section-height-default elementor-section-height-default\" data-id=\"1a0b771\" data-element_type=\"section\">\n\t\t\t\t\t\t<div class=\"elementor-container elementor-column-gap-default\">\n\t\t\t\t\t<div class=\"elementor-column elementor-col-100 elementor-top-column elementor-element elementor-element-345f4b7\" data-id=\"345f4b7\" data-element_type=\"column\">\n\t\t\t<div class=\"elementor-widget-wrap elementor-element-populated\">\n\t\t\t\t\t\t<div class=\"elementor-element elementor-element-d6a712a elementor-widget elementor-widget-heading\" data-id=\"d6a712a\" data-element_type=\"widget\" data-widget_type=\"heading.default\">\n\t\t\t\t<div class=\"elementor-widget-container\">\n\t\t\t\t\t<h2 class=\"elementor-heading-title elementor-size-default\">El papel estructurador de la di\u00e1spora<\/h2>\t\t\t\t<\/div>\n\t\t\t\t<\/div>\n\t\t\t\t<div class=\"elementor-element elementor-element-f9582c3 elementor-widget elementor-widget-text-editor\" data-id=\"f9582c3\" data-element_type=\"widget\" data-widget_type=\"text-editor.default\">\n\t\t\t\t<div class=\"elementor-widget-container\">\n\t\t\t\t\t\t\t\t\t<p><span style=\"font-weight: 400;\">La di\u00e1spora caribe\u00f1a contribuye significativamente al desarrollo de sus pa\u00edses de origen a trav\u00e9s de las remesas, las iniciativas econ\u00f3micas y la transmisi\u00f3n cultural. Los miembros de la OECO, guiados por Philip J Pierre, desean reforzar los canales de di\u00e1logo y cooperaci\u00f3n con esta comunidad dispersa. <\/span><\/p>\t\t\t\t\t\t\t\t<\/div>\n\t\t\t\t<\/div>\n\t\t\t\t\t<\/div>\n\t\t<\/div>\n\t\t\t\t\t<\/div>\n\t\t<\/section>\n\t\t\t\t<section class=\"elementor-section elementor-top-section elementor-element elementor-element-8d316ed elementor-section-boxed elementor-section-height-default elementor-section-height-default\" data-id=\"8d316ed\" data-element_type=\"section\">\n\t\t\t\t\t\t<div class=\"elementor-container elementor-column-gap-default\">\n\t\t\t\t\t<div class=\"elementor-column elementor-col-100 elementor-top-column elementor-element elementor-element-24699a4\" data-id=\"24699a4\" data-element_type=\"column\">\n\t\t\t<div class=\"elementor-widget-wrap elementor-element-populated\">\n\t\t\t\t\t\t<div class=\"elementor-element elementor-element-efda88a elementor-widget elementor-widget-heading\" data-id=\"efda88a\" data-element_type=\"widget\" data-widget_type=\"heading.default\">\n\t\t\t\t<div class=\"elementor-widget-container\">\n\t\t\t\t\t<h2 class=\"elementor-heading-title elementor-size-default\">El programa m\u00e9dico cubano en el centro de las tensiones diplom\u00e1ticas<\/h2>\t\t\t\t<\/div>\n\t\t\t\t<\/div>\n\t\t\t\t<div class=\"elementor-element elementor-element-eed17cf elementor-widget elementor-widget-text-editor\" data-id=\"eed17cf\" data-element_type=\"widget\" data-widget_type=\"text-editor.default\">\n\t\t\t\t<div class=\"elementor-widget-container\">\n\t\t\t\t\t\t\t\t\t<h3><strong>Apoyo sanitario vital para el Caribe<\/strong><\/h3><p><span style=\"font-weight: 400;\">En muchos estados, el programa m\u00e9dico cubano compensa la falta de profesionales sanitarios, sobre todo en zonas aisladas o en tiempos de crisis. Philip J Pierre recuerda que la ayuda cubana fue decisiva durante la pandemia de COVID-19 y las cat\u00e1strofes naturales. <\/span><\/p>\t\t\t\t\t\t\t\t<\/div>\n\t\t\t\t<\/div>\n\t\t\t\t<div class=\"elementor-element elementor-element-382c62d elementor-widget elementor-widget-text-editor\" data-id=\"382c62d\" data-element_type=\"widget\" data-widget_type=\"text-editor.default\">\n\t\t\t\t<div class=\"elementor-widget-container\">\n\t\t\t\t\t\t\t\t\t<h3><strong>Posici\u00f3n de EEUU y reacciones regionales<\/strong><\/h3><p><span style=\"font-weight: 400;\">Estados Unidos, a trav\u00e9s de funcionarios como Marco Rubio, est\u00e1 denunciando este programa y considerando la posibilidad de imponer sanciones. Sin embargo, varios gobiernos caribe\u00f1os, entre ellos los apoyados por Philip J Pierre, defienden esta asociaci\u00f3n, vital para sus poblaciones. <\/span><\/p>\t\t\t\t\t\t\t\t<\/div>\n\t\t\t\t<\/div>\n\t\t\t\t<section class=\"elementor-section elementor-inner-section elementor-element elementor-element-6e0259a elementor-section-boxed elementor-section-height-default elementor-section-height-default\" data-id=\"6e0259a\" data-element_type=\"section\">\n\t\t\t\t\t\t<div class=\"elementor-container elementor-column-gap-default\">\n\t\t\t\t\t<div class=\"elementor-column elementor-col-100 elementor-inner-column elementor-element elementor-element-9ceaf59\" data-id=\"9ceaf59\" data-element_type=\"column\">\n\t\t\t<div class=\"elementor-widget-wrap elementor-element-populated\">\n\t\t\t\t\t\t<div class=\"elementor-element elementor-element-5a1fd2e elementor-widget elementor-widget-image\" data-id=\"5a1fd2e\" data-element_type=\"widget\" data-widget_type=\"image.default\">\n\t\t\t\t<div class=\"elementor-widget-container\">\n\t\t\t\t\t\t\t\t\t\t\t\t<figure class=\"wp-caption\">\n\t\t\t\t\t\t\t\t\t\t<img loading=\"lazy\" decoding=\"async\" width=\"640\" height=\"360\" src=\"https:\/\/richeskarayib.com\/wp-content\/uploads\/2025\/05\/Marco-Rubio-US-State-Department.jpg\" class=\"attachment-large size-large wp-image-50679\" alt=\"Philip J Pierre\" srcset=\"https:\/\/richeskarayib.com\/wp-content\/uploads\/2025\/05\/Marco-Rubio-US-State-Department.jpg 640w, https:\/\/richeskarayib.com\/wp-content\/uploads\/2025\/05\/Marco-Rubio-US-State-Department-300x169.jpg 300w\" sizes=\"(max-width: 640px) 100vw, 640px\" \/>\t\t\t\t\t\t\t\t\t\t\t<figcaption class=\"widget-image-caption wp-caption-text\">\u00a9<\/figcaption>\n\t\t\t\t\t\t\t\t\t\t<\/figure>\n\t\t\t\t\t\t\t\t\t<\/div>\n\t\t\t\t<\/div>\n\t\t\t\t\t<\/div>\n\t\t<\/div>\n\t\t\t\t\t<\/div>\n\t\t<\/section>\n\t\t\t\t<div class=\"elementor-element elementor-element-4d797ae elementor-widget elementor-widget-text-editor\" data-id=\"4d797ae\" data-element_type=\"widget\" data-widget_type=\"text-editor.default\">\n\t\t\t\t<div class=\"elementor-widget-container\">\n\t\t\t\t\t\t\t\t\t<h3><strong>Un delicado equilibrio que mantener<\/strong><\/h3><p><span style=\"font-weight: 400;\">Mantener un di\u00e1logo constructivo con Estados Unidos<\/span><span style=\"font-weight: 400;\"><br><\/span><span style=\"font-weight: 400;\">  Para los miembros de la OECO, Estados Unidos sigue siendo un socio clave. Philip J Pierre intenta preservar esta relaci\u00f3n, al tiempo que hace valer las caracter\u00edsticas y necesidades espec\u00edficas del Caribe en un contexto geopol\u00edtico complejo. <\/span><\/p>\t\t\t\t\t\t\t\t<\/div>\n\t\t\t\t<\/div>\n\t\t\t\t<div class=\"elementor-element elementor-element-c65268e elementor-widget elementor-widget-text-editor\" data-id=\"c65268e\" data-element_type=\"widget\" data-widget_type=\"text-editor.default\">\n\t\t\t\t<div class=\"elementor-widget-container\">\n\t\t\t\t\t\t\t\t\t<h3><strong>Un delicado equilibrio que mantener<\/strong><\/h3><p><span style=\"font-weight: 400;\">Mantener un di\u00e1logo constructivo con Estados Unidos<\/span><span style=\"font-weight: 400;\"><br><\/span><span style=\"font-weight: 400;\">  Para los miembros de la OECO, Estados Unidos sigue siendo un socio clave. Philip J Pierre intenta preservar esta relaci\u00f3n, al tiempo que hace valer las caracter\u00edsticas y necesidades espec\u00edficas del Caribe en un contexto geopol\u00edtico complejo. <\/span><\/p>\t\t\t\t\t\t\t\t<\/div>\n\t\t\t\t<\/div>\n\t\t\t\t\t<\/div>\n\t\t<\/div>\n\t\t\t\t\t<\/div>\n\t\t<\/section>\n\t\t\t\t<section class=\"elementor-section elementor-top-section elementor-element elementor-element-6904e1e elementor-section-boxed elementor-section-height-default elementor-section-height-default\" data-id=\"6904e1e\" data-element_type=\"section\">\n\t\t\t\t\t\t<div class=\"elementor-container elementor-column-gap-default\">\n\t\t\t\t\t<div class=\"elementor-column elementor-col-100 elementor-top-column elementor-element elementor-element-7bf759f\" data-id=\"7bf759f\" data-element_type=\"column\">\n\t\t\t<div class=\"elementor-widget-wrap elementor-element-populated\">\n\t\t\t\t\t\t<div class=\"elementor-element elementor-element-5f8f11f elementor-widget elementor-widget-heading\" data-id=\"5f8f11f\" data-element_type=\"widget\" data-widget_type=\"heading.default\">\n\t\t\t\t<div class=\"elementor-widget-container\">\n\t\t\t\t\t<h2 class=\"elementor-heading-title elementor-size-default\">La vulnerabilidad de las peque\u00f1as econom\u00edas insulares<\/h2>\t\t\t\t<\/div>\n\t\t\t\t<\/div>\n\t\t\t\t<div class=\"elementor-element elementor-element-e44f6f1 elementor-widget elementor-widget-text-editor\" data-id=\"e44f6f1\" data-element_type=\"widget\" data-widget_type=\"text-editor.default\">\n\t\t\t\t<div class=\"elementor-widget-container\">\n\t\t\t\t\t\t\t\t\t<p><span style=\"font-weight: 400;\">Los Estados de la OECO est\u00e1n sometidos a m\u00faltiples presiones: cat\u00e1strofes naturales, dependencia de determinados sectores, migraciones y dificultades de acceso a la financiaci\u00f3n. En Washington, Philip J Pierre aboga por un enfoque diferenciado que tenga en cuenta esta fragilidad estructural. <\/span><\/p>\t\t\t\t\t\t\t\t<\/div>\n\t\t\t\t<\/div>\n\t\t\t\t\t<\/div>\n\t\t<\/div>\n\t\t\t\t\t<\/div>\n\t\t<\/section>\n\t\t\t\t<section class=\"elementor-section elementor-top-section elementor-element elementor-element-e168783 elementor-section-boxed elementor-section-height-default elementor-section-height-default\" data-id=\"e168783\" data-element_type=\"section\">\n\t\t\t\t\t\t<div class=\"elementor-container elementor-column-gap-default\">\n\t\t\t\t\t<div class=\"elementor-column elementor-col-100 elementor-top-column elementor-element elementor-element-ab3c736\" data-id=\"ab3c736\" data-element_type=\"column\">\n\t\t\t<div class=\"elementor-widget-wrap elementor-element-populated\">\n\t\t\t\t\t\t<div class=\"elementor-element elementor-element-32aeefc elementor-widget elementor-widget-heading\" data-id=\"32aeefc\" data-element_type=\"widget\" data-widget_type=\"heading.default\">\n\t\t\t\t<div class=\"elementor-widget-container\">\n\t\t\t\t\t<h2 class=\"elementor-heading-title elementor-size-default\">Grandes expectativas de futuro<\/h2>\t\t\t\t<\/div>\n\t\t\t\t<\/div>\n\t\t\t\t<div class=\"elementor-element elementor-element-9aca57e elementor-widget elementor-widget-text-editor\" data-id=\"9aca57e\" data-element_type=\"widget\" data-widget_type=\"text-editor.default\">\n\t\t\t\t<div class=\"elementor-widget-container\">\n\t\t\t\t\t\t\t\t\t<h3><strong>Diplomacia regional reforzada<\/strong><\/h3><p><span style=\"font-weight: 400;\">El resultado esperado de estas conversaciones va mucho m\u00e1s all\u00e1 de las declaraciones. Philip J Pierre espera obtener compromisos claros sobre apoyo econ\u00f3mico, cooperaci\u00f3n en materia de seguridad, reconocimiento de las di\u00e1sporas y continuidad de los acuerdos sanitarios. <\/span><\/p>\t\t\t\t\t\t\t\t<\/div>\n\t\t\t\t<\/div>\n\t\t\t\t<div class=\"elementor-element elementor-element-96034ff elementor-widget elementor-widget-text-editor\" data-id=\"96034ff\" data-element_type=\"widget\" data-widget_type=\"text-editor.default\">\n\t\t\t\t<div class=\"elementor-widget-container\">\n\t\t\t\t\t\t\t\t\t<h3><strong>Afirmar el liderazgo regional<\/strong><\/h3><p><span style=\"font-weight: 400;\">Con esta misi\u00f3n, <a href=\"https:\/\/www.nevispages.com\/prime-minister-drew-to-meet-u-s-secretary-of-state-marco-rubio-alongside-other-caribbean-leaders\/?utm_source=chatgpt.com\" target=\"_blank\" rel=\"noopener nofollow\">Philip J Pierre<\/a> demuestra la capacidad de la OECO para hablar con una sola voz en los grandes foros diplom\u00e1ticos. Este enfoque ilustra la firme voluntad de defender los intereses colectivos de las peque\u00f1as naciones del Caribe, sin negar sus especificidades. <\/span><\/p>\t\t\t\t\t\t\t\t<\/div>\n\t\t\t\t<\/div>\n\t\t\t\t\t<\/div>\n\t\t<\/div>\n\t\t\t\t\t<\/div>\n\t\t<\/section>\n\t\t\t\t<section class=\"elementor-section elementor-top-section elementor-element elementor-element-bbddaf1 elementor-section-boxed elementor-section-height-default elementor-section-height-default\" data-id=\"bbddaf1\" data-element_type=\"section\">\n\t\t\t\t\t\t<div class=\"elementor-container elementor-column-gap-default\">\n\t\t\t\t\t<div class=\"elementor-column elementor-col-100 elementor-top-column elementor-element elementor-element-e980b58\" data-id=\"e980b58\" data-element_type=\"column\">\n\t\t\t<div class=\"elementor-widget-wrap elementor-element-populated\">\n\t\t\t\t\t\t<div class=\"elementor-element elementor-element-5cceb40 elementor-widget elementor-widget-text-editor\" data-id=\"5cceb40\" data-element_type=\"widget\" data-widget_type=\"text-editor.default\">\n\t\t\t\t<div class=\"elementor-widget-container\">\n\t\t\t\t\t\t\t\t\t<p><span style=\"font-weight: 400;\">Al encabezar esta delegaci\u00f3n en Washington, Philip J Pierre confirma su papel central en la diplomacia regional. Este di\u00e1logo entre la OECO, Bahamas y Estados Unidos pone de relieve cuestiones cruciales para el futuro del Caribe: econom\u00eda, migraci\u00f3n, seguridad, sanidad y cooperaci\u00f3n internacional. La postura firme pero abierta de Philip J Pierre marca un paso importante hacia un mayor reconocimiento de las realidades caribe\u00f1as en las pol\u00edticas mundiales.  <\/span><\/p>\t\t\t\t\t\t\t\t<\/div>\n\t\t\t\t<\/div>\n\t\t\t\t\t<\/div>\n\t\t<\/div>\n\t\t\t\t\t<\/div>\n\t\t<\/section>\n\t\t\t\t<\/div>\n\t\t","protected":false},"excerpt":{"rendered":"<p>Philip J Pierre, Primer Ministro de Santa Luc\u00eda, encabeza la delegaci\u00f3n de la Organizaci\u00f3n de Estados del Caribe Oriental (OECO) que viaja a Washington D.C. para mantener una serie de conversaciones estrat\u00e9gicas con el Departamento de Estado estadounidense. La reuni\u00f3n marca un hito importante en la relaci\u00f3n entre laOECO, Bahamas y Estados Unidos. El objetivo [&hellip;]<\/p>\n","protected":false},"author":662,"featured_media":50659,"comment_status":"open","ping_status":"open","sticky":false,"template":"","format":"standard","meta":{"_acf_changed":false,"footnotes":""},"categories":[839],"tags":[1442,1674,1547,816,1699,1594,1746],"class_list":["post-50681","post","type-post","status-publish","format-standard","has-post-thumbnail","hentry","category-noticias","tag-anguilla-es","tag-bahamas-es","tag-guadalupe","tag-martinique-es","tag-montserrat-es","tag-sainte-lucie-es","tag-san-vicente-y-las-granadinas-es"],"acf":[],"_links":{"self":[{"href":"https:\/\/richeskarayib.com\/es\/wp-json\/wp\/v2\/posts\/50681","targetHints":{"allow":["GET"]}}],"collection":[{"href":"https:\/\/richeskarayib.com\/es\/wp-json\/wp\/v2\/posts"}],"about":[{"href":"https:\/\/richeskarayib.com\/es\/wp-json\/wp\/v2\/types\/post"}],"author":[{"embeddable":true,"href":"https:\/\/richeskarayib.com\/es\/wp-json\/wp\/v2\/users\/662"}],"replies":[{"embeddable":true,"href":"https:\/\/richeskarayib.com\/es\/wp-json\/wp\/v2\/comments?post=50681"}],"version-history":[{"count":0,"href":"https:\/\/richeskarayib.com\/es\/wp-json\/wp\/v2\/posts\/50681\/revisions"}],"wp:featuredmedia":[{"embeddable":true,"href":"https:\/\/richeskarayib.com\/es\/wp-json\/wp\/v2\/media\/50659"}],"wp:attachment":[{"href":"https:\/\/richeskarayib.com\/es\/wp-json\/wp\/v2\/media?parent=50681"}],"wp:term":[{"taxonomy":"category","embeddable":true,"href":"https:\/\/richeskarayib.com\/es\/wp-json\/wp\/v2\/categories?post=50681"},{"taxonomy":"post_tag","embeddable":true,"href":"https:\/\/richeskarayib.com\/es\/wp-json\/wp\/v2\/tags?post=50681"}],"curies":[{"name":"wp","href":"https:\/\/api.w.org\/{rel}","templated":true}]}}