{"id":50843,"date":"2025-05-08T12:57:56","date_gmt":"2025-05-08T16:57:56","guid":{"rendered":"https:\/\/richeskarayib.com\/martinica-erupcion-del-monte-pelee-123-anos-despues-la-isla-recuerda-el-8-de-mayo-de-1902\/"},"modified":"2025-05-08T12:57:56","modified_gmt":"2025-05-08T16:57:56","slug":"martinica-erupcion-del-monte-pelee-123-anos-despues-la-isla-recuerda-el-8-de-mayo-de-1902","status":"publish","type":"post","link":"https:\/\/richeskarayib.com\/es\/martinica-erupcion-del-monte-pelee-123-anos-despues-la-isla-recuerda-el-8-de-mayo-de-1902\/","title":{"rendered":"Martinica &#8211; Erupci\u00f3n del monte Pel\u00e9e: 123 a\u00f1os despu\u00e9s, la isla recuerda el 8 de mayo de 1902"},"content":{"rendered":"\t\t<div data-elementor-type=\"wp-post\" data-elementor-id=\"50843\" class=\"elementor elementor-50843 elementor-50816\" data-elementor-post-type=\"post\">\n\t\t\t\t\t\t<section class=\"elementor-section elementor-top-section elementor-element elementor-element-7d4f952 elementor-section-boxed elementor-section-height-default elementor-section-height-default\" data-id=\"7d4f952\" data-element_type=\"section\">\n\t\t\t\t\t\t<div class=\"elementor-container elementor-column-gap-default\">\n\t\t\t\t\t<div class=\"elementor-column elementor-col-100 elementor-top-column elementor-element elementor-element-f3833fa\" data-id=\"f3833fa\" data-element_type=\"column\">\n\t\t\t<div class=\"elementor-widget-wrap elementor-element-populated\">\n\t\t\t\t\t\t<div class=\"elementor-element elementor-element-6cd393f elementor-widget elementor-widget-text-editor\" data-id=\"6cd393f\" data-element_type=\"widget\" data-widget_type=\"text-editor.default\">\n\t\t\t\t<div class=\"elementor-widget-container\">\n\t\t\t\t\t\t\t\t\t<p><a href=\"https:\/\/www.nationalgeographic.fr\/histoire\/volcan-montagne-pelee-sciences-en-1902-cette-eruption-meurtriere-a-secoue-la-martinique-aneantissant-la-ville-de-saint-pierre\" target=\"_blank\" rel=\"noopener nofollow\"><b>Erupci\u00f3n del Monte Pel\u00e9e<\/b><\/a><span style=\"font-weight: 400;\">  Estas cinco palabras bastan para evocar una de las mayores tragedias naturales del siglo XX. El 8 de mayo de 1902, Saint-Pierre, entonces capital econ\u00f3mica de <a href=\"https:\/\/richeskarayib.com\/es\/martinica-el-busto-de-pierre-aliker-simbolo-vivo-de-la-memoria-en-accion\/\" target=\"_blank\" rel=\"noopener\">Martinica<\/a>, fue borrada del mapa en menos de dos minutos por una nube ardiente. En 2025, 123 a\u00f1os despu\u00e9s del suceso, este trauma colectivo sigue siendo una referencia en los anales de la ciencia y un monumento conmemorativo para todas las sociedades isle\u00f1as.  <\/span><\/p>\t\t\t\t\t\t\t\t<\/div>\n\t\t\t\t<\/div>\n\t\t\t\t\t<\/div>\n\t\t<\/div>\n\t\t\t\t\t<\/div>\n\t\t<\/section>\n\t\t\t\t<section class=\"elementor-section elementor-top-section elementor-element elementor-element-16ba7e0 elementor-section-boxed elementor-section-height-default elementor-section-height-default\" data-id=\"16ba7e0\" data-element_type=\"section\">\n\t\t\t\t\t\t<div class=\"elementor-container elementor-column-gap-default\">\n\t\t\t\t\t<div class=\"elementor-column elementor-col-100 elementor-top-column elementor-element elementor-element-f6fb52b\" data-id=\"f6fb52b\" data-element_type=\"column\">\n\t\t\t<div class=\"elementor-widget-wrap elementor-element-populated\">\n\t\t\t\t\t\t<div class=\"elementor-element elementor-element-0ce05bd elementor-widget elementor-widget-heading\" data-id=\"0ce05bd\" data-element_type=\"widget\" data-widget_type=\"heading.default\">\n\t\t\t\t<div class=\"elementor-widget-container\">\n\t\t\t\t\t<h2 class=\"elementor-heading-title elementor-size-default\">Una ciudad modelo arrasada en cuesti\u00f3n de segundos<\/h2>\t\t\t\t<\/div>\n\t\t\t\t<\/div>\n\t\t\t\t<div class=\"elementor-element elementor-element-f5427b4 elementor-widget elementor-widget-text-editor\" data-id=\"f5427b4\" data-element_type=\"widget\" data-widget_type=\"text-editor.default\">\n\t\t\t\t<div class=\"elementor-widget-container\">\n\t\t\t\t\t\t\t\t\t<h3><b>Saint-Pierre, un escaparate colonial<\/b><\/h3><p><span style=\"font-weight: 400;\">En v\u00edsperas de la erupci\u00f3n, Saint-Pierre ten\u00eda una poblaci\u00f3n de m\u00e1s de 26.000 habitantes. Apodada &#8220;la perla de las Antillas&#8221; o &#8220;Peque\u00f1a Par\u00eds&#8221;, es el centro de la mayor parte de la actividad econ\u00f3mica de la isla, gracias a su puerto, su comercio de az\u00facar y sus modernas infraestructuras. La ciudad dispone de electricidad, agua corriente, teatro, bancos, peri\u00f3dicos y un jard\u00edn bot\u00e1nico famoso en todo el Caribe. Su influencia se extiende m\u00e1s all\u00e1 de las fronteras del Caribe.   <\/span><\/p>\t\t\t\t\t\t\t\t<\/div>\n\t\t\t\t<\/div>\n\t\t\t\t<div class=\"elementor-element elementor-element-ccbd8f6 elementor-widget elementor-widget-text-editor\" data-id=\"ccbd8f6\" data-element_type=\"widget\" data-widget_type=\"text-editor.default\">\n\t\t\t\t<div class=\"elementor-widget-container\">\n\t\t\t\t\t\t\t\t\t<p><span style=\"font-weight: 400;\">Sin embargo, esta prosperidad oculta una vulnerabilidad. Situada al pie del monte Pel\u00e9e, un volc\u00e1n considerado inactivo desde 1851, Saint-Pierre se encuentra en una topograf\u00eda desfavorable. Construida en forma de anfiteatro, la ciudad carece de una v\u00eda de evacuaci\u00f3n r\u00e1pida en caso de amenaza repentina.  <\/span><\/p>\t\t\t\t\t\t\t\t<\/div>\n\t\t\t\t<\/div>\n\t\t\t\t<section class=\"elementor-section elementor-inner-section elementor-element elementor-element-663cf12 elementor-section-boxed elementor-section-height-default elementor-section-height-default\" data-id=\"663cf12\" data-element_type=\"section\">\n\t\t\t\t\t\t<div class=\"elementor-container elementor-column-gap-default\">\n\t\t\t\t\t<div class=\"elementor-column elementor-col-100 elementor-inner-column elementor-element elementor-element-8906e02\" data-id=\"8906e02\" data-element_type=\"column\">\n\t\t\t<div class=\"elementor-widget-wrap elementor-element-populated\">\n\t\t\t\t\t\t<div class=\"elementor-element elementor-element-8493e70 elementor-widget elementor-widget-image\" data-id=\"8493e70\" data-element_type=\"widget\" data-widget_type=\"image.default\">\n\t\t\t\t<div class=\"elementor-widget-container\">\n\t\t\t\t\t\t\t\t\t\t\t\t<figure class=\"wp-caption\">\n\t\t\t\t\t\t\t\t\t\t<img fetchpriority=\"high\" decoding=\"async\" width=\"800\" height=\"544\" src=\"https:\/\/richeskarayib.com\/wp-content\/uploads\/2025\/05\/Entree-du-jardin-botanique-de-Saint-Pierre-Martinique.--1024x696.webp\" class=\"attachment-large size-large wp-image-50833\" alt=\"\u00c9ruption de la montagne Pel\u00e9e\" srcset=\"https:\/\/richeskarayib.com\/wp-content\/uploads\/2025\/05\/Entree-du-jardin-botanique-de-Saint-Pierre-Martinique.--1024x696.webp 1024w, https:\/\/richeskarayib.com\/wp-content\/uploads\/2025\/05\/Entree-du-jardin-botanique-de-Saint-Pierre-Martinique.--300x204.webp 300w, https:\/\/richeskarayib.com\/wp-content\/uploads\/2025\/05\/Entree-du-jardin-botanique-de-Saint-Pierre-Martinique.--768x522.webp 768w, https:\/\/richeskarayib.com\/wp-content\/uploads\/2025\/05\/Entree-du-jardin-botanique-de-Saint-Pierre-Martinique.-.webp 1279w\" sizes=\"(max-width: 800px) 100vw, 800px\" \/>\t\t\t\t\t\t\t\t\t\t\t<figcaption class=\"widget-image-caption wp-caption-text\">Entr\u00e9e du jardin botanique de Saint-Pierre, Martinique.\n\u00a9National Geographic<\/figcaption>\n\t\t\t\t\t\t\t\t\t\t<\/figure>\n\t\t\t\t\t\t\t\t\t<\/div>\n\t\t\t\t<\/div>\n\t\t\t\t\t<\/div>\n\t\t<\/div>\n\t\t\t\t\t<\/div>\n\t\t<\/section>\n\t\t\t\t\t<\/div>\n\t\t<\/div>\n\t\t\t\t\t<\/div>\n\t\t<\/section>\n\t\t\t\t<section class=\"elementor-section elementor-top-section elementor-element elementor-element-7c727fe elementor-section-boxed elementor-section-height-default elementor-section-height-default\" data-id=\"7c727fe\" data-element_type=\"section\">\n\t\t\t\t\t\t<div class=\"elementor-container elementor-column-gap-default\">\n\t\t\t\t\t<div class=\"elementor-column elementor-col-100 elementor-top-column elementor-element elementor-element-2675508\" data-id=\"2675508\" data-element_type=\"column\">\n\t\t\t<div class=\"elementor-widget-wrap elementor-element-populated\">\n\t\t\t\t\t\t<div class=\"elementor-element elementor-element-86f7f71 elementor-widget elementor-widget-heading\" data-id=\"86f7f71\" data-element_type=\"widget\" data-widget_type=\"heading.default\">\n\t\t\t\t<div class=\"elementor-widget-container\">\n\t\t\t\t\t<h2 class=\"elementor-heading-title elementor-size-default\">Los signos ignorados de un desastre anunciado<\/h2>\t\t\t\t<\/div>\n\t\t\t\t<\/div>\n\t\t\t\t<div class=\"elementor-element elementor-element-1931a91 elementor-widget elementor-widget-text-editor\" data-id=\"1931a91\" data-element_type=\"widget\" data-widget_type=\"text-editor.default\">\n\t\t\t\t<div class=\"elementor-widget-container\">\n\t\t\t\t\t\t\t\t\t<h3><b>Febrero &#8211; mayo de 1902: preocupaci\u00f3n creciente<\/b><\/h3><p><span style=\"font-weight: 400;\">Las primeras se\u00f1ales aparecieron ya en <\/span><b>febrero de 1902<\/b><span style=\"font-weight: 400;\">  Olores a azufre, manantiales secos, animales que huyen. El 23 de abril comenz\u00f3 una actividad eruptiva claramente identificable. La ceniza cay\u00f3 sobre las casas, una columna negra se elev\u00f3 hacia el cielo y se sintieron temblores s\u00edsmicos. El 3 de mayo, Saint-Pierre estaba cubierto de ceniza. Dos d\u00edas despu\u00e9s, una avalancha de lodo arras\u00f3 la f\u00e1brica de az\u00facar de Gu\u00e9rin, matando a 36 personas.    <\/span><\/p>\t\t\t\t\t\t\t\t<\/div>\n\t\t\t\t<\/div>\n\t\t\t\t<div class=\"elementor-element elementor-element-2efa866 elementor-widget elementor-widget-text-editor\" data-id=\"2efa866\" data-element_type=\"widget\" data-widget_type=\"text-editor.default\">\n\t\t\t\t<div class=\"elementor-widget-container\">\n\t\t\t\t\t\t\t\t\t<p><span style=\"font-weight: 400;\">A pesar de la intensificaci\u00f3n de los fen\u00f3menos, ni la poblaci\u00f3n ni las autoridades abandonaron la ciudad. El gobernador Louis Mouttet, preocupado por la segunda vuelta de las elecciones legislativas, mantuvo a los habitantes en su sitio, pensando que podr\u00eda evitar el p\u00e1nico. <\/span><\/p>\t\t\t\t\t\t\t\t<\/div>\n\t\t\t\t<\/div>\n\t\t\t\t\t<\/div>\n\t\t<\/div>\n\t\t\t\t\t<\/div>\n\t\t<\/section>\n\t\t\t\t<section class=\"elementor-section elementor-top-section elementor-element elementor-element-1a0b771 elementor-section-boxed elementor-section-height-default elementor-section-height-default\" data-id=\"1a0b771\" data-element_type=\"section\">\n\t\t\t\t\t\t<div class=\"elementor-container elementor-column-gap-default\">\n\t\t\t\t\t<div class=\"elementor-column elementor-col-100 elementor-top-column elementor-element elementor-element-345f4b7\" data-id=\"345f4b7\" data-element_type=\"column\">\n\t\t\t<div class=\"elementor-widget-wrap elementor-element-populated\">\n\t\t\t\t\t\t<div class=\"elementor-element elementor-element-d6a712a elementor-widget elementor-widget-heading\" data-id=\"d6a712a\" data-element_type=\"widget\" data-widget_type=\"heading.default\">\n\t\t\t\t<div class=\"elementor-widget-container\">\n\t\t\t\t\t<h2 class=\"elementor-heading-title elementor-size-default\">El error anal\u00edtico de los expertos<\/h2>\t\t\t\t<\/div>\n\t\t\t\t<\/div>\n\t\t\t\t<div class=\"elementor-element elementor-element-f9582c3 elementor-widget elementor-widget-text-editor\" data-id=\"f9582c3\" data-element_type=\"widget\" data-widget_type=\"text-editor.default\">\n\t\t\t\t<div class=\"elementor-widget-container\">\n\t\t\t\t\t\t\t\t\t<p><span style=\"font-weight: 400;\">La comunidad cient\u00edfica de la \u00e9poca estaba dividida. Algunos expertos predijeron una actividad volc\u00e1nica moderada, mientras que otros tem\u00edan una &#8220;erupci\u00f3n volc\u00e1nica&#8221;.   <\/span><a href=\"https:\/\/pnr-martinique.com\/visiter\/la-montagne-pelee\/\" target=\"_blank\" rel=\"noopener nofollow\"><b>erupci\u00f3n del monte Pel\u00e9e<\/b><\/a><span style=\"font-weight: 400;\">  inminente. Pero no se ha llegado a un consenso para desencadenar una evacuaci\u00f3n. El peri\u00f3dico    <\/span><i><span style=\"font-weight: 400;\">Les Antilles<\/span><\/i><span style=\"font-weight: 400;\">peri\u00f3dico influyente de Saint-Pierre, public\u00f3 el 30 de abril un art\u00edculo ir\u00f3nico titulado: &#8220;La montagne Pel\u00e9e vient nous faire manger un poisson d&#8217;avril&#8221; (&#8220;La monta\u00f1a Pel\u00e9e viene a hacernos comer una broma de abril&#8221;).<\/span><\/p>\t\t\t\t\t\t\t\t<\/div>\n\t\t\t\t<\/div>\n\t\t\t\t<div class=\"elementor-element elementor-element-a1efc79 elementor-widget elementor-widget-text-editor\" data-id=\"a1efc79\" data-element_type=\"widget\" data-widget_type=\"text-editor.default\">\n\t\t\t\t<div class=\"elementor-widget-container\">\n\t\t\t\t\t\t\t\t\t<p><span style=\"font-weight: 400;\">Esta disonancia entre los hechos observables, la ret\u00f3rica tranquilizadora y los intereses pol\u00edticos est\u00e1 impidiendo cualquier decisi\u00f3n de emergencia. El 7 de mayo, miles de personas segu\u00edan asistiendo a concentraciones p\u00fablicas en las calles de la ciudad. <\/span><\/p>\t\t\t\t\t\t\t\t<\/div>\n\t\t\t\t<\/div>\n\t\t\t\t\t<\/div>\n\t\t<\/div>\n\t\t\t\t\t<\/div>\n\t\t<\/section>\n\t\t\t\t<section class=\"elementor-section elementor-top-section elementor-element elementor-element-8d316ed elementor-section-boxed elementor-section-height-default elementor-section-height-default\" data-id=\"8d316ed\" data-element_type=\"section\">\n\t\t\t\t\t\t<div class=\"elementor-container elementor-column-gap-default\">\n\t\t\t\t\t<div class=\"elementor-column elementor-col-100 elementor-top-column elementor-element elementor-element-24699a4\" data-id=\"24699a4\" data-element_type=\"column\">\n\t\t\t<div class=\"elementor-widget-wrap elementor-element-populated\">\n\t\t\t\t\t\t<div class=\"elementor-element elementor-element-efda88a elementor-widget elementor-widget-heading\" data-id=\"efda88a\" data-element_type=\"widget\" data-widget_type=\"heading.default\">\n\t\t\t\t<div class=\"elementor-widget-container\">\n\t\t\t\t\t<h2 class=\"elementor-heading-title elementor-size-default\">8 de mayo de 1902, 8.02 h: muerte en dos minutos<\/h2>\t\t\t\t<\/div>\n\t\t\t\t<\/div>\n\t\t\t\t<div class=\"elementor-element elementor-element-eed17cf elementor-widget elementor-widget-text-editor\" data-id=\"eed17cf\" data-element_type=\"widget\" data-widget_type=\"text-editor.default\">\n\t\t\t\t<div class=\"elementor-widget-container\">\n\t\t\t\t\t\t\t\t\t<p><span style=\"font-weight: 400;\">La nu\u00e9e ardente, fen\u00f3meno t\u00edpico del vulcanismo pelele, es una mezcla sobrecalentada de gas, ceniza, roca y magma. Aquel d\u00eda se desencaden\u00f3 sin previo aviso. Alcanz\u00f3 Saint-Pierre en cuesti\u00f3n de segundos a m\u00e1s de 400 km\/h. La temperatura super\u00f3 los 500\u00b0C. Ning\u00fan edificio ni ser vivo pudo resistirlo. Los barcos del puerto explotaron. El suelo se convirti\u00f3 en ceniza. El cielo se oscureci\u00f3.       <\/span><\/p>\t\t\t\t\t\t\t\t<\/div>\n\t\t\t\t<\/div>\n\t\t\t\t<div class=\"elementor-element elementor-element-41807dc elementor-widget elementor-widget-text-editor\" data-id=\"41807dc\" data-element_type=\"widget\" data-widget_type=\"text-editor.default\">\n\t\t\t\t<div class=\"elementor-widget-container\">\n\t\t\t\t\t\t\t\t\t<p><a href=\"https:\/\/www.ouest-france.fr\/culture\/histoire\/dans-les-archives-douest-france-le-8-mai-1902-la-montagne-pelee-aneantit-une-ville-de-martinique-9f7cad60-28c5-11f0-b7b8-37276f4d776e\" target=\"_blank\" rel=\"noopener nofollow\"><b>La erupci\u00f3n del monte Pel\u00e9e<\/b><\/a><span style=\"font-weight: 400;\">  ocurri\u00f3 en un momento en que nadie lo esperaba. Un telegrama militar enviado esa misma noche a Fort-de-France por el capit\u00e1n del   <\/span><i><span style=\"font-weight: 400;\">Suchet<\/span><\/i><span style=\"font-weight: 400;\"> es inequ\u00edvoco:<\/span><\/p><p><span style=\"font-weight: 400;\">&#8220;Ciudad completamente destruida por una masa de fuego&#8230; Se supone que toda la poblaci\u00f3n ha sido aniquilada&#8221;.<\/span><\/p>\t\t\t\t\t\t\t\t<\/div>\n\t\t\t\t<\/div>\n\t\t\t\t<section class=\"elementor-section elementor-inner-section elementor-element elementor-element-fafabe8 elementor-section-boxed elementor-section-height-default elementor-section-height-default\" data-id=\"fafabe8\" data-element_type=\"section\">\n\t\t\t\t\t\t<div class=\"elementor-container elementor-column-gap-default\">\n\t\t\t\t\t<div class=\"elementor-column elementor-col-100 elementor-inner-column elementor-element elementor-element-12ce754\" data-id=\"12ce754\" data-element_type=\"column\">\n\t\t\t<div class=\"elementor-widget-wrap elementor-element-populated\">\n\t\t\t\t\t\t<div class=\"elementor-element elementor-element-d576752 elementor-widget elementor-widget-image\" data-id=\"d576752\" data-element_type=\"widget\" data-widget_type=\"image.default\">\n\t\t\t\t<div class=\"elementor-widget-container\">\n\t\t\t\t\t\t\t\t\t\t\t\t<figure class=\"wp-caption\">\n\t\t\t\t\t\t\t\t\t\t<img decoding=\"async\" width=\"800\" height=\"500\" src=\"https:\/\/richeskarayib.com\/wp-content\/uploads\/2025\/05\/Capture-decran-2025-05-08-a-19.49.37-1024x640.png\" class=\"attachment-large size-large wp-image-50841\" alt=\"\u00c9ruption de la montagne Pel\u00e9e\" srcset=\"https:\/\/richeskarayib.com\/wp-content\/uploads\/2025\/05\/Capture-decran-2025-05-08-a-19.49.37-1024x640.png 1024w, https:\/\/richeskarayib.com\/wp-content\/uploads\/2025\/05\/Capture-decran-2025-05-08-a-19.49.37-300x188.png 300w, https:\/\/richeskarayib.com\/wp-content\/uploads\/2025\/05\/Capture-decran-2025-05-08-a-19.49.37-768x480.png 768w, https:\/\/richeskarayib.com\/wp-content\/uploads\/2025\/05\/Capture-decran-2025-05-08-a-19.49.37-1320x825.png 1320w, https:\/\/richeskarayib.com\/wp-content\/uploads\/2025\/05\/Capture-decran-2025-05-08-a-19.49.37.png 1440w\" sizes=\"(max-width: 800px) 100vw, 800px\" \/>\t\t\t\t\t\t\t\t\t\t\t<figcaption class=\"widget-image-caption wp-caption-text\">\u00c9ruption de la montagne Pel\u00e9e<\/figcaption>\n\t\t\t\t\t\t\t\t\t\t<\/figure>\n\t\t\t\t\t\t\t\t\t<\/div>\n\t\t\t\t<\/div>\n\t\t\t\t\t<\/div>\n\t\t<\/div>\n\t\t\t\t\t<\/div>\n\t\t<\/section>\n\t\t\t\t\t<\/div>\n\t\t<\/div>\n\t\t\t\t\t<\/div>\n\t\t<\/section>\n\t\t\t\t<section class=\"elementor-section elementor-top-section elementor-element elementor-element-6904e1e elementor-section-boxed elementor-section-height-default elementor-section-height-default\" data-id=\"6904e1e\" data-element_type=\"section\">\n\t\t\t\t\t\t<div class=\"elementor-container elementor-column-gap-default\">\n\t\t\t\t\t<div class=\"elementor-column elementor-col-100 elementor-top-column elementor-element elementor-element-7bf759f\" data-id=\"7bf759f\" data-element_type=\"column\">\n\t\t\t<div class=\"elementor-widget-wrap elementor-element-populated\">\n\t\t\t\t\t\t<div class=\"elementor-element elementor-element-5f8f11f elementor-widget elementor-widget-heading\" data-id=\"5f8f11f\" data-element_type=\"widget\" data-widget_type=\"heading.default\">\n\t\t\t\t<div class=\"elementor-widget-container\">\n\t\t\t\t\t<h2 class=\"elementor-heading-title elementor-size-default\">El balance: una empresa hundida<\/h2>\t\t\t\t<\/div>\n\t\t\t\t<\/div>\n\t\t\t\t<div class=\"elementor-element elementor-element-e44f6f1 elementor-widget elementor-widget-text-editor\" data-id=\"e44f6f1\" data-element_type=\"widget\" data-widget_type=\"text-editor.default\">\n\t\t\t\t<div class=\"elementor-widget-container\">\n\t\t\t\t\t\t\t\t\t<h3><b>Entre 28.000 y 30.000 muertos<\/b><\/h3><p><span style=\"font-weight: 400;\">L&#8217;<\/span><b>erupci\u00f3n del monte Pel\u00e9e<\/b><span style=\"font-weight: 400;\"> mat\u00f3 a toda la poblaci\u00f3n de Saint-Pierre casi instant\u00e1neamente. Fue la cat\u00e1strofe volc\u00e1nica m\u00e1s mort\u00edfera del siglo XX. A modo de comparaci\u00f3n, super\u00f3 con creces la erupci\u00f3n del Vesubio en el a\u00f1o 79 d.C., que sepult\u00f3 Pompeya.<\/span><\/p>\t\t\t\t\t\t\t\t<\/div>\n\t\t\t\t<\/div>\n\t\t\t\t<div class=\"elementor-element elementor-element-5307700 elementor-widget elementor-widget-text-editor\" data-id=\"5307700\" data-element_type=\"widget\" data-widget_type=\"text-editor.default\">\n\t\t\t\t<div class=\"elementor-widget-container\">\n\t\t\t\t\t\t\t\t\t<p><span style=\"font-weight: 400;\">Los pocos supervivientes, que se han refugiado en las afueras de la ciudad o en refugios improvisados, hablan de un mundo al rev\u00e9s: el silencio tras la devastaci\u00f3n, los gritos ahogados entre los escombros, el calor persistente que impide a cualquiera acercarse a las ruinas.<\/span><\/p>\t\t\t\t\t\t\t\t<\/div>\n\t\t\t\t<\/div>\n\t\t\t\t\t<\/div>\n\t\t<\/div>\n\t\t\t\t\t<\/div>\n\t\t<\/section>\n\t\t\t\t<section class=\"elementor-section elementor-top-section elementor-element elementor-element-3fe5d6c elementor-section-boxed elementor-section-height-default elementor-section-height-default\" data-id=\"3fe5d6c\" data-element_type=\"section\">\n\t\t\t\t\t\t<div class=\"elementor-container elementor-column-gap-default\">\n\t\t\t\t\t<div class=\"elementor-column elementor-col-100 elementor-top-column elementor-element elementor-element-35215bd\" data-id=\"35215bd\" data-element_type=\"column\">\n\t\t\t<div class=\"elementor-widget-wrap elementor-element-populated\">\n\t\t\t\t\t\t<div class=\"elementor-element elementor-element-b2d635d elementor-widget elementor-widget-heading\" data-id=\"b2d635d\" data-element_type=\"widget\" data-widget_type=\"heading.default\">\n\t\t\t\t<div class=\"elementor-widget-container\">\n\t\t\t\t\t<h2 class=\"elementor-heading-title elementor-size-default\">Dos hombres en la historia: el milagroso<\/h2>\t\t\t\t<\/div>\n\t\t\t\t<\/div>\n\t\t\t\t<div class=\"elementor-element elementor-element-9404ad5 elementor-widget elementor-widget-text-editor\" data-id=\"9404ad5\" data-element_type=\"widget\" data-widget_type=\"text-editor.default\">\n\t\t\t\t<div class=\"elementor-widget-container\">\n\t\t\t\t\t\t\t\t\t<h3><b>Louis-Auguste Cyparis, superviviente bajo la piedra<\/b><\/h3><p><span style=\"font-weight: 400;\">Cyparis, detenido en una celda semienterrada por actos de violencia, fue encontrado quemado pero vivo. M\u00e1s tarde dir\u00eda que una ola de calor le hab\u00eda arrojado al fondo de su celda, protegido por los gruesos muros. <\/span><\/p>\t\t\t\t\t\t\t\t<\/div>\n\t\t\t\t<\/div>\n\t\t\t\t<div class=\"elementor-element elementor-element-d2d8805 elementor-widget elementor-widget-text-editor\" data-id=\"d2d8805\" data-element_type=\"widget\" data-widget_type=\"text-editor.default\">\n\t\t\t\t<div class=\"elementor-widget-container\">\n\t\t\t\t\t\t\t\t\t<p><span style=\"font-weight: 400;\">Convertido en un s\u00edmbolo de resiliencia, fue indultado y contratado por el Circo Barnum de Estados Unidos, donde fue testigo de la tragedia. Su cuerpo llevar\u00e1 las cicatrices de esta tragedia durante el resto de su vida.   <\/span><b>erupci\u00f3n del monte Pel\u00e9e<\/b><span style=\"font-weight: 400;\">.<\/span><\/p>\t\t\t\t\t\t\t\t<\/div>\n\t\t\t\t<\/div>\n\t\t\t\t<section class=\"elementor-section elementor-inner-section elementor-element elementor-element-c9b1eab elementor-section-boxed elementor-section-height-default elementor-section-height-default\" data-id=\"c9b1eab\" data-element_type=\"section\">\n\t\t\t\t\t\t<div class=\"elementor-container elementor-column-gap-default\">\n\t\t\t\t\t<div class=\"elementor-column elementor-col-100 elementor-inner-column elementor-element elementor-element-767c5c0\" data-id=\"767c5c0\" data-element_type=\"column\">\n\t\t\t<div class=\"elementor-widget-wrap elementor-element-populated\">\n\t\t\t\t\t\t<div class=\"elementor-element elementor-element-275cbb9 elementor-widget elementor-widget-image\" data-id=\"275cbb9\" data-element_type=\"widget\" data-widget_type=\"image.default\">\n\t\t\t\t<div class=\"elementor-widget-container\">\n\t\t\t\t\t\t\t\t\t\t\t\t<figure class=\"wp-caption\">\n\t\t\t\t\t\t\t\t\t\t<img decoding=\"async\" width=\"643\" height=\"1024\" src=\"https:\/\/richeskarayib.com\/wp-content\/uploads\/2025\/05\/Louis-Auguste-Cyparis-PHOTOGRAPHIE-DE-ART-Collection-643x1024.webp\" class=\"attachment-large size-large wp-image-50837\" alt=\"\u00c9ruption de la montagne Pel\u00e9e\" srcset=\"https:\/\/richeskarayib.com\/wp-content\/uploads\/2025\/05\/Louis-Auguste-Cyparis-PHOTOGRAPHIE-DE-ART-Collection-643x1024.webp 643w, https:\/\/richeskarayib.com\/wp-content\/uploads\/2025\/05\/Louis-Auguste-Cyparis-PHOTOGRAPHIE-DE-ART-Collection-188x300.webp 188w, https:\/\/richeskarayib.com\/wp-content\/uploads\/2025\/05\/Louis-Auguste-Cyparis-PHOTOGRAPHIE-DE-ART-Collection-768x1223.webp 768w, https:\/\/richeskarayib.com\/wp-content\/uploads\/2025\/05\/Louis-Auguste-Cyparis-PHOTOGRAPHIE-DE-ART-Collection-965x1536.webp 965w, https:\/\/richeskarayib.com\/wp-content\/uploads\/2025\/05\/Louis-Auguste-Cyparis-PHOTOGRAPHIE-DE-ART-Collection.webp 1206w\" sizes=\"(max-width: 643px) 100vw, 643px\" \/>\t\t\t\t\t\t\t\t\t\t\t<figcaption class=\"widget-image-caption wp-caption-text\">Louis-Auguste Cyparis.\n\u00a9National Geographic<\/figcaption>\n\t\t\t\t\t\t\t\t\t\t<\/figure>\n\t\t\t\t\t\t\t\t\t<\/div>\n\t\t\t\t<\/div>\n\t\t\t\t\t<\/div>\n\t\t<\/div>\n\t\t\t\t\t<\/div>\n\t\t<\/section>\n\t\t\t\t<div class=\"elementor-element elementor-element-518aea5 elementor-widget elementor-widget-text-editor\" data-id=\"518aea5\" data-element_type=\"widget\" data-widget_type=\"text-editor.default\">\n\t\t\t\t<div class=\"elementor-widget-container\">\n\t\t\t\t\t\t\t\t\t<h3><b>L\u00e9on Comp\u00e8re L\u00e9andre, zapatero improvisado<\/b><\/h3><p><span style=\"font-weight: 400;\">El segundo superviviente era un joven zapatero que se hab\u00eda refugiado en el s\u00f3tano de su tienda. Con quemaduras en los brazos y la cara, describe un aliento caliente, un cielo negro y quemaduras inmediatas: <\/span><\/p><p><span style=\"font-weight: 400;\">&#8220;Vi que mis piernas se volv\u00edan negras. Sub\u00ed las escaleras, la ciudad ya no exist\u00eda&#8221;.<\/span><\/p>\t\t\t\t\t\t\t\t<\/div>\n\t\t\t\t<\/div>\n\t\t\t\t\t<\/div>\n\t\t<\/div>\n\t\t\t\t\t<\/div>\n\t\t<\/section>\n\t\t\t\t<section class=\"elementor-section elementor-top-section elementor-element elementor-element-58dd14a elementor-section-boxed elementor-section-height-default elementor-section-height-default\" data-id=\"58dd14a\" data-element_type=\"section\">\n\t\t\t\t\t\t<div class=\"elementor-container elementor-column-gap-default\">\n\t\t\t\t\t<div class=\"elementor-column elementor-col-100 elementor-top-column elementor-element elementor-element-0a131ba\" data-id=\"0a131ba\" data-element_type=\"column\">\n\t\t\t<div class=\"elementor-widget-wrap elementor-element-populated\">\n\t\t\t\t\t\t<div class=\"elementor-element elementor-element-b23532a elementor-widget elementor-widget-heading\" data-id=\"b23532a\" data-element_type=\"widget\" data-widget_type=\"heading.default\">\n\t\t\t\t<div class=\"elementor-widget-container\">\n\t\t\t\t\t<h2 class=\"elementor-heading-title elementor-size-default\">Una onda expansiva global\n<\/h2>\t\t\t\t<\/div>\n\t\t\t\t<\/div>\n\t\t\t\t<div class=\"elementor-element elementor-element-22d5fc1 elementor-widget elementor-widget-text-editor\" data-id=\"22d5fc1\" data-element_type=\"widget\" data-widget_type=\"text-editor.default\">\n\t\t\t\t<div class=\"elementor-widget-container\">\n\t\t\t\t\t\t\t\t\t<h3><b>Ayuda humanitaria de emergencia<\/b><\/h3><p><span style=\"font-weight: 400;\">El 10 de mayo, los primeros barcos trajeron alimentos, tiendas, ropa y medicinas de Estados Unidos, Gran Breta\u00f1a, Italia y Alemania. El presidente Roosevelt liber\u00f3 200.000 d\u00f3lares. Algunos supervivientes llegaron a Fort-de-France, mientras que otros huyeron a Dominica y Santa Luc\u00eda. La conmoci\u00f3n fue tal que se multiplicaron los env\u00edos diplom\u00e1ticos.   <\/span><\/p>\t\t\t\t\t\t\t\t<\/div>\n\t\t\t\t<\/div>\n\t\t\t\t<div class=\"elementor-element elementor-element-667c855 elementor-widget elementor-widget-text-editor\" data-id=\"667c855\" data-element_type=\"widget\" data-widget_type=\"text-editor.default\">\n\t\t\t\t<div class=\"elementor-widget-container\">\n\t\t\t\t\t\t\t\t\t<h3><b>Implicaciones cient\u00edficas<\/b><\/h3><p><span style=\"font-weight: 400;\">L&#8217;<\/span><b>erupci\u00f3n del monte Pel\u00e9e<\/b><span style=\"font-weight: 400;\">  revolucion\u00f3 los conocimientos vulcanol\u00f3gicos. Alfred Lacroix, ge\u00f3logo enviado a la regi\u00f3n, elabor\u00f3 una tipolog\u00eda de los volcanes pelleanos. La observaci\u00f3n de las nubes ardientes se convirti\u00f3 en un eje central de la investigaci\u00f3n. Esta tragedia allan\u00f3 el camino para la vigilancia estructurada de los volcanes tropicales.   <\/span><\/p>\t\t\t\t\t\t\t\t<\/div>\n\t\t\t\t<\/div>\n\t\t\t\t\t<\/div>\n\t\t<\/div>\n\t\t\t\t\t<\/div>\n\t\t<\/section>\n\t\t\t\t<section class=\"elementor-section elementor-top-section elementor-element elementor-element-6f8228e elementor-section-boxed elementor-section-height-default elementor-section-height-default\" data-id=\"6f8228e\" data-element_type=\"section\">\n\t\t\t\t\t\t<div class=\"elementor-container elementor-column-gap-default\">\n\t\t\t\t\t<div class=\"elementor-column elementor-col-100 elementor-top-column elementor-element elementor-element-af6b18a\" data-id=\"af6b18a\" data-element_type=\"column\">\n\t\t\t<div class=\"elementor-widget-wrap elementor-element-populated\">\n\t\t\t\t\t\t<div class=\"elementor-element elementor-element-a1f6ea2 elementor-widget elementor-widget-heading\" data-id=\"a1f6ea2\" data-element_type=\"widget\" data-widget_type=\"heading.default\">\n\t\t\t\t<div class=\"elementor-widget-container\">\n\t\t\t\t\t<h2 class=\"elementor-heading-title elementor-size-default\">Saint-Pierre hoy: entre la memoria y la resiliencia<\/h2>\t\t\t\t<\/div>\n\t\t\t\t<\/div>\n\t\t\t\t<div class=\"elementor-element elementor-element-ff9ccb1 elementor-widget elementor-widget-text-editor\" data-id=\"ff9ccb1\" data-element_type=\"widget\" data-widget_type=\"text-editor.default\">\n\t\t\t\t<div class=\"elementor-widget-container\">\n\t\t\t\t\t\t\t\t\t<p><span style=\"font-weight: 400;\">La reconstrucci\u00f3n de Saint-Pierre comenz\u00f3 en 1923. La ciudad nunca recuper\u00f3 su antiguo papel. Hoy tiene unos 6.000 habitantes y conserva muchos vestigios de la erupci\u00f3n: ruinas, la prisi\u00f3n de Cyparis, una catedral parcialmente en pie y un museo vulcanol\u00f3gico.  <\/span><\/p>\t\t\t\t\t\t\t\t<\/div>\n\t\t\t\t<\/div>\n\t\t\t\t<div class=\"elementor-element elementor-element-6e28f04 elementor-widget elementor-widget-text-editor\" data-id=\"6e28f04\" data-element_type=\"widget\" data-widget_type=\"text-editor.default\">\n\t\t\t\t<div class=\"elementor-widget-container\">\n\t\t\t\t\t\t\t\t\t<p><span style=\"font-weight: 400;\">La actividad econ\u00f3mica se basa en parte en el recuerdo: turismo patrimonial, buceo en los pecios de barcos hundidos, exposiciones conmemorativas. Cada 8 de mayo se celebran ceremonias en memoria de   <\/span><b>la erupci\u00f3n del monte Pel\u00e9e<\/b><span style=\"font-weight: 400;\">.<\/span><\/p>\t\t\t\t\t\t\t\t<\/div>\n\t\t\t\t<\/div>\n\t\t\t\t\t<\/div>\n\t\t<\/div>\n\t\t\t\t\t<\/div>\n\t\t<\/section>\n\t\t\t\t<section class=\"elementor-section elementor-top-section elementor-element elementor-element-8cfd3ac elementor-section-boxed elementor-section-height-default elementor-section-height-default\" data-id=\"8cfd3ac\" data-element_type=\"section\">\n\t\t\t\t\t\t<div class=\"elementor-container elementor-column-gap-default\">\n\t\t\t\t\t<div class=\"elementor-column elementor-col-100 elementor-top-column elementor-element elementor-element-27be4fc\" data-id=\"27be4fc\" data-element_type=\"column\">\n\t\t\t<div class=\"elementor-widget-wrap elementor-element-populated\">\n\t\t\t\t\t\t<div class=\"elementor-element elementor-element-ec26390 elementor-widget elementor-widget-heading\" data-id=\"ec26390\" data-element_type=\"widget\" data-widget_type=\"heading.default\">\n\t\t\t\t<div class=\"elementor-widget-container\">\n\t\t\t\t\t<h2 class=\"elementor-heading-title elementor-size-default\">Monte Pel\u00e9e en 2025: activo pero bajo vigilancia<\/h2>\t\t\t\t<\/div>\n\t\t\t\t<\/div>\n\t\t\t\t<div class=\"elementor-element elementor-element-107174d elementor-widget elementor-widget-text-editor\" data-id=\"107174d\" data-element_type=\"widget\" data-widget_type=\"text-editor.default\">\n\t\t\t\t<div class=\"elementor-widget-container\">\n\t\t\t\t\t\t\t\t\t<p><span style=\"font-weight: 400;\">El Observatorio Vulcanol\u00f3gico y Sismol\u00f3gico de Martinica (OVSM) vigila el volc\u00e1n desde 1980. Decenas de sensores registran las deformaciones del suelo, los terremotos internos y la composici\u00f3n de los gases. En 2020, una breve alerta amarilla sirvi\u00f3 para recordar que el volc\u00e1n sigue activo.  <\/span><\/p>\t\t\t\t\t\t\t\t<\/div>\n\t\t\t\t<\/div>\n\t\t\t\t<div class=\"elementor-element elementor-element-a743f67 elementor-widget elementor-widget-text-editor\" data-id=\"a743f67\" data-element_type=\"widget\" data-widget_type=\"text-editor.default\">\n\t\t\t\t<div class=\"elementor-widget-container\">\n\t\t\t\t\t\t\t\t\t<p><span style=\"font-weight: 400;\">Los avances de la ciencia permiten ahora anticipar una posible <\/span><b>erupci\u00f3n del Monte Pel\u00e9e<\/b><span style=\"font-weight: 400;\">. La poblaci\u00f3n est\u00e1 mejor informada. Los planes de evacuaci\u00f3n estaban preparados. Pero la historia de 1902 nos recuerda que el riesgo cero no existe.  <\/span><\/p>\t\t\t\t\t\t\t\t<\/div>\n\t\t\t\t<\/div>\n\t\t\t\t\t<\/div>\n\t\t<\/div>\n\t\t\t\t\t<\/div>\n\t\t<\/section>\n\t\t\t\t<section class=\"elementor-section elementor-top-section elementor-element elementor-element-3ffa0c8 elementor-section-boxed elementor-section-height-default elementor-section-height-default\" data-id=\"3ffa0c8\" data-element_type=\"section\">\n\t\t\t\t\t\t<div class=\"elementor-container elementor-column-gap-default\">\n\t\t\t\t\t<div class=\"elementor-column elementor-col-100 elementor-top-column elementor-element elementor-element-72b7d18\" data-id=\"72b7d18\" data-element_type=\"column\">\n\t\t\t<div class=\"elementor-widget-wrap elementor-element-populated\">\n\t\t\t\t\t\t<div class=\"elementor-element elementor-element-dde53b6 elementor-widget elementor-widget-heading\" data-id=\"dde53b6\" data-element_type=\"widget\" data-widget_type=\"heading.default\">\n\t\t\t\t<div class=\"elementor-widget-container\">\n\t\t\t\t\t<h2 class=\"elementor-heading-title elementor-size-default\">123 a\u00f1os despu\u00e9s, una advertencia que sigue siendo actual<\/h2>\t\t\t\t<\/div>\n\t\t\t\t<\/div>\n\t\t\t\t<div class=\"elementor-element elementor-element-c543d2b elementor-widget elementor-widget-text-editor\" data-id=\"c543d2b\" data-element_type=\"widget\" data-widget_type=\"text-editor.default\">\n\t\t\t\t<div class=\"elementor-widget-container\">\n\t\t\t\t\t\t\t\t\t<p><b>Erupci\u00f3n del Monte Pel\u00e9e<\/b><span style=\"font-weight: 400;\">  Estas palabras suenan hoy como una advertencia. El 8 de mayo de 1902 no es s\u00f3lo una p\u00e1gina de la historia. Plantea cuestiones sobre nuestra relaci\u00f3n con el riesgo, con la naturaleza y con el poder pol\u00edtico frente a las emergencias.  <\/span><\/p>\t\t\t\t\t\t\t\t<\/div>\n\t\t\t\t<\/div>\n\t\t\t\t<div class=\"elementor-element elementor-element-22a5760 elementor-widget elementor-widget-text-editor\" data-id=\"22a5760\" data-element_type=\"widget\" data-widget_type=\"text-editor.default\">\n\t\t\t\t<div class=\"elementor-widget-container\">\n\t\t\t\t\t\t\t\t\t<p><span style=\"font-weight: 400;\">En 2025, a medida que el clima mundial aumenta los fen\u00f3menos extremos, <a href=\"https:\/\/richeskarayib.com\/es\/santa-lucia-chum-martinica-santa-lucia-salda-una-deuda-medica-de-veinte-anos\/\" target=\"_blank\" rel=\"noopener\">Martinica<\/a> sigue siendo una de las zonas m\u00e1s expuestas a los grandes riesgos naturales. El recuerdo de Saint-Pierre, que se hundi\u00f3 en el apogeo de su prosperidad, hace imperativo que nunca subestimemos las se\u00f1ales de la tierra. <\/span><\/p>\t\t\t\t\t\t\t\t<\/div>\n\t\t\t\t<\/div>\n\t\t\t\t\t<\/div>\n\t\t<\/div>\n\t\t\t\t\t<\/div>\n\t\t<\/section>\n\t\t\t\t<\/div>\n\t\t","protected":false},"excerpt":{"rendered":"<p>Erupci\u00f3n del Monte Pel\u00e9e Estas cinco palabras bastan para evocar una de las mayores tragedias naturales del siglo XX. El 8 de mayo de 1902, Saint-Pierre, entonces capital econ\u00f3mica de Martinica, fue borrada del mapa en menos de dos minutos por una nube ardiente. En 2025, 123 a\u00f1os despu\u00e9s del suceso, este trauma colectivo sigue [&hellip;]<\/p>\n","protected":false},"author":662,"featured_media":50820,"comment_status":"open","ping_status":"open","sticky":false,"template":"","format":"standard","meta":{"_acf_changed":false,"footnotes":""},"categories":[1469,839],"tags":[816],"class_list":["post-50843","post","type-post","status-publish","format-standard","has-post-thumbnail","hentry","category-historia-patrimonio","category-noticias","tag-martinique-es"],"acf":[],"_links":{"self":[{"href":"https:\/\/richeskarayib.com\/es\/wp-json\/wp\/v2\/posts\/50843","targetHints":{"allow":["GET"]}}],"collection":[{"href":"https:\/\/richeskarayib.com\/es\/wp-json\/wp\/v2\/posts"}],"about":[{"href":"https:\/\/richeskarayib.com\/es\/wp-json\/wp\/v2\/types\/post"}],"author":[{"embeddable":true,"href":"https:\/\/richeskarayib.com\/es\/wp-json\/wp\/v2\/users\/662"}],"replies":[{"embeddable":true,"href":"https:\/\/richeskarayib.com\/es\/wp-json\/wp\/v2\/comments?post=50843"}],"version-history":[{"count":0,"href":"https:\/\/richeskarayib.com\/es\/wp-json\/wp\/v2\/posts\/50843\/revisions"}],"wp:featuredmedia":[{"embeddable":true,"href":"https:\/\/richeskarayib.com\/es\/wp-json\/wp\/v2\/media\/50820"}],"wp:attachment":[{"href":"https:\/\/richeskarayib.com\/es\/wp-json\/wp\/v2\/media?parent=50843"}],"wp:term":[{"taxonomy":"category","embeddable":true,"href":"https:\/\/richeskarayib.com\/es\/wp-json\/wp\/v2\/categories?post=50843"},{"taxonomy":"post_tag","embeddable":true,"href":"https:\/\/richeskarayib.com\/es\/wp-json\/wp\/v2\/tags?post=50843"}],"curies":[{"name":"wp","href":"https:\/\/api.w.org\/{rel}","templated":true}]}}