{"id":50942,"date":"2025-05-09T03:43:34","date_gmt":"2025-05-09T07:43:34","guid":{"rendered":"https:\/\/richeskarayib.com\/santa-lucia-eclectico-llewellyn-xavier-entre-la-materia-la-luz-y-la-memoria-viva\/"},"modified":"2025-05-09T03:43:34","modified_gmt":"2025-05-09T07:43:34","slug":"santa-lucia-eclectico-llewellyn-xavier-entre-la-materia-la-luz-y-la-memoria-viva","status":"publish","type":"post","link":"https:\/\/richeskarayib.com\/es\/santa-lucia-eclectico-llewellyn-xavier-entre-la-materia-la-luz-y-la-memoria-viva\/","title":{"rendered":"Santa Luc\u00eda &#8211; Ecl\u00e9ctico: Llewellyn Xavier, entre la materia, la luz y la memoria viva"},"content":{"rendered":"\t\t<div data-elementor-type=\"wp-post\" data-elementor-id=\"50942\" class=\"elementor elementor-50942 elementor-50850\" data-elementor-post-type=\"post\">\n\t\t\t\t\t\t<section class=\"elementor-section elementor-top-section elementor-element elementor-element-9367f03 elementor-section-boxed elementor-section-height-default elementor-section-height-default\" data-id=\"9367f03\" data-element_type=\"section\">\n\t\t\t\t\t\t<div class=\"elementor-container elementor-column-gap-default\">\n\t\t\t\t\t<div class=\"elementor-column elementor-col-100 elementor-top-column elementor-element elementor-element-77e2e75\" data-id=\"77e2e75\" data-element_type=\"column\">\n\t\t\t<div class=\"elementor-widget-wrap elementor-element-populated\">\n\t\t\t\t\t\t<div class=\"elementor-element elementor-element-7638d24 elementor-widget elementor-widget-text-editor\" data-id=\"7638d24\" data-element_type=\"widget\" data-widget_type=\"text-editor.default\">\n\t\t\t\t<div class=\"elementor-widget-container\">\n\t\t\t\t\t\t\t\t\t<p><strong data-start=\"613\" data-end=\"802\">Ecl\u00e9cticas:<\/strong> las obras del artista <a href=\"https:\/\/richeskarayib.com\/es\/santa-lucia-philip-j-pierre-dirige-las-conversaciones-diplomaticas-decisivas-entre-la-oeco-y-estados-unidos\/\" target=\"_blank\" rel=\"noopener\">de Sainte-Lucien<\/a><strong data-start=\"613\" data-end=\"802\"> <a href=\"https:\/\/llewellynxavier.com\/\" target=\"_blank\" rel=\"noopener nofollow\">Llewellyn<\/a> <\/strong>Xavier toman la Fondation Cl\u00e9ment. El artista presenta<strong> una exposici\u00f3n profundamente personal, <\/strong>a caballo entre la abstracci\u00f3n, el empaste y los fragmentos po\u00e9ticos. <\/p><p>En esta exposici\u00f3n, <strong data-start=\"613\" data-end=\"802\">Llewellyn Xavier<\/strong> prosigue sus investigaciones sobre el color, la luz y la materia, sin abandonar nunca la libertad del gesto. Dos obras evocan directamente el Caribe &#8211;   <em data-start=\"988\" data-end=\"1013\">Cr\u00f3nicas de Santa Luc\u00eda <\/em>  y <em data-start=\"1017\" data-end=\"1028\">Fuego Fr\u00edo-<\/em>, pero el conjunto va mucho m\u00e1s all\u00e1 de las fronteras geogr\u00e1ficas, en un espacio creativo abierto.<\/p><p>Conoce a una figura importante de la escena caribe\u00f1a contempor\u00e1nea, cuya obra combina color, percepci\u00f3n, espiritualidad y reflexi\u00f3n sobre la creaci\u00f3n.<\/p>\t\t\t\t\t\t\t\t<\/div>\n\t\t\t\t<\/div>\n\t\t\t\t<div class=\"elementor-element elementor-element-52969df elementor-widget elementor-widget-image\" data-id=\"52969df\" data-element_type=\"widget\" data-widget_type=\"image.default\">\n\t\t\t\t<div class=\"elementor-widget-container\">\n\t\t\t\t\t\t\t\t\t\t\t\t\t\t\t<img fetchpriority=\"high\" decoding=\"async\" width=\"800\" height=\"451\" src=\"https:\/\/richeskarayib.com\/wp-content\/uploads\/2025\/05\/20250424_202101-1024x577.jpg\" class=\"attachment-large size-large wp-image-50894\" alt=\"Llewellyn Xavier\" srcset=\"https:\/\/richeskarayib.com\/wp-content\/uploads\/2025\/05\/20250424_202101-1024x577.jpg 1024w, https:\/\/richeskarayib.com\/wp-content\/uploads\/2025\/05\/20250424_202101-300x169.jpg 300w, https:\/\/richeskarayib.com\/wp-content\/uploads\/2025\/05\/20250424_202101-768x432.jpg 768w, https:\/\/richeskarayib.com\/wp-content\/uploads\/2025\/05\/20250424_202101-1536x865.jpg 1536w, https:\/\/richeskarayib.com\/wp-content\/uploads\/2025\/05\/20250424_202101-1320x743.jpg 1320w, https:\/\/richeskarayib.com\/wp-content\/uploads\/2025\/05\/20250424_202101.jpg 1920w\" sizes=\"(max-width: 800px) 100vw, 800px\" \/>\t\t\t\t\t\t\t\t\t\t\t\t\t\t\t<\/div>\n\t\t\t\t<\/div>\n\t\t\t\t\t<\/div>\n\t\t<\/div>\n\t\t\t\t\t<\/div>\n\t\t<\/section>\n\t\t\t\t<section class=\"elementor-section elementor-top-section elementor-element elementor-element-de593f4 elementor-section-boxed elementor-section-height-default elementor-section-height-default\" data-id=\"de593f4\" data-element_type=\"section\">\n\t\t\t\t\t\t<div class=\"elementor-container elementor-column-gap-default\">\n\t\t\t\t\t<div class=\"elementor-column elementor-col-100 elementor-top-column elementor-element elementor-element-4a9ca1c\" data-id=\"4a9ca1c\" data-element_type=\"column\">\n\t\t\t<div class=\"elementor-widget-wrap elementor-element-populated\">\n\t\t\t\t\t\t<div class=\"elementor-element elementor-element-bac1c62 elementor-widget elementor-widget-heading\" data-id=\"bac1c62\" data-element_type=\"widget\" data-widget_type=\"heading.default\">\n\t\t\t\t<div class=\"elementor-widget-container\">\n\t\t\t\t\t<h2 class=\"elementor-heading-title elementor-size-default\">Una pr\u00e1ctica libre, entre intuici\u00f3n, materia y percepci\u00f3n<\/h2>\t\t\t\t<\/div>\n\t\t\t\t<\/div>\n\t\t\t\t<div class=\"elementor-element elementor-element-f354be2 elementor-widget elementor-widget-text-editor\" data-id=\"f354be2\" data-element_type=\"widget\" data-widget_type=\"text-editor.default\">\n\t\t\t\t<div class=\"elementor-widget-container\">\n\t\t\t\t\t\t\t\t\t<p class=\"\" data-start=\"828\" data-end=\"1180\">Llewellyn Xavier se describe a s\u00ed mismo desde el principio como un artista multimedia, no en el sentido tecnol\u00f3gico de la palabra, sino porque utiliza distintos medios y t\u00e9cnicas. Explica: <em data-start=\"1011\" data-end=\"1083\">&#8220;Creo que soy, a todos los efectos, un artista multimedia&#8221;.<\/em> Una afirmaci\u00f3n sencilla que dice mucho de su enfoque: abierto, sin divisiones y en evoluci\u00f3n. <\/p><p class=\"\" data-start=\"1182\" data-end=\"1562\"><strong data-start=\"613\" data-end=\"802\">Llewellyn Xavier<\/strong> distingue varios grupos en sus obras. Se mencionan directamente dos obras:   <em data-start=\"1273\" data-end=\"1302\">Cr\u00f3nicas de Santa Luc\u00eda <\/em>y <em data-start=\"1307\" data-end=\"1318\">Fuego fr\u00edo<\/em>, con influencias de Martinica. Junto a ellos, presenta grandes lienzos trabajados en impasto -donde la materia se deposita en gruesas capas- y otros m\u00e1s peque\u00f1os, fragmentados, con, seg\u00fan sus palabras, <em data-start=\"1532\" data-end=\"1561\">&#8220;un toque de fantas\u00eda&#8221;.<\/em> <\/p>\t\t\t\t\t\t\t\t<\/div>\n\t\t\t\t<\/div>\n\t\t\t\t<div class=\"elementor-element elementor-element-61d05bf elementor-widget elementor-widget-image\" data-id=\"61d05bf\" data-element_type=\"widget\" data-widget_type=\"image.default\">\n\t\t\t\t<div class=\"elementor-widget-container\">\n\t\t\t\t\t\t\t\t\t\t\t\t\t\t\t<img decoding=\"async\" width=\"800\" height=\"450\" src=\"https:\/\/richeskarayib.com\/wp-content\/uploads\/2025\/05\/DJI_20250424203021_0334_D-1024x576.jpg\" class=\"attachment-large size-large wp-image-50870\" alt=\"Llewellyn Xavier\" srcset=\"https:\/\/richeskarayib.com\/wp-content\/uploads\/2025\/05\/DJI_20250424203021_0334_D-1024x576.jpg 1024w, https:\/\/richeskarayib.com\/wp-content\/uploads\/2025\/05\/DJI_20250424203021_0334_D-300x169.jpg 300w, https:\/\/richeskarayib.com\/wp-content\/uploads\/2025\/05\/DJI_20250424203021_0334_D-768x432.jpg 768w, https:\/\/richeskarayib.com\/wp-content\/uploads\/2025\/05\/DJI_20250424203021_0334_D-1536x864.jpg 1536w, https:\/\/richeskarayib.com\/wp-content\/uploads\/2025\/05\/DJI_20250424203021_0334_D-1320x743.jpg 1320w, https:\/\/richeskarayib.com\/wp-content\/uploads\/2025\/05\/DJI_20250424203021_0334_D.jpg 1920w\" sizes=\"(max-width: 800px) 100vw, 800px\" \/>\t\t\t\t\t\t\t\t\t\t\t\t\t\t\t<\/div>\n\t\t\t\t<\/div>\n\t\t\t\t<div class=\"elementor-element elementor-element-15d77ed elementor-widget elementor-widget-text-editor\" data-id=\"15d77ed\" data-element_type=\"widget\" data-widget_type=\"text-editor.default\">\n\t\t\t\t<div class=\"elementor-widget-container\">\n\t\t\t\t\t\t\t\t\t<p>M\u00e1s all\u00e1 de los t\u00edtulos, es la relaci\u00f3n con la imagen y la percepci\u00f3n lo que estructura su obra. Algunas de sus obras contienen muchos elementos figurativos, pero \u00e9stos no son inmediatamente aparentes. <em data-start=\"1760\" data-end=\"1880\">&#8220;Si las estudias, dependiendo de la distancia, la luz y los reflejos, ves formas diferentes en la obra.<\/em> Esta atenci\u00f3n a la experiencia visual, a la mirada en movimiento, confiere a sus cuadros una dimensi\u00f3n casi meditativa. <\/p>\t\t\t\t\t\t\t\t<\/div>\n\t\t\t\t<\/div>\n\t\t\t\t\t<\/div>\n\t\t<\/div>\n\t\t\t\t\t<\/div>\n\t\t<\/section>\n\t\t\t\t<section class=\"elementor-section elementor-top-section elementor-element elementor-element-eb0b680 elementor-section-boxed elementor-section-height-default elementor-section-height-default\" data-id=\"eb0b680\" data-element_type=\"section\">\n\t\t\t\t\t\t<div class=\"elementor-container elementor-column-gap-default\">\n\t\t\t\t\t<div class=\"elementor-column elementor-col-100 elementor-top-column elementor-element elementor-element-1b29e7f\" data-id=\"1b29e7f\" data-element_type=\"column\">\n\t\t\t<div class=\"elementor-widget-wrap elementor-element-populated\">\n\t\t\t\t\t\t<div class=\"elementor-element elementor-element-31aa178 elementor-widget elementor-widget-heading\" data-id=\"31aa178\" data-element_type=\"widget\" data-widget_type=\"heading.default\">\n\t\t\t\t<div class=\"elementor-widget-container\">\n\t\t\t\t\t<h2 class=\"elementor-heading-title elementor-size-default\">Color, material y compromiso sin requerimiento<\/h2>\t\t\t\t<\/div>\n\t\t\t\t<\/div>\n\t\t\t\t<div class=\"elementor-element elementor-element-7b4b54a elementor-widget elementor-widget-text-editor\" data-id=\"7b4b54a\" data-element_type=\"widget\" data-widget_type=\"text-editor.default\">\n\t\t\t\t<div class=\"elementor-widget-container\">\n\t\t\t\t\t\t\t\t\t<p class=\"\" data-start=\"2066\" data-end=\"2339\">Cuando se le pregunta por el color, Llewellyn Xavier admite que los colores que utiliza suelen ser muy puros, <em data-start=\"2160\" data-end=\"2188\">&#8220;sin \u00e1nimo de presumir&#8221;,<\/em> dice con humildad. No intenta impresionar ni hacer demostraciones. Su obra se basa en una relaci\u00f3n personal con el material y el gesto.  <\/p><p class=\"\" data-start=\"2341\" data-end=\"2740\">La obra de Llewellyn Xavier no es expl\u00edcitamente militante, pero est\u00e1 impregnada de experiencias, lugares y encuentros. En particular, habla de su amistad con Laurent Val\u00e8re, artista de Martinica, al que describe simplemente como <em data-start=\"2561\" data-end=\"2583\">&#8220;un artista muy bueno&#8221;.<\/em> Esta referencia sobria pero sincera dice mucho de su relaci\u00f3n con la comunidad art\u00edstica caribe\u00f1a: una relaci\u00f3n de intercambio y respeto mutuo, sin prepotencia.  <\/p>\t\t\t\t\t\t\t\t<\/div>\n\t\t\t\t<\/div>\n\t\t\t\t<section class=\"elementor-section elementor-inner-section elementor-element elementor-element-7a4ba49 elementor-section-boxed elementor-section-height-default elementor-section-height-default\" data-id=\"7a4ba49\" data-element_type=\"section\">\n\t\t\t\t\t\t<div class=\"elementor-container elementor-column-gap-default\">\n\t\t\t\t\t<div class=\"elementor-column elementor-col-50 elementor-inner-column elementor-element elementor-element-5ac5f7b\" data-id=\"5ac5f7b\" data-element_type=\"column\">\n\t\t\t<div class=\"elementor-widget-wrap elementor-element-populated\">\n\t\t\t\t\t\t<div class=\"elementor-element elementor-element-3254360 elementor-widget elementor-widget-image\" data-id=\"3254360\" data-element_type=\"widget\" data-widget_type=\"image.default\">\n\t\t\t\t<div class=\"elementor-widget-container\">\n\t\t\t\t\t\t\t\t\t\t\t\t\t\t\t<img decoding=\"async\" width=\"576\" height=\"1024\" src=\"https:\/\/richeskarayib.com\/wp-content\/uploads\/2025\/05\/DJI_20250424202957_0333_D-576x1024.jpg\" class=\"attachment-large size-large wp-image-50866\" alt=\"Llewellyn Xavier\" srcset=\"https:\/\/richeskarayib.com\/wp-content\/uploads\/2025\/05\/DJI_20250424202957_0333_D-576x1024.jpg 576w, https:\/\/richeskarayib.com\/wp-content\/uploads\/2025\/05\/DJI_20250424202957_0333_D-169x300.jpg 169w, https:\/\/richeskarayib.com\/wp-content\/uploads\/2025\/05\/DJI_20250424202957_0333_D-768x1365.jpg 768w, https:\/\/richeskarayib.com\/wp-content\/uploads\/2025\/05\/DJI_20250424202957_0333_D-864x1536.jpg 864w, https:\/\/richeskarayib.com\/wp-content\/uploads\/2025\/05\/DJI_20250424202957_0333_D.jpg 1080w\" sizes=\"(max-width: 576px) 100vw, 576px\" \/>\t\t\t\t\t\t\t\t\t\t\t\t\t\t\t<\/div>\n\t\t\t\t<\/div>\n\t\t\t\t\t<\/div>\n\t\t<\/div>\n\t\t\t\t<div class=\"elementor-column elementor-col-50 elementor-inner-column elementor-element elementor-element-77dba1e\" data-id=\"77dba1e\" data-element_type=\"column\">\n\t\t\t<div class=\"elementor-widget-wrap elementor-element-populated\">\n\t\t\t\t\t\t<div class=\"elementor-element elementor-element-685e982 elementor-widget elementor-widget-image\" data-id=\"685e982\" data-element_type=\"widget\" data-widget_type=\"image.default\">\n\t\t\t\t<div class=\"elementor-widget-container\">\n\t\t\t\t\t\t\t\t\t\t\t\t\t\t\t<img loading=\"lazy\" decoding=\"async\" width=\"576\" height=\"1024\" src=\"https:\/\/richeskarayib.com\/wp-content\/uploads\/2025\/05\/DJI_20250424203222_0338_D-576x1024.jpg\" class=\"attachment-large size-large wp-image-50886\" alt=\"Llewellyn Xavier\" srcset=\"https:\/\/richeskarayib.com\/wp-content\/uploads\/2025\/05\/DJI_20250424203222_0338_D-576x1024.jpg 576w, https:\/\/richeskarayib.com\/wp-content\/uploads\/2025\/05\/DJI_20250424203222_0338_D-169x300.jpg 169w, https:\/\/richeskarayib.com\/wp-content\/uploads\/2025\/05\/DJI_20250424203222_0338_D-768x1365.jpg 768w, https:\/\/richeskarayib.com\/wp-content\/uploads\/2025\/05\/DJI_20250424203222_0338_D-864x1536.jpg 864w, https:\/\/richeskarayib.com\/wp-content\/uploads\/2025\/05\/DJI_20250424203222_0338_D.jpg 1080w\" sizes=\"(max-width: 576px) 100vw, 576px\" \/>\t\t\t\t\t\t\t\t\t\t\t\t\t\t\t<\/div>\n\t\t\t\t<\/div>\n\t\t\t\t\t<\/div>\n\t\t<\/div>\n\t\t\t\t\t<\/div>\n\t\t<\/section>\n\t\t\t\t<div class=\"elementor-element elementor-element-06c50e9 elementor-widget elementor-widget-text-editor\" data-id=\"06c50e9\" data-element_type=\"widget\" data-widget_type=\"text-editor.default\">\n\t\t\t\t<div class=\"elementor-widget-container\">\n\t\t\t\t\t\t\t\t\t<p>En cuanto a la transmisi\u00f3n de sus conocimientos, su postura es clara. <em data-start=\"2791\" data-end=\"2992\">&#8220;Si un joven acude a m\u00ed y me pregunta: &#8216;\u00bfDeber\u00eda hacerme artista? Pero si alguien me dice: &#8216;Quiero ser artista, eso es lo que quiero hacer&#8217;, entonces le animo al 100%&#8221;.<\/em> No se trata de convencer, sino de reconocer una necesidad interior, un deseo declarado. El arte, cree, no es algo que se impone: es algo que se experimenta. <\/p>\t\t\t\t\t\t\t\t<\/div>\n\t\t\t\t<\/div>\n\t\t\t\t<div class=\"elementor-element elementor-element-a16cfb8 elementor-widget elementor-widget-image\" data-id=\"a16cfb8\" data-element_type=\"widget\" data-widget_type=\"image.default\">\n\t\t\t\t<div class=\"elementor-widget-container\">\n\t\t\t\t\t\t\t\t\t\t\t\t\t\t\t<img loading=\"lazy\" decoding=\"async\" width=\"800\" height=\"450\" src=\"https:\/\/richeskarayib.com\/wp-content\/uploads\/2025\/05\/DJI_20250424203041_0335_D-1024x576.jpg\" class=\"attachment-large size-large wp-image-50874\" alt=\"Llewellyn Xavier\" srcset=\"https:\/\/richeskarayib.com\/wp-content\/uploads\/2025\/05\/DJI_20250424203041_0335_D-1024x576.jpg 1024w, https:\/\/richeskarayib.com\/wp-content\/uploads\/2025\/05\/DJI_20250424203041_0335_D-300x169.jpg 300w, https:\/\/richeskarayib.com\/wp-content\/uploads\/2025\/05\/DJI_20250424203041_0335_D-768x432.jpg 768w, https:\/\/richeskarayib.com\/wp-content\/uploads\/2025\/05\/DJI_20250424203041_0335_D-1536x864.jpg 1536w, https:\/\/richeskarayib.com\/wp-content\/uploads\/2025\/05\/DJI_20250424203041_0335_D-1320x743.jpg 1320w, https:\/\/richeskarayib.com\/wp-content\/uploads\/2025\/05\/DJI_20250424203041_0335_D.jpg 1920w\" sizes=\"(max-width: 800px) 100vw, 800px\" \/>\t\t\t\t\t\t\t\t\t\t\t\t\t\t\t<\/div>\n\t\t\t\t<\/div>\n\t\t\t\t\t<\/div>\n\t\t<\/div>\n\t\t\t\t\t<\/div>\n\t\t<\/section>\n\t\t\t\t<section class=\"elementor-section elementor-top-section elementor-element elementor-element-b0b552a elementor-section-boxed elementor-section-height-default elementor-section-height-default\" data-id=\"b0b552a\" data-element_type=\"section\">\n\t\t\t\t\t\t<div class=\"elementor-container elementor-column-gap-default\">\n\t\t\t\t\t<div class=\"elementor-column elementor-col-100 elementor-top-column elementor-element elementor-element-e4efc96\" data-id=\"e4efc96\" data-element_type=\"column\">\n\t\t\t<div class=\"elementor-widget-wrap elementor-element-populated\">\n\t\t\t\t\t\t<div class=\"elementor-element elementor-element-462fa02 elementor-widget elementor-widget-heading\" data-id=\"462fa02\" data-element_type=\"widget\" data-widget_type=\"heading.default\">\n\t\t\t\t<div class=\"elementor-widget-container\">\n\t\t\t\t\t<h2 class=\"elementor-heading-title elementor-size-default\">Una exposici\u00f3n para descubrir, sin instrucciones<\/h2>\t\t\t\t<\/div>\n\t\t\t\t<\/div>\n\t\t\t\t<div class=\"elementor-element elementor-element-b9fec23 elementor-widget elementor-widget-text-editor\" data-id=\"b9fec23\" data-element_type=\"widget\" data-widget_type=\"text-editor.default\">\n\t\t\t\t<div class=\"elementor-widget-container\">\n\t\t\t\t\t\t\t\t\t<p>Con esta exposici\u00f3n en la <a href=\"https:\/\/www.fondation-clement.org\/\" target=\"_blank\" rel=\"noopener nofollow\">Fundaci\u00f3n Cl\u00e9ment<\/a>, Llewellyn Xavier no propone una narraci\u00f3n lineal ni una demostraci\u00f3n de estilo. Ofrece un conjunto de obras que pueden abordarse de muchas maneras distintas. Cada una de ellas nos invita a detenernos y a echar una nueva mirada. No proporciona una \u00fanica clave de lectura de la obra, sino que nos invita a sentir, a mirar de otro modo, a acercarnos, a alejarnos, a dejar que la luz revele lo que se oculta a primera vista.   <\/p>\t\t\t\t\t\t\t\t<\/div>\n\t\t\t\t<\/div>\n\t\t\t\t<div class=\"elementor-element elementor-element-54a299e elementor-widget elementor-widget-image\" data-id=\"54a299e\" data-element_type=\"widget\" data-widget_type=\"image.default\">\n\t\t\t\t<div class=\"elementor-widget-container\">\n\t\t\t\t\t\t\t\t\t\t\t\t\t\t\t<img loading=\"lazy\" decoding=\"async\" width=\"800\" height=\"450\" src=\"https:\/\/richeskarayib.com\/wp-content\/uploads\/2025\/05\/DJI_20250424203051_0336_D-1024x576.jpg\" class=\"attachment-large size-large wp-image-50878\" alt=\"Llewellyn Xavier\" srcset=\"https:\/\/richeskarayib.com\/wp-content\/uploads\/2025\/05\/DJI_20250424203051_0336_D-1024x576.jpg 1024w, https:\/\/richeskarayib.com\/wp-content\/uploads\/2025\/05\/DJI_20250424203051_0336_D-300x169.jpg 300w, https:\/\/richeskarayib.com\/wp-content\/uploads\/2025\/05\/DJI_20250424203051_0336_D-768x432.jpg 768w, https:\/\/richeskarayib.com\/wp-content\/uploads\/2025\/05\/DJI_20250424203051_0336_D-1536x864.jpg 1536w, https:\/\/richeskarayib.com\/wp-content\/uploads\/2025\/05\/DJI_20250424203051_0336_D-1320x743.jpg 1320w, https:\/\/richeskarayib.com\/wp-content\/uploads\/2025\/05\/DJI_20250424203051_0336_D.jpg 1920w\" sizes=\"(max-width: 800px) 100vw, 800px\" \/>\t\t\t\t\t\t\t\t\t\t\t\t\t\t\t<\/div>\n\t\t\t\t<\/div>\n\t\t\t\t<section class=\"elementor-section elementor-inner-section elementor-element elementor-element-46e9f82 elementor-section-boxed elementor-section-height-default elementor-section-height-default\" data-id=\"46e9f82\" data-element_type=\"section\">\n\t\t\t\t\t\t<div class=\"elementor-container elementor-column-gap-default\">\n\t\t\t\t\t<div class=\"elementor-column elementor-col-50 elementor-inner-column elementor-element elementor-element-33ac182\" data-id=\"33ac182\" data-element_type=\"column\">\n\t\t\t<div class=\"elementor-widget-wrap elementor-element-populated\">\n\t\t\t\t\t\t<div class=\"elementor-element elementor-element-674672a elementor-widget elementor-widget-image\" data-id=\"674672a\" data-element_type=\"widget\" data-widget_type=\"image.default\">\n\t\t\t\t<div class=\"elementor-widget-container\">\n\t\t\t\t\t\t\t\t\t\t\t\t\t\t\t<img loading=\"lazy\" decoding=\"async\" width=\"576\" height=\"1024\" src=\"https:\/\/richeskarayib.com\/wp-content\/uploads\/2025\/05\/DJI_20250424203208_0337_D-576x1024.jpg\" class=\"attachment-large size-large wp-image-50882\" alt=\"Llewellyn Xavier\" srcset=\"https:\/\/richeskarayib.com\/wp-content\/uploads\/2025\/05\/DJI_20250424203208_0337_D-576x1024.jpg 576w, https:\/\/richeskarayib.com\/wp-content\/uploads\/2025\/05\/DJI_20250424203208_0337_D-169x300.jpg 169w, https:\/\/richeskarayib.com\/wp-content\/uploads\/2025\/05\/DJI_20250424203208_0337_D-768x1365.jpg 768w, https:\/\/richeskarayib.com\/wp-content\/uploads\/2025\/05\/DJI_20250424203208_0337_D-864x1536.jpg 864w, https:\/\/richeskarayib.com\/wp-content\/uploads\/2025\/05\/DJI_20250424203208_0337_D.jpg 1080w\" sizes=\"(max-width: 576px) 100vw, 576px\" \/>\t\t\t\t\t\t\t\t\t\t\t\t\t\t\t<\/div>\n\t\t\t\t<\/div>\n\t\t\t\t<div class=\"elementor-element elementor-element-fa1c746 elementor-widget elementor-widget-image\" data-id=\"fa1c746\" data-element_type=\"widget\" data-widget_type=\"image.default\">\n\t\t\t\t<div class=\"elementor-widget-container\">\n\t\t\t\t\t\t\t\t\t\t\t\t\t\t\t<img loading=\"lazy\" decoding=\"async\" width=\"576\" height=\"1024\" src=\"https:\/\/richeskarayib.com\/wp-content\/uploads\/2025\/05\/DJI_20250424203234_0339_D-576x1024.jpg\" class=\"attachment-large size-large wp-image-50890\" alt=\"Llewellyn Xavier\" srcset=\"https:\/\/richeskarayib.com\/wp-content\/uploads\/2025\/05\/DJI_20250424203234_0339_D-576x1024.jpg 576w, https:\/\/richeskarayib.com\/wp-content\/uploads\/2025\/05\/DJI_20250424203234_0339_D-169x300.jpg 169w, https:\/\/richeskarayib.com\/wp-content\/uploads\/2025\/05\/DJI_20250424203234_0339_D-768x1365.jpg 768w, https:\/\/richeskarayib.com\/wp-content\/uploads\/2025\/05\/DJI_20250424203234_0339_D-864x1536.jpg 864w, https:\/\/richeskarayib.com\/wp-content\/uploads\/2025\/05\/DJI_20250424203234_0339_D.jpg 1080w\" sizes=\"(max-width: 576px) 100vw, 576px\" \/>\t\t\t\t\t\t\t\t\t\t\t\t\t\t\t<\/div>\n\t\t\t\t<\/div>\n\t\t\t\t\t<\/div>\n\t\t<\/div>\n\t\t\t\t<div class=\"elementor-column elementor-col-50 elementor-inner-column elementor-element elementor-element-9675278\" data-id=\"9675278\" data-element_type=\"column\">\n\t\t\t<div class=\"elementor-widget-wrap elementor-element-populated\">\n\t\t\t\t\t\t<div class=\"elementor-element elementor-element-ac6d77f elementor-widget elementor-widget-image\" data-id=\"ac6d77f\" data-element_type=\"widget\" data-widget_type=\"image.default\">\n\t\t\t\t<div class=\"elementor-widget-container\">\n\t\t\t\t\t\t\t\t\t\t\t\t\t\t\t<img loading=\"lazy\" decoding=\"async\" width=\"576\" height=\"1024\" src=\"https:\/\/richeskarayib.com\/wp-content\/uploads\/2025\/05\/DJI_20250424202927_0331_D-576x1024.jpg\" class=\"attachment-large size-large wp-image-50858\" alt=\"Llewellyn Xavier\" srcset=\"https:\/\/richeskarayib.com\/wp-content\/uploads\/2025\/05\/DJI_20250424202927_0331_D-576x1024.jpg 576w, https:\/\/richeskarayib.com\/wp-content\/uploads\/2025\/05\/DJI_20250424202927_0331_D-169x300.jpg 169w, https:\/\/richeskarayib.com\/wp-content\/uploads\/2025\/05\/DJI_20250424202927_0331_D-768x1365.jpg 768w, https:\/\/richeskarayib.com\/wp-content\/uploads\/2025\/05\/DJI_20250424202927_0331_D-864x1536.jpg 864w, https:\/\/richeskarayib.com\/wp-content\/uploads\/2025\/05\/DJI_20250424202927_0331_D.jpg 1080w\" sizes=\"(max-width: 576px) 100vw, 576px\" \/>\t\t\t\t\t\t\t\t\t\t\t\t\t\t\t<\/div>\n\t\t\t\t<\/div>\n\t\t\t\t<div class=\"elementor-element elementor-element-222ba19 elementor-widget elementor-widget-image\" data-id=\"222ba19\" data-element_type=\"widget\" data-widget_type=\"image.default\">\n\t\t\t\t<div class=\"elementor-widget-container\">\n\t\t\t\t\t\t\t\t\t\t\t\t\t\t\t<img loading=\"lazy\" decoding=\"async\" width=\"576\" height=\"1024\" src=\"https:\/\/richeskarayib.com\/wp-content\/uploads\/2025\/05\/DJI_20250424202940_0332_D-576x1024.jpg\" class=\"attachment-large size-large wp-image-50862\" alt=\"Llewellyn Xavier\" srcset=\"https:\/\/richeskarayib.com\/wp-content\/uploads\/2025\/05\/DJI_20250424202940_0332_D-576x1024.jpg 576w, https:\/\/richeskarayib.com\/wp-content\/uploads\/2025\/05\/DJI_20250424202940_0332_D-169x300.jpg 169w, https:\/\/richeskarayib.com\/wp-content\/uploads\/2025\/05\/DJI_20250424202940_0332_D-768x1365.jpg 768w, https:\/\/richeskarayib.com\/wp-content\/uploads\/2025\/05\/DJI_20250424202940_0332_D-864x1536.jpg 864w, https:\/\/richeskarayib.com\/wp-content\/uploads\/2025\/05\/DJI_20250424202940_0332_D.jpg 1080w\" sizes=\"(max-width: 576px) 100vw, 576px\" \/>\t\t\t\t\t\t\t\t\t\t\t\t\t\t\t<\/div>\n\t\t\t\t<\/div>\n\t\t\t\t\t<\/div>\n\t\t<\/div>\n\t\t\t\t\t<\/div>\n\t\t<\/section>\n\t\t\t\t\t<\/div>\n\t\t<\/div>\n\t\t\t\t\t<\/div>\n\t\t<\/section>\n\t\t\t\t<section class=\"elementor-section elementor-top-section elementor-element elementor-element-0b0bfec elementor-section-boxed elementor-section-height-default elementor-section-height-default\" data-id=\"0b0bfec\" data-element_type=\"section\">\n\t\t\t\t\t\t<div class=\"elementor-container elementor-column-gap-default\">\n\t\t\t\t\t<div class=\"elementor-column elementor-col-100 elementor-top-column elementor-element elementor-element-4e0813f\" data-id=\"4e0813f\" data-element_type=\"column\">\n\t\t\t<div class=\"elementor-widget-wrap elementor-element-populated\">\n\t\t\t\t\t\t<div class=\"elementor-element elementor-element-64f5044 elementor-widget elementor-widget-heading\" data-id=\"64f5044\" data-element_type=\"widget\" data-widget_type=\"heading.default\">\n\t\t\t\t<div class=\"elementor-widget-container\">\n\t\t\t\t\t<h2 class=\"elementor-heading-title elementor-size-default\">Una exposici\u00f3n para descubrir en la Fundaci\u00f3n Cl\u00e9ment<\/h2>\t\t\t\t<\/div>\n\t\t\t\t<\/div>\n\t\t\t\t<div class=\"elementor-element elementor-element-cd004bc elementor-widget elementor-widget-text-editor\" data-id=\"cd004bc\" data-element_type=\"widget\" data-widget_type=\"text-editor.default\">\n\t\t\t\t<div class=\"elementor-widget-container\">\n\t\t\t\t\t\t\t\t\t<p>Esta exposici\u00f3n en la Fundaci\u00f3n Cl\u00e9ment presenta una selecci\u00f3n de obras recientes de Llewellyn Xavier, que demuestran la riqueza de su pr\u00e1ctica pict\u00f3rica y su reflexi\u00f3n sobre la percepci\u00f3n, la materia y el gesto art\u00edstico.<\/p><p>\ud83d\udccd <strong>Exposici\u00f3n : Ecl\u00e9ctica<\/strong><br>\ud83d\udcc5 <strong>24.04.2025 al 15.06.2025<\/strong><br>\ud83d\udccc <strong>Fundaci\u00f3n Cl\u00e9ment, Le Fran\u00e7ois &#8211; Martinica<\/strong><\/p>\t\t\t\t\t\t\t\t<\/div>\n\t\t\t\t<\/div>\n\t\t\t\t\t<\/div>\n\t\t<\/div>\n\t\t\t\t\t<\/div>\n\t\t<\/section>\n\t\t\t\t<section class=\"elementor-section elementor-top-section elementor-element elementor-element-08cd275 elementor-section-boxed elementor-section-height-default elementor-section-height-default\" data-id=\"08cd275\" data-element_type=\"section\">\n\t\t\t\t\t\t<div class=\"elementor-container elementor-column-gap-default\">\n\t\t\t\t\t<div class=\"elementor-column elementor-col-50 elementor-top-column elementor-element elementor-element-67f0356\" data-id=\"67f0356\" data-element_type=\"column\">\n\t\t\t<div class=\"elementor-widget-wrap\">\n\t\t\t\t\t\t\t<\/div>\n\t\t<\/div>\n\t\t\t\t<div class=\"elementor-column elementor-col-50 elementor-top-column elementor-element elementor-element-5b0d0b8\" data-id=\"5b0d0b8\" data-element_type=\"column\">\n\t\t\t<div class=\"elementor-widget-wrap elementor-element-populated\">\n\t\t\t\t\t\t<div class=\"elementor-element elementor-element-3c71d68 elementor-widget elementor-widget-image\" data-id=\"3c71d68\" data-element_type=\"widget\" data-widget_type=\"image.default\">\n\t\t\t\t<div class=\"elementor-widget-container\">\n\t\t\t\t\t\t\t\t\t\t\t\t\t\t\t<img loading=\"lazy\" decoding=\"async\" width=\"800\" height=\"800\" src=\"https:\/\/richeskarayib.com\/wp-content\/uploads\/2025\/04\/Copie-de-Copie-de-Martinique-Video-Facebook-1-1024x1024.png\" class=\"attachment-large size-large wp-image-50383\" alt=\"\" srcset=\"https:\/\/richeskarayib.com\/wp-content\/uploads\/2025\/04\/Copie-de-Copie-de-Martinique-Video-Facebook-1-1024x1024.png 1024w, https:\/\/richeskarayib.com\/wp-content\/uploads\/2025\/04\/Copie-de-Copie-de-Martinique-Video-Facebook-1-300x300.png 300w, https:\/\/richeskarayib.com\/wp-content\/uploads\/2025\/04\/Copie-de-Copie-de-Martinique-Video-Facebook-1-150x150.png 150w, https:\/\/richeskarayib.com\/wp-content\/uploads\/2025\/04\/Copie-de-Copie-de-Martinique-Video-Facebook-1-768x768.png 768w, https:\/\/richeskarayib.com\/wp-content\/uploads\/2025\/04\/Copie-de-Copie-de-Martinique-Video-Facebook-1-1536x1536.png 1536w, https:\/\/richeskarayib.com\/wp-content\/uploads\/2025\/04\/Copie-de-Copie-de-Martinique-Video-Facebook-1-1320x1320.png 1320w, https:\/\/richeskarayib.com\/wp-content\/uploads\/2025\/04\/Copie-de-Copie-de-Martinique-Video-Facebook-1.png 1755w\" sizes=\"(max-width: 800px) 100vw, 800px\" \/>\t\t\t\t\t\t\t\t\t\t\t\t\t\t\t<\/div>\n\t\t\t\t<\/div>\n\t\t\t\t\t<\/div>\n\t\t<\/div>\n\t\t\t\t\t<\/div>\n\t\t<\/section>\n\t\t\t\t<\/div>\n\t\t","protected":false},"excerpt":{"rendered":"<p>Ecl\u00e9cticas: las obras del artista de Sainte-Lucien Llewellyn Xavier toman la Fondation Cl\u00e9ment. El artista presenta una exposici\u00f3n profundamente personal, a caballo entre la abstracci\u00f3n, el empaste y los fragmentos po\u00e9ticos. En esta exposici\u00f3n, Llewellyn Xavier prosigue sus investigaciones sobre el color, la luz y la materia, sin abandonar nunca la libertad del gesto. Dos [&hellip;]<\/p>\n","protected":false},"author":47,"featured_media":50854,"comment_status":"open","ping_status":"open","sticky":false,"template":"","format":"standard","meta":{"_acf_changed":false,"footnotes":""},"categories":[809],"tags":[816,1594],"class_list":["post-50942","post","type-post","status-publish","format-standard","has-post-thumbnail","hentry","category-artes-visuales","tag-martinique-es","tag-sainte-lucie-es"],"acf":[],"_links":{"self":[{"href":"https:\/\/richeskarayib.com\/es\/wp-json\/wp\/v2\/posts\/50942","targetHints":{"allow":["GET"]}}],"collection":[{"href":"https:\/\/richeskarayib.com\/es\/wp-json\/wp\/v2\/posts"}],"about":[{"href":"https:\/\/richeskarayib.com\/es\/wp-json\/wp\/v2\/types\/post"}],"author":[{"embeddable":true,"href":"https:\/\/richeskarayib.com\/es\/wp-json\/wp\/v2\/users\/47"}],"replies":[{"embeddable":true,"href":"https:\/\/richeskarayib.com\/es\/wp-json\/wp\/v2\/comments?post=50942"}],"version-history":[{"count":0,"href":"https:\/\/richeskarayib.com\/es\/wp-json\/wp\/v2\/posts\/50942\/revisions"}],"wp:featuredmedia":[{"embeddable":true,"href":"https:\/\/richeskarayib.com\/es\/wp-json\/wp\/v2\/media\/50854"}],"wp:attachment":[{"href":"https:\/\/richeskarayib.com\/es\/wp-json\/wp\/v2\/media?parent=50942"}],"wp:term":[{"taxonomy":"category","embeddable":true,"href":"https:\/\/richeskarayib.com\/es\/wp-json\/wp\/v2\/categories?post=50942"},{"taxonomy":"post_tag","embeddable":true,"href":"https:\/\/richeskarayib.com\/es\/wp-json\/wp\/v2\/tags?post=50942"}],"curies":[{"name":"wp","href":"https:\/\/api.w.org\/{rel}","templated":true}]}}