{"id":51083,"date":"2025-05-11T07:56:51","date_gmt":"2025-05-11T11:56:51","guid":{"rendered":"https:\/\/richeskarayib.com\/un-nuevo-servicio-aereo-directo-entre-quebec-y-fort-de-france-un-puente-estrategico-para-el-turismo-y-la-economia\/"},"modified":"2025-05-12T04:34:15","modified_gmt":"2025-05-12T08:34:15","slug":"un-nuevo-servicio-aereo-directo-entre-quebec-y-fort-de-france-un-puente-estrategico-para-el-turismo-y-la-economia","status":"publish","type":"post","link":"https:\/\/richeskarayib.com\/es\/un-nuevo-servicio-aereo-directo-entre-quebec-y-fort-de-france-un-puente-estrategico-para-el-turismo-y-la-economia\/","title":{"rendered":"Un nuevo servicio a\u00e9reo directo entre Quebec y Fort-de-France: un puente estrat\u00e9gico para el turismo y la econom\u00eda"},"content":{"rendered":"\t\t<div data-elementor-type=\"wp-post\" data-elementor-id=\"51083\" class=\"elementor elementor-51083 elementor-51033\" data-elementor-post-type=\"post\">\n\t\t\t\t\t\t<section class=\"elementor-section elementor-top-section elementor-element elementor-element-7f68ce2 elementor-section-boxed elementor-section-height-default elementor-section-height-default\" data-id=\"7f68ce2\" data-element_type=\"section\">\n\t\t\t\t\t\t<div class=\"elementor-container elementor-column-gap-default\">\n\t\t\t\t\t<div class=\"elementor-column elementor-col-100 elementor-top-column elementor-element elementor-element-f14e61c\" data-id=\"f14e61c\" data-element_type=\"column\">\n\t\t\t<div class=\"elementor-widget-wrap elementor-element-populated\">\n\t\t\t\t\t\t<div class=\"elementor-element elementor-element-b127a15 elementor-widget elementor-widget-text-editor\" data-id=\"b127a15\" data-element_type=\"widget\" data-widget_type=\"text-editor.default\">\n\t\t\t\t<div class=\"elementor-widget-container\">\n\t\t\t\t\t\t\t\t\t<p><a href=\"https:\/\/richeskarayib.com\/es\/martinica-erupcion-del-monte-pelee-123-anos-despues-la-isla-recuerda-el-8-de-mayo-de-1902\/\" target=\"_blank\" rel=\"noopener\">Martinica<\/a> da un gran paso adelante en su estrategia de diversificaci\u00f3n tur\u00edstica con el anuncio de un servicio directo entre Quebec y Fort-de-France, operado por <a href=\"https:\/\/richeskarayib.com\/es\/granada-refuerzo-de-los-servicios-de-verano-air-canada-aumenta-la-frecuencia-de-vuelos-entre-toronto-y-granada\/\" target=\"_blank\" rel=\"noopener\">Air Canada<\/a> a partir del 7 de diciembre de 2025. Este nuevo servicio se suma a las rutas existentes desde Montreal y Toronto, consolidando los v\u00ednculos entre el Caribe franc\u00e9s y la provincia franc\u00f3fona de Canad\u00e1. <\/p>\t\t\t\t\t\t\t\t<\/div>\n\t\t\t\t<\/div>\n\t\t\t\t\t<\/div>\n\t\t<\/div>\n\t\t\t\t\t<\/div>\n\t\t<\/section>\n\t\t\t\t<section class=\"elementor-section elementor-top-section elementor-element elementor-element-b72590d elementor-section-boxed elementor-section-height-default elementor-section-height-default\" data-id=\"b72590d\" data-element_type=\"section\">\n\t\t\t\t\t\t<div class=\"elementor-container elementor-column-gap-default\">\n\t\t\t\t\t<div class=\"elementor-column elementor-col-100 elementor-top-column elementor-element elementor-element-525f1ff\" data-id=\"525f1ff\" data-element_type=\"column\">\n\t\t\t<div class=\"elementor-widget-wrap elementor-element-populated\">\n\t\t\t\t\t\t<div class=\"elementor-element elementor-element-045bd83 elementor-widget elementor-widget-heading\" data-id=\"045bd83\" data-element_type=\"widget\" data-widget_type=\"heading.default\">\n\t\t\t\t<div class=\"elementor-widget-container\">\n\t\t\t\t\t<h2 class=\"elementor-heading-title elementor-size-default\">Un paso estrat\u00e9gico hacia la diversificaci\u00f3n del mercado<\/h2>\t\t\t\t<\/div>\n\t\t\t\t<\/div>\n\t\t\t\t<div class=\"elementor-element elementor-element-cb1ffab elementor-widget elementor-widget-text-editor\" data-id=\"cb1ffab\" data-element_type=\"widget\" data-widget_type=\"text-editor.default\">\n\t\t\t\t<div class=\"elementor-widget-container\">\n\t\t\t\t\t\t\t\t\t<p data-pm-slice=\"1 1 []\">Para <a href=\"https:\/\/www.linkedin.com\/in\/b%C3%A9n%C3%A9dicte-di-geronimo-6852209b\/?originalSubdomain=mq\" target=\"_blank\" rel=\"noopener nofollow\">B\u00e9n\u00e9dicte Di G\u00e9ronimo<\/a>, Presidenta del Comit\u00e9 Martiniquais du Tourisme (CMT), este nuevo enlace directo representa un gran paso adelante en la visi\u00f3n del CMT: &#8220;Nuestra ambici\u00f3n es clara: reducir nuestra dependencia del mercado franc\u00e9s y abrir nuevos mercados emisores a largo plazo. Canad\u00e1, y en particular la provincia de Quebec, es un socio natural con el que compartimos lengua, afinidades culturales y una gran complementariedad&#8221;.<\/p><p data-pm-slice=\"1 1 []\">Subraya el reto estructural de esta estrategia: &#8220;No se trata de operaciones puntuales, sino de establecer relaciones duraderas con las compa\u00f1\u00edas a\u00e9reas, las agencias, los medios de comunicaci\u00f3n y los viajeros. Esta l\u00ednea con la ciudad de Quebec es fruto de un di\u00e1logo que dura ya varios a\u00f1os, y el inicio de un nuevo ciclo &#8220;para convencer a las compa\u00f1\u00edas a\u00e9reas&#8221;. Tambi\u00e9n es una forma de aprovechar las oportunidades&#8221;, subraya B\u00e9n\u00e9dicte Di G\u00e9ronimo, que ha encabezado esta iniciativa con SAMAC, el operador del aeropuerto Aim\u00e9 C\u00e9saire. <\/p>\t\t\t\t\t\t\t\t<\/div>\n\t\t\t\t<\/div>\n\t\t\t\t<div class=\"elementor-element elementor-element-23a1d5c elementor-widget elementor-widget-image\" data-id=\"23a1d5c\" data-element_type=\"widget\" data-widget_type=\"image.default\">\n\t\t\t\t<div class=\"elementor-widget-container\">\n\t\t\t\t\t\t\t\t\t\t\t\t<figure class=\"wp-caption\">\n\t\t\t\t\t\t\t\t\t\t<img fetchpriority=\"high\" decoding=\"async\" width=\"800\" height=\"752\" src=\"https:\/\/richeskarayib.com\/wp-content\/uploads\/2025\/05\/WhatsApp-Image-2025-05-10-a-13.56.40_9d0d75e2-1024x963.jpg\" class=\"attachment-large size-large wp-image-51041\" alt=\"Martinique\" srcset=\"https:\/\/richeskarayib.com\/wp-content\/uploads\/2025\/05\/WhatsApp-Image-2025-05-10-a-13.56.40_9d0d75e2-1024x963.jpg 1024w, https:\/\/richeskarayib.com\/wp-content\/uploads\/2025\/05\/WhatsApp-Image-2025-05-10-a-13.56.40_9d0d75e2-300x282.jpg 300w, https:\/\/richeskarayib.com\/wp-content\/uploads\/2025\/05\/WhatsApp-Image-2025-05-10-a-13.56.40_9d0d75e2-768x722.jpg 768w, https:\/\/richeskarayib.com\/wp-content\/uploads\/2025\/05\/WhatsApp-Image-2025-05-10-a-13.56.40_9d0d75e2-1536x1444.jpg 1536w, https:\/\/richeskarayib.com\/wp-content\/uploads\/2025\/05\/WhatsApp-Image-2025-05-10-a-13.56.40_9d0d75e2-1320x1241.jpg 1320w, https:\/\/richeskarayib.com\/wp-content\/uploads\/2025\/05\/WhatsApp-Image-2025-05-10-a-13.56.40_9d0d75e2.jpg 1599w\" sizes=\"(max-width: 800px) 100vw, 800px\" \/>\t\t\t\t\t\t\t\t\t\t\t<figcaption class=\"widget-image-caption wp-caption-text\">B\u00e9n\u00e9dicte Di G\u00e9ronimo<\/figcaption>\n\t\t\t\t\t\t\t\t\t\t<\/figure>\n\t\t\t\t\t\t\t\t\t<\/div>\n\t\t\t\t<\/div>\n\t\t\t\t<div class=\"elementor-element elementor-element-1d547db elementor-widget elementor-widget-text-editor\" data-id=\"1d547db\" data-element_type=\"widget\" data-widget_type=\"text-editor.default\">\n\t\t\t\t<div class=\"elementor-widget-container\">\n\t\t\t\t\t\t\t\t\t<p>&#8220;Esta nueva ruta es una se\u00f1al excelente. Demuestra que el desarrollo del turismo en Martinica va por buen camino, con opciones claras para diversificar el mercado&#8221;. Recuerda que el reto es tambi\u00e9n hacer que estos servicios sean sostenibles: &#8220;Tenemos que seguir trabajando para que nuestros distintos proyectos acaben fructificando y se integren a largo plazo&#8221;.<\/p><p>Esta nueva ruta tiene un objetivo claro: diversificar los flujos tur\u00edsticos m\u00e1s all\u00e1 del mercado franc\u00e9s, que sigue representando el 68% de los turistas. Canad\u00e1, que registra un fuerte crecimiento (+44% entre 2019 y 2023), ha demostrado su potencial, gracias sobre todo a una clientela franc\u00f3fona activa e interesada en estancias largas. <\/p>\t\t\t\t\t\t\t\t<\/div>\n\t\t\t\t<\/div>\n\t\t\t\t\t<\/div>\n\t\t<\/div>\n\t\t\t\t\t<\/div>\n\t\t<\/section>\n\t\t\t\t<section class=\"elementor-section elementor-top-section elementor-element elementor-element-9df4738 elementor-section-boxed elementor-section-height-default elementor-section-height-default\" data-id=\"9df4738\" data-element_type=\"section\">\n\t\t\t\t\t\t<div class=\"elementor-container elementor-column-gap-default\">\n\t\t\t\t\t<div class=\"elementor-column elementor-col-100 elementor-top-column elementor-element elementor-element-85eeb23\" data-id=\"85eeb23\" data-element_type=\"column\">\n\t\t\t<div class=\"elementor-widget-wrap elementor-element-populated\">\n\t\t\t\t\t\t<div class=\"elementor-element elementor-element-8a2c012 elementor-widget elementor-widget-heading\" data-id=\"8a2c012\" data-element_type=\"widget\" data-widget_type=\"heading.default\">\n\t\t\t\t<div class=\"elementor-widget-container\">\n\t\t\t\t\t<h2 class=\"elementor-heading-title elementor-size-default\">Recursos para garantizar el futuro\n<\/h2>\t\t\t\t<\/div>\n\t\t\t\t<\/div>\n\t\t\t\t<div class=\"elementor-element elementor-element-57b236b elementor-widget elementor-widget-text-editor\" data-id=\"57b236b\" data-element_type=\"widget\" data-widget_type=\"text-editor.default\">\n\t\t\t\t<div class=\"elementor-widget-container\">\n\t\t\t\t\t\t\t\t\t<p data-pm-slice=\"1 1 []\">De diciembre de 2025 a abril de 2026, el vuelo semanal de los domingos entre Quebec y Fort-de-France ser\u00e1 operado por un Boeing 737 de 169 plazas, con una clase business de alta gama. En total, se ofrecer\u00e1n m\u00e1s de 7.000 plazas. <\/p><p>Para apoyar el lanzamiento, SAMAC ha puesto en marcha un apoyo log\u00edstico y financiero, que incluye la reducci\u00f3n de las tasas aeroportuarias durante 24 meses, campa\u00f1as locales de marketing y facilidades para el encaminamiento de pasajeros.<\/p>\t\t\t\t\t\t\t\t<\/div>\n\t\t\t\t<\/div>\n\t\t\t\t<div class=\"elementor-element elementor-element-14a2779 elementor-widget elementor-widget-image\" data-id=\"14a2779\" data-element_type=\"widget\" data-widget_type=\"image.default\">\n\t\t\t\t<div class=\"elementor-widget-container\">\n\t\t\t\t\t\t\t\t\t\t\t\t<figure class=\"wp-caption\">\n\t\t\t\t\t\t\t\t\t\t<img decoding=\"async\" width=\"800\" height=\"800\" src=\"https:\/\/richeskarayib.com\/wp-content\/uploads\/2025\/05\/WhatsApp-Image-2025-05-10-a-14.57.08_a55f1251-1024x1024.jpg\" class=\"attachment-large size-large wp-image-51053\" alt=\"Martinique\" srcset=\"https:\/\/richeskarayib.com\/wp-content\/uploads\/2025\/05\/WhatsApp-Image-2025-05-10-a-14.57.08_a55f1251-1024x1024.jpg 1024w, https:\/\/richeskarayib.com\/wp-content\/uploads\/2025\/05\/WhatsApp-Image-2025-05-10-a-14.57.08_a55f1251-300x300.jpg 300w, https:\/\/richeskarayib.com\/wp-content\/uploads\/2025\/05\/WhatsApp-Image-2025-05-10-a-14.57.08_a55f1251-150x150.jpg 150w, https:\/\/richeskarayib.com\/wp-content\/uploads\/2025\/05\/WhatsApp-Image-2025-05-10-a-14.57.08_a55f1251-768x767.jpg 768w, https:\/\/richeskarayib.com\/wp-content\/uploads\/2025\/05\/WhatsApp-Image-2025-05-10-a-14.57.08_a55f1251-1320x1319.jpg 1320w, https:\/\/richeskarayib.com\/wp-content\/uploads\/2025\/05\/WhatsApp-Image-2025-05-10-a-14.57.08_a55f1251.jpg 1333w\" sizes=\"(max-width: 800px) 100vw, 800px\" \/>\t\t\t\t\t\t\t\t\t\t\t<figcaption class=\"widget-image-caption wp-caption-text\">Nathalie S\u00e9bastien<\/figcaption>\n\t\t\t\t\t\t\t\t\t\t<\/figure>\n\t\t\t\t\t\t\t\t\t<\/div>\n\t\t\t\t<\/div>\n\t\t\t\t<div class=\"elementor-element elementor-element-60f6414 elementor-widget elementor-widget-text-editor\" data-id=\"60f6414\" data-element_type=\"widget\" data-widget_type=\"text-editor.default\">\n\t\t\t\t<div class=\"elementor-widget-container\">\n\t\t\t\t\t\t\t\t\t<p data-pm-slice=\"1 1 []\"><a href=\"https:\/\/www.linkedin.com\/in\/nathalie-sebastien-74b19464\/?trk=public_post_reshare-text&amp;originalSubdomain=mq\" target=\"_blank\" rel=\"noopener nofollow\">Nathalie S\u00e9bastien<\/a>, Presidenta del Consejo de Administraci\u00f3n de SAMAC, declar\u00f3: &#8220;El aeropuerto Aim\u00e9 C\u00e9saire est\u00e1 dise\u00f1ado para acoger hasta 3 millones de pasajeros. Todo se ha dise\u00f1ado para que esta nueva ruta encaje perfectamente, optimizando los recursos log\u00edsticos, humanos y tecnol\u00f3gicos. Y a\u00f1adi\u00f3: &#8220;Vamos a apoyar el futuro a largo plazo de la ruta mediante dos palancas: el apoyo al marketing para desarrollar el flujo de vuelos desde Martinica, y el apoyo financiero para animar a Air Canada.<\/p>\t\t\t\t\t\t\t\t<\/div>\n\t\t\t\t<\/div>\n\t\t\t\t\t<\/div>\n\t\t<\/div>\n\t\t\t\t\t<\/div>\n\t\t<\/section>\n\t\t\t\t<section class=\"elementor-section elementor-top-section elementor-element elementor-element-6510679 elementor-section-boxed elementor-section-height-default elementor-section-height-default\" data-id=\"6510679\" data-element_type=\"section\">\n\t\t\t\t\t\t<div class=\"elementor-container elementor-column-gap-default\">\n\t\t\t\t\t<div class=\"elementor-column elementor-col-100 elementor-top-column elementor-element elementor-element-ce95d14\" data-id=\"ce95d14\" data-element_type=\"column\">\n\t\t\t<div class=\"elementor-widget-wrap elementor-element-populated\">\n\t\t\t\t\t\t<div class=\"elementor-element elementor-element-1039337 elementor-widget elementor-widget-heading\" data-id=\"1039337\" data-element_type=\"widget\" data-widget_type=\"heading.default\">\n\t\t\t\t<div class=\"elementor-widget-container\">\n\t\t\t\t\t<h2 class=\"elementor-heading-title elementor-size-default\">Trabajo en equipo real<\/h2>\t\t\t\t<\/div>\n\t\t\t\t<\/div>\n\t\t\t\t<div class=\"elementor-element elementor-element-48edb12 elementor-widget elementor-widget-text-editor\" data-id=\"48edb12\" data-element_type=\"widget\" data-widget_type=\"text-editor.default\">\n\t\t\t\t<div class=\"elementor-widget-container\">\n\t\t\t\t\t\t\t\t\t<p data-pm-slice=\"1 1 []\">Seg\u00fan Val\u00e9rie C\u00e9sarine, Directora de Ventas y Marketing de SAMAC: &#8220;Este trabajo minucioso est\u00e1 dando buenas noticias en t\u00e9rminos de conectividad. Es un \u00e9xito colectivo que refleja el compromiso de toda una regi\u00f3n.<\/p>\t\t\t\t\t\t\t\t<\/div>\n\t\t\t\t<\/div>\n\t\t\t\t<div class=\"elementor-element elementor-element-0ebf9a7 elementor-widget elementor-widget-image\" data-id=\"0ebf9a7\" data-element_type=\"widget\" data-widget_type=\"image.default\">\n\t\t\t\t<div class=\"elementor-widget-container\">\n\t\t\t\t\t\t\t\t\t\t\t\t<figure class=\"wp-caption\">\n\t\t\t\t\t\t\t\t\t\t<img decoding=\"async\" width=\"800\" height=\"549\" src=\"https:\/\/richeskarayib.com\/wp-content\/uploads\/2025\/05\/WhatsApp-Image-2025-05-10-a-14.34.11_e52c5458-1024x703.jpg\" class=\"attachment-large size-large wp-image-51045\" alt=\"Martinique\" srcset=\"https:\/\/richeskarayib.com\/wp-content\/uploads\/2025\/05\/WhatsApp-Image-2025-05-10-a-14.34.11_e52c5458-1024x703.jpg 1024w, https:\/\/richeskarayib.com\/wp-content\/uploads\/2025\/05\/WhatsApp-Image-2025-05-10-a-14.34.11_e52c5458-300x206.jpg 300w, https:\/\/richeskarayib.com\/wp-content\/uploads\/2025\/05\/WhatsApp-Image-2025-05-10-a-14.34.11_e52c5458-768x528.jpg 768w, https:\/\/richeskarayib.com\/wp-content\/uploads\/2025\/05\/WhatsApp-Image-2025-05-10-a-14.34.11_e52c5458-1536x1055.jpg 1536w, https:\/\/richeskarayib.com\/wp-content\/uploads\/2025\/05\/WhatsApp-Image-2025-05-10-a-14.34.11_e52c5458-1320x907.jpg 1320w, https:\/\/richeskarayib.com\/wp-content\/uploads\/2025\/05\/WhatsApp-Image-2025-05-10-a-14.34.11_e52c5458.jpg 1600w\" sizes=\"(max-width: 800px) 100vw, 800px\" \/>\t\t\t\t\t\t\t\t\t\t\t<figcaption class=\"widget-image-caption wp-caption-text\">Val\u00e9rie C\u00e9sarine<\/figcaption>\n\t\t\t\t\t\t\t\t\t\t<\/figure>\n\t\t\t\t\t\t\t\t\t<\/div>\n\t\t\t\t<\/div>\n\t\t\t\t<div class=\"elementor-element elementor-element-88a237c elementor-widget elementor-widget-text-editor\" data-id=\"88a237c\" data-element_type=\"widget\" data-widget_type=\"text-editor.default\">\n\t\t\t\t<div class=\"elementor-widget-container\">\n\t\t\t\t\t\t\t\t\t<p data-pm-slice=\"1 1 []\">Este \u00e9xito se basa en un esfuerzo conjunto. <strong>&#8220;Todos los departamentos de SAMAC estaban llamados a acoger este vuelo en<\/strong> las mejores condiciones posibles: desde el departamento de Desarrollo Aeron\u00e1utico, que pilot\u00f3 el proyecto con Air Canada, hasta los equipos de operaciones que preparan las instalaciones para las nuevas franjas horarias, el departamento inform\u00e1tico para la integraci\u00f3n de los sistemas de tratamiento de pasajeros, los departamentos jur\u00eddico y contable para ajustar los contratos y las condiciones de las tasas, sin olvidar la conformidad aeroportuaria, esencial para garantizar la seguridad y la fluidez de las operaciones&#8221;, insiste<strong> Val\u00e9rie C\u00e9sarine<\/strong>. <\/p>\t\t\t\t\t\t\t\t<\/div>\n\t\t\t\t<\/div>\n\t\t\t\t\t<\/div>\n\t\t<\/div>\n\t\t\t\t\t<\/div>\n\t\t<\/section>\n\t\t\t\t<section class=\"elementor-section elementor-top-section elementor-element elementor-element-88b8968 elementor-section-boxed elementor-section-height-default elementor-section-height-default\" data-id=\"88b8968\" data-element_type=\"section\">\n\t\t\t\t\t\t<div class=\"elementor-container elementor-column-gap-default\">\n\t\t\t\t\t<div class=\"elementor-column elementor-col-100 elementor-top-column elementor-element elementor-element-6461af8\" data-id=\"6461af8\" data-element_type=\"column\">\n\t\t\t<div class=\"elementor-widget-wrap elementor-element-populated\">\n\t\t\t\t\t\t<div class=\"elementor-element elementor-element-a8f1f88 elementor-widget elementor-widget-heading\" data-id=\"a8f1f88\" data-element_type=\"widget\" data-widget_type=\"heading.default\">\n\t\t\t\t<div class=\"elementor-widget-container\">\n\t\t\t\t\t<h2 class=\"elementor-heading-title elementor-size-default\">Una clara orientaci\u00f3n hacia la gastronom\u00eda y la naturaleza\n<\/h2>\t\t\t\t<\/div>\n\t\t\t\t<\/div>\n\t\t\t\t<div class=\"elementor-element elementor-element-0efc2d8 elementor-widget elementor-widget-text-editor\" data-id=\"0efc2d8\" data-element_type=\"widget\" data-widget_type=\"text-editor.default\">\n\t\t\t\t<div class=\"elementor-widget-container\">\n\t\t\t\t\t\t\t\t\t<p data-pm-slice=\"1 1 []\">El CMT ha elegido dos pilares para construir una fuerte identidad con el p\u00fablico canadiense: la gastronom\u00eda y la biodiversidad. &#8220;Es importante ser visible en un territorio que env\u00eda mensajes. <\/p><p data-pm-slice=\"1 1 []\">La visibilidad crea v\u00ednculos casi indestructibles&#8221;, afirma <a href=\"https:\/\/www.linkedin.com\/in\/bruno-brival-4b879117\/?originalSubdomain=mq\" target=\"_blank\" rel=\"noopener nofollow\">Bruno Brival<\/a>, Director General de la CMT. Esta estrategia se refleja en el festival Martinique Gourmande, as\u00ed como en campa\u00f1as espec\u00edficas y ferias comerciales. <\/p>\t\t\t\t\t\t\t\t<\/div>\n\t\t\t\t<\/div>\n\t\t\t\t<div class=\"elementor-element elementor-element-e5e22be elementor-widget elementor-widget-image\" data-id=\"e5e22be\" data-element_type=\"widget\" data-widget_type=\"image.default\">\n\t\t\t\t<div class=\"elementor-widget-container\">\n\t\t\t\t\t\t\t\t\t\t\t\t<figure class=\"wp-caption\">\n\t\t\t\t\t\t\t\t\t\t<img loading=\"lazy\" decoding=\"async\" width=\"800\" height=\"582\" src=\"https:\/\/richeskarayib.com\/wp-content\/uploads\/2025\/05\/WhatsApp-Image-2025-05-10-a-14.42.07_b48ab0ea-1024x745.jpg\" class=\"attachment-large size-large wp-image-51049\" alt=\"Martinique\" srcset=\"https:\/\/richeskarayib.com\/wp-content\/uploads\/2025\/05\/WhatsApp-Image-2025-05-10-a-14.42.07_b48ab0ea-1024x745.jpg 1024w, https:\/\/richeskarayib.com\/wp-content\/uploads\/2025\/05\/WhatsApp-Image-2025-05-10-a-14.42.07_b48ab0ea-300x218.jpg 300w, https:\/\/richeskarayib.com\/wp-content\/uploads\/2025\/05\/WhatsApp-Image-2025-05-10-a-14.42.07_b48ab0ea-768x558.jpg 768w, https:\/\/richeskarayib.com\/wp-content\/uploads\/2025\/05\/WhatsApp-Image-2025-05-10-a-14.42.07_b48ab0ea.jpg 1264w\" sizes=\"(max-width: 800px) 100vw, 800px\" \/>\t\t\t\t\t\t\t\t\t\t\t<figcaption class=\"widget-image-caption wp-caption-text\">Bruno Brival<\/figcaption>\n\t\t\t\t\t\t\t\t\t\t<\/figure>\n\t\t\t\t\t\t\t\t\t<\/div>\n\t\t\t\t<\/div>\n\t\t\t\t\t<\/div>\n\t\t<\/div>\n\t\t\t\t\t<\/div>\n\t\t<\/section>\n\t\t\t\t<section class=\"elementor-section elementor-top-section elementor-element elementor-element-a0a0d48 elementor-section-boxed elementor-section-height-default elementor-section-height-default\" data-id=\"a0a0d48\" data-element_type=\"section\">\n\t\t\t\t\t\t<div class=\"elementor-container elementor-column-gap-default\">\n\t\t\t\t\t<div class=\"elementor-column elementor-col-100 elementor-top-column elementor-element elementor-element-6c995f8\" data-id=\"6c995f8\" data-element_type=\"column\">\n\t\t\t<div class=\"elementor-widget-wrap elementor-element-populated\">\n\t\t\t\t\t\t<div class=\"elementor-element elementor-element-f45f0a7 elementor-widget elementor-widget-heading\" data-id=\"f45f0a7\" data-element_type=\"widget\" data-widget_type=\"heading.default\">\n\t\t\t\t<div class=\"elementor-widget-container\">\n\t\t\t\t\t<h2 class=\"elementor-heading-title elementor-size-default\">Una ambiciosa estrategia de marketing apoyada por la CMT\n<\/h2>\t\t\t\t<\/div>\n\t\t\t\t<\/div>\n\t\t\t\t<div class=\"elementor-element elementor-element-c12208b elementor-widget elementor-widget-text-editor\" data-id=\"c12208b\" data-element_type=\"widget\" data-widget_type=\"text-editor.default\">\n\t\t\t\t<div class=\"elementor-widget-container\">\n\t\t\t\t\t\t\t\t\t<p data-pm-slice=\"1 1 []\"><a href=\"https:\/\/www.linkedin.com\/in\/gaetan-paderna-85933a\/?originalSubdomain=mq\" target=\"_blank\" rel=\"noopener nofollow\">Ga\u00ebtan Paderna<\/a>, Director de Marketing de la CMT, a\u00f1ade: &#8220;Ya hemos movilizado a hoteleros, empresas de alquiler y proveedores de actividades para construir una oferta competitiva y clara.<\/p>\t\t\t\t\t\t\t\t<\/div>\n\t\t\t\t<\/div>\n\t\t\t\t<div class=\"elementor-element elementor-element-b106a4f elementor-widget elementor-widget-image\" data-id=\"b106a4f\" data-element_type=\"widget\" data-widget_type=\"image.default\">\n\t\t\t\t<div class=\"elementor-widget-container\">\n\t\t\t\t\t\t\t\t\t\t\t\t<figure class=\"wp-caption\">\n\t\t\t\t\t\t\t\t\t\t<img loading=\"lazy\" decoding=\"async\" width=\"800\" height=\"712\" src=\"https:\/\/richeskarayib.com\/wp-content\/uploads\/2025\/05\/WhatsApp-Image-2025-05-10-a-15.04.58_49a5a180-1024x911.jpg\" class=\"attachment-large size-large wp-image-51057\" alt=\"Martinique\" srcset=\"https:\/\/richeskarayib.com\/wp-content\/uploads\/2025\/05\/WhatsApp-Image-2025-05-10-a-15.04.58_49a5a180-1024x911.jpg 1024w, https:\/\/richeskarayib.com\/wp-content\/uploads\/2025\/05\/WhatsApp-Image-2025-05-10-a-15.04.58_49a5a180-300x267.jpg 300w, https:\/\/richeskarayib.com\/wp-content\/uploads\/2025\/05\/WhatsApp-Image-2025-05-10-a-15.04.58_49a5a180-768x683.jpg 768w, https:\/\/richeskarayib.com\/wp-content\/uploads\/2025\/05\/WhatsApp-Image-2025-05-10-a-15.04.58_49a5a180-1536x1366.jpg 1536w, https:\/\/richeskarayib.com\/wp-content\/uploads\/2025\/05\/WhatsApp-Image-2025-05-10-a-15.04.58_49a5a180-1320x1174.jpg 1320w, https:\/\/richeskarayib.com\/wp-content\/uploads\/2025\/05\/WhatsApp-Image-2025-05-10-a-15.04.58_49a5a180.jpg 1600w\" sizes=\"(max-width: 800px) 100vw, 800px\" \/>\t\t\t\t\t\t\t\t\t\t\t<figcaption class=\"widget-image-caption wp-caption-text\">Ga\u00ebtan Paderna<\/figcaption>\n\t\t\t\t\t\t\t\t\t\t<\/figure>\n\t\t\t\t\t\t\t\t\t<\/div>\n\t\t\t\t<\/div>\n\t\t\t\t<div class=\"elementor-element elementor-element-a3dbd1e elementor-widget elementor-widget-text-editor\" data-id=\"a3dbd1e\" data-element_type=\"widget\" data-widget_type=\"text-editor.default\">\n\t\t\t\t<div class=\"elementor-widget-container\">\n\t\t\t\t\t\t\t\t\t<p data-pm-slice=\"1 1 []\">Explica: &#8220;Nuestra estrategia se basa en dos palancas complementarias. Por un lado, campa\u00f1as dirigidas al gran p\u00fablico en la provincia de Quebec, mediante vallas publicitarias, medios digitales, colaboraciones con los medios de comunicaci\u00f3n y eventos como el festival Martinique Gourmande. Por otro lado, un trabajo en profundidad con los profesionales de los viajes: agentes, operadores tur\u00edsticos y distribuidores a los que formamos, acompa\u00f1amos y traemos a Martinica para viajes de familiarizaci\u00f3n. Esto ayuda a establecer Martinica como una opci\u00f3n de viaje a largo plazo para los canadienses.<\/p>\t\t\t\t\t\t\t\t<\/div>\n\t\t\t\t<\/div>\n\t\t\t\t\t<\/div>\n\t\t<\/div>\n\t\t\t\t\t<\/div>\n\t\t<\/section>\n\t\t\t\t<section class=\"elementor-section elementor-top-section elementor-element elementor-element-71c7d14 elementor-section-boxed elementor-section-height-default elementor-section-height-default\" data-id=\"71c7d14\" data-element_type=\"section\">\n\t\t\t\t\t\t<div class=\"elementor-container elementor-column-gap-default\">\n\t\t\t\t\t<div class=\"elementor-column elementor-col-100 elementor-top-column elementor-element elementor-element-8b1cccb\" data-id=\"8b1cccb\" data-element_type=\"column\">\n\t\t\t<div class=\"elementor-widget-wrap elementor-element-populated\">\n\t\t\t\t\t\t<div class=\"elementor-element elementor-element-8dcba4e elementor-widget elementor-widget-heading\" data-id=\"8dcba4e\" data-element_type=\"widget\" data-widget_type=\"heading.default\">\n\t\t\t\t<div class=\"elementor-widget-container\">\n\t\t\t\t\t<h2 class=\"elementor-heading-title elementor-size-default\">Air Canada cree en el potencial de Martinica<\/h2>\t\t\t\t<\/div>\n\t\t\t\t<\/div>\n\t\t\t\t<div class=\"elementor-element elementor-element-ab295b5 elementor-widget elementor-widget-text-editor\" data-id=\"ab295b5\" data-element_type=\"widget\" data-widget_type=\"text-editor.default\">\n\t\t\t\t<div class=\"elementor-widget-container\">\n\t\t\t\t\t\t\t\t\t<p data-pm-slice=\"1 1 []\">Air Canada se establece como socio clave en el desarrollo a\u00e9reo de Martinica. <strong>Alexandre Lef\u00e8vre<\/strong>, Vicepresidente de Planificaci\u00f3n de la Red de Am\u00e9rica del Norte, subraya la importancia de esta apertura: &#8220;La apertura de esta ruta es una verdadera apuesta, pero el mercado de Quebec tiene una afinidad natural con Martinica. Queremos ofrecer un destino franc\u00f3fono c\u00e1lido y aut\u00e9ntico.<\/p><p>Se\u00f1ala que esta nueva ruta forma parte de un impulso m\u00e1s amplio para aumentar el tr\u00e1fico a Martinica: &#8220;Con rutas que salen de Montreal, Toronto y ahora Quebec, nuestro compromiso es cada vez mayor. Hemos registrado factores de carga elevados y estamos observando un inter\u00e9s real por el destino.<\/p>\t\t\t\t\t\t\t\t<\/div>\n\t\t\t\t<\/div>\n\t\t\t\t<div class=\"elementor-element elementor-element-ad2d55b elementor-widget elementor-widget-image\" data-id=\"ad2d55b\" data-element_type=\"widget\" data-widget_type=\"image.default\">\n\t\t\t\t<div class=\"elementor-widget-container\">\n\t\t\t\t\t\t\t\t\t\t\t\t\t\t\t<img loading=\"lazy\" decoding=\"async\" width=\"800\" height=\"380\" src=\"https:\/\/richeskarayib.com\/wp-content\/uploads\/2025\/05\/WhatsApp-Image-2025-05-10-a-15.08.25_32aa0d44-1024x486.jpg\" class=\"attachment-large size-large wp-image-51061\" alt=\"Martinique\" srcset=\"https:\/\/richeskarayib.com\/wp-content\/uploads\/2025\/05\/WhatsApp-Image-2025-05-10-a-15.08.25_32aa0d44-1024x486.jpg 1024w, https:\/\/richeskarayib.com\/wp-content\/uploads\/2025\/05\/WhatsApp-Image-2025-05-10-a-15.08.25_32aa0d44-300x142.jpg 300w, https:\/\/richeskarayib.com\/wp-content\/uploads\/2025\/05\/WhatsApp-Image-2025-05-10-a-15.08.25_32aa0d44-768x364.jpg 768w, https:\/\/richeskarayib.com\/wp-content\/uploads\/2025\/05\/WhatsApp-Image-2025-05-10-a-15.08.25_32aa0d44-1536x729.jpg 1536w, https:\/\/richeskarayib.com\/wp-content\/uploads\/2025\/05\/WhatsApp-Image-2025-05-10-a-15.08.25_32aa0d44-1320x626.jpg 1320w, https:\/\/richeskarayib.com\/wp-content\/uploads\/2025\/05\/WhatsApp-Image-2025-05-10-a-15.08.25_32aa0d44.jpg 1600w\" sizes=\"(max-width: 800px) 100vw, 800px\" \/>\t\t\t\t\t\t\t\t\t\t\t\t\t\t\t<\/div>\n\t\t\t\t<\/div>\n\t\t\t\t<div class=\"elementor-element elementor-element-1d2bfec elementor-widget elementor-widget-text-editor\" data-id=\"1d2bfec\" data-element_type=\"widget\" data-widget_type=\"text-editor.default\">\n\t\t\t\t<div class=\"elementor-widget-container\">\n\t\t\t\t\t\t\t\t\t<p data-pm-slice=\"1 1 []\">Este vuelo directo desde la ciudad de Quebec responde tambi\u00e9n a una fuerte demanda log\u00edstica: &#8220;Muchos viajeros de la regi\u00f3n de Quebec ten\u00edan que viajar varias horas hasta Montreal. A partir de ahora, se beneficiar\u00e1n de un vuelo sin escalas, los domingos, en condiciones \u00f3ptimas con nuestro Boeing 737 equipado con una clase business de alto nivel.<\/p><p>Air Canada tambi\u00e9n tiene previsto apoyar la ruta mediante asociaciones comerciales con operadores tur\u00edsticos, hoteleros y Air Canada Vacations. &#8220;No hay garant\u00eda de que una ruta vaya a durar, por eso necesitamos movilizar a toda la cadena. Pero creemos en el potencial de Martinica, y estamos dispuestos a trabajar codo con codo con sus interesados.&#8221; <\/p>\t\t\t\t\t\t\t\t<\/div>\n\t\t\t\t<\/div>\n\t\t\t\t\t<\/div>\n\t\t<\/div>\n\t\t\t\t\t<\/div>\n\t\t<\/section>\n\t\t\t\t<section class=\"elementor-section elementor-top-section elementor-element elementor-element-1d8c281 elementor-section-boxed elementor-section-height-default elementor-section-height-default\" data-id=\"1d8c281\" data-element_type=\"section\">\n\t\t\t\t\t\t<div class=\"elementor-container elementor-column-gap-default\">\n\t\t\t\t\t<div class=\"elementor-column elementor-col-100 elementor-top-column elementor-element elementor-element-adea53e\" data-id=\"adea53e\" data-element_type=\"column\">\n\t\t\t<div class=\"elementor-widget-wrap elementor-element-populated\">\n\t\t\t\t\t\t<div class=\"elementor-element elementor-element-7972e39 elementor-widget elementor-widget-heading\" data-id=\"7972e39\" data-element_type=\"widget\" data-widget_type=\"heading.default\">\n\t\t\t\t<div class=\"elementor-widget-container\">\n\t\t\t\t\t<h2 class=\"elementor-heading-title elementor-size-default\">Una base de clientes de alta contribuci\u00f3n<\/h2>\t\t\t\t<\/div>\n\t\t\t\t<\/div>\n\t\t\t\t<div class=\"elementor-element elementor-element-086487b elementor-widget elementor-widget-text-editor\" data-id=\"086487b\" data-element_type=\"widget\" data-widget_type=\"text-editor.default\">\n\t\t\t\t<div class=\"elementor-widget-container\">\n\t\t\t\t\t\t\t\t\t<p data-pm-slice=\"1 1 []\">Las cifras hablan por s\u00ed solas: 35.325 turistas canadienses en 2023.<\/p><p data-pm-slice=\"1 1 []\">\u00bfSu perfil?<\/p><p data-pm-slice=\"1 1 []\">&#8211; El 64% tiene entre 25 y 54 a\u00f1os,<\/p><p data-pm-slice=\"1 1 []\">&#8211; El 56% son directivos o empleados,<\/p><p data-pm-slice=\"1 1 []\">&#8211; 17% jubilados.  <\/p><p data-pm-slice=\"1 1 []\">Por t\u00e9rmino medio, pasan 11 d\u00edas en la regi\u00f3n, a veces m\u00e1s si teletrabajan, y gastan unos 1.110 euros por persona.<\/p>\t\t\t\t\t\t\t\t<\/div>\n\t\t\t\t<\/div>\n\t\t\t\t\t<\/div>\n\t\t<\/div>\n\t\t\t\t\t<\/div>\n\t\t<\/section>\n\t\t\t\t<section class=\"elementor-section elementor-top-section elementor-element elementor-element-3971b54 elementor-section-boxed elementor-section-height-default elementor-section-height-default\" data-id=\"3971b54\" data-element_type=\"section\">\n\t\t\t\t\t\t<div class=\"elementor-container elementor-column-gap-default\">\n\t\t\t\t\t<div class=\"elementor-column elementor-col-100 elementor-top-column elementor-element elementor-element-95ae147\" data-id=\"95ae147\" data-element_type=\"column\">\n\t\t\t<div class=\"elementor-widget-wrap elementor-element-populated\">\n\t\t\t\t\t\t<div class=\"elementor-element elementor-element-470941d elementor-widget elementor-widget-heading\" data-id=\"470941d\" data-element_type=\"widget\" data-widget_type=\"heading.default\">\n\t\t\t\t<div class=\"elementor-widget-container\">\n\t\t\t\t\t<h2 class=\"elementor-heading-title elementor-size-default\">Hacia un \u00e9xito sostenible y compartido<\/h2>\t\t\t\t<\/div>\n\t\t\t\t<\/div>\n\t\t\t\t<div class=\"elementor-element elementor-element-9bed409 elementor-widget elementor-widget-text-editor\" data-id=\"9bed409\" data-element_type=\"widget\" data-widget_type=\"text-editor.default\">\n\t\t\t\t<div class=\"elementor-widget-container\">\n\t\t\t\t\t\t\t\t\t<p data-pm-slice=\"1 1 []\">Este nuevo servicio supone un importante paso adelante para Martinica. Consolida su posici\u00f3n en el mercado canadiense, refuerza sus bazas identitarias e ilustra la fuerza de una cooperaci\u00f3n estrat\u00e9gica entre instituciones, operadores a\u00e9reos y socioprofesionales. Ahora s\u00f3lo queda hacer de esta ruta un \u00e9xito duradero.  <\/p>\t\t\t\t\t\t\t\t<\/div>\n\t\t\t\t<\/div>\n\t\t\t\t<div class=\"elementor-element elementor-element-2996dd4 elementor-widget elementor-widget-image\" data-id=\"2996dd4\" data-element_type=\"widget\" data-widget_type=\"image.default\">\n\t\t\t\t<div class=\"elementor-widget-container\">\n\t\t\t\t\t\t\t\t\t\t\t\t\t\t\t<img loading=\"lazy\" decoding=\"async\" width=\"800\" height=\"478\" src=\"https:\/\/richeskarayib.com\/wp-content\/uploads\/2025\/05\/WhatsApp-Image-2025-05-10-a-15.15.51_770b7616-1024x612.jpg\" class=\"attachment-large size-large wp-image-51065\" alt=\"Martinique\" srcset=\"https:\/\/richeskarayib.com\/wp-content\/uploads\/2025\/05\/WhatsApp-Image-2025-05-10-a-15.15.51_770b7616-1024x612.jpg 1024w, https:\/\/richeskarayib.com\/wp-content\/uploads\/2025\/05\/WhatsApp-Image-2025-05-10-a-15.15.51_770b7616-300x179.jpg 300w, https:\/\/richeskarayib.com\/wp-content\/uploads\/2025\/05\/WhatsApp-Image-2025-05-10-a-15.15.51_770b7616-768x459.jpg 768w, https:\/\/richeskarayib.com\/wp-content\/uploads\/2025\/05\/WhatsApp-Image-2025-05-10-a-15.15.51_770b7616-1536x918.jpg 1536w, https:\/\/richeskarayib.com\/wp-content\/uploads\/2025\/05\/WhatsApp-Image-2025-05-10-a-15.15.51_770b7616-1320x789.jpg 1320w, https:\/\/richeskarayib.com\/wp-content\/uploads\/2025\/05\/WhatsApp-Image-2025-05-10-a-15.15.51_770b7616.jpg 1599w\" sizes=\"(max-width: 800px) 100vw, 800px\" \/>\t\t\t\t\t\t\t\t\t\t\t\t\t\t\t<\/div>\n\t\t\t\t<\/div>\n\t\t\t\t<div class=\"elementor-element elementor-element-0730a9d elementor-widget elementor-widget-image\" data-id=\"0730a9d\" data-element_type=\"widget\" data-widget_type=\"image.default\">\n\t\t\t\t<div class=\"elementor-widget-container\">\n\t\t\t\t\t\t\t\t\t\t\t\t\t\t\t<img loading=\"lazy\" decoding=\"async\" width=\"800\" height=\"450\" src=\"https:\/\/richeskarayib.com\/wp-content\/uploads\/2025\/05\/WhatsApp-Image-2025-05-10-a-15.15.51_1bc269cc-1024x576.jpg\" class=\"attachment-large size-large wp-image-51069\" alt=\"Martinique\" srcset=\"https:\/\/richeskarayib.com\/wp-content\/uploads\/2025\/05\/WhatsApp-Image-2025-05-10-a-15.15.51_1bc269cc-1024x576.jpg 1024w, https:\/\/richeskarayib.com\/wp-content\/uploads\/2025\/05\/WhatsApp-Image-2025-05-10-a-15.15.51_1bc269cc-300x169.jpg 300w, https:\/\/richeskarayib.com\/wp-content\/uploads\/2025\/05\/WhatsApp-Image-2025-05-10-a-15.15.51_1bc269cc-768x432.jpg 768w, https:\/\/richeskarayib.com\/wp-content\/uploads\/2025\/05\/WhatsApp-Image-2025-05-10-a-15.15.51_1bc269cc-1536x864.jpg 1536w, https:\/\/richeskarayib.com\/wp-content\/uploads\/2025\/05\/WhatsApp-Image-2025-05-10-a-15.15.51_1bc269cc-1320x743.jpg 1320w, https:\/\/richeskarayib.com\/wp-content\/uploads\/2025\/05\/WhatsApp-Image-2025-05-10-a-15.15.51_1bc269cc.jpg 1600w\" sizes=\"(max-width: 800px) 100vw, 800px\" \/>\t\t\t\t\t\t\t\t\t\t\t\t\t\t\t<\/div>\n\t\t\t\t<\/div>\n\t\t\t\t<div class=\"elementor-element elementor-element-b4e03f7 elementor-widget elementor-widget-image\" data-id=\"b4e03f7\" data-element_type=\"widget\" data-widget_type=\"image.default\">\n\t\t\t\t<div class=\"elementor-widget-container\">\n\t\t\t\t\t\t\t\t\t\t\t\t\t\t\t<img loading=\"lazy\" decoding=\"async\" width=\"800\" height=\"450\" src=\"https:\/\/richeskarayib.com\/wp-content\/uploads\/2025\/05\/WhatsApp-Image-2025-05-10-a-15.16.35_c2c4a706-1024x576.jpg\" class=\"attachment-large size-large wp-image-51081\" alt=\"Martinique\" srcset=\"https:\/\/richeskarayib.com\/wp-content\/uploads\/2025\/05\/WhatsApp-Image-2025-05-10-a-15.16.35_c2c4a706-1024x576.jpg 1024w, https:\/\/richeskarayib.com\/wp-content\/uploads\/2025\/05\/WhatsApp-Image-2025-05-10-a-15.16.35_c2c4a706-300x169.jpg 300w, https:\/\/richeskarayib.com\/wp-content\/uploads\/2025\/05\/WhatsApp-Image-2025-05-10-a-15.16.35_c2c4a706-768x432.jpg 768w, https:\/\/richeskarayib.com\/wp-content\/uploads\/2025\/05\/WhatsApp-Image-2025-05-10-a-15.16.35_c2c4a706-1536x864.jpg 1536w, https:\/\/richeskarayib.com\/wp-content\/uploads\/2025\/05\/WhatsApp-Image-2025-05-10-a-15.16.35_c2c4a706-1320x743.jpg 1320w, https:\/\/richeskarayib.com\/wp-content\/uploads\/2025\/05\/WhatsApp-Image-2025-05-10-a-15.16.35_c2c4a706.jpg 1600w\" sizes=\"(max-width: 800px) 100vw, 800px\" \/>\t\t\t\t\t\t\t\t\t\t\t\t\t\t\t<\/div>\n\t\t\t\t<\/div>\n\t\t\t\t<div class=\"elementor-element elementor-element-1176124 elementor-widget elementor-widget-image\" data-id=\"1176124\" data-element_type=\"widget\" data-widget_type=\"image.default\">\n\t\t\t\t<div class=\"elementor-widget-container\">\n\t\t\t\t\t\t\t\t\t\t\t\t\t\t\t<img loading=\"lazy\" decoding=\"async\" width=\"800\" height=\"450\" src=\"https:\/\/richeskarayib.com\/wp-content\/uploads\/2025\/05\/WhatsApp-Image-2025-05-10-a-15.15.50_ec5de499-1024x576.jpg\" class=\"attachment-large size-large wp-image-51073\" alt=\"Martinique\" srcset=\"https:\/\/richeskarayib.com\/wp-content\/uploads\/2025\/05\/WhatsApp-Image-2025-05-10-a-15.15.50_ec5de499-1024x576.jpg 1024w, https:\/\/richeskarayib.com\/wp-content\/uploads\/2025\/05\/WhatsApp-Image-2025-05-10-a-15.15.50_ec5de499-300x169.jpg 300w, https:\/\/richeskarayib.com\/wp-content\/uploads\/2025\/05\/WhatsApp-Image-2025-05-10-a-15.15.50_ec5de499-768x432.jpg 768w, https:\/\/richeskarayib.com\/wp-content\/uploads\/2025\/05\/WhatsApp-Image-2025-05-10-a-15.15.50_ec5de499-1536x864.jpg 1536w, https:\/\/richeskarayib.com\/wp-content\/uploads\/2025\/05\/WhatsApp-Image-2025-05-10-a-15.15.50_ec5de499-1320x743.jpg 1320w, https:\/\/richeskarayib.com\/wp-content\/uploads\/2025\/05\/WhatsApp-Image-2025-05-10-a-15.15.50_ec5de499.jpg 1600w\" sizes=\"(max-width: 800px) 100vw, 800px\" \/>\t\t\t\t\t\t\t\t\t\t\t\t\t\t\t<\/div>\n\t\t\t\t<\/div>\n\t\t\t\t<div class=\"elementor-element elementor-element-4d697ab elementor-widget elementor-widget-image\" data-id=\"4d697ab\" data-element_type=\"widget\" data-widget_type=\"image.default\">\n\t\t\t\t<div class=\"elementor-widget-container\">\n\t\t\t\t\t\t\t\t\t\t\t\t\t\t\t<img loading=\"lazy\" decoding=\"async\" width=\"576\" height=\"1024\" src=\"https:\/\/richeskarayib.com\/wp-content\/uploads\/2025\/05\/WhatsApp-Image-2025-05-10-a-15.15.50_9b9db376-576x1024.jpg\" class=\"attachment-large size-large wp-image-51077\" alt=\"Martinique\" srcset=\"https:\/\/richeskarayib.com\/wp-content\/uploads\/2025\/05\/WhatsApp-Image-2025-05-10-a-15.15.50_9b9db376-576x1024.jpg 576w, https:\/\/richeskarayib.com\/wp-content\/uploads\/2025\/05\/WhatsApp-Image-2025-05-10-a-15.15.50_9b9db376-169x300.jpg 169w, https:\/\/richeskarayib.com\/wp-content\/uploads\/2025\/05\/WhatsApp-Image-2025-05-10-a-15.15.50_9b9db376-768x1365.jpg 768w, https:\/\/richeskarayib.com\/wp-content\/uploads\/2025\/05\/WhatsApp-Image-2025-05-10-a-15.15.50_9b9db376-864x1536.jpg 864w, https:\/\/richeskarayib.com\/wp-content\/uploads\/2025\/05\/WhatsApp-Image-2025-05-10-a-15.15.50_9b9db376.jpg 900w\" sizes=\"(max-width: 576px) 100vw, 576px\" \/>\t\t\t\t\t\t\t\t\t\t\t\t\t\t\t<\/div>\n\t\t\t\t<\/div>\n\t\t\t\t\t<\/div>\n\t\t<\/div>\n\t\t\t\t\t<\/div>\n\t\t<\/section>\n\t\t\t\t<\/div>\n\t\t","protected":false},"excerpt":{"rendered":"<p>Martinica da un gran paso adelante en su estrategia de diversificaci\u00f3n tur\u00edstica con el anuncio de un servicio directo entre Quebec y Fort-de-France, operado por Air Canada a partir del 7 de diciembre de 2025. Este nuevo servicio se suma a las rutas existentes desde Montreal y Toronto, consolidando los v\u00ednculos entre el Caribe franc\u00e9s [&hellip;]<\/p>\n","protected":false},"author":47,"featured_media":51037,"comment_status":"open","ping_status":"open","sticky":false,"template":"","format":"standard","meta":{"_acf_changed":false,"footnotes":""},"categories":[1767,839],"tags":[1773,816],"class_list":["post-51083","post","type-post","status-publish","format-standard","has-post-thumbnail","hentry","category-aire","category-noticias","tag-canada-es","tag-martinique-es"],"acf":[],"_links":{"self":[{"href":"https:\/\/richeskarayib.com\/es\/wp-json\/wp\/v2\/posts\/51083","targetHints":{"allow":["GET"]}}],"collection":[{"href":"https:\/\/richeskarayib.com\/es\/wp-json\/wp\/v2\/posts"}],"about":[{"href":"https:\/\/richeskarayib.com\/es\/wp-json\/wp\/v2\/types\/post"}],"author":[{"embeddable":true,"href":"https:\/\/richeskarayib.com\/es\/wp-json\/wp\/v2\/users\/47"}],"replies":[{"embeddable":true,"href":"https:\/\/richeskarayib.com\/es\/wp-json\/wp\/v2\/comments?post=51083"}],"version-history":[{"count":0,"href":"https:\/\/richeskarayib.com\/es\/wp-json\/wp\/v2\/posts\/51083\/revisions"}],"wp:featuredmedia":[{"embeddable":true,"href":"https:\/\/richeskarayib.com\/es\/wp-json\/wp\/v2\/media\/51037"}],"wp:attachment":[{"href":"https:\/\/richeskarayib.com\/es\/wp-json\/wp\/v2\/media?parent=51083"}],"wp:term":[{"taxonomy":"category","embeddable":true,"href":"https:\/\/richeskarayib.com\/es\/wp-json\/wp\/v2\/categories?post=51083"},{"taxonomy":"post_tag","embeddable":true,"href":"https:\/\/richeskarayib.com\/es\/wp-json\/wp\/v2\/tags?post=51083"}],"curies":[{"name":"wp","href":"https:\/\/api.w.org\/{rel}","templated":true}]}}