{"id":51456,"date":"2025-05-13T00:03:22","date_gmt":"2025-05-13T04:03:22","guid":{"rendered":"https:\/\/richeskarayib.com\/martinica-dos-gruas-portico-de-nueva-generacion-impulsaran-el-gran-puerto-maritimo-hacia-una-nueva-era\/"},"modified":"2025-05-13T23:39:19","modified_gmt":"2025-05-14T03:39:19","slug":"martinica-dos-gruas-portico-de-nueva-generacion-impulsaran-el-gran-puerto-maritimo-hacia-una-nueva-era","status":"publish","type":"post","link":"https:\/\/richeskarayib.com\/es\/martinica-dos-gruas-portico-de-nueva-generacion-impulsaran-el-gran-puerto-maritimo-hacia-una-nueva-era\/","title":{"rendered":"Martinica &#8211; Dos gr\u00faas p\u00f3rtico de nueva generaci\u00f3n impulsar\u00e1n el Gran Puerto Mar\u00edtimo hacia una nueva era"},"content":{"rendered":"\t\t<div data-elementor-type=\"wp-post\" data-elementor-id=\"51456\" class=\"elementor elementor-51456 elementor-51386\" data-elementor-post-type=\"post\">\n\t\t\t\t\t\t<section class=\"elementor-section elementor-top-section elementor-element elementor-element-3d9e6e3 elementor-section-boxed elementor-section-height-default elementor-section-height-default\" data-id=\"3d9e6e3\" data-element_type=\"section\">\n\t\t\t\t\t\t<div class=\"elementor-container elementor-column-gap-default\">\n\t\t\t\t\t<div class=\"elementor-column elementor-col-100 elementor-top-column elementor-element elementor-element-2222762\" data-id=\"2222762\" data-element_type=\"column\">\n\t\t\t<div class=\"elementor-widget-wrap elementor-element-populated\">\n\t\t\t\t\t\t<div class=\"elementor-element elementor-element-3dd706f elementor-widget elementor-widget-text-editor\" data-id=\"3dd706f\" data-element_type=\"widget\" data-widget_type=\"text-editor.default\">\n\t\t\t\t<div class=\"elementor-widget-container\">\n\t\t\t\t\t\t\t\t\t<p data-pm-slice=\"1 1 []\">El 12 de mayo de 2025, en el muelle de Pointe des Grives, el Grand <a href=\"https:\/\/www.martinique.port.fr\/\" target=\"_blank\" rel=\"noopener nofollow\">Port Maritime de la Martinique<\/a> present\u00f3 dos gr\u00faas p\u00f3rtico de nueva generaci\u00f3n. Este equipamiento marca un avance estrat\u00e9gico para la regi\u00f3n, en el coraz\u00f3n del proyecto <a href=\"https:\/\/www.ecologie.gouv.fr\/presse\/accord-mise-place-du-grand-projet-hub-antilles\" target=\"_blank\" rel=\"noopener nofollow\">Hub Antillas<\/a>, apoyado por el Estado, las autoridades locales y los socios privados. <\/p>\t\t\t\t\t\t\t\t<\/div>\n\t\t\t\t<\/div>\n\t\t\t\t\t<\/div>\n\t\t<\/div>\n\t\t\t\t\t<\/div>\n\t\t<\/section>\n\t\t\t\t<section class=\"elementor-section elementor-top-section elementor-element elementor-element-fd54572 elementor-section-boxed elementor-section-height-default elementor-section-height-default\" data-id=\"fd54572\" data-element_type=\"section\">\n\t\t\t\t\t\t<div class=\"elementor-container elementor-column-gap-default\">\n\t\t\t\t\t<div class=\"elementor-column elementor-col-100 elementor-top-column elementor-element elementor-element-4d3dc11\" data-id=\"4d3dc11\" data-element_type=\"column\">\n\t\t\t<div class=\"elementor-widget-wrap elementor-element-populated\">\n\t\t\t\t\t\t<div class=\"elementor-element elementor-element-3439f84 elementor-widget elementor-widget-heading\" data-id=\"3439f84\" data-element_type=\"widget\" data-widget_type=\"heading.default\">\n\t\t\t\t<div class=\"elementor-widget-container\">\n\t\t\t\t\t<h2 class=\"elementor-heading-title elementor-size-default\">Un gran paso adelante para la terminal de Pointe des Grives<\/h2>\t\t\t\t<\/div>\n\t\t\t\t<\/div>\n\t\t\t\t<div class=\"elementor-element elementor-element-82b2a9d elementor-widget elementor-widget-text-editor\" data-id=\"82b2a9d\" data-element_type=\"widget\" data-widget_type=\"text-editor.default\">\n\t\t\t\t<div class=\"elementor-widget-container\">\n\t\t\t\t\t\t\t\t\t<p data-pm-slice=\"1 1 []\">&#8220;Esto no es m\u00e1s que un ladrillo del gran proyecto <a href=\"https:\/\/richeskarayib.com\/es\/hub-antilles-un-proyecto-para-revolucionar-los-puertos-el-comercio-y-la-cultura-en-el-caribe\/\" target=\"_blank\" rel=\"noopener\">Hub Antilles<\/a> &#8220;, afirma <strong>Bruno Menc\u00e9<\/strong>, Presidente del Consejo de Administraci\u00f3n del Gran Puerto Mar\u00edtimo. La llegada de estas dos gr\u00faas p\u00f3rtico constituye una etapa esencial de un importante programa de modernizaci\u00f3n destinado a hacer de Martinica un centro log\u00edstico de alto rendimiento en el Caribe. <\/p>\t\t\t\t\t\t\t\t<\/div>\n\t\t\t\t<\/div>\n\t\t\t\t<div class=\"elementor-element elementor-element-3f7cb59 elementor-widget elementor-widget-image\" data-id=\"3f7cb59\" data-element_type=\"widget\" data-widget_type=\"image.default\">\n\t\t\t\t<div class=\"elementor-widget-container\">\n\t\t\t\t\t\t\t\t\t\t\t\t<figure class=\"wp-caption\">\n\t\t\t\t\t\t\t\t\t\t<img fetchpriority=\"high\" decoding=\"async\" width=\"800\" height=\"450\" src=\"https:\/\/richeskarayib.com\/wp-content\/uploads\/2025\/05\/WhatsApp-Image-2025-05-12-a-23.03.06_45cdfc28-1024x576.jpg\" class=\"attachment-large size-large wp-image-51394\" alt=\"Hub Antilles\" srcset=\"https:\/\/richeskarayib.com\/wp-content\/uploads\/2025\/05\/WhatsApp-Image-2025-05-12-a-23.03.06_45cdfc28-1024x576.jpg 1024w, https:\/\/richeskarayib.com\/wp-content\/uploads\/2025\/05\/WhatsApp-Image-2025-05-12-a-23.03.06_45cdfc28-300x169.jpg 300w, https:\/\/richeskarayib.com\/wp-content\/uploads\/2025\/05\/WhatsApp-Image-2025-05-12-a-23.03.06_45cdfc28-768x432.jpg 768w, https:\/\/richeskarayib.com\/wp-content\/uploads\/2025\/05\/WhatsApp-Image-2025-05-12-a-23.03.06_45cdfc28-1536x864.jpg 1536w, https:\/\/richeskarayib.com\/wp-content\/uploads\/2025\/05\/WhatsApp-Image-2025-05-12-a-23.03.06_45cdfc28-1320x743.jpg 1320w, https:\/\/richeskarayib.com\/wp-content\/uploads\/2025\/05\/WhatsApp-Image-2025-05-12-a-23.03.06_45cdfc28.jpg 1600w\" sizes=\"(max-width: 800px) 100vw, 800px\" \/>\t\t\t\t\t\t\t\t\t\t\t<figcaption class=\"widget-image-caption wp-caption-text\">Bruno Menc\u00e9<\/figcaption>\n\t\t\t\t\t\t\t\t\t\t<\/figure>\n\t\t\t\t\t\t\t\t\t<\/div>\n\t\t\t\t<\/div>\n\t\t\t\t<div class=\"elementor-element elementor-element-5ad0be8 elementor-widget elementor-widget-text-editor\" data-id=\"5ad0be8\" data-element_type=\"widget\" data-widget_type=\"text-editor.default\">\n\t\t\t\t<div class=\"elementor-widget-container\">\n\t\t\t\t\t\t\t\t\t<p data-pm-slice=\"1 1 []\">Dise\u00f1ado por un consorcio franco-chino y fabricado en China, este equipo de <em>bajo perfil<\/em> del proyecto <span style=\"font-weight: 400;\">Hub Antilles <\/span>, poco com\u00fan en el mundo, tard\u00f3 60 d\u00edas en el mar en llegar a <a href=\"https:\/\/richeskarayib.com\/es\/un-nuevo-servicio-aereo-directo-entre-quebec-y-fort-de-france-un-puente-estrategico-para-el-turismo-y-la-economia\/\" target=\"_blank\" rel=\"noopener\">Fort-de-France<\/a>. Cada uno pesa 1.600 toneladas y representa una inversi\u00f3n total de 35 millones de euros. Est\u00e1 previsto que entren en servicio entre finales de julio y septiembre de 2025.  <\/p><p>&#8220;Vamos a pasar de 180.000 TEU a 300.000 TEU a\u00f1adiendo el transbordo a nuestras operaciones. Estas gr\u00faas p\u00f3rtico mejorar\u00e1n nuestro rendimiento en al menos un 30%&#8221;, a\u00f1ade. Este aumento responde a la necesidad de acoger buques m\u00e1s grandes, de hasta 7.900 TEU, en previsi\u00f3n del crecimiento del tr\u00e1fico regional. <\/p>\t\t\t\t\t\t\t\t<\/div>\n\t\t\t\t<\/div>\n\t\t\t\t<div class=\"elementor-element elementor-element-1fb8da0 elementor-widget elementor-widget-image\" data-id=\"1fb8da0\" data-element_type=\"widget\" data-widget_type=\"image.default\">\n\t\t\t\t<div class=\"elementor-widget-container\">\n\t\t\t\t\t\t\t\t\t\t\t\t\t\t\t<img decoding=\"async\" width=\"800\" height=\"450\" src=\"https:\/\/richeskarayib.com\/wp-content\/uploads\/2025\/05\/WhatsApp-Image-2025-05-12-a-23.39.29_f51a6a0f-1024x576.jpg\" class=\"attachment-large size-large wp-image-51446\" alt=\"Hub Antilles\" srcset=\"https:\/\/richeskarayib.com\/wp-content\/uploads\/2025\/05\/WhatsApp-Image-2025-05-12-a-23.39.29_f51a6a0f-1024x576.jpg 1024w, https:\/\/richeskarayib.com\/wp-content\/uploads\/2025\/05\/WhatsApp-Image-2025-05-12-a-23.39.29_f51a6a0f-300x169.jpg 300w, https:\/\/richeskarayib.com\/wp-content\/uploads\/2025\/05\/WhatsApp-Image-2025-05-12-a-23.39.29_f51a6a0f-768x432.jpg 768w, https:\/\/richeskarayib.com\/wp-content\/uploads\/2025\/05\/WhatsApp-Image-2025-05-12-a-23.39.29_f51a6a0f-1536x864.jpg 1536w, https:\/\/richeskarayib.com\/wp-content\/uploads\/2025\/05\/WhatsApp-Image-2025-05-12-a-23.39.29_f51a6a0f-1320x743.jpg 1320w, https:\/\/richeskarayib.com\/wp-content\/uploads\/2025\/05\/WhatsApp-Image-2025-05-12-a-23.39.29_f51a6a0f.jpg 1600w\" sizes=\"(max-width: 800px) 100vw, 800px\" \/>\t\t\t\t\t\t\t\t\t\t\t\t\t\t\t<\/div>\n\t\t\t\t<\/div>\n\t\t\t\t\t<\/div>\n\t\t<\/div>\n\t\t\t\t\t<\/div>\n\t\t<\/section>\n\t\t\t\t<section class=\"elementor-section elementor-top-section elementor-element elementor-element-65d7757 elementor-section-boxed elementor-section-height-default elementor-section-height-default\" data-id=\"65d7757\" data-element_type=\"section\">\n\t\t\t\t\t\t<div class=\"elementor-container elementor-column-gap-default\">\n\t\t\t\t\t<div class=\"elementor-column elementor-col-100 elementor-top-column elementor-element elementor-element-61a3813\" data-id=\"61a3813\" data-element_type=\"column\">\n\t\t\t<div class=\"elementor-widget-wrap elementor-element-populated\">\n\t\t\t\t\t\t<div class=\"elementor-element elementor-element-0649e00 elementor-widget elementor-widget-heading\" data-id=\"0649e00\" data-element_type=\"widget\" data-widget_type=\"heading.default\">\n\t\t\t\t<div class=\"elementor-widget-container\">\n\t\t\t\t\t<h2 class=\"elementor-heading-title elementor-size-default\">Desarrollo econ\u00f3mico, cooperaci\u00f3n regional y soberan\u00eda log\u00edstica<\/h2>\t\t\t\t<\/div>\n\t\t\t\t<\/div>\n\t\t\t\t<div class=\"elementor-element elementor-element-e9dcbf1 elementor-widget elementor-widget-text-editor\" data-id=\"e9dcbf1\" data-element_type=\"widget\" data-widget_type=\"text-editor.default\">\n\t\t\t\t<div class=\"elementor-widget-container\">\n\t\t\t\t\t\t\t\t\t<p data-pm-slice=\"1 1 []\">Bruno Menc\u00e9 explic\u00f3 las ambiciones del Hub Antillas: &#8220;No se trata s\u00f3lo de transbordar. Tenemos que crear valor, captar flujos de Sudam\u00e9rica, procesarlos localmente y reexportarlos. Est\u00e1 prevista una zona log\u00edstica en el puerto interior para desarrollar estas actividades de transformaci\u00f3n.<\/p><p data-pm-slice=\"1 1 []\">El <span style=\"font-weight: 400;\">Hub Antillas <\/span>tiene un objetivo claro: ofrecer a las empresas locales nuevas salidas econ\u00f3micas facilitando el abastecimiento, la transformaci\u00f3n industrial y la reexportaci\u00f3n en la zona del Caribe. Este apalancamiento log\u00edstico deber\u00eda permitir estructurar una nueva cadena de valor m\u00e1s integrada, m\u00e1s competitiva y menos dependiente de los canales tradicionales a trav\u00e9s de Europa. <\/p>\t\t\t\t\t\t\t\t<\/div>\n\t\t\t\t<\/div>\n\t\t\t\t<div class=\"elementor-element elementor-element-88d2a19 elementor-widget elementor-widget-image\" data-id=\"88d2a19\" data-element_type=\"widget\" data-widget_type=\"image.default\">\n\t\t\t\t<div class=\"elementor-widget-container\">\n\t\t\t\t\t\t\t\t\t\t\t\t\t\t\t<img decoding=\"async\" width=\"800\" height=\"450\" src=\"https:\/\/richeskarayib.com\/wp-content\/uploads\/2025\/05\/WhatsApp-Image-2025-05-12-a-23.08.28_f6a3a6b7-1024x576.jpg\" class=\"attachment-large size-large wp-image-51398\" alt=\"Hub Antilles\" srcset=\"https:\/\/richeskarayib.com\/wp-content\/uploads\/2025\/05\/WhatsApp-Image-2025-05-12-a-23.08.28_f6a3a6b7-1024x576.jpg 1024w, https:\/\/richeskarayib.com\/wp-content\/uploads\/2025\/05\/WhatsApp-Image-2025-05-12-a-23.08.28_f6a3a6b7-300x169.jpg 300w, https:\/\/richeskarayib.com\/wp-content\/uploads\/2025\/05\/WhatsApp-Image-2025-05-12-a-23.08.28_f6a3a6b7-768x432.jpg 768w, https:\/\/richeskarayib.com\/wp-content\/uploads\/2025\/05\/WhatsApp-Image-2025-05-12-a-23.08.28_f6a3a6b7-1536x864.jpg 1536w, https:\/\/richeskarayib.com\/wp-content\/uploads\/2025\/05\/WhatsApp-Image-2025-05-12-a-23.08.28_f6a3a6b7-1320x743.jpg 1320w, https:\/\/richeskarayib.com\/wp-content\/uploads\/2025\/05\/WhatsApp-Image-2025-05-12-a-23.08.28_f6a3a6b7.jpg 1600w\" sizes=\"(max-width: 800px) 100vw, 800px\" \/>\t\t\t\t\t\t\t\t\t\t\t\t\t\t\t<\/div>\n\t\t\t\t<\/div>\n\t\t\t\t<div class=\"elementor-element elementor-element-317d24e elementor-widget elementor-widget-text-editor\" data-id=\"317d24e\" data-element_type=\"widget\" data-widget_type=\"text-editor.default\">\n\t\t\t\t<div class=\"elementor-widget-container\">\n\t\t\t\t\t\t\t\t\t<p data-pm-slice=\"1 1 []\">Tambi\u00e9n ha anunciado que asistir\u00e1 al Congreso Anual de Puertos del Caribe en Cura\u00e7ao, donde se presentar\u00e1 el proyecto para dar a conocer Martinica en la regi\u00f3n. El puerto pretende ofrecer una alternativa a centros saturados como Kingston y Cartagena. <\/p>\t\t\t\t\t\t\t\t<\/div>\n\t\t\t\t<\/div>\n\t\t\t\t\t<\/div>\n\t\t<\/div>\n\t\t\t\t\t<\/div>\n\t\t<\/section>\n\t\t\t\t<section class=\"elementor-section elementor-top-section elementor-element elementor-element-8cfce14 elementor-section-boxed elementor-section-height-default elementor-section-height-default\" data-id=\"8cfce14\" data-element_type=\"section\">\n\t\t\t\t\t\t<div class=\"elementor-container elementor-column-gap-default\">\n\t\t\t\t\t<div class=\"elementor-column elementor-col-100 elementor-top-column elementor-element elementor-element-32289a9\" data-id=\"32289a9\" data-element_type=\"column\">\n\t\t\t<div class=\"elementor-widget-wrap elementor-element-populated\">\n\t\t\t\t\t\t<div class=\"elementor-element elementor-element-76b9bb9 elementor-widget elementor-widget-heading\" data-id=\"76b9bb9\" data-element_type=\"widget\" data-widget_type=\"heading.default\">\n\t\t\t\t<div class=\"elementor-widget-container\">\n\t\t\t\t\t<h2 class=\"elementor-heading-title elementor-size-default\">Coordinar, asegurar y adaptar: las claves de la puesta en marcha<\/h2>\t\t\t\t<\/div>\n\t\t\t\t<\/div>\n\t\t\t\t<div class=\"elementor-element elementor-element-6e55365 elementor-widget elementor-widget-text-editor\" data-id=\"6e55365\" data-element_type=\"widget\" data-widget_type=\"text-editor.default\">\n\t\t\t\t<div class=\"elementor-widget-container\">\n\t\t\t\t\t\t\t\t\t<p data-pm-slice=\"1 1 []\">Para <strong>Ivanh Aling\u00e9ry<\/strong>, Director de Operaciones del puerto, la llegada de las gr\u00faas p\u00f3rtico es la culminaci\u00f3n de m\u00e1s de dos a\u00f1os de trabajo: &#8220;Es un hito importante. Este equipo, encargado hace m\u00e1s de dos a\u00f1os, por fin est\u00e1 aqu\u00ed. Ahora tenemos que aprovecharlo al m\u00e1ximo.<\/p>\t\t\t\t\t\t\t\t<\/div>\n\t\t\t\t<\/div>\n\t\t\t\t<div class=\"elementor-element elementor-element-025d659 elementor-widget elementor-widget-image\" data-id=\"025d659\" data-element_type=\"widget\" data-widget_type=\"image.default\">\n\t\t\t\t<div class=\"elementor-widget-container\">\n\t\t\t\t\t\t\t\t\t\t\t\t<figure class=\"wp-caption\">\n\t\t\t\t\t\t\t\t\t\t<img loading=\"lazy\" decoding=\"async\" width=\"800\" height=\"450\" src=\"https:\/\/richeskarayib.com\/wp-content\/uploads\/2025\/05\/WhatsApp-Image-2025-05-12-a-23.13.30_a4fc0f1b-1024x576.jpg\" class=\"attachment-large size-large wp-image-51402\" alt=\"Hub Antilles\" srcset=\"https:\/\/richeskarayib.com\/wp-content\/uploads\/2025\/05\/WhatsApp-Image-2025-05-12-a-23.13.30_a4fc0f1b-1024x576.jpg 1024w, https:\/\/richeskarayib.com\/wp-content\/uploads\/2025\/05\/WhatsApp-Image-2025-05-12-a-23.13.30_a4fc0f1b-300x169.jpg 300w, https:\/\/richeskarayib.com\/wp-content\/uploads\/2025\/05\/WhatsApp-Image-2025-05-12-a-23.13.30_a4fc0f1b-768x432.jpg 768w, https:\/\/richeskarayib.com\/wp-content\/uploads\/2025\/05\/WhatsApp-Image-2025-05-12-a-23.13.30_a4fc0f1b-1536x864.jpg 1536w, https:\/\/richeskarayib.com\/wp-content\/uploads\/2025\/05\/WhatsApp-Image-2025-05-12-a-23.13.30_a4fc0f1b-1320x743.jpg 1320w, https:\/\/richeskarayib.com\/wp-content\/uploads\/2025\/05\/WhatsApp-Image-2025-05-12-a-23.13.30_a4fc0f1b.jpg 1600w\" sizes=\"(max-width: 800px) 100vw, 800px\" \/>\t\t\t\t\t\t\t\t\t\t\t<figcaption class=\"widget-image-caption wp-caption-text\">Yvanh Aling\u00e9ry<\/figcaption>\n\t\t\t\t\t\t\t\t\t\t<\/figure>\n\t\t\t\t\t\t\t\t\t<\/div>\n\t\t\t\t<\/div>\n\t\t\t\t<div class=\"elementor-element elementor-element-7889637 elementor-widget elementor-widget-text-editor\" data-id=\"7889637\" data-element_type=\"widget\" data-widget_type=\"text-editor.default\">\n\t\t\t\t<div class=\"elementor-widget-container\">\n\t\t\t\t\t\t\t\t\t<p data-pm-slice=\"1 1 []\">Descargar las gr\u00faas p\u00f3rtico del barco es una operaci\u00f3n delicada. &#8220;Cada p\u00f3rtico pesa 1.600 toneladas. Hay que trasladarlos al muelle con total seguridad, gracias a los sensores instalados para vigilar la estructura durante la maniobra. <\/p><p>\u00bfQu\u00e9 ocurri\u00f3 despu\u00e9s? Meses de puesta a punto y adaptaci\u00f3n. &#8220;Se tarda de uno a dos a\u00f1os en utilizarlo de forma \u00f3ptima. Es lo que llamamos periodo de depuraci\u00f3n, en el que afinamos los par\u00e1metros para adaptarlos a nuestras naves y ritmos de producci\u00f3n.  <\/p><p>A pesar de los retos t\u00e9cnicos, Aling\u00e9ry destaca el compromiso colectivo: &#8220;Los equipos han estado a la altura de todos los retos hasta ahora. Es un \u00e9xito compartido.<\/p>\t\t\t\t\t\t\t\t<\/div>\n\t\t\t\t<\/div>\n\t\t\t\t\t<\/div>\n\t\t<\/div>\n\t\t\t\t\t<\/div>\n\t\t<\/section>\n\t\t\t\t<section class=\"elementor-section elementor-top-section elementor-element elementor-element-9b0ed27 elementor-section-boxed elementor-section-height-default elementor-section-height-default\" data-id=\"9b0ed27\" data-element_type=\"section\">\n\t\t\t\t\t\t<div class=\"elementor-container elementor-column-gap-default\">\n\t\t\t\t\t<div class=\"elementor-column elementor-col-100 elementor-top-column elementor-element elementor-element-7f8f4cf\" data-id=\"7f8f4cf\" data-element_type=\"column\">\n\t\t\t<div class=\"elementor-widget-wrap elementor-element-populated\">\n\t\t\t\t\t\t<div class=\"elementor-element elementor-element-5365b36 elementor-widget elementor-widget-heading\" data-id=\"5365b36\" data-element_type=\"widget\" data-widget_type=\"heading.default\">\n\t\t\t\t<div class=\"elementor-widget-container\">\n\t\t\t\t\t<h2 class=\"elementor-heading-title elementor-size-default\">Aportaciones transversales: visi\u00f3n institucional, memoria del puerto y ambici\u00f3n ecol\u00f3gica<\/h2>\t\t\t\t<\/div>\n\t\t\t\t<\/div>\n\t\t\t\t<div class=\"elementor-element elementor-element-e1ca559 elementor-widget elementor-widget-text-editor\" data-id=\"e1ca559\" data-element_type=\"widget\" data-widget_type=\"text-editor.default\">\n\t\t\t\t<div class=\"elementor-widget-container\">\n\t\t\t\t\t\t\t\t\t<p data-pm-slice=\"1 1 []\"><strong>Frantz Thodiard<\/strong>, Vicepresidente del Consejo de Vigilancia y antiguo Director del Puerto, hizo un recorrido por la historia de las distintas generaciones de gr\u00faas p\u00f3rtico: &#8220;Estamos en la cuarta, y son los puertos los que se adaptan a los barcos, y no al rev\u00e9s. El proyecto est\u00e1 maduro, apoyado por el Estado, la CTM, la AFD y fondos europeos. Insiste en la creaci\u00f3n de valor y empleo: &#8220;Al\u00e9, vir\u00e9 \u00e9 r\u00e9t\u00e9. Se trata de crear empleos y empresas locales en torno al transporte mar\u00edtimo, la tecnolog\u00eda digital y el medio ambiente.<\/p>\t\t\t\t\t\t\t\t<\/div>\n\t\t\t\t<\/div>\n\t\t\t\t<div class=\"elementor-element elementor-element-bf93c4e elementor-widget elementor-widget-image\" data-id=\"bf93c4e\" data-element_type=\"widget\" data-widget_type=\"image.default\">\n\t\t\t\t<div class=\"elementor-widget-container\">\n\t\t\t\t\t\t\t\t\t\t\t\t<figure class=\"wp-caption\">\n\t\t\t\t\t\t\t\t\t\t<img loading=\"lazy\" decoding=\"async\" width=\"800\" height=\"450\" src=\"https:\/\/richeskarayib.com\/wp-content\/uploads\/2025\/05\/WhatsApp-Image-2025-05-12-a-23.19.05_d8bb29a9-1024x576.jpg\" class=\"attachment-large size-large wp-image-51406\" alt=\"Hub Antilles\" srcset=\"https:\/\/richeskarayib.com\/wp-content\/uploads\/2025\/05\/WhatsApp-Image-2025-05-12-a-23.19.05_d8bb29a9-1024x576.jpg 1024w, https:\/\/richeskarayib.com\/wp-content\/uploads\/2025\/05\/WhatsApp-Image-2025-05-12-a-23.19.05_d8bb29a9-300x169.jpg 300w, https:\/\/richeskarayib.com\/wp-content\/uploads\/2025\/05\/WhatsApp-Image-2025-05-12-a-23.19.05_d8bb29a9-768x432.jpg 768w, https:\/\/richeskarayib.com\/wp-content\/uploads\/2025\/05\/WhatsApp-Image-2025-05-12-a-23.19.05_d8bb29a9-1536x864.jpg 1536w, https:\/\/richeskarayib.com\/wp-content\/uploads\/2025\/05\/WhatsApp-Image-2025-05-12-a-23.19.05_d8bb29a9-1320x743.jpg 1320w, https:\/\/richeskarayib.com\/wp-content\/uploads\/2025\/05\/WhatsApp-Image-2025-05-12-a-23.19.05_d8bb29a9.jpg 1600w\" sizes=\"(max-width: 800px) 100vw, 800px\" \/>\t\t\t\t\t\t\t\t\t\t\t<figcaption class=\"widget-image-caption wp-caption-text\">Frantz Thodiard<\/figcaption>\n\t\t\t\t\t\t\t\t\t\t<\/figure>\n\t\t\t\t\t\t\t\t\t<\/div>\n\t\t\t\t<\/div>\n\t\t\t\t<div class=\"elementor-element elementor-element-99f9526 elementor-widget elementor-widget-text-editor\" data-id=\"99f9526\" data-element_type=\"widget\" data-widget_type=\"text-editor.default\">\n\t\t\t\t<div class=\"elementor-widget-container\">\n\t\t\t\t\t\t\t\t\t<p data-pm-slice=\"1 1 []\"><strong>Jean-Claude Florentiny<\/strong>, en nombre del Consejo de Desarrollo, salud\u00f3 esta renovaci\u00f3n poco frecuente y estructurante: &#8220;No es algo que ocurra todos los d\u00edas. El atractivo tambi\u00e9n depende de nuestra capacidad para atraer a otras navieras. Es una herramienta com\u00fan, y debemos estar orgullosos de ello.<\/p>\t\t\t\t\t\t\t\t<\/div>\n\t\t\t\t<\/div>\n\t\t\t\t<div class=\"elementor-element elementor-element-fa48cba elementor-widget elementor-widget-image\" data-id=\"fa48cba\" data-element_type=\"widget\" data-widget_type=\"image.default\">\n\t\t\t\t<div class=\"elementor-widget-container\">\n\t\t\t\t\t\t\t\t\t\t\t\t<figure class=\"wp-caption\">\n\t\t\t\t\t\t\t\t\t\t<img loading=\"lazy\" decoding=\"async\" width=\"800\" height=\"450\" src=\"https:\/\/richeskarayib.com\/wp-content\/uploads\/2025\/05\/WhatsApp-Image-2025-05-12-a-23.19.48_4f462359-1024x576.jpg\" class=\"attachment-large size-large wp-image-51410\" alt=\"Hub Antilles\" srcset=\"https:\/\/richeskarayib.com\/wp-content\/uploads\/2025\/05\/WhatsApp-Image-2025-05-12-a-23.19.48_4f462359-1024x576.jpg 1024w, https:\/\/richeskarayib.com\/wp-content\/uploads\/2025\/05\/WhatsApp-Image-2025-05-12-a-23.19.48_4f462359-300x169.jpg 300w, https:\/\/richeskarayib.com\/wp-content\/uploads\/2025\/05\/WhatsApp-Image-2025-05-12-a-23.19.48_4f462359-768x432.jpg 768w, https:\/\/richeskarayib.com\/wp-content\/uploads\/2025\/05\/WhatsApp-Image-2025-05-12-a-23.19.48_4f462359-1536x864.jpg 1536w, https:\/\/richeskarayib.com\/wp-content\/uploads\/2025\/05\/WhatsApp-Image-2025-05-12-a-23.19.48_4f462359-1320x743.jpg 1320w, https:\/\/richeskarayib.com\/wp-content\/uploads\/2025\/05\/WhatsApp-Image-2025-05-12-a-23.19.48_4f462359.jpg 1600w\" sizes=\"(max-width: 800px) 100vw, 800px\" \/>\t\t\t\t\t\t\t\t\t\t\t<figcaption class=\"widget-image-caption wp-caption-text\">Jean-Claude Florentiny<\/figcaption>\n\t\t\t\t\t\t\t\t\t\t<\/figure>\n\t\t\t\t\t\t\t\t\t<\/div>\n\t\t\t\t<\/div>\n\t\t\t\t<div class=\"elementor-element elementor-element-4f2f97e elementor-widget elementor-widget-text-editor\" data-id=\"4f2f97e\" data-element_type=\"widget\" data-widget_type=\"text-editor.default\">\n\t\t\t\t<div class=\"elementor-widget-container\">\n\t\t\t\t\t\t\t\t\t<p data-pm-slice=\"1 1 []\"><strong>Philippe Rech<\/strong>, representante de CMA CGM, elogi\u00f3 la calidad de la colaboraci\u00f3n: &#8220;Les hemos escuchado de verdad y han sido muy profesionales. Es un placer trabajar con profesionales&#8221;. Tambi\u00e9n anunci\u00f3 la llegada de seis straddle carriers h\u00edbridos, y el despliegue de una nueva flota frigor\u00edfica con energ\u00eda fotovoltaica, con un coste de unos 30 millones de euros.<\/p>\t\t\t\t\t\t\t\t<\/div>\n\t\t\t\t<\/div>\n\t\t\t\t<div class=\"elementor-element elementor-element-12eaaf1 elementor-widget elementor-widget-image\" data-id=\"12eaaf1\" data-element_type=\"widget\" data-widget_type=\"image.default\">\n\t\t\t\t<div class=\"elementor-widget-container\">\n\t\t\t\t\t\t\t\t\t\t\t\t<figure class=\"wp-caption\">\n\t\t\t\t\t\t\t\t\t\t<img loading=\"lazy\" decoding=\"async\" width=\"800\" height=\"450\" src=\"https:\/\/richeskarayib.com\/wp-content\/uploads\/2025\/05\/WhatsApp-Image-2025-05-12-a-23.21.16_42ce8cb3-1024x576.jpg\" class=\"attachment-large size-large wp-image-51414\" alt=\"Hub Antilles\" srcset=\"https:\/\/richeskarayib.com\/wp-content\/uploads\/2025\/05\/WhatsApp-Image-2025-05-12-a-23.21.16_42ce8cb3-1024x576.jpg 1024w, https:\/\/richeskarayib.com\/wp-content\/uploads\/2025\/05\/WhatsApp-Image-2025-05-12-a-23.21.16_42ce8cb3-300x169.jpg 300w, https:\/\/richeskarayib.com\/wp-content\/uploads\/2025\/05\/WhatsApp-Image-2025-05-12-a-23.21.16_42ce8cb3-768x432.jpg 768w, https:\/\/richeskarayib.com\/wp-content\/uploads\/2025\/05\/WhatsApp-Image-2025-05-12-a-23.21.16_42ce8cb3-1536x864.jpg 1536w, https:\/\/richeskarayib.com\/wp-content\/uploads\/2025\/05\/WhatsApp-Image-2025-05-12-a-23.21.16_42ce8cb3-1320x743.jpg 1320w, https:\/\/richeskarayib.com\/wp-content\/uploads\/2025\/05\/WhatsApp-Image-2025-05-12-a-23.21.16_42ce8cb3.jpg 1600w\" sizes=\"(max-width: 800px) 100vw, 800px\" \/>\t\t\t\t\t\t\t\t\t\t\t<figcaption class=\"widget-image-caption wp-caption-text\">Philippe Rech<\/figcaption>\n\t\t\t\t\t\t\t\t\t\t<\/figure>\n\t\t\t\t\t\t\t\t\t<\/div>\n\t\t\t\t<\/div>\n\t\t\t\t<div class=\"elementor-element elementor-element-271af09 elementor-widget elementor-widget-text-editor\" data-id=\"271af09\" data-element_type=\"widget\" data-widget_type=\"text-editor.default\">\n\t\t\t\t<div class=\"elementor-widget-container\">\n\t\t\t\t\t\t\t\t\t<p data-pm-slice=\"1 1 []\"><strong>Maurice Claude<\/strong>, antiguo empleado del puerto, dio un testimonio lleno de memoria y transmisi\u00f3n. &#8220;Construimos lo que ves con nuestras propias manos. Al principio, no hab\u00eda nada. Esta terminal es fruto de nuestros sacrificios&#8221;, record\u00f3 emocionado. Bas\u00e1ndose en sus 38 a\u00f1os de carrera, subray\u00f3 la importancia de no perder nunca de vista la dimensi\u00f3n humana de estos logros: &#8220;Un hombre sin memoria es un hombre sin vida. Un pueblo sin memoria es un pueblo sin futuro.  <\/p>\t\t\t\t\t\t\t\t<\/div>\n\t\t\t\t<\/div>\n\t\t\t\t<div class=\"elementor-element elementor-element-7a4db1a elementor-widget elementor-widget-image\" data-id=\"7a4db1a\" data-element_type=\"widget\" data-widget_type=\"image.default\">\n\t\t\t\t<div class=\"elementor-widget-container\">\n\t\t\t\t\t\t\t\t\t\t\t\t<figure class=\"wp-caption\">\n\t\t\t\t\t\t\t\t\t\t<img loading=\"lazy\" decoding=\"async\" width=\"800\" height=\"450\" src=\"https:\/\/richeskarayib.com\/wp-content\/uploads\/2025\/05\/WhatsApp-Image-2025-05-12-a-23.24.51_b906cfe6-1024x576.jpg\" class=\"attachment-large size-large wp-image-51418\" alt=\"Hub Antilles\" srcset=\"https:\/\/richeskarayib.com\/wp-content\/uploads\/2025\/05\/WhatsApp-Image-2025-05-12-a-23.24.51_b906cfe6-1024x576.jpg 1024w, https:\/\/richeskarayib.com\/wp-content\/uploads\/2025\/05\/WhatsApp-Image-2025-05-12-a-23.24.51_b906cfe6-300x169.jpg 300w, https:\/\/richeskarayib.com\/wp-content\/uploads\/2025\/05\/WhatsApp-Image-2025-05-12-a-23.24.51_b906cfe6-768x432.jpg 768w, https:\/\/richeskarayib.com\/wp-content\/uploads\/2025\/05\/WhatsApp-Image-2025-05-12-a-23.24.51_b906cfe6-1536x864.jpg 1536w, https:\/\/richeskarayib.com\/wp-content\/uploads\/2025\/05\/WhatsApp-Image-2025-05-12-a-23.24.51_b906cfe6-1320x743.jpg 1320w, https:\/\/richeskarayib.com\/wp-content\/uploads\/2025\/05\/WhatsApp-Image-2025-05-12-a-23.24.51_b906cfe6.jpg 1600w\" sizes=\"(max-width: 800px) 100vw, 800px\" \/>\t\t\t\t\t\t\t\t\t\t\t<figcaption class=\"widget-image-caption wp-caption-text\">Claude Maurice<\/figcaption>\n\t\t\t\t\t\t\t\t\t\t<\/figure>\n\t\t\t\t\t\t\t\t\t<\/div>\n\t\t\t\t<\/div>\n\t\t\t\t<div class=\"elementor-element elementor-element-a896100 elementor-widget elementor-widget-text-editor\" data-id=\"a896100\" data-element_type=\"widget\" data-widget_type=\"text-editor.default\">\n\t\t\t\t<div class=\"elementor-widget-container\">\n\t\t\t\t\t\t\t\t\t<p data-pm-slice=\"1 1 []\"><strong>Dos empleados actuales<\/strong> tambi\u00e9n hablaron en el acto. El primero estaba impresionado: &#8220;No todos los d\u00edas se ve algo as\u00ed. Estamos acostumbrados a ver gr\u00faas p\u00f3rtico sobre ra\u00edles, pero puestas en un barco como \u00e9ste, es impresionante&#8221;. <\/p><p>El segundo compart\u00eda una visi\u00f3n m\u00e1s orientada a la transmisi\u00f3n: &#8220;He visto la llegada de los P4, los P5, los P6&#8230; Hoy, los P7 y los P8. Espero que los j\u00f3venes que acaban de llegar, y los que llegar\u00e1n en el futuro, sean capaces de continuar el trabajo que hemos iniciado.<\/p>\t\t\t\t\t\t\t\t<\/div>\n\t\t\t\t<\/div>\n\t\t\t\t<section class=\"elementor-section elementor-inner-section elementor-element elementor-element-3bedd95 elementor-section-boxed elementor-section-height-default elementor-section-height-default\" data-id=\"3bedd95\" data-element_type=\"section\">\n\t\t\t\t\t\t<div class=\"elementor-container elementor-column-gap-default\">\n\t\t\t\t\t<div class=\"elementor-column elementor-col-50 elementor-inner-column elementor-element elementor-element-4bfd207\" data-id=\"4bfd207\" data-element_type=\"column\">\n\t\t\t<div class=\"elementor-widget-wrap elementor-element-populated\">\n\t\t\t\t\t\t<div class=\"elementor-element elementor-element-88da6a4 elementor-widget elementor-widget-image\" data-id=\"88da6a4\" data-element_type=\"widget\" data-widget_type=\"image.default\">\n\t\t\t\t<div class=\"elementor-widget-container\">\n\t\t\t\t\t\t\t\t\t\t\t\t<figure class=\"wp-caption\">\n\t\t\t\t\t\t\t\t\t\t<img loading=\"lazy\" decoding=\"async\" width=\"576\" height=\"1024\" src=\"https:\/\/richeskarayib.com\/wp-content\/uploads\/2025\/05\/WhatsApp-Image-2025-05-12-a-23.32.17_7d1b9d0d-576x1024.jpg\" class=\"attachment-large size-large wp-image-51422\" alt=\"Hub Antilles\" srcset=\"https:\/\/richeskarayib.com\/wp-content\/uploads\/2025\/05\/WhatsApp-Image-2025-05-12-a-23.32.17_7d1b9d0d-576x1024.jpg 576w, https:\/\/richeskarayib.com\/wp-content\/uploads\/2025\/05\/WhatsApp-Image-2025-05-12-a-23.32.17_7d1b9d0d-169x300.jpg 169w, https:\/\/richeskarayib.com\/wp-content\/uploads\/2025\/05\/WhatsApp-Image-2025-05-12-a-23.32.17_7d1b9d0d-768x1365.jpg 768w, https:\/\/richeskarayib.com\/wp-content\/uploads\/2025\/05\/WhatsApp-Image-2025-05-12-a-23.32.17_7d1b9d0d-864x1536.jpg 864w, https:\/\/richeskarayib.com\/wp-content\/uploads\/2025\/05\/WhatsApp-Image-2025-05-12-a-23.32.17_7d1b9d0d.jpg 900w\" sizes=\"(max-width: 576px) 100vw, 576px\" \/>\t\t\t\t\t\t\t\t\t\t\t<figcaption class=\"widget-image-caption wp-caption-text\">Kevin Modestin<\/figcaption>\n\t\t\t\t\t\t\t\t\t\t<\/figure>\n\t\t\t\t\t\t\t\t\t<\/div>\n\t\t\t\t<\/div>\n\t\t\t\t\t<\/div>\n\t\t<\/div>\n\t\t\t\t<div class=\"elementor-column elementor-col-50 elementor-inner-column elementor-element elementor-element-4028ad6\" data-id=\"4028ad6\" data-element_type=\"column\">\n\t\t\t<div class=\"elementor-widget-wrap elementor-element-populated\">\n\t\t\t\t\t\t<div class=\"elementor-element elementor-element-2121bc8 elementor-widget elementor-widget-image\" data-id=\"2121bc8\" data-element_type=\"widget\" data-widget_type=\"image.default\">\n\t\t\t\t<div class=\"elementor-widget-container\">\n\t\t\t\t\t\t\t\t\t\t\t\t<figure class=\"wp-caption\">\n\t\t\t\t\t\t\t\t\t\t<img loading=\"lazy\" decoding=\"async\" width=\"576\" height=\"1024\" src=\"https:\/\/richeskarayib.com\/wp-content\/uploads\/2025\/05\/WhatsApp-Image-2025-05-12-a-23.32.35_20ed7f19-576x1024.jpg\" class=\"attachment-large size-large wp-image-51426\" alt=\"Hub Antilles\" srcset=\"https:\/\/richeskarayib.com\/wp-content\/uploads\/2025\/05\/WhatsApp-Image-2025-05-12-a-23.32.35_20ed7f19-576x1024.jpg 576w, https:\/\/richeskarayib.com\/wp-content\/uploads\/2025\/05\/WhatsApp-Image-2025-05-12-a-23.32.35_20ed7f19-169x300.jpg 169w, https:\/\/richeskarayib.com\/wp-content\/uploads\/2025\/05\/WhatsApp-Image-2025-05-12-a-23.32.35_20ed7f19-768x1365.jpg 768w, https:\/\/richeskarayib.com\/wp-content\/uploads\/2025\/05\/WhatsApp-Image-2025-05-12-a-23.32.35_20ed7f19-864x1536.jpg 864w, https:\/\/richeskarayib.com\/wp-content\/uploads\/2025\/05\/WhatsApp-Image-2025-05-12-a-23.32.35_20ed7f19.jpg 900w\" sizes=\"(max-width: 576px) 100vw, 576px\" \/>\t\t\t\t\t\t\t\t\t\t\t<figcaption class=\"widget-image-caption wp-caption-text\">Michel Jouan<\/figcaption>\n\t\t\t\t\t\t\t\t\t\t<\/figure>\n\t\t\t\t\t\t\t\t\t<\/div>\n\t\t\t\t<\/div>\n\t\t\t\t\t<\/div>\n\t\t<\/div>\n\t\t\t\t\t<\/div>\n\t\t<\/section>\n\t\t\t\t\t<\/div>\n\t\t<\/div>\n\t\t\t\t\t<\/div>\n\t\t<\/section>\n\t\t\t\t<section class=\"elementor-section elementor-top-section elementor-element elementor-element-37ecc2e elementor-section-boxed elementor-section-height-default elementor-section-height-default\" data-id=\"37ecc2e\" data-element_type=\"section\">\n\t\t\t\t\t\t<div class=\"elementor-container elementor-column-gap-default\">\n\t\t\t\t\t<div class=\"elementor-column elementor-col-100 elementor-top-column elementor-element elementor-element-1bf1004\" data-id=\"1bf1004\" data-element_type=\"column\">\n\t\t\t<div class=\"elementor-widget-wrap elementor-element-populated\">\n\t\t\t\t\t\t<div class=\"elementor-element elementor-element-7730d5a elementor-widget elementor-widget-heading\" data-id=\"7730d5a\" data-element_type=\"widget\" data-widget_type=\"heading.default\">\n\t\t\t\t<div class=\"elementor-widget-container\">\n\t\t\t\t\t<h2 class=\"elementor-heading-title elementor-size-default\">Una herramienta para el futuro de la regi\u00f3n<\/h2>\t\t\t\t<\/div>\n\t\t\t\t<\/div>\n\t\t\t\t<div class=\"elementor-element elementor-element-b0dba7b elementor-widget elementor-widget-text-editor\" data-id=\"b0dba7b\" data-element_type=\"widget\" data-widget_type=\"text-editor.default\">\n\t\t\t\t<div class=\"elementor-widget-container\">\n\t\t\t\t\t\t\t\t\t<p data-pm-slice=\"1 1 []\">Este proyecto ha recibido la etiqueta <strong>&#8220;La Mer en Commun&#8221;<\/strong> en el marco del A\u00f1o del Mar 2025. Se trata tanto de una inversi\u00f3n t\u00e9cnica como de un compromiso estructural: Martinica afirma su voluntad de desempe\u00f1ar un papel protagonista en los intercambios regionales. <\/p><p>La transformaci\u00f3n del puerto est\u00e1 en marcha, y es necesario que todo un ecosistema se ponga manos a la obra: empresas, industriales, importadores, cargos electos. &#8220;Los agentes econ\u00f3micos tienen que subirse al carro&#8221;, insiste Bruno Menc\u00e9. &#8220;Estos p\u00f3rticos son una clave. Depende de todos nosotros basarnos en esto.  <\/p>\t\t\t\t\t\t\t\t<\/div>\n\t\t\t\t<\/div>\n\t\t\t\t<div class=\"elementor-element elementor-element-6142fbf elementor-widget elementor-widget-image\" data-id=\"6142fbf\" data-element_type=\"widget\" data-widget_type=\"image.default\">\n\t\t\t\t<div class=\"elementor-widget-container\">\n\t\t\t\t\t\t\t\t\t\t\t\t\t\t\t<img loading=\"lazy\" decoding=\"async\" width=\"800\" height=\"450\" src=\"https:\/\/richeskarayib.com\/wp-content\/uploads\/2025\/05\/WhatsApp-Image-2025-05-12-a-23.41.17_d9887196-1024x576.jpg\" class=\"attachment-large size-large wp-image-51450\" alt=\"Hub Antilles\" srcset=\"https:\/\/richeskarayib.com\/wp-content\/uploads\/2025\/05\/WhatsApp-Image-2025-05-12-a-23.41.17_d9887196-1024x576.jpg 1024w, https:\/\/richeskarayib.com\/wp-content\/uploads\/2025\/05\/WhatsApp-Image-2025-05-12-a-23.41.17_d9887196-300x169.jpg 300w, https:\/\/richeskarayib.com\/wp-content\/uploads\/2025\/05\/WhatsApp-Image-2025-05-12-a-23.41.17_d9887196-768x432.jpg 768w, https:\/\/richeskarayib.com\/wp-content\/uploads\/2025\/05\/WhatsApp-Image-2025-05-12-a-23.41.17_d9887196-1536x864.jpg 1536w, https:\/\/richeskarayib.com\/wp-content\/uploads\/2025\/05\/WhatsApp-Image-2025-05-12-a-23.41.17_d9887196-1320x743.jpg 1320w, https:\/\/richeskarayib.com\/wp-content\/uploads\/2025\/05\/WhatsApp-Image-2025-05-12-a-23.41.17_d9887196.jpg 1600w\" sizes=\"(max-width: 800px) 100vw, 800px\" \/>\t\t\t\t\t\t\t\t\t\t\t\t\t\t\t<\/div>\n\t\t\t\t<\/div>\n\t\t\t\t<div class=\"elementor-element elementor-element-442024d elementor-widget elementor-widget-image\" data-id=\"442024d\" data-element_type=\"widget\" data-widget_type=\"image.default\">\n\t\t\t\t<div class=\"elementor-widget-container\">\n\t\t\t\t\t\t\t\t\t\t\t\t\t\t\t<img loading=\"lazy\" decoding=\"async\" width=\"800\" height=\"450\" src=\"https:\/\/richeskarayib.com\/wp-content\/uploads\/2025\/05\/WhatsApp-Image-2025-05-12-a-23.37.24_25a9d9d6-1024x576.jpg\" class=\"attachment-large size-large wp-image-51430\" alt=\"Hub Antilles\" srcset=\"https:\/\/richeskarayib.com\/wp-content\/uploads\/2025\/05\/WhatsApp-Image-2025-05-12-a-23.37.24_25a9d9d6-1024x576.jpg 1024w, https:\/\/richeskarayib.com\/wp-content\/uploads\/2025\/05\/WhatsApp-Image-2025-05-12-a-23.37.24_25a9d9d6-300x169.jpg 300w, https:\/\/richeskarayib.com\/wp-content\/uploads\/2025\/05\/WhatsApp-Image-2025-05-12-a-23.37.24_25a9d9d6-768x432.jpg 768w, https:\/\/richeskarayib.com\/wp-content\/uploads\/2025\/05\/WhatsApp-Image-2025-05-12-a-23.37.24_25a9d9d6-1536x864.jpg 1536w, https:\/\/richeskarayib.com\/wp-content\/uploads\/2025\/05\/WhatsApp-Image-2025-05-12-a-23.37.24_25a9d9d6-1320x743.jpg 1320w, https:\/\/richeskarayib.com\/wp-content\/uploads\/2025\/05\/WhatsApp-Image-2025-05-12-a-23.37.24_25a9d9d6.jpg 1600w\" sizes=\"(max-width: 800px) 100vw, 800px\" \/>\t\t\t\t\t\t\t\t\t\t\t\t\t\t\t<\/div>\n\t\t\t\t<\/div>\n\t\t\t\t<div class=\"elementor-element elementor-element-09ee7af elementor-widget elementor-widget-image\" data-id=\"09ee7af\" data-element_type=\"widget\" data-widget_type=\"image.default\">\n\t\t\t\t<div class=\"elementor-widget-container\">\n\t\t\t\t\t\t\t\t\t\t\t\t\t\t\t<img loading=\"lazy\" decoding=\"async\" width=\"800\" height=\"450\" src=\"https:\/\/richeskarayib.com\/wp-content\/uploads\/2025\/05\/WhatsApp-Image-2025-05-12-a-23.37.50_4eae5d81-1024x576.jpg\" class=\"attachment-large size-large wp-image-51434\" alt=\"Hub Antilles\" srcset=\"https:\/\/richeskarayib.com\/wp-content\/uploads\/2025\/05\/WhatsApp-Image-2025-05-12-a-23.37.50_4eae5d81-1024x576.jpg 1024w, https:\/\/richeskarayib.com\/wp-content\/uploads\/2025\/05\/WhatsApp-Image-2025-05-12-a-23.37.50_4eae5d81-300x169.jpg 300w, https:\/\/richeskarayib.com\/wp-content\/uploads\/2025\/05\/WhatsApp-Image-2025-05-12-a-23.37.50_4eae5d81-768x432.jpg 768w, https:\/\/richeskarayib.com\/wp-content\/uploads\/2025\/05\/WhatsApp-Image-2025-05-12-a-23.37.50_4eae5d81-1536x864.jpg 1536w, https:\/\/richeskarayib.com\/wp-content\/uploads\/2025\/05\/WhatsApp-Image-2025-05-12-a-23.37.50_4eae5d81-1320x743.jpg 1320w, https:\/\/richeskarayib.com\/wp-content\/uploads\/2025\/05\/WhatsApp-Image-2025-05-12-a-23.37.50_4eae5d81.jpg 1600w\" sizes=\"(max-width: 800px) 100vw, 800px\" \/>\t\t\t\t\t\t\t\t\t\t\t\t\t\t\t<\/div>\n\t\t\t\t<\/div>\n\t\t\t\t<div class=\"elementor-element elementor-element-80cf16b elementor-widget elementor-widget-image\" data-id=\"80cf16b\" data-element_type=\"widget\" data-widget_type=\"image.default\">\n\t\t\t\t<div class=\"elementor-widget-container\">\n\t\t\t\t\t\t\t\t\t\t\t\t\t\t\t<img loading=\"lazy\" decoding=\"async\" width=\"800\" height=\"450\" src=\"https:\/\/richeskarayib.com\/wp-content\/uploads\/2025\/05\/WhatsApp-Image-2025-05-12-a-23.38.09_2ef4abd8-1024x576.jpg\" class=\"attachment-large size-large wp-image-51438\" alt=\"Hub Antilles\" srcset=\"https:\/\/richeskarayib.com\/wp-content\/uploads\/2025\/05\/WhatsApp-Image-2025-05-12-a-23.38.09_2ef4abd8-1024x576.jpg 1024w, https:\/\/richeskarayib.com\/wp-content\/uploads\/2025\/05\/WhatsApp-Image-2025-05-12-a-23.38.09_2ef4abd8-300x169.jpg 300w, https:\/\/richeskarayib.com\/wp-content\/uploads\/2025\/05\/WhatsApp-Image-2025-05-12-a-23.38.09_2ef4abd8-768x432.jpg 768w, https:\/\/richeskarayib.com\/wp-content\/uploads\/2025\/05\/WhatsApp-Image-2025-05-12-a-23.38.09_2ef4abd8-1536x864.jpg 1536w, https:\/\/richeskarayib.com\/wp-content\/uploads\/2025\/05\/WhatsApp-Image-2025-05-12-a-23.38.09_2ef4abd8-1320x743.jpg 1320w, https:\/\/richeskarayib.com\/wp-content\/uploads\/2025\/05\/WhatsApp-Image-2025-05-12-a-23.38.09_2ef4abd8.jpg 1600w\" sizes=\"(max-width: 800px) 100vw, 800px\" \/>\t\t\t\t\t\t\t\t\t\t\t\t\t\t\t<\/div>\n\t\t\t\t<\/div>\n\t\t\t\t<div class=\"elementor-element elementor-element-9592845 elementor-widget elementor-widget-image\" data-id=\"9592845\" data-element_type=\"widget\" data-widget_type=\"image.default\">\n\t\t\t\t<div class=\"elementor-widget-container\">\n\t\t\t\t\t\t\t\t\t\t\t\t\t\t\t<img loading=\"lazy\" decoding=\"async\" width=\"800\" height=\"450\" src=\"https:\/\/richeskarayib.com\/wp-content\/uploads\/2025\/05\/WhatsApp-Image-2025-05-12-a-23.38.51_aada3e50-1024x576.jpg\" class=\"attachment-large size-large wp-image-51442\" alt=\"Hub Antilles\" srcset=\"https:\/\/richeskarayib.com\/wp-content\/uploads\/2025\/05\/WhatsApp-Image-2025-05-12-a-23.38.51_aada3e50-1024x576.jpg 1024w, https:\/\/richeskarayib.com\/wp-content\/uploads\/2025\/05\/WhatsApp-Image-2025-05-12-a-23.38.51_aada3e50-300x169.jpg 300w, https:\/\/richeskarayib.com\/wp-content\/uploads\/2025\/05\/WhatsApp-Image-2025-05-12-a-23.38.51_aada3e50-768x432.jpg 768w, https:\/\/richeskarayib.com\/wp-content\/uploads\/2025\/05\/WhatsApp-Image-2025-05-12-a-23.38.51_aada3e50-1536x864.jpg 1536w, https:\/\/richeskarayib.com\/wp-content\/uploads\/2025\/05\/WhatsApp-Image-2025-05-12-a-23.38.51_aada3e50-1320x743.jpg 1320w, https:\/\/richeskarayib.com\/wp-content\/uploads\/2025\/05\/WhatsApp-Image-2025-05-12-a-23.38.51_aada3e50.jpg 1600w\" sizes=\"(max-width: 800px) 100vw, 800px\" \/>\t\t\t\t\t\t\t\t\t\t\t\t\t\t\t<\/div>\n\t\t\t\t<\/div>\n\t\t\t\t<div class=\"elementor-element elementor-element-05786d6 elementor-widget elementor-widget-image\" data-id=\"05786d6\" data-element_type=\"widget\" data-widget_type=\"image.default\">\n\t\t\t\t<div class=\"elementor-widget-container\">\n\t\t\t\t\t\t\t\t\t\t\t\t\t\t\t<img loading=\"lazy\" decoding=\"async\" width=\"800\" height=\"450\" src=\"https:\/\/richeskarayib.com\/wp-content\/uploads\/2025\/05\/WhatsApp-Image-2025-05-12-a-23.41.56_02dd0237-1024x576.jpg\" class=\"attachment-large size-large wp-image-51454\" alt=\"Hub Antilles\" srcset=\"https:\/\/richeskarayib.com\/wp-content\/uploads\/2025\/05\/WhatsApp-Image-2025-05-12-a-23.41.56_02dd0237-1024x576.jpg 1024w, https:\/\/richeskarayib.com\/wp-content\/uploads\/2025\/05\/WhatsApp-Image-2025-05-12-a-23.41.56_02dd0237-300x169.jpg 300w, https:\/\/richeskarayib.com\/wp-content\/uploads\/2025\/05\/WhatsApp-Image-2025-05-12-a-23.41.56_02dd0237-768x432.jpg 768w, https:\/\/richeskarayib.com\/wp-content\/uploads\/2025\/05\/WhatsApp-Image-2025-05-12-a-23.41.56_02dd0237-1536x864.jpg 1536w, https:\/\/richeskarayib.com\/wp-content\/uploads\/2025\/05\/WhatsApp-Image-2025-05-12-a-23.41.56_02dd0237-1320x743.jpg 1320w, https:\/\/richeskarayib.com\/wp-content\/uploads\/2025\/05\/WhatsApp-Image-2025-05-12-a-23.41.56_02dd0237.jpg 1600w\" sizes=\"(max-width: 800px) 100vw, 800px\" \/>\t\t\t\t\t\t\t\t\t\t\t\t\t\t\t<\/div>\n\t\t\t\t<\/div>\n\t\t\t\t\t<\/div>\n\t\t<\/div>\n\t\t\t\t\t<\/div>\n\t\t<\/section>\n\t\t\t\t<\/div>\n\t\t","protected":false},"excerpt":{"rendered":"<p>El 12 de mayo de 2025, en el muelle de Pointe des Grives, el Grand Port Maritime de la Martinique present\u00f3 dos gr\u00faas p\u00f3rtico de nueva generaci\u00f3n. Este equipamiento marca un avance estrat\u00e9gico para la regi\u00f3n, en el coraz\u00f3n del proyecto Hub Antillas, apoyado por el Estado, las autoridades locales y los socios privados. Un [&hellip;]<\/p>\n","protected":false},"author":47,"featured_media":51390,"comment_status":"open","ping_status":"open","sticky":false,"template":"","format":"standard","meta":{"_acf_changed":false,"footnotes":""},"categories":[1724,839],"tags":[816],"class_list":["post-51456","post","type-post","status-publish","format-standard","has-post-thumbnail","hentry","category-maritimo","category-noticias","tag-martinique-es"],"acf":[],"_links":{"self":[{"href":"https:\/\/richeskarayib.com\/es\/wp-json\/wp\/v2\/posts\/51456","targetHints":{"allow":["GET"]}}],"collection":[{"href":"https:\/\/richeskarayib.com\/es\/wp-json\/wp\/v2\/posts"}],"about":[{"href":"https:\/\/richeskarayib.com\/es\/wp-json\/wp\/v2\/types\/post"}],"author":[{"embeddable":true,"href":"https:\/\/richeskarayib.com\/es\/wp-json\/wp\/v2\/users\/47"}],"replies":[{"embeddable":true,"href":"https:\/\/richeskarayib.com\/es\/wp-json\/wp\/v2\/comments?post=51456"}],"version-history":[{"count":0,"href":"https:\/\/richeskarayib.com\/es\/wp-json\/wp\/v2\/posts\/51456\/revisions"}],"wp:featuredmedia":[{"embeddable":true,"href":"https:\/\/richeskarayib.com\/es\/wp-json\/wp\/v2\/media\/51390"}],"wp:attachment":[{"href":"https:\/\/richeskarayib.com\/es\/wp-json\/wp\/v2\/media?parent=51456"}],"wp:term":[{"taxonomy":"category","embeddable":true,"href":"https:\/\/richeskarayib.com\/es\/wp-json\/wp\/v2\/categories?post=51456"},{"taxonomy":"post_tag","embeddable":true,"href":"https:\/\/richeskarayib.com\/es\/wp-json\/wp\/v2\/tags?post=51456"}],"curies":[{"name":"wp","href":"https:\/\/api.w.org\/{rel}","templated":true}]}}