{"id":51641,"date":"2025-05-15T14:12:54","date_gmt":"2025-05-15T18:12:54","guid":{"rendered":"https:\/\/richeskarayib.com\/haiti-el-cantante-franco-haitiano-joe-dwet-file-gana-el-premio-flammes-2025\/"},"modified":"2025-05-15T14:12:54","modified_gmt":"2025-05-15T18:12:54","slug":"haiti-el-cantante-franco-haitiano-joe-dwet-file-gana-el-premio-flammes-2025","status":"publish","type":"post","link":"https:\/\/richeskarayib.com\/es\/haiti-el-cantante-franco-haitiano-joe-dwet-file-gana-el-premio-flammes-2025\/","title":{"rendered":"Hait\u00ed &#8211; El cantante franco-haitiano Jo\u00e9 Dw\u00e8t Fil\u00e9 gana el premio Flammes 2025"},"content":{"rendered":"\t\t<div data-elementor-type=\"wp-post\" data-elementor-id=\"51641\" class=\"elementor elementor-51641 elementor-51619\" data-elementor-post-type=\"post\">\n\t\t\t\t\t\t<section class=\"elementor-section elementor-top-section elementor-element elementor-element-7d4f952 elementor-section-boxed elementor-section-height-default elementor-section-height-default\" data-id=\"7d4f952\" data-element_type=\"section\">\n\t\t\t\t\t\t<div class=\"elementor-container elementor-column-gap-default\">\n\t\t\t\t\t<div class=\"elementor-column elementor-col-100 elementor-top-column elementor-element elementor-element-f3833fa\" data-id=\"f3833fa\" data-element_type=\"column\">\n\t\t\t<div class=\"elementor-widget-wrap elementor-element-populated\">\n\t\t\t\t\t\t<div class=\"elementor-element elementor-element-6cd393f elementor-widget elementor-widget-text-editor\" data-id=\"6cd393f\" data-element_type=\"widget\" data-widget_type=\"text-editor.default\">\n\t\t\t\t<div class=\"elementor-widget-container\">\n\t\t\t\t\t\t\t\t\t<p><span style=\"font-weight: 400;\">El cantante franco-haitiano <a href=\"https:\/\/rci.fm\/deuxiles\/infos\/Societe\/Flammes-2025-Joe-Dwet-File-recoit-le-prix-de-la-musique-caribeenne-de-lannee\" target=\"_blank\" rel=\"noopener nofollow\">Jo\u00e9 Dw\u00e8t Fil\u00e9<\/a> acaba de hacer historia en la m\u00fasica caribe\u00f1a al ganar la Flamme a la mejor canci\u00f3n caribe\u00f1a o de inspiraci\u00f3n caribe\u00f1a en la tercera edici\u00f3n de Les Flammes, el 13 de mayo de 2025 en La Seine Musicale de Par\u00eds, gracias a su tema &#8220;4 Kamp\u00e9&#8221;. La victoria, que se produce en medio de un mes de celebraci\u00f3n del patrimonio cultural haitiano, es un rotundo espaldarazo al talento del artista y a la riqueza de los sonidos caribe\u00f1os. <\/span><\/p>\t\t\t\t\t\t\t\t<\/div>\n\t\t\t\t<\/div>\n\t\t\t\t\t<\/div>\n\t\t<\/div>\n\t\t\t\t\t<\/div>\n\t\t<\/section>\n\t\t\t\t<section class=\"elementor-section elementor-top-section elementor-element elementor-element-16ba7e0 elementor-section-boxed elementor-section-height-default elementor-section-height-default\" data-id=\"16ba7e0\" data-element_type=\"section\">\n\t\t\t\t\t\t<div class=\"elementor-container elementor-column-gap-default\">\n\t\t\t\t\t<div class=\"elementor-column elementor-col-100 elementor-top-column elementor-element elementor-element-f6fb52b\" data-id=\"f6fb52b\" data-element_type=\"column\">\n\t\t\t<div class=\"elementor-widget-wrap elementor-element-populated\">\n\t\t\t\t\t\t<div class=\"elementor-element elementor-element-0ce05bd elementor-widget elementor-widget-heading\" data-id=\"0ce05bd\" data-element_type=\"widget\" data-widget_type=\"heading.default\">\n\t\t\t\t<div class=\"elementor-widget-container\">\n\t\t\t\t\t<h2 class=\"elementor-heading-title elementor-size-default\">Les Flammes: una ceremonia que celebra la diversidad musical<\/h2>\t\t\t\t<\/div>\n\t\t\t\t<\/div>\n\t\t\t\t<div class=\"elementor-element elementor-element-f5427b4 elementor-widget elementor-widget-text-editor\" data-id=\"f5427b4\" data-element_type=\"widget\" data-widget_type=\"text-editor.default\">\n\t\t\t\t<div class=\"elementor-widget-container\">\n\t\t\t\t\t\t\t\t\t<h3><strong>Or\u00edgenes y misi\u00f3n de la ceremonia<\/strong><\/h3>\n<p><span style=\"font-weight: 400;\">Creada en 2023, la ceremonia de las Flammes se ha consolidado r\u00e1pidamente como un acontecimiento importante para la m\u00fasica urbana, afro, caribe\u00f1a y diasp\u00f3rica en Francia.<\/span><a href=\"https:\/\/fr.wikipedia.org\/wiki\/Les_Flammes_(r%C3%A9compense)\" rel=\"nofollow noopener\" target=\"_blank\"><span style=\"font-weight: 400;\">2<\/span><\/a><a href=\"https:\/\/www.tropiquesfm.com\/flammes-2025-joe-dwet-file-et-aya-nakamura-icones-des-cultures-urbaines-afro-caribeennes\" rel=\"nofollow noopener\" target=\"_blank\"><span style=\"font-weight: 400;\">3<\/span><\/a><a href=\"https:\/\/blog.ticketmaster.fr\/musique\/les-flammes\/\" rel=\"nofollow noopener\" target=\"_blank\"><span style=\"font-weight: 400;\">6<\/span><\/a><span style=\"font-weight: 400;\">. A diferencia de otras ceremonias que a veces son criticadas por su falta de diversidad, Les Flammes se esfuerzan por celebrar la pluralidad de culturas y ofrecer una mayor visibilidad a artistas de diversos or\u00edgenes. Esta iniciativa integradora contribuye a poner de relieve el talento que hace vibrar la escena franc\u00f3fona e internacional. <\/span><\/p>\t\t\t\t\t\t\t\t<\/div>\n\t\t\t\t<\/div>\n\t\t\t\t<div class=\"elementor-element elementor-element-0f1d427 elementor-widget elementor-widget-text-editor\" data-id=\"0f1d427\" data-element_type=\"widget\" data-widget_type=\"text-editor.default\">\n\t\t\t\t<div class=\"elementor-widget-container\">\n\t\t\t\t\t\t\t\t\t<h3><strong>El lugar de la m\u00fasica caribe\u00f1a en el evento<\/strong><\/h3>\n<p><span style=\"font-weight: 400;\">La <a href=\"https:\/\/richeskarayib.com\/es\/jamaica-shaka-pow-un-extraordinario-viaje-entre-la-musica-y-la-medicina\/\" target=\"_blank\" rel=\"noopener\">m\u00fasica caribe\u00f1a<\/a> ocupa un lugar destacado en el programa Flammes. Mediante categor\u00edas espec\u00edficas, la ceremonia rinde homenaje a la creatividad, originalidad e influencia global de los sonidos de las Antillas y el Caribe. Este a\u00f1o, la competici\u00f3n por la Flamme a la mejor canci\u00f3n caribe\u00f1a o de inspiraci\u00f3n caribe\u00f1a ha sido especialmente intensa, poniendo de relieve la diversidad y vitalidad de este movimiento musical.  <\/span><\/p>\t\t\t\t\t\t\t\t<\/div>\n\t\t\t\t<\/div>\n\t\t\t\t<section class=\"elementor-section elementor-inner-section elementor-element elementor-element-b36733b elementor-section-boxed elementor-section-height-default elementor-section-height-default\" data-id=\"b36733b\" data-element_type=\"section\">\n\t\t\t\t\t\t<div class=\"elementor-container elementor-column-gap-default\">\n\t\t\t\t\t<div class=\"elementor-column elementor-col-50 elementor-inner-column elementor-element elementor-element-5f77cb5\" data-id=\"5f77cb5\" data-element_type=\"column\">\n\t\t\t<div class=\"elementor-widget-wrap elementor-element-populated\">\n\t\t\t\t\t\t<div class=\"elementor-element elementor-element-d5d7117 elementor-widget elementor-widget-image\" data-id=\"d5d7117\" data-element_type=\"widget\" data-widget_type=\"image.default\">\n\t\t\t\t<div class=\"elementor-widget-container\">\n\t\t\t\t\t\t\t\t\t\t\t\t<figure class=\"wp-caption\">\n\t\t\t\t\t\t\t\t\t\t<img fetchpriority=\"high\" decoding=\"async\" width=\"800\" height=\"1000\" src=\"https:\/\/richeskarayib.com\/wp-content\/uploads\/2025\/05\/497315100_18500341216054001_3998692391043187813_n-819x1024.jpg\" class=\"attachment-large size-large wp-image-51627\" alt=\"Jo\u00e9 Dw\u00e8t Fil\u00e9\" srcset=\"https:\/\/richeskarayib.com\/wp-content\/uploads\/2025\/05\/497315100_18500341216054001_3998692391043187813_n-819x1024.jpg 819w, https:\/\/richeskarayib.com\/wp-content\/uploads\/2025\/05\/497315100_18500341216054001_3998692391043187813_n-240x300.jpg 240w, https:\/\/richeskarayib.com\/wp-content\/uploads\/2025\/05\/497315100_18500341216054001_3998692391043187813_n-768x960.jpg 768w, https:\/\/richeskarayib.com\/wp-content\/uploads\/2025\/05\/497315100_18500341216054001_3998692391043187813_n-1229x1536.jpg 1229w, https:\/\/richeskarayib.com\/wp-content\/uploads\/2025\/05\/497315100_18500341216054001_3998692391043187813_n-1320x1650.jpg 1320w, https:\/\/richeskarayib.com\/wp-content\/uploads\/2025\/05\/497315100_18500341216054001_3998692391043187813_n.jpg 1440w\" sizes=\"(max-width: 800px) 100vw, 800px\" \/>\t\t\t\t\t\t\t\t\t\t\t<figcaption class=\"widget-image-caption wp-caption-text\">Jo\u00e9 Dw\u00e8t Fil\u00e9<\/figcaption>\n\t\t\t\t\t\t\t\t\t\t<\/figure>\n\t\t\t\t\t\t\t\t\t<\/div>\n\t\t\t\t<\/div>\n\t\t\t\t\t<\/div>\n\t\t<\/div>\n\t\t\t\t<div class=\"elementor-column elementor-col-50 elementor-inner-column elementor-element elementor-element-ade34d3\" data-id=\"ade34d3\" data-element_type=\"column\">\n\t\t\t<div class=\"elementor-widget-wrap elementor-element-populated\">\n\t\t\t\t\t\t<div class=\"elementor-element elementor-element-b8e26f5 elementor-widget elementor-widget-image\" data-id=\"b8e26f5\" data-element_type=\"widget\" data-widget_type=\"image.default\">\n\t\t\t\t<div class=\"elementor-widget-container\">\n\t\t\t\t\t\t\t\t\t\t\t\t<figure class=\"wp-caption\">\n\t\t\t\t\t\t\t\t\t\t<img decoding=\"async\" width=\"800\" height=\"1000\" src=\"https:\/\/richeskarayib.com\/wp-content\/uploads\/2025\/05\/497357606_18500341237054001_9061654328489198849_n-819x1024.jpg\" class=\"attachment-large size-large wp-image-51631\" alt=\"Jo\u00e9 Dw\u00e8t Fil\u00e9\" srcset=\"https:\/\/richeskarayib.com\/wp-content\/uploads\/2025\/05\/497357606_18500341237054001_9061654328489198849_n-819x1024.jpg 819w, https:\/\/richeskarayib.com\/wp-content\/uploads\/2025\/05\/497357606_18500341237054001_9061654328489198849_n-240x300.jpg 240w, https:\/\/richeskarayib.com\/wp-content\/uploads\/2025\/05\/497357606_18500341237054001_9061654328489198849_n-768x960.jpg 768w, https:\/\/richeskarayib.com\/wp-content\/uploads\/2025\/05\/497357606_18500341237054001_9061654328489198849_n-1229x1536.jpg 1229w, https:\/\/richeskarayib.com\/wp-content\/uploads\/2025\/05\/497357606_18500341237054001_9061654328489198849_n-1320x1650.jpg 1320w, https:\/\/richeskarayib.com\/wp-content\/uploads\/2025\/05\/497357606_18500341237054001_9061654328489198849_n.jpg 1440w\" sizes=\"(max-width: 800px) 100vw, 800px\" \/>\t\t\t\t\t\t\t\t\t\t\t<figcaption class=\"widget-image-caption wp-caption-text\">Jo\u00e9 Dw\u00e8t Fil\u00e9<\/figcaption>\n\t\t\t\t\t\t\t\t\t\t<\/figure>\n\t\t\t\t\t\t\t\t\t<\/div>\n\t\t\t\t<\/div>\n\t\t\t\t\t<\/div>\n\t\t<\/div>\n\t\t\t\t\t<\/div>\n\t\t<\/section>\n\t\t\t\t\t<\/div>\n\t\t<\/div>\n\t\t\t\t\t<\/div>\n\t\t<\/section>\n\t\t\t\t<section class=\"elementor-section elementor-top-section elementor-element elementor-element-7c727fe elementor-section-boxed elementor-section-height-default elementor-section-height-default\" data-id=\"7c727fe\" data-element_type=\"section\">\n\t\t\t\t\t\t<div class=\"elementor-container elementor-column-gap-default\">\n\t\t\t\t\t<div class=\"elementor-column elementor-col-100 elementor-top-column elementor-element elementor-element-2675508\" data-id=\"2675508\" data-element_type=\"column\">\n\t\t\t<div class=\"elementor-widget-wrap elementor-element-populated\">\n\t\t\t\t\t\t<div class=\"elementor-element elementor-element-86f7f71 elementor-widget elementor-widget-heading\" data-id=\"86f7f71\" data-element_type=\"widget\" data-widget_type=\"heading.default\">\n\t\t\t\t<div class=\"elementor-widget-container\">\n\t\t\t\t\t<h2 class=\"elementor-heading-title elementor-size-default\">\"4 Kamp\u00e9: un homenaje a Hait\u00ed y al Caribe<\/h2>\t\t\t\t<\/div>\n\t\t\t\t<\/div>\n\t\t\t\t<div class=\"elementor-element elementor-element-1931a91 elementor-widget elementor-widget-text-editor\" data-id=\"1931a91\" data-element_type=\"widget\" data-widget_type=\"text-editor.default\">\n\t\t\t\t<div class=\"elementor-widget-container\">\n\t\t\t\t\t\t\t\t\t<h3><strong>G\u00e9nesis y \u00e9xito del t\u00edtulo<\/strong><\/h3>\n<p><span style=\"font-weight: 400;\">&#8220;4 Kamp\u00e9&#8221; es m\u00e1s que un \u00e9xito: es un grito del coraz\u00f3n, un himno a la resistencia y el orgullo de Hait\u00ed. <a href=\"https:\/\/www.juno7.ht\/joe-dwet-file-remporte-la-flamme-des-musiques-caribee\/\" target=\"_blank\" rel=\"noopener nofollow\">Jo\u00e9 Dw\u00e8t Fil\u00e9<\/a>, con este tema certificado con disco de diamante, ha conmovido al p\u00fablico con su autenticidad y su energ\u00eda contagiosa.<\/span><span style=\"font-weight: 400;\">. El tema, que ha acumulado m\u00e1s de 50 millones de streams, se ha convertido en una referencia imprescindible en la escena caribe\u00f1a y urbana.<\/span><\/p>\t\t\t\t\t\t\t\t<\/div>\n\t\t\t\t<\/div>\n\t\t\t\t<div class=\"elementor-element elementor-element-b81b2b6 elementor-widget elementor-widget-text-editor\" data-id=\"b81b2b6\" data-element_type=\"widget\" data-widget_type=\"text-editor.default\">\n\t\t\t\t<div class=\"elementor-widget-container\">\n\t\t\t\t\t\t\t\t\t<h3><strong>Las influencias de la kompa y la cultura haitiana<\/strong><\/h3>\n<p><span style=\"font-weight: 400;\">Es imposible hablar de &#8220;4 Kamp\u00e9&#8221; sin mencionar la kompa, el emblem\u00e1tico estilo musical haitiano que ha traspasado fronteras e influido en muchos g\u00e9neros caribe\u00f1os.<\/span><a href=\"https:\/\/caribbeanmusicartists.com\/2021\/01\/22\/le-konpa-le-style-musical-incontournable-de-haiti\/\" rel=\"nofollow noopener\" target=\"_blank\"><span style=\"font-weight: 400;\">4<\/span><\/a><span style=\"font-weight: 400;\">. La canci\u00f3n de Jo\u00e9 Dw\u00e8t Fil\u00e9 es un sentido homenaje a esta tradici\u00f3n, al tiempo que le inyecta modernidad y una sensibilidad personal. Los ritmos, las melod\u00edas y las letras reflejan el profundo apego del artista a sus ra\u00edces, haciendo de &#8220;4 Kamp\u00e9&#8221; un verdadero puente entre el pasado y el presente, entre Hait\u00ed y el resto del mundo. <\/span><\/p>\t\t\t\t\t\t\t\t<\/div>\n\t\t\t\t<\/div>\n\t\t\t\t<section class=\"elementor-section elementor-inner-section elementor-element elementor-element-89ddcae elementor-section-boxed elementor-section-height-default elementor-section-height-default\" data-id=\"89ddcae\" data-element_type=\"section\">\n\t\t\t\t\t\t<div class=\"elementor-container elementor-column-gap-default\">\n\t\t\t\t\t<div class=\"elementor-column elementor-col-100 elementor-inner-column elementor-element elementor-element-453bee8\" data-id=\"453bee8\" data-element_type=\"column\">\n\t\t\t<div class=\"elementor-widget-wrap elementor-element-populated\">\n\t\t\t\t\t\t<div class=\"elementor-element elementor-element-4627d97 elementor-widget elementor-widget-video\" data-id=\"4627d97\" data-element_type=\"widget\" data-settings=\"{&quot;youtube_url&quot;:&quot;https:\\\/\\\/www.youtube.com\\\/watch?v=Srvt_6up-0o&amp;ab_channel=Jo%C3%A9Dw%C3%A8tFil%C3%A9&quot;,&quot;video_type&quot;:&quot;youtube&quot;,&quot;controls&quot;:&quot;yes&quot;}\" data-widget_type=\"video.default\">\n\t\t\t\t<div class=\"elementor-widget-container\">\n\t\t\t\t\t\t\t<div class=\"elementor-wrapper elementor-open-inline\">\n\t\t\t<div class=\"elementor-video\"><\/div>\t\t<\/div>\n\t\t\t\t\t\t<\/div>\n\t\t\t\t<\/div>\n\t\t\t\t\t<\/div>\n\t\t<\/div>\n\t\t\t\t\t<\/div>\n\t\t<\/section>\n\t\t\t\t\t<\/div>\n\t\t<\/div>\n\t\t\t\t\t<\/div>\n\t\t<\/section>\n\t\t\t\t<section class=\"elementor-section elementor-top-section elementor-element elementor-element-1a0b771 elementor-section-boxed elementor-section-height-default elementor-section-height-default\" data-id=\"1a0b771\" data-element_type=\"section\">\n\t\t\t\t\t\t<div class=\"elementor-container elementor-column-gap-default\">\n\t\t\t\t\t<div class=\"elementor-column elementor-col-100 elementor-top-column elementor-element elementor-element-345f4b7\" data-id=\"345f4b7\" data-element_type=\"column\">\n\t\t\t<div class=\"elementor-widget-wrap elementor-element-populated\">\n\t\t\t\t\t\t<div class=\"elementor-element elementor-element-d6a712a elementor-widget elementor-widget-heading\" data-id=\"d6a712a\" data-element_type=\"widget\" data-widget_type=\"heading.default\">\n\t\t\t\t<div class=\"elementor-widget-container\">\n\t\t\t\t\t<h2 class=\"elementor-heading-title elementor-size-default\">Una victoria contra una competici\u00f3n de alto nivel<\/h2>\t\t\t\t<\/div>\n\t\t\t\t<\/div>\n\t\t\t\t<div class=\"elementor-element elementor-element-f9582c3 elementor-widget elementor-widget-text-editor\" data-id=\"f9582c3\" data-element_type=\"widget\" data-widget_type=\"text-editor.default\">\n\t\t\t\t<div class=\"elementor-widget-container\">\n\t\t\t\t\t\t\t\t\t<h3><strong>Los otros artistas nominados en el<\/strong><\/h3>\n<p><span style=\"font-weight: 400;\">La competici\u00f3n por el Flamme a la mejor canci\u00f3n caribe\u00f1a o de inspiraci\u00f3n caribe\u00f1a estuvo especialmente re\u00f1ida este a\u00f1o. <a href=\"https:\/\/www.chokarella.com\/2025\/05\/14\/entre-triomphe-et-controverse-joe-dwet-file-soffre-une-flamme-pour-4-kampe\/\" target=\"_blank\" rel=\"noopener nofollow\">Jo\u00e9 Dw\u00e8t Fil\u00e9<\/a> se enfrentaba a artistas de renombre como Maureen &amp; Bamby por &#8220;Chic&#8221; y Meryl &amp; DJ Tutuss por &#8220;Dembow Martinica&#8221;. Cada una de estas canciones ten\u00eda una fuerte identidad y el deseo de promover la cultura caribe\u00f1a.  <\/span><\/p>\t\t\t\t\t\t\t\t<\/div>\n\t\t\t\t<\/div>\n\t\t\t\t<div class=\"elementor-element elementor-element-3a09cc5 elementor-widget elementor-widget-text-editor\" data-id=\"3a09cc5\" data-element_type=\"widget\" data-widget_type=\"text-editor.default\">\n\t\t\t\t<div class=\"elementor-widget-container\">\n\t\t\t\t\t\t\t\t\t<h3><strong>Criterios para distinguir la pieza<\/strong><\/h3>\n<p><span style=\"font-weight: 400;\">Si &#8220;4 Kamp\u00e9&#8221; ha triunfado es por la fuerza de su mensaje, la calidad de su producci\u00f3n y la emoci\u00f3n que transmite. La autenticidad de la canci\u00f3n, sus ra\u00edces en la tradici\u00f3n haitiana y su capacidad para unir a una comunidad en torno a los valores del orgullo y la solidaridad conquistaron al jurado y al p\u00fablico. Jo\u00e9 Dw\u00e8t Fil\u00e9 demostr\u00f3 que la m\u00fasica caribe\u00f1a tiene su lugar en la escena internacional, apoyada por artistas comprometidos y con talento.  <\/span><\/p>\t\t\t\t\t\t\t\t<\/div>\n\t\t\t\t<\/div>\n\t\t\t\t\t<\/div>\n\t\t<\/div>\n\t\t\t\t\t<\/div>\n\t\t<\/section>\n\t\t\t\t<section class=\"elementor-section elementor-top-section elementor-element elementor-element-ea97b3e elementor-section-boxed elementor-section-height-default elementor-section-height-default\" data-id=\"ea97b3e\" data-element_type=\"section\">\n\t\t\t\t\t\t<div class=\"elementor-container elementor-column-gap-default\">\n\t\t\t\t\t<div class=\"elementor-column elementor-col-100 elementor-top-column elementor-element elementor-element-37044fd\" data-id=\"37044fd\" data-element_type=\"column\">\n\t\t\t<div class=\"elementor-widget-wrap elementor-element-populated\">\n\t\t\t\t\t\t<div class=\"elementor-element elementor-element-8a09dca elementor-widget elementor-widget-heading\" data-id=\"8a09dca\" data-element_type=\"widget\" data-widget_type=\"heading.default\">\n\t\t\t\t<div class=\"elementor-widget-container\">\n\t\t\t\t\t<h2 class=\"elementor-heading-title elementor-size-default\">Jo\u00e9 Dw\u00e8t Fil\u00e9: embajador de la cultura caribe\u00f1a<\/h2>\t\t\t\t<\/div>\n\t\t\t\t<\/div>\n\t\t\t\t<div class=\"elementor-element elementor-element-47dd91f elementor-widget elementor-widget-text-editor\" data-id=\"47dd91f\" data-element_type=\"widget\" data-widget_type=\"text-editor.default\">\n\t\t\t\t<div class=\"elementor-widget-container\">\n\t\t\t\t\t\t\t\t\t<h3><strong>Su carrera, nombramientos y reconocimiento internacional<\/strong><\/h3>\n<p><span style=\"font-weight: 400;\">Jo\u00e9 Dw\u00e8t Fil\u00e9 no es ajeno a los focos. Este a\u00f1o particip\u00f3 en cuatro categor\u00edas distintas de los Flammes, dos de ellas por &#8220;4 Kamp\u00e9&#8221;. Tambi\u00e9n fue nominado al Flamme a la Canci\u00f3n del A\u00f1o, al Flamme al Artista Masculino del A\u00f1o y al Flamme a la Canci\u00f3n R&amp;B por &#8220;Merci \u00e0 mon ex&#8221;, prueba de su versatilidad y creciente influencia. El artista tambi\u00e9n es nominado regularmente en otras iniciativas prestigiosas, como los BET Awards y los Caribbean Music Awards, donde sigue enarbolando la bandera del Caribe.   <\/span><\/p>\t\t\t\t\t\t\t\t<\/div>\n\t\t\t\t<\/div>\n\t\t\t\t<div class=\"elementor-element elementor-element-f648c59 elementor-widget elementor-widget-text-editor\" data-id=\"f648c59\" data-element_type=\"widget\" data-widget_type=\"text-editor.default\">\n\t\t\t\t<div class=\"elementor-widget-container\">\n\t\t\t\t\t\t\t\t\t<h3><strong>El impacto de su victoria en la visibilidad de la m\u00fasica caribe\u00f1a<\/strong><\/h3>\n<p><span style=\"font-weight: 400;\">El reconocimiento de Jo\u00e9 Dw\u00e8t Fil\u00e9 en <a href=\"https:\/\/lesflammesawards.com\/\" target=\"_blank\" rel=\"noopener nofollow\">Flammes 2025<\/a> es algo m\u00e1s que un premio individual. Pone de relieve la riqueza, diversidad y vitalidad de la m\u00fasica caribe\u00f1a en el panorama musical contempor\u00e1neo. Gracias a artistas como \u00e9l, los ritmos, voces e historias del Caribe est\u00e1n ganando visibilidad y reconocimiento, inspirando a una nueva generaci\u00f3n a abrazar y celebrar su herencia cultural.  <\/span><\/p>\t\t\t\t\t\t\t\t<\/div>\n\t\t\t\t<\/div>\n\t\t\t\t<section class=\"elementor-section elementor-inner-section elementor-element elementor-element-e5948b3 elementor-section-boxed elementor-section-height-default elementor-section-height-default\" data-id=\"e5948b3\" data-element_type=\"section\">\n\t\t\t\t\t\t<div class=\"elementor-container elementor-column-gap-default\">\n\t\t\t\t\t<div class=\"elementor-column elementor-col-50 elementor-inner-column elementor-element elementor-element-e31a8e9\" data-id=\"e31a8e9\" data-element_type=\"column\">\n\t\t\t<div class=\"elementor-widget-wrap elementor-element-populated\">\n\t\t\t\t\t\t<div class=\"elementor-element elementor-element-1dd0377 elementor-widget elementor-widget-image\" data-id=\"1dd0377\" data-element_type=\"widget\" data-widget_type=\"image.default\">\n\t\t\t\t<div class=\"elementor-widget-container\">\n\t\t\t\t\t\t\t\t\t\t\t\t\t\t\t<img decoding=\"async\" width=\"800\" height=\"1000\" src=\"https:\/\/richeskarayib.com\/wp-content\/uploads\/2025\/05\/491439304_18495483976054001_9102354681159759975_n-819x1024.jpg\" class=\"attachment-large size-large wp-image-51635\" alt=\"Jo\u00e9 Dw\u00e8t Fil\u00e9\" srcset=\"https:\/\/richeskarayib.com\/wp-content\/uploads\/2025\/05\/491439304_18495483976054001_9102354681159759975_n-819x1024.jpg 819w, https:\/\/richeskarayib.com\/wp-content\/uploads\/2025\/05\/491439304_18495483976054001_9102354681159759975_n-240x300.jpg 240w, https:\/\/richeskarayib.com\/wp-content\/uploads\/2025\/05\/491439304_18495483976054001_9102354681159759975_n-768x960.jpg 768w, https:\/\/richeskarayib.com\/wp-content\/uploads\/2025\/05\/491439304_18495483976054001_9102354681159759975_n-1229x1536.jpg 1229w, https:\/\/richeskarayib.com\/wp-content\/uploads\/2025\/05\/491439304_18495483976054001_9102354681159759975_n-1320x1650.jpg 1320w, https:\/\/richeskarayib.com\/wp-content\/uploads\/2025\/05\/491439304_18495483976054001_9102354681159759975_n.jpg 1440w\" sizes=\"(max-width: 800px) 100vw, 800px\" \/>\t\t\t\t\t\t\t\t\t\t\t\t\t\t\t<\/div>\n\t\t\t\t<\/div>\n\t\t\t\t\t<\/div>\n\t\t<\/div>\n\t\t\t\t<div class=\"elementor-column elementor-col-50 elementor-inner-column elementor-element elementor-element-930d972\" data-id=\"930d972\" data-element_type=\"column\">\n\t\t\t<div class=\"elementor-widget-wrap elementor-element-populated\">\n\t\t\t\t\t\t<div class=\"elementor-element elementor-element-2d8afcb elementor-widget elementor-widget-image\" data-id=\"2d8afcb\" data-element_type=\"widget\" data-widget_type=\"image.default\">\n\t\t\t\t<div class=\"elementor-widget-container\">\n\t\t\t\t\t\t\t\t\t\t\t\t\t\t\t<img loading=\"lazy\" decoding=\"async\" width=\"480\" height=\"600\" src=\"https:\/\/richeskarayib.com\/wp-content\/uploads\/2025\/05\/491439708_18495814999054001_8511384030890264212_n.jpg\" class=\"attachment-large size-large wp-image-51639\" alt=\"Jo\u00e9 Dw\u00e8t Fil\u00e9\" srcset=\"https:\/\/richeskarayib.com\/wp-content\/uploads\/2025\/05\/491439708_18495814999054001_8511384030890264212_n.jpg 480w, https:\/\/richeskarayib.com\/wp-content\/uploads\/2025\/05\/491439708_18495814999054001_8511384030890264212_n-240x300.jpg 240w\" sizes=\"(max-width: 480px) 100vw, 480px\" \/>\t\t\t\t\t\t\t\t\t\t\t\t\t\t\t<\/div>\n\t\t\t\t<\/div>\n\t\t\t\t\t<\/div>\n\t\t<\/div>\n\t\t\t\t\t<\/div>\n\t\t<\/section>\n\t\t\t\t\t<\/div>\n\t\t<\/div>\n\t\t\t\t\t<\/div>\n\t\t<\/section>\n\t\t\t\t<section class=\"elementor-section elementor-top-section elementor-element elementor-element-e238f35 elementor-section-boxed elementor-section-height-default elementor-section-height-default\" data-id=\"e238f35\" data-element_type=\"section\">\n\t\t\t\t\t\t<div class=\"elementor-container elementor-column-gap-default\">\n\t\t\t\t\t<div class=\"elementor-column elementor-col-100 elementor-top-column elementor-element elementor-element-fdc91aa\" data-id=\"fdc91aa\" data-element_type=\"column\">\n\t\t\t<div class=\"elementor-widget-wrap elementor-element-populated\">\n\t\t\t\t\t\t<div class=\"elementor-element elementor-element-53d2134 elementor-widget elementor-widget-text-editor\" data-id=\"53d2134\" data-element_type=\"widget\" data-widget_type=\"text-editor.default\">\n\t\t\t\t<div class=\"elementor-widget-container\">\n\t\t\t\t\t\t\t\t\t<p><span style=\"font-weight: 400;\">La victoria de Jo\u00e9 Dw\u00e8t Fil\u00e9 con &#8220;4 Kamp\u00e9&#8221; en Flammes 2025 es una poderosa se\u00f1al para la m\u00fasica caribe\u00f1a y para todos aquellos que en todo el mundo portan con orgullo su identidad y su cultura. Al rendir homenaje a Hait\u00ed y al Caribe, el artista nos recuerda que la m\u00fasica es un poderoso vector de transmisi\u00f3n, intercambio y orgullo colectivo.   <\/span><\/p>\t\t\t\t\t\t\t\t<\/div>\n\t\t\t\t<\/div>\n\t\t\t\t<div class=\"elementor-element elementor-element-d3d16bc elementor-widget elementor-widget-text-editor\" data-id=\"d3d16bc\" data-element_type=\"widget\" data-widget_type=\"text-editor.default\">\n\t\t\t\t<div class=\"elementor-widget-container\">\n\t\t\t\t\t\t\t\t\t<p><span style=\"font-weight: 400;\">Su carrera inspira, su mensaje une y su \u00e9xito allana el camino para un reconocimiento cada vez mayor del talento de las Antillas y el Caribe.<\/span><span style=\"font-weight: 400;\"><br><\/span><span style=\"font-weight: 400;\">Con &#8220;4 Kamp\u00e9&#8221;, Jo\u00e9 Dw\u00e8t Fil\u00e9 demuestra que la m\u00fasica caribe\u00f1a tiene un brillante futuro por delante, impulsada por artistas apasionados, creativos y profundamente apegados a sus ra\u00edces.<\/span><\/p>\t\t\t\t\t\t\t\t<\/div>\n\t\t\t\t<\/div>\n\t\t\t\t\t<\/div>\n\t\t<\/div>\n\t\t\t\t\t<\/div>\n\t\t<\/section>\n\t\t\t\t<\/div>\n\t\t","protected":false},"excerpt":{"rendered":"<p>El cantante franco-haitiano Jo\u00e9 Dw\u00e8t Fil\u00e9 acaba de hacer historia en la m\u00fasica caribe\u00f1a al ganar la Flamme a la mejor canci\u00f3n caribe\u00f1a o de inspiraci\u00f3n caribe\u00f1a en la tercera edici\u00f3n de Les Flammes, el 13 de mayo de 2025 en La Seine Musicale de Par\u00eds, gracias a su tema &#8220;4 Kamp\u00e9&#8221;. La victoria, que [&hellip;]<\/p>\n","protected":false},"author":662,"featured_media":51623,"comment_status":"open","ping_status":"open","sticky":false,"template":"","format":"standard","meta":{"_acf_changed":false,"footnotes":""},"categories":[834,839],"tags":[810],"class_list":["post-51641","post","type-post","status-publish","format-standard","has-post-thumbnail","hentry","category-musica","category-noticias","tag-haiti-es-2"],"acf":[],"_links":{"self":[{"href":"https:\/\/richeskarayib.com\/es\/wp-json\/wp\/v2\/posts\/51641","targetHints":{"allow":["GET"]}}],"collection":[{"href":"https:\/\/richeskarayib.com\/es\/wp-json\/wp\/v2\/posts"}],"about":[{"href":"https:\/\/richeskarayib.com\/es\/wp-json\/wp\/v2\/types\/post"}],"author":[{"embeddable":true,"href":"https:\/\/richeskarayib.com\/es\/wp-json\/wp\/v2\/users\/662"}],"replies":[{"embeddable":true,"href":"https:\/\/richeskarayib.com\/es\/wp-json\/wp\/v2\/comments?post=51641"}],"version-history":[{"count":0,"href":"https:\/\/richeskarayib.com\/es\/wp-json\/wp\/v2\/posts\/51641\/revisions"}],"wp:featuredmedia":[{"embeddable":true,"href":"https:\/\/richeskarayib.com\/es\/wp-json\/wp\/v2\/media\/51623"}],"wp:attachment":[{"href":"https:\/\/richeskarayib.com\/es\/wp-json\/wp\/v2\/media?parent=51641"}],"wp:term":[{"taxonomy":"category","embeddable":true,"href":"https:\/\/richeskarayib.com\/es\/wp-json\/wp\/v2\/categories?post=51641"},{"taxonomy":"post_tag","embeddable":true,"href":"https:\/\/richeskarayib.com\/es\/wp-json\/wp\/v2\/tags?post=51641"}],"curies":[{"name":"wp","href":"https:\/\/api.w.org\/{rel}","templated":true}]}}