{"id":51661,"date":"2025-05-16T07:29:55","date_gmt":"2025-05-16T11:29:55","guid":{"rendered":"https:\/\/richeskarayib.com\/caribbean-airlines-cargo-intensifica-su-despliegue-digital-con-cargo-one\/"},"modified":"2025-05-16T07:29:56","modified_gmt":"2025-05-16T11:29:56","slug":"caribbean-airlines-cargo-intensifica-su-despliegue-digital-con-cargo-one","status":"publish","type":"post","link":"https:\/\/richeskarayib.com\/es\/caribbean-airlines-cargo-intensifica-su-despliegue-digital-con-cargo-one\/","title":{"rendered":"Caribbean Airlines Cargo intensifica su despliegue digital con cargo.one"},"content":{"rendered":"\t\t<div data-elementor-type=\"wp-post\" data-elementor-id=\"51661\" class=\"elementor elementor-51661 elementor-51643\" data-elementor-post-type=\"post\">\n\t\t\t\t\t\t<section class=\"elementor-section elementor-top-section elementor-element elementor-element-089e307 elementor-section-boxed elementor-section-height-default elementor-section-height-default\" data-id=\"089e307\" data-element_type=\"section\">\n\t\t\t\t\t\t<div class=\"elementor-container elementor-column-gap-default\">\n\t\t\t\t\t<div class=\"elementor-column elementor-col-100 elementor-top-column elementor-element elementor-element-3fd4f44\" data-id=\"3fd4f44\" data-element_type=\"column\">\n\t\t\t<div class=\"elementor-widget-wrap elementor-element-populated\">\n\t\t\t\t\t\t<div class=\"elementor-element elementor-element-a180432 elementor-widget elementor-widget-heading\" data-id=\"a180432\" data-element_type=\"widget\" data-widget_type=\"heading.default\">\n\t\t\t\t<div class=\"elementor-widget-container\">\n\t\t\t\t\t<h2 class=\"elementor-heading-title elementor-size-default\">Un cambio tecnol\u00f3gico para servir mejor a la log\u00edstica regional e internacional<\/h2>\t\t\t\t<\/div>\n\t\t\t\t<\/div>\n\t\t\t\t<div class=\"elementor-element elementor-element-5554619 elementor-widget elementor-widget-text-editor\" data-id=\"5554619\" data-element_type=\"widget\" data-widget_type=\"text-editor.default\">\n\t\t\t\t<div class=\"elementor-widget-container\">\n\t\t\t\t\t\t\t\t\t<p><a href=\"https:\/\/www.caribbean-airlines.com\/#\/\" target=\"_blank\" rel=\"noopener nofollow\"><b>Carga de Caribbean Airlines<\/b><\/a><span style=\"font-weight: 400;\">  ha formalizado una asociaci\u00f3n estrat\u00e9gica con la plataforma digital de reservas cargo.one, lo que supone un paso m\u00e1s en su modernizaci\u00f3n. Esta iniciativa sit\u00faa a la aerol\u00ednea en el centro de un cambio estructural del transporte a\u00e9reo de mercanc\u00edas, apoy\u00e1ndose en herramientas digitales para mejorar el acceso, la rapidez y la transparencia de las operaciones. <\/span><\/p>\t\t\t\t\t\t\t\t<\/div>\n\t\t\t\t<\/div>\n\t\t\t\t\t<\/div>\n\t\t<\/div>\n\t\t\t\t\t<\/div>\n\t\t<\/section>\n\t\t\t\t<section class=\"elementor-section elementor-top-section elementor-element elementor-element-5705cb3 elementor-section-boxed elementor-section-height-default elementor-section-height-default\" data-id=\"5705cb3\" data-element_type=\"section\">\n\t\t\t\t\t\t<div class=\"elementor-container elementor-column-gap-default\">\n\t\t\t\t\t<div class=\"elementor-column elementor-col-100 elementor-top-column elementor-element elementor-element-bcb75ea\" data-id=\"bcb75ea\" data-element_type=\"column\">\n\t\t\t<div class=\"elementor-widget-wrap elementor-element-populated\">\n\t\t\t\t\t\t<div class=\"elementor-element elementor-element-be341c9 elementor-widget elementor-widget-heading\" data-id=\"be341c9\" data-element_type=\"widget\" data-widget_type=\"heading.default\">\n\t\t\t\t<div class=\"elementor-widget-container\">\n\t\t\t\t\t<h2 class=\"elementor-heading-title elementor-size-default\">Una respuesta pr\u00e1ctica a las necesidades de los transitarios<\/h2>\t\t\t\t<\/div>\n\t\t\t\t<\/div>\n\t\t\t\t<div class=\"elementor-element elementor-element-322f733 elementor-widget elementor-widget-text-editor\" data-id=\"322f733\" data-element_type=\"widget\" data-widget_type=\"text-editor.default\">\n\t\t\t\t<div class=\"elementor-widget-container\">\n\t\t\t\t\t\t\t\t\t<p><span style=\"font-weight: 400;\">La colaboraci\u00f3n entre <\/span><b>Caribbean Airlines Cargo<\/b><span style=\"font-weight: 400;\">  y <a href=\"https:\/\/www.cargo.one\/partners\/bw\" target=\"_blank\" rel=\"noopener nofollow\">cargo.<\/a> one se basan en una observaci\u00f3n compartida: los profesionales del transporte de mercanc\u00edas necesitan herramientas sencillas, fiables y accesibles. Gracias a la interfaz de cargo.one, ahora los transitarios pueden comprobar la capacidad disponible, generar presupuestos instant\u00e1neos, reservar env\u00edos y hacer un seguimiento de los mismos en tiempo real, sin necesidad de engorrosos tr\u00e1mites administrativos. <\/span><\/p><p><span style=\"font-weight: 400;\">Este nuevo m\u00e9todo de trabajo favorece una relaci\u00f3n m\u00e1s fluida con el cliente. Tambi\u00e9n responde a una fuerte demanda del sector, donde la rapidez de ejecuci\u00f3n se ha vuelto tan importante como la calidad del servicio. <\/span><\/p>\t\t\t\t\t\t\t\t<\/div>\n\t\t\t\t<\/div>\n\t\t\t\t<section class=\"elementor-section elementor-inner-section elementor-element elementor-element-d149e00 elementor-section-boxed elementor-section-height-default elementor-section-height-default\" data-id=\"d149e00\" data-element_type=\"section\">\n\t\t\t\t\t\t<div class=\"elementor-container elementor-column-gap-default\">\n\t\t\t\t\t<div class=\"elementor-column elementor-col-100 elementor-inner-column elementor-element elementor-element-bfec6a3\" data-id=\"bfec6a3\" data-element_type=\"column\">\n\t\t\t<div class=\"elementor-widget-wrap elementor-element-populated\">\n\t\t\t\t\t\t<div class=\"elementor-element elementor-element-ac26137 elementor-widget elementor-widget-image\" data-id=\"ac26137\" data-element_type=\"widget\" data-widget_type=\"image.default\">\n\t\t\t\t<div class=\"elementor-widget-container\">\n\t\t\t\t\t\t\t\t\t\t\t\t\t\t\t<img fetchpriority=\"high\" decoding=\"async\" width=\"800\" height=\"718\" src=\"https:\/\/richeskarayib.com\/wp-content\/uploads\/2025\/05\/482030981_1045213480976926_2927216209814041015_n-1024x919.jpg\" class=\"attachment-large size-large wp-image-51651\" alt=\"Caribbean Airlines Cargo\" srcset=\"https:\/\/richeskarayib.com\/wp-content\/uploads\/2025\/05\/482030981_1045213480976926_2927216209814041015_n-1024x919.jpg 1024w, https:\/\/richeskarayib.com\/wp-content\/uploads\/2025\/05\/482030981_1045213480976926_2927216209814041015_n-300x269.jpg 300w, https:\/\/richeskarayib.com\/wp-content\/uploads\/2025\/05\/482030981_1045213480976926_2927216209814041015_n-768x689.jpg 768w, https:\/\/richeskarayib.com\/wp-content\/uploads\/2025\/05\/482030981_1045213480976926_2927216209814041015_n.jpg 1080w\" sizes=\"(max-width: 800px) 100vw, 800px\" \/>\t\t\t\t\t\t\t\t\t\t\t\t\t\t\t<\/div>\n\t\t\t\t<\/div>\n\t\t\t\t\t<\/div>\n\t\t<\/div>\n\t\t\t\t\t<\/div>\n\t\t<\/section>\n\t\t\t\t\t<\/div>\n\t\t<\/div>\n\t\t\t\t\t<\/div>\n\t\t<\/section>\n\t\t\t\t<section class=\"elementor-section elementor-top-section elementor-element elementor-element-b122fdd elementor-section-boxed elementor-section-height-default elementor-section-height-default\" data-id=\"b122fdd\" data-element_type=\"section\">\n\t\t\t\t\t\t<div class=\"elementor-container elementor-column-gap-default\">\n\t\t\t\t\t<div class=\"elementor-column elementor-col-100 elementor-top-column elementor-element elementor-element-e4cdbb0\" data-id=\"e4cdbb0\" data-element_type=\"column\">\n\t\t\t<div class=\"elementor-widget-wrap elementor-element-populated\">\n\t\t\t\t\t\t<div class=\"elementor-element elementor-element-9c6f7d9 elementor-widget elementor-widget-heading\" data-id=\"9c6f7d9\" data-element_type=\"widget\" data-widget_type=\"heading.default\">\n\t\t\t\t<div class=\"elementor-widget-container\">\n\t\t\t\t\t<h2 class=\"elementor-heading-title elementor-size-default\">Una estrategia arraigada en los centros norteamericanos<\/h2>\t\t\t\t<\/div>\n\t\t\t\t<\/div>\n\t\t\t\t<div class=\"elementor-element elementor-element-9f88d7c elementor-widget elementor-widget-text-editor\" data-id=\"9f88d7c\" data-element_type=\"widget\" data-widget_type=\"text-editor.default\">\n\t\t\t\t<div class=\"elementor-widget-container\">\n\t\t\t\t\t\t\t\t\t<p><span style=\"font-weight: 400;\">La elecci\u00f3n de los puntos de acceso no es insignificante. Miami, Nueva York y Toronto, tres grandes centros de   <\/span><a href=\"https:\/\/www.loopnews.com\/content\/caribbean-airlines-cargo-announces-partnership-with-cargo-one\/\" target=\"_blank\" rel=\"noopener nofollow\"><b>Carga de Caribbean Airlines<\/b><\/a><span style=\"font-weight: 400;\">La red cargo.one facilita las conexiones con los mercados de <a href=\"https:\/\/richeskarayib.com\/es\/jamaica-bonafide-fest-2025-primera-edicion-de-un-festival-de-musica-en-montego-bay\/\" target=\"_blank\" rel=\"noopener\">Jamaica<\/a> y <a href=\"https:\/\/richeskarayib.com\/es\/musica-calipso-celebrando-las-ricas-tradiciones-de-trinidad-y-tobago-dupliquer-41851\/\" target=\"_blank\" rel=\"noopener\">Trinidad y Tobago<\/a>. La integraci\u00f3n con cargo.one optimizar\u00e1 la gesti\u00f3n del transporte de mercanc\u00edas entre estos centros log\u00edsticos y los destinos caribe\u00f1os, al tiempo que aumentar\u00e1 la eficacia de las cadenas de suministro. <\/span><\/p><p><span style=\"font-weight: 400;\">Para los transportistas norteamericanos, esta configuraci\u00f3n representa un importante ahorro de tiempo, con una mejor anticipaci\u00f3n de los flujos y una reducci\u00f3n de los plazos de env\u00edo.<\/span><\/p>\t\t\t\t\t\t\t\t<\/div>\n\t\t\t\t<\/div>\n\t\t\t\t\t<\/div>\n\t\t<\/div>\n\t\t\t\t\t<\/div>\n\t\t<\/section>\n\t\t\t\t<section class=\"elementor-section elementor-top-section elementor-element elementor-element-fc7d43c elementor-section-boxed elementor-section-height-default elementor-section-height-default\" data-id=\"fc7d43c\" data-element_type=\"section\">\n\t\t\t\t\t\t<div class=\"elementor-container elementor-column-gap-default\">\n\t\t\t\t\t<div class=\"elementor-column elementor-col-100 elementor-top-column elementor-element elementor-element-cf6f60a\" data-id=\"cf6f60a\" data-element_type=\"column\">\n\t\t\t<div class=\"elementor-widget-wrap elementor-element-populated\">\n\t\t\t\t\t\t<div class=\"elementor-element elementor-element-92ec8ce elementor-widget elementor-widget-heading\" data-id=\"92ec8ce\" data-element_type=\"widget\" data-widget_type=\"heading.default\">\n\t\t\t\t<div class=\"elementor-widget-container\">\n\t\t\t\t\t<h2 class=\"elementor-heading-title elementor-size-default\">Una plataforma dise\u00f1ada para las realidades del mercado<\/h2>\t\t\t\t<\/div>\n\t\t\t\t<\/div>\n\t\t\t\t<div class=\"elementor-element elementor-element-aa65f16 elementor-widget elementor-widget-text-editor\" data-id=\"aa65f16\" data-element_type=\"widget\" data-widget_type=\"text-editor.default\">\n\t\t\t\t<div class=\"elementor-widget-container\">\n\t\t\t\t\t\t\t\t\t<p><span style=\"font-weight: 400;\">La soluci\u00f3n t\u00e9cnica que ofrece cargo.one es m\u00e1s que un simple escaparate digital. Se adapta a las caracter\u00edsticas espec\u00edficas del transporte a\u00e9reo de mercanc\u00edas regional, con funcionalidades dise\u00f1adas para ofrecer flexibilidad y claridad. Esta elecci\u00f3n permite    <\/span><b>Caribbean Airlines Cargo<\/b><span style=\"font-weight: 400;\"> ofrecer un servicio de calidad, incluso en contextos log\u00edsticos complejos o restringidos.<\/span><\/p><p><span style=\"font-weight: 400;\">Este enfoque pragm\u00e1tico, centrado en las necesidades concretas de los usuarios, consolida la reputaci\u00f3n de la empresa en un entorno en el que las normas evolucionan r\u00e1pidamente.<\/span><\/p>\t\t\t\t\t\t\t\t<\/div>\n\t\t\t\t<\/div>\n\t\t\t\t<section class=\"elementor-section elementor-inner-section elementor-element elementor-element-10a17f7 elementor-section-boxed elementor-section-height-default elementor-section-height-default\" data-id=\"10a17f7\" data-element_type=\"section\">\n\t\t\t\t\t\t<div class=\"elementor-container elementor-column-gap-default\">\n\t\t\t\t\t<div class=\"elementor-column elementor-col-100 elementor-inner-column elementor-element elementor-element-bab7ec0\" data-id=\"bab7ec0\" data-element_type=\"column\">\n\t\t\t<div class=\"elementor-widget-wrap elementor-element-populated\">\n\t\t\t\t\t\t<div class=\"elementor-element elementor-element-08b9ff2 elementor-widget elementor-widget-image\" data-id=\"08b9ff2\" data-element_type=\"widget\" data-widget_type=\"image.default\">\n\t\t\t\t<div class=\"elementor-widget-container\">\n\t\t\t\t\t\t\t\t\t\t\t\t\t\t\t<img decoding=\"async\" width=\"791\" height=\"1024\" src=\"https:\/\/richeskarayib.com\/wp-content\/uploads\/2025\/05\/497852502_1093467939484813_4903506415057577773_n-791x1024.jpg\" class=\"attachment-large size-large wp-image-51655\" alt=\"Caribbean Airlines Cargo\" srcset=\"https:\/\/richeskarayib.com\/wp-content\/uploads\/2025\/05\/497852502_1093467939484813_4903506415057577773_n-791x1024.jpg 791w, https:\/\/richeskarayib.com\/wp-content\/uploads\/2025\/05\/497852502_1093467939484813_4903506415057577773_n-232x300.jpg 232w, https:\/\/richeskarayib.com\/wp-content\/uploads\/2025\/05\/497852502_1093467939484813_4903506415057577773_n-768x994.jpg 768w, https:\/\/richeskarayib.com\/wp-content\/uploads\/2025\/05\/497852502_1093467939484813_4903506415057577773_n-1187x1536.jpg 1187w, https:\/\/richeskarayib.com\/wp-content\/uploads\/2025\/05\/497852502_1093467939484813_4903506415057577773_n-1320x1708.jpg 1320w, https:\/\/richeskarayib.com\/wp-content\/uploads\/2025\/05\/497852502_1093467939484813_4903506415057577773_n.jpg 1484w\" sizes=\"(max-width: 791px) 100vw, 791px\" \/>\t\t\t\t\t\t\t\t\t\t\t\t\t\t\t<\/div>\n\t\t\t\t<\/div>\n\t\t\t\t\t<\/div>\n\t\t<\/div>\n\t\t\t\t\t<\/div>\n\t\t<\/section>\n\t\t\t\t\t<\/div>\n\t\t<\/div>\n\t\t\t\t\t<\/div>\n\t\t<\/section>\n\t\t\t\t<section class=\"elementor-section elementor-top-section elementor-element elementor-element-833fd23 elementor-section-boxed elementor-section-height-default elementor-section-height-default\" data-id=\"833fd23\" data-element_type=\"section\">\n\t\t\t\t\t\t<div class=\"elementor-container elementor-column-gap-default\">\n\t\t\t\t\t<div class=\"elementor-column elementor-col-100 elementor-top-column elementor-element elementor-element-3b26ce3\" data-id=\"3b26ce3\" data-element_type=\"column\">\n\t\t\t<div class=\"elementor-widget-wrap elementor-element-populated\">\n\t\t\t\t\t\t<div class=\"elementor-element elementor-element-1969334 elementor-widget elementor-widget-heading\" data-id=\"1969334\" data-element_type=\"widget\" data-widget_type=\"heading.default\">\n\t\t\t\t<div class=\"elementor-widget-container\">\n\t\t\t\t\t<h2 class=\"elementor-heading-title elementor-size-default\">Una palanca de crecimiento a escala mundial<\/h2>\t\t\t\t<\/div>\n\t\t\t\t<\/div>\n\t\t\t\t<div class=\"elementor-element elementor-element-35b60a2 elementor-widget elementor-widget-text-editor\" data-id=\"35b60a2\" data-element_type=\"widget\" data-widget_type=\"text-editor.default\">\n\t\t\t\t<div class=\"elementor-widget-container\">\n\t\t\t\t\t\t\t\t\t<p><span style=\"font-weight: 400;\">Para Marklan Moseley, Director General de Carga de la aerol\u00ednea, esta asociaci\u00f3n forma parte de una clara ambici\u00f3n de hacer que <\/span><b>Carga de Caribbean Airlines<\/b><span style=\"font-weight: 400;\">  un actor clave, no s\u00f3lo en el Caribe, sino tambi\u00e9n en la escena mundial. Al digitalizar su oferta, la empresa se abre a un mercado m\u00e1s amplio, al tiempo que optimiza sus procesos internos. <\/span><\/p><p><span style=\"font-weight: 400;\">Por parte de cargo.one, el cofundador Moritz Claussen cree que esta integraci\u00f3n permitir\u00e1 a los transitarios aprovechar al m\u00e1ximo la capacidad de la red del Caribe, reduciendo al mismo tiempo la fricci\u00f3n operativa.<\/span><\/p>\t\t\t\t\t\t\t\t<\/div>\n\t\t\t\t<\/div>\n\t\t\t\t\t<\/div>\n\t\t<\/div>\n\t\t\t\t\t<\/div>\n\t\t<\/section>\n\t\t\t\t<section class=\"elementor-section elementor-top-section elementor-element elementor-element-50e9af4 elementor-section-boxed elementor-section-height-default elementor-section-height-default\" data-id=\"50e9af4\" data-element_type=\"section\">\n\t\t\t\t\t\t<div class=\"elementor-container elementor-column-gap-default\">\n\t\t\t\t\t<div class=\"elementor-column elementor-col-100 elementor-top-column elementor-element elementor-element-f0dbbcc\" data-id=\"f0dbbcc\" data-element_type=\"column\">\n\t\t\t<div class=\"elementor-widget-wrap elementor-element-populated\">\n\t\t\t\t\t\t<div class=\"elementor-element elementor-element-6103378 elementor-widget elementor-widget-heading\" data-id=\"6103378\" data-element_type=\"widget\" data-widget_type=\"heading.default\">\n\t\t\t\t<div class=\"elementor-widget-container\">\n\t\t\t\t\t<h2 class=\"elementor-heading-title elementor-size-default\">Modernizaci\u00f3n para la competitividad<\/h2>\t\t\t\t<\/div>\n\t\t\t\t<\/div>\n\t\t\t\t<div class=\"elementor-element elementor-element-42c38da elementor-widget elementor-widget-text-editor\" data-id=\"42c38da\" data-element_type=\"widget\" data-widget_type=\"text-editor.default\">\n\t\t\t\t<div class=\"elementor-widget-container\">\n\t\t\t\t\t\t\t\t\t<p><span style=\"font-weight: 400;\">La entrada de <\/span><b>Caribbean Airlines Cargo<\/b><span style=\"font-weight: 400;\">  en el mundo de la reserva digital representa un paso adelante estrat\u00e9gico. Refuerza la competitividad de la empresa, sobre todo frente a los operadores mundiales ya comprometidos con la digitalizaci\u00f3n. Pero tambi\u00e9n refleja el deseo de mantenerse fiel a una misi\u00f3n regional: conectar eficazmente los territorios caribe\u00f1os, sin sacrificar la excelencia t\u00e9cnica.  <\/span><\/p>\t\t\t\t\t\t\t\t<\/div>\n\t\t\t\t<\/div>\n\t\t\t\t\t<\/div>\n\t\t<\/div>\n\t\t\t\t\t<\/div>\n\t\t<\/section>\n\t\t\t\t<section class=\"elementor-section elementor-top-section elementor-element elementor-element-498af52 elementor-section-boxed elementor-section-height-default elementor-section-height-default\" data-id=\"498af52\" data-element_type=\"section\">\n\t\t\t\t\t\t<div class=\"elementor-container elementor-column-gap-default\">\n\t\t\t\t\t<div class=\"elementor-column elementor-col-100 elementor-top-column elementor-element elementor-element-9fb37e9\" data-id=\"9fb37e9\" data-element_type=\"column\">\n\t\t\t<div class=\"elementor-widget-wrap elementor-element-populated\">\n\t\t\t\t\t\t<div class=\"elementor-element elementor-element-145b998 elementor-widget elementor-widget-heading\" data-id=\"145b998\" data-element_type=\"widget\" data-widget_type=\"heading.default\">\n\t\t\t\t<div class=\"elementor-widget-container\">\n\t\t\t\t\t<h2 class=\"elementor-heading-title elementor-size-default\">Perspectivas: entre la consolidaci\u00f3n regional y la apertura mundial<\/h2>\t\t\t\t<\/div>\n\t\t\t\t<\/div>\n\t\t\t\t<div class=\"elementor-element elementor-element-d6f2e4b elementor-widget elementor-widget-text-editor\" data-id=\"d6f2e4b\" data-element_type=\"widget\" data-widget_type=\"text-editor.default\">\n\t\t\t\t<div class=\"elementor-widget-container\">\n\t\t\t\t\t\t\t\t\t<p><span style=\"font-weight: 400;\">Esta asociaci\u00f3n abre una serie de oportunidades concretas, como la mejora continua de nuestra oferta, la expansi\u00f3n a nuevos mercados y el desarrollo de herramientas a\u00fan m\u00e1s eficaces para los transitarios. Centr\u00e1ndonos en la eficacia digital,   <\/span><b>Caribbean Airlines Cargo<\/b><span style=\"font-weight: 400;\"> se anticipa a las necesidades futuras de un sector cambiante, al tiempo que consolida su papel como puerta log\u00edstica entre el Norte y el Caribe.<\/span><\/p>\t\t\t\t\t\t\t\t<\/div>\n\t\t\t\t<\/div>\n\t\t\t\t\t<\/div>\n\t\t<\/div>\n\t\t\t\t\t<\/div>\n\t\t<\/section>\n\t\t\t\t<section class=\"elementor-section elementor-top-section elementor-element elementor-element-adf5835 elementor-section-boxed elementor-section-height-default elementor-section-height-default\" data-id=\"adf5835\" data-element_type=\"section\">\n\t\t\t\t\t\t<div class=\"elementor-container elementor-column-gap-default\">\n\t\t\t\t\t<div class=\"elementor-column elementor-col-100 elementor-top-column elementor-element elementor-element-b96ebea\" data-id=\"b96ebea\" data-element_type=\"column\">\n\t\t\t<div class=\"elementor-widget-wrap elementor-element-populated\">\n\t\t\t\t\t\t<div class=\"elementor-element elementor-element-0bd7551 elementor-widget elementor-widget-text-editor\" data-id=\"0bd7551\" data-element_type=\"widget\" data-widget_type=\"text-editor.default\">\n\t\t\t\t<div class=\"elementor-widget-container\">\n\t\t\t\t\t\t\t\t\t<p><span style=\"font-weight: 400;\">La alianza entre <\/span><b>Caribbean Airlines Cargo<\/b><span style=\"font-weight: 400;\">  y cargo.one representa mucho m\u00e1s que una simple asociaci\u00f3n t\u00e9cnica: es una evoluci\u00f3n estructural en la forma de concebir, gestionar y mejorar el transporte a\u00e9reo de mercanc\u00edas. Al combinar experiencia regional y soluciones digitales, la aerol\u00ednea est\u00e1 demostrando su voluntad de adaptarse sin abandonar sus fundamentos. Una se\u00f1al fuerte, en un sector en el que la agilidad tecnol\u00f3gica se est\u00e1 convirtiendo en un criterio de sostenibilidad.  <\/span><\/p>\t\t\t\t\t\t\t\t<\/div>\n\t\t\t\t<\/div>\n\t\t\t\t<section class=\"elementor-section elementor-inner-section elementor-element elementor-element-3a25b68 elementor-section-boxed elementor-section-height-default elementor-section-height-default\" data-id=\"3a25b68\" data-element_type=\"section\">\n\t\t\t\t\t\t<div class=\"elementor-container elementor-column-gap-default\">\n\t\t\t\t\t<div class=\"elementor-column elementor-col-100 elementor-inner-column elementor-element elementor-element-181cf20\" data-id=\"181cf20\" data-element_type=\"column\">\n\t\t\t<div class=\"elementor-widget-wrap elementor-element-populated\">\n\t\t\t\t\t\t<div class=\"elementor-element elementor-element-efc06dc elementor-widget elementor-widget-image\" data-id=\"efc06dc\" data-element_type=\"widget\" data-widget_type=\"image.default\">\n\t\t\t\t<div class=\"elementor-widget-container\">\n\t\t\t\t\t\t\t\t\t\t\t\t\t\t\t<img decoding=\"async\" width=\"800\" height=\"297\" src=\"https:\/\/richeskarayib.com\/wp-content\/uploads\/2025\/05\/476239612_1019740926857515_4026294497068466658_n.jpg\" class=\"attachment-large size-large wp-image-51659\" alt=\"Caribbean Airlines Cargo\" srcset=\"https:\/\/richeskarayib.com\/wp-content\/uploads\/2025\/05\/476239612_1019740926857515_4026294497068466658_n.jpg 960w, https:\/\/richeskarayib.com\/wp-content\/uploads\/2025\/05\/476239612_1019740926857515_4026294497068466658_n-300x111.jpg 300w, https:\/\/richeskarayib.com\/wp-content\/uploads\/2025\/05\/476239612_1019740926857515_4026294497068466658_n-768x285.jpg 768w\" sizes=\"(max-width: 800px) 100vw, 800px\" \/>\t\t\t\t\t\t\t\t\t\t\t\t\t\t\t<\/div>\n\t\t\t\t<\/div>\n\t\t\t\t\t<\/div>\n\t\t<\/div>\n\t\t\t\t\t<\/div>\n\t\t<\/section>\n\t\t\t\t\t<\/div>\n\t\t<\/div>\n\t\t\t\t\t<\/div>\n\t\t<\/section>\n\t\t\t\t<\/div>\n\t\t","protected":false},"excerpt":{"rendered":"<p>Un cambio tecnol\u00f3gico para servir mejor a la log\u00edstica regional e internacional Carga de Caribbean Airlines ha formalizado una asociaci\u00f3n estrat\u00e9gica con la plataforma digital de reservas cargo.one, lo que supone un paso m\u00e1s en su modernizaci\u00f3n. Esta iniciativa sit\u00faa a la aerol\u00ednea en el centro de un cambio estructural del transporte a\u00e9reo de mercanc\u00edas, [&hellip;]<\/p>\n","protected":false},"author":662,"featured_media":51647,"comment_status":"open","ping_status":"open","sticky":false,"template":"","format":"standard","meta":{"_acf_changed":false,"footnotes":""},"categories":[1767,839],"tags":[1442,1593,1717,1547,818,816,1481,1594,1705],"class_list":["post-51661","post","type-post","status-publish","format-standard","has-post-thumbnail","hentry","category-aire","category-noticias","tag-anguilla-es","tag-barbade-es","tag-dominique-es","tag-guadalupe","tag-jamaica","tag-martinique-es","tag-republica-dominicana","tag-sainte-lucie-es","tag-trinidad-y-tobago-es-2"],"acf":[],"_links":{"self":[{"href":"https:\/\/richeskarayib.com\/es\/wp-json\/wp\/v2\/posts\/51661","targetHints":{"allow":["GET"]}}],"collection":[{"href":"https:\/\/richeskarayib.com\/es\/wp-json\/wp\/v2\/posts"}],"about":[{"href":"https:\/\/richeskarayib.com\/es\/wp-json\/wp\/v2\/types\/post"}],"author":[{"embeddable":true,"href":"https:\/\/richeskarayib.com\/es\/wp-json\/wp\/v2\/users\/662"}],"replies":[{"embeddable":true,"href":"https:\/\/richeskarayib.com\/es\/wp-json\/wp\/v2\/comments?post=51661"}],"version-history":[{"count":0,"href":"https:\/\/richeskarayib.com\/es\/wp-json\/wp\/v2\/posts\/51661\/revisions"}],"wp:featuredmedia":[{"embeddable":true,"href":"https:\/\/richeskarayib.com\/es\/wp-json\/wp\/v2\/media\/51647"}],"wp:attachment":[{"href":"https:\/\/richeskarayib.com\/es\/wp-json\/wp\/v2\/media?parent=51661"}],"wp:term":[{"taxonomy":"category","embeddable":true,"href":"https:\/\/richeskarayib.com\/es\/wp-json\/wp\/v2\/categories?post=51661"},{"taxonomy":"post_tag","embeddable":true,"href":"https:\/\/richeskarayib.com\/es\/wp-json\/wp\/v2\/tags?post=51661"}],"curies":[{"name":"wp","href":"https:\/\/api.w.org\/{rel}","templated":true}]}}