{"id":51818,"date":"2025-05-19T10:05:58","date_gmt":"2025-05-19T14:05:58","guid":{"rendered":"https:\/\/richeskarayib.com\/fiesta-de-la-musica-2025-por-que-no-cantar-en-santa-lucia\/"},"modified":"2025-05-19T10:05:58","modified_gmt":"2025-05-19T14:05:58","slug":"fiesta-de-la-musica-2025-por-que-no-cantar-en-santa-lucia","status":"publish","type":"post","link":"https:\/\/richeskarayib.com\/es\/fiesta-de-la-musica-2025-por-que-no-cantar-en-santa-lucia\/","title":{"rendered":"Fiesta de la m\u00fasica 2025: \u00bfPor qu\u00e9 no cantar en Santa Luc\u00eda?"},"content":{"rendered":"\t\t<div data-elementor-type=\"wp-post\" data-elementor-id=\"51818\" class=\"elementor elementor-51818 elementor-51796\" data-elementor-post-type=\"post\">\n\t\t\t\t\t\t<section class=\"elementor-section elementor-top-section elementor-element elementor-element-7d4f952 elementor-section-boxed elementor-section-height-default elementor-section-height-default\" data-id=\"7d4f952\" data-element_type=\"section\">\n\t\t\t\t\t\t<div class=\"elementor-container elementor-column-gap-default\">\n\t\t\t\t\t<div class=\"elementor-column elementor-col-100 elementor-top-column elementor-element elementor-element-f3833fa\" data-id=\"f3833fa\" data-element_type=\"column\">\n\t\t\t<div class=\"elementor-widget-wrap elementor-element-populated\">\n\t\t\t\t\t\t<div class=\"elementor-element elementor-element-6cd393f elementor-widget elementor-widget-text-editor\" data-id=\"6cd393f\" data-element_type=\"widget\" data-widget_type=\"text-editor.default\">\n\t\t\t\t<div class=\"elementor-widget-container\">\n\t\t\t\t\t\t\t\t\t<p>&#8220;Et si tu chantais \u00e0 Sainte-Lucie pour la<a href=\"https:\/\/www.stlucia.org\/fr\/experiences\/festivals-events\/\" target=\"_blank\" rel=\"noopener nofollow\"> f\u00eate de la musique 2025 &#8221; (\u00bfY si cantaras en Santa Luc\u00eda para la fiesta de la m\u00fasica 2025<\/a>?) es el nombre de un original proyecto cultural destinado a reforzar la cooperaci\u00f3n art\u00edstica en <a href=\"https:\/\/richeskarayib.com\/es\/el-turismo-en-el-caribe-cifras-clave-dinamica-regional-y-retos-persistentes\/\" target=\"_blank\" rel=\"noopener\">el Caribe<\/a>. El eslogan, que se ha convertido en el nombre oficial del programa, invita a los j\u00f3venes talentos de Martinica a vivir una aventura musical regional, a trav\u00e9s de un trampol\u00edn \u00fanico entre Schoelcher y Castries. Imag\u00ednate a ti mismo, joven cantante, guitarra en mano, embarcando en el <a href=\"https:\/\/www.instagram.com\/caporosso972\/\" target=\"_blank\" rel=\"noopener nofollow\">Capo Rosso<\/a> para hacer vibrar el escenario de Santa Luc\u00eda en el mayor acontecimiento musical del a\u00f1o.   <\/p>\t\t\t\t\t\t\t\t<\/div>\n\t\t\t\t<\/div>\n\t\t\t\t\t<\/div>\n\t\t<\/div>\n\t\t\t\t\t<\/div>\n\t\t<\/section>\n\t\t\t\t<section class=\"elementor-section elementor-top-section elementor-element elementor-element-16ba7e0 elementor-section-boxed elementor-section-height-default elementor-section-height-default\" data-id=\"16ba7e0\" data-element_type=\"section\">\n\t\t\t\t\t\t<div class=\"elementor-container elementor-column-gap-default\">\n\t\t\t\t\t<div class=\"elementor-column elementor-col-100 elementor-top-column elementor-element elementor-element-f6fb52b\" data-id=\"f6fb52b\" data-element_type=\"column\">\n\t\t\t<div class=\"elementor-widget-wrap elementor-element-populated\">\n\t\t\t\t\t\t<div class=\"elementor-element elementor-element-0ce05bd elementor-widget elementor-widget-heading\" data-id=\"0ce05bd\" data-element_type=\"widget\" data-widget_type=\"heading.default\">\n\t\t\t\t<div class=\"elementor-widget-container\">\n\t\t\t\t\t<h2 class=\"elementor-heading-title elementor-size-default\">La Fiesta de la M\u00fasica 2025: un acontecimiento caribe\u00f1o din\u00e1mico<\/h2>\t\t\t\t<\/div>\n\t\t\t\t<\/div>\n\t\t\t\t<div class=\"elementor-element elementor-element-2917823 elementor-widget elementor-widget-text-editor\" data-id=\"2917823\" data-element_type=\"widget\" data-widget_type=\"text-editor.default\">\n\t\t\t\t<div class=\"elementor-widget-container\">\n\t\t\t\t\t\t\t\t\t<h3><b>Un proyecto piloto de cooperaci\u00f3n<\/b><\/h3>\n<p>&#8220;Et si tu chantais \u00e0 Sainte-Lucie pour la <a href=\"https:\/\/web.facebook.com\/france.saintelucie\/posts\/appel-%C3%A0-candidature-f%C3%AAte-de-la-musique-2025\/1099378245565213\/?_rdc=1&amp;_rdr#\" target=\"_blank\" rel=\"noopener nofollow\">f\u00eate de la musique 2025<\/a> &#8221; es mucho m\u00e1s que una simple invitaci\u00f3n. Es un proyecto estructurador entre <a href=\"https:\/\/richeskarayib.com\/fr\/martinique-alain-josephine-reveler-la-profondeur-par-couleur\/\" target=\"_blank\" rel=\"noopener\">Martinica<\/a> y<a href=\"https:\/\/richeskarayib.com\/es\/santa-lucia-revive-el-festival-de-jazz-y-artes-con-riches-karayib\/\" target=\"_blank\" rel=\"noopener\"> Santa<\/a> Luc\u00eda, destinado a reforzar la circulaci\u00f3n de talentos y las ra\u00edces culturales de la regi\u00f3n. La F\u00eate de la Musique 2025 es un marco estrat\u00e9gico para desarrollar intercambios art\u00edsticos sostenibles, con especial atenci\u00f3n a los j\u00f3venes artistas solistas de entre 18 y 28 a\u00f1os.   <\/p>\t\t\t\t\t\t\t\t<\/div>\n\t\t\t\t<\/div>\n\t\t\t\t<div class=\"elementor-element elementor-element-4e9c934 elementor-widget elementor-widget-text-editor\" data-id=\"4e9c934\" data-element_type=\"widget\" data-widget_type=\"text-editor.default\">\n\t\t\t\t<div class=\"elementor-widget-container\">\n\t\t\t\t\t\t\t\t\t<h3><b>Un trampol\u00edn musical para los j\u00f3venes<\/b><\/h3>\n<p>Este proyecto invita a artistas de Martinica a participar en un proceso de tres fases:<\/p>\n<ul>\n<li aria-level=\"1\"><b>Fase 1<\/b>: Convocatoria hasta el 22 de mayo de 2025. Env\u00edo de dos v\u00eddeos de canto (composici\u00f3n o versi\u00f3n, en franc\u00e9s o criollo) a <span \n                data-original-string='KBhNaV01I6jq5FdaO\/Hvbg==66dmgdU6oQToW3ti6B2SgnoCg=='\n                class='apbct-email-encoder'\n                title='Este contacto ha sido codificado por Anti-Spam by CleanTalk. Haz clic para decodificar. Para finalizar la decodificaci\u00f3n, aseg\u00farate de que JavaScript est\u00e1 activado en tu navegador.'>co<span class=\"apbct-blur\">*<\/span>@<span class=\"apbct-blur\">***<\/span>lu.org<\/span>. <\/li>\n<li aria-level=\"1\"><b>Fase 2<\/b>: Selecci\u00f3n en directo el 28 de mayo a las 20.30 h en el ArObase (Schoelcher), durante el <b>Ka F\u00e8 Show<\/b>, un emblem\u00e1tico escenario abierto.<\/li>\n<li aria-level=\"1\"><b>Fase 3<\/b>: Actuaci\u00f3n del ganador en Castries el 21 de junio, con motivo de <b>la Fiesta de la M\u00fasica 2025<\/b>, en los jardines de la Alianza Francesa de Sainte-Lucie.<\/li>\n<\/ul>\t\t\t\t\t\t\t\t<\/div>\n\t\t\t\t<\/div>\n\t\t\t\t<section class=\"elementor-section elementor-inner-section elementor-element elementor-element-67aed15 elementor-section-boxed elementor-section-height-default elementor-section-height-default\" data-id=\"67aed15\" data-element_type=\"section\">\n\t\t\t\t\t\t<div class=\"elementor-container elementor-column-gap-default\">\n\t\t\t\t\t<div class=\"elementor-column elementor-col-100 elementor-inner-column elementor-element elementor-element-7a1c020\" data-id=\"7a1c020\" data-element_type=\"column\">\n\t\t\t<div class=\"elementor-widget-wrap elementor-element-populated\">\n\t\t\t\t\t\t<div class=\"elementor-element elementor-element-0ea0f99 elementor-widget elementor-widget-image\" data-id=\"0ea0f99\" data-element_type=\"widget\" data-widget_type=\"image.default\">\n\t\t\t\t<div class=\"elementor-widget-container\">\n\t\t\t\t\t\t\t\t\t\t\t\t\t\t\t<img fetchpriority=\"high\" decoding=\"async\" width=\"791\" height=\"1024\" src=\"https:\/\/richeskarayib.com\/wp-content\/uploads\/2025\/05\/Dossier-de-presse-Tremplin-FDLM-2025_page-0007-791x1024.jpg\" class=\"attachment-large size-large wp-image-51804\" alt=\"f\u00eate de la musique 2025\" srcset=\"https:\/\/richeskarayib.com\/wp-content\/uploads\/2025\/05\/Dossier-de-presse-Tremplin-FDLM-2025_page-0007-791x1024.jpg 791w, https:\/\/richeskarayib.com\/wp-content\/uploads\/2025\/05\/Dossier-de-presse-Tremplin-FDLM-2025_page-0007-232x300.jpg 232w, https:\/\/richeskarayib.com\/wp-content\/uploads\/2025\/05\/Dossier-de-presse-Tremplin-FDLM-2025_page-0007-768x994.jpg 768w, https:\/\/richeskarayib.com\/wp-content\/uploads\/2025\/05\/Dossier-de-presse-Tremplin-FDLM-2025_page-0007-1187x1536.jpg 1187w, https:\/\/richeskarayib.com\/wp-content\/uploads\/2025\/05\/Dossier-de-presse-Tremplin-FDLM-2025_page-0007.jpg 1275w\" sizes=\"(max-width: 791px) 100vw, 791px\" \/>\t\t\t\t\t\t\t\t\t\t\t\t\t\t\t<\/div>\n\t\t\t\t<\/div>\n\t\t\t\t\t<\/div>\n\t\t<\/div>\n\t\t\t\t\t<\/div>\n\t\t<\/section>\n\t\t\t\t\t<\/div>\n\t\t<\/div>\n\t\t\t\t\t<\/div>\n\t\t<\/section>\n\t\t\t\t<section class=\"elementor-section elementor-top-section elementor-element elementor-element-7c727fe elementor-section-boxed elementor-section-height-default elementor-section-height-default\" data-id=\"7c727fe\" data-element_type=\"section\">\n\t\t\t\t\t\t<div class=\"elementor-container elementor-column-gap-default\">\n\t\t\t\t\t<div class=\"elementor-column elementor-col-100 elementor-top-column elementor-element elementor-element-2675508\" data-id=\"2675508\" data-element_type=\"column\">\n\t\t\t<div class=\"elementor-widget-wrap elementor-element-populated\">\n\t\t\t\t\t\t<div class=\"elementor-element elementor-element-86f7f71 elementor-widget elementor-widget-heading\" data-id=\"86f7f71\" data-element_type=\"widget\" data-widget_type=\"heading.default\">\n\t\t\t\t<div class=\"elementor-widget-container\">\n\t\t\t\t\t<h2 class=\"elementor-heading-title elementor-size-default\">Un escenario, un jurado, visibilidad regional\n<\/h2>\t\t\t\t<\/div>\n\t\t\t\t<\/div>\n\t\t\t\t<div class=\"elementor-element elementor-element-1931a91 elementor-widget elementor-widget-text-editor\" data-id=\"1931a91\" data-element_type=\"widget\" data-widget_type=\"text-editor.default\">\n\t\t\t\t<div class=\"elementor-widget-container\">\n\t\t\t\t\t\t\t\t\t<h3><b>El panel de selecci\u00f3n<\/b><\/h3>\n<p>El 28 de mayo, en la ArObase, los cinco finalistas ser\u00e1n juzgados por un jurado de profesionales de renombre:<\/p>\n<ul>\n<li aria-level=\"1\">\u2605 Christiane BOURGEOIS<\/li>\n<li aria-level=\"1\">\u2605 V\u00edctor O<\/li>\n<li aria-level=\"1\">\u2605 James Germain<\/li>\n<li aria-level=\"1\">\u2605 Oph\u00e9lie COHEN<\/li>\n<li aria-level=\"1\">\u2605 Jean-Michel CABIT<\/li>\n<li aria-level=\"1\">\u2605 Agn\u00e8s BRETEL<\/li>\n<\/ul>\t\t\t\t\t\t\t\t<\/div>\n\t\t\t\t<\/div>\n\t\t\t\t<div class=\"elementor-element elementor-element-69ca2f0 elementor-widget elementor-widget-text-editor\" data-id=\"69ca2f0\" data-element_type=\"widget\" data-widget_type=\"text-editor.default\">\n\t\t\t\t<div class=\"elementor-widget-container\">\n\t\t\t\t\t\t\t\t\t<h3><b>Una experiencia art\u00edstica y humana<\/b><\/h3>\n<p>El ganador recibir\u00e1 :<\/p>\n<ul>\n<li aria-level=\"1\">\u2605 Transporte de ida y vuelta en barco (Capo Rosso),<\/li>\n<li aria-level=\"1\">\u2605 una estancia del 20 al 22 de junio en el <b>Hotel Bel Jou<\/b>,<\/li>\n<li aria-level=\"1\">\u2605 comidas incluidas,<\/li>\n<li aria-level=\"1\">\u2605 un concierto p\u00fablico en la Alianza Francesa de Sainte-Lucie durante <b>la Fiesta de la M\u00fasica 2025<\/b>,<\/li>\n<li aria-level=\"1\">\u2605 visibilidad en los medios de comunicaci\u00f3n (prensa, redes sociales),<\/li>\n<li aria-level=\"1\">\u2605 encuentros con artistas y p\u00fablico locales.<\/li>\n<\/ul>\t\t\t\t\t\t\t\t<\/div>\n\t\t\t\t<\/div>\n\t\t\t\t<section class=\"elementor-section elementor-inner-section elementor-element elementor-element-0e513b4 elementor-section-boxed elementor-section-height-default elementor-section-height-default\" data-id=\"0e513b4\" data-element_type=\"section\">\n\t\t\t\t\t\t<div class=\"elementor-container elementor-column-gap-default\">\n\t\t\t\t\t<div class=\"elementor-column elementor-col-100 elementor-inner-column elementor-element elementor-element-029d3fe\" data-id=\"029d3fe\" data-element_type=\"column\">\n\t\t\t<div class=\"elementor-widget-wrap elementor-element-populated\">\n\t\t\t\t\t\t<div class=\"elementor-element elementor-element-12da32b elementor-widget elementor-widget-image\" data-id=\"12da32b\" data-element_type=\"widget\" data-widget_type=\"image.default\">\n\t\t\t\t<div class=\"elementor-widget-container\">\n\t\t\t\t\t\t\t\t\t\t\t\t\t\t\t<img decoding=\"async\" width=\"791\" height=\"1024\" src=\"https:\/\/richeskarayib.com\/wp-content\/uploads\/2025\/05\/Dossier-de-presse-Tremplin-FDLM-2025_page-0005-791x1024.jpg\" class=\"attachment-large size-large wp-image-51808\" alt=\"f\u00eate de la musique 2025\" srcset=\"https:\/\/richeskarayib.com\/wp-content\/uploads\/2025\/05\/Dossier-de-presse-Tremplin-FDLM-2025_page-0005-791x1024.jpg 791w, https:\/\/richeskarayib.com\/wp-content\/uploads\/2025\/05\/Dossier-de-presse-Tremplin-FDLM-2025_page-0005-232x300.jpg 232w, https:\/\/richeskarayib.com\/wp-content\/uploads\/2025\/05\/Dossier-de-presse-Tremplin-FDLM-2025_page-0005-768x994.jpg 768w, https:\/\/richeskarayib.com\/wp-content\/uploads\/2025\/05\/Dossier-de-presse-Tremplin-FDLM-2025_page-0005-1187x1536.jpg 1187w, https:\/\/richeskarayib.com\/wp-content\/uploads\/2025\/05\/Dossier-de-presse-Tremplin-FDLM-2025_page-0005.jpg 1275w\" sizes=\"(max-width: 791px) 100vw, 791px\" \/>\t\t\t\t\t\t\t\t\t\t\t\t\t\t\t<\/div>\n\t\t\t\t<\/div>\n\t\t\t\t\t<\/div>\n\t\t<\/div>\n\t\t\t\t\t<\/div>\n\t\t<\/section>\n\t\t\t\t\t<\/div>\n\t\t<\/div>\n\t\t\t\t\t<\/div>\n\t\t<\/section>\n\t\t\t\t<section class=\"elementor-section elementor-top-section elementor-element elementor-element-1a0b771 elementor-section-boxed elementor-section-height-default elementor-section-height-default\" data-id=\"1a0b771\" data-element_type=\"section\">\n\t\t\t\t\t\t<div class=\"elementor-container elementor-column-gap-default\">\n\t\t\t\t\t<div class=\"elementor-column elementor-col-100 elementor-top-column elementor-element elementor-element-345f4b7\" data-id=\"345f4b7\" data-element_type=\"column\">\n\t\t\t<div class=\"elementor-widget-wrap elementor-element-populated\">\n\t\t\t\t\t\t<div class=\"elementor-element elementor-element-d6a712a elementor-widget elementor-widget-heading\" data-id=\"d6a712a\" data-element_type=\"widget\" data-widget_type=\"heading.default\">\n\t\t\t\t<div class=\"elementor-widget-container\">\n\t\t\t\t\t<h2 class=\"elementor-heading-title elementor-size-default\">Organizadores con ra\u00edces en el Caribe<\/h2>\t\t\t\t<\/div>\n\t\t\t\t<\/div>\n\t\t\t\t<div class=\"elementor-element elementor-element-f9582c3 elementor-widget elementor-widget-text-editor\" data-id=\"f9582c3\" data-element_type=\"widget\" data-widget_type=\"text-editor.default\">\n\t\t\t\t<div class=\"elementor-widget-container\">\n\t\t\t\t\t\t\t\t\t<h3><b>SIREZ, talento revelador<\/b><\/h3>\n<p>Fundada en Fort-de-France en 2020, Les SIREZ promueve la expresi\u00f3n art\u00edstica emergente a trav\u00e9s de proyectos de colaboraci\u00f3n entre m\u00fasicos aficionados y profesionales. Tras el \u00e9xito del trampol\u00edn MizikLab, lanzan este nuevo proyecto con el objetivo de dar a conocer la cultura de Martinica en la regi\u00f3n. <\/p>\t\t\t\t\t\t\t\t<\/div>\n\t\t\t\t<\/div>\n\t\t\t\t<div class=\"elementor-element elementor-element-b09dce7 elementor-widget elementor-widget-text-editor\" data-id=\"b09dce7\" data-element_type=\"widget\" data-widget_type=\"text-editor.default\">\n\t\t\t\t<div class=\"elementor-widget-container\">\n\t\t\t\t\t\t\t\t\t<h3><b>La Alianza Francesa de Sainte-Lucie, puente entre las islas<\/b><\/h3>\n<p>Con sede en Castries desde 1953, la Alianza Francesa de Sainte-Lucie es un actor clave en el Caribe franc\u00f3fono. Inicia regularmente proyectos de cooperaci\u00f3n cultural entre Francia y las islas del Caribe, mediante actos, formaci\u00f3n ling\u00fc\u00edstica y certificaci\u00f3n. <\/p>\t\t\t\t\t\t\t\t<\/div>\n\t\t\t\t<\/div>\n\t\t\t\t<section class=\"elementor-section elementor-inner-section elementor-element elementor-element-d81b3d3 elementor-section-boxed elementor-section-height-default elementor-section-height-default\" data-id=\"d81b3d3\" data-element_type=\"section\">\n\t\t\t\t\t\t<div class=\"elementor-container elementor-column-gap-default\">\n\t\t\t\t\t<div class=\"elementor-column elementor-col-100 elementor-inner-column elementor-element elementor-element-bb04e61\" data-id=\"bb04e61\" data-element_type=\"column\">\n\t\t\t<div class=\"elementor-widget-wrap elementor-element-populated\">\n\t\t\t\t\t\t<div class=\"elementor-element elementor-element-b21d438 elementor-widget elementor-widget-image\" data-id=\"b21d438\" data-element_type=\"widget\" data-widget_type=\"image.default\">\n\t\t\t\t<div class=\"elementor-widget-container\">\n\t\t\t\t\t\t\t\t\t\t\t\t\t\t\t<img decoding=\"async\" width=\"791\" height=\"1024\" src=\"https:\/\/richeskarayib.com\/wp-content\/uploads\/2025\/05\/Dossier-de-presse-Tremplin-FDLM-2025_page-0008-791x1024.jpg\" class=\"attachment-large size-large wp-image-51816\" alt=\"f\u00eate de la musique 2025\" srcset=\"https:\/\/richeskarayib.com\/wp-content\/uploads\/2025\/05\/Dossier-de-presse-Tremplin-FDLM-2025_page-0008-791x1024.jpg 791w, https:\/\/richeskarayib.com\/wp-content\/uploads\/2025\/05\/Dossier-de-presse-Tremplin-FDLM-2025_page-0008-232x300.jpg 232w, https:\/\/richeskarayib.com\/wp-content\/uploads\/2025\/05\/Dossier-de-presse-Tremplin-FDLM-2025_page-0008-768x994.jpg 768w, https:\/\/richeskarayib.com\/wp-content\/uploads\/2025\/05\/Dossier-de-presse-Tremplin-FDLM-2025_page-0008-1187x1536.jpg 1187w, https:\/\/richeskarayib.com\/wp-content\/uploads\/2025\/05\/Dossier-de-presse-Tremplin-FDLM-2025_page-0008.jpg 1275w\" sizes=\"(max-width: 791px) 100vw, 791px\" \/>\t\t\t\t\t\t\t\t\t\t\t\t\t\t\t<\/div>\n\t\t\t\t<\/div>\n\t\t\t\t\t<\/div>\n\t\t<\/div>\n\t\t\t\t\t<\/div>\n\t\t<\/section>\n\t\t\t\t\t<\/div>\n\t\t<\/div>\n\t\t\t\t\t<\/div>\n\t\t<\/section>\n\t\t\t\t<section class=\"elementor-section elementor-top-section elementor-element elementor-element-3f379db elementor-section-boxed elementor-section-height-default elementor-section-height-default\" data-id=\"3f379db\" data-element_type=\"section\">\n\t\t\t\t\t\t<div class=\"elementor-container elementor-column-gap-default\">\n\t\t\t\t\t<div class=\"elementor-column elementor-col-100 elementor-top-column elementor-element elementor-element-d544ce3\" data-id=\"d544ce3\" data-element_type=\"column\">\n\t\t\t<div class=\"elementor-widget-wrap elementor-element-populated\">\n\t\t\t\t\t\t<div class=\"elementor-element elementor-element-2f73799 elementor-widget elementor-widget-heading\" data-id=\"2f73799\" data-element_type=\"widget\" data-widget_type=\"heading.default\">\n\t\t\t\t<div class=\"elementor-widget-container\">\n\t\t\t\t\t<h2 class=\"elementor-heading-title elementor-size-default\">Organizadores con ra\u00edces en el Caribe<\/h2>\t\t\t\t<\/div>\n\t\t\t\t<\/div>\n\t\t\t\t<div class=\"elementor-element elementor-element-81ef07d elementor-widget elementor-widget-text-editor\" data-id=\"81ef07d\" data-element_type=\"widget\" data-widget_type=\"text-editor.default\">\n\t\t\t\t<div class=\"elementor-widget-container\">\n\t\t\t\t\t\t\t\t\t<h3><b>Una visi\u00f3n a largo plazo<\/b><\/h3>\n<p>&#8220;Et si tu chantais \u00e0 Sainte-Lucie pour la f\u00eate de la musique 2025&#8221; forma parte de un enfoque sostenible. Este trampol\u00edn pretende aumentar el n\u00famero de residencias, coproducciones regionales y colaboraciones entre artistas de las islas, al tiempo que ancla la fiesta de la m\u00fasica en un proyecto cultural coherente a escala caribe\u00f1a. <\/p>\t\t\t\t\t\t\t\t<\/div>\n\t\t\t\t<\/div>\n\t\t\t\t<div class=\"elementor-element elementor-element-83b7ed1 elementor-widget elementor-widget-text-editor\" data-id=\"83b7ed1\" data-element_type=\"widget\" data-widget_type=\"text-editor.default\">\n\t\t\t\t<div class=\"elementor-widget-container\">\n\t\t\t\t\t\t\t\t\t<h3><b>Un trampol\u00edn para los j\u00f3venes<\/b><\/h3>\n<p>M\u00e1s all\u00e1 del escenario, este proyecto es una experiencia de formaci\u00f3n y estructuraci\u00f3n para j\u00f3venes artistas. Actuar en Santa Luc\u00eda en un contexto profesional, compartir escenario con m\u00fasicos de otros territorios, intercambiar experiencias, significa tambi\u00e9n aprender a construir una carrera al tiempo que se refuerza una identidad art\u00edstica caribe\u00f1a. <\/p>\t\t\t\t\t\t\t\t<\/div>\n\t\t\t\t<\/div>\n\t\t\t\t\t<\/div>\n\t\t<\/div>\n\t\t\t\t\t<\/div>\n\t\t<\/section>\n\t\t\t\t<section class=\"elementor-section elementor-top-section elementor-element elementor-element-24e0232 elementor-section-boxed elementor-section-height-default elementor-section-height-default\" data-id=\"24e0232\" data-element_type=\"section\">\n\t\t\t\t\t\t<div class=\"elementor-container elementor-column-gap-default\">\n\t\t\t\t\t<div class=\"elementor-column elementor-col-100 elementor-top-column elementor-element elementor-element-6710869\" data-id=\"6710869\" data-element_type=\"column\">\n\t\t\t<div class=\"elementor-widget-wrap elementor-element-populated\">\n\t\t\t\t\t\t<div class=\"elementor-element elementor-element-fd39547 elementor-widget elementor-widget-text-editor\" data-id=\"fd39547\" data-element_type=\"widget\" data-widget_type=\"text-editor.default\">\n\t\t\t\t<div class=\"elementor-widget-container\">\n\t\t\t\t\t\t\t\t\t<p>&#8220;Et si tu chantais \u00e0 Sainte-Lucie pour la f\u00eate de la musique 2025&#8221; es una iniciativa pionera. Vincula instituciones, territorios y j\u00f3venes a trav\u00e9s de la m\u00fasica, al tiempo que abre todo un nuevo campo de expresi\u00f3n para los artistas de Martinica. En un momento en que el Caribe se replantea su cooperaci\u00f3n, el Festival de M\u00fasica 2025 es un catalizador de audacia, creatividad y v\u00ednculos duraderos.  <\/p>\t\t\t\t\t\t\t\t<\/div>\n\t\t\t\t<\/div>\n\t\t\t\t\t<\/div>\n\t\t<\/div>\n\t\t\t\t\t<\/div>\n\t\t<\/section>\n\t\t\t\t<\/div>\n\t\t","protected":false},"excerpt":{"rendered":"<p>&#8220;Et si tu chantais \u00e0 Sainte-Lucie pour la f\u00eate de la musique 2025 &#8221; (\u00bfY si cantaras en Santa Luc\u00eda para la fiesta de la m\u00fasica 2025?) es el nombre de un original proyecto cultural destinado a reforzar la cooperaci\u00f3n art\u00edstica en el Caribe. El eslogan, que se ha convertido en el nombre oficial del [&hellip;]<\/p>\n","protected":false},"author":662,"featured_media":51800,"comment_status":"open","ping_status":"open","sticky":false,"template":"","format":"standard","meta":{"_acf_changed":false,"footnotes":""},"categories":[1499,839],"tags":[816,1678],"class_list":["post-51818","post","type-post","status-publish","format-standard","has-post-thumbnail","hentry","category-gestion-de-eventos","category-noticias","tag-martinique-es","tag-santa-lucia-es-3"],"acf":[],"_links":{"self":[{"href":"https:\/\/richeskarayib.com\/es\/wp-json\/wp\/v2\/posts\/51818","targetHints":{"allow":["GET"]}}],"collection":[{"href":"https:\/\/richeskarayib.com\/es\/wp-json\/wp\/v2\/posts"}],"about":[{"href":"https:\/\/richeskarayib.com\/es\/wp-json\/wp\/v2\/types\/post"}],"author":[{"embeddable":true,"href":"https:\/\/richeskarayib.com\/es\/wp-json\/wp\/v2\/users\/662"}],"replies":[{"embeddable":true,"href":"https:\/\/richeskarayib.com\/es\/wp-json\/wp\/v2\/comments?post=51818"}],"version-history":[{"count":0,"href":"https:\/\/richeskarayib.com\/es\/wp-json\/wp\/v2\/posts\/51818\/revisions"}],"wp:featuredmedia":[{"embeddable":true,"href":"https:\/\/richeskarayib.com\/es\/wp-json\/wp\/v2\/media\/51800"}],"wp:attachment":[{"href":"https:\/\/richeskarayib.com\/es\/wp-json\/wp\/v2\/media?parent=51818"}],"wp:term":[{"taxonomy":"category","embeddable":true,"href":"https:\/\/richeskarayib.com\/es\/wp-json\/wp\/v2\/categories?post=51818"},{"taxonomy":"post_tag","embeddable":true,"href":"https:\/\/richeskarayib.com\/es\/wp-json\/wp\/v2\/tags?post=51818"}],"curies":[{"name":"wp","href":"https:\/\/api.w.org\/{rel}","templated":true}]}}