{"id":51898,"date":"2025-05-20T04:10:46","date_gmt":"2025-05-20T08:10:46","guid":{"rendered":"https:\/\/richeskarayib.com\/san-cristobal-y-nieves-festival-del-mango-de-nieves-2025-tres-dias-para-disfrutar-del-mango-en-todas-sus-formas\/"},"modified":"2025-05-20T04:10:46","modified_gmt":"2025-05-20T08:10:46","slug":"san-cristobal-y-nieves-festival-del-mango-de-nieves-2025-tres-dias-para-disfrutar-del-mango-en-todas-sus-formas","status":"publish","type":"post","link":"https:\/\/richeskarayib.com\/es\/san-cristobal-y-nieves-festival-del-mango-de-nieves-2025-tres-dias-para-disfrutar-del-mango-en-todas-sus-formas\/","title":{"rendered":"San Crist\u00f3bal y Nieves &#8211; Festival del Mango de Nieves 2025: Tres d\u00edas para disfrutar del mango en todas sus formas"},"content":{"rendered":"\t\t<div data-elementor-type=\"wp-post\" data-elementor-id=\"51898\" class=\"elementor elementor-51898 elementor-51856\" data-elementor-post-type=\"post\">\n\t\t\t\t\t\t<section class=\"elementor-section elementor-top-section elementor-element elementor-element-7d4f952 elementor-section-boxed elementor-section-height-default elementor-section-height-default\" data-id=\"7d4f952\" data-element_type=\"section\">\n\t\t\t\t\t\t<div class=\"elementor-container elementor-column-gap-default\">\n\t\t\t\t\t<div class=\"elementor-column elementor-col-100 elementor-top-column elementor-element elementor-element-f3833fa\" data-id=\"f3833fa\" data-element_type=\"column\">\n\t\t\t<div class=\"elementor-widget-wrap elementor-element-populated\">\n\t\t\t\t\t\t<div class=\"elementor-element elementor-element-6cd393f elementor-widget elementor-widget-text-editor\" data-id=\"6cd393f\" data-element_type=\"widget\" data-widget_type=\"text-editor.default\">\n\t\t\t\t<div class=\"elementor-widget-container\">\n\t\t\t\t\t\t\t\t\t<p><span style=\"font-weight: 400;\">El <a href=\"https:\/\/www.nevismangofest.com\/\" target=\"_blank\" rel=\"noopener nofollow\">Festival del Mango de Nieves 2025<\/a> se perfila como el acontecimiento clave del verano para todos los apasionados de la gastronom\u00eda y los descubrimientos ex\u00f3ticos. Del 4 al 6 de julio de 2025, la isla de Nieves, situada en la Federaci\u00f3n de<a href=\"https:\/\/richeskarayib.com\/es\/seatrade-2025-san-cristobal-crecimiento-sostenible-y-turismo-de-experiencias\/\" target=\"_blank\" rel=\"noopener\"> San Crist\u00f3bal y Nieves<\/a>, vibrar\u00e1 al ritmo del mango, la fruta emblem\u00e1tica que se celebra durante este festival \u00fanico. <\/span><\/p>\t\t\t\t\t\t\t\t<\/div>\n\t\t\t\t<\/div>\n\t\t\t\t<div class=\"elementor-element elementor-element-8cc5d0c elementor-widget elementor-widget-text-editor\" data-id=\"8cc5d0c\" data-element_type=\"widget\" data-widget_type=\"text-editor.default\">\n\t\t\t\t<div class=\"elementor-widget-container\">\n\t\t\t\t\t\t\t\t\t<p><span style=\"font-weight: 400;\">Durante los \u00faltimos once a\u00f1os, el <a href=\"https:\/\/wicnews.com\/saint-kitts-nevis\/nevis-mango-festival-2025-dates-revealed-chef-bryant-terry-announced-as-headline-chef?utm_source=chatgpt.com\" target=\"_blank\" rel=\"noopener nofollow\">Festival del Mango<\/a> de Nieves ha atra\u00eddo a lugare\u00f1os y visitantes de todo el mundo, seducidos por la riqueza de sabores y el c\u00e1lido ambiente de la isla. Este acontecimiento se ha convertido en una cita obligada para todos aquellos que deseen explorar la diversidad culinaria de Nieves mientras disfrutan de su legendaria hospitalidad. <\/span><\/p>\t\t\t\t\t\t\t\t<\/div>\n\t\t\t\t<\/div>\n\t\t\t\t\t<\/div>\n\t\t<\/div>\n\t\t\t\t\t<\/div>\n\t\t<\/section>\n\t\t\t\t<section class=\"elementor-section elementor-top-section elementor-element elementor-element-16ba7e0 elementor-section-boxed elementor-section-height-default elementor-section-height-default\" data-id=\"16ba7e0\" data-element_type=\"section\">\n\t\t\t\t\t\t<div class=\"elementor-container elementor-column-gap-default\">\n\t\t\t\t\t<div class=\"elementor-column elementor-col-100 elementor-top-column elementor-element elementor-element-f6fb52b\" data-id=\"f6fb52b\" data-element_type=\"column\">\n\t\t\t<div class=\"elementor-widget-wrap elementor-element-populated\">\n\t\t\t\t\t\t<div class=\"elementor-element elementor-element-0ce05bd elementor-widget elementor-widget-heading\" data-id=\"0ce05bd\" data-element_type=\"widget\" data-widget_type=\"heading.default\">\n\t\t\t\t<div class=\"elementor-widget-container\">\n\t\t\t\t\t<h2 class=\"elementor-heading-title elementor-size-default\">El Mango de Nieves: homenaje a un tesoro local<\/h2>\t\t\t\t<\/div>\n\t\t\t\t<\/div>\n\t\t\t\t<div class=\"elementor-element elementor-element-2917823 elementor-widget elementor-widget-text-editor\" data-id=\"2917823\" data-element_type=\"widget\" data-widget_type=\"text-editor.default\">\n\t\t\t\t<div class=\"elementor-widget-container\">\n\t\t\t\t\t\t\t\t\t<p><span style=\"font-weight: 400;\">Es imposible hablar del Festival del Mango de Nieves 2025 sin mencionar a la estrella indiscutible del evento: el mango. La isla alberga m\u00e1s de 44 variedades diferentes, cada una con sus propias caracter\u00edsticas, sabores y texturas. Esta excepcional diversidad hace de Nieves un aut\u00e9ntico para\u00edso para los amantes de esta fruta dulce y jugosa.  <\/span><\/p>\t\t\t\t\t\t\t\t<\/div>\n\t\t\t\t<\/div>\n\t\t\t\t<div class=\"elementor-element elementor-element-4e9c934 elementor-widget elementor-widget-text-editor\" data-id=\"4e9c934\" data-element_type=\"widget\" data-widget_type=\"text-editor.default\">\n\t\t\t\t<div class=\"elementor-widget-container\">\n\t\t\t\t\t\t\t\t\t<p><span style=\"font-weight: 400;\">M\u00e1s all\u00e1 de su aspecto gustativo, el mango ocupa un lugar central en la cultura local. Es un s\u00edmbolo de convivencia, un ingrediente clave de la cocina tradicional y una fuente de inspiraci\u00f3n para los cocineros m\u00e1s creativos. Durante el festival, el mango se presenta en todas sus formas y tama\u00f1os: platos salados, postres refinados, c\u00f3cteles refrescantes, chutneys picantes y sorbetes cremosos.  <\/span><\/p>\t\t\t\t\t\t\t\t<\/div>\n\t\t\t\t<\/div>\n\t\t\t\t<div class=\"elementor-element elementor-element-81a172b elementor-widget elementor-widget-text-editor\" data-id=\"81a172b\" data-element_type=\"widget\" data-widget_type=\"text-editor.default\">\n\t\t\t\t<div class=\"elementor-widget-container\">\n\t\t\t\t\t\t\t\t\t<p><span style=\"font-weight: 400;\">Destacar el mango en el Festival del Mango de Nieves 2025 es tambi\u00e9n una oportunidad para mostrar la pericia de los agricultores locales y promover una agricultura sostenible que respete el medio ambiente y las tradiciones.<\/span><\/p>\t\t\t\t\t\t\t\t<\/div>\n\t\t\t\t<\/div>\n\t\t\t\t<section class=\"elementor-section elementor-inner-section elementor-element elementor-element-41c0749 elementor-section-boxed elementor-section-height-default elementor-section-height-default\" data-id=\"41c0749\" data-element_type=\"section\">\n\t\t\t\t\t\t<div class=\"elementor-container elementor-column-gap-default\">\n\t\t\t\t\t<div class=\"elementor-column elementor-col-50 elementor-inner-column elementor-element elementor-element-07ab411\" data-id=\"07ab411\" data-element_type=\"column\">\n\t\t\t<div class=\"elementor-widget-wrap elementor-element-populated\">\n\t\t\t\t\t\t<div class=\"elementor-element elementor-element-6100f5b elementor-widget elementor-widget-image\" data-id=\"6100f5b\" data-element_type=\"widget\" data-widget_type=\"image.default\">\n\t\t\t\t<div class=\"elementor-widget-container\">\n\t\t\t\t\t\t\t\t\t\t\t\t<figure class=\"wp-caption\">\n\t\t\t\t\t\t\t\t\t\t<img fetchpriority=\"high\" decoding=\"async\" width=\"512\" height=\"640\" src=\"https:\/\/richeskarayib.com\/wp-content\/uploads\/2025\/05\/489386562_1026512266244842_58287420159827400_n.jpg\" class=\"attachment-large size-large wp-image-51864\" alt=\"Nevis Mango Festival 2025\" srcset=\"https:\/\/richeskarayib.com\/wp-content\/uploads\/2025\/05\/489386562_1026512266244842_58287420159827400_n.jpg 512w, https:\/\/richeskarayib.com\/wp-content\/uploads\/2025\/05\/489386562_1026512266244842_58287420159827400_n-240x300.jpg 240w\" sizes=\"(max-width: 512px) 100vw, 512px\" \/>\t\t\t\t\t\t\t\t\t\t\t<figcaption class=\"widget-image-caption wp-caption-text\">\u00a9 Nevis Mango Festival 2025<\/figcaption>\n\t\t\t\t\t\t\t\t\t\t<\/figure>\n\t\t\t\t\t\t\t\t\t<\/div>\n\t\t\t\t<\/div>\n\t\t\t\t\t<\/div>\n\t\t<\/div>\n\t\t\t\t<div class=\"elementor-column elementor-col-50 elementor-inner-column elementor-element elementor-element-aa922dc\" data-id=\"aa922dc\" data-element_type=\"column\">\n\t\t\t<div class=\"elementor-widget-wrap elementor-element-populated\">\n\t\t\t\t\t\t<div class=\"elementor-element elementor-element-59f84ff elementor-widget elementor-widget-image\" data-id=\"59f84ff\" data-element_type=\"widget\" data-widget_type=\"image.default\">\n\t\t\t\t<div class=\"elementor-widget-container\">\n\t\t\t\t\t\t\t\t\t\t\t\t<figure class=\"wp-caption\">\n\t\t\t\t\t\t\t\t\t\t<img decoding=\"async\" width=\"800\" height=\"1000\" src=\"https:\/\/richeskarayib.com\/wp-content\/uploads\/2025\/05\/484562703_1010896891139713_5883711153698892860_n-819x1024.jpg\" class=\"attachment-large size-large wp-image-51868\" alt=\"Nevis Mango Festival 2025\" srcset=\"https:\/\/richeskarayib.com\/wp-content\/uploads\/2025\/05\/484562703_1010896891139713_5883711153698892860_n-819x1024.jpg 819w, https:\/\/richeskarayib.com\/wp-content\/uploads\/2025\/05\/484562703_1010896891139713_5883711153698892860_n-240x300.jpg 240w, https:\/\/richeskarayib.com\/wp-content\/uploads\/2025\/05\/484562703_1010896891139713_5883711153698892860_n-768x960.jpg 768w, https:\/\/richeskarayib.com\/wp-content\/uploads\/2025\/05\/484562703_1010896891139713_5883711153698892860_n.jpg 1080w\" sizes=\"(max-width: 800px) 100vw, 800px\" \/>\t\t\t\t\t\t\t\t\t\t\t<figcaption class=\"widget-image-caption wp-caption-text\">\u00a9 Nevis Mango Festival 2025<\/figcaption>\n\t\t\t\t\t\t\t\t\t\t<\/figure>\n\t\t\t\t\t\t\t\t\t<\/div>\n\t\t\t\t<\/div>\n\t\t\t\t\t<\/div>\n\t\t<\/div>\n\t\t\t\t\t<\/div>\n\t\t<\/section>\n\t\t\t\t\t<\/div>\n\t\t<\/div>\n\t\t\t\t\t<\/div>\n\t\t<\/section>\n\t\t\t\t<section class=\"elementor-section elementor-top-section elementor-element elementor-element-7c727fe elementor-section-boxed elementor-section-height-default elementor-section-height-default\" data-id=\"7c727fe\" data-element_type=\"section\">\n\t\t\t\t\t\t<div class=\"elementor-container elementor-column-gap-default\">\n\t\t\t\t\t<div class=\"elementor-column elementor-col-100 elementor-top-column elementor-element elementor-element-2675508\" data-id=\"2675508\" data-element_type=\"column\">\n\t\t\t<div class=\"elementor-widget-wrap elementor-element-populated\">\n\t\t\t\t\t\t<div class=\"elementor-element elementor-element-86f7f71 elementor-widget elementor-widget-heading\" data-id=\"86f7f71\" data-element_type=\"widget\" data-widget_type=\"heading.default\">\n\t\t\t\t<div class=\"elementor-widget-container\">\n\t\t\t\t\t<h2 class=\"elementor-heading-title elementor-size-default\">Chef Bryant Terry: Invitado de Honor en la Edici\u00f3n 2025<\/h2>\t\t\t\t<\/div>\n\t\t\t\t<\/div>\n\t\t\t\t<div class=\"elementor-element elementor-element-1931a91 elementor-widget elementor-widget-text-editor\" data-id=\"1931a91\" data-element_type=\"widget\" data-widget_type=\"text-editor.default\">\n\t\t\t\t<div class=\"elementor-widget-container\">\n\t\t\t\t\t\t\t\t\t<p><span style=\"font-weight: 400;\">El anuncio del <a href=\"https:\/\/www.bryant-terry.com\/\" target=\"_blank\" rel=\"noopener nofollow\">chef Bryant Ter<\/a> ry como Chef Principal del <a href=\"https:\/\/web.facebook.com\/nevismangofest\/?_rdc=1&amp;_rdr#\" target=\"_blank\" rel=\"noopener nofollow\">Festival del Mango de Nieves 2025<\/a> ha causado conmoci\u00f3n. Ganador del prestigioso premio James Beard, autor de best-sellers y editor, Bryant Terry es famoso por su compromiso con una cocina sana, sostenible e integradora. <\/span><\/p>\t\t\t\t\t\t\t\t<\/div>\n\t\t\t\t<\/div>\n\t\t\t\t<div class=\"elementor-element elementor-element-69ca2f0 elementor-widget elementor-widget-text-editor\" data-id=\"69ca2f0\" data-element_type=\"widget\" data-widget_type=\"text-editor.default\">\n\t\t\t\t<div class=\"elementor-widget-container\">\n\t\t\t\t\t\t\t\t\t<p><span style=\"font-weight: 400;\">Su enfoque innovador pone de relieve la riqueza de los productos locales, al tiempo que celebra la diversidad de las culturas culinarias. A trav\u00e9s de sus libros y discursos, fomenta una alimentaci\u00f3n consciente, respetuosa con el medio ambiente y accesible a todos. Su presencia en el Festival del Mango de Nieves 2025 promete momentos excepcionales, en los que el mango quedar\u00e1 sublimado por su talento y creatividad.  <\/span><\/p>\t\t\t\t\t\t\t\t<\/div>\n\t\t\t\t<\/div>\n\t\t\t\t<div class=\"elementor-element elementor-element-73e4803 elementor-widget elementor-widget-text-editor\" data-id=\"73e4803\" data-element_type=\"widget\" data-widget_type=\"text-editor.default\">\n\t\t\t\t<div class=\"elementor-widget-container\">\n\t\t\t\t\t\t\t\t\t<p><span style=\"font-weight: 400;\">Bryant Terry no s\u00f3lo compartir\u00e1 sus recetas y consejos en talleres interactivos, sino que tambi\u00e9n aportar\u00e1 su visi\u00f3n \u00fanica de la gastronom\u00eda, basada en compartir, transmitir e innovar.<\/span><\/p>\t\t\t\t\t\t\t\t<\/div>\n\t\t\t\t<\/div>\n\t\t\t\t<section class=\"elementor-section elementor-inner-section elementor-element elementor-element-dbbb82d elementor-section-boxed elementor-section-height-default elementor-section-height-default\" data-id=\"dbbb82d\" data-element_type=\"section\">\n\t\t\t\t\t\t<div class=\"elementor-container elementor-column-gap-default\">\n\t\t\t\t\t<div class=\"elementor-column elementor-col-100 elementor-inner-column elementor-element elementor-element-718372f\" data-id=\"718372f\" data-element_type=\"column\">\n\t\t\t<div class=\"elementor-widget-wrap elementor-element-populated\">\n\t\t\t\t\t\t<div class=\"elementor-element elementor-element-a1b2f4d elementor-widget elementor-widget-image\" data-id=\"a1b2f4d\" data-element_type=\"widget\" data-widget_type=\"image.default\">\n\t\t\t\t<div class=\"elementor-widget-container\">\n\t\t\t\t\t\t\t\t\t\t\t\t<figure class=\"wp-caption\">\n\t\t\t\t\t\t\t\t\t\t<img decoding=\"async\" width=\"800\" height=\"1000\" src=\"https:\/\/richeskarayib.com\/wp-content\/uploads\/2025\/05\/Nevis-Mango-Festival-819x1024.jpg\" class=\"attachment-large size-large wp-image-51872\" alt=\"Nevis Mango Festival 2025\" srcset=\"https:\/\/richeskarayib.com\/wp-content\/uploads\/2025\/05\/Nevis-Mango-Festival-819x1024.jpg 819w, https:\/\/richeskarayib.com\/wp-content\/uploads\/2025\/05\/Nevis-Mango-Festival-240x300.jpg 240w, https:\/\/richeskarayib.com\/wp-content\/uploads\/2025\/05\/Nevis-Mango-Festival-768x960.jpg 768w, https:\/\/richeskarayib.com\/wp-content\/uploads\/2025\/05\/Nevis-Mango-Festival.jpg 1080w\" sizes=\"(max-width: 800px) 100vw, 800px\" \/>\t\t\t\t\t\t\t\t\t\t\t<figcaption class=\"widget-image-caption wp-caption-text\">\u00a9 Nevis Mango Festival 2025<\/figcaption>\n\t\t\t\t\t\t\t\t\t\t<\/figure>\n\t\t\t\t\t\t\t\t\t<\/div>\n\t\t\t\t<\/div>\n\t\t\t\t\t<\/div>\n\t\t<\/div>\n\t\t\t\t\t<\/div>\n\t\t<\/section>\n\t\t\t\t\t<\/div>\n\t\t<\/div>\n\t\t\t\t\t<\/div>\n\t\t<\/section>\n\t\t\t\t<section class=\"elementor-section elementor-top-section elementor-element elementor-element-1a0b771 elementor-section-boxed elementor-section-height-default elementor-section-height-default\" data-id=\"1a0b771\" data-element_type=\"section\">\n\t\t\t\t\t\t<div class=\"elementor-container elementor-column-gap-default\">\n\t\t\t\t\t<div class=\"elementor-column elementor-col-100 elementor-top-column elementor-element elementor-element-345f4b7\" data-id=\"345f4b7\" data-element_type=\"column\">\n\t\t\t<div class=\"elementor-widget-wrap elementor-element-populated\">\n\t\t\t\t\t\t<div class=\"elementor-element elementor-element-d6a712a elementor-widget elementor-widget-heading\" data-id=\"d6a712a\" data-element_type=\"widget\" data-widget_type=\"heading.default\">\n\t\t\t\t<div class=\"elementor-widget-container\">\n\t\t\t\t\t<h2 class=\"elementor-heading-title elementor-size-default\">Programa del Festival: Tres d\u00edas de sabor y creatividad<\/h2>\t\t\t\t<\/div>\n\t\t\t\t<\/div>\n\t\t\t\t<div class=\"elementor-element elementor-element-f9582c3 elementor-widget elementor-widget-text-editor\" data-id=\"f9582c3\" data-element_type=\"widget\" data-widget_type=\"text-editor.default\">\n\t\t\t\t<div class=\"elementor-widget-container\">\n\t\t\t\t\t\t\t\t\t<h3><strong>Viernes 4 de julio: Presentaci\u00f3n oficial y Masterclass<\/strong><\/h3>\n<p><span style=\"font-weight: 400;\">El Festival del Mango de Nieves 2025 comienza el viernes 4 de julio con una festiva ceremonia de inauguraci\u00f3n, seguida de una clase magistral a cargo del chef Bryant Terry. Durante este evento especial, los participantes podr\u00e1n descubrir los secretos de una cocina inventiva, en la que el mango se utiliza en platos tan sorprendentes como deliciosos. <\/span><\/p>\t\t\t\t\t\t\t\t<\/div>\n\t\t\t\t<\/div>\n\t\t\t\t<div class=\"elementor-element elementor-element-b09dce7 elementor-widget elementor-widget-text-editor\" data-id=\"b09dce7\" data-element_type=\"widget\" data-widget_type=\"text-editor.default\">\n\t\t\t\t<div class=\"elementor-widget-container\">\n\t\t\t\t\t\t\t\t\t<h3><strong>S\u00e1bado 5 de julio: Cena Club Exclusiva<\/strong><\/h3>\n<p><span style=\"font-weight: 400;\">El s\u00e1bado, es el momento de una cena excepcional del Supper Club, organizada en el encantador entorno del Golden Rock Inn. Esta comida de convivencia, preparada por el chef invitado, ser\u00e1 una oportunidad para degustar creaciones originales con las distintas variedades de mango de Nieves. Es una oportunidad para compartir y descubrir, y una forma ideal de conocer a otros amantes de la comida.  <\/span><\/p>\t\t\t\t\t\t\t\t<\/div>\n\t\t\t\t<\/div>\n\t\t\t\t<div class=\"elementor-element elementor-element-a6cb8c8 elementor-widget elementor-widget-text-editor\" data-id=\"a6cb8c8\" data-element_type=\"widget\" data-widget_type=\"text-editor.default\">\n\t\t\t\t<div class=\"elementor-widget-container\">\n\t\t\t\t\t\t\t\t\t<h3><strong>Domingo 6 de julio: Concurso y Celebraci\u00f3n &#8220;Por Amor a los Mangos<\/strong><\/h3>\n<p><span style=\"font-weight: 400;\">El domingo, el festival alcanza su punto culminante con el concurso culinario &#8220;Por amor al mango&#8221;. Los participantes, tanto aficionados como profesionales, competir\u00e1n con ingenio para ganarse al jurado, presidido por Bryant Terry. El concurso mostrar\u00e1 la creatividad y las habilidades t\u00e9cnicas de los chefs, al tiempo que celebrar\u00e1 el mango en todas sus formas.  <\/span><\/p>\t\t\t\t\t\t\t\t<\/div>\n\t\t\t\t<\/div>\n\t\t\t\t<div class=\"elementor-element elementor-element-590d334 elementor-widget elementor-widget-text-editor\" data-id=\"590d334\" data-element_type=\"widget\" data-widget_type=\"text-editor.default\">\n\t\t\t\t<div class=\"elementor-widget-container\">\n\t\t\t\t\t\t\t\t\t<p><span style=\"font-weight: 400;\">El programa tambi\u00e9n incluye degustaciones, entretenimiento para j\u00f3venes y mayores, firmas de libros y encuentros con productores locales. El Festival del Mango de Nieves 2025 promete ser una experiencia gourmet envolvente, donde cada momento ser\u00e1 de placer y descubrimiento. <\/span><\/p>\t\t\t\t\t\t\t\t<\/div>\n\t\t\t\t<\/div>\n\t\t\t\t<section class=\"elementor-section elementor-inner-section elementor-element elementor-element-a74da41 elementor-section-boxed elementor-section-height-default elementor-section-height-default\" data-id=\"a74da41\" data-element_type=\"section\">\n\t\t\t\t\t\t<div class=\"elementor-container elementor-column-gap-default\">\n\t\t\t\t\t<div class=\"elementor-column elementor-col-33 elementor-inner-column elementor-element elementor-element-b5df262\" data-id=\"b5df262\" data-element_type=\"column\">\n\t\t\t<div class=\"elementor-widget-wrap elementor-element-populated\">\n\t\t\t\t\t\t<div class=\"elementor-element elementor-element-1683891 elementor-widget elementor-widget-image\" data-id=\"1683891\" data-element_type=\"widget\" data-widget_type=\"image.default\">\n\t\t\t\t<div class=\"elementor-widget-container\">\n\t\t\t\t\t\t\t\t\t\t\t\t<figure class=\"wp-caption\">\n\t\t\t\t\t\t\t\t\t\t<img loading=\"lazy\" decoding=\"async\" width=\"800\" height=\"1000\" src=\"https:\/\/richeskarayib.com\/wp-content\/uploads\/2025\/05\/484325500_1008956841333718_4967086132923091021_n-819x1024.jpg\" class=\"attachment-large size-large wp-image-51876\" alt=\"\u00a9 Nevis Mango Festival 2025\" srcset=\"https:\/\/richeskarayib.com\/wp-content\/uploads\/2025\/05\/484325500_1008956841333718_4967086132923091021_n-819x1024.jpg 819w, https:\/\/richeskarayib.com\/wp-content\/uploads\/2025\/05\/484325500_1008956841333718_4967086132923091021_n-240x300.jpg 240w, https:\/\/richeskarayib.com\/wp-content\/uploads\/2025\/05\/484325500_1008956841333718_4967086132923091021_n-768x960.jpg 768w, https:\/\/richeskarayib.com\/wp-content\/uploads\/2025\/05\/484325500_1008956841333718_4967086132923091021_n.jpg 1080w\" sizes=\"(max-width: 800px) 100vw, 800px\" \/>\t\t\t\t\t\t\t\t\t\t\t<figcaption class=\"widget-image-caption wp-caption-text\">\u00a9 Nevis Mango Festival 2025<\/figcaption>\n\t\t\t\t\t\t\t\t\t\t<\/figure>\n\t\t\t\t\t\t\t\t\t<\/div>\n\t\t\t\t<\/div>\n\t\t\t\t\t<\/div>\n\t\t<\/div>\n\t\t\t\t<div class=\"elementor-column elementor-col-33 elementor-inner-column elementor-element elementor-element-d47cd6d\" data-id=\"d47cd6d\" data-element_type=\"column\">\n\t\t\t<div class=\"elementor-widget-wrap elementor-element-populated\">\n\t\t\t\t\t\t<div class=\"elementor-element elementor-element-8798411 elementor-widget elementor-widget-image\" data-id=\"8798411\" data-element_type=\"widget\" data-widget_type=\"image.default\">\n\t\t\t\t<div class=\"elementor-widget-container\">\n\t\t\t\t\t\t\t\t\t\t\t\t<figure class=\"wp-caption\">\n\t\t\t\t\t\t\t\t\t\t<img loading=\"lazy\" decoding=\"async\" width=\"512\" height=\"640\" src=\"https:\/\/richeskarayib.com\/wp-content\/uploads\/2025\/05\/485160611_1012301130999289_445260705809992978_n.jpg\" class=\"attachment-large size-large wp-image-51880\" alt=\"Nevis Mango Festival 2025\" srcset=\"https:\/\/richeskarayib.com\/wp-content\/uploads\/2025\/05\/485160611_1012301130999289_445260705809992978_n.jpg 512w, https:\/\/richeskarayib.com\/wp-content\/uploads\/2025\/05\/485160611_1012301130999289_445260705809992978_n-240x300.jpg 240w\" sizes=\"(max-width: 512px) 100vw, 512px\" \/>\t\t\t\t\t\t\t\t\t\t\t<figcaption class=\"widget-image-caption wp-caption-text\">\u00a9 Nevis Mango Festival 2025<\/figcaption>\n\t\t\t\t\t\t\t\t\t\t<\/figure>\n\t\t\t\t\t\t\t\t\t<\/div>\n\t\t\t\t<\/div>\n\t\t\t\t\t<\/div>\n\t\t<\/div>\n\t\t\t\t<div class=\"elementor-column elementor-col-33 elementor-inner-column elementor-element elementor-element-3551650\" data-id=\"3551650\" data-element_type=\"column\">\n\t\t\t<div class=\"elementor-widget-wrap elementor-element-populated\">\n\t\t\t\t\t\t<div class=\"elementor-element elementor-element-f262b1f elementor-widget elementor-widget-image\" data-id=\"f262b1f\" data-element_type=\"widget\" data-widget_type=\"image.default\">\n\t\t\t\t<div class=\"elementor-widget-container\">\n\t\t\t\t\t\t\t\t\t\t\t\t<figure class=\"wp-caption\">\n\t\t\t\t\t\t\t\t\t\t<img loading=\"lazy\" decoding=\"async\" width=\"512\" height=\"640\" src=\"https:\/\/richeskarayib.com\/wp-content\/uploads\/2025\/05\/487407472_1019826600246742_1863927239441890063_n.jpg\" class=\"attachment-large size-large wp-image-51884\" alt=\"Nevis Mango Festival 2025\" srcset=\"https:\/\/richeskarayib.com\/wp-content\/uploads\/2025\/05\/487407472_1019826600246742_1863927239441890063_n.jpg 512w, https:\/\/richeskarayib.com\/wp-content\/uploads\/2025\/05\/487407472_1019826600246742_1863927239441890063_n-240x300.jpg 240w\" sizes=\"(max-width: 512px) 100vw, 512px\" \/>\t\t\t\t\t\t\t\t\t\t\t<figcaption class=\"widget-image-caption wp-caption-text\">\u00a9 Nevis Mango Festival 2025<\/figcaption>\n\t\t\t\t\t\t\t\t\t\t<\/figure>\n\t\t\t\t\t\t\t\t\t<\/div>\n\t\t\t\t<\/div>\n\t\t\t\t\t<\/div>\n\t\t<\/div>\n\t\t\t\t\t<\/div>\n\t\t<\/section>\n\t\t\t\t\t<\/div>\n\t\t<\/div>\n\t\t\t\t\t<\/div>\n\t\t<\/section>\n\t\t\t\t<section class=\"elementor-section elementor-top-section elementor-element elementor-element-3f379db elementor-section-boxed elementor-section-height-default elementor-section-height-default\" data-id=\"3f379db\" data-element_type=\"section\">\n\t\t\t\t\t\t<div class=\"elementor-container elementor-column-gap-default\">\n\t\t\t\t\t<div class=\"elementor-column elementor-col-100 elementor-top-column elementor-element elementor-element-d544ce3\" data-id=\"d544ce3\" data-element_type=\"column\">\n\t\t\t<div class=\"elementor-widget-wrap elementor-element-populated\">\n\t\t\t\t\t\t<div class=\"elementor-element elementor-element-2f73799 elementor-widget elementor-widget-heading\" data-id=\"2f73799\" data-element_type=\"widget\" data-widget_type=\"heading.default\">\n\t\t\t\t<div class=\"elementor-widget-container\">\n\t\t\t\t\t<h2 class=\"elementor-heading-title elementor-size-default\">M\u00e1s all\u00e1 de la cata: experiencias y descubrimientos<\/h2>\t\t\t\t<\/div>\n\t\t\t\t<\/div>\n\t\t\t\t<div class=\"elementor-element elementor-element-81ef07d elementor-widget elementor-widget-text-editor\" data-id=\"81ef07d\" data-element_type=\"widget\" data-widget_type=\"text-editor.default\">\n\t\t\t\t<div class=\"elementor-widget-container\">\n\t\t\t\t\t\t\t\t\t<p><span style=\"font-weight: 400;\">El Festival del Mango de Nieves 2025 no consiste s\u00f3lo en degustar mangos. Los visitantes se sumergir\u00e1n en la cultura y el terru\u00f1o de la isla. Talleres de cocina, concursos de mixolog\u00eda, una cacer\u00eda de mangos para ni\u00f1os, mercados de artesan\u00eda y actuaciones musicales puntuar\u00e1n los tres d\u00edas de festividades.  <\/span><\/p>\t\t\t\t\t\t\t\t<\/div>\n\t\t\t\t<\/div>\n\t\t\t\t<div class=\"elementor-element elementor-element-a339360 elementor-widget elementor-widget-text-editor\" data-id=\"a339360\" data-element_type=\"widget\" data-widget_type=\"text-editor.default\">\n\t\t\t\t<div class=\"elementor-widget-container\">\n\t\t\t\t\t\t\t\t\t<p><span style=\"font-weight: 400;\">Los m\u00e1s curiosos podr\u00e1n participar en visitas guiadas a los huertos, conocer a los agricultores y aprender m\u00e1s sobre t\u00e9cnicas de cultivo respetuosas con el medio ambiente. Tambi\u00e9n habr\u00e1 puestos de venta de productos a base de mango, recuerdos y especialidades locales, perfectos para prolongar la experiencia de vuelta a casa. <\/span><\/p>\t\t\t\t\t\t\t\t<\/div>\n\t\t\t\t<\/div>\n\t\t\t\t<div class=\"elementor-element elementor-element-55e51cf elementor-widget elementor-widget-text-editor\" data-id=\"55e51cf\" data-element_type=\"widget\" data-widget_type=\"text-editor.default\">\n\t\t\t\t<div class=\"elementor-widget-container\">\n\t\t\t\t\t\t\t\t\t<p><span style=\"font-weight: 400;\">Esta dimensi\u00f3n educativa e interactiva hace del Festival del Mango de Nieves 2025 un acontecimiento accesible a todo el mundo, sea cual sea su edad o nivel de conocimientos gastron\u00f3micos.<\/span><\/p>\t\t\t\t\t\t\t\t<\/div>\n\t\t\t\t<\/div>\n\t\t\t\t<section class=\"elementor-section elementor-inner-section elementor-element elementor-element-7d876a4 elementor-section-boxed elementor-section-height-default elementor-section-height-default\" data-id=\"7d876a4\" data-element_type=\"section\">\n\t\t\t\t\t\t<div class=\"elementor-container elementor-column-gap-default\">\n\t\t\t\t\t<div class=\"elementor-column elementor-col-33 elementor-inner-column elementor-element elementor-element-6763531\" data-id=\"6763531\" data-element_type=\"column\">\n\t\t\t<div class=\"elementor-widget-wrap elementor-element-populated\">\n\t\t\t\t\t\t<div class=\"elementor-element elementor-element-4636aeb elementor-widget elementor-widget-image\" data-id=\"4636aeb\" data-element_type=\"widget\" data-widget_type=\"image.default\">\n\t\t\t\t<div class=\"elementor-widget-container\">\n\t\t\t\t\t\t\t\t\t\t\t\t<figure class=\"wp-caption\">\n\t\t\t\t\t\t\t\t\t\t<img loading=\"lazy\" decoding=\"async\" width=\"512\" height=\"640\" src=\"https:\/\/richeskarayib.com\/wp-content\/uploads\/2025\/05\/492148929_1034134712149264_2307822758948825880_n.jpg\" class=\"attachment-large size-large wp-image-51888\" alt=\"\u00a9 Nevis Mango Festival 2025\" srcset=\"https:\/\/richeskarayib.com\/wp-content\/uploads\/2025\/05\/492148929_1034134712149264_2307822758948825880_n.jpg 512w, https:\/\/richeskarayib.com\/wp-content\/uploads\/2025\/05\/492148929_1034134712149264_2307822758948825880_n-240x300.jpg 240w\" sizes=\"(max-width: 512px) 100vw, 512px\" \/>\t\t\t\t\t\t\t\t\t\t\t<figcaption class=\"widget-image-caption wp-caption-text\">\u00a9 Nevis Mango Festival 2025<\/figcaption>\n\t\t\t\t\t\t\t\t\t\t<\/figure>\n\t\t\t\t\t\t\t\t\t<\/div>\n\t\t\t\t<\/div>\n\t\t\t\t\t<\/div>\n\t\t<\/div>\n\t\t\t\t<div class=\"elementor-column elementor-col-33 elementor-inner-column elementor-element elementor-element-3553762\" data-id=\"3553762\" data-element_type=\"column\">\n\t\t\t<div class=\"elementor-widget-wrap elementor-element-populated\">\n\t\t\t\t\t\t<div class=\"elementor-element elementor-element-9eac05d elementor-widget elementor-widget-image\" data-id=\"9eac05d\" data-element_type=\"widget\" data-widget_type=\"image.default\">\n\t\t\t\t<div class=\"elementor-widget-container\">\n\t\t\t\t\t\t\t\t\t\t\t\t<figure class=\"wp-caption\">\n\t\t\t\t\t\t\t\t\t\t<img loading=\"lazy\" decoding=\"async\" width=\"512\" height=\"640\" src=\"https:\/\/richeskarayib.com\/wp-content\/uploads\/2025\/05\/493288750_1039550364941032_4104549806309321920_n.jpg\" class=\"attachment-large size-large wp-image-51892\" alt=\"Nevis Mango Festival 2025\" srcset=\"https:\/\/richeskarayib.com\/wp-content\/uploads\/2025\/05\/493288750_1039550364941032_4104549806309321920_n.jpg 512w, https:\/\/richeskarayib.com\/wp-content\/uploads\/2025\/05\/493288750_1039550364941032_4104549806309321920_n-240x300.jpg 240w\" sizes=\"(max-width: 512px) 100vw, 512px\" \/>\t\t\t\t\t\t\t\t\t\t\t<figcaption class=\"widget-image-caption wp-caption-text\">\u00a9 Nevis Mango Festival 2025<\/figcaption>\n\t\t\t\t\t\t\t\t\t\t<\/figure>\n\t\t\t\t\t\t\t\t\t<\/div>\n\t\t\t\t<\/div>\n\t\t\t\t\t<\/div>\n\t\t<\/div>\n\t\t\t\t<div class=\"elementor-column elementor-col-33 elementor-inner-column elementor-element elementor-element-770a13b\" data-id=\"770a13b\" data-element_type=\"column\">\n\t\t\t<div class=\"elementor-widget-wrap elementor-element-populated\">\n\t\t\t\t\t\t<div class=\"elementor-element elementor-element-a6da5a9 elementor-widget elementor-widget-image\" data-id=\"a6da5a9\" data-element_type=\"widget\" data-widget_type=\"image.default\">\n\t\t\t\t<div class=\"elementor-widget-container\">\n\t\t\t\t\t\t\t\t\t\t\t\t<figure class=\"wp-caption\">\n\t\t\t\t\t\t\t\t\t\t<img loading=\"lazy\" decoding=\"async\" width=\"800\" height=\"1000\" src=\"https:\/\/richeskarayib.com\/wp-content\/uploads\/2025\/05\/Nevis-Mango-Festival-1-819x1024.jpg\" class=\"attachment-large size-large wp-image-51896\" alt=\"Nevis Mango Festival 2025\" srcset=\"https:\/\/richeskarayib.com\/wp-content\/uploads\/2025\/05\/Nevis-Mango-Festival-1-819x1024.jpg 819w, https:\/\/richeskarayib.com\/wp-content\/uploads\/2025\/05\/Nevis-Mango-Festival-1-240x300.jpg 240w, https:\/\/richeskarayib.com\/wp-content\/uploads\/2025\/05\/Nevis-Mango-Festival-1-768x960.jpg 768w, https:\/\/richeskarayib.com\/wp-content\/uploads\/2025\/05\/Nevis-Mango-Festival-1.jpg 1080w\" sizes=\"(max-width: 800px) 100vw, 800px\" \/>\t\t\t\t\t\t\t\t\t\t\t<figcaption class=\"widget-image-caption wp-caption-text\">\u00a9 Nevis Mango Festival 2025<\/figcaption>\n\t\t\t\t\t\t\t\t\t\t<\/figure>\n\t\t\t\t\t\t\t\t\t<\/div>\n\t\t\t\t<\/div>\n\t\t\t\t\t<\/div>\n\t\t<\/div>\n\t\t\t\t\t<\/div>\n\t\t<\/section>\n\t\t\t\t\t<\/div>\n\t\t<\/div>\n\t\t\t\t\t<\/div>\n\t\t<\/section>\n\t\t\t\t<section class=\"elementor-section elementor-top-section elementor-element elementor-element-a7e5b43 elementor-section-boxed elementor-section-height-default elementor-section-height-default\" data-id=\"a7e5b43\" data-element_type=\"section\">\n\t\t\t\t\t\t<div class=\"elementor-container elementor-column-gap-default\">\n\t\t\t\t\t<div class=\"elementor-column elementor-col-100 elementor-top-column elementor-element elementor-element-8dc54cb\" data-id=\"8dc54cb\" data-element_type=\"column\">\n\t\t\t<div class=\"elementor-widget-wrap elementor-element-populated\">\n\t\t\t\t\t\t<div class=\"elementor-element elementor-element-a141625 elementor-widget elementor-widget-text-editor\" data-id=\"a141625\" data-element_type=\"widget\" data-widget_type=\"text-editor.default\">\n\t\t\t\t<div class=\"elementor-widget-container\">\n\t\t\t\t\t\t\t\t\t<p><span style=\"font-weight: 400;\">El Festival del Mango de Nieves 2025 es mucho m\u00e1s que un evento gastron\u00f3mico: es una celebraci\u00f3n de la diversidad, la creatividad y el compartir. Con 44 variedades de mango por descubrir, inspiradoras clases magistrales del chef Bryant Terry, concursos y entretenimiento para todos, todos los visitantes se ir\u00e1n con recuerdos inolvidables y el deseo de volver al a\u00f1o siguiente. <\/span><\/p>\t\t\t\t\t\t\t\t<\/div>\n\t\t\t\t<\/div>\n\t\t\t\t<div class=\"elementor-element elementor-element-3673db2 elementor-widget elementor-widget-text-editor\" data-id=\"3673db2\" data-element_type=\"widget\" data-widget_type=\"text-editor.default\">\n\t\t\t\t<div class=\"elementor-widget-container\">\n\t\t\t\t\t\t\t\t\t<p><span style=\"font-weight: 400;\">Tanto si eres un gourmet, un curioso de los nuevos sabores o simplemente un amante del mango, este festival es para ti. Prep\u00e1rate para una experiencia sensorial \u00fanica en el coraz\u00f3n de una isla aut\u00e9ntica y acogedora. El Festival del Mango de Nieves 2025 te espera para una aventura gourmet sin igual.  <\/span><\/p>\t\t\t\t\t\t\t\t<\/div>\n\t\t\t\t<\/div>\n\t\t\t\t\t<\/div>\n\t\t<\/div>\n\t\t\t\t\t<\/div>\n\t\t<\/section>\n\t\t\t\t<\/div>\n\t\t","protected":false},"excerpt":{"rendered":"<p>El Festival del Mango de Nieves 2025 se perfila como el acontecimiento clave del verano para todos los apasionados de la gastronom\u00eda y los descubrimientos ex\u00f3ticos. Del 4 al 6 de julio de 2025, la isla de Nieves, situada en la Federaci\u00f3n de San Crist\u00f3bal y Nieves, vibrar\u00e1 al ritmo del mango, la fruta emblem\u00e1tica [&hellip;]<\/p>\n","protected":false},"author":662,"featured_media":51860,"comment_status":"open","ping_status":"open","sticky":false,"template":"","format":"standard","meta":{"_acf_changed":false,"footnotes":""},"categories":[1484],"tags":[1682],"class_list":["post-51898","post","type-post","status-publish","format-standard","has-post-thumbnail","hentry","category-arte-culinario","tag-san-cristobal-y-nieves"],"acf":[],"_links":{"self":[{"href":"https:\/\/richeskarayib.com\/es\/wp-json\/wp\/v2\/posts\/51898","targetHints":{"allow":["GET"]}}],"collection":[{"href":"https:\/\/richeskarayib.com\/es\/wp-json\/wp\/v2\/posts"}],"about":[{"href":"https:\/\/richeskarayib.com\/es\/wp-json\/wp\/v2\/types\/post"}],"author":[{"embeddable":true,"href":"https:\/\/richeskarayib.com\/es\/wp-json\/wp\/v2\/users\/662"}],"replies":[{"embeddable":true,"href":"https:\/\/richeskarayib.com\/es\/wp-json\/wp\/v2\/comments?post=51898"}],"version-history":[{"count":0,"href":"https:\/\/richeskarayib.com\/es\/wp-json\/wp\/v2\/posts\/51898\/revisions"}],"wp:featuredmedia":[{"embeddable":true,"href":"https:\/\/richeskarayib.com\/es\/wp-json\/wp\/v2\/media\/51860"}],"wp:attachment":[{"href":"https:\/\/richeskarayib.com\/es\/wp-json\/wp\/v2\/media?parent=51898"}],"wp:term":[{"taxonomy":"category","embeddable":true,"href":"https:\/\/richeskarayib.com\/es\/wp-json\/wp\/v2\/categories?post=51898"},{"taxonomy":"post_tag","embeddable":true,"href":"https:\/\/richeskarayib.com\/es\/wp-json\/wp\/v2\/tags?post=51898"}],"curies":[{"name":"wp","href":"https:\/\/api.w.org\/{rel}","templated":true}]}}