{"id":51936,"date":"2025-05-20T08:41:15","date_gmt":"2025-05-20T12:41:15","guid":{"rendered":"https:\/\/richeskarayib.com\/garifunas-de-honduras-un-legado-del-mar\/"},"modified":"2025-05-20T08:41:16","modified_gmt":"2025-05-20T12:41:16","slug":"garifunas-de-honduras-un-legado-del-mar","status":"publish","type":"post","link":"https:\/\/richeskarayib.com\/es\/garifunas-de-honduras-un-legado-del-mar\/","title":{"rendered":"Garifunas de Honduras: un legado del mar"},"content":{"rendered":"\t\t<div data-elementor-type=\"wp-post\" data-elementor-id=\"51936\" class=\"elementor elementor-51936 elementor-51902\" data-elementor-post-type=\"post\">\n\t\t\t\t\t\t<section class=\"elementor-section elementor-top-section elementor-element elementor-element-7d4f952 elementor-section-boxed elementor-section-height-default elementor-section-height-default\" data-id=\"7d4f952\" data-element_type=\"section\">\n\t\t\t\t\t\t<div class=\"elementor-container elementor-column-gap-default\">\n\t\t\t\t\t<div class=\"elementor-column elementor-col-100 elementor-top-column elementor-element elementor-element-f3833fa\" data-id=\"f3833fa\" data-element_type=\"column\">\n\t\t\t<div class=\"elementor-widget-wrap elementor-element-populated\">\n\t\t\t\t\t\t<div class=\"elementor-element elementor-element-6cd393f elementor-widget elementor-widget-text-editor\" data-id=\"6cd393f\" data-element_type=\"widget\" data-widget_type=\"text-editor.default\">\n\t\t\t\t<div class=\"elementor-widget-container\">\n\t\t\t\t\t\t\t\t\t<p><span style=\"font-weight: 400;\">Los<a href=\"https:\/\/communaute.geo.fr\/photo\/192571-pecheur-garifunas\" target=\"_blank\" rel=\"noopener nofollow\"> pescadores gar\u00edfunas de<\/a> Honduras encarnan una memoria viva del <a href=\"https:\/\/richeskarayib.com\/es\/las-playas-del-caribe-destacan-en-la-clasificacion-mundial-2025-un-litoral-excepcional-reconocido-por-los-expertos\/\" target=\"_blank\" rel=\"noopener\">Caribe<\/a> Negro, en la encrucijada de la historia, la tradici\u00f3n mar\u00edtima y las luchas contempor\u00e1neas por la supervivencia cultural. Para esta comunidad afroind\u00edgena, la pesca artesanal es mucho m\u00e1s que una actividad econ\u00f3mica: es una parte fundamental de su identidad. Herederos de una mezcla \u00fanica de africanos huidos y poblaciones ind\u00edgenas caribe\u00f1as, los gar\u00edfunas han desarrollado y conservado un saber hacer mar\u00edtimo que vincula \u00edntimamente las actividades cotidianas con una visi\u00f3n del mundo conformada por el oc\u00e9ano.  <\/span><\/p>\t\t\t\t\t\t\t\t<\/div>\n\t\t\t\t<\/div>\n\t\t\t\t\t<\/div>\n\t\t<\/div>\n\t\t\t\t\t<\/div>\n\t\t<\/section>\n\t\t\t\t<section class=\"elementor-section elementor-top-section elementor-element elementor-element-16ba7e0 elementor-section-boxed elementor-section-height-default elementor-section-height-default\" data-id=\"16ba7e0\" data-element_type=\"section\">\n\t\t\t\t\t\t<div class=\"elementor-container elementor-column-gap-default\">\n\t\t\t\t\t<div class=\"elementor-column elementor-col-100 elementor-top-column elementor-element elementor-element-f6fb52b\" data-id=\"f6fb52b\" data-element_type=\"column\">\n\t\t\t<div class=\"elementor-widget-wrap elementor-element-populated\">\n\t\t\t\t\t\t<div class=\"elementor-element elementor-element-0ce05bd elementor-widget elementor-widget-heading\" data-id=\"0ce05bd\" data-element_type=\"widget\" data-widget_type=\"heading.default\">\n\t\t\t\t<div class=\"elementor-widget-container\">\n\t\t\t\t\t<h2 class=\"elementor-heading-title elementor-size-default\">Una historia nacida del exilio y la resistencia<\/h2>\t\t\t\t<\/div>\n\t\t\t\t<\/div>\n\t\t\t\t<div class=\"elementor-element elementor-element-2917823 elementor-widget elementor-widget-text-editor\" data-id=\"2917823\" data-element_type=\"widget\" data-widget_type=\"text-editor.default\">\n\t\t\t\t<div class=\"elementor-widget-container\">\n\t\t\t\t\t\t\t\t\t<p><span style=\"font-weight: 400;\">Los pescadores gar\u00edfunas de Honduras no nacieron en las costas de Centroam\u00e9rica. Su historia se remonta al siglo XVII, en la isla caribe\u00f1a de San Vicente, donde los esclavos africanos n\u00e1ufragos -algunos de los cuales hab\u00edan escapado- encontraron refugio con los ind\u00edgenas kalinagos y arawaks. Esta mezcla, \u00fanica en la historia colonial caribe\u00f1a, dio origen a una nueva comunidad: los gar\u00edfunas.  <\/span><\/p>\t\t\t\t\t\t\t\t<\/div>\n\t\t\t\t<\/div>\n\t\t\t\t<div class=\"elementor-element elementor-element-4e9c934 elementor-widget elementor-widget-text-editor\" data-id=\"4e9c934\" data-element_type=\"widget\" data-widget_type=\"text-editor.default\">\n\t\t\t\t<div class=\"elementor-widget-container\">\n\t\t\t\t\t\t\t\t\t<p><span style=\"font-weight: 400;\">Pero esta relativa autonom\u00eda lleg\u00f3 a su fin con la llegada de los brit\u00e1nicos. En 1797, acusados de apoyar a los franceses, los gar\u00edfunas fueron capturados y deportados en masa a la isla de Roat\u00e1n, frente a la costa de Honduras. Desde all\u00ed, se asentaron gradualmente en las costas caribe\u00f1as de Honduras, Belice, Guatemala y Nicaragua. Fue en esta costa donde surgi\u00f3 su especial relaci\u00f3n con el mar, a trav\u00e9s de la pesca artesanal.   <\/span><\/p>\t\t\t\t\t\t\t\t<\/div>\n\t\t\t\t<\/div>\n\t\t\t\t<section class=\"elementor-section elementor-inner-section elementor-element elementor-element-364d508 elementor-section-boxed elementor-section-height-default elementor-section-height-default\" data-id=\"364d508\" data-element_type=\"section\">\n\t\t\t\t\t\t<div class=\"elementor-container elementor-column-gap-default\">\n\t\t\t\t\t<div class=\"elementor-column elementor-col-50 elementor-inner-column elementor-element elementor-element-4b51444\" data-id=\"4b51444\" data-element_type=\"column\">\n\t\t\t<div class=\"elementor-widget-wrap elementor-element-populated\">\n\t\t\t\t\t\t<div class=\"elementor-element elementor-element-6d9cebb elementor-widget elementor-widget-image\" data-id=\"6d9cebb\" data-element_type=\"widget\" data-widget_type=\"image.default\">\n\t\t\t\t<div class=\"elementor-widget-container\">\n\t\t\t\t\t\t\t\t\t\t\t\t<figure class=\"wp-caption\">\n\t\t\t\t\t\t\t\t\t\t<img fetchpriority=\"high\" decoding=\"async\" width=\"690\" height=\"460\" src=\"https:\/\/richeskarayib.com\/wp-content\/uploads\/2025\/05\/Pecheurs-Garifuna-en-mer.-samaritanpurse.org_.jpg\" class=\"attachment-large size-large wp-image-51918\" alt=\"Garifunas du Honduras\" srcset=\"https:\/\/richeskarayib.com\/wp-content\/uploads\/2025\/05\/Pecheurs-Garifuna-en-mer.-samaritanpurse.org_.jpg 690w, https:\/\/richeskarayib.com\/wp-content\/uploads\/2025\/05\/Pecheurs-Garifuna-en-mer.-samaritanpurse.org_-300x200.jpg 300w\" sizes=\"(max-width: 690px) 100vw, 690px\" \/>\t\t\t\t\t\t\t\t\t\t\t<figcaption class=\"widget-image-caption wp-caption-text\">\u00a9samaritanpurse.org<\/figcaption>\n\t\t\t\t\t\t\t\t\t\t<\/figure>\n\t\t\t\t\t\t\t\t\t<\/div>\n\t\t\t\t<\/div>\n\t\t\t\t\t<\/div>\n\t\t<\/div>\n\t\t\t\t<div class=\"elementor-column elementor-col-50 elementor-inner-column elementor-element elementor-element-5dea0f7\" data-id=\"5dea0f7\" data-element_type=\"column\">\n\t\t\t<div class=\"elementor-widget-wrap elementor-element-populated\">\n\t\t\t\t\t\t<div class=\"elementor-element elementor-element-ef3b160 elementor-widget elementor-widget-image\" data-id=\"ef3b160\" data-element_type=\"widget\" data-widget_type=\"image.default\">\n\t\t\t\t<div class=\"elementor-widget-container\">\n\t\t\t\t\t\t\t\t\t\t\t\t<figure class=\"wp-caption\">\n\t\t\t\t\t\t\t\t\t\t<img decoding=\"async\" width=\"690\" height=\"460\" src=\"https:\/\/richeskarayib.com\/wp-content\/uploads\/2025\/05\/Pecheurs-Garifuna-en-mer.-samaritanpurse.jpg\" class=\"attachment-large size-large wp-image-51914\" alt=\"Garifunas du Honduras\" srcset=\"https:\/\/richeskarayib.com\/wp-content\/uploads\/2025\/05\/Pecheurs-Garifuna-en-mer.-samaritanpurse.jpg 690w, https:\/\/richeskarayib.com\/wp-content\/uploads\/2025\/05\/Pecheurs-Garifuna-en-mer.-samaritanpurse-300x200.jpg 300w\" sizes=\"(max-width: 690px) 100vw, 690px\" \/>\t\t\t\t\t\t\t\t\t\t\t<figcaption class=\"widget-image-caption wp-caption-text\">\u00a9samaritanpurse.org<\/figcaption>\n\t\t\t\t\t\t\t\t\t\t<\/figure>\n\t\t\t\t\t\t\t\t\t<\/div>\n\t\t\t\t<\/div>\n\t\t\t\t\t<\/div>\n\t\t<\/div>\n\t\t\t\t\t<\/div>\n\t\t<\/section>\n\t\t\t\t\t<\/div>\n\t\t<\/div>\n\t\t\t\t\t<\/div>\n\t\t<\/section>\n\t\t\t\t<section class=\"elementor-section elementor-top-section elementor-element elementor-element-7c727fe elementor-section-boxed elementor-section-height-default elementor-section-height-default\" data-id=\"7c727fe\" data-element_type=\"section\">\n\t\t\t\t\t\t<div class=\"elementor-container elementor-column-gap-default\">\n\t\t\t\t\t<div class=\"elementor-column elementor-col-100 elementor-top-column elementor-element elementor-element-2675508\" data-id=\"2675508\" data-element_type=\"column\">\n\t\t\t<div class=\"elementor-widget-wrap elementor-element-populated\">\n\t\t\t\t\t\t<div class=\"elementor-element elementor-element-86f7f71 elementor-widget elementor-widget-heading\" data-id=\"86f7f71\" data-element_type=\"widget\" data-widget_type=\"heading.default\">\n\t\t\t\t<div class=\"elementor-widget-container\">\n\t\t\t\t\t<h2 class=\"elementor-heading-title elementor-size-default\">Pesca arraigada en la tradici\u00f3n<\/h2>\t\t\t\t<\/div>\n\t\t\t\t<\/div>\n\t\t\t\t<div class=\"elementor-element elementor-element-1931a91 elementor-widget elementor-widget-text-editor\" data-id=\"1931a91\" data-element_type=\"widget\" data-widget_type=\"text-editor.default\">\n\t\t\t\t<div class=\"elementor-widget-container\">\n\t\t\t\t\t\t\t\t\t<p><span style=\"font-weight: 400;\">A\u00fan hoy <\/span><b>los pescadores gar\u00edfunas de Honduras<\/b><span style=\"font-weight: 400;\">  perpet\u00faan t\u00e9cnicas que se han transmitido oralmente durante generaciones. Lejos de un enfoque industrial, utilizan embarcaciones ligeras, a menudo de madera y propulsadas por remos o peque\u00f1os motores, as\u00ed como redes, sedales y trampas. El respeto por el ciclo de reproducci\u00f3n de las especies, el conocimiento detallado de las corrientes y del fondo marino, y la capacidad de leer las se\u00f1ales del cielo son parte integrante de su pericia.  <\/span><\/p>\t\t\t\t\t\t\t\t<\/div>\n\t\t\t\t<\/div>\n\t\t\t\t<div class=\"elementor-element elementor-element-69ca2f0 elementor-widget elementor-widget-text-editor\" data-id=\"69ca2f0\" data-element_type=\"widget\" data-widget_type=\"text-editor.default\">\n\t\t\t\t<div class=\"elementor-widget-container\">\n\t\t\t\t\t\t\t\t\t<p><span style=\"font-weight: 400;\">La pesca no es s\u00f3lo una cuesti\u00f3n de subsistencia. Es un acto profundamente cultural, estrechamente ligado a la cocina, la m\u00fasica y la espiritualidad. Platos tradicionales como    <\/span><i><span style=\"font-weight: 400;\">Machuca<\/span><\/i><span style=\"font-weight: 400;\">  (pur\u00e9 de pl\u00e1tano con pescado en caldo de leche de coco) tienen tanto que ver con el mar como con la nutrici\u00f3n del cuerpo. La transmisi\u00f3n de estas recetas, el reparto de las comidas y las canciones que se cantan en los viajes de pesca forman parte de un aut\u00e9ntico ritual comunitario. <\/span><\/p>\t\t\t\t\t\t\t\t<\/div>\n\t\t\t\t<\/div>\n\t\t\t\t<section class=\"elementor-section elementor-inner-section elementor-element elementor-element-0bb4005 elementor-section-boxed elementor-section-height-default elementor-section-height-default\" data-id=\"0bb4005\" data-element_type=\"section\">\n\t\t\t\t\t\t<div class=\"elementor-container elementor-column-gap-default\">\n\t\t\t\t\t<div class=\"elementor-column elementor-col-50 elementor-inner-column elementor-element elementor-element-716dee7\" data-id=\"716dee7\" data-element_type=\"column\">\n\t\t\t<div class=\"elementor-widget-wrap elementor-element-populated\">\n\t\t\t\t\t\t<div class=\"elementor-element elementor-element-e17bb8f elementor-widget elementor-widget-image\" data-id=\"e17bb8f\" data-element_type=\"widget\" data-widget_type=\"image.default\">\n\t\t\t\t<div class=\"elementor-widget-container\">\n\t\t\t\t\t\t\t\t\t\t\t\t\t\t\t<img decoding=\"async\" width=\"800\" height=\"513\" src=\"https:\/\/richeskarayib.com\/wp-content\/uploads\/2025\/05\/Canoes-de-peche-traditionnels-Modifie-1024x657.jpg\" class=\"attachment-large size-large wp-image-51922\" alt=\"Garifunas du Honduras\" srcset=\"https:\/\/richeskarayib.com\/wp-content\/uploads\/2025\/05\/Canoes-de-peche-traditionnels-Modifie-1024x657.jpg 1024w, https:\/\/richeskarayib.com\/wp-content\/uploads\/2025\/05\/Canoes-de-peche-traditionnels-Modifie-300x192.jpg 300w, https:\/\/richeskarayib.com\/wp-content\/uploads\/2025\/05\/Canoes-de-peche-traditionnels-Modifie-768x493.jpg 768w, https:\/\/richeskarayib.com\/wp-content\/uploads\/2025\/05\/Canoes-de-peche-traditionnels-Modifie.jpg 1300w\" sizes=\"(max-width: 800px) 100vw, 800px\" \/>\t\t\t\t\t\t\t\t\t\t\t\t\t\t\t<\/div>\n\t\t\t\t<\/div>\n\t\t\t\t\t<\/div>\n\t\t<\/div>\n\t\t\t\t<div class=\"elementor-column elementor-col-50 elementor-inner-column elementor-element elementor-element-9fcc9d3\" data-id=\"9fcc9d3\" data-element_type=\"column\">\n\t\t\t<div class=\"elementor-widget-wrap elementor-element-populated\">\n\t\t\t\t\t\t<div class=\"elementor-element elementor-element-9b15d0b elementor-widget elementor-widget-image\" data-id=\"9b15d0b\" data-element_type=\"widget\" data-widget_type=\"image.default\">\n\t\t\t\t<div class=\"elementor-widget-container\">\n\t\t\t\t\t\t\t\t\t\t\t\t\t\t\t<img loading=\"lazy\" decoding=\"async\" width=\"700\" height=\"467\" src=\"https:\/\/richeskarayib.com\/wp-content\/uploads\/2025\/05\/Pecheurs-Garifuna-en-mer.-samaritanpurse2.jpg\" class=\"attachment-large size-large wp-image-51930\" alt=\"Garifunas du Honduras\" srcset=\"https:\/\/richeskarayib.com\/wp-content\/uploads\/2025\/05\/Pecheurs-Garifuna-en-mer.-samaritanpurse2.jpg 700w, https:\/\/richeskarayib.com\/wp-content\/uploads\/2025\/05\/Pecheurs-Garifuna-en-mer.-samaritanpurse2-300x200.jpg 300w\" sizes=\"(max-width: 700px) 100vw, 700px\" \/>\t\t\t\t\t\t\t\t\t\t\t\t\t\t\t<\/div>\n\t\t\t\t<\/div>\n\t\t\t\t\t<\/div>\n\t\t<\/div>\n\t\t\t\t\t<\/div>\n\t\t<\/section>\n\t\t\t\t\t<\/div>\n\t\t<\/div>\n\t\t\t\t\t<\/div>\n\t\t<\/section>\n\t\t\t\t<section class=\"elementor-section elementor-top-section elementor-element elementor-element-1a0b771 elementor-section-boxed elementor-section-height-default elementor-section-height-default\" data-id=\"1a0b771\" data-element_type=\"section\">\n\t\t\t\t\t\t<div class=\"elementor-container elementor-column-gap-default\">\n\t\t\t\t\t<div class=\"elementor-column elementor-col-100 elementor-top-column elementor-element elementor-element-345f4b7\" data-id=\"345f4b7\" data-element_type=\"column\">\n\t\t\t<div class=\"elementor-widget-wrap elementor-element-populated\">\n\t\t\t\t\t\t<div class=\"elementor-element elementor-element-d6a712a elementor-widget elementor-widget-heading\" data-id=\"d6a712a\" data-element_type=\"widget\" data-widget_type=\"heading.default\">\n\t\t\t\t<div class=\"elementor-widget-container\">\n\t\t\t\t\t<h2 class=\"elementor-heading-title elementor-size-default\">Las mujeres desempe\u00f1an un papel central en la econom\u00eda mar\u00edtima<\/h2>\t\t\t\t<\/div>\n\t\t\t\t<\/div>\n\t\t\t\t<div class=\"elementor-element elementor-element-f9582c3 elementor-widget elementor-widget-text-editor\" data-id=\"f9582c3\" data-element_type=\"widget\" data-widget_type=\"text-editor.default\">\n\t\t\t\t<div class=\"elementor-widget-container\">\n\t\t\t\t\t\t\t\t\t<p><span style=\"font-weight: 400;\">La figura del pescador suele ser masculina, <\/span><b>los pescadores gar\u00edfunas de Honduras<\/b><span style=\"font-weight: 400;\">  En realidad, forman un ecosistema en el que las mujeres desempe\u00f1an un papel central. Preparan, procesan y a veces incluso venden el pescado. Mantienen vivas las pr\u00e1cticas culinarias y organizan las redes de solidaridad que mantienen vivas las aldeas. En algunas comunidades, tambi\u00e9n se dedican a la pesca de bajura, sobre todo de marisco.   <\/span><\/p>\t\t\t\t\t\t\t\t<\/div>\n\t\t\t\t<\/div>\n\t\t\t\t<div class=\"elementor-element elementor-element-b09dce7 elementor-widget elementor-widget-text-editor\" data-id=\"b09dce7\" data-element_type=\"widget\" data-widget_type=\"text-editor.default\">\n\t\t\t\t<div class=\"elementor-widget-container\">\n\t\t\t\t\t\t\t\t\t<p><span style=\"font-weight: 400;\">El modelo social gar\u00edfuna se basa en la complementariedad entre los sexos, estructurada en torno a la familia extensa y la comunidad. Este s\u00f3lido tejido social constituye un baluarte contra las presiones externas, pero ahora est\u00e1 amenazado. <\/span><\/p>\t\t\t\t\t\t\t\t<\/div>\n\t\t\t\t<\/div>\n\t\t\t\t<section class=\"elementor-section elementor-inner-section elementor-element elementor-element-4d31aba elementor-section-boxed elementor-section-height-default elementor-section-height-default\" data-id=\"4d31aba\" data-element_type=\"section\">\n\t\t\t\t\t\t<div class=\"elementor-container elementor-column-gap-default\">\n\t\t\t\t\t<div class=\"elementor-column elementor-col-100 elementor-inner-column elementor-element elementor-element-1a173c7\" data-id=\"1a173c7\" data-element_type=\"column\">\n\t\t\t<div class=\"elementor-widget-wrap elementor-element-populated\">\n\t\t\t\t\t\t<div class=\"elementor-element elementor-element-5b6ba38 elementor-widget elementor-widget-image\" data-id=\"5b6ba38\" data-element_type=\"widget\" data-widget_type=\"image.default\">\n\t\t\t\t<div class=\"elementor-widget-container\">\n\t\t\t\t\t\t\t\t\t\t\t\t\t\t\t<img loading=\"lazy\" decoding=\"async\" width=\"800\" height=\"534\" src=\"https:\/\/richeskarayib.com\/wp-content\/uploads\/2025\/05\/Femme-Garifuna-avec-sa-prise-Modifie-1024x684.jpg\" class=\"attachment-large size-large wp-image-51934\" alt=\"Garifunas du Honduras\" srcset=\"https:\/\/richeskarayib.com\/wp-content\/uploads\/2025\/05\/Femme-Garifuna-avec-sa-prise-Modifie-1024x684.jpg 1024w, https:\/\/richeskarayib.com\/wp-content\/uploads\/2025\/05\/Femme-Garifuna-avec-sa-prise-Modifie-300x200.jpg 300w, https:\/\/richeskarayib.com\/wp-content\/uploads\/2025\/05\/Femme-Garifuna-avec-sa-prise-Modifie-768x513.jpg 768w, https:\/\/richeskarayib.com\/wp-content\/uploads\/2025\/05\/Femme-Garifuna-avec-sa-prise-Modifie.jpg 1300w\" sizes=\"(max-width: 800px) 100vw, 800px\" \/>\t\t\t\t\t\t\t\t\t\t\t\t\t\t\t<\/div>\n\t\t\t\t<\/div>\n\t\t\t\t\t<\/div>\n\t\t<\/div>\n\t\t\t\t\t<\/div>\n\t\t<\/section>\n\t\t\t\t\t<\/div>\n\t\t<\/div>\n\t\t\t\t\t<\/div>\n\t\t<\/section>\n\t\t\t\t<section class=\"elementor-section elementor-top-section elementor-element elementor-element-3f379db elementor-section-boxed elementor-section-height-default elementor-section-height-default\" data-id=\"3f379db\" data-element_type=\"section\">\n\t\t\t\t\t\t<div class=\"elementor-container elementor-column-gap-default\">\n\t\t\t\t\t<div class=\"elementor-column elementor-col-100 elementor-top-column elementor-element elementor-element-d544ce3\" data-id=\"d544ce3\" data-element_type=\"column\">\n\t\t\t<div class=\"elementor-widget-wrap elementor-element-populated\">\n\t\t\t\t\t\t<div class=\"elementor-element elementor-element-2f73799 elementor-widget elementor-widget-heading\" data-id=\"2f73799\" data-element_type=\"widget\" data-widget_type=\"heading.default\">\n\t\t\t\t<div class=\"elementor-widget-container\">\n\t\t\t\t\t<h2 class=\"elementor-heading-title elementor-size-default\">Presi\u00f3n sobre la tierra y alteraci\u00f3n ecol\u00f3gica\n<\/h2>\t\t\t\t<\/div>\n\t\t\t\t<\/div>\n\t\t\t\t<div class=\"elementor-element elementor-element-81ef07d elementor-widget elementor-widget-text-editor\" data-id=\"81ef07d\" data-element_type=\"widget\" data-widget_type=\"text-editor.default\">\n\t\t\t\t<div class=\"elementor-widget-container\">\n\t\t\t\t\t\t\t\t\t<p><span style=\"font-weight: 400;\">Desde la d\u00e9cada de 1990 <\/span><b>los pescadores gar\u00edfunas de Honduras<\/b><span style=\"font-weight: 400;\">  ven amenazado su modo de vida por la expansi\u00f3n de proyectos agroindustriales, tur\u00edsticos y a veces extractivos en sus tierras costeras. El desarrollo de plantaciones de aceite de palma, complejos hoteleros y puertos deportivos est\u00e1 invadiendo los caladeros tradicionales, a veces sin consultar previamente a las comunidades locales. <\/span><\/p>\t\t\t\t\t\t\t\t<\/div>\n\t\t\t\t<\/div>\n\t\t\t\t<div class=\"elementor-element elementor-element-a339360 elementor-widget elementor-widget-text-editor\" data-id=\"a339360\" data-element_type=\"widget\" data-widget_type=\"text-editor.default\">\n\t\t\t\t<div class=\"elementor-widget-container\">\n\t\t\t\t\t\t\t\t\t<p><span style=\"font-weight: 400;\">Las expropiaciones, a menudo impugnadas por los residentes locales, suscitan preocupaciones leg\u00edtimas sobre el respeto de los derechos territoriales gar\u00edfunas. Este fen\u00f3meno est\u00e1 provocando el agotamiento de los recursos marinos accesibles, una mayor presi\u00f3n sobre los ecosistemas y la progresiva marginaci\u00f3n econ\u00f3mica de los pescadores. <\/span><\/p>\t\t\t\t\t\t\t\t<\/div>\n\t\t\t\t<\/div>\n\t\t\t\t<div class=\"elementor-element elementor-element-55e51cf elementor-widget elementor-widget-text-editor\" data-id=\"55e51cf\" data-element_type=\"widget\" data-widget_type=\"text-editor.default\">\n\t\t\t\t<div class=\"elementor-widget-container\">\n\t\t\t\t\t\t\t\t\t<p><span style=\"font-weight: 400;\">A esto se a\u00f1aden los efectos del cambio clim\u00e1tico. La erosi\u00f3n costera, el aumento de la temperatura del mar y la alteraci\u00f3n de las \u00e9pocas de reproducci\u00f3n est\u00e1n teniendo un impacto directo en la abundancia y diversidad de las especies pescadas.   <\/span><b>Los pescadores gar\u00edfunas de Honduras<\/b><span style=\"font-weight: 400;\"> ahora tienen que navegar en un entorno cada vez m\u00e1s incierto.<\/span><\/p>\t\t\t\t\t\t\t\t<\/div>\n\t\t\t\t<\/div>\n\t\t\t\t\t<\/div>\n\t\t<\/div>\n\t\t\t\t\t<\/div>\n\t\t<\/section>\n\t\t\t\t<section class=\"elementor-section elementor-top-section elementor-element elementor-element-904c4ad elementor-section-boxed elementor-section-height-default elementor-section-height-default\" data-id=\"904c4ad\" data-element_type=\"section\">\n\t\t\t\t\t\t<div class=\"elementor-container elementor-column-gap-default\">\n\t\t\t\t\t<div class=\"elementor-column elementor-col-100 elementor-top-column elementor-element elementor-element-fd46d01\" data-id=\"fd46d01\" data-element_type=\"column\">\n\t\t\t<div class=\"elementor-widget-wrap elementor-element-populated\">\n\t\t\t\t\t\t<div class=\"elementor-element elementor-element-e640111 elementor-widget elementor-widget-heading\" data-id=\"e640111\" data-element_type=\"widget\" data-widget_type=\"heading.default\">\n\t\t\t\t<div class=\"elementor-widget-container\">\n\t\t\t\t\t<h2 class=\"elementor-heading-title elementor-size-default\">Movilizaci\u00f3n comunitaria y legal<\/h2>\t\t\t\t<\/div>\n\t\t\t\t<\/div>\n\t\t\t\t<div class=\"elementor-element elementor-element-590d9e8 elementor-widget elementor-widget-text-editor\" data-id=\"590d9e8\" data-element_type=\"widget\" data-widget_type=\"text-editor.default\">\n\t\t\t\t<div class=\"elementor-widget-container\">\n\t\t\t\t\t\t\t\t\t<p><span style=\"font-weight: 400;\">Ante estos retos, las comunidades no se quedan de brazos cruzados. La Organizaci\u00f3n Fraternal Negra Hondure\u00f1a (OFRANEH), pilar del movimiento garifuna, lleva m\u00e1s de 40 a\u00f1os trabajando para defender los derechos culturales y territoriales de los garifunas. Apoya    <\/span><b>Pescadores gar\u00edfunas de Honduras<\/b><span style=\"font-weight: 400;\"> realizando campa\u00f1as de sensibilizaci\u00f3n, emprendiendo acciones legales a escala nacional e internacional y apoyando proyectos de soberan\u00eda alimentaria.<\/span><\/p>\t\t\t\t\t\t\t\t<\/div>\n\t\t\t\t<\/div>\n\t\t\t\t<div class=\"elementor-element elementor-element-afc5c42 elementor-widget elementor-widget-text-editor\" data-id=\"afc5c42\" data-element_type=\"widget\" data-widget_type=\"text-editor.default\">\n\t\t\t\t<div class=\"elementor-widget-container\">\n\t\t\t\t\t\t\t\t\t<p><span style=\"font-weight: 400;\">Un caso emblem\u00e1tico es el de la comunidad de Triunfo de la Cruz, que gan\u00f3 su caso ante la Corte Interamericana de Derechos Humanos. La OFRANEH tambi\u00e9n hace campa\u00f1a a favor de pr\u00e1cticas pesqueras sostenibles que respeten la biodiversidad y se adapten al contexto ecol\u00f3gico local. <\/span><\/p>\t\t\t\t\t\t\t\t<\/div>\n\t\t\t\t<\/div>\n\t\t\t\t\t<\/div>\n\t\t<\/div>\n\t\t\t\t\t<\/div>\n\t\t<\/section>\n\t\t\t\t<section class=\"elementor-section elementor-top-section elementor-element elementor-element-22eb08a elementor-section-boxed elementor-section-height-default elementor-section-height-default\" data-id=\"22eb08a\" data-element_type=\"section\">\n\t\t\t\t\t\t<div class=\"elementor-container elementor-column-gap-default\">\n\t\t\t\t\t<div class=\"elementor-column elementor-col-100 elementor-top-column elementor-element elementor-element-1c87810\" data-id=\"1c87810\" data-element_type=\"column\">\n\t\t\t<div class=\"elementor-widget-wrap elementor-element-populated\">\n\t\t\t\t\t\t<div class=\"elementor-element elementor-element-41e8e2f elementor-widget elementor-widget-heading\" data-id=\"41e8e2f\" data-element_type=\"widget\" data-widget_type=\"heading.default\">\n\t\t\t\t<div class=\"elementor-widget-container\">\n\t\t\t\t\t<h2 class=\"elementor-heading-title elementor-size-default\">Movilizaci\u00f3n comunitaria y legal<\/h2>\t\t\t\t<\/div>\n\t\t\t\t<\/div>\n\t\t\t\t<div class=\"elementor-element elementor-element-4508be3 elementor-widget elementor-widget-text-editor\" data-id=\"4508be3\" data-element_type=\"widget\" data-widget_type=\"text-editor.default\">\n\t\t\t\t<div class=\"elementor-widget-container\">\n\t\t\t\t\t\t\t\t\t<p><span style=\"font-weight: 400;\">Ante estos retos, las comunidades no se quedan de brazos cruzados. La<a href=\"https:\/\/www.escr-net.org\/fr\/members\/organizacion-fraternal-negra-hondurena-ofraneh-2\/\" target=\"_blank\" rel=\"noopener nofollow\">Organizaci\u00f3n Fraternal Negra Hondure\u00f1a<\/a> (OFRANEH), pilar del movimiento garifuna, lleva m\u00e1s de 40 a\u00f1os trabajando para defender los derechos culturales y territoriales de los garifunas. Apoya    <\/span><b>Pescadores gar\u00edfunas de Honduras<\/b><span style=\"font-weight: 400;\"> realizando campa\u00f1as de sensibilizaci\u00f3n, emprendiendo acciones legales a escala nacional e internacional y apoyando proyectos de soberan\u00eda alimentaria.<\/span><\/p>\t\t\t\t\t\t\t\t<\/div>\n\t\t\t\t<\/div>\n\t\t\t\t<div class=\"elementor-element elementor-element-e0db65c elementor-widget elementor-widget-text-editor\" data-id=\"e0db65c\" data-element_type=\"widget\" data-widget_type=\"text-editor.default\">\n\t\t\t\t<div class=\"elementor-widget-container\">\n\t\t\t\t\t\t\t\t\t<p><span style=\"font-weight: 400;\">Un caso emblem\u00e1tico es el de la comunidad de Triunfo de la Cruz, que gan\u00f3 su caso ante la Corte Interamericana de Derechos Humanos. La OFRANEH tambi\u00e9n hace campa\u00f1a a favor de pr\u00e1cticas pesqueras sostenibles que respeten la biodiversidad y se adapten al contexto ecol\u00f3gico local. <\/span><\/p>\t\t\t\t\t\t\t\t<\/div>\n\t\t\t\t<\/div>\n\t\t\t\t\t<\/div>\n\t\t<\/div>\n\t\t\t\t\t<\/div>\n\t\t<\/section>\n\t\t\t\t<section class=\"elementor-section elementor-top-section elementor-element elementor-element-6b194b9 elementor-section-boxed elementor-section-height-default elementor-section-height-default\" data-id=\"6b194b9\" data-element_type=\"section\">\n\t\t\t\t\t\t<div class=\"elementor-container elementor-column-gap-default\">\n\t\t\t\t\t<div class=\"elementor-column elementor-col-100 elementor-top-column elementor-element elementor-element-19dbc26\" data-id=\"19dbc26\" data-element_type=\"column\">\n\t\t\t<div class=\"elementor-widget-wrap elementor-element-populated\">\n\t\t\t\t\t\t<div class=\"elementor-element elementor-element-9c58cfd elementor-widget elementor-widget-heading\" data-id=\"9c58cfd\" data-element_type=\"widget\" data-widget_type=\"heading.default\">\n\t\t\t\t<div class=\"elementor-widget-container\">\n\t\t\t\t\t<h2 class=\"elementor-heading-title elementor-size-default\">Un patrimonio vivo amenazado pero resistente\n<\/h2>\t\t\t\t<\/div>\n\t\t\t\t<\/div>\n\t\t\t\t<div class=\"elementor-element elementor-element-64b1c5c elementor-widget elementor-widget-text-editor\" data-id=\"64b1c5c\" data-element_type=\"widget\" data-widget_type=\"text-editor.default\">\n\t\t\t\t<div class=\"elementor-widget-container\">\n\t\t\t\t\t\t\t\t\t<p><span style=\"font-weight: 400;\">M\u00e1s all\u00e1 de los aspectos materiales <\/span><b>los pescadores <a href=\"https:\/\/richeskarayib.com\/es\/san-vicente-y-las-granadinas-transmitir-la-herencia-garifuna-una-hoja-de-ruta-hacia-la-emancipacion-indigena-para-2030\/\" target=\"_blank\" rel=\"noopener\">gar\u00edfunas<\/a> de Honduras<\/b><span style=\"font-weight: 400;\">  son los guardianes de un patrimonio inmaterial excepcionalmente rico. Su lengua, su m\u00fasica al ritmo de los tambores y el   <\/span><i><span style=\"font-weight: 400;\">punta<\/span><\/i><span style=\"font-weight: 400;\">Su pesca, sus danzas y sus creencias vinculadas al mar conforman un poderoso universo simb\u00f3lico. La pesca es a la vez un acto cotidiano y una met\u00e1fora de nuestra relaci\u00f3n con el mundo. <\/span><\/p>\t\t\t\t\t\t\t\t<\/div>\n\t\t\t\t<\/div>\n\t\t\t\t<div class=\"elementor-element elementor-element-2bfd67a elementor-widget elementor-widget-text-editor\" data-id=\"2bfd67a\" data-element_type=\"widget\" data-widget_type=\"text-editor.default\">\n\t\t\t\t<div class=\"elementor-widget-container\">\n\t\t\t\t\t\t\t\t\t<p><span style=\"font-weight: 400;\">Cada salida al mar, cada red echada al agua, es tambi\u00e9n un acto de resistencia cultural. Las historias del mar, las canciones de trabajo y las oraciones a los antepasados antes de pescar dan testimonio de una relaci\u00f3n sagrada con el medio ambiente. <\/span><\/p>\t\t\t\t\t\t\t\t<\/div>\n\t\t\t\t<\/div>\n\t\t\t\t<div class=\"elementor-element elementor-element-be6eef2 elementor-widget elementor-widget-image\" data-id=\"be6eef2\" data-element_type=\"widget\" data-widget_type=\"image.default\">\n\t\t\t\t<div class=\"elementor-widget-container\">\n\t\t\t\t\t\t\t\t\t\t\t\t\t\t\t<img loading=\"lazy\" decoding=\"async\" width=\"800\" height=\"598\" src=\"https:\/\/richeskarayib.com\/wp-content\/uploads\/2025\/05\/Peche-traditionnelle-a-La-Ceiba-1024x766.png\" class=\"attachment-large size-large wp-image-51910\" alt=\"Garifunas du Honduras\" srcset=\"https:\/\/richeskarayib.com\/wp-content\/uploads\/2025\/05\/Peche-traditionnelle-a-La-Ceiba-1024x766.png 1024w, https:\/\/richeskarayib.com\/wp-content\/uploads\/2025\/05\/Peche-traditionnelle-a-La-Ceiba-300x225.png 300w, https:\/\/richeskarayib.com\/wp-content\/uploads\/2025\/05\/Peche-traditionnelle-a-La-Ceiba-768x575.png 768w, https:\/\/richeskarayib.com\/wp-content\/uploads\/2025\/05\/Peche-traditionnelle-a-La-Ceiba.png 1280w\" sizes=\"(max-width: 800px) 100vw, 800px\" \/>\t\t\t\t\t\t\t\t\t\t\t\t\t\t\t<\/div>\n\t\t\t\t<\/div>\n\t\t\t\t\t<\/div>\n\t\t<\/div>\n\t\t\t\t\t<\/div>\n\t\t<\/section>\n\t\t\t\t<section class=\"elementor-section elementor-top-section elementor-element elementor-element-7b41256 elementor-section-boxed elementor-section-height-default elementor-section-height-default\" data-id=\"7b41256\" data-element_type=\"section\">\n\t\t\t\t\t\t<div class=\"elementor-container elementor-column-gap-default\">\n\t\t\t\t\t<div class=\"elementor-column elementor-col-100 elementor-top-column elementor-element elementor-element-1fcfd0b\" data-id=\"1fcfd0b\" data-element_type=\"column\">\n\t\t\t<div class=\"elementor-widget-wrap elementor-element-populated\">\n\t\t\t\t\t\t<div class=\"elementor-element elementor-element-bf9bb7b elementor-widget elementor-widget-text-editor\" data-id=\"bf9bb7b\" data-element_type=\"widget\" data-widget_type=\"text-editor.default\">\n\t\t\t\t<div class=\"elementor-widget-container\">\n\t\t\t\t\t\t\t\t\t<p><b>Los pescadores gar\u00edfunas de Honduras<\/b><span style=\"font-weight: 400;\">  no son s\u00f3lo actores econ\u00f3micos en las zonas costeras. Encarnan un equilibrio entre tradici\u00f3n y resiliencia, entre conocimientos ancestrales y problemas contempor\u00e1neos. Su presencia en las costas de Honduras es un recordatorio de que el mar no es s\u00f3lo un lugar de recursos, sino tambi\u00e9n un lugar de memoria, transmisi\u00f3n y lucha. Defender su modo de vida tambi\u00e9n significa preservar otra forma de vivir en el mundo, m\u00e1s respetuosa con los equilibrios naturales y humanos.   <\/span><\/p>\t\t\t\t\t\t\t\t<\/div>\n\t\t\t\t<\/div>\n\t\t\t\t\t<\/div>\n\t\t<\/div>\n\t\t\t\t\t<\/div>\n\t\t<\/section>\n\t\t\t\t<\/div>\n\t\t","protected":false},"excerpt":{"rendered":"<p>Los pescadores gar\u00edfunas de Honduras encarnan una memoria viva del Caribe Negro, en la encrucijada de la historia, la tradici\u00f3n mar\u00edtima y las luchas contempor\u00e1neas por la supervivencia cultural. Para esta comunidad afroind\u00edgena, la pesca artesanal es mucho m\u00e1s que una actividad econ\u00f3mica: es una parte fundamental de su identidad. Herederos de una mezcla \u00fanica [&hellip;]<\/p>\n","protected":false},"author":662,"featured_media":51906,"comment_status":"open","ping_status":"open","sticky":false,"template":"","format":"standard","meta":{"_acf_changed":false,"footnotes":""},"categories":[1469,1724],"tags":[1564,1562,1781,1560],"class_list":["post-51936","post","type-post","status-publish","format-standard","has-post-thumbnail","hentry","category-historia-patrimonio","category-maritimo","tag-belice","tag-guatemala-es","tag-honduras-es","tag-nicaragua-es"],"acf":[],"_links":{"self":[{"href":"https:\/\/richeskarayib.com\/es\/wp-json\/wp\/v2\/posts\/51936","targetHints":{"allow":["GET"]}}],"collection":[{"href":"https:\/\/richeskarayib.com\/es\/wp-json\/wp\/v2\/posts"}],"about":[{"href":"https:\/\/richeskarayib.com\/es\/wp-json\/wp\/v2\/types\/post"}],"author":[{"embeddable":true,"href":"https:\/\/richeskarayib.com\/es\/wp-json\/wp\/v2\/users\/662"}],"replies":[{"embeddable":true,"href":"https:\/\/richeskarayib.com\/es\/wp-json\/wp\/v2\/comments?post=51936"}],"version-history":[{"count":0,"href":"https:\/\/richeskarayib.com\/es\/wp-json\/wp\/v2\/posts\/51936\/revisions"}],"wp:featuredmedia":[{"embeddable":true,"href":"https:\/\/richeskarayib.com\/es\/wp-json\/wp\/v2\/media\/51906"}],"wp:attachment":[{"href":"https:\/\/richeskarayib.com\/es\/wp-json\/wp\/v2\/media?parent=51936"}],"wp:term":[{"taxonomy":"category","embeddable":true,"href":"https:\/\/richeskarayib.com\/es\/wp-json\/wp\/v2\/categories?post=51936"},{"taxonomy":"post_tag","embeddable":true,"href":"https:\/\/richeskarayib.com\/es\/wp-json\/wp\/v2\/tags?post=51936"}],"curies":[{"name":"wp","href":"https:\/\/api.w.org\/{rel}","templated":true}]}}