{"id":52402,"date":"2025-05-24T11:58:42","date_gmt":"2025-05-24T15:58:42","guid":{"rendered":"https:\/\/richeskarayib.com\/cooperacion-caribena-le-lamentin-y-santiago-de-cuba-30-anos-de-intercambios-culturales-y-solidaridad\/"},"modified":"2025-05-26T11:17:06","modified_gmt":"2025-05-26T15:17:06","slug":"cooperacion-caribena-le-lamentin-y-santiago-de-cuba-30-anos-de-intercambios-culturales-y-solidaridad","status":"publish","type":"post","link":"https:\/\/richeskarayib.com\/es\/cooperacion-caribena-le-lamentin-y-santiago-de-cuba-30-anos-de-intercambios-culturales-y-solidaridad\/","title":{"rendered":"MARTINICA\/CUBA &#8211; Cooperaci\u00f3n caribe\u00f1a: Le Lamentin y Santiago de Cuba repasan 30 a\u00f1os de intercambios culturales y solidaridad"},"content":{"rendered":"\t\t<div data-elementor-type=\"wp-post\" data-elementor-id=\"52402\" class=\"elementor elementor-52402 elementor-52332\" data-elementor-post-type=\"post\">\n\t\t\t\t\t\t<section class=\"elementor-section elementor-top-section elementor-element elementor-element-9717646 elementor-section-boxed elementor-section-height-default elementor-section-height-default\" data-id=\"9717646\" data-element_type=\"section\">\n\t\t\t\t\t\t<div class=\"elementor-container elementor-column-gap-default\">\n\t\t\t\t\t<div class=\"elementor-column elementor-col-100 elementor-top-column elementor-element elementor-element-a995728\" data-id=\"a995728\" data-element_type=\"column\">\n\t\t\t<div class=\"elementor-widget-wrap elementor-element-populated\">\n\t\t\t\t\t\t<div class=\"elementor-element elementor-element-f5c2792 elementor-widget elementor-widget-text-editor\" data-id=\"f5c2792\" data-element_type=\"widget\" data-widget_type=\"text-editor.default\">\n\t\t\t\t<div class=\"elementor-widget-container\">\n\t\t\t\t\t\t\t\t\t<p data-pm-slice=\"1 1 []\">Desde hace casi treinta a\u00f1os, la cooperaci\u00f3n entre <a href=\"https:\/\/www.mairie-lelamentin.fr\/\" target=\"_blank\" rel=\"noopener nofollow\">Le Lamentin<\/a> y <a href=\"https:\/\/www.cubavoyage.org\/santiago-de-cuba\" target=\"_blank\" rel=\"noopener nofollow\">Santiago de Cuba<\/a> encarna un compromiso duradero entre dos territorios que comparten mucho m\u00e1s que una simple asociaci\u00f3n. Este v\u00ednculo estructurante, forjado a trav\u00e9s de proyectos concretos en los \u00e1mbitos de la cultura, la salud, la educaci\u00f3n y el desarrollo sostenible, se ha consolidado como una aut\u00e9ntica palanca de proximidad caribe\u00f1a. <\/p><p data-pm-slice=\"1 1 []\">A medida que se acerca el <a href=\"https:\/\/www.festivaldelcaribe.net\/\" target=\"_blank\" rel=\"noopener nofollow\">Festival del Caribe 2025<\/a>, las dos ciudades reafirman su ambici\u00f3n compartida de celebrar tres d\u00e9cadas de colaboraci\u00f3n en 2026.<\/p>\t\t\t\t\t\t\t\t<\/div>\n\t\t\t\t<\/div>\n\t\t\t\t<div class=\"elementor-element elementor-element-269997e elementor-widget elementor-widget-image\" data-id=\"269997e\" data-element_type=\"widget\" data-widget_type=\"image.default\">\n\t\t\t\t<div class=\"elementor-widget-container\">\n\t\t\t\t\t\t\t\t\t\t\t\t\t\t\t<img fetchpriority=\"high\" decoding=\"async\" width=\"800\" height=\"370\" src=\"https:\/\/richeskarayib.com\/wp-content\/uploads\/2025\/05\/20250523_184111-1024x473.jpg\" class=\"attachment-large size-large wp-image-52336\" alt=\"Cuba\" srcset=\"https:\/\/richeskarayib.com\/wp-content\/uploads\/2025\/05\/20250523_184111-1024x473.jpg 1024w, https:\/\/richeskarayib.com\/wp-content\/uploads\/2025\/05\/20250523_184111-300x139.jpg 300w, https:\/\/richeskarayib.com\/wp-content\/uploads\/2025\/05\/20250523_184111-768x355.jpg 768w, https:\/\/richeskarayib.com\/wp-content\/uploads\/2025\/05\/20250523_184111-1536x710.jpg 1536w, https:\/\/richeskarayib.com\/wp-content\/uploads\/2025\/05\/20250523_184111-1320x610.jpg 1320w, https:\/\/richeskarayib.com\/wp-content\/uploads\/2025\/05\/20250523_184111.jpg 1920w\" sizes=\"(max-width: 800px) 100vw, 800px\" \/>\t\t\t\t\t\t\t\t\t\t\t\t\t\t\t<\/div>\n\t\t\t\t<\/div>\n\t\t\t\t\t<\/div>\n\t\t<\/div>\n\t\t\t\t\t<\/div>\n\t\t<\/section>\n\t\t\t\t<section class=\"elementor-section elementor-top-section elementor-element elementor-element-d49ba55 elementor-section-boxed elementor-section-height-default elementor-section-height-default\" data-id=\"d49ba55\" data-element_type=\"section\">\n\t\t\t\t\t\t<div class=\"elementor-container elementor-column-gap-default\">\n\t\t\t\t\t<div class=\"elementor-column elementor-col-100 elementor-top-column elementor-element elementor-element-8ddd760\" data-id=\"8ddd760\" data-element_type=\"column\">\n\t\t\t<div class=\"elementor-widget-wrap elementor-element-populated\">\n\t\t\t\t\t\t<div class=\"elementor-element elementor-element-425f8b2 elementor-widget elementor-widget-heading\" data-id=\"425f8b2\" data-element_type=\"widget\" data-widget_type=\"heading.default\">\n\t\t\t\t<div class=\"elementor-widget-container\">\n\t\t\t\t\t<h2 class=\"elementor-heading-title elementor-size-default\">Dos acontecimientos clave para movilizar a las fuerzas motrices de la regi\u00f3n<\/h2>\t\t\t\t<\/div>\n\t\t\t\t<\/div>\n\t\t\t\t<div class=\"elementor-element elementor-element-5f5f0cf elementor-widget elementor-widget-text-editor\" data-id=\"5f5f0cf\" data-element_type=\"widget\" data-widget_type=\"text-editor.default\">\n\t\t\t\t<div class=\"elementor-widget-container\">\n\t\t\t\t\t\t\t\t\t<p data-pm-slice=\"1 1 []\">Los d\u00edas 21 y 23 de mayo, dos reuniones puntuaron la visita oficial de los representantes de Santiago de Cuba a <a href=\"https:\/\/richeskarayib.com\/es\/?p=52144\" target=\"_blank\" rel=\"noopener\">Martinica<\/a>. La primera reuni\u00f3n, organizada por el ayuntamiento de Lamentin, cont\u00f3 con la presencia de David Zobda, Odexa Fuentes Medina y Ena\u00ef Diamela Palacios Acosta, y reuni\u00f3 a las principales organizaciones culturales y tur\u00edsticas de la regi\u00f3n: Tropiques Atrium, el Departamento de Asuntos Culturales, el Comit\u00e9 de Turismo de Martinica, las oficinas de turismo comunitario, las agencias de viajes, la compa\u00f1\u00eda a\u00e9rea SAMAC, la Prefectura, la Universidad de las Antillas, la CCIM, los comit\u00e9s de obras sociales, los clubes de servicio y la asociaci\u00f3n Martinica-Cuba. Tambi\u00e9n estuvo presente Jean-Philippe Nilor, diputado. El objetivo de la reuni\u00f3n era presentar el Festival del Caribe 2025 e iniciar un di\u00e1logo institucional m\u00e1s intenso entre ambos territorios.   <\/p>\t\t\t\t\t\t\t\t<\/div>\n\t\t\t\t<\/div>\n\t\t\t\t<div class=\"elementor-element elementor-element-e5e399d elementor-widget elementor-widget-image\" data-id=\"e5e399d\" data-element_type=\"widget\" data-widget_type=\"image.default\">\n\t\t\t\t<div class=\"elementor-widget-container\">\n\t\t\t\t\t\t\t\t\t\t\t\t\t\t\t<img decoding=\"async\" width=\"800\" height=\"370\" src=\"https:\/\/richeskarayib.com\/wp-content\/uploads\/2025\/05\/20250523_181844-1024x473.jpg\" class=\"attachment-large size-large wp-image-52360\" alt=\"Cuba\" srcset=\"https:\/\/richeskarayib.com\/wp-content\/uploads\/2025\/05\/20250523_181844-1024x473.jpg 1024w, https:\/\/richeskarayib.com\/wp-content\/uploads\/2025\/05\/20250523_181844-300x139.jpg 300w, https:\/\/richeskarayib.com\/wp-content\/uploads\/2025\/05\/20250523_181844-768x355.jpg 768w, https:\/\/richeskarayib.com\/wp-content\/uploads\/2025\/05\/20250523_181844-1536x710.jpg 1536w, https:\/\/richeskarayib.com\/wp-content\/uploads\/2025\/05\/20250523_181844-1320x610.jpg 1320w, https:\/\/richeskarayib.com\/wp-content\/uploads\/2025\/05\/20250523_181844.jpg 1920w\" sizes=\"(max-width: 800px) 100vw, 800px\" \/>\t\t\t\t\t\t\t\t\t\t\t\t\t\t\t<\/div>\n\t\t\t\t<\/div>\n\t\t\t\t<div class=\"elementor-element elementor-element-7c506f4 elementor-widget elementor-widget-text-editor\" data-id=\"7c506f4\" data-element_type=\"widget\" data-widget_type=\"text-editor.default\">\n\t\t\t\t<div class=\"elementor-widget-container\">\n\t\t\t\t\t\t\t\t\t<p>El 23 de mayo se celebr\u00f3 una segunda reuni\u00f3n, esta vez con las asociaciones culturales de Lamentin. Este debate m\u00e1s operativo ayud\u00f3 a identificar las formas en que podr\u00edan contribuir al festival, y confirm\u00f3 el inter\u00e9s de muchas organizaciones locales. Entre los participantes se encontraban Jeunesse en Fleurs &#8211; Ballet Kadan&#8217;s Kr\u00e9ol, Afrique Cara\u00efbe Fraternit\u00e9, GOPIO Martinique, AMESU y Gommier &amp; Tradition. Todas ellas expresaron su deseo de participar activamente en el evento, a trav\u00e9s de actividades art\u00edsticas, educativas, patrimoniales o gastron\u00f3micas.   <\/p>\t\t\t\t\t\t\t\t<\/div>\n\t\t\t\t<\/div>\n\t\t\t\t<div class=\"elementor-element elementor-element-656fcbf elementor-widget elementor-widget-image\" data-id=\"656fcbf\" data-element_type=\"widget\" data-widget_type=\"image.default\">\n\t\t\t\t<div class=\"elementor-widget-container\">\n\t\t\t\t\t\t\t\t\t\t\t\t\t\t\t<img decoding=\"async\" width=\"800\" height=\"370\" src=\"https:\/\/richeskarayib.com\/wp-content\/uploads\/2025\/05\/WhatsApp-Image-2025-05-24-a-11.34.59_0fa57a0c-1024x473.jpg\" class=\"attachment-large size-large wp-image-52368\" alt=\"Cuba\" srcset=\"https:\/\/richeskarayib.com\/wp-content\/uploads\/2025\/05\/WhatsApp-Image-2025-05-24-a-11.34.59_0fa57a0c-1024x473.jpg 1024w, https:\/\/richeskarayib.com\/wp-content\/uploads\/2025\/05\/WhatsApp-Image-2025-05-24-a-11.34.59_0fa57a0c-300x139.jpg 300w, https:\/\/richeskarayib.com\/wp-content\/uploads\/2025\/05\/WhatsApp-Image-2025-05-24-a-11.34.59_0fa57a0c-768x355.jpg 768w, https:\/\/richeskarayib.com\/wp-content\/uploads\/2025\/05\/WhatsApp-Image-2025-05-24-a-11.34.59_0fa57a0c.jpg 1280w\" sizes=\"(max-width: 800px) 100vw, 800px\" \/>\t\t\t\t\t\t\t\t\t\t\t\t\t\t\t<\/div>\n\t\t\t\t<\/div>\n\t\t\t\t<div class=\"elementor-element elementor-element-904c9c1 elementor-widget elementor-widget-text-editor\" data-id=\"904c9c1\" data-element_type=\"widget\" data-widget_type=\"text-editor.default\">\n\t\t\t\t<div class=\"elementor-widget-container\">\n\t\t\t\t\t\t\t\t\t<p><strong>Georges-Louis Lebon<\/strong>, tercer teniente de alcalde de Le Lamentin encargado de asuntos culturales y presidente de la Oficina de la cultura, introdujo la reuni\u00f3n recordando los fundamentos del compromiso de la ciudad: \u201cEl deporte, la cultura y el asociacionismo est\u00e1n en el centro del proyecto de Le Lamentin\u201d. Tambi\u00e9n destac\u00f3 el papel estructurador de la mediateca y de la Oficina de la cultura, as\u00ed como la riqueza de una red de m\u00e1s de 60 asociaciones culturales, de las que cerca de 40 son especialmente activas.<\/p>\t\t\t\t\t\t\t\t<\/div>\n\t\t\t\t<\/div>\n\t\t\t\t<div class=\"elementor-element elementor-element-d739db6 elementor-widget elementor-widget-image\" data-id=\"d739db6\" data-element_type=\"widget\" data-widget_type=\"image.default\">\n\t\t\t\t<div class=\"elementor-widget-container\">\n\t\t\t\t\t\t\t\t\t\t\t\t\t\t\t<img loading=\"lazy\" decoding=\"async\" width=\"800\" height=\"370\" src=\"https:\/\/richeskarayib.com\/wp-content\/uploads\/2025\/05\/WhatsApp-Image-2025-05-24-a-11.36.23_1e5823fa-1024x473.jpg\" class=\"attachment-large size-large wp-image-52384\" alt=\"Cuba\" srcset=\"https:\/\/richeskarayib.com\/wp-content\/uploads\/2025\/05\/WhatsApp-Image-2025-05-24-a-11.36.23_1e5823fa-1024x473.jpg 1024w, https:\/\/richeskarayib.com\/wp-content\/uploads\/2025\/05\/WhatsApp-Image-2025-05-24-a-11.36.23_1e5823fa-300x139.jpg 300w, https:\/\/richeskarayib.com\/wp-content\/uploads\/2025\/05\/WhatsApp-Image-2025-05-24-a-11.36.23_1e5823fa-768x355.jpg 768w, https:\/\/richeskarayib.com\/wp-content\/uploads\/2025\/05\/WhatsApp-Image-2025-05-24-a-11.36.23_1e5823fa.jpg 1280w\" sizes=\"(max-width: 800px) 100vw, 800px\" \/>\t\t\t\t\t\t\t\t\t\t\t\t\t\t\t<\/div>\n\t\t\t\t<\/div>\n\t\t\t\t<div class=\"elementor-element elementor-element-1362cb2 elementor-widget elementor-widget-image\" data-id=\"1362cb2\" data-element_type=\"widget\" data-widget_type=\"image.default\">\n\t\t\t\t<div class=\"elementor-widget-container\">\n\t\t\t\t\t\t\t\t\t\t\t\t\t\t\t<img loading=\"lazy\" decoding=\"async\" width=\"800\" height=\"370\" src=\"https:\/\/richeskarayib.com\/wp-content\/uploads\/2025\/05\/WhatsApp-Image-2025-05-24-a-11.37.17_1ce1525d-1024x473.jpg\" class=\"attachment-large size-large wp-image-52392\" alt=\"Cuba\" srcset=\"https:\/\/richeskarayib.com\/wp-content\/uploads\/2025\/05\/WhatsApp-Image-2025-05-24-a-11.37.17_1ce1525d-1024x473.jpg 1024w, https:\/\/richeskarayib.com\/wp-content\/uploads\/2025\/05\/WhatsApp-Image-2025-05-24-a-11.37.17_1ce1525d-300x139.jpg 300w, https:\/\/richeskarayib.com\/wp-content\/uploads\/2025\/05\/WhatsApp-Image-2025-05-24-a-11.37.17_1ce1525d-768x355.jpg 768w, https:\/\/richeskarayib.com\/wp-content\/uploads\/2025\/05\/WhatsApp-Image-2025-05-24-a-11.37.17_1ce1525d.jpg 1280w\" sizes=\"(max-width: 800px) 100vw, 800px\" \/>\t\t\t\t\t\t\t\t\t\t\t\t\t\t\t<\/div>\n\t\t\t\t<\/div>\n\t\t\t\t\t<\/div>\n\t\t<\/div>\n\t\t\t\t\t<\/div>\n\t\t<\/section>\n\t\t\t\t<section class=\"elementor-section elementor-top-section elementor-element elementor-element-3edfd58 elementor-section-boxed elementor-section-height-default elementor-section-height-default\" data-id=\"3edfd58\" data-element_type=\"section\">\n\t\t\t\t\t\t<div class=\"elementor-container elementor-column-gap-default\">\n\t\t\t\t\t<div class=\"elementor-column elementor-col-100 elementor-top-column elementor-element elementor-element-6035fb3\" data-id=\"6035fb3\" data-element_type=\"column\">\n\t\t\t<div class=\"elementor-widget-wrap elementor-element-populated\">\n\t\t\t\t\t\t<div class=\"elementor-element elementor-element-6bff946 elementor-widget elementor-widget-heading\" data-id=\"6bff946\" data-element_type=\"widget\" data-widget_type=\"heading.default\">\n\t\t\t\t<div class=\"elementor-widget-container\">\n\t\t\t\t\t<h2 class=\"elementor-heading-title elementor-size-default\">Cooperaci\u00f3n concreta y ambiciosa<\/h2>\t\t\t\t<\/div>\n\t\t\t\t<\/div>\n\t\t\t\t<div class=\"elementor-element elementor-element-45252e9 elementor-widget elementor-widget-text-editor\" data-id=\"45252e9\" data-element_type=\"widget\" data-widget_type=\"text-editor.default\">\n\t\t\t\t<div class=\"elementor-widget-container\">\n\t\t\t\t\t\t\t\t\t<p data-pm-slice=\"1 1 []\">La asociaci\u00f3n entre Le Lamentin y Santiago de Cuba va mucho m\u00e1s all\u00e1 del marco simb\u00f3lico de un hermanamiento tradicional. Iniciada en torno a cuestiones comunes como la gesti\u00f3n del agua, esta cooperaci\u00f3n ha evolucionado r\u00e1pidamente hasta abarcar \u00e1mbitos clave como la salud, el deporte, el medio ambiente, la gesti\u00f3n de riesgos importantes y, ahora, el desarrollo econ\u00f3mico y la investigaci\u00f3n cient\u00edfica. <\/p><p><strong>David Zobda<\/strong>, alcalde de Le Lamentin, subraya esta din\u00e1mica: &#8220;No se trata de un intercambio cultural puntual. Estamos trabajando juntos en proyectos concretos, con objetivos precisos que responden a las necesidades reales de nuestras respectivas poblaciones.<\/p><p data-pm-slice=\"1 1 []\">Y a\u00f1ade: &#8220;Queremos que esta cooperaci\u00f3n sea tambi\u00e9n una palanca econ\u00f3mica. Tenemos que plantearnos las preguntas reales: \u00bfc\u00f3mo podemos desarrollar el transporte de mercanc\u00edas, hacer m\u00e1s fluidos los flujos bancarios, armonizar nuestras normas?<\/p>\t\t\t\t\t\t\t\t<\/div>\n\t\t\t\t<\/div>\n\t\t\t\t<div class=\"elementor-element elementor-element-ba433b2 elementor-widget elementor-widget-image\" data-id=\"ba433b2\" data-element_type=\"widget\" data-widget_type=\"image.default\">\n\t\t\t\t<div class=\"elementor-widget-container\">\n\t\t\t\t\t\t\t\t\t\t\t\t<figure class=\"wp-caption\">\n\t\t\t\t\t\t\t\t\t\t<img loading=\"lazy\" decoding=\"async\" width=\"800\" height=\"370\" src=\"https:\/\/richeskarayib.com\/wp-content\/uploads\/2025\/05\/20250523_191038-1024x473.jpg\" class=\"attachment-large size-large wp-image-52340\" alt=\"Cuba\" srcset=\"https:\/\/richeskarayib.com\/wp-content\/uploads\/2025\/05\/20250523_191038-1024x473.jpg 1024w, https:\/\/richeskarayib.com\/wp-content\/uploads\/2025\/05\/20250523_191038-300x139.jpg 300w, https:\/\/richeskarayib.com\/wp-content\/uploads\/2025\/05\/20250523_191038-768x355.jpg 768w, https:\/\/richeskarayib.com\/wp-content\/uploads\/2025\/05\/20250523_191038-1536x710.jpg 1536w, https:\/\/richeskarayib.com\/wp-content\/uploads\/2025\/05\/20250523_191038-1320x610.jpg 1320w, https:\/\/richeskarayib.com\/wp-content\/uploads\/2025\/05\/20250523_191038.jpg 1920w\" sizes=\"(max-width: 800px) 100vw, 800px\" \/>\t\t\t\t\t\t\t\t\t\t\t<figcaption class=\"widget-image-caption wp-caption-text\">Cuba<\/figcaption>\n\t\t\t\t\t\t\t\t\t\t<\/figure>\n\t\t\t\t\t\t\t\t\t<\/div>\n\t\t\t\t<\/div>\n\t\t\t\t<div class=\"elementor-element elementor-element-39e6158 elementor-widget elementor-widget-text-editor\" data-id=\"39e6158\" data-element_type=\"widget\" data-widget_type=\"text-editor.default\">\n\t\t\t\t<div class=\"elementor-widget-container\">\n\t\t\t\t\t\t\t\t\t<p data-pm-slice=\"1 1 []\"><strong>Diamela Palacios Acosta<\/strong>, Secretaria de la Asamblea Municipal de Santiago de Cuba, se suma a esta visi\u00f3n recordando la solidez del v\u00ednculo entre ambas ciudades: &#8220;Entre Le Lamentin y Santiago, hay algo m\u00e1s que solidaridad; hay una verdadera fraternidad. A pesar de las dificultades causadas por el embargo estadounidense, nuestra cooperaci\u00f3n se ha mantenido constante y eficaz durante casi 30 a\u00f1os.<\/p>\t\t\t\t\t\t\t\t<\/div>\n\t\t\t\t<\/div>\n\t\t\t\t<div class=\"elementor-element elementor-element-fbfe1af elementor-widget elementor-widget-image\" data-id=\"fbfe1af\" data-element_type=\"widget\" data-widget_type=\"image.default\">\n\t\t\t\t<div class=\"elementor-widget-container\">\n\t\t\t\t\t\t\t\t\t\t\t\t<figure class=\"wp-caption\">\n\t\t\t\t\t\t\t\t\t\t<img loading=\"lazy\" decoding=\"async\" width=\"800\" height=\"370\" src=\"https:\/\/richeskarayib.com\/wp-content\/uploads\/2025\/05\/20250523_190024-1024x473.jpg\" class=\"attachment-large size-large wp-image-52344\" alt=\"Cuba\" srcset=\"https:\/\/richeskarayib.com\/wp-content\/uploads\/2025\/05\/20250523_190024-1024x473.jpg 1024w, https:\/\/richeskarayib.com\/wp-content\/uploads\/2025\/05\/20250523_190024-300x139.jpg 300w, https:\/\/richeskarayib.com\/wp-content\/uploads\/2025\/05\/20250523_190024-768x355.jpg 768w, https:\/\/richeskarayib.com\/wp-content\/uploads\/2025\/05\/20250523_190024-1536x710.jpg 1536w, https:\/\/richeskarayib.com\/wp-content\/uploads\/2025\/05\/20250523_190024-1320x610.jpg 1320w, https:\/\/richeskarayib.com\/wp-content\/uploads\/2025\/05\/20250523_190024.jpg 1920w\" sizes=\"(max-width: 800px) 100vw, 800px\" \/>\t\t\t\t\t\t\t\t\t\t\t<figcaption class=\"widget-image-caption wp-caption-text\">Diamela Palacios Acosta<\/figcaption>\n\t\t\t\t\t\t\t\t\t\t<\/figure>\n\t\t\t\t\t\t\t\t\t<\/div>\n\t\t\t\t<\/div>\n\t\t\t\t<div class=\"elementor-element elementor-element-757d0f1 elementor-widget elementor-widget-text-editor\" data-id=\"757d0f1\" data-element_type=\"widget\" data-widget_type=\"text-editor.default\">\n\t\t\t\t<div class=\"elementor-widget-container\">\n\t\t\t\t\t\t\t\t\t<p data-pm-slice=\"1 1 []\"><strong>Odexa Fuentes Medina<\/strong>, por su parte, destac\u00f3 la voluntad de Santiago de Cuba de promover la diversidad de expresiones art\u00edsticas y culturales en el marco del Festival: &#8220;Somos fruto de una mezcla de culturas: africana, espa\u00f1ola, francesa, \u00e1rabe, asi\u00e1tica&#8230; El Festival del Caribe es el lugar donde esta diversidad se expresa plenamente&#8221;. El Festival del Caribe es tambi\u00e9n el lugar de encuentro entre las dos ciudades: &#8220;Martinica y Santiago de Cuba han mantenido una fraternidad constante, incluso en los momentos m\u00e1s dif\u00edciles. Esta relaci\u00f3n va mucho m\u00e1s all\u00e1 de los intercambios culturales.<\/p>\t\t\t\t\t\t\t\t<\/div>\n\t\t\t\t<\/div>\n\t\t\t\t<div class=\"elementor-element elementor-element-1465150 elementor-widget elementor-widget-image\" data-id=\"1465150\" data-element_type=\"widget\" data-widget_type=\"image.default\">\n\t\t\t\t<div class=\"elementor-widget-container\">\n\t\t\t\t\t\t\t\t\t\t\t\t<figure class=\"wp-caption\">\n\t\t\t\t\t\t\t\t\t\t<img loading=\"lazy\" decoding=\"async\" width=\"800\" height=\"588\" src=\"https:\/\/richeskarayib.com\/wp-content\/uploads\/2025\/05\/WhatsApp-Image-2025-05-24-a-11.51.41_2b59d82c-1024x753.jpg\" class=\"attachment-large size-large wp-image-52400\" alt=\"Cuba\" srcset=\"https:\/\/richeskarayib.com\/wp-content\/uploads\/2025\/05\/WhatsApp-Image-2025-05-24-a-11.51.41_2b59d82c-1024x753.jpg 1024w, https:\/\/richeskarayib.com\/wp-content\/uploads\/2025\/05\/WhatsApp-Image-2025-05-24-a-11.51.41_2b59d82c-300x221.jpg 300w, https:\/\/richeskarayib.com\/wp-content\/uploads\/2025\/05\/WhatsApp-Image-2025-05-24-a-11.51.41_2b59d82c-768x565.jpg 768w, https:\/\/richeskarayib.com\/wp-content\/uploads\/2025\/05\/WhatsApp-Image-2025-05-24-a-11.51.41_2b59d82c.jpg 1180w\" sizes=\"(max-width: 800px) 100vw, 800px\" \/>\t\t\t\t\t\t\t\t\t\t\t<figcaption class=\"widget-image-caption wp-caption-text\">Odexa Fuentes Medina<\/figcaption>\n\t\t\t\t\t\t\t\t\t\t<\/figure>\n\t\t\t\t\t\t\t\t\t<\/div>\n\t\t\t\t<\/div>\n\t\t\t\t\t<\/div>\n\t\t<\/div>\n\t\t\t\t\t<\/div>\n\t\t<\/section>\n\t\t\t\t<section class=\"elementor-section elementor-top-section elementor-element elementor-element-e734fd3 elementor-section-boxed elementor-section-height-default elementor-section-height-default\" data-id=\"e734fd3\" data-element_type=\"section\">\n\t\t\t\t\t\t<div class=\"elementor-container elementor-column-gap-default\">\n\t\t\t\t\t<div class=\"elementor-column elementor-col-100 elementor-top-column elementor-element elementor-element-e2dfd81\" data-id=\"e2dfd81\" data-element_type=\"column\">\n\t\t\t<div class=\"elementor-widget-wrap elementor-element-populated\">\n\t\t\t\t\t\t<div class=\"elementor-element elementor-element-ea0e09d elementor-widget elementor-widget-heading\" data-id=\"ea0e09d\" data-element_type=\"widget\" data-widget_type=\"heading.default\">\n\t\t\t\t<div class=\"elementor-widget-container\">\n\t\t\t\t\t<h2 class=\"elementor-heading-title elementor-size-default\">Festival del Caribe 2025: una cita ineludible<\/h2>\t\t\t\t<\/div>\n\t\t\t\t<\/div>\n\t\t\t\t<div class=\"elementor-element elementor-element-ce10938 elementor-widget elementor-widget-text-editor\" data-id=\"ce10938\" data-element_type=\"widget\" data-widget_type=\"text-editor.default\">\n\t\t\t\t<div class=\"elementor-widget-container\">\n\t\t\t\t\t\t\t\t\t<p data-pm-slice=\"1 1 []\">El Festival del Caribe, o Fiesta del Fuego, es uno de los acontecimientos m\u00e1s emblem\u00e1ticos del calendario cultural caribe\u00f1o. Se celebra anualmente en Santiago de Cuba y re\u00fane durante una semana a delegaciones art\u00edsticas, investigadores, agentes culturales y ciudadanos de toda la cuenca del Caribe. La edici\u00f3n de 2025 (del 3 al 9 de julio) se centrar\u00e1 en <a href=\"https:\/\/richeskarayib.com\/es\/paises-bajos-caribbean-business-hub-celebra-su-10o-aniversario-en-la-haya\/\" target=\"_blank\" rel=\"noopener\">Cura\u00e7ao<\/a>, en un ambiente marcado por la m\u00fasica callejera, las danzas tradicionales, las artes populares y rituales colectivos como el famoso \u201cSerpiente\u201d.  <\/p>\t\t\t\t\t\t\t\t<\/div>\n\t\t\t\t<\/div>\n\t\t\t\t<div class=\"elementor-element elementor-element-7216ff7 elementor-widget elementor-widget-image\" data-id=\"7216ff7\" data-element_type=\"widget\" data-widget_type=\"image.default\">\n\t\t\t\t<div class=\"elementor-widget-container\">\n\t\t\t\t\t\t\t\t\t\t\t\t\t\t\t<img loading=\"lazy\" decoding=\"async\" width=\"738\" height=\"922\" src=\"https:\/\/richeskarayib.com\/wp-content\/uploads\/2025\/05\/500255372_18046564355400000_6414525882456524772_n.jpg\" class=\"attachment-large size-large wp-image-52352\" alt=\"Cuba\" srcset=\"https:\/\/richeskarayib.com\/wp-content\/uploads\/2025\/05\/500255372_18046564355400000_6414525882456524772_n.jpg 738w, https:\/\/richeskarayib.com\/wp-content\/uploads\/2025\/05\/500255372_18046564355400000_6414525882456524772_n-240x300.jpg 240w\" sizes=\"(max-width: 738px) 100vw, 738px\" \/>\t\t\t\t\t\t\t\t\t\t\t\t\t\t\t<\/div>\n\t\t\t\t<\/div>\n\t\t\t\t<div class=\"elementor-element elementor-element-5feebe3 elementor-widget elementor-widget-text-editor\" data-id=\"5feebe3\" data-element_type=\"widget\" data-widget_type=\"text-editor.default\">\n\t\t\t\t<div class=\"elementor-widget-container\">\n\t\t\t\t\t\t\t\t\t<p>El festival ofrece una visi\u00f3n integradora de la cultura caribe\u00f1a, en la encrucijada de la herencia africana, europea, asi\u00e1tica y amerindia. Diamela Palacios insiste en esta apertura: &#8220;El festival refleja la riqueza de nuestra diversidad. Aunque tiene sus ra\u00edces en el Caribe, est\u00e1 abierto al mundo. <\/p><p>Junto al programa art\u00edstico, en 2025 Santiago de Cuba celebrar\u00e1 tambi\u00e9n el 510 aniversario de su fundaci\u00f3n, as\u00ed como momentos clave de su historia pol\u00edtica y social, como el 72 aniversario del asalto al barrio del Moncada. Estos elementos dan al acontecimiento una profundidad que va m\u00e1s all\u00e1 de lo puramente cultural. <\/p>\t\t\t\t\t\t\t\t<\/div>\n\t\t\t\t<\/div>\n\t\t\t\t\t<\/div>\n\t\t<\/div>\n\t\t\t\t\t<\/div>\n\t\t<\/section>\n\t\t\t\t<section class=\"elementor-section elementor-top-section elementor-element elementor-element-f93be98 elementor-section-boxed elementor-section-height-default elementor-section-height-default\" data-id=\"f93be98\" data-element_type=\"section\">\n\t\t\t\t\t\t<div class=\"elementor-container elementor-column-gap-default\">\n\t\t\t\t\t<div class=\"elementor-column elementor-col-100 elementor-top-column elementor-element elementor-element-599e340\" data-id=\"599e340\" data-element_type=\"column\">\n\t\t\t<div class=\"elementor-widget-wrap elementor-element-populated\">\n\t\t\t\t\t\t<div class=\"elementor-element elementor-element-b9d149f elementor-widget elementor-widget-heading\" data-id=\"b9d149f\" data-element_type=\"widget\" data-widget_type=\"heading.default\">\n\t\t\t\t<div class=\"elementor-widget-container\">\n\t\t\t\t\t<h2 class=\"elementor-heading-title elementor-size-default\">En 2026: 30 a\u00f1os de cooperaci\u00f3n entre Lamentin y Santiago<\/h2>\t\t\t\t<\/div>\n\t\t\t\t<\/div>\n\t\t\t\t<div class=\"elementor-element elementor-element-9e9952f elementor-widget elementor-widget-text-editor\" data-id=\"9e9952f\" data-element_type=\"widget\" data-widget_type=\"text-editor.default\">\n\t\t\t\t<div class=\"elementor-widget-container\">\n\t\t\t\t\t\t\t\t\t<p data-pm-slice=\"1 1 []\">El a\u00f1o 2026 marcar\u00e1 un hito simb\u00f3lico en la historia de las dos ciudades. Santiago de Cuba ya ha propuesto que el Festival de este a\u00f1o est\u00e9 marcado por treinta a\u00f1os de cooperaci\u00f3n. Es una invitaci\u00f3n poderosa, que exige una amplia movilizaci\u00f3n del tejido asociativo, educativo y econ\u00f3mico de Martinica.  <\/p><p data-pm-slice=\"1 1 []\">\u00bfLa idea? Formar una delegaci\u00f3n diversa, representativa de la diversidad y las ambiciones de la regi\u00f3n. <\/p>\t\t\t\t\t\t\t\t<\/div>\n\t\t\t\t<\/div>\n\t\t\t\t<div class=\"elementor-element elementor-element-3355bbc elementor-widget elementor-widget-image\" data-id=\"3355bbc\" data-element_type=\"widget\" data-widget_type=\"image.default\">\n\t\t\t\t<div class=\"elementor-widget-container\">\n\t\t\t\t\t\t\t\t\t\t\t\t\t\t\t<img loading=\"lazy\" decoding=\"async\" width=\"800\" height=\"370\" src=\"https:\/\/richeskarayib.com\/wp-content\/uploads\/2025\/05\/20250523_181846-1-1024x473.jpg\" class=\"attachment-large size-large wp-image-52364\" alt=\"Cuba\" srcset=\"https:\/\/richeskarayib.com\/wp-content\/uploads\/2025\/05\/20250523_181846-1-1024x473.jpg 1024w, https:\/\/richeskarayib.com\/wp-content\/uploads\/2025\/05\/20250523_181846-1-300x139.jpg 300w, https:\/\/richeskarayib.com\/wp-content\/uploads\/2025\/05\/20250523_181846-1-768x355.jpg 768w, https:\/\/richeskarayib.com\/wp-content\/uploads\/2025\/05\/20250523_181846-1-1536x710.jpg 1536w, https:\/\/richeskarayib.com\/wp-content\/uploads\/2025\/05\/20250523_181846-1-1320x610.jpg 1320w, https:\/\/richeskarayib.com\/wp-content\/uploads\/2025\/05\/20250523_181846-1.jpg 1920w\" sizes=\"(max-width: 800px) 100vw, 800px\" \/>\t\t\t\t\t\t\t\t\t\t\t\t\t\t\t<\/div>\n\t\t\t\t<\/div>\n\t\t\t\t<div class=\"elementor-element elementor-element-ff14c4a elementor-widget elementor-widget-text-editor\" data-id=\"ff14c4a\" data-element_type=\"widget\" data-widget_type=\"text-editor.default\">\n\t\t\t\t<div class=\"elementor-widget-container\">\n\t\t\t\t\t\t\t\t\t<p data-pm-slice=\"1 1 []\">El alcalde de Lamentin pide que se adelante el plazo: \u201cTenemos que organizarnos ya para que 2026 no sea s\u00f3lo un recuerdo, sino un verdadero escaparate de nuestra capacidad de actuar colectivamente en el Caribe\u201d.<\/p>\t\t\t\t\t\t\t\t<\/div>\n\t\t\t\t<\/div>\n\t\t\t\t<div class=\"elementor-element elementor-element-59ebfdf elementor-widget elementor-widget-image\" data-id=\"59ebfdf\" data-element_type=\"widget\" data-widget_type=\"image.default\">\n\t\t\t\t<div class=\"elementor-widget-container\">\n\t\t\t\t\t\t\t\t\t\t\t\t\t\t\t<img loading=\"lazy\" decoding=\"async\" width=\"800\" height=\"370\" src=\"https:\/\/richeskarayib.com\/wp-content\/uploads\/2025\/05\/WhatsApp-Image-2025-05-24-a-11.37.36_dc621684-1024x473.jpg\" class=\"attachment-large size-large wp-image-52396\" alt=\"Cuba\" srcset=\"https:\/\/richeskarayib.com\/wp-content\/uploads\/2025\/05\/WhatsApp-Image-2025-05-24-a-11.37.36_dc621684-1024x473.jpg 1024w, https:\/\/richeskarayib.com\/wp-content\/uploads\/2025\/05\/WhatsApp-Image-2025-05-24-a-11.37.36_dc621684-300x139.jpg 300w, https:\/\/richeskarayib.com\/wp-content\/uploads\/2025\/05\/WhatsApp-Image-2025-05-24-a-11.37.36_dc621684-768x355.jpg 768w, https:\/\/richeskarayib.com\/wp-content\/uploads\/2025\/05\/WhatsApp-Image-2025-05-24-a-11.37.36_dc621684.jpg 1280w\" sizes=\"(max-width: 800px) 100vw, 800px\" \/>\t\t\t\t\t\t\t\t\t\t\t\t\t\t\t<\/div>\n\t\t\t\t<\/div>\n\t\t\t\t<div class=\"elementor-element elementor-element-e190edd elementor-widget elementor-widget-image\" data-id=\"e190edd\" data-element_type=\"widget\" data-widget_type=\"image.default\">\n\t\t\t\t<div class=\"elementor-widget-container\">\n\t\t\t\t\t\t\t\t\t\t\t\t\t\t\t<img loading=\"lazy\" decoding=\"async\" width=\"800\" height=\"370\" src=\"https:\/\/richeskarayib.com\/wp-content\/uploads\/2025\/05\/WhatsApp-Image-2025-05-24-a-11.36.05_77ed2f5e-1024x473.jpg\" class=\"attachment-large size-large wp-image-52380\" alt=\"Cuba\" srcset=\"https:\/\/richeskarayib.com\/wp-content\/uploads\/2025\/05\/WhatsApp-Image-2025-05-24-a-11.36.05_77ed2f5e-1024x473.jpg 1024w, https:\/\/richeskarayib.com\/wp-content\/uploads\/2025\/05\/WhatsApp-Image-2025-05-24-a-11.36.05_77ed2f5e-300x139.jpg 300w, https:\/\/richeskarayib.com\/wp-content\/uploads\/2025\/05\/WhatsApp-Image-2025-05-24-a-11.36.05_77ed2f5e-768x355.jpg 768w, https:\/\/richeskarayib.com\/wp-content\/uploads\/2025\/05\/WhatsApp-Image-2025-05-24-a-11.36.05_77ed2f5e.jpg 1280w\" sizes=\"(max-width: 800px) 100vw, 800px\" \/>\t\t\t\t\t\t\t\t\t\t\t\t\t\t\t<\/div>\n\t\t\t\t<\/div>\n\t\t\t\t<div class=\"elementor-element elementor-element-9faddc6 elementor-widget elementor-widget-text-editor\" data-id=\"9faddc6\" data-element_type=\"widget\" data-widget_type=\"text-editor.default\">\n\t\t\t\t<div class=\"elementor-widget-container\">\n\t\t\t\t\t\t\t\t\t<p data-pm-slice=\"1 1 []\">Esta din\u00e1mica se basa en el deseo compartido de construir un espacio caribe\u00f1o m\u00e1s integrado, donde interact\u00faen la cultura, la educaci\u00f3n y la econom\u00eda. El Ayuntamiento de Lamentin ha anunciado la introducci\u00f3n de un plan de apoyo para ayudar a las asociaciones a estructurar sus proyectos, identificar financiaci\u00f3n y proporcionar apoyo log\u00edstico. <\/p>\t\t\t\t\t\t\t\t<\/div>\n\t\t\t\t<\/div>\n\t\t\t\t<div class=\"elementor-element elementor-element-b9723d9 elementor-widget elementor-widget-image\" data-id=\"b9723d9\" data-element_type=\"widget\" data-widget_type=\"image.default\">\n\t\t\t\t<div class=\"elementor-widget-container\">\n\t\t\t\t\t\t\t\t\t\t\t\t\t\t\t<img loading=\"lazy\" decoding=\"async\" width=\"800\" height=\"370\" src=\"https:\/\/richeskarayib.com\/wp-content\/uploads\/2025\/05\/WhatsApp-Image-2025-05-24-a-11.35.48_7c6aa912-1024x473.jpg\" class=\"attachment-large size-large wp-image-52376\" alt=\"Cuba\" srcset=\"https:\/\/richeskarayib.com\/wp-content\/uploads\/2025\/05\/WhatsApp-Image-2025-05-24-a-11.35.48_7c6aa912-1024x473.jpg 1024w, https:\/\/richeskarayib.com\/wp-content\/uploads\/2025\/05\/WhatsApp-Image-2025-05-24-a-11.35.48_7c6aa912-300x139.jpg 300w, https:\/\/richeskarayib.com\/wp-content\/uploads\/2025\/05\/WhatsApp-Image-2025-05-24-a-11.35.48_7c6aa912-768x355.jpg 768w, https:\/\/richeskarayib.com\/wp-content\/uploads\/2025\/05\/WhatsApp-Image-2025-05-24-a-11.35.48_7c6aa912.jpg 1280w\" sizes=\"(max-width: 800px) 100vw, 800px\" \/>\t\t\t\t\t\t\t\t\t\t\t\t\t\t\t<\/div>\n\t\t\t\t<\/div>\n\t\t\t\t<div class=\"elementor-element elementor-element-b072a9f elementor-widget elementor-widget-image\" data-id=\"b072a9f\" data-element_type=\"widget\" data-widget_type=\"image.default\">\n\t\t\t\t<div class=\"elementor-widget-container\">\n\t\t\t\t\t\t\t\t\t\t\t\t\t\t\t<img loading=\"lazy\" decoding=\"async\" width=\"800\" height=\"370\" src=\"https:\/\/richeskarayib.com\/wp-content\/uploads\/2025\/05\/20250523_190037-1024x473.jpg\" class=\"attachment-large size-large wp-image-52356\" alt=\"Cuba\" srcset=\"https:\/\/richeskarayib.com\/wp-content\/uploads\/2025\/05\/20250523_190037-1024x473.jpg 1024w, https:\/\/richeskarayib.com\/wp-content\/uploads\/2025\/05\/20250523_190037-300x139.jpg 300w, https:\/\/richeskarayib.com\/wp-content\/uploads\/2025\/05\/20250523_190037-768x355.jpg 768w, https:\/\/richeskarayib.com\/wp-content\/uploads\/2025\/05\/20250523_190037-1536x710.jpg 1536w, https:\/\/richeskarayib.com\/wp-content\/uploads\/2025\/05\/20250523_190037-1320x610.jpg 1320w, https:\/\/richeskarayib.com\/wp-content\/uploads\/2025\/05\/20250523_190037.jpg 1920w\" sizes=\"(max-width: 800px) 100vw, 800px\" \/>\t\t\t\t\t\t\t\t\t\t\t\t\t\t\t<\/div>\n\t\t\t\t<\/div>\n\t\t\t\t\t<\/div>\n\t\t<\/div>\n\t\t\t\t\t<\/div>\n\t\t<\/section>\n\t\t\t\t<section class=\"elementor-section elementor-top-section elementor-element elementor-element-23378e6 elementor-section-boxed elementor-section-height-default elementor-section-height-default\" data-id=\"23378e6\" data-element_type=\"section\">\n\t\t\t\t\t\t<div class=\"elementor-container elementor-column-gap-default\">\n\t\t\t\t\t<div class=\"elementor-column elementor-col-100 elementor-top-column elementor-element elementor-element-398e97e\" data-id=\"398e97e\" data-element_type=\"column\">\n\t\t\t<div class=\"elementor-widget-wrap elementor-element-populated\">\n\t\t\t\t\t\t<div class=\"elementor-element elementor-element-63e526f elementor-widget elementor-widget-heading\" data-id=\"63e526f\" data-element_type=\"widget\" data-widget_type=\"heading.default\">\n\t\t\t\t<div class=\"elementor-widget-container\">\n\t\t\t\t\t<h2 class=\"elementor-heading-title elementor-size-default\">Construir un Caribe que act\u00fae y brille<\/h2>\t\t\t\t<\/div>\n\t\t\t\t<\/div>\n\t\t\t\t<div class=\"elementor-element elementor-element-e1bd017 elementor-widget elementor-widget-text-editor\" data-id=\"e1bd017\" data-element_type=\"widget\" data-widget_type=\"text-editor.default\">\n\t\t\t\t<div class=\"elementor-widget-container\">\n\t\t\t\t\t\t\t\t\t<p data-pm-slice=\"1 1 []\">A trav\u00e9s de esta cooperaci\u00f3n activa y polifac\u00e9tica, Le Lamentin y Santiago de Cuba est\u00e1n demostrando que otro modelo de intercambio es posible en el Caribe: un modelo basado en la confianza, la coherencia y una visi\u00f3n compartida. Si bien 2025 marcar\u00e1 un hito importante con la esperada presencia de numerosas delegaciones de Martinica en el Festival del Caribe, 2026 ya se perfila como un punto \u00e1lgido. <\/p><p><strong>\u00bfEres una asociaci\u00f3n o un agente cultural, econ\u00f3mico o educativo? Ahora es el momento de participar. <\/strong><\/p>\t\t\t\t\t\t\t\t<\/div>\n\t\t\t\t<\/div>\n\t\t\t\t\t<\/div>\n\t\t<\/div>\n\t\t\t\t\t<\/div>\n\t\t<\/section>\n\t\t\t\t<\/div>\n\t\t","protected":false},"excerpt":{"rendered":"<p>Desde hace casi treinta a\u00f1os, la cooperaci\u00f3n entre Le Lamentin y Santiago de Cuba encarna un compromiso duradero entre dos territorios que comparten mucho m\u00e1s que una simple asociaci\u00f3n. Este v\u00ednculo estructurante, forjado a trav\u00e9s de proyectos concretos en los \u00e1mbitos de la cultura, la salud, la educaci\u00f3n y el desarrollo sostenible, se ha consolidado [&hellip;]<\/p>\n","protected":false},"author":47,"featured_media":52608,"comment_status":"open","ping_status":"open","sticky":false,"template":"","format":"standard","meta":{"_acf_changed":false,"footnotes":""},"categories":[1791,839],"tags":[1595,1792,816,1793],"class_list":["post-52402","post","type-post","status-publish","format-standard","has-post-thumbnail","hentry","category-cooperacion","category-noticias","tag-cuba-es","tag-lamentin-es","tag-martinique-es","tag-santiago-de-cuba-es"],"acf":[],"_links":{"self":[{"href":"https:\/\/richeskarayib.com\/es\/wp-json\/wp\/v2\/posts\/52402","targetHints":{"allow":["GET"]}}],"collection":[{"href":"https:\/\/richeskarayib.com\/es\/wp-json\/wp\/v2\/posts"}],"about":[{"href":"https:\/\/richeskarayib.com\/es\/wp-json\/wp\/v2\/types\/post"}],"author":[{"embeddable":true,"href":"https:\/\/richeskarayib.com\/es\/wp-json\/wp\/v2\/users\/47"}],"replies":[{"embeddable":true,"href":"https:\/\/richeskarayib.com\/es\/wp-json\/wp\/v2\/comments?post=52402"}],"version-history":[{"count":0,"href":"https:\/\/richeskarayib.com\/es\/wp-json\/wp\/v2\/posts\/52402\/revisions"}],"wp:featuredmedia":[{"embeddable":true,"href":"https:\/\/richeskarayib.com\/es\/wp-json\/wp\/v2\/media\/52608"}],"wp:attachment":[{"href":"https:\/\/richeskarayib.com\/es\/wp-json\/wp\/v2\/media?parent=52402"}],"wp:term":[{"taxonomy":"category","embeddable":true,"href":"https:\/\/richeskarayib.com\/es\/wp-json\/wp\/v2\/categories?post=52402"},{"taxonomy":"post_tag","embeddable":true,"href":"https:\/\/richeskarayib.com\/es\/wp-json\/wp\/v2\/tags?post=52402"}],"curies":[{"name":"wp","href":"https:\/\/api.w.org\/{rel}","templated":true}]}}