{"id":52603,"date":"2025-05-26T06:30:50","date_gmt":"2025-05-26T10:30:50","guid":{"rendered":"https:\/\/richeskarayib.com\/expedicion-labora-de-arte-caribeno-navegar-para-transmitir-recuerdos-caribenos\/"},"modified":"2025-05-26T06:30:50","modified_gmt":"2025-05-26T10:30:50","slug":"expedicion-labora-de-arte-caribeno-navegar-para-transmitir-recuerdos-caribenos","status":"publish","type":"post","link":"https:\/\/richeskarayib.com\/es\/expedicion-labora-de-arte-caribeno-navegar-para-transmitir-recuerdos-caribenos\/","title":{"rendered":"Expedici\u00f3n Labora de Arte Caribe\u00f1o: navegar para transmitir recuerdos caribe\u00f1os"},"content":{"rendered":"\t\t<div data-elementor-type=\"wp-post\" data-elementor-id=\"52603\" class=\"elementor elementor-52603 elementor-52557\" data-elementor-post-type=\"post\">\n\t\t\t\t\t\t<section class=\"elementor-section elementor-top-section elementor-element elementor-element-7d4f952 elementor-section-boxed elementor-section-height-default elementor-section-height-default\" data-id=\"7d4f952\" data-element_type=\"section\">\n\t\t\t\t\t\t<div class=\"elementor-container elementor-column-gap-default\">\n\t\t\t\t\t<div class=\"elementor-column elementor-col-100 elementor-top-column elementor-element elementor-element-f3833fa\" data-id=\"f3833fa\" data-element_type=\"column\">\n\t\t\t<div class=\"elementor-widget-wrap elementor-element-populated\">\n\t\t\t\t\t\t<div class=\"elementor-element elementor-element-6cd393f elementor-widget elementor-widget-text-editor\" data-id=\"6cd393f\" data-element_type=\"widget\" data-widget_type=\"text-editor.default\">\n\t\t\t\t<div class=\"elementor-widget-container\">\n\t\t\t\t\t\t\t\t\t<p><a href=\"https:\/\/oceancrewlink.com\/opportunity\/14453\/\" target=\"_blank\" rel=\"noopener nofollow\"><b>Expedici\u00f3n Labora de Arte Caribe\u00f1o<\/b><\/a><span style=\"font-weight: 400;\">  es una iniciativa art\u00edstica, mar\u00edtima y patrimonial que est\u00e1 arraigando en <a href=\"https:\/\/richeskarayib.com\/es\/guadalupe-libre-al-fin-desirada-la-memoria-en-escena-un-homenaje-en-vida-a-maryse-conde\/\" target=\"_blank\" rel=\"noopener\">Guadalupe<\/a> y extendi\u00e9ndose por todo el Caribe. Con el apoyo de artistas, marineros, investigadores e instituciones, esta expedici\u00f3n a bordo de un velero tradicional pretende unir islas, reunir conocimientos, acercar generaciones y promover culturas populares a menudo marginadas. M\u00e1s que un programa art\u00edstico, es un proceso vivo de documentaci\u00f3n, transmisi\u00f3n e intercambio entre comunidades insulares, con el mar como nexo de uni\u00f3n.  <\/span><\/p>\t\t\t\t\t\t\t\t<\/div>\n\t\t\t\t<\/div>\n\t\t\t\t<section class=\"elementor-section elementor-inner-section elementor-element elementor-element-cd5c6b8 elementor-section-boxed elementor-section-height-default elementor-section-height-default\" data-id=\"cd5c6b8\" data-element_type=\"section\">\n\t\t\t\t\t\t<div class=\"elementor-container elementor-column-gap-default\">\n\t\t\t\t\t<div class=\"elementor-column elementor-col-100 elementor-inner-column elementor-element elementor-element-461f4d8\" data-id=\"461f4d8\" data-element_type=\"column\">\n\t\t\t<div class=\"elementor-widget-wrap elementor-element-populated\">\n\t\t\t\t\t\t<div class=\"elementor-element elementor-element-6f3a003 elementor-widget elementor-widget-image\" data-id=\"6f3a003\" data-element_type=\"widget\" data-widget_type=\"image.default\">\n\t\t\t\t<div class=\"elementor-widget-container\">\n\t\t\t\t\t\t\t\t\t\t\t\t\t\t\t<img fetchpriority=\"high\" decoding=\"async\" width=\"800\" height=\"873\" src=\"https:\/\/richeskarayib.com\/wp-content\/uploads\/2025\/05\/mb2-zz-938x1024.jpg\" class=\"attachment-large size-large wp-image-52601\" alt=\"Labora Caribbean Art Expedition\" srcset=\"https:\/\/richeskarayib.com\/wp-content\/uploads\/2025\/05\/mb2-zz-938x1024.jpg 938w, https:\/\/richeskarayib.com\/wp-content\/uploads\/2025\/05\/mb2-zz-275x300.jpg 275w, https:\/\/richeskarayib.com\/wp-content\/uploads\/2025\/05\/mb2-zz-768x838.jpg 768w, https:\/\/richeskarayib.com\/wp-content\/uploads\/2025\/05\/mb2-zz-1407x1536.jpg 1407w, https:\/\/richeskarayib.com\/wp-content\/uploads\/2025\/05\/mb2-zz-1320x1441.jpg 1320w, https:\/\/richeskarayib.com\/wp-content\/uploads\/2025\/05\/mb2-zz.jpg 1759w\" sizes=\"(max-width: 800px) 100vw, 800px\" \/>\t\t\t\t\t\t\t\t\t\t\t\t\t\t\t<\/div>\n\t\t\t\t<\/div>\n\t\t\t\t\t<\/div>\n\t\t<\/div>\n\t\t\t\t\t<\/div>\n\t\t<\/section>\n\t\t\t\t\t<\/div>\n\t\t<\/div>\n\t\t\t\t\t<\/div>\n\t\t<\/section>\n\t\t\t\t<section class=\"elementor-section elementor-top-section elementor-element elementor-element-16ba7e0 elementor-section-boxed elementor-section-height-default elementor-section-height-default\" data-id=\"16ba7e0\" data-element_type=\"section\">\n\t\t\t\t\t\t<div class=\"elementor-container elementor-column-gap-default\">\n\t\t\t\t\t<div class=\"elementor-column elementor-col-100 elementor-top-column elementor-element elementor-element-f6fb52b\" data-id=\"f6fb52b\" data-element_type=\"column\">\n\t\t\t<div class=\"elementor-widget-wrap elementor-element-populated\">\n\t\t\t\t\t\t<div class=\"elementor-element elementor-element-0ce05bd elementor-widget elementor-widget-heading\" data-id=\"0ce05bd\" data-element_type=\"widget\" data-widget_type=\"heading.default\">\n\t\t\t\t<div class=\"elementor-widget-container\">\n\t\t\t\t\t<h2 class=\"elementor-heading-title elementor-size-default\">Una plataforma art\u00edstica m\u00f3vil creada en Guadalupe en torno al velero Labora<\/h2>\t\t\t\t<\/div>\n\t\t\t\t<\/div>\n\t\t\t\t<div class=\"elementor-element elementor-element-f5427b4 elementor-widget elementor-widget-text-editor\" data-id=\"f5427b4\" data-element_type=\"widget\" data-widget_type=\"text-editor.default\">\n\t\t\t\t<div class=\"elementor-widget-container\">\n\t\t\t\t\t\t\t\t\t<p><span style=\"font-weight: 400;\">El proyecto est\u00e1 tomando forma en torno al <\/span><a href=\"https:\/\/web.facebook.com\/LibertySailing\/?locale=fr_FR&amp;_rdc=1&amp;_rdr#\" target=\"_blank\" rel=\"noopener nofollow\"><b>S\/V Labora<\/b><\/a><span style=\"font-weight: 400;\">un hajkutter dan\u00e9s de madera construido en 1939, ahora restaurado y transformado en un <\/span><b>museo vivo<\/b><span style=\"font-weight: 400;\"> y <\/span><b>plataforma creativa m\u00f3vil<\/b><span style=\"font-weight: 400;\">. La idea naci\u00f3 en Guadalupe, concretamente durante una escala en el  <\/span><b>Memorial ACTe<\/b><span style=\"font-weight: 400;\">  durante la Rhum Race, donde subieron a bordo m\u00fasicos de Granada y cientos de escolares guadalupe\u00f1os descubrieron la vida a bordo. De esta experiencia naci\u00f3 el deseo colectivo de hacer del <a href=\"https:\/\/www.helloasso.com\/associations\/le-temps-du-vent\" target=\"_blank\" rel=\"noopener nofollow\">Labora<\/a> un veh\u00edculo de memoria viva a escala caribe\u00f1a. <\/span><\/p>\t\t\t\t\t\t\t\t<\/div>\n\t\t\t\t<\/div>\n\t\t\t\t<section class=\"elementor-section elementor-inner-section elementor-element elementor-element-ab30878 elementor-section-boxed elementor-section-height-default elementor-section-height-default\" data-id=\"ab30878\" data-element_type=\"section\">\n\t\t\t\t\t\t<div class=\"elementor-container elementor-column-gap-default\">\n\t\t\t\t\t<div class=\"elementor-column elementor-col-100 elementor-inner-column elementor-element elementor-element-6bb772b\" data-id=\"6bb772b\" data-element_type=\"column\">\n\t\t\t<div class=\"elementor-widget-wrap elementor-element-populated\">\n\t\t\t\t\t\t<div class=\"elementor-element elementor-element-16df33d elementor-widget elementor-widget-image\" data-id=\"16df33d\" data-element_type=\"widget\" data-widget_type=\"image.default\">\n\t\t\t\t<div class=\"elementor-widget-container\">\n\t\t\t\t\t\t\t\t\t\t\t\t\t\t\t<img decoding=\"async\" width=\"745\" height=\"1024\" src=\"https:\/\/richeskarayib.com\/wp-content\/uploads\/2025\/05\/new-cover-page-Fr-745x1024.jpg\" class=\"attachment-large size-large wp-image-52569\" alt=\"Labora Caribbean Art Expedition\" srcset=\"https:\/\/richeskarayib.com\/wp-content\/uploads\/2025\/05\/new-cover-page-Fr-745x1024.jpg 745w, https:\/\/richeskarayib.com\/wp-content\/uploads\/2025\/05\/new-cover-page-Fr-218x300.jpg 218w, https:\/\/richeskarayib.com\/wp-content\/uploads\/2025\/05\/new-cover-page-Fr-768x1056.jpg 768w, https:\/\/richeskarayib.com\/wp-content\/uploads\/2025\/05\/new-cover-page-Fr-1117x1536.jpg 1117w, https:\/\/richeskarayib.com\/wp-content\/uploads\/2025\/05\/new-cover-page-Fr-1320x1815.jpg 1320w, https:\/\/richeskarayib.com\/wp-content\/uploads\/2025\/05\/new-cover-page-Fr.jpg 1396w\" sizes=\"(max-width: 745px) 100vw, 745px\" \/>\t\t\t\t\t\t\t\t\t\t\t\t\t\t\t<\/div>\n\t\t\t\t<\/div>\n\t\t\t\t\t<\/div>\n\t\t<\/div>\n\t\t\t\t\t<\/div>\n\t\t<\/section>\n\t\t\t\t\t<\/div>\n\t\t<\/div>\n\t\t\t\t\t<\/div>\n\t\t<\/section>\n\t\t\t\t<section class=\"elementor-section elementor-top-section elementor-element elementor-element-7c727fe elementor-section-boxed elementor-section-height-default elementor-section-height-default\" data-id=\"7c727fe\" data-element_type=\"section\">\n\t\t\t\t\t\t<div class=\"elementor-container elementor-column-gap-default\">\n\t\t\t\t\t<div class=\"elementor-column elementor-col-100 elementor-top-column elementor-element elementor-element-2675508\" data-id=\"2675508\" data-element_type=\"column\">\n\t\t\t<div class=\"elementor-widget-wrap elementor-element-populated\">\n\t\t\t\t\t\t<div class=\"elementor-element elementor-element-86f7f71 elementor-widget elementor-widget-heading\" data-id=\"86f7f71\" data-element_type=\"widget\" data-widget_type=\"heading.default\">\n\t\t\t\t<div class=\"elementor-widget-container\">\n\t\t\t\t\t<h2 class=\"elementor-heading-title elementor-size-default\">Tres temas fundamentales: artes tradicionales, navegaci\u00f3n y transmisi\u00f3n<\/h2>\t\t\t\t<\/div>\n\t\t\t\t<\/div>\n\t\t\t\t<div class=\"elementor-element elementor-element-1931a91 elementor-widget elementor-widget-text-editor\" data-id=\"1931a91\" data-element_type=\"widget\" data-widget_type=\"text-editor.default\">\n\t\t\t\t<div class=\"elementor-widget-container\">\n\t\t\t\t\t\t\t\t\t<p><b>La Expedici\u00f3n Labora de Arte Caribe\u00f1o<\/b><span style=\"font-weight: 400;\"> se basa en tres pilares inseparables:<\/span><\/p>\n<ul>\n<li style=\"font-weight: 400;\" aria-level=\"1\"><span style=\"font-weight: 400;\">La p\u00e1gina <\/span><b>artes tradicionales del Caribe<\/b><span style=\"font-weight: 400;\"> (m\u00fasica, danza, artes visuales, historias orales, habilidades artesanales).<\/span><span style=\"font-weight: 400;\"><br><\/span><\/li>\n<li style=\"font-weight: 400;\" aria-level=\"1\"><span style=\"font-weight: 400;\">El <\/span><b>vela<\/b><span style=\"font-weight: 400;\">como medio de transporte, pero tambi\u00e9n como v\u00ednculo hist\u00f3rico entre las islas.<\/span><span style=\"font-weight: 400;\"><br><\/span><\/li>\n<li style=\"font-weight: 400;\" aria-level=\"1\"><span style=\"font-weight: 400;\">El sitio <\/span><b>transmisi\u00f3n intergeneracional<\/b><span style=\"font-weight: 400;\"> a trav\u00e9s de talleres, residencias, documentales y cursos.<\/span><span style=\"font-weight: 400;\"><br><\/span><\/li>\n<\/ul>\n<p><span style=\"font-weight: 400;\">En cada puerto de escala, el yate se convierte a la vez en <\/span><b>una diligencia ambulante<\/b><span style=\"font-weight: 400;\">, <\/span><b>un lugar de residencia art\u00edstica<\/b><span style=\"font-weight: 400;\"> y <\/span><b>un archivo vivo<\/b><span style=\"font-weight: 400;\">.<\/span><\/p>\t\t\t\t\t\t\t\t<\/div>\n\t\t\t\t<\/div>\n\t\t\t\t<section class=\"elementor-section elementor-inner-section elementor-element elementor-element-8fcb533 elementor-section-boxed elementor-section-height-default elementor-section-height-default\" data-id=\"8fcb533\" data-element_type=\"section\">\n\t\t\t\t\t\t<div class=\"elementor-container elementor-column-gap-default\">\n\t\t\t\t\t<div class=\"elementor-column elementor-col-50 elementor-inner-column elementor-element elementor-element-8416fdc\" data-id=\"8416fdc\" data-element_type=\"column\">\n\t\t\t<div class=\"elementor-widget-wrap elementor-element-populated\">\n\t\t\t\t\t\t<div class=\"elementor-element elementor-element-aa8cfd0 elementor-widget elementor-widget-image\" data-id=\"aa8cfd0\" data-element_type=\"widget\" data-widget_type=\"image.default\">\n\t\t\t\t<div class=\"elementor-widget-container\">\n\t\t\t\t\t\t\t\t\t\t\t\t\t\t\t<img decoding=\"async\" width=\"740\" height=\"492\" src=\"https:\/\/richeskarayib.com\/wp-content\/uploads\/2025\/05\/Capture0004-740x492-1.jpg\" class=\"attachment-large size-large wp-image-52573\" alt=\"Labora Caribbean Art Expedition\" srcset=\"https:\/\/richeskarayib.com\/wp-content\/uploads\/2025\/05\/Capture0004-740x492-1.jpg 740w, https:\/\/richeskarayib.com\/wp-content\/uploads\/2025\/05\/Capture0004-740x492-1-300x199.jpg 300w\" sizes=\"(max-width: 740px) 100vw, 740px\" \/>\t\t\t\t\t\t\t\t\t\t\t\t\t\t\t<\/div>\n\t\t\t\t<\/div>\n\t\t\t\t\t<\/div>\n\t\t<\/div>\n\t\t\t\t<div class=\"elementor-column elementor-col-50 elementor-inner-column elementor-element elementor-element-6857a34\" data-id=\"6857a34\" data-element_type=\"column\">\n\t\t\t<div class=\"elementor-widget-wrap elementor-element-populated\">\n\t\t\t\t\t\t<div class=\"elementor-element elementor-element-e53073f elementor-widget elementor-widget-image\" data-id=\"e53073f\" data-element_type=\"widget\" data-widget_type=\"image.default\">\n\t\t\t\t<div class=\"elementor-widget-container\">\n\t\t\t\t\t\t\t\t\t\t\t\t\t\t\t<img loading=\"lazy\" decoding=\"async\" width=\"800\" height=\"539\" src=\"https:\/\/richeskarayib.com\/wp-content\/uploads\/2025\/05\/mb-1-zz-1024x690.jpg\" class=\"attachment-large size-large wp-image-52577\" alt=\"Labora Caribbean Art Expedition\" srcset=\"https:\/\/richeskarayib.com\/wp-content\/uploads\/2025\/05\/mb-1-zz-1024x690.jpg 1024w, https:\/\/richeskarayib.com\/wp-content\/uploads\/2025\/05\/mb-1-zz-300x202.jpg 300w, https:\/\/richeskarayib.com\/wp-content\/uploads\/2025\/05\/mb-1-zz-768x517.jpg 768w, https:\/\/richeskarayib.com\/wp-content\/uploads\/2025\/05\/mb-1-zz-1536x1034.jpg 1536w, https:\/\/richeskarayib.com\/wp-content\/uploads\/2025\/05\/mb-1-zz-1320x889.jpg 1320w, https:\/\/richeskarayib.com\/wp-content\/uploads\/2025\/05\/mb-1-zz.jpg 1920w\" sizes=\"(max-width: 800px) 100vw, 800px\" \/>\t\t\t\t\t\t\t\t\t\t\t\t\t\t\t<\/div>\n\t\t\t\t<\/div>\n\t\t\t\t\t<\/div>\n\t\t<\/div>\n\t\t\t\t\t<\/div>\n\t\t<\/section>\n\t\t\t\t\t<\/div>\n\t\t<\/div>\n\t\t\t\t\t<\/div>\n\t\t<\/section>\n\t\t\t\t<section class=\"elementor-section elementor-top-section elementor-element elementor-element-1a0b771 elementor-section-boxed elementor-section-height-default elementor-section-height-default\" data-id=\"1a0b771\" data-element_type=\"section\">\n\t\t\t\t\t\t<div class=\"elementor-container elementor-column-gap-default\">\n\t\t\t\t\t<div class=\"elementor-column elementor-col-100 elementor-top-column elementor-element elementor-element-345f4b7\" data-id=\"345f4b7\" data-element_type=\"column\">\n\t\t\t<div class=\"elementor-widget-wrap elementor-element-populated\">\n\t\t\t\t\t\t<div class=\"elementor-element elementor-element-d6a712a elementor-widget elementor-widget-heading\" data-id=\"d6a712a\" data-element_type=\"widget\" data-widget_type=\"heading.default\">\n\t\t\t\t<div class=\"elementor-widget-container\">\n\t\t\t\t\t<h2 class=\"elementor-heading-title elementor-size-default\">Responder al aislamiento insular a trav\u00e9s del arte y el mar<\/h2>\t\t\t\t<\/div>\n\t\t\t\t<\/div>\n\t\t\t\t<div class=\"elementor-element elementor-element-f9582c3 elementor-widget elementor-widget-text-editor\" data-id=\"f9582c3\" data-element_type=\"widget\" data-widget_type=\"text-editor.default\">\n\t\t\t\t<div class=\"elementor-widget-container\">\n\t\t\t\t\t\t\t\t\t<p><span style=\"font-weight: 400;\">El proyecto se basa en una observaci\u00f3n sencilla pero profunda: en el Caribe, muchas comunidades insulares permanecen <\/span><b>aisladas por falta de infraestructuras de transporte<\/b><span style=\"font-weight: 400;\">Esto dificulta los intercambios culturales. Barcos de vela   <\/span><b>Labora<\/b><span style=\"font-weight: 400;\"> supera estos obst\u00e1culos creando una <\/span><b>red para crear, documentar y compartir informaci\u00f3n<\/b><span style=\"font-weight: 400;\">. Se convierte en una herramienta para el di\u00e1logo,  <\/span><b>rompe los prejuicios<\/b><span style=\"font-weight: 400;\">, <\/span><b>conecta a los artistas<\/b><span style=\"font-weight: 400;\">y <\/span><b>abre espacios de colaboraci\u00f3n<\/b><span style=\"font-weight: 400;\"> entre comunidades a menudo muy alejadas.<\/span><\/p>\t\t\t\t\t\t\t\t<\/div>\n\t\t\t\t<\/div>\n\t\t\t\t<section class=\"elementor-section elementor-inner-section elementor-element elementor-element-98f5693 elementor-section-boxed elementor-section-height-default elementor-section-height-default\" data-id=\"98f5693\" data-element_type=\"section\">\n\t\t\t\t\t\t<div class=\"elementor-container elementor-column-gap-default\">\n\t\t\t\t\t<div class=\"elementor-column elementor-col-100 elementor-inner-column elementor-element elementor-element-2dcbe1a\" data-id=\"2dcbe1a\" data-element_type=\"column\">\n\t\t\t<div class=\"elementor-widget-wrap elementor-element-populated\">\n\t\t\t\t\t\t<div class=\"elementor-element elementor-element-9eb2dde elementor-widget elementor-widget-image\" data-id=\"9eb2dde\" data-element_type=\"widget\" data-widget_type=\"image.default\">\n\t\t\t\t<div class=\"elementor-widget-container\">\n\t\t\t\t\t\t\t\t\t\t\t\t\t\t\t<img loading=\"lazy\" decoding=\"async\" width=\"500\" height=\"439\" src=\"https:\/\/richeskarayib.com\/wp-content\/uploads\/2025\/05\/63d07fc13c928451d5f127a7_big-drum-players2002-p-500.webp\" class=\"attachment-large size-large wp-image-52581\" alt=\"Labora Caribbean Art Expedition\" srcset=\"https:\/\/richeskarayib.com\/wp-content\/uploads\/2025\/05\/63d07fc13c928451d5f127a7_big-drum-players2002-p-500.webp 500w, https:\/\/richeskarayib.com\/wp-content\/uploads\/2025\/05\/63d07fc13c928451d5f127a7_big-drum-players2002-p-500-300x263.webp 300w\" sizes=\"(max-width: 500px) 100vw, 500px\" \/>\t\t\t\t\t\t\t\t\t\t\t\t\t\t\t<\/div>\n\t\t\t\t<\/div>\n\t\t\t\t\t<\/div>\n\t\t<\/div>\n\t\t\t\t\t<\/div>\n\t\t<\/section>\n\t\t\t\t\t<\/div>\n\t\t<\/div>\n\t\t\t\t\t<\/div>\n\t\t<\/section>\n\t\t\t\t<section class=\"elementor-section elementor-top-section elementor-element elementor-element-75226b9 elementor-section-boxed elementor-section-height-default elementor-section-height-default\" data-id=\"75226b9\" data-element_type=\"section\">\n\t\t\t\t\t\t<div class=\"elementor-container elementor-column-gap-default\">\n\t\t\t\t\t<div class=\"elementor-column elementor-col-100 elementor-top-column elementor-element elementor-element-992e41e\" data-id=\"992e41e\" data-element_type=\"column\">\n\t\t\t<div class=\"elementor-widget-wrap elementor-element-populated\">\n\t\t\t\t\t\t<div class=\"elementor-element elementor-element-b7fae28 elementor-widget elementor-widget-heading\" data-id=\"b7fae28\" data-element_type=\"widget\" data-widget_type=\"heading.default\">\n\t\t\t\t<div class=\"elementor-widget-container\">\n\t\t\t\t\t<h2 class=\"elementor-heading-title elementor-size-default\">Objetivos educativos, sociales y cient\u00edficos<\/h2>\t\t\t\t<\/div>\n\t\t\t\t<\/div>\n\t\t\t\t<div class=\"elementor-element elementor-element-0431e8e elementor-widget elementor-widget-text-editor\" data-id=\"0431e8e\" data-element_type=\"widget\" data-widget_type=\"text-editor.default\">\n\t\t\t\t<div class=\"elementor-widget-container\">\n\t\t\t\t\t\t\t\t\t<p><span style=\"font-weight: 400;\">La ambici\u00f3n de <\/span><b>Expedici\u00f3n Labora de Arte Caribe\u00f1o<\/b><span style=\"font-weight: 400;\"> es <\/span><b>preservar los conocimientos en peligro<\/b><span style=\"font-weight: 400;\">sino tambi\u00e9n para darles un lugar en la sociedad actual. El proyecto pretende : <\/span><\/p>\n<ul>\n<li style=\"font-weight: 400;\" aria-level=\"1\"><span style=\"font-weight: 400;\">Documentar las tradiciones que desaparecen mediante <\/span><b>pel\u00edculas, grabaciones, fotograf\u00edas, cuadernos de bit\u00e1cora<\/b><span style=\"font-weight: 400;\">.<\/span><span style=\"font-weight: 400;\"><br><\/span><\/li>\n<li style=\"font-weight: 400;\" aria-level=\"1\"><span style=\"font-weight: 400;\">Creaci\u00f3n de <\/span><b>archivo digital<\/b><span style=\"font-weight: 400;\"> devuelto a las comunidades y escuelas.<\/span><span style=\"font-weight: 400;\"><br><\/span><\/li>\n<li style=\"font-weight: 400;\" aria-level=\"1\"><span style=\"font-weight: 400;\">Organiza <\/span><b>talleres de transmisi\u00f3n<\/b><span style=\"font-weight: 400;\"> en escuelas, puertos, barrios y pueblos.<\/span><span style=\"font-weight: 400;\"><br><\/span><\/li>\n<li style=\"font-weight: 400;\" aria-level=\"1\"><span style=\"font-weight: 400;\">Establecer un <\/span><b>programa internacional de pr\u00e1cticas<\/b><span style=\"font-weight: 400;\"> (en colaboraci\u00f3n con universidades de antropolog\u00eda, musicolog\u00eda, etnolog\u00eda y audiovisuales).<\/span><\/li>\n<li style=\"font-weight: 400;\" aria-level=\"1\">Fomentar la aparici\u00f3n de<b>iniciativas educativas que integren las culturas caribe\u00f1as<\/b> en los planes de estudio.<\/li>\n<\/ul>\t\t\t\t\t\t\t\t<\/div>\n\t\t\t\t<\/div>\n\t\t\t\t<section class=\"elementor-section elementor-inner-section elementor-element elementor-element-7cbafee elementor-section-boxed elementor-section-height-default elementor-section-height-default\" data-id=\"7cbafee\" data-element_type=\"section\">\n\t\t\t\t\t\t<div class=\"elementor-container elementor-column-gap-default\">\n\t\t\t\t\t<div class=\"elementor-column elementor-col-100 elementor-inner-column elementor-element elementor-element-098fe6b\" data-id=\"098fe6b\" data-element_type=\"column\">\n\t\t\t<div class=\"elementor-widget-wrap elementor-element-populated\">\n\t\t\t\t\t\t<div class=\"elementor-element elementor-element-f04a700 elementor-widget elementor-widget-image\" data-id=\"f04a700\" data-element_type=\"widget\" data-widget_type=\"image.default\">\n\t\t\t\t<div class=\"elementor-widget-container\">\n\t\t\t\t\t\t\t\t\t\t\t\t\t\t\t<img loading=\"lazy\" decoding=\"async\" width=\"800\" height=\"600\" src=\"https:\/\/richeskarayib.com\/wp-content\/uploads\/2025\/05\/drom-music-1024x768.jpg\" class=\"attachment-large size-large wp-image-52585\" alt=\"Labora Caribbean Art Expedition\" srcset=\"https:\/\/richeskarayib.com\/wp-content\/uploads\/2025\/05\/drom-music-1024x768.jpg 1024w, https:\/\/richeskarayib.com\/wp-content\/uploads\/2025\/05\/drom-music-300x225.jpg 300w, https:\/\/richeskarayib.com\/wp-content\/uploads\/2025\/05\/drom-music-768x576.jpg 768w, https:\/\/richeskarayib.com\/wp-content\/uploads\/2025\/05\/drom-music-1536x1152.jpg 1536w, https:\/\/richeskarayib.com\/wp-content\/uploads\/2025\/05\/drom-music-1320x990.jpg 1320w, https:\/\/richeskarayib.com\/wp-content\/uploads\/2025\/05\/drom-music.jpg 1920w\" sizes=\"(max-width: 800px) 100vw, 800px\" \/>\t\t\t\t\t\t\t\t\t\t\t\t\t\t\t<\/div>\n\t\t\t\t<\/div>\n\t\t\t\t\t<\/div>\n\t\t<\/div>\n\t\t\t\t\t<\/div>\n\t\t<\/section>\n\t\t\t\t\t<\/div>\n\t\t<\/div>\n\t\t\t\t\t<\/div>\n\t\t<\/section>\n\t\t\t\t<section class=\"elementor-section elementor-top-section elementor-element elementor-element-68af3bb elementor-section-boxed elementor-section-height-default elementor-section-height-default\" data-id=\"68af3bb\" data-element_type=\"section\">\n\t\t\t\t\t\t<div class=\"elementor-container elementor-column-gap-default\">\n\t\t\t\t\t<div class=\"elementor-column elementor-col-100 elementor-top-column elementor-element elementor-element-5dd556b\" data-id=\"5dd556b\" data-element_type=\"column\">\n\t\t\t<div class=\"elementor-widget-wrap elementor-element-populated\">\n\t\t\t\t\t\t<div class=\"elementor-element elementor-element-b557600 elementor-widget elementor-widget-heading\" data-id=\"b557600\" data-element_type=\"widget\" data-widget_type=\"heading.default\">\n\t\t\t\t<div class=\"elementor-widget-container\">\n\t\t\t\t\t<h2 class=\"elementor-heading-title elementor-size-default\">Un proyecto colectivo en el que participan artistas, instituciones, investigadores y marineros<\/h2>\t\t\t\t<\/div>\n\t\t\t\t<\/div>\n\t\t\t\t<div class=\"elementor-element elementor-element-a4b55e0 elementor-widget elementor-widget-text-editor\" data-id=\"a4b55e0\" data-element_type=\"widget\" data-widget_type=\"text-editor.default\">\n\t\t\t\t<div class=\"elementor-widget-container\">\n\t\t\t\t\t\t\t\t\t<p><span style=\"font-weight: 400;\">Tres entidades principales coordinan el proyecto:<\/span><\/p>\n<ul>\n<li style=\"font-weight: 400;\" aria-level=\"1\"><b>Libro de ruta&#8217; Artes<\/b><span style=\"font-weight: 400;\"> (Guadalupe), asociaci\u00f3n especializada en la producci\u00f3n art\u00edstica y las residencias culturales.<\/span><span style=\"font-weight: 400;\"><br><\/span><\/li>\n<li style=\"font-weight: 400;\" aria-level=\"1\"><b>Le Temps du Vent<\/b><span style=\"font-weight: 400;\">colectivo franc\u00e9s con sede en Marie-Galante y propietario del velero Samsara, dedicado a la promoci\u00f3n de la vela tradicional.<\/span><\/li>\n<li style=\"font-weight: 400;\" aria-level=\"1\"><b>El Club Internacional de Vela Liberty (LISC)<\/b>, organizaci\u00f3n transnacional que pilota el velero Labora y re\u00fane a marineros, antrop\u00f3logos, videastas y m\u00fasicos.<\/li>\n<\/ul>\t\t\t\t\t\t\t\t<\/div>\n\t\t\t\t<\/div>\n\t\t\t\t<div class=\"elementor-element elementor-element-43080b8 elementor-widget elementor-widget-text-editor\" data-id=\"43080b8\" data-element_type=\"widget\" data-widget_type=\"text-editor.default\">\n\t\t\t\t<div class=\"elementor-widget-container\">\n\t\t\t\t\t\t\t\t\t<p><span style=\"font-weight: 400;\">Les acompa\u00f1a una amplia red de socios caribe\u00f1os e internacionales, entre ellos :<\/span><\/p>\n<ul>\n<li style=\"font-weight: 400;\" aria-level=\"1\"><b>Galer\u00eda l \u201cArt s\u201d En M\u00eale<\/b><span style=\"font-weight: 400;\">,  <\/span><b>Artocarpe<\/b><span style=\"font-weight: 400;\">,  <\/span><b>Artistas Unidos del Caribe<\/b><span style=\"font-weight: 400;\">,  <\/span><b>Patoray<\/b><span style=\"font-weight: 400;\">,  <\/span><b>Waka Films<\/b><span style=\"font-weight: 400;\">,  <\/span><b>MakeSense BeeSiw<\/b><span style=\"font-weight: 400;\">,  <\/span><b>La Crois\u00e9e des Chemins<\/b><span style=\"font-weight: 400;\">,  <\/span><b>Centro de las Artes de Pointe-\u00e0-Pitre<\/b><span style=\"font-weight: 400;\">.<\/span><span style=\"font-weight: 400;\"><br><\/span><\/li>\n<li style=\"font-weight: 400;\" aria-level=\"1\"><b>Anna Chiara Sabatino<\/b><span style=\"font-weight: 400;\">Investigadora y cineasta italiana de narrativa digital.<\/span><span style=\"font-weight: 400;\"><br><\/span><\/li>\n<li style=\"font-weight: 400;\" aria-level=\"1\"><b>Tara Douglas<\/b><span style=\"font-weight: 400;\">directora de documentales del Adivasi Arts Trust.<\/span><span style=\"font-weight: 400;\"><br><\/span><\/li>\n<li style=\"font-weight: 400;\" aria-level=\"1\"><b>Mark Lindenberg<\/b><span style=\"font-weight: 400;\">antrop\u00f3logo y cineasta.<\/span><\/li>\n<li style=\"font-weight: 400;\" aria-level=\"1\"><b>Makeda Martel<\/b>, animadora art\u00edstica y fundadora de La Crois\u00e9e des Chemins.<\/li>\n<\/ul>\t\t\t\t\t\t\t\t<\/div>\n\t\t\t\t<\/div>\n\t\t\t\t<section class=\"elementor-section elementor-inner-section elementor-element elementor-element-67652c2 elementor-section-boxed elementor-section-height-default elementor-section-height-default\" data-id=\"67652c2\" data-element_type=\"section\">\n\t\t\t\t\t\t<div class=\"elementor-container elementor-column-gap-default\">\n\t\t\t\t\t<div class=\"elementor-column elementor-col-50 elementor-inner-column elementor-element elementor-element-0a2dec6\" data-id=\"0a2dec6\" data-element_type=\"column\">\n\t\t\t<div class=\"elementor-widget-wrap elementor-element-populated\">\n\t\t\t\t\t\t<div class=\"elementor-element elementor-element-0dfc852 elementor-widget elementor-widget-image\" data-id=\"0dfc852\" data-element_type=\"widget\" data-widget_type=\"image.default\">\n\t\t\t\t<div class=\"elementor-widget-container\">\n\t\t\t\t\t\t\t\t\t\t\t\t\t\t\t<img loading=\"lazy\" decoding=\"async\" width=\"800\" height=\"369\" src=\"https:\/\/richeskarayib.com\/wp-content\/uploads\/2025\/05\/316688381_10227094263435007_183638009960232266_n-1024x472.jpg\" class=\"attachment-large size-large wp-image-52593\" alt=\"Labora Caribbean Art Expedition\" srcset=\"https:\/\/richeskarayib.com\/wp-content\/uploads\/2025\/05\/316688381_10227094263435007_183638009960232266_n-1024x472.jpg 1024w, https:\/\/richeskarayib.com\/wp-content\/uploads\/2025\/05\/316688381_10227094263435007_183638009960232266_n-300x138.jpg 300w, https:\/\/richeskarayib.com\/wp-content\/uploads\/2025\/05\/316688381_10227094263435007_183638009960232266_n-768x354.jpg 768w, https:\/\/richeskarayib.com\/wp-content\/uploads\/2025\/05\/316688381_10227094263435007_183638009960232266_n-1536x708.jpg 1536w, https:\/\/richeskarayib.com\/wp-content\/uploads\/2025\/05\/316688381_10227094263435007_183638009960232266_n-1320x609.jpg 1320w, https:\/\/richeskarayib.com\/wp-content\/uploads\/2025\/05\/316688381_10227094263435007_183638009960232266_n.jpg 1600w\" sizes=\"(max-width: 800px) 100vw, 800px\" \/>\t\t\t\t\t\t\t\t\t\t\t\t\t\t\t<\/div>\n\t\t\t\t<\/div>\n\t\t\t\t\t<\/div>\n\t\t<\/div>\n\t\t\t\t<div class=\"elementor-column elementor-col-50 elementor-inner-column elementor-element elementor-element-cbc3a7f\" data-id=\"cbc3a7f\" data-element_type=\"column\">\n\t\t\t<div class=\"elementor-widget-wrap elementor-element-populated\">\n\t\t\t\t\t\t<div class=\"elementor-element elementor-element-cb4c4e5 elementor-widget elementor-widget-image\" data-id=\"cb4c4e5\" data-element_type=\"widget\" data-widget_type=\"image.default\">\n\t\t\t\t<div class=\"elementor-widget-container\">\n\t\t\t\t\t\t\t\t\t\t\t\t\t\t\t<img loading=\"lazy\" decoding=\"async\" width=\"800\" height=\"423\" src=\"https:\/\/richeskarayib.com\/wp-content\/uploads\/2025\/05\/crew-labora-1024x541.jpg\" class=\"attachment-large size-large wp-image-52597\" alt=\"Labora Caribbean Art Expedition\" srcset=\"https:\/\/richeskarayib.com\/wp-content\/uploads\/2025\/05\/crew-labora-1024x541.jpg 1024w, https:\/\/richeskarayib.com\/wp-content\/uploads\/2025\/05\/crew-labora-300x159.jpg 300w, https:\/\/richeskarayib.com\/wp-content\/uploads\/2025\/05\/crew-labora-768x406.jpg 768w, https:\/\/richeskarayib.com\/wp-content\/uploads\/2025\/05\/crew-labora-1320x698.jpg 1320w, https:\/\/richeskarayib.com\/wp-content\/uploads\/2025\/05\/crew-labora.jpg 1337w\" sizes=\"(max-width: 800px) 100vw, 800px\" \/>\t\t\t\t\t\t\t\t\t\t\t\t\t\t\t<\/div>\n\t\t\t\t<\/div>\n\t\t\t\t\t<\/div>\n\t\t<\/div>\n\t\t\t\t\t<\/div>\n\t\t<\/section>\n\t\t\t\t\t<\/div>\n\t\t<\/div>\n\t\t\t\t\t<\/div>\n\t\t<\/section>\n\t\t\t\t<section class=\"elementor-section elementor-top-section elementor-element elementor-element-1f96475 elementor-section-boxed elementor-section-height-default elementor-section-height-default\" data-id=\"1f96475\" data-element_type=\"section\">\n\t\t\t\t\t\t<div class=\"elementor-container elementor-column-gap-default\">\n\t\t\t\t\t<div class=\"elementor-column elementor-col-100 elementor-top-column elementor-element elementor-element-3b5f97e\" data-id=\"3b5f97e\" data-element_type=\"column\">\n\t\t\t<div class=\"elementor-widget-wrap elementor-element-populated\">\n\t\t\t\t\t\t<div class=\"elementor-element elementor-element-cc29336 elementor-widget elementor-widget-heading\" data-id=\"cc29336\" data-element_type=\"widget\" data-widget_type=\"heading.default\">\n\t\t\t\t<div class=\"elementor-widget-container\">\n\t\t\t\t\t<h2 class=\"elementor-heading-title elementor-size-default\">El papel central de Guadalupe en la gobernanza del proyecto<\/h2>\t\t\t\t<\/div>\n\t\t\t\t<\/div>\n\t\t\t\t<div class=\"elementor-element elementor-element-8b0510a elementor-widget elementor-widget-text-editor\" data-id=\"8b0510a\" data-element_type=\"widget\" data-widget_type=\"text-editor.default\">\n\t\t\t\t<div class=\"elementor-widget-container\">\n\t\t\t\t\t\t\t\t\t<p><span style=\"font-weight: 400;\">Un comit\u00e9 local apoya el desarrollo y el anclaje local del proyecto:<\/span><\/p>\n<ul>\n<li style=\"font-weight: 400;\" aria-level=\"1\"><b>Martine Fazer<\/b><span style=\"font-weight: 400;\">periodista y directora del Festival Internacional de Graffiti y Arte Callejero.<\/span><span style=\"font-weight: 400;\"><br><\/span><\/li>\n<li style=\"font-weight: 400;\" aria-level=\"1\"><b>Arthur Trouabal<\/b><span style=\"font-weight: 400;\">antiguo experto en arte y formador.<\/span><span style=\"font-weight: 400;\"><br><\/span><\/li>\n<li style=\"font-weight: 400;\" aria-level=\"1\"><b>Raymonde Pater Torin<\/b><span style=\"font-weight: 400;\">bailarina, core\u00f3grafa y especialista en <\/span><b>gwoka<\/b><span style=\"font-weight: 400;\">.<\/span><span style=\"font-weight: 400;\"><br><\/span><\/li>\n<\/ul>\n<p><span style=\"font-weight: 400;\">Su participaci\u00f3n garantiza que el proyecto permanezca <\/span><b>conectado con las realidades locales<\/b><span style=\"font-weight: 400;\">sin exotismo ni folclorizaci\u00f3n.<\/span><\/p>\t\t\t\t\t\t\t\t<\/div>\n\t\t\t\t<\/div>\n\t\t\t\t\t<\/div>\n\t\t<\/div>\n\t\t\t\t\t<\/div>\n\t\t<\/section>\n\t\t\t\t<section class=\"elementor-section elementor-top-section elementor-element elementor-element-89ae882 elementor-section-boxed elementor-section-height-default elementor-section-height-default\" data-id=\"89ae882\" data-element_type=\"section\">\n\t\t\t\t\t\t<div class=\"elementor-container elementor-column-gap-default\">\n\t\t\t\t\t<div class=\"elementor-column elementor-col-100 elementor-top-column elementor-element elementor-element-0688c72\" data-id=\"0688c72\" data-element_type=\"column\">\n\t\t\t<div class=\"elementor-widget-wrap elementor-element-populated\">\n\t\t\t\t\t\t<div class=\"elementor-element elementor-element-bcdb526 elementor-widget elementor-widget-heading\" data-id=\"bcdb526\" data-element_type=\"widget\" data-widget_type=\"heading.default\">\n\t\t\t\t<div class=\"elementor-widget-container\">\n\t\t\t\t\t<h2 class=\"elementor-heading-title elementor-size-default\">Horario e itinerario de la expedici\u00f3n\n<\/h2>\t\t\t\t<\/div>\n\t\t\t\t<\/div>\n\t\t\t\t<div class=\"elementor-element elementor-element-565d7bd elementor-widget elementor-widget-text-editor\" data-id=\"565d7bd\" data-element_type=\"widget\" data-widget_type=\"text-editor.default\">\n\t\t\t\t<div class=\"elementor-widget-container\">\n\t\t\t\t\t\t\t\t\t<p><span style=\"font-weight: 400;\">El sitio <\/span><b>fase piloto<\/b><span style=\"font-weight: 400;\"> se desarrollar\u00e1 de <\/span><b>enero a mayo de 2025<\/b><span style=\"font-weight: 400;\">con paradas previstas en Guadalupe, Dominica, Martinica y probablemente Santa Luc\u00eda. Ser\u00e1 una oportunidad para probar formatos, evaluar la log\u00edstica, perfeccionar el m\u00e9todo de documentaci\u00f3n y consolidar asociaciones. El objetivo es ampliar el proyecto a    <\/span><b>2026<\/b><span style=\"font-weight: 400;\">uniendo gradualmente <\/span><b>Trinidad a Cuba<\/b><span style=\"font-weight: 400;\">con <\/span><b>dos o tres yates navegando en coordinaci\u00f3n<\/b><span style=\"font-weight: 400;\"> con el tiempo.<\/span><\/p>\t\t\t\t\t\t\t\t<\/div>\n\t\t\t\t<\/div>\n\t\t\t\t<div class=\"elementor-element elementor-element-d0f7d85 elementor-widget elementor-widget-image\" data-id=\"d0f7d85\" data-element_type=\"widget\" data-widget_type=\"image.default\">\n\t\t\t\t<div class=\"elementor-widget-container\">\n\t\t\t\t\t\t\t\t\t\t\t\t\t\t\t<img loading=\"lazy\" decoding=\"async\" width=\"800\" height=\"485\" src=\"https:\/\/richeskarayib.com\/wp-content\/uploads\/2025\/05\/labora-music-.jpg\" class=\"attachment-large size-large wp-image-52589\" alt=\"Labora Caribbean Art Expedition\" srcset=\"https:\/\/richeskarayib.com\/wp-content\/uploads\/2025\/05\/labora-music-.jpg 1024w, https:\/\/richeskarayib.com\/wp-content\/uploads\/2025\/05\/labora-music--300x182.jpg 300w, https:\/\/richeskarayib.com\/wp-content\/uploads\/2025\/05\/labora-music--768x466.jpg 768w\" sizes=\"(max-width: 800px) 100vw, 800px\" \/>\t\t\t\t\t\t\t\t\t\t\t\t\t\t\t<\/div>\n\t\t\t\t<\/div>\n\t\t\t\t\t<\/div>\n\t\t<\/div>\n\t\t\t\t\t<\/div>\n\t\t<\/section>\n\t\t\t\t<section class=\"elementor-section elementor-top-section elementor-element elementor-element-dd99686 elementor-section-boxed elementor-section-height-default elementor-section-height-default\" data-id=\"dd99686\" data-element_type=\"section\">\n\t\t\t\t\t\t<div class=\"elementor-container elementor-column-gap-default\">\n\t\t\t\t\t<div class=\"elementor-column elementor-col-100 elementor-top-column elementor-element elementor-element-97b6e1e\" data-id=\"97b6e1e\" data-element_type=\"column\">\n\t\t\t<div class=\"elementor-widget-wrap elementor-element-populated\">\n\t\t\t\t\t\t<div class=\"elementor-element elementor-element-d496833 elementor-widget elementor-widget-heading\" data-id=\"d496833\" data-element_type=\"widget\" data-widget_type=\"heading.default\">\n\t\t\t\t<div class=\"elementor-widget-container\">\n\t\t\t\t\t<h2 class=\"elementor-heading-title elementor-size-default\">Una invitaci\u00f3n a los artistas caribe\u00f1os<\/h2>\t\t\t\t<\/div>\n\t\t\t\t<\/div>\n\t\t\t\t<div class=\"elementor-element elementor-element-6302f84 elementor-widget elementor-widget-text-editor\" data-id=\"6302f84\" data-element_type=\"widget\" data-widget_type=\"text-editor.default\">\n\t\t\t\t<div class=\"elementor-widget-container\">\n\t\t\t\t\t\t\t\t\t<p><span style=\"font-weight: 400;\">El equipo Labora lanza una <\/span><b>convocatoria de participaci\u00f3n<\/b><span style=\"font-weight: 400;\">  Artistas caribe\u00f1os que deseen implicarse en este proceso creativo colectivo. Ya sean m\u00fasicos, bailarines, artesanos, narradores, videoartistas o profesores, todos est\u00e1n invitados a participar para compartir su visi\u00f3n del patrimonio vivo y contribuir a una memoria compartida del Caribe. <\/span><\/p>\t\t\t\t\t\t\t\t<\/div>\n\t\t\t\t<\/div>\n\t\t\t\t<section class=\"elementor-section elementor-inner-section elementor-element elementor-element-adad8c9 elementor-section-boxed elementor-section-height-default elementor-section-height-default\" data-id=\"adad8c9\" data-element_type=\"section\">\n\t\t\t\t\t\t<div class=\"elementor-container elementor-column-gap-default\">\n\t\t\t\t\t<div class=\"elementor-column elementor-col-100 elementor-inner-column elementor-element elementor-element-5668371\" data-id=\"5668371\" data-element_type=\"column\">\n\t\t\t<div class=\"elementor-widget-wrap elementor-element-populated\">\n\t\t\t\t\t\t<div class=\"elementor-element elementor-element-3e6b612 elementor-widget elementor-widget-image\" data-id=\"3e6b612\" data-element_type=\"widget\" data-widget_type=\"image.default\">\n\t\t\t\t<div class=\"elementor-widget-container\">\n\t\t\t\t\t\t\t\t\t\t\t\t\t\t\t<img loading=\"lazy\" decoding=\"async\" width=\"800\" height=\"566\" src=\"https:\/\/richeskarayib.com\/wp-content\/uploads\/2025\/05\/Call-to-Artists_page-0001-1024x725.jpg\" class=\"attachment-large size-large wp-image-52565\" alt=\"Labora Caribbean Art Expedition\" srcset=\"https:\/\/richeskarayib.com\/wp-content\/uploads\/2025\/05\/Call-to-Artists_page-0001-1024x725.jpg 1024w, https:\/\/richeskarayib.com\/wp-content\/uploads\/2025\/05\/Call-to-Artists_page-0001-300x212.jpg 300w, https:\/\/richeskarayib.com\/wp-content\/uploads\/2025\/05\/Call-to-Artists_page-0001-768x543.jpg 768w, https:\/\/richeskarayib.com\/wp-content\/uploads\/2025\/05\/Call-to-Artists_page-0001-1536x1087.jpg 1536w, https:\/\/richeskarayib.com\/wp-content\/uploads\/2025\/05\/Call-to-Artists_page-0001-1320x934.jpg 1320w, https:\/\/richeskarayib.com\/wp-content\/uploads\/2025\/05\/Call-to-Artists_page-0001.jpg 1754w\" sizes=\"(max-width: 800px) 100vw, 800px\" \/>\t\t\t\t\t\t\t\t\t\t\t\t\t\t\t<\/div>\n\t\t\t\t<\/div>\n\t\t\t\t\t<\/div>\n\t\t<\/div>\n\t\t\t\t\t<\/div>\n\t\t<\/section>\n\t\t\t\t\t<\/div>\n\t\t<\/div>\n\t\t\t\t\t<\/div>\n\t\t<\/section>\n\t\t\t\t<section class=\"elementor-section elementor-top-section elementor-element elementor-element-2c7fa91 elementor-section-boxed elementor-section-height-default elementor-section-height-default\" data-id=\"2c7fa91\" data-element_type=\"section\">\n\t\t\t\t\t\t<div class=\"elementor-container elementor-column-gap-default\">\n\t\t\t\t\t<div class=\"elementor-column elementor-col-100 elementor-top-column elementor-element elementor-element-5b79a76\" data-id=\"5b79a76\" data-element_type=\"column\">\n\t\t\t<div class=\"elementor-widget-wrap elementor-element-populated\">\n\t\t\t\t\t\t<div class=\"elementor-element elementor-element-34528cd elementor-widget elementor-widget-text-editor\" data-id=\"34528cd\" data-element_type=\"widget\" data-widget_type=\"text-editor.default\">\n\t\t\t\t<div class=\"elementor-widget-container\">\n\t\t\t\t\t\t\t\t\t<p><b>Expedici\u00f3n Labora de Arte Caribe\u00f1o<\/b><span style=\"font-weight: 400;\">  es algo m\u00e1s que una expedici\u00f3n cultural. Es un proyecto   <\/span><b>pol\u00edtico, social y educativo<\/b><span style=\"font-weight: 400;\">que utiliza <\/span><b>la navegaci\u00f3n tradicional<\/b><span style=\"font-weight: 400;\">  como palanca de cohesi\u00f3n, resiliencia e inspiraci\u00f3n. Al unir islas, tambi\u00e9n une recuerdos, herencias y generaciones. Ofrece una nueva forma de    <\/span><b>pensando el Caribe desde el mar<\/b><span style=\"font-weight: 400;\">sacando a la superficie las voces olvidadas, los gestos amenazados y la m\u00fasica que llevan el alma de los pueblos isle\u00f1os.<\/span><\/p>\t\t\t\t\t\t\t\t<\/div>\n\t\t\t\t<\/div>\n\t\t\t\t<section class=\"elementor-section elementor-inner-section elementor-element elementor-element-92b22d7 elementor-section-boxed elementor-section-height-default elementor-section-height-default\" data-id=\"92b22d7\" data-element_type=\"section\">\n\t\t\t\t\t\t<div class=\"elementor-container elementor-column-gap-default\">\n\t\t\t\t\t<div class=\"elementor-column elementor-col-50 elementor-inner-column elementor-element elementor-element-f430cdc\" data-id=\"f430cdc\" data-element_type=\"column\">\n\t\t\t<div class=\"elementor-widget-wrap elementor-element-populated\">\n\t\t\t\t\t\t<div class=\"elementor-element elementor-element-d926cc4 elementor-widget elementor-widget-video\" data-id=\"d926cc4\" data-element_type=\"widget\" data-settings=\"{&quot;youtube_url&quot;:&quot;https:\\\/\\\/www.youtube.com\\\/watch?v=zRYgupe_9BU&quot;,&quot;video_type&quot;:&quot;youtube&quot;,&quot;controls&quot;:&quot;yes&quot;}\" data-widget_type=\"video.default\">\n\t\t\t\t<div class=\"elementor-widget-container\">\n\t\t\t\t\t\t\t<div class=\"elementor-wrapper elementor-open-inline\">\n\t\t\t<div class=\"elementor-video\"><\/div>\t\t<\/div>\n\t\t\t\t\t\t<\/div>\n\t\t\t\t<\/div>\n\t\t\t\t\t<\/div>\n\t\t<\/div>\n\t\t\t\t<div class=\"elementor-column elementor-col-50 elementor-inner-column elementor-element elementor-element-34d5fe2\" data-id=\"34d5fe2\" data-element_type=\"column\">\n\t\t\t<div class=\"elementor-widget-wrap elementor-element-populated\">\n\t\t\t\t\t\t<div class=\"elementor-element elementor-element-1636c42 elementor-widget elementor-widget-video\" data-id=\"1636c42\" data-element_type=\"widget\" data-settings=\"{&quot;youtube_url&quot;:&quot;https:\\\/\\\/www.youtube.com\\\/watch?v=9f2n5tPZNwk&quot;,&quot;video_type&quot;:&quot;youtube&quot;,&quot;controls&quot;:&quot;yes&quot;}\" data-widget_type=\"video.default\">\n\t\t\t\t<div class=\"elementor-widget-container\">\n\t\t\t\t\t\t\t<div class=\"elementor-wrapper elementor-open-inline\">\n\t\t\t<div class=\"elementor-video\"><\/div>\t\t<\/div>\n\t\t\t\t\t\t<\/div>\n\t\t\t\t<\/div>\n\t\t\t\t\t<\/div>\n\t\t<\/div>\n\t\t\t\t\t<\/div>\n\t\t<\/section>\n\t\t\t\t\t<\/div>\n\t\t<\/div>\n\t\t\t\t\t<\/div>\n\t\t<\/section>\n\t\t\t\t<\/div>\n\t\t","protected":false},"excerpt":{"rendered":"<p>Expedici\u00f3n Labora de Arte Caribe\u00f1o es una iniciativa art\u00edstica, mar\u00edtima y patrimonial que est\u00e1 arraigando en Guadalupe y extendi\u00e9ndose por todo el Caribe. Con el apoyo de artistas, marineros, investigadores e instituciones, esta expedici\u00f3n a bordo de un velero tradicional pretende unir islas, reunir conocimientos, acercar generaciones y promover culturas populares a menudo marginadas. M\u00e1s [&hellip;]<\/p>\n","protected":false},"author":662,"featured_media":52561,"comment_status":"open","ping_status":"open","sticky":false,"template":"","format":"standard","meta":{"_acf_changed":false,"footnotes":""},"categories":[1499,1469,1724],"tags":[1442,1593,1547,816,1594,1678,1701],"class_list":["post-52603","post","type-post","status-publish","format-standard","has-post-thumbnail","hentry","category-gestion-de-eventos","category-historia-patrimonio","category-maritimo","tag-anguilla-es","tag-barbade-es","tag-guadalupe","tag-martinique-es","tag-sainte-lucie-es","tag-santa-lucia-es-3","tag-trinidad-y-tobago-es"],"acf":[],"_links":{"self":[{"href":"https:\/\/richeskarayib.com\/es\/wp-json\/wp\/v2\/posts\/52603","targetHints":{"allow":["GET"]}}],"collection":[{"href":"https:\/\/richeskarayib.com\/es\/wp-json\/wp\/v2\/posts"}],"about":[{"href":"https:\/\/richeskarayib.com\/es\/wp-json\/wp\/v2\/types\/post"}],"author":[{"embeddable":true,"href":"https:\/\/richeskarayib.com\/es\/wp-json\/wp\/v2\/users\/662"}],"replies":[{"embeddable":true,"href":"https:\/\/richeskarayib.com\/es\/wp-json\/wp\/v2\/comments?post=52603"}],"version-history":[{"count":0,"href":"https:\/\/richeskarayib.com\/es\/wp-json\/wp\/v2\/posts\/52603\/revisions"}],"wp:featuredmedia":[{"embeddable":true,"href":"https:\/\/richeskarayib.com\/es\/wp-json\/wp\/v2\/media\/52561"}],"wp:attachment":[{"href":"https:\/\/richeskarayib.com\/es\/wp-json\/wp\/v2\/media?parent=52603"}],"wp:term":[{"taxonomy":"category","embeddable":true,"href":"https:\/\/richeskarayib.com\/es\/wp-json\/wp\/v2\/categories?post=52603"},{"taxonomy":"post_tag","embeddable":true,"href":"https:\/\/richeskarayib.com\/es\/wp-json\/wp\/v2\/tags?post=52603"}],"curies":[{"name":"wp","href":"https:\/\/api.w.org\/{rel}","templated":true}]}}