{"id":52785,"date":"2025-05-27T16:25:09","date_gmt":"2025-05-27T20:25:09","guid":{"rendered":"https:\/\/richeskarayib.com\/guadalupe-27-de-mayo-de-1848-abolicion-de-la-esclavitud-memoria-de-una-conquista-y-de-una-lucha-permanente\/"},"modified":"2025-05-27T16:25:10","modified_gmt":"2025-05-27T20:25:10","slug":"guadalupe-27-de-mayo-de-1848-abolicion-de-la-esclavitud-memoria-de-una-conquista-y-de-una-lucha-permanente","status":"publish","type":"post","link":"https:\/\/richeskarayib.com\/es\/guadalupe-27-de-mayo-de-1848-abolicion-de-la-esclavitud-memoria-de-una-conquista-y-de-una-lucha-permanente\/","title":{"rendered":"Guadalupe &#8211; 27 de mayo de 1848 &#8211; Abolici\u00f3n de la esclavitud: memoria de una conquista y de una lucha permanente"},"content":{"rendered":"\t\t<div data-elementor-type=\"wp-post\" data-elementor-id=\"52785\" class=\"elementor elementor-52785 elementor-52751\" data-elementor-post-type=\"post\">\n\t\t\t\t\t\t<section class=\"elementor-section elementor-top-section elementor-element elementor-element-7d4f952 elementor-section-boxed elementor-section-height-default elementor-section-height-default\" data-id=\"7d4f952\" data-element_type=\"section\">\n\t\t\t\t\t\t<div class=\"elementor-container elementor-column-gap-default\">\n\t\t\t\t\t<div class=\"elementor-column elementor-col-100 elementor-top-column elementor-element elementor-element-f3833fa\" data-id=\"f3833fa\" data-element_type=\"column\">\n\t\t\t<div class=\"elementor-widget-wrap elementor-element-populated\">\n\t\t\t\t\t\t<div class=\"elementor-element elementor-element-6cd393f elementor-widget elementor-widget-text-editor\" data-id=\"6cd393f\" data-element_type=\"widget\" data-widget_type=\"text-editor.default\">\n\t\t\t\t<div class=\"elementor-widget-container\">\n\t\t\t\t\t\t\t\t\t<p><a href=\"https:\/\/www.guadeloupe.franceantilles.fr\/actualite\/culture\/27-mai-1848-le-jour-ou-la-guadeloupe-retrouva-sa-liberte-1037411.php\" target=\"_blank\" rel=\"noopener nofollow\"><span style=\"font-weight: 400;\">L&#8217;<\/span><b>abolici\u00f3n de la esclavitud en Guadalupe<\/b><\/a><span style=\"font-weight: 400;\">proclamada el <\/span><b>27 de mayo de 1848<\/b><span style=\"font-weight: 400;\">Cada a\u00f1o, este d\u00eda es un punzante recordatorio de la libertad conquistada mediante el derramamiento de sangre y la resistencia. Esta importante fecha marca un punto de inflexi\u00f3n en la historia de las Indias Occidentales: el fin de un sistema basado en el comercio de esclavos, la deshumanizaci\u00f3n y la opresi\u00f3n de casi   <\/span><b>87.000 mujeres, hombres y ni\u00f1os<\/b><span style=\"font-weight: 400;\">.<\/span><\/p>\t\t\t\t\t\t\t\t<\/div>\n\t\t\t\t<\/div>\n\t\t\t\t<div class=\"elementor-element elementor-element-ce05530 elementor-widget elementor-widget-text-editor\" data-id=\"ce05530\" data-element_type=\"widget\" data-widget_type=\"text-editor.default\">\n\t\t\t\t<div class=\"elementor-widget-container\">\n\t\t\t\t\t\t\t\t\t<p><span style=\"font-weight: 400;\">No se trata de un mero hito administrativo; representa la culminaci\u00f3n de siglos de lucha de los esclavizados, los cimarrones, los insurgentes y todos aquellos que se negaron a vivir de rodillas. Comprender la <\/span><b>abolici\u00f3n de la esclavitud en <a href=\"https:\/\/richeskarayib.com\/es\/guadalupe-libre-al-fin-desirada-la-memoria-en-escena-un-homenaje-en-vida-a-maryse-conde\/\" target=\"_blank\" rel=\"noopener\">guadalupe<\/a><\/b><span style=\"font-weight: 400;\">La abolici\u00f3n de la esclavitud en Guadalupe significa tambi\u00e9n reconocer que esta libertad nunca se concedi\u00f3, sino que se arrebat\u00f3.<\/span><\/p>\t\t\t\t\t\t\t\t<\/div>\n\t\t\t\t<\/div>\n\t\t\t\t\t<\/div>\n\t\t<\/div>\n\t\t\t\t\t<\/div>\n\t\t<\/section>\n\t\t\t\t<section class=\"elementor-section elementor-top-section elementor-element elementor-element-16ba7e0 elementor-section-boxed elementor-section-height-default elementor-section-height-default\" data-id=\"16ba7e0\" data-element_type=\"section\">\n\t\t\t\t\t\t<div class=\"elementor-container elementor-column-gap-default\">\n\t\t\t\t\t<div class=\"elementor-column elementor-col-100 elementor-top-column elementor-element elementor-element-f6fb52b\" data-id=\"f6fb52b\" data-element_type=\"column\">\n\t\t\t<div class=\"elementor-widget-wrap elementor-element-populated\">\n\t\t\t\t\t\t<div class=\"elementor-element elementor-element-0ce05bd elementor-widget elementor-widget-heading\" data-id=\"0ce05bd\" data-element_type=\"widget\" data-widget_type=\"heading.default\">\n\t\t\t\t<div class=\"elementor-widget-container\">\n\t\t\t\t\t<h2 class=\"elementor-heading-title elementor-size-default\">Dos siglos de servidumbre: los fundamentos de un sistema colonial<\/h2>\t\t\t\t<\/div>\n\t\t\t\t<\/div>\n\t\t\t\t<div class=\"elementor-element elementor-element-f5427b4 elementor-widget elementor-widget-text-editor\" data-id=\"f5427b4\" data-element_type=\"widget\" data-widget_type=\"text-editor.default\">\n\t\t\t\t<div class=\"elementor-widget-container\">\n\t\t\t\t\t\t\t\t\t<h3><b>La plantaci\u00f3n, pilar econ\u00f3mico de la colonia<\/b><\/h3>\n<p><span style=\"font-weight: 400;\">En cuanto fue colonizada por Francia en <\/span><b>1635<\/b><span style=\"font-weight: 400;\">Guadalupe se convirti\u00f3 en una colonia de plantaciones totalmente dependiente del <\/span><b>comercio atl\u00e1ntico de esclavos<\/b><span style=\"font-weight: 400;\">. La producci\u00f3n de  <\/span><b>ca\u00f1a de az\u00facar<\/b><span style=\"font-weight: 400;\">que explot\u00f3 en el siglo XVII, transform\u00f3 el archipi\u00e9lago en un centro neur\u00e1lgico del comercio colonial, basado en la explotaci\u00f3n de una <\/span><b>mano de obra esclava africana<\/b><span style=\"font-weight: 400;\">.<\/span><\/p>\t\t\t\t\t\t\t\t<\/div>\n\t\t\t\t<\/div>\n\t\t\t\t<div class=\"elementor-element elementor-element-b3d00e6 elementor-widget elementor-widget-text-editor\" data-id=\"b3d00e6\" data-element_type=\"widget\" data-widget_type=\"text-editor.default\">\n\t\t\t\t<div class=\"elementor-widget-container\">\n\t\t\t\t\t\t\t\t\t<p><span style=\"font-weight: 400;\">En las bodegas de los barcos negreros, miles de hombres y mujeres fueron arrancados de sus tierras, encadenados y hacinados. Muchos prefirieron arrojarse al mar antes que sufrir su destino. En tierra, las plantaciones se convirtieron en lugares de terror:    <\/span><b>trabajos forzados, violencia sexual, mutilaciones, privaciones<\/b><span style=\"font-weight: 400;\">. El historiador  <\/span><b>Marie-H\u00e9l\u00e8ne L\u00e9otin<\/b><span style=\"font-weight: 400;\"> nos recuerda que los esclavos viv\u00edan en un mundo de violencia cotidiana en el que \u201cla muerte parec\u00eda a veces una liberaci\u00f3n\u201d.<\/span><\/p>\t\t\t\t\t\t\t\t<\/div>\n\t\t\t\t<\/div>\n\t\t\t\t<section class=\"elementor-section elementor-inner-section elementor-element elementor-element-d1c2547 elementor-section-boxed elementor-section-height-default elementor-section-height-default\" data-id=\"d1c2547\" data-element_type=\"section\">\n\t\t\t\t\t\t<div class=\"elementor-container elementor-column-gap-default\">\n\t\t\t\t\t<div class=\"elementor-column elementor-col-100 elementor-inner-column elementor-element elementor-element-d73da2e\" data-id=\"d73da2e\" data-element_type=\"column\">\n\t\t\t<div class=\"elementor-widget-wrap elementor-element-populated\">\n\t\t\t\t\t\t<div class=\"elementor-element elementor-element-633994e elementor-widget elementor-widget-image\" data-id=\"633994e\" data-element_type=\"widget\" data-widget_type=\"image.default\">\n\t\t\t\t<div class=\"elementor-widget-container\">\n\t\t\t\t\t\t\t\t\t\t\t\t\t\t\t<img fetchpriority=\"high\" decoding=\"async\" width=\"800\" height=\"534\" src=\"https:\/\/richeskarayib.com\/wp-content\/uploads\/2025\/05\/b32e7495-208b-4d39-a1b5-da903e843d1a-1024x683.png\" class=\"attachment-large size-large wp-image-52759\" alt=\"esclavage en Guadeloupe\" srcset=\"https:\/\/richeskarayib.com\/wp-content\/uploads\/2025\/05\/b32e7495-208b-4d39-a1b5-da903e843d1a-1024x683.png 1024w, https:\/\/richeskarayib.com\/wp-content\/uploads\/2025\/05\/b32e7495-208b-4d39-a1b5-da903e843d1a-300x200.png 300w, https:\/\/richeskarayib.com\/wp-content\/uploads\/2025\/05\/b32e7495-208b-4d39-a1b5-da903e843d1a-768x512.png 768w, https:\/\/richeskarayib.com\/wp-content\/uploads\/2025\/05\/b32e7495-208b-4d39-a1b5-da903e843d1a-1320x880.png 1320w, https:\/\/richeskarayib.com\/wp-content\/uploads\/2025\/05\/b32e7495-208b-4d39-a1b5-da903e843d1a.png 1536w\" sizes=\"(max-width: 800px) 100vw, 800px\" \/>\t\t\t\t\t\t\t\t\t\t\t\t\t\t\t<\/div>\n\t\t\t\t<\/div>\n\t\t\t\t\t<\/div>\n\t\t<\/div>\n\t\t\t\t\t<\/div>\n\t\t<\/section>\n\t\t\t\t\t<\/div>\n\t\t<\/div>\n\t\t\t\t\t<\/div>\n\t\t<\/section>\n\t\t\t\t<section class=\"elementor-section elementor-top-section elementor-element elementor-element-7c727fe elementor-section-boxed elementor-section-height-default elementor-section-height-default\" data-id=\"7c727fe\" data-element_type=\"section\">\n\t\t\t\t\t\t<div class=\"elementor-container elementor-column-gap-default\">\n\t\t\t\t\t<div class=\"elementor-column elementor-col-100 elementor-top-column elementor-element elementor-element-2675508\" data-id=\"2675508\" data-element_type=\"column\">\n\t\t\t<div class=\"elementor-widget-wrap elementor-element-populated\">\n\t\t\t\t\t\t<div class=\"elementor-element elementor-element-86f7f71 elementor-widget elementor-widget-heading\" data-id=\"86f7f71\" data-element_type=\"widget\" data-widget_type=\"heading.default\">\n\t\t\t\t<div class=\"elementor-widget-container\">\n\t\t\t\t\t<h2 class=\"elementor-heading-title elementor-size-default\">Resistencia heroica: Delgr\u00e8s, Ignace, Solitude<\/h2>\t\t\t\t<\/div>\n\t\t\t\t<\/div>\n\t\t\t\t<div class=\"elementor-element elementor-element-1931a91 elementor-widget elementor-widget-text-editor\" data-id=\"1931a91\" data-element_type=\"widget\" data-widget_type=\"text-editor.default\">\n\t\t\t\t<div class=\"elementor-widget-container\">\n\t\t\t\t\t\t\t\t\t<h3><b>Louis Delgr\u00e8s y el ultim\u00e1tum de 1802<\/b><\/h3>\n<p><span style=\"font-weight: 400;\">Ante el intento de restablecer la esclavitud por parte de <\/span><b>Napole\u00f3n Bonaparte<\/b><span style=\"font-weight: 400;\"> en 1802, <\/span><b>Louis Delgr\u00e8s<\/b><span style=\"font-weight: 400;\">un oficial libre de color, organiz\u00f3 la resistencia. El 10 de mayo escribi\u00f3 su ahora legendario llamamiento:   <\/span><i><span style=\"font-weight: 400;\">&#8220;Vive libre o muere<\/span><\/i><span style=\"font-weight: 400;\">.<\/span><\/p>\n<p><span style=\"font-weight: 400;\">El 28 de mayo de 1802, rodeado de sus compa\u00f1eros en <\/span><b>Matouba<\/b><span style=\"font-weight: 400;\">Delgr\u00e8s se neg\u00f3 a rendirse y vol\u00f3 el polvor\u00edn. Su sacrificio se convirti\u00f3 en uno de los actos m\u00e1s emblem\u00e1ticos de la lucha por la libertad, y est\u00e1 consagrado en la memoria colectiva de Guadalupe. <\/span><\/p>\t\t\t\t\t\t\t\t<\/div>\n\t\t\t\t<\/div>\n\t\t\t\t<section class=\"elementor-section elementor-inner-section elementor-element elementor-element-014668e elementor-section-boxed elementor-section-height-default elementor-section-height-default\" data-id=\"014668e\" data-element_type=\"section\">\n\t\t\t\t\t\t<div class=\"elementor-container elementor-column-gap-default\">\n\t\t\t\t\t<div class=\"elementor-column elementor-col-100 elementor-inner-column elementor-element elementor-element-d512ebd\" data-id=\"d512ebd\" data-element_type=\"column\">\n\t\t\t<div class=\"elementor-widget-wrap elementor-element-populated\">\n\t\t\t\t\t\t<div class=\"elementor-element elementor-element-4d7bcf3 elementor-widget elementor-widget-image\" data-id=\"4d7bcf3\" data-element_type=\"widget\" data-widget_type=\"image.default\">\n\t\t\t\t<div class=\"elementor-widget-container\">\n\t\t\t\t\t\t\t\t\t\t\t\t\t\t\t<img decoding=\"async\" width=\"800\" height=\"531\" src=\"https:\/\/richeskarayib.com\/wp-content\/uploads\/2025\/05\/LOUIS-DELGRES-1024x680.jpg\" class=\"attachment-large size-large wp-image-52763\" alt=\"esclavage en Guadeloupe\" srcset=\"https:\/\/richeskarayib.com\/wp-content\/uploads\/2025\/05\/LOUIS-DELGRES-1024x680.jpg 1024w, https:\/\/richeskarayib.com\/wp-content\/uploads\/2025\/05\/LOUIS-DELGRES-300x199.jpg 300w, https:\/\/richeskarayib.com\/wp-content\/uploads\/2025\/05\/LOUIS-DELGRES-768x510.jpg 768w, https:\/\/richeskarayib.com\/wp-content\/uploads\/2025\/05\/LOUIS-DELGRES-1320x877.jpg 1320w, https:\/\/richeskarayib.com\/wp-content\/uploads\/2025\/05\/LOUIS-DELGRES.jpg 1536w\" sizes=\"(max-width: 800px) 100vw, 800px\" \/>\t\t\t\t\t\t\t\t\t\t\t\t\t\t\t<\/div>\n\t\t\t\t<\/div>\n\t\t\t\t\t<\/div>\n\t\t<\/div>\n\t\t\t\t\t<\/div>\n\t\t<\/section>\n\t\t\t\t<div class=\"elementor-element elementor-element-a44df7c elementor-widget elementor-widget-text-editor\" data-id=\"a44df7c\" data-element_type=\"widget\" data-widget_type=\"text-editor.default\">\n\t\t\t\t<div class=\"elementor-widget-container\">\n\t\t\t\t\t\t\t\t\t<h3><b>Joseph Ignace y el enfrentamiento de Baimbridge<\/b><\/h3>\n<p><span style=\"font-weight: 400;\">Unos d\u00edas antes, <\/span><b>Joseph Ignace<\/b><span style=\"font-weight: 400;\">otro oficial insurgente, cay\u00f3 muerto en <\/span><b>Baimbridge<\/b><span style=\"font-weight: 400;\">En un intento desesperado de repeler a las tropas francesas que hab\u00edan venido a restablecer la esclavitud. Su valent\u00eda dej\u00f3 una impresi\u00f3n duradera. <\/span><\/p>\t\t\t\t\t\t\t\t<\/div>\n\t\t\t\t<\/div>\n\t\t\t\t<div class=\"elementor-element elementor-element-a8d26ca elementor-widget elementor-widget-image\" data-id=\"a8d26ca\" data-element_type=\"widget\" data-widget_type=\"image.default\">\n\t\t\t\t<div class=\"elementor-widget-container\">\n\t\t\t\t\t\t\t\t\t\t\t\t\t\t\t<img decoding=\"async\" width=\"696\" height=\"695\" src=\"https:\/\/richeskarayib.com\/wp-content\/uploads\/2025\/05\/Joseph-Ignace.webp\" class=\"attachment-large size-large wp-image-52767\" alt=\"esclavage en Guadeloupe\" srcset=\"https:\/\/richeskarayib.com\/wp-content\/uploads\/2025\/05\/Joseph-Ignace.webp 696w, https:\/\/richeskarayib.com\/wp-content\/uploads\/2025\/05\/Joseph-Ignace-300x300.webp 300w, https:\/\/richeskarayib.com\/wp-content\/uploads\/2025\/05\/Joseph-Ignace-150x150.webp 150w\" sizes=\"(max-width: 696px) 100vw, 696px\" \/>\t\t\t\t\t\t\t\t\t\t\t\t\t\t\t<\/div>\n\t\t\t\t<\/div>\n\t\t\t\t<div class=\"elementor-element elementor-element-48dfdbb elementor-widget elementor-widget-text-editor\" data-id=\"48dfdbb\" data-element_type=\"widget\" data-widget_type=\"text-editor.default\">\n\t\t\t\t<div class=\"elementor-widget-container\">\n\t\t\t\t\t\t\t\t\t<h3><b>La soledad: s\u00edmbolo de insubordinaci\u00f3n<\/b><\/h3>\n<p><span style=\"font-weight: 400;\">Entre los rostros de la resistencia, <\/span><b>Soledad<\/b><span style=\"font-weight: 400;\">luchadora de origen africano, tambi\u00e9n figura en esta tr\u00e1gica epopeya. Capturada estando embarazada, fue ejecutada en noviembre de 1802, al d\u00eda siguiente de dar a luz. Su destino encarna la lucha de las mujeres esclavizadas, a menudo invisible, pero igual de decisiva.  <\/span><\/p>\t\t\t\t\t\t\t\t<\/div>\n\t\t\t\t<\/div>\n\t\t\t\t\t<\/div>\n\t\t<\/div>\n\t\t\t\t\t<\/div>\n\t\t<\/section>\n\t\t\t\t<section class=\"elementor-section elementor-top-section elementor-element elementor-element-1a0b771 elementor-section-boxed elementor-section-height-default elementor-section-height-default\" data-id=\"1a0b771\" data-element_type=\"section\">\n\t\t\t\t\t\t<div class=\"elementor-container elementor-column-gap-default\">\n\t\t\t\t\t<div class=\"elementor-column elementor-col-100 elementor-top-column elementor-element elementor-element-345f4b7\" data-id=\"345f4b7\" data-element_type=\"column\">\n\t\t\t<div class=\"elementor-widget-wrap elementor-element-populated\">\n\t\t\t\t\t\t<div class=\"elementor-element elementor-element-d6a712a elementor-widget elementor-widget-heading\" data-id=\"d6a712a\" data-element_type=\"widget\" data-widget_type=\"heading.default\">\n\t\t\t\t<div class=\"elementor-widget-container\">\n\t\t\t\t\t<h2 class=\"elementor-heading-title elementor-size-default\">27 de mayo de 1848: un tenso punto de inflexi\u00f3n hist\u00f3rico<\/h2>\t\t\t\t<\/div>\n\t\t\t\t<\/div>\n\t\t\t\t<div class=\"elementor-element elementor-element-f9582c3 elementor-widget elementor-widget-text-editor\" data-id=\"f9582c3\" data-element_type=\"widget\" data-widget_type=\"text-editor.default\">\n\t\t\t\t<div class=\"elementor-widget-container\">\n\t\t\t\t\t\t\t\t\t<p><span style=\"font-weight: 400;\">El <\/span><b>decreto de abolici\u00f3n<\/b><span style=\"font-weight: 400;\"> se firm\u00f3 en Par\u00eds el <\/span><b>27 de abril de 1848<\/b><span style=\"font-weight: 400;\"> por el gobierno provisional de la Segunda Rep\u00fablica, dirigido por <\/span><b>Victor Sch\u0153lcher<\/b><span style=\"font-weight: 400;\">  y la Comisi\u00f3n de Emancipaci\u00f3n. Este texto preve\u00eda la abolici\u00f3n inmediata en todas las colonias francesas, pero su aplicaci\u00f3n llev\u00f3 tiempo. <\/span><\/p>\t\t\t\t\t\t\t\t<\/div>\n\t\t\t\t<\/div>\n\t\t\t\t<div class=\"elementor-element elementor-element-551c3ec elementor-widget elementor-widget-text-editor\" data-id=\"551c3ec\" data-element_type=\"widget\" data-widget_type=\"text-editor.default\">\n\t\t\t\t<div class=\"elementor-widget-container\">\n\t\t\t\t\t\t\t\t\t<p><span style=\"font-weight: 400;\">En <\/span><a href=\"https:\/\/richeskarayib.com\/es\/?p=52144\" target=\"_blank\" rel=\"noopener\"><b>Martinica<\/b><\/a><span style=\"font-weight: 400;\">estall\u00f3 una insurrecci\u00f3n el <\/span><b>22 de mayo<\/b><span style=\"font-weight: 400;\">lo que condujo a una pronta abolici\u00f3n. Temiendo el contagio en Guadalupe, el gobernador   <\/span><b>Jean-Fran\u00e7ois Layrle<\/b><span style=\"font-weight: 400;\"> proclama la<\/span><a href=\"https:\/\/memoire-esclavage.org\/commemoration-de-labolition-de-lesclavage-en-guadeloupe\" target=\"_blank\" rel=\"noopener nofollow\"><b>abolici\u00f3n de la esclavitud en Guadalupe<\/b><\/a><span style=\"font-weight: 400;\"> en <\/span><b>27 de mayo de 1848<\/b><span style=\"font-weight: 400;\">sin esperar a que llegara el decreto oficial. Su decisi\u00f3n, dictada m\u00e1s por las circunstancias que por un deseo humanista, apag\u00f3 un polvor\u00edn social a punto de estallar. <\/span><\/p>\n<p><span style=\"font-weight: 400;\">Ese d\u00eda <\/span><b>unas 87.000 personas<\/b><span style=\"font-weight: 400;\">  recuperar su libertad. L&#8217;<\/span><b>la abolici\u00f3n de la esclavitud en Guadalupe<\/b><span style=\"font-weight: 400;\"> se hizo realidad, fruto de la presi\u00f3n popular, del contexto geopol\u00edtico y de siglos de resistencia.<\/span><\/p>\t\t\t\t\t\t\t\t<\/div>\n\t\t\t\t<\/div>\n\t\t\t\t<section class=\"elementor-section elementor-inner-section elementor-element elementor-element-afc88dd elementor-section-boxed elementor-section-height-default elementor-section-height-default\" data-id=\"afc88dd\" data-element_type=\"section\">\n\t\t\t\t\t\t<div class=\"elementor-container elementor-column-gap-default\">\n\t\t\t\t\t<div class=\"elementor-column elementor-col-50 elementor-inner-column elementor-element elementor-element-66fcd85\" data-id=\"66fcd85\" data-element_type=\"column\">\n\t\t\t<div class=\"elementor-widget-wrap elementor-element-populated\">\n\t\t\t\t\t\t<div class=\"elementor-element elementor-element-85d7b71 elementor-widget elementor-widget-image\" data-id=\"85d7b71\" data-element_type=\"widget\" data-widget_type=\"image.default\">\n\t\t\t\t<div class=\"elementor-widget-container\">\n\t\t\t\t\t\t\t\t\t\t\t\t\t\t\t<img loading=\"lazy\" decoding=\"async\" width=\"730\" height=\"571\" src=\"https:\/\/richeskarayib.com\/wp-content\/uploads\/2025\/05\/2025-05-27_21h51_54.png\" class=\"attachment-large size-large wp-image-52771\" alt=\"esclavage en Guadeloupe\" srcset=\"https:\/\/richeskarayib.com\/wp-content\/uploads\/2025\/05\/2025-05-27_21h51_54.png 730w, https:\/\/richeskarayib.com\/wp-content\/uploads\/2025\/05\/2025-05-27_21h51_54-300x235.png 300w\" sizes=\"(max-width: 730px) 100vw, 730px\" \/>\t\t\t\t\t\t\t\t\t\t\t\t\t\t\t<\/div>\n\t\t\t\t<\/div>\n\t\t\t\t\t<\/div>\n\t\t<\/div>\n\t\t\t\t<div class=\"elementor-column elementor-col-50 elementor-inner-column elementor-element elementor-element-d1ce585\" data-id=\"d1ce585\" data-element_type=\"column\">\n\t\t\t<div class=\"elementor-widget-wrap elementor-element-populated\">\n\t\t\t\t\t\t<div class=\"elementor-element elementor-element-5e51331 elementor-widget elementor-widget-image\" data-id=\"5e51331\" data-element_type=\"widget\" data-widget_type=\"image.default\">\n\t\t\t\t<div class=\"elementor-widget-container\">\n\t\t\t\t\t\t\t\t\t\t\t\t\t\t\t<img loading=\"lazy\" decoding=\"async\" width=\"528\" height=\"668\" src=\"https:\/\/richeskarayib.com\/wp-content\/uploads\/2025\/05\/2025-05-27_21h52_47.png\" class=\"attachment-large size-large wp-image-52775\" alt=\"esclavage en Guadeloupe\" srcset=\"https:\/\/richeskarayib.com\/wp-content\/uploads\/2025\/05\/2025-05-27_21h52_47.png 528w, https:\/\/richeskarayib.com\/wp-content\/uploads\/2025\/05\/2025-05-27_21h52_47-237x300.png 237w\" sizes=\"(max-width: 528px) 100vw, 528px\" \/>\t\t\t\t\t\t\t\t\t\t\t\t\t\t\t<\/div>\n\t\t\t\t<\/div>\n\t\t\t\t\t<\/div>\n\t\t<\/div>\n\t\t\t\t\t<\/div>\n\t\t<\/section>\n\t\t\t\t\t<\/div>\n\t\t<\/div>\n\t\t\t\t\t<\/div>\n\t\t<\/section>\n\t\t\t\t<section class=\"elementor-section elementor-top-section elementor-element elementor-element-75226b9 elementor-section-boxed elementor-section-height-default elementor-section-height-default\" data-id=\"75226b9\" data-element_type=\"section\">\n\t\t\t\t\t\t<div class=\"elementor-container elementor-column-gap-default\">\n\t\t\t\t\t<div class=\"elementor-column elementor-col-100 elementor-top-column elementor-element elementor-element-992e41e\" data-id=\"992e41e\" data-element_type=\"column\">\n\t\t\t<div class=\"elementor-widget-wrap elementor-element-populated\">\n\t\t\t\t\t\t<div class=\"elementor-element elementor-element-b7fae28 elementor-widget elementor-widget-heading\" data-id=\"b7fae28\" data-element_type=\"widget\" data-widget_type=\"heading.default\">\n\t\t\t\t<div class=\"elementor-widget-container\">\n\t\t\t\t\t<h2 class=\"elementor-heading-title elementor-size-default\">Una memoria viva: ceremonias y cuestiones actuales<\/h2>\t\t\t\t<\/div>\n\t\t\t\t<\/div>\n\t\t\t\t<div class=\"elementor-element elementor-element-0431e8e elementor-widget elementor-widget-text-editor\" data-id=\"0431e8e\" data-element_type=\"widget\" data-widget_type=\"text-editor.default\">\n\t\t\t\t<div class=\"elementor-widget-container\">\n\t\t\t\t\t\t\t\t\t<h3><b>Calendario conmemorativo de Guadalupe<\/b><\/h3>\n<p><span style=\"font-weight: 400;\">Desde <\/span><b>1983<\/b><span style=\"font-weight: 400;\">el <\/span><b>27 de mayo es festivo<\/b><span style=\"font-weight: 400;\">  en Guadalupe. \u00c0   <\/span><b>Basse-Terre<\/b><span style=\"font-weight: 400;\">se celebr\u00f3 una ceremonia oficial en <\/span><b>Fuerte Delgr\u00e8s<\/b><span style=\"font-weight: 400;\">un lugar simb\u00f3lico, con discursos, conciertos, lecturas y actuaciones art\u00edsticas.<\/span><\/p>\n<p><span style=\"font-weight: 400;\">\u00c0 <\/span><b>Pointe-\u00e0-Pitre<\/b><span style=\"font-weight: 400;\">se celebra una misa en la iglesia de Saint-Pierre-et-Saint-Paul, a menudo presidida por <\/span><b>el obispo Philippe Guiougou<\/b><span style=\"font-weight: 400;\">en memoria de las v\u00edctimas de la esclavitud. Este momento solemne contin\u00faa la memoria de los <\/span><a href=\"https:\/\/outremermemory.com\/27-mai-1848\/\" target=\"_blank\" rel=\"noopener nofollow\"><b>abolici\u00f3n de la esclavitud en Guadalupe<\/b><\/a><span style=\"font-weight: 400;\"> en un marco espiritual.<\/span><\/p>\t\t\t\t\t\t\t\t<\/div>\n\t\t\t\t<\/div>\n\t\t\t\t<div class=\"elementor-element elementor-element-25958f9 elementor-widget elementor-widget-text-editor\" data-id=\"25958f9\" data-element_type=\"widget\" data-widget_type=\"text-editor.default\">\n\t\t\t\t<div class=\"elementor-widget-container\">\n\t\t\t\t\t\t\t\t\t<h3><b>El Memorial ACTe: transmisi\u00f3n y reflexi\u00f3n<\/b><\/h3>\n<p><span style=\"font-weight: 400;\">A tiro de piedra del hist\u00f3rico puerto negrero de Pointe-\u00e0-Pitre, el <\/span><b>Memorial ACTe<\/b><span style=\"font-weight: 400;\">  es el coraz\u00f3n palpitante de esta memoria. Su arquitectura negra, parecida a una ra\u00edz, simboliza el sufrimiento, pero tambi\u00e9n la resistencia. Visita    <\/span><b>10 de mayo de 2025<\/b><span style=\"font-weight: 400;\">como parte del <\/span><b>D\u00eda Nacional del Recuerdo de la Trata de Esclavos<\/b><span style=\"font-weight: 400;\">All\u00ed se celebr\u00f3 una ceremonia que demostr\u00f3 el entrelazamiento de la memoria local y la historia global. L&#8217;<\/span><b>abolici\u00f3n de la esclavitud en Guadalupe<\/b><span style=\"font-weight: 400;\"> desempe\u00f1a un papel central en las exposiciones permanentes y en los recorridos sensoriales.<\/span><\/p>\t\t\t\t\t\t\t\t<\/div>\n\t\t\t\t<\/div>\n\t\t\t\t<div class=\"elementor-element elementor-element-bb82175 elementor-widget elementor-widget-text-editor\" data-id=\"bb82175\" data-element_type=\"widget\" data-widget_type=\"text-editor.default\">\n\t\t\t\t<div class=\"elementor-widget-container\">\n\t\t\t\t\t\t\t\t\t<h3><b>El LKP y la lucha contra los legados coloniales<\/b><\/h3>\n<p><span style=\"font-weight: 400;\">El colectivo <\/span><b>Liyannaj Kont Pwofitasyon (LKP)<\/b><span style=\"font-weight: 400;\"> organiza cada a\u00f1o su festival <\/span><b>\u201cfestival\u201d mach\u00e9 pou sonj\u00e9 \/ mach\u00e9 pou lit\u00e9<\/b><span style=\"font-weight: 400;\">. Esta marcha, a la vez conmemorativa y de protesta, es un recordatorio de que los efectos de la esclavitud no se limitan al pasado:  <\/span><b>desigualdad econ\u00f3mica, acceso a la tierra, discriminaci\u00f3n<\/b><span style=\"font-weight: 400;\"> siguen siendo luchas actuales vinculadas al legado de la<\/span><b>abolici\u00f3n de la esclavitud en Guadalupe<\/b><span style=\"font-weight: 400;\">.<\/span><\/p>\t\t\t\t\t\t\t\t<\/div>\n\t\t\t\t<\/div>\n\t\t\t\t<section class=\"elementor-section elementor-inner-section elementor-element elementor-element-9dc114d elementor-section-boxed elementor-section-height-default elementor-section-height-default\" data-id=\"9dc114d\" data-element_type=\"section\">\n\t\t\t\t\t\t<div class=\"elementor-container elementor-column-gap-default\">\n\t\t\t\t\t<div class=\"elementor-column elementor-col-50 elementor-inner-column elementor-element elementor-element-3f2bc41\" data-id=\"3f2bc41\" data-element_type=\"column\">\n\t\t\t<div class=\"elementor-widget-wrap elementor-element-populated\">\n\t\t\t\t\t\t<div class=\"elementor-element elementor-element-d9d5e00 elementor-widget elementor-widget-image\" data-id=\"d9d5e00\" data-element_type=\"widget\" data-widget_type=\"image.default\">\n\t\t\t\t<div class=\"elementor-widget-container\">\n\t\t\t\t\t\t\t\t\t\t\t\t\t\t\t<img loading=\"lazy\" decoding=\"async\" width=\"800\" height=\"450\" src=\"https:\/\/richeskarayib.com\/wp-content\/uploads\/2025\/05\/20180314-101605-largejpg.jpg\" class=\"attachment-large size-large wp-image-52779\" alt=\"esclavage en Guadeloupe\" srcset=\"https:\/\/richeskarayib.com\/wp-content\/uploads\/2025\/05\/20180314-101605-largejpg.jpg 1000w, https:\/\/richeskarayib.com\/wp-content\/uploads\/2025\/05\/20180314-101605-largejpg-300x169.jpg 300w, https:\/\/richeskarayib.com\/wp-content\/uploads\/2025\/05\/20180314-101605-largejpg-768x432.jpg 768w\" sizes=\"(max-width: 800px) 100vw, 800px\" \/>\t\t\t\t\t\t\t\t\t\t\t\t\t\t\t<\/div>\n\t\t\t\t<\/div>\n\t\t\t\t\t<\/div>\n\t\t<\/div>\n\t\t\t\t<div class=\"elementor-column elementor-col-50 elementor-inner-column elementor-element elementor-element-30e2a95\" data-id=\"30e2a95\" data-element_type=\"column\">\n\t\t\t<div class=\"elementor-widget-wrap elementor-element-populated\">\n\t\t\t\t\t\t<div class=\"elementor-element elementor-element-2cd88df elementor-widget elementor-widget-image\" data-id=\"2cd88df\" data-element_type=\"widget\" data-widget_type=\"image.default\">\n\t\t\t\t<div class=\"elementor-widget-container\">\n\t\t\t\t\t\t\t\t\t\t\t\t\t\t\t<img loading=\"lazy\" decoding=\"async\" width=\"800\" height=\"600\" src=\"https:\/\/richeskarayib.com\/wp-content\/uploads\/2025\/05\/n-hesitez-pas-a-emprunter.jpg\" class=\"attachment-large size-large wp-image-52783\" alt=\"esclavage en Guadeloupe\" srcset=\"https:\/\/richeskarayib.com\/wp-content\/uploads\/2025\/05\/n-hesitez-pas-a-emprunter.jpg 1000w, https:\/\/richeskarayib.com\/wp-content\/uploads\/2025\/05\/n-hesitez-pas-a-emprunter-300x225.jpg 300w, https:\/\/richeskarayib.com\/wp-content\/uploads\/2025\/05\/n-hesitez-pas-a-emprunter-768x576.jpg 768w\" sizes=\"(max-width: 800px) 100vw, 800px\" \/>\t\t\t\t\t\t\t\t\t\t\t\t\t\t\t<\/div>\n\t\t\t\t<\/div>\n\t\t\t\t\t<\/div>\n\t\t<\/div>\n\t\t\t\t\t<\/div>\n\t\t<\/section>\n\t\t\t\t\t<\/div>\n\t\t<\/div>\n\t\t\t\t\t<\/div>\n\t\t<\/section>\n\t\t\t\t<section class=\"elementor-section elementor-top-section elementor-element elementor-element-68af3bb elementor-section-boxed elementor-section-height-default elementor-section-height-default\" data-id=\"68af3bb\" data-element_type=\"section\">\n\t\t\t\t\t\t<div class=\"elementor-container elementor-column-gap-default\">\n\t\t\t\t\t<div class=\"elementor-column elementor-col-100 elementor-top-column elementor-element elementor-element-5dd556b\" data-id=\"5dd556b\" data-element_type=\"column\">\n\t\t\t<div class=\"elementor-widget-wrap elementor-element-populated\">\n\t\t\t\t\t\t<div class=\"elementor-element elementor-element-b557600 elementor-widget elementor-widget-heading\" data-id=\"b557600\" data-element_type=\"widget\" data-widget_type=\"heading.default\">\n\t\t\t\t<div class=\"elementor-widget-container\">\n\t\t\t\t\t<h2 class=\"elementor-heading-title elementor-size-default\">Memoria cr\u00edtica: m\u00e1s all\u00e1 del mito de Sch\u0153lcher<\/h2>\t\t\t\t<\/div>\n\t\t\t\t<\/div>\n\t\t\t\t<div class=\"elementor-element elementor-element-a4b55e0 elementor-widget elementor-widget-text-editor\" data-id=\"a4b55e0\" data-element_type=\"widget\" data-widget_type=\"text-editor.default\">\n\t\t\t\t<div class=\"elementor-widget-container\">\n\t\t\t\t\t\t\t\t\t<p><span style=\"font-weight: 400;\">Durante mucho tiempo, la historia de la abolici\u00f3n se cont\u00f3 \u00fanicamente a trav\u00e9s del prisma de <\/span><b>Sch\u0153lcher<\/b><span style=\"font-weight: 400;\">a menudo glorificado. Pero los historiadores contempor\u00e1neos insisten en la necesidad de reequilibrar la memoria. Como sugiere    <\/span><b>Aim\u00e9 C\u00e9saire<\/b><span style=\"font-weight: 400;\">Sin su resistencia, ning\u00fan decreto habr\u00eda sido eficaz. Este enfoque cr\u00edtico permite comprender mejor la <\/span><b>abolici\u00f3n de la esclavitud en Guadalupe<\/b><span style=\"font-weight: 400;\">.<\/span><\/p>\t\t\t\t\t\t\t\t<\/div>\n\t\t\t\t<\/div>\n\t\t\t\t<div class=\"elementor-element elementor-element-43080b8 elementor-widget elementor-widget-text-editor\" data-id=\"43080b8\" data-element_type=\"widget\" data-widget_type=\"text-editor.default\">\n\t\t\t\t<div class=\"elementor-widget-container\">\n\t\t\t\t\t\t\t\t\t<p><span style=\"font-weight: 400;\">La reciente controversia en torno a las <\/span><b>estatuas de Sch\u0153lcher<\/b><span style=\"font-weight: 400;\"> nos recuerda que esta memoria sigue <\/span><b>viva, impugnada y debatida<\/b><span style=\"font-weight: 400;\">  &#8211; y \u00e9sa es su fuerza. Cuestiona el presente tanto como ilumina el pasado. <\/span><\/p>\t\t\t\t\t\t\t\t<\/div>\n\t\t\t\t<\/div>\n\t\t\t\t\t<\/div>\n\t\t<\/div>\n\t\t\t\t\t<\/div>\n\t\t<\/section>\n\t\t\t\t<section class=\"elementor-section elementor-top-section elementor-element elementor-element-1f96475 elementor-section-boxed elementor-section-height-default elementor-section-height-default\" data-id=\"1f96475\" data-element_type=\"section\">\n\t\t\t\t\t\t<div class=\"elementor-container elementor-column-gap-default\">\n\t\t\t\t\t<div class=\"elementor-column elementor-col-100 elementor-top-column elementor-element elementor-element-3b5f97e\" data-id=\"3b5f97e\" data-element_type=\"column\">\n\t\t\t<div class=\"elementor-widget-wrap elementor-element-populated\">\n\t\t\t\t\t\t<div class=\"elementor-element elementor-element-8b0510a elementor-widget elementor-widget-text-editor\" data-id=\"8b0510a\" data-element_type=\"widget\" data-widget_type=\"text-editor.default\">\n\t\t\t\t<div class=\"elementor-widget-container\">\n\t\t\t\t\t\t\t\t\t<p><span style=\"font-weight: 400;\">L&#8217;<\/span><b>abolici\u00f3n de la esclavitud en Guadalupe<\/b><span style=\"font-weight: 400;\">  es mucho m\u00e1s que un acontecimiento hist\u00f3rico. Es un   <\/span><b>memoria activa<\/b><span style=\"font-weight: 400;\">Un recordatorio de lo que significa recuperar la dignidad. Cada 27 de mayo, al son de los tambores de la   <\/span><b>&#8221; kout tanbou<\/b><span style=\"font-weight: 400;\">Guadalupe honra a sus h\u00e9roes: <\/span><b>Delgr\u00e8s, Ignace, Solitude<\/b><span style=\"font-weight: 400;\">.<\/span><\/p>\n<p><span style=\"font-weight: 400;\">Pero tambi\u00e9n cuestiona sus retos contempor\u00e1neos. Porque un pueblo que conoce su pasado est\u00e1 mejor preparado para   <\/span><b>transformando tu futuro<\/b><span style=\"font-weight: 400;\">. Es aqu\u00ed, m\u00e1s all\u00e1 de la conmemoraci\u00f3n, donde reside el verdadero poder de esta fecha:  <\/span><b>en un compromiso de no olvidar nunca, y de continuar la lucha por la justicia.<\/b><\/p>\t\t\t\t\t\t\t\t<\/div>\n\t\t\t\t<\/div>\n\t\t\t\t\t<\/div>\n\t\t<\/div>\n\t\t\t\t\t<\/div>\n\t\t<\/section>\n\t\t\t\t<\/div>\n\t\t","protected":false},"excerpt":{"rendered":"<p>L&#8217;abolici\u00f3n de la esclavitud en Guadalupeproclamada el 27 de mayo de 1848Cada a\u00f1o, este d\u00eda es un punzante recordatorio de la libertad conquistada mediante el derramamiento de sangre y la resistencia. Esta importante fecha marca un punto de inflexi\u00f3n en la historia de las Indias Occidentales: el fin de un sistema basado en el comercio [&hellip;]<\/p>\n","protected":false},"author":662,"featured_media":52755,"comment_status":"open","ping_status":"open","sticky":false,"template":"","format":"standard","meta":{"_acf_changed":false,"footnotes":""},"categories":[1469],"tags":[1547],"class_list":["post-52785","post","type-post","status-publish","format-standard","has-post-thumbnail","hentry","category-historia-patrimonio","tag-guadalupe"],"acf":[],"_links":{"self":[{"href":"https:\/\/richeskarayib.com\/es\/wp-json\/wp\/v2\/posts\/52785","targetHints":{"allow":["GET"]}}],"collection":[{"href":"https:\/\/richeskarayib.com\/es\/wp-json\/wp\/v2\/posts"}],"about":[{"href":"https:\/\/richeskarayib.com\/es\/wp-json\/wp\/v2\/types\/post"}],"author":[{"embeddable":true,"href":"https:\/\/richeskarayib.com\/es\/wp-json\/wp\/v2\/users\/662"}],"replies":[{"embeddable":true,"href":"https:\/\/richeskarayib.com\/es\/wp-json\/wp\/v2\/comments?post=52785"}],"version-history":[{"count":0,"href":"https:\/\/richeskarayib.com\/es\/wp-json\/wp\/v2\/posts\/52785\/revisions"}],"wp:featuredmedia":[{"embeddable":true,"href":"https:\/\/richeskarayib.com\/es\/wp-json\/wp\/v2\/media\/52755"}],"wp:attachment":[{"href":"https:\/\/richeskarayib.com\/es\/wp-json\/wp\/v2\/media?parent=52785"}],"wp:term":[{"taxonomy":"category","embeddable":true,"href":"https:\/\/richeskarayib.com\/es\/wp-json\/wp\/v2\/categories?post=52785"},{"taxonomy":"post_tag","embeddable":true,"href":"https:\/\/richeskarayib.com\/es\/wp-json\/wp\/v2\/tags?post=52785"}],"curies":[{"name":"wp","href":"https:\/\/api.w.org\/{rel}","templated":true}]}}