{"id":52910,"date":"2025-05-29T04:08:52","date_gmt":"2025-05-29T08:08:52","guid":{"rendered":"https:\/\/richeskarayib.com\/san-martin-air-caraibes-relanzara-el-servicio-paris-orly-san-martin-juliana-a-partir-de-diciembre-de-2025\/"},"modified":"2025-05-29T04:08:52","modified_gmt":"2025-05-29T08:08:52","slug":"san-martin-air-caraibes-relanzara-el-servicio-paris-orly-san-martin-juliana-a-partir-de-diciembre-de-2025","status":"publish","type":"post","link":"https:\/\/richeskarayib.com\/es\/san-martin-air-caraibes-relanzara-el-servicio-paris-orly-san-martin-juliana-a-partir-de-diciembre-de-2025\/","title":{"rendered":"San Mart\u00edn &#8211; Air Cara\u00efbes relanzar\u00e1 el servicio Par\u00eds-Orly &#8211; San Mart\u00edn Juliana a partir de diciembre de 2025"},"content":{"rendered":"\t\t<div data-elementor-type=\"wp-post\" data-elementor-id=\"52910\" class=\"elementor elementor-52910 elementor-52872\" data-elementor-post-type=\"post\">\n\t\t\t\t\t\t<section class=\"elementor-section elementor-top-section elementor-element elementor-element-16ba7e0 elementor-section-boxed elementor-section-height-default elementor-section-height-default\" data-id=\"16ba7e0\" data-element_type=\"section\">\n\t\t\t\t\t\t<div class=\"elementor-container elementor-column-gap-default\">\n\t\t\t\t\t<div class=\"elementor-column elementor-col-100 elementor-top-column elementor-element elementor-element-f6fb52b\" data-id=\"f6fb52b\" data-element_type=\"column\">\n\t\t\t<div class=\"elementor-widget-wrap elementor-element-populated\">\n\t\t\t\t\t\t<div class=\"elementor-element elementor-element-0ce05bd elementor-widget elementor-widget-heading\" data-id=\"0ce05bd\" data-element_type=\"widget\" data-widget_type=\"heading.default\">\n\t\t\t\t<div class=\"elementor-widget-container\">\n\t\t\t\t\t<h2 class=\"elementor-heading-title elementor-size-default\">Nuevo impulso al servicio Par\u00eds-Orly - Saint-Martin Juliana<\/h2>\t\t\t\t<\/div>\n\t\t\t\t<\/div>\n\t\t\t\t<div class=\"elementor-element elementor-element-f5427b4 elementor-widget elementor-widget-text-editor\" data-id=\"f5427b4\" data-element_type=\"widget\" data-widget_type=\"text-editor.default\">\n\t\t\t\t<div class=\"elementor-widget-container\">\n\t\t\t\t\t\t\t\t\t<p><span style=\"font-weight: 400;\"><a href=\"https:\/\/www.aircaraibes.com\/compagnie\/flotte\" target=\"_blank\" rel=\"noopener nofollow\">Air Cara\u00efbes<\/a> relanza el servicio directo Par\u00eds-Orly &#8211; <a href=\"https:\/\/richeskarayib.com\/es\/?p=51561\" target=\"_blank\" rel=\"noopener\">Saint-Martin<\/a> Juliana a partir de diciembre de 2025. Se trata de un anuncio que encantar\u00e1 tanto a los viajeros habituales como a los curiosos del Caribe. Tras un par\u00e9ntesis de tres a\u00f1os, la compa\u00f1\u00eda reaparece en esta ruta, en respuesta a la creciente demanda de vuelos directos, fiables y regulares entre Francia y la parte neerlandesa de Saint-Martin. Este relanzamiento marca un punto de inflexi\u00f3n en la estrategia de Air Cara\u00efbes, que pretende reforzar su presencia en un mercado transatl\u00e1ntico muy codiciado.   <\/span><\/p>\t\t\t\t\t\t\t\t<\/div>\n\t\t\t\t<\/div>\n\t\t\t\t\t<\/div>\n\t\t<\/div>\n\t\t\t\t\t<\/div>\n\t\t<\/section>\n\t\t\t\t<section class=\"elementor-section elementor-top-section elementor-element elementor-element-7c727fe elementor-section-boxed elementor-section-height-default elementor-section-height-default\" data-id=\"7c727fe\" data-element_type=\"section\">\n\t\t\t\t\t\t<div class=\"elementor-container elementor-column-gap-default\">\n\t\t\t\t\t<div class=\"elementor-column elementor-col-100 elementor-top-column elementor-element elementor-element-2675508\" data-id=\"2675508\" data-element_type=\"column\">\n\t\t\t<div class=\"elementor-widget-wrap elementor-element-populated\">\n\t\t\t\t\t\t<div class=\"elementor-element elementor-element-86f7f71 elementor-widget elementor-widget-heading\" data-id=\"86f7f71\" data-element_type=\"widget\" data-widget_type=\"heading.default\">\n\t\t\t\t<div class=\"elementor-widget-container\">\n\t\t\t\t\t<h2 class=\"elementor-heading-title elementor-size-default\">\u00bfPor qu\u00e9 hemos estado esperando este regreso?<\/h2>\t\t\t\t<\/div>\n\t\t\t\t<\/div>\n\t\t\t\t<div class=\"elementor-element elementor-element-1931a91 elementor-widget elementor-widget-text-editor\" data-id=\"1931a91\" data-element_type=\"widget\" data-widget_type=\"text-editor.default\">\n\t\t\t\t<div class=\"elementor-widget-container\">\n\t\t\t\t\t\t\t\t\t<p><span style=\"font-weight: 400;\">La suspensi\u00f3n del servicio en 2022 dej\u00f3 un vac\u00edo que fue cubierto temporalmente por Air France. Pero para muchos pasajeros, faltaba el servicio \u00fanico de<a href=\"https:\/\/www.air-journal.fr\/2025-05-13-air-caraibes-reliera-paris-orly-et-saint-martin-juliana-des-decembre-2025-5262790.html\" target=\"_blank\" rel=\"noopener nofollow\">Air Cara\u00efbes<\/a>. El anuncio de que el servicio se reanudar\u00eda en 2024 suscit\u00f3 esperanzas, que se vieron r\u00e1pidamente frustradas por la cancelaci\u00f3n debida a la incertidumbre econ\u00f3mica. Esta vez, la compa\u00f1\u00eda vuelve con una oferta s\u00f3lida, animada por un contexto m\u00e1s favorable y un fuerte aumento de la demanda tur\u00edstica y familiar.   <\/span><\/p>\t\t\t\t\t\t\t\t<\/div>\n\t\t\t\t<\/div>\n\t\t\t\t<section class=\"elementor-section elementor-inner-section elementor-element elementor-element-0106466 elementor-section-boxed elementor-section-height-default elementor-section-height-default\" data-id=\"0106466\" data-element_type=\"section\">\n\t\t\t\t\t\t<div class=\"elementor-container elementor-column-gap-default\">\n\t\t\t\t\t<div class=\"elementor-column elementor-col-100 elementor-inner-column elementor-element elementor-element-343f83a\" data-id=\"343f83a\" data-element_type=\"column\">\n\t\t\t<div class=\"elementor-widget-wrap elementor-element-populated\">\n\t\t\t\t\t\t<div class=\"elementor-element elementor-element-5ba43a6 elementor-widget elementor-widget-image\" data-id=\"5ba43a6\" data-element_type=\"widget\" data-widget_type=\"image.default\">\n\t\t\t\t<div class=\"elementor-widget-container\">\n\t\t\t\t\t\t\t\t\t\t\t\t\t\t\t<img fetchpriority=\"high\" decoding=\"async\" width=\"800\" height=\"450\" src=\"https:\/\/richeskarayib.com\/wp-content\/uploads\/2025\/05\/481087357_8812912912145892_4651711194491956989_n-1024x576.jpg\" class=\"attachment-large size-large wp-image-52908\" alt=\"\u00a9Air Cara\u00efbes\" srcset=\"https:\/\/richeskarayib.com\/wp-content\/uploads\/2025\/05\/481087357_8812912912145892_4651711194491956989_n-1024x576.jpg 1024w, https:\/\/richeskarayib.com\/wp-content\/uploads\/2025\/05\/481087357_8812912912145892_4651711194491956989_n-300x169.jpg 300w, https:\/\/richeskarayib.com\/wp-content\/uploads\/2025\/05\/481087357_8812912912145892_4651711194491956989_n-768x432.jpg 768w, https:\/\/richeskarayib.com\/wp-content\/uploads\/2025\/05\/481087357_8812912912145892_4651711194491956989_n-1536x864.jpg 1536w, https:\/\/richeskarayib.com\/wp-content\/uploads\/2025\/05\/481087357_8812912912145892_4651711194491956989_n-1320x743.jpg 1320w, https:\/\/richeskarayib.com\/wp-content\/uploads\/2025\/05\/481087357_8812912912145892_4651711194491956989_n.jpg 1920w\" sizes=\"(max-width: 800px) 100vw, 800px\" \/>\t\t\t\t\t\t\t\t\t\t\t\t\t\t\t<\/div>\n\t\t\t\t<\/div>\n\t\t\t\t\t<\/div>\n\t\t<\/div>\n\t\t\t\t\t<\/div>\n\t\t<\/section>\n\t\t\t\t\t<\/div>\n\t\t<\/div>\n\t\t\t\t\t<\/div>\n\t\t<\/section>\n\t\t\t\t<section class=\"elementor-section elementor-top-section elementor-element elementor-element-1a0b771 elementor-section-boxed elementor-section-height-default elementor-section-height-default\" data-id=\"1a0b771\" data-element_type=\"section\">\n\t\t\t\t\t\t<div class=\"elementor-container elementor-column-gap-default\">\n\t\t\t\t\t<div class=\"elementor-column elementor-col-100 elementor-top-column elementor-element elementor-element-345f4b7\" data-id=\"345f4b7\" data-element_type=\"column\">\n\t\t\t<div class=\"elementor-widget-wrap elementor-element-populated\">\n\t\t\t\t\t\t<div class=\"elementor-element elementor-element-d6a712a elementor-widget elementor-widget-heading\" data-id=\"d6a712a\" data-element_type=\"widget\" data-widget_type=\"heading.default\">\n\t\t\t\t<div class=\"elementor-widget-container\">\n\t\t\t\t\t<h2 class=\"elementor-heading-title elementor-size-default\">Detalles del servicio directo Par\u00eds-Orly - Saint-Martin Juliana<\/h2>\t\t\t\t<\/div>\n\t\t\t\t<\/div>\n\t\t\t\t<div class=\"elementor-element elementor-element-f9582c3 elementor-widget elementor-widget-text-editor\" data-id=\"f9582c3\" data-element_type=\"widget\" data-widget_type=\"text-editor.default\">\n\t\t\t\t<div class=\"elementor-widget-container\">\n\t\t\t\t\t\t\t\t\t<h3><b>Frecuencias, horarios y tipo de equipo<\/b><\/h3><p><span style=\"font-weight: 400;\">A partir del 12 de diciembre de 2025, <a href=\"https:\/\/www.lechotouristique.com\/article\/air-caraibes-relance-finalement-sa-ligne-directe-entre-paris-et-saint-martin-juliana\" target=\"_blank\" rel=\"noopener nofollow\">Air Cara\u00efbes<\/a> ofrecer\u00e1 tres vuelos semanales, los lunes, mi\u00e9rcoles y viernes, entre Par\u00eds-Orly (ORY) y el aeropuerto Princesa Juliana (SXM). La salida de Orly est\u00e1 prevista a las 11.45 para llegar a San Mart\u00edn a las 15.45. El vuelo de vuelta es a las 18.30 h, con llegada a Par\u00eds a las 7.40 h del d\u00eda siguiente. Los vuelos ser\u00e1n operados por Airbus A330-200, un avi\u00f3n famoso por su fiabilidad y comodidad, configurado para 303 pasajeros.   <\/span><\/p>\t\t\t\t\t\t\t\t<\/div>\n\t\t\t\t<\/div>\n\t\t\t\t<div class=\"elementor-element elementor-element-f5bb3d8 elementor-widget elementor-widget-text-editor\" data-id=\"f5bb3d8\" data-element_type=\"widget\" data-widget_type=\"text-editor.default\">\n\t\t\t\t<div class=\"elementor-widget-container\">\n\t\t\t\t\t\t\t\t\t<h3><b>Tres clases para todos los perfiles de viajero<\/b><\/h3><p><span style=\"font-weight: 400;\">A bordo, <a href=\"https:\/\/web.facebook.com\/aircaraibes\" target=\"_blank\" rel=\"noopener nofollow\">Air Cara\u00efbes<\/a> ofrece tres clases distintas que se adaptan a todas las necesidades:<\/span><\/p><ul><li style=\"font-weight: 400;\" aria-level=\"1\"><span style=\"font-weight: 400;\"><strong>Clase Soleil:<\/strong> 267 plazas para pasajeros que buscan una tarifa atractiva sin renunciar a la calidad.<\/span><\/li><li style=\"font-weight: 400;\" aria-level=\"1\"><strong>Clase Caribe:<\/strong> 24 asientos premium para quienes deseen m\u00e1s espacio y servicios.<\/li><li style=\"font-weight: 400;\" aria-level=\"1\"><strong>Clase Madras:<\/strong> 12 plazas dedicadas a los viajeros de negocios o a los que buscan una experiencia de alta gama.<\/li><\/ul>\t\t\t\t\t\t\t\t<\/div>\n\t\t\t\t<\/div>\n\t\t\t\t<div class=\"elementor-element elementor-element-de20a33 elementor-widget elementor-widget-text-editor\" data-id=\"de20a33\" data-element_type=\"widget\" data-widget_type=\"text-editor.default\">\n\t\t\t\t<div class=\"elementor-widget-container\">\n\t\t\t\t\t\t\t\t\t<h3><b>Precios y apertura de reservas<\/b><\/h3><p><span style=\"font-weight: 400;\">Las reservas para esta ruta est\u00e1n abiertas desde el 12 de mayo de 2025. Las tarifas de ida y vuelta son a partir de 699 euros en clase Soleil, 999 euros en clase Cara\u00efbes y 1.999 euros en clase Madras. Esta pol\u00edtica de tarifas permite que cada cual encuentre una oferta adaptada a su presupuesto y a sus expectativas, benefici\u00e1ndose al mismo tiempo de la experiencia de Air Cara\u00efbes.  <\/span><\/p>\t\t\t\t\t\t\t\t<\/div>\n\t\t\t\t<\/div>\n\t\t\t\t<section class=\"elementor-section elementor-inner-section elementor-element elementor-element-6e87fe9 elementor-section-boxed elementor-section-height-default elementor-section-height-default\" data-id=\"6e87fe9\" data-element_type=\"section\">\n\t\t\t\t\t\t<div class=\"elementor-container elementor-column-gap-default\">\n\t\t\t\t\t<div class=\"elementor-column elementor-col-100 elementor-inner-column elementor-element elementor-element-eb0b39e\" data-id=\"eb0b39e\" data-element_type=\"column\">\n\t\t\t<div class=\"elementor-widget-wrap elementor-element-populated\">\n\t\t\t\t\t\t<div class=\"elementor-element elementor-element-0cb21ad elementor-widget elementor-widget-image\" data-id=\"0cb21ad\" data-element_type=\"widget\" data-widget_type=\"image.default\">\n\t\t\t\t<div class=\"elementor-widget-container\">\n\t\t\t\t\t\t\t\t\t\t\t\t<figure class=\"wp-caption\">\n\t\t\t\t\t\t\t\t\t\t<img decoding=\"async\" width=\"800\" height=\"449\" src=\"https:\/\/richeskarayib.com\/wp-content\/uploads\/2025\/05\/AIr-Caraibes-1024x575.jpg\" class=\"attachment-large size-large wp-image-52892\" alt=\"Air Cara\u00efbes\" srcset=\"https:\/\/richeskarayib.com\/wp-content\/uploads\/2025\/05\/AIr-Caraibes-1024x575.jpg 1024w, https:\/\/richeskarayib.com\/wp-content\/uploads\/2025\/05\/AIr-Caraibes-300x169.jpg 300w, https:\/\/richeskarayib.com\/wp-content\/uploads\/2025\/05\/AIr-Caraibes-768x431.jpg 768w, https:\/\/richeskarayib.com\/wp-content\/uploads\/2025\/05\/AIr-Caraibes.jpg 1200w\" sizes=\"(max-width: 800px) 100vw, 800px\" \/>\t\t\t\t\t\t\t\t\t\t\t<figcaption class=\"widget-image-caption wp-caption-text\">\u00a9Air Cara\u00efbes<\/figcaption>\n\t\t\t\t\t\t\t\t\t\t<\/figure>\n\t\t\t\t\t\t\t\t\t<\/div>\n\t\t\t\t<\/div>\n\t\t\t\t\t<\/div>\n\t\t<\/div>\n\t\t\t\t\t<\/div>\n\t\t<\/section>\n\t\t\t\t\t<\/div>\n\t\t<\/div>\n\t\t\t\t\t<\/div>\n\t\t<\/section>\n\t\t\t\t<section class=\"elementor-section elementor-top-section elementor-element elementor-element-75226b9 elementor-section-boxed elementor-section-height-default elementor-section-height-default\" data-id=\"75226b9\" data-element_type=\"section\">\n\t\t\t\t\t\t<div class=\"elementor-container elementor-column-gap-default\">\n\t\t\t\t\t<div class=\"elementor-column elementor-col-100 elementor-top-column elementor-element elementor-element-992e41e\" data-id=\"992e41e\" data-element_type=\"column\">\n\t\t\t<div class=\"elementor-widget-wrap elementor-element-populated\">\n\t\t\t\t\t\t<div class=\"elementor-element elementor-element-b7fae28 elementor-widget elementor-widget-heading\" data-id=\"b7fae28\" data-element_type=\"widget\" data-widget_type=\"heading.default\">\n\t\t\t\t<div class=\"elementor-widget-container\">\n\t\t\t\t\t<h2 class=\"elementor-heading-title elementor-size-default\">Una doble puerta de entrada a San Mart\u00edn y el Caribe<\/h2>\t\t\t\t<\/div>\n\t\t\t\t<\/div>\n\t\t\t\t<div class=\"elementor-element elementor-element-0431e8e elementor-widget elementor-widget-text-editor\" data-id=\"0431e8e\" data-element_type=\"widget\" data-widget_type=\"text-editor.default\">\n\t\t\t\t<div class=\"elementor-widget-container\">\n\t\t\t\t\t\t\t\t\t<h3><b>Complementar la red regional<\/b><\/h3><p><span style=\"font-weight: 400;\"><a href=\"https:\/\/www.instagram.com\/aircaraibes?fbclid=IwY2xjawKk5GpleHRuA2FlbQIxMAABHkcKJPvUNCzu348QQtKwvZS7qIPp8_M6qIsfvAzW_L_q9mJ9R8eoUcC6cpdz_aem_YdqHx2deUxhSyUsl_7rDEg\" target=\"_blank\" rel=\"noopener nofollow\">Air Cara\u00efbes<\/a> no s\u00f3lo vuela de Par\u00eds a Saint-Martin. La compa\u00f1\u00eda ya opera vuelos diarios a Grand-Case como parte de su red regional. Este doble enfoque -larga distancia a Juliana y regional a Grand-Case- refuerza la conectividad de la isla y ofrece mayor flexibilidad a los viajeros.  <\/span><\/p>\t\t\t\t\t\t\t\t<\/div>\n\t\t\t\t<\/div>\n\t\t\t\t<div class=\"elementor-element elementor-element-bbc6357 elementor-widget elementor-widget-text-editor\" data-id=\"bbc6357\" data-element_type=\"widget\" data-widget_type=\"text-editor.default\">\n\t\t\t\t<div class=\"elementor-widget-container\">\n\t\t\t\t\t\t\t\t\t<h3><b>Conexiones con las islas vecinas<\/b><\/h3><p><span style=\"font-weight: 400;\">Gracias a los acuerdos de c\u00f3digo compartido con Winair, St-Barth Executive, St-Barth Commuter y navigAIR, Air Cara\u00efbes facilita las conexiones con otros destinos del Caribe, como Saint-Barth\u00e9lemy, Saint-Domingue, Marie-Galante y Sainte-Lucie. Esta estrategia convierte a Saint-Martin en una aut\u00e9ntica puerta de entrada a toda la cuenca del Caribe, tanto para el transporte a\u00e9reo como mar\u00edtimo. <\/span><\/p>\t\t\t\t\t\t\t\t<\/div>\n\t\t\t\t<\/div>\n\t\t\t\t\t<\/div>\n\t\t<\/div>\n\t\t\t\t\t<\/div>\n\t\t<\/section>\n\t\t\t\t<section class=\"elementor-section elementor-top-section elementor-element elementor-element-68af3bb elementor-section-boxed elementor-section-height-default elementor-section-height-default\" data-id=\"68af3bb\" data-element_type=\"section\">\n\t\t\t\t\t\t<div class=\"elementor-container elementor-column-gap-default\">\n\t\t\t\t\t<div class=\"elementor-column elementor-col-100 elementor-top-column elementor-element elementor-element-5dd556b\" data-id=\"5dd556b\" data-element_type=\"column\">\n\t\t\t<div class=\"elementor-widget-wrap elementor-element-populated\">\n\t\t\t\t\t\t<div class=\"elementor-element elementor-element-b557600 elementor-widget elementor-widget-heading\" data-id=\"b557600\" data-element_type=\"widget\" data-widget_type=\"heading.default\">\n\t\t\t\t<div class=\"elementor-widget-container\">\n\t\t\t\t\t<h2 class=\"elementor-heading-title elementor-size-default\">Las razones estrat\u00e9gicas del regreso de Air Cara\u00efbes\n<\/h2>\t\t\t\t<\/div>\n\t\t\t\t<\/div>\n\t\t\t\t<div class=\"elementor-element elementor-element-a4b55e0 elementor-widget elementor-widget-text-editor\" data-id=\"a4b55e0\" data-element_type=\"widget\" data-widget_type=\"text-editor.default\">\n\t\t\t\t<div class=\"elementor-widget-container\">\n\t\t\t\t\t\t\t\t\t<h3><b>Un contexto econ\u00f3mico y tur\u00edstico favorable<\/b><\/h3><p><span style=\"font-weight: 400;\">Air Cara\u00efbes suspendi\u00f3 la ruta en 2022, en parte debido a la subida de los precios del combustible y a una rentabilidad incierta. Hoy, la reducci\u00f3n de los costes de explotaci\u00f3n, combinada con el crecimiento del tr\u00e1fico tur\u00edstico y familiar, han creado las condiciones para un retorno ganador a esta ruta estrat\u00e9gica. <\/span><\/p>\t\t\t\t\t\t\t\t<\/div>\n\t\t\t\t<\/div>\n\t\t\t\t<div class=\"elementor-element elementor-element-bf0c956 elementor-widget elementor-widget-text-editor\" data-id=\"bf0c956\" data-element_type=\"widget\" data-widget_type=\"text-editor.default\">\n\t\t\t\t<div class=\"elementor-widget-container\">\n\t\t\t\t\t\t\t\t\t<h3><b>Posicionamiento competitivo<\/b><\/h3><p><span style=\"font-weight: 400;\">En ausencia de Air Cara\u00efbes, Air France hab\u00eda duplicado sus frecuencias en la ruta, benefici\u00e1ndose de un monopolio virtual. El regreso de Air Cara\u00efbes ha reequilibrado la oferta, en beneficio de los pasajeros, que ahora pueden beneficiarse de una mayor competencia, sin\u00f3nimo de mejores servicios y tarifas m\u00e1s atractivas. <\/span><\/p>\t\t\t\t\t\t\t\t<\/div>\n\t\t\t\t<\/div>\n\t\t\t\t<section class=\"elementor-section elementor-inner-section elementor-element elementor-element-8f1beed elementor-section-boxed elementor-section-height-default elementor-section-height-default\" data-id=\"8f1beed\" data-element_type=\"section\">\n\t\t\t\t\t\t<div class=\"elementor-container elementor-column-gap-default\">\n\t\t\t\t\t<div class=\"elementor-column elementor-col-33 elementor-inner-column elementor-element elementor-element-5339b76\" data-id=\"5339b76\" data-element_type=\"column\">\n\t\t\t<div class=\"elementor-widget-wrap elementor-element-populated\">\n\t\t\t\t\t\t<div class=\"elementor-element elementor-element-44588b8 elementor-widget elementor-widget-image\" data-id=\"44588b8\" data-element_type=\"widget\" data-widget_type=\"image.default\">\n\t\t\t\t<div class=\"elementor-widget-container\">\n\t\t\t\t\t\t\t\t\t\t\t\t<figure class=\"wp-caption\">\n\t\t\t\t\t\t\t\t\t\t<img decoding=\"async\" width=\"800\" height=\"1000\" src=\"https:\/\/richeskarayib.com\/wp-content\/uploads\/2025\/05\/400378700_18399023257025078_3604683146011493263_n-819x1024.jpg\" class=\"attachment-large size-large wp-image-52880\" alt=\"Air Cara\u00efbes\" srcset=\"https:\/\/richeskarayib.com\/wp-content\/uploads\/2025\/05\/400378700_18399023257025078_3604683146011493263_n-819x1024.jpg 819w, https:\/\/richeskarayib.com\/wp-content\/uploads\/2025\/05\/400378700_18399023257025078_3604683146011493263_n-240x300.jpg 240w, https:\/\/richeskarayib.com\/wp-content\/uploads\/2025\/05\/400378700_18399023257025078_3604683146011493263_n-768x960.jpg 768w, https:\/\/richeskarayib.com\/wp-content\/uploads\/2025\/05\/400378700_18399023257025078_3604683146011493263_n.jpg 1200w\" sizes=\"(max-width: 800px) 100vw, 800px\" \/>\t\t\t\t\t\t\t\t\t\t\t<figcaption class=\"widget-image-caption wp-caption-text\">\u00a9Air Cara\u00efbes<\/figcaption>\n\t\t\t\t\t\t\t\t\t\t<\/figure>\n\t\t\t\t\t\t\t\t\t<\/div>\n\t\t\t\t<\/div>\n\t\t\t\t\t<\/div>\n\t\t<\/div>\n\t\t\t\t<div class=\"elementor-column elementor-col-33 elementor-inner-column elementor-element elementor-element-a4d160e\" data-id=\"a4d160e\" data-element_type=\"column\">\n\t\t\t<div class=\"elementor-widget-wrap elementor-element-populated\">\n\t\t\t\t\t\t<div class=\"elementor-element elementor-element-10086f1 elementor-widget elementor-widget-image\" data-id=\"10086f1\" data-element_type=\"widget\" data-widget_type=\"image.default\">\n\t\t\t\t<div class=\"elementor-widget-container\">\n\t\t\t\t\t\t\t\t\t\t\t\t<figure class=\"wp-caption\">\n\t\t\t\t\t\t\t\t\t\t<img loading=\"lazy\" decoding=\"async\" width=\"800\" height=\"1000\" src=\"https:\/\/richeskarayib.com\/wp-content\/uploads\/2025\/05\/400358255_18399023074025078_3330609637084247114_n-819x1024.jpg\" class=\"attachment-large size-large wp-image-52884\" alt=\"Air Cara\u00efbes\" srcset=\"https:\/\/richeskarayib.com\/wp-content\/uploads\/2025\/05\/400358255_18399023074025078_3330609637084247114_n-819x1024.jpg 819w, https:\/\/richeskarayib.com\/wp-content\/uploads\/2025\/05\/400358255_18399023074025078_3330609637084247114_n-240x300.jpg 240w, https:\/\/richeskarayib.com\/wp-content\/uploads\/2025\/05\/400358255_18399023074025078_3330609637084247114_n-768x960.jpg 768w, https:\/\/richeskarayib.com\/wp-content\/uploads\/2025\/05\/400358255_18399023074025078_3330609637084247114_n.jpg 1200w\" sizes=\"(max-width: 800px) 100vw, 800px\" \/>\t\t\t\t\t\t\t\t\t\t\t<figcaption class=\"widget-image-caption wp-caption-text\">\u00a9Air Cara\u00efbes<\/figcaption>\n\t\t\t\t\t\t\t\t\t\t<\/figure>\n\t\t\t\t\t\t\t\t\t<\/div>\n\t\t\t\t<\/div>\n\t\t\t\t\t<\/div>\n\t\t<\/div>\n\t\t\t\t<div class=\"elementor-column elementor-col-33 elementor-inner-column elementor-element elementor-element-96b13fc\" data-id=\"96b13fc\" data-element_type=\"column\">\n\t\t\t<div class=\"elementor-widget-wrap elementor-element-populated\">\n\t\t\t\t\t\t<div class=\"elementor-element elementor-element-2d2b151 elementor-widget elementor-widget-image\" data-id=\"2d2b151\" data-element_type=\"widget\" data-widget_type=\"image.default\">\n\t\t\t\t<div class=\"elementor-widget-container\">\n\t\t\t\t\t\t\t\t\t\t\t\t<figure class=\"wp-caption\">\n\t\t\t\t\t\t\t\t\t\t<img loading=\"lazy\" decoding=\"async\" width=\"800\" height=\"1000\" src=\"https:\/\/richeskarayib.com\/wp-content\/uploads\/2025\/05\/399277771_18399022900025078_833304403693785160_n-819x1024.jpg\" class=\"attachment-large size-large wp-image-52888\" alt=\"Air Cara\u00efbes\" srcset=\"https:\/\/richeskarayib.com\/wp-content\/uploads\/2025\/05\/399277771_18399022900025078_833304403693785160_n-819x1024.jpg 819w, https:\/\/richeskarayib.com\/wp-content\/uploads\/2025\/05\/399277771_18399022900025078_833304403693785160_n-240x300.jpg 240w, https:\/\/richeskarayib.com\/wp-content\/uploads\/2025\/05\/399277771_18399022900025078_833304403693785160_n-768x960.jpg 768w, https:\/\/richeskarayib.com\/wp-content\/uploads\/2025\/05\/399277771_18399022900025078_833304403693785160_n.jpg 1200w\" sizes=\"(max-width: 800px) 100vw, 800px\" \/>\t\t\t\t\t\t\t\t\t\t\t<figcaption class=\"widget-image-caption wp-caption-text\">\u00a9Air Cara\u00efbes<\/figcaption>\n\t\t\t\t\t\t\t\t\t\t<\/figure>\n\t\t\t\t\t\t\t\t\t<\/div>\n\t\t\t\t<\/div>\n\t\t\t\t\t<\/div>\n\t\t<\/div>\n\t\t\t\t\t<\/div>\n\t\t<\/section>\n\t\t\t\t\t<\/div>\n\t\t<\/div>\n\t\t\t\t\t<\/div>\n\t\t<\/section>\n\t\t\t\t<section class=\"elementor-section elementor-top-section elementor-element elementor-element-9b22c49 elementor-section-boxed elementor-section-height-default elementor-section-height-default\" data-id=\"9b22c49\" data-element_type=\"section\">\n\t\t\t\t\t\t<div class=\"elementor-container elementor-column-gap-default\">\n\t\t\t\t\t<div class=\"elementor-column elementor-col-100 elementor-top-column elementor-element elementor-element-7121c8b\" data-id=\"7121c8b\" data-element_type=\"column\">\n\t\t\t<div class=\"elementor-widget-wrap elementor-element-populated\">\n\t\t\t\t\t\t<div class=\"elementor-element elementor-element-64e7411 elementor-widget elementor-widget-heading\" data-id=\"64e7411\" data-element_type=\"widget\" data-widget_type=\"heading.default\">\n\t\t\t\t<div class=\"elementor-widget-container\">\n\t\t\t\t\t<h2 class=\"elementor-heading-title elementor-size-default\">Qu\u00e9 significa esto para los viajeros<\/h2>\t\t\t\t<\/div>\n\t\t\t\t<\/div>\n\t\t\t\t<div class=\"elementor-element elementor-element-5224caa elementor-widget elementor-widget-text-editor\" data-id=\"5224caa\" data-element_type=\"widget\" data-widget_type=\"text-editor.default\">\n\t\t\t\t<div class=\"elementor-widget-container\">\n\t\t\t\t\t\t\t\t\t<h3><b>M\u00e1s opciones, m\u00e1s flexibilidad<\/b><\/h3><p><span style=\"font-weight: 400;\">Con tres vuelos directos a la semana, los viajeros disfrutan de una mayor flexibilidad a la hora de organizar sus vacaciones, ya viajen por ocio, en familia o por negocios. La posibilidad de combinar un vuelo de larga distancia con conexiones regionales simplifica enormemente los viajes por el Caribe. <\/span><\/p>\t\t\t\t\t\t\t\t<\/div>\n\t\t\t\t<\/div>\n\t\t\t\t<div class=\"elementor-element elementor-element-340c215 elementor-widget elementor-widget-text-editor\" data-id=\"340c215\" data-element_type=\"widget\" data-widget_type=\"text-editor.default\">\n\t\t\t\t<div class=\"elementor-widget-container\">\n\t\t\t\t\t\t\t\t\t<h3><b>Confort renovado a bordo<\/b><\/h3><p><span style=\"font-weight: 400;\">Los Airbus A330-200 de Air Cara\u00efbes ofrecen un confort moderno, con cabinas espaciosas y servicios adaptados a cada clase. Tanto si eliges la clase Soleil por su excelente relaci\u00f3n calidad-precio como la clase Madras para vivir una experiencia m\u00e1s exclusiva, todos los pasajeros se benefician de la atenci\u00f3n y profesionalidad por las que es conocida la compa\u00f1\u00eda. <\/span><\/p>\t\t\t\t\t\t\t\t<\/div>\n\t\t\t\t<\/div>\n\t\t\t\t<section class=\"elementor-section elementor-inner-section elementor-element elementor-element-e9f2276 elementor-section-boxed elementor-section-height-default elementor-section-height-default\" data-id=\"e9f2276\" data-element_type=\"section\">\n\t\t\t\t\t\t<div class=\"elementor-container elementor-column-gap-default\">\n\t\t\t\t\t<div class=\"elementor-column elementor-col-33 elementor-inner-column elementor-element elementor-element-26834f3\" data-id=\"26834f3\" data-element_type=\"column\">\n\t\t\t<div class=\"elementor-widget-wrap elementor-element-populated\">\n\t\t\t\t\t\t<div class=\"elementor-element elementor-element-c4fde2c elementor-widget elementor-widget-image\" data-id=\"c4fde2c\" data-element_type=\"widget\" data-widget_type=\"image.default\">\n\t\t\t\t<div class=\"elementor-widget-container\">\n\t\t\t\t\t\t\t\t\t\t\t\t<figure class=\"wp-caption\">\n\t\t\t\t\t\t\t\t\t\t<img loading=\"lazy\" decoding=\"async\" width=\"576\" height=\"1024\" src=\"https:\/\/richeskarayib.com\/wp-content\/uploads\/2025\/05\/483599184_18495394618025078_1664135560247625290_n-576x1024.jpg\" class=\"attachment-large size-large wp-image-52896\" alt=\"Air Cara\u00efbes\" srcset=\"https:\/\/richeskarayib.com\/wp-content\/uploads\/2025\/05\/483599184_18495394618025078_1664135560247625290_n-576x1024.jpg 576w, https:\/\/richeskarayib.com\/wp-content\/uploads\/2025\/05\/483599184_18495394618025078_1664135560247625290_n-169x300.jpg 169w, https:\/\/richeskarayib.com\/wp-content\/uploads\/2025\/05\/483599184_18495394618025078_1664135560247625290_n.jpg 720w\" sizes=\"(max-width: 576px) 100vw, 576px\" \/>\t\t\t\t\t\t\t\t\t\t\t<figcaption class=\"widget-image-caption wp-caption-text\">\u00a9Air Cara\u00efbes<\/figcaption>\n\t\t\t\t\t\t\t\t\t\t<\/figure>\n\t\t\t\t\t\t\t\t\t<\/div>\n\t\t\t\t<\/div>\n\t\t\t\t\t<\/div>\n\t\t<\/div>\n\t\t\t\t<div class=\"elementor-column elementor-col-33 elementor-inner-column elementor-element elementor-element-421e96d\" data-id=\"421e96d\" data-element_type=\"column\">\n\t\t\t<div class=\"elementor-widget-wrap elementor-element-populated\">\n\t\t\t\t\t\t<div class=\"elementor-element elementor-element-66db0ab elementor-widget elementor-widget-image\" data-id=\"66db0ab\" data-element_type=\"widget\" data-widget_type=\"image.default\">\n\t\t\t\t<div class=\"elementor-widget-container\">\n\t\t\t\t\t\t\t\t\t\t\t\t<figure class=\"wp-caption\">\n\t\t\t\t\t\t\t\t\t\t<img loading=\"lazy\" decoding=\"async\" width=\"576\" height=\"1024\" src=\"https:\/\/richeskarayib.com\/wp-content\/uploads\/2025\/05\/491452511_18505812670025078_9198027033010980431_n-576x1024.jpg\" class=\"attachment-large size-large wp-image-52900\" alt=\"Air Cara\u00efbes\" srcset=\"https:\/\/richeskarayib.com\/wp-content\/uploads\/2025\/05\/491452511_18505812670025078_9198027033010980431_n-576x1024.jpg 576w, https:\/\/richeskarayib.com\/wp-content\/uploads\/2025\/05\/491452511_18505812670025078_9198027033010980431_n-169x300.jpg 169w, https:\/\/richeskarayib.com\/wp-content\/uploads\/2025\/05\/491452511_18505812670025078_9198027033010980431_n-768x1365.jpg 768w, https:\/\/richeskarayib.com\/wp-content\/uploads\/2025\/05\/491452511_18505812670025078_9198027033010980431_n-864x1536.jpg 864w, https:\/\/richeskarayib.com\/wp-content\/uploads\/2025\/05\/491452511_18505812670025078_9198027033010980431_n.jpg 1080w\" sizes=\"(max-width: 576px) 100vw, 576px\" \/>\t\t\t\t\t\t\t\t\t\t\t<figcaption class=\"widget-image-caption wp-caption-text\">\u00a9Air Cara\u00efbes<\/figcaption>\n\t\t\t\t\t\t\t\t\t\t<\/figure>\n\t\t\t\t\t\t\t\t\t<\/div>\n\t\t\t\t<\/div>\n\t\t\t\t\t<\/div>\n\t\t<\/div>\n\t\t\t\t<div class=\"elementor-column elementor-col-33 elementor-inner-column elementor-element elementor-element-c10eecb\" data-id=\"c10eecb\" data-element_type=\"column\">\n\t\t\t<div class=\"elementor-widget-wrap elementor-element-populated\">\n\t\t\t\t\t\t<div class=\"elementor-element elementor-element-69fb048 elementor-widget elementor-widget-image\" data-id=\"69fb048\" data-element_type=\"widget\" data-widget_type=\"image.default\">\n\t\t\t\t<div class=\"elementor-widget-container\">\n\t\t\t\t\t\t\t\t\t\t\t\t<figure class=\"wp-caption\">\n\t\t\t\t\t\t\t\t\t\t<img loading=\"lazy\" decoding=\"async\" width=\"800\" height=\"995\" src=\"https:\/\/richeskarayib.com\/wp-content\/uploads\/2025\/05\/400405933_18399023269025078_1844697918852252195_n-823x1024.jpg\" class=\"attachment-large size-large wp-image-52904\" alt=\"Air Cara\u00efbes\" srcset=\"https:\/\/richeskarayib.com\/wp-content\/uploads\/2025\/05\/400405933_18399023269025078_1844697918852252195_n-823x1024.jpg 823w, https:\/\/richeskarayib.com\/wp-content\/uploads\/2025\/05\/400405933_18399023269025078_1844697918852252195_n-241x300.jpg 241w, https:\/\/richeskarayib.com\/wp-content\/uploads\/2025\/05\/400405933_18399023269025078_1844697918852252195_n-768x955.jpg 768w, https:\/\/richeskarayib.com\/wp-content\/uploads\/2025\/05\/400405933_18399023269025078_1844697918852252195_n-1235x1536.jpg 1235w, https:\/\/richeskarayib.com\/wp-content\/uploads\/2025\/05\/400405933_18399023269025078_1844697918852252195_n-1320x1642.jpg 1320w, https:\/\/richeskarayib.com\/wp-content\/uploads\/2025\/05\/400405933_18399023269025078_1844697918852252195_n.jpg 1440w\" sizes=\"(max-width: 800px) 100vw, 800px\" \/>\t\t\t\t\t\t\t\t\t\t\t<figcaption class=\"widget-image-caption wp-caption-text\">\u00a9Air Cara\u00efbes<\/figcaption>\n\t\t\t\t\t\t\t\t\t\t<\/figure>\n\t\t\t\t\t\t\t\t\t<\/div>\n\t\t\t\t<\/div>\n\t\t\t\t\t<\/div>\n\t\t<\/div>\n\t\t\t\t\t<\/div>\n\t\t<\/section>\n\t\t\t\t\t<\/div>\n\t\t<\/div>\n\t\t\t\t\t<\/div>\n\t\t<\/section>\n\t\t\t\t<section class=\"elementor-section elementor-top-section elementor-element elementor-element-78a168f elementor-section-boxed elementor-section-height-default elementor-section-height-default\" data-id=\"78a168f\" data-element_type=\"section\">\n\t\t\t\t\t\t<div class=\"elementor-container elementor-column-gap-default\">\n\t\t\t\t\t<div class=\"elementor-column elementor-col-100 elementor-top-column elementor-element elementor-element-48793ec\" data-id=\"48793ec\" data-element_type=\"column\">\n\t\t\t<div class=\"elementor-widget-wrap elementor-element-populated\">\n\t\t\t\t\t\t<div class=\"elementor-element elementor-element-3c721a1 elementor-widget elementor-widget-heading\" data-id=\"3c721a1\" data-element_type=\"widget\" data-widget_type=\"heading.default\">\n\t\t\t\t<div class=\"elementor-widget-container\">\n\t\t\t\t\t<h2 class=\"elementor-heading-title elementor-size-default\">Un nuevo impulso para la conectividad entre Par\u00eds y Saint-Martin<\/h2>\t\t\t\t<\/div>\n\t\t\t\t<\/div>\n\t\t\t\t<div class=\"elementor-element elementor-element-e7a1f52 elementor-widget elementor-widget-text-editor\" data-id=\"e7a1f52\" data-element_type=\"widget\" data-widget_type=\"text-editor.default\">\n\t\t\t\t<div class=\"elementor-widget-container\">\n\t\t\t\t\t\t\t\t\t<p><span style=\"font-weight: 400;\">Air Cara\u00efbes reaparece con fuerza en la ruta Par\u00eds-Orly &#8211; Saint-Martin Juliana. Este esperado regreso ofrece a los viajeros una nueva alternativa fiable, flexible y c\u00f3moda al Caribe. Gracias a una pol\u00edtica de tarifas asequibles, una oferta de tres clases y conexiones optimizadas, la compa\u00f1\u00eda consolida su papel de puente entre Francia y las Antillas. Este regreso no es s\u00f3lo una buena noticia para los pasajeros, sino tambi\u00e9n una se\u00f1al fuerte para el desarrollo tur\u00edstico y econ\u00f3mico de la regi\u00f3n.   <\/span><\/p>\t\t\t\t\t\t\t\t<\/div>\n\t\t\t\t<\/div>\n\t\t\t\t\t<\/div>\n\t\t<\/div>\n\t\t\t\t\t<\/div>\n\t\t<\/section>\n\t\t\t\t<\/div>\n\t\t","protected":false},"excerpt":{"rendered":"<p>Nuevo impulso al servicio Par\u00eds-Orly &#8211; Saint-Martin Juliana Air Cara\u00efbes relanza el servicio directo Par\u00eds-Orly &#8211; Saint-Martin Juliana a partir de diciembre de 2025. Se trata de un anuncio que encantar\u00e1 tanto a los viajeros habituales como a los curiosos del Caribe. Tras un par\u00e9ntesis de tres a\u00f1os, la compa\u00f1\u00eda reaparece en esta ruta, en [&hellip;]<\/p>\n","protected":false},"author":662,"featured_media":52876,"comment_status":"open","ping_status":"open","sticky":false,"template":"","format":"standard","meta":{"_acf_changed":false,"footnotes":""},"categories":[1767],"tags":[1615],"class_list":["post-52910","post","type-post","status-publish","format-standard","has-post-thumbnail","hentry","category-aire","tag-saint-martin-es"],"acf":[],"_links":{"self":[{"href":"https:\/\/richeskarayib.com\/es\/wp-json\/wp\/v2\/posts\/52910","targetHints":{"allow":["GET"]}}],"collection":[{"href":"https:\/\/richeskarayib.com\/es\/wp-json\/wp\/v2\/posts"}],"about":[{"href":"https:\/\/richeskarayib.com\/es\/wp-json\/wp\/v2\/types\/post"}],"author":[{"embeddable":true,"href":"https:\/\/richeskarayib.com\/es\/wp-json\/wp\/v2\/users\/662"}],"replies":[{"embeddable":true,"href":"https:\/\/richeskarayib.com\/es\/wp-json\/wp\/v2\/comments?post=52910"}],"version-history":[{"count":0,"href":"https:\/\/richeskarayib.com\/es\/wp-json\/wp\/v2\/posts\/52910\/revisions"}],"wp:featuredmedia":[{"embeddable":true,"href":"https:\/\/richeskarayib.com\/es\/wp-json\/wp\/v2\/media\/52876"}],"wp:attachment":[{"href":"https:\/\/richeskarayib.com\/es\/wp-json\/wp\/v2\/media?parent=52910"}],"wp:term":[{"taxonomy":"category","embeddable":true,"href":"https:\/\/richeskarayib.com\/es\/wp-json\/wp\/v2\/categories?post=52910"},{"taxonomy":"post_tag","embeddable":true,"href":"https:\/\/richeskarayib.com\/es\/wp-json\/wp\/v2\/tags?post=52910"}],"curies":[{"name":"wp","href":"https:\/\/api.w.org\/{rel}","templated":true}]}}