{"id":52964,"date":"2025-05-29T06:18:45","date_gmt":"2025-05-29T10:18:45","guid":{"rendered":"https:\/\/richeskarayib.com\/guayana-francesa-miss-guayana-francesa-2025-una-aventura-humana-para-descubrir-a-las-9-aspirantes\/"},"modified":"2025-05-29T06:18:45","modified_gmt":"2025-05-29T10:18:45","slug":"guayana-francesa-miss-guayana-francesa-2025-una-aventura-humana-para-descubrir-a-las-9-aspirantes","status":"publish","type":"post","link":"https:\/\/richeskarayib.com\/es\/guayana-francesa-miss-guayana-francesa-2025-una-aventura-humana-para-descubrir-a-las-9-aspirantes\/","title":{"rendered":"Guayana Francesa &#8211; Miss Guayana Francesa 2025: Una aventura humana para descubrir a las 9 aspirantes"},"content":{"rendered":"\t\t<div data-elementor-type=\"wp-post\" data-elementor-id=\"52964\" class=\"elementor elementor-52964 elementor-52914\" data-elementor-post-type=\"post\">\n\t\t\t\t\t\t<section class=\"elementor-section elementor-top-section elementor-element elementor-element-16ba7e0 elementor-section-boxed elementor-section-height-default elementor-section-height-default\" data-id=\"16ba7e0\" data-element_type=\"section\">\n\t\t\t\t\t\t<div class=\"elementor-container elementor-column-gap-default\">\n\t\t\t\t\t<div class=\"elementor-column elementor-col-100 elementor-top-column elementor-element elementor-element-f6fb52b\" data-id=\"f6fb52b\" data-element_type=\"column\">\n\t\t\t<div class=\"elementor-widget-wrap elementor-element-populated\">\n\t\t\t\t\t\t<div class=\"elementor-element elementor-element-f5427b4 elementor-widget elementor-widget-text-editor\" data-id=\"f5427b4\" data-element_type=\"widget\" data-widget_type=\"text-editor.default\">\n\t\t\t\t<div class=\"elementor-widget-container\">\n\t\t\t\t\t\t\t\t\t<p><span style=\"font-weight: 400;\"><a href=\"https:\/\/web.facebook.com\/MissGuyane.organisation\" target=\"_blank\" rel=\"noopener nofollow\">Miss Guayana<\/a> Francesa 2025, un evento que ya est\u00e1 generando entusiasmo y curiosidad en la Guayana Francesa. El martes 27 de mayo, en el Mercure Royal Amazonie, el comit\u00e9 de Miss <a href=\"https:\/\/richeskarayib.com\/es\/?p=52063\" target=\"_blank\" rel=\"noopener\">Guayana<\/a> Francesa dio a conocer a las nueve j\u00f3venes que sue\u00f1an con suceder a Jade Fansonna y representar a Guayana Francesa en el prestigioso certamen Miss Francia 2026. <\/span><span style=\"font-weight: 400;\">. Esta nueva edici\u00f3n promete ser rica en emoci\u00f3n, diversidad y ambici\u00f3n, como la propia regi\u00f3n de Guayana.<\/span><\/p>\t\t\t\t\t\t\t\t<\/div>\n\t\t\t\t<\/div>\n\t\t\t\t\t<\/div>\n\t\t<\/div>\n\t\t\t\t\t<\/div>\n\t\t<\/section>\n\t\t\t\t<section class=\"elementor-section elementor-top-section elementor-element elementor-element-7c727fe elementor-section-boxed elementor-section-height-default elementor-section-height-default\" data-id=\"7c727fe\" data-element_type=\"section\">\n\t\t\t\t\t\t<div class=\"elementor-container elementor-column-gap-default\">\n\t\t\t\t\t<div class=\"elementor-column elementor-col-100 elementor-top-column elementor-element elementor-element-2675508\" data-id=\"2675508\" data-element_type=\"column\">\n\t\t\t<div class=\"elementor-widget-wrap elementor-element-populated\">\n\t\t\t\t\t\t<div class=\"elementor-element elementor-element-86f7f71 elementor-widget elementor-widget-heading\" data-id=\"86f7f71\" data-element_type=\"widget\" data-widget_type=\"heading.default\">\n\t\t\t\t<div class=\"elementor-widget-container\">\n\t\t\t\t\t<h2 class=\"elementor-heading-title elementor-size-default\">Presentaci\u00f3n oficial de los candidatos<\/h2>\t\t\t\t<\/div>\n\t\t\t\t<\/div>\n\t\t\t\t<div class=\"elementor-element elementor-element-1931a91 elementor-widget elementor-widget-text-editor\" data-id=\"1931a91\" data-element_type=\"widget\" data-widget_type=\"text-editor.default\">\n\t\t\t\t<div class=\"elementor-widget-container\">\n\t\t\t\t\t\t\t\t\t<h3><strong>Los or\u00edgenes y antecedentes de los participantes<\/strong><\/h3><p><span style=\"font-weight: 400;\"><a href=\"https:\/\/la1ere.franceinfo.fr\/guyane\/miss-guyane-2025-les-9-pretendantes-devoilees-1590762.html\" target=\"_blank\" rel=\"noopener nofollow\">Miss Guyana 2025<\/a> es ante todo un mosaico de or\u00edgenes y personalidades. Con edades comprendidas entre los 20 y los 32 a\u00f1os, las candidatas proceden de distintos entornos, cada una con su propia historia, sue\u00f1os y valores. Algunas cursan estudios superiores, mientras que otras ya est\u00e1n trabajando. Entre ellas hay estudiantes, profesionales de la salud, entusiastas del deporte y mujeres j\u00f3venes implicadas en el trabajo comunitario.   <\/span><\/p>\t\t\t\t\t\t\t\t<\/div>\n\t\t\t\t<\/div>\n\t\t\t\t<div class=\"elementor-element elementor-element-54b6dc2 elementor-widget elementor-widget-text-editor\" data-id=\"54b6dc2\" data-element_type=\"widget\" data-widget_type=\"text-editor.default\">\n\t\t\t\t<div class=\"elementor-widget-container\">\n\t\t\t\t\t\t\t\t\t<h3><strong>Municipios representados<\/strong><\/h3><p><span style=\"font-weight: 400;\">La diversidad geogr\u00e1fica tambi\u00e9n est\u00e1 presente: Cayena, Macouria, Matoury, R\u00e9mire-Montjoly y Saint-Laurent-du-Maroni est\u00e1n orgullosamente representadas. Esta diversidad refleja la identidad polifac\u00e9tica de la Guayana Francesa y da a cada municipio una embajadora potencial para Miss Francia 2026. <\/span><\/p>\t\t\t\t\t\t\t\t<\/div>\n\t\t\t\t<\/div>\n\t\t\t\t<section class=\"elementor-section elementor-inner-section elementor-element elementor-element-4460219 elementor-section-boxed elementor-section-height-default elementor-section-height-default\" data-id=\"4460219\" data-element_type=\"section\">\n\t\t\t\t\t\t<div class=\"elementor-container elementor-column-gap-default\">\n\t\t\t\t\t<div class=\"elementor-column elementor-col-50 elementor-inner-column elementor-element elementor-element-04db4cf\" data-id=\"04db4cf\" data-element_type=\"column\">\n\t\t\t<div class=\"elementor-widget-wrap elementor-element-populated\">\n\t\t\t\t\t\t<div class=\"elementor-element elementor-element-85f5ff0 elementor-widget elementor-widget-image\" data-id=\"85f5ff0\" data-element_type=\"widget\" data-widget_type=\"image.default\">\n\t\t\t\t<div class=\"elementor-widget-container\">\n\t\t\t\t\t\t\t\t\t\t\t\t\t\t\t<img fetchpriority=\"high\" decoding=\"async\" width=\"800\" height=\"1000\" src=\"https:\/\/richeskarayib.com\/wp-content\/uploads\/2025\/05\/499580833_1133335938839852_9081479316170281458_n-819x1024.jpg\" class=\"attachment-large size-large wp-image-52958\" alt=\"Miss Guyane 2025\" srcset=\"https:\/\/richeskarayib.com\/wp-content\/uploads\/2025\/05\/499580833_1133335938839852_9081479316170281458_n-819x1024.jpg 819w, https:\/\/richeskarayib.com\/wp-content\/uploads\/2025\/05\/499580833_1133335938839852_9081479316170281458_n-240x300.jpg 240w, https:\/\/richeskarayib.com\/wp-content\/uploads\/2025\/05\/499580833_1133335938839852_9081479316170281458_n-768x960.jpg 768w, https:\/\/richeskarayib.com\/wp-content\/uploads\/2025\/05\/499580833_1133335938839852_9081479316170281458_n-1229x1536.jpg 1229w, https:\/\/richeskarayib.com\/wp-content\/uploads\/2025\/05\/499580833_1133335938839852_9081479316170281458_n-1320x1650.jpg 1320w, https:\/\/richeskarayib.com\/wp-content\/uploads\/2025\/05\/499580833_1133335938839852_9081479316170281458_n.jpg 1536w\" sizes=\"(max-width: 800px) 100vw, 800px\" \/>\t\t\t\t\t\t\t\t\t\t\t\t\t\t\t<\/div>\n\t\t\t\t<\/div>\n\t\t\t\t\t<\/div>\n\t\t<\/div>\n\t\t\t\t<div class=\"elementor-column elementor-col-50 elementor-inner-column elementor-element elementor-element-64baaca\" data-id=\"64baaca\" data-element_type=\"column\">\n\t\t\t<div class=\"elementor-widget-wrap elementor-element-populated\">\n\t\t\t\t\t\t<div class=\"elementor-element elementor-element-b6b560e elementor-widget elementor-widget-image\" data-id=\"b6b560e\" data-element_type=\"widget\" data-widget_type=\"image.default\">\n\t\t\t\t<div class=\"elementor-widget-container\">\n\t\t\t\t\t\t\t\t\t\t\t\t\t\t\t<img decoding=\"async\" width=\"800\" height=\"1000\" src=\"https:\/\/richeskarayib.com\/wp-content\/uploads\/2025\/05\/500149308_1133335905506522_8243044402868394355_n-819x1024.jpg\" class=\"attachment-large size-large wp-image-52962\" alt=\"Miss Guyane 2025\" srcset=\"https:\/\/richeskarayib.com\/wp-content\/uploads\/2025\/05\/500149308_1133335905506522_8243044402868394355_n-819x1024.jpg 819w, https:\/\/richeskarayib.com\/wp-content\/uploads\/2025\/05\/500149308_1133335905506522_8243044402868394355_n-240x300.jpg 240w, https:\/\/richeskarayib.com\/wp-content\/uploads\/2025\/05\/500149308_1133335905506522_8243044402868394355_n-768x960.jpg 768w, https:\/\/richeskarayib.com\/wp-content\/uploads\/2025\/05\/500149308_1133335905506522_8243044402868394355_n-1229x1536.jpg 1229w, https:\/\/richeskarayib.com\/wp-content\/uploads\/2025\/05\/500149308_1133335905506522_8243044402868394355_n-1320x1650.jpg 1320w, https:\/\/richeskarayib.com\/wp-content\/uploads\/2025\/05\/500149308_1133335905506522_8243044402868394355_n.jpg 1536w\" sizes=\"(max-width: 800px) 100vw, 800px\" \/>\t\t\t\t\t\t\t\t\t\t\t\t\t\t\t<\/div>\n\t\t\t\t<\/div>\n\t\t\t\t\t<\/div>\n\t\t<\/div>\n\t\t\t\t\t<\/div>\n\t\t<\/section>\n\t\t\t\t\t<\/div>\n\t\t<\/div>\n\t\t\t\t\t<\/div>\n\t\t<\/section>\n\t\t\t\t<section class=\"elementor-section elementor-top-section elementor-element elementor-element-75226b9 elementor-section-boxed elementor-section-height-default elementor-section-height-default\" data-id=\"75226b9\" data-element_type=\"section\">\n\t\t\t\t\t\t<div class=\"elementor-container elementor-column-gap-default\">\n\t\t\t\t\t<div class=\"elementor-column elementor-col-100 elementor-top-column elementor-element elementor-element-992e41e\" data-id=\"992e41e\" data-element_type=\"column\">\n\t\t\t<div class=\"elementor-widget-wrap elementor-element-populated\">\n\t\t\t\t\t\t<div class=\"elementor-element elementor-element-b7fae28 elementor-widget elementor-widget-heading\" data-id=\"b7fae28\" data-element_type=\"widget\" data-widget_type=\"heading.default\">\n\t\t\t\t<div class=\"elementor-widget-container\">\n\t\t\t\t\t<h2 class=\"elementor-heading-title elementor-size-default\">El proceso de preparaci\u00f3n de los candidatos<\/h2>\t\t\t\t<\/div>\n\t\t\t\t<\/div>\n\t\t\t\t<div class=\"elementor-element elementor-element-0431e8e elementor-widget elementor-widget-text-editor\" data-id=\"0431e8e\" data-element_type=\"widget\" data-widget_type=\"text-editor.default\">\n\t\t\t\t<div class=\"elementor-widget-container\">\n\t\t\t\t\t\t\t\t\t<h3><strong>Las etapas clave antes de las elecciones<\/strong><\/h3><p><span style=\"font-weight: 400;\"><a href=\"https:\/\/la1ere.franceinfo.fr\/people\/miss\" target=\"_blank\" rel=\"noopener nofollow\">Miss Guyana 2025<\/a> es el comienzo de un aut\u00e9ntico marat\u00f3n para las candidatas. Las pr\u00f3ximas semanas estar\u00e1n jalonadas de entrevistas, lecciones de pasarela, sesiones de entrenamiento y muchos ensayos. El objetivo es prepararse lo mejor posible para la elecci\u00f3n regional, prevista para el s\u00e1bado 12 de julio en el PROGT de Matoury.  <\/span><\/p>\t\t\t\t\t\t\t\t<\/div>\n\t\t\t\t<\/div>\n\t\t\t\t<div class=\"elementor-element elementor-element-bbc6357 elementor-widget elementor-widget-text-editor\" data-id=\"bbc6357\" data-element_type=\"widget\" data-widget_type=\"text-editor.default\">\n\t\t\t\t<div class=\"elementor-widget-container\">\n\t\t\t\t\t\t\t\t\t<h3><strong>Los valores que promueve el concurso<\/strong><\/h3><p><span style=\"font-weight: 400;\">Adem\u00e1s de la belleza, el concurso promueve valores esenciales: confianza en uno mismo, solidaridad, respeto y superaci\u00f3n. Se anima a cada candidata a defender las causas que le son m\u00e1s cercanas, a implicarse con los j\u00f3venes, la educaci\u00f3n o la cultura guyanesa, y a enarbolar la bandera de la Guayana Francesa. <\/span><\/p>\t\t\t\t\t\t\t\t<\/div>\n\t\t\t\t<\/div>\n\t\t\t\t\t<\/div>\n\t\t<\/div>\n\t\t\t\t\t<\/div>\n\t\t<\/section>\n\t\t\t\t<section class=\"elementor-section elementor-top-section elementor-element elementor-element-68af3bb elementor-section-boxed elementor-section-height-default elementor-section-height-default\" data-id=\"68af3bb\" data-element_type=\"section\">\n\t\t\t\t\t\t<div class=\"elementor-container elementor-column-gap-default\">\n\t\t\t\t\t<div class=\"elementor-column elementor-col-100 elementor-top-column elementor-element elementor-element-5dd556b\" data-id=\"5dd556b\" data-element_type=\"column\">\n\t\t\t<div class=\"elementor-widget-wrap elementor-element-populated\">\n\t\t\t\t\t\t<div class=\"elementor-element elementor-element-b557600 elementor-widget elementor-widget-heading\" data-id=\"b557600\" data-element_type=\"widget\" data-widget_type=\"heading.default\">\n\t\t\t\t<div class=\"elementor-widget-container\">\n\t\t\t\t\t<h2 class=\"elementor-heading-title elementor-size-default\">Retratos de los nueve candidatos<\/h2>\t\t\t\t<\/div>\n\t\t\t\t<\/div>\n\t\t\t\t<div class=\"elementor-element elementor-element-a4b55e0 elementor-widget elementor-widget-text-editor\" data-id=\"a4b55e0\" data-element_type=\"widget\" data-widget_type=\"text-editor.default\">\n\t\t\t\t<div class=\"elementor-widget-container\">\n\t\t\t\t\t\t\t\t\t<p><span style=\"font-weight: 400;\">Miss Guyana 2025 es una galer\u00eda de retratos, cada uno con su toque \u00fanico. Entre ellos figuran : <\/span><\/p><ul><li style=\"font-weight: 400;\" aria-level=\"1\"><span style=\"font-weight: 400;\">Lizandra Flambeau, 23 a\u00f1os, 1,75 m de estatura, de R\u00e9mire-Montjoly, tiene un diploma estatal de psicomotricidad y es conocida por su empat\u00eda y amabilidad.<\/span><\/li><li style=\"font-weight: 400;\" aria-level=\"1\"><span style=\"font-weight: 400;\">Amandine Beaubrun, 31 a\u00f1os, 1m75, de Saint-Laurent-du-Maroni, cuya madura carrera inspira respeto.<\/span><\/li><li style=\"font-weight: 400;\" aria-level=\"1\"><span style=\"font-weight: 400;\">Lauriane Callender, 32 a\u00f1os, 1m76, de R\u00e9mire-Montjoly, la m\u00e1s experimentada del grupo, simboliza la determinaci\u00f3n y la perseverancia.<\/span><\/li><li style=\"font-weight: 400;\" aria-level=\"1\"><span style=\"font-weight: 400;\">Noa Audibert, 20 a\u00f1os, 1m73, tambi\u00e9n de R\u00e9mire-Montjoly, encarna la juventud y la audacia.<\/span><\/li><li style=\"font-weight: 400;\" aria-level=\"1\"><span style=\"font-weight: 400;\">Mercy Baeta, 20 a\u00f1os, 1m81, de Matoury, impresiona por su presencia y compromiso.<\/span><\/li><\/ul>\t\t\t\t\t\t\t\t<\/div>\n\t\t\t\t<\/div>\n\t\t\t\t<section class=\"elementor-section elementor-inner-section elementor-element elementor-element-317f77c elementor-section-boxed elementor-section-height-default elementor-section-height-default\" data-id=\"317f77c\" data-element_type=\"section\">\n\t\t\t\t\t\t<div class=\"elementor-container elementor-column-gap-default\">\n\t\t\t\t\t<div class=\"elementor-column elementor-col-20 elementor-inner-column elementor-element elementor-element-5b1aa7f\" data-id=\"5b1aa7f\" data-element_type=\"column\">\n\t\t\t<div class=\"elementor-widget-wrap elementor-element-populated\">\n\t\t\t\t\t\t<div class=\"elementor-element elementor-element-6a5c0c0 elementor-widget elementor-widget-image\" data-id=\"6a5c0c0\" data-element_type=\"widget\" data-widget_type=\"image.default\">\n\t\t\t\t<div class=\"elementor-widget-container\">\n\t\t\t\t\t\t\t\t\t\t\t\t<figure class=\"wp-caption\">\n\t\t\t\t\t\t\t\t\t\t<img decoding=\"async\" width=\"450\" height=\"800\" src=\"https:\/\/richeskarayib.com\/wp-content\/uploads\/2025\/05\/Candidate-1-Lizandra-Flambeau-23-ans-1m75-de-Remire-Montjoly.webp\" class=\"attachment-large size-large wp-image-52922\" alt=\"Miss Guyane 2025\" srcset=\"https:\/\/richeskarayib.com\/wp-content\/uploads\/2025\/05\/Candidate-1-Lizandra-Flambeau-23-ans-1m75-de-Remire-Montjoly.webp 450w, https:\/\/richeskarayib.com\/wp-content\/uploads\/2025\/05\/Candidate-1-Lizandra-Flambeau-23-ans-1m75-de-Remire-Montjoly-169x300.webp 169w\" sizes=\"(max-width: 450px) 100vw, 450px\" \/>\t\t\t\t\t\t\t\t\t\t\t<figcaption class=\"widget-image-caption wp-caption-text\">Candidate 1 Lizandra Flambeau, 23 ans, 1m75 de R\u00e9mire-Montjoly<\/figcaption>\n\t\t\t\t\t\t\t\t\t\t<\/figure>\n\t\t\t\t\t\t\t\t\t<\/div>\n\t\t\t\t<\/div>\n\t\t\t\t\t<\/div>\n\t\t<\/div>\n\t\t\t\t<div class=\"elementor-column elementor-col-20 elementor-inner-column elementor-element elementor-element-e5f5829\" data-id=\"e5f5829\" data-element_type=\"column\">\n\t\t\t<div class=\"elementor-widget-wrap elementor-element-populated\">\n\t\t\t\t\t\t<div class=\"elementor-element elementor-element-9253c67 elementor-widget elementor-widget-image\" data-id=\"9253c67\" data-element_type=\"widget\" data-widget_type=\"image.default\">\n\t\t\t\t<div class=\"elementor-widget-container\">\n\t\t\t\t\t\t\t\t\t\t\t\t<figure class=\"wp-caption\">\n\t\t\t\t\t\t\t\t\t\t<img loading=\"lazy\" decoding=\"async\" width=\"450\" height=\"800\" src=\"https:\/\/richeskarayib.com\/wp-content\/uploads\/2025\/05\/Candidate-2-Amandine-Beaubrun-31-ans-1m75-de-Saint-Laurent-du-Maroni.webp\" class=\"attachment-large size-large wp-image-52926\" alt=\"Miss Guyane 2025\" srcset=\"https:\/\/richeskarayib.com\/wp-content\/uploads\/2025\/05\/Candidate-2-Amandine-Beaubrun-31-ans-1m75-de-Saint-Laurent-du-Maroni.webp 450w, https:\/\/richeskarayib.com\/wp-content\/uploads\/2025\/05\/Candidate-2-Amandine-Beaubrun-31-ans-1m75-de-Saint-Laurent-du-Maroni-169x300.webp 169w\" sizes=\"(max-width: 450px) 100vw, 450px\" \/>\t\t\t\t\t\t\t\t\t\t\t<figcaption class=\"widget-image-caption wp-caption-text\">Candidate 2 Amandine Beaubrun, 31 ans, 1m75 de Saint-Laurent-du-Maroni<\/figcaption>\n\t\t\t\t\t\t\t\t\t\t<\/figure>\n\t\t\t\t\t\t\t\t\t<\/div>\n\t\t\t\t<\/div>\n\t\t\t\t\t<\/div>\n\t\t<\/div>\n\t\t\t\t<div class=\"elementor-column elementor-col-20 elementor-inner-column elementor-element elementor-element-6f6d5ca\" data-id=\"6f6d5ca\" data-element_type=\"column\">\n\t\t\t<div class=\"elementor-widget-wrap elementor-element-populated\">\n\t\t\t\t\t\t<div class=\"elementor-element elementor-element-4bbf3c1 elementor-widget elementor-widget-image\" data-id=\"4bbf3c1\" data-element_type=\"widget\" data-widget_type=\"image.default\">\n\t\t\t\t<div class=\"elementor-widget-container\">\n\t\t\t\t\t\t\t\t\t\t\t\t<figure class=\"wp-caption\">\n\t\t\t\t\t\t\t\t\t\t<img loading=\"lazy\" decoding=\"async\" width=\"450\" height=\"800\" src=\"https:\/\/richeskarayib.com\/wp-content\/uploads\/2025\/05\/Candidate-3-Lauriane-Callender-32-ans-1m76-Remire-Montjoly.webp\" class=\"attachment-large size-large wp-image-52930\" alt=\"Miss Guyane 2025\" srcset=\"https:\/\/richeskarayib.com\/wp-content\/uploads\/2025\/05\/Candidate-3-Lauriane-Callender-32-ans-1m76-Remire-Montjoly.webp 450w, https:\/\/richeskarayib.com\/wp-content\/uploads\/2025\/05\/Candidate-3-Lauriane-Callender-32-ans-1m76-Remire-Montjoly-169x300.webp 169w\" sizes=\"(max-width: 450px) 100vw, 450px\" \/>\t\t\t\t\t\t\t\t\t\t\t<figcaption class=\"widget-image-caption wp-caption-text\">Candidate 3 Lauriane Callender, 32 ans, 1m76, R\u00e9mire-Montjoly<\/figcaption>\n\t\t\t\t\t\t\t\t\t\t<\/figure>\n\t\t\t\t\t\t\t\t\t<\/div>\n\t\t\t\t<\/div>\n\t\t\t\t\t<\/div>\n\t\t<\/div>\n\t\t\t\t<div class=\"elementor-column elementor-col-20 elementor-inner-column elementor-element elementor-element-383b7a1\" data-id=\"383b7a1\" data-element_type=\"column\">\n\t\t\t<div class=\"elementor-widget-wrap elementor-element-populated\">\n\t\t\t\t\t\t<div class=\"elementor-element elementor-element-f66855b elementor-widget elementor-widget-image\" data-id=\"f66855b\" data-element_type=\"widget\" data-widget_type=\"image.default\">\n\t\t\t\t<div class=\"elementor-widget-container\">\n\t\t\t\t\t\t\t\t\t\t\t\t<figure class=\"wp-caption\">\n\t\t\t\t\t\t\t\t\t\t<img loading=\"lazy\" decoding=\"async\" width=\"450\" height=\"800\" src=\"https:\/\/richeskarayib.com\/wp-content\/uploads\/2025\/05\/Candidate-4-Noa-Audibert-20-ans-1m73-Remire-Montjoly.webp\" class=\"attachment-large size-large wp-image-52934\" alt=\"Miss Guyane 2025\" srcset=\"https:\/\/richeskarayib.com\/wp-content\/uploads\/2025\/05\/Candidate-4-Noa-Audibert-20-ans-1m73-Remire-Montjoly.webp 450w, https:\/\/richeskarayib.com\/wp-content\/uploads\/2025\/05\/Candidate-4-Noa-Audibert-20-ans-1m73-Remire-Montjoly-169x300.webp 169w\" sizes=\"(max-width: 450px) 100vw, 450px\" \/>\t\t\t\t\t\t\t\t\t\t\t<figcaption class=\"widget-image-caption wp-caption-text\">Candidate 4 Noa Audibert, 20 ans, 1m73, R\u00e9mire-Montjoly<\/figcaption>\n\t\t\t\t\t\t\t\t\t\t<\/figure>\n\t\t\t\t\t\t\t\t\t<\/div>\n\t\t\t\t<\/div>\n\t\t\t\t\t<\/div>\n\t\t<\/div>\n\t\t\t\t<div class=\"elementor-column elementor-col-20 elementor-inner-column elementor-element elementor-element-0e171fc\" data-id=\"0e171fc\" data-element_type=\"column\">\n\t\t\t<div class=\"elementor-widget-wrap elementor-element-populated\">\n\t\t\t\t\t\t<div class=\"elementor-element elementor-element-091e4dd elementor-widget elementor-widget-image\" data-id=\"091e4dd\" data-element_type=\"widget\" data-widget_type=\"image.default\">\n\t\t\t\t<div class=\"elementor-widget-container\">\n\t\t\t\t\t\t\t\t\t\t\t\t<figure class=\"wp-caption\">\n\t\t\t\t\t\t\t\t\t\t<img loading=\"lazy\" decoding=\"async\" width=\"450\" height=\"800\" src=\"https:\/\/richeskarayib.com\/wp-content\/uploads\/2025\/05\/Candidature-5-Mercy-Baeta-20-ans-1m81-Matoury.webp\" class=\"attachment-large size-large wp-image-52938\" alt=\"Miss Guyane 2025\" srcset=\"https:\/\/richeskarayib.com\/wp-content\/uploads\/2025\/05\/Candidature-5-Mercy-Baeta-20-ans-1m81-Matoury.webp 450w, https:\/\/richeskarayib.com\/wp-content\/uploads\/2025\/05\/Candidature-5-Mercy-Baeta-20-ans-1m81-Matoury-169x300.webp 169w\" sizes=\"(max-width: 450px) 100vw, 450px\" \/>\t\t\t\t\t\t\t\t\t\t\t<figcaption class=\"widget-image-caption wp-caption-text\">Candidature 5 Mercy Baeta, 20 ans, 1m81, Matoury<\/figcaption>\n\t\t\t\t\t\t\t\t\t\t<\/figure>\n\t\t\t\t\t\t\t\t\t<\/div>\n\t\t\t\t<\/div>\n\t\t\t\t\t<\/div>\n\t\t<\/div>\n\t\t\t\t\t<\/div>\n\t\t<\/section>\n\t\t\t\t<div class=\"elementor-element elementor-element-5072117 elementor-widget elementor-widget-text-editor\" data-id=\"5072117\" data-element_type=\"widget\" data-widget_type=\"text-editor.default\">\n\t\t\t\t<div class=\"elementor-widget-container\">\n\t\t\t\t\t\t\t\t\t<ul><li style=\"font-weight: 400;\" aria-level=\"1\"><span style=\"font-weight: 400;\">Na\u00efma Polony, 24 a\u00f1os, 1m74, de Cayena, es una apasionada de la cultura y las artes, y destaca por su creatividad y amplitud de miras.<\/span><\/li><li style=\"font-weight: 400;\" aria-level=\"1\"><span style=\"font-weight: 400;\">Morganne Chabaud, 22 a\u00f1os, 1m72, de Macouria, deportista consumada, destaca por su disciplina y su energ\u00eda comunicativa.<\/span><\/li><li style=\"font-weight: 400;\" aria-level=\"1\"><span style=\"font-weight: 400;\">Alicia Mertosetiko, 21 a\u00f1os, 1m77, de Saint-Laurent-du-Maroni, comprometida con el voluntariado, las campa\u00f1as a favor de los j\u00f3venes y la educaci\u00f3n.<\/span><\/li><li style=\"font-weight: 400;\" aria-level=\"1\"><span style=\"font-weight: 400;\">H\u00e9l\u00e8nne Tr\u00e9salus, 25 a\u00f1os, 1m78, de Cayena, es una apasionada de la moda y el dise\u00f1o, y quiere promover el saber hacer local y la elegancia guyanesa.<\/span><\/li><\/ul><p><span style=\"font-weight: 400;\">Cada una de estas j\u00f3venes encarna una faceta de la Guayana Francesa, combinando ambici\u00f3n personal, compromiso c\u00edvico y orgullo de representar a su regi\u00f3n.<\/span><\/p>\t\t\t\t\t\t\t\t<\/div>\n\t\t\t\t<\/div>\n\t\t\t\t<section class=\"elementor-section elementor-inner-section elementor-element elementor-element-20db3ad elementor-section-boxed elementor-section-height-default elementor-section-height-default\" data-id=\"20db3ad\" data-element_type=\"section\">\n\t\t\t\t\t\t<div class=\"elementor-container elementor-column-gap-default\">\n\t\t\t\t\t<div class=\"elementor-column elementor-col-25 elementor-inner-column elementor-element elementor-element-c15f3d4\" data-id=\"c15f3d4\" data-element_type=\"column\">\n\t\t\t<div class=\"elementor-widget-wrap elementor-element-populated\">\n\t\t\t\t\t\t<div class=\"elementor-element elementor-element-e8996c1 elementor-widget elementor-widget-image\" data-id=\"e8996c1\" data-element_type=\"widget\" data-widget_type=\"image.default\">\n\t\t\t\t<div class=\"elementor-widget-container\">\n\t\t\t\t\t\t\t\t\t\t\t\t<figure class=\"wp-caption\">\n\t\t\t\t\t\t\t\t\t\t<img loading=\"lazy\" decoding=\"async\" width=\"450\" height=\"800\" src=\"https:\/\/richeskarayib.com\/wp-content\/uploads\/2025\/05\/Candidate-6-Naima-Polony-25-ans-1m83-Matoury.webp\" class=\"attachment-large size-large wp-image-52942\" alt=\"Miss Guyane 2025\" srcset=\"https:\/\/richeskarayib.com\/wp-content\/uploads\/2025\/05\/Candidate-6-Naima-Polony-25-ans-1m83-Matoury.webp 450w, https:\/\/richeskarayib.com\/wp-content\/uploads\/2025\/05\/Candidate-6-Naima-Polony-25-ans-1m83-Matoury-169x300.webp 169w\" sizes=\"(max-width: 450px) 100vw, 450px\" \/>\t\t\t\t\t\t\t\t\t\t\t<figcaption class=\"widget-image-caption wp-caption-text\">Candidate 6 Na\u00efma Polony, 25 ans, 1m83, Matoury<\/figcaption>\n\t\t\t\t\t\t\t\t\t\t<\/figure>\n\t\t\t\t\t\t\t\t\t<\/div>\n\t\t\t\t<\/div>\n\t\t\t\t\t<\/div>\n\t\t<\/div>\n\t\t\t\t<div class=\"elementor-column elementor-col-25 elementor-inner-column elementor-element elementor-element-c2c89dd\" data-id=\"c2c89dd\" data-element_type=\"column\">\n\t\t\t<div class=\"elementor-widget-wrap elementor-element-populated\">\n\t\t\t\t\t\t<div class=\"elementor-element elementor-element-8147835 elementor-widget elementor-widget-image\" data-id=\"8147835\" data-element_type=\"widget\" data-widget_type=\"image.default\">\n\t\t\t\t<div class=\"elementor-widget-container\">\n\t\t\t\t\t\t\t\t\t\t\t\t<figure class=\"wp-caption\">\n\t\t\t\t\t\t\t\t\t\t<img loading=\"lazy\" decoding=\"async\" width=\"450\" height=\"800\" src=\"https:\/\/richeskarayib.com\/wp-content\/uploads\/2025\/05\/Candidate-7-Morgane-Chabaud-22-ans-1m83-Cayenne.webp\" class=\"attachment-large size-large wp-image-52946\" alt=\"Miss Guyane 2025\" srcset=\"https:\/\/richeskarayib.com\/wp-content\/uploads\/2025\/05\/Candidate-7-Morgane-Chabaud-22-ans-1m83-Cayenne.webp 450w, https:\/\/richeskarayib.com\/wp-content\/uploads\/2025\/05\/Candidate-7-Morgane-Chabaud-22-ans-1m83-Cayenne-169x300.webp 169w\" sizes=\"(max-width: 450px) 100vw, 450px\" \/>\t\t\t\t\t\t\t\t\t\t\t<figcaption class=\"widget-image-caption wp-caption-text\">Candidate 7 Morgane Chabaud, 22 ans, 1m83, Cayenne<\/figcaption>\n\t\t\t\t\t\t\t\t\t\t<\/figure>\n\t\t\t\t\t\t\t\t\t<\/div>\n\t\t\t\t<\/div>\n\t\t\t\t\t<\/div>\n\t\t<\/div>\n\t\t\t\t<div class=\"elementor-column elementor-col-25 elementor-inner-column elementor-element elementor-element-d305a92\" data-id=\"d305a92\" data-element_type=\"column\">\n\t\t\t<div class=\"elementor-widget-wrap elementor-element-populated\">\n\t\t\t\t\t\t<div class=\"elementor-element elementor-element-c8585f3 elementor-widget elementor-widget-image\" data-id=\"c8585f3\" data-element_type=\"widget\" data-widget_type=\"image.default\">\n\t\t\t\t<div class=\"elementor-widget-container\">\n\t\t\t\t\t\t\t\t\t\t\t\t<figure class=\"wp-caption\">\n\t\t\t\t\t\t\t\t\t\t<img loading=\"lazy\" decoding=\"async\" width=\"450\" height=\"800\" src=\"https:\/\/richeskarayib.com\/wp-content\/uploads\/2025\/05\/Candidate-8-Alicia-Mertosetiko-20-ans-1m72-Remire-Montjoly.webp\" class=\"attachment-large size-large wp-image-52950\" alt=\"Miss Guyane 2025\" srcset=\"https:\/\/richeskarayib.com\/wp-content\/uploads\/2025\/05\/Candidate-8-Alicia-Mertosetiko-20-ans-1m72-Remire-Montjoly.webp 450w, https:\/\/richeskarayib.com\/wp-content\/uploads\/2025\/05\/Candidate-8-Alicia-Mertosetiko-20-ans-1m72-Remire-Montjoly-169x300.webp 169w\" sizes=\"(max-width: 450px) 100vw, 450px\" \/>\t\t\t\t\t\t\t\t\t\t\t<figcaption class=\"widget-image-caption wp-caption-text\">Candidate 8 Alicia Mertosetiko, 20 ans, 1m72, R\u00e9mire-Montjoly<\/figcaption>\n\t\t\t\t\t\t\t\t\t\t<\/figure>\n\t\t\t\t\t\t\t\t\t<\/div>\n\t\t\t\t<\/div>\n\t\t\t\t\t<\/div>\n\t\t<\/div>\n\t\t\t\t<div class=\"elementor-column elementor-col-25 elementor-inner-column elementor-element elementor-element-1da0980\" data-id=\"1da0980\" data-element_type=\"column\">\n\t\t\t<div class=\"elementor-widget-wrap elementor-element-populated\">\n\t\t\t\t\t\t<div class=\"elementor-element elementor-element-0336f1a elementor-widget elementor-widget-image\" data-id=\"0336f1a\" data-element_type=\"widget\" data-widget_type=\"image.default\">\n\t\t\t\t<div class=\"elementor-widget-container\">\n\t\t\t\t\t\t\t\t\t\t\t\t<figure class=\"wp-caption\">\n\t\t\t\t\t\t\t\t\t\t<img loading=\"lazy\" decoding=\"async\" width=\"450\" height=\"800\" src=\"https:\/\/richeskarayib.com\/wp-content\/uploads\/2025\/05\/Candidate-9-Helenne-Tresalus-25-ans-1m70-Macouria.webp\" class=\"attachment-large size-large wp-image-52954\" alt=\"Miss Guyane 2025\" srcset=\"https:\/\/richeskarayib.com\/wp-content\/uploads\/2025\/05\/Candidate-9-Helenne-Tresalus-25-ans-1m70-Macouria.webp 450w, https:\/\/richeskarayib.com\/wp-content\/uploads\/2025\/05\/Candidate-9-Helenne-Tresalus-25-ans-1m70-Macouria-169x300.webp 169w\" sizes=\"(max-width: 450px) 100vw, 450px\" \/>\t\t\t\t\t\t\t\t\t\t\t<figcaption class=\"widget-image-caption wp-caption-text\">Candidate 9 H\u00e9lenne Tresalus, 25 ans, 1m70, Macouria<\/figcaption>\n\t\t\t\t\t\t\t\t\t\t<\/figure>\n\t\t\t\t\t\t\t\t\t<\/div>\n\t\t\t\t<\/div>\n\t\t\t\t\t<\/div>\n\t\t<\/div>\n\t\t\t\t\t<\/div>\n\t\t<\/section>\n\t\t\t\t\t<\/div>\n\t\t<\/div>\n\t\t\t\t\t<\/div>\n\t\t<\/section>\n\t\t\t\t<section class=\"elementor-section elementor-top-section elementor-element elementor-element-9b22c49 elementor-section-boxed elementor-section-height-default elementor-section-height-default\" data-id=\"9b22c49\" data-element_type=\"section\">\n\t\t\t\t\t\t<div class=\"elementor-container elementor-column-gap-default\">\n\t\t\t\t\t<div class=\"elementor-column elementor-col-100 elementor-top-column elementor-element elementor-element-7121c8b\" data-id=\"7121c8b\" data-element_type=\"column\">\n\t\t\t<div class=\"elementor-widget-wrap elementor-element-populated\">\n\t\t\t\t\t\t<div class=\"elementor-element elementor-element-64e7411 elementor-widget elementor-widget-heading\" data-id=\"64e7411\" data-element_type=\"widget\" data-widget_type=\"heading.default\">\n\t\t\t\t<div class=\"elementor-widget-container\">\n\t\t\t\t\t<h2 class=\"elementor-heading-title elementor-size-default\">Unas elecciones regionales muy esperadas<\/h2>\t\t\t\t<\/div>\n\t\t\t\t<\/div>\n\t\t\t\t<div class=\"elementor-element elementor-element-5224caa elementor-widget elementor-widget-text-editor\" data-id=\"5224caa\" data-element_type=\"widget\" data-widget_type=\"text-editor.default\">\n\t\t\t\t<div class=\"elementor-widget-container\">\n\t\t\t\t\t\t\t\t\t<h3><strong>Fecha y lugar del acto<\/strong><\/h3><p><span style=\"font-weight: 400;\">Miss Guayana Francesa 2025 est\u00e1 en la cuenta atr\u00e1s para el s\u00e1bado 12 de julio, fecha de la elecci\u00f3n regional que se celebrar\u00e1 en el PROGT de Matoury. Esto marcar\u00e1 la culminaci\u00f3n de semanas de esfuerzo y preparaci\u00f3n para las candidatas, pero tambi\u00e9n ser\u00e1 una oportunidad para que el p\u00fablico guyan\u00e9s apoye a su favorita. <\/span><\/p>\t\t\t\t\t\t\t\t<\/div>\n\t\t\t\t<\/div>\n\t\t\t\t<div class=\"elementor-element elementor-element-340c215 elementor-widget elementor-widget-text-editor\" data-id=\"340c215\" data-element_type=\"widget\" data-widget_type=\"text-editor.default\">\n\t\t\t\t<div class=\"elementor-widget-container\">\n\t\t\t\t\t\t\t\t\t<h3><strong>Presencia excepcional de Ang\u00e9lique Angarni-Filopon<\/strong><\/h3><p><span style=\"font-weight: 400;\">Este a\u00f1o, la elecci\u00f3n contar\u00e1 con la presencia de Ang\u00e9lique <a href=\"https:\/\/richeskarayib.com\/es\/miss-francia-2025-angelique-angarni-filopon-un-regreso-deslumbrante-a-martinica\/\" target=\"_blank\" rel=\"noopener\">Angarni-Filopon<\/a>, Miss Francia 2025, que vendr\u00e1 a rendir homenaje a los logros de las candidatas y a transmitir un mensaje de \u00e1nimo y unidad. Su visita subraya la importancia de este concurso para elevar el perfil de Guyana en Francia. <\/span><\/p>\t\t\t\t\t\t\t\t<\/div>\n\t\t\t\t<\/div>\n\t\t\t\t\t<\/div>\n\t\t<\/div>\n\t\t\t\t\t<\/div>\n\t\t<\/section>\n\t\t\t\t<section class=\"elementor-section elementor-top-section elementor-element elementor-element-78a168f elementor-section-boxed elementor-section-height-default elementor-section-height-default\" data-id=\"78a168f\" data-element_type=\"section\">\n\t\t\t\t\t\t<div class=\"elementor-container elementor-column-gap-default\">\n\t\t\t\t\t<div class=\"elementor-column elementor-col-100 elementor-top-column elementor-element elementor-element-48793ec\" data-id=\"48793ec\" data-element_type=\"column\">\n\t\t\t<div class=\"elementor-widget-wrap elementor-element-populated\">\n\t\t\t\t\t\t<div class=\"elementor-element elementor-element-e7a1f52 elementor-widget elementor-widget-text-editor\" data-id=\"e7a1f52\" data-element_type=\"widget\" data-widget_type=\"text-editor.default\">\n\t\t\t\t<div class=\"elementor-widget-container\">\n\t\t\t\t\t\t\t\t\t<p><span style=\"font-weight: 400;\">Miss Guayana 2025 es mucho m\u00e1s que un concurso de belleza. Es una aventura humana, un trampol\u00edn para j\u00f3venes ambiciosas y un reflejo de la diversidad y el dinamismo de la Guayana Francesa. A trav\u00e9s de sus carreras, sus compromisos y sus sue\u00f1os, estas nueve candidatas encarnan la esperanza y el futuro de la regi\u00f3n. Nos vemos el 12 de julio para saber qui\u00e9n suceder\u00e1 a Jade Fansonna y enarbolar\u00e1 la bandera de Guayana Francesa en Miss Francia 2026.   <\/span><\/p>\t\t\t\t\t\t\t\t<\/div>\n\t\t\t\t<\/div>\n\t\t\t\t\t<\/div>\n\t\t<\/div>\n\t\t\t\t\t<\/div>\n\t\t<\/section>\n\t\t\t\t<\/div>\n\t\t","protected":false},"excerpt":{"rendered":"<p>Miss Guayana Francesa 2025, un evento que ya est\u00e1 generando entusiasmo y curiosidad en la Guayana Francesa. El martes 27 de mayo, en el Mercure Royal Amazonie, el comit\u00e9 de Miss Guayana Francesa dio a conocer a las nueve j\u00f3venes que sue\u00f1an con suceder a Jade Fansonna y representar a Guayana Francesa en el prestigioso [&hellip;]<\/p>\n","protected":false},"author":662,"featured_media":52918,"comment_status":"open","ping_status":"open","sticky":false,"template":"","format":"standard","meta":{"_acf_changed":false,"footnotes":""},"categories":[1502,839],"tags":[1549],"class_list":["post-52964","post","type-post","status-publish","format-standard","has-post-thumbnail","hentry","category-moda","category-noticias","tag-guayana-francesa"],"acf":[],"_links":{"self":[{"href":"https:\/\/richeskarayib.com\/es\/wp-json\/wp\/v2\/posts\/52964","targetHints":{"allow":["GET"]}}],"collection":[{"href":"https:\/\/richeskarayib.com\/es\/wp-json\/wp\/v2\/posts"}],"about":[{"href":"https:\/\/richeskarayib.com\/es\/wp-json\/wp\/v2\/types\/post"}],"author":[{"embeddable":true,"href":"https:\/\/richeskarayib.com\/es\/wp-json\/wp\/v2\/users\/662"}],"replies":[{"embeddable":true,"href":"https:\/\/richeskarayib.com\/es\/wp-json\/wp\/v2\/comments?post=52964"}],"version-history":[{"count":0,"href":"https:\/\/richeskarayib.com\/es\/wp-json\/wp\/v2\/posts\/52964\/revisions"}],"wp:featuredmedia":[{"embeddable":true,"href":"https:\/\/richeskarayib.com\/es\/wp-json\/wp\/v2\/media\/52918"}],"wp:attachment":[{"href":"https:\/\/richeskarayib.com\/es\/wp-json\/wp\/v2\/media?parent=52964"}],"wp:term":[{"taxonomy":"category","embeddable":true,"href":"https:\/\/richeskarayib.com\/es\/wp-json\/wp\/v2\/categories?post=52964"},{"taxonomy":"post_tag","embeddable":true,"href":"https:\/\/richeskarayib.com\/es\/wp-json\/wp\/v2\/tags?post=52964"}],"curies":[{"name":"wp","href":"https:\/\/api.w.org\/{rel}","templated":true}]}}