{"id":53275,"date":"2025-06-01T13:39:42","date_gmt":"2025-06-01T17:39:42","guid":{"rendered":"https:\/\/richeskarayib.com\/martinica-aurelie-joachim-un-viaje-ejemplar-de-martinica-a-la-escena-mundial-de-miss-mundo-2025\/"},"modified":"2025-06-01T13:52:36","modified_gmt":"2025-06-01T17:52:36","slug":"martinica-aurelie-joachim-un-viaje-ejemplar-de-martinica-a-la-escena-mundial-de-miss-mundo-2025","status":"publish","type":"post","link":"https:\/\/richeskarayib.com\/es\/martinica-aurelie-joachim-un-viaje-ejemplar-de-martinica-a-la-escena-mundial-de-miss-mundo-2025\/","title":{"rendered":"Martinica &#8211; Aur\u00e9lie Joachim: Un viaje ejemplar de Martinica a la escena mundial de Miss Mundo 2025"},"content":{"rendered":"\t\t<div data-elementor-type=\"wp-post\" data-elementor-id=\"53275\" class=\"elementor elementor-53275 elementor-53241\" data-elementor-post-type=\"post\">\n\t\t\t\t\t\t<section class=\"elementor-section elementor-top-section elementor-element elementor-element-aff47a5 elementor-section-boxed elementor-section-height-default elementor-section-height-default\" data-id=\"aff47a5\" data-element_type=\"section\">\n\t\t\t\t\t\t<div class=\"elementor-container elementor-column-gap-default\">\n\t\t\t\t\t<div class=\"elementor-column elementor-col-100 elementor-top-column elementor-element elementor-element-83927da\" data-id=\"83927da\" data-element_type=\"column\">\n\t\t\t<div class=\"elementor-widget-wrap elementor-element-populated\">\n\t\t\t\t\t\t<div class=\"elementor-element elementor-element-2888162 elementor-widget elementor-widget-text-editor\" data-id=\"2888162\" data-element_type=\"widget\" data-widget_type=\"text-editor.default\">\n\t\t\t\t<div class=\"elementor-widget-container\">\n\t\t\t\t\t\t\t\t\t<p><span style=\"font-weight: 400;\">En 2025, <a href=\"https:\/\/www.instagram.com\/aureliejoa\/\" target=\"_blank\" rel=\"noopener nofollow\">Aur\u00e9lie Joachim<\/a> se consolid\u00f3 como una de las figuras m\u00e1s destacadas de <a href=\"https:\/\/richeskarayib.com\/es\/cooperacion-caribena-le-lamentin-y-santiago-de-cuba-30-anos-de-intercambios-culturales-y-solidaridad\/\" target=\"_blank\" rel=\"noopener\">Martinica<\/a> en la escena internacional, ganando el tercer puesto de Miss Mundo. Su ascenso a la fama es el resultado de un profundo compromiso y de una carrera marcada por el \u00e9xito, y es un ejemplo inspirador tanto para los expertos en concursos de belleza como para los reci\u00e9n llegados al Caribe. Aur\u00e9lie Joachim no es s\u00f3lo un nombre; es la encarnaci\u00f3n de la esperanza, la determinaci\u00f3n y la capacidad de una isla para brillar mucho m\u00e1s all\u00e1 de sus fronteras.  <\/span><\/p>\t\t\t\t\t\t\t\t<\/div>\n\t\t\t\t<\/div>\n\t\t\t\t\t<\/div>\n\t\t<\/div>\n\t\t\t\t\t<\/div>\n\t\t<\/section>\n\t\t\t\t<section class=\"elementor-section elementor-top-section elementor-element elementor-element-a940619 elementor-section-boxed elementor-section-height-default elementor-section-height-default\" data-id=\"a940619\" data-element_type=\"section\">\n\t\t\t\t\t\t<div class=\"elementor-container elementor-column-gap-default\">\n\t\t\t\t\t<div class=\"elementor-column elementor-col-100 elementor-top-column elementor-element elementor-element-cec34eb\" data-id=\"cec34eb\" data-element_type=\"column\">\n\t\t\t<div class=\"elementor-widget-wrap elementor-element-populated\">\n\t\t\t\t\t\t<div class=\"elementor-element elementor-element-f7accd7 elementor-widget elementor-widget-heading\" data-id=\"f7accd7\" data-element_type=\"widget\" data-widget_type=\"heading.default\">\n\t\t\t\t<div class=\"elementor-widget-container\">\n\t\t\t\t\t<h2 class=\"elementor-heading-title elementor-size-default\">Un embajador internacional para Martinica<\/h2>\t\t\t\t<\/div>\n\t\t\t\t<\/div>\n\t\t\t\t<div class=\"elementor-element elementor-element-3f476bd elementor-widget elementor-widget-text-editor\" data-id=\"3f476bd\" data-element_type=\"widget\" data-widget_type=\"text-editor.default\">\n\t\t\t\t<div class=\"elementor-widget-container\">\n\t\t\t\t\t\t\t\t\t<h3><strong>Or\u00edgenes y compromiso  <\/strong><\/h3>\n<p><span style=\"font-weight: 400;\">Nacida en Ducos, <a href=\"https:\/\/la1ere.franceinfo.fr\/martinique\/miss-monde-2025-la-martiniquaise-aurelie-joachim-est-troisieme-dauphine-1591677.html\" target=\"_blank\" rel=\"noopener nofollow\">Aur\u00e9lie Joachim<\/a> creci\u00f3 en una Martinica donde la solidaridad y el esp\u00edritu comunitario son valores fundamentales. Desde muy peque\u00f1a, se distingui\u00f3 por su capacidad para unir y defender las causas que le son cercanas. En 2016, gan\u00f3 el t\u00edtulo de Miss Martinica, revelando su carisma natural y su facilidad para representar a su regi\u00f3n. Contrariamente a la imagen a veces superficial de los concursos de belleza, Aur\u00e9lie Joachim destaca por su sincera implicaci\u00f3n en la vida comunitaria y social de su isla.   <\/span><\/p>\t\t\t\t\t\t\t\t<\/div>\n\t\t\t\t<\/div>\n\t\t\t\t<div class=\"elementor-element elementor-element-43ca449 elementor-widget elementor-widget-text-editor\" data-id=\"43ca449\" data-element_type=\"widget\" data-widget_type=\"text-editor.default\">\n\t\t\t\t<div class=\"elementor-widget-container\">\n\t\t\t\t\t\t\t\t\t<h3><strong>Selecci\u00f3n estrat\u00e9gica para Miss Mundo 2025<\/strong><\/h3>\n<p><span style=\"font-weight: 400;\">En 2025, el comit\u00e9 de Martinica opt\u00f3 por una estrategia audaz: seleccionar a un antiguo ganador con gran experiencia y compromiso. La elecci\u00f3n mereci\u00f3 la pena. Aur\u00e9lie Joachim, con sus a\u00f1os de madurez y su compromiso con las causas sociales, llevar\u00e1 bien alto los colores de Martinica en Miss Mundo 2025. Esta selecci\u00f3n ilustra el deseo de la isla de centrarse en la profundidad humana tanto como en la apariencia.   <\/span><\/p>\t\t\t\t\t\t\t\t<\/div>\n\t\t\t\t<\/div>\n\t\t\t\t<section class=\"elementor-section elementor-inner-section elementor-element elementor-element-f4357d0 elementor-section-boxed elementor-section-height-default elementor-section-height-default\" data-id=\"f4357d0\" data-element_type=\"section\">\n\t\t\t\t\t\t<div class=\"elementor-container elementor-column-gap-default\">\n\t\t\t\t\t<div class=\"elementor-column elementor-col-100 elementor-inner-column elementor-element elementor-element-c256f3f\" data-id=\"c256f3f\" data-element_type=\"column\">\n\t\t\t<div class=\"elementor-widget-wrap elementor-element-populated\">\n\t\t\t\t\t\t<div class=\"elementor-element elementor-element-75d8231 elementor-widget elementor-widget-image\" data-id=\"75d8231\" data-element_type=\"widget\" data-widget_type=\"image.default\">\n\t\t\t\t<div class=\"elementor-widget-container\">\n\t\t\t\t\t\t\t\t\t\t\t\t\t\t\t<img fetchpriority=\"high\" decoding=\"async\" width=\"800\" height=\"998\" src=\"https:\/\/richeskarayib.com\/wp-content\/uploads\/2025\/06\/500542816_17901743928191628_3565013045899446974_n-821x1024.jpg\" class=\"attachment-large size-large wp-image-53253\" alt=\"Aur\u00e9lie Joachim\" srcset=\"https:\/\/richeskarayib.com\/wp-content\/uploads\/2025\/06\/500542816_17901743928191628_3565013045899446974_n-821x1024.jpg 821w, https:\/\/richeskarayib.com\/wp-content\/uploads\/2025\/06\/500542816_17901743928191628_3565013045899446974_n-241x300.jpg 241w, https:\/\/richeskarayib.com\/wp-content\/uploads\/2025\/06\/500542816_17901743928191628_3565013045899446974_n-768x957.jpg 768w, https:\/\/richeskarayib.com\/wp-content\/uploads\/2025\/06\/500542816_17901743928191628_3565013045899446974_n-1232x1536.jpg 1232w, https:\/\/richeskarayib.com\/wp-content\/uploads\/2025\/06\/500542816_17901743928191628_3565013045899446974_n-1320x1645.jpg 1320w, https:\/\/richeskarayib.com\/wp-content\/uploads\/2025\/06\/500542816_17901743928191628_3565013045899446974_n.jpg 1440w\" sizes=\"(max-width: 800px) 100vw, 800px\" \/>\t\t\t\t\t\t\t\t\t\t\t\t\t\t\t<\/div>\n\t\t\t\t<\/div>\n\t\t\t\t\t<\/div>\n\t\t<\/div>\n\t\t\t\t\t<\/div>\n\t\t<\/section>\n\t\t\t\t\t<\/div>\n\t\t<\/div>\n\t\t\t\t\t<\/div>\n\t\t<\/section>\n\t\t\t\t<section class=\"elementor-section elementor-top-section elementor-element elementor-element-3f2c55e elementor-section-boxed elementor-section-height-default elementor-section-height-default\" data-id=\"3f2c55e\" data-element_type=\"section\">\n\t\t\t\t\t\t<div class=\"elementor-container elementor-column-gap-default\">\n\t\t\t\t\t<div class=\"elementor-column elementor-col-100 elementor-top-column elementor-element elementor-element-c80a519\" data-id=\"c80a519\" data-element_type=\"column\">\n\t\t\t<div class=\"elementor-widget-wrap elementor-element-populated\">\n\t\t\t\t\t\t<div class=\"elementor-element elementor-element-fea1ae1 elementor-widget elementor-widget-heading\" data-id=\"fea1ae1\" data-element_type=\"widget\" data-widget_type=\"heading.default\">\n\t\t\t\t<div class=\"elementor-widget-container\">\n\t\t\t\t\t<h2 class=\"elementor-heading-title elementor-size-default\">T\u00edtulos prestigiosos para Aur\u00e9lie Joachim<\/h2>\t\t\t\t<\/div>\n\t\t\t\t<\/div>\n\t\t\t\t<div class=\"elementor-element elementor-element-b9efd94 elementor-widget elementor-widget-text-editor\" data-id=\"b9efd94\" data-element_type=\"widget\" data-widget_type=\"text-editor.default\">\n\t\t\t\t<div class=\"elementor-widget-container\">\n\t\t\t\t\t\t\t\t\t<h3><strong>Miss Mundo Am\u00e9ricas y Caribe: reconocimiento continental<\/strong><\/h3>\n<p><span style=\"font-weight: 400;\">Aur\u00e9lie Joachim no s\u00f3lo particip\u00f3. Gan\u00f3 el t\u00edtulo de Miss Mundo Am\u00e9ricas y Caribe, una distinci\u00f3n que reconoce a la mejor candidata del continente y de la regi\u00f3n. Este t\u00edtulo, lejos de ser simb\u00f3lico, le abre las puertas de las fases finales del concurso y la pone bajo la atenta mirada de los medios de comunicaci\u00f3n internacionales.  <\/span><\/p>\t\t\t\t\t\t\t\t<\/div>\n\t\t\t\t<\/div>\n\t\t\t\t<div class=\"elementor-element elementor-element-bf02246 elementor-widget elementor-widget-text-editor\" data-id=\"bf02246\" data-element_type=\"widget\" data-widget_type=\"text-editor.default\">\n\t\t\t\t<div class=\"elementor-widget-container\">\n\t\t\t\t\t\t\t\t\t<h2><strong>Top Model Challenge y otros premios importantes<\/strong><\/h2>\n<p><span style=\"font-weight: 400;\">La Martiniquaise tambi\u00e9n brill\u00f3 en el Desaf\u00edo Top Model, obteniendo el primer puesto en la zona de las Am\u00e9ricas y el Caribe. Qued\u00f3 segunda en el reto deportivo, demostrando que la belleza puede ir de la mano del rendimiento f\u00edsico y el esp\u00edritu competitivo. Finalista en el desaf\u00edo de talentos, Aur\u00e9lie Joachim demostr\u00f3 una rara versatilidad que fue aclamada tanto por el jurado como por los observadores.  <\/span><\/p>\t\t\t\t\t\t\t\t<\/div>\n\t\t\t\t<\/div>\n\t\t\t\t<section class=\"elementor-section elementor-inner-section elementor-element elementor-element-1d87bc1 elementor-section-boxed elementor-section-height-default elementor-section-height-default\" data-id=\"1d87bc1\" data-element_type=\"section\">\n\t\t\t\t\t\t<div class=\"elementor-container elementor-column-gap-default\">\n\t\t\t\t\t<div class=\"elementor-column elementor-col-50 elementor-inner-column elementor-element elementor-element-48f6a87\" data-id=\"48f6a87\" data-element_type=\"column\">\n\t\t\t<div class=\"elementor-widget-wrap elementor-element-populated\">\n\t\t\t\t\t\t<div class=\"elementor-element elementor-element-789db1c elementor-widget elementor-widget-image\" data-id=\"789db1c\" data-element_type=\"widget\" data-widget_type=\"image.default\">\n\t\t\t\t<div class=\"elementor-widget-container\">\n\t\t\t\t\t\t\t\t\t\t\t\t\t\t\t<img decoding=\"async\" width=\"800\" height=\"1000\" src=\"https:\/\/richeskarayib.com\/wp-content\/uploads\/2025\/06\/503034886_18509698144037774_8508359644473369638_n-819x1024.jpg\" class=\"attachment-large size-large wp-image-53257\" alt=\"Aur\u00e9lie Joachim\" srcset=\"https:\/\/richeskarayib.com\/wp-content\/uploads\/2025\/06\/503034886_18509698144037774_8508359644473369638_n-819x1024.jpg 819w, https:\/\/richeskarayib.com\/wp-content\/uploads\/2025\/06\/503034886_18509698144037774_8508359644473369638_n-240x300.jpg 240w, https:\/\/richeskarayib.com\/wp-content\/uploads\/2025\/06\/503034886_18509698144037774_8508359644473369638_n-768x960.jpg 768w, https:\/\/richeskarayib.com\/wp-content\/uploads\/2025\/06\/503034886_18509698144037774_8508359644473369638_n-1229x1536.jpg 1229w, https:\/\/richeskarayib.com\/wp-content\/uploads\/2025\/06\/503034886_18509698144037774_8508359644473369638_n-1320x1650.jpg 1320w, https:\/\/richeskarayib.com\/wp-content\/uploads\/2025\/06\/503034886_18509698144037774_8508359644473369638_n.jpg 1440w\" sizes=\"(max-width: 800px) 100vw, 800px\" \/>\t\t\t\t\t\t\t\t\t\t\t\t\t\t\t<\/div>\n\t\t\t\t<\/div>\n\t\t\t\t\t<\/div>\n\t\t<\/div>\n\t\t\t\t<div class=\"elementor-column elementor-col-50 elementor-inner-column elementor-element elementor-element-2ef617a\" data-id=\"2ef617a\" data-element_type=\"column\">\n\t\t\t<div class=\"elementor-widget-wrap elementor-element-populated\">\n\t\t\t\t\t\t<div class=\"elementor-element elementor-element-be755e9 elementor-widget elementor-widget-image\" data-id=\"be755e9\" data-element_type=\"widget\" data-widget_type=\"image.default\">\n\t\t\t\t<div class=\"elementor-widget-container\">\n\t\t\t\t\t\t\t\t\t\t\t\t\t\t\t<img decoding=\"async\" width=\"800\" height=\"941\" src=\"https:\/\/richeskarayib.com\/wp-content\/uploads\/2025\/06\/503035490_18509950444037774_1135329322938080629_n-871x1024.jpg\" class=\"attachment-large size-large wp-image-53245\" alt=\"Aur\u00e9lie Joachim\" srcset=\"https:\/\/richeskarayib.com\/wp-content\/uploads\/2025\/06\/503035490_18509950444037774_1135329322938080629_n-871x1024.jpg 871w, https:\/\/richeskarayib.com\/wp-content\/uploads\/2025\/06\/503035490_18509950444037774_1135329322938080629_n-255x300.jpg 255w, https:\/\/richeskarayib.com\/wp-content\/uploads\/2025\/06\/503035490_18509950444037774_1135329322938080629_n-768x903.jpg 768w, https:\/\/richeskarayib.com\/wp-content\/uploads\/2025\/06\/503035490_18509950444037774_1135329322938080629_n.jpg 1206w\" sizes=\"(max-width: 800px) 100vw, 800px\" \/>\t\t\t\t\t\t\t\t\t\t\t\t\t\t\t<\/div>\n\t\t\t\t<\/div>\n\t\t\t\t\t<\/div>\n\t\t<\/div>\n\t\t\t\t\t<\/div>\n\t\t<\/section>\n\t\t\t\t\t<\/div>\n\t\t<\/div>\n\t\t\t\t\t<\/div>\n\t\t<\/section>\n\t\t\t\t<section class=\"elementor-section elementor-top-section elementor-element elementor-element-2380dd4 elementor-section-boxed elementor-section-height-default elementor-section-height-default\" data-id=\"2380dd4\" data-element_type=\"section\">\n\t\t\t\t\t\t<div class=\"elementor-container elementor-column-gap-default\">\n\t\t\t\t\t<div class=\"elementor-column elementor-col-100 elementor-top-column elementor-element elementor-element-bcc1da8\" data-id=\"bcc1da8\" data-element_type=\"column\">\n\t\t\t<div class=\"elementor-widget-wrap elementor-element-populated\">\n\t\t\t\t\t\t<div class=\"elementor-element elementor-element-a06b707 elementor-widget elementor-widget-heading\" data-id=\"a06b707\" data-element_type=\"widget\" data-widget_type=\"heading.default\">\n\t\t\t\t<div class=\"elementor-widget-container\">\n\t\t\t\t\t<h2 class=\"elementor-heading-title elementor-size-default\">El compromiso de Aur\u00e9lie Joachim con la Salud Mental<\/h2>\t\t\t\t<\/div>\n\t\t\t\t<\/div>\n\t\t\t\t<div class=\"elementor-element elementor-element-deeabdd elementor-widget elementor-widget-text-editor\" data-id=\"deeabdd\" data-element_type=\"widget\" data-widget_type=\"text-editor.default\">\n\t\t\t\t<div class=\"elementor-widget-container\">\n\t\t\t\t\t\t\t\t\t<h3><strong>Maison Lanmou: una iniciativa local con atractivo universal<\/strong><\/h3>\n<p><span style=\"font-weight: 400;\">Lejos de limitarse a la representaci\u00f3n est\u00e9tica, Aur\u00e9lie Joachim se ha volcado en la causa de la salud mental de los j\u00f3venes. Fundadora de la asociaci\u00f3n Maison Lanmou, ofrece grupos de debate y espacios de escucha, respondiendo as\u00ed a una necesidad a menudo desatendida en las sociedades insulares. Su mensaje es claro: \u201cNo est\u00e1s solo, tu salud mental es importante y mereces que te escuchen con atenci\u00f3n, respeto y amor\u201d. La Maison Lanmou, que se origin\u00f3 en Martinica, resuena ahora mucho m\u00e1s all\u00e1 de las fronteras de la isla.  <\/span><\/p>\t\t\t\t\t\t\t\t<\/div>\n\t\t\t\t<\/div>\n\t\t\t\t<div class=\"elementor-element elementor-element-c6f4abe elementor-widget elementor-widget-text-editor\" data-id=\"c6f4abe\" data-element_type=\"widget\" data-widget_type=\"text-editor.default\">\n\t\t\t\t<div class=\"elementor-widget-container\">\n\t\t\t\t\t\t\t\t\t<h3><strong>Un alegato ganador ante el jurado internacional<\/strong><\/h3>\n<p><span style=\"font-weight: 400;\">En la final de Miss Mundo 2025, Aur\u00e9lie Joachim capt\u00f3 la atenci\u00f3n del jurado con un discurso poderoso y aut\u00e9ntico. Dijo: &#8220;Vengo de una peque\u00f1a isla donde tenemos grandes sue\u00f1os y grandes pensadores. A trav\u00e9s de mi asociaci\u00f3n Maison Lanmou, me gustar\u00eda ser la voz de los que no vemos ni o\u00edmos. Se puede venir de una peque\u00f1a isla y cambiar el mundo. Este atractivo universal ha contribuido a que est\u00e9 entre las 4 mejores del mundo. <\/span><\/p>\t\t\t\t\t\t\t\t<\/div>\n\t\t\t\t<\/div>\n\t\t\t\t\t<\/div>\n\t\t<\/div>\n\t\t\t\t\t<\/div>\n\t\t<\/section>\n\t\t\t\t<section class=\"elementor-section elementor-top-section elementor-element elementor-element-a97981f elementor-section-boxed elementor-section-height-default elementor-section-height-default\" data-id=\"a97981f\" data-element_type=\"section\">\n\t\t\t\t\t\t<div class=\"elementor-container elementor-column-gap-default\">\n\t\t\t\t\t<div class=\"elementor-column elementor-col-100 elementor-top-column elementor-element elementor-element-eb6762c\" data-id=\"eb6762c\" data-element_type=\"column\">\n\t\t\t<div class=\"elementor-widget-wrap elementor-element-populated\">\n\t\t\t\t\t\t<div class=\"elementor-element elementor-element-4763440 elementor-widget elementor-widget-heading\" data-id=\"4763440\" data-element_type=\"widget\" data-widget_type=\"heading.default\">\n\t\t\t\t<div class=\"elementor-widget-container\">\n\t\t\t\t\t<h2 class=\"elementor-heading-title elementor-size-default\">Una primicia hist\u00f3rica para Martinica<\/h2>\t\t\t\t<\/div>\n\t\t\t\t<\/div>\n\t\t\t\t<div class=\"elementor-element elementor-element-6d59f38 elementor-widget elementor-widget-text-editor\" data-id=\"6d59f38\" data-element_type=\"widget\" data-widget_type=\"text-editor.default\">\n\t\t\t\t<div class=\"elementor-widget-container\">\n\t\t\t\t\t\t\t\t\t<h3><strong>Un Top 4 sin precedentes en la historia de la competici\u00f3n<\/strong><\/h3>\n<p><span style=\"font-weight: 400;\">Nunca antes una mujer de Martinica hab\u00eda alcanzado tal posici\u00f3n en Miss Mundo. Aur\u00e9lie Joachim ha roto este techo de cristal, allanando el camino a una nueva generaci\u00f3n de mujeres j\u00f3venes deseosas de dejar su huella en la escena internacional. Su trayectoria, repleta de t\u00edtulos y distinciones, pone de relieve la riqueza humana y cultural de Martinica.  <\/span><\/p>\t\t\t\t\t\t\t\t<\/div>\n\t\t\t\t<\/div>\n\t\t\t\t<div class=\"elementor-element elementor-element-d3903a3 elementor-widget elementor-widget-image\" data-id=\"d3903a3\" data-element_type=\"widget\" data-widget_type=\"image.default\">\n\t\t\t\t<div class=\"elementor-widget-container\">\n\t\t\t\t\t\t\t\t\t\t\t\t\t\t\t<img loading=\"lazy\" decoding=\"async\" width=\"800\" height=\"1000\" src=\"https:\/\/richeskarayib.com\/wp-content\/uploads\/2025\/06\/502752058_18403172167110625_7419656291789285380_n-819x1024.jpg\" class=\"attachment-large size-large wp-image-53269\" alt=\"Aur\u00e9lie Joachim\" srcset=\"https:\/\/richeskarayib.com\/wp-content\/uploads\/2025\/06\/502752058_18403172167110625_7419656291789285380_n-819x1024.jpg 819w, https:\/\/richeskarayib.com\/wp-content\/uploads\/2025\/06\/502752058_18403172167110625_7419656291789285380_n-240x300.jpg 240w, https:\/\/richeskarayib.com\/wp-content\/uploads\/2025\/06\/502752058_18403172167110625_7419656291789285380_n-768x960.jpg 768w, https:\/\/richeskarayib.com\/wp-content\/uploads\/2025\/06\/502752058_18403172167110625_7419656291789285380_n-1229x1536.jpg 1229w, https:\/\/richeskarayib.com\/wp-content\/uploads\/2025\/06\/502752058_18403172167110625_7419656291789285380_n-1320x1650.jpg 1320w, https:\/\/richeskarayib.com\/wp-content\/uploads\/2025\/06\/502752058_18403172167110625_7419656291789285380_n.jpg 1440w\" sizes=\"(max-width: 800px) 100vw, 800px\" \/>\t\t\t\t\t\t\t\t\t\t\t\t\t\t\t<\/div>\n\t\t\t\t<\/div>\n\t\t\t\t<div class=\"elementor-element elementor-element-f13aa73 elementor-widget elementor-widget-text-editor\" data-id=\"f13aa73\" data-element_type=\"widget\" data-widget_type=\"text-editor.default\">\n\t\t\t\t<div class=\"elementor-widget-container\">\n\t\t\t\t\t\t\t\t\t<h3><strong>Comparaci\u00f3n con cursos de franc\u00e9s anteriores<\/strong><\/h3>\n<p><span style=\"font-weight: 400;\">Desde Oph\u00e9ly M\u00e9zino, primera finalista hace seis a\u00f1os, ninguna francesa hab\u00eda llegado a las cuatro finalistas del concurso. Este a\u00f1o, con el abandono de la candidata francesa Agathe Cauet, Aur\u00e9lie Joachim es una excepci\u00f3n. Ella es un recordatorio de que la diversidad de los territorios de Francia puede expresarse con fuerza, incluso frente a la competencia mundial.  <\/span><\/p>\t\t\t\t\t\t\t\t<\/div>\n\t\t\t\t<\/div>\n\t\t\t\t<section class=\"elementor-section elementor-inner-section elementor-element elementor-element-99e0f45 elementor-section-boxed elementor-section-height-default elementor-section-height-default\" data-id=\"99e0f45\" data-element_type=\"section\">\n\t\t\t\t\t\t<div class=\"elementor-container elementor-column-gap-default\">\n\t\t\t\t\t<div class=\"elementor-column elementor-col-100 elementor-inner-column elementor-element elementor-element-c0ac3cd\" data-id=\"c0ac3cd\" data-element_type=\"column\">\n\t\t\t<div class=\"elementor-widget-wrap elementor-element-populated\">\n\t\t\t\t\t\t<div class=\"elementor-element elementor-element-c860c5b elementor-widget elementor-widget-image\" data-id=\"c860c5b\" data-element_type=\"widget\" data-widget_type=\"image.default\">\n\t\t\t\t<div class=\"elementor-widget-container\">\n\t\t\t\t\t\t\t\t\t\t\t\t\t\t\t<img loading=\"lazy\" decoding=\"async\" width=\"576\" height=\"1024\" src=\"https:\/\/richeskarayib.com\/wp-content\/uploads\/2025\/06\/500700875_18500864521035361_2314017627808459957_n-576x1024.jpg\" class=\"attachment-large size-large wp-image-53265\" alt=\"Maison Lanmou\" srcset=\"https:\/\/richeskarayib.com\/wp-content\/uploads\/2025\/06\/500700875_18500864521035361_2314017627808459957_n-576x1024.jpg 576w, https:\/\/richeskarayib.com\/wp-content\/uploads\/2025\/06\/500700875_18500864521035361_2314017627808459957_n-169x300.jpg 169w, https:\/\/richeskarayib.com\/wp-content\/uploads\/2025\/06\/500700875_18500864521035361_2314017627808459957_n-768x1365.jpg 768w, https:\/\/richeskarayib.com\/wp-content\/uploads\/2025\/06\/500700875_18500864521035361_2314017627808459957_n.jpg 828w\" sizes=\"(max-width: 576px) 100vw, 576px\" \/>\t\t\t\t\t\t\t\t\t\t\t\t\t\t\t<\/div>\n\t\t\t\t<\/div>\n\t\t\t\t\t<\/div>\n\t\t<\/div>\n\t\t\t\t\t<\/div>\n\t\t<\/section>\n\t\t\t\t\t<\/div>\n\t\t<\/div>\n\t\t\t\t\t<\/div>\n\t\t<\/section>\n\t\t\t\t<section class=\"elementor-section elementor-top-section elementor-element elementor-element-aeb8eb5 elementor-section-boxed elementor-section-height-default elementor-section-height-default\" data-id=\"aeb8eb5\" data-element_type=\"section\">\n\t\t\t\t\t\t<div class=\"elementor-container elementor-column-gap-default\">\n\t\t\t\t\t<div class=\"elementor-column elementor-col-100 elementor-top-column elementor-element elementor-element-20161cf\" data-id=\"20161cf\" data-element_type=\"column\">\n\t\t\t<div class=\"elementor-widget-wrap elementor-element-populated\">\n\t\t\t\t\t\t<div class=\"elementor-element elementor-element-9155983 elementor-widget elementor-widget-heading\" data-id=\"9155983\" data-element_type=\"widget\" data-widget_type=\"heading.default\">\n\t\t\t\t<div class=\"elementor-widget-container\">\n\t\t\t\t\t<h2 class=\"elementor-heading-title elementor-size-default\">La clasificaci\u00f3n final y el impacto para Martinica<\/h2>\t\t\t\t<\/div>\n\t\t\t\t<\/div>\n\t\t\t\t<div class=\"elementor-element elementor-element-555617c elementor-widget elementor-widget-text-editor\" data-id=\"555617c\" data-element_type=\"widget\" data-widget_type=\"text-editor.default\">\n\t\t\t\t<div class=\"elementor-widget-container\">\n\t\t\t\t\t\t\t\t\t<h3><strong>Las otras finalistas y la ganadora de Miss Mundo 2025<\/strong><\/h3>\n<p><span style=\"font-weight: 400;\">Las ganadoras de Miss Mundo 2025 son Opal Suchata Chuangsri, en representaci\u00f3n de Tailandia, seguida de Maja Kladja (Polonia) y Hasset Dereje Amassu (Etiop\u00eda). Aur\u00e9lie Joachim, tercera finalista, se convirti\u00f3 en la primera martiniquense en alcanzar este nivel. Este resultado no es fruto de la casualidad, sino de una preparaci\u00f3n meticulosa, un compromiso constante y una visi\u00f3n centrada en el futuro.  <\/span><\/p>\t\t\t\t\t\t\t\t<\/div>\n\t\t\t\t<\/div>\n\t\t\t\t<div class=\"elementor-element elementor-element-80ea348 elementor-widget elementor-widget-text-editor\" data-id=\"80ea348\" data-element_type=\"widget\" data-widget_type=\"text-editor.default\">\n\t\t\t\t<div class=\"elementor-widget-container\">\n\t\t\t\t\t\t\t\t\t<h3><strong>Consecuencias para los j\u00f3venes y la sociedad de Martinica<\/strong><\/h3>\n<p><span style=\"font-weight: 400;\">El \u00e9xito de<a href=\"https:\/\/www.sudouest.fr\/culture\/programmes-tv\/miss-france\/miss-monde-2025-une-thailandaise-couronnee-pour-la-premiere-fois-miss-martinique-termine-4e-24683700.php\" target=\"_blank\" rel=\"noopener nofollow\">Aur\u00e9lie Joachim<\/a> va m\u00e1s all\u00e1 de la competici\u00f3n. Ofrece a los j\u00f3venes de Martinica un modelo de ambici\u00f3n y responsabilidad social. Su compromiso con la salud mental, su capacidad para hablar en nombre de los invisibles y su reputaci\u00f3n internacional est\u00e1n redefiniendo el \u00e9xito para una nueva generaci\u00f3n. Demuestra que es posible combinar la identidad local con las ambiciones globales, sin renunciar nunca a las propias ra\u00edces.   <\/span><\/p>\t\t\t\t\t\t\t\t<\/div>\n\t\t\t\t<\/div>\n\t\t\t\t<section class=\"elementor-section elementor-inner-section elementor-element elementor-element-81dd547 elementor-section-boxed elementor-section-height-default elementor-section-height-default\" data-id=\"81dd547\" data-element_type=\"section\">\n\t\t\t\t\t\t<div class=\"elementor-container elementor-column-gap-default\">\n\t\t\t\t\t<div class=\"elementor-column elementor-col-100 elementor-inner-column elementor-element elementor-element-a2594e8\" data-id=\"a2594e8\" data-element_type=\"column\">\n\t\t\t<div class=\"elementor-widget-wrap elementor-element-populated\">\n\t\t\t\t\t\t<div class=\"elementor-element elementor-element-6501c93 elementor-widget elementor-widget-image\" data-id=\"6501c93\" data-element_type=\"widget\" data-widget_type=\"image.default\">\n\t\t\t\t<div class=\"elementor-widget-container\">\n\t\t\t\t\t\t\t\t\t\t\t\t<figure class=\"wp-caption\">\n\t\t\t\t\t\t\t\t\t\t<img loading=\"lazy\" decoding=\"async\" width=\"800\" height=\"400\" src=\"https:\/\/richeskarayib.com\/wp-content\/uploads\/2025\/06\/20250531191525-82712.jpg\" class=\"attachment-large size-large wp-image-53273\" alt=\"Opal Suchata Chuangsri\" srcset=\"https:\/\/richeskarayib.com\/wp-content\/uploads\/2025\/06\/20250531191525-82712.jpg 1000w, https:\/\/richeskarayib.com\/wp-content\/uploads\/2025\/06\/20250531191525-82712-300x150.jpg 300w, https:\/\/richeskarayib.com\/wp-content\/uploads\/2025\/06\/20250531191525-82712-768x384.jpg 768w\" sizes=\"(max-width: 800px) 100vw, 800px\" \/>\t\t\t\t\t\t\t\t\t\t\t<figcaption class=\"widget-image-caption wp-caption-text\">Thailand\u0092s Opal Suchata Chuangsri celebrates after winning the 72th Miss World 2025 pageant at the HITEX Exhibition Centre in Hyderabad on May 31, 2025. (Photo by NOAH SEELAM \/ AFP)<\/figcaption>\n\t\t\t\t\t\t\t\t\t\t<\/figure>\n\t\t\t\t\t\t\t\t\t<\/div>\n\t\t\t\t<\/div>\n\t\t\t\t\t<\/div>\n\t\t<\/div>\n\t\t\t\t\t<\/div>\n\t\t<\/section>\n\t\t\t\t\t<\/div>\n\t\t<\/div>\n\t\t\t\t\t<\/div>\n\t\t<\/section>\n\t\t\t\t<section class=\"elementor-section elementor-top-section elementor-element elementor-element-e4479d5 elementor-section-boxed elementor-section-height-default elementor-section-height-default\" data-id=\"e4479d5\" data-element_type=\"section\">\n\t\t\t\t\t\t<div class=\"elementor-container elementor-column-gap-default\">\n\t\t\t\t\t<div class=\"elementor-column elementor-col-100 elementor-top-column elementor-element elementor-element-5c61d6e\" data-id=\"5c61d6e\" data-element_type=\"column\">\n\t\t\t<div class=\"elementor-widget-wrap elementor-element-populated\">\n\t\t\t\t\t\t<div class=\"elementor-element elementor-element-97e9287 elementor-widget elementor-widget-text-editor\" data-id=\"97e9287\" data-element_type=\"widget\" data-widget_type=\"text-editor.default\">\n\t\t\t\t<div class=\"elementor-widget-container\">\n\t\t\t\t\t\t\t\t\t<p><span style=\"font-weight: 400;\">En 2025, Aur\u00e9lie Joachim ser\u00e1 una embajadora excepcional de Martinica y de todo el Caribe. Su trayectoria, que combina t\u00edtulos prestigiosos, compromiso social y discursos inspiradores, est\u00e1 devolviendo la confianza a unos j\u00f3venes que a menudo buscan su rumbo. Con su ejemplo, Aur\u00e9lie Joachim demuestra que todo territorio, por peque\u00f1o que sea, puede hacer o\u00edr su voz en la escena mundial. Su \u00e9xito en Miss Mundo 2025 seguir\u00e1 siendo un hito en la historia de Martinica, pero tambi\u00e9n una llamada a creer en los propios sue\u00f1os y a actuar por un mundo m\u00e1s solidario.   <\/span><\/p>\t\t\t\t\t\t\t\t<\/div>\n\t\t\t\t<\/div>\n\t\t\t\t\t<\/div>\n\t\t<\/div>\n\t\t\t\t\t<\/div>\n\t\t<\/section>\n\t\t\t\t<\/div>\n\t\t","protected":false},"excerpt":{"rendered":"<p>En 2025, Aur\u00e9lie Joachim se consolid\u00f3 como una de las figuras m\u00e1s destacadas de Martinica en la escena internacional, ganando el tercer puesto de Miss Mundo. Su ascenso a la fama es el resultado de un profundo compromiso y de una carrera marcada por el \u00e9xito, y es un ejemplo inspirador tanto para los expertos [&hellip;]<\/p>\n","protected":false},"author":662,"featured_media":53249,"comment_status":"open","ping_status":"open","sticky":false,"template":"","format":"standard","meta":{"_acf_changed":false,"footnotes":""},"categories":[1502,839],"tags":[816],"class_list":["post-53275","post","type-post","status-publish","format-standard","has-post-thumbnail","hentry","category-moda","category-noticias","tag-martinique-es"],"acf":[],"_links":{"self":[{"href":"https:\/\/richeskarayib.com\/es\/wp-json\/wp\/v2\/posts\/53275","targetHints":{"allow":["GET"]}}],"collection":[{"href":"https:\/\/richeskarayib.com\/es\/wp-json\/wp\/v2\/posts"}],"about":[{"href":"https:\/\/richeskarayib.com\/es\/wp-json\/wp\/v2\/types\/post"}],"author":[{"embeddable":true,"href":"https:\/\/richeskarayib.com\/es\/wp-json\/wp\/v2\/users\/662"}],"replies":[{"embeddable":true,"href":"https:\/\/richeskarayib.com\/es\/wp-json\/wp\/v2\/comments?post=53275"}],"version-history":[{"count":0,"href":"https:\/\/richeskarayib.com\/es\/wp-json\/wp\/v2\/posts\/53275\/revisions"}],"wp:featuredmedia":[{"embeddable":true,"href":"https:\/\/richeskarayib.com\/es\/wp-json\/wp\/v2\/media\/53249"}],"wp:attachment":[{"href":"https:\/\/richeskarayib.com\/es\/wp-json\/wp\/v2\/media?parent=53275"}],"wp:term":[{"taxonomy":"category","embeddable":true,"href":"https:\/\/richeskarayib.com\/es\/wp-json\/wp\/v2\/categories?post=53275"},{"taxonomy":"post_tag","embeddable":true,"href":"https:\/\/richeskarayib.com\/es\/wp-json\/wp\/v2\/tags?post=53275"}],"curies":[{"name":"wp","href":"https:\/\/api.w.org\/{rel}","templated":true}]}}