{"id":53337,"date":"2025-06-02T11:36:13","date_gmt":"2025-06-02T15:36:13","guid":{"rendered":"https:\/\/richeskarayib.com\/festival-de-musica-de-san-cristobal-como-impulsan-los-acontecimientos-culturales-el-turismo-fuera-de-temporada\/"},"modified":"2025-06-02T11:36:14","modified_gmt":"2025-06-02T15:36:14","slug":"festival-de-musica-de-san-cristobal-como-impulsan-los-acontecimientos-culturales-el-turismo-fuera-de-temporada","status":"publish","type":"post","link":"https:\/\/richeskarayib.com\/es\/festival-de-musica-de-san-cristobal-como-impulsan-los-acontecimientos-culturales-el-turismo-fuera-de-temporada\/","title":{"rendered":"Festival de M\u00fasica de San Crist\u00f3bal: \u00bfc\u00f3mo impulsan los acontecimientos culturales el turismo fuera de temporada?"},"content":{"rendered":"\t\t<div data-elementor-type=\"wp-post\" data-elementor-id=\"53337\" class=\"elementor elementor-53337 elementor-53282\" data-elementor-post-type=\"post\">\n\t\t\t\t\t\t<section class=\"elementor-section elementor-top-section elementor-element elementor-element-aff47a5 elementor-section-boxed elementor-section-height-default elementor-section-height-default\" data-id=\"aff47a5\" data-element_type=\"section\">\n\t\t\t\t\t\t<div class=\"elementor-container elementor-column-gap-default\">\n\t\t\t\t\t<div class=\"elementor-column elementor-col-100 elementor-top-column elementor-element elementor-element-83927da\" data-id=\"83927da\" data-element_type=\"column\">\n\t\t\t<div class=\"elementor-widget-wrap elementor-element-populated\">\n\t\t\t\t\t\t<div class=\"elementor-element elementor-element-2888162 elementor-widget elementor-widget-text-editor\" data-id=\"2888162\" data-element_type=\"widget\" data-widget_type=\"text-editor.default\">\n\t\t\t\t<div class=\"elementor-widget-container\">\n\t\t\t\t\t\t\t\t\t<p><a href=\"https:\/\/web.facebook.com\/stkittsmusicfestival\" target=\"_blank\" rel=\"noopener nofollow\"><b>Festival de M\u00fasica de San Crist\u00f3bal<\/b><\/a><span style=\"font-weight: 400;\">  es un factor clave para impulsar el turismo de temporada baja en <a href=\"https:\/\/richeskarayib.com\/es\/san-cristobal-y-nieves-festival-del-mango-de-nieves-2025-tres-dias-para-disfrutar-del-mango-en-todas-sus-formas\/\" target=\"_blank\" rel=\"noopener\">San Crist\u00f3bal y Nieves<\/a>. Con la edici\u00f3n de 2025 prevista del 26 al 28 de junio, el festival atrae cada a\u00f1o a un p\u00fablico internacional, transformando la temporada baja en un periodo de celebraci\u00f3n y descubrimiento. Pero, \u00bfc\u00f3mo consigue este festival impulsar el turismo cuando las playas est\u00e1n vac\u00edas y los hoteles buscan llenar sus habitaciones? Echamos un vistazo a un fen\u00f3meno que est\u00e1 redefiniendo la estrategia tur\u00edstica de la isla, centr\u00e1ndonos en la edici\u00f3n de 2025 y en sus excepcionales cabezas de cartel.   <\/span><\/p>\t\t\t\t\t\t\t\t<\/div>\n\t\t\t\t<\/div>\n\t\t\t\t\t<\/div>\n\t\t<\/div>\n\t\t\t\t\t<\/div>\n\t\t<\/section>\n\t\t\t\t<section class=\"elementor-section elementor-top-section elementor-element elementor-element-a940619 elementor-section-boxed elementor-section-height-default elementor-section-height-default\" data-id=\"a940619\" data-element_type=\"section\">\n\t\t\t\t\t\t<div class=\"elementor-container elementor-column-gap-default\">\n\t\t\t\t\t<div class=\"elementor-column elementor-col-100 elementor-top-column elementor-element elementor-element-cec34eb\" data-id=\"cec34eb\" data-element_type=\"column\">\n\t\t\t<div class=\"elementor-widget-wrap elementor-element-populated\">\n\t\t\t\t\t\t<div class=\"elementor-element elementor-element-f7accd7 elementor-widget elementor-widget-heading\" data-id=\"f7accd7\" data-element_type=\"widget\" data-widget_type=\"heading.default\">\n\t\t\t\t<div class=\"elementor-widget-container\">\n\t\t\t\t\t<h2 class=\"elementor-heading-title elementor-size-default\">Or\u00edgenes y objetivos del Festival de M\u00fasica de San Crist\u00f3bal<\/h2>\t\t\t\t<\/div>\n\t\t\t\t<\/div>\n\t\t\t\t<div class=\"elementor-element elementor-element-3f476bd elementor-widget elementor-widget-text-editor\" data-id=\"3f476bd\" data-element_type=\"widget\" data-widget_type=\"text-editor.default\">\n\t\t\t\t<div class=\"elementor-widget-container\">\n\t\t\t\t\t\t\t\t\t<h3><b>Historia de la Fiesta y contexto econ\u00f3mico<\/b><\/h3><p><span style=\"font-weight: 400;\">El <\/span><a href=\"https:\/\/www.instagram.com\/stkittsmusicfestival\/\" target=\"_blank\" rel=\"noopener nofollow\"><b>Festival de M\u00fasica de San Crist\u00f3bal<\/b><\/a><span style=\"font-weight: 400;\">  se puso en marcha en 1996, en un momento en que la isla buscaba impulsar el turismo fuera de temporada. Los \u00edndices de ocupaci\u00f3n hotelera eran bajos y la econom\u00eda local se resent\u00eda. La idea era sencilla: crear un acontecimiento musical internacional capaz de atraer visitantes fuera de la temporada alta, mostrando al mismo tiempo la cultura de San Crist\u00f3bal.  <\/span><\/p>\t\t\t\t\t\t\t\t<\/div>\n\t\t\t\t<\/div>\n\t\t\t\t<div class=\"elementor-element elementor-element-43ca449 elementor-widget elementor-widget-text-editor\" data-id=\"43ca449\" data-element_type=\"widget\" data-widget_type=\"text-editor.default\">\n\t\t\t\t<div class=\"elementor-widget-container\">\n\t\t\t\t\t\t\t\t\t<h3><b>Objetivos estrat\u00e9gicos para el destino<\/b><\/h3><p><span style=\"font-weight: 400;\">Desde el principio, el <\/span><b>Festival de M\u00fasica de San Crist\u00f3bal<\/b><span style=\"font-weight: 400;\">  se ha fijado la misi\u00f3n de aumentar la llegada de turistas, mejorar los \u00edndices de ocupaci\u00f3n hotelera, impulsar la econom\u00eda local y promover la escena art\u00edstica de la isla. El acontecimiento tambi\u00e9n pretende ser un escaparate de la diversidad cultural de <a href=\"https:\/\/richeskarayib.com\/es\/seatrade-2025-san-cristobal-crecimiento-sostenible-y-turismo-de-experiencias\/\" target=\"_blank\" rel=\"noopener\">San Crist\u00f3bal<\/a>, para competir con otras zonas de la regi\u00f3n. <\/span><\/p>\t\t\t\t\t\t\t\t<\/div>\n\t\t\t\t<\/div>\n\t\t\t\t\t<\/div>\n\t\t<\/div>\n\t\t\t\t\t<\/div>\n\t\t<\/section>\n\t\t\t\t<section class=\"elementor-section elementor-top-section elementor-element elementor-element-3f2c55e elementor-section-boxed elementor-section-height-default elementor-section-height-default\" data-id=\"3f2c55e\" data-element_type=\"section\">\n\t\t\t\t\t\t<div class=\"elementor-container elementor-column-gap-default\">\n\t\t\t\t\t<div class=\"elementor-column elementor-col-100 elementor-top-column elementor-element elementor-element-c80a519\" data-id=\"c80a519\" data-element_type=\"column\">\n\t\t\t<div class=\"elementor-widget-wrap elementor-element-populated\">\n\t\t\t\t\t\t<div class=\"elementor-element elementor-element-fea1ae1 elementor-widget elementor-widget-heading\" data-id=\"fea1ae1\" data-element_type=\"widget\" data-widget_type=\"heading.default\">\n\t\t\t\t<div class=\"elementor-widget-container\">\n\t\t\t\t\t<h2 class=\"elementor-heading-title elementor-size-default\">La edici\u00f3n de 2025: un programa excepcional y artistas de renombre<\/h2>\t\t\t\t<\/div>\n\t\t\t\t<\/div>\n\t\t\t\t<div class=\"elementor-element elementor-element-b9efd94 elementor-widget elementor-widget-text-editor\" data-id=\"b9efd94\" data-element_type=\"widget\" data-widget_type=\"text-editor.default\">\n\t\t\t\t<div class=\"elementor-widget-container\">\n\t\t\t\t\t\t\t\t\t<h3><b>Fechas y ambiente del festival<\/b><\/h3><p><span style=\"font-weight: 400;\">La 2025 edici\u00f3n del <\/span><b><a href=\"https:\/\/stkittsmusicfestival.com\/\" target=\"_blank\" rel=\"noopener nofollow\">Festival de M\u00fasica de San Crist\u00f3bal<\/a><\/b><span style=\"font-weight: 400;\">  se celebrar\u00e1 del jueves 26 al s\u00e1bado 28 de junio en el Estadio del Parque Warner. Se han programado tres noches de conciertos, reuniones y festividades, precedidas por el Evento de Bienvenida del SKMF el martes 24 de junio, una velada VIP de bienvenida con el tema \u201cEcos de \u00c1frica\u201d y un \u201cSafari\u201d la primera noche para crear ambiente. <\/span><\/p>\t\t\t\t\t\t\t\t<\/div>\n\t\t\t\t<\/div>\n\t\t\t\t<section class=\"elementor-section elementor-inner-section elementor-element elementor-element-5c8fa06 elementor-section-boxed elementor-section-height-default elementor-section-height-default\" data-id=\"5c8fa06\" data-element_type=\"section\">\n\t\t\t\t\t\t<div class=\"elementor-container elementor-column-gap-default\">\n\t\t\t\t\t<div class=\"elementor-column elementor-col-100 elementor-inner-column elementor-element elementor-element-086817b\" data-id=\"086817b\" data-element_type=\"column\">\n\t\t\t<div class=\"elementor-widget-wrap elementor-element-populated\">\n\t\t\t\t\t\t<div class=\"elementor-element elementor-element-8fde59f elementor-widget elementor-widget-image\" data-id=\"8fde59f\" data-element_type=\"widget\" data-widget_type=\"image.default\">\n\t\t\t\t<div class=\"elementor-widget-container\">\n\t\t\t\t\t\t\t\t\t\t\t\t\t\t\t<img fetchpriority=\"high\" decoding=\"async\" width=\"800\" height=\"800\" src=\"https:\/\/richeskarayib.com\/wp-content\/uploads\/2025\/06\/2nd_W_Artistes_Social-1030x1030-1-1024x1024.png\" class=\"attachment-large size-large wp-image-53290\" alt=\"St Kitts Music Festival\" srcset=\"https:\/\/richeskarayib.com\/wp-content\/uploads\/2025\/06\/2nd_W_Artistes_Social-1030x1030-1-1024x1024.png 1024w, https:\/\/richeskarayib.com\/wp-content\/uploads\/2025\/06\/2nd_W_Artistes_Social-1030x1030-1-300x300.png 300w, https:\/\/richeskarayib.com\/wp-content\/uploads\/2025\/06\/2nd_W_Artistes_Social-1030x1030-1-150x150.png 150w, https:\/\/richeskarayib.com\/wp-content\/uploads\/2025\/06\/2nd_W_Artistes_Social-1030x1030-1-768x768.png 768w, https:\/\/richeskarayib.com\/wp-content\/uploads\/2025\/06\/2nd_W_Artistes_Social-1030x1030-1.png 1030w\" sizes=\"(max-width: 800px) 100vw, 800px\" \/>\t\t\t\t\t\t\t\t\t\t\t\t\t\t\t<\/div>\n\t\t\t\t<\/div>\n\t\t\t\t\t<\/div>\n\t\t<\/div>\n\t\t\t\t\t<\/div>\n\t\t<\/section>\n\t\t\t\t<div class=\"elementor-element elementor-element-bf02246 elementor-widget elementor-widget-text-editor\" data-id=\"bf02246\" data-element_type=\"widget\" data-widget_type=\"text-editor.default\">\n\t\t\t\t<div class=\"elementor-widget-container\">\n\t\t\t\t\t\t\t\t\t<h3><b>Artistas en cartel<\/b><\/h3><p><span style=\"font-weight: 400;\">El cartel de 2025 promete ser uno de los m\u00e1s ricos y ecl\u00e9cticos de la historia del <\/span><b>Festival de M\u00fasica de San Crist\u00f3bal<\/b><span style=\"font-weight: 400;\">. Entre los cabezas de cartel anunciados figuran :<\/span><\/p>\t\t\t\t\t\t\t\t<\/div>\n\t\t\t\t<\/div>\n\t\t\t\t<div class=\"elementor-element elementor-element-cc33e63 elementor-widget elementor-widget-text-editor\" data-id=\"cc33e63\" data-element_type=\"widget\" data-widget_type=\"text-editor.default\">\n\t\t\t\t<div class=\"elementor-widget-container\">\n\t\t\t\t\t\t\t\t\t<ul><li style=\"font-weight: 400;\" aria-level=\"1\"><span style=\"font-weight: 400;\">Jennifer Hudson &#8211; poderosa voz y estrella internacional<\/span><span style=\"font-weight: 400;\"><br><\/span><\/li><li style=\"font-weight: 400;\" aria-level=\"1\"><span style=\"font-weight: 400;\">Vybz Kartel &#8211; icono del dancehall<\/span><span style=\"font-weight: 400;\"><br><\/span><\/li><li style=\"font-weight: 400;\" aria-level=\"1\"><span style=\"font-weight: 400;\">Shenseea &#8211; Revelaci\u00f3n jamaicana<\/span><span style=\"font-weight: 400;\"><br><\/span><\/li><li style=\"font-weight: 400;\" aria-level=\"1\"><span style=\"font-weight: 400;\">Kes The Band &#8211; grupo l\u00edder en la escena de la soca<\/span><span style=\"font-weight: 400;\"><br><\/span><\/li><li style=\"font-weight: 400;\" aria-level=\"1\"><span style=\"font-weight: 400;\">Ayra Starr &#8211; estrella emergente del afrobeat<\/span><span style=\"font-weight: 400;\"><br><\/span><\/li><li style=\"font-weight: 400;\" aria-level=\"1\"><span style=\"font-weight: 400;\">Patrice Roberts, Spice, Jah Vinci, Chronic Law, Romain Virgo, Christopher Martin<\/span><span style=\"font-weight: 400;\"><br><\/span><\/li><li style=\"font-weight: 400;\" aria-level=\"1\"><span style=\"font-weight: 400;\">Signal Band, Trilla-G, Yung Bredda, IDeli Napi, Abena Amory, Virgil Hodge<\/span><span style=\"font-weight: 400;\"><br><\/span><\/li><li style=\"font-weight: 400;\" aria-level=\"1\"><span style=\"font-weight: 400;\">SKSO &#8211; Orquesta de Acero de San Crist\u00f3bal, Banda de Cuerda, Nicholas Branker, Collin Wyatt, Barrington Levy <\/span><span style=\"font-weight: 400;\"><br><\/span><\/li><\/ul><p><span style=\"font-weight: 400;\">Esta diversidad de estilos -soca, dancehall, reggae, R&amp;B, talento local- garantiza una experiencia \u00fanica cada noche. Artistas internacionales se codean con talentos caribe\u00f1os, ofreciendo un panorama musical excepcional. <\/span><\/p>\t\t\t\t\t\t\t\t<\/div>\n\t\t\t\t<\/div>\n\t\t\t\t<section class=\"elementor-section elementor-inner-section elementor-element elementor-element-0479c6c elementor-section-boxed elementor-section-height-default elementor-section-height-default\" data-id=\"0479c6c\" data-element_type=\"section\">\n\t\t\t\t\t\t<div class=\"elementor-container elementor-column-gap-default\">\n\t\t\t\t\t<div class=\"elementor-column elementor-col-14 elementor-inner-column elementor-element elementor-element-35adf9a\" data-id=\"35adf9a\" data-element_type=\"column\">\n\t\t\t<div class=\"elementor-widget-wrap elementor-element-populated\">\n\t\t\t\t\t\t<div class=\"elementor-element elementor-element-4527e89 elementor-widget elementor-widget-image\" data-id=\"4527e89\" data-element_type=\"widget\" data-widget_type=\"image.default\">\n\t\t\t\t<div class=\"elementor-widget-container\">\n\t\t\t\t\t\t\t\t\t\t\t\t\t\t\t<img decoding=\"async\" width=\"800\" height=\"800\" src=\"https:\/\/richeskarayib.com\/wp-content\/uploads\/2025\/06\/AkaiiUsweet_1080-1030x1030-2-1024x1024.jpg\" class=\"attachment-large size-large wp-image-53303\" alt=\"St Kitts Music Festival\" srcset=\"https:\/\/richeskarayib.com\/wp-content\/uploads\/2025\/06\/AkaiiUsweet_1080-1030x1030-2-1024x1024.jpg 1024w, https:\/\/richeskarayib.com\/wp-content\/uploads\/2025\/06\/AkaiiUsweet_1080-1030x1030-2-300x300.jpg 300w, https:\/\/richeskarayib.com\/wp-content\/uploads\/2025\/06\/AkaiiUsweet_1080-1030x1030-2-150x150.jpg 150w, https:\/\/richeskarayib.com\/wp-content\/uploads\/2025\/06\/AkaiiUsweet_1080-1030x1030-2-768x768.jpg 768w, https:\/\/richeskarayib.com\/wp-content\/uploads\/2025\/06\/AkaiiUsweet_1080-1030x1030-2.jpg 1030w\" sizes=\"(max-width: 800px) 100vw, 800px\" \/>\t\t\t\t\t\t\t\t\t\t\t\t\t\t\t<\/div>\n\t\t\t\t<\/div>\n\t\t\t\t\t<\/div>\n\t\t<\/div>\n\t\t\t\t<div class=\"elementor-column elementor-col-14 elementor-inner-column elementor-element elementor-element-d489cdd\" data-id=\"d489cdd\" data-element_type=\"column\">\n\t\t\t<div class=\"elementor-widget-wrap elementor-element-populated\">\n\t\t\t\t\t\t<div class=\"elementor-element elementor-element-86fcf6f elementor-widget elementor-widget-image\" data-id=\"86fcf6f\" data-element_type=\"widget\" data-widget_type=\"image.default\">\n\t\t\t\t<div class=\"elementor-widget-container\">\n\t\t\t\t\t\t\t\t\t\t\t\t\t\t\t<img decoding=\"async\" width=\"800\" height=\"800\" src=\"https:\/\/richeskarayib.com\/wp-content\/uploads\/2025\/06\/Ayra-Starr_1080-1030x1030-2-1024x1024.jpg\" class=\"attachment-large size-large wp-image-53307\" alt=\"St Kitts Music Festival\" srcset=\"https:\/\/richeskarayib.com\/wp-content\/uploads\/2025\/06\/Ayra-Starr_1080-1030x1030-2-1024x1024.jpg 1024w, https:\/\/richeskarayib.com\/wp-content\/uploads\/2025\/06\/Ayra-Starr_1080-1030x1030-2-300x300.jpg 300w, https:\/\/richeskarayib.com\/wp-content\/uploads\/2025\/06\/Ayra-Starr_1080-1030x1030-2-150x150.jpg 150w, https:\/\/richeskarayib.com\/wp-content\/uploads\/2025\/06\/Ayra-Starr_1080-1030x1030-2-768x768.jpg 768w, https:\/\/richeskarayib.com\/wp-content\/uploads\/2025\/06\/Ayra-Starr_1080-1030x1030-2.jpg 1030w\" sizes=\"(max-width: 800px) 100vw, 800px\" \/>\t\t\t\t\t\t\t\t\t\t\t\t\t\t\t<\/div>\n\t\t\t\t<\/div>\n\t\t\t\t\t<\/div>\n\t\t<\/div>\n\t\t\t\t<div class=\"elementor-column elementor-col-14 elementor-inner-column elementor-element elementor-element-e14e281\" data-id=\"e14e281\" data-element_type=\"column\">\n\t\t\t<div class=\"elementor-widget-wrap elementor-element-populated\">\n\t\t\t\t\t\t<div class=\"elementor-element elementor-element-1b235b1 elementor-widget elementor-widget-image\" data-id=\"1b235b1\" data-element_type=\"widget\" data-widget_type=\"image.default\">\n\t\t\t\t<div class=\"elementor-widget-container\">\n\t\t\t\t\t\t\t\t\t\t\t\t\t\t\t<img loading=\"lazy\" decoding=\"async\" width=\"800\" height=\"800\" src=\"https:\/\/richeskarayib.com\/wp-content\/uploads\/2025\/06\/Dejour_1080-1030x1030-1-1024x1024.jpg\" class=\"attachment-large size-large wp-image-53311\" alt=\"St Kitts Music Festival\" srcset=\"https:\/\/richeskarayib.com\/wp-content\/uploads\/2025\/06\/Dejour_1080-1030x1030-1-1024x1024.jpg 1024w, https:\/\/richeskarayib.com\/wp-content\/uploads\/2025\/06\/Dejour_1080-1030x1030-1-300x300.jpg 300w, https:\/\/richeskarayib.com\/wp-content\/uploads\/2025\/06\/Dejour_1080-1030x1030-1-150x150.jpg 150w, https:\/\/richeskarayib.com\/wp-content\/uploads\/2025\/06\/Dejour_1080-1030x1030-1-768x768.jpg 768w, https:\/\/richeskarayib.com\/wp-content\/uploads\/2025\/06\/Dejour_1080-1030x1030-1.jpg 1030w\" sizes=\"(max-width: 800px) 100vw, 800px\" \/>\t\t\t\t\t\t\t\t\t\t\t\t\t\t\t<\/div>\n\t\t\t\t<\/div>\n\t\t\t\t\t<\/div>\n\t\t<\/div>\n\t\t\t\t<div class=\"elementor-column elementor-col-14 elementor-inner-column elementor-element elementor-element-e1f4e2e\" data-id=\"e1f4e2e\" data-element_type=\"column\">\n\t\t\t<div class=\"elementor-widget-wrap elementor-element-populated\">\n\t\t\t\t\t\t<div class=\"elementor-element elementor-element-570795c elementor-widget elementor-widget-image\" data-id=\"570795c\" data-element_type=\"widget\" data-widget_type=\"image.default\">\n\t\t\t\t<div class=\"elementor-widget-container\">\n\t\t\t\t\t\t\t\t\t\t\t\t\t\t\t<img loading=\"lazy\" decoding=\"async\" width=\"800\" height=\"800\" src=\"https:\/\/richeskarayib.com\/wp-content\/uploads\/2025\/06\/Jennifer-Hudson_1080-1030x1030-1-1024x1024.jpg\" class=\"attachment-large size-large wp-image-53315\" alt=\"St Kitts Music Festival\" srcset=\"https:\/\/richeskarayib.com\/wp-content\/uploads\/2025\/06\/Jennifer-Hudson_1080-1030x1030-1-1024x1024.jpg 1024w, https:\/\/richeskarayib.com\/wp-content\/uploads\/2025\/06\/Jennifer-Hudson_1080-1030x1030-1-300x300.jpg 300w, https:\/\/richeskarayib.com\/wp-content\/uploads\/2025\/06\/Jennifer-Hudson_1080-1030x1030-1-150x150.jpg 150w, https:\/\/richeskarayib.com\/wp-content\/uploads\/2025\/06\/Jennifer-Hudson_1080-1030x1030-1-768x768.jpg 768w, https:\/\/richeskarayib.com\/wp-content\/uploads\/2025\/06\/Jennifer-Hudson_1080-1030x1030-1.jpg 1030w\" sizes=\"(max-width: 800px) 100vw, 800px\" \/>\t\t\t\t\t\t\t\t\t\t\t\t\t\t\t<\/div>\n\t\t\t\t<\/div>\n\t\t\t\t\t<\/div>\n\t\t<\/div>\n\t\t\t\t<div class=\"elementor-column elementor-col-14 elementor-inner-column elementor-element elementor-element-ecd8ae4\" data-id=\"ecd8ae4\" data-element_type=\"column\">\n\t\t\t<div class=\"elementor-widget-wrap elementor-element-populated\">\n\t\t\t\t\t\t<div class=\"elementor-element elementor-element-b5cd759 elementor-widget elementor-widget-image\" data-id=\"b5cd759\" data-element_type=\"widget\" data-widget_type=\"image.default\">\n\t\t\t\t<div class=\"elementor-widget-container\">\n\t\t\t\t\t\t\t\t\t\t\t\t\t\t\t<img loading=\"lazy\" decoding=\"async\" width=\"800\" height=\"800\" src=\"https:\/\/richeskarayib.com\/wp-content\/uploads\/2025\/06\/Kollision-Band1080-1030x1030-1-1024x1024.jpg\" class=\"attachment-large size-large wp-image-53319\" alt=\"St Kitts Music Festival\" srcset=\"https:\/\/richeskarayib.com\/wp-content\/uploads\/2025\/06\/Kollision-Band1080-1030x1030-1-1024x1024.jpg 1024w, https:\/\/richeskarayib.com\/wp-content\/uploads\/2025\/06\/Kollision-Band1080-1030x1030-1-300x300.jpg 300w, https:\/\/richeskarayib.com\/wp-content\/uploads\/2025\/06\/Kollision-Band1080-1030x1030-1-150x150.jpg 150w, https:\/\/richeskarayib.com\/wp-content\/uploads\/2025\/06\/Kollision-Band1080-1030x1030-1-768x768.jpg 768w, https:\/\/richeskarayib.com\/wp-content\/uploads\/2025\/06\/Kollision-Band1080-1030x1030-1.jpg 1030w\" sizes=\"(max-width: 800px) 100vw, 800px\" \/>\t\t\t\t\t\t\t\t\t\t\t\t\t\t\t<\/div>\n\t\t\t\t<\/div>\n\t\t\t\t\t<\/div>\n\t\t<\/div>\n\t\t\t\t<div class=\"elementor-column elementor-col-14 elementor-inner-column elementor-element elementor-element-04c0b61\" data-id=\"04c0b61\" data-element_type=\"column\">\n\t\t\t<div class=\"elementor-widget-wrap elementor-element-populated\">\n\t\t\t\t\t\t<div class=\"elementor-element elementor-element-70386d0 elementor-widget elementor-widget-image\" data-id=\"70386d0\" data-element_type=\"widget\" data-widget_type=\"image.default\">\n\t\t\t\t<div class=\"elementor-widget-container\">\n\t\t\t\t\t\t\t\t\t\t\t\t\t\t\t<img loading=\"lazy\" decoding=\"async\" width=\"800\" height=\"800\" src=\"https:\/\/richeskarayib.com\/wp-content\/uploads\/2025\/06\/Shenseea_1080-1030x1030-1-1024x1024.jpg\" class=\"attachment-large size-large wp-image-53323\" alt=\"St Kitts Music Festival\" srcset=\"https:\/\/richeskarayib.com\/wp-content\/uploads\/2025\/06\/Shenseea_1080-1030x1030-1-1024x1024.jpg 1024w, https:\/\/richeskarayib.com\/wp-content\/uploads\/2025\/06\/Shenseea_1080-1030x1030-1-300x300.jpg 300w, https:\/\/richeskarayib.com\/wp-content\/uploads\/2025\/06\/Shenseea_1080-1030x1030-1-150x150.jpg 150w, https:\/\/richeskarayib.com\/wp-content\/uploads\/2025\/06\/Shenseea_1080-1030x1030-1-768x768.jpg 768w, https:\/\/richeskarayib.com\/wp-content\/uploads\/2025\/06\/Shenseea_1080-1030x1030-1.jpg 1030w\" sizes=\"(max-width: 800px) 100vw, 800px\" \/>\t\t\t\t\t\t\t\t\t\t\t\t\t\t\t<\/div>\n\t\t\t\t<\/div>\n\t\t\t\t\t<\/div>\n\t\t<\/div>\n\t\t\t\t<div class=\"elementor-column elementor-col-14 elementor-inner-column elementor-element elementor-element-62db12f\" data-id=\"62db12f\" data-element_type=\"column\">\n\t\t\t<div class=\"elementor-widget-wrap elementor-element-populated\">\n\t\t\t\t\t\t<div class=\"elementor-element elementor-element-52af276 elementor-widget elementor-widget-image\" data-id=\"52af276\" data-element_type=\"widget\" data-widget_type=\"image.default\">\n\t\t\t\t<div class=\"elementor-widget-container\">\n\t\t\t\t\t\t\t\t\t\t\t\t\t\t\t<img loading=\"lazy\" decoding=\"async\" width=\"800\" height=\"800\" src=\"https:\/\/richeskarayib.com\/wp-content\/uploads\/2025\/06\/vybz-kartel_1080-1030x1030-1-1024x1024.jpg\" class=\"attachment-large size-large wp-image-53327\" alt=\"St Kitts Music Festival\" srcset=\"https:\/\/richeskarayib.com\/wp-content\/uploads\/2025\/06\/vybz-kartel_1080-1030x1030-1-1024x1024.jpg 1024w, https:\/\/richeskarayib.com\/wp-content\/uploads\/2025\/06\/vybz-kartel_1080-1030x1030-1-300x300.jpg 300w, https:\/\/richeskarayib.com\/wp-content\/uploads\/2025\/06\/vybz-kartel_1080-1030x1030-1-150x150.jpg 150w, https:\/\/richeskarayib.com\/wp-content\/uploads\/2025\/06\/vybz-kartel_1080-1030x1030-1-768x768.jpg 768w, https:\/\/richeskarayib.com\/wp-content\/uploads\/2025\/06\/vybz-kartel_1080-1030x1030-1.jpg 1030w\" sizes=\"(max-width: 800px) 100vw, 800px\" \/>\t\t\t\t\t\t\t\t\t\t\t\t\t\t\t<\/div>\n\t\t\t\t<\/div>\n\t\t\t\t\t<\/div>\n\t\t<\/div>\n\t\t\t\t\t<\/div>\n\t\t<\/section>\n\t\t\t\t\t<\/div>\n\t\t<\/div>\n\t\t\t\t\t<\/div>\n\t\t<\/section>\n\t\t\t\t<section class=\"elementor-section elementor-top-section elementor-element elementor-element-2380dd4 elementor-section-boxed elementor-section-height-default elementor-section-height-default\" data-id=\"2380dd4\" data-element_type=\"section\">\n\t\t\t\t\t\t<div class=\"elementor-container elementor-column-gap-default\">\n\t\t\t\t\t<div class=\"elementor-column elementor-col-100 elementor-top-column elementor-element elementor-element-bcc1da8\" data-id=\"bcc1da8\" data-element_type=\"column\">\n\t\t\t<div class=\"elementor-widget-wrap elementor-element-populated\">\n\t\t\t\t\t\t<div class=\"elementor-element elementor-element-a06b707 elementor-widget elementor-widget-heading\" data-id=\"a06b707\" data-element_type=\"widget\" data-widget_type=\"heading.default\">\n\t\t\t\t<div class=\"elementor-widget-container\">\n\t\t\t\t\t<h2 class=\"elementor-heading-title elementor-size-default\">El impacto econ\u00f3mico directo en San Crist\u00f3bal\n<\/h2>\t\t\t\t<\/div>\n\t\t\t\t<\/div>\n\t\t\t\t<div class=\"elementor-element elementor-element-deeabdd elementor-widget elementor-widget-text-editor\" data-id=\"deeabdd\" data-element_type=\"widget\" data-widget_type=\"text-editor.default\">\n\t\t\t\t<div class=\"elementor-widget-container\">\n\t\t\t\t\t\t\t\t\t<h3><b>Impulsar la hosteler\u00eda y las empresas locales<\/b><\/h3><p><b>Festival de M\u00fasica de San Crist\u00f3bal<\/b><span style=\"font-weight: 400;\">La edici\u00f3n de 2025, en particular, est\u00e1 atrayendo a un n\u00famero notable de visitantes. Los hoteles est\u00e1n al completo, y los restaurantes, bares, taxis y comercios locales se benefician de la llegada de miles de asistentes al festival. Las repercusiones econ\u00f3micas superan con creces la venta de entradas, con un aumento de la actividad en todos los sectores.  <\/span><\/p>\t\t\t\t\t\t\t\t<\/div>\n\t\t\t\t<\/div>\n\t\t\t\t<div class=\"elementor-element elementor-element-c6f4abe elementor-widget elementor-widget-text-editor\" data-id=\"c6f4abe\" data-element_type=\"widget\" data-widget_type=\"text-editor.default\">\n\t\t\t\t<div class=\"elementor-widget-container\">\n\t\t\t\t\t\t\t\t\t<h3><b>Creaci\u00f3n de empleo y empresas derivadas para los proveedores de servicios<\/b><\/h3><p><span style=\"font-weight: 400;\">El <\/span><b>Festival de M\u00fasica de San Crist\u00f3bal<\/b><span style=\"font-weight: 400;\"> genera un gran n\u00famero de empleos temporales: guardias de seguridad, t\u00e9cnicos, gu\u00edas, conductores, artesanos, etc. La organizaci\u00f3n de eventos auxiliares, como fiestas en la playa, cruceros, mercados de artesan\u00eda y talleres culinarios, multiplica las oportunidades para los proveedores de servicios locales.<\/span><\/p>\t\t\t\t\t\t\t\t<\/div>\n\t\t\t\t<\/div>\n\t\t\t\t\t<\/div>\n\t\t<\/div>\n\t\t\t\t\t<\/div>\n\t\t<\/section>\n\t\t\t\t<section class=\"elementor-section elementor-top-section elementor-element elementor-element-a97981f elementor-section-boxed elementor-section-height-default elementor-section-height-default\" data-id=\"a97981f\" data-element_type=\"section\">\n\t\t\t\t\t\t<div class=\"elementor-container elementor-column-gap-default\">\n\t\t\t\t\t<div class=\"elementor-column elementor-col-100 elementor-top-column elementor-element elementor-element-eb6762c\" data-id=\"eb6762c\" data-element_type=\"column\">\n\t\t\t<div class=\"elementor-widget-wrap elementor-element-populated\">\n\t\t\t\t\t\t<div class=\"elementor-element elementor-element-4763440 elementor-widget elementor-widget-heading\" data-id=\"4763440\" data-element_type=\"widget\" data-widget_type=\"heading.default\">\n\t\t\t\t<div class=\"elementor-widget-container\">\n\t\t\t\t\t<h2 class=\"elementor-heading-title elementor-size-default\">Una poderosa palanca para la visibilidad internacional<\/h2>\t\t\t\t<\/div>\n\t\t\t\t<\/div>\n\t\t\t\t<div class=\"elementor-element elementor-element-6d59f38 elementor-widget elementor-widget-text-editor\" data-id=\"6d59f38\" data-element_type=\"widget\" data-widget_type=\"text-editor.default\">\n\t\t\t\t<div class=\"elementor-widget-container\">\n\t\t\t\t\t\t\t\t\t<h3><b>Cobertura medi\u00e1tica y nuevo llamamiento<\/b><\/h3><p><span style=\"font-weight: 400;\">Gracias a la presencia de artistas de fama mundial y a la cobertura medi\u00e1tica internacional, el <\/span><b>Festival de M\u00fasica de San Crist\u00f3bal<\/b><span style=\"font-weight: 400;\">  2025 est\u00e1 elevando el perfil de la isla. Las redes sociales, los medios de comunicaci\u00f3n especializados y las personas influyentes est\u00e1n retransmitiendo el acontecimiento, atrayendo a un p\u00fablico cada vez mayor y m\u00e1s diverso. <\/span><\/p>\t\t\t\t\t\t\t\t<\/div>\n\t\t\t\t<\/div>\n\t\t\t\t<div class=\"elementor-element elementor-element-9d78e18 elementor-widget elementor-widget-text-editor\" data-id=\"9d78e18\" data-element_type=\"widget\" data-widget_type=\"text-editor.default\">\n\t\t\t\t<div class=\"elementor-widget-container\">\n\t\t\t\t\t\t\t\t\t<h3><b>Diversidad art\u00edstica y promoci\u00f3n del patrimonio local<\/b><\/h3><p><span style=\"font-weight: 400;\">El programa de 2025 pone de relieve la riqueza cultural de San Crist\u00f3bal: m\u00fasica, danza, gastronom\u00eda, artesan\u00eda&#8230; Los visitantes descubrir\u00e1n una isla aut\u00e9ntica, donde cada momento del d\u00eda es una oportunidad para experimentar la riqueza de la cultura de la isla. <\/span><b>El Festival de M\u00fasica de San Crist\u00f3bal<\/b><span style=\"font-weight: 400;\"> es una oportunidad para sumergirse en la cultura local.<\/span><\/p>\t\t\t\t\t\t\t\t<\/div>\n\t\t\t\t<\/div>\n\t\t\t\t\t<\/div>\n\t\t<\/div>\n\t\t\t\t\t<\/div>\n\t\t<\/section>\n\t\t\t\t<section class=\"elementor-section elementor-top-section elementor-element elementor-element-aeb8eb5 elementor-section-boxed elementor-section-height-default elementor-section-height-default\" data-id=\"aeb8eb5\" data-element_type=\"section\">\n\t\t\t\t\t\t<div class=\"elementor-container elementor-column-gap-default\">\n\t\t\t\t\t<div class=\"elementor-column elementor-col-100 elementor-top-column elementor-element elementor-element-20161cf\" data-id=\"20161cf\" data-element_type=\"column\">\n\t\t\t<div class=\"elementor-widget-wrap elementor-element-populated\">\n\t\t\t\t\t\t<div class=\"elementor-element elementor-element-9155983 elementor-widget elementor-widget-heading\" data-id=\"9155983\" data-element_type=\"widget\" data-widget_type=\"heading.default\">\n\t\t\t\t<div class=\"elementor-widget-container\">\n\t\t\t\t\t<h2 class=\"elementor-heading-title elementor-size-default\">\u00bfC\u00f3mo est\u00e1 transformando el Festival de M\u00fasica de San Crist\u00f3bal la experiencia tur\u00edstica fuera de temporada?<\/h2>\t\t\t\t<\/div>\n\t\t\t\t<\/div>\n\t\t\t\t<div class=\"elementor-element elementor-element-555617c elementor-widget elementor-widget-text-editor\" data-id=\"555617c\" data-element_type=\"widget\" data-widget_type=\"text-editor.default\">\n\t\t\t\t<div class=\"elementor-widget-container\">\n\t\t\t\t\t\t\t\t\t<h3><b>Inmersi\u00f3n cultural y nuevas experiencias para los visitantes<\/b><\/h3><p><span style=\"font-weight: 400;\">Participa en <\/span><b>Festival de M\u00fasica de San Crist\u00f3bal<\/b><span style=\"font-weight: 400;\">es experimentar la isla de una forma diferente. Los visitantes disfrutan de un ambiente festivo, encuentros aut\u00e9nticos y una gran variedad de actividades. Adem\u00e1s de conciertos, la edici\u00f3n de 2025 contar\u00e1 con eventos diurnos como fiestas en la playa, cruceros, talleres culinarios, visitas culturales y degustaciones de rones locales.  <\/span><\/p>\t\t\t\t\t\t\t\t<\/div>\n\t\t\t\t<\/div>\n\t\t\t\t<div class=\"elementor-element elementor-element-80ea348 elementor-widget elementor-widget-text-editor\" data-id=\"80ea348\" data-element_type=\"widget\" data-widget_type=\"text-editor.default\">\n\t\t\t\t<div class=\"elementor-widget-container\">\n\t\t\t\t\t\t\t\t\t<h3><b>Actividades complementarias: m\u00e1s all\u00e1 de los conciertos<\/b><\/h3><p><span style=\"font-weight: 400;\">El <\/span><b>Festival de M\u00fasica de San Crist\u00f3bal<\/b><span style=\"font-weight: 400;\"> se prolonga durante varios d\u00edas y ofrece multitud de actividades complementarias, lo que permite a los visitantes prolongar su estancia y descubrir otros atractivos de la isla: playas, rutas de senderismo y lugares hist\u00f3ricos como la Fortaleza de Brimstone Hill, incluida en la lista de la UNESCO.<\/span><\/p>\t\t\t\t\t\t\t\t<\/div>\n\t\t\t\t<\/div>\n\t\t\t\t<section class=\"elementor-section elementor-inner-section elementor-element elementor-element-6a2e0f0 elementor-section-boxed elementor-section-height-default elementor-section-height-default\" data-id=\"6a2e0f0\" data-element_type=\"section\">\n\t\t\t\t\t\t<div class=\"elementor-container elementor-column-gap-default\">\n\t\t\t\t\t<div class=\"elementor-column elementor-col-100 elementor-inner-column elementor-element elementor-element-012d7ea\" data-id=\"012d7ea\" data-element_type=\"column\">\n\t\t\t<div class=\"elementor-widget-wrap elementor-element-populated\">\n\t\t\t\t\t\t<div class=\"elementor-element elementor-element-4748fac elementor-widget elementor-widget-image\" data-id=\"4748fac\" data-element_type=\"widget\" data-widget_type=\"image.default\">\n\t\t\t\t<div class=\"elementor-widget-container\">\n\t\t\t\t\t\t\t\t\t\t\t\t\t\t\t<img loading=\"lazy\" decoding=\"async\" width=\"800\" height=\"500\" src=\"https:\/\/richeskarayib.com\/wp-content\/uploads\/2025\/06\/stkitts-music-festival-early-bird_loading2-1080x675-1-1024x640.webp\" class=\"attachment-large size-large wp-image-53331\" alt=\"St Kitts Music Festival\" srcset=\"https:\/\/richeskarayib.com\/wp-content\/uploads\/2025\/06\/stkitts-music-festival-early-bird_loading2-1080x675-1-1024x640.webp 1024w, https:\/\/richeskarayib.com\/wp-content\/uploads\/2025\/06\/stkitts-music-festival-early-bird_loading2-1080x675-1-300x188.webp 300w, https:\/\/richeskarayib.com\/wp-content\/uploads\/2025\/06\/stkitts-music-festival-early-bird_loading2-1080x675-1-768x480.webp 768w, https:\/\/richeskarayib.com\/wp-content\/uploads\/2025\/06\/stkitts-music-festival-early-bird_loading2-1080x675-1.webp 1080w\" sizes=\"(max-width: 800px) 100vw, 800px\" \/>\t\t\t\t\t\t\t\t\t\t\t\t\t\t\t<\/div>\n\t\t\t\t<\/div>\n\t\t\t\t\t<\/div>\n\t\t<\/div>\n\t\t\t\t\t<\/div>\n\t\t<\/section>\n\t\t\t\t\t<\/div>\n\t\t<\/div>\n\t\t\t\t\t<\/div>\n\t\t<\/section>\n\t\t\t\t<section class=\"elementor-section elementor-top-section elementor-element elementor-element-3397ae9 elementor-section-boxed elementor-section-height-default elementor-section-height-default\" data-id=\"3397ae9\" data-element_type=\"section\">\n\t\t\t\t\t\t<div class=\"elementor-container elementor-column-gap-default\">\n\t\t\t\t\t<div class=\"elementor-column elementor-col-100 elementor-top-column elementor-element elementor-element-4e44233\" data-id=\"4e44233\" data-element_type=\"column\">\n\t\t\t<div class=\"elementor-widget-wrap elementor-element-populated\">\n\t\t\t\t\t\t<div class=\"elementor-element elementor-element-9b96f5c elementor-widget elementor-widget-heading\" data-id=\"9b96f5c\" data-element_type=\"widget\" data-widget_type=\"heading.default\">\n\t\t\t\t<div class=\"elementor-widget-container\">\n\t\t\t\t\t<h2 class=\"elementor-heading-title elementor-size-default\">Retos y perspectivas de futuro para el turismo de festivales y de temporada baja<\/h2>\t\t\t\t<\/div>\n\t\t\t\t<\/div>\n\t\t\t\t<div class=\"elementor-element elementor-element-17e6878 elementor-widget elementor-widget-text-editor\" data-id=\"17e6878\" data-element_type=\"widget\" data-widget_type=\"text-editor.default\">\n\t\t\t\t<div class=\"elementor-widget-container\">\n\t\t\t\t\t\t\t\t\t<h3><b>Adaptaci\u00f3n del modelo y evaluaci\u00f3n del impacto<\/b><\/h3><p><span style=\"font-weight: 400;\">Para seguir siendo atractivo, el <\/span><b>Festival de M\u00fasica de San Crist\u00f3bal<\/b><span style=\"font-weight: 400;\">  debe innovar constantemente. La edici\u00f3n de 2025, con su ambicioso programa y sus experiencias \u00fanicas, demuestra la determinaci\u00f3n de los organizadores de ir a\u00fan m\u00e1s lejos para atraer al p\u00fablico internacional y fidelizar a los visitantes. <\/span><\/p>\t\t\t\t\t\t\t\t<\/div>\n\t\t\t\t<\/div>\n\t\t\t\t<div class=\"elementor-element elementor-element-fdb384e elementor-widget elementor-widget-text-editor\" data-id=\"fdb384e\" data-element_type=\"widget\" data-widget_type=\"text-editor.default\">\n\t\t\t\t<div class=\"elementor-widget-container\">\n\t\t\t\t\t\t\t\t\t<h3><b>Futuras innovaciones y papel de las partes interesadas<\/b><\/h3><p><span style=\"font-weight: 400;\">El futuro del <\/span><b>Festival de M\u00fasica de San Crist\u00f3bal<\/b><span style=\"font-weight: 400;\">  se basa en la cocreaci\u00f3n con los agentes locales: hoteleros, restauradores, artesanos e instituciones culturales. Escuchando las expectativas del p\u00fablico y adaptando la oferta, el festival puede seguir desempe\u00f1ando un papel motor en el turismo de temporada baja y reforzar la identidad de la isla. <\/span><\/p>\t\t\t\t\t\t\t\t<\/div>\n\t\t\t\t<\/div>\n\t\t\t\t<section class=\"elementor-section elementor-inner-section elementor-element elementor-element-7258a49 elementor-section-boxed elementor-section-height-default elementor-section-height-default\" data-id=\"7258a49\" data-element_type=\"section\">\n\t\t\t\t\t\t<div class=\"elementor-container elementor-column-gap-default\">\n\t\t\t\t\t<div class=\"elementor-column elementor-col-100 elementor-inner-column elementor-element elementor-element-e90ce80\" data-id=\"e90ce80\" data-element_type=\"column\">\n\t\t\t<div class=\"elementor-widget-wrap elementor-element-populated\">\n\t\t\t\t\t\t<div class=\"elementor-element elementor-element-a7a562f elementor-widget elementor-widget-image\" data-id=\"a7a562f\" data-element_type=\"widget\" data-widget_type=\"image.default\">\n\t\t\t\t<div class=\"elementor-widget-container\">\n\t\t\t\t\t\t\t\t\t\t\t\t\t\t\t<img loading=\"lazy\" decoding=\"async\" width=\"800\" height=\"534\" src=\"https:\/\/richeskarayib.com\/wp-content\/uploads\/2025\/06\/BBP00014-2048x1365-1-1024x683.jpg\" class=\"attachment-large size-large wp-image-53335\" alt=\"St Kitts Music Festival\" srcset=\"https:\/\/richeskarayib.com\/wp-content\/uploads\/2025\/06\/BBP00014-2048x1365-1-1024x683.jpg 1024w, https:\/\/richeskarayib.com\/wp-content\/uploads\/2025\/06\/BBP00014-2048x1365-1-300x200.jpg 300w, https:\/\/richeskarayib.com\/wp-content\/uploads\/2025\/06\/BBP00014-2048x1365-1-768x512.jpg 768w, https:\/\/richeskarayib.com\/wp-content\/uploads\/2025\/06\/BBP00014-2048x1365-1-1536x1024.jpg 1536w, https:\/\/richeskarayib.com\/wp-content\/uploads\/2025\/06\/BBP00014-2048x1365-1-1320x880.jpg 1320w, https:\/\/richeskarayib.com\/wp-content\/uploads\/2025\/06\/BBP00014-2048x1365-1.jpg 1920w\" sizes=\"(max-width: 800px) 100vw, 800px\" \/>\t\t\t\t\t\t\t\t\t\t\t\t\t\t\t<\/div>\n\t\t\t\t<\/div>\n\t\t\t\t\t<\/div>\n\t\t<\/div>\n\t\t\t\t\t<\/div>\n\t\t<\/section>\n\t\t\t\t\t<\/div>\n\t\t<\/div>\n\t\t\t\t\t<\/div>\n\t\t<\/section>\n\t\t\t\t<section class=\"elementor-section elementor-top-section elementor-element elementor-element-b664ba0 elementor-section-boxed elementor-section-height-default elementor-section-height-default\" data-id=\"b664ba0\" data-element_type=\"section\">\n\t\t\t\t\t\t<div class=\"elementor-container elementor-column-gap-default\">\n\t\t\t\t\t<div class=\"elementor-column elementor-col-100 elementor-top-column elementor-element elementor-element-3868cd8\" data-id=\"3868cd8\" data-element_type=\"column\">\n\t\t\t<div class=\"elementor-widget-wrap elementor-element-populated\">\n\t\t\t\t\t\t<div class=\"elementor-element elementor-element-3e18e56 elementor-widget elementor-widget-heading\" data-id=\"3e18e56\" data-element_type=\"widget\" data-widget_type=\"heading.default\">\n\t\t\t\t<div class=\"elementor-widget-container\">\n\t\t\t\t\t<h2 class=\"elementor-heading-title elementor-size-default\">Cuando la m\u00fasica se convierte en motor del turismo<\/h2>\t\t\t\t<\/div>\n\t\t\t\t<\/div>\n\t\t\t\t<div class=\"elementor-element elementor-element-d0534da elementor-widget elementor-widget-text-editor\" data-id=\"d0534da\" data-element_type=\"widget\" data-widget_type=\"text-editor.default\">\n\t\t\t\t<div class=\"elementor-widget-container\">\n\t\t\t\t\t\t\t\t\t<p><b>Festival de M\u00fasica de San Crist\u00f3bal<\/b><span style=\"font-weight: 400;\">  2025 es un ejemplo perfecto de c\u00f3mo un acontecimiento cultural puede transformar la temporada tur\u00edstica baja en un periodo de dinamismo econ\u00f3mico e influencia internacional. Gracias a un programa excepcional, un ambiente festivo y una inmersi\u00f3n en la cultura local, San Crist\u00f3bal atrae y retiene a visitantes de todo el mundo. Aqu\u00ed, la m\u00fasica es algo m\u00e1s que entretenimiento: es la fuerza motriz de una transformaci\u00f3n tur\u00edstica sostenible, integradora e innovadora.  <\/span><\/p>\t\t\t\t\t\t\t\t<\/div>\n\t\t\t\t<\/div>\n\t\t\t\t\t<\/div>\n\t\t<\/div>\n\t\t\t\t\t<\/div>\n\t\t<\/section>\n\t\t\t\t<\/div>\n\t\t","protected":false},"excerpt":{"rendered":"<p>Festival de M\u00fasica de San Crist\u00f3bal es un factor clave para impulsar el turismo de temporada baja en San Crist\u00f3bal y Nieves. Con la edici\u00f3n de 2025 prevista del 26 al 28 de junio, el festival atrae cada a\u00f1o a un p\u00fablico internacional, transformando la temporada baja en un periodo de celebraci\u00f3n y descubrimiento. Pero, [&hellip;]<\/p>\n","protected":false},"author":662,"featured_media":53286,"comment_status":"open","ping_status":"open","sticky":false,"template":"","format":"standard","meta":{"_acf_changed":false,"footnotes":""},"categories":[1499,839,1734],"tags":[1712],"class_list":["post-53337","post","type-post","status-publish","format-standard","has-post-thumbnail","hentry","category-gestion-de-eventos","category-noticias","category-turismo","tag-saint-christophe-y-nieves"],"acf":[],"_links":{"self":[{"href":"https:\/\/richeskarayib.com\/es\/wp-json\/wp\/v2\/posts\/53337","targetHints":{"allow":["GET"]}}],"collection":[{"href":"https:\/\/richeskarayib.com\/es\/wp-json\/wp\/v2\/posts"}],"about":[{"href":"https:\/\/richeskarayib.com\/es\/wp-json\/wp\/v2\/types\/post"}],"author":[{"embeddable":true,"href":"https:\/\/richeskarayib.com\/es\/wp-json\/wp\/v2\/users\/662"}],"replies":[{"embeddable":true,"href":"https:\/\/richeskarayib.com\/es\/wp-json\/wp\/v2\/comments?post=53337"}],"version-history":[{"count":0,"href":"https:\/\/richeskarayib.com\/es\/wp-json\/wp\/v2\/posts\/53337\/revisions"}],"wp:featuredmedia":[{"embeddable":true,"href":"https:\/\/richeskarayib.com\/es\/wp-json\/wp\/v2\/media\/53286"}],"wp:attachment":[{"href":"https:\/\/richeskarayib.com\/es\/wp-json\/wp\/v2\/media?parent=53337"}],"wp:term":[{"taxonomy":"category","embeddable":true,"href":"https:\/\/richeskarayib.com\/es\/wp-json\/wp\/v2\/categories?post=53337"},{"taxonomy":"post_tag","embeddable":true,"href":"https:\/\/richeskarayib.com\/es\/wp-json\/wp\/v2\/tags?post=53337"}],"curies":[{"name":"wp","href":"https:\/\/api.w.org\/{rel}","templated":true}]}}