{"id":53432,"date":"2025-06-03T08:03:37","date_gmt":"2025-06-03T12:03:37","guid":{"rendered":"https:\/\/richeskarayib.com\/mes-de-la-herencia-caribeamericana-promover-la-diaspora-para-fortalecer-la-economia-caribena\/"},"modified":"2025-06-03T08:03:39","modified_gmt":"2025-06-03T12:03:39","slug":"mes-de-la-herencia-caribeamericana-promover-la-diaspora-para-fortalecer-la-economia-caribena","status":"publish","type":"post","link":"https:\/\/richeskarayib.com\/es\/mes-de-la-herencia-caribeamericana-promover-la-diaspora-para-fortalecer-la-economia-caribena\/","title":{"rendered":"Mes de la Herencia Caribeamericana: promover la di\u00e1spora para fortalecer la econom\u00eda caribe\u00f1a"},"content":{"rendered":"\t\t<div data-elementor-type=\"wp-post\" data-elementor-id=\"53432\" class=\"elementor elementor-53432 elementor-53378\" data-elementor-post-type=\"post\">\n\t\t\t\t\t\t<section class=\"elementor-section elementor-top-section elementor-element elementor-element-aff47a5 elementor-section-boxed elementor-section-height-default elementor-section-height-default\" data-id=\"aff47a5\" data-element_type=\"section\">\n\t\t\t\t\t\t<div class=\"elementor-container elementor-column-gap-default\">\n\t\t\t\t\t<div class=\"elementor-column elementor-col-100 elementor-top-column elementor-element elementor-element-83927da\" data-id=\"83927da\" data-element_type=\"column\">\n\t\t\t<div class=\"elementor-widget-wrap elementor-element-populated\">\n\t\t\t\t\t\t<div class=\"elementor-element elementor-element-2888162 elementor-widget elementor-widget-text-editor\" data-id=\"2888162\" data-element_type=\"widget\" data-widget_type=\"text-editor.default\">\n\t\t\t\t<div class=\"elementor-widget-container\">\n\t\t\t\t\t\t\t\t\t<p><span style=\"font-weight: 400;\">Cada mes de junio, <a href=\"https:\/\/caribbeanamericanmonth.com\/#contactus\" target=\"_blank\" rel=\"noopener nofollow\">el Mes de la Herencia Caribeamericana<\/a> conmemora la importancia hist\u00f3rica, cultural y econ\u00f3mica de la di\u00e1spora caribe\u00f1a en Estados Unidos. M\u00e1s que una conmemoraci\u00f3n, esta iniciativa federal, lanzada oficialmente en 2006, se est\u00e1 convirtiendo gradualmente en un catalizador de la cooperaci\u00f3n transatl\u00e1ntica, la innovaci\u00f3n empresarial y el dinamismo regional. La edici\u00f3n de 2025 ilustra esta evoluci\u00f3n combinando memoria, cultura y estrategias econ\u00f3micas.  <\/span><\/p>\t\t\t\t\t\t\t\t<\/div>\n\t\t\t\t<\/div>\n\t\t\t\t\t<\/div>\n\t\t<\/div>\n\t\t\t\t\t<\/div>\n\t\t<\/section>\n\t\t\t\t<section class=\"elementor-section elementor-top-section elementor-element elementor-element-a940619 elementor-section-boxed elementor-section-height-default elementor-section-height-default\" data-id=\"a940619\" data-element_type=\"section\">\n\t\t\t\t\t\t<div class=\"elementor-container elementor-column-gap-default\">\n\t\t\t\t\t<div class=\"elementor-column elementor-col-100 elementor-top-column elementor-element elementor-element-cec34eb\" data-id=\"cec34eb\" data-element_type=\"column\">\n\t\t\t<div class=\"elementor-widget-wrap elementor-element-populated\">\n\t\t\t\t\t\t<div class=\"elementor-element elementor-element-f7accd7 elementor-widget elementor-widget-heading\" data-id=\"f7accd7\" data-element_type=\"widget\" data-widget_type=\"heading.default\">\n\t\t\t\t<div class=\"elementor-widget-container\">\n\t\t\t\t\t<h2 class=\"elementor-heading-title elementor-size-default\">Una conmemoraci\u00f3n polifac\u00e9tica\n<\/h2>\t\t\t\t<\/div>\n\t\t\t\t<\/div>\n\t\t\t\t<div class=\"elementor-element elementor-element-3f476bd elementor-widget elementor-widget-text-editor\" data-id=\"3f476bd\" data-element_type=\"widget\" data-widget_type=\"text-editor.default\">\n\t\t\t\t<div class=\"elementor-widget-container\">\n\t\t\t\t\t\t\t\t\t<p><span style=\"font-weight: 400;\">A partir del 1 de junio, el lanzamiento oficial del <a href=\"https:\/\/evidentchange.org\/\" target=\"_blank\" rel=\"noopener nofollow\">Mes de la Herencia Caribe\u00f1a-Estadounidense<\/a> marca la pauta. A lo largo del mes, se organizan una serie de actos por todo Estados Unidos, que ponen de relieve la contribuci\u00f3n de <a href=\"https:\/\/richeskarayib.com\/es\/cumbre-de-reserva-directa-caribe-2025-estrategias-ganadoras-para-la-industria-hotelera-del-manana\/\" target=\"_blank\" rel=\"noopener\">los caribe\u00f1os<\/a> a la sociedad estadounidense y las oportunidades de colaboraci\u00f3n entre la di\u00e1spora y los pa\u00edses caribe\u00f1os. El mes es tambi\u00e9n un momento de reconocimiento para los millones de descendientes caribe\u00f1os que viven en Norteam\u00e9rica.  <\/span><\/p>\t\t\t\t\t\t\t\t<\/div>\n\t\t\t\t<\/div>\n\t\t\t\t<section class=\"elementor-section elementor-inner-section elementor-element elementor-element-7df918c elementor-section-boxed elementor-section-height-default elementor-section-height-default\" data-id=\"7df918c\" data-element_type=\"section\">\n\t\t\t\t\t\t<div class=\"elementor-container elementor-column-gap-default\">\n\t\t\t\t\t<div class=\"elementor-column elementor-col-33 elementor-inner-column elementor-element elementor-element-f44c41d\" data-id=\"f44c41d\" data-element_type=\"column\">\n\t\t\t<div class=\"elementor-widget-wrap elementor-element-populated\">\n\t\t\t\t\t\t<div class=\"elementor-element elementor-element-f22e4fa elementor-widget elementor-widget-image\" data-id=\"f22e4fa\" data-element_type=\"widget\" data-widget_type=\"image.default\">\n\t\t\t\t<div class=\"elementor-widget-container\">\n\t\t\t\t\t\t\t\t\t\t\t\t<figure class=\"wp-caption\">\n\t\t\t\t\t\t\t\t\t\t<img fetchpriority=\"high\" decoding=\"async\" width=\"500\" height=\"500\" src=\"https:\/\/richeskarayib.com\/wp-content\/uploads\/2025\/06\/V2SUSTAINABILITY-WEEK.png\" class=\"attachment-large size-large wp-image-53430\" alt=\"Caribbean-American Heritage Month\" srcset=\"https:\/\/richeskarayib.com\/wp-content\/uploads\/2025\/06\/V2SUSTAINABILITY-WEEK.png 500w, https:\/\/richeskarayib.com\/wp-content\/uploads\/2025\/06\/V2SUSTAINABILITY-WEEK-300x300.png 300w, https:\/\/richeskarayib.com\/wp-content\/uploads\/2025\/06\/V2SUSTAINABILITY-WEEK-150x150.png 150w\" sizes=\"(max-width: 500px) 100vw, 500px\" \/>\t\t\t\t\t\t\t\t\t\t\t<figcaption class=\"widget-image-caption wp-caption-text\">Caribbean-American Heritage Month<\/figcaption>\n\t\t\t\t\t\t\t\t\t\t<\/figure>\n\t\t\t\t\t\t\t\t\t<\/div>\n\t\t\t\t<\/div>\n\t\t\t\t\t<\/div>\n\t\t<\/div>\n\t\t\t\t<div class=\"elementor-column elementor-col-33 elementor-inner-column elementor-element elementor-element-259ff33\" data-id=\"259ff33\" data-element_type=\"column\">\n\t\t\t<div class=\"elementor-widget-wrap elementor-element-populated\">\n\t\t\t\t\t\t<div class=\"elementor-element elementor-element-761b9bb elementor-widget elementor-widget-image\" data-id=\"761b9bb\" data-element_type=\"widget\" data-widget_type=\"image.default\">\n\t\t\t\t<div class=\"elementor-widget-container\">\n\t\t\t\t\t\t\t\t\t\t\t\t<figure class=\"wp-caption\">\n\t\t\t\t\t\t\t\t\t\t<img decoding=\"async\" width=\"500\" height=\"500\" src=\"https:\/\/richeskarayib.com\/wp-content\/uploads\/2025\/06\/V2CULTUREWEEK.png\" class=\"attachment-large size-large wp-image-53426\" alt=\"Caribbean-American Heritage Month\" srcset=\"https:\/\/richeskarayib.com\/wp-content\/uploads\/2025\/06\/V2CULTUREWEEK.png 500w, https:\/\/richeskarayib.com\/wp-content\/uploads\/2025\/06\/V2CULTUREWEEK-300x300.png 300w, https:\/\/richeskarayib.com\/wp-content\/uploads\/2025\/06\/V2CULTUREWEEK-150x150.png 150w\" sizes=\"(max-width: 500px) 100vw, 500px\" \/>\t\t\t\t\t\t\t\t\t\t\t<figcaption class=\"widget-image-caption wp-caption-text\">Caribbean-American Heritage Month<\/figcaption>\n\t\t\t\t\t\t\t\t\t\t<\/figure>\n\t\t\t\t\t\t\t\t\t<\/div>\n\t\t\t\t<\/div>\n\t\t\t\t\t<\/div>\n\t\t<\/div>\n\t\t\t\t<div class=\"elementor-column elementor-col-33 elementor-inner-column elementor-element elementor-element-5ec869e\" data-id=\"5ec869e\" data-element_type=\"column\">\n\t\t\t<div class=\"elementor-widget-wrap elementor-element-populated\">\n\t\t\t\t\t\t<div class=\"elementor-element elementor-element-f74c481 elementor-widget elementor-widget-image\" data-id=\"f74c481\" data-element_type=\"widget\" data-widget_type=\"image.default\">\n\t\t\t\t<div class=\"elementor-widget-container\">\n\t\t\t\t\t\t\t\t\t\t\t\t<figure class=\"wp-caption\">\n\t\t\t\t\t\t\t\t\t\t<img decoding=\"async\" width=\"500\" height=\"500\" src=\"https:\/\/richeskarayib.com\/wp-content\/uploads\/2025\/06\/REST-WEEK-V2.png\" class=\"attachment-large size-large wp-image-53422\" alt=\"Caribbean-American Heritage Month\" srcset=\"https:\/\/richeskarayib.com\/wp-content\/uploads\/2025\/06\/REST-WEEK-V2.png 500w, https:\/\/richeskarayib.com\/wp-content\/uploads\/2025\/06\/REST-WEEK-V2-300x300.png 300w, https:\/\/richeskarayib.com\/wp-content\/uploads\/2025\/06\/REST-WEEK-V2-150x150.png 150w\" sizes=\"(max-width: 500px) 100vw, 500px\" \/>\t\t\t\t\t\t\t\t\t\t\t<figcaption class=\"widget-image-caption wp-caption-text\">Caribbean-American Heritage Month<\/figcaption>\n\t\t\t\t\t\t\t\t\t\t<\/figure>\n\t\t\t\t\t\t\t\t\t<\/div>\n\t\t\t\t<\/div>\n\t\t\t\t\t<\/div>\n\t\t<\/div>\n\t\t\t\t\t<\/div>\n\t\t<\/section>\n\t\t\t\t<div class=\"elementor-element elementor-element-43ca449 elementor-widget elementor-widget-text-editor\" data-id=\"43ca449\" data-element_type=\"widget\" data-widget_type=\"text-editor.default\">\n\t\t\t\t<div class=\"elementor-widget-container\">\n\t\t\t\t\t\t\t\t\t<p><span style=\"font-weight: 400;\">Uno de los acontecimientos m\u00e1s esperados es el Festival de Cine Caribe\u00f1o de DC, que se celebrar\u00e1 del 6 al 12 de junio en el AFI Silver Theatre de Washington. A trav\u00e9s de una selecci\u00f3n de pel\u00edculas producidas en la regi\u00f3n o dirigidas por cineastas de la di\u00e1spora, este festival ofrece una inmersi\u00f3n cinematogr\u00e1fica en la pluralidad de las identidades caribe\u00f1as. <\/span><\/p>\t\t\t\t\t\t\t\t<\/div>\n\t\t\t\t<\/div>\n\t\t\t\t<section class=\"elementor-section elementor-inner-section elementor-element elementor-element-afe93b5 elementor-section-boxed elementor-section-height-default elementor-section-height-default\" data-id=\"afe93b5\" data-element_type=\"section\">\n\t\t\t\t\t\t<div class=\"elementor-container elementor-column-gap-default\">\n\t\t\t\t\t<div class=\"elementor-column elementor-col-100 elementor-inner-column elementor-element elementor-element-b000cca\" data-id=\"b000cca\" data-element_type=\"column\">\n\t\t\t<div class=\"elementor-widget-wrap elementor-element-populated\">\n\t\t\t\t\t\t<div class=\"elementor-element elementor-element-7301a87 elementor-widget elementor-widget-image\" data-id=\"7301a87\" data-element_type=\"widget\" data-widget_type=\"image.default\">\n\t\t\t\t<div class=\"elementor-widget-container\">\n\t\t\t\t\t\t\t\t\t\t\t\t<figure class=\"wp-caption\">\n\t\t\t\t\t\t\t\t\t\t<img loading=\"lazy\" decoding=\"async\" width=\"800\" height=\"450\" src=\"https:\/\/richeskarayib.com\/wp-content\/uploads\/2025\/06\/DCCFF25_KeyArt-Digital-v1b_01_1920-x-1080-1024x576-1.jpg\" class=\"attachment-large size-large wp-image-53406\" alt=\"Caribbean-American Heritage Month\" srcset=\"https:\/\/richeskarayib.com\/wp-content\/uploads\/2025\/06\/DCCFF25_KeyArt-Digital-v1b_01_1920-x-1080-1024x576-1.jpg 1024w, https:\/\/richeskarayib.com\/wp-content\/uploads\/2025\/06\/DCCFF25_KeyArt-Digital-v1b_01_1920-x-1080-1024x576-1-300x169.jpg 300w, https:\/\/richeskarayib.com\/wp-content\/uploads\/2025\/06\/DCCFF25_KeyArt-Digital-v1b_01_1920-x-1080-1024x576-1-768x432.jpg 768w\" sizes=\"(max-width: 800px) 100vw, 800px\" \/>\t\t\t\t\t\t\t\t\t\t\t<figcaption class=\"widget-image-caption wp-caption-text\">Caribbean-American Heritage Month<\/figcaption>\n\t\t\t\t\t\t\t\t\t\t<\/figure>\n\t\t\t\t\t\t\t\t\t<\/div>\n\t\t\t\t<\/div>\n\t\t\t\t\t<\/div>\n\t\t<\/div>\n\t\t\t\t\t<\/div>\n\t\t<\/section>\n\t\t\t\t<div class=\"elementor-element elementor-element-260b04a elementor-widget elementor-widget-text-editor\" data-id=\"260b04a\" data-element_type=\"widget\" data-widget_type=\"text-editor.default\">\n\t\t\t\t<div class=\"elementor-widget-container\">\n\t\t\t\t\t\t\t\t\t<p><span style=\"font-weight: 400;\">Otro acto emblem\u00e1tico son los debates literarios \u201cBook Bankra\u201d, programados todos los martes de junio, con la presentaci\u00f3n de 30 obras de autores caribe\u00f1os. Estos actos en l\u00ednea brindan la oportunidad de descubrir nuevas voces, debatir cuestiones sociales regionales y crear un Mes del Patrimonio Caribeamericano para el di\u00e1logo entre generaciones y territorios. <\/span><\/p>\t\t\t\t\t\t\t\t<\/div>\n\t\t\t\t<\/div>\n\t\t\t\t<section class=\"elementor-section elementor-inner-section elementor-element elementor-element-7e35794 elementor-section-boxed elementor-section-height-default elementor-section-height-default\" data-id=\"7e35794\" data-element_type=\"section\">\n\t\t\t\t\t\t<div class=\"elementor-container elementor-column-gap-default\">\n\t\t\t\t\t<div class=\"elementor-column elementor-col-100 elementor-inner-column elementor-element elementor-element-bd9e65a\" data-id=\"bd9e65a\" data-element_type=\"column\">\n\t\t\t<div class=\"elementor-widget-wrap elementor-element-populated\">\n\t\t\t\t\t\t<div class=\"elementor-element elementor-element-9ee28c8 elementor-widget elementor-widget-image\" data-id=\"9ee28c8\" data-element_type=\"widget\" data-widget_type=\"image.default\">\n\t\t\t\t<div class=\"elementor-widget-container\">\n\t\t\t\t\t\t\t\t\t\t\t\t<figure class=\"wp-caption\">\n\t\t\t\t\t\t\t\t\t\t<img loading=\"lazy\" decoding=\"async\" width=\"768\" height=\"994\" src=\"https:\/\/richeskarayib.com\/wp-content\/uploads\/2025\/06\/new-2025-NCAHM-BOOK-LIST-POSTER_page-0001-768x994-1.jpg\" class=\"attachment-large size-large wp-image-53398\" alt=\"Caribbean-American Heritage Month\" srcset=\"https:\/\/richeskarayib.com\/wp-content\/uploads\/2025\/06\/new-2025-NCAHM-BOOK-LIST-POSTER_page-0001-768x994-1.jpg 768w, https:\/\/richeskarayib.com\/wp-content\/uploads\/2025\/06\/new-2025-NCAHM-BOOK-LIST-POSTER_page-0001-768x994-1-232x300.jpg 232w\" sizes=\"(max-width: 768px) 100vw, 768px\" \/>\t\t\t\t\t\t\t\t\t\t\t<figcaption class=\"widget-image-caption wp-caption-text\">Caribbean-American Heritage Month<\/figcaption>\n\t\t\t\t\t\t\t\t\t\t<\/figure>\n\t\t\t\t\t\t\t\t\t<\/div>\n\t\t\t\t<\/div>\n\t\t\t\t\t<\/div>\n\t\t<\/div>\n\t\t\t\t\t<\/div>\n\t\t<\/section>\n\t\t\t\t<div class=\"elementor-element elementor-element-809fcb5 elementor-widget elementor-widget-text-editor\" data-id=\"809fcb5\" data-element_type=\"widget\" data-widget_type=\"text-editor.default\">\n\t\t\t\t<div class=\"elementor-widget-container\">\n\t\t\t\t\t\t\t\t\t<p><span style=\"font-weight: 400;\">En Providence, Rhode Island, se celebrar\u00e1 el 21 de junio un gran festival cultural. M\u00fasica, comida y artesan\u00eda se dar\u00e1n cita para celebrar las ricas tradiciones de las islas. Otros actos similares tendr\u00e1n lugar en Nueva York, sobre todo en las bibliotecas locales, con talleres STEAM, lecturas, actuaciones y encuentros art\u00edsticos.  <\/span><\/p>\t\t\t\t\t\t\t\t<\/div>\n\t\t\t\t<\/div>\n\t\t\t\t<section class=\"elementor-section elementor-inner-section elementor-element elementor-element-c39c9ec elementor-section-boxed elementor-section-height-default elementor-section-height-default\" data-id=\"c39c9ec\" data-element_type=\"section\">\n\t\t\t\t\t\t<div class=\"elementor-container elementor-column-gap-default\">\n\t\t\t\t\t<div class=\"elementor-column elementor-col-33 elementor-inner-column elementor-element elementor-element-d8ba69a\" data-id=\"d8ba69a\" data-element_type=\"column\">\n\t\t\t<div class=\"elementor-widget-wrap elementor-element-populated\">\n\t\t\t\t\t\t<div class=\"elementor-element elementor-element-a1c4dec elementor-widget elementor-widget-image\" data-id=\"a1c4dec\" data-element_type=\"widget\" data-widget_type=\"image.default\">\n\t\t\t\t<div class=\"elementor-widget-container\">\n\t\t\t\t\t\t\t\t\t\t\t\t<figure class=\"wp-caption\">\n\t\t\t\t\t\t\t\t\t\t<img loading=\"lazy\" decoding=\"async\" width=\"500\" height=\"500\" src=\"https:\/\/richeskarayib.com\/wp-content\/uploads\/2025\/06\/NEW-CONFERENCE.png\" class=\"attachment-large size-large wp-image-53418\" alt=\"Caribbean-American Heritage Month\" srcset=\"https:\/\/richeskarayib.com\/wp-content\/uploads\/2025\/06\/NEW-CONFERENCE.png 500w, https:\/\/richeskarayib.com\/wp-content\/uploads\/2025\/06\/NEW-CONFERENCE-300x300.png 300w, https:\/\/richeskarayib.com\/wp-content\/uploads\/2025\/06\/NEW-CONFERENCE-150x150.png 150w\" sizes=\"(max-width: 500px) 100vw, 500px\" \/>\t\t\t\t\t\t\t\t\t\t\t<figcaption class=\"widget-image-caption wp-caption-text\">Caribbean-American Heritage Month<\/figcaption>\n\t\t\t\t\t\t\t\t\t\t<\/figure>\n\t\t\t\t\t\t\t\t\t<\/div>\n\t\t\t\t<\/div>\n\t\t\t\t\t<\/div>\n\t\t<\/div>\n\t\t\t\t<div class=\"elementor-column elementor-col-33 elementor-inner-column elementor-element elementor-element-de9831a\" data-id=\"de9831a\" data-element_type=\"column\">\n\t\t\t<div class=\"elementor-widget-wrap elementor-element-populated\">\n\t\t\t\t\t\t<div class=\"elementor-element elementor-element-6397d72 elementor-widget elementor-widget-image\" data-id=\"6397d72\" data-element_type=\"widget\" data-widget_type=\"image.default\">\n\t\t\t\t<div class=\"elementor-widget-container\">\n\t\t\t\t\t\t\t\t\t\t\t\t<figure class=\"wp-caption\">\n\t\t\t\t\t\t\t\t\t\t<img loading=\"lazy\" decoding=\"async\" width=\"500\" height=\"500\" src=\"https:\/\/richeskarayib.com\/wp-content\/uploads\/2025\/06\/NEW-BUSINESS-WEEK.png\" class=\"attachment-large size-large wp-image-53414\" alt=\"Caribbean-American Heritage Month\" srcset=\"https:\/\/richeskarayib.com\/wp-content\/uploads\/2025\/06\/NEW-BUSINESS-WEEK.png 500w, https:\/\/richeskarayib.com\/wp-content\/uploads\/2025\/06\/NEW-BUSINESS-WEEK-300x300.png 300w, https:\/\/richeskarayib.com\/wp-content\/uploads\/2025\/06\/NEW-BUSINESS-WEEK-150x150.png 150w\" sizes=\"(max-width: 500px) 100vw, 500px\" \/>\t\t\t\t\t\t\t\t\t\t\t<figcaption class=\"widget-image-caption wp-caption-text\"><\/figcaption>\n\t\t\t\t\t\t\t\t\t\t<\/figure>\n\t\t\t\t\t\t\t\t\t<\/div>\n\t\t\t\t<\/div>\n\t\t\t\t\t<\/div>\n\t\t<\/div>\n\t\t\t\t<div class=\"elementor-column elementor-col-33 elementor-inner-column elementor-element elementor-element-e2fee37\" data-id=\"e2fee37\" data-element_type=\"column\">\n\t\t\t<div class=\"elementor-widget-wrap elementor-element-populated\">\n\t\t\t\t\t\t<div class=\"elementor-element elementor-element-f15c271 elementor-widget elementor-widget-image\" data-id=\"f15c271\" data-element_type=\"widget\" data-widget_type=\"image.default\">\n\t\t\t\t<div class=\"elementor-widget-container\">\n\t\t\t\t\t\t\t\t\t\t\t\t<figure class=\"wp-caption\">\n\t\t\t\t\t\t\t\t\t\t<img loading=\"lazy\" decoding=\"async\" width=\"500\" height=\"500\" src=\"https:\/\/richeskarayib.com\/wp-content\/uploads\/2025\/06\/LEGISLATIVE.png\" class=\"attachment-large size-large wp-image-53410\" alt=\"Caribbean-American Heritage Month\" srcset=\"https:\/\/richeskarayib.com\/wp-content\/uploads\/2025\/06\/LEGISLATIVE.png 500w, https:\/\/richeskarayib.com\/wp-content\/uploads\/2025\/06\/LEGISLATIVE-300x300.png 300w, https:\/\/richeskarayib.com\/wp-content\/uploads\/2025\/06\/LEGISLATIVE-150x150.png 150w\" sizes=\"(max-width: 500px) 100vw, 500px\" \/>\t\t\t\t\t\t\t\t\t\t\t<figcaption class=\"widget-image-caption wp-caption-text\">Caribbean-American Heritage Month<\/figcaption>\n\t\t\t\t\t\t\t\t\t\t<\/figure>\n\t\t\t\t\t\t\t\t\t<\/div>\n\t\t\t\t<\/div>\n\t\t\t\t\t<\/div>\n\t\t<\/div>\n\t\t\t\t\t<\/div>\n\t\t<\/section>\n\t\t\t\t\t<\/div>\n\t\t<\/div>\n\t\t\t\t\t<\/div>\n\t\t<\/section>\n\t\t\t\t<section class=\"elementor-section elementor-top-section elementor-element elementor-element-3f2c55e elementor-section-boxed elementor-section-height-default elementor-section-height-default\" data-id=\"3f2c55e\" data-element_type=\"section\">\n\t\t\t\t\t\t<div class=\"elementor-container elementor-column-gap-default\">\n\t\t\t\t\t<div class=\"elementor-column elementor-col-100 elementor-top-column elementor-element elementor-element-c80a519\" data-id=\"c80a519\" data-element_type=\"column\">\n\t\t\t<div class=\"elementor-widget-wrap elementor-element-populated\">\n\t\t\t\t\t\t<div class=\"elementor-element elementor-element-fea1ae1 elementor-widget elementor-widget-heading\" data-id=\"fea1ae1\" data-element_type=\"widget\" data-widget_type=\"heading.default\">\n\t\t\t\t<div class=\"elementor-widget-container\">\n\t\t\t\t\t<h2 class=\"elementor-heading-title elementor-size-default\">Una di\u00e1spora que impulsa el crecimiento<\/h2>\t\t\t\t<\/div>\n\t\t\t\t<\/div>\n\t\t\t\t<div class=\"elementor-element elementor-element-b9efd94 elementor-widget elementor-widget-text-editor\" data-id=\"b9efd94\" data-element_type=\"widget\" data-widget_type=\"text-editor.default\">\n\t\t\t\t<div class=\"elementor-widget-container\">\n\t\t\t\t\t\t\t\t\t<p><span style=\"font-weight: 400;\">El Mes de la Herencia Caribeamericana sirve tambi\u00e9n para recordar el peso econ\u00f3mico de la di\u00e1spora. Por ejemplo, las transferencias econ\u00f3micas enviadas por los haitianos que viven en Estados Unidos superan los 1.500 millones de d\u00f3lares al a\u00f1o. Estas sumas sostienen la econom\u00eda local mucho m\u00e1s all\u00e1 de la ayuda internacional. Apoyan la vivienda, la educaci\u00f3n, la sanidad y, a veces, incluso la inversi\u00f3n en empresas locales.   <\/span><\/p>\t\t\t\t\t\t\t\t<\/div>\n\t\t\t\t<\/div>\n\t\t\t\t<div class=\"elementor-element elementor-element-933f956 elementor-widget elementor-widget-text-editor\" data-id=\"933f956\" data-element_type=\"widget\" data-widget_type=\"text-editor.default\">\n\t\t\t\t<div class=\"elementor-widget-container\">\n\t\t\t\t\t\t\t\t\t<p><span style=\"font-weight: 400;\">Pero la contribuci\u00f3n de la di\u00e1spora no se limita al env\u00edo de dinero. Desempe\u00f1a un papel esencial en la transferencia de capacidades y conocimientos. Miles de licenciados caribe\u00f1os formados en universidades norteamericanas est\u00e1n poniendo sus conocimientos al servicio de campos tan variados como la medicina, la tecnolog\u00eda, la ingenier\u00eda y la cultura. Este capital humano es un activo importante para los Estados insulares que a menudo se enfrentan a una fuga de cerebros.   <\/span><\/p>\t\t\t\t\t\t\t\t<\/div>\n\t\t\t\t<\/div>\n\t\t\t\t<div class=\"elementor-element elementor-element-ece500b elementor-widget elementor-widget-text-editor\" data-id=\"ece500b\" data-element_type=\"widget\" data-widget_type=\"text-editor.default\">\n\t\t\t\t<div class=\"elementor-widget-container\">\n\t\t\t\t\t\t\t\t\t<p><span style=\"font-weight: 400;\">Por ello, el Mes del Patrimonio Caribeamericano es tambi\u00e9n un momento oportuno para sentar las bases de una colaboraci\u00f3n m\u00e1s estructurada con esta di\u00e1spora. M\u00e1s all\u00e1 del reconocimiento simb\u00f3lico, el objetivo es tender puentes duraderos en t\u00e9rminos de inversi\u00f3n, innovaci\u00f3n y pol\u00edticas p\u00fablicas. <\/span><\/p>\t\t\t\t\t\t\t\t<\/div>\n\t\t\t\t<\/div>\n\t\t\t\t<section class=\"elementor-section elementor-inner-section elementor-element elementor-element-06ef565 elementor-section-boxed elementor-section-height-default elementor-section-height-default\" data-id=\"06ef565\" data-element_type=\"section\">\n\t\t\t\t\t\t<div class=\"elementor-container elementor-column-gap-default\">\n\t\t\t\t\t<div class=\"elementor-column elementor-col-100 elementor-inner-column elementor-element elementor-element-8ccba60\" data-id=\"8ccba60\" data-element_type=\"column\">\n\t\t\t<div class=\"elementor-widget-wrap elementor-element-populated\">\n\t\t\t\t\t\t<div class=\"elementor-element elementor-element-9f903d8 elementor-widget elementor-widget-image\" data-id=\"9f903d8\" data-element_type=\"widget\" data-widget_type=\"image.default\">\n\t\t\t\t<div class=\"elementor-widget-container\">\n\t\t\t\t\t\t\t\t\t\t\t\t\t\t\t<img loading=\"lazy\" decoding=\"async\" width=\"800\" height=\"800\" src=\"https:\/\/richeskarayib.com\/wp-content\/uploads\/2025\/06\/1047cd3f-c0b9-4b78-92d0-fa8b0063fa07.png\" class=\"attachment-large size-large wp-image-53402\" alt=\"Caribbean-American Heritage Month\" srcset=\"https:\/\/richeskarayib.com\/wp-content\/uploads\/2025\/06\/1047cd3f-c0b9-4b78-92d0-fa8b0063fa07.png 1024w, https:\/\/richeskarayib.com\/wp-content\/uploads\/2025\/06\/1047cd3f-c0b9-4b78-92d0-fa8b0063fa07-300x300.png 300w, https:\/\/richeskarayib.com\/wp-content\/uploads\/2025\/06\/1047cd3f-c0b9-4b78-92d0-fa8b0063fa07-150x150.png 150w, https:\/\/richeskarayib.com\/wp-content\/uploads\/2025\/06\/1047cd3f-c0b9-4b78-92d0-fa8b0063fa07-768x768.png 768w\" sizes=\"(max-width: 800px) 100vw, 800px\" \/>\t\t\t\t\t\t\t\t\t\t\t\t\t\t\t<\/div>\n\t\t\t\t<\/div>\n\t\t\t\t\t<\/div>\n\t\t<\/div>\n\t\t\t\t\t<\/div>\n\t\t<\/section>\n\t\t\t\t\t<\/div>\n\t\t<\/div>\n\t\t\t\t\t<\/div>\n\t\t<\/section>\n\t\t\t\t<section class=\"elementor-section elementor-top-section elementor-element elementor-element-2380dd4 elementor-section-boxed elementor-section-height-default elementor-section-height-default\" data-id=\"2380dd4\" data-element_type=\"section\">\n\t\t\t\t\t\t<div class=\"elementor-container elementor-column-gap-default\">\n\t\t\t\t\t<div class=\"elementor-column elementor-col-100 elementor-top-column elementor-element elementor-element-bcc1da8\" data-id=\"bcc1da8\" data-element_type=\"column\">\n\t\t\t<div class=\"elementor-widget-wrap elementor-element-populated\">\n\t\t\t\t\t\t<div class=\"elementor-element elementor-element-a06b707 elementor-widget elementor-widget-heading\" data-id=\"a06b707\" data-element_type=\"widget\" data-widget_type=\"heading.default\">\n\t\t\t\t<div class=\"elementor-widget-container\">\n\t\t\t\t\t<h2 class=\"elementor-heading-title elementor-size-default\">Una agenda econ\u00f3mica asertiva<\/h2>\t\t\t\t<\/div>\n\t\t\t\t<\/div>\n\t\t\t\t<div class=\"elementor-element elementor-element-deeabdd elementor-widget elementor-widget-text-editor\" data-id=\"deeabdd\" data-element_type=\"widget\" data-widget_type=\"text-editor.default\">\n\t\t\t\t<div class=\"elementor-widget-container\">\n\t\t\t\t\t\t\t\t\t<p><span style=\"font-weight: 400;\">Teniendo esto en cuenta, la edici\u00f3n de 2025 del Mes de la Herencia Caribeamericana ir\u00e1 acompa\u00f1ada de un calendario econ\u00f3mico reforzado. Est\u00e1n previstas dos jornadas de reuniones en Washington, los d\u00edas 10 y 12 de junio, con talleres centrados en la iniciativa empresarial caribe\u00f1a y en cuestiones de cooperaci\u00f3n regional. Estos actos reunir\u00e1n a representantes electos, empresarios, investigadores y representantes de organizaciones internacionales.  <\/span><\/p>\t\t\t\t\t\t\t\t<\/div>\n\t\t\t\t<\/div>\n\t\t\t\t<div class=\"elementor-element elementor-element-c6f4abe elementor-widget elementor-widget-text-editor\" data-id=\"c6f4abe\" data-element_type=\"widget\" data-widget_type=\"text-editor.default\">\n\t\t\t\t<div class=\"elementor-widget-container\">\n\t\t\t\t\t\t\t\t\t<p><span style=\"font-weight: 400;\">Otro momento decisivo fue la <a href=\"https:\/\/richeskarayib.com\/es\/antigua-y-barbuda-cumbre-de-inversion-del-caribe-2025-integridad-estabilidad-y-sostenibilidad-en-el-centro-de-la-inversion-caribena\/\" target=\"_blank\" rel=\"noopener\">Cumbre de Inversi\u00f3n del Caribe<\/a> organizada en <a href=\"https:\/\/richeskarayib.com\/es\/riches-karayib-en-el-caribbean-travel-marketplace-2025-hacia-un-caribe-conectado-y-ambicioso\/\" target=\"_blank\" rel=\"noopener\">Antigua y Barbuda<\/a>, bajo el lema de integridad, estabilidad y sostenibilidad. Este foro pretende atraer capital de la di\u00e1spora ofreciendo marcos normativos seguros y proyectos de gran impacto social y medioambiental. <\/span><\/p>\t\t\t\t\t\t\t\t<\/div>\n\t\t\t\t<\/div>\n\t\t\t\t<div class=\"elementor-element elementor-element-9dce7fc elementor-widget elementor-widget-text-editor\" data-id=\"9dce7fc\" data-element_type=\"widget\" data-widget_type=\"text-editor.default\">\n\t\t\t\t<div class=\"elementor-widget-container\">\n\t\t\t\t\t\t\t\t\t<p><span style=\"font-weight: 400;\">De acuerdo con esta estrategia, la asociaci\u00f3n firmada entre la CARICOM y el banco africano Afreximbank, dotada con 1.500 millones de d\u00f3lares, refuerza la perspectiva de un eje de cooperaci\u00f3n afrocaribe\u00f1o. El objetivo es estimular la inversi\u00f3n en agricultura, turismo, energ\u00edas renovables y sanidad, conectando los mercados y la experiencia de las dos regiones. <\/span><\/p>\t\t\t\t\t\t\t\t<\/div>\n\t\t\t\t<\/div>\n\t\t\t\t<section class=\"elementor-section elementor-inner-section elementor-element elementor-element-edee41a elementor-section-boxed elementor-section-height-default elementor-section-height-default\" data-id=\"edee41a\" data-element_type=\"section\">\n\t\t\t\t\t\t<div class=\"elementor-container elementor-column-gap-default\">\n\t\t\t\t\t<div class=\"elementor-column elementor-col-100 elementor-inner-column elementor-element elementor-element-fde56dd\" data-id=\"fde56dd\" data-element_type=\"column\">\n\t\t\t<div class=\"elementor-widget-wrap elementor-element-populated\">\n\t\t\t\t\t\t<div class=\"elementor-element elementor-element-3aacddb elementor-widget elementor-widget-image\" data-id=\"3aacddb\" data-element_type=\"widget\" data-widget_type=\"image.default\">\n\t\t\t\t<div class=\"elementor-widget-container\">\n\t\t\t\t\t\t\t\t\t\t\t\t\t\t\t<img loading=\"lazy\" decoding=\"async\" width=\"800\" height=\"534\" src=\"https:\/\/richeskarayib.com\/wp-content\/uploads\/2025\/06\/junkanoo_2013_michael_glass-03-1024x683.jpg\" class=\"attachment-large size-large wp-image-53382\" alt=\"Caribbean-American Heritage Month\" srcset=\"https:\/\/richeskarayib.com\/wp-content\/uploads\/2025\/06\/junkanoo_2013_michael_glass-03-1024x683.jpg 1024w, https:\/\/richeskarayib.com\/wp-content\/uploads\/2025\/06\/junkanoo_2013_michael_glass-03-300x200.jpg 300w, https:\/\/richeskarayib.com\/wp-content\/uploads\/2025\/06\/junkanoo_2013_michael_glass-03-768x512.jpg 768w, https:\/\/richeskarayib.com\/wp-content\/uploads\/2025\/06\/junkanoo_2013_michael_glass-03-1536x1024.jpg 1536w, https:\/\/richeskarayib.com\/wp-content\/uploads\/2025\/06\/junkanoo_2013_michael_glass-03-1320x880.jpg 1320w, https:\/\/richeskarayib.com\/wp-content\/uploads\/2025\/06\/junkanoo_2013_michael_glass-03.jpg 1600w\" sizes=\"(max-width: 800px) 100vw, 800px\" \/>\t\t\t\t\t\t\t\t\t\t\t\t\t\t\t<\/div>\n\t\t\t\t<\/div>\n\t\t\t\t\t<\/div>\n\t\t<\/div>\n\t\t\t\t\t<\/div>\n\t\t<\/section>\n\t\t\t\t\t<\/div>\n\t\t<\/div>\n\t\t\t\t\t<\/div>\n\t\t<\/section>\n\t\t\t\t<section class=\"elementor-section elementor-top-section elementor-element elementor-element-a97981f elementor-section-boxed elementor-section-height-default elementor-section-height-default\" data-id=\"a97981f\" data-element_type=\"section\">\n\t\t\t\t\t\t<div class=\"elementor-container elementor-column-gap-default\">\n\t\t\t\t\t<div class=\"elementor-column elementor-col-100 elementor-top-column elementor-element elementor-element-eb6762c\" data-id=\"eb6762c\" data-element_type=\"column\">\n\t\t\t<div class=\"elementor-widget-wrap elementor-element-populated\">\n\t\t\t\t\t\t<div class=\"elementor-element elementor-element-4763440 elementor-widget elementor-widget-heading\" data-id=\"4763440\" data-element_type=\"widget\" data-widget_type=\"heading.default\">\n\t\t\t\t<div class=\"elementor-widget-container\">\n\t\t\t\t\t<h2 class=\"elementor-heading-title elementor-size-default\">Oportunidades para los j\u00f3venes en el Caribe<\/h2>\t\t\t\t<\/div>\n\t\t\t\t<\/div>\n\t\t\t\t<div class=\"elementor-element elementor-element-6d59f38 elementor-widget elementor-widget-text-editor\" data-id=\"6d59f38\" data-element_type=\"widget\" data-widget_type=\"text-editor.default\">\n\t\t\t\t<div class=\"elementor-widget-container\">\n\t\t\t\t\t\t\t\t\t<p><span style=\"font-weight: 400;\">El Mes de la Herencia Caribeamericana es tambi\u00e9n una oportunidad para sensibilizar a las generaciones m\u00e1s j\u00f3venes sobre su historia, pero tambi\u00e9n sobre su potencial. A trav\u00e9s de actos culturales, conferencias y talleres profesionales, muchos j\u00f3venes de la di\u00e1spora pueden proyectarse en iniciativas empresariales o asociativas centradas en el Caribe. <\/span><\/p>\t\t\t\t\t\t\t\t<\/div>\n\t\t\t\t<\/div>\n\t\t\t\t<div class=\"elementor-element elementor-element-9d78e18 elementor-widget elementor-widget-text-editor\" data-id=\"9d78e18\" data-element_type=\"widget\" data-widget_type=\"text-editor.default\">\n\t\t\t\t<div class=\"elementor-widget-container\">\n\t\t\t\t\t\t\t\t\t<p><span style=\"font-weight: 400;\">Algunas bibliotecas de la Biblioteca P\u00fablica de Nueva York organizar\u00e1n actividades creativas para ni\u00f1os y adolescentes. Talleres de escritura, construcci\u00f3n de instrumentos tradicionales, proyecciones de pel\u00edculas educativas: estos formatos ayudan a alimentar el sentimiento de identidad y la conciencia de un patrimonio com\u00fan que hay que conservar y mejorar. <\/span><\/p>\t\t\t\t\t\t\t\t<\/div>\n\t\t\t\t<\/div>\n\t\t\t\t\t<\/div>\n\t\t<\/div>\n\t\t\t\t\t<\/div>\n\t\t<\/section>\n\t\t\t\t<section class=\"elementor-section elementor-top-section elementor-element elementor-element-aeb8eb5 elementor-section-boxed elementor-section-height-default elementor-section-height-default\" data-id=\"aeb8eb5\" data-element_type=\"section\">\n\t\t\t\t\t\t<div class=\"elementor-container elementor-column-gap-default\">\n\t\t\t\t\t<div class=\"elementor-column elementor-col-100 elementor-top-column elementor-element elementor-element-20161cf\" data-id=\"20161cf\" data-element_type=\"column\">\n\t\t\t<div class=\"elementor-widget-wrap elementor-element-populated\">\n\t\t\t\t\t\t<div class=\"elementor-element elementor-element-9155983 elementor-widget elementor-widget-heading\" data-id=\"9155983\" data-element_type=\"widget\" data-widget_type=\"heading.default\">\n\t\t\t\t<div class=\"elementor-widget-container\">\n\t\t\t\t\t<h2 class=\"elementor-heading-title elementor-size-default\">Diplomacia cultural y econ\u00f3mica<\/h2>\t\t\t\t<\/div>\n\t\t\t\t<\/div>\n\t\t\t\t<div class=\"elementor-element elementor-element-555617c elementor-widget elementor-widget-text-editor\" data-id=\"555617c\" data-element_type=\"widget\" data-widget_type=\"text-editor.default\">\n\t\t\t\t<div class=\"elementor-widget-container\">\n\t\t\t\t\t\t\t\t\t<p><span style=\"font-weight: 400;\">A trav\u00e9s de sus m\u00faltiples dimensiones, el Mes del Patrimonio Caribe-Estadounidense act\u00faa como una aut\u00e9ntica plataforma de diplomacia blanda. Establece v\u00ednculos entre la sociedad civil, las instituciones educativas, los artistas, los representantes electos y los inversores. Esta diplomacia informal, basada en la memoria compartida y el compromiso colectivo, es m\u00e1s necesaria que nunca en un contexto de crisis econ\u00f3mica, clim\u00e1tica y social.  <\/span><\/p>\t\t\t\t\t\t\t\t<\/div>\n\t\t\t\t<\/div>\n\t\t\t\t<div class=\"elementor-element elementor-element-80ea348 elementor-widget elementor-widget-text-editor\" data-id=\"80ea348\" data-element_type=\"widget\" data-widget_type=\"text-editor.default\">\n\t\t\t\t<div class=\"elementor-widget-container\">\n\t\t\t\t\t\t\t\t\t<p><span style=\"font-weight: 400;\">Tambi\u00e9n se trata de reposicionar el Caribe en la escena internacional, ya no como una zona marginal, sino como una encrucijada estrat\u00e9gica de culturas, oportunidades e innovaciones. El mes de junio se convierte as\u00ed en un trampol\u00edn para repensar las relaciones entre la regi\u00f3n y su di\u00e1spora, en un esp\u00edritu de reciprocidad y codesarrollo. <\/span><\/p>\t\t\t\t\t\t\t\t<\/div>\n\t\t\t\t<\/div>\n\t\t\t\t\t<\/div>\n\t\t<\/div>\n\t\t\t\t\t<\/div>\n\t\t<\/section>\n\t\t\t\t<section class=\"elementor-section elementor-top-section elementor-element elementor-element-ca31b0c elementor-section-boxed elementor-section-height-default elementor-section-height-default\" data-id=\"ca31b0c\" data-element_type=\"section\">\n\t\t\t\t\t\t<div class=\"elementor-container elementor-column-gap-default\">\n\t\t\t\t\t<div class=\"elementor-column elementor-col-100 elementor-top-column elementor-element elementor-element-e764d43\" data-id=\"e764d43\" data-element_type=\"column\">\n\t\t\t<div class=\"elementor-widget-wrap elementor-element-populated\">\n\t\t\t\t\t\t<section class=\"elementor-section elementor-inner-section elementor-element elementor-element-2867457 elementor-section-boxed elementor-section-height-default elementor-section-height-default\" data-id=\"2867457\" data-element_type=\"section\">\n\t\t\t\t\t\t<div class=\"elementor-container elementor-column-gap-default\">\n\t\t\t\t\t<div class=\"elementor-column elementor-col-100 elementor-inner-column elementor-element elementor-element-fa16008\" data-id=\"fa16008\" data-element_type=\"column\">\n\t\t\t<div class=\"elementor-widget-wrap elementor-element-populated\">\n\t\t\t\t\t\t<div class=\"elementor-element elementor-element-fa799d8 elementor-widget elementor-widget-image\" data-id=\"fa799d8\" data-element_type=\"widget\" data-widget_type=\"image.default\">\n\t\t\t\t<div class=\"elementor-widget-container\">\n\t\t\t\t\t\t\t\t\t\t\t\t\t\t\t<img loading=\"lazy\" decoding=\"async\" width=\"800\" height=\"448\" src=\"https:\/\/richeskarayib.com\/wp-content\/uploads\/2025\/06\/2025-06-03_11h09_47-1024x574.png\" class=\"attachment-large size-large wp-image-53394\" alt=\"Caribbean-American Heritage Month\" srcset=\"https:\/\/richeskarayib.com\/wp-content\/uploads\/2025\/06\/2025-06-03_11h09_47-1024x574.png 1024w, https:\/\/richeskarayib.com\/wp-content\/uploads\/2025\/06\/2025-06-03_11h09_47-300x168.png 300w, https:\/\/richeskarayib.com\/wp-content\/uploads\/2025\/06\/2025-06-03_11h09_47-768x431.png 768w, https:\/\/richeskarayib.com\/wp-content\/uploads\/2025\/06\/2025-06-03_11h09_47.png 1197w\" sizes=\"(max-width: 800px) 100vw, 800px\" \/>\t\t\t\t\t\t\t\t\t\t\t\t\t\t\t<\/div>\n\t\t\t\t<\/div>\n\t\t\t\t\t<\/div>\n\t\t<\/div>\n\t\t\t\t\t<\/div>\n\t\t<\/section>\n\t\t\t\t<div class=\"elementor-element elementor-element-8069f15 elementor-widget elementor-widget-heading\" data-id=\"8069f15\" data-element_type=\"widget\" data-widget_type=\"heading.default\">\n\t\t\t\t<div class=\"elementor-widget-container\">\n\t\t\t\t\t<h2 class=\"elementor-heading-title elementor-size-default\">Hacia una prosperidad compartida<\/h2>\t\t\t\t<\/div>\n\t\t\t\t<\/div>\n\t\t\t\t<div class=\"elementor-element elementor-element-e4a93f0 elementor-widget elementor-widget-text-editor\" data-id=\"e4a93f0\" data-element_type=\"widget\" data-widget_type=\"text-editor.default\">\n\t\t\t\t<div class=\"elementor-widget-container\">\n\t\t\t\t\t\t\t\t\t<p><span style=\"font-weight: 400;\">Para que el Mes del Patrimonio Caribe-Estadounidense sea algo m\u00e1s que un mero acto conmemorativo, es esencial que esta din\u00e1mica forme parte de una visi\u00f3n a largo plazo. Esto significa invertir en educaci\u00f3n, reforzar las pol\u00edticas de buen gobierno y apoyar a las peque\u00f1as empresas impulsadas por la di\u00e1spora. <\/span><\/p>\t\t\t\t\t\t\t\t<\/div>\n\t\t\t\t<\/div>\n\t\t\t\t<div class=\"elementor-element elementor-element-6162f00 elementor-widget elementor-widget-text-editor\" data-id=\"6162f00\" data-element_type=\"widget\" data-widget_type=\"text-editor.default\">\n\t\t\t\t<div class=\"elementor-widget-container\">\n\t\t\t\t\t\t\t\t\t<p><span style=\"font-weight: 400;\">A trav\u00e9s de foros de inversi\u00f3n como el Foro de Inversi\u00f3n del Caribe y de iniciativas comunitarias locales, la regi\u00f3n puede construir una econom\u00eda m\u00e1s resistente e integradora. Tambi\u00e9n debemos fomentar la aparici\u00f3n de ecosistemas de innovaci\u00f3n adaptados a las realidades de las islas. <\/span><\/p><p><span style=\"font-weight: 400;\">La prosperidad del Caribe no s\u00f3lo se construir\u00e1 desde sus territorios, sino tambi\u00e9n gracias a su fuerte y comprometida di\u00e1spora, reconocida ahora como un actor clave en el desarrollo regional.<\/span><\/p>\t\t\t\t\t\t\t\t<\/div>\n\t\t\t\t<\/div>\n\t\t\t\t\t<\/div>\n\t\t<\/div>\n\t\t\t\t\t<\/div>\n\t\t<\/section>\n\t\t\t\t<\/div>\n\t\t","protected":false},"excerpt":{"rendered":"<p>Cada mes de junio, el Mes de la Herencia Caribeamericana conmemora la importancia hist\u00f3rica, cultural y econ\u00f3mica de la di\u00e1spora caribe\u00f1a en Estados Unidos. M\u00e1s que una conmemoraci\u00f3n, esta iniciativa federal, lanzada oficialmente en 2006, se est\u00e1 convirtiendo gradualmente en un catalizador de la cooperaci\u00f3n transatl\u00e1ntica, la innovaci\u00f3n empresarial y el dinamismo regional. La edici\u00f3n [&hellip;]<\/p>\n","protected":false},"author":662,"featured_media":53386,"comment_status":"open","ping_status":"open","sticky":false,"template":"","format":"standard","meta":{"_acf_changed":false,"footnotes":""},"categories":[1499,839],"tags":[1442,1593,1717,1547,816,1594,1705],"class_list":["post-53432","post","type-post","status-publish","format-standard","has-post-thumbnail","hentry","category-gestion-de-eventos","category-noticias","tag-anguilla-es","tag-barbade-es","tag-dominique-es","tag-guadalupe","tag-martinique-es","tag-sainte-lucie-es","tag-trinidad-y-tobago-es-2"],"acf":[],"_links":{"self":[{"href":"https:\/\/richeskarayib.com\/es\/wp-json\/wp\/v2\/posts\/53432","targetHints":{"allow":["GET"]}}],"collection":[{"href":"https:\/\/richeskarayib.com\/es\/wp-json\/wp\/v2\/posts"}],"about":[{"href":"https:\/\/richeskarayib.com\/es\/wp-json\/wp\/v2\/types\/post"}],"author":[{"embeddable":true,"href":"https:\/\/richeskarayib.com\/es\/wp-json\/wp\/v2\/users\/662"}],"replies":[{"embeddable":true,"href":"https:\/\/richeskarayib.com\/es\/wp-json\/wp\/v2\/comments?post=53432"}],"version-history":[{"count":0,"href":"https:\/\/richeskarayib.com\/es\/wp-json\/wp\/v2\/posts\/53432\/revisions"}],"wp:featuredmedia":[{"embeddable":true,"href":"https:\/\/richeskarayib.com\/es\/wp-json\/wp\/v2\/media\/53386"}],"wp:attachment":[{"href":"https:\/\/richeskarayib.com\/es\/wp-json\/wp\/v2\/media?parent=53432"}],"wp:term":[{"taxonomy":"category","embeddable":true,"href":"https:\/\/richeskarayib.com\/es\/wp-json\/wp\/v2\/categories?post=53432"},{"taxonomy":"post_tag","embeddable":true,"href":"https:\/\/richeskarayib.com\/es\/wp-json\/wp\/v2\/tags?post=53432"}],"curies":[{"name":"wp","href":"https:\/\/api.w.org\/{rel}","templated":true}]}}