{"id":53627,"date":"2025-06-05T04:53:42","date_gmt":"2025-06-05T08:53:42","guid":{"rendered":"https:\/\/richeskarayib.com\/martinica-cuando-la-isla-brilla-internacionalmente-la-raza-brahman-protagoniza-el-salon-de-la-agricultura\/"},"modified":"2025-06-05T04:53:42","modified_gmt":"2025-06-05T08:53:42","slug":"martinica-cuando-la-isla-brilla-internacionalmente-la-raza-brahman-protagoniza-el-salon-de-la-agricultura","status":"publish","type":"post","link":"https:\/\/richeskarayib.com\/es\/martinica-cuando-la-isla-brilla-internacionalmente-la-raza-brahman-protagoniza-el-salon-de-la-agricultura\/","title":{"rendered":"MARTINICA &#8211; Cuando la isla brilla internacionalmente: la raza Brahman protagoniza el Sal\u00f3n de la Agricultura"},"content":{"rendered":"\t\t<div data-elementor-type=\"wp-post\" data-elementor-id=\"53627\" class=\"elementor elementor-53627 elementor-53601\" data-elementor-post-type=\"post\">\n\t\t\t\t\t\t<section class=\"elementor-section elementor-top-section elementor-element elementor-element-a1df631 elementor-section-boxed elementor-section-height-default elementor-section-height-default\" data-id=\"a1df631\" data-element_type=\"section\">\n\t\t\t\t\t\t<div class=\"elementor-container elementor-column-gap-default\">\n\t\t\t\t\t<div class=\"elementor-column elementor-col-100 elementor-top-column elementor-element elementor-element-dd29b53\" data-id=\"dd29b53\" data-element_type=\"column\">\n\t\t\t<div class=\"elementor-widget-wrap elementor-element-populated\">\n\t\t\t\t\t\t<div class=\"elementor-element elementor-element-db07671 elementor-widget elementor-widget-text-editor\" data-id=\"db07671\" data-element_type=\"widget\" data-widget_type=\"text-editor.default\">\n\t\t\t\t<div class=\"elementor-widget-container\">\n\t\t\t\t\t\t\t\t\t<p style=\"text-align: left;\"><span style=\"font-weight: 400;\">El 4 de junio, en el verde entorno de la antigua Habitaci\u00f3n Dillon, se escribi\u00f3 una nueva p\u00e1gina en la agricultura de Martinica. Al anunciar que la <a href=\"https:\/\/antilla-martinique.com\/une-brahmane-martiniquaise-en-vedette-au-salon-de-lagriculture-2026\/\" target=\"_blank\" rel=\"noopener nofollow\">raza bovina Brahman<\/a> representar\u00e1 al Sal\u00f3n Internacional de la Agricultura de Par\u00eds en 2026, el director del Sal\u00f3n, J\u00e9r\u00f4me Despey, hizo algo m\u00e1s que una elecci\u00f3n simb\u00f3lica: reconoci\u00f3 a <a href=\"https:\/\/richeskarayib.com\/es\/martinica-aurelie-joachim-un-viaje-ejemplar-de-martinica-a-la-escena-mundial-de-miss-mundo-2025\/\" target=\"_blank\" rel=\"noopener\">Martinica<\/a> como un actor agr\u00edcola leg\u00edtimo, estrat\u00e9gico e innovador. El anuncio se hizo gracias al compromiso de Sandrine Hayot, Presidenta de la Union des \u00e9leveurs de bovins Brahman (Uni\u00f3n de criadores de ganado Brahman), la genetista Jessica Perrette, que lleva m\u00e1s de seis a\u00f1os en el Sal\u00f3n, y el criador Andr\u00e9 Prosper.  <\/span><\/p>\n<p><span style=\"font-weight: 400;\">El Sal\u00f3n Internacional de la Agricultura 2026 se celebrar\u00e1 en Par\u00eds Expo Porte de Versailles, como todos los a\u00f1os, del 21 de febrero al 1 de marzo de 2026.<\/span><\/p>\t\t\t\t\t\t\t\t<\/div>\n\t\t\t\t<\/div>\n\t\t\t\t<section class=\"elementor-section elementor-inner-section elementor-element elementor-element-8762636 elementor-section-boxed elementor-section-height-default elementor-section-height-default\" data-id=\"8762636\" data-element_type=\"section\">\n\t\t\t\t\t\t<div class=\"elementor-container elementor-column-gap-default\">\n\t\t\t\t\t<div class=\"elementor-column elementor-col-100 elementor-inner-column elementor-element elementor-element-d6beec5\" data-id=\"d6beec5\" data-element_type=\"column\">\n\t\t\t<div class=\"elementor-widget-wrap elementor-element-populated\">\n\t\t\t\t\t\t<div class=\"elementor-element elementor-element-332e051 elementor-widget elementor-widget-image\" data-id=\"332e051\" data-element_type=\"widget\" data-widget_type=\"image.default\">\n\t\t\t\t<div class=\"elementor-widget-container\">\n\t\t\t\t\t\t\t\t\t\t\t\t<figure class=\"wp-caption\">\n\t\t\t\t\t\t\t\t\t\t<img fetchpriority=\"high\" decoding=\"async\" width=\"800\" height=\"448\" src=\"https:\/\/richeskarayib.com\/wp-content\/uploads\/2025\/06\/Jerome-Despey-1024x574.jpg\" class=\"attachment-large size-large wp-image-53621\" alt=\"Brahman\" srcset=\"https:\/\/richeskarayib.com\/wp-content\/uploads\/2025\/06\/Jerome-Despey-1024x574.jpg 1024w, https:\/\/richeskarayib.com\/wp-content\/uploads\/2025\/06\/Jerome-Despey-300x168.jpg 300w, https:\/\/richeskarayib.com\/wp-content\/uploads\/2025\/06\/Jerome-Despey-768x430.jpg 768w, https:\/\/richeskarayib.com\/wp-content\/uploads\/2025\/06\/Jerome-Despey-1320x740.jpg 1320w, https:\/\/richeskarayib.com\/wp-content\/uploads\/2025\/06\/Jerome-Despey.jpg 1479w\" sizes=\"(max-width: 800px) 100vw, 800px\" \/>\t\t\t\t\t\t\t\t\t\t\t<figcaption class=\"widget-image-caption wp-caption-text\">J\u00e9r\u00f4me Despey<\/figcaption>\n\t\t\t\t\t\t\t\t\t\t<\/figure>\n\t\t\t\t\t\t\t\t\t<\/div>\n\t\t\t\t<\/div>\n\t\t\t\t\t<\/div>\n\t\t<\/div>\n\t\t\t\t\t<\/div>\n\t\t<\/section>\n\t\t\t\t\t<\/div>\n\t\t<\/div>\n\t\t\t\t\t<\/div>\n\t\t<\/section>\n\t\t\t\t<section class=\"elementor-section elementor-top-section elementor-element elementor-element-13f1a0a elementor-section-boxed elementor-section-height-default elementor-section-height-default\" data-id=\"13f1a0a\" data-element_type=\"section\">\n\t\t\t\t\t\t<div class=\"elementor-container elementor-column-gap-default\">\n\t\t\t\t\t<div class=\"elementor-column elementor-col-100 elementor-top-column elementor-element elementor-element-d7d941f\" data-id=\"d7d941f\" data-element_type=\"column\">\n\t\t\t<div class=\"elementor-widget-wrap elementor-element-populated\">\n\t\t\t\t\t\t<div class=\"elementor-element elementor-element-ddd8e01 elementor-widget elementor-widget-heading\" data-id=\"ddd8e01\" data-element_type=\"widget\" data-widget_type=\"heading.default\">\n\t\t\t\t<div class=\"elementor-widget-container\">\n\t\t\t\t\t<h2 class=\"elementor-heading-title elementor-size-default\">  Una raza resistente con reconocida experiencia en el Caribe<\/h2>\t\t\t\t<\/div>\n\t\t\t\t<\/div>\n\t\t\t\t<div class=\"elementor-element elementor-element-9f701da elementor-widget elementor-widget-text-editor\" data-id=\"9f701da\" data-element_type=\"widget\" data-widget_type=\"text-editor.default\">\n\t\t\t\t<div class=\"elementor-widget-container\">\n\t\t\t\t\t\t\t\t\t<p style=\"text-align: left;\"><span style=\"font-weight: 400;\"><a href=\"https:\/\/www.lefigaro.fr\/actualite-france\/une-vache-de-la-martinique-tete-d-affiche-du-salon-de-l-agriculture-2026-20250604\" target=\"_blank\" rel=\"noopener nofollow\">El Brahman<\/a>, raza bovina emblem\u00e1tica de las <a href=\"https:\/\/richeskarayib.com\/es\/wish-la-primera-serie-100-antillana-sobre-la-industria-musical\/\" target=\"_blank\" rel=\"noopener\">Antillas francesas<\/a>, est\u00e1 adaptado a las condiciones tropicales: poco exigente, naturalmente resistente a los par\u00e1sitos y apto para la cr\u00eda extensiva al aire libre. \u201cEs un animal entra\u00f1able y espectacular, ideal para nuestros territorios\u201d, dice Jessica Perrette. En Martinica y Guayana Francesa, los programas de selecci\u00f3n gen\u00e9tica contribuyen a mantener la diversidad y la calidad de la raza, promoviendo una carne local, sana y producida respetando el medio ambiente.  <\/span><\/p>\t\t\t\t\t\t\t\t<\/div>\n\t\t\t\t<\/div>\n\t\t\t\t\t<\/div>\n\t\t<\/div>\n\t\t\t\t\t<\/div>\n\t\t<\/section>\n\t\t\t\t<section class=\"elementor-section elementor-top-section elementor-element elementor-element-6dc38f5 elementor-section-boxed elementor-section-height-default elementor-section-height-default\" data-id=\"6dc38f5\" data-element_type=\"section\">\n\t\t\t\t\t\t<div class=\"elementor-container elementor-column-gap-default\">\n\t\t\t\t\t<div class=\"elementor-column elementor-col-100 elementor-top-column elementor-element elementor-element-5dc36c9\" data-id=\"5dc36c9\" data-element_type=\"column\">\n\t\t\t<div class=\"elementor-widget-wrap elementor-element-populated\">\n\t\t\t\t\t\t<section class=\"elementor-section elementor-inner-section elementor-element elementor-element-f3f7726 elementor-section-boxed elementor-section-height-default elementor-section-height-default\" data-id=\"f3f7726\" data-element_type=\"section\">\n\t\t\t\t\t\t<div class=\"elementor-container elementor-column-gap-default\">\n\t\t\t\t\t<div class=\"elementor-column elementor-col-100 elementor-inner-column elementor-element elementor-element-592b3e3\" data-id=\"592b3e3\" data-element_type=\"column\">\n\t\t\t<div class=\"elementor-widget-wrap elementor-element-populated\">\n\t\t\t\t\t\t<div class=\"elementor-element elementor-element-7e3645c elementor-widget elementor-widget-image\" data-id=\"7e3645c\" data-element_type=\"widget\" data-widget_type=\"image.default\">\n\t\t\t\t<div class=\"elementor-widget-container\">\n\t\t\t\t\t\t\t\t\t\t\t\t<figure class=\"wp-caption\">\n\t\t\t\t\t\t\t\t\t\t<img decoding=\"async\" width=\"800\" height=\"370\" src=\"https:\/\/richeskarayib.com\/wp-content\/uploads\/2025\/06\/Jessica-Pierrette-1024x473.jpg\" class=\"attachment-large size-large wp-image-53617\" alt=\"Brahman\" srcset=\"https:\/\/richeskarayib.com\/wp-content\/uploads\/2025\/06\/Jessica-Pierrette-1024x473.jpg 1024w, https:\/\/richeskarayib.com\/wp-content\/uploads\/2025\/06\/Jessica-Pierrette-300x139.jpg 300w, https:\/\/richeskarayib.com\/wp-content\/uploads\/2025\/06\/Jessica-Pierrette-768x355.jpg 768w, https:\/\/richeskarayib.com\/wp-content\/uploads\/2025\/06\/Jessica-Pierrette-1536x709.jpg 1536w, https:\/\/richeskarayib.com\/wp-content\/uploads\/2025\/06\/Jessica-Pierrette-1320x610.jpg 1320w, https:\/\/richeskarayib.com\/wp-content\/uploads\/2025\/06\/Jessica-Pierrette.jpg 1600w\" sizes=\"(max-width: 800px) 100vw, 800px\" \/>\t\t\t\t\t\t\t\t\t\t\t<figcaption class=\"widget-image-caption wp-caption-text\">Jessica Perrette\n<\/figcaption>\n\t\t\t\t\t\t\t\t\t\t<\/figure>\n\t\t\t\t\t\t\t\t\t<\/div>\n\t\t\t\t<\/div>\n\t\t\t\t\t<\/div>\n\t\t<\/div>\n\t\t\t\t\t<\/div>\n\t\t<\/section>\n\t\t\t\t<div class=\"elementor-element elementor-element-64c560a elementor-widget elementor-widget-heading\" data-id=\"64c560a\" data-element_type=\"widget\" data-widget_type=\"heading.default\">\n\t\t\t\t<div class=\"elementor-widget-container\">\n\t\t\t\t\t<h2 class=\"elementor-heading-title elementor-size-default\">Cooperaci\u00f3n regional en sinton\u00eda con la experiencia<\/h2>\t\t\t\t<\/div>\n\t\t\t\t<\/div>\n\t\t\t\t<div class=\"elementor-element elementor-element-f76a973 elementor-widget elementor-widget-text-editor\" data-id=\"f76a973\" data-element_type=\"widget\" data-widget_type=\"text-editor.default\">\n\t\t\t\t<div class=\"elementor-widget-container\">\n\t\t\t\t\t\t\t\t\t<p style=\"text-align: left;\"><span style=\"font-weight: 400;\">Andr\u00e9 Prosper expone la visi\u00f3n regional: &#8220;Existe una necesidad real de desarrollo interinsular. Todav\u00eda estamos en una fase embrionaria, pero tenemos que ir mucho m\u00e1s lejos. Se est\u00e1n forjando v\u00ednculos con San Mart\u00edn, Dominica y Guadalupe. Las visitas de delegaciones del Caribe a nuestra granja han revelado el potencial del modelo de Martinica. Por otra parte, la cooperaci\u00f3n con la Guayana Francesa ya est\u00e1 muy avanzada: all\u00ed se comparte el libro geneal\u00f3gico de la raza Brahman, las estructuras colaboran activamente (cooperativa Cyborg, UEP) y las competencias circulan entre los ganaderos. Es una integraci\u00f3n tangible, que promete una din\u00e1mica prometedora en el Caribe.   <\/span><\/p>\t\t\t\t\t\t\t\t<\/div>\n\t\t\t\t<\/div>\n\t\t\t\t<section class=\"elementor-section elementor-inner-section elementor-element elementor-element-a133eaf elementor-section-boxed elementor-section-height-default elementor-section-height-default\" data-id=\"a133eaf\" data-element_type=\"section\">\n\t\t\t\t\t\t<div class=\"elementor-container elementor-column-gap-default\">\n\t\t\t\t\t<div class=\"elementor-column elementor-col-100 elementor-inner-column elementor-element elementor-element-d8c1067\" data-id=\"d8c1067\" data-element_type=\"column\">\n\t\t\t<div class=\"elementor-widget-wrap elementor-element-populated\">\n\t\t\t\t\t\t<div class=\"elementor-element elementor-element-0930a2c elementor-widget elementor-widget-image\" data-id=\"0930a2c\" data-element_type=\"widget\" data-widget_type=\"image.default\">\n\t\t\t\t<div class=\"elementor-widget-container\">\n\t\t\t\t\t\t\t\t\t\t\t\t<figure class=\"wp-caption\">\n\t\t\t\t\t\t\t\t\t\t<img decoding=\"async\" width=\"800\" height=\"395\" src=\"https:\/\/richeskarayib.com\/wp-content\/uploads\/2025\/06\/Andre-Prosper-1024x505.jpg\" class=\"attachment-large size-large wp-image-53609\" alt=\"Brahman\" srcset=\"https:\/\/richeskarayib.com\/wp-content\/uploads\/2025\/06\/Andre-Prosper-1024x505.jpg 1024w, https:\/\/richeskarayib.com\/wp-content\/uploads\/2025\/06\/Andre-Prosper-300x148.jpg 300w, https:\/\/richeskarayib.com\/wp-content\/uploads\/2025\/06\/Andre-Prosper-768x379.jpg 768w, https:\/\/richeskarayib.com\/wp-content\/uploads\/2025\/06\/Andre-Prosper-1536x757.jpg 1536w, https:\/\/richeskarayib.com\/wp-content\/uploads\/2025\/06\/Andre-Prosper-1320x651.jpg 1320w, https:\/\/richeskarayib.com\/wp-content\/uploads\/2025\/06\/Andre-Prosper.jpg 1600w\" sizes=\"(max-width: 800px) 100vw, 800px\" \/>\t\t\t\t\t\t\t\t\t\t\t<figcaption class=\"widget-image-caption wp-caption-text\">Andr\u00e9 Prosper<\/figcaption>\n\t\t\t\t\t\t\t\t\t\t<\/figure>\n\t\t\t\t\t\t\t\t\t<\/div>\n\t\t\t\t<\/div>\n\t\t\t\t\t<\/div>\n\t\t<\/div>\n\t\t\t\t\t<\/div>\n\t\t<\/section>\n\t\t\t\t\t<\/div>\n\t\t<\/div>\n\t\t\t\t\t<\/div>\n\t\t<\/section>\n\t\t\t\t<section class=\"elementor-section elementor-top-section elementor-element elementor-element-4a4b1ab elementor-section-boxed elementor-section-height-default elementor-section-height-default\" data-id=\"4a4b1ab\" data-element_type=\"section\">\n\t\t\t\t\t\t<div class=\"elementor-container elementor-column-gap-default\">\n\t\t\t\t\t<div class=\"elementor-column elementor-col-100 elementor-top-column elementor-element elementor-element-31aac59\" data-id=\"31aac59\" data-element_type=\"column\">\n\t\t\t<div class=\"elementor-widget-wrap elementor-element-populated\">\n\t\t\t\t\t\t<div class=\"elementor-element elementor-element-22bf92b elementor-widget elementor-widget-heading\" data-id=\"22bf92b\" data-element_type=\"widget\" data-widget_type=\"heading.default\">\n\t\t\t\t<div class=\"elementor-widget-container\">\n\t\t\t\t\t<h2 class=\"elementor-heading-title elementor-size-default\">Influencia territorial y ambici\u00f3n colectiva<\/h2>\t\t\t\t<\/div>\n\t\t\t\t<\/div>\n\t\t\t\t<div class=\"elementor-element elementor-element-28e3547 elementor-widget elementor-widget-text-editor\" data-id=\"28e3547\" data-element_type=\"widget\" data-widget_type=\"text-editor.default\">\n\t\t\t\t<div class=\"elementor-widget-container\">\n\t\t\t\t\t\t\t\t\t<p style=\"text-align: left;\"><span style=\"font-weight: 400;\">Para el Sal\u00f3n de la Agricultura, 600.000 visitantes, 4.300 periodistas, 88 debates oficiales&#8230; La visibilidad es inmensa. Al elegir una vaca Brahman de Martinica, toda la isla estar\u00e1 en el punto de mira: sus pr\u00e1cticas agr\u00edcolas respetuosas, sus ganaderos comprometidos, sus j\u00f3venes en formaci\u00f3n, movilizados para acompa\u00f1ar el evento en Par\u00eds. Se trata de un proyecto colectivo, profundamente arraigado y fuente de orgullo. Como resume Sandrine Hayot: &#8220;Es un gran escaparate para el sector agr\u00edcola de Martinica, que innova, coopera e inspira.    <\/span><\/p>\t\t\t\t\t\t\t\t<\/div>\n\t\t\t\t<\/div>\n\t\t\t\t<section class=\"elementor-section elementor-inner-section elementor-element elementor-element-43c67ec elementor-section-boxed elementor-section-height-default elementor-section-height-default\" data-id=\"43c67ec\" data-element_type=\"section\">\n\t\t\t\t\t\t<div class=\"elementor-container elementor-column-gap-default\">\n\t\t\t\t\t<div class=\"elementor-column elementor-col-100 elementor-inner-column elementor-element elementor-element-762c145\" data-id=\"762c145\" data-element_type=\"column\">\n\t\t\t<div class=\"elementor-widget-wrap elementor-element-populated\">\n\t\t\t\t\t\t<div class=\"elementor-element elementor-element-66556ea elementor-widget elementor-widget-image\" data-id=\"66556ea\" data-element_type=\"widget\" data-widget_type=\"image.default\">\n\t\t\t\t<div class=\"elementor-widget-container\">\n\t\t\t\t\t\t\t\t\t\t\t\t\t\t\t<img loading=\"lazy\" decoding=\"async\" width=\"800\" height=\"370\" src=\"https:\/\/richeskarayib.com\/wp-content\/uploads\/2025\/06\/WhatsApp-Image-2025-06-05-a-08.42.36_0836047e-1-1024x473.jpg\" class=\"attachment-large size-large wp-image-53625\" alt=\"Antilles fran\u00e7aises\" srcset=\"https:\/\/richeskarayib.com\/wp-content\/uploads\/2025\/06\/WhatsApp-Image-2025-06-05-a-08.42.36_0836047e-1-1024x473.jpg 1024w, https:\/\/richeskarayib.com\/wp-content\/uploads\/2025\/06\/WhatsApp-Image-2025-06-05-a-08.42.36_0836047e-1-300x139.jpg 300w, https:\/\/richeskarayib.com\/wp-content\/uploads\/2025\/06\/WhatsApp-Image-2025-06-05-a-08.42.36_0836047e-1-768x355.jpg 768w, https:\/\/richeskarayib.com\/wp-content\/uploads\/2025\/06\/WhatsApp-Image-2025-06-05-a-08.42.36_0836047e-1-1536x709.jpg 1536w, https:\/\/richeskarayib.com\/wp-content\/uploads\/2025\/06\/WhatsApp-Image-2025-06-05-a-08.42.36_0836047e-1-1320x610.jpg 1320w, https:\/\/richeskarayib.com\/wp-content\/uploads\/2025\/06\/WhatsApp-Image-2025-06-05-a-08.42.36_0836047e-1.jpg 1600w\" sizes=\"(max-width: 800px) 100vw, 800px\" \/>\t\t\t\t\t\t\t\t\t\t\t\t\t\t\t<\/div>\n\t\t\t\t<\/div>\n\t\t\t\t\t<\/div>\n\t\t<\/div>\n\t\t\t\t\t<\/div>\n\t\t<\/section>\n\t\t\t\t<div class=\"elementor-element elementor-element-c564eb9 elementor-widget elementor-widget-text-editor\" data-id=\"c564eb9\" data-element_type=\"widget\" data-widget_type=\"text-editor.default\">\n\t\t\t\t<div class=\"elementor-widget-container\">\n\t\t\t\t\t\t\t\t\t<p><span style=\"font-weight: 400;\">En Par\u00eds en 2026, es un todo: un animal, una raza, un saber hacer, una cultura, una agricultura, un territorio y sus riquezas lo que estar\u00e1 representado. El Brahman es mucho m\u00e1s que una historia de \u00e9xito local: encarna una Martinica exigente, inventiva y con visi\u00f3n de futuro. Esta elecci\u00f3n de musa env\u00eda una se\u00f1al fuerte: la agricultura de Martinica brilla, atrae a la gente y atrae a las empresas. Tambi\u00e9n se est\u00e1 convirtiendo en una palanca para el turismo y la visibilidad econ\u00f3mica. A trav\u00e9s de ella, toda la isla afirma con orgullo su lugar en el mapa de la agricultura del futuro.    <\/span><\/p>\t\t\t\t\t\t\t\t<\/div>\n\t\t\t\t<\/div>\n\t\t\t\t\t<\/div>\n\t\t<\/div>\n\t\t\t\t\t<\/div>\n\t\t<\/section>\n\t\t\t\t<\/div>\n\t\t","protected":false},"excerpt":{"rendered":"<p>El 4 de junio, en el verde entorno de la antigua Habitaci\u00f3n Dillon, se escribi\u00f3 una nueva p\u00e1gina en la agricultura de Martinica. Al anunciar que la raza bovina Brahman representar\u00e1 al Sal\u00f3n Internacional de la Agricultura de Par\u00eds en 2026, el director del Sal\u00f3n, J\u00e9r\u00f4me Despey, hizo algo m\u00e1s que una elecci\u00f3n simb\u00f3lica: reconoci\u00f3 [&hellip;]<\/p>\n","protected":false},"author":662,"featured_media":53605,"comment_status":"open","ping_status":"open","sticky":false,"template":"","format":"standard","meta":{"_acf_changed":false,"footnotes":""},"categories":[839],"tags":[816],"class_list":["post-53627","post","type-post","status-publish","format-standard","has-post-thumbnail","hentry","category-noticias","tag-martinique-es"],"acf":[],"_links":{"self":[{"href":"https:\/\/richeskarayib.com\/es\/wp-json\/wp\/v2\/posts\/53627","targetHints":{"allow":["GET"]}}],"collection":[{"href":"https:\/\/richeskarayib.com\/es\/wp-json\/wp\/v2\/posts"}],"about":[{"href":"https:\/\/richeskarayib.com\/es\/wp-json\/wp\/v2\/types\/post"}],"author":[{"embeddable":true,"href":"https:\/\/richeskarayib.com\/es\/wp-json\/wp\/v2\/users\/662"}],"replies":[{"embeddable":true,"href":"https:\/\/richeskarayib.com\/es\/wp-json\/wp\/v2\/comments?post=53627"}],"version-history":[{"count":0,"href":"https:\/\/richeskarayib.com\/es\/wp-json\/wp\/v2\/posts\/53627\/revisions"}],"wp:featuredmedia":[{"embeddable":true,"href":"https:\/\/richeskarayib.com\/es\/wp-json\/wp\/v2\/media\/53605"}],"wp:attachment":[{"href":"https:\/\/richeskarayib.com\/es\/wp-json\/wp\/v2\/media?parent=53627"}],"wp:term":[{"taxonomy":"category","embeddable":true,"href":"https:\/\/richeskarayib.com\/es\/wp-json\/wp\/v2\/categories?post=53627"},{"taxonomy":"post_tag","embeddable":true,"href":"https:\/\/richeskarayib.com\/es\/wp-json\/wp\/v2\/tags?post=53627"}],"curies":[{"name":"wp","href":"https:\/\/api.w.org\/{rel}","templated":true}]}}