{"id":53763,"date":"2025-06-06T05:07:06","date_gmt":"2025-06-06T09:07:06","guid":{"rendered":"https:\/\/richeskarayib.com\/dia-mundial-del-medio-ambiente-vencer-la-contaminacion-por-plasticos-un-reto-urgente-para-el-caribe\/"},"modified":"2025-06-06T05:07:07","modified_gmt":"2025-06-06T09:07:07","slug":"dia-mundial-del-medio-ambiente-vencer-la-contaminacion-por-plasticos-un-reto-urgente-para-el-caribe","status":"publish","type":"post","link":"https:\/\/richeskarayib.com\/es\/dia-mundial-del-medio-ambiente-vencer-la-contaminacion-por-plasticos-un-reto-urgente-para-el-caribe\/","title":{"rendered":"D\u00eda Mundial del Medio Ambiente: Vencer la contaminaci\u00f3n por pl\u00e1sticos, un reto urgente para el Caribe"},"content":{"rendered":"\t\t<div data-elementor-type=\"wp-post\" data-elementor-id=\"53763\" class=\"elementor elementor-53763 elementor-53713\" data-elementor-post-type=\"post\">\n\t\t\t\t\t\t<section class=\"elementor-section elementor-top-section elementor-element elementor-element-13f1a0a elementor-section-boxed elementor-section-height-default elementor-section-height-default\" data-id=\"13f1a0a\" data-element_type=\"section\">\n\t\t\t\t\t\t<div class=\"elementor-container elementor-column-gap-default\">\n\t\t\t\t\t<div class=\"elementor-column elementor-col-100 elementor-top-column elementor-element elementor-element-d7d941f\" data-id=\"d7d941f\" data-element_type=\"column\">\n\t\t\t<div class=\"elementor-widget-wrap elementor-element-populated\">\n\t\t\t\t\t\t<div class=\"elementor-element elementor-element-ddd8e01 elementor-widget elementor-widget-heading\" data-id=\"ddd8e01\" data-element_type=\"widget\" data-widget_type=\"heading.default\">\n\t\t\t\t<div class=\"elementor-widget-container\">\n\t\t\t\t\t<h2 class=\"elementor-heading-title elementor-size-default\">Un acontecimiento crucial celebrado ayer<\/h2>\t\t\t\t<\/div>\n\t\t\t\t<\/div>\n\t\t\t\t<div class=\"elementor-element elementor-element-9f701da elementor-widget elementor-widget-text-editor\" data-id=\"9f701da\" data-element_type=\"widget\" data-widget_type=\"text-editor.default\">\n\t\t\t\t<div class=\"elementor-widget-container\">\n\t\t\t\t\t\t\t\t\t<p style=\"text-align: left;\"><span style=\"font-weight: 400;\">El <a href=\"https:\/\/www.rhinews.com\/actualites\/journee-mondiale-de-lenvironnement-la-caricom-alerte-sur-la-pollution-plastique-dans-la-mer-des-caraibes-haiti-en-premiere-ligne\/\" target=\"_blank\" rel=\"noopener nofollow\">D\u00eda Mundial del Medio Ambiente<\/a> celebrado ayer en el Caribe reuni\u00f3 a ciudadanos, responsables pol\u00edticos y expertos para hacer una afirmaci\u00f3n contundente: esta regi\u00f3n, un tesoro de biodiversidad, es tambi\u00e9n una de las m\u00e1s amenazadas del planeta. La edici\u00f3n de 2025, centrada en el tema \u201cVencer la contaminaci\u00f3n por pl\u00e1sticos\u201d, puso de relieve la necesidad imperiosa de actuar para preservar el <a href=\"https:\/\/richeskarayib.com\/es\/definir-el-caribe\/\" target=\"_blank\" rel=\"noopener\">Mar Caribe<\/a> y sus fr\u00e1giles ecosistemas. En este caso, la movilizaci\u00f3n va m\u00e1s all\u00e1 de lo simb\u00f3lico: responde a una urgencia vital, tan entrelazadas est\u00e1n las cuestiones medioambientales, econ\u00f3micas y sanitarias.  <\/span><\/p>\t\t\t\t\t\t\t\t<\/div>\n\t\t\t\t<\/div>\n\t\t\t\t\t<\/div>\n\t\t<\/div>\n\t\t\t\t\t<\/div>\n\t\t<\/section>\n\t\t\t\t<section class=\"elementor-section elementor-top-section elementor-element elementor-element-6dc38f5 elementor-section-boxed elementor-section-height-default elementor-section-height-default\" data-id=\"6dc38f5\" data-element_type=\"section\">\n\t\t\t\t\t\t<div class=\"elementor-container elementor-column-gap-default\">\n\t\t\t\t\t<div class=\"elementor-column elementor-col-100 elementor-top-column elementor-element elementor-element-5dc36c9\" data-id=\"5dc36c9\" data-element_type=\"column\">\n\t\t\t<div class=\"elementor-widget-wrap elementor-element-populated\">\n\t\t\t\t\t\t<div class=\"elementor-element elementor-element-64c560a elementor-widget elementor-widget-heading\" data-id=\"64c560a\" data-element_type=\"widget\" data-widget_type=\"heading.default\">\n\t\t\t\t<div class=\"elementor-widget-container\">\n\t\t\t\t\t<h2 class=\"elementor-heading-title elementor-size-default\">El Caribe, un punto caliente de biodiversidad... y vulnerabilidad<\/h2>\t\t\t\t<\/div>\n\t\t\t\t<\/div>\n\t\t\t\t<div class=\"elementor-element elementor-element-f76a973 elementor-widget elementor-widget-text-editor\" data-id=\"f76a973\" data-element_type=\"widget\" data-widget_type=\"text-editor.default\">\n\t\t\t\t<div class=\"elementor-widget-container\">\n\t\t\t\t\t\t\t\t\t<p style=\"text-align: left;\"><span style=\"font-weight: 400;\">El <a href=\"https:\/\/2024.www.auf.org\/caraibe\/nouvelles\/actualites\/5-juin-journee-mondiale-de-lenvironnement\/\" target=\"_blank\" rel=\"noopener nofollow\">D\u00eda Mundial del Medio Ambiente<\/a> recuerda que el archipi\u00e9lago alberga m\u00e1s de 1.500 especies vegetales end\u00e9micas, pero tambi\u00e9n ostenta un triste r\u00e9cord de especies amenazadas entre los principales focos de biodiversidad del mundo. Cada a\u00f1o llegan a los oc\u00e9anos unos 11 millones de toneladas de residuos pl\u00e1sticos, una parte importante de los cuales acaba en el mar Caribe. El cambio clim\u00e1tico, la urbanizaci\u00f3n costera y la contaminaci\u00f3n est\u00e1n agravando la degradaci\u00f3n de los manglares, los arrecifes de coral y las playas, poniendo en peligro la pesca, el turismo y la seguridad alimentaria.  <\/span><\/p>\t\t\t\t\t\t\t\t<\/div>\n\t\t\t\t<\/div>\n\t\t\t\t<section class=\"elementor-section elementor-inner-section elementor-element elementor-element-0cf1a75 elementor-section-boxed elementor-section-height-default elementor-section-height-default\" data-id=\"0cf1a75\" data-element_type=\"section\">\n\t\t\t\t\t\t<div class=\"elementor-container elementor-column-gap-default\">\n\t\t\t\t\t<div class=\"elementor-column elementor-col-33 elementor-inner-column elementor-element elementor-element-fc15f64\" data-id=\"fc15f64\" data-element_type=\"column\">\n\t\t\t<div class=\"elementor-widget-wrap elementor-element-populated\">\n\t\t\t\t\t\t<div class=\"elementor-element elementor-element-c034243 elementor-widget elementor-widget-image\" data-id=\"c034243\" data-element_type=\"widget\" data-widget_type=\"image.default\">\n\t\t\t\t<div class=\"elementor-widget-container\">\n\t\t\t\t\t\t\t\t\t\t\t\t\t\t\t<img fetchpriority=\"high\" decoding=\"async\" width=\"800\" height=\"534\" src=\"https:\/\/richeskarayib.com\/wp-content\/uploads\/2025\/06\/Dive-Fest-Saint-Lucia-2024-Discover-the-Stunning-Underwater-Paradise-1024x683.jpg\" class=\"attachment-large size-large wp-image-53721\" alt=\"Journ\u00e9e mondiale\" srcset=\"https:\/\/richeskarayib.com\/wp-content\/uploads\/2025\/06\/Dive-Fest-Saint-Lucia-2024-Discover-the-Stunning-Underwater-Paradise-1024x683.jpg 1024w, https:\/\/richeskarayib.com\/wp-content\/uploads\/2025\/06\/Dive-Fest-Saint-Lucia-2024-Discover-the-Stunning-Underwater-Paradise-300x200.jpg 300w, https:\/\/richeskarayib.com\/wp-content\/uploads\/2025\/06\/Dive-Fest-Saint-Lucia-2024-Discover-the-Stunning-Underwater-Paradise-768x512.jpg 768w, https:\/\/richeskarayib.com\/wp-content\/uploads\/2025\/06\/Dive-Fest-Saint-Lucia-2024-Discover-the-Stunning-Underwater-Paradise-1320x880.jpg 1320w, https:\/\/richeskarayib.com\/wp-content\/uploads\/2025\/06\/Dive-Fest-Saint-Lucia-2024-Discover-the-Stunning-Underwater-Paradise.jpg 1500w\" sizes=\"(max-width: 800px) 100vw, 800px\" \/>\t\t\t\t\t\t\t\t\t\t\t\t\t\t\t<\/div>\n\t\t\t\t<\/div>\n\t\t\t\t\t<\/div>\n\t\t<\/div>\n\t\t\t\t<div class=\"elementor-column elementor-col-33 elementor-inner-column elementor-element elementor-element-660fcda\" data-id=\"660fcda\" data-element_type=\"column\">\n\t\t\t<div class=\"elementor-widget-wrap elementor-element-populated\">\n\t\t\t\t\t\t<div class=\"elementor-element elementor-element-479c1de elementor-widget elementor-widget-image\" data-id=\"479c1de\" data-element_type=\"widget\" data-widget_type=\"image.default\">\n\t\t\t\t<div class=\"elementor-widget-container\">\n\t\t\t\t\t\t\t\t\t\t\t\t\t\t\t<img decoding=\"async\" width=\"800\" height=\"532\" src=\"https:\/\/richeskarayib.com\/wp-content\/uploads\/2025\/06\/cover-1024x681.jpg\" class=\"attachment-large size-large wp-image-53725\" alt=\"Journ\u00e9e mondiale\" srcset=\"https:\/\/richeskarayib.com\/wp-content\/uploads\/2025\/06\/cover-1024x681.jpg 1024w, https:\/\/richeskarayib.com\/wp-content\/uploads\/2025\/06\/cover-300x200.jpg 300w, https:\/\/richeskarayib.com\/wp-content\/uploads\/2025\/06\/cover-768x511.jpg 768w, https:\/\/richeskarayib.com\/wp-content\/uploads\/2025\/06\/cover-1320x878.jpg 1320w, https:\/\/richeskarayib.com\/wp-content\/uploads\/2025\/06\/cover.jpg 1500w\" sizes=\"(max-width: 800px) 100vw, 800px\" \/>\t\t\t\t\t\t\t\t\t\t\t\t\t\t\t<\/div>\n\t\t\t\t<\/div>\n\t\t\t\t\t<\/div>\n\t\t<\/div>\n\t\t\t\t<div class=\"elementor-column elementor-col-33 elementor-inner-column elementor-element elementor-element-62d4092\" data-id=\"62d4092\" data-element_type=\"column\">\n\t\t\t<div class=\"elementor-widget-wrap elementor-element-populated\">\n\t\t\t\t\t\t<div class=\"elementor-element elementor-element-ca1900f elementor-widget elementor-widget-image\" data-id=\"ca1900f\" data-element_type=\"widget\" data-widget_type=\"image.default\">\n\t\t\t\t<div class=\"elementor-widget-container\">\n\t\t\t\t\t\t\t\t\t\t\t\t\t\t\t<img decoding=\"async\" width=\"800\" height=\"532\" src=\"https:\/\/richeskarayib.com\/wp-content\/uploads\/2025\/06\/stock-photo-atlantic-spotted-dolphins-bahamas-caribbean-2500290779-Modifie-1024x681.jpg\" class=\"attachment-large size-large wp-image-53729\" alt=\"Journ\u00e9e mondiale\" srcset=\"https:\/\/richeskarayib.com\/wp-content\/uploads\/2025\/06\/stock-photo-atlantic-spotted-dolphins-bahamas-caribbean-2500290779-Modifie-1024x681.jpg 1024w, https:\/\/richeskarayib.com\/wp-content\/uploads\/2025\/06\/stock-photo-atlantic-spotted-dolphins-bahamas-caribbean-2500290779-Modifie-300x199.jpg 300w, https:\/\/richeskarayib.com\/wp-content\/uploads\/2025\/06\/stock-photo-atlantic-spotted-dolphins-bahamas-caribbean-2500290779-Modifie-768x510.jpg 768w, https:\/\/richeskarayib.com\/wp-content\/uploads\/2025\/06\/stock-photo-atlantic-spotted-dolphins-bahamas-caribbean-2500290779-Modifie-1320x877.jpg 1320w, https:\/\/richeskarayib.com\/wp-content\/uploads\/2025\/06\/stock-photo-atlantic-spotted-dolphins-bahamas-caribbean-2500290779-Modifie.jpg 1500w\" sizes=\"(max-width: 800px) 100vw, 800px\" \/>\t\t\t\t\t\t\t\t\t\t\t\t\t\t\t<\/div>\n\t\t\t\t<\/div>\n\t\t\t\t\t<\/div>\n\t\t<\/div>\n\t\t\t\t\t<\/div>\n\t\t<\/section>\n\t\t\t\t<section class=\"elementor-section elementor-inner-section elementor-element elementor-element-0edca5e elementor-section-boxed elementor-section-height-default elementor-section-height-default\" data-id=\"0edca5e\" data-element_type=\"section\">\n\t\t\t\t\t\t<div class=\"elementor-container elementor-column-gap-default\">\n\t\t\t\t\t<div class=\"elementor-column elementor-col-33 elementor-inner-column elementor-element elementor-element-4bab60e\" data-id=\"4bab60e\" data-element_type=\"column\">\n\t\t\t<div class=\"elementor-widget-wrap elementor-element-populated\">\n\t\t\t\t\t\t<div class=\"elementor-element elementor-element-ee4f235 elementor-widget elementor-widget-image\" data-id=\"ee4f235\" data-element_type=\"widget\" data-widget_type=\"image.default\">\n\t\t\t\t<div class=\"elementor-widget-container\">\n\t\t\t\t\t\t\t\t\t\t\t\t\t\t\t<img loading=\"lazy\" decoding=\"async\" width=\"800\" height=\"534\" src=\"https:\/\/richeskarayib.com\/wp-content\/uploads\/2025\/06\/120528281_3349404525115464_1488083801374797960_n-1024x683.jpg\" class=\"attachment-large size-large wp-image-53733\" alt=\"Journ\u00e9e mondiale\" srcset=\"https:\/\/richeskarayib.com\/wp-content\/uploads\/2025\/06\/120528281_3349404525115464_1488083801374797960_n-1024x683.jpg 1024w, https:\/\/richeskarayib.com\/wp-content\/uploads\/2025\/06\/120528281_3349404525115464_1488083801374797960_n-300x200.jpg 300w, https:\/\/richeskarayib.com\/wp-content\/uploads\/2025\/06\/120528281_3349404525115464_1488083801374797960_n-768x512.jpg 768w, https:\/\/richeskarayib.com\/wp-content\/uploads\/2025\/06\/120528281_3349404525115464_1488083801374797960_n.jpg 1080w\" sizes=\"(max-width: 800px) 100vw, 800px\" \/>\t\t\t\t\t\t\t\t\t\t\t\t\t\t\t<\/div>\n\t\t\t\t<\/div>\n\t\t\t\t\t<\/div>\n\t\t<\/div>\n\t\t\t\t<div class=\"elementor-column elementor-col-33 elementor-inner-column elementor-element elementor-element-1010556\" data-id=\"1010556\" data-element_type=\"column\">\n\t\t\t<div class=\"elementor-widget-wrap elementor-element-populated\">\n\t\t\t\t\t\t<div class=\"elementor-element elementor-element-974b06d elementor-widget elementor-widget-image\" data-id=\"974b06d\" data-element_type=\"widget\" data-widget_type=\"image.default\">\n\t\t\t\t<div class=\"elementor-widget-container\">\n\t\t\t\t\t\t\t\t\t\t\t\t\t\t\t<img loading=\"lazy\" decoding=\"async\" width=\"800\" height=\"531\" src=\"https:\/\/richeskarayib.com\/wp-content\/uploads\/2025\/06\/120577056_3349445818444668_6207975037654770695_n.jpg\" class=\"attachment-large size-large wp-image-53737\" alt=\"Journ\u00e9e mondiale\" srcset=\"https:\/\/richeskarayib.com\/wp-content\/uploads\/2025\/06\/120577056_3349445818444668_6207975037654770695_n.jpg 813w, https:\/\/richeskarayib.com\/wp-content\/uploads\/2025\/06\/120577056_3349445818444668_6207975037654770695_n-300x199.jpg 300w, https:\/\/richeskarayib.com\/wp-content\/uploads\/2025\/06\/120577056_3349445818444668_6207975037654770695_n-768x510.jpg 768w\" sizes=\"(max-width: 800px) 100vw, 800px\" \/>\t\t\t\t\t\t\t\t\t\t\t\t\t\t\t<\/div>\n\t\t\t\t<\/div>\n\t\t\t\t\t<\/div>\n\t\t<\/div>\n\t\t\t\t<div class=\"elementor-column elementor-col-33 elementor-inner-column elementor-element elementor-element-2a76775\" data-id=\"2a76775\" data-element_type=\"column\">\n\t\t\t<div class=\"elementor-widget-wrap elementor-element-populated\">\n\t\t\t\t\t\t<div class=\"elementor-element elementor-element-9e440e4 elementor-widget elementor-widget-image\" data-id=\"9e440e4\" data-element_type=\"widget\" data-widget_type=\"image.default\">\n\t\t\t\t<div class=\"elementor-widget-container\">\n\t\t\t\t\t\t\t\t\t\t\t\t\t\t\t<img loading=\"lazy\" decoding=\"async\" width=\"800\" height=\"538\" src=\"https:\/\/richeskarayib.com\/wp-content\/uploads\/2025\/06\/120530657_3349418371780746_2409060569159848213_n-1024x689.jpg\" class=\"attachment-large size-large wp-image-53741\" alt=\"Journ\u00e9e mondiale\" srcset=\"https:\/\/richeskarayib.com\/wp-content\/uploads\/2025\/06\/120530657_3349418371780746_2409060569159848213_n-1024x689.jpg 1024w, https:\/\/richeskarayib.com\/wp-content\/uploads\/2025\/06\/120530657_3349418371780746_2409060569159848213_n-300x202.jpg 300w, https:\/\/richeskarayib.com\/wp-content\/uploads\/2025\/06\/120530657_3349418371780746_2409060569159848213_n-768x517.jpg 768w, https:\/\/richeskarayib.com\/wp-content\/uploads\/2025\/06\/120530657_3349418371780746_2409060569159848213_n.jpg 1078w\" sizes=\"(max-width: 800px) 100vw, 800px\" \/>\t\t\t\t\t\t\t\t\t\t\t\t\t\t\t<\/div>\n\t\t\t\t<\/div>\n\t\t\t\t\t<\/div>\n\t\t<\/div>\n\t\t\t\t\t<\/div>\n\t\t<\/section>\n\t\t\t\t\t<\/div>\n\t\t<\/div>\n\t\t\t\t\t<\/div>\n\t\t<\/section>\n\t\t\t\t<section class=\"elementor-section elementor-top-section elementor-element elementor-element-4a4b1ab elementor-section-boxed elementor-section-height-default elementor-section-height-default\" data-id=\"4a4b1ab\" data-element_type=\"section\">\n\t\t\t\t\t\t<div class=\"elementor-container elementor-column-gap-default\">\n\t\t\t\t\t<div class=\"elementor-column elementor-col-100 elementor-top-column elementor-element elementor-element-31aac59\" data-id=\"31aac59\" data-element_type=\"column\">\n\t\t\t<div class=\"elementor-widget-wrap elementor-element-populated\">\n\t\t\t\t\t\t<div class=\"elementor-element elementor-element-22bf92b elementor-widget elementor-widget-heading\" data-id=\"22bf92b\" data-element_type=\"widget\" data-widget_type=\"heading.default\">\n\t\t\t\t<div class=\"elementor-widget-container\">\n\t\t\t\t\t<h2 class=\"elementor-heading-title elementor-size-default\">Contaminaci\u00f3n por pl\u00e1sticos: el Mar Caribe en primera l\u00ednea<\/h2>\t\t\t\t<\/div>\n\t\t\t\t<\/div>\n\t\t\t\t<div class=\"elementor-element elementor-element-28e3547 elementor-widget elementor-widget-text-editor\" data-id=\"28e3547\" data-element_type=\"widget\" data-widget_type=\"text-editor.default\">\n\t\t\t\t<div class=\"elementor-widget-container\">\n\t\t\t\t\t\t\t\t\t<p><span style=\"font-weight: 400;\">La advertencia lanzada por <a href=\"https:\/\/richeskarayib.com\/es\/martinica-y-caricom-descubrirse-mutuamente-para-construir-juntos-un-caribe-mas-fuerte\/\" target=\"_blank\" rel=\"noopener\">la CARICOM<\/a> en el D\u00eda Mundial del Medio Ambiente es inequ\u00edvoca: la contaminaci\u00f3n por pl\u00e1sticos es ya un azote cotidiano. Tortugas marinas, peces, aves y corales se ven directamente afectados. Las consecuencias econ\u00f3micas son graves: redes de pesca da\u00f1adas, p\u00e9rdida de equipos, elevados costes de limpieza. En Hait\u00ed, esta contaminaci\u00f3n amenaza la seguridad alimentaria de millones de personas. Catorce pa\u00edses del Caribe ya han prohibido las bolsas de pl\u00e1stico desechables y el poliestireno, pero hay que hacer m\u00e1s.    <\/span><\/p>\t\t\t\t\t\t\t\t<\/div>\n\t\t\t\t<\/div>\n\t\t\t\t<section class=\"elementor-section elementor-inner-section elementor-element elementor-element-43c67ec elementor-section-boxed elementor-section-height-default elementor-section-height-default\" data-id=\"43c67ec\" data-element_type=\"section\">\n\t\t\t\t\t\t<div class=\"elementor-container elementor-column-gap-default\">\n\t\t\t\t\t<div class=\"elementor-column elementor-col-100 elementor-inner-column elementor-element elementor-element-762c145\" data-id=\"762c145\" data-element_type=\"column\">\n\t\t\t<div class=\"elementor-widget-wrap elementor-element-populated\">\n\t\t\t\t\t\t<div class=\"elementor-element elementor-element-66556ea elementor-widget elementor-widget-image\" data-id=\"66556ea\" data-element_type=\"widget\" data-widget_type=\"image.default\">\n\t\t\t\t<div class=\"elementor-widget-container\">\n\t\t\t\t\t\t\t\t\t\t\t\t\t\t\t<img loading=\"lazy\" decoding=\"async\" width=\"800\" height=\"531\" src=\"https:\/\/richeskarayib.com\/wp-content\/uploads\/2025\/06\/plastic-1024x680.jpg\" class=\"attachment-large size-large wp-image-53745\" alt=\"Journ\u00e9e mondiale\" srcset=\"https:\/\/richeskarayib.com\/wp-content\/uploads\/2025\/06\/plastic-1024x680.jpg 1024w, https:\/\/richeskarayib.com\/wp-content\/uploads\/2025\/06\/plastic-300x199.jpg 300w, https:\/\/richeskarayib.com\/wp-content\/uploads\/2025\/06\/plastic-768x510.jpg 768w, https:\/\/richeskarayib.com\/wp-content\/uploads\/2025\/06\/plastic.jpg 1200w\" sizes=\"(max-width: 800px) 100vw, 800px\" \/>\t\t\t\t\t\t\t\t\t\t\t\t\t\t\t<\/div>\n\t\t\t\t<\/div>\n\t\t\t\t\t<\/div>\n\t\t<\/div>\n\t\t\t\t\t<\/div>\n\t\t<\/section>\n\t\t\t\t\t<\/div>\n\t\t<\/div>\n\t\t\t\t\t<\/div>\n\t\t<\/section>\n\t\t\t\t<section class=\"elementor-section elementor-top-section elementor-element elementor-element-fa64856 elementor-section-boxed elementor-section-height-default elementor-section-height-default\" data-id=\"fa64856\" data-element_type=\"section\">\n\t\t\t\t\t\t<div class=\"elementor-container elementor-column-gap-default\">\n\t\t\t\t\t<div class=\"elementor-column elementor-col-100 elementor-top-column elementor-element elementor-element-479f03b\" data-id=\"479f03b\" data-element_type=\"column\">\n\t\t\t<div class=\"elementor-widget-wrap elementor-element-populated\">\n\t\t\t\t\t\t<div class=\"elementor-element elementor-element-067c7d7 elementor-widget elementor-widget-heading\" data-id=\"067c7d7\" data-element_type=\"widget\" data-widget_type=\"heading.default\">\n\t\t\t\t<div class=\"elementor-widget-container\">\n\t\t\t\t\t<h2 class=\"elementor-heading-title elementor-size-default\">Cambio clim\u00e1tico: la presi\u00f3n se intensifica<\/h2>\t\t\t\t<\/div>\n\t\t\t\t<\/div>\n\t\t\t\t<div class=\"elementor-element elementor-element-0710928 elementor-widget elementor-widget-text-editor\" data-id=\"0710928\" data-element_type=\"widget\" data-widget_type=\"text-editor.default\">\n\t\t\t\t<div class=\"elementor-widget-container\">\n\t\t\t\t\t\t\t\t\t<p><span style=\"font-weight: 400;\">Se destac\u00f3 ampliamente la extrema vulnerabilidad de la regi\u00f3n al cambio clim\u00e1tico. En Martinica, el nivel del mar podr\u00eda subir entre 40 y 60 cm a finales de siglo. Los impactos previstos sobre el litoral, la biodiversidad y las infraestructuras son importantes. La decoloraci\u00f3n de los corales, la desaparici\u00f3n de los manglares y el aumento del n\u00famero de ciclones alterar\u00e1n gravemente el equilibrio entre la tierra y el mar. Reducir el consumo de energ\u00eda y contener la expansi\u00f3n urbana se han convertido en prioridades para limitar nuestra huella ecol\u00f3gica.    <\/span><\/p>\t\t\t\t\t\t\t\t<\/div>\n\t\t\t\t<\/div>\n\t\t\t\t<section class=\"elementor-section elementor-inner-section elementor-element elementor-element-ba8af03 elementor-section-boxed elementor-section-height-default elementor-section-height-default\" data-id=\"ba8af03\" data-element_type=\"section\">\n\t\t\t\t\t\t<div class=\"elementor-container elementor-column-gap-default\">\n\t\t\t\t\t<div class=\"elementor-column elementor-col-100 elementor-inner-column elementor-element elementor-element-fab654e\" data-id=\"fab654e\" data-element_type=\"column\">\n\t\t\t<div class=\"elementor-widget-wrap elementor-element-populated\">\n\t\t\t\t\t\t<div class=\"elementor-element elementor-element-78944fa elementor-widget elementor-widget-image\" data-id=\"78944fa\" data-element_type=\"widget\" data-widget_type=\"image.default\">\n\t\t\t\t<div class=\"elementor-widget-container\">\n\t\t\t\t\t\t\t\t\t\t\t\t\t\t\t<img loading=\"lazy\" decoding=\"async\" width=\"800\" height=\"534\" src=\"https:\/\/richeskarayib.com\/wp-content\/uploads\/2025\/06\/d9c697f0-32d0-43e1-9920-176f3c2d1dd0-1024x683.png\" class=\"attachment-large size-large wp-image-53749\" alt=\"Journ\u00e9e mondiale\" srcset=\"https:\/\/richeskarayib.com\/wp-content\/uploads\/2025\/06\/d9c697f0-32d0-43e1-9920-176f3c2d1dd0-1024x683.png 1024w, https:\/\/richeskarayib.com\/wp-content\/uploads\/2025\/06\/d9c697f0-32d0-43e1-9920-176f3c2d1dd0-300x200.png 300w, https:\/\/richeskarayib.com\/wp-content\/uploads\/2025\/06\/d9c697f0-32d0-43e1-9920-176f3c2d1dd0-768x512.png 768w, https:\/\/richeskarayib.com\/wp-content\/uploads\/2025\/06\/d9c697f0-32d0-43e1-9920-176f3c2d1dd0-1320x880.png 1320w, https:\/\/richeskarayib.com\/wp-content\/uploads\/2025\/06\/d9c697f0-32d0-43e1-9920-176f3c2d1dd0.png 1536w\" sizes=\"(max-width: 800px) 100vw, 800px\" \/>\t\t\t\t\t\t\t\t\t\t\t\t\t\t\t<\/div>\n\t\t\t\t<\/div>\n\t\t\t\t\t<\/div>\n\t\t<\/div>\n\t\t\t\t\t<\/div>\n\t\t<\/section>\n\t\t\t\t\t<\/div>\n\t\t<\/div>\n\t\t\t\t\t<\/div>\n\t\t<\/section>\n\t\t\t\t<section class=\"elementor-section elementor-top-section elementor-element elementor-element-f1fce95 elementor-section-boxed elementor-section-height-default elementor-section-height-default\" data-id=\"f1fce95\" data-element_type=\"section\">\n\t\t\t\t\t\t<div class=\"elementor-container elementor-column-gap-default\">\n\t\t\t\t\t<div class=\"elementor-column elementor-col-100 elementor-top-column elementor-element elementor-element-428f352\" data-id=\"428f352\" data-element_type=\"column\">\n\t\t\t<div class=\"elementor-widget-wrap elementor-element-populated\">\n\t\t\t\t\t\t<div class=\"elementor-element elementor-element-a4d5142 elementor-widget elementor-widget-heading\" data-id=\"a4d5142\" data-element_type=\"widget\" data-widget_type=\"heading.default\">\n\t\t\t\t<div class=\"elementor-widget-container\">\n\t\t\t\t\t<h2 class=\"elementor-heading-title elementor-size-default\">Soluciones locales concretas para invertir la tendencia<\/h2>\t\t\t\t<\/div>\n\t\t\t\t<\/div>\n\t\t\t\t<div class=\"elementor-element elementor-element-9e5facf elementor-widget elementor-widget-text-editor\" data-id=\"9e5facf\" data-element_type=\"widget\" data-widget_type=\"text-editor.default\">\n\t\t\t\t<div class=\"elementor-widget-container\">\n\t\t\t\t\t\t\t\t\t<h3><b>Ahorrar agua y energ\u00eda: pasos sencillos para lograr un impacto duradero<\/b><\/h3><p><span style=\"font-weight: 400;\">El D\u00eda Mundial del Medio Ambiente en el Caribe anima a todo el mundo a adoptar pr\u00e1cticas responsables, como ducharse brevemente, reparar las fugas y utilizar equipos que ahorren energ\u00eda. En Martinica, el objetivo de un 100% de energ\u00eda renovable para 2030 se basa en la determinaci\u00f3n colectiva de reducir el consumo. Cada gesto cuenta para aliviar la presi\u00f3n sobre unos recursos ya fr\u00e1giles.  <\/span><\/p>\t\t\t\t\t\t\t\t<\/div>\n\t\t\t\t<\/div>\n\t\t\t\t<div class=\"elementor-element elementor-element-d615bdc elementor-widget elementor-widget-text-editor\" data-id=\"d615bdc\" data-element_type=\"widget\" data-widget_type=\"text-editor.default\">\n\t\t\t\t<div class=\"elementor-widget-container\">\n\t\t\t\t\t\t\t\t\t<h3><b>Restaurar los ecosistemas: plantar, proteger, prever<\/b><\/h3><p><span style=\"font-weight: 400;\">Plantar \u00e1rboles estabiliza el suelo, reduce la erosi\u00f3n y fomenta la biodiversidad. En toda la regi\u00f3n se est\u00e1n desarrollando iniciativas ciudadanas: plantaci\u00f3n de manglares, restauraci\u00f3n de zonas costeras y promoci\u00f3n de especies aut\u00f3ctonas. Estas acciones est\u00e1n ayudando a aumentar la resiliencia frente a los riesgos clim\u00e1ticos.  <\/span><\/p>\t\t\t\t\t\t\t\t<\/div>\n\t\t\t\t<\/div>\n\t\t\t\t<div class=\"elementor-element elementor-element-0d74c1f elementor-widget elementor-widget-image\" data-id=\"0d74c1f\" data-element_type=\"widget\" data-widget_type=\"image.default\">\n\t\t\t\t<div class=\"elementor-widget-container\">\n\t\t\t\t\t\t\t\t\t\t\t\t\t\t\t<img loading=\"lazy\" decoding=\"async\" width=\"800\" height=\"800\" src=\"https:\/\/richeskarayib.com\/wp-content\/uploads\/2025\/06\/63be966e-5221-4cf1-881f-ebd0f92da01b.png\" class=\"attachment-large size-large wp-image-53753\" alt=\"Journ\u00e9e mondiale\" srcset=\"https:\/\/richeskarayib.com\/wp-content\/uploads\/2025\/06\/63be966e-5221-4cf1-881f-ebd0f92da01b.png 1024w, https:\/\/richeskarayib.com\/wp-content\/uploads\/2025\/06\/63be966e-5221-4cf1-881f-ebd0f92da01b-300x300.png 300w, https:\/\/richeskarayib.com\/wp-content\/uploads\/2025\/06\/63be966e-5221-4cf1-881f-ebd0f92da01b-150x150.png 150w, https:\/\/richeskarayib.com\/wp-content\/uploads\/2025\/06\/63be966e-5221-4cf1-881f-ebd0f92da01b-768x768.png 768w\" sizes=\"(max-width: 800px) 100vw, 800px\" \/>\t\t\t\t\t\t\t\t\t\t\t\t\t\t\t<\/div>\n\t\t\t\t<\/div>\n\t\t\t\t<div class=\"elementor-element elementor-element-a552fa5 elementor-widget elementor-widget-text-editor\" data-id=\"a552fa5\" data-element_type=\"widget\" data-widget_type=\"text-editor.default\">\n\t\t\t\t<div class=\"elementor-widget-container\">\n\t\t\t\t\t\t\t\t\t<h3><b>Reducir los pl\u00e1sticos: un compromiso colectivo<\/b><\/h3><p><span style=\"font-weight: 400;\">La lucha contra los pl\u00e1sticos de un solo uso sigue siendo una prioridad clave. Rechazar los envases superfluos, adoptar bolsas reutilizables y clasificar los residuos son reflejos que hay que difundir. Las campa\u00f1as de limpieza de playas llevadas a cabo por asociaciones y escuelas son una prueba de la creciente concienciaci\u00f3n. En Guadalupe, el proyecto CARIAN prev\u00e9 crear una red de vigilancia de la calidad del aire y del medio ambiente para septiembre de 2025, con el fin de reforzar la prevenci\u00f3n y orientar las pol\u00edticas p\u00fablicas.   <\/span><\/p>\t\t\t\t\t\t\t\t<\/div>\n\t\t\t\t<\/div>\n\t\t\t\t<div class=\"elementor-element elementor-element-1be9c1f elementor-widget elementor-widget-image\" data-id=\"1be9c1f\" data-element_type=\"widget\" data-widget_type=\"image.default\">\n\t\t\t\t<div class=\"elementor-widget-container\">\n\t\t\t\t\t\t\t\t\t\t\t\t\t\t\t<img loading=\"lazy\" decoding=\"async\" width=\"800\" height=\"534\" src=\"https:\/\/richeskarayib.com\/wp-content\/uploads\/2025\/06\/94e4261f-68a4-4cdd-aa17-22f6eadba039-1024x683.png\" class=\"attachment-large size-large wp-image-53757\" alt=\"Journ\u00e9e mondiale\" srcset=\"https:\/\/richeskarayib.com\/wp-content\/uploads\/2025\/06\/94e4261f-68a4-4cdd-aa17-22f6eadba039-1024x683.png 1024w, https:\/\/richeskarayib.com\/wp-content\/uploads\/2025\/06\/94e4261f-68a4-4cdd-aa17-22f6eadba039-300x200.png 300w, https:\/\/richeskarayib.com\/wp-content\/uploads\/2025\/06\/94e4261f-68a4-4cdd-aa17-22f6eadba039-768x512.png 768w, https:\/\/richeskarayib.com\/wp-content\/uploads\/2025\/06\/94e4261f-68a4-4cdd-aa17-22f6eadba039-1320x880.png 1320w, https:\/\/richeskarayib.com\/wp-content\/uploads\/2025\/06\/94e4261f-68a4-4cdd-aa17-22f6eadba039.png 1536w\" sizes=\"(max-width: 800px) 100vw, 800px\" \/>\t\t\t\t\t\t\t\t\t\t\t\t\t\t\t<\/div>\n\t\t\t\t<\/div>\n\t\t\t\t<div class=\"elementor-element elementor-element-bc083c5 elementor-widget elementor-widget-text-editor\" data-id=\"bc083c5\" data-element_type=\"widget\" data-widget_type=\"text-editor.default\">\n\t\t\t\t<div class=\"elementor-widget-container\">\n\t\t\t\t\t\t\t\t\t<h3><b>Aprovechar la experiencia y la innovaci\u00f3n<\/b><\/h3><p><span style=\"font-weight: 400;\">La transici\u00f3n ecol\u00f3gica no puede basarse \u00fanicamente en el comportamiento individual. Requiere que los gobiernos, los investigadores, las autoridades locales y el sector privado tomen decisiones estructurales. El desarrollo de infraestructuras ecol\u00f3gicas, el fomento de la econom\u00eda circular, el apoyo a las empresas ecol\u00f3gicas de nueva creaci\u00f3n: todas ellas son palancas para construir un crecimiento sostenible. Las pol\u00edticas p\u00fablicas deben proporcionar un marco favorable a estas iniciativas.   <\/span><\/p>\t\t\t\t\t\t\t\t<\/div>\n\t\t\t\t<\/div>\n\t\t\t\t\t<\/div>\n\t\t<\/div>\n\t\t\t\t\t<\/div>\n\t\t<\/section>\n\t\t\t\t<section class=\"elementor-section elementor-top-section elementor-element elementor-element-7688974 elementor-section-boxed elementor-section-height-default elementor-section-height-default\" data-id=\"7688974\" data-element_type=\"section\">\n\t\t\t\t\t\t<div class=\"elementor-container elementor-column-gap-default\">\n\t\t\t\t\t<div class=\"elementor-column elementor-col-100 elementor-top-column elementor-element elementor-element-f964861\" data-id=\"f964861\" data-element_type=\"column\">\n\t\t\t<div class=\"elementor-widget-wrap elementor-element-populated\">\n\t\t\t\t\t\t<div class=\"elementor-element elementor-element-47381d9 elementor-widget elementor-widget-heading\" data-id=\"47381d9\" data-element_type=\"widget\" data-widget_type=\"heading.default\">\n\t\t\t\t<div class=\"elementor-widget-container\">\n\t\t\t\t\t<h2 class=\"elementor-heading-title elementor-size-default\">Movilizaci\u00f3n colectiva: un requisito previo para un futuro viable<\/h2>\t\t\t\t<\/div>\n\t\t\t\t<\/div>\n\t\t\t\t<div class=\"elementor-element elementor-element-1efcc14 elementor-widget elementor-widget-text-editor\" data-id=\"1efcc14\" data-element_type=\"widget\" data-widget_type=\"text-editor.default\">\n\t\t\t\t<div class=\"elementor-widget-container\">\n\t\t\t\t\t\t\t\t\t<p style=\"text-align: left;\"><span style=\"font-weight: 400;\">El D\u00eda Mundial del Medio Ambiente en el Caribe demostr\u00f3 que es esencial que todo el mundo se implique. Gobiernos, empresas, investigadores, ciudadanos: todos tienen un papel que desempe\u00f1ar. Los avances recientes -prohibiciones de los pl\u00e1sticos, proyectos de biodiversidad, sistemas de vigilancia- demuestran que existen soluciones. Pero hay que reforzarlas y coordinarlas, en un contexto de presi\u00f3n demogr\u00e1fica, crisis econ\u00f3micas y fen\u00f3menos clim\u00e1ticos extremos. La solidaridad regional es una palanca esencial para construir una estrategia de adaptaci\u00f3n coherente.    <\/span><\/p>\t\t\t\t\t\t\t\t<\/div>\n\t\t\t\t<\/div>\n\t\t\t\t\t<\/div>\n\t\t<\/div>\n\t\t\t\t\t<\/div>\n\t\t<\/section>\n\t\t\t\t<section class=\"elementor-section elementor-top-section elementor-element elementor-element-ba1eb1e elementor-section-boxed elementor-section-height-default elementor-section-height-default\" data-id=\"ba1eb1e\" data-element_type=\"section\">\n\t\t\t\t\t\t<div class=\"elementor-container elementor-column-gap-default\">\n\t\t\t\t\t<div class=\"elementor-column elementor-col-100 elementor-top-column elementor-element elementor-element-db5b427\" data-id=\"db5b427\" data-element_type=\"column\">\n\t\t\t<div class=\"elementor-widget-wrap elementor-element-populated\">\n\t\t\t\t\t\t<div class=\"elementor-element elementor-element-e2ec9d0 elementor-widget elementor-widget-heading\" data-id=\"e2ec9d0\" data-element_type=\"widget\" data-widget_type=\"heading.default\">\n\t\t\t\t<div class=\"elementor-widget-container\">\n\t\t\t\t\t<h2 class=\"elementor-heading-title elementor-size-default\">Una palanca para el futuro<\/h2>\t\t\t\t<\/div>\n\t\t\t\t<\/div>\n\t\t\t\t<div class=\"elementor-element elementor-element-aca4c12 elementor-widget elementor-widget-text-editor\" data-id=\"aca4c12\" data-element_type=\"widget\" data-widget_type=\"text-editor.default\">\n\t\t\t\t<div class=\"elementor-widget-container\">\n\t\t\t\t\t\t\t\t\t<p style=\"text-align: left;\"><span style=\"font-weight: 400;\">El D\u00eda Mundial del Medio Ambiente en el Caribe, celebrado ayer, fue un recordatorio de la necesidad urgente de actuar y de la importancia del compromiso colectivo. Preservar el Caribe significa proteger un patrimonio natural \u00fanico, garantizar una seguridad alimentaria sostenible y proporcionar un futuro a las generaciones venideras. Rechazar los pl\u00e1sticos innecesarios, conservar los recursos, replantar zonas fr\u00e1giles, apoyar pol\u00edticas ambiciosas: todas ellas son acciones concretas que est\u00e1n al alcance de todos. Hacer que cada d\u00eda sea el D\u00eda Mundial del Medio Ambiente significa elegir construir un Caribe fuerte, unido y sostenible.   <\/span><\/p>\t\t\t\t\t\t\t\t<\/div>\n\t\t\t\t<\/div>\n\t\t\t\t<section class=\"elementor-section elementor-inner-section elementor-element elementor-element-1d582c2 elementor-section-boxed elementor-section-height-default elementor-section-height-default\" data-id=\"1d582c2\" data-element_type=\"section\">\n\t\t\t\t\t\t<div class=\"elementor-container elementor-column-gap-default\">\n\t\t\t\t\t<div class=\"elementor-column elementor-col-100 elementor-inner-column elementor-element elementor-element-08396ee\" data-id=\"08396ee\" data-element_type=\"column\">\n\t\t\t<div class=\"elementor-widget-wrap elementor-element-populated\">\n\t\t\t\t\t\t<div class=\"elementor-element elementor-element-632ee2f elementor-widget elementor-widget-image\" data-id=\"632ee2f\" data-element_type=\"widget\" data-widget_type=\"image.default\">\n\t\t\t\t<div class=\"elementor-widget-container\">\n\t\t\t\t\t\t\t\t\t\t\t\t\t\t\t<img loading=\"lazy\" decoding=\"async\" width=\"800\" height=\"800\" src=\"https:\/\/richeskarayib.com\/wp-content\/uploads\/2025\/06\/e718e9ca-afc6-421b-8e3c-b442590f9c8a.png\" class=\"attachment-large size-large wp-image-53761\" alt=\"Journ\u00e9e mondiale\" srcset=\"https:\/\/richeskarayib.com\/wp-content\/uploads\/2025\/06\/e718e9ca-afc6-421b-8e3c-b442590f9c8a.png 1024w, https:\/\/richeskarayib.com\/wp-content\/uploads\/2025\/06\/e718e9ca-afc6-421b-8e3c-b442590f9c8a-300x300.png 300w, https:\/\/richeskarayib.com\/wp-content\/uploads\/2025\/06\/e718e9ca-afc6-421b-8e3c-b442590f9c8a-150x150.png 150w, https:\/\/richeskarayib.com\/wp-content\/uploads\/2025\/06\/e718e9ca-afc6-421b-8e3c-b442590f9c8a-768x768.png 768w\" sizes=\"(max-width: 800px) 100vw, 800px\" \/>\t\t\t\t\t\t\t\t\t\t\t\t\t\t\t<\/div>\n\t\t\t\t<\/div>\n\t\t\t\t\t<\/div>\n\t\t<\/div>\n\t\t\t\t\t<\/div>\n\t\t<\/section>\n\t\t\t\t\t<\/div>\n\t\t<\/div>\n\t\t\t\t\t<\/div>\n\t\t<\/section>\n\t\t\t\t<\/div>\n\t\t","protected":false},"excerpt":{"rendered":"<p>Un acontecimiento crucial celebrado ayer El D\u00eda Mundial del Medio Ambiente celebrado ayer en el Caribe reuni\u00f3 a ciudadanos, responsables pol\u00edticos y expertos para hacer una afirmaci\u00f3n contundente: esta regi\u00f3n, un tesoro de biodiversidad, es tambi\u00e9n una de las m\u00e1s amenazadas del planeta. La edici\u00f3n de 2025, centrada en el tema \u201cVencer la contaminaci\u00f3n por [&hellip;]<\/p>\n","protected":false},"author":662,"featured_media":53717,"comment_status":"open","ping_status":"open","sticky":false,"template":"","format":"standard","meta":{"_acf_changed":false,"footnotes":""},"categories":[839],"tags":[1442,1593,1717,1547,810,816,1481,1594,1705],"class_list":["post-53763","post","type-post","status-publish","format-standard","has-post-thumbnail","hentry","category-noticias","tag-anguilla-es","tag-barbade-es","tag-dominique-es","tag-guadalupe","tag-haiti-es-2","tag-martinique-es","tag-republica-dominicana","tag-sainte-lucie-es","tag-trinidad-y-tobago-es-2"],"acf":[],"_links":{"self":[{"href":"https:\/\/richeskarayib.com\/es\/wp-json\/wp\/v2\/posts\/53763","targetHints":{"allow":["GET"]}}],"collection":[{"href":"https:\/\/richeskarayib.com\/es\/wp-json\/wp\/v2\/posts"}],"about":[{"href":"https:\/\/richeskarayib.com\/es\/wp-json\/wp\/v2\/types\/post"}],"author":[{"embeddable":true,"href":"https:\/\/richeskarayib.com\/es\/wp-json\/wp\/v2\/users\/662"}],"replies":[{"embeddable":true,"href":"https:\/\/richeskarayib.com\/es\/wp-json\/wp\/v2\/comments?post=53763"}],"version-history":[{"count":0,"href":"https:\/\/richeskarayib.com\/es\/wp-json\/wp\/v2\/posts\/53763\/revisions"}],"wp:featuredmedia":[{"embeddable":true,"href":"https:\/\/richeskarayib.com\/es\/wp-json\/wp\/v2\/media\/53717"}],"wp:attachment":[{"href":"https:\/\/richeskarayib.com\/es\/wp-json\/wp\/v2\/media?parent=53763"}],"wp:term":[{"taxonomy":"category","embeddable":true,"href":"https:\/\/richeskarayib.com\/es\/wp-json\/wp\/v2\/categories?post=53763"},{"taxonomy":"post_tag","embeddable":true,"href":"https:\/\/richeskarayib.com\/es\/wp-json\/wp\/v2\/tags?post=53763"}],"curies":[{"name":"wp","href":"https:\/\/api.w.org\/{rel}","templated":true}]}}