{"id":53880,"date":"2025-06-06T22:27:57","date_gmt":"2025-06-07T02:27:57","guid":{"rendered":"https:\/\/richeskarayib.com\/martinica-rendez-vous-aux-jardins-2025-una-velada-de-arte-vinculos-y-memoria-viva\/"},"modified":"2025-06-08T15:03:19","modified_gmt":"2025-06-08T19:03:19","slug":"martinica-rendez-vous-aux-jardins-2025-una-velada-de-arte-vinculos-y-memoria-viva","status":"publish","type":"post","link":"https:\/\/richeskarayib.com\/es\/martinica-rendez-vous-aux-jardins-2025-una-velada-de-arte-vinculos-y-memoria-viva\/","title":{"rendered":"Martinica &#8211; Rendez-vous aux jardins 2025: una velada de arte, v\u00ednculos y memoria viva"},"content":{"rendered":"\t\t<div data-elementor-type=\"wp-post\" data-elementor-id=\"53880\" class=\"elementor elementor-53880 elementor-53823\" data-elementor-post-type=\"post\">\n\t\t\t\t\t\t<section class=\"elementor-section elementor-top-section elementor-element elementor-element-ec2ec8e elementor-section-boxed elementor-section-height-default elementor-section-height-default\" data-id=\"ec2ec8e\" data-element_type=\"section\">\n\t\t\t\t\t\t<div class=\"elementor-container elementor-column-gap-default\">\n\t\t\t\t\t<div class=\"elementor-column elementor-col-100 elementor-top-column elementor-element elementor-element-0c0fd66\" data-id=\"0c0fd66\" data-element_type=\"column\">\n\t\t\t<div class=\"elementor-widget-wrap elementor-element-populated\">\n\t\t\t\t\t\t<div class=\"elementor-element elementor-element-1f82c38 elementor-widget elementor-widget-text-editor\" data-id=\"1f82c38\" data-element_type=\"widget\" data-widget_type=\"text-editor.default\">\n\t\t\t\t<div class=\"elementor-widget-container\">\n\t\t\t\t\t\t\t\t\t<p data-pm-slice=\"1 1 []\">En <a href=\"https:\/\/richeskarayib.com\/es\/un-nuevo-servicio-aereo-directo-entre-quebec-y-fort-de-france-un-puente-estrategico-para-el-turismo-y-la-economia\/\" target=\"_blank\" rel=\"noopener\">Fort-de-France<\/a>, la 22\u1d49 edici\u00f3n de la<a href=\"https:\/\/www.parcsetjardins.fr\/actualites\/manifestations-nationales\/rendez-vous-aux-jardins-2025-2315\" target=\"_blank\" rel=\"noopener nofollow\"> <em data-start=\"287\" data-end=\"312\">Cita de los Jardines<\/em><\/a> reuni\u00f3 a artistas, agentes culturales y p\u00fablico en general en un jard\u00edn reinventado. Con instalaciones, poes\u00eda, m\u00fasica y discursos inspiradores, echemos la vista atr\u00e1s a una velada en la que el arte y los seres vivos forjaron v\u00ednculos inesperados. <\/p>\t\t\t\t\t\t\t\t<\/div>\n\t\t\t\t<\/div>\n\t\t\t\t<div class=\"elementor-element elementor-element-f34cd53 elementor-widget elementor-widget-text-editor\" data-id=\"f34cd53\" data-element_type=\"widget\" data-widget_type=\"text-editor.default\">\n\t\t\t\t<div class=\"elementor-widget-container\">\n\t\t\t\t\t\t\t\t\t<p data-start=\"558\" data-end=\"870\"><strong><em data-start=\"558\" data-end=\"605\">\u201cCrea flujos de relaciones incontrolables\u201d.<\/em><\/strong><\/p><p data-start=\"558\" data-end=\"870\"><br data-start=\"605\" data-end=\"608\">Esta frase del libro <strong data-start=\"640\" data-end=\"688\"><em data-start=\"642\" data-end=\"686\">Que peut la litt\u00e9rature quand elle ne peut<\/em><\/strong> de <strong data-start=\"692\" data-end=\"714\">Patrick Chamoiseau<\/strong> corri\u00f3 a lo largo de la velada inaugural de la <a href=\"https:\/\/rendezvousauxjardins.culture.gouv.fr\/\" target=\"_blank\" rel=\"noopener nofollow\"><em data-start=\"757\" data-end=\"782\">Cita en los Jardines<\/em><\/a>celebrada el 5 de junio en <strong data-start=\"809\" data-end=\"867\">el Departamento de Asuntos Culturales (DAC) de Martinica<\/strong>.<\/p><p data-start=\"872\" data-end=\"1293\">Bajo el tema nacional <em data-start=\"895\" data-end=\"931\">Jardin de pierre, pierre de jardin<\/em>, Rendez-vous aux jardins transform\u00f3 el jard\u00edn de la Villa des Pergolas en un espacio para el encuentro y la creatividad.<br data-start=\"1034\" data-end=\"1037\">Artistas, arquitectos, instituciones, m\u00fasicos, pensadores y p\u00fablico en general compartieron un momento \u00fanico: un tiempo para <strong data-start=\"1156\" data-end=\"1187\">que colisionen las imaginaciones<\/strong>, donde el patrimonio natural de la isla dialoga con las artes y las aspiraciones de un mundo en transformaci\u00f3n.<\/p>\t\t\t\t\t\t\t\t<\/div>\n\t\t\t\t<\/div>\n\t\t\t\t<div class=\"elementor-element elementor-element-fce7925 elementor-widget elementor-widget-image\" data-id=\"fce7925\" data-element_type=\"widget\" data-widget_type=\"image.default\">\n\t\t\t\t<div class=\"elementor-widget-container\">\n\t\t\t\t\t\t\t\t\t\t\t\t\t\t\t<img fetchpriority=\"high\" decoding=\"async\" width=\"800\" height=\"370\" src=\"https:\/\/richeskarayib.com\/wp-content\/uploads\/2025\/06\/WhatsApp-Image-2025-06-06-a-20.38.38_dc81e867-1024x473.jpg\" class=\"attachment-large size-large wp-image-53835\" alt=\"Rendez-vous aux jardins\" srcset=\"https:\/\/richeskarayib.com\/wp-content\/uploads\/2025\/06\/WhatsApp-Image-2025-06-06-a-20.38.38_dc81e867-1024x473.jpg 1024w, https:\/\/richeskarayib.com\/wp-content\/uploads\/2025\/06\/WhatsApp-Image-2025-06-06-a-20.38.38_dc81e867-300x139.jpg 300w, https:\/\/richeskarayib.com\/wp-content\/uploads\/2025\/06\/WhatsApp-Image-2025-06-06-a-20.38.38_dc81e867-768x355.jpg 768w, https:\/\/richeskarayib.com\/wp-content\/uploads\/2025\/06\/WhatsApp-Image-2025-06-06-a-20.38.38_dc81e867-1536x709.jpg 1536w, https:\/\/richeskarayib.com\/wp-content\/uploads\/2025\/06\/WhatsApp-Image-2025-06-06-a-20.38.38_dc81e867-1320x610.jpg 1320w, https:\/\/richeskarayib.com\/wp-content\/uploads\/2025\/06\/WhatsApp-Image-2025-06-06-a-20.38.38_dc81e867.jpg 1600w\" sizes=\"(max-width: 800px) 100vw, 800px\" \/>\t\t\t\t\t\t\t\t\t\t\t\t\t\t\t<\/div>\n\t\t\t\t<\/div>\n\t\t\t\t\t<\/div>\n\t\t<\/div>\n\t\t\t\t\t<\/div>\n\t\t<\/section>\n\t\t\t\t<section class=\"elementor-section elementor-top-section elementor-element elementor-element-d24c489 elementor-section-boxed elementor-section-height-default elementor-section-height-default\" data-id=\"d24c489\" data-element_type=\"section\">\n\t\t\t\t\t\t<div class=\"elementor-container elementor-column-gap-default\">\n\t\t\t\t\t<div class=\"elementor-column elementor-col-100 elementor-top-column elementor-element elementor-element-35e3e69\" data-id=\"35e3e69\" data-element_type=\"column\">\n\t\t\t<div class=\"elementor-widget-wrap elementor-element-populated\">\n\t\t\t\t\t\t<div class=\"elementor-element elementor-element-7823db2 elementor-widget elementor-widget-heading\" data-id=\"7823db2\" data-element_type=\"widget\" data-widget_type=\"heading.default\">\n\t\t\t\t<div class=\"elementor-widget-container\">\n\t\t\t\t\t<h2 class=\"elementor-heading-title elementor-size-default\">Jardines en resonancia: entre la creaci\u00f3n contempor\u00e1nea y la memoria viva<\/h2>\t\t\t\t<\/div>\n\t\t\t\t<\/div>\n\t\t\t\t<div class=\"elementor-element elementor-element-ae5e3a5 elementor-widget elementor-widget-text-editor\" data-id=\"ae5e3a5\" data-element_type=\"widget\" data-widget_type=\"text-editor.default\">\n\t\t\t\t<div class=\"elementor-widget-container\">\n\t\t\t\t\t\t\t\t\t<p data-start=\"1375\" data-end=\"1685\">Este a\u00f1o, el jard\u00edn del DAC fue el escenario de una instalaci\u00f3n totalmente nueva, dise\u00f1ada por el estudio de arquitectura <strong data-start=\"1476\" data-end=\"1486\">Habit\u00e9<\/strong>. Inspirada en los <strong data-start=\"1501\" data-end=\"1543\">flujos de piedra del monte Pel\u00e9e<\/strong>, la instalaci\u00f3n presenta <strong data-start=\"1576\" data-end=\"1590\">la puzolana<\/strong> en un di\u00e1logo sensible con las plantas, una escenograf\u00eda que evolucionar\u00e1 con el tiempo. <\/p><p data-start=\"1687\" data-end=\"1757\">Este entorno proporcion\u00f3 un tel\u00f3n de fondo natural para las obras de varios artistas:<\/p><p data-start=\"1760\" data-end=\"1905\">&#8211; Fotograf\u00edas de <strong data-start=\"1781\" data-end=\"1807\">Jean-Fran\u00e7ois Gertrude<\/strong>, del proyecto <em data-start=\"1826\" data-end=\"1851\">Los Cinco Sentidos en el Jard\u00edn<\/em>, que muestran los <strong data-start=\"1868\" data-end=\"1892\">excepcionales jardines<\/strong> de la isla;<\/p><p data-start=\"1908\" data-end=\"2065\">&#8211; Esculturas de<strong data-start=\"1925\" data-end=\"1941\">Isa\u00ef \u00c9tifier<\/strong> en papel y arcilla recuperada, nacidas de una experiencia sensorial en el coraz\u00f3n del bosque del Cabo Salom\u00f3n.<\/p><p data-start=\"2067\" data-end=\"2266\"><em data-start=\"2067\" data-end=\"2194\">\u201cNuestra relaci\u00f3n con la piedra plantea cuestiones sobre nuestro anclaje y transformaci\u00f3n en un mundo cada vez m\u00e1s desmaterializado\u201d,<\/em> afirma el artista, lo que a\u00f1ade una resonancia especial a la exposici\u00f3n de este a\u00f1o.<\/p>\t\t\t\t\t\t\t\t<\/div>\n\t\t\t\t<\/div>\n\t\t\t\t<div class=\"elementor-element elementor-element-a206cb7 elementor-widget elementor-widget-image\" data-id=\"a206cb7\" data-element_type=\"widget\" data-widget_type=\"image.default\">\n\t\t\t\t<div class=\"elementor-widget-container\">\n\t\t\t\t\t\t\t\t\t\t\t\t\t\t\t<img decoding=\"async\" width=\"800\" height=\"370\" src=\"https:\/\/richeskarayib.com\/wp-content\/uploads\/2025\/06\/WhatsApp-Image-2025-06-06-a-20.40.00_0c760136-1024x473.jpg\" class=\"attachment-large size-large wp-image-53839\" alt=\"Rendez-vous aux jardins\" srcset=\"https:\/\/richeskarayib.com\/wp-content\/uploads\/2025\/06\/WhatsApp-Image-2025-06-06-a-20.40.00_0c760136-1024x473.jpg 1024w, https:\/\/richeskarayib.com\/wp-content\/uploads\/2025\/06\/WhatsApp-Image-2025-06-06-a-20.40.00_0c760136-300x139.jpg 300w, https:\/\/richeskarayib.com\/wp-content\/uploads\/2025\/06\/WhatsApp-Image-2025-06-06-a-20.40.00_0c760136-768x355.jpg 768w, https:\/\/richeskarayib.com\/wp-content\/uploads\/2025\/06\/WhatsApp-Image-2025-06-06-a-20.40.00_0c760136-1536x709.jpg 1536w, https:\/\/richeskarayib.com\/wp-content\/uploads\/2025\/06\/WhatsApp-Image-2025-06-06-a-20.40.00_0c760136-1320x610.jpg 1320w, https:\/\/richeskarayib.com\/wp-content\/uploads\/2025\/06\/WhatsApp-Image-2025-06-06-a-20.40.00_0c760136.jpg 1600w\" sizes=\"(max-width: 800px) 100vw, 800px\" \/>\t\t\t\t\t\t\t\t\t\t\t\t\t\t\t<\/div>\n\t\t\t\t<\/div>\n\t\t\t\t<section class=\"elementor-section elementor-inner-section elementor-element elementor-element-bb62f22 elementor-section-boxed elementor-section-height-default elementor-section-height-default\" data-id=\"bb62f22\" data-element_type=\"section\">\n\t\t\t\t\t\t<div class=\"elementor-container elementor-column-gap-default\">\n\t\t\t\t\t<div class=\"elementor-column elementor-col-50 elementor-inner-column elementor-element elementor-element-c5861dc\" data-id=\"c5861dc\" data-element_type=\"column\">\n\t\t\t<div class=\"elementor-widget-wrap elementor-element-populated\">\n\t\t\t\t\t\t<div class=\"elementor-element elementor-element-78abc1b elementor-widget elementor-widget-image\" data-id=\"78abc1b\" data-element_type=\"widget\" data-widget_type=\"image.default\">\n\t\t\t\t<div class=\"elementor-widget-container\">\n\t\t\t\t\t\t\t\t\t\t\t\t\t\t\t<img decoding=\"async\" width=\"800\" height=\"370\" src=\"https:\/\/richeskarayib.com\/wp-content\/uploads\/2025\/06\/WhatsApp-Image-2025-06-06-a-20.40.32_1be259ac-1024x473.jpg\" class=\"attachment-large size-large wp-image-53844\" alt=\"Rendez-vous aux jardins\" srcset=\"https:\/\/richeskarayib.com\/wp-content\/uploads\/2025\/06\/WhatsApp-Image-2025-06-06-a-20.40.32_1be259ac-1024x473.jpg 1024w, https:\/\/richeskarayib.com\/wp-content\/uploads\/2025\/06\/WhatsApp-Image-2025-06-06-a-20.40.32_1be259ac-300x139.jpg 300w, https:\/\/richeskarayib.com\/wp-content\/uploads\/2025\/06\/WhatsApp-Image-2025-06-06-a-20.40.32_1be259ac-768x355.jpg 768w, https:\/\/richeskarayib.com\/wp-content\/uploads\/2025\/06\/WhatsApp-Image-2025-06-06-a-20.40.32_1be259ac-1536x709.jpg 1536w, https:\/\/richeskarayib.com\/wp-content\/uploads\/2025\/06\/WhatsApp-Image-2025-06-06-a-20.40.32_1be259ac-1320x610.jpg 1320w, https:\/\/richeskarayib.com\/wp-content\/uploads\/2025\/06\/WhatsApp-Image-2025-06-06-a-20.40.32_1be259ac.jpg 1600w\" sizes=\"(max-width: 800px) 100vw, 800px\" \/>\t\t\t\t\t\t\t\t\t\t\t\t\t\t\t<\/div>\n\t\t\t\t<\/div>\n\t\t\t\t\t<\/div>\n\t\t<\/div>\n\t\t\t\t<div class=\"elementor-column elementor-col-50 elementor-inner-column elementor-element elementor-element-f513d94\" data-id=\"f513d94\" data-element_type=\"column\">\n\t\t\t<div class=\"elementor-widget-wrap elementor-element-populated\">\n\t\t\t\t\t\t<div class=\"elementor-element elementor-element-f653f26 elementor-widget elementor-widget-image\" data-id=\"f653f26\" data-element_type=\"widget\" data-widget_type=\"image.default\">\n\t\t\t\t<div class=\"elementor-widget-container\">\n\t\t\t\t\t\t\t\t\t\t\t\t\t\t\t<img loading=\"lazy\" decoding=\"async\" width=\"800\" height=\"370\" src=\"https:\/\/richeskarayib.com\/wp-content\/uploads\/2025\/06\/WhatsApp-Image-2025-06-06-a-20.41.30_2553dcf7-1-1024x473.jpg\" class=\"attachment-large size-large wp-image-53852\" alt=\"Rendez-vous aux jardins\" srcset=\"https:\/\/richeskarayib.com\/wp-content\/uploads\/2025\/06\/WhatsApp-Image-2025-06-06-a-20.41.30_2553dcf7-1-1024x473.jpg 1024w, https:\/\/richeskarayib.com\/wp-content\/uploads\/2025\/06\/WhatsApp-Image-2025-06-06-a-20.41.30_2553dcf7-1-300x139.jpg 300w, https:\/\/richeskarayib.com\/wp-content\/uploads\/2025\/06\/WhatsApp-Image-2025-06-06-a-20.41.30_2553dcf7-1-768x355.jpg 768w, https:\/\/richeskarayib.com\/wp-content\/uploads\/2025\/06\/WhatsApp-Image-2025-06-06-a-20.41.30_2553dcf7-1-1536x709.jpg 1536w, https:\/\/richeskarayib.com\/wp-content\/uploads\/2025\/06\/WhatsApp-Image-2025-06-06-a-20.41.30_2553dcf7-1-1320x610.jpg 1320w, https:\/\/richeskarayib.com\/wp-content\/uploads\/2025\/06\/WhatsApp-Image-2025-06-06-a-20.41.30_2553dcf7-1.jpg 1600w\" sizes=\"(max-width: 800px) 100vw, 800px\" \/>\t\t\t\t\t\t\t\t\t\t\t\t\t\t\t<\/div>\n\t\t\t\t<\/div>\n\t\t\t\t\t<\/div>\n\t\t<\/div>\n\t\t\t\t\t<\/div>\n\t\t<\/section>\n\t\t\t\t\t<\/div>\n\t\t<\/div>\n\t\t\t\t\t<\/div>\n\t\t<\/section>\n\t\t\t\t<section class=\"elementor-section elementor-top-section elementor-element elementor-element-e8d332b elementor-section-boxed elementor-section-height-default elementor-section-height-default\" data-id=\"e8d332b\" data-element_type=\"section\">\n\t\t\t\t\t\t<div class=\"elementor-container elementor-column-gap-default\">\n\t\t\t\t\t<div class=\"elementor-column elementor-col-100 elementor-top-column elementor-element elementor-element-1c4c1b1\" data-id=\"1c4c1b1\" data-element_type=\"column\">\n\t\t\t<div class=\"elementor-widget-wrap elementor-element-populated\">\n\t\t\t\t\t\t<div class=\"elementor-element elementor-element-ff67a61 elementor-widget elementor-widget-heading\" data-id=\"ff67a61\" data-element_type=\"widget\" data-widget_type=\"heading.default\">\n\t\t\t\t<div class=\"elementor-widget-container\">\n\t\t\t\t\t<h2 class=\"elementor-heading-title elementor-size-default\">Una noche de encuentros: cuando las artes tejen una narrativa colectiva diferente<\/h2>\t\t\t\t<\/div>\n\t\t\t\t<\/div>\n\t\t\t\t<div class=\"elementor-element elementor-element-716acf2 elementor-widget elementor-widget-text-editor\" data-id=\"716acf2\" data-element_type=\"widget\" data-widget_type=\"text-editor.default\">\n\t\t\t\t<div class=\"elementor-widget-container\">\n\t\t\t\t\t\t\t\t\t<p data-start=\"1251\" data-end=\"1693\"><strong data-start=\"1251\" data-end=\"1374\">Al inaugurar la velada, el director del DAC, Johan-Hilel Hamel, expuso la filosof\u00eda del equipo:<\/strong><br data-start=\"1374\" data-end=\"1377\"><em data-start=\"1377\" data-end=\"1656\">&#8220;Imaginamos esta velada gracias a los textos de Patrick Chamoiseau, con esta voluntad de crear flujos relacionales incontrolables. Todas las fuerzas vivas de la regi\u00f3n est\u00e1n aqu\u00ed representadas. Una obra de arte, un acontecimiento cultural, nace siempre de encuentros y fricciones.<\/em><\/p><p data-start=\"1695\" data-end=\"1951\">Tambi\u00e9n rindi\u00f3 homenaje al compromiso de todos los equipos de la DAC, que <strong data-start=\"1766\" data-end=\"1876\">trabajan duro durante todo el a\u00f1o para dar vida a la pol\u00edtica cultural en toda Martinica<\/strong>, y especialmente en la organizaci\u00f3n de esta velada unificadora.<\/p>\t\t\t\t\t\t\t\t<\/div>\n\t\t\t\t<\/div>\n\t\t\t\t<div class=\"elementor-element elementor-element-83d57a0 elementor-widget elementor-widget-image\" data-id=\"83d57a0\" data-element_type=\"widget\" data-widget_type=\"image.default\">\n\t\t\t\t<div class=\"elementor-widget-container\">\n\t\t\t\t\t\t\t\t\t\t\t\t\t\t\t<img loading=\"lazy\" decoding=\"async\" width=\"800\" height=\"370\" src=\"https:\/\/richeskarayib.com\/wp-content\/uploads\/2025\/06\/WhatsApp-Image-2025-06-06-a-21.18.33_545d9373-1024x473.jpg\" class=\"attachment-large size-large wp-image-53872\" alt=\"Rendez-vous aux jardins\" srcset=\"https:\/\/richeskarayib.com\/wp-content\/uploads\/2025\/06\/WhatsApp-Image-2025-06-06-a-21.18.33_545d9373-1024x473.jpg 1024w, https:\/\/richeskarayib.com\/wp-content\/uploads\/2025\/06\/WhatsApp-Image-2025-06-06-a-21.18.33_545d9373-300x139.jpg 300w, https:\/\/richeskarayib.com\/wp-content\/uploads\/2025\/06\/WhatsApp-Image-2025-06-06-a-21.18.33_545d9373-768x355.jpg 768w, https:\/\/richeskarayib.com\/wp-content\/uploads\/2025\/06\/WhatsApp-Image-2025-06-06-a-21.18.33_545d9373.jpg 1280w\" sizes=\"(max-width: 800px) 100vw, 800px\" \/>\t\t\t\t\t\t\t\t\t\t\t\t\t\t\t<\/div>\n\t\t\t\t<\/div>\n\t\t\t\t<div class=\"elementor-element elementor-element-bc3082b elementor-widget elementor-widget-text-editor\" data-id=\"bc3082b\" data-element_type=\"widget\" data-widget_type=\"text-editor.default\">\n\t\t\t\t<div class=\"elementor-widget-container\">\n\t\t\t\t\t\t\t\t\t<p data-start=\"2516\" data-end=\"2834\">Para abrir la velada, el escritor <strong data-start=\"2541\" data-end=\"2559\">Manuel Norvat<\/strong> ley\u00f3 un texto po\u00e9tico, invit\u00e1ndonos a reflexionar sobre el poder simb\u00f3lico de la piedra en el imaginario caribe\u00f1o y en la obra de Chamoiseau:<br data-start=\"2722\" data-end=\"2725\"><em data-start=\"2725\" data-end=\"2834\">\u201cPiedra filosofal, piedra del mundo, talism\u00e1n capaz de desorientar absolutos y abrir imaginaciones\u201d.<\/em><\/p><p data-start=\"2836\" data-end=\"3160\">A continuaci\u00f3n, el propio <strong data-start=\"2841\" data-end=\"2863\">Patrick Chamoiseau<\/strong> se dirigi\u00f3 a un p\u00fablico atento:<br data-start=\"2920\" data-end=\"2923\"><em data-start=\"2923\" data-end=\"3121\">\u201cEl mundo est\u00e1 a punto de sufrir una convulsi\u00f3n radical. Tenemos que replantearnos nuestros fundamentos, nuestra imaginaci\u00f3n. Necesitamos entrar en una econom\u00eda plural y creativa, en la que el arte desempe\u00f1e un papel esencial\u201d.<\/em><\/p><p data-start=\"3162\" data-end=\"3311\">Es una poderosa llamada a concebir el jard\u00edn -y por extensi\u00f3n el mundo- como un espacio en perpetua <strong data-start=\"3259\" data-end=\"3280\">relaci\u00f3n creativa<\/strong>, que trasciende las divisiones heredadas.<\/p>\t\t\t\t\t\t\t\t<\/div>\n\t\t\t\t<\/div>\n\t\t\t\t<div class=\"elementor-element elementor-element-1d5fd01 elementor-widget elementor-widget-image\" data-id=\"1d5fd01\" data-element_type=\"widget\" data-widget_type=\"image.default\">\n\t\t\t\t<div class=\"elementor-widget-container\">\n\t\t\t\t\t\t\t\t\t\t\t\t\t\t\t<img loading=\"lazy\" decoding=\"async\" width=\"800\" height=\"567\" src=\"https:\/\/richeskarayib.com\/wp-content\/uploads\/2025\/06\/WhatsApp-Image-2025-06-06-a-20.43.54_6595f96c-1024x726.jpg\" class=\"attachment-large size-large wp-image-53856\" alt=\"Rendez-vous aux jardins\" srcset=\"https:\/\/richeskarayib.com\/wp-content\/uploads\/2025\/06\/WhatsApp-Image-2025-06-06-a-20.43.54_6595f96c-1024x726.jpg 1024w, https:\/\/richeskarayib.com\/wp-content\/uploads\/2025\/06\/WhatsApp-Image-2025-06-06-a-20.43.54_6595f96c-300x213.jpg 300w, https:\/\/richeskarayib.com\/wp-content\/uploads\/2025\/06\/WhatsApp-Image-2025-06-06-a-20.43.54_6595f96c-768x545.jpg 768w, https:\/\/richeskarayib.com\/wp-content\/uploads\/2025\/06\/WhatsApp-Image-2025-06-06-a-20.43.54_6595f96c.jpg 1303w\" sizes=\"(max-width: 800px) 100vw, 800px\" \/>\t\t\t\t\t\t\t\t\t\t\t\t\t\t\t<\/div>\n\t\t\t\t<\/div>\n\t\t\t\t<div class=\"elementor-element elementor-element-a519776 elementor-widget elementor-widget-text-editor\" data-id=\"a519776\" data-element_type=\"widget\" data-widget_type=\"text-editor.default\">\n\t\t\t\t<div class=\"elementor-widget-container\">\n\t\t\t\t\t\t\t\t\t<p><em data-start=\"3737\" data-end=\"3888\">\u201cNo somos meras fuerzas atrapadas en un sistema. El arte nos permite redescubrir el sentido, realizarnos como seres humanos\u201d,<\/em> concluy\u00f3 <strong data-start=\"3902\" data-end=\"3926\">el Prefecto de Martinica<\/strong>.<\/p>\t\t\t\t\t\t\t\t<\/div>\n\t\t\t\t<\/div>\n\t\t\t\t<div class=\"elementor-element elementor-element-d5ea021 elementor-widget elementor-widget-image\" data-id=\"d5ea021\" data-element_type=\"widget\" data-widget_type=\"image.default\">\n\t\t\t\t<div class=\"elementor-widget-container\">\n\t\t\t\t\t\t\t\t\t\t\t\t\t\t\t<img loading=\"lazy\" decoding=\"async\" width=\"800\" height=\"370\" src=\"https:\/\/richeskarayib.com\/wp-content\/uploads\/2025\/06\/WhatsApp-Image-2025-06-06-a-20.47.04_909c0a75-1024x473.jpg\" class=\"attachment-large size-large wp-image-53864\" alt=\"Rendez-vous aux jardins\" srcset=\"https:\/\/richeskarayib.com\/wp-content\/uploads\/2025\/06\/WhatsApp-Image-2025-06-06-a-20.47.04_909c0a75-1024x473.jpg 1024w, https:\/\/richeskarayib.com\/wp-content\/uploads\/2025\/06\/WhatsApp-Image-2025-06-06-a-20.47.04_909c0a75-300x139.jpg 300w, https:\/\/richeskarayib.com\/wp-content\/uploads\/2025\/06\/WhatsApp-Image-2025-06-06-a-20.47.04_909c0a75-768x355.jpg 768w, https:\/\/richeskarayib.com\/wp-content\/uploads\/2025\/06\/WhatsApp-Image-2025-06-06-a-20.47.04_909c0a75-1536x709.jpg 1536w, https:\/\/richeskarayib.com\/wp-content\/uploads\/2025\/06\/WhatsApp-Image-2025-06-06-a-20.47.04_909c0a75-1320x610.jpg 1320w, https:\/\/richeskarayib.com\/wp-content\/uploads\/2025\/06\/WhatsApp-Image-2025-06-06-a-20.47.04_909c0a75.jpg 1600w\" sizes=\"(max-width: 800px) 100vw, 800px\" \/>\t\t\t\t\t\t\t\t\t\t\t\t\t\t\t<\/div>\n\t\t\t\t<\/div>\n\t\t\t\t<div class=\"elementor-element elementor-element-7bae545 elementor-widget elementor-widget-text-editor\" data-id=\"7bae545\" data-element_type=\"widget\" data-widget_type=\"text-editor.default\">\n\t\t\t\t<div class=\"elementor-widget-container\">\n\t\t\t\t\t\t\t\t\t<p data-start=\"3313\" data-end=\"3735\">Este momento de debate dio paso a una velada musical, en la que el pianista <strong data-start=\"3396\" data-end=\"3413\">Maher Beauroy<\/strong> y la cantante <strong data-start=\"3430\" data-end=\"3448\">Florence Bodin<\/strong> interpretaron un fragmento de su proyecto <em data-start=\"3490\" data-end=\"3499\">Insulae<\/em>, un homenaje entre Martinica y Argelia.<br data-start=\"3586\" data-end=\"3589\">A continuaci\u00f3n, el p\u00fablico prosigui\u00f3 sus intercambios en los jardines iluminados, en torno a las obras de arte, en un esp\u00edritu de <strong data-start=\"3696\" data-end=\"3734\">convivencia y de compartir<\/strong>.<\/p>\t\t\t\t\t\t\t\t<\/div>\n\t\t\t\t<\/div>\n\t\t\t\t<section class=\"elementor-section elementor-inner-section elementor-element elementor-element-1e503fc elementor-section-boxed elementor-section-height-default elementor-section-height-default\" data-id=\"1e503fc\" data-element_type=\"section\">\n\t\t\t\t\t\t<div class=\"elementor-container elementor-column-gap-default\">\n\t\t\t\t\t<div class=\"elementor-column elementor-col-50 elementor-inner-column elementor-element elementor-element-0aafad0\" data-id=\"0aafad0\" data-element_type=\"column\">\n\t\t\t<div class=\"elementor-widget-wrap elementor-element-populated\">\n\t\t\t\t\t\t<div class=\"elementor-element elementor-element-30e3010 elementor-widget elementor-widget-image\" data-id=\"30e3010\" data-element_type=\"widget\" data-widget_type=\"image.default\">\n\t\t\t\t<div class=\"elementor-widget-container\">\n\t\t\t\t\t\t\t\t\t\t\t\t\t\t\t<img loading=\"lazy\" decoding=\"async\" width=\"800\" height=\"533\" src=\"https:\/\/richeskarayib.com\/wp-content\/uploads\/2025\/06\/WhatsApp-Image-2025-06-06-a-22.36.51_60f56c9e-1024x682.jpg\" class=\"attachment-large size-large wp-image-53892\" alt=\"Rendez-vous aux jardins\" srcset=\"https:\/\/richeskarayib.com\/wp-content\/uploads\/2025\/06\/WhatsApp-Image-2025-06-06-a-22.36.51_60f56c9e-1024x682.jpg 1024w, https:\/\/richeskarayib.com\/wp-content\/uploads\/2025\/06\/WhatsApp-Image-2025-06-06-a-22.36.51_60f56c9e-300x200.jpg 300w, https:\/\/richeskarayib.com\/wp-content\/uploads\/2025\/06\/WhatsApp-Image-2025-06-06-a-22.36.51_60f56c9e-768x512.jpg 768w, https:\/\/richeskarayib.com\/wp-content\/uploads\/2025\/06\/WhatsApp-Image-2025-06-06-a-22.36.51_60f56c9e.jpg 1280w\" sizes=\"(max-width: 800px) 100vw, 800px\" \/>\t\t\t\t\t\t\t\t\t\t\t\t\t\t\t<\/div>\n\t\t\t\t<\/div>\n\t\t\t\t\t<\/div>\n\t\t<\/div>\n\t\t\t\t<div class=\"elementor-column elementor-col-50 elementor-inner-column elementor-element elementor-element-f225cdd\" data-id=\"f225cdd\" data-element_type=\"column\">\n\t\t\t<div class=\"elementor-widget-wrap elementor-element-populated\">\n\t\t\t\t\t\t<div class=\"elementor-element elementor-element-e2ec93e elementor-widget elementor-widget-image\" data-id=\"e2ec93e\" data-element_type=\"widget\" data-widget_type=\"image.default\">\n\t\t\t\t<div class=\"elementor-widget-container\">\n\t\t\t\t\t\t\t\t\t\t\t\t\t\t\t<img loading=\"lazy\" decoding=\"async\" width=\"800\" height=\"533\" src=\"https:\/\/richeskarayib.com\/wp-content\/uploads\/2025\/06\/WhatsApp-Image-2025-06-06-a-22.42.43_c7704dfd-1-1024x682.jpg\" class=\"attachment-large size-large wp-image-53888\" alt=\"Rendez-vous aux jardins\" srcset=\"https:\/\/richeskarayib.com\/wp-content\/uploads\/2025\/06\/WhatsApp-Image-2025-06-06-a-22.42.43_c7704dfd-1-1024x682.jpg 1024w, https:\/\/richeskarayib.com\/wp-content\/uploads\/2025\/06\/WhatsApp-Image-2025-06-06-a-22.42.43_c7704dfd-1-300x200.jpg 300w, https:\/\/richeskarayib.com\/wp-content\/uploads\/2025\/06\/WhatsApp-Image-2025-06-06-a-22.42.43_c7704dfd-1-768x512.jpg 768w, https:\/\/richeskarayib.com\/wp-content\/uploads\/2025\/06\/WhatsApp-Image-2025-06-06-a-22.42.43_c7704dfd-1.jpg 1280w\" sizes=\"(max-width: 800px) 100vw, 800px\" \/>\t\t\t\t\t\t\t\t\t\t\t\t\t\t\t<\/div>\n\t\t\t\t<\/div>\n\t\t\t\t\t<\/div>\n\t\t<\/div>\n\t\t\t\t\t<\/div>\n\t\t<\/section>\n\t\t\t\t<div class=\"elementor-element elementor-element-1ab698d elementor-widget elementor-widget-image\" data-id=\"1ab698d\" data-element_type=\"widget\" data-widget_type=\"image.default\">\n\t\t\t\t<div class=\"elementor-widget-container\">\n\t\t\t\t\t\t\t\t\t\t\t\t\t\t\t<img loading=\"lazy\" decoding=\"async\" width=\"461\" height=\"1024\" src=\"https:\/\/richeskarayib.com\/wp-content\/uploads\/2025\/06\/WhatsApp-Image-2025-06-06-a-21.20.05_d30ca984-461x1024.jpg\" class=\"attachment-large size-large wp-image-53876\" alt=\"Rendez-vous aux jardins\" srcset=\"https:\/\/richeskarayib.com\/wp-content\/uploads\/2025\/06\/WhatsApp-Image-2025-06-06-a-21.20.05_d30ca984-461x1024.jpg 461w, https:\/\/richeskarayib.com\/wp-content\/uploads\/2025\/06\/WhatsApp-Image-2025-06-06-a-21.20.05_d30ca984-135x300.jpg 135w, https:\/\/richeskarayib.com\/wp-content\/uploads\/2025\/06\/WhatsApp-Image-2025-06-06-a-21.20.05_d30ca984.jpg 576w\" sizes=\"(max-width: 461px) 100vw, 461px\" \/>\t\t\t\t\t\t\t\t\t\t\t\t\t\t\t<\/div>\n\t\t\t\t<\/div>\n\t\t\t\t\t<\/div>\n\t\t<\/div>\n\t\t\t\t\t<\/div>\n\t\t<\/section>\n\t\t\t\t<section class=\"elementor-section elementor-top-section elementor-element elementor-element-6ee5f12 elementor-section-boxed elementor-section-height-default elementor-section-height-default\" data-id=\"6ee5f12\" data-element_type=\"section\">\n\t\t\t\t\t\t<div class=\"elementor-container elementor-column-gap-default\">\n\t\t\t\t\t<div class=\"elementor-column elementor-col-100 elementor-top-column elementor-element elementor-element-a641372\" data-id=\"a641372\" data-element_type=\"column\">\n\t\t\t<div class=\"elementor-widget-wrap elementor-element-populated\">\n\t\t\t\t\t\t<div class=\"elementor-element elementor-element-f68a3e7 elementor-widget elementor-widget-heading\" data-id=\"f68a3e7\" data-element_type=\"widget\" data-widget_type=\"heading.default\">\n\t\t\t\t<div class=\"elementor-widget-container\">\n\t\t\t\t\t<h2 class=\"elementor-heading-title elementor-size-default\">Transmisi\u00f3n y reencantamiento: el jard\u00edn como lugar de apertura<\/h2>\t\t\t\t<\/div>\n\t\t\t\t<\/div>\n\t\t\t\t<div class=\"elementor-element elementor-element-de1baaf elementor-widget elementor-widget-image\" data-id=\"de1baaf\" data-element_type=\"widget\" data-widget_type=\"image.default\">\n\t\t\t\t<div class=\"elementor-widget-container\">\n\t\t\t\t\t\t\t\t\t\t\t\t\t\t\t<img loading=\"lazy\" decoding=\"async\" width=\"800\" height=\"370\" src=\"https:\/\/richeskarayib.com\/wp-content\/uploads\/2025\/06\/WhatsApp-Image-2025-06-06-a-20.45.01_199f16fb-1024x473.jpg\" class=\"attachment-large size-large wp-image-53860\" alt=\"Rendez-vous aux jardins\" srcset=\"https:\/\/richeskarayib.com\/wp-content\/uploads\/2025\/06\/WhatsApp-Image-2025-06-06-a-20.45.01_199f16fb-1024x473.jpg 1024w, https:\/\/richeskarayib.com\/wp-content\/uploads\/2025\/06\/WhatsApp-Image-2025-06-06-a-20.45.01_199f16fb-300x139.jpg 300w, https:\/\/richeskarayib.com\/wp-content\/uploads\/2025\/06\/WhatsApp-Image-2025-06-06-a-20.45.01_199f16fb-768x355.jpg 768w, https:\/\/richeskarayib.com\/wp-content\/uploads\/2025\/06\/WhatsApp-Image-2025-06-06-a-20.45.01_199f16fb-1536x709.jpg 1536w, https:\/\/richeskarayib.com\/wp-content\/uploads\/2025\/06\/WhatsApp-Image-2025-06-06-a-20.45.01_199f16fb-1320x610.jpg 1320w, https:\/\/richeskarayib.com\/wp-content\/uploads\/2025\/06\/WhatsApp-Image-2025-06-06-a-20.45.01_199f16fb.jpg 1600w\" sizes=\"(max-width: 800px) 100vw, 800px\" \/>\t\t\t\t\t\t\t\t\t\t\t\t\t\t\t<\/div>\n\t\t\t\t<\/div>\n\t\t\t\t<div class=\"elementor-element elementor-element-bb7745d elementor-widget elementor-widget-text-editor\" data-id=\"bb7745d\" data-element_type=\"widget\" data-widget_type=\"text-editor.default\">\n\t\t\t\t<div class=\"elementor-widget-container\">\n\t\t\t\t\t\t\t\t\t<p data-start=\"4057\" data-end=\"4182\">Adem\u00e1s de este acto nocturno, el <em data-start=\"4086\" data-end=\"4111\">Rendez-vous aux jardins<\/em> 2025 contar\u00e1 con un rico programa de <strong data-start=\"4151\" data-end=\"4178\">27 actos por toda la isla<\/strong>:<\/p><p data-start=\"4185\" data-end=\"4233\">&#8211; <strong data-start=\"4185\" data-end=\"4210\"> talleres educativos<\/strong> en centros escolares ;<\/p><p data-start=\"4236\" data-end=\"4311\">&#8211; <strong data-start=\"4236\" data-end=\"4257\"> talleres creativos<\/strong> de piedra (grabado, pintura, trabajo en roca) ;<\/p><p data-start=\"4314\" data-end=\"4367\">&#8211; <strong data-start=\"4314\" data-end=\"4333\"> paseos narrativos<\/strong> por jardines extraordinarios ;<\/p><p data-start=\"4370\" data-end=\"4450\">&#8211; conferencias sobre <strong data-start=\"4390\" data-end=\"4418\">petroglifos nativos americanos<\/strong> y <strong data-start=\"4426\" data-end=\"4449\">jardines submarinos<\/strong>.<\/p><p data-start=\"4452\" data-end=\"4685\">El atractivo del acto para el p\u00fablico joven y el uso de lugares ecol\u00f3gicos ilustran su potencial para renovar el v\u00ednculo entre el patrimonio natural, la memoria cultural y la transmisi\u00f3n intergeneracional.<\/p>\t\t\t\t\t\t\t\t<\/div>\n\t\t\t\t<\/div>\n\t\t\t\t\t<\/div>\n\t\t<\/div>\n\t\t\t\t\t<\/div>\n\t\t<\/section>\n\t\t\t\t<section class=\"elementor-section elementor-top-section elementor-element elementor-element-4eb2fdb elementor-section-boxed elementor-section-height-default elementor-section-height-default\" data-id=\"4eb2fdb\" data-element_type=\"section\">\n\t\t\t\t\t\t<div class=\"elementor-container elementor-column-gap-default\">\n\t\t\t\t\t<div class=\"elementor-column elementor-col-100 elementor-top-column elementor-element elementor-element-cd47757\" data-id=\"cd47757\" data-element_type=\"column\">\n\t\t\t<div class=\"elementor-widget-wrap elementor-element-populated\">\n\t\t\t\t\t\t<div class=\"elementor-element elementor-element-c95f729 elementor-widget elementor-widget-heading\" data-id=\"c95f729\" data-element_type=\"widget\" data-widget_type=\"heading.default\">\n\t\t\t\t<div class=\"elementor-widget-container\">\n\t\t\t\t\t<h2 class=\"elementor-heading-title elementor-size-default\">Un catalizador para renovar el v\u00ednculo entre las artes, la regi\u00f3n y la sociedad<\/h2>\t\t\t\t<\/div>\n\t\t\t\t<\/div>\n\t\t\t\t<div class=\"elementor-element elementor-element-79ab42f elementor-widget elementor-widget-text-editor\" data-id=\"79ab42f\" data-element_type=\"widget\" data-widget_type=\"text-editor.default\">\n\t\t\t\t<div class=\"elementor-widget-container\">\n\t\t\t\t\t\t\t\t\t<p data-start=\"4781\" data-end=\"5077\">Siguiendo las palabras de Patrick Chamoiseau, el <em data-start=\"4851\" data-end=\"4876\">Rendez-vous aux jardins<\/em> de este a\u00f1o en Martinica super\u00f3 el simple marco del patrimonio.<br data-start=\"4929\" data-end=\"4932\">Revel\u00f3 el jard\u00edn como un espacio <strong data-start=\"4972\" data-end=\"5010\">pol\u00edtico, po\u00e9tico y relacional<\/strong>, un escenario en el que inventar una nueva relaci\u00f3n con lo vivo y con los dem\u00e1s.<\/p><p data-start=\"5079\" data-end=\"5283\">Al crear este <strong data-start=\"5092\" data-end=\"5128\">\u201cflujo incontrolable de relaciones\u201d<\/strong>, la velada del 5 de junio permiti\u00f3 a todos -artistas, agentes culturales y p\u00fablico en general- formar parte de una narrativa compartida, rica en significados y abierta a lo inesperado.<\/p><p data-start=\"5285\" data-end=\"5390\">Un terreno f\u00e9rtil para imaginar, juntos, <strong data-start=\"5329\" data-end=\"5389\">nuevos horizontes culturales y c\u00edvicos para Martinica<\/strong>.<\/p>\t\t\t\t\t\t\t\t<\/div>\n\t\t\t\t<\/div>\n\t\t\t\t\t<\/div>\n\t\t<\/div>\n\t\t\t\t\t<\/div>\n\t\t<\/section>\n\t\t\t\t<\/div>\n\t\t","protected":false},"excerpt":{"rendered":"<p>En Fort-de-France, la 22\u1d49 edici\u00f3n de la Cita de los Jardines reuni\u00f3 a artistas, agentes culturales y p\u00fablico en general en un jard\u00edn reinventado. Con instalaciones, poes\u00eda, m\u00fasica y discursos inspiradores, echemos la vista atr\u00e1s a una velada en la que el arte y los seres vivos forjaron v\u00ednculos inesperados. \u201cCrea flujos de relaciones incontrolables\u201d. [&hellip;]<\/p>\n","protected":false},"author":47,"featured_media":53827,"comment_status":"open","ping_status":"open","sticky":false,"template":"","format":"standard","meta":{"_acf_changed":false,"footnotes":""},"categories":[809],"tags":[816],"class_list":["post-53880","post","type-post","status-publish","format-standard","has-post-thumbnail","hentry","category-artes-visuales","tag-martinique-es"],"acf":[],"_links":{"self":[{"href":"https:\/\/richeskarayib.com\/es\/wp-json\/wp\/v2\/posts\/53880","targetHints":{"allow":["GET"]}}],"collection":[{"href":"https:\/\/richeskarayib.com\/es\/wp-json\/wp\/v2\/posts"}],"about":[{"href":"https:\/\/richeskarayib.com\/es\/wp-json\/wp\/v2\/types\/post"}],"author":[{"embeddable":true,"href":"https:\/\/richeskarayib.com\/es\/wp-json\/wp\/v2\/users\/47"}],"replies":[{"embeddable":true,"href":"https:\/\/richeskarayib.com\/es\/wp-json\/wp\/v2\/comments?post=53880"}],"version-history":[{"count":0,"href":"https:\/\/richeskarayib.com\/es\/wp-json\/wp\/v2\/posts\/53880\/revisions"}],"wp:featuredmedia":[{"embeddable":true,"href":"https:\/\/richeskarayib.com\/es\/wp-json\/wp\/v2\/media\/53827"}],"wp:attachment":[{"href":"https:\/\/richeskarayib.com\/es\/wp-json\/wp\/v2\/media?parent=53880"}],"wp:term":[{"taxonomy":"category","embeddable":true,"href":"https:\/\/richeskarayib.com\/es\/wp-json\/wp\/v2\/categories?post=53880"},{"taxonomy":"post_tag","embeddable":true,"href":"https:\/\/richeskarayib.com\/es\/wp-json\/wp\/v2\/tags?post=53880"}],"curies":[{"name":"wp","href":"https:\/\/api.w.org\/{rel}","templated":true}]}}