{"id":53974,"date":"2025-06-09T11:29:30","date_gmt":"2025-06-09T15:29:30","guid":{"rendered":"https:\/\/richeskarayib.com\/guyana-klm-royal-dutch-airlines-conecta-ahora-amsterdam-con-georgetown\/"},"modified":"2025-06-09T11:29:30","modified_gmt":"2025-06-09T15:29:30","slug":"guyana-klm-royal-dutch-airlines-conecta-ahora-amsterdam-con-georgetown","status":"publish","type":"post","link":"https:\/\/richeskarayib.com\/es\/guyana-klm-royal-dutch-airlines-conecta-ahora-amsterdam-con-georgetown\/","title":{"rendered":"Guyana &#8211; KLM Royal Dutch Airlines conecta ahora Amsterdam con Georgetown"},"content":{"rendered":"\t\t<div data-elementor-type=\"wp-post\" data-elementor-id=\"53974\" class=\"elementor elementor-53974 elementor-53956\" data-elementor-post-type=\"post\">\n\t\t\t\t\t\t<section class=\"elementor-section elementor-top-section elementor-element elementor-element-ec2ec8e elementor-section-boxed elementor-section-height-default elementor-section-height-default\" data-id=\"ec2ec8e\" data-element_type=\"section\">\n\t\t\t\t\t\t<div class=\"elementor-container elementor-column-gap-default\">\n\t\t\t\t\t<div class=\"elementor-column elementor-col-100 elementor-top-column elementor-element elementor-element-0c0fd66\" data-id=\"0c0fd66\" data-element_type=\"column\">\n\t\t\t<div class=\"elementor-widget-wrap elementor-element-populated\">\n\t\t\t\t\t\t<div class=\"elementor-element elementor-element-1f82c38 elementor-widget elementor-widget-text-editor\" data-id=\"1f82c38\" data-element_type=\"widget\" data-widget_type=\"text-editor.default\">\n\t\t\t\t<div class=\"elementor-widget-container\">\n\t\t\t\t\t\t\t\t\t<p><a href=\"https:\/\/www.stabroeknews.com\/2025\/06\/05\/news\/guyana\/klm-royal-dutch-airlines-touches-down\/\" target=\"_blank\" rel=\"noopener nofollow\"><b>KLM Royal Dutch Airlines<\/b><\/a><span style=\"font-weight: 400;\">  inaugura una nueva ruta entre Europa y <a href=\"https:\/\/richeskarayib.com\/es\/?p=52063\" target=\"_blank\" rel=\"noopener\">Guyana<\/a>, lo que supone un paso decisivo en la integraci\u00f3n de este pa\u00eds sudamericano por v\u00eda a\u00e9rea. Gracias a este vuelo directo desde \u00c1msterdam, con escala en San Mart\u00edn, Georgetown es ahora m\u00e1s accesible tanto para los viajeros como para los hombres de negocios. <\/span><\/p>\t\t\t\t\t\t\t\t<\/div>\n\t\t\t\t<\/div>\n\t\t\t\t\t<\/div>\n\t\t<\/div>\n\t\t\t\t\t<\/div>\n\t\t<\/section>\n\t\t\t\t<section class=\"elementor-section elementor-top-section elementor-element elementor-element-d24c489 elementor-section-boxed elementor-section-height-default elementor-section-height-default\" data-id=\"d24c489\" data-element_type=\"section\">\n\t\t\t\t\t\t<div class=\"elementor-container elementor-column-gap-default\">\n\t\t\t\t\t<div class=\"elementor-column elementor-col-100 elementor-top-column elementor-element elementor-element-35e3e69\" data-id=\"35e3e69\" data-element_type=\"column\">\n\t\t\t<div class=\"elementor-widget-wrap elementor-element-populated\">\n\t\t\t\t\t\t<div class=\"elementor-element elementor-element-7823db2 elementor-widget elementor-widget-heading\" data-id=\"7823db2\" data-element_type=\"widget\" data-widget_type=\"heading.default\">\n\t\t\t\t<div class=\"elementor-widget-container\">\n\t\t\t\t\t<h2 class=\"elementor-heading-title elementor-size-default\">Crecimiento acelerado del transporte a\u00e9reo desde 2020<\/h2>\t\t\t\t<\/div>\n\t\t\t\t<\/div>\n\t\t\t\t<div class=\"elementor-element elementor-element-ae5e3a5 elementor-widget elementor-widget-text-editor\" data-id=\"ae5e3a5\" data-element_type=\"widget\" data-widget_type=\"text-editor.default\">\n\t\t\t\t<div class=\"elementor-widget-container\">\n\t\t\t\t\t\t\t\t\t<p data-start=\"1375\" data-end=\"1685\"><span style=\"font-weight: 400;\">En los \u00faltimos a\u00f1os <\/span><a href=\"https:\/\/richeskarayib.com\/es\/guayana-francesa-lindor-2025-abre-una-nueva-pagina-en-la-musica-guyanesa\/\" target=\"_blank\" rel=\"noopener\"><b>Guyana<\/b><\/a><span style=\"font-weight: 400;\">  est\u00e1 experimentando una importante transformaci\u00f3n en su sector de la aviaci\u00f3n. Varias compa\u00f1\u00edas a\u00e9reas internacionales, entre ellas   <\/span><a href=\"https:\/\/www.klm.com\/?srsltid=AfmBOoqrEDsbeLK4cYqoBMtPnLNkZLiBtKWVx_GOO9CDtDXLb3VkbPw0\" target=\"_blank\" rel=\"noopener nofollow\"><b>KLM Royal Dutch Airlines<\/b><\/a><span style=\"font-weight: 400;\">Todas estas empresas han invertido en este mercado en auge, atra\u00eddas por la estabilidad econ\u00f3mica del pa\u00eds y sus ambiciones regionales. Esta nueva din\u00e1mica les ha permitido ampliar su oferta de vuelos y, al mismo tiempo, reducir los costes para los usuarios. <\/span><\/p>\t\t\t\t\t\t\t\t<\/div>\n\t\t\t\t<\/div>\n\t\t\t\t<section class=\"elementor-section elementor-inner-section elementor-element elementor-element-bb62f22 elementor-section-boxed elementor-section-height-default elementor-section-height-default\" data-id=\"bb62f22\" data-element_type=\"section\">\n\t\t\t\t\t\t<div class=\"elementor-container elementor-column-gap-default\">\n\t\t\t\t\t<div class=\"elementor-column elementor-col-100 elementor-inner-column elementor-element elementor-element-f513d94\" data-id=\"f513d94\" data-element_type=\"column\">\n\t\t\t<div class=\"elementor-widget-wrap elementor-element-populated\">\n\t\t\t\t\t\t<div class=\"elementor-element elementor-element-f653f26 elementor-widget elementor-widget-image\" data-id=\"f653f26\" data-element_type=\"widget\" data-widget_type=\"image.default\">\n\t\t\t\t<div class=\"elementor-widget-container\">\n\t\t\t\t\t\t\t\t\t\t\t\t\t\t\t<img fetchpriority=\"high\" decoding=\"async\" width=\"800\" height=\"450\" src=\"https:\/\/richeskarayib.com\/wp-content\/uploads\/2025\/06\/Ribbon-cutting-at-KLM-Royal-Dutch-Airlines-inaugural-flight-to-Cheddi-Jagan-International-Airport-1024x576.webp\" class=\"attachment-large size-large wp-image-53964\" alt=\"KLM Royal Dutch Airlines\" srcset=\"https:\/\/richeskarayib.com\/wp-content\/uploads\/2025\/06\/Ribbon-cutting-at-KLM-Royal-Dutch-Airlines-inaugural-flight-to-Cheddi-Jagan-International-Airport-1024x576.webp 1024w, https:\/\/richeskarayib.com\/wp-content\/uploads\/2025\/06\/Ribbon-cutting-at-KLM-Royal-Dutch-Airlines-inaugural-flight-to-Cheddi-Jagan-International-Airport-300x169.webp 300w, https:\/\/richeskarayib.com\/wp-content\/uploads\/2025\/06\/Ribbon-cutting-at-KLM-Royal-Dutch-Airlines-inaugural-flight-to-Cheddi-Jagan-International-Airport-768x432.webp 768w, https:\/\/richeskarayib.com\/wp-content\/uploads\/2025\/06\/Ribbon-cutting-at-KLM-Royal-Dutch-Airlines-inaugural-flight-to-Cheddi-Jagan-International-Airport-1536x864.webp 1536w, https:\/\/richeskarayib.com\/wp-content\/uploads\/2025\/06\/Ribbon-cutting-at-KLM-Royal-Dutch-Airlines-inaugural-flight-to-Cheddi-Jagan-International-Airport-1320x743.webp 1320w, https:\/\/richeskarayib.com\/wp-content\/uploads\/2025\/06\/Ribbon-cutting-at-KLM-Royal-Dutch-Airlines-inaugural-flight-to-Cheddi-Jagan-International-Airport.webp 1920w\" sizes=\"(max-width: 800px) 100vw, 800px\" \/>\t\t\t\t\t\t\t\t\t\t\t\t\t\t\t<\/div>\n\t\t\t\t<\/div>\n\t\t\t\t\t<\/div>\n\t\t<\/div>\n\t\t\t\t\t<\/div>\n\t\t<\/section>\n\t\t\t\t\t<\/div>\n\t\t<\/div>\n\t\t\t\t\t<\/div>\n\t\t<\/section>\n\t\t\t\t<section class=\"elementor-section elementor-top-section elementor-element elementor-element-e8d332b elementor-section-boxed elementor-section-height-default elementor-section-height-default\" data-id=\"e8d332b\" data-element_type=\"section\">\n\t\t\t\t\t\t<div class=\"elementor-container elementor-column-gap-default\">\n\t\t\t\t\t<div class=\"elementor-column elementor-col-100 elementor-top-column elementor-element elementor-element-1c4c1b1\" data-id=\"1c4c1b1\" data-element_type=\"column\">\n\t\t\t<div class=\"elementor-widget-wrap elementor-element-populated\">\n\t\t\t\t\t\t<div class=\"elementor-element elementor-element-ff67a61 elementor-widget elementor-widget-heading\" data-id=\"ff67a61\" data-element_type=\"widget\" data-widget_type=\"heading.default\">\n\t\t\t\t<div class=\"elementor-widget-container\">\n\t\t\t\t\t<h2 class=\"elementor-heading-title elementor-size-default\">Una distinci\u00f3n necesaria con la Guayana Francesa<\/h2>\t\t\t\t<\/div>\n\t\t\t\t<\/div>\n\t\t\t\t<div class=\"elementor-element elementor-element-716acf2 elementor-widget elementor-widget-text-editor\" data-id=\"716acf2\" data-element_type=\"widget\" data-widget_type=\"text-editor.default\">\n\t\t\t\t<div class=\"elementor-widget-container\">\n\t\t\t\t\t\t\t\t\t<p data-start=\"1251\" data-end=\"1693\"><span style=\"font-weight: 400;\">A menudo confundida con <\/span><b>Guayana Francesa<\/b><span style=\"font-weight: 400;\">Guyana es un estado soberano con una historia marcada por las influencias brit\u00e1nica y holandesa. Su capital angl\u00f3fona, Georgetown, refleja esta singularidad dentro del continente sudamericano. El vuelo operado por    <\/span><b>KLM Royal Dutch Airlines<\/b><span style=\"font-weight: 400;\"> responde, por tanto, a una l\u00f3gica espec\u00edfica, distinta de las cuestiones propias del territorio franc\u00e9s vecino.<\/span><\/p>\t\t\t\t\t\t\t\t<\/div>\n\t\t\t\t<\/div>\n\t\t\t\t\t<\/div>\n\t\t<\/div>\n\t\t\t\t\t<\/div>\n\t\t<\/section>\n\t\t\t\t<section class=\"elementor-section elementor-top-section elementor-element elementor-element-6ee5f12 elementor-section-boxed elementor-section-height-default elementor-section-height-default\" data-id=\"6ee5f12\" data-element_type=\"section\">\n\t\t\t\t\t\t<div class=\"elementor-container elementor-column-gap-default\">\n\t\t\t\t\t<div class=\"elementor-column elementor-col-100 elementor-top-column elementor-element elementor-element-a641372\" data-id=\"a641372\" data-element_type=\"column\">\n\t\t\t<div class=\"elementor-widget-wrap elementor-element-populated\">\n\t\t\t\t\t\t<div class=\"elementor-element elementor-element-f68a3e7 elementor-widget elementor-widget-heading\" data-id=\"f68a3e7\" data-element_type=\"widget\" data-widget_type=\"heading.default\">\n\t\t\t\t<div class=\"elementor-widget-container\">\n\t\t\t\t\t<h2 class=\"elementor-heading-title elementor-size-default\">Detalles de la ruta Amsterdam - Georgetown<\/h2>\t\t\t\t<\/div>\n\t\t\t\t<\/div>\n\t\t\t\t<div class=\"elementor-element elementor-element-bb7745d elementor-widget elementor-widget-text-editor\" data-id=\"bb7745d\" data-element_type=\"widget\" data-widget_type=\"text-editor.default\">\n\t\t\t\t<div class=\"elementor-widget-container\">\n\t\t\t\t\t\t\t\t\t<p><span style=\"font-weight: 400;\">El servicio ofrecido por <\/span><b>KLM Royal Dutch Airlines<\/b><span style=\"font-weight: 400;\">  prev\u00e9 dos rotaciones semanales, los mi\u00e9rcoles y los s\u00e1bados. El vuelo KL789 sale de Schiphol a las 9.45 h y hace escala en San Mart\u00edn antes de continuar hacia Georgetown, donde aterriza a las 16.25 h. El vuelo de vuelta es un vuelo nocturno directo, que reduce considerablemente el tiempo de viaje entre Europa y Guyana a menos de diez horas.  <\/span><\/p><p data-start=\"4057\" data-end=\"4182\"><span style=\"font-weight: 400;\">El Airbus A330-200 utilizado en esta ruta ofrece 18 plazas en clase Business y 246 en clase Turista. Esta elecci\u00f3n garantiza a los pasajeros un nivel de confort acorde con las normas internacionales y un acceso sin fisuras a la red intercontinental de   <\/span><b>KLM Royal Dutch Airlines<\/b><span style=\"font-weight: 400;\">.<\/span><\/p>\t\t\t\t\t\t\t\t<\/div>\n\t\t\t\t<\/div>\n\t\t\t\t<section class=\"elementor-section elementor-inner-section elementor-element elementor-element-5092168 elementor-section-boxed elementor-section-height-default elementor-section-height-default\" data-id=\"5092168\" data-element_type=\"section\">\n\t\t\t\t\t\t<div class=\"elementor-container elementor-column-gap-default\">\n\t\t\t\t\t<div class=\"elementor-column elementor-col-100 elementor-inner-column elementor-element elementor-element-96c528a\" data-id=\"96c528a\" data-element_type=\"column\">\n\t\t\t<div class=\"elementor-widget-wrap elementor-element-populated\">\n\t\t\t\t\t\t<div class=\"elementor-element elementor-element-36af0aa elementor-widget elementor-widget-image\" data-id=\"36af0aa\" data-element_type=\"widget\" data-widget_type=\"image.default\">\n\t\t\t\t<div class=\"elementor-widget-container\">\n\t\t\t\t\t\t\t\t\t\t\t\t\t\t\t<img decoding=\"async\" width=\"800\" height=\"450\" src=\"https:\/\/richeskarayib.com\/wp-content\/uploads\/2025\/06\/aircraft-1200x675-1-1024x576.jpg\" class=\"attachment-large size-large wp-image-53968\" alt=\"KLM Royal Dutch Airlines\" srcset=\"https:\/\/richeskarayib.com\/wp-content\/uploads\/2025\/06\/aircraft-1200x675-1-1024x576.jpg 1024w, https:\/\/richeskarayib.com\/wp-content\/uploads\/2025\/06\/aircraft-1200x675-1-300x169.jpg 300w, https:\/\/richeskarayib.com\/wp-content\/uploads\/2025\/06\/aircraft-1200x675-1-768x432.jpg 768w, https:\/\/richeskarayib.com\/wp-content\/uploads\/2025\/06\/aircraft-1200x675-1.jpg 1200w\" sizes=\"(max-width: 800px) 100vw, 800px\" \/>\t\t\t\t\t\t\t\t\t\t\t\t\t\t\t<\/div>\n\t\t\t\t<\/div>\n\t\t\t\t\t<\/div>\n\t\t<\/div>\n\t\t\t\t\t<\/div>\n\t\t<\/section>\n\t\t\t\t\t<\/div>\n\t\t<\/div>\n\t\t\t\t\t<\/div>\n\t\t<\/section>\n\t\t\t\t<section class=\"elementor-section elementor-top-section elementor-element elementor-element-4eb2fdb elementor-section-boxed elementor-section-height-default elementor-section-height-default\" data-id=\"4eb2fdb\" data-element_type=\"section\">\n\t\t\t\t\t\t<div class=\"elementor-container elementor-column-gap-default\">\n\t\t\t\t\t<div class=\"elementor-column elementor-col-100 elementor-top-column elementor-element elementor-element-cd47757\" data-id=\"cd47757\" data-element_type=\"column\">\n\t\t\t<div class=\"elementor-widget-wrap elementor-element-populated\">\n\t\t\t\t\t\t<div class=\"elementor-element elementor-element-c95f729 elementor-widget elementor-widget-heading\" data-id=\"c95f729\" data-element_type=\"widget\" data-widget_type=\"heading.default\">\n\t\t\t\t<div class=\"elementor-widget-container\">\n\t\t\t\t\t<h2 class=\"elementor-heading-title elementor-size-default\">Importantes beneficios econ\u00f3micos y tur\u00edsticos<\/h2>\t\t\t\t<\/div>\n\t\t\t\t<\/div>\n\t\t\t\t<div class=\"elementor-element elementor-element-79ab42f elementor-widget elementor-widget-text-editor\" data-id=\"79ab42f\" data-element_type=\"widget\" data-widget_type=\"text-editor.default\">\n\t\t\t\t<div class=\"elementor-widget-container\">\n\t\t\t\t\t\t\t\t\t<p><span style=\"font-weight: 400;\">El lanzamiento de esta ruta por <\/span><a href=\"https:\/\/www.loopnews.com\/content\/klm-royal-dutch-airlines-launches-direct-service-to-guyana\/\" target=\"_blank\" rel=\"noopener nofollow\"><b>KLM Royal Dutch Airlines<\/b><\/a><span style=\"font-weight: 400;\">  forma parte de una estrategia nacional m\u00e1s amplia. El Presidente Irfaan Ali salud\u00f3 un paso adelante que va m\u00e1s all\u00e1 del mero transporte de pasajeros: se trata tambi\u00e9n de desarrollar el comercio, el transporte de mercanc\u00edas y las conexiones diplom\u00e1ticas. <\/span><\/p><p data-start=\"4781\" data-end=\"5077\"><span style=\"font-weight: 400;\">El sector de la aviaci\u00f3n de Guyana ya genera m\u00e1s de 116 millones de d\u00f3lares para el PIB nacional y mantiene unos 5.000 puestos de trabajo. La presencia de   <\/span><b>KLM Royal Dutch Airlines<\/b><span style=\"font-weight: 400;\"> en este contexto refuerza a\u00fan m\u00e1s la posici\u00f3n del pa\u00eds como actor prometedor en la regi\u00f3n.<\/span><\/p>\t\t\t\t\t\t\t\t<\/div>\n\t\t\t\t<\/div>\n\t\t\t\t\t<\/div>\n\t\t<\/div>\n\t\t\t\t\t<\/div>\n\t\t<\/section>\n\t\t\t\t<section class=\"elementor-section elementor-top-section elementor-element elementor-element-303e0e4 elementor-section-boxed elementor-section-height-default elementor-section-height-default\" data-id=\"303e0e4\" data-element_type=\"section\">\n\t\t\t\t\t\t<div class=\"elementor-container elementor-column-gap-default\">\n\t\t\t\t\t<div class=\"elementor-column elementor-col-100 elementor-top-column elementor-element elementor-element-b04799d\" data-id=\"b04799d\" data-element_type=\"column\">\n\t\t\t<div class=\"elementor-widget-wrap elementor-element-populated\">\n\t\t\t\t\t\t<div class=\"elementor-element elementor-element-5ee8bdb elementor-widget elementor-widget-heading\" data-id=\"5ee8bdb\" data-element_type=\"widget\" data-widget_type=\"heading.default\">\n\t\t\t\t<div class=\"elementor-widget-container\">\n\t\t\t\t\t<h2 class=\"elementor-heading-title elementor-size-default\">Una ambici\u00f3n: alcanzar los 3 millones de pasajeros<\/h2>\t\t\t\t<\/div>\n\t\t\t\t<\/div>\n\t\t\t\t<div class=\"elementor-element elementor-element-936934f elementor-widget elementor-widget-text-editor\" data-id=\"936934f\" data-element_type=\"widget\" data-widget_type=\"text-editor.default\">\n\t\t\t\t<div class=\"elementor-widget-container\">\n\t\t\t\t\t\t\t\t\t<p><span style=\"font-weight: 400;\">Para 2030, el gobierno guyan\u00e9s prev\u00e9 un aumento espectacular del tr\u00e1fico, con un objetivo de tres millones de pasajeros al a\u00f1o. Esta ambici\u00f3n va acompa\u00f1ada de un vasto programa de modernizaci\u00f3n de las infraestructuras aeroportuarias y de apertura de nuevas rutas.   <\/span><b>KLM Royal Dutch Airlines<\/b><span style=\"font-weight: 400;\"> est\u00e1 desempe\u00f1ando un papel clave en este cambio hacia una mayor conectividad internacional.<\/span><\/p>\t\t\t\t\t\t\t\t<\/div>\n\t\t\t\t<\/div>\n\t\t\t\t\t<\/div>\n\t\t<\/div>\n\t\t\t\t\t<\/div>\n\t\t<\/section>\n\t\t\t\t<section class=\"elementor-section elementor-top-section elementor-element elementor-element-4513644 elementor-section-boxed elementor-section-height-default elementor-section-height-default\" data-id=\"4513644\" data-element_type=\"section\">\n\t\t\t\t\t\t<div class=\"elementor-container elementor-column-gap-default\">\n\t\t\t\t\t<div class=\"elementor-column elementor-col-100 elementor-top-column elementor-element elementor-element-7fb7159\" data-id=\"7fb7159\" data-element_type=\"column\">\n\t\t\t<div class=\"elementor-widget-wrap elementor-element-populated\">\n\t\t\t\t\t\t<div class=\"elementor-element elementor-element-9819e14 elementor-widget elementor-widget-heading\" data-id=\"9819e14\" data-element_type=\"widget\" data-widget_type=\"heading.default\">\n\t\t\t\t<div class=\"elementor-widget-container\">\n\t\t\t\t\t<h2 class=\"elementor-heading-title elementor-size-default\">Guyana, \u00bfla nueva encrucijada regional?<\/h2>\t\t\t\t<\/div>\n\t\t\t\t<\/div>\n\t\t\t\t<div class=\"elementor-element elementor-element-382af9b elementor-widget elementor-widget-text-editor\" data-id=\"382af9b\" data-element_type=\"widget\" data-widget_type=\"text-editor.default\">\n\t\t\t\t<div class=\"elementor-widget-container\">\n\t\t\t\t\t\t\t\t\t<p><span style=\"font-weight: 400;\">Con once compa\u00f1\u00edas a\u00e9reas que prestan servicio en su territorio -frente a s\u00f3lo seis hace cuatro a\u00f1os-, Guyana se est\u00e1 posicionando como un centro regional potencial. Uniendo Sudam\u00e9rica con Europa,   <\/span><b>KLM Royal Dutch Airlines<\/b><span style=\"font-weight: 400;\"> est\u00e1 directamente implicada en esta visi\u00f3n geoestrat\u00e9gica.<\/span><\/p><p><span style=\"font-weight: 400;\">Esta apertura tambi\u00e9n representa una oportunidad para las empresas locales, que ahora pueden plantearse exportar al mercado europeo, al tiempo que se benefician de la mejora de los tiempos log\u00edsticos. Para los viajeros, las ganancias en accesibilidad y flexibilidad son evidentes. <\/span><\/p>\t\t\t\t\t\t\t\t<\/div>\n\t\t\t\t<\/div>\n\t\t\t\t<section class=\"elementor-section elementor-inner-section elementor-element elementor-element-7899d70 elementor-section-boxed elementor-section-height-default elementor-section-height-default\" data-id=\"7899d70\" data-element_type=\"section\">\n\t\t\t\t\t\t<div class=\"elementor-container elementor-column-gap-default\">\n\t\t\t\t\t<div class=\"elementor-column elementor-col-100 elementor-inner-column elementor-element elementor-element-b1a1ed2\" data-id=\"b1a1ed2\" data-element_type=\"column\">\n\t\t\t<div class=\"elementor-widget-wrap elementor-element-populated\">\n\t\t\t\t\t\t<div class=\"elementor-element elementor-element-a676580 elementor-widget elementor-widget-image\" data-id=\"a676580\" data-element_type=\"widget\" data-widget_type=\"image.default\">\n\t\t\t\t<div class=\"elementor-widget-container\">\n\t\t\t\t\t\t\t\t\t\t\t\t\t\t\t<img decoding=\"async\" width=\"800\" height=\"450\" src=\"https:\/\/richeskarayib.com\/wp-content\/uploads\/2025\/06\/FB_IMG_1749145293694-1024x576.webp\" class=\"attachment-large size-large wp-image-53972\" alt=\"KLM Royal Dutch Airlines\" srcset=\"https:\/\/richeskarayib.com\/wp-content\/uploads\/2025\/06\/FB_IMG_1749145293694-1024x576.webp 1024w, https:\/\/richeskarayib.com\/wp-content\/uploads\/2025\/06\/FB_IMG_1749145293694-300x169.webp 300w, https:\/\/richeskarayib.com\/wp-content\/uploads\/2025\/06\/FB_IMG_1749145293694-768x432.webp 768w, https:\/\/richeskarayib.com\/wp-content\/uploads\/2025\/06\/FB_IMG_1749145293694-1536x864.webp 1536w, https:\/\/richeskarayib.com\/wp-content\/uploads\/2025\/06\/FB_IMG_1749145293694-1320x743.webp 1320w, https:\/\/richeskarayib.com\/wp-content\/uploads\/2025\/06\/FB_IMG_1749145293694.webp 1920w\" sizes=\"(max-width: 800px) 100vw, 800px\" \/>\t\t\t\t\t\t\t\t\t\t\t\t\t\t\t<\/div>\n\t\t\t\t<\/div>\n\t\t\t\t\t<\/div>\n\t\t<\/div>\n\t\t\t\t\t<\/div>\n\t\t<\/section>\n\t\t\t\t\t<\/div>\n\t\t<\/div>\n\t\t\t\t\t<\/div>\n\t\t<\/section>\n\t\t\t\t<section class=\"elementor-section elementor-top-section elementor-element elementor-element-4375565 elementor-section-boxed elementor-section-height-default elementor-section-height-default\" data-id=\"4375565\" data-element_type=\"section\">\n\t\t\t\t\t\t<div class=\"elementor-container elementor-column-gap-default\">\n\t\t\t\t\t<div class=\"elementor-column elementor-col-100 elementor-top-column elementor-element elementor-element-8648972\" data-id=\"8648972\" data-element_type=\"column\">\n\t\t\t<div class=\"elementor-widget-wrap elementor-element-populated\">\n\t\t\t\t\t\t<div class=\"elementor-element elementor-element-bac8d2f elementor-widget elementor-widget-heading\" data-id=\"bac8d2f\" data-element_type=\"widget\" data-widget_type=\"heading.default\">\n\t\t\t\t<div class=\"elementor-widget-container\">\n\t\t\t\t\t<h2 class=\"elementor-heading-title elementor-size-default\">Ambas partes acogen con satisfacci\u00f3n la cooperaci\u00f3n<\/h2>\t\t\t\t<\/div>\n\t\t\t\t<\/div>\n\t\t\t\t<div class=\"elementor-element elementor-element-aa74092 elementor-widget elementor-widget-text-editor\" data-id=\"aa74092\" data-element_type=\"widget\" data-widget_type=\"text-editor.default\">\n\t\t\t\t<div class=\"elementor-widget-container\">\n\t\t\t\t\t\t\t\t\t<p><span style=\"font-weight: 400;\">La inauguraci\u00f3n del vuelo por <\/span><b>KLM Royal Dutch Airlines<\/b><span style=\"font-weight: 400;\">  ha sido acogida con entusiasmo por las autoridades locales y holandesas. El ministro de Obras P\u00fablicas, Juan Edghill, lo considera una validaci\u00f3n de los esfuerzos emprendidos para modernizar el sector de la aviaci\u00f3n. Por su parte, el embajador holand\u00e9s, Walter Oostelbos, destac\u00f3 la importancia del acercamiento diplom\u00e1tico y econ\u00f3mico que supone una iniciativa de este tipo.  <\/span><\/p><p><span style=\"font-weight: 400;\">Dirk Buitelaar, representante regional de Air France KLM, subray\u00f3 la importancia humana de este nuevo enlace, capaz de unir a comunidades de todos los continentes. El vuelo inaugural dio lugar a una recepci\u00f3n simb\u00f3lica, marcada por c\u00e1lidos intercambios y una gran visibilidad local. <\/span><\/p>\t\t\t\t\t\t\t\t<\/div>\n\t\t\t\t<\/div>\n\t\t\t\t\t<\/div>\n\t\t<\/div>\n\t\t\t\t\t<\/div>\n\t\t<\/section>\n\t\t\t\t<section class=\"elementor-section elementor-top-section elementor-element elementor-element-f3ae7e0 elementor-section-boxed elementor-section-height-default elementor-section-height-default\" data-id=\"f3ae7e0\" data-element_type=\"section\">\n\t\t\t\t\t\t<div class=\"elementor-container elementor-column-gap-default\">\n\t\t\t\t\t<div class=\"elementor-column elementor-col-100 elementor-top-column elementor-element elementor-element-0ab8874\" data-id=\"0ab8874\" data-element_type=\"column\">\n\t\t\t<div class=\"elementor-widget-wrap elementor-element-populated\">\n\t\t\t\t\t\t<div class=\"elementor-element elementor-element-327fc59 elementor-widget elementor-widget-heading\" data-id=\"327fc59\" data-element_type=\"widget\" data-widget_type=\"heading.default\">\n\t\t\t\t<div class=\"elementor-widget-container\">\n\t\t\t\t\t<h2 class=\"elementor-heading-title elementor-size-default\">Mirando al futuro\n<\/h2>\t\t\t\t<\/div>\n\t\t\t\t<\/div>\n\t\t\t\t<div class=\"elementor-element elementor-element-777fbc9 elementor-widget elementor-widget-text-editor\" data-id=\"777fbc9\" data-element_type=\"widget\" data-widget_type=\"text-editor.default\">\n\t\t\t\t<div class=\"elementor-widget-container\">\n\t\t\t\t\t\t\t\t\t<p><span style=\"font-weight: 400;\">Con esta ruta <\/span><b>KLM Royal Dutch Airlines<\/b><span style=\"font-weight: 400;\">  confirma su compromiso de conectar regiones estrat\u00e9gicas en crecimiento. La posici\u00f3n reforzada de Guyana en el mapa del transporte a\u00e9reo abrir\u00e1 nuevas oportunidades para el turismo, el comercio y la cooperaci\u00f3n internacional. <\/span><\/p><p><span style=\"font-weight: 400;\">Ofreciendo acceso directo y regular a Europa, <\/span><b>KLM Royal Dutch Airlines<\/b><span style=\"font-weight: 400;\">  no se limita a a\u00f1adir una nueva ruta a su red: tambi\u00e9n est\u00e1 desempe\u00f1ando un papel activo en la integraci\u00f3n de Guyana en los principales flujos de tr\u00e1fico a\u00e9reo del mundo. Una iniciativa que bien podr\u00eda remodelar el equilibrio del tr\u00e1fico a\u00e9reo de la regi\u00f3n. <\/span><\/p>\t\t\t\t\t\t\t\t<\/div>\n\t\t\t\t<\/div>\n\t\t\t\t\t<\/div>\n\t\t<\/div>\n\t\t\t\t\t<\/div>\n\t\t<\/section>\n\t\t\t\t<\/div>\n\t\t","protected":false},"excerpt":{"rendered":"<p>KLM Royal Dutch Airlines inaugura una nueva ruta entre Europa y Guyana, lo que supone un paso decisivo en la integraci\u00f3n de este pa\u00eds sudamericano por v\u00eda a\u00e9rea. Gracias a este vuelo directo desde \u00c1msterdam, con escala en San Mart\u00edn, Georgetown es ahora m\u00e1s accesible tanto para los viajeros como para los hombres de negocios. [&hellip;]<\/p>\n","protected":false},"author":662,"featured_media":53960,"comment_status":"open","ping_status":"open","sticky":false,"template":"","format":"standard","meta":{"_acf_changed":false,"footnotes":""},"categories":[1767],"tags":[1668],"class_list":["post-53974","post","type-post","status-publish","format-standard","has-post-thumbnail","hentry","category-aire","tag-guyana-es-2"],"acf":[],"_links":{"self":[{"href":"https:\/\/richeskarayib.com\/es\/wp-json\/wp\/v2\/posts\/53974","targetHints":{"allow":["GET"]}}],"collection":[{"href":"https:\/\/richeskarayib.com\/es\/wp-json\/wp\/v2\/posts"}],"about":[{"href":"https:\/\/richeskarayib.com\/es\/wp-json\/wp\/v2\/types\/post"}],"author":[{"embeddable":true,"href":"https:\/\/richeskarayib.com\/es\/wp-json\/wp\/v2\/users\/662"}],"replies":[{"embeddable":true,"href":"https:\/\/richeskarayib.com\/es\/wp-json\/wp\/v2\/comments?post=53974"}],"version-history":[{"count":0,"href":"https:\/\/richeskarayib.com\/es\/wp-json\/wp\/v2\/posts\/53974\/revisions"}],"wp:featuredmedia":[{"embeddable":true,"href":"https:\/\/richeskarayib.com\/es\/wp-json\/wp\/v2\/media\/53960"}],"wp:attachment":[{"href":"https:\/\/richeskarayib.com\/es\/wp-json\/wp\/v2\/media?parent=53974"}],"wp:term":[{"taxonomy":"category","embeddable":true,"href":"https:\/\/richeskarayib.com\/es\/wp-json\/wp\/v2\/categories?post=53974"},{"taxonomy":"post_tag","embeddable":true,"href":"https:\/\/richeskarayib.com\/es\/wp-json\/wp\/v2\/tags?post=53974"}],"curies":[{"name":"wp","href":"https:\/\/api.w.org\/{rel}","templated":true}]}}